{"id":77194,"date":"2026-04-27T05:00:08","date_gmt":"2026-04-27T03:00:08","guid":{"rendered":"https:\/\/pcspezialist.de\/blog\/?p=77194"},"modified":"2026-04-15T13:41:43","modified_gmt":"2026-04-15T11:41:43","slug":"recht-auf-reparatur","status":"publish","type":"post","link":"https:\/\/pcspezialist.de\/blog\/2026\/04\/27\/recht-auf-reparatur\/","title":{"rendered":"Recht auf Reparatur ## EU-Richtlinie muss bis Juli umgesetzt werden"},"content":{"rendered":"<p><strong>Das Europ\u00e4ische Parlament hat bereits im April 2024 die Richtlinie zum Recht auf Reparatur verabschiedet. Diese Regelung verpflichtet Hersteller dazu, Reparaturen einfacher, kosteng\u00fcnstiger und attraktiver zu gestalten.<\/strong><\/p>\n<p>Ziel ist die Reduzierung von Elektroschrott und eine St\u00e4rkung der Kreislaufwirtschaft. Bis zum 31. Juli 2026 m\u00fcssen die Mitgliedstaaten diese Vorgaben in nationales Recht umsetzen.<\/p>\n<p><!--more--><\/p>\n<div style=\"background: #f2f2f2; padding: 15px 15px 5px; margin: 30px 0;\">\n<p><strong>Unser Beitrag \u00fcber Recht auf Reparatur im \u00dcberblick:\u00a0<\/strong><\/p>\n<ol style=\"line-height: 1.7;\">\n<li><a href=\"#eins\">Recht auf Reparatur (Right to Repair)<\/a>\n<ul style=\"line-height: 1.7;\">\n<li><a href=\"#neun\">Die neue EU-Richtlinie und was sie bringen soll<\/a><\/li>\n<\/ul>\n<\/li>\n<li><a href=\"#zwei\">Reparaturpflicht vs. Gew\u00e4hrleistungspflicht<\/a><\/li>\n<li><a href=\"#drei\">L\u00e4ngere Gew\u00e4hrleistung nach Reparatur<\/a><\/li>\n<li><a href=\"#vier\">Recht auf Reparatur: Ersatzteile<\/a><\/li>\n<li><a href=\"#fuenf\">Software-Sperre als Reparatur-Hindernis<\/a><\/li>\n<li><a href=\"#sechs\">Online-Palttform f\u00fcr Reparaturbetriebe<\/a><\/li>\n<li><a href=\"#sieben\">Recht auf Reparatus \u2013 und nun?<\/a><\/li>\n<li><a href=\"#acht\">IT-Reparatur von PC-SPEZIALIST<\/a><\/li>\n<\/ol>\n<\/div>\n<h2 id=\"eins\">Recht auf Reparatur (Right to Repair)<\/h2>\n<p>Bereits seit 2019 wurde der Ruf nach mehr <a href=\"https:\/\/pcspezialist.de\/blog\/2019\/05\/17\/nachhaltig\/\">Nachhaltigkeit<\/a> lauter, sodass 2022 der <a href=\"https:\/\/pcspezialist.de\/blog\/2022\/03\/01\/reparierbarkeit-handys\/\">Reparaturindex<\/a> f\u00fcr Handys ins Spiel gebracht wurde. Kurz darauf folgte die Forderung nach einheitlichen Anschl\u00fcssen bei mobilen Ger\u00e4ten, die mit der <a href=\"https:\/\/pcspezialist.de\/blog\/2022\/10\/31\/usb-type-c-pflicht\/\">Pflicht f\u00fcr USB C<\/a> 2024 umgesetzt wurde. Jetzt hat die Europ\u00e4ische Union mit der neuen Richtlinie zum <strong>Recht auf Reparatur<\/strong> (auch R2R oder Right to Repair) ein deutliches Zeichen gegen die Wegwerfgesellschaft gesetzt.<\/p>\n<p>Am 10. Juli 2024 wurde das Regelwerk offiziell verabschiedet. Es soll die <strong>Lebensdauer von Produkten verl\u00e4ngern<\/strong> und die <strong>Menge an Elektroschrott <\/strong><strong>reduzieren<\/strong>. Bisher landen allein in der EU j\u00e4hrlich rund 35 Millionen Tonnen Elektro-Abfall im M\u00fcll. Viele Ger\u00e4te weisen dabei nur geringe Defekte auf, die sich mit wenig Aufwand fachgerecht instand setzen lassen.<\/p>\n<h3 id=\"neun\">Die neue EU-Richtlinie und was sie bringen soll<\/h3>\n<p>Die Richtlinie verpflichtet die Mitgliedstaaten nun zur <strong>Umsetzung in nationales Recht<\/strong>. <strong>Bis <\/strong>zum<strong> 31. Juli 2026<\/strong> m\u00fcssen die entsprechenden Gesetze in Deutschland in Kraft treten. Ziel ist eine Kultur der Reparatur.<\/p>\n<p>Instandsetzungen sollen einfacher und bezahlbar werden. Das spart Ressourcen, sch\u00fctzt das Klima und senkt die Abh\u00e4ngigkeit von globalen Lieferketten f\u00fcr Neuger\u00e4te. Eine l\u00e4ngere Nutzung Ihrer Hardware schont zudem Ihr Budget. Die Richtlinie schafft somit eine Win-win-Situation f\u00fcr Umwelt und Wirtschaft gleicherma\u00dfen.<\/p>\n<div id=\"attachment_77205\" style=\"width: 660px\" class=\"wp-caption alignright\"><img loading=\"lazy\" decoding=\"async\" aria-describedby=\"caption-attachment-77205\" class=\"size-full wp-image-77205\" src=\"https:\/\/pcspezialist.de\/blog\/wp-content\/uploads\/2026\/04\/reparatur_AdobeStock_303328221.jpg\" alt=\"Recht auf Reparatur: B\u00fcrom\u00fclleimer voll mit Elektroschrott. Bild: stock.adobe.com\/Bigc Studio https:\/\/stock.adobe.com\/de\/images\/electronics-waste-bin-concept-garbage-electrical-waste-ready-for-recycling-old-devices-e-waste-disposal-management-reuse-recycle-and-recovery\/303328221\" width=\"650\" height=\"434\" \/><p id=\"caption-attachment-77205\" class=\"wp-caption-text\">Ziel der EU-Richtlinie ist, weniger Elektroschrott zu produzieren und dadurch nachhaltiger zu werden. Bild: stock.adobe.com\/<a href=\"https:\/\/stock.adobe.com\/de\/images\/electronics-waste-bin-concept-garbage-electrical-waste-ready-for-recycling-old-devices-e-waste-disposal-management-reuse-recycle-and-recovery\/303328221\" target=\"_blank\" rel=\"noopener\">Bigc Studio<\/a><\/p><\/div>\n<h2 id=\"zwei\">Reparaturpflicht vs. Gew\u00e4hrleistungsfrist<\/h2>\n<p>Eine <strong>zentrale Neuerung<\/strong> betrifft die Zeit nach <strong>Ablauf der gesetzlichen Gew\u00e4hrleistung<\/strong>. F\u00fcr bestimmte Produktgruppen m\u00fcssen Hersteller k\u00fcnftig Reparaturen anbieten.<\/p>\n<p>Dies gilt, sofern eine <strong>Instandsetzung technisch<\/strong> \u00fcberhaupt <strong>m\u00f6glich<\/strong> ist.\u00a0Betroffen sind aktuell vor allem <strong>Smartphones und Tablets<\/strong>. Auch <strong>Server und Datenspeicherprodukte<\/strong> fallen unter diese neue Regelung. Hersteller d\u00fcrfen sich dieser Pflicht nicht mehr entziehen. Die Instandsetzung muss zudem zu angemessenen Preisen erfolgen. Auch der Zeitraum f\u00fcr die Durchf\u00fchrung muss vertretbar sein. Damit wird verhindert, dass funktionst\u00fcchtige Hardware wegen fehlender Serviceangebote im M\u00fcll landet.<\/p>\n<p>Sollte eine <strong>Reparatur technisch unm\u00f6glich<\/strong> sein, gibt es Alternativen. Hersteller d\u00fcrfen Ihnen in diesem Fall ein <strong>general\u00fcberholtes Ger\u00e4t<\/strong> anbieten. Diese Regelung st\u00e4rkt die Planungssicherheit f\u00fcr Ihre IT-Infrastruktur enorm. Sie m\u00fcssen nicht mehr sofort in teure Neuanschaffungen investieren. Stattdessen bleibt Ihre bestehende Hardware l\u00e4nger einsatzbereit und wertstabil. Das <strong>Recht auf Reparatur<\/strong> f\u00f6rdert so eine <strong>nachhaltige Wirtschaftsweise<\/strong> in Ihrem Unternehmen.<\/p>\n<h2 id=\"drei\">L\u00e4ngere Gew\u00e4hrleistung nach Reparatur<\/h2>\n<p>Die EU-Richtlinie setzt einen starken<strong> finanziellen Anreiz f\u00fcr die Instandsetzung<\/strong> defekter Hardware innerhalb der gesetzlichen Haftungszeit. Entscheiden Sie sich bei einem Defekt f\u00fcr eine Reparatur statt f\u00fcr einen kompletten Produktaustausch, <strong>verl\u00e4ngert sich<\/strong> die <strong>Gew\u00e4hrleistungsfrist<\/strong> um <strong>zw\u00f6lf Monate<\/strong>. <a href=\"https:\/\/pcspezialist.de\/blog\/2022\/05\/02\/garantie-und-gewaehrleistung\/\">Garantie oder Gew\u00e4hrleistung? Alle Infos bekommen Sie bei uns an anderer Stelle<\/a>.<\/p>\n<p>Diese Regelung gilt f\u00fcr alle beweglichen Waren, die an Verbraucher ver\u00e4u\u00dfert werden. F\u00fcr <strong>Unternehmen<\/strong> bedeutet dies eine deutlich<strong> l\u00e4ngere Absicherung Ihrer Investitionen<\/strong> in die IT-Infrastruktur. Verk\u00e4ufer m\u00fcssen k\u00fcnftig vor der Nacherf\u00fcllung explizit \u00fcber dieses Wahlrecht und die daraus resultierende Fristverl\u00e4ngerung informieren.<\/p>\n<p>Durch diese Ma\u00dfnahme soll die Hemmschwelle sinken, ein Ger\u00e4t trotz eines Mangels weiter zu nutzen. Die <strong>Gesamthaftungsdauer<\/strong> kann somit auf <strong>bis zu drei Jahre<\/strong> ansteigen, sofern die <strong>Reparatur die erste Wahl<\/strong> darstellt. Dies sch\u00fctzt Ihr Budget vor vorzeitigen Neuanschaffungskosten und f\u00f6rdert die nachhaltige Nutzung Ihrer technischen Ausstattung im Gesch\u00e4ftsalltag.<\/p>\n<div id=\"attachment_77203\" style=\"width: 660px\" class=\"wp-caption alignright\"><img loading=\"lazy\" decoding=\"async\" aria-describedby=\"caption-attachment-77203\" class=\"size-full wp-image-77203\" src=\"https:\/\/pcspezialist.de\/blog\/wp-content\/uploads\/2026\/04\/reparatur_AdobeStock_1199558034.jpg\" alt=\"Recht auf Reparatur | l\u00e4ngere Gew\u00e4hrleistung. Bild: stock.adobe.com\/\u0e20\u0e31\u0e17\u0e23\u0e0a\u0e31\u0e22 \u0e23\u0e31\u0e15\u0e19\u0e0a\u0e31\u0e22\u0e27\u0e07\u0e04\u0e4c https:\/\/stock.adobe.com\/de\/images\/hand-shows-sign-of-top-service-quality-assurance-guarantee-standards-iso-certification-and-standardization-concept-satisfaction-service-experience-show-the-standards-of-products-and-services\/1199558034\" width=\"650\" height=\"453\" \/><p id=\"caption-attachment-77203\" class=\"wp-caption-text\">Ist die Reparatur die erste Wahl, erh\u00f6ht sich die Gew\u00e4hrleistungszeit. Bild: stock.adobe.com\/<a href=\"https:\/\/stock.adobe.com\/de\/images\/hand-shows-sign-of-top-service-quality-assurance-guarantee-standards-iso-certification-and-standardization-concept-satisfaction-service-experience-show-the-standards-of-products-and-services\/1199558034\" target=\"_blank\" rel=\"noopener\">\u0e20\u0e31\u0e17\u0e23\u0e0a\u0e31\u0e22 \u0e23\u0e31\u0e15\u0e19\u0e0a\u0e31\u0e22\u0e27\u0e07\u0e04\u0e4c<\/a><\/p><\/div>\n<h2 id=\"vier\">Recht auf Reparatur: Ersatzteile<\/h2>\n<p>Ein wesentliches <strong>Hindernis f\u00fcr effiziente Instandsetzungen<\/strong> war bisher der <strong>eingeschr\u00e4nkte Zugriff auf notwendige Ressourcen<\/strong>. Die neue Richtlinie verpflichtet Hersteller nun, Ersatzteile und spezialisierte Werkzeuge zu angemessenen Preisen zur Verf\u00fcgung zu stellen.<\/p>\n<p>Diese Verpflichtung besteht \u00fcber einen Zeitraum, der sich nach der spezifischen Produktart und den dazugeh\u00f6rigen \u00d6kodesign-Vorgaben richtet. Zudem m\u00fcssen Hersteller <strong>relevante Reparaturinformationen<\/strong> sowie technische Anleitungen frei zug\u00e4nglich machen. Dies erm\u00f6glicht es unabh\u00e4ngigen IT-Dienstleistern, Defekte fachgerecht und zeitnah zu beheben, ohne auf die oft teuren Service-Strukturen der Originalhersteller angewiesen zu sein.<\/p>\n<p>F\u00fcr Ihre IT-Sicherheit ist entscheidend, dass auch Informationen zur Fehlerdiagnose transparent kommuniziert werden m\u00fcssen. Durch den <strong>verbesserten Zugang zu Originalteilen<\/strong> und 3D-gedruckten Komponenten bleibt Ihre <strong>Hardware l\u00e4nger einsatzbereit<\/strong>. Die Verf\u00fcgbarkeit muss dabei so gestaltet sein, dass sie die Reparatur nicht durch \u00fcberh\u00f6hte Kosten oder lange Lieferzeiten faktisch verhindert.<\/p>\n<h2 id=\"fuenf\">Software-Sperre als Reparatur-Hindernis<\/h2>\n<p>In der Vergangenheit erschwerten <strong>propriet\u00e4re Software-L\u00f6sungen<\/strong> oder <strong>digitale Verriegelungen<\/strong> oft die Reparaturarbeit freier Werkst\u00e4tten. Hersteller d\u00fcrfen k\u00fcnftig <strong>keine Software-Sperren oder Hardware-Einschr\u00e4nkungen<\/strong> mehr einsetzen, welche die Reparatur durch Dritte blockieren. Dies betrifft insbesondere Autorisierungsverfahren, die bisher ausschlie\u00dflich den hauseigenen Technikern vorbehalten waren.<\/p>\n<p>Die Verwendung von gebrauchten oder kompatiblen Ersatzteilen darf nicht durch softwareseitige Fehlermeldungen oder Funktionseinschr\u00e4nkungen behindert werden. Produkte m\u00fcssen so konstruiert sein, dass sie mit Komponenten von Drittanbietern harmonieren, sofern diese die technischen Mindestanforderungen erf\u00fcllen. Geistige Eigentumsrechte d\u00fcrfen nicht mehr als Vorwand dienen, um den Wettbewerb auf dem Reparaturmarkt auszuschalten.<\/p>\n<p>Diese Offenheit garantiert Ihnen eine <strong>freie Wahl Ihres Service-Partners<\/strong> und verhindert eine <a href=\"https:\/\/pcspezialist.de\/blog\/2017\/10\/23\/geplante-obsoleszenz\/\">k\u00fcnstliche Obsoleszenz<\/a> Ihrer Ger\u00e4te. F\u00fcr die Wartung Ihrer IT-Systeme bedeutet dies mehr Flexibilit\u00e4t und eine Reduktion von Abh\u00e4ngigkeiten gegen\u00fcber einzelnen Hardware-Produzenten.<\/p>\n<div id=\"attachment_77207\" style=\"width: 660px\" class=\"wp-caption alignright\"><img loading=\"lazy\" decoding=\"async\" aria-describedby=\"caption-attachment-77207\" class=\"size-full wp-image-77207\" src=\"https:\/\/pcspezialist.de\/blog\/wp-content\/uploads\/2026\/04\/Recht-auf-Reparatur_Gemini.jpg\" alt=\"Recht auf Reparatur: Frau am Schreibtisch repariert IT. Bild: Gemini (Bild generiert mit KI)\" width=\"650\" height=\"409\" \/><p id=\"caption-attachment-77207\" class=\"wp-caption-text\">Software-Sperren d\u00fcrfen eine Reparatur k\u00fcnftig nicht verhindern. Bild: Gemini (Bild generiert mit KI)<\/p><\/div>\n<h2 id=\"sechs\">Online-Plattform f\u00fcr Reparaturbetriebe<\/h2>\n<p>Um die Suche nach geeigneten Dienstleistern zu vereinfachen, wird eine neue <strong>europ\u00e4ische Online-Plattform<\/strong> ins Leben gerufen. Sie befindet sich <strong>derzeit im Aufbau<\/strong> und soll folgenden Funktionen bieten:<\/p>\n<ul>\n<li>Suche nach lokalen Reparaturbetrieben und Werkst\u00e4tten<\/li>\n<li>Finden von Verk\u00e4ufern general\u00fcberholter Hardware (Refurbished IT)<\/li>\n<li>Kontakt zu gemeinschaftlichen Reparaturinitiativen<\/li>\n<li>Zugang zum standardisierten europ\u00e4ischen Formular f\u00fcr Reparaturinformationen<\/li>\n<\/ul>\n<p>Auf der Plattform k\u00f6nnen Sie gezielt nach qualifizierten Fachbetrieben in Ihrer N\u00e4he suchen k\u00f6nnen. Die Nutzung wird kostenfrei sein und soll den Wettbewerb auf dem Reparaturmarkt f\u00f6rdern.\u00a0 Die Plattform bietet Preisvergleiche und detaillierte Informationen zu den angebotenen Serviceleistungen, wobei ein standardisiertes <strong>europ\u00e4isches Formular f\u00fcr Reparaturinformationen<\/strong>\u00a0pr\u00e4zise Daten zum Defekt, zu den voraussichtlichen Kosten und zur Dauer der Instandsetzung liefern wird.<\/p>\n<p>Ihr Vorteil: Sie k\u00f6nnen verschiedene Angebote objektiv bewerten und vergleichen. Wer jetzt schon einen Experten f\u00fcr IT-Reparatur sucht, wird bei den <a href=\"https:\/\/pcspezialist.de\/standorte\/\">Dienstleistern von PC-SPEZIALIST<\/a> zuverl\u00e4ssig f\u00fcndig.<\/p>\n<h2 id=\"sieben\">Recht auf Reparatur \u2013 und nun?<\/h2>\n<p>Unternehmen k\u00f6nnen sich auf das <strong>Recht auf Reparatur<\/strong> bereits jetzt <strong>vorbereiten<\/strong>. Denn obwohl die vollst\u00e4ndige Umsetzung in deutsches Recht erst bis Juli dieses Jahres erfolgen muss, sollten Sie jetzt anfangen zu planen:<\/p>\n<ul>\n<li>Pr\u00fcfen Sie die Reparierbarkeit Ihrer aktuell genutzten Hardware sowie geplanter Neuanschaffungen.<\/li>\n<li>Kontaktieren Sie Lieferanten und fragen Sie gezielt nach der Verf\u00fcgbarkeit von Ersatzteilen \u00fcber den Gew\u00e4hrleistungszeitraum hinaus.<\/li>\n<li>Passen Sie interne Prozesse f\u00fcr das Reklamationsmanagement an die neuen Wahlm\u00f6glichkeiten an. Besonders die Information Ihrer Kunden \u00fcber die verl\u00e4ngerte Gew\u00e4hrleistung bei Reparaturen erfordert angepasste Abl\u00e4ufe.<\/li>\n<li>Auch Ihre allgemeinen Gesch\u00e4ftsbedingungen sollten Sie im Hinblick auf die neuen gesetzlichen Anforderungen rechtzeitig \u00fcberpr\u00fcfen lassen.<\/li>\n<li>Schulen Sie Ihre Mitarbeiter im Einkauf und im IT-Support f\u00fcr die kommenden \u00c4nderungen.<\/li>\n<\/ul>\n<p>Eine <strong>rechtzeitige Umstellung<\/strong> schont nicht nur die Umwelt, sondern sichert Ihnen <strong>langfristig Kostenvorteile<\/strong>. Durch die l\u00e4ngere Nutzung Ihrer Bestandsger\u00e4te optimieren Sie zudem Ihre IT-Investitionszyklen nachhaltig. So sind Sie bestens auf die gesetzlichen Neuerungen vorbereitet.<\/p>\n<div id=\"attachment_77204\" style=\"width: 660px\" class=\"wp-caption alignright\"><img loading=\"lazy\" decoding=\"async\" aria-describedby=\"caption-attachment-77204\" class=\"size-full wp-image-77204\" src=\"https:\/\/pcspezialist.de\/blog\/wp-content\/uploads\/2026\/04\/reparatur_pexels-elias-gamez-2002621-10558599.jpg\" alt=\"Right to Repair: Person repariert Computer, Bild: Pexels\/Elias Gamez https:\/\/www.pexels.com\/de-de\/foto\/mann-laptop-arbeiten-computer-10558599\/\" width=\"650\" height=\"433\" \/><p id=\"caption-attachment-77204\" class=\"wp-caption-text\">Bei PC-SPEZIALIST finden Sie schon jetzt zuverl\u00e4ssige IT-Dienstleister, die Ihre Ger\u00e4te reparieren. Bild: Pexels\/<a href=\"https:\/\/www.pexels.com\/de-de\/foto\/mann-laptop-arbeiten-computer-10558599\/\" target=\"_blank\" rel=\"noopener\">Elias Gamez<\/a><\/p><\/div>\n<h2 id=\"acht\">IT-Reparatur von PC-SPEZIALIST<\/h2>\n<p>Das <strong>Recht auf Reparatur<\/strong> ist ein wichtiger Schritt f\u00fcr mehr <a href=\"https:\/\/pcspezialist.de\/blog\/2021\/11\/23\/nachhaltige-digitalisierung\/\">Nachhaltigkeit in der digitalen Arbeitswelt<\/a>. Die IT-Experten von <a href=\"https:\/\/pcspezialist.de\/\">PC-SPEZIALIST<\/a> unterst\u00fctzen Sie gern dabei, Ihre Ger\u00e4te so lange wie m\u00f6glich effizient zu nutzen:<\/p>\n<p>Wir <a href=\"https:\/\/pcspezialist.de\/hardware-reparatur-und-recovery\/\">pr\u00fcfen Ihre defekte Hardware fachgerecht, beraten Sie zu sinnvollen Instandsetzungsoptionen<\/a>, und f\u00fchren <a href=\"https:\/\/pcspezialist.de\/hardware-reparatur-und-recovery\/pc-reparatur\/\">Reparaturen von Computern<\/a> und <a href=\"https:\/\/pcspezialist.de\/hardware-reparatur-und-recovery\/mobilgeraete-reparatur\/\">Mobilger\u00e4ten<\/a> nach hohen Qualit\u00e4tsstandards durch. Dabei nutzen wir <strong>hochwertige Ersatzteile namhafter Hersteller<\/strong> und verl\u00e4ngern gleichzeitig die Einsatzzeit Ihrer Rechner, Notebooks und Mobilger\u00e4te sp\u00fcrbar.<\/p>\n<p>Dies schont Ihre Liquidit\u00e4t und reduziert die Umweltbelastung durch Elektroschrott. Verlassen Sie sich auf unsere Expertise, wenn es um die Wartung und Pflege Ihrer <a href=\"https:\/\/pcspezialist.de\/it-infrastruktur\/\">IT-Infrastruktur<\/a> geht. Kontaktieren Sie uns f\u00fcr eine individuelle Beratung zu den Reparaturm\u00f6glichkeiten. Wir sorgen daf\u00fcr, dass Ihre Technik zuverl\u00e4ssig und nachhaltig funktioniert.<\/p>\n<p>_______________________________________________<\/p>\n<p><small>Quellen: <a href=\"https:\/\/www.europarl.europa.eu\/news\/de\/press-room\/20240419IPR20590\/recht-auf-reparatur-reparieren-einfacher-und-attraktiver-machen\" target=\"_blank\" rel=\"noopener\">europarl.europa<\/a>, <a href=\"https:\/\/www.ihk-muenchen.de\/ratgeber\/recht\/vertragsrecht\/recht-auf-reparatur\/\" target=\"_blank\" rel=\"noopener\">ihk<\/a>, <a href=\"https:\/\/www.bundesumweltministerium.de\/themen\/nachhaltigkeit\/konsum-und-produkte\/recht-auf-reparatur\" target=\"_blank\" rel=\"noopener\">bundesumweltministerium<\/a>, <a href=\"https:\/\/www.security-insider.de\/nachhaltigkeit-und-sichere-datenloeschung-sind-jetzt-gefragt-a-3d44d027ffdc947559703958a24a1319\/\" target=\"_blank\" rel=\"noopener\">security-insider<\/a>, <a href=\"https:\/\/www.pexels.com\/de-de\/foto\/elektronisch-obsolet-haufen-mobiltelefone-19037726\/\" target=\"_blank\" rel=\"noopener\">Pexels\/Leo Arslan<\/a> (Headerbild)<\/small><\/p>\n","protected":false},"excerpt":{"rendered":"<p>Das Europ\u00e4ische Parlament hat bereits im April 2024 die Richtlinie zum Recht auf Reparatur verabschiedet. Diese Regelung verpflichtet Hersteller dazu, Reparaturen einfacher, kosteng\u00fcnstiger und attraktiver zu gestalten. Ziel ist die Reduzierung von Elektroschrott und eine St\u00e4rkung der Kreislaufwirtschaft. Bis zum 31. Juli 2026 m\u00fcssen die Mitgliedstaaten diese Vorgaben in nationales Recht umsetzen.<\/p>\n","protected":false},"author":98,"featured_media":77206,"comment_status":"open","ping_status":"closed","sticky":false,"template":"","format":"standard","meta":{"footnotes":""},"categories":[6913],"tags":[326,10484],"class_list":["post-77194","post","type-post","status-publish","format-standard","has-post-thumbnail","hentry","category-verschiedenes","tag-reparatur","tag-nachhaltigkeit"],"yoast_head":"<!-- This site is optimized with the Yoast SEO plugin v27.4 - https:\/\/yoast.com\/product\/yoast-seo-wordpress\/ -->\n<title>Recht auf Reparatur | EU-Richtlinie | Reparaturpflicht<\/title>\n<meta name=\"description\" content=\"Das \u2714 Recht auf Reparatur: \u2714 st\u00e4rkt Investitionssicherheit \u2714 vereinfacht IT-Reparaturen \u2714 senkt Kosten \u2714 ist eine EU-Richtlinie \u2714 Infos hier\" \/>\n<meta name=\"robots\" content=\"index, follow, max-snippet:-1, max-image-preview:large, max-video-preview:-1\" \/>\n<link rel=\"canonical\" href=\"https:\/\/pcspezialist.de\/blog\/2026\/04\/27\/recht-auf-reparatur\/\" \/>\n<meta property=\"og:locale\" content=\"de_DE\" \/>\n<meta property=\"og:type\" content=\"article\" \/>\n<meta property=\"og:title\" content=\"Recht auf Reparatur | EU-Richtlinie | Reparaturpflicht\" \/>\n<meta property=\"og:description\" content=\"Das \u2714 Recht auf Reparatur: \u2714 st\u00e4rkt Investitionssicherheit \u2714 vereinfacht IT-Reparaturen \u2714 senkt Kosten \u2714 ist eine EU-Richtlinie \u2714 Infos hier\" \/>\n<meta property=\"og:url\" content=\"https:\/\/pcspezialist.de\/blog\/2026\/04\/27\/recht-auf-reparatur\/\" \/>\n<meta property=\"og:site_name\" content=\"PC-SPEZIALIST Blog\" \/>\n<meta property=\"article:published_time\" content=\"2026-04-27T03:00:08+00:00\" \/>\n<meta property=\"og:image\" content=\"https:\/\/pcspezialist.de\/blog\/wp-content\/uploads\/2026\/04\/rechtaufreparatur_header_pexels-humanistagram-19037726.jpg\" \/>\n\t<meta property=\"og:image:width\" content=\"1500\" \/>\n\t<meta property=\"og:image:height\" content=\"700\" \/>\n\t<meta property=\"og:image:type\" content=\"image\/jpeg\" \/>\n<meta name=\"author\" content=\"Maren Keller\" \/>\n<meta name=\"twitter:card\" content=\"summary_large_image\" \/>\n<meta name=\"twitter:label1\" content=\"Verfasst von\" \/>\n\t<meta name=\"twitter:data1\" content=\"Maren Keller\" \/>\n\t<meta name=\"twitter:label2\" content=\"Gesch\u00e4tzte Lesezeit\" \/>\n\t<meta name=\"twitter:data2\" content=\"9\u00a0Minuten\" \/>\n<script type=\"application\/ld+json\" class=\"yoast-schema-graph\">{\"@context\":\"https:\\\/\\\/schema.org\",\"@graph\":[{\"@type\":\"Article\",\"@id\":\"https:\\\/\\\/pcspezialist.de\\\/blog\\\/2026\\\/04\\\/27\\\/recht-auf-reparatur\\\/#article\",\"isPartOf\":{\"@id\":\"https:\\\/\\\/pcspezialist.de\\\/blog\\\/2026\\\/04\\\/27\\\/recht-auf-reparatur\\\/\"},\"author\":{\"name\":\"Maren Keller\",\"@id\":\"https:\\\/\\\/pcspezialist.de\\\/blog\\\/#\\\/schema\\\/person\\\/e9cb801a8b8ea9138af26a02b8b6d14f\"},\"headline\":\"Recht auf Reparatur ## EU-Richtlinie muss bis Juli umgesetzt werden\",\"datePublished\":\"2026-04-27T03:00:08+00:00\",\"mainEntityOfPage\":{\"@id\":\"https:\\\/\\\/pcspezialist.de\\\/blog\\\/2026\\\/04\\\/27\\\/recht-auf-reparatur\\\/\"},\"wordCount\":1517,\"commentCount\":0,\"image\":{\"@id\":\"https:\\\/\\\/pcspezialist.de\\\/blog\\\/2026\\\/04\\\/27\\\/recht-auf-reparatur\\\/#primaryimage\"},\"thumbnailUrl\":\"https:\\\/\\\/pcspezialist.de\\\/blog\\\/wp-content\\\/uploads\\\/2026\\\/04\\\/rechtaufreparatur_header_pexels-humanistagram-19037726.jpg\",\"keywords\":[\"Reparatur\",\"Nachhaltigkeit\"],\"articleSection\":[\"Verschiedenes\"],\"inLanguage\":\"de\",\"potentialAction\":[{\"@type\":\"CommentAction\",\"name\":\"Comment\",\"target\":[\"https:\\\/\\\/pcspezialist.de\\\/blog\\\/2026\\\/04\\\/27\\\/recht-auf-reparatur\\\/#respond\"]}]},{\"@type\":\"WebPage\",\"@id\":\"https:\\\/\\\/pcspezialist.de\\\/blog\\\/2026\\\/04\\\/27\\\/recht-auf-reparatur\\\/\",\"url\":\"https:\\\/\\\/pcspezialist.de\\\/blog\\\/2026\\\/04\\\/27\\\/recht-auf-reparatur\\\/\",\"name\":\"Recht auf Reparatur | EU-Richtlinie | Reparaturpflicht\",\"isPartOf\":{\"@id\":\"https:\\\/\\\/pcspezialist.de\\\/blog\\\/#website\"},\"primaryImageOfPage\":{\"@id\":\"https:\\\/\\\/pcspezialist.de\\\/blog\\\/2026\\\/04\\\/27\\\/recht-auf-reparatur\\\/#primaryimage\"},\"image\":{\"@id\":\"https:\\\/\\\/pcspezialist.de\\\/blog\\\/2026\\\/04\\\/27\\\/recht-auf-reparatur\\\/#primaryimage\"},\"thumbnailUrl\":\"https:\\\/\\\/pcspezialist.de\\\/blog\\\/wp-content\\\/uploads\\\/2026\\\/04\\\/rechtaufreparatur_header_pexels-humanistagram-19037726.jpg\",\"datePublished\":\"2026-04-27T03:00:08+00:00\",\"author\":{\"@id\":\"https:\\\/\\\/pcspezialist.de\\\/blog\\\/#\\\/schema\\\/person\\\/e9cb801a8b8ea9138af26a02b8b6d14f\"},\"description\":\"Das \u2714 Recht auf Reparatur: \u2714 st\u00e4rkt Investitionssicherheit \u2714 vereinfacht IT-Reparaturen \u2714 senkt Kosten \u2714 ist eine EU-Richtlinie \u2714 Infos hier\",\"breadcrumb\":{\"@id\":\"https:\\\/\\\/pcspezialist.de\\\/blog\\\/2026\\\/04\\\/27\\\/recht-auf-reparatur\\\/#breadcrumb\"},\"inLanguage\":\"de\",\"potentialAction\":[{\"@type\":\"ReadAction\",\"target\":[\"https:\\\/\\\/pcspezialist.de\\\/blog\\\/2026\\\/04\\\/27\\\/recht-auf-reparatur\\\/\"]}]},{\"@type\":\"ImageObject\",\"inLanguage\":\"de\",\"@id\":\"https:\\\/\\\/pcspezialist.de\\\/blog\\\/2026\\\/04\\\/27\\\/recht-auf-reparatur\\\/#primaryimage\",\"url\":\"https:\\\/\\\/pcspezialist.de\\\/blog\\\/wp-content\\\/uploads\\\/2026\\\/04\\\/rechtaufreparatur_header_pexels-humanistagram-19037726.jpg\",\"contentUrl\":\"https:\\\/\\\/pcspezialist.de\\\/blog\\\/wp-content\\\/uploads\\\/2026\\\/04\\\/rechtaufreparatur_header_pexels-humanistagram-19037726.jpg\",\"width\":1500,\"height\":700,\"caption\":\"Elektroschrott | Recht auf Reparatur | Nachhaltigkeit. Bild: Pexels\\\/Leo Aslan (https:\\\/\\\/www.pexels.com\\\/de-de\\\/foto\\\/elektronisch-obsolet-haufen-mobiltelefone-19037726\\\/)\"},{\"@type\":\"BreadcrumbList\",\"@id\":\"https:\\\/\\\/pcspezialist.de\\\/blog\\\/2026\\\/04\\\/27\\\/recht-auf-reparatur\\\/#breadcrumb\",\"itemListElement\":[{\"@type\":\"ListItem\",\"position\":1,\"name\":\"Startseite\",\"item\":\"https:\\\/\\\/pcspezialist.de\\\/blog\\\/\"},{\"@type\":\"ListItem\",\"position\":2,\"name\":\"Recht auf Reparatur ## EU-Richtlinie muss bis Juli umgesetzt werden\"}]},{\"@type\":\"WebSite\",\"@id\":\"https:\\\/\\\/pcspezialist.de\\\/blog\\\/#website\",\"url\":\"https:\\\/\\\/pcspezialist.de\\\/blog\\\/\",\"name\":\"PC-SPEZIALIST Blog\",\"description\":\"IT-Service, Trends &amp; Technik\",\"potentialAction\":[{\"@type\":\"SearchAction\",\"target\":{\"@type\":\"EntryPoint\",\"urlTemplate\":\"https:\\\/\\\/pcspezialist.de\\\/blog\\\/?s={search_term_string}\"},\"query-input\":{\"@type\":\"PropertyValueSpecification\",\"valueRequired\":true,\"valueName\":\"search_term_string\"}}],\"inLanguage\":\"de\"},{\"@type\":\"Person\",\"@id\":\"https:\\\/\\\/pcspezialist.de\\\/blog\\\/#\\\/schema\\\/person\\\/e9cb801a8b8ea9138af26a02b8b6d14f\",\"name\":\"Maren Keller\",\"description\":\"PC-SPEZIALIST ist eine Marke der in Schlo\u00df Holte ans\u00e4ssigen SYNAXON. Seit 2016 arbeitet Maren Keller f\u00fcr den PC-SPEZIALIST-Blog. Gestartet als Online-Redakteurin ist sie mittlerweile Content Marketing Managerin und tr\u00e4gt unter anderem die Verantwortung f\u00fcr die Inhalte des Blogs. In den Jahren 2017 und 2020 hat sie parallel f\u00fcr den Blog des IT-SERVICE.NETWORK geschrieben. Die studierte Germanistin und Politologin hat einen Sp\u00fcrsinn f\u00fcr aktuelle Bedrohungen im IT-Bereich entwickelt und versteht es, das Fachwissen von PC-SPEZIALIST dem Leser verst\u00e4ndlich darzubieten. Nicht zu verleugnen ist allerdings ihre Ungeduld, die sich in flinken Fingern auf der Tastatur zeigt und gleichzeitig f\u00fcr einen hohen Output sorgt. Ihre journalistische Karriere begann Maren Keller Mitte der 1990er Jahre mit dem Verfassen von Sportberichten f\u00fcr die Regionalseiten ihrer Heimatzeitung in Bremerhaven. Nach dem Studium in Hannover, das von zahlreichen Praktika bei Funk, Fernsehen und Zeitung begleitet wurde, kehrte sie f\u00fcr ein journalistisches Volontariat in ihre Heimat zur\u00fcck, um bei der NORDSEE-ZEITUNG den Beruf des Redakteurs von der Pike auf zu lernen und anschlie\u00dfend in der Sportredaktion zu arbeiten. W\u00e4hrend ihrer Elternzeiten und beruflich bedingten Umz\u00fcgen arbeitete sie als freie Journalistin f\u00fcr verschiedene Tageszeitungen und fand 2016 den Weg zur SYNAXON, wo sie heute als Content Marketing Managerin in Lohn und Brot steht. In ihrer Freizeit zeigt sie ihr Talent f\u00fcr\u2019s Schreiben nicht. Stattdessen liegen ihre Schwerpunkt dort im Bereich Haus, Familie, Garten und Hund. Au\u00dferdem ist sie musikalisch unterwegs, bl\u00e4st das Jagdhorn in einem Bl\u00e4serkorps, spielt Klavier und singt im Chor. Sie haben Fragen an Maren Keller? Sie erreichen sie per E-Mail an redaktion@pcspezialist.de\",\"url\":\"https:\\\/\\\/pcspezialist.de\\\/blog\\\/author\\\/maren\\\/\"}]}<\/script>\n<!-- \/ Yoast SEO plugin. -->","yoast_head_json":{"title":"Recht auf Reparatur | EU-Richtlinie | Reparaturpflicht","description":"Das \u2714 Recht auf Reparatur: \u2714 st\u00e4rkt Investitionssicherheit \u2714 vereinfacht IT-Reparaturen \u2714 senkt Kosten \u2714 ist eine EU-Richtlinie \u2714 Infos hier","robots":{"index":"index","follow":"follow","max-snippet":"max-snippet:-1","max-image-preview":"max-image-preview:large","max-video-preview":"max-video-preview:-1"},"canonical":"https:\/\/pcspezialist.de\/blog\/2026\/04\/27\/recht-auf-reparatur\/","og_locale":"de_DE","og_type":"article","og_title":"Recht auf Reparatur | EU-Richtlinie | Reparaturpflicht","og_description":"Das \u2714 Recht auf Reparatur: \u2714 st\u00e4rkt Investitionssicherheit \u2714 vereinfacht IT-Reparaturen \u2714 senkt Kosten \u2714 ist eine EU-Richtlinie \u2714 Infos hier","og_url":"https:\/\/pcspezialist.de\/blog\/2026\/04\/27\/recht-auf-reparatur\/","og_site_name":"PC-SPEZIALIST Blog","article_published_time":"2026-04-27T03:00:08+00:00","og_image":[{"width":1500,"height":700,"url":"https:\/\/pcspezialist.de\/blog\/wp-content\/uploads\/2026\/04\/rechtaufreparatur_header_pexels-humanistagram-19037726.jpg","type":"image\/jpeg"}],"author":"Maren Keller","twitter_card":"summary_large_image","twitter_misc":{"Verfasst von":"Maren Keller","Gesch\u00e4tzte Lesezeit":"9\u00a0Minuten"},"schema":{"@context":"https:\/\/schema.org","@graph":[{"@type":"Article","@id":"https:\/\/pcspezialist.de\/blog\/2026\/04\/27\/recht-auf-reparatur\/#article","isPartOf":{"@id":"https:\/\/pcspezialist.de\/blog\/2026\/04\/27\/recht-auf-reparatur\/"},"author":{"name":"Maren Keller","@id":"https:\/\/pcspezialist.de\/blog\/#\/schema\/person\/e9cb801a8b8ea9138af26a02b8b6d14f"},"headline":"Recht auf Reparatur ## EU-Richtlinie muss bis Juli umgesetzt werden","datePublished":"2026-04-27T03:00:08+00:00","mainEntityOfPage":{"@id":"https:\/\/pcspezialist.de\/blog\/2026\/04\/27\/recht-auf-reparatur\/"},"wordCount":1517,"commentCount":0,"image":{"@id":"https:\/\/pcspezialist.de\/blog\/2026\/04\/27\/recht-auf-reparatur\/#primaryimage"},"thumbnailUrl":"https:\/\/pcspezialist.de\/blog\/wp-content\/uploads\/2026\/04\/rechtaufreparatur_header_pexels-humanistagram-19037726.jpg","keywords":["Reparatur","Nachhaltigkeit"],"articleSection":["Verschiedenes"],"inLanguage":"de","potentialAction":[{"@type":"CommentAction","name":"Comment","target":["https:\/\/pcspezialist.de\/blog\/2026\/04\/27\/recht-auf-reparatur\/#respond"]}]},{"@type":"WebPage","@id":"https:\/\/pcspezialist.de\/blog\/2026\/04\/27\/recht-auf-reparatur\/","url":"https:\/\/pcspezialist.de\/blog\/2026\/04\/27\/recht-auf-reparatur\/","name":"Recht auf Reparatur | EU-Richtlinie | Reparaturpflicht","isPartOf":{"@id":"https:\/\/pcspezialist.de\/blog\/#website"},"primaryImageOfPage":{"@id":"https:\/\/pcspezialist.de\/blog\/2026\/04\/27\/recht-auf-reparatur\/#primaryimage"},"image":{"@id":"https:\/\/pcspezialist.de\/blog\/2026\/04\/27\/recht-auf-reparatur\/#primaryimage"},"thumbnailUrl":"https:\/\/pcspezialist.de\/blog\/wp-content\/uploads\/2026\/04\/rechtaufreparatur_header_pexels-humanistagram-19037726.jpg","datePublished":"2026-04-27T03:00:08+00:00","author":{"@id":"https:\/\/pcspezialist.de\/blog\/#\/schema\/person\/e9cb801a8b8ea9138af26a02b8b6d14f"},"description":"Das \u2714 Recht auf Reparatur: \u2714 st\u00e4rkt Investitionssicherheit \u2714 vereinfacht IT-Reparaturen \u2714 senkt Kosten \u2714 ist eine EU-Richtlinie \u2714 Infos hier","breadcrumb":{"@id":"https:\/\/pcspezialist.de\/blog\/2026\/04\/27\/recht-auf-reparatur\/#breadcrumb"},"inLanguage":"de","potentialAction":[{"@type":"ReadAction","target":["https:\/\/pcspezialist.de\/blog\/2026\/04\/27\/recht-auf-reparatur\/"]}]},{"@type":"ImageObject","inLanguage":"de","@id":"https:\/\/pcspezialist.de\/blog\/2026\/04\/27\/recht-auf-reparatur\/#primaryimage","url":"https:\/\/pcspezialist.de\/blog\/wp-content\/uploads\/2026\/04\/rechtaufreparatur_header_pexels-humanistagram-19037726.jpg","contentUrl":"https:\/\/pcspezialist.de\/blog\/wp-content\/uploads\/2026\/04\/rechtaufreparatur_header_pexels-humanistagram-19037726.jpg","width":1500,"height":700,"caption":"Elektroschrott | Recht auf Reparatur | Nachhaltigkeit. Bild: Pexels\/Leo Aslan (https:\/\/www.pexels.com\/de-de\/foto\/elektronisch-obsolet-haufen-mobiltelefone-19037726\/)"},{"@type":"BreadcrumbList","@id":"https:\/\/pcspezialist.de\/blog\/2026\/04\/27\/recht-auf-reparatur\/#breadcrumb","itemListElement":[{"@type":"ListItem","position":1,"name":"Startseite","item":"https:\/\/pcspezialist.de\/blog\/"},{"@type":"ListItem","position":2,"name":"Recht auf Reparatur ## EU-Richtlinie muss bis Juli umgesetzt werden"}]},{"@type":"WebSite","@id":"https:\/\/pcspezialist.de\/blog\/#website","url":"https:\/\/pcspezialist.de\/blog\/","name":"PC-SPEZIALIST Blog","description":"IT-Service, Trends &amp; Technik","potentialAction":[{"@type":"SearchAction","target":{"@type":"EntryPoint","urlTemplate":"https:\/\/pcspezialist.de\/blog\/?s={search_term_string}"},"query-input":{"@type":"PropertyValueSpecification","valueRequired":true,"valueName":"search_term_string"}}],"inLanguage":"de"},{"@type":"Person","@id":"https:\/\/pcspezialist.de\/blog\/#\/schema\/person\/e9cb801a8b8ea9138af26a02b8b6d14f","name":"Maren Keller","description":"PC-SPEZIALIST ist eine Marke der in Schlo\u00df Holte ans\u00e4ssigen SYNAXON. Seit 2016 arbeitet Maren Keller f\u00fcr den PC-SPEZIALIST-Blog. Gestartet als Online-Redakteurin ist sie mittlerweile Content Marketing Managerin und tr\u00e4gt unter anderem die Verantwortung f\u00fcr die Inhalte des Blogs. In den Jahren 2017 und 2020 hat sie parallel f\u00fcr den Blog des IT-SERVICE.NETWORK geschrieben. Die studierte Germanistin und Politologin hat einen Sp\u00fcrsinn f\u00fcr aktuelle Bedrohungen im IT-Bereich entwickelt und versteht es, das Fachwissen von PC-SPEZIALIST dem Leser verst\u00e4ndlich darzubieten. Nicht zu verleugnen ist allerdings ihre Ungeduld, die sich in flinken Fingern auf der Tastatur zeigt und gleichzeitig f\u00fcr einen hohen Output sorgt. Ihre journalistische Karriere begann Maren Keller Mitte der 1990er Jahre mit dem Verfassen von Sportberichten f\u00fcr die Regionalseiten ihrer Heimatzeitung in Bremerhaven. Nach dem Studium in Hannover, das von zahlreichen Praktika bei Funk, Fernsehen und Zeitung begleitet wurde, kehrte sie f\u00fcr ein journalistisches Volontariat in ihre Heimat zur\u00fcck, um bei der NORDSEE-ZEITUNG den Beruf des Redakteurs von der Pike auf zu lernen und anschlie\u00dfend in der Sportredaktion zu arbeiten. W\u00e4hrend ihrer Elternzeiten und beruflich bedingten Umz\u00fcgen arbeitete sie als freie Journalistin f\u00fcr verschiedene Tageszeitungen und fand 2016 den Weg zur SYNAXON, wo sie heute als Content Marketing Managerin in Lohn und Brot steht. In ihrer Freizeit zeigt sie ihr Talent f\u00fcr\u2019s Schreiben nicht. Stattdessen liegen ihre Schwerpunkt dort im Bereich Haus, Familie, Garten und Hund. Au\u00dferdem ist sie musikalisch unterwegs, bl\u00e4st das Jagdhorn in einem Bl\u00e4serkorps, spielt Klavier und singt im Chor. Sie haben Fragen an Maren Keller? Sie erreichen sie per E-Mail an redaktion@pcspezialist.de","url":"https:\/\/pcspezialist.de\/blog\/author\/maren\/"}]}},"_links":{"self":[{"href":"https:\/\/pcspezialist.de\/blog\/wp-json\/wp\/v2\/posts\/77194","targetHints":{"allow":["GET"]}}],"collection":[{"href":"https:\/\/pcspezialist.de\/blog\/wp-json\/wp\/v2\/posts"}],"about":[{"href":"https:\/\/pcspezialist.de\/blog\/wp-json\/wp\/v2\/types\/post"}],"author":[{"embeddable":true,"href":"https:\/\/pcspezialist.de\/blog\/wp-json\/wp\/v2\/users\/98"}],"replies":[{"embeddable":true,"href":"https:\/\/pcspezialist.de\/blog\/wp-json\/wp\/v2\/comments?post=77194"}],"version-history":[{"count":12,"href":"https:\/\/pcspezialist.de\/blog\/wp-json\/wp\/v2\/posts\/77194\/revisions"}],"predecessor-version":[{"id":77235,"href":"https:\/\/pcspezialist.de\/blog\/wp-json\/wp\/v2\/posts\/77194\/revisions\/77235"}],"wp:featuredmedia":[{"embeddable":true,"href":"https:\/\/pcspezialist.de\/blog\/wp-json\/wp\/v2\/media\/77206"}],"wp:attachment":[{"href":"https:\/\/pcspezialist.de\/blog\/wp-json\/wp\/v2\/media?parent=77194"}],"wp:term":[{"taxonomy":"category","embeddable":true,"href":"https:\/\/pcspezialist.de\/blog\/wp-json\/wp\/v2\/categories?post=77194"},{"taxonomy":"post_tag","embeddable":true,"href":"https:\/\/pcspezialist.de\/blog\/wp-json\/wp\/v2\/tags?post=77194"}],"curies":[{"name":"wp","href":"https:\/\/api.w.org\/{rel}","templated":true}]}}