{"id":76063,"date":"2025-11-10T08:00:25","date_gmt":"2025-11-10T07:00:25","guid":{"rendered":"https:\/\/pcspezialist.de\/blog\/?p=76063"},"modified":"2025-10-29T10:47:44","modified_gmt":"2025-10-29T09:47:44","slug":"brueckentage-2026","status":"publish","type":"post","link":"https:\/\/pcspezialist.de\/blog\/2025\/11\/10\/brueckentage-2026\/","title":{"rendered":"Br\u00fcckentage 2026 ## Tipps f\u00fcr eine stressfreie und betriebsfreundliche Urlaubsplanung"},"content":{"rendered":"<p><strong>Der Sommer ist vorbei und damit f\u00fcr viele auch die sch\u00f6nste Zeit im Jahr: der Urlaub. F\u00fcr mehr freie Zeit am St\u00fcck nutzen Sie die Br\u00fcckentage 2026.<\/strong><\/p>\n<p>Bei uns erfahren Sie, welche Feiertage sich lohnen, wann sich lange Wochenenden ergeben und wie Sie Ihren Urlaub geschickt planen, um die Br\u00fcckentage bestm\u00f6glich zu nutzen.<\/p>\n<p><!--more--><\/p>\n<div style=\"background: #f2f2f2; padding: 15px 15px 5px; margin: 30px 0;\">\n<p><strong>Unser Beitrag \u00fcber Br\u00fcckentage 2026 im \u00dcberblick:\u00a0<\/strong><\/p>\n<ol style=\"line-height: 1.7;\">\n<li><a href=\"#eins\">Was sind Br\u00fcckentage?<\/a><\/li>\n<li><a href=\"#zwei\">Br\u00fcckentage 2026 gut planen<\/a><\/li>\n<li><a href=\"#drei\">Urlaub 2026 im Team absprechen<\/a><\/li>\n<li><a href=\"#vier\">Br\u00fcckentage 2026: bundesweit &amp; regional<\/a><\/li>\n<li><a href=\"#fuenf\">Br\u00fcckentage 2026 strategisch planen<\/a><\/li>\n<li><a href=\"#sechs\">Urlaubsplanung im Kleinbetrieb<\/a><\/li>\n<li><a href=\"#sieben\">IT-gest\u00fctzt durch die Urlaubszeit<\/a><\/li>\n<li><a href=\"#acht\">Sonderfall Wochenend- &amp; Schichtarbeit<\/a><\/li>\n<li><a href=\"#neun\">Br\u00fcckentage 2026 fr\u00fch planen lohnt sich<\/a><\/li>\n<\/ol>\n<\/div>\n<h2 id=\"eins\">Was sind Br\u00fcckentage?<\/h2>\n<p>Als <strong>Br\u00fcckentage<\/strong> (auch \u201e<strong>Fenstertage<\/strong>\u201c genannt) werden regul\u00e4re Werktage bezeichnet, die <strong>zwischen einem gesetzlichen Feiertag und einem Wochenende<\/strong> liegen \u2013 meist also ein Montag oder Freitag. Diese Tage lassen sich besonders gut f\u00fcr Kurzurlaube oder verl\u00e4ngerte Wochenenden nutzen, da mit minimalem Urlaubseinsatz mehrere zusammenh\u00e4ngende freie Tage entstehen.<\/p>\n<p>Ein klassisches Beispiel ist der Freitag nach Christi Himmelfahrt, was in Deutschland immer auf einen Donnerstag f\u00e4llt. Wer hier einen Tag Urlaub nimmt, kann sich vier Tage am St\u00fcck freinehmen \u2013 von Donnerstag bis Sonntag.<\/p>\n<p>Auch dienstags oder mittwochs gelegene Feiertage bieten Potenzial: Wird beispielsweise der Dienstag zum Feiertag (wie 2026 in manchen Bundesl\u00e4ndern \u201eHeilige drei K\u00f6nige\u201c), ergibt sich mit einem Urlaubstag am Montag ein langes Wochenende von Samstag bis Dienstag. F\u00e4llt ein Feiertag auf einen Mittwoch, k\u00f6nnen mit zwei Urlaubstagen davor und danach sogar neun freie Tage (inklusive Wochenenden) entstehen.<\/p>\n<div id=\"attachment_76204\" style=\"width: 660px\" class=\"wp-caption alignright\"><img loading=\"lazy\" decoding=\"async\" aria-describedby=\"caption-attachment-76204\" class=\"size-full wp-image-76204\" src=\"https:\/\/pcspezialist.de\/blog\/wp-content\/uploads\/2025\/11\/brueckentage_1_AdobeStock_230673950.jpg\" alt=\"Br\u00fcckentage bieten sich f\u00fcr Kurzurlaube an. Bild: stock.adobe.com\/Thomas Reimer (https:\/\/stock.adobe.com\/de\/images\/schild-366-bruckentag\/230673950)\" width=\"650\" height=\"436\" \/><p id=\"caption-attachment-76204\" class=\"wp-caption-text\">Br\u00fcckentage liegen zwischen einem Feiertag und dem Wochenende und bieten sich f\u00fcr Kurzurlaube an. Bild: stock.adobe.com\/<a href=\"https:\/\/stock.adobe.com\/de\/images\/schild-366-bruckentag\/230673950\" target=\"_blank\" rel=\"noopener\">Thomas Reimer<\/a><\/p><\/div>\n<h2 id=\"zwei\">Br\u00fcckentage 2026 gut planen<\/h2>\n<p>Um es vorweg zu nehmen: Leider sind <strong>Feiertage<\/strong>, die g\u00fcnstig fallen, im <strong>kommenden Jahr<\/strong> eher Mangelware. Viele liegen <strong>auf Wochenenden<\/strong> oder ung\u00fcnstigen Wochentagen, was es f\u00fcr Besch\u00e4ftigte erschwert, mit wenigen Urlaubstagen l\u00e4ngere Auszeiten zu realisieren. Gerade f\u00fcr Selbstst\u00e4ndige und kleine Unternehmen ist eine vorausschauende Planung deshalb entscheidend \u2013 sowohl f\u00fcr die Erholung als auch f\u00fcr den reibungslosen Betrieb.<\/p>\n<p>Denn wer fr\u00fchzeitig <strong>Urlaubszeitr\u00e4ume abstimmt<\/strong>, kann Engp\u00e4sse vermeiden, die Produktivit\u00e4t erhalten und die Mitarbeitermotivation st\u00e4rken. Dabei lohnt es sich, nicht nur die klassischen bundesweiten Feiertage, sondern auch regionale Besonderheiten im Blick zu behalten. Wer die wenigen <strong>Br\u00fcckentagsm\u00f6glichkeiten<\/strong> clever nutzt, sichert sich wertvolle Erholung \u2013 und spart dabei sogar Urlaubstage.<\/p>\n<p>Bedenken Sie aber bei der Planung: Nicht jeder kann jeden Br\u00fcckentag freinehmen. Deshalb ist die <strong>Absprache im Team<\/strong> elementar, um weder Streitigkeiten noch \u00dcberschneidungen zu provozieren.<\/p>\n<h2 id=\"drei\">Urlaub 2026 im Team absprechen<\/h2>\n<p>Wenn in kleinen Unternehmen oder bei Solo-Selbstst\u00e4ndigen mit wenigen Mitarbeitern mehrere Personen rund um die <strong>Br\u00fcckentage 2026<\/strong> Urlaub nehmen m\u00f6chten, kann das schnell zu Engp\u00e4ssen f\u00fchren. Damit der Betrieb stabil l\u00e4uft und alle m\u00f6glichst zufrieden sind, ist eine strukturierte Urlaubsabstimmung entscheidend. Unsere Tipps:<\/p>\n<ul>\n<li>Schaffen Sie fr\u00fchzeitig <strong>Transparenz<\/strong>: Je eher alle Beteiligten \u00fcber die Br\u00fcckentage im Kalenderjahr informiert sind, desto besser lassen sich \u00dcberschneidungen vermeiden. Idealerweise stellt Gesch\u00e4fts- oder Teamleitung zu Jahresbeginn eine \u00dcbersicht aller Feiertage und potenziellen Br\u00fcckentage bereit. Ein gemeinsam genutzter Online-Kalender oder eine Excel-Tabelle helfen dabei.<\/li>\n<li><strong>Priorisieren<\/strong> Sie gemeinsam <strong>Urlaubsw\u00fcnsche<\/strong>: Da nicht jeder an jedem Br\u00fcckentag freinehmen kann, ist es wichtig, Urlaubsw\u00fcnsche offen zu besprechen und m\u00f6glichst nach objektiven Kriterien zu priorisieren. Ziel ist es dabei nicht, Urlaubstage \u201ewegzuverhandeln\u201c, sondern gemeinsam tragf\u00e4hige L\u00f6sungen zu finden.\n<ul>\n<li>Wer hat schulpflichtige Kinder oder betreuungspflichtige Angeh\u00f6rige?<\/li>\n<li>Wer war im Vorjahr \u00fcber die Br\u00fcckentage im Urlaub?<\/li>\n<li>Welche Betriebszeiten sind besonders kritisch?<\/li>\n<\/ul>\n<\/li>\n<li>Regeln Sie <strong>Vertretungen<\/strong> klar und eindeutig: Gerade bei Br\u00fcckentagen, an denen viele gern frei h\u00e4tten, sollten im Vorfeld vertretungsf\u00e4hige L\u00f6sungen organisiert werden. Unsere Checkliste f\u00fcr Vertretungen:\n<ul>\n<li>Wer \u00fcbernimmt welche Aufgaben?<\/li>\n<li>Wie werden Kunden \u00fcber Abwesenheiten informiert?<\/li>\n<li>Welche IT-Systeme m\u00fcssen verf\u00fcgbar bleiben?<\/li>\n<\/ul>\n<\/li>\n<li>Vereinbaren Sie <strong>gerechte Regelungen<\/strong> im Team, indem Sie beliebte Urlaubszeitr\u00e4ume nach Rotationsprinzip verteilen, etwa im Wechseljahrprinzip.<\/li>\n<li>Bleiben Sie <strong>flexibel<\/strong>: Auch wenn fr\u00fch geplant wurde, k\u00f6nnen \u00c4nderungen im Betrieb, Krankheitsf\u00e4lle oder unerwartete Projekte Anpassungen notwendig machen. Offene Kommunikation und gegenseitige R\u00fccksichtnahme sind hier der Schl\u00fcssel.<\/li>\n<\/ul>\n<p>Wichtig: Alle <strong>Regelungen<\/strong> sollten Sie<strong> schriftlich fixieren<\/strong> und f\u00fcr das ganze Team einsehbar sein \u2013 das reduziert Missverst\u00e4ndnisse.<\/p>\n<div id=\"attachment_76202\" style=\"width: 660px\" class=\"wp-caption alignright\"><img loading=\"lazy\" decoding=\"async\" aria-describedby=\"caption-attachment-76202\" class=\"size-full wp-image-76202\" src=\"https:\/\/pcspezialist.de\/blog\/wp-content\/uploads\/2025\/11\/brueckentage_1_ChatGPT-Image.jpg\" alt=\"Br\u00fcckentage bieten Stoff f\u00fcr Streit \u2013 Transparenz sorgt vor. Bild: ChatGPT (Bild erstellt mit KI)\" width=\"650\" height=\"433\" \/><p id=\"caption-attachment-76202\" class=\"wp-caption-text\">Sprechen Sie Ihre Urlaubspl\u00e4ne transparent im Team ab, damit sich niemand benachteiligt f\u00fchlt. Bild: ChatGPT (Bild erstellt mit KI)<\/p><\/div>\n<h2 id=\"vier\">Br\u00fcckentage 2026: bundesweit &amp; regional<\/h2>\n<p>2026 bietet zwar weniger klassische Br\u00fcckentagskonstellationen als andere Jahre, doch mit gezielter Planung lassen sich dennoch einige wertvolle Auszeiten herausholen. Wir zeigen im \u00dcberblick bundesweite und regionale Feiertage, die 2026 Urlaubspotenzial haben:<br \/>\n<strong>Bundesweite Feiertage mit Br\u00fcckentagspotenzial:<\/strong><\/p>\n\n<table id=\"tablepress-13\" class=\"tablepress tablepress-id-13\">\n<thead>\n<tr class=\"row-1\">\n\t<th class=\"column-1\"><strong>Feiertag<\/strong><\/th><th class=\"column-2\"><strong>Datum<\/strong><\/th><th class=\"column-3\"><strong>m\u00f6gliche freie Tage<\/strong><\/th><th class=\"column-4\"><strong>ben\u00f6tigte Urlaubstage<\/strong><\/th>\n<\/tr>\n<\/thead>\n<tbody class=\"row-striping row-hover\">\n<tr class=\"row-2\">\n\t<td class=\"column-1\">Neujahr<\/td><td class=\"column-2\">Donnerstag, <br \/>\n01.01.2026<\/td><td class=\"column-3\">4 Tage<br \/>\n(01. bis 04.01.)<\/td><td class=\"column-4\">1 Tag<\/td>\n<\/tr>\n<tr class=\"row-3\">\n\t<td class=\"column-1\">Ostern<\/td><td class=\"column-2\">Freitag bis Montag, <br \/>\n03. bis 06.04.2026<\/td><td class=\"column-3\">16 Tage<br \/>\n(28.3. bis 12.4.)<\/td><td class=\"column-4\">8 Tage<\/td>\n<\/tr>\n<tr class=\"row-4\">\n\t<td class=\"column-1\">Christi Himmelfahrt<\/td><td class=\"column-2\">Donnerstag, <br \/>\n14.05.2026<\/td><td class=\"column-3\">4 Tage <br \/>\n(14. bis 17.05.)<\/td><td class=\"column-4\">1 Tag<\/td>\n<\/tr>\n<tr class=\"row-5\">\n\t<td class=\"column-1\">Pfingsten<\/td><td class=\"column-2\">Sonntag\/Montag,<br \/>\n24.\/25. Mai 2026<\/td><td class=\"column-3\">9 Tage <br \/>\n(23. bis 31.05.)<\/td><td class=\"column-4\">4 Tage<\/td>\n<\/tr>\n<tr class=\"row-6\">\n\t<td class=\"column-1\">Weihnachten und Neujahr<\/td><td class=\"column-2\">25.\/26.12.2026 und  01.01.2027<\/td><td class=\"column-3\">16 Tage <br \/>\n(19.12 bis 03.01.)<\/td><td class=\"column-4\">8 Tage<\/td>\n<\/tr>\n<\/tbody>\n<\/table>\n<!-- #tablepress-13 from cache -->\n<p>Die <strong>Nutzung zus\u00e4tzlicher Feiertage<\/strong> h\u00e4ngt stark vom Bundesland ab. Folgende Feiertage gelten nicht deutschlandweit, erm\u00f6glichen aber 2026 in bestimmten Regionen zus\u00e4tzliche Br\u00fcckentage. Davon profitieren Besch\u00e4ftige in Baden-W\u00fcrttemberg (BW), Bayern (BY), Hessen (HE), Nordrhein-Westfalen (NW), Rheinland-Pfalz (RP), Saarland (SL), Sachsen (SN), Sachsen-Anhalt (ST).<br \/>\n<strong>Regionale Feiertage mit zus\u00e4tzlichen Optionen<\/strong>:<\/p>\n\n<table id=\"tablepress-12\" class=\"tablepress tablepress-id-12\">\n<thead>\n<tr class=\"row-1\">\n\t<th class=\"column-1\"><strong>Feiertag<\/strong><\/th><th class=\"column-2\"><strong>Datum<\/strong><\/th><th class=\"column-3\"><strong>Bundesl\u00e4nder<\/strong><\/th><th class=\"column-4\"><strong>Br\u00fcckentagpotenzial<\/strong><\/th>\n<\/tr>\n<\/thead>\n<tbody class=\"row-striping row-hover\">\n<tr class=\"row-2\">\n\t<td class=\"column-1\">Heilige drei K\u00f6nige<\/td><td class=\"column-2\">Dienstag, 06.01.2026<\/td><td class=\"column-3\">BW, BY, ST<\/td><td class=\"column-4\">6 Tage\/2 Urlaubstage <br \/>\n(01. bis 06. Januar)<\/td>\n<\/tr>\n<tr class=\"row-3\">\n\t<td class=\"column-1\">Fronleichnam<\/td><td class=\"column-2\">Donnerstag, 04.06.2026<\/td><td class=\"column-3\">BW, BY, HE, NW, RP, SL<\/td><td class=\"column-4\">4 Tage\/1 Urlaubstag <br \/>\n(04. bis 07. Juni)<\/td>\n<\/tr>\n<tr class=\"row-4\">\n\t<td class=\"column-1\">Bu\u00df- und Bettag<\/td><td class=\"column-2\">Mittwoch, 18.11.2026<\/td><td class=\"column-3\">SN<\/td><td class=\"column-4\">5 Tage\/2 Urlaubstage <br \/>\n(18. bis 22. Nov.)<\/td>\n<\/tr>\n<\/tbody>\n<\/table>\n<!-- #tablepress-12 from cache -->\n<p>Auch wenn einige<strong> Feiertage 2026<\/strong> auf Wochenenden fallen (wie der 3. Oktober oder 1. November in NRW), sind sie in bestimmten Branchen (mit Wochenenddiensten oder Zuschl\u00e4gen) dennoch relevant f\u00fcr die Planung \u2013 beispielsweise im Einzelhandel oder der Pflege.<\/p>\n<h2 id=\"fuenf\">Br\u00fcckentage 2026 strategisch planen<\/h2>\n<p>Gerade wenn <strong>Urlaubstage begrenzt<\/strong> sind, lohnt sich eine <strong>Planung<\/strong>, die auf <strong>maximale Erholung<\/strong> bei minimalem Einsatz zielt. 2026 bietet daf\u00fcr drei besonders attraktive Zeitr\u00e4ume, in denen Sie viele freie Tage herausholen \u2013 ideal f\u00fcr l\u00e4ngere Reisen, intensive Auszeiten oder geplante Betriebspausen.<\/p>\n<ul>\n<li><strong>Ostern<\/strong> bietet die M\u00f6glichkeit, 16 freie Tage mit nur acht Urlaubstagen zu bekommen. \u2013 16 Tage frei mit 8 Urlaubstagen. Daf\u00fcr m\u00fcssen Sie von Montag, 30. M\u00e4rz, bis Donnerstag, 2. April, und Dienstag, 7., bis Freitag, 10. April, Urlaub einreichen, um insgesamt vom Samstag, 28. M\u00e4rz, bis Sonntag, 12. April 2026, frei zu haben.<\/li>\n<li>Im Mai 2026 lassen sich <strong>Christi Himmelfahrt und Pfingsten<\/strong> ideal kombinieren. Neun Urlaubstage bringen 17 frei Tage. Beantragen Sie Urlaub von Montag bis Mittwoch, 11. &#8211; 13. Mai, Freitag, 15. Mai, und Montag bis Freitag, 18. bis 22. Mai, um insgesamt von Samstag, 9. Mai, bis Montag, 25. Mai 2026, Urlaub zu haben.<\/li>\n<li>Ideal ist ebenfalls, <strong>Weihnachten und Neujahr<\/strong> zu kombinieren. Um von\u00a0Samstag, 19. Dezember 2026, bis Sonntag, 3. Januar 2027, frei zu haben, m\u00fcssen Sie Montag bis Donnerstag, 21. bis 24. Dezember, und Montag bis Donnerstag, 28. bis 31. Dezember, als Urlaubstage beantragen. Mit acht eingesetzten Tagen erhalten Sie dann 16 freie Tage.<\/li>\n<\/ul>\n<p>Wer flexibel plant, kann so aus einem begrenzten Urlaubskontingent das Maximum herausholen.<\/p>\n<div id=\"attachment_76203\" style=\"width: 660px\" class=\"wp-caption alignright\"><img loading=\"lazy\" decoding=\"async\" aria-describedby=\"caption-attachment-76203\" class=\"size-full wp-image-76203\" src=\"https:\/\/pcspezialist.de\/blog\/wp-content\/uploads\/2025\/11\/brueckentage_2_pexels-pixabay-39578.jpg\" alt=\"Br\u00fcckentage | aufger\u00e4umter Schreibtisch, Monitor, Tastatur, Tablet. Bild: Pexels\/Pixabay (https:\/\/www.pexels.com\/de-de\/foto\/apple-magic-tastatur-39578\/)\" width=\"650\" height=\"432\" \/><p id=\"caption-attachment-76203\" class=\"wp-caption-text\">Wer flexibel plant, kann ein Maximum an frier Zeit herausholen. Bild: Pexels\/<a href=\"https:\/\/www.pexels.com\/de-de\/foto\/apple-magic-tastatur-39578\/\" target=\"_blank\" rel=\"noopener\">Pixabay<\/a><\/p><\/div>\n<h2 id=\"sechs\">Urlaubsplanung im Kleinbetrieb<\/h2>\n<p>In kleinen Unternehmen kann jeder <strong>fehlende Mitarbeiter<\/strong> und bei Solo-Selbstst\u00e4ndigen jeder <strong>freie Tag<\/strong> sp\u00fcrbare <strong>Auswirkungen<\/strong> auf die Erreichbarkeit, Servicequalit\u00e4t oder laufende Prozesse haben. Deshalb ist eine durchdachte Urlaubsplanung rund um <strong>Br\u00fcckentage 2026<\/strong> nicht nur Erholungsthema, sondern auch eine betriebliche Notwendigkeit.<\/p>\n<p>F\u00fcr Betriebe mit wenigen Mitarbeitern ist es wichtig, beliebte Zeitr\u00e4ume rund um Ostern, Pfingsten und Weihnachten fr\u00fchzeitig abzustimmen, um Engp\u00e4sse und \u00dcberschneidungen zu vermeiden und die Betriebsf\u00e4higkeit sicherzustellen.<\/p>\n<p>Solo-Selbstst\u00e4ndige stehen vor der Herausforderung, auch w\u00e4hrend ihrer Abwesenheit erreichbar zu bleiben oder Auftr\u00e4ge abzusichern. Hier kann eine fr\u00fchzeitige Kommunikation mit Kunden, ggf. die Einbindung externer Dienstleister oder der Einsatz digitaler Tools unterst\u00fctzen.<\/p>\n<p>Fakt ist: Wer Urlaube langfristig plant \u2013 im Idealfall bereits im Vorjahr \u2013 kann seine internen Prozesse und Kundenprojekte besser darauf abstimmen.<\/p>\n<h2 id=\"sieben\">IT-gest\u00fctzt durch die Urlaubszeit<\/h2>\n<p>Auch wenn der <strong>Schreibtisch vor\u00fcbergehend leer<\/strong> bleibt, sollte die <strong>IT jederzeit funktionieren<\/strong>. Gerade in kleinen Unternehmen ohne eigene IT-Abteilung ist das eine Herausforderung.\u00a0Die gute Nachricht: Viele IT-Aufgaben lassen sich heute zuverl\u00e4ssig auslagern oder automatisieren.<\/p>\n<p><a href=\"https:\/\/pcspezialist.de\/it-betreuung\/fernwartung\/\">Fernwartung<\/a>, Monitoring und automatische Updates stellen sicher, dass <strong>Systeme auch ohne t\u00e4gliche Betreuung<\/strong> laufen. So lassen sich St\u00f6rungen oft erkennen und beheben, bevor sie zum Problem werden. Gleichzeitig bleibt die IT-Infrastruktur gesch\u00fctzt \u2013 auch dann, wenn niemand im B\u00fcro ist. Ideal daf\u00fcr: Der <a href=\"https:\/\/pcspezialist.de\/it-betreuung\/it-basisschutz\/\">IT-Basisschutz von PC-SPEZIALIST<\/a>.<\/p>\n<p><a href=\"https:\/\/pcspezialist.de\/managed-services\/definition\/\">Managed Services<\/a> wie <a href=\"https:\/\/pcspezialist.de\/anwendungen-und-software\/e-mail-services\/\">E-Mail-Sicherheit<\/a>, <a href=\"https:\/\/pcspezialist.de\/it-sicherheit\/datensicherung\/\">Datensicherung<\/a> oder <a href=\"https:\/\/pcspezialist.de\/blog\/2021\/02\/22\/patch-management\/\">Patch-Management<\/a> sorgen zus\u00e4tzlich daf\u00fcr, dass wichtige Wartungsaufgaben kontinuierlich durchgef\u00fchrt werden \u2013 ohne Ihr aktives Zutun. Das minimiert Ausfallrisiken und h\u00e4lt Ihre Systeme aktuell und sicher.<\/p>\n<p>Besonders praktisch: Viele Dienstleister wie <a href=\"https:\/\/pcspezialist.de\/standorte\/\">PC-SPEZIALIST<\/a> bieten regelm\u00e4\u00dfige Statusberichte oder automatische Alarmmeldungen, damit Sie im Fall der F\u00e4lle reagieren k\u00f6nnen \u2013 ganz gleich, ob Sie im B\u00fcro, im Zug oder im Urlaub sind.<\/p>\n<div id=\"attachment_76201\" style=\"width: 660px\" class=\"wp-caption alignright\"><img loading=\"lazy\" decoding=\"async\" aria-describedby=\"caption-attachment-76201\" class=\"size-full wp-image-76201\" src=\"https:\/\/pcspezialist.de\/blog\/wp-content\/uploads\/2025\/11\/brueckentage_3_ChatGPT-Image.jpg\" alt=\"Br\u00fcckentage und Schichtarbeit. Bild: ChatGPT (Bild erstellt mit KI)\" width=\"650\" height=\"433\" \/><p id=\"caption-attachment-76201\" class=\"wp-caption-text\">F\u00fcr Schichtarbeiter k\u00f6nnen Feiertage nicht die gew\u00fcnschte Freizeit, daf\u00fcr ein Plus auf dem Konto bedeuten. Bild: ChatGPT (Bild erstellt mit KI)<\/p><\/div>\n<h2 id=\"acht\">Sonderfall Wochenend- &amp; Schichtarbeit<\/h2>\n<p>Wer in Branchen mit <strong>Wochenend- oder Schichtarbeit<\/strong> t\u00e4tig ist \u2013 etwa im Gesundheitswesen, der Gastronomie oder im Einzelhandel \u2013, profitiert von klassischen Br\u00fcckentagen nicht immer direkt. Dennoch bieten Feiertage auch hier Chancen, Urlaubstage gezielt einzusetzen oder mit Zuschl\u00e4gen zu kombinieren.<\/p>\n<p>Viele <strong>gesetzliche Feiertage 2026<\/strong> fallen auf <strong>Wochenenden<\/strong> \u2013 etwa der Tag der deutschen Einheit (Samstag, 03. Oktober), Reformationstag (Samstag, 31. Oktober), Allerheiligen (Sonntag,\u00a0 01. November) oder Mari\u00e4 Himmelfahrt (Samstag, 15. August). F\u00fcr <strong>Besch\u00e4ftigte mit Wochenenddiensten<\/strong> kann das <strong>mehr Geld statt mehr Freizeit<\/strong> bedeuten: Feiertagsarbeit wird in vielen Tarifvertr\u00e4gen zus\u00e4tzlich verg\u00fctet.<\/p>\n<p>Zudem gelten einige Feiertage nur in bestimmten Bundesl\u00e4ndern oder nur f\u00fcr bestimmte Berufsgruppen (z.\u202fB. Bildungseinrichtungen oder \u00f6ffentliche Verwaltung). Wer clever plant, kann diese Sonderregelungen nutzen, um gezielt Auszeiten zu nehmen \u2013 oder Zuschl\u00e4ge gezielt einzuplanen.<\/p>\n<p><strong>Tipp f\u00fcr Arbeitgeber<\/strong>: Mitarbeiter mit Schichtmodellen profitieren von klaren Regelungen. Legen Sie rechtzeitig fest, wie Feiertage in der Urlaubsplanung ber\u00fccksichtigt werden und ob Zuschl\u00e4ge oder Kompensationen vorgesehen sind. Das schafft Transparenz und reduziert Konfliktpotenzial.<\/p>\n<h2 id=\"neun\">Br\u00fcckentage 2026 fr\u00fch planen lohnt sich<\/h2>\n<p>Auch wenn das <strong>Jahr 2026<\/strong> auf den ersten Blick <strong>kein optimales Jahr<\/strong> f\u00fcr <strong>Br\u00fcckentage<\/strong> ist, l\u00e4sst sich mit der richtigen Strategie dennoch einiges herausholen. Besonders Ostern, Pfingsten und der Jahreswechsel bieten Potenzial f\u00fcr ausgedehnte Auszeiten \u2013 selbst mit begrenztem Urlaubskontingent.<\/p>\n<p>F\u00fcr kleine Unternehmen und Selbstst\u00e4ndige lohnt es sich, schon jetzt konkrete Zeitr\u00e4ume zu definieren, Urlaubsantr\u00e4ge abzustimmen und die eigene <a href=\"https:\/\/pcspezialist.de\/it-infrastruktur\/\">IT-Infrastruktur<\/a> f\u00fcr l\u00e4ngere Abwesenheiten vorzubereiten. Wer <strong>vorausschauend plant<\/strong>, sichert sich nicht nur <strong>wertvolle Erholungsphasen<\/strong>, sondern sorgt gleichzeitig f\u00fcr <strong>Stabilit\u00e4t im laufenden Gesch\u00e4ftsbetrieb<\/strong>.<\/p>\n<p>Sie m\u00f6chten in der Urlaubszeit den Betrieb am Laufen halten, Ausf\u00e4lle vermeiden und auch bei reduzierter Besetzung sicher aufgestellt sein? Unsere <a href=\"https:\/\/pcspezialist.de\/standorte\/\">PC-SPEZIALIST-Partner vor Ort<\/a> unterst\u00fctzen Sie mit passenden L\u00f6sungen dabei, Ihren Betrieb am Laufen zu halten und Ausf\u00e4lle vermeiden. Von der IT-\u00dcberwachung \u00fcber regelm\u00e4\u00dfige Sicherheitsupdates bis hin zur Einrichtung von Fernzugriffen oder Managed Services. Lassen Sie sich individuell beraten.<\/p>\n<p>_______________________________________________<\/p>\n<p><small>Quellen: <a href=\"https:\/\/www.urlaubsguru.de\/reisekalender\/brueckentage\/\" target=\"_blank\" rel=\"noopener\">urlaubsguru<\/a>, <a href=\"https:\/\/www.urlaubspiraten.de\/reisethemen\/reisekalender\/brueckentage\" target=\"_blank\" rel=\"noopener\">urlaubspiraten<\/a>, <a href=\"https:\/\/www.urlaubstracker.de\/brueckentage\/\" target=\"_blank\" rel=\"noopener\">urlaubstracker<\/a>, <a href=\"https:\/\/web.de\/magazine\/reise\/urlaubsplanung-2026-maximale-auszeit-brueckentagen-41359012\" target=\"_blank\" rel=\"noopener\">web.de<\/a>, <a href=\"https:\/\/www.deutsche-handwerks-zeitung.de\/brueckentage-2026-urlaub-planen-204907\/\" target=\"_blank\" rel=\"noopener\">dhz<\/a>, Unsplash\/<a href=\"https:\/\/unsplash.com\/de\/fotos\/person-die-ipad-in-der-nahe-von-weisser-keramiktasse-und-laptop-halt-SwHvzwEzCfA\" target=\"_blank\" rel=\"noopener\">windows<\/a> (Headerbild)<\/small><\/p>\n","protected":false},"excerpt":{"rendered":"<p>Der Sommer ist vorbei und damit f\u00fcr viele auch die sch\u00f6nste Zeit im Jahr: der Urlaub. F\u00fcr mehr freie Zeit am St\u00fcck nutzen Sie die Br\u00fcckentage 2026. Bei uns erfahren Sie, welche Feiertage sich lohnen, wann sich lange Wochenenden ergeben und wie Sie Ihren Urlaub geschickt planen, um die Br\u00fcckentage bestm\u00f6glich zu nutzen.<\/p>\n","protected":false},"author":98,"featured_media":76205,"comment_status":"open","ping_status":"closed","sticky":false,"template":"","format":"standard","meta":{"footnotes":""},"categories":[10501],"tags":[600,8131],"class_list":["post-76063","post","type-post","status-publish","format-standard","has-post-thumbnail","hentry","category-netzwerk-arbeitsplatz","tag-arbeitswelt","tag-urlaub"],"yoast_head":"<!-- This site is optimized with the Yoast SEO plugin v27.4 - https:\/\/yoast.com\/product\/yoast-seo-wordpress\/ -->\n<title>Br\u00fcckentage 2026 clever nutzen<\/title>\n<meta name=\"description\" content=\"Br\u00fcckentage 2026 clever nutzen: So holen KMU und Selbstst\u00e4ndige mit gezielter \u2714 Urlaubsplanung mehr aus ihren freien Tagen heraus.\" \/>\n<meta name=\"robots\" content=\"index, follow, max-snippet:-1, max-image-preview:large, max-video-preview:-1\" \/>\n<link rel=\"canonical\" href=\"https:\/\/pcspezialist.de\/blog\/2025\/11\/10\/brueckentage-2026\/\" \/>\n<meta property=\"og:locale\" content=\"de_DE\" \/>\n<meta property=\"og:type\" content=\"article\" \/>\n<meta property=\"og:title\" content=\"Br\u00fcckentage 2026 clever nutzen\" \/>\n<meta property=\"og:description\" content=\"Br\u00fcckentage 2026 clever nutzen: So holen KMU und Selbstst\u00e4ndige mit gezielter \u2714 Urlaubsplanung mehr aus ihren freien Tagen heraus.\" \/>\n<meta property=\"og:url\" content=\"https:\/\/pcspezialist.de\/blog\/2025\/11\/10\/brueckentage-2026\/\" \/>\n<meta property=\"og:site_name\" content=\"PC-SPEZIALIST Blog\" \/>\n<meta property=\"article:published_time\" content=\"2025-11-10T07:00:25+00:00\" \/>\n<meta property=\"og:image\" content=\"https:\/\/pcspezialist.de\/blog\/wp-content\/uploads\/2025\/11\/brueckentage2026_windows-SwHvzwEzCfA-unsplash.jpg\" \/>\n\t<meta property=\"og:image:width\" content=\"1500\" \/>\n\t<meta property=\"og:image:height\" content=\"703\" \/>\n\t<meta property=\"og:image:type\" content=\"image\/jpeg\" \/>\n<meta name=\"author\" content=\"Maren Keller\" \/>\n<meta name=\"twitter:card\" content=\"summary_large_image\" \/>\n<meta name=\"twitter:label1\" content=\"Verfasst von\" \/>\n\t<meta name=\"twitter:data1\" content=\"Maren Keller\" \/>\n\t<meta name=\"twitter:label2\" content=\"Gesch\u00e4tzte Lesezeit\" \/>\n\t<meta name=\"twitter:data2\" content=\"11\u00a0Minuten\" \/>\n<script type=\"application\/ld+json\" class=\"yoast-schema-graph\">{\"@context\":\"https:\\\/\\\/schema.org\",\"@graph\":[{\"@type\":\"Article\",\"@id\":\"https:\\\/\\\/pcspezialist.de\\\/blog\\\/2025\\\/11\\\/10\\\/brueckentage-2026\\\/#article\",\"isPartOf\":{\"@id\":\"https:\\\/\\\/pcspezialist.de\\\/blog\\\/2025\\\/11\\\/10\\\/brueckentage-2026\\\/\"},\"author\":{\"name\":\"Maren Keller\",\"@id\":\"https:\\\/\\\/pcspezialist.de\\\/blog\\\/#\\\/schema\\\/person\\\/e9cb801a8b8ea9138af26a02b8b6d14f\"},\"headline\":\"Br\u00fcckentage 2026 ## Tipps f\u00fcr eine stressfreie und betriebsfreundliche Urlaubsplanung\",\"datePublished\":\"2025-11-10T07:00:25+00:00\",\"mainEntityOfPage\":{\"@id\":\"https:\\\/\\\/pcspezialist.de\\\/blog\\\/2025\\\/11\\\/10\\\/brueckentage-2026\\\/\"},\"wordCount\":1785,\"commentCount\":0,\"image\":{\"@id\":\"https:\\\/\\\/pcspezialist.de\\\/blog\\\/2025\\\/11\\\/10\\\/brueckentage-2026\\\/#primaryimage\"},\"thumbnailUrl\":\"https:\\\/\\\/pcspezialist.de\\\/blog\\\/wp-content\\\/uploads\\\/2025\\\/11\\\/brueckentage2026_windows-SwHvzwEzCfA-unsplash.jpg\",\"keywords\":[\"Arbeitswelt\",\"Urlaub\"],\"articleSection\":[\"Netzwerk\\\/Arbeitsplatz\"],\"inLanguage\":\"de\",\"potentialAction\":[{\"@type\":\"CommentAction\",\"name\":\"Comment\",\"target\":[\"https:\\\/\\\/pcspezialist.de\\\/blog\\\/2025\\\/11\\\/10\\\/brueckentage-2026\\\/#respond\"]}]},{\"@type\":\"WebPage\",\"@id\":\"https:\\\/\\\/pcspezialist.de\\\/blog\\\/2025\\\/11\\\/10\\\/brueckentage-2026\\\/\",\"url\":\"https:\\\/\\\/pcspezialist.de\\\/blog\\\/2025\\\/11\\\/10\\\/brueckentage-2026\\\/\",\"name\":\"Br\u00fcckentage 2026 clever nutzen\",\"isPartOf\":{\"@id\":\"https:\\\/\\\/pcspezialist.de\\\/blog\\\/#website\"},\"primaryImageOfPage\":{\"@id\":\"https:\\\/\\\/pcspezialist.de\\\/blog\\\/2025\\\/11\\\/10\\\/brueckentage-2026\\\/#primaryimage\"},\"image\":{\"@id\":\"https:\\\/\\\/pcspezialist.de\\\/blog\\\/2025\\\/11\\\/10\\\/brueckentage-2026\\\/#primaryimage\"},\"thumbnailUrl\":\"https:\\\/\\\/pcspezialist.de\\\/blog\\\/wp-content\\\/uploads\\\/2025\\\/11\\\/brueckentage2026_windows-SwHvzwEzCfA-unsplash.jpg\",\"datePublished\":\"2025-11-10T07:00:25+00:00\",\"author\":{\"@id\":\"https:\\\/\\\/pcspezialist.de\\\/blog\\\/#\\\/schema\\\/person\\\/e9cb801a8b8ea9138af26a02b8b6d14f\"},\"description\":\"Br\u00fcckentage 2026 clever nutzen: So holen KMU und Selbstst\u00e4ndige mit gezielter \u2714 Urlaubsplanung mehr aus ihren freien Tagen heraus.\",\"breadcrumb\":{\"@id\":\"https:\\\/\\\/pcspezialist.de\\\/blog\\\/2025\\\/11\\\/10\\\/brueckentage-2026\\\/#breadcrumb\"},\"inLanguage\":\"de\",\"potentialAction\":[{\"@type\":\"ReadAction\",\"target\":[\"https:\\\/\\\/pcspezialist.de\\\/blog\\\/2025\\\/11\\\/10\\\/brueckentage-2026\\\/\"]}]},{\"@type\":\"ImageObject\",\"inLanguage\":\"de\",\"@id\":\"https:\\\/\\\/pcspezialist.de\\\/blog\\\/2025\\\/11\\\/10\\\/brueckentage-2026\\\/#primaryimage\",\"url\":\"https:\\\/\\\/pcspezialist.de\\\/blog\\\/wp-content\\\/uploads\\\/2025\\\/11\\\/brueckentage2026_windows-SwHvzwEzCfA-unsplash.jpg\",\"contentUrl\":\"https:\\\/\\\/pcspezialist.de\\\/blog\\\/wp-content\\\/uploads\\\/2025\\\/11\\\/brueckentage2026_windows-SwHvzwEzCfA-unsplash.jpg\",\"width\":1500,\"height\":703,\"caption\":\"Br\u00fcckentage geschickt nutzen. Bild: Unsplash\\\/windows (https:\\\/\\\/unsplash.com\\\/de\\\/fotos\\\/person-die-ipad-in-der-nahe-von-weisser-keramiktasse-und-laptop-halt-SwHvzwEzCfA)\"},{\"@type\":\"BreadcrumbList\",\"@id\":\"https:\\\/\\\/pcspezialist.de\\\/blog\\\/2025\\\/11\\\/10\\\/brueckentage-2026\\\/#breadcrumb\",\"itemListElement\":[{\"@type\":\"ListItem\",\"position\":1,\"name\":\"Startseite\",\"item\":\"https:\\\/\\\/pcspezialist.de\\\/blog\\\/\"},{\"@type\":\"ListItem\",\"position\":2,\"name\":\"Br\u00fcckentage 2026 ## Tipps f\u00fcr eine stressfreie und betriebsfreundliche Urlaubsplanung\"}]},{\"@type\":\"WebSite\",\"@id\":\"https:\\\/\\\/pcspezialist.de\\\/blog\\\/#website\",\"url\":\"https:\\\/\\\/pcspezialist.de\\\/blog\\\/\",\"name\":\"PC-SPEZIALIST Blog\",\"description\":\"IT-Service, Trends &amp; Technik\",\"potentialAction\":[{\"@type\":\"SearchAction\",\"target\":{\"@type\":\"EntryPoint\",\"urlTemplate\":\"https:\\\/\\\/pcspezialist.de\\\/blog\\\/?s={search_term_string}\"},\"query-input\":{\"@type\":\"PropertyValueSpecification\",\"valueRequired\":true,\"valueName\":\"search_term_string\"}}],\"inLanguage\":\"de\"},{\"@type\":\"Person\",\"@id\":\"https:\\\/\\\/pcspezialist.de\\\/blog\\\/#\\\/schema\\\/person\\\/e9cb801a8b8ea9138af26a02b8b6d14f\",\"name\":\"Maren Keller\",\"description\":\"PC-SPEZIALIST ist eine Marke der in Schlo\u00df Holte ans\u00e4ssigen SYNAXON. Seit 2016 arbeitet Maren Keller f\u00fcr den PC-SPEZIALIST-Blog. Gestartet als Online-Redakteurin ist sie mittlerweile Content Marketing Managerin und tr\u00e4gt unter anderem die Verantwortung f\u00fcr die Inhalte des Blogs. In den Jahren 2017 und 2020 hat sie parallel f\u00fcr den Blog des IT-SERVICE.NETWORK geschrieben. Die studierte Germanistin und Politologin hat einen Sp\u00fcrsinn f\u00fcr aktuelle Bedrohungen im IT-Bereich entwickelt und versteht es, das Fachwissen von PC-SPEZIALIST dem Leser verst\u00e4ndlich darzubieten. Nicht zu verleugnen ist allerdings ihre Ungeduld, die sich in flinken Fingern auf der Tastatur zeigt und gleichzeitig f\u00fcr einen hohen Output sorgt. Ihre journalistische Karriere begann Maren Keller Mitte der 1990er Jahre mit dem Verfassen von Sportberichten f\u00fcr die Regionalseiten ihrer Heimatzeitung in Bremerhaven. Nach dem Studium in Hannover, das von zahlreichen Praktika bei Funk, Fernsehen und Zeitung begleitet wurde, kehrte sie f\u00fcr ein journalistisches Volontariat in ihre Heimat zur\u00fcck, um bei der NORDSEE-ZEITUNG den Beruf des Redakteurs von der Pike auf zu lernen und anschlie\u00dfend in der Sportredaktion zu arbeiten. W\u00e4hrend ihrer Elternzeiten und beruflich bedingten Umz\u00fcgen arbeitete sie als freie Journalistin f\u00fcr verschiedene Tageszeitungen und fand 2016 den Weg zur SYNAXON, wo sie heute als Content Marketing Managerin in Lohn und Brot steht. In ihrer Freizeit zeigt sie ihr Talent f\u00fcr\u2019s Schreiben nicht. Stattdessen liegen ihre Schwerpunkt dort im Bereich Haus, Familie, Garten und Hund. Au\u00dferdem ist sie musikalisch unterwegs, bl\u00e4st das Jagdhorn in einem Bl\u00e4serkorps, spielt Klavier und singt im Chor. Sie haben Fragen an Maren Keller? Sie erreichen sie per E-Mail an redaktion@pcspezialist.de\",\"url\":\"https:\\\/\\\/pcspezialist.de\\\/blog\\\/author\\\/maren\\\/\"}]}<\/script>\n<!-- \/ Yoast SEO plugin. -->","yoast_head_json":{"title":"Br\u00fcckentage 2026 clever nutzen","description":"Br\u00fcckentage 2026 clever nutzen: So holen KMU und Selbstst\u00e4ndige mit gezielter \u2714 Urlaubsplanung mehr aus ihren freien Tagen heraus.","robots":{"index":"index","follow":"follow","max-snippet":"max-snippet:-1","max-image-preview":"max-image-preview:large","max-video-preview":"max-video-preview:-1"},"canonical":"https:\/\/pcspezialist.de\/blog\/2025\/11\/10\/brueckentage-2026\/","og_locale":"de_DE","og_type":"article","og_title":"Br\u00fcckentage 2026 clever nutzen","og_description":"Br\u00fcckentage 2026 clever nutzen: So holen KMU und Selbstst\u00e4ndige mit gezielter \u2714 Urlaubsplanung mehr aus ihren freien Tagen heraus.","og_url":"https:\/\/pcspezialist.de\/blog\/2025\/11\/10\/brueckentage-2026\/","og_site_name":"PC-SPEZIALIST Blog","article_published_time":"2025-11-10T07:00:25+00:00","og_image":[{"width":1500,"height":703,"url":"https:\/\/pcspezialist.de\/blog\/wp-content\/uploads\/2025\/11\/brueckentage2026_windows-SwHvzwEzCfA-unsplash.jpg","type":"image\/jpeg"}],"author":"Maren Keller","twitter_card":"summary_large_image","twitter_misc":{"Verfasst von":"Maren Keller","Gesch\u00e4tzte Lesezeit":"11\u00a0Minuten"},"schema":{"@context":"https:\/\/schema.org","@graph":[{"@type":"Article","@id":"https:\/\/pcspezialist.de\/blog\/2025\/11\/10\/brueckentage-2026\/#article","isPartOf":{"@id":"https:\/\/pcspezialist.de\/blog\/2025\/11\/10\/brueckentage-2026\/"},"author":{"name":"Maren Keller","@id":"https:\/\/pcspezialist.de\/blog\/#\/schema\/person\/e9cb801a8b8ea9138af26a02b8b6d14f"},"headline":"Br\u00fcckentage 2026 ## Tipps f\u00fcr eine stressfreie und betriebsfreundliche Urlaubsplanung","datePublished":"2025-11-10T07:00:25+00:00","mainEntityOfPage":{"@id":"https:\/\/pcspezialist.de\/blog\/2025\/11\/10\/brueckentage-2026\/"},"wordCount":1785,"commentCount":0,"image":{"@id":"https:\/\/pcspezialist.de\/blog\/2025\/11\/10\/brueckentage-2026\/#primaryimage"},"thumbnailUrl":"https:\/\/pcspezialist.de\/blog\/wp-content\/uploads\/2025\/11\/brueckentage2026_windows-SwHvzwEzCfA-unsplash.jpg","keywords":["Arbeitswelt","Urlaub"],"articleSection":["Netzwerk\/Arbeitsplatz"],"inLanguage":"de","potentialAction":[{"@type":"CommentAction","name":"Comment","target":["https:\/\/pcspezialist.de\/blog\/2025\/11\/10\/brueckentage-2026\/#respond"]}]},{"@type":"WebPage","@id":"https:\/\/pcspezialist.de\/blog\/2025\/11\/10\/brueckentage-2026\/","url":"https:\/\/pcspezialist.de\/blog\/2025\/11\/10\/brueckentage-2026\/","name":"Br\u00fcckentage 2026 clever nutzen","isPartOf":{"@id":"https:\/\/pcspezialist.de\/blog\/#website"},"primaryImageOfPage":{"@id":"https:\/\/pcspezialist.de\/blog\/2025\/11\/10\/brueckentage-2026\/#primaryimage"},"image":{"@id":"https:\/\/pcspezialist.de\/blog\/2025\/11\/10\/brueckentage-2026\/#primaryimage"},"thumbnailUrl":"https:\/\/pcspezialist.de\/blog\/wp-content\/uploads\/2025\/11\/brueckentage2026_windows-SwHvzwEzCfA-unsplash.jpg","datePublished":"2025-11-10T07:00:25+00:00","author":{"@id":"https:\/\/pcspezialist.de\/blog\/#\/schema\/person\/e9cb801a8b8ea9138af26a02b8b6d14f"},"description":"Br\u00fcckentage 2026 clever nutzen: So holen KMU und Selbstst\u00e4ndige mit gezielter \u2714 Urlaubsplanung mehr aus ihren freien Tagen heraus.","breadcrumb":{"@id":"https:\/\/pcspezialist.de\/blog\/2025\/11\/10\/brueckentage-2026\/#breadcrumb"},"inLanguage":"de","potentialAction":[{"@type":"ReadAction","target":["https:\/\/pcspezialist.de\/blog\/2025\/11\/10\/brueckentage-2026\/"]}]},{"@type":"ImageObject","inLanguage":"de","@id":"https:\/\/pcspezialist.de\/blog\/2025\/11\/10\/brueckentage-2026\/#primaryimage","url":"https:\/\/pcspezialist.de\/blog\/wp-content\/uploads\/2025\/11\/brueckentage2026_windows-SwHvzwEzCfA-unsplash.jpg","contentUrl":"https:\/\/pcspezialist.de\/blog\/wp-content\/uploads\/2025\/11\/brueckentage2026_windows-SwHvzwEzCfA-unsplash.jpg","width":1500,"height":703,"caption":"Br\u00fcckentage geschickt nutzen. Bild: Unsplash\/windows (https:\/\/unsplash.com\/de\/fotos\/person-die-ipad-in-der-nahe-von-weisser-keramiktasse-und-laptop-halt-SwHvzwEzCfA)"},{"@type":"BreadcrumbList","@id":"https:\/\/pcspezialist.de\/blog\/2025\/11\/10\/brueckentage-2026\/#breadcrumb","itemListElement":[{"@type":"ListItem","position":1,"name":"Startseite","item":"https:\/\/pcspezialist.de\/blog\/"},{"@type":"ListItem","position":2,"name":"Br\u00fcckentage 2026 ## Tipps f\u00fcr eine stressfreie und betriebsfreundliche Urlaubsplanung"}]},{"@type":"WebSite","@id":"https:\/\/pcspezialist.de\/blog\/#website","url":"https:\/\/pcspezialist.de\/blog\/","name":"PC-SPEZIALIST Blog","description":"IT-Service, Trends &amp; Technik","potentialAction":[{"@type":"SearchAction","target":{"@type":"EntryPoint","urlTemplate":"https:\/\/pcspezialist.de\/blog\/?s={search_term_string}"},"query-input":{"@type":"PropertyValueSpecification","valueRequired":true,"valueName":"search_term_string"}}],"inLanguage":"de"},{"@type":"Person","@id":"https:\/\/pcspezialist.de\/blog\/#\/schema\/person\/e9cb801a8b8ea9138af26a02b8b6d14f","name":"Maren Keller","description":"PC-SPEZIALIST ist eine Marke der in Schlo\u00df Holte ans\u00e4ssigen SYNAXON. Seit 2016 arbeitet Maren Keller f\u00fcr den PC-SPEZIALIST-Blog. Gestartet als Online-Redakteurin ist sie mittlerweile Content Marketing Managerin und tr\u00e4gt unter anderem die Verantwortung f\u00fcr die Inhalte des Blogs. In den Jahren 2017 und 2020 hat sie parallel f\u00fcr den Blog des IT-SERVICE.NETWORK geschrieben. Die studierte Germanistin und Politologin hat einen Sp\u00fcrsinn f\u00fcr aktuelle Bedrohungen im IT-Bereich entwickelt und versteht es, das Fachwissen von PC-SPEZIALIST dem Leser verst\u00e4ndlich darzubieten. Nicht zu verleugnen ist allerdings ihre Ungeduld, die sich in flinken Fingern auf der Tastatur zeigt und gleichzeitig f\u00fcr einen hohen Output sorgt. Ihre journalistische Karriere begann Maren Keller Mitte der 1990er Jahre mit dem Verfassen von Sportberichten f\u00fcr die Regionalseiten ihrer Heimatzeitung in Bremerhaven. Nach dem Studium in Hannover, das von zahlreichen Praktika bei Funk, Fernsehen und Zeitung begleitet wurde, kehrte sie f\u00fcr ein journalistisches Volontariat in ihre Heimat zur\u00fcck, um bei der NORDSEE-ZEITUNG den Beruf des Redakteurs von der Pike auf zu lernen und anschlie\u00dfend in der Sportredaktion zu arbeiten. W\u00e4hrend ihrer Elternzeiten und beruflich bedingten Umz\u00fcgen arbeitete sie als freie Journalistin f\u00fcr verschiedene Tageszeitungen und fand 2016 den Weg zur SYNAXON, wo sie heute als Content Marketing Managerin in Lohn und Brot steht. In ihrer Freizeit zeigt sie ihr Talent f\u00fcr\u2019s Schreiben nicht. Stattdessen liegen ihre Schwerpunkt dort im Bereich Haus, Familie, Garten und Hund. Au\u00dferdem ist sie musikalisch unterwegs, bl\u00e4st das Jagdhorn in einem Bl\u00e4serkorps, spielt Klavier und singt im Chor. Sie haben Fragen an Maren Keller? Sie erreichen sie per E-Mail an redaktion@pcspezialist.de","url":"https:\/\/pcspezialist.de\/blog\/author\/maren\/"}]}},"_links":{"self":[{"href":"https:\/\/pcspezialist.de\/blog\/wp-json\/wp\/v2\/posts\/76063","targetHints":{"allow":["GET"]}}],"collection":[{"href":"https:\/\/pcspezialist.de\/blog\/wp-json\/wp\/v2\/posts"}],"about":[{"href":"https:\/\/pcspezialist.de\/blog\/wp-json\/wp\/v2\/types\/post"}],"author":[{"embeddable":true,"href":"https:\/\/pcspezialist.de\/blog\/wp-json\/wp\/v2\/users\/98"}],"replies":[{"embeddable":true,"href":"https:\/\/pcspezialist.de\/blog\/wp-json\/wp\/v2\/comments?post=76063"}],"version-history":[{"count":22,"href":"https:\/\/pcspezialist.de\/blog\/wp-json\/wp\/v2\/posts\/76063\/revisions"}],"predecessor-version":[{"id":76341,"href":"https:\/\/pcspezialist.de\/blog\/wp-json\/wp\/v2\/posts\/76063\/revisions\/76341"}],"wp:featuredmedia":[{"embeddable":true,"href":"https:\/\/pcspezialist.de\/blog\/wp-json\/wp\/v2\/media\/76205"}],"wp:attachment":[{"href":"https:\/\/pcspezialist.de\/blog\/wp-json\/wp\/v2\/media?parent=76063"}],"wp:term":[{"taxonomy":"category","embeddable":true,"href":"https:\/\/pcspezialist.de\/blog\/wp-json\/wp\/v2\/categories?post=76063"},{"taxonomy":"post_tag","embeddable":true,"href":"https:\/\/pcspezialist.de\/blog\/wp-json\/wp\/v2\/tags?post=76063"}],"curies":[{"name":"wp","href":"https:\/\/api.w.org\/{rel}","templated":true}]}}