{"id":73169,"date":"2024-10-28T08:00:34","date_gmt":"2024-10-28T07:00:34","guid":{"rendered":"https:\/\/www.pcspezialist.de\/blog\/?p=73169"},"modified":"2025-04-15T11:48:35","modified_gmt":"2025-04-15T09:48:35","slug":"digital-operational-resilience-act","status":"publish","type":"post","link":"https:\/\/pcspezialist.de\/blog\/2024\/10\/28\/digital-operational-resilience-act\/","title":{"rendered":"Digital Operational Resilience Act ## DORA bringt neue Regularien f\u00fcr Unternehmen"},"content":{"rendered":"<p><strong>Der Digital Operational Resilience Act (DORA) soll daf\u00fcr sorgen, betriebliche Infrastrukturen f\u00fcr Cybersicherheit zu st\u00e4rken und gegen neue Bedrohungen gewappnet zu sein. Daf\u00fcr muss die Vorschrift in betriebliche Compliance-Strategien integriert werden \u2013 eine Herausforderung. <\/strong><\/p>\n<p>Viel Zeit haben Betriebe daf\u00fcr nicht mehr, denn die Umsetzungspflicht naht. Welche Unterst\u00fctzung IT-Dienstleister bieten, erfahren Sie bei uns.<\/p>\n<p><!--more--><\/p>\n<div style=\"background: #f2f2f2; padding: 15px 15px 5px; margin: 30px 0;\">\n<p><strong>Unser Beitrag \u00fcber Digital Operational Resilience Act im \u00dcberblick:\u00a0<\/strong><\/p>\n<ol style=\"line-height: 1.7;\">\n<li><a href=\"#eins\">Was ist der Digital Operational Resilience Act?<\/a>\n<ul style=\"line-height: 1.7;\">\n<li><a href=\"#zwei\">Exkurs: Sicherheitsanforderungen von NIS2<\/a><\/li>\n<\/ul>\n<\/li>\n<li><a href=\"#drei\">Anforderungen des Digital Operational Resilience Act<\/a><\/li>\n<li><a href=\"#vier\">Digital Operational Resilience Act integrieren<\/a><\/li>\n<\/ol>\n<\/div>\n<h2 id=\"eins\">Was ist der Digital Operational Resilience Act?<\/h2>\n<p>Der <strong>Digital Operational Resilience Act (DORA)<\/strong> dient der St\u00e4rkung der digitalen Widerstandsf\u00e4higkeit des europ\u00e4ischen Finanzmarktes. Die Verordnung trat im Januar 2023 in Kraft trat und muss bis 17. Januar 2025 von den betroffenen Unternehmen umgesetzt sein. DORA trifft vor allem <strong>Finanzinstitute<\/strong> mit einer zentralen Rolle auf den europ\u00e4ischen Finanzm\u00e4rkten und <strong>IT-Dienstleister<\/strong>, die als kritisch f\u00fcr den Betrieb dieser Finanzunternehmen eingestuft werden.<\/p>\n<p>DORA verfolgt das Ziel, die <strong>digitale Resilienz von Finanzunternehmen und kritischen ITK-Dienstleistern<\/strong> (Informations- und Kommunikationstechnik-Dienstleistern) zu gew\u00e4hrleisten. Es geht darum, nicht nur die finanzielle Stabilit\u00e4t, sondern vor allem die <strong>Betriebsf\u00e4higkeit bei Cybersicherheitsvorf\u00e4llen<\/strong> sicherzustellen. Betroffene Unternehmen m\u00fcssen IT-Risiken fr\u00fchzeitig erkennen und entsprechende Schutzma\u00dfnahmen treffen.<\/p>\n<p>Ein zentrales Anliegen von DORA ist es, Unternehmen in die Lage zu versetzen, auch bei schwerwiegenden St\u00f6rungen ihrer IT-Systeme handlungsf\u00e4hig zu bleiben. Dazu geh\u00f6ren pr\u00e4ventive Ma\u00dfnahmen wie die <strong>Etablierung von Fr\u00fchwarnsystemen<\/strong> und regelm\u00e4\u00dfige Tests der <a href=\"https:\/\/pcspezialist.de\/blog\/2022\/10\/05\/cyber-resilience\/\">digitalen Resilienz<\/a>. Hier spielt die enge Zusammenarbeit mit IT-Dienstleistern eine entscheidende Rolle.<\/p>\n<div id=\"attachment_73172\" style=\"width: 660px\" class=\"wp-caption alignright\"><img loading=\"lazy\" decoding=\"async\" aria-describedby=\"caption-attachment-73172\" class=\"size-full wp-image-73172\" src=\"https:\/\/pcspezialist.de\/blog\/wp-content\/uploads\/2024\/09\/dora_KI-Bild.jpg\" alt=\"DORA, Digital Operational Resilience Act, EU-Richtlinie, IT-Sicherheit\" width=\"650\" height=\"443\" \/><p id=\"caption-attachment-73172\" class=\"wp-caption-text\">DORA soll die IT-Sicherheit von Unternehmen des Finanzmarktes und die Resilienz gegen Cyberangriffe erh\u00f6hen. Bild: ChatGPT\/DALL-E [Bild mit KI erstellt]<\/p><\/div>\n<h3 id=\"zwei\">Exkurs: Sicherheitsanforderungen von NIS2<\/h3>\n<p>Die <a href=\"https:\/\/pcspezialist.de\/blog\/2023\/05\/17\/nis-2\/\">NIS2-Richtlinie<\/a> wurde im Dezember 2022 verabschiedet und muss im Oktober 2024 umgesetzt sein. Sie richtet sich an eine noch breitere Zielgruppe und betrifft unter anderem <strong>Betreiber kritischer Infrastrukturen<\/strong>, wie im Energie-, Transport- und Gesundheitswesen, aber auch <strong>besonders wichtige Einrichtungen<\/strong>, zu denen viele mittelst\u00e4ndische Unternehmen z\u00e4hlen.<\/p>\n<p><strong>Neue Anforderungen von NIS2 umfassen:<\/strong><\/p>\n<ul>\n<li><strong>Strengere Meldepflichten:<\/strong> Unternehmen m\u00fcssen Cybersicherheitsvorf\u00e4lle innerhalb von 24 Stunden melden.<\/li>\n<li><strong>Erweiterung des betroffenen Unternehmenskreises<\/strong>: Neben gro\u00dfen Unternehmen werden auch viele Mittelst\u00e4ndler st\u00e4rker in die Pflicht genommen.<\/li>\n<li><strong>Verpflichtende Schulungen:<\/strong> Auch die Gesch\u00e4ftsf\u00fchrung muss sich regelm\u00e4\u00dfig in Cybersicherheit schulen lassen.<\/li>\n<li><strong>Erh\u00f6hte Haftung der Gesch\u00e4ftsf\u00fchrung<\/strong> bei Nichteinhaltung.<\/li>\n<\/ul>\n<p>Bei PC-SPEZIALIST k\u00f6nnen Sie pr\u00fcfen, ob Sie unter <a href=\"https:\/\/pcspezialist.de\/themen\/nis2\/\">NIS2<\/a> fallen und was in dem Fall zu tun ist. <a href=\"https:\/\/pcspezialist.de\/standorte\/\">PC-SPEZIALIST in Ihrer N\u00e4he<\/a> unterst\u00fctzt Sie gern dabei.<\/p>\n<h2 id=\"drei\">Anforderungen des Digital Operational Resilience Act<\/h2>\n<p>Die Anforderungen von <strong>DORA<\/strong>\u00a0an Finanzunternehmen umfassen folgende Kernbereiche:<\/p>\n<ul>\n<li><strong>IKT-Risikomanagement<\/strong>: Unternehmen m\u00fcssen eine unabh\u00e4ngige Kontrollfunktion f\u00fcr das Management von IT-Risiken einrichten. Dies beinhaltet den Einsatz resilienter Technologien und die Schulung von Mitarbeitenden in IT-Sicherheit. Zudem m\u00fcssen Kommunikationspl\u00e4ne f\u00fcr interne und externe Zielgruppen entwickelt werden.<\/li>\n<li><strong>Management des IKT-Drittparteienrisikos<\/strong>: Die Risikobewertung bei externen Dienstleistern spielt eine zentrale Rolle. Unternehmen m\u00fcssen Vertragsbeziehungen dokumentieren, \u00fcberwachen und an Beh\u00f6rden melden.<\/li>\n<li><strong>Meldung von IKT-bezogenen Vorf\u00e4llen<\/strong>: Es gibt standardisierte Prozesse zur Meldung von Vorf\u00e4llen, die Kriterien wie Ausfallzeit und betroffene Kunden beinhalten.<\/li>\n<li><strong>Testen der digitalen Resilienz<\/strong>: Unternehmen m\u00fcssen regelm\u00e4\u00dfige Tests ihrer IT-Sicherheit durchf\u00fchren. Systemrelevante Unternehmen m\u00fcssen zudem <a href=\"https:\/\/pcspezialist.de\/blog\/2023\/03\/10\/penetrationstest\/\">Penetrationstests<\/a> durchf\u00fchren.<\/li>\n<li><strong>Informationsaustausch<\/strong>: Finanzunternehmen sollen freiwillig Informationen \u00fcber Cyberbedrohungen austauschen, um die Resilienz des Sektors zu st\u00e4rken.<\/li>\n<\/ul>\n<p>Diese Anforderungen zielen darauf ab, die IT-Sicherheit zu verbessern und den Finanzsektor widerstandsf\u00e4higer gegen Cyberbedrohungen zu machen.<\/p>\n<div id=\"attachment_73171\" style=\"width: 660px\" class=\"wp-caption alignright\"><img loading=\"lazy\" decoding=\"async\" aria-describedby=\"caption-attachment-73171\" class=\"size-full wp-image-73171\" src=\"https:\/\/pcspezialist.de\/blog\/wp-content\/uploads\/2024\/09\/dora_pexels-leeloothefirst-5561913.jpg\" alt=\"DORA, Digital Operational Resilience Act, EU-Richtlinie, IT-Sicherheit\" width=\"650\" height=\"434\" \/><p id=\"caption-attachment-73171\" class=\"wp-caption-text\">Vor allem der Finanzsektor ist von DORA betroffen. Hier soll die Cybersicherheit deutlich erh\u00f6ht werden. Bild: Pexels\/<a href=\"https:\/\/www.pexels.com\/de-de\/foto\/lupe-auf-weissbuch-5561913\/\" target=\"_blank\" rel=\"noopener\">Leeloo The First<\/a><\/p><\/div>\n<h2 id=\"vier\">Digital Operational Resilience Act integrieren<\/h2>\n<p>F\u00fcr Unternehmen wird es jetzt zur Herausforderung, die <strong>Vorgaben von DORA und NIS2<\/strong> in eine bestehende <strong>Compliance-Strategie<\/strong> zu integrieren. Hilfreich ist eine durchdachte IT-Strategie. Experten raten zu einem proaktiven Ansatz und fordern st\u00e4ndige Wachsamkeit, regelm\u00e4\u00dfige Aktualisierungen der Sicherheitsma\u00dfnahmen sowie einen proaktiven Umgang mit neuen Bedrohungen.<\/p>\n<p>Nicht zu untersch\u00e4tzen sind auch die Anforderungen an Ressourcen: Der hohe Aufwand, der Ressourcenbedarf und die Komplexit\u00e4t der Anforderungen seien laut ESET die gr\u00f6\u00dften Herausforderungen. Sie f\u00fchren aber langfristig zu einem verbesserten Schutz vor Cyberangriffen.<\/p>\n<p>Neben den nationalen Cybersicherheitsbeh\u00f6rden und branchenspezifischen Gremien wie der BaFin bieten <strong>IT-Dienstleister<\/strong> wie <a href=\"https:\/\/pcspezialist.de\/standorte\/\">PC-SPEZIALIST<\/a> wertvolle Unterst\u00fctzung und ma\u00dfgeschneiderte Sicherheitsl\u00f6sungen \u2013 speziell auf die Bed\u00fcrfnisse kleiner und mittelst\u00e4ndischer Unternehmen abgestimmt. <a href=\"https:\/\/pcspezialist.de\/ueber-pc-spezialist\/#kontakt\">Kontaktieren Sie uns<\/a>!<\/p>\n<p>_______________________________________________<\/p>\n<p><small>Quellen: <a href=\"https:\/\/www.it-business.de\/nis2-und-dora-jetzt-ist-zeit-zum-handeln-a-782180c3cc4db455bb392d2d86920418\/?cmp=nl-debcc5b3-c93b-4879-839e-0739d3045e48\" target=\"_blank\" rel=\"noopener\">it-business<\/a>, <a href=\"https:\/\/www.bafin.de\/DE\/Aufsicht\/DORA\/DORA_node.html\" target=\"_blank\" rel=\"noopener\">bafin<\/a>, <a href=\"https:\/\/www.eiopa.europa.eu\/digital-operational-resilience-act-dora_en\" target=\"_blank\" rel=\"noopener\">eiopa<\/a>, <a href=\"https:\/\/www.dr-datenschutz.de\/dora-der-digital-operational-resilience-act-kurz-erklaert\/\" target=\"_blank\" rel=\"noopener\">dr-datenschutz<\/a>, <a href=\"https:\/\/unsplash.com\/de\/fotos\/blaue-flagge-auf-mast-in-der-nahe-des-gebaudes-C241mbgtgys\" target=\"_blank\" rel=\"noopener\">Unsplash\/Christian Lue<\/a> (Headerbild)<\/small><\/p>\n","protected":false},"excerpt":{"rendered":"<p>Der Digital Operational Resilience Act (DORA) soll daf\u00fcr sorgen, betriebliche Infrastrukturen f\u00fcr Cybersicherheit zu st\u00e4rken und gegen neue Bedrohungen gewappnet zu sein. Daf\u00fcr muss die Vorschrift in betriebliche Compliance-Strategien integriert werden \u2013 eine Herausforderung. Viel Zeit haben Betriebe daf\u00fcr nicht mehr, denn die Umsetzungspflicht naht. Welche Unterst\u00fctzung IT-Dienstleister bieten, erfahren Sie bei uns.<\/p>\n","protected":false},"author":98,"featured_media":73173,"comment_status":"open","ping_status":"closed","sticky":false,"template":"","format":"standard","meta":{"footnotes":""},"categories":[10500],"tags":[600,7209,10448,10497],"class_list":["post-73169","post","type-post","status-publish","format-standard","has-post-thumbnail","hentry","category-cybersecurity","tag-arbeitswelt","tag-it-sicherheitsmassnahmen","tag-gesetz","tag-geschaeftsentwicklung"],"yoast_head":"<!-- This site is optimized with the Yoast SEO plugin v27.5 - https:\/\/yoast.com\/product\/yoast-seo-wordpress\/ -->\n<title>Digital Operational Resilience Act | DORA | PC-SPEZIALIST<\/title>\n<meta name=\"description\" content=\"\u2714 Digital Operational Resilience Act \u2714 DORA \u2714 Cybersicherheit f\u00fcr Unternehmen. Infos zur Umsetzung von \u2714 PC-SPEZIALIST\" \/>\n<meta name=\"robots\" content=\"index, follow, max-snippet:-1, max-image-preview:large, max-video-preview:-1\" \/>\n<link rel=\"canonical\" href=\"https:\/\/pcspezialist.de\/blog\/2024\/10\/28\/digital-operational-resilience-act\/\" \/>\n<meta property=\"og:locale\" content=\"de_DE\" \/>\n<meta property=\"og:type\" content=\"article\" \/>\n<meta property=\"og:title\" content=\"Digital Operational Resilience Act | DORA | PC-SPEZIALIST\" \/>\n<meta property=\"og:description\" content=\"\u2714 Digital Operational Resilience Act \u2714 DORA \u2714 Cybersicherheit f\u00fcr Unternehmen. Infos zur Umsetzung von \u2714 PC-SPEZIALIST\" \/>\n<meta property=\"og:url\" content=\"https:\/\/pcspezialist.de\/blog\/2024\/10\/28\/digital-operational-resilience-act\/\" \/>\n<meta property=\"og:site_name\" content=\"PC-SPEZIALIST Blog\" \/>\n<meta property=\"article:published_time\" content=\"2024-10-28T07:00:34+00:00\" \/>\n<meta property=\"article:modified_time\" content=\"2025-04-15T09:48:35+00:00\" \/>\n<meta property=\"og:image\" content=\"https:\/\/pcspezialist.de\/blog\/wp-content\/uploads\/2024\/09\/dora_christian-lue-C241mbgtgys-unsplash.jpg\" \/>\n\t<meta property=\"og:image:width\" content=\"1500\" \/>\n\t<meta property=\"og:image:height\" content=\"700\" \/>\n\t<meta property=\"og:image:type\" content=\"image\/jpeg\" \/>\n<meta name=\"author\" content=\"Maren Keller\" \/>\n<meta name=\"twitter:card\" content=\"summary_large_image\" \/>\n<meta name=\"twitter:label1\" content=\"Verfasst von\" \/>\n\t<meta name=\"twitter:data1\" content=\"Maren Keller\" \/>\n\t<meta name=\"twitter:label2\" content=\"Gesch\u00e4tzte Lesezeit\" \/>\n\t<meta name=\"twitter:data2\" content=\"5\u00a0Minuten\" \/>\n<script type=\"application\/ld+json\" class=\"yoast-schema-graph\">{\"@context\":\"https:\\\/\\\/schema.org\",\"@graph\":[{\"@type\":\"Article\",\"@id\":\"https:\\\/\\\/pcspezialist.de\\\/blog\\\/2024\\\/10\\\/28\\\/digital-operational-resilience-act\\\/#article\",\"isPartOf\":{\"@id\":\"https:\\\/\\\/pcspezialist.de\\\/blog\\\/2024\\\/10\\\/28\\\/digital-operational-resilience-act\\\/\"},\"author\":{\"name\":\"Maren Keller\",\"@id\":\"https:\\\/\\\/pcspezialist.de\\\/blog\\\/#\\\/schema\\\/person\\\/e9cb801a8b8ea9138af26a02b8b6d14f\"},\"headline\":\"Digital Operational Resilience Act ## DORA bringt neue Regularien f\u00fcr Unternehmen\",\"datePublished\":\"2024-10-28T07:00:34+00:00\",\"dateModified\":\"2025-04-15T09:48:35+00:00\",\"mainEntityOfPage\":{\"@id\":\"https:\\\/\\\/pcspezialist.de\\\/blog\\\/2024\\\/10\\\/28\\\/digital-operational-resilience-act\\\/\"},\"wordCount\":768,\"commentCount\":0,\"image\":{\"@id\":\"https:\\\/\\\/pcspezialist.de\\\/blog\\\/2024\\\/10\\\/28\\\/digital-operational-resilience-act\\\/#primaryimage\"},\"thumbnailUrl\":\"https:\\\/\\\/pcspezialist.de\\\/blog\\\/wp-content\\\/uploads\\\/2024\\\/09\\\/dora_christian-lue-C241mbgtgys-unsplash.jpg\",\"keywords\":[\"Arbeitswelt\",\"IT-Sicherheitsma\u00dfnahmen\",\"Gesetzliches\",\"Gesch\u00e4ftsentwicklung\"],\"articleSection\":[\"Cybersecurity\"],\"inLanguage\":\"de\",\"potentialAction\":[{\"@type\":\"CommentAction\",\"name\":\"Comment\",\"target\":[\"https:\\\/\\\/pcspezialist.de\\\/blog\\\/2024\\\/10\\\/28\\\/digital-operational-resilience-act\\\/#respond\"]}]},{\"@type\":\"WebPage\",\"@id\":\"https:\\\/\\\/pcspezialist.de\\\/blog\\\/2024\\\/10\\\/28\\\/digital-operational-resilience-act\\\/\",\"url\":\"https:\\\/\\\/pcspezialist.de\\\/blog\\\/2024\\\/10\\\/28\\\/digital-operational-resilience-act\\\/\",\"name\":\"Digital Operational Resilience Act | DORA | PC-SPEZIALIST\",\"isPartOf\":{\"@id\":\"https:\\\/\\\/pcspezialist.de\\\/blog\\\/#website\"},\"primaryImageOfPage\":{\"@id\":\"https:\\\/\\\/pcspezialist.de\\\/blog\\\/2024\\\/10\\\/28\\\/digital-operational-resilience-act\\\/#primaryimage\"},\"image\":{\"@id\":\"https:\\\/\\\/pcspezialist.de\\\/blog\\\/2024\\\/10\\\/28\\\/digital-operational-resilience-act\\\/#primaryimage\"},\"thumbnailUrl\":\"https:\\\/\\\/pcspezialist.de\\\/blog\\\/wp-content\\\/uploads\\\/2024\\\/09\\\/dora_christian-lue-C241mbgtgys-unsplash.jpg\",\"datePublished\":\"2024-10-28T07:00:34+00:00\",\"dateModified\":\"2025-04-15T09:48:35+00:00\",\"author\":{\"@id\":\"https:\\\/\\\/pcspezialist.de\\\/blog\\\/#\\\/schema\\\/person\\\/e9cb801a8b8ea9138af26a02b8b6d14f\"},\"description\":\"\u2714 Digital Operational Resilience Act \u2714 DORA \u2714 Cybersicherheit f\u00fcr Unternehmen. Infos zur Umsetzung von \u2714 PC-SPEZIALIST\",\"breadcrumb\":{\"@id\":\"https:\\\/\\\/pcspezialist.de\\\/blog\\\/2024\\\/10\\\/28\\\/digital-operational-resilience-act\\\/#breadcrumb\"},\"inLanguage\":\"de\",\"potentialAction\":[{\"@type\":\"ReadAction\",\"target\":[\"https:\\\/\\\/pcspezialist.de\\\/blog\\\/2024\\\/10\\\/28\\\/digital-operational-resilience-act\\\/\"]}]},{\"@type\":\"ImageObject\",\"inLanguage\":\"de\",\"@id\":\"https:\\\/\\\/pcspezialist.de\\\/blog\\\/2024\\\/10\\\/28\\\/digital-operational-resilience-act\\\/#primaryimage\",\"url\":\"https:\\\/\\\/pcspezialist.de\\\/blog\\\/wp-content\\\/uploads\\\/2024\\\/09\\\/dora_christian-lue-C241mbgtgys-unsplash.jpg\",\"contentUrl\":\"https:\\\/\\\/pcspezialist.de\\\/blog\\\/wp-content\\\/uploads\\\/2024\\\/09\\\/dora_christian-lue-C241mbgtgys-unsplash.jpg\",\"width\":1500,\"height\":700,\"caption\":\"DORA, Digital Operational Resilience Act ist eine EU-Richtlinie, die die IT-Sicherheit der Finanzbranche im Blick hat. Bild: Unsplash\\\/Christian Lue (https:\\\/\\\/unsplash.com\\\/de\\\/fotos\\\/blaue-flagge-auf-mast-in-der-nahe-des-gebaudes-C241mbgtgys)\"},{\"@type\":\"BreadcrumbList\",\"@id\":\"https:\\\/\\\/pcspezialist.de\\\/blog\\\/2024\\\/10\\\/28\\\/digital-operational-resilience-act\\\/#breadcrumb\",\"itemListElement\":[{\"@type\":\"ListItem\",\"position\":1,\"name\":\"Startseite\",\"item\":\"https:\\\/\\\/pcspezialist.de\\\/blog\\\/\"},{\"@type\":\"ListItem\",\"position\":2,\"name\":\"Digital Operational Resilience Act ## DORA bringt neue Regularien f\u00fcr Unternehmen\"}]},{\"@type\":\"WebSite\",\"@id\":\"https:\\\/\\\/pcspezialist.de\\\/blog\\\/#website\",\"url\":\"https:\\\/\\\/pcspezialist.de\\\/blog\\\/\",\"name\":\"PC-SPEZIALIST Blog\",\"description\":\"IT-Service, Trends &amp; Technik\",\"potentialAction\":[{\"@type\":\"SearchAction\",\"target\":{\"@type\":\"EntryPoint\",\"urlTemplate\":\"https:\\\/\\\/pcspezialist.de\\\/blog\\\/?s={search_term_string}\"},\"query-input\":{\"@type\":\"PropertyValueSpecification\",\"valueRequired\":true,\"valueName\":\"search_term_string\"}}],\"inLanguage\":\"de\"},{\"@type\":\"Person\",\"@id\":\"https:\\\/\\\/pcspezialist.de\\\/blog\\\/#\\\/schema\\\/person\\\/e9cb801a8b8ea9138af26a02b8b6d14f\",\"name\":\"Maren Keller\",\"description\":\"PC-SPEZIALIST ist eine Marke der in Schlo\u00df Holte ans\u00e4ssigen SYNAXON. Seit 2016 arbeitet Maren Keller f\u00fcr den PC-SPEZIALIST-Blog. Gestartet als Online-Redakteurin ist sie mittlerweile Content Marketing Managerin und tr\u00e4gt unter anderem die Verantwortung f\u00fcr die Inhalte des Blogs. In den Jahren 2017 und 2020 hat sie parallel f\u00fcr den Blog des IT-SERVICE.NETWORK geschrieben. Die studierte Germanistin und Politologin hat einen Sp\u00fcrsinn f\u00fcr aktuelle Bedrohungen im IT-Bereich entwickelt und versteht es, das Fachwissen von PC-SPEZIALIST dem Leser verst\u00e4ndlich darzubieten. Nicht zu verleugnen ist allerdings ihre Ungeduld, die sich in flinken Fingern auf der Tastatur zeigt und gleichzeitig f\u00fcr einen hohen Output sorgt. Ihre journalistische Karriere begann Maren Keller Mitte der 1990er Jahre mit dem Verfassen von Sportberichten f\u00fcr die Regionalseiten ihrer Heimatzeitung in Bremerhaven. Nach dem Studium in Hannover, das von zahlreichen Praktika bei Funk, Fernsehen und Zeitung begleitet wurde, kehrte sie f\u00fcr ein journalistisches Volontariat in ihre Heimat zur\u00fcck, um bei der NORDSEE-ZEITUNG den Beruf des Redakteurs von der Pike auf zu lernen und anschlie\u00dfend in der Sportredaktion zu arbeiten. W\u00e4hrend ihrer Elternzeiten und beruflich bedingten Umz\u00fcgen arbeitete sie als freie Journalistin f\u00fcr verschiedene Tageszeitungen und fand 2016 den Weg zur SYNAXON, wo sie heute als Content Marketing Managerin in Lohn und Brot steht. In ihrer Freizeit zeigt sie ihr Talent f\u00fcr\u2019s Schreiben nicht. Stattdessen liegen ihre Schwerpunkt dort im Bereich Haus, Familie, Garten und Hund. Au\u00dferdem ist sie musikalisch unterwegs, bl\u00e4st das Jagdhorn in einem Bl\u00e4serkorps, spielt Klavier und singt im Chor. Sie haben Fragen an Maren Keller? Sie erreichen sie per E-Mail an redaktion@pcspezialist.de\",\"url\":\"https:\\\/\\\/pcspezialist.de\\\/blog\\\/author\\\/maren\\\/\"}]}<\/script>\n<!-- \/ Yoast SEO plugin. -->","yoast_head_json":{"title":"Digital Operational Resilience Act | DORA | PC-SPEZIALIST","description":"\u2714 Digital Operational Resilience Act \u2714 DORA \u2714 Cybersicherheit f\u00fcr Unternehmen. Infos zur Umsetzung von \u2714 PC-SPEZIALIST","robots":{"index":"index","follow":"follow","max-snippet":"max-snippet:-1","max-image-preview":"max-image-preview:large","max-video-preview":"max-video-preview:-1"},"canonical":"https:\/\/pcspezialist.de\/blog\/2024\/10\/28\/digital-operational-resilience-act\/","og_locale":"de_DE","og_type":"article","og_title":"Digital Operational Resilience Act | DORA | PC-SPEZIALIST","og_description":"\u2714 Digital Operational Resilience Act \u2714 DORA \u2714 Cybersicherheit f\u00fcr Unternehmen. Infos zur Umsetzung von \u2714 PC-SPEZIALIST","og_url":"https:\/\/pcspezialist.de\/blog\/2024\/10\/28\/digital-operational-resilience-act\/","og_site_name":"PC-SPEZIALIST Blog","article_published_time":"2024-10-28T07:00:34+00:00","article_modified_time":"2025-04-15T09:48:35+00:00","og_image":[{"width":1500,"height":700,"url":"https:\/\/pcspezialist.de\/blog\/wp-content\/uploads\/2024\/09\/dora_christian-lue-C241mbgtgys-unsplash.jpg","type":"image\/jpeg"}],"author":"Maren Keller","twitter_card":"summary_large_image","twitter_misc":{"Verfasst von":"Maren Keller","Gesch\u00e4tzte Lesezeit":"5\u00a0Minuten"},"schema":{"@context":"https:\/\/schema.org","@graph":[{"@type":"Article","@id":"https:\/\/pcspezialist.de\/blog\/2024\/10\/28\/digital-operational-resilience-act\/#article","isPartOf":{"@id":"https:\/\/pcspezialist.de\/blog\/2024\/10\/28\/digital-operational-resilience-act\/"},"author":{"name":"Maren Keller","@id":"https:\/\/pcspezialist.de\/blog\/#\/schema\/person\/e9cb801a8b8ea9138af26a02b8b6d14f"},"headline":"Digital Operational Resilience Act ## DORA bringt neue Regularien f\u00fcr Unternehmen","datePublished":"2024-10-28T07:00:34+00:00","dateModified":"2025-04-15T09:48:35+00:00","mainEntityOfPage":{"@id":"https:\/\/pcspezialist.de\/blog\/2024\/10\/28\/digital-operational-resilience-act\/"},"wordCount":768,"commentCount":0,"image":{"@id":"https:\/\/pcspezialist.de\/blog\/2024\/10\/28\/digital-operational-resilience-act\/#primaryimage"},"thumbnailUrl":"https:\/\/pcspezialist.de\/blog\/wp-content\/uploads\/2024\/09\/dora_christian-lue-C241mbgtgys-unsplash.jpg","keywords":["Arbeitswelt","IT-Sicherheitsma\u00dfnahmen","Gesetzliches","Gesch\u00e4ftsentwicklung"],"articleSection":["Cybersecurity"],"inLanguage":"de","potentialAction":[{"@type":"CommentAction","name":"Comment","target":["https:\/\/pcspezialist.de\/blog\/2024\/10\/28\/digital-operational-resilience-act\/#respond"]}]},{"@type":"WebPage","@id":"https:\/\/pcspezialist.de\/blog\/2024\/10\/28\/digital-operational-resilience-act\/","url":"https:\/\/pcspezialist.de\/blog\/2024\/10\/28\/digital-operational-resilience-act\/","name":"Digital Operational Resilience Act | DORA | PC-SPEZIALIST","isPartOf":{"@id":"https:\/\/pcspezialist.de\/blog\/#website"},"primaryImageOfPage":{"@id":"https:\/\/pcspezialist.de\/blog\/2024\/10\/28\/digital-operational-resilience-act\/#primaryimage"},"image":{"@id":"https:\/\/pcspezialist.de\/blog\/2024\/10\/28\/digital-operational-resilience-act\/#primaryimage"},"thumbnailUrl":"https:\/\/pcspezialist.de\/blog\/wp-content\/uploads\/2024\/09\/dora_christian-lue-C241mbgtgys-unsplash.jpg","datePublished":"2024-10-28T07:00:34+00:00","dateModified":"2025-04-15T09:48:35+00:00","author":{"@id":"https:\/\/pcspezialist.de\/blog\/#\/schema\/person\/e9cb801a8b8ea9138af26a02b8b6d14f"},"description":"\u2714 Digital Operational Resilience Act \u2714 DORA \u2714 Cybersicherheit f\u00fcr Unternehmen. Infos zur Umsetzung von \u2714 PC-SPEZIALIST","breadcrumb":{"@id":"https:\/\/pcspezialist.de\/blog\/2024\/10\/28\/digital-operational-resilience-act\/#breadcrumb"},"inLanguage":"de","potentialAction":[{"@type":"ReadAction","target":["https:\/\/pcspezialist.de\/blog\/2024\/10\/28\/digital-operational-resilience-act\/"]}]},{"@type":"ImageObject","inLanguage":"de","@id":"https:\/\/pcspezialist.de\/blog\/2024\/10\/28\/digital-operational-resilience-act\/#primaryimage","url":"https:\/\/pcspezialist.de\/blog\/wp-content\/uploads\/2024\/09\/dora_christian-lue-C241mbgtgys-unsplash.jpg","contentUrl":"https:\/\/pcspezialist.de\/blog\/wp-content\/uploads\/2024\/09\/dora_christian-lue-C241mbgtgys-unsplash.jpg","width":1500,"height":700,"caption":"DORA, Digital Operational Resilience Act ist eine EU-Richtlinie, die die IT-Sicherheit der Finanzbranche im Blick hat. Bild: Unsplash\/Christian Lue (https:\/\/unsplash.com\/de\/fotos\/blaue-flagge-auf-mast-in-der-nahe-des-gebaudes-C241mbgtgys)"},{"@type":"BreadcrumbList","@id":"https:\/\/pcspezialist.de\/blog\/2024\/10\/28\/digital-operational-resilience-act\/#breadcrumb","itemListElement":[{"@type":"ListItem","position":1,"name":"Startseite","item":"https:\/\/pcspezialist.de\/blog\/"},{"@type":"ListItem","position":2,"name":"Digital Operational Resilience Act ## DORA bringt neue Regularien f\u00fcr Unternehmen"}]},{"@type":"WebSite","@id":"https:\/\/pcspezialist.de\/blog\/#website","url":"https:\/\/pcspezialist.de\/blog\/","name":"PC-SPEZIALIST Blog","description":"IT-Service, Trends &amp; Technik","potentialAction":[{"@type":"SearchAction","target":{"@type":"EntryPoint","urlTemplate":"https:\/\/pcspezialist.de\/blog\/?s={search_term_string}"},"query-input":{"@type":"PropertyValueSpecification","valueRequired":true,"valueName":"search_term_string"}}],"inLanguage":"de"},{"@type":"Person","@id":"https:\/\/pcspezialist.de\/blog\/#\/schema\/person\/e9cb801a8b8ea9138af26a02b8b6d14f","name":"Maren Keller","description":"PC-SPEZIALIST ist eine Marke der in Schlo\u00df Holte ans\u00e4ssigen SYNAXON. Seit 2016 arbeitet Maren Keller f\u00fcr den PC-SPEZIALIST-Blog. Gestartet als Online-Redakteurin ist sie mittlerweile Content Marketing Managerin und tr\u00e4gt unter anderem die Verantwortung f\u00fcr die Inhalte des Blogs. In den Jahren 2017 und 2020 hat sie parallel f\u00fcr den Blog des IT-SERVICE.NETWORK geschrieben. Die studierte Germanistin und Politologin hat einen Sp\u00fcrsinn f\u00fcr aktuelle Bedrohungen im IT-Bereich entwickelt und versteht es, das Fachwissen von PC-SPEZIALIST dem Leser verst\u00e4ndlich darzubieten. Nicht zu verleugnen ist allerdings ihre Ungeduld, die sich in flinken Fingern auf der Tastatur zeigt und gleichzeitig f\u00fcr einen hohen Output sorgt. Ihre journalistische Karriere begann Maren Keller Mitte der 1990er Jahre mit dem Verfassen von Sportberichten f\u00fcr die Regionalseiten ihrer Heimatzeitung in Bremerhaven. Nach dem Studium in Hannover, das von zahlreichen Praktika bei Funk, Fernsehen und Zeitung begleitet wurde, kehrte sie f\u00fcr ein journalistisches Volontariat in ihre Heimat zur\u00fcck, um bei der NORDSEE-ZEITUNG den Beruf des Redakteurs von der Pike auf zu lernen und anschlie\u00dfend in der Sportredaktion zu arbeiten. W\u00e4hrend ihrer Elternzeiten und beruflich bedingten Umz\u00fcgen arbeitete sie als freie Journalistin f\u00fcr verschiedene Tageszeitungen und fand 2016 den Weg zur SYNAXON, wo sie heute als Content Marketing Managerin in Lohn und Brot steht. In ihrer Freizeit zeigt sie ihr Talent f\u00fcr\u2019s Schreiben nicht. Stattdessen liegen ihre Schwerpunkt dort im Bereich Haus, Familie, Garten und Hund. Au\u00dferdem ist sie musikalisch unterwegs, bl\u00e4st das Jagdhorn in einem Bl\u00e4serkorps, spielt Klavier und singt im Chor. Sie haben Fragen an Maren Keller? Sie erreichen sie per E-Mail an redaktion@pcspezialist.de","url":"https:\/\/pcspezialist.de\/blog\/author\/maren\/"}]}},"_links":{"self":[{"href":"https:\/\/pcspezialist.de\/blog\/wp-json\/wp\/v2\/posts\/73169","targetHints":{"allow":["GET"]}}],"collection":[{"href":"https:\/\/pcspezialist.de\/blog\/wp-json\/wp\/v2\/posts"}],"about":[{"href":"https:\/\/pcspezialist.de\/blog\/wp-json\/wp\/v2\/types\/post"}],"author":[{"embeddable":true,"href":"https:\/\/pcspezialist.de\/blog\/wp-json\/wp\/v2\/users\/98"}],"replies":[{"embeddable":true,"href":"https:\/\/pcspezialist.de\/blog\/wp-json\/wp\/v2\/comments?post=73169"}],"version-history":[{"count":6,"href":"https:\/\/pcspezialist.de\/blog\/wp-json\/wp\/v2\/posts\/73169\/revisions"}],"predecessor-version":[{"id":74760,"href":"https:\/\/pcspezialist.de\/blog\/wp-json\/wp\/v2\/posts\/73169\/revisions\/74760"}],"wp:featuredmedia":[{"embeddable":true,"href":"https:\/\/pcspezialist.de\/blog\/wp-json\/wp\/v2\/media\/73173"}],"wp:attachment":[{"href":"https:\/\/pcspezialist.de\/blog\/wp-json\/wp\/v2\/media?parent=73169"}],"wp:term":[{"taxonomy":"category","embeddable":true,"href":"https:\/\/pcspezialist.de\/blog\/wp-json\/wp\/v2\/categories?post=73169"},{"taxonomy":"post_tag","embeddable":true,"href":"https:\/\/pcspezialist.de\/blog\/wp-json\/wp\/v2\/tags?post=73169"}],"curies":[{"name":"wp","href":"https:\/\/api.w.org\/{rel}","templated":true}]}}