{"id":67391,"date":"2023-09-01T10:30:13","date_gmt":"2023-09-01T08:30:13","guid":{"rendered":"https:\/\/www.pcspezialist.de\/blog\/?p=67391"},"modified":"2024-11-05T07:18:28","modified_gmt":"2024-11-05T06:18:28","slug":"fristlose-kuendigung","status":"publish","type":"post","link":"https:\/\/pcspezialist.de\/blog\/2023\/09\/01\/fristlose-kuendigung\/","title":{"rendered":"Fristlose K\u00fcndigung ## Beleidigungen per WhatsApp k\u00f6nnen den Job kosten"},"content":{"rendered":"<p><strong> Beleidigungen und Schm\u00e4hungen im scheinbar anonymen Raum, den sozialen Medien, sind leider allt\u00e4glich. Auch der Chef kann zum Opfer werden. Die Folge f\u00fcr den hetzenden Arbeitnehmer kann die fristlose K\u00fcndigung sein.<\/strong><\/p>\n<p>Ob die rechtens ist und wie deutsche Gerichte im Fall von Beleidigungen auf WhatsApp urteilen, erfahren Sie hier.<\/p>\n<p><!--more--><\/p>\n<div style=\"background: #f2f2f2; padding: 15px 15px 5px; margin: 30px 0;\">\n<p><strong>Unser Beitrag \u00fcber die fristlose K\u00fcndigung im \u00dcberblick:<\/strong><\/p>\n<ol style=\"line-height: 1.7;\">\n<li><a href=\"#eins\">Fristlose K\u00fcndigung nach Beleidigung<\/a><\/li>\n<li><a href=\"#zwei\">Chatgruppe kein rechtsfreier Raum<\/a><\/li>\n<li><a href=\"#drei\">Chat als Grund f\u00fcr fristlose K\u00fcndigung<\/a><\/li>\n<li><a href=\"#vier\">\u00c4rger \u00fcber schlechte IT? PC-SPEZIALIST hilft!<\/a><\/li>\n<\/ol>\n<\/div>\n<h2 id=\"eins\">Fristlose K\u00fcndigung nach Beleidigung<\/h2>\n<p>Wer sich seinem Chef oder Kollegen gegen\u00fcber \u201ein stark beleidigender, rassistischer, sexistischer und zu Gewalt aufstachelnder Weise\u201c \u00e4u\u00dfert, dem droht die <strong>fristlose K\u00fcndigung<\/strong>. Und zwar auch dann, wenn die \u00c4u\u00dferungen in einem <strong>privaten Chat get\u00e4tigt<\/strong> wurden.<\/p>\n<p>Auf die Vertraulichkeit solcher \u00c4u\u00dferungen kann sich der Urheber n\u00e4mlich nur im Ausnahmenfall berufen, wie das Bundesarbeitsgericht in Erfurt (Az.: 2 AZR 17\/23) jetzt entschieden hat. Das zeigt, Hass im Netz ist weit mehr als ein Kavaliersdelikt und zwar auch in geschlossenen und somit privaten Chatgruppen auf WhatsApp.<\/p>\n<p>Genau dort n\u00e4mlich hatten die <strong>Beleidigungen<\/strong> stattgefunden: In einer privaten <strong>WhatsApp-Gruppe<\/strong> unter sieben Kollegen von TUIfly aus Hannover. Unter anderem hie\u00df es dort: \u201eUnsere Piloten m\u00fcssten alle vergast werden\u201c oder \u201eIch sehne den Tag herbei wo diese Bude anf\u00e4ngt zu brennen\u201c. Ursache f\u00fcr die \u00c4u\u00dferungen waren Konflikte mit dem Arbeitgeber. Eines der Gruppenmitglieder gab Teile des Chatverlaufs weiter, der schlie\u00dflich beim Betriebsrat landete. Der Arbeitgeber reagierte mit fristlosen K\u00fcndigungen, denen der Betriebsrat zustimmte.<\/p>\n<div id=\"attachment_67428\" style=\"width: 448px\" class=\"wp-caption alignright\"><img loading=\"lazy\" decoding=\"async\" aria-describedby=\"caption-attachment-67428\" class=\"size-medium wp-image-67428\" src=\"https:\/\/pcspezialist.de\/blog\/wp-content\/uploads\/2023\/08\/fristlose-kuendigung_pexels-sora-shimazaki-5669602-438x500.jpg\" alt=\"Bild: Pexels\/Sora Shimazaki (https:\/\/www.pexels.com\/de-de\/foto\/urteilsskala-und-hammer-im-richteramt-5669602\/)\" width=\"438\" height=\"500\" srcset=\"https:\/\/pcspezialist.de\/blog\/wp-content\/uploads\/2023\/08\/fristlose-kuendigung_pexels-sora-shimazaki-5669602-438x500.jpg 438w, https:\/\/pcspezialist.de\/blog\/wp-content\/uploads\/2023\/08\/fristlose-kuendigung_pexels-sora-shimazaki-5669602.jpg 570w\" sizes=\"auto, (max-width: 438px) 100vw, 438px\" \/><p id=\"caption-attachment-67428\" class=\"wp-caption-text\">Eine private Chatgruppe ist kein rechtsfreier Raum, urteilte jetzt das Bundesarbeitsgericht. Bild: Pexels\/<a href=\"https:\/\/www.pexels.com\/de-de\/foto\/urteilsskala-und-hammer-im-richteramt-5669602\/\" target=\"_blank\" rel=\"noopener\">Sora Shimazaki<\/a><\/p><\/div>\n<h2 id=\"zwei\">Chatgruppe kein rechtsfreier Raum<\/h2>\n<p>Die Arbeitnehmer wehrten sich zun\u00e4chst erfolgreich gegen die K\u00fcndigung. Sie beriefen sich n\u00e4mlich auf die im <strong>Grundgesetz<\/strong> gesch\u00fctzte <strong>vertrauliche Kommunikation<\/strong>, der der Gruppenchat gedient habe. Und das Landesarbeitsgericht gab der K\u00fcndigungsschutzklage (Az.: 15 Sa 284\/22) statt. Es erkl\u00e4rte, dass die Betroffenen davon ausgehen konnten, dass ihre \u00c4u\u00dferungen in der WhatsApp-Gruppe vertraulich waren.<\/p>\n<p>Dem widersprach das Bundesarbeitsgericht nun. Auch eine <strong>private Chatgruppe<\/strong> ist <strong>kein rechtsfreier Raum<\/strong>. Und \u00c4u\u00dferungen, die weit mehr als nur unter die G\u00fcrtellinie gehen, k\u00f6nnen, wenn sie bekannt werden, schwerwiegende Folgen nach sich ziehen.<\/p>\n<p>Deshalb urteilte das Bundesarbeitsgericht, dass Arbeitnehmer bei <strong>beleidigenden und menschenverachtenden \u00c4u\u00dferungen<\/strong> auch in einem <strong>privaten WhatsApp-Chat<\/strong> mit einer fristlosen K\u00fcndigung rechnen m\u00fcssen. Doch was ist mit der im Grundgesetz verankerten vertraulichen Kommunikation?<\/p>\n<h2 id=\"drei\">Chat als Grund f\u00fcr fristlose K\u00fcndigung<\/h2>\n<p>W\u00e4hrend der Anwalt des beklagten Arbeitgebers ganz klar feststellte, dass auch eine <strong>geschlossene WhatsApp-Gruppe kein Bollwerk gegen die Au\u00dfenwelt<\/strong> sei, warnte der Anwalt der Arbeitnehmer vor <strong>weitreichenden Konsequenzen der Entscheidung<\/strong>. Seiner Meinung nach k\u00f6nne niemand mehr auf Vertraulichkeit bauen. \u201eDas Briefgeheimnis ist quasi ge\u00f6ffnet\u201c, sagte er.<\/p>\n<p>Aber, so urteilte das Gericht, eine Vertraulichkeitserwartung sei nur dann berechtigt, wenn die Mitglieder der Chatgruppe den besonderen pers\u00f6nlichkeitsrechtlichen Schutz einer Sph\u00e4re vertraulicher Kommunikation in Anspruch nehmen k\u00f6nnen. Oder anders: Es kommt auf die Nachricht und die Gr\u00f6\u00dfe der Gruppe an.<\/p>\n<p>Bislang war die Rechtsprechung der Arbeitsgerichte unterschiedlich. Denn Chat-Inhalte k\u00f6nnen stets gespeichert und weitergeleitet werden \u2013 anders als das gesprochene Wort in einem privaten Raum. Der Bonner Arbeitsrechtler Gregor Th\u00fcsing erkl\u00e4rt, dass <strong>Beleidigungen mit betrieblichem Bezug<\/strong> \u201eein klassischer <strong>Grund f\u00fcr eine fristlose K\u00fcndigung<\/strong>\u201c seien. Kein Wunder also, dass grobe Beleidigungen und Ehrverletzungen von Kollegen und Arbeitgebern in den sozialen Medien immer \u00f6fter vor Gericht landen. Das Spektrum ist breit, es reicht von der Weiterleitung intimer Fotos bis zur K\u00fcndigung per WhatsApp.<\/p>\n<div id=\"attachment_67430\" style=\"width: 660px\" class=\"wp-caption alignright\"><img loading=\"lazy\" decoding=\"async\" aria-describedby=\"caption-attachment-67430\" class=\"size-full wp-image-67430\" src=\"https:\/\/pcspezialist.de\/blog\/wp-content\/uploads\/2023\/08\/fristlose-kuendigung_AdobeStock_\u00a9Wolfilser_332219100.jpg\" alt=\"fristlose K\u00fcndigung: Arbeitsvertrag mit K\u00fcndigungsschreiben. Bild: \u00a9Wolfilser stock.adobe.com (https:\/\/stock.adobe.com\/de\/images\/kundigung-von-arbeitsvertrag-und-arbeitsplatz\/332219100?asset_id=332219100)\" width=\"650\" height=\"433\" \/><p id=\"caption-attachment-67430\" class=\"wp-caption-text\">Bevor Sie eine K\u00fcndigung riskieren, suchen Sie lieber das kl\u00e4rende Gespr\u00e4ch. Bild: \u00a9<a href=\"https:\/\/stock.adobe.com\/de\/images\/kundigung-von-arbeitsvertrag-und-arbeitsplatz\/332219100?asset_id=332219100\" target=\"_blank\" rel=\"noopener\">Wolfilser<\/a>\/ stock.adobe.com<\/p><\/div>\n<h2 id=\"vier\">\u00c4rger \u00fcber schlechte IT? PC-SPEZIALIST hilft!<\/h2>\n<p>Unser Tipp: Lassen Sie sich auch nicht in einem scheinbar sicheren Chat zu \u00c4u\u00dferungen hinrei\u00dfen, die Sie hinterher bereuen k\u00f6nnten. Egal, wie sehr Sie sich \u00fcber Ihren Vorgesetzten \u00e4rgern, <strong>verletzende Beleidigungen<\/strong> sind immer<strong> fehl am Platze<\/strong>.<\/p>\n<p>Vielleicht \u00e4rgern Sie sich sogar \u00fcber eine schlechte IT-Ausstattung oder ein fehlendes <a href=\"https:\/\/pcspezialist.de\/blog\/2020\/10\/28\/diensthandy\/\">Diensthandy<\/a>? Auch das ist kein Grund f\u00fcr \u00fcble Nachrede und Hetzereien. Suchen Sie doch lieber das Gespr\u00e4ch oder, wenn gar nichts mehr am Arbeitsplatz stimmt, einen neuen Arbeitgeber. Dann sind Sie Teil des <a href=\"https:\/\/pcspezialist.de\/blog\/2022\/12\/28\/the-big-quit\/\">Big Quit<\/a>. Und vielleicht stellen Sie hinterher fest, wie gut der alte Job war und wollen zur\u00fcck zur alten Firma. Haben Sie sich allerdings so verhalten, dass Ihnen eine <strong>fristlose K\u00fcndigung<\/strong> drohte, ist an <a href=\"https:\/\/pcspezialist.de\/blog\/2023\/02\/15\/job-boomeranging\/\">Job Boomeranging<\/a> nicht zu denken.<\/p>\n<p>In Sachen IT ist <a href=\"https:\/\/pcspezialist.de\/?utm_source=blog&amp;utm_medium=fristlose-kuendigung&amp;utm_campaign=startseite\">PC-SPEZIALIST<\/a> auf jeden Fall der richtige Ansprechpartner. Ihr Firmenlaptop ist defekt? Empfehlen Sie Ihrem Chef die IT-Experten von <a href=\"https:\/\/pcspezialist.de\/standorte\/?utm_source=blog&amp;utm_medium=fristlose-kuendigung&amp;utm_campaign=standorte\">PC-SPEZIALIST in Ihrer N\u00e4he<\/a>, damit Ihre <a href=\"https:\/\/pcspezialist.de\/firmen\/it-ausstattung\/?utm_source=blog&amp;utm_medium=fristlose-kuendigung&amp;utm_campaign=it-ausstattung\">IT-Ausstattung<\/a> wieder dem neuesten Stand der Technik entspricht.<\/p>\n<p>_______________________________________________<\/p>\n<p><small>Quellen: <a href=\"https:\/\/www.it-daily.net\/shortnews\/beleidigung-und-schmaehung-per-whatsapp-kuendigung-rechtens\" target=\"_blank\" rel=\"noopener\">it-daily<\/a>, <a href=\"https:\/\/www.heise.de\/news\/Kuendigung-wegen-Beleidigung-des-Chefs-in-privater-WhatsApp-Gruppe-moeglich-9284284.html\" target=\"_blank\" rel=\"noopener\">heise<\/a>, <a href=\"https:\/\/www.bundesarbeitsgericht.de\/sitzungsergebnis\/2-azr-17-23\/\" target=\"_blank\" rel=\"noopener\">Bundesarbeitsgericht<\/a>, <a href=\"https:\/\/www.bundesarbeitsgericht.de\/presse\/kuendigung-wegen-aeusserungen-in-einer-chatgruppe\/\" target=\"_blank\" rel=\"noopener\">Bundesarbeitsgericht<\/a>, <a href=\"https:\/\/www.tagesschau.de\/inland\/gesellschaft\/whatsapp-kuendigung-100.html\" target=\"_blank\" rel=\"noopener\">tagesschau<\/a>, <a href=\"https:\/\/www.lto.de\/recht\/nachrichten\/n\/2azr1723-bag-fristlose-kuendigung-whatsapp-beleidigung-arbeitsrecht-vertraulichkeit\/#:~:text=Ist%20eine%20kleine%20WhatsApp%2DGruppe,beleidigend%20%C3%A4u%C3%9Fert%2C%20kann%20gek%C3%BCndigt%20werden.\" target=\"_blank\" rel=\"noopener\">lto<\/a>, <a href=\"https:\/\/www.pexels.com\/de-de\/foto\/hande-smartphone-festhalten-bildschirm-12355752\/\" target=\"_blank\" rel=\"noopener\">Pexels\/Vladislav \u0160migelski<\/a> (Headerbild)<\/small><\/p>\n","protected":false},"excerpt":{"rendered":"<p>Beleidigungen und Schm\u00e4hungen im scheinbar anonymen Raum, den sozialen Medien, sind leider allt\u00e4glich. Auch der Chef kann zum Opfer werden. Die Folge f\u00fcr den hetzenden Arbeitnehmer kann die fristlose K\u00fcndigung sein. Ob die rechtens ist und wie deutsche Gerichte im Fall von Beleidigungen auf WhatsApp urteilen, erfahren Sie hier.<\/p>\n","protected":false},"author":98,"featured_media":67429,"comment_status":"open","ping_status":"closed","sticky":false,"template":"","format":"standard","meta":{"footnotes":""},"categories":[10501],"tags":[600,2192,3764,10498],"class_list":["post-67391","post","type-post","status-publish","format-standard","has-post-thumbnail","hentry","category-netzwerk-arbeitsplatz","tag-arbeitswelt","tag-messenger","tag-whatsapp","tag-unternehmensfuehrung"],"yoast_head":"<!-- This site is optimized with the Yoast SEO plugin v27.5 - https:\/\/yoast.com\/product\/yoast-seo-wordpress\/ -->\n<title>Fristlose K\u00fcndigung nach Beleidigungen per WhatsApp<\/title>\n<meta name=\"description\" content=\"Auch in einer privaten \u2714 Chatgruppe darf man seinen Chef nicht beleidigen. Tut man es, droht die \u2714 fristlose K\u00fcndigung. Alle Infos hier.\" \/>\n<meta name=\"robots\" content=\"index, follow, max-snippet:-1, max-image-preview:large, max-video-preview:-1\" \/>\n<link rel=\"canonical\" href=\"https:\/\/pcspezialist.de\/blog\/2023\/09\/01\/fristlose-kuendigung\/\" \/>\n<meta property=\"og:locale\" content=\"de_DE\" \/>\n<meta property=\"og:type\" content=\"article\" \/>\n<meta property=\"og:title\" content=\"Fristlose K\u00fcndigung nach Beleidigungen per WhatsApp\" \/>\n<meta property=\"og:description\" content=\"Auch in einer privaten \u2714 Chatgruppe darf man seinen Chef nicht beleidigen. Tut man es, droht die \u2714 fristlose K\u00fcndigung. Alle Infos hier.\" \/>\n<meta property=\"og:url\" content=\"https:\/\/pcspezialist.de\/blog\/2023\/09\/01\/fristlose-kuendigung\/\" \/>\n<meta property=\"og:site_name\" content=\"PC-SPEZIALIST Blog\" \/>\n<meta property=\"article:published_time\" content=\"2023-09-01T08:30:13+00:00\" \/>\n<meta property=\"article:modified_time\" content=\"2024-11-05T06:18:28+00:00\" \/>\n<meta property=\"og:image\" content=\"https:\/\/pcspezialist.de\/blog\/wp-content\/uploads\/2023\/08\/fristlose-kuendigung_pexels-vladislav-smigelski-12355752.jpg\" \/>\n\t<meta property=\"og:image:width\" content=\"1500\" \/>\n\t<meta property=\"og:image:height\" content=\"700\" \/>\n\t<meta property=\"og:image:type\" content=\"image\/jpeg\" \/>\n<meta name=\"author\" content=\"Maren Keller\" \/>\n<meta name=\"twitter:card\" content=\"summary_large_image\" \/>\n<meta name=\"twitter:label1\" content=\"Verfasst von\" \/>\n\t<meta name=\"twitter:data1\" content=\"Maren Keller\" \/>\n\t<meta name=\"twitter:label2\" content=\"Gesch\u00e4tzte Lesezeit\" \/>\n\t<meta name=\"twitter:data2\" content=\"5\u00a0Minuten\" \/>\n<script type=\"application\/ld+json\" class=\"yoast-schema-graph\">{\"@context\":\"https:\\\/\\\/schema.org\",\"@graph\":[{\"@type\":\"Article\",\"@id\":\"https:\\\/\\\/pcspezialist.de\\\/blog\\\/2023\\\/09\\\/01\\\/fristlose-kuendigung\\\/#article\",\"isPartOf\":{\"@id\":\"https:\\\/\\\/pcspezialist.de\\\/blog\\\/2023\\\/09\\\/01\\\/fristlose-kuendigung\\\/\"},\"author\":{\"name\":\"Maren Keller\",\"@id\":\"https:\\\/\\\/pcspezialist.de\\\/blog\\\/#\\\/schema\\\/person\\\/e9cb801a8b8ea9138af26a02b8b6d14f\"},\"headline\":\"Fristlose K\u00fcndigung ## Beleidigungen per WhatsApp k\u00f6nnen den Job kosten\",\"datePublished\":\"2023-09-01T08:30:13+00:00\",\"dateModified\":\"2024-11-05T06:18:28+00:00\",\"mainEntityOfPage\":{\"@id\":\"https:\\\/\\\/pcspezialist.de\\\/blog\\\/2023\\\/09\\\/01\\\/fristlose-kuendigung\\\/\"},\"wordCount\":821,\"commentCount\":0,\"image\":{\"@id\":\"https:\\\/\\\/pcspezialist.de\\\/blog\\\/2023\\\/09\\\/01\\\/fristlose-kuendigung\\\/#primaryimage\"},\"thumbnailUrl\":\"https:\\\/\\\/pcspezialist.de\\\/blog\\\/wp-content\\\/uploads\\\/2023\\\/08\\\/fristlose-kuendigung_pexels-vladislav-smigelski-12355752.jpg\",\"keywords\":[\"Arbeitswelt\",\"Messenger\",\"WhatsApp\",\"Unternehmensf\u00fchrung\"],\"articleSection\":[\"Netzwerk\\\/Arbeitsplatz\"],\"inLanguage\":\"de\",\"potentialAction\":[{\"@type\":\"CommentAction\",\"name\":\"Comment\",\"target\":[\"https:\\\/\\\/pcspezialist.de\\\/blog\\\/2023\\\/09\\\/01\\\/fristlose-kuendigung\\\/#respond\"]}]},{\"@type\":\"WebPage\",\"@id\":\"https:\\\/\\\/pcspezialist.de\\\/blog\\\/2023\\\/09\\\/01\\\/fristlose-kuendigung\\\/\",\"url\":\"https:\\\/\\\/pcspezialist.de\\\/blog\\\/2023\\\/09\\\/01\\\/fristlose-kuendigung\\\/\",\"name\":\"Fristlose K\u00fcndigung nach Beleidigungen per WhatsApp\",\"isPartOf\":{\"@id\":\"https:\\\/\\\/pcspezialist.de\\\/blog\\\/#website\"},\"primaryImageOfPage\":{\"@id\":\"https:\\\/\\\/pcspezialist.de\\\/blog\\\/2023\\\/09\\\/01\\\/fristlose-kuendigung\\\/#primaryimage\"},\"image\":{\"@id\":\"https:\\\/\\\/pcspezialist.de\\\/blog\\\/2023\\\/09\\\/01\\\/fristlose-kuendigung\\\/#primaryimage\"},\"thumbnailUrl\":\"https:\\\/\\\/pcspezialist.de\\\/blog\\\/wp-content\\\/uploads\\\/2023\\\/08\\\/fristlose-kuendigung_pexels-vladislav-smigelski-12355752.jpg\",\"datePublished\":\"2023-09-01T08:30:13+00:00\",\"dateModified\":\"2024-11-05T06:18:28+00:00\",\"author\":{\"@id\":\"https:\\\/\\\/pcspezialist.de\\\/blog\\\/#\\\/schema\\\/person\\\/e9cb801a8b8ea9138af26a02b8b6d14f\"},\"description\":\"Auch in einer privaten \u2714 Chatgruppe darf man seinen Chef nicht beleidigen. Tut man es, droht die \u2714 fristlose K\u00fcndigung. Alle Infos hier.\",\"breadcrumb\":{\"@id\":\"https:\\\/\\\/pcspezialist.de\\\/blog\\\/2023\\\/09\\\/01\\\/fristlose-kuendigung\\\/#breadcrumb\"},\"inLanguage\":\"de\",\"potentialAction\":[{\"@type\":\"ReadAction\",\"target\":[\"https:\\\/\\\/pcspezialist.de\\\/blog\\\/2023\\\/09\\\/01\\\/fristlose-kuendigung\\\/\"]}]},{\"@type\":\"ImageObject\",\"inLanguage\":\"de\",\"@id\":\"https:\\\/\\\/pcspezialist.de\\\/blog\\\/2023\\\/09\\\/01\\\/fristlose-kuendigung\\\/#primaryimage\",\"url\":\"https:\\\/\\\/pcspezialist.de\\\/blog\\\/wp-content\\\/uploads\\\/2023\\\/08\\\/fristlose-kuendigung_pexels-vladislav-smigelski-12355752.jpg\",\"contentUrl\":\"https:\\\/\\\/pcspezialist.de\\\/blog\\\/wp-content\\\/uploads\\\/2023\\\/08\\\/fristlose-kuendigung_pexels-vladislav-smigelski-12355752.jpg\",\"width\":1500,\"height\":700,\"caption\":\"Beleidigungen und Hetzereien \u00fcber Kollegen und Vorgesetzte in einer WhatsApp-Gruppe k\u00f6nnen die K\u00fcndigung zur Folge haben. Bild: Pexels\\\/Vladislav \u0160migelski\"},{\"@type\":\"BreadcrumbList\",\"@id\":\"https:\\\/\\\/pcspezialist.de\\\/blog\\\/2023\\\/09\\\/01\\\/fristlose-kuendigung\\\/#breadcrumb\",\"itemListElement\":[{\"@type\":\"ListItem\",\"position\":1,\"name\":\"Startseite\",\"item\":\"https:\\\/\\\/pcspezialist.de\\\/blog\\\/\"},{\"@type\":\"ListItem\",\"position\":2,\"name\":\"Fristlose K\u00fcndigung ## Beleidigungen per WhatsApp k\u00f6nnen den Job kosten\"}]},{\"@type\":\"WebSite\",\"@id\":\"https:\\\/\\\/pcspezialist.de\\\/blog\\\/#website\",\"url\":\"https:\\\/\\\/pcspezialist.de\\\/blog\\\/\",\"name\":\"PC-SPEZIALIST Blog\",\"description\":\"IT-Service, Trends &amp; Technik\",\"potentialAction\":[{\"@type\":\"SearchAction\",\"target\":{\"@type\":\"EntryPoint\",\"urlTemplate\":\"https:\\\/\\\/pcspezialist.de\\\/blog\\\/?s={search_term_string}\"},\"query-input\":{\"@type\":\"PropertyValueSpecification\",\"valueRequired\":true,\"valueName\":\"search_term_string\"}}],\"inLanguage\":\"de\"},{\"@type\":\"Person\",\"@id\":\"https:\\\/\\\/pcspezialist.de\\\/blog\\\/#\\\/schema\\\/person\\\/e9cb801a8b8ea9138af26a02b8b6d14f\",\"name\":\"Maren Keller\",\"description\":\"PC-SPEZIALIST ist eine Marke der in Schlo\u00df Holte ans\u00e4ssigen SYNAXON. Seit 2016 arbeitet Maren Keller f\u00fcr den PC-SPEZIALIST-Blog. Gestartet als Online-Redakteurin ist sie mittlerweile Content Marketing Managerin und tr\u00e4gt unter anderem die Verantwortung f\u00fcr die Inhalte des Blogs. In den Jahren 2017 und 2020 hat sie parallel f\u00fcr den Blog des IT-SERVICE.NETWORK geschrieben. Die studierte Germanistin und Politologin hat einen Sp\u00fcrsinn f\u00fcr aktuelle Bedrohungen im IT-Bereich entwickelt und versteht es, das Fachwissen von PC-SPEZIALIST dem Leser verst\u00e4ndlich darzubieten. Nicht zu verleugnen ist allerdings ihre Ungeduld, die sich in flinken Fingern auf der Tastatur zeigt und gleichzeitig f\u00fcr einen hohen Output sorgt. Ihre journalistische Karriere begann Maren Keller Mitte der 1990er Jahre mit dem Verfassen von Sportberichten f\u00fcr die Regionalseiten ihrer Heimatzeitung in Bremerhaven. Nach dem Studium in Hannover, das von zahlreichen Praktika bei Funk, Fernsehen und Zeitung begleitet wurde, kehrte sie f\u00fcr ein journalistisches Volontariat in ihre Heimat zur\u00fcck, um bei der NORDSEE-ZEITUNG den Beruf des Redakteurs von der Pike auf zu lernen und anschlie\u00dfend in der Sportredaktion zu arbeiten. W\u00e4hrend ihrer Elternzeiten und beruflich bedingten Umz\u00fcgen arbeitete sie als freie Journalistin f\u00fcr verschiedene Tageszeitungen und fand 2016 den Weg zur SYNAXON, wo sie heute als Content Marketing Managerin in Lohn und Brot steht. In ihrer Freizeit zeigt sie ihr Talent f\u00fcr\u2019s Schreiben nicht. Stattdessen liegen ihre Schwerpunkt dort im Bereich Haus, Familie, Garten und Hund. Au\u00dferdem ist sie musikalisch unterwegs, bl\u00e4st das Jagdhorn in einem Bl\u00e4serkorps, spielt Klavier und singt im Chor. Sie haben Fragen an Maren Keller? Sie erreichen sie per E-Mail an redaktion@pcspezialist.de\",\"url\":\"https:\\\/\\\/pcspezialist.de\\\/blog\\\/author\\\/maren\\\/\"}]}<\/script>\n<!-- \/ Yoast SEO plugin. -->","yoast_head_json":{"title":"Fristlose K\u00fcndigung nach Beleidigungen per WhatsApp","description":"Auch in einer privaten \u2714 Chatgruppe darf man seinen Chef nicht beleidigen. Tut man es, droht die \u2714 fristlose K\u00fcndigung. Alle Infos hier.","robots":{"index":"index","follow":"follow","max-snippet":"max-snippet:-1","max-image-preview":"max-image-preview:large","max-video-preview":"max-video-preview:-1"},"canonical":"https:\/\/pcspezialist.de\/blog\/2023\/09\/01\/fristlose-kuendigung\/","og_locale":"de_DE","og_type":"article","og_title":"Fristlose K\u00fcndigung nach Beleidigungen per WhatsApp","og_description":"Auch in einer privaten \u2714 Chatgruppe darf man seinen Chef nicht beleidigen. Tut man es, droht die \u2714 fristlose K\u00fcndigung. Alle Infos hier.","og_url":"https:\/\/pcspezialist.de\/blog\/2023\/09\/01\/fristlose-kuendigung\/","og_site_name":"PC-SPEZIALIST Blog","article_published_time":"2023-09-01T08:30:13+00:00","article_modified_time":"2024-11-05T06:18:28+00:00","og_image":[{"width":1500,"height":700,"url":"https:\/\/pcspezialist.de\/blog\/wp-content\/uploads\/2023\/08\/fristlose-kuendigung_pexels-vladislav-smigelski-12355752.jpg","type":"image\/jpeg"}],"author":"Maren Keller","twitter_card":"summary_large_image","twitter_misc":{"Verfasst von":"Maren Keller","Gesch\u00e4tzte Lesezeit":"5\u00a0Minuten"},"schema":{"@context":"https:\/\/schema.org","@graph":[{"@type":"Article","@id":"https:\/\/pcspezialist.de\/blog\/2023\/09\/01\/fristlose-kuendigung\/#article","isPartOf":{"@id":"https:\/\/pcspezialist.de\/blog\/2023\/09\/01\/fristlose-kuendigung\/"},"author":{"name":"Maren Keller","@id":"https:\/\/pcspezialist.de\/blog\/#\/schema\/person\/e9cb801a8b8ea9138af26a02b8b6d14f"},"headline":"Fristlose K\u00fcndigung ## Beleidigungen per WhatsApp k\u00f6nnen den Job kosten","datePublished":"2023-09-01T08:30:13+00:00","dateModified":"2024-11-05T06:18:28+00:00","mainEntityOfPage":{"@id":"https:\/\/pcspezialist.de\/blog\/2023\/09\/01\/fristlose-kuendigung\/"},"wordCount":821,"commentCount":0,"image":{"@id":"https:\/\/pcspezialist.de\/blog\/2023\/09\/01\/fristlose-kuendigung\/#primaryimage"},"thumbnailUrl":"https:\/\/pcspezialist.de\/blog\/wp-content\/uploads\/2023\/08\/fristlose-kuendigung_pexels-vladislav-smigelski-12355752.jpg","keywords":["Arbeitswelt","Messenger","WhatsApp","Unternehmensf\u00fchrung"],"articleSection":["Netzwerk\/Arbeitsplatz"],"inLanguage":"de","potentialAction":[{"@type":"CommentAction","name":"Comment","target":["https:\/\/pcspezialist.de\/blog\/2023\/09\/01\/fristlose-kuendigung\/#respond"]}]},{"@type":"WebPage","@id":"https:\/\/pcspezialist.de\/blog\/2023\/09\/01\/fristlose-kuendigung\/","url":"https:\/\/pcspezialist.de\/blog\/2023\/09\/01\/fristlose-kuendigung\/","name":"Fristlose K\u00fcndigung nach Beleidigungen per WhatsApp","isPartOf":{"@id":"https:\/\/pcspezialist.de\/blog\/#website"},"primaryImageOfPage":{"@id":"https:\/\/pcspezialist.de\/blog\/2023\/09\/01\/fristlose-kuendigung\/#primaryimage"},"image":{"@id":"https:\/\/pcspezialist.de\/blog\/2023\/09\/01\/fristlose-kuendigung\/#primaryimage"},"thumbnailUrl":"https:\/\/pcspezialist.de\/blog\/wp-content\/uploads\/2023\/08\/fristlose-kuendigung_pexels-vladislav-smigelski-12355752.jpg","datePublished":"2023-09-01T08:30:13+00:00","dateModified":"2024-11-05T06:18:28+00:00","author":{"@id":"https:\/\/pcspezialist.de\/blog\/#\/schema\/person\/e9cb801a8b8ea9138af26a02b8b6d14f"},"description":"Auch in einer privaten \u2714 Chatgruppe darf man seinen Chef nicht beleidigen. Tut man es, droht die \u2714 fristlose K\u00fcndigung. Alle Infos hier.","breadcrumb":{"@id":"https:\/\/pcspezialist.de\/blog\/2023\/09\/01\/fristlose-kuendigung\/#breadcrumb"},"inLanguage":"de","potentialAction":[{"@type":"ReadAction","target":["https:\/\/pcspezialist.de\/blog\/2023\/09\/01\/fristlose-kuendigung\/"]}]},{"@type":"ImageObject","inLanguage":"de","@id":"https:\/\/pcspezialist.de\/blog\/2023\/09\/01\/fristlose-kuendigung\/#primaryimage","url":"https:\/\/pcspezialist.de\/blog\/wp-content\/uploads\/2023\/08\/fristlose-kuendigung_pexels-vladislav-smigelski-12355752.jpg","contentUrl":"https:\/\/pcspezialist.de\/blog\/wp-content\/uploads\/2023\/08\/fristlose-kuendigung_pexels-vladislav-smigelski-12355752.jpg","width":1500,"height":700,"caption":"Beleidigungen und Hetzereien \u00fcber Kollegen und Vorgesetzte in einer WhatsApp-Gruppe k\u00f6nnen die K\u00fcndigung zur Folge haben. Bild: Pexels\/Vladislav \u0160migelski"},{"@type":"BreadcrumbList","@id":"https:\/\/pcspezialist.de\/blog\/2023\/09\/01\/fristlose-kuendigung\/#breadcrumb","itemListElement":[{"@type":"ListItem","position":1,"name":"Startseite","item":"https:\/\/pcspezialist.de\/blog\/"},{"@type":"ListItem","position":2,"name":"Fristlose K\u00fcndigung ## Beleidigungen per WhatsApp k\u00f6nnen den Job kosten"}]},{"@type":"WebSite","@id":"https:\/\/pcspezialist.de\/blog\/#website","url":"https:\/\/pcspezialist.de\/blog\/","name":"PC-SPEZIALIST Blog","description":"IT-Service, Trends &amp; Technik","potentialAction":[{"@type":"SearchAction","target":{"@type":"EntryPoint","urlTemplate":"https:\/\/pcspezialist.de\/blog\/?s={search_term_string}"},"query-input":{"@type":"PropertyValueSpecification","valueRequired":true,"valueName":"search_term_string"}}],"inLanguage":"de"},{"@type":"Person","@id":"https:\/\/pcspezialist.de\/blog\/#\/schema\/person\/e9cb801a8b8ea9138af26a02b8b6d14f","name":"Maren Keller","description":"PC-SPEZIALIST ist eine Marke der in Schlo\u00df Holte ans\u00e4ssigen SYNAXON. Seit 2016 arbeitet Maren Keller f\u00fcr den PC-SPEZIALIST-Blog. Gestartet als Online-Redakteurin ist sie mittlerweile Content Marketing Managerin und tr\u00e4gt unter anderem die Verantwortung f\u00fcr die Inhalte des Blogs. In den Jahren 2017 und 2020 hat sie parallel f\u00fcr den Blog des IT-SERVICE.NETWORK geschrieben. Die studierte Germanistin und Politologin hat einen Sp\u00fcrsinn f\u00fcr aktuelle Bedrohungen im IT-Bereich entwickelt und versteht es, das Fachwissen von PC-SPEZIALIST dem Leser verst\u00e4ndlich darzubieten. Nicht zu verleugnen ist allerdings ihre Ungeduld, die sich in flinken Fingern auf der Tastatur zeigt und gleichzeitig f\u00fcr einen hohen Output sorgt. Ihre journalistische Karriere begann Maren Keller Mitte der 1990er Jahre mit dem Verfassen von Sportberichten f\u00fcr die Regionalseiten ihrer Heimatzeitung in Bremerhaven. Nach dem Studium in Hannover, das von zahlreichen Praktika bei Funk, Fernsehen und Zeitung begleitet wurde, kehrte sie f\u00fcr ein journalistisches Volontariat in ihre Heimat zur\u00fcck, um bei der NORDSEE-ZEITUNG den Beruf des Redakteurs von der Pike auf zu lernen und anschlie\u00dfend in der Sportredaktion zu arbeiten. W\u00e4hrend ihrer Elternzeiten und beruflich bedingten Umz\u00fcgen arbeitete sie als freie Journalistin f\u00fcr verschiedene Tageszeitungen und fand 2016 den Weg zur SYNAXON, wo sie heute als Content Marketing Managerin in Lohn und Brot steht. In ihrer Freizeit zeigt sie ihr Talent f\u00fcr\u2019s Schreiben nicht. Stattdessen liegen ihre Schwerpunkt dort im Bereich Haus, Familie, Garten und Hund. Au\u00dferdem ist sie musikalisch unterwegs, bl\u00e4st das Jagdhorn in einem Bl\u00e4serkorps, spielt Klavier und singt im Chor. Sie haben Fragen an Maren Keller? Sie erreichen sie per E-Mail an redaktion@pcspezialist.de","url":"https:\/\/pcspezialist.de\/blog\/author\/maren\/"}]}},"_links":{"self":[{"href":"https:\/\/pcspezialist.de\/blog\/wp-json\/wp\/v2\/posts\/67391","targetHints":{"allow":["GET"]}}],"collection":[{"href":"https:\/\/pcspezialist.de\/blog\/wp-json\/wp\/v2\/posts"}],"about":[{"href":"https:\/\/pcspezialist.de\/blog\/wp-json\/wp\/v2\/types\/post"}],"author":[{"embeddable":true,"href":"https:\/\/pcspezialist.de\/blog\/wp-json\/wp\/v2\/users\/98"}],"replies":[{"embeddable":true,"href":"https:\/\/pcspezialist.de\/blog\/wp-json\/wp\/v2\/comments?post=67391"}],"version-history":[{"count":13,"href":"https:\/\/pcspezialist.de\/blog\/wp-json\/wp\/v2\/posts\/67391\/revisions"}],"predecessor-version":[{"id":67977,"href":"https:\/\/pcspezialist.de\/blog\/wp-json\/wp\/v2\/posts\/67391\/revisions\/67977"}],"wp:featuredmedia":[{"embeddable":true,"href":"https:\/\/pcspezialist.de\/blog\/wp-json\/wp\/v2\/media\/67429"}],"wp:attachment":[{"href":"https:\/\/pcspezialist.de\/blog\/wp-json\/wp\/v2\/media?parent=67391"}],"wp:term":[{"taxonomy":"category","embeddable":true,"href":"https:\/\/pcspezialist.de\/blog\/wp-json\/wp\/v2\/categories?post=67391"},{"taxonomy":"post_tag","embeddable":true,"href":"https:\/\/pcspezialist.de\/blog\/wp-json\/wp\/v2\/tags?post=67391"}],"curies":[{"name":"wp","href":"https:\/\/api.w.org\/{rel}","templated":true}]}}