{"id":65879,"date":"2021-01-05T10:45:00","date_gmt":"2021-01-05T09:45:00","guid":{"rendered":"https:\/\/www.pcspezialist.de\/blog\/?p=65879"},"modified":"2024-11-04T14:18:16","modified_gmt":"2024-11-04T13:18:16","slug":"kinder-selfie","status":"publish","type":"post","link":"https:\/\/pcspezialist.de\/blog\/2021\/01\/05\/kinder-selfie\/","title":{"rendered":"Kinder-Selfies ## Tipps f\u00fcr Eltern und Schutz vor Gefahren in der Online-Welt"},"content":{"rendered":"<p><strong>In Zeiten, in denen fast jeder ein Smartphone zur Verf\u00fcgung hat und sich viele Jugendliche und junge Erwachsene auf Instagram, TikTok, YouTube und Co. pr\u00e4sentieren, sollten vor allem die Eltern wissen, was sie beachten sollten, wenn ihre Kinder Selfies aufnehmen und online stellen.<\/strong><\/p>\n<p>Die Selbstdarstellung im Internet kennt kaum Grenzen. Erfahren Sie mehr zu Kinder-Selfies.<\/p>\n<p><!--more--><\/p>\n<div style=\"background: #f2f2f2; padding: 15px 15px 5px; margin: 30px 0;\">\n<p><strong>Unser Beitrag \u00fcber Kinder-Selfies im \u00dcberblick:\u00a0<\/strong><\/p>\n<ol style=\"line-height: 1.7;\">\n<li><a href=\"#1\">Kinder-Selfies \u2013 geht es um reine Selbstverliebtheit?<\/a><\/li>\n<li><a href=\"#2\">Selfies gibt es, seit es Fotoapparate gibt<\/a><\/li>\n<li><a href=\"#3\">Kinder-Selfies ver\u00e4ndern Sichtbarkeit<\/a><\/li>\n<li><a href=\"#4\">Kinder-Selfies: Schutz und Kontrolle durch Eltern<\/a><\/li>\n<li><a href=\"#5\">Bilder online stellen \u2013 welche Gefahren lauern?<\/a>\n<ul style=\"line-height: 1.7;\">\n<li><a href=\"#5b\">Cybermobbing als Gefahr nicht untersch\u00e4tzen<\/a><\/li>\n<li><a href=\"https:\/\/pcspezialist.de\/blog\/2023\/03\/15\/ki-halluzinationen\/\">Selfies und der Datenschutz<\/a><\/li>\n<\/ul>\n<\/li>\n<li><a href=\"#6\">Kinder-Selfies: So knipsen Teenies gute Fotos<\/a><\/li>\n<li><a href=\"#7\">Gefahren erkennen und fr\u00fchzeitig verhindern<\/a><\/li>\n<\/ol>\n<\/div>\n<h2 id=\"1\">Kinder-Selfies \u2013 geht es um reine Selbstverliebtheit?<\/h2>\n<p>Egal, ob tanzend vor der Kamera oder in jungen Jahren schon geschminkt wie Gro\u00dfe \u2013 wenn solche Bilder im Internet erscheinen, ist es mit der Kontrolle vorbei, wer wann was mit dem Bild macht. Warum lieben es Kinder und Jugendliche, dauernd Fotos von sich zu machen? Warum wissen sie schon in jungen Jahren, wie sie posieren m\u00fcssen, um den Eltern zu gefallen? Sind <strong>Kinder<\/strong>\u00a0heute wirklich so\u00a0<strong>selbstverliebt<\/strong>? Das fragen sich viele Eltern.<\/p>\n<p>Doch die Grundlage daf\u00fcr legen die Eltern selbst. Von Geburt an wird der Nachwuchs in allen Lebenslagen geknipst und diese Bilder werden munter per WhatsApp, Facebook und Co. mit der Welt geteilt. Die Kinder lernen, dass sie ihre Eltern entz\u00fccken k\u00f6nnen, wenn sie s\u00fc\u00dfe Posen oder den allergr\u00f6\u00dften Bl\u00f6dsinn machen. Sie <strong>lernen<\/strong>\u00a0also\u00a0<strong>sehr fr\u00fch<\/strong>, sich selbst\u00a0<strong>darzustellen<\/strong>.<\/p>\n<p>Welche Auswirkungen das st\u00e4ndige Fotografieren und die daraus resultierende Vorzeigbarkeit auf die Psyche hat, ist noch nicht erforscht. Doch Jutta Wiesemann, Professorin f\u00fcr Erziehungswissenschaft an der Universit\u00e4t Siegen, sagt in der S\u00fcddeutschen Zeitung: \u201eWir wissen, dass sie <strong>Auswirkungen<\/strong>\u00a0haben wird \u2013\u00a0<strong>auf<\/strong>\u00a0unsere\u00a0<strong>Vorstellung von Personen<\/strong>\u00a0<strong>und<\/strong>\u00a0deren\u00a0<strong>Identit\u00e4t<\/strong>.\u201c<\/p>\n<div id=\"attachment_65895\" style=\"width: 660px\" class=\"wp-caption alignright\"><img loading=\"lazy\" decoding=\"async\" aria-describedby=\"caption-attachment-65895\" class=\"size-full wp-image-65895\" src=\"https:\/\/pcspezialist.de\/blog\/wp-content\/uploads\/2023\/03\/kinder-selfies_Bild2_650x450.jpg\" alt=\"Kinder-Selfies\" width=\"650\" height=\"450\" \/><p id=\"caption-attachment-65895\" class=\"wp-caption-text\">Kinder sind es von klein auf gewohnt, fotografiert zu werden. Kein Wunder, wenn sie sich sp\u00e4ter gern Selfies knipsen. Bild: Unsplash\/<a href=\"https:\/\/unsplash.com\/de\/@punttim\" target=\"_blank\" rel=\"noopener\">@punttim<\/a><\/p><\/div>\n<h2 id=\"2\">Selfies gibt es, seit es Fotoapparate gibt<\/h2>\n<p>Kinder sind es also von klein auf gewohnt, dass Bilder von ihnen gemacht werden. Und dieses Ph\u00e4nomen ist nicht neu. Auch wenn vor der Smartphone-Zeit die Filme und die Entwicklung f\u00fcr klassische Fotos recht teuer waren, so wurde auch damals schon die Kamera f\u00fcr <strong>Selbstportraits<\/strong>\u00a0benutzt \u2013 allerdings weniger ausgepr\u00e4gt und nat\u00fcrlich ohne die M\u00f6glichkeit, die Bilder direkt bei Instagram, WhatsApp und Co. hochzuladen. Bis heute sind denn auch die guten alten\u00a0<strong>Passfotoautomaten<\/strong>\u00a0bei Jugendlichen\u00a0<strong>schwer beliebt<\/strong>. Da wir uns nicht selbst sehen, beantworten Selfies die Frage \u201eWer bin ich?\u201c.<\/p>\n<p>Doch erst mit dem <strong>Upload in die sozialen Netzwerke<\/strong>\u00a0bekommen wir\u00a0<strong>Feedback<\/strong>\u00a0auf unsere Fotos. \u201eBin ich beliebt?\u201c, \u201eBin ich attraktiv?\u201c und \u201eWie finden mich andere?\u201c sind die Fragen, die durch Kommentare und Reaktionen beantwortet werden. Doch es geht um mehr als die Suche nach Anerkennung.<\/p>\n<h2 id=\"3\">Kinder-Selfies ver\u00e4ndern Sichtbarkeit<\/h2>\n<p>Durch die\u00a0<strong>Selbstinszenierung<\/strong>\u00a0mit Schminke, stylischen Posen und modischen Klamotten k\u00f6nnen Jugendliche, die weder Kind noch Erwachsener sind, ihre\u00a0<strong>Sichtbarkeit in der Online-Welt ver\u00e4ndern<\/strong>. Wer erinnert sich nicht an die Situation, dass die Verk\u00e4uferin beim B\u00e4cker den erwachsenen Kunden dem Teenie vorzieht? In den sozialen Netzwerken ist dagegen oftmals kaum erkennbar, ob das Foto eine 13-J\u00e4hrige oder 23-J\u00e4hrige zeigt.<\/p>\n<p>Doch genau solche Kinder-Selfies haben einen <strong>gro\u00dfen Nachteil<\/strong>. Der Charakter des Einzelnen tritt immer weiter in den Hintergrund, die\u00a0<strong>Bedeutung des \u00c4u\u00dferen<\/strong>\u00a0wird zunehmend\u00a0<strong>wichtiger<\/strong>. Der Druck, mit anderen mithalten zu m\u00fcssen, steigt. K\u00f6nnen Jugendliche diesem Druck nicht standhalten, sind ungute Gef\u00fchle bis hin zur v\u00f6lligen\u00a0<strong>Verzweiflung<\/strong>\u00a0die Folge. Gibt es dann auch noch b\u00f6se Kommentare, ist der Schritt zum\u00a0<a title=\"Cybermobbing\" href=\"https:\/\/pcspezialist.de\/blog\/2019\/07\/23\/hasskommentare-instagram\/\">Cybermobbing<\/a>\u00a0nur noch klein. Das Ziel der Selfie-Knipser, die Kontrolle \u00fcber ihr Au\u00dfenbild zu behalten, wird nicht erreicht. Im\u00a0<strong>Internet<\/strong>\u00a0gibt es\u00a0<strong>keine Kontrolle<\/strong>\u00a0dar\u00fcber, was andere mit den eigenen Fotos machen.<\/p>\n<div id=\"attachment_65897\" style=\"width: 650px\" class=\"wp-caption alignright\"><img loading=\"lazy\" decoding=\"async\" aria-describedby=\"caption-attachment-65897\" class=\"size-full wp-image-65897\" src=\"https:\/\/pcspezialist.de\/blog\/wp-content\/uploads\/2023\/04\/kinder-selfies_pexels-min-an-1213974.jpg\" alt=\"Kontrollm\u00f6glichkeiten bei Kinder-Selfies\" width=\"640\" height=\"400\" \/><p id=\"caption-attachment-65897\" class=\"wp-caption-text\">Ein harmloses Selfie am Strand. Ist es erst einmal online, gibt es keine Kontrollm\u00f6glichkeit mehr. Bild: Pexels\/<a href=\"https:\/\/www.pexels.com\/de-de\/foto\/frau-die-an-der-kuste-steht-und-selfie-mit-einbeinstativ-tagsuber-nimmt-1213974\/\" target=\"_blank\" rel=\"noopener\">Min An<\/a><\/p><\/div>\n<h2 id=\"4\">Kinder-Selfies: Schutz und Kontrolle durch Eltern<\/h2>\n<p>Eine Frage, die sich sicherlich viele Eltern stellen: Was k\u00f6nnen sie tun, um ihre Kinder vor den\u00a0<a title=\"Gefahren im Internet\" href=\"https:\/\/pcspezialist.de\/blog\/2018\/06\/25\/kinder-gefahren-im-internet\/\">Gefahren im Internet<\/a>\u00a0zu sch\u00fctzen? Wo ist\u00a0<strong>Kontrolle notwendig<\/strong>\u00a0und wie soll sie aussehen?<\/p>\n<p>S\u00e4mtliche Erziehungsma\u00dfnahmen sind heikel, denn die Teenies m\u00f6chten sich beim Thema Selfie nicht reinreden lassen. Eine Einmischung \u2013 erst recht durch die Eltern, von denen sie sich in diesem Altern abnabeln wollen \u2013 wird als <strong>Angriff auf die Privatsph\u00e4re<\/strong>\u00a0verstanden. Dennoch d\u00fcrfen Eltern die Gefahren nicht untersch\u00e4tzen und wom\u00f6glich unt\u00e4tig bleiben. Thomas Feibel empfiehlt: \u201eWir [m\u00fcssen] mit ihnen immer wieder \u00fcber die Risiken sprechen und wie man sich sch\u00fctzen kann.\u201c Dazu geh\u00f6rt unter anderem immer wieder der Hinweis, dass\u00a0<strong>freiz\u00fcgige Bilder tabu<\/strong>\u00a0sind und dass vor jedem Post \u00fcberlegt wird, ob man diese Bilder Fremden zeigen m\u00f6chte.<\/p>\n<p>Au\u00dferdem ben\u00f6tigen <strong>Eltern<\/strong>\u00a0eine gro\u00dfe Portion\u00a0<strong>Verst\u00e4ndnis<\/strong>\u00a0in Sachen Kinder-Selfie. Feibel: \u201eDie unz\u00e4hligen Fotos und Selfies auf den Ger\u00e4ten der Kinder sind nicht einfach Fotosammlungen, sondern ihre Geschichte, die sie st\u00e4ndig bei sich tragen.\u201c Es ist also kein Wunder, dass sie bei Smartphone-Entzug sofort in die Luft gehen. F\u00fcr Teenies ist das\u00a0<strong>Smartphone<\/strong>\u00a0laut Feibel \u201eeine\u00a0<strong>Schatzkiste<\/strong>\u00a0ihres gegenw\u00e4rtigen Ichs, gef\u00fcllt mit Bildern, Texten und Nachrichten\u201c.<\/p>\n<h2 id=\"5\">Bilder online stellen \u2013 welche Gefahren lauern?<\/h2>\n<p>Wer Fotos bei Instagram, WhatsApp oder Facebook teilt, denkt vermutlich nicht an die\u00a0<strong>m\u00f6glichen Gefahren<\/strong>. Doch Cyberkriminelle sind oftmals in der Lage, zahlreiche Informationen aus einem Bild zu ziehen. Daf\u00fcr ist es nicht einmal n\u00f6tig, einen aufschlussreichen Kommentar zu verfassen. Jedes Bild enth\u00e4lt die sogenannten\u00a0<strong>Geo-Daten<\/strong>, wenn die\u00a0<strong>Standortbestimmung<\/strong>\u00a0aktiviert ist. Kriminelle k\u00f6nnen also nachverfolgen, wann das Kind wo war. Zusammen mit den Details aus den Selfies und dem Social-Media-Profil des Teenies ergeben sich\u00a0<strong>gen\u00fcgend Informationen<\/strong>, die von Menschen missbraucht werden k\u00f6nnen.<\/p>\n<p>Sie haben die Standortbestimmung im Smartphone Ihres Kindes deaktiviert? Die Gefahr ist dennoch nicht gebannt, denn kleine Details wie Stra\u00dfenschilder oder Sehensw\u00fcrdigkeiten stellen <strong>sensible Informationen<\/strong>\u00a0\u00fcber den etwaigen Aufenthaltsort der Kinder oder der ganzen Familie dar.<\/p>\n<div id=\"attachment_65898\" style=\"width: 343px\" class=\"wp-caption alignright\"><img loading=\"lazy\" decoding=\"async\" aria-describedby=\"caption-attachment-65898\" class=\"size-medium wp-image-65898\" src=\"https:\/\/pcspezialist.de\/blog\/wp-content\/uploads\/2023\/04\/kinder-selfies_pexels-cottonbro-studio-7407369-333x500.jpg\" alt=\"Cybermobbing durch Kinder-Selfies\" width=\"333\" height=\"500\" srcset=\"https:\/\/pcspezialist.de\/blog\/wp-content\/uploads\/2023\/04\/kinder-selfies_pexels-cottonbro-studio-7407369-333x500.jpg 333w, https:\/\/pcspezialist.de\/blog\/wp-content\/uploads\/2023\/04\/kinder-selfies_pexels-cottonbro-studio-7407369-467x700.jpg 467w, https:\/\/pcspezialist.de\/blog\/wp-content\/uploads\/2023\/04\/kinder-selfies_pexels-cottonbro-studio-7407369.jpg 640w\" sizes=\"auto, (max-width: 333px) 100vw, 333px\" \/><p id=\"caption-attachment-65898\" class=\"wp-caption-text\">Selfies k\u00f6nnen urs\u00e4chlich f\u00fcr Cybermobbing sein. Bild: Pexels\/<a href=\"https:\/\/www.pexels.com\/de-de\/foto\/person-smartphone-schule-stehen-7407369\/\" target=\"_blank\" rel=\"noopener\">cottonbro studio<\/a><\/p><\/div>\n<h3 id=\"5b\">Cybermobbing als Gefahr nicht untersch\u00e4tzen<\/h3>\n<p>Nicht zu untersch\u00e4tzen ist weiterhin die\u00a0<strong>Gefahr des Cybermobbings<\/strong>. Dabei sind b\u00f6se Kommentare unter einem Foto noch verh\u00e4ltnism\u00e4\u00dfig harmlos. Zeigt ein Foto peinliche Situationen, kann der Teenie oder das Kind schnell zum\u00a0<strong>Gesp\u00f6tt seiner Mitsch\u00fcler<\/strong>\u00a0werden. Grund ist die\u00a0<strong>Viralit\u00e4t von Social-Media-Plattformen<\/strong>. Auch nach Jahren k\u00f6nnen sich Selfies noch auf die abgelichteten Personen auswirken. Denn: Das Internet vergisst nicht. Und so kann es durchaus vorkommen, dass ein\u00a0<strong>Bild aus Kindertagen<\/strong>\u00a0im Erwachsenenleben eine\u00a0<strong>Karriere verhindern oder ausbremsen<\/strong>\u00a0kann. F\u00fcr Arbeitgeber sind es nur wenige Klicks, um sich \u00fcber die Online-Pr\u00e4senz ihrer Bewerber zu informieren.<\/p>\n<p>Daher hei\u00dft es nicht nur f\u00fcr Kinder, dass sie beim Ver\u00f6ffentlichen von Bildern vorsichtig sein m\u00fcssen. Auch Eltern sollten sich genau \u00fcberlegen, welche <a title=\"Welche Bilder posten Sie von Ihren Kindern?\" href=\"https:\/\/pcspezialist.de\/blog\/2017\/03\/02\/privatssphaere-kinderfotos-facebook\/\">Bilder Sie von Ihren Kindern posten<\/a>.<\/p>\n<h3 id=\"5c\">Selfies und der Datenschutz<\/h3>\n<p>Elementar ist auch das Thema\u00a0<strong>Datenschutz<\/strong>, wenn Kinder und Jugendliche in die\u00a0<strong>Online-Welt<\/strong>\u00a0eintauchen. Zum einen geht es dabei um die Datenschutzeinstellungen des eigenen Profils, auf dem die Kinder-Selfies ver\u00f6ffentlicht werden. Deshalb sollten auch Kinder und Jugendliche wissen, welche Einstellungen sie in ihrem Social-Media-Profil vornehmen k\u00f6nnen und\u00a0<strong>welche Schutzma\u00dfnahmen sinnvoll<\/strong>\u00a0sind.<\/p>\n<p>Zum anderen geht es aber auch um den Schutz der Daten und um die Bildrechte anderer. Bevor ein Bild online gestellt werden darf, m\u00fcssen s\u00e4mtliche Personen, die darauf zu sehen sind, ihre Einwilligung gegeben haben. Alles andere w\u00e4re eine <strong>Verletzung des Pers\u00f6nlichkeitsrechts<\/strong>, was m\u00f6glicherweise rechtliche Konsequenzen zur Folge hat. Eltern sollten ihre Kinder unbedingt darauf hinweisen und\u00a0<strong>Regeln vereinbaren<\/strong>. Dazu kann geh\u00f6ren, dass der Nachwuchs sparsam mit eigenen Daten umgeht, stets m\u00f6gliche Folgen der Weitergabe beachtet und Vertrauliches lieber offline bespricht.<\/p>\n<div id=\"attachment_65899\" style=\"width: 649px\" class=\"wp-caption alignright\"><img loading=\"lazy\" decoding=\"async\" aria-describedby=\"caption-attachment-65899\" class=\"size-full wp-image-65899\" src=\"https:\/\/pcspezialist.de\/blog\/wp-content\/uploads\/2023\/04\/kinder-selfies_pexels-tim-mossholder-3690735.jpg\" alt=\"Kinder-Selfies: Datenschutz und Privatsph\u00e4re \" width=\"639\" height=\"426\" \/><p id=\"caption-attachment-65899\" class=\"wp-caption-text\">Datenschutz und Privatsph\u00e4re spielen auch bei Selfies eine gro\u00dfe Rolle. Bild: Pexels\/<a href=\"https:\/\/www.pexels.com\/de-de\/foto\/schwarzweiss-holzschild-hinter-weissem-beton-3690735\/\" target=\"_blank\" rel=\"noopener\">Tim Mossholder<\/a><\/p><\/div>\n<h2 id=\"6\">Kinder-Selfies: So knipsen Teenies gute Fotos<\/h2>\n<p>Da Sie das Erstellen von Selfies nicht verhindern k\u00f6nnen, sollten die Kinder\u00a0<strong>Regeln beachten<\/strong>. Nicht jeder Ort eignet sich wirklich f\u00fcr ein Selfie, schreibt der Elternguide online. So sind\u00a0<strong>Gedenkorte<\/strong>\u00a0wie Friedh\u00f6fe oder Denkm\u00e4ler\u00a0<strong>wenig taktvoll<\/strong>.\u00a0<strong>Erotische Fotos<\/strong>\u00a0sollten ebenfalls\u00a0<strong>tabu<\/strong>\u00a0sein.<\/p>\n<p>Sind die Regeln gekl\u00e4rt, geht es aber darum, dass die Bilder gut aussehen. Denn genau darum geht es den Teenies ja, sie m\u00f6chten sich ins rechte Licht setzen. Mit folgenden <strong>Tipps<\/strong>\u00a0gelingt das kinderleicht:<\/p>\n<ul>\n<li><strong>Tipp 1<\/strong>:\u00a0<strong>Licht<\/strong>\u00a0ist das A und O eines guten Fotos. Achten Sie auf ausreichend nat\u00fcrliches Licht. Knipsen Ihre Kinder lieber im Zimmer, decken Sie Ihre Deckenlampe mit Pauspapier ab. Mit einer eingeschalteten Nachttischlampe, die Sie vor der Kamera positionieren, hellen Sie die Schatten der Deckenlampe auf.<\/li>\n<li><strong>Tipp 2<\/strong>: Der passende\u00a0<strong>Standort<\/strong>\u00a0mit einem neutralen Hintergrund macht\u2019s. Den finden Sie zahlreich drau\u00dfen in der Natur, aber auch vor einer neutralen Wand in den eigenen vier W\u00e4nden. Geben Sie nicht zuviel von sich und Ihrer Wohnung preis und knipsen Sie nicht genau in dem Augenblick, in dem sich andere Personen im Bild befinden.<\/li>\n<li><strong>Tipp 3<\/strong>: Nutzen Sie die\u00a0<strong>Frontkamera<\/strong>, denn dann k\u00f6nnen Sie das Foto direkt \u00fcberpr\u00fcfen.<\/li>\n<li><strong>Tipp 4<\/strong>: Achten Sie darauf, wie Sie Ihren\u00a0<strong>Arm halten<\/strong>. Nehmen Sie das Handy waage- oder senkrecht in die Hand, setzen Sie leicht \u00fcber der Augenh\u00f6he an und richten Sie die Kamera in einem 45-Grad-Winkeln aus. Klingt kompliziert? Die \u00dcbung macht\u2019s.<\/li>\n<li><strong>Tipp 5<\/strong>: Wer seine Schokoladenseite pr\u00e4sentieren m\u00f6chte, muss auf die\u00a0<strong>richtige Pose<\/strong>\u00a0achten: Neigen Sie Ihren Kopf leicht und schauen sie nicht auf den Bildschirm, sondern in die Linse. Strecken Sie den Hals, um ein Doppelkinn zu vermeiden. L\u00e4cheln Sie auch mit den Augen. Um das hinzubekommen, entspannen Sie zun\u00e4chst Ihre Augen und schlagen Sie dann etwas mehr als \u00fcblich auf, um sie gleichzeitig ein wenig zusammenzuziehen. Auch hier gilt: Die \u00dcbung macht\u2019s.<\/li>\n<li><strong>Tipp 6<\/strong>: Das\u00a0<strong>gewisse Extra<\/strong>\u00a0bekommt jedes Foto, wenn Sie Filter, beispielsweise Vintage- oder Schwarz-Wei\u00df-Filter verwenden. Beliebte Apps mit Filtern sind Instagram (<a title=\"Apple\" href=\"https:\/\/apps.apple.com\/de\/app\/instagram\/id389801252\" target=\"_blank\" rel=\"noopener\">Apple<\/a>\/<a title=\"Android\" href=\"https:\/\/play.google.com\/store\/apps\/details?id=com.instagram.android\" target=\"_blank\" rel=\"noopener\">Android<\/a>), Picstitch (<a title=\"Apple\" href=\"https:\/\/apps.apple.com\/de\/app\/pic-stitch\/id454768104\" target=\"_blank\" rel=\"noopener\">Apple<\/a>\/<a title=\"Android\" href=\"https:\/\/play.google.com\/store\/apps\/details?id=com.bigblueclip.picstitch\" target=\"_blank\" rel=\"noopener\">Android<\/a>), Tadaa (<a title=\"Apple\" href=\"https:\/\/apps.apple.com\/de\/app\/tadaa-pro-kamera-unsch%C3%A4rfe\/id410005685\" target=\"_blank\" rel=\"noopener\">Apple<\/a>), Squaready (<a title=\"Apple\" href=\"https:\/\/apps.apple.com\/us\/app\/squaready\/id440279995\" target=\"_blank\" rel=\"noopener\">Apple<\/a>\/<a title=\"Android\" href=\"https:\/\/play.google.com\/store\/apps\/details?id=jp.co.fang.squaready\" target=\"_blank\" rel=\"noopener\">Android<\/a>) und Picfx (<a title=\"Apple\" href=\"https:\/\/apps.apple.com\/us\/app\/picfx-edit-photo-video\/id417563413\" target=\"_blank\" rel=\"noopener\">Apple<\/a>\/<a title=\"Android\" href=\"https:\/\/play.google.com\/store\/apps\/details?id=jp.co.fang.squaready\" target=\"_blank\" rel=\"noopener\">Android<\/a>).<\/li>\n<\/ul>\n<p>Denken Sie an diese Hinweise und zeigen Sie Ihren Kindern, wie sie das perfekte Foto machen. Dann steht einem sch\u00f6nen Selfie nichts mehr im Wege.<\/p>\n<h2 id=\"7\">Gefahren erkennen und fr\u00fchzeitig verhindern<\/h2>\n<p>Nicht nur beim Thema\u00a0<strong>Kinder-Selfies<\/strong>\u00a0ben\u00f6tigen die Teenies Unterst\u00fctzung und ein offenes Ohr ihrer Eltern. Auch bei\u00a0<strong>vielen anderen Medienthemen<\/strong>\u00a0m\u00fcssen Eltern aktiv an ihren Kindern dran bleiben, um\u00a0<strong>m\u00f6gliche Gefahren<\/strong>\u00a0rechtzeitig zu erkennen und zu verhindern.\u00a0<strong>Wissenwertes f\u00fcr Eltern<\/strong>\u00a0bietet die Initiative \u201eSchau Hin\u201c. Sie versteht sich gleichzeitig als\u00a0<strong>Hilfe bei der Medienerziehung<\/strong>.<\/p>\n<p>Wenn Sie selbst keine oder nur wenig Ahnung in Sachen Datenschutz und Einstellungen in den sozialen Medien haben, dann wenden Sie sich vertrauensvoll an Ihren\u00a0<a title=\"Serviceanbieter finden\" href=\"https:\/\/pcspezialist.de\/standorte\/?utm_source=blog&amp;utm_medium=kinder-selfie&amp;utm_campaign=standorte\">PC-SPEZIALIST vor Ort<\/a>. Unsere Experten sind Fachleute auf diesem Gebiet und k\u00f6nnen Ihnen vollumf\u00e4nglich helfen. Auch Fragen nach\u00a0<a title=\"Virenschutz und Datensicherung von PC-SPEZIALIST\" href=\"https:\/\/pcspezialist.de\/privat\/datensicherung-und-virenschutz\/?utm_source=blog&amp;utm_medium=kinder-selfie&amp;utm_campaign=datensicherung-und-virenschutz\">Virenschutz und Datensicherung<\/a>\u00a0beantworten Ihnen unsere Computer-Fachleute kompetent.<br \/>\n_______________________________________________<br \/>\n<small>Verwendete Quellen:\u00a0<a title=\"Elternguide online\" href=\"https:\/\/www.elternguide.online\/2018\/07\/20\/das-phaenomen-selfie\/\" target=\"_blank\" rel=\"noopener\">Elternguide online<\/a>,\u00a0<a title=\"FritzundFraenzi\" href=\"https:\/\/www.fritzundfraenzi.ch\/medien\/mediennutzung\/warum-macht-meine-tochter-standig-selfies?page=all\" target=\"_blank\" rel=\"noopener\">FritzundFraenzi<\/a>,\u00a0<a title=\"Handelsjournal\" href=\"https:\/\/handelsjournal.de\/unternehmen\/personal\/social-media-profile-segen-und-fluch-fuer-bewerber.html\" target=\"_blank\" rel=\"noopener\">Handelsjournal<\/a>,\u00a0<a title=\"Initiative Schau hin\" href=\"https:\/\/www.schau-hin.info\/\" target=\"_blank\" rel=\"noopener\">Initiative Schau hin<\/a>,\u00a0<a title=\"S\u00fcddeutsche Zeitung\" href=\"https:\/\/sz-magazin.sueddeutsche.de\/leben-und-gesellschaft\/smarthphone-bilder-kinder-87329\" target=\"_blank\" rel=\"noopener\">S\u00fcddeutsche Zeitung<\/a><\/small><\/p>\n","protected":false},"excerpt":{"rendered":"<p>In Zeiten, in denen fast jeder ein Smartphone zur Verf\u00fcgung hat und sich viele Jugendliche und junge Erwachsene auf Instagram, TikTok, YouTube und Co. pr\u00e4sentieren, sollten vor allem die Eltern wissen, was sie beachten sollten, wenn ihre Kinder Selfies aufnehmen und online stellen. Die Selbstdarstellung im Internet kennt kaum Grenzen. Erfahren Sie mehr zu Kinder-Selfies.<\/p>\n","protected":false},"author":98,"featured_media":65901,"comment_status":"open","ping_status":"closed","sticky":false,"template":"","format":"standard","meta":{"footnotes":""},"categories":[6913],"tags":[620,1250,1658,10199],"class_list":["post-65879","post","type-post","status-publish","format-standard","has-post-thumbnail","hentry","category-verschiedenes","tag-kinder","tag-social-media","tag-datenschutz","tag-mediennutzung"],"yoast_head":"<!-- This site is optimized with the Yoast SEO plugin v27.5 - https:\/\/yoast.com\/product\/yoast-seo-wordpress\/ -->\n<title>Kinder-Selfie<\/title>\n<meta name=\"description\" content=\"Kinder-Selfie: \u2713 Was sind Kinder-Selfies und welche Gefahren gehen von ihnen aus? \u2713 Warum machen Kinder Selfies? \u2713 Tipps f\u00fcr die Online-Welt!\" \/>\n<meta name=\"robots\" content=\"index, follow, max-snippet:-1, max-image-preview:large, max-video-preview:-1\" \/>\n<link rel=\"canonical\" href=\"https:\/\/pcspezialist.de\/blog\/2021\/01\/05\/kinder-selfie\/\" \/>\n<meta property=\"og:locale\" content=\"de_DE\" \/>\n<meta property=\"og:type\" content=\"article\" \/>\n<meta property=\"og:title\" content=\"Kinder-Selfie\" \/>\n<meta property=\"og:description\" content=\"Kinder-Selfie: \u2713 Was sind Kinder-Selfies und welche Gefahren gehen von ihnen aus? \u2713 Warum machen Kinder Selfies? \u2713 Tipps f\u00fcr die Online-Welt!\" \/>\n<meta property=\"og:url\" content=\"https:\/\/pcspezialist.de\/blog\/2021\/01\/05\/kinder-selfie\/\" \/>\n<meta property=\"og:site_name\" content=\"PC-SPEZIALIST Blog\" \/>\n<meta property=\"article:published_time\" content=\"2021-01-05T09:45:00+00:00\" \/>\n<meta property=\"article:modified_time\" content=\"2024-11-04T13:18:16+00:00\" \/>\n<meta property=\"og:image\" content=\"https:\/\/pcspezialist.de\/blog\/wp-content\/uploads\/2023\/04\/kinder-selfies_pexels-julia-m-cameron-4144288.jpg\" \/>\n\t<meta property=\"og:image:width\" content=\"1500\" \/>\n\t<meta property=\"og:image:height\" content=\"700\" \/>\n\t<meta property=\"og:image:type\" content=\"image\/jpeg\" \/>\n<meta name=\"author\" content=\"Maren Keller\" \/>\n<meta name=\"twitter:card\" content=\"summary_large_image\" \/>\n<meta name=\"twitter:label1\" content=\"Verfasst von\" \/>\n\t<meta name=\"twitter:data1\" content=\"Maren Keller\" \/>\n\t<meta name=\"twitter:label2\" content=\"Gesch\u00e4tzte Lesezeit\" \/>\n\t<meta name=\"twitter:data2\" content=\"11\u00a0Minuten\" \/>\n<script type=\"application\/ld+json\" class=\"yoast-schema-graph\">{\"@context\":\"https:\\\/\\\/schema.org\",\"@graph\":[{\"@type\":\"Article\",\"@id\":\"https:\\\/\\\/pcspezialist.de\\\/blog\\\/2021\\\/01\\\/05\\\/kinder-selfie\\\/#article\",\"isPartOf\":{\"@id\":\"https:\\\/\\\/pcspezialist.de\\\/blog\\\/2021\\\/01\\\/05\\\/kinder-selfie\\\/\"},\"author\":{\"name\":\"Maren Keller\",\"@id\":\"https:\\\/\\\/pcspezialist.de\\\/blog\\\/#\\\/schema\\\/person\\\/e9cb801a8b8ea9138af26a02b8b6d14f\"},\"headline\":\"Kinder-Selfies ## Tipps f\u00fcr Eltern und Schutz vor Gefahren in der Online-Welt\",\"datePublished\":\"2021-01-05T09:45:00+00:00\",\"dateModified\":\"2024-11-04T13:18:16+00:00\",\"mainEntityOfPage\":{\"@id\":\"https:\\\/\\\/pcspezialist.de\\\/blog\\\/2021\\\/01\\\/05\\\/kinder-selfie\\\/\"},\"wordCount\":1905,\"commentCount\":0,\"image\":{\"@id\":\"https:\\\/\\\/pcspezialist.de\\\/blog\\\/2021\\\/01\\\/05\\\/kinder-selfie\\\/#primaryimage\"},\"thumbnailUrl\":\"https:\\\/\\\/pcspezialist.de\\\/blog\\\/wp-content\\\/uploads\\\/2023\\\/04\\\/kinder-selfies_pexels-julia-m-cameron-4144288.jpg\",\"keywords\":[\"Kinder\",\"Social Media\",\"Datenschutz\",\"Mediennutzung\"],\"articleSection\":[\"Verschiedenes\"],\"inLanguage\":\"de\",\"potentialAction\":[{\"@type\":\"CommentAction\",\"name\":\"Comment\",\"target\":[\"https:\\\/\\\/pcspezialist.de\\\/blog\\\/2021\\\/01\\\/05\\\/kinder-selfie\\\/#respond\"]}]},{\"@type\":\"WebPage\",\"@id\":\"https:\\\/\\\/pcspezialist.de\\\/blog\\\/2021\\\/01\\\/05\\\/kinder-selfie\\\/\",\"url\":\"https:\\\/\\\/pcspezialist.de\\\/blog\\\/2021\\\/01\\\/05\\\/kinder-selfie\\\/\",\"name\":\"Kinder-Selfie\",\"isPartOf\":{\"@id\":\"https:\\\/\\\/pcspezialist.de\\\/blog\\\/#website\"},\"primaryImageOfPage\":{\"@id\":\"https:\\\/\\\/pcspezialist.de\\\/blog\\\/2021\\\/01\\\/05\\\/kinder-selfie\\\/#primaryimage\"},\"image\":{\"@id\":\"https:\\\/\\\/pcspezialist.de\\\/blog\\\/2021\\\/01\\\/05\\\/kinder-selfie\\\/#primaryimage\"},\"thumbnailUrl\":\"https:\\\/\\\/pcspezialist.de\\\/blog\\\/wp-content\\\/uploads\\\/2023\\\/04\\\/kinder-selfies_pexels-julia-m-cameron-4144288.jpg\",\"datePublished\":\"2021-01-05T09:45:00+00:00\",\"dateModified\":\"2024-11-04T13:18:16+00:00\",\"author\":{\"@id\":\"https:\\\/\\\/pcspezialist.de\\\/blog\\\/#\\\/schema\\\/person\\\/e9cb801a8b8ea9138af26a02b8b6d14f\"},\"description\":\"Kinder-Selfie: \u2713 Was sind Kinder-Selfies und welche Gefahren gehen von ihnen aus? \u2713 Warum machen Kinder Selfies? \u2713 Tipps f\u00fcr die Online-Welt!\",\"breadcrumb\":{\"@id\":\"https:\\\/\\\/pcspezialist.de\\\/blog\\\/2021\\\/01\\\/05\\\/kinder-selfie\\\/#breadcrumb\"},\"inLanguage\":\"de\",\"potentialAction\":[{\"@type\":\"ReadAction\",\"target\":[\"https:\\\/\\\/pcspezialist.de\\\/blog\\\/2021\\\/01\\\/05\\\/kinder-selfie\\\/\"]}]},{\"@type\":\"ImageObject\",\"inLanguage\":\"de\",\"@id\":\"https:\\\/\\\/pcspezialist.de\\\/blog\\\/2021\\\/01\\\/05\\\/kinder-selfie\\\/#primaryimage\",\"url\":\"https:\\\/\\\/pcspezialist.de\\\/blog\\\/wp-content\\\/uploads\\\/2023\\\/04\\\/kinder-selfies_pexels-julia-m-cameron-4144288.jpg\",\"contentUrl\":\"https:\\\/\\\/pcspezialist.de\\\/blog\\\/wp-content\\\/uploads\\\/2023\\\/04\\\/kinder-selfies_pexels-julia-m-cameron-4144288.jpg\",\"width\":1500,\"height\":700,\"caption\":\"Erfahren Sie in diesem Beitrag mehr zu den Gefahren von Kinderselfies! Bild: Pexels\\\/@julia-m-cameron\"},{\"@type\":\"BreadcrumbList\",\"@id\":\"https:\\\/\\\/pcspezialist.de\\\/blog\\\/2021\\\/01\\\/05\\\/kinder-selfie\\\/#breadcrumb\",\"itemListElement\":[{\"@type\":\"ListItem\",\"position\":1,\"name\":\"Startseite\",\"item\":\"https:\\\/\\\/pcspezialist.de\\\/blog\\\/\"},{\"@type\":\"ListItem\",\"position\":2,\"name\":\"Kinder-Selfies ## Tipps f\u00fcr Eltern und Schutz vor Gefahren in der Online-Welt\"}]},{\"@type\":\"WebSite\",\"@id\":\"https:\\\/\\\/pcspezialist.de\\\/blog\\\/#website\",\"url\":\"https:\\\/\\\/pcspezialist.de\\\/blog\\\/\",\"name\":\"PC-SPEZIALIST Blog\",\"description\":\"IT-Service, Trends &amp; Technik\",\"potentialAction\":[{\"@type\":\"SearchAction\",\"target\":{\"@type\":\"EntryPoint\",\"urlTemplate\":\"https:\\\/\\\/pcspezialist.de\\\/blog\\\/?s={search_term_string}\"},\"query-input\":{\"@type\":\"PropertyValueSpecification\",\"valueRequired\":true,\"valueName\":\"search_term_string\"}}],\"inLanguage\":\"de\"},{\"@type\":\"Person\",\"@id\":\"https:\\\/\\\/pcspezialist.de\\\/blog\\\/#\\\/schema\\\/person\\\/e9cb801a8b8ea9138af26a02b8b6d14f\",\"name\":\"Maren Keller\",\"description\":\"PC-SPEZIALIST ist eine Marke der in Schlo\u00df Holte ans\u00e4ssigen SYNAXON. Seit 2016 arbeitet Maren Keller f\u00fcr den PC-SPEZIALIST-Blog. Gestartet als Online-Redakteurin ist sie mittlerweile Content Marketing Managerin und tr\u00e4gt unter anderem die Verantwortung f\u00fcr die Inhalte des Blogs. In den Jahren 2017 und 2020 hat sie parallel f\u00fcr den Blog des IT-SERVICE.NETWORK geschrieben. Die studierte Germanistin und Politologin hat einen Sp\u00fcrsinn f\u00fcr aktuelle Bedrohungen im IT-Bereich entwickelt und versteht es, das Fachwissen von PC-SPEZIALIST dem Leser verst\u00e4ndlich darzubieten. Nicht zu verleugnen ist allerdings ihre Ungeduld, die sich in flinken Fingern auf der Tastatur zeigt und gleichzeitig f\u00fcr einen hohen Output sorgt. Ihre journalistische Karriere begann Maren Keller Mitte der 1990er Jahre mit dem Verfassen von Sportberichten f\u00fcr die Regionalseiten ihrer Heimatzeitung in Bremerhaven. Nach dem Studium in Hannover, das von zahlreichen Praktika bei Funk, Fernsehen und Zeitung begleitet wurde, kehrte sie f\u00fcr ein journalistisches Volontariat in ihre Heimat zur\u00fcck, um bei der NORDSEE-ZEITUNG den Beruf des Redakteurs von der Pike auf zu lernen und anschlie\u00dfend in der Sportredaktion zu arbeiten. W\u00e4hrend ihrer Elternzeiten und beruflich bedingten Umz\u00fcgen arbeitete sie als freie Journalistin f\u00fcr verschiedene Tageszeitungen und fand 2016 den Weg zur SYNAXON, wo sie heute als Content Marketing Managerin in Lohn und Brot steht. In ihrer Freizeit zeigt sie ihr Talent f\u00fcr\u2019s Schreiben nicht. Stattdessen liegen ihre Schwerpunkt dort im Bereich Haus, Familie, Garten und Hund. Au\u00dferdem ist sie musikalisch unterwegs, bl\u00e4st das Jagdhorn in einem Bl\u00e4serkorps, spielt Klavier und singt im Chor. Sie haben Fragen an Maren Keller? Sie erreichen sie per E-Mail an redaktion@pcspezialist.de\",\"url\":\"https:\\\/\\\/pcspezialist.de\\\/blog\\\/author\\\/maren\\\/\"}]}<\/script>\n<!-- \/ Yoast SEO plugin. -->","yoast_head_json":{"title":"Kinder-Selfie","description":"Kinder-Selfie: \u2713 Was sind Kinder-Selfies und welche Gefahren gehen von ihnen aus? \u2713 Warum machen Kinder Selfies? \u2713 Tipps f\u00fcr die Online-Welt!","robots":{"index":"index","follow":"follow","max-snippet":"max-snippet:-1","max-image-preview":"max-image-preview:large","max-video-preview":"max-video-preview:-1"},"canonical":"https:\/\/pcspezialist.de\/blog\/2021\/01\/05\/kinder-selfie\/","og_locale":"de_DE","og_type":"article","og_title":"Kinder-Selfie","og_description":"Kinder-Selfie: \u2713 Was sind Kinder-Selfies und welche Gefahren gehen von ihnen aus? \u2713 Warum machen Kinder Selfies? \u2713 Tipps f\u00fcr die Online-Welt!","og_url":"https:\/\/pcspezialist.de\/blog\/2021\/01\/05\/kinder-selfie\/","og_site_name":"PC-SPEZIALIST Blog","article_published_time":"2021-01-05T09:45:00+00:00","article_modified_time":"2024-11-04T13:18:16+00:00","og_image":[{"width":1500,"height":700,"url":"https:\/\/pcspezialist.de\/blog\/wp-content\/uploads\/2023\/04\/kinder-selfies_pexels-julia-m-cameron-4144288.jpg","type":"image\/jpeg"}],"author":"Maren Keller","twitter_card":"summary_large_image","twitter_misc":{"Verfasst von":"Maren Keller","Gesch\u00e4tzte Lesezeit":"11\u00a0Minuten"},"schema":{"@context":"https:\/\/schema.org","@graph":[{"@type":"Article","@id":"https:\/\/pcspezialist.de\/blog\/2021\/01\/05\/kinder-selfie\/#article","isPartOf":{"@id":"https:\/\/pcspezialist.de\/blog\/2021\/01\/05\/kinder-selfie\/"},"author":{"name":"Maren Keller","@id":"https:\/\/pcspezialist.de\/blog\/#\/schema\/person\/e9cb801a8b8ea9138af26a02b8b6d14f"},"headline":"Kinder-Selfies ## Tipps f\u00fcr Eltern und Schutz vor Gefahren in der Online-Welt","datePublished":"2021-01-05T09:45:00+00:00","dateModified":"2024-11-04T13:18:16+00:00","mainEntityOfPage":{"@id":"https:\/\/pcspezialist.de\/blog\/2021\/01\/05\/kinder-selfie\/"},"wordCount":1905,"commentCount":0,"image":{"@id":"https:\/\/pcspezialist.de\/blog\/2021\/01\/05\/kinder-selfie\/#primaryimage"},"thumbnailUrl":"https:\/\/pcspezialist.de\/blog\/wp-content\/uploads\/2023\/04\/kinder-selfies_pexels-julia-m-cameron-4144288.jpg","keywords":["Kinder","Social Media","Datenschutz","Mediennutzung"],"articleSection":["Verschiedenes"],"inLanguage":"de","potentialAction":[{"@type":"CommentAction","name":"Comment","target":["https:\/\/pcspezialist.de\/blog\/2021\/01\/05\/kinder-selfie\/#respond"]}]},{"@type":"WebPage","@id":"https:\/\/pcspezialist.de\/blog\/2021\/01\/05\/kinder-selfie\/","url":"https:\/\/pcspezialist.de\/blog\/2021\/01\/05\/kinder-selfie\/","name":"Kinder-Selfie","isPartOf":{"@id":"https:\/\/pcspezialist.de\/blog\/#website"},"primaryImageOfPage":{"@id":"https:\/\/pcspezialist.de\/blog\/2021\/01\/05\/kinder-selfie\/#primaryimage"},"image":{"@id":"https:\/\/pcspezialist.de\/blog\/2021\/01\/05\/kinder-selfie\/#primaryimage"},"thumbnailUrl":"https:\/\/pcspezialist.de\/blog\/wp-content\/uploads\/2023\/04\/kinder-selfies_pexels-julia-m-cameron-4144288.jpg","datePublished":"2021-01-05T09:45:00+00:00","dateModified":"2024-11-04T13:18:16+00:00","author":{"@id":"https:\/\/pcspezialist.de\/blog\/#\/schema\/person\/e9cb801a8b8ea9138af26a02b8b6d14f"},"description":"Kinder-Selfie: \u2713 Was sind Kinder-Selfies und welche Gefahren gehen von ihnen aus? \u2713 Warum machen Kinder Selfies? \u2713 Tipps f\u00fcr die Online-Welt!","breadcrumb":{"@id":"https:\/\/pcspezialist.de\/blog\/2021\/01\/05\/kinder-selfie\/#breadcrumb"},"inLanguage":"de","potentialAction":[{"@type":"ReadAction","target":["https:\/\/pcspezialist.de\/blog\/2021\/01\/05\/kinder-selfie\/"]}]},{"@type":"ImageObject","inLanguage":"de","@id":"https:\/\/pcspezialist.de\/blog\/2021\/01\/05\/kinder-selfie\/#primaryimage","url":"https:\/\/pcspezialist.de\/blog\/wp-content\/uploads\/2023\/04\/kinder-selfies_pexels-julia-m-cameron-4144288.jpg","contentUrl":"https:\/\/pcspezialist.de\/blog\/wp-content\/uploads\/2023\/04\/kinder-selfies_pexels-julia-m-cameron-4144288.jpg","width":1500,"height":700,"caption":"Erfahren Sie in diesem Beitrag mehr zu den Gefahren von Kinderselfies! Bild: Pexels\/@julia-m-cameron"},{"@type":"BreadcrumbList","@id":"https:\/\/pcspezialist.de\/blog\/2021\/01\/05\/kinder-selfie\/#breadcrumb","itemListElement":[{"@type":"ListItem","position":1,"name":"Startseite","item":"https:\/\/pcspezialist.de\/blog\/"},{"@type":"ListItem","position":2,"name":"Kinder-Selfies ## Tipps f\u00fcr Eltern und Schutz vor Gefahren in der Online-Welt"}]},{"@type":"WebSite","@id":"https:\/\/pcspezialist.de\/blog\/#website","url":"https:\/\/pcspezialist.de\/blog\/","name":"PC-SPEZIALIST Blog","description":"IT-Service, Trends &amp; Technik","potentialAction":[{"@type":"SearchAction","target":{"@type":"EntryPoint","urlTemplate":"https:\/\/pcspezialist.de\/blog\/?s={search_term_string}"},"query-input":{"@type":"PropertyValueSpecification","valueRequired":true,"valueName":"search_term_string"}}],"inLanguage":"de"},{"@type":"Person","@id":"https:\/\/pcspezialist.de\/blog\/#\/schema\/person\/e9cb801a8b8ea9138af26a02b8b6d14f","name":"Maren Keller","description":"PC-SPEZIALIST ist eine Marke der in Schlo\u00df Holte ans\u00e4ssigen SYNAXON. Seit 2016 arbeitet Maren Keller f\u00fcr den PC-SPEZIALIST-Blog. Gestartet als Online-Redakteurin ist sie mittlerweile Content Marketing Managerin und tr\u00e4gt unter anderem die Verantwortung f\u00fcr die Inhalte des Blogs. In den Jahren 2017 und 2020 hat sie parallel f\u00fcr den Blog des IT-SERVICE.NETWORK geschrieben. Die studierte Germanistin und Politologin hat einen Sp\u00fcrsinn f\u00fcr aktuelle Bedrohungen im IT-Bereich entwickelt und versteht es, das Fachwissen von PC-SPEZIALIST dem Leser verst\u00e4ndlich darzubieten. Nicht zu verleugnen ist allerdings ihre Ungeduld, die sich in flinken Fingern auf der Tastatur zeigt und gleichzeitig f\u00fcr einen hohen Output sorgt. Ihre journalistische Karriere begann Maren Keller Mitte der 1990er Jahre mit dem Verfassen von Sportberichten f\u00fcr die Regionalseiten ihrer Heimatzeitung in Bremerhaven. Nach dem Studium in Hannover, das von zahlreichen Praktika bei Funk, Fernsehen und Zeitung begleitet wurde, kehrte sie f\u00fcr ein journalistisches Volontariat in ihre Heimat zur\u00fcck, um bei der NORDSEE-ZEITUNG den Beruf des Redakteurs von der Pike auf zu lernen und anschlie\u00dfend in der Sportredaktion zu arbeiten. W\u00e4hrend ihrer Elternzeiten und beruflich bedingten Umz\u00fcgen arbeitete sie als freie Journalistin f\u00fcr verschiedene Tageszeitungen und fand 2016 den Weg zur SYNAXON, wo sie heute als Content Marketing Managerin in Lohn und Brot steht. In ihrer Freizeit zeigt sie ihr Talent f\u00fcr\u2019s Schreiben nicht. Stattdessen liegen ihre Schwerpunkt dort im Bereich Haus, Familie, Garten und Hund. Au\u00dferdem ist sie musikalisch unterwegs, bl\u00e4st das Jagdhorn in einem Bl\u00e4serkorps, spielt Klavier und singt im Chor. Sie haben Fragen an Maren Keller? Sie erreichen sie per E-Mail an redaktion@pcspezialist.de","url":"https:\/\/pcspezialist.de\/blog\/author\/maren\/"}]}},"_links":{"self":[{"href":"https:\/\/pcspezialist.de\/blog\/wp-json\/wp\/v2\/posts\/65879","targetHints":{"allow":["GET"]}}],"collection":[{"href":"https:\/\/pcspezialist.de\/blog\/wp-json\/wp\/v2\/posts"}],"about":[{"href":"https:\/\/pcspezialist.de\/blog\/wp-json\/wp\/v2\/types\/post"}],"author":[{"embeddable":true,"href":"https:\/\/pcspezialist.de\/blog\/wp-json\/wp\/v2\/users\/98"}],"replies":[{"embeddable":true,"href":"https:\/\/pcspezialist.de\/blog\/wp-json\/wp\/v2\/comments?post=65879"}],"version-history":[{"count":6,"href":"https:\/\/pcspezialist.de\/blog\/wp-json\/wp\/v2\/posts\/65879\/revisions"}],"predecessor-version":[{"id":68894,"href":"https:\/\/pcspezialist.de\/blog\/wp-json\/wp\/v2\/posts\/65879\/revisions\/68894"}],"wp:featuredmedia":[{"embeddable":true,"href":"https:\/\/pcspezialist.de\/blog\/wp-json\/wp\/v2\/media\/65901"}],"wp:attachment":[{"href":"https:\/\/pcspezialist.de\/blog\/wp-json\/wp\/v2\/media?parent=65879"}],"wp:term":[{"taxonomy":"category","embeddable":true,"href":"https:\/\/pcspezialist.de\/blog\/wp-json\/wp\/v2\/categories?post=65879"},{"taxonomy":"post_tag","embeddable":true,"href":"https:\/\/pcspezialist.de\/blog\/wp-json\/wp\/v2\/tags?post=65879"}],"curies":[{"name":"wp","href":"https:\/\/api.w.org\/{rel}","templated":true}]}}