{"id":63533,"date":"2022-10-31T10:45:14","date_gmt":"2022-10-31T09:45:14","guid":{"rendered":"https:\/\/www.pcspezialist.de\/blog\/?p=63533"},"modified":"2024-11-05T07:26:59","modified_gmt":"2024-11-05T06:26:59","slug":"usb-type-c-pflicht","status":"publish","type":"post","link":"https:\/\/pcspezialist.de\/blog\/2022\/10\/31\/usb-type-c-pflicht\/","title":{"rendered":"USB Type C wird Pflicht ## Apple \u00e4u\u00dfert sich zu den EU-Pl\u00e4nen"},"content":{"rendered":"<p><strong>Bei Apple ist der Lightning-Anschluss f\u00fcr Handys Standard \u2013 innerhalb der Europ\u00e4ischen Union soll sich das \u00e4ndern. Ab 2024 soll hier der USB Type C zur Pflicht werden.<\/strong><\/p>\n<p>Die USB-C-Pflicht gilt auch f\u00fcr Kameras, Kopfh\u00f6rer und Co. Welche Auswirkungen diese Pflicht f\u00fcr Verbraucher und Hersteller hat und was Apple davon h\u00e4lt, erfahren Sie hier.<\/p>\n<p><!--more--><\/p>\n<div style=\"background: #f2f2f2; padding: 15px 15px 5px; margin: 30px 0;\">\n<p><strong>Unser Beitrag \u00fcber USB Type C im \u00dcberblick:\u00a0<\/strong><\/p>\n<ol style=\"line-height: 1.7;\">\n<li><a href=\"#eins\">USB Type C kommt ab 2024<\/a><\/li>\n<li><a href=\"#zwei\">Welche Ger\u00e4te sind betroffen?<\/a><\/li>\n<li><a href=\"#drei\">Apple und USB Type C<\/a><\/li>\n<li><a href=\"#vier\">Apple nicht gl\u00fccklich \u00fcber USB-C-Pflicht<\/a><\/li>\n<li><a href=\"#fuenf\">Apple mit USB Type C \u2013 wann?<\/a><\/li>\n<\/ol>\n<\/div>\n<h2 id=\"eins\">USB Type C kommt ab 2024<\/h2>\n<p>Digitalkamera, Handy, Kopfh\u00f6rer, E-Reader, Navigationsger\u00e4te: Die Anzahl an <strong>digitalen Ger\u00e4ten<\/strong> steigt weltweit. Von mittlerweile knapp acht Milliarden Menschen nutzt bereits jeder zweite ein Smartphone, also knapp vier Milliarden Menschen \u2013 Tendenz steigend.<\/p>\n<p>Wer den Blick in die eigene Schublade wagt, sieht oftmals die <strong>unterschiedlichsten Ladeger\u00e4te und Ladekabel<\/strong>. Doch wenn die Technik nicht mehr zum Zeitgeist passt, wird daraus schnell <a href=\"https:\/\/pcspezialist.de\/blog\/2016\/11\/24\/elektroschrott\/\">Elektroschrott<\/a>. Und das ist alles andere als <a href=\"https:\/\/pcspezialist.de\/blog\/2019\/05\/17\/nachhaltig\/\">nachhaltig<\/a>, obwohl <a href=\"https:\/\/pcspezialist.de\/blog\/2021\/11\/23\/nachhaltige-digitalisierung\/\">Digitalisierung nachhaltig<\/a> sein kann. Zudem gibt es in einigen L\u00e4ndern der EU bereits einen <a href=\"https:\/\/pcspezialist.de\/blog\/2022\/03\/01\/reparierbarkeit-handys\/\">Reparaturindex<\/a>, der ebenfalls auf mehr Nachhaltigkeit und weniger Elektroschrott setzt.<\/p>\n<p>Nun hat die EU einen weiteren Ansatz in Richtung Ressourcenschutz unternommen: Ab 2024 sollen mobile Ger\u00e4te nur noch mit dem <strong>USB-Type-C-Ladekabel<\/strong> verkauft werden d\u00fcrfen. Das Parlament hat der Richtlinie bereits zugestimmt, die Umweltminister billigten sie ebenfalls. Aber: Eine Nachr\u00fcstpflicht f\u00fcr bereits zuvor erh\u00e4ltliche Ger\u00e4te wird es nicht geben.<\/p>\n<div id=\"attachment_63539\" style=\"width: 660px\" class=\"wp-caption alignright\"><img loading=\"lazy\" decoding=\"async\" aria-describedby=\"caption-attachment-63539\" class=\"size-full wp-image-63539\" src=\"https:\/\/pcspezialist.de\/blog\/wp-content\/uploads\/2022\/10\/usb-type-c_\u00a9damrong_AdobeStock_304623648.jpg\" alt=\"USB Type C: Ansicht von oben auf viele moderne elektronische Ger\u00e4te f\u00fcr den t\u00e4glichen Gebrauch auf wei\u00dfem Boden. Bild: \u00a9damrong\/stock.adobe.com\" width=\"650\" height=\"433\" \/><p id=\"caption-attachment-63539\" class=\"wp-caption-text\">Viele verschiedene Ger\u00e4te haben viele verschiedene Ladekabel. Das soll sich ab 2024 \u00e4ndern. Bild: \u00a9damrong\/stock.adobe.com<\/p><\/div>\n<h2 id=\"zwei\">Welche Ger\u00e4te sind betroffen?<\/h2>\n<p>Von der <strong>USB-C-Pflicht<\/strong> sind alle <strong>mobilen Ger\u00e4te<\/strong> betroffen, die <strong>mittels USB an ein Ladeger\u00e4t<\/strong> angeschlossen werden. Dazu geh\u00f6ren neben Handys, Tablets und Digitalkameras auch E-Reader, Kopfh\u00f6rer, Lautsprecher, Navigationsger\u00e4te oder Tastaturen. Auch Laptops sind betroffen, f\u00fcr sie gelten die Vorgaben aber erst ab 2026.<\/p>\n<p>Im Jahr 2014 wurde USB Type C vorgestellt, erfunden wurde der <a href=\"https:\/\/pcspezialist.de\/blog\/2020\/05\/07\/was-ist-usb-c\/\">USB-Anschluss<\/a> aber bereits 1996 \u2013 schon damals, um dem Kabelsalat Herr zu werden. Dank st\u00e4ndiger Weiterentwicklungen und neuer Standards hat das allerdings nicht so gut geklappt. Nun geht die EU den Weg \u00fcber die USB-C-Pflicht, um dadurch weniger Ladekabel und Ladeger\u00e4te in Schubladen versauern zu lassen.<\/p>\n<p>Neben dem <strong>einheitlichen Ladekabel<\/strong> sollen Verbraucher zudem w\u00e4hlen k\u00f6nnen, ob sie ein <strong>neues Ger\u00e4t mit oder ohne Ladeger\u00e4t<\/strong> erwerben wollen. Ein Etikett auf dem Produkt soll den Unterschied angeben. Auch hier steckt ein Ziel dahinter: Geld und Ressourcen sparen. Denn wer braucht schon so viele Ladeger\u00e4te, wie er mobile Ger\u00e4te besitzt?<\/p>\n<h2 id=\"drei\">Apple und USB Type C<\/h2>\n<p>Laut EU-Rat wurden allein <strong>im Jahr 2020<\/strong> in Europa <strong>420 Millionen Ladeger\u00e4te<\/strong> verkauft. Das bedeutet, dass jeder EU-B\u00fcrger durchschnittlich drei Ladeger\u00e4te hat, aber eigentlich nur zwei ben\u00f6tigt. <strong>11.000 Tonnen Elektroschrott<\/strong> und <strong>250 Millionen Euro unn\u00f6tige Ausgaben<\/strong> entstanden dadurch. Die m\u00f6glichen Einsparungen sind aber nur ein Grund f\u00fcr die USB-C-Pflicht. Ein weiterer ist, dass die Kompatibilit\u00e4t von entsprechendem Zubeh\u00f6r von Drittproduzenten dadurch garantiert werden kann.<\/p>\n<p>Ab 2024 sollen nun also alle Ger\u00e4te mit einem <strong>USB-Type-C-Anschluss <\/strong>ausgestattet sein \u2013 und das betrifft <strong>auch Apple-Ger\u00e4te<\/strong>, die in Europa verkauft werden. Der Konzern hatte sich lange gegen den USB-C-Anschluss gewehrt. Da es innerhalb der EU auch einheitliche Standards f\u00fcr kabelloses Laden bis Ende 2024 geben soll, k\u00f6nnte Apple mit seinem MagSafe, seinem kabellosen Ladeger\u00e4t, dem USB-Type-C-Anschluss entkommen.<\/p>\n<div id=\"attachment_63541\" style=\"width: 387px\" class=\"wp-caption alignright\"><img loading=\"lazy\" decoding=\"async\" aria-describedby=\"caption-attachment-63541\" class=\"size-medium wp-image-63541\" src=\"https:\/\/pcspezialist.de\/blog\/wp-content\/uploads\/2022\/10\/usb-type-c_pexels_karolina-grabowska-5208307-377x500.jpg\" alt=\"USB Type C: Ansicht von oben auf iPhone und Ladekabel auf gelb-wei\u00dfe Untergrund. Bild: Pexels\/Karolina Grabowska\" width=\"377\" height=\"500\" srcset=\"https:\/\/pcspezialist.de\/blog\/wp-content\/uploads\/2022\/10\/usb-type-c_pexels_karolina-grabowska-5208307-377x500.jpg 377w, https:\/\/pcspezialist.de\/blog\/wp-content\/uploads\/2022\/10\/usb-type-c_pexels_karolina-grabowska-5208307.jpg 399w\" sizes=\"auto, (max-width: 377px) 100vw, 377px\" \/><p id=\"caption-attachment-63541\" class=\"wp-caption-text\">Der Lightning-Ladeanschluss von Apple hat zumindest innerhalb der EU ab Oktober 2024 ausgedient. Dann m\u00fcssen auch iPhones einen USB-C-Anschluss haben. Bild: Pexels\/Karolina Grabowska<\/p><\/div>\n<h2 id=\"vier\">Apple nicht gl\u00fccklich \u00fcber USB-C-Pflicht<\/h2>\n<p>Mittlerweile hat sich Apple zur k\u00fcnftigen Pflicht, USB Type C zu verwenden, ge\u00e4u\u00dfert. Apples Marketing-Chef Greg Joswiak sagte in einem Interview mit dem Wall Street Journal, man werde sich der <strong>EU-Pflicht beugen<\/strong>, aber man sei nicht gl\u00fccklich, zu dieser Umstellung gezwungen zu werden. Apple sei bislang lieber seinen eigenen Weg gegangen und habe auf seine Ingenieure vertraut, als vom Gesetzgeber zur \u00dcbernahme von Hardware-Standards gezwungen zu werden.<\/p>\n<p>F\u00fcr Apple f\u00fchre die <strong>zwanghafte Umstellung<\/strong> der Anschl\u00fcsse zu mehr Elektroschrott. Er sieht die L\u00f6sung darin, dass viele Ladeger\u00e4te abnehmbare Kabel haben und somit ein einziges Ladeger\u00e4t f\u00fcr viele verschiedene Endger\u00e4te genutzt werden kann.<\/p>\n<p>Dabei verschweigt Apple allerdings, dass <strong>USB C<\/strong> l\u00e4ngst <strong>Verwendung<\/strong> findet: Zwar verf\u00fcgen alle derzeit im Apple Store erwerbbaren iPhones \u00fcber den Lightning-Anschluss, aber bei den <strong>iPads<\/strong> sieht es anders aus: Hier setzt nur ein Produkt auf Lightning, w\u00e4hrend vier auf USB-C ausgelegt sind. <strong>MacBooks<\/strong> wurden schon l\u00e4nger auf den USB-C-Standard umgestellt und nutzen entweder den entsprechenden Anschluss oder die kompatible Thunderbolt-Schnittstelle.<\/p>\n<h2 id=\"fuenf\">Apple mit USB Type C \u2013 wann?<\/h2>\n<p>Wann Apple seine iPhones mit <strong>USB-C-Anschluss<\/strong> auf den europ\u00e4ischen Markt bringt, ist unklar \u2013 eventuell bereits im Jahr 2023 mit dem iPhone 15, eventuell aber auch erst 2025, da die Richtlinie ab Oktober 2024 gelten soll, Apple seine Produkte aber immer im September pr\u00e4sentiert.<\/p>\n<p>Was halten Sie von der <strong>USB-C-Pflicht<\/strong>? Ist sie sinnvoll, um die Elektroschrottmenge zu reduzieren und Ressourcen zu sparen oder halten Sie sie f\u00fcr unn\u00f6tig? Hinterlassen Sie Ihre Meinung gern in unseren Kommentaren.<\/p>\n<p>Besonders <strong>nachhaltig<\/strong> \u2013 egal, welchen Anschluss Ihr mobiles Ger\u00e4t zum Laden besitzt \u2013 ist nat\u00fcrlich die <strong>Reparatur<\/strong>, wenn das Ger\u00e4t kaputt ist. Wenden Sie sich gern an <a href=\"https:\/\/pcspezialist.de\/standorte\/?utm_source=blog&amp;utm_medium=usb-type-c&amp;utm_campaign=anbieter-finden\">PC-SPEZIALIST in Ihrer N\u00e4he<\/a>, wenn beispielsweise das Display gebrochen ist, die Ladebuchse einen Wackelkontakt hat oder andere Probleme bestehen. Mit unserer <a href=\"https:\/\/pcspezialist.de\/privat\/handy-tablet-und-ipad-reparatur\/?utm_source=blog&amp;utm_medium=usb-type-c&amp;utm_campaign=handy-tablet-ipad-reparatur\">Handy-, Tablet und iPad-Reparatur<\/a> helfen wir Ihnen schnell und unkompliziert \u2013 auch Ihrem <a href=\"https:\/\/pcspezialist.de\/blog\/2020\/10\/28\/diensthandy\/\">Diensthandy<\/a>.<\/p>\n<p>_______________________________________________<\/p>\n<p><small>Andere Stimmen zum Thema: <a href=\"https:\/\/www.br.de\/nachrichten\/netzwelt\/finale-zustimmung-fuer-einheitlichen-usb-c-ladestecker-in-der-eu,TLAoyHd\" target=\"_blank\" rel=\"noopener\">br<\/a>, <a href=\"https:\/\/winfuture.de\/news,132591.html\" target=\"_blank\" rel=\"noopener\">winfuture<\/a>, <a href=\"https:\/\/winfuture.de\/infografik\/25690\/USB-C-Zwang-koennte-Ordnung-in-Apples-Kabelsalat-bringen-1665133692.html\" target=\"_blank\" rel=\"noopener\">winfuture<\/a>, <a href=\"https:\/\/t3n.de\/news\/iphone-mit-usb-c-kommt-apple-nicht-gluecklich-ueber-eu-zwang-1508498\/\" target=\"_blank\" rel=\"noopener\">t3n<\/a><\/small><\/p>\n","protected":false},"excerpt":{"rendered":"<p>Bei Apple ist der Lightning-Anschluss f\u00fcr Handys Standard \u2013 innerhalb der Europ\u00e4ischen Union soll sich das \u00e4ndern. Ab 2024 soll hier der USB Type C zur Pflicht werden. Die USB-C-Pflicht gilt auch f\u00fcr Kameras, Kopfh\u00f6rer und Co. Welche Auswirkungen diese Pflicht f\u00fcr Verbraucher und Hersteller hat und was Apple davon h\u00e4lt, erfahren Sie hier.<\/p>\n","protected":false},"author":98,"featured_media":63540,"comment_status":"open","ping_status":"closed","sticky":false,"template":"","format":"standard","meta":{"footnotes":""},"categories":[6913],"tags":[7858,1094,1639,10448,10484],"class_list":["post-63533","post","type-post","status-publish","format-standard","has-post-thumbnail","hentry","category-verschiedenes","tag-hardware-produkte","tag-apple","tag-usb","tag-gesetz","tag-nachhaltigkeit"],"yoast_head":"<!-- This site is optimized with the Yoast SEO plugin v27.5 - https:\/\/yoast.com\/product\/yoast-seo-wordpress\/ -->\n<title>USB Type C wird Pflicht \u2013 Apple \u00e4u\u00dfert sich zu den EU-Pl\u00e4nen<\/title>\n<meta name=\"description\" content=\"Die \u2714 EU plant schon seit l\u00e4ngerem einheitliche \u2714 Ladekabel. Nun steht fest: \u2714 USB Type C wird Pflicht. Alle Infos bei uns.\" \/>\n<meta name=\"robots\" content=\"index, follow, max-snippet:-1, max-image-preview:large, max-video-preview:-1\" \/>\n<link rel=\"canonical\" href=\"https:\/\/pcspezialist.de\/blog\/2022\/10\/31\/usb-type-c-pflicht\/\" \/>\n<meta property=\"og:locale\" content=\"de_DE\" \/>\n<meta property=\"og:type\" content=\"article\" \/>\n<meta property=\"og:title\" content=\"USB Type C wird Pflicht \u2013 Apple \u00e4u\u00dfert sich zu den EU-Pl\u00e4nen\" \/>\n<meta property=\"og:description\" content=\"Die \u2714 EU plant schon seit l\u00e4ngerem einheitliche \u2714 Ladekabel. Nun steht fest: \u2714 USB Type C wird Pflicht. Alle Infos bei uns.\" \/>\n<meta property=\"og:url\" content=\"https:\/\/pcspezialist.de\/blog\/2022\/10\/31\/usb-type-c-pflicht\/\" \/>\n<meta property=\"og:site_name\" content=\"PC-SPEZIALIST Blog\" \/>\n<meta property=\"article:published_time\" content=\"2022-10-31T09:45:14+00:00\" \/>\n<meta property=\"article:modified_time\" content=\"2024-11-05T06:26:59+00:00\" \/>\n<meta property=\"og:image\" content=\"https:\/\/pcspezialist.de\/blog\/wp-content\/uploads\/2022\/10\/usb-type-c_pexels_andrea-piacquadio-826349.jpg\" \/>\n\t<meta property=\"og:image:width\" content=\"1500\" \/>\n\t<meta property=\"og:image:height\" content=\"704\" \/>\n\t<meta property=\"og:image:type\" content=\"image\/jpeg\" \/>\n<meta name=\"author\" content=\"Maren Keller\" \/>\n<meta name=\"twitter:card\" content=\"summary_large_image\" \/>\n<meta name=\"twitter:label1\" content=\"Verfasst von\" \/>\n\t<meta name=\"twitter:data1\" content=\"Maren Keller\" \/>\n\t<meta name=\"twitter:label2\" content=\"Gesch\u00e4tzte Lesezeit\" \/>\n\t<meta name=\"twitter:data2\" content=\"6\u00a0Minuten\" \/>\n<script type=\"application\/ld+json\" class=\"yoast-schema-graph\">{\"@context\":\"https:\\\/\\\/schema.org\",\"@graph\":[{\"@type\":\"Article\",\"@id\":\"https:\\\/\\\/pcspezialist.de\\\/blog\\\/2022\\\/10\\\/31\\\/usb-type-c-pflicht\\\/#article\",\"isPartOf\":{\"@id\":\"https:\\\/\\\/pcspezialist.de\\\/blog\\\/2022\\\/10\\\/31\\\/usb-type-c-pflicht\\\/\"},\"author\":{\"name\":\"Maren Keller\",\"@id\":\"https:\\\/\\\/pcspezialist.de\\\/blog\\\/#\\\/schema\\\/person\\\/e9cb801a8b8ea9138af26a02b8b6d14f\"},\"headline\":\"USB Type C wird Pflicht ## Apple \u00e4u\u00dfert sich zu den EU-Pl\u00e4nen\",\"datePublished\":\"2022-10-31T09:45:14+00:00\",\"dateModified\":\"2024-11-05T06:26:59+00:00\",\"mainEntityOfPage\":{\"@id\":\"https:\\\/\\\/pcspezialist.de\\\/blog\\\/2022\\\/10\\\/31\\\/usb-type-c-pflicht\\\/\"},\"wordCount\":954,\"commentCount\":0,\"image\":{\"@id\":\"https:\\\/\\\/pcspezialist.de\\\/blog\\\/2022\\\/10\\\/31\\\/usb-type-c-pflicht\\\/#primaryimage\"},\"thumbnailUrl\":\"https:\\\/\\\/pcspezialist.de\\\/blog\\\/wp-content\\\/uploads\\\/2022\\\/10\\\/usb-type-c_pexels_andrea-piacquadio-826349.jpg\",\"keywords\":[\"Hardware\",\"Apple\",\"USB\",\"Gesetzliches\",\"Nachhaltigkeit\"],\"articleSection\":[\"Verschiedenes\"],\"inLanguage\":\"de\",\"potentialAction\":[{\"@type\":\"CommentAction\",\"name\":\"Comment\",\"target\":[\"https:\\\/\\\/pcspezialist.de\\\/blog\\\/2022\\\/10\\\/31\\\/usb-type-c-pflicht\\\/#respond\"]}]},{\"@type\":\"WebPage\",\"@id\":\"https:\\\/\\\/pcspezialist.de\\\/blog\\\/2022\\\/10\\\/31\\\/usb-type-c-pflicht\\\/\",\"url\":\"https:\\\/\\\/pcspezialist.de\\\/blog\\\/2022\\\/10\\\/31\\\/usb-type-c-pflicht\\\/\",\"name\":\"USB Type C wird Pflicht \u2013 Apple \u00e4u\u00dfert sich zu den EU-Pl\u00e4nen\",\"isPartOf\":{\"@id\":\"https:\\\/\\\/pcspezialist.de\\\/blog\\\/#website\"},\"primaryImageOfPage\":{\"@id\":\"https:\\\/\\\/pcspezialist.de\\\/blog\\\/2022\\\/10\\\/31\\\/usb-type-c-pflicht\\\/#primaryimage\"},\"image\":{\"@id\":\"https:\\\/\\\/pcspezialist.de\\\/blog\\\/2022\\\/10\\\/31\\\/usb-type-c-pflicht\\\/#primaryimage\"},\"thumbnailUrl\":\"https:\\\/\\\/pcspezialist.de\\\/blog\\\/wp-content\\\/uploads\\\/2022\\\/10\\\/usb-type-c_pexels_andrea-piacquadio-826349.jpg\",\"datePublished\":\"2022-10-31T09:45:14+00:00\",\"dateModified\":\"2024-11-05T06:26:59+00:00\",\"author\":{\"@id\":\"https:\\\/\\\/pcspezialist.de\\\/blog\\\/#\\\/schema\\\/person\\\/e9cb801a8b8ea9138af26a02b8b6d14f\"},\"description\":\"Die \u2714 EU plant schon seit l\u00e4ngerem einheitliche \u2714 Ladekabel. Nun steht fest: \u2714 USB Type C wird Pflicht. Alle Infos bei uns.\",\"breadcrumb\":{\"@id\":\"https:\\\/\\\/pcspezialist.de\\\/blog\\\/2022\\\/10\\\/31\\\/usb-type-c-pflicht\\\/#breadcrumb\"},\"inLanguage\":\"de\",\"potentialAction\":[{\"@type\":\"ReadAction\",\"target\":[\"https:\\\/\\\/pcspezialist.de\\\/blog\\\/2022\\\/10\\\/31\\\/usb-type-c-pflicht\\\/\"]}]},{\"@type\":\"ImageObject\",\"inLanguage\":\"de\",\"@id\":\"https:\\\/\\\/pcspezialist.de\\\/blog\\\/2022\\\/10\\\/31\\\/usb-type-c-pflicht\\\/#primaryimage\",\"url\":\"https:\\\/\\\/pcspezialist.de\\\/blog\\\/wp-content\\\/uploads\\\/2022\\\/10\\\/usb-type-c_pexels_andrea-piacquadio-826349.jpg\",\"contentUrl\":\"https:\\\/\\\/pcspezialist.de\\\/blog\\\/wp-content\\\/uploads\\\/2022\\\/10\\\/usb-type-c_pexels_andrea-piacquadio-826349.jpg\",\"width\":1500,\"height\":704,\"caption\":\"Die Eu hat einer Richtlinie zugestimmt, dass ab 2024 alle mobilen Ger\u00e4te mit dem USB-Type-C-Anschluss ausgestattet sein m\u00fcssen. Bild: Pexels\\\/Andrea Piacquadio\"},{\"@type\":\"BreadcrumbList\",\"@id\":\"https:\\\/\\\/pcspezialist.de\\\/blog\\\/2022\\\/10\\\/31\\\/usb-type-c-pflicht\\\/#breadcrumb\",\"itemListElement\":[{\"@type\":\"ListItem\",\"position\":1,\"name\":\"Startseite\",\"item\":\"https:\\\/\\\/pcspezialist.de\\\/blog\\\/\"},{\"@type\":\"ListItem\",\"position\":2,\"name\":\"USB Type C wird Pflicht ## Apple \u00e4u\u00dfert sich zu den EU-Pl\u00e4nen\"}]},{\"@type\":\"WebSite\",\"@id\":\"https:\\\/\\\/pcspezialist.de\\\/blog\\\/#website\",\"url\":\"https:\\\/\\\/pcspezialist.de\\\/blog\\\/\",\"name\":\"PC-SPEZIALIST Blog\",\"description\":\"IT-Service, Trends &amp; Technik\",\"potentialAction\":[{\"@type\":\"SearchAction\",\"target\":{\"@type\":\"EntryPoint\",\"urlTemplate\":\"https:\\\/\\\/pcspezialist.de\\\/blog\\\/?s={search_term_string}\"},\"query-input\":{\"@type\":\"PropertyValueSpecification\",\"valueRequired\":true,\"valueName\":\"search_term_string\"}}],\"inLanguage\":\"de\"},{\"@type\":\"Person\",\"@id\":\"https:\\\/\\\/pcspezialist.de\\\/blog\\\/#\\\/schema\\\/person\\\/e9cb801a8b8ea9138af26a02b8b6d14f\",\"name\":\"Maren Keller\",\"description\":\"PC-SPEZIALIST ist eine Marke der in Schlo\u00df Holte ans\u00e4ssigen SYNAXON. Seit 2016 arbeitet Maren Keller f\u00fcr den PC-SPEZIALIST-Blog. Gestartet als Online-Redakteurin ist sie mittlerweile Content Marketing Managerin und tr\u00e4gt unter anderem die Verantwortung f\u00fcr die Inhalte des Blogs. In den Jahren 2017 und 2020 hat sie parallel f\u00fcr den Blog des IT-SERVICE.NETWORK geschrieben. Die studierte Germanistin und Politologin hat einen Sp\u00fcrsinn f\u00fcr aktuelle Bedrohungen im IT-Bereich entwickelt und versteht es, das Fachwissen von PC-SPEZIALIST dem Leser verst\u00e4ndlich darzubieten. Nicht zu verleugnen ist allerdings ihre Ungeduld, die sich in flinken Fingern auf der Tastatur zeigt und gleichzeitig f\u00fcr einen hohen Output sorgt. Ihre journalistische Karriere begann Maren Keller Mitte der 1990er Jahre mit dem Verfassen von Sportberichten f\u00fcr die Regionalseiten ihrer Heimatzeitung in Bremerhaven. Nach dem Studium in Hannover, das von zahlreichen Praktika bei Funk, Fernsehen und Zeitung begleitet wurde, kehrte sie f\u00fcr ein journalistisches Volontariat in ihre Heimat zur\u00fcck, um bei der NORDSEE-ZEITUNG den Beruf des Redakteurs von der Pike auf zu lernen und anschlie\u00dfend in der Sportredaktion zu arbeiten. W\u00e4hrend ihrer Elternzeiten und beruflich bedingten Umz\u00fcgen arbeitete sie als freie Journalistin f\u00fcr verschiedene Tageszeitungen und fand 2016 den Weg zur SYNAXON, wo sie heute als Content Marketing Managerin in Lohn und Brot steht. In ihrer Freizeit zeigt sie ihr Talent f\u00fcr\u2019s Schreiben nicht. Stattdessen liegen ihre Schwerpunkt dort im Bereich Haus, Familie, Garten und Hund. Au\u00dferdem ist sie musikalisch unterwegs, bl\u00e4st das Jagdhorn in einem Bl\u00e4serkorps, spielt Klavier und singt im Chor. Sie haben Fragen an Maren Keller? Sie erreichen sie per E-Mail an redaktion@pcspezialist.de\",\"url\":\"https:\\\/\\\/pcspezialist.de\\\/blog\\\/author\\\/maren\\\/\"}]}<\/script>\n<!-- \/ Yoast SEO plugin. -->","yoast_head_json":{"title":"USB Type C wird Pflicht \u2013 Apple \u00e4u\u00dfert sich zu den EU-Pl\u00e4nen","description":"Die \u2714 EU plant schon seit l\u00e4ngerem einheitliche \u2714 Ladekabel. Nun steht fest: \u2714 USB Type C wird Pflicht. Alle Infos bei uns.","robots":{"index":"index","follow":"follow","max-snippet":"max-snippet:-1","max-image-preview":"max-image-preview:large","max-video-preview":"max-video-preview:-1"},"canonical":"https:\/\/pcspezialist.de\/blog\/2022\/10\/31\/usb-type-c-pflicht\/","og_locale":"de_DE","og_type":"article","og_title":"USB Type C wird Pflicht \u2013 Apple \u00e4u\u00dfert sich zu den EU-Pl\u00e4nen","og_description":"Die \u2714 EU plant schon seit l\u00e4ngerem einheitliche \u2714 Ladekabel. Nun steht fest: \u2714 USB Type C wird Pflicht. Alle Infos bei uns.","og_url":"https:\/\/pcspezialist.de\/blog\/2022\/10\/31\/usb-type-c-pflicht\/","og_site_name":"PC-SPEZIALIST Blog","article_published_time":"2022-10-31T09:45:14+00:00","article_modified_time":"2024-11-05T06:26:59+00:00","og_image":[{"width":1500,"height":704,"url":"https:\/\/pcspezialist.de\/blog\/wp-content\/uploads\/2022\/10\/usb-type-c_pexels_andrea-piacquadio-826349.jpg","type":"image\/jpeg"}],"author":"Maren Keller","twitter_card":"summary_large_image","twitter_misc":{"Verfasst von":"Maren Keller","Gesch\u00e4tzte Lesezeit":"6\u00a0Minuten"},"schema":{"@context":"https:\/\/schema.org","@graph":[{"@type":"Article","@id":"https:\/\/pcspezialist.de\/blog\/2022\/10\/31\/usb-type-c-pflicht\/#article","isPartOf":{"@id":"https:\/\/pcspezialist.de\/blog\/2022\/10\/31\/usb-type-c-pflicht\/"},"author":{"name":"Maren Keller","@id":"https:\/\/pcspezialist.de\/blog\/#\/schema\/person\/e9cb801a8b8ea9138af26a02b8b6d14f"},"headline":"USB Type C wird Pflicht ## Apple \u00e4u\u00dfert sich zu den EU-Pl\u00e4nen","datePublished":"2022-10-31T09:45:14+00:00","dateModified":"2024-11-05T06:26:59+00:00","mainEntityOfPage":{"@id":"https:\/\/pcspezialist.de\/blog\/2022\/10\/31\/usb-type-c-pflicht\/"},"wordCount":954,"commentCount":0,"image":{"@id":"https:\/\/pcspezialist.de\/blog\/2022\/10\/31\/usb-type-c-pflicht\/#primaryimage"},"thumbnailUrl":"https:\/\/pcspezialist.de\/blog\/wp-content\/uploads\/2022\/10\/usb-type-c_pexels_andrea-piacquadio-826349.jpg","keywords":["Hardware","Apple","USB","Gesetzliches","Nachhaltigkeit"],"articleSection":["Verschiedenes"],"inLanguage":"de","potentialAction":[{"@type":"CommentAction","name":"Comment","target":["https:\/\/pcspezialist.de\/blog\/2022\/10\/31\/usb-type-c-pflicht\/#respond"]}]},{"@type":"WebPage","@id":"https:\/\/pcspezialist.de\/blog\/2022\/10\/31\/usb-type-c-pflicht\/","url":"https:\/\/pcspezialist.de\/blog\/2022\/10\/31\/usb-type-c-pflicht\/","name":"USB Type C wird Pflicht \u2013 Apple \u00e4u\u00dfert sich zu den EU-Pl\u00e4nen","isPartOf":{"@id":"https:\/\/pcspezialist.de\/blog\/#website"},"primaryImageOfPage":{"@id":"https:\/\/pcspezialist.de\/blog\/2022\/10\/31\/usb-type-c-pflicht\/#primaryimage"},"image":{"@id":"https:\/\/pcspezialist.de\/blog\/2022\/10\/31\/usb-type-c-pflicht\/#primaryimage"},"thumbnailUrl":"https:\/\/pcspezialist.de\/blog\/wp-content\/uploads\/2022\/10\/usb-type-c_pexels_andrea-piacquadio-826349.jpg","datePublished":"2022-10-31T09:45:14+00:00","dateModified":"2024-11-05T06:26:59+00:00","author":{"@id":"https:\/\/pcspezialist.de\/blog\/#\/schema\/person\/e9cb801a8b8ea9138af26a02b8b6d14f"},"description":"Die \u2714 EU plant schon seit l\u00e4ngerem einheitliche \u2714 Ladekabel. Nun steht fest: \u2714 USB Type C wird Pflicht. Alle Infos bei uns.","breadcrumb":{"@id":"https:\/\/pcspezialist.de\/blog\/2022\/10\/31\/usb-type-c-pflicht\/#breadcrumb"},"inLanguage":"de","potentialAction":[{"@type":"ReadAction","target":["https:\/\/pcspezialist.de\/blog\/2022\/10\/31\/usb-type-c-pflicht\/"]}]},{"@type":"ImageObject","inLanguage":"de","@id":"https:\/\/pcspezialist.de\/blog\/2022\/10\/31\/usb-type-c-pflicht\/#primaryimage","url":"https:\/\/pcspezialist.de\/blog\/wp-content\/uploads\/2022\/10\/usb-type-c_pexels_andrea-piacquadio-826349.jpg","contentUrl":"https:\/\/pcspezialist.de\/blog\/wp-content\/uploads\/2022\/10\/usb-type-c_pexels_andrea-piacquadio-826349.jpg","width":1500,"height":704,"caption":"Die Eu hat einer Richtlinie zugestimmt, dass ab 2024 alle mobilen Ger\u00e4te mit dem USB-Type-C-Anschluss ausgestattet sein m\u00fcssen. Bild: Pexels\/Andrea Piacquadio"},{"@type":"BreadcrumbList","@id":"https:\/\/pcspezialist.de\/blog\/2022\/10\/31\/usb-type-c-pflicht\/#breadcrumb","itemListElement":[{"@type":"ListItem","position":1,"name":"Startseite","item":"https:\/\/pcspezialist.de\/blog\/"},{"@type":"ListItem","position":2,"name":"USB Type C wird Pflicht ## Apple \u00e4u\u00dfert sich zu den EU-Pl\u00e4nen"}]},{"@type":"WebSite","@id":"https:\/\/pcspezialist.de\/blog\/#website","url":"https:\/\/pcspezialist.de\/blog\/","name":"PC-SPEZIALIST Blog","description":"IT-Service, Trends &amp; Technik","potentialAction":[{"@type":"SearchAction","target":{"@type":"EntryPoint","urlTemplate":"https:\/\/pcspezialist.de\/blog\/?s={search_term_string}"},"query-input":{"@type":"PropertyValueSpecification","valueRequired":true,"valueName":"search_term_string"}}],"inLanguage":"de"},{"@type":"Person","@id":"https:\/\/pcspezialist.de\/blog\/#\/schema\/person\/e9cb801a8b8ea9138af26a02b8b6d14f","name":"Maren Keller","description":"PC-SPEZIALIST ist eine Marke der in Schlo\u00df Holte ans\u00e4ssigen SYNAXON. Seit 2016 arbeitet Maren Keller f\u00fcr den PC-SPEZIALIST-Blog. Gestartet als Online-Redakteurin ist sie mittlerweile Content Marketing Managerin und tr\u00e4gt unter anderem die Verantwortung f\u00fcr die Inhalte des Blogs. In den Jahren 2017 und 2020 hat sie parallel f\u00fcr den Blog des IT-SERVICE.NETWORK geschrieben. Die studierte Germanistin und Politologin hat einen Sp\u00fcrsinn f\u00fcr aktuelle Bedrohungen im IT-Bereich entwickelt und versteht es, das Fachwissen von PC-SPEZIALIST dem Leser verst\u00e4ndlich darzubieten. Nicht zu verleugnen ist allerdings ihre Ungeduld, die sich in flinken Fingern auf der Tastatur zeigt und gleichzeitig f\u00fcr einen hohen Output sorgt. Ihre journalistische Karriere begann Maren Keller Mitte der 1990er Jahre mit dem Verfassen von Sportberichten f\u00fcr die Regionalseiten ihrer Heimatzeitung in Bremerhaven. Nach dem Studium in Hannover, das von zahlreichen Praktika bei Funk, Fernsehen und Zeitung begleitet wurde, kehrte sie f\u00fcr ein journalistisches Volontariat in ihre Heimat zur\u00fcck, um bei der NORDSEE-ZEITUNG den Beruf des Redakteurs von der Pike auf zu lernen und anschlie\u00dfend in der Sportredaktion zu arbeiten. W\u00e4hrend ihrer Elternzeiten und beruflich bedingten Umz\u00fcgen arbeitete sie als freie Journalistin f\u00fcr verschiedene Tageszeitungen und fand 2016 den Weg zur SYNAXON, wo sie heute als Content Marketing Managerin in Lohn und Brot steht. In ihrer Freizeit zeigt sie ihr Talent f\u00fcr\u2019s Schreiben nicht. Stattdessen liegen ihre Schwerpunkt dort im Bereich Haus, Familie, Garten und Hund. Au\u00dferdem ist sie musikalisch unterwegs, bl\u00e4st das Jagdhorn in einem Bl\u00e4serkorps, spielt Klavier und singt im Chor. Sie haben Fragen an Maren Keller? Sie erreichen sie per E-Mail an redaktion@pcspezialist.de","url":"https:\/\/pcspezialist.de\/blog\/author\/maren\/"}]}},"_links":{"self":[{"href":"https:\/\/pcspezialist.de\/blog\/wp-json\/wp\/v2\/posts\/63533","targetHints":{"allow":["GET"]}}],"collection":[{"href":"https:\/\/pcspezialist.de\/blog\/wp-json\/wp\/v2\/posts"}],"about":[{"href":"https:\/\/pcspezialist.de\/blog\/wp-json\/wp\/v2\/types\/post"}],"author":[{"embeddable":true,"href":"https:\/\/pcspezialist.de\/blog\/wp-json\/wp\/v2\/users\/98"}],"replies":[{"embeddable":true,"href":"https:\/\/pcspezialist.de\/blog\/wp-json\/wp\/v2\/comments?post=63533"}],"version-history":[{"count":13,"href":"https:\/\/pcspezialist.de\/blog\/wp-json\/wp\/v2\/posts\/63533\/revisions"}],"predecessor-version":[{"id":64052,"href":"https:\/\/pcspezialist.de\/blog\/wp-json\/wp\/v2\/posts\/63533\/revisions\/64052"}],"wp:featuredmedia":[{"embeddable":true,"href":"https:\/\/pcspezialist.de\/blog\/wp-json\/wp\/v2\/media\/63540"}],"wp:attachment":[{"href":"https:\/\/pcspezialist.de\/blog\/wp-json\/wp\/v2\/media?parent=63533"}],"wp:term":[{"taxonomy":"category","embeddable":true,"href":"https:\/\/pcspezialist.de\/blog\/wp-json\/wp\/v2\/categories?post=63533"},{"taxonomy":"post_tag","embeddable":true,"href":"https:\/\/pcspezialist.de\/blog\/wp-json\/wp\/v2\/tags?post=63533"}],"curies":[{"name":"wp","href":"https:\/\/api.w.org\/{rel}","templated":true}]}}