{"id":63148,"date":"2022-10-19T10:45:06","date_gmt":"2022-10-19T08:45:06","guid":{"rendered":"https:\/\/www.pcspezialist.de\/blog\/?p=63148"},"modified":"2024-11-05T07:27:37","modified_gmt":"2024-11-05T06:27:37","slug":"boehmermann-schoenbohm","status":"publish","type":"post","link":"https:\/\/pcspezialist.de\/blog\/2022\/10\/19\/boehmermann-schoenbohm\/","title":{"rendered":"B\u00f6hmermann Sch\u00f6nbohm ## Hintergr\u00fcnde zu Russland-Verwicklungen \u2013 UPDATE: Sch\u00f6nbohm entlassen"},"content":{"rendered":"<p><b>Man kann es schon fast Aff\u00e4re nennen, die Ursachen und Folgen dessen, was B\u00f6hmermann Sch\u00f6nbohm antut. Der Schaden ist immens, welche Wahrheit wirklich hinter den Vorw\u00fcrfen steckt, noch nicht ganz klar.<\/b><\/p>\n<p>Mittlerweile ist klar \u2013 Arne Sch\u00f6nbohm hat seinen Posten als BSI-Chef verloren \u2013 und das alles, weil ein ZDF-Satiriker ihn aufs Korn genommen hat. Alle Infos bei uns.<\/p>\n<p><!--more--><\/p>\n<div style=\"background: #f2f2f2; padding: 15px 15px 5px; margin: 30px 0;\">\n<p><strong>Unser Beitrag \u00fcber B\u00f6hmermann Sch\u00f6nbohm im \u00dcberblick:\u00a0<\/strong><\/p>\n<ol style=\"line-height: 1.7;\">\n<li><a href=\"#eins\">Zur Person Arne Sch\u00f6nbohm<\/a>\n<ul style=\"line-height: 1.7;\">\n<li><a href=\"#zwei\">Sch\u00f6nbohm und das BSI<\/a><\/li>\n<li><a href=\"#sechs\">\u00dcberwachung in Deutschland<\/a><\/li>\n<\/ul>\n<\/li>\n<li><a href=\"#drei\">B\u00f6hmermann Sch\u00f6nbohm \u2013 was war passiert?<\/a><\/li>\n<li><a href=\"#vier\">Zweifelhafte Inszenierung im Fall B\u00f6hmernann Sch\u00f6nbohm<\/a><\/li>\n<li><a href=\"#fuenf\">B\u00f6hmermann Sch\u00f6nbohm \u2013 wie geht&#8217;s weiter?<\/a><\/li>\n<\/ol>\n<\/div>\n<h2 id=\"eins\">Zur Person Arne Sch\u00f6nbohm<\/h2>\n<p>Arne Sch\u00f6nbohm war seit dem <strong>18. Februar 2016<\/strong> <strong>Pr\u00e4sident des Bundesamtes f\u00fcr Sicherheit in der Informationstechnik (BSI)<\/strong>. Gestern wurde er aus seinem Amt abberufen. Er stammt geb\u00fcrtig (Jahrgang 1969) aus Hamburg und studierte Internationales Management in Dortmund, London und Taipeh.<\/p>\n<p>Er ist seit mehr als <strong>zehn Jahren<\/strong> in f\u00fchrenden <strong>Positionen im Bereich der IT-Sicherheit<\/strong> t\u00e4tig. Nach verschiedenen Positionen f\u00fcr EADS (ehemals European Aeronautic Defence and Space Company, seit 2014 Airbus) wurde Sch\u00f6nbohm 2008 Vorstandsvorsitzender der BSS BuCET Shared Services AG (BSS AG). Das Unternehmen hat sich unter anderem der Beratung auf dem Feld der Cyber-Sicherheit verschrieben. Ehe er ins BSI wechselte, war er beim der BSS AG Vizepr\u00e4sident f\u00fcr Commercial\u00a0und\u00a0Defence Solutions.<\/p>\n<p>Seine <strong>13-j\u00e4hrige Industriekarriere<\/strong> begann der Diplom-Betriebswirt als\u00a0Trainee\u00a0in der zentralen Nachwuchsgruppe bei <strong>DaimlerChrysler\u00a0Aerospace<\/strong> in M\u00fcnchen. Dar\u00fcber hinaus arbeitete Sch\u00f6nbohm als Sicherheitsexperte und Berater verschiedener politischer Entscheidungstr\u00e4ger auf Bundes- und Landesebene, so war er unter anderem Mitglied der\u00a0Cyber Security Coordination Group\u00a0der EU.<\/p>\n<div id=\"attachment_63374\" style=\"width: 589px\" class=\"wp-caption alignright\"><img loading=\"lazy\" decoding=\"async\" aria-describedby=\"caption-attachment-63374\" class=\"size-medium wp-image-63374\" src=\"https:\/\/pcspezialist.de\/blog\/wp-content\/uploads\/2022\/10\/Wiki_2016-10-17_Arne_Schoenbohm_9898-579x500.jpg\" alt=\"B\u00f6hmermann Sch\u00f6nbohm: Arne Sch\u00f6nbohm, Pr\u00e4sident des Bundesamts f\u00fcr Sicherheit in der Informationstechnik. Bild: Wikipedia\/\u00a9Michael Lucan (Eigenes Werk, CC BY-SA 3.0 de)\" width=\"579\" height=\"500\" srcset=\"https:\/\/pcspezialist.de\/blog\/wp-content\/uploads\/2022\/10\/Wiki_2016-10-17_Arne_Schoenbohm_9898-579x500.jpg 579w, https:\/\/pcspezialist.de\/blog\/wp-content\/uploads\/2022\/10\/Wiki_2016-10-17_Arne_Schoenbohm_9898.jpg 650w\" sizes=\"auto, (max-width: 579px) 100vw, 579px\" \/><p id=\"caption-attachment-63374\" class=\"wp-caption-text\">Arne Sch\u00f6nbohm, seit gestern: Ex-Pr\u00e4sident des Bundesamts f\u00fcr Sicherheit in der Informationstechnik. Bild: Commons Wikimedia \/\u00a9Michael Lucan (<a href=\"https:\/\/commons.wikimedia.org\/w\/index.php?curid=60814018\" target=\"_blank\" rel=\"noopener\">Eigenes Werk, CC BY-SA 3.0 de<\/a>)<\/p><\/div>\n<h3 id=\"zwei\">Sch\u00f6nbohm und das BSI<\/h3>\n<p>Arne Sch\u00f6nbohm war in seiner <strong>Arbeit beim BSI<\/strong> durchaus <strong>umstritten<\/strong>. Lange Zeit galt er als <strong>Fehlbesetzung<\/strong>, was sich allerdings \u00e4nderte, als er sein Amt f\u00fcr l\u00e4ngst \u00fcberf\u00e4llige Ver\u00e4nderungen nutzte. Zudem wird ihm <strong>hoch angerechnet<\/strong>, dass er <strong>keine politischen Entscheidungen<\/strong> trifft, sondern fachliche \u2013 sehr zum Missfallen von Innenministerin Faeser.<\/p>\n<p>So steht beispielsweise im Bundesinnenministerium unter Nancy Faeser (SPD) das sogenannte \u201e<strong>Schwachstellen-Management<\/strong>\u201c weit oben auf der politischen Agenda. Es besagt, bestimmte <a href=\"https:\/\/pcspezialist.de\/blog\/2021\/02\/05\/schwachstellen\/\">Sicherheitsl\u00fccken<\/a> erst selbst auszunutzen, bevor man sie dem Hersteller meldet und damit f\u00fcr alle unbrauchbar macht. Allerdings widerspricht diese Form des Schwachstellen-Managements dem g\u00e4ngigen IT-Sicherheitsgedanken, <a href=\"https:\/\/pcspezialist.de\/blog\/2021\/01\/27\/sicherheitspatch\/\">Sicherheitsl\u00fccken durch Updates<\/a> m\u00f6glichst schnell zu stopfen. Sch\u00f6nbohm ist f\u00fcr die direkte Beseitigung bekannte Softwarefehler.<\/p>\n<p>Au\u00dferdem lieb\u00e4ugelt das Bundesinnenministerium unverhohlen mit den <strong>EU-Pl\u00e4nen zur Chat-Kontrolle<\/strong>. Sie bedeutet den Einstieg in die anlasslose Massen\u00fcberwachung privater Kommunikation. Hierbei w\u00fcrden sogenannte <a href=\"https:\/\/pcspezialist.de\/blog\/2019\/05\/16\/staatstrojaner\/\">Staatstrojaner<\/a> mit Software-Hintert\u00fcren f\u00fcr <a href=\"https:\/\/pcspezialist.de\/blog\/2021\/09\/24\/spyware\/\">Sp\u00e4hzwecke<\/a> genutzt werden. Milit\u00e4r, Geheimdienste und Strafverfolgungsbeh\u00f6rden fordern sie seit Jahren, f\u00fcr Sicherheitsexperten und Sch\u00f6nbohm droht ein \u00dcberwachungs-Albtraum.<\/p>\n<h3 id=\"sechs\">\u00dcberwachung in Deutschland<\/h3>\n<p>Zahlreiche <strong>M\u00f6glichkeiten der \u00dcberwachung<\/strong> gibt es bereits in Deutschland. Ein politisches Dauerthema ist die <a href=\"https:\/\/pcspezialist.de\/blog\/2022\/09\/28\/vorratsdatenspeicherung-eugh-urteil\/\">Vorratsdatenspeicherung<\/a>, zu der der EuGH j\u00fcngst geurteilt hat, dass sie so, wie sie durchgef\u00fchrt wird, nicht rechtens ist. Aber auch die <a href=\"https:\/\/pcspezialist.de\/blog\/2021\/12\/06\/glaeserner-mensch-schufa\/\">Schufa sammelt Daten<\/a> in rauen Mengen und l\u00e4sst den Mensch immer gl\u00e4serner werden. Und nicht zu vergessen, die <a href=\"https:\/\/pcspezialist.de\/blog\/2020\/04\/08\/tracking-apps-corona\/\">Tracking-Apps<\/a>, die es gibt.<\/p>\n<p>Es ist stets eine Abw\u00e4gung, ob die Sicherheit der Menschen durch \u00dcberwachung vergr\u00f6\u00dfert wird oder ob die Interessen des Staates, m\u00f6glichst viel vom seinen Einwohnern zu erfahren, im Vordergrund stehen.<\/p>\n<p><strong>Sch\u00f6nbohms Linie<\/strong> f\u00fcr <strong>mehr Sicherheit und mehr Datenschutz<\/strong> f\u00fcr jeden Einzelnen ist <strong>Nancy Faeser<\/strong> ein Dorn im \u00dcberwachungsauge. F\u00fcr sie scheint die von B\u00f6hmermann ausgel\u00f6ste Diskussion um den BSI-Chef eine willkommene M\u00f6glichkeit zu sein, den unbequemen Beamten zu entsorgen und stattdessen einen <strong>\u00dcberwachungsfreund an die Spitze des BSI<\/strong> zu setzen.<\/p>\n<div id=\"attachment_63377\" style=\"width: 660px\" class=\"wp-caption alignright\"><img loading=\"lazy\" decoding=\"async\" aria-describedby=\"caption-attachment-63377\" class=\"size-full wp-image-63377\" src=\"https:\/\/pcspezialist.de\/blog\/wp-content\/uploads\/2022\/10\/Boehmernann-Schoenbohm_pexels-photomix-company-96612.jpg\" alt=\"B\u00f6hmermann Sch\u00f6nbohm: zwei wei\u00dfe Kameras an dunklem Pfosten montiert unter blauem Himmel. Bild: Pexels\/PhotoMIX Company\" width=\"650\" height=\"433\" \/><p id=\"caption-attachment-63377\" class=\"wp-caption-text\">\u00dcberwachung findet schon jetzt vielf\u00e4ltig statt. Sch\u00f6nbohm ist dagegen ein Freund von mehr Datenschutz. Bild: Pexels\/PhotoMIX Company<\/p><\/div>\n<h2 id=\"drei\">B\u00f6hmermann Sch\u00f6nbohm \u2013 was war passiert?<\/h2>\n<p>Im Fall B\u00f6hmermann Sch\u00f6nbohm hat Moderator Jan B\u00f6hmermann in seiner Sendung ZDF Magazin Royale den <strong>BSI-Chef Sch\u00f6nbohm<\/strong> als <strong>#CyberClown<\/strong> vorgef\u00fchrt und pers\u00f6nlich attackiert \u2013 da er seinen Job mittlerweile verloren hat, in besch\u00e4digender Weise. Als <strong>Satiriker<\/strong> nutzt <strong>B\u00f6hmermann<\/strong> seine Sendung immer wieder, um<strong> Skandale und Skand\u00e4lchen<\/strong> m\u00f6glichst spektakul\u00e4r zu <strong>enth\u00fcllen<\/strong>.<\/p>\n<p>Im Fall von Sch\u00f6nbohm enth\u00fcllte er allerdings <strong>nur bereits Bekanntes<\/strong>: Arne Sch\u00f6nbohm, bis heute IT-Sicherheitschef von Deutschland, hatte einen windigen Lobbyverband gegr\u00fcndet und lange geleitet. Der tr\u00e4gt den Namen Cyber-Sicherheitsrat Deutschland e.V. In diesem Verband ist die IT-Firma Protelion Mitglied, die eindeutige Verbindungen zu russischen Geheimdiensten hat. Au\u00dferdem soll Protelion irgendwie mit der Cybersicherheit Deutschlands zu tun haben \u2013 und das alles unter Sch\u00f6nbohms Verantwortung.<\/p>\n<p>Im Nachhinein wurde allerdings bekannt, dass die angeblich so wichtige Rolle der IT-Firma mit russischen Verbindungen in der deutschen Cybersicherheitsarchitektur mindestens angezweifelt werden muss. Den gesamten Ausschnitt aus der Fernsehsendung ZDF Magazin Royale sehen Sie in diesem YouTube-Video:<\/p>\n<p>https:\/\/www.youtube.com\/watch?v=dtZf-A4Qd5k<\/p>\n<h2 id=\"vier\">Zweifelhafte Inszenierung im Fall B\u00f6hmermann Sch\u00f6nbohm<\/h2>\n<p>Was ist \u00fcberhaupt dran an den <strong>Vorw\u00fcrfen und Enth\u00fcllungen<\/strong> im Falle B\u00f6hmermann Sch\u00f6nbohm? Nicht viel, wie sich herausstellte:<\/p>\n<ul>\n<li><strong>Bekannt war<\/strong> schon vor seiner Berufung als BSI-Chef, dass er den <strong>Lobbyverband Cyber-Sicherheitsrat Deutschland e.V.<\/strong> gegr\u00fcndet und geleitet hat.<\/li>\n<li>Richtig ist, dass die <strong>dubiose Sicherheitsfirma Protelion<\/strong> mit verd\u00e4chtigen russischen Wurzeln erst Mitglied in dem Verband geworden ist, nachdem Sch\u00f6nbohm Jahre zuvor den Vorsitz abgegeben hat.<\/li>\n<li>Fakt ist au\u00dferdem, dass das <strong>BSI und Arne Sch\u00f6nbohm<\/strong> als Vorsitzender die Protelion weder unterst\u00fctzt noch erw\u00e4hnt haben.<\/li>\n<\/ul>\n<p>Bleibt seine <strong>Teilnahme an der Jubil\u00e4umsfeier<\/strong> des von ihm gegr\u00fcndeten Cyber-Sicherheitsrat Deutschland e.V. Anfang September dieses Jahres. Bereits seit September 2019 stehen die Vorw\u00fcrfe im Raum, der Verein stehe in verd\u00e4chtiger N\u00e4he zu Russland. Sch\u00f6nbohm h\u00e4tte also eine Abwesenheit beim Jubil\u00e4um durchaus gutgetan.<\/p>\n<p>Andererseits war der Auftritt <strong>von Faesers Staatssekret\u00e4r abgesegnet<\/strong> und ihr Abteilungsleiter f\u00fcr Cybersicherheit war ebenfalls zu Gast. So schlimm kann es aus Sicht des Bundesinnenministeriums also nicht gewesen sein. Und das verdeutlicht noch einmal, das hinter aller Kritik an Sch\u00f6nbohm eher der Versuch steckt, einen unliebsamen Beamten loszuwerden.<\/p>\n<div id=\"attachment_63380\" style=\"width: 343px\" class=\"wp-caption alignright\"><img loading=\"lazy\" decoding=\"async\" aria-describedby=\"caption-attachment-63380\" class=\"size-medium wp-image-63380\" src=\"https:\/\/pcspezialist.de\/blog\/wp-content\/uploads\/2022\/10\/Wikimedia_Jan_Boehmermann-333x500.jpg\" alt=\"B\u00f6hmermann Sch\u00f6nbohm: Satiriker Jan B\u00f6hmermann. Bild: Commons Wikimedia\/\u00a9Michael Schilling (Eigenes Werk, CC BY-SA 3.0 de)\" width=\"333\" height=\"500\" srcset=\"https:\/\/pcspezialist.de\/blog\/wp-content\/uploads\/2022\/10\/Wikimedia_Jan_Boehmermann-333x500.jpg 333w, https:\/\/pcspezialist.de\/blog\/wp-content\/uploads\/2022\/10\/Wikimedia_Jan_Boehmermann.jpg 433w\" sizes=\"auto, (max-width: 333px) 100vw, 333px\" \/><p id=\"caption-attachment-63380\" class=\"wp-caption-text\">Satiriker Jan B\u00f6hmermann. Seine zweifelhaften Enth\u00fcllungen haben BSI-Chef Sch\u00f6nbohm den Job gekostet. Bild: Commons Wikimedia\/\u00a9Michael Schilling (<a href=\"https:\/\/commons.wikimedia.org\/wiki\/File:Jan_B%C3%B6hmermann.jpg\" target=\"_blank\" rel=\"noopener\" data-rel=\"lightbox-image-0\" data-rl_title=\"\" data-rl_caption=\"\" title=\"\">Eigenes Werk, CC BY-SA 3.0 de<\/a>)<\/p><\/div>\n<h2 id=\"fuenf\">B\u00f6hmermann Sch\u00f6nbohm \u2013 wie geht&#8217;s weiter?<\/h2>\n<p>Dennoch haben die Enth\u00fcllungen von B\u00f6hmermann <strong>Auswirkungen<\/strong>. Zun\u00e4chst einmal zeigte Nancy Faeser klar, was sie von ihrem BSI-Chef h\u00e4lt. Sie brauchte ganze 48 Stunden, um \u00fcberhaupt auf die Enth\u00fcllungen im Fall B\u00f6hmermann Sch\u00f6nbohm zu reagieren. Sich sch\u00fctzend hinter ihn gestellt hat sie sich allerdings nicht.<\/p>\n<p>Mittlerweile schlie\u00dft sogar Gr\u00fcnen-Chef Omid Nouripour <strong>Ermittlungen durch den Bundesstaatsanwalt<\/strong> nicht mehr aus. Und seit gestern Abend ist klar: Das Bundesinnenministerium hat Sch\u00f6nbohm abberufen. Er ist seinen Job als BSI-Chef los.<\/p>\n<p>Und das, obwohl sogar die <strong>B\u00f6hmermann-Redaktion zur\u00fcckrudert<\/strong>, indem sie zahlreiche <a href=\"https:\/\/twitter.com\/zdfmagazin\/status\/1579476626991370241\" target=\"_blank\" rel=\"noopener\">Posts auf Twitter<\/a> absetzte und der Darstellung Sch\u00f6nbohms als #CyberClown widersprach. Denn die Bewertungen der Enth\u00fcllung unter Fachleuten ist eindeutig: \u201eF\u00fcrs Erste bleibt von den konkreten Vorw\u00fcrfen gegen ihn nichts \u00fcbrig.\u201c<\/p>\n<p>Egal, ob Protelion oder Cyber-Sicherheitsrat, wenn Sie in Ihrer Firma Fragen zur <a href=\"https:\/\/pcspezialist.de\/firmen\/it-sicherheit\/?utm_source=blog&amp;utm_medium=boehmermann-schoenbohm&amp;utm_campaign=it-sicherheit\">IT-Sicherheit<\/a> haben, dann wenden Sie sich am besten an Ihren <a href=\"https:\/\/pcspezialist.de\/standorte\/?utm_source=blog&amp;utm_medium=boehmermann-schoenbohm&amp;utm_campaign=standorte\">PC-SPEZIALIST vor Ort<\/a>. Bei ihm bekommen Sie Sicherheitsl\u00f6sungen, die nicht aus Russland stammen, sondern made in Germany sind. Nehmen Sie <a href=\"https:\/\/pcspezialist.de\/ueber-pc-spezialist\/#kontakt?utm_source=blog&amp;utm_medium=boehmermann-schoenbohm&amp;utm_campaign=kontakt\">Kontakt zu uns<\/a> auf.<\/p>\n<p>_______________________________________________<\/p>\n<p><small>Andere Stimmen zum Thema: <a href=\"https:\/\/www.heise.de\/meinung\/Kommentar-BSI-Affaere-Boehmermann-und-Faeser-saegen-an-Schoenbohms-Stuhl-7295281.html\" target=\"_blank\" rel=\"noopener\">heise<\/a>, <a href=\"https:\/\/www.spiegel.de\/netzwelt\/netzpolitik\/jan-boehmermann-und-bsi-praesident-arne-schoenbohm-der-herbeigeboehmermannte-skandal-a-825cf663-1405-42db-89de-551c22ce6dc1\" target=\"_blank\" rel=\"noopener\">spiegel<\/a>, <a href=\"https:\/\/www.wiwo.de\/technologie\/digitale-welt\/cybersicherheit-statt-eines-rauswurfs-braucht-es-rueckgrat-frau-faeser\/28742134.html\" target=\"_blank\" rel=\"noopener\">wiwo<\/a>, <a href=\"https:\/\/www.bsi.bund.de\/DE\/Das-BSI\/Organisation-und-Aufbau\/Leitung\/leitung.html\" target=\"_blank\" rel=\"noopener\">bsi.bund<\/a>, <a href=\"https:\/\/www.n-tv.de\/politik\/Was-hinter-dem-Fall-Schoenbohm-steckt-article23641176.html\" target=\"_blank\" rel=\"noopener\">ntv<\/a>, <a href=\"https:\/\/www.rnd.de\/medien\/zdf-magazin-royale-ueber-cybersicherheit-in-deutschland-verbindungen-zu-russischen-geheimdiensten-ERHXMQL7C5EOZIUAA2EUS4TNXQ.html\" target=\"_blank\" rel=\"noopener\">rnd<\/a>,\u00a0<a href=\"https:\/\/www.tagesschau.de\/inland\/schoenbohm-abberufung-101.html\">tagesschau<\/a>, <a href=\"https:\/\/rp-online.de\/politik\/deutschland\/causa-schoenbohm-gruenen-chef-nouripour-schliesst-strafverfolgung-nicht-aus_aid-78312373\" target=\"_blank\" rel=\"noopener\">rp-online<\/a><\/small><\/p>\n","protected":false},"excerpt":{"rendered":"<p>Man kann es schon fast Aff\u00e4re nennen, die Ursachen und Folgen dessen, was B\u00f6hmermann Sch\u00f6nbohm antut. Der Schaden ist immens, welche Wahrheit wirklich hinter den Vorw\u00fcrfen steckt, noch nicht ganz klar. Mittlerweile ist klar \u2013 Arne Sch\u00f6nbohm hat seinen Posten als BSI-Chef verloren \u2013 und das alles, weil ein ZDF-Satiriker ihn aufs Korn genommen hat. [&hellip;]<\/p>\n","protected":false},"author":98,"featured_media":63382,"comment_status":"open","ping_status":"closed","sticky":false,"template":"","format":"standard","meta":{"footnotes":""},"categories":[6913],"tags":[1538],"class_list":["post-63148","post","type-post","status-publish","format-standard","has-post-thumbnail","hentry","category-verschiedenes","tag-bsi"],"yoast_head":"<!-- This site is optimized with the Yoast SEO plugin v27.4 - https:\/\/yoast.com\/product\/yoast-seo-wordpress\/ -->\n<title>B\u00f6hmermann Sch\u00f6nbohm: Hintergr\u00fcnde, Infos zu Verwicklungen<\/title>\n<meta name=\"description\" content=\"Was ist dran an den Vorw\u00fcrfen gegen\u00fcber \u2714 BSI-Pr\u00e4sident \u2714 Arne Sch\u00f6nbohm? Wir fassen die \u2714 B\u00f6hmermann Sch\u00f6nbohm Problematik zusammen.\" \/>\n<meta name=\"robots\" content=\"index, follow, max-snippet:-1, max-image-preview:large, max-video-preview:-1\" \/>\n<link rel=\"canonical\" href=\"https:\/\/pcspezialist.de\/blog\/2022\/10\/19\/boehmermann-schoenbohm\/\" \/>\n<meta property=\"og:locale\" content=\"de_DE\" \/>\n<meta property=\"og:type\" content=\"article\" \/>\n<meta property=\"og:title\" content=\"B\u00f6hmermann Sch\u00f6nbohm: Hintergr\u00fcnde, Infos zu Verwicklungen\" \/>\n<meta property=\"og:description\" content=\"Was ist dran an den Vorw\u00fcrfen gegen\u00fcber \u2714 BSI-Pr\u00e4sident \u2714 Arne Sch\u00f6nbohm? Wir fassen die \u2714 B\u00f6hmermann Sch\u00f6nbohm Problematik zusammen.\" \/>\n<meta property=\"og:url\" content=\"https:\/\/pcspezialist.de\/blog\/2022\/10\/19\/boehmermann-schoenbohm\/\" \/>\n<meta property=\"og:site_name\" content=\"PC-SPEZIALIST Blog\" \/>\n<meta property=\"article:published_time\" content=\"2022-10-19T08:45:06+00:00\" \/>\n<meta property=\"article:modified_time\" content=\"2024-11-05T06:27:37+00:00\" \/>\n<meta property=\"og:image\" content=\"https:\/\/pcspezialist.de\/blog\/wp-content\/uploads\/2022\/10\/Boehmermann-Schoenbohm_pexels-pixabay-60504-3.jpg\" \/>\n\t<meta property=\"og:image:width\" content=\"1500\" \/>\n\t<meta property=\"og:image:height\" content=\"702\" \/>\n\t<meta property=\"og:image:type\" content=\"image\/jpeg\" \/>\n<meta name=\"author\" content=\"Maren Keller\" \/>\n<meta name=\"twitter:card\" content=\"summary_large_image\" \/>\n<meta name=\"twitter:label1\" content=\"Verfasst von\" \/>\n\t<meta name=\"twitter:data1\" content=\"Maren Keller\" \/>\n\t<meta name=\"twitter:label2\" content=\"Gesch\u00e4tzte Lesezeit\" \/>\n\t<meta name=\"twitter:data2\" content=\"7\u00a0Minuten\" \/>\n<script type=\"application\/ld+json\" class=\"yoast-schema-graph\">{\"@context\":\"https:\\\/\\\/schema.org\",\"@graph\":[{\"@type\":\"Article\",\"@id\":\"https:\\\/\\\/pcspezialist.de\\\/blog\\\/2022\\\/10\\\/19\\\/boehmermann-schoenbohm\\\/#article\",\"isPartOf\":{\"@id\":\"https:\\\/\\\/pcspezialist.de\\\/blog\\\/2022\\\/10\\\/19\\\/boehmermann-schoenbohm\\\/\"},\"author\":{\"name\":\"Maren Keller\",\"@id\":\"https:\\\/\\\/pcspezialist.de\\\/blog\\\/#\\\/schema\\\/person\\\/e9cb801a8b8ea9138af26a02b8b6d14f\"},\"headline\":\"B\u00f6hmermann Sch\u00f6nbohm ## Hintergr\u00fcnde zu Russland-Verwicklungen \u2013 UPDATE: Sch\u00f6nbohm entlassen\",\"datePublished\":\"2022-10-19T08:45:06+00:00\",\"dateModified\":\"2024-11-05T06:27:37+00:00\",\"mainEntityOfPage\":{\"@id\":\"https:\\\/\\\/pcspezialist.de\\\/blog\\\/2022\\\/10\\\/19\\\/boehmermann-schoenbohm\\\/\"},\"wordCount\":1312,\"commentCount\":0,\"image\":{\"@id\":\"https:\\\/\\\/pcspezialist.de\\\/blog\\\/2022\\\/10\\\/19\\\/boehmermann-schoenbohm\\\/#primaryimage\"},\"thumbnailUrl\":\"https:\\\/\\\/pcspezialist.de\\\/blog\\\/wp-content\\\/uploads\\\/2022\\\/10\\\/Boehmermann-Schoenbohm_pexels-pixabay-60504-3.jpg\",\"keywords\":[\"BSI\"],\"articleSection\":[\"Verschiedenes\"],\"inLanguage\":\"de\",\"potentialAction\":[{\"@type\":\"CommentAction\",\"name\":\"Comment\",\"target\":[\"https:\\\/\\\/pcspezialist.de\\\/blog\\\/2022\\\/10\\\/19\\\/boehmermann-schoenbohm\\\/#respond\"]}]},{\"@type\":\"WebPage\",\"@id\":\"https:\\\/\\\/pcspezialist.de\\\/blog\\\/2022\\\/10\\\/19\\\/boehmermann-schoenbohm\\\/\",\"url\":\"https:\\\/\\\/pcspezialist.de\\\/blog\\\/2022\\\/10\\\/19\\\/boehmermann-schoenbohm\\\/\",\"name\":\"B\u00f6hmermann Sch\u00f6nbohm: Hintergr\u00fcnde, Infos zu Verwicklungen\",\"isPartOf\":{\"@id\":\"https:\\\/\\\/pcspezialist.de\\\/blog\\\/#website\"},\"primaryImageOfPage\":{\"@id\":\"https:\\\/\\\/pcspezialist.de\\\/blog\\\/2022\\\/10\\\/19\\\/boehmermann-schoenbohm\\\/#primaryimage\"},\"image\":{\"@id\":\"https:\\\/\\\/pcspezialist.de\\\/blog\\\/2022\\\/10\\\/19\\\/boehmermann-schoenbohm\\\/#primaryimage\"},\"thumbnailUrl\":\"https:\\\/\\\/pcspezialist.de\\\/blog\\\/wp-content\\\/uploads\\\/2022\\\/10\\\/Boehmermann-Schoenbohm_pexels-pixabay-60504-3.jpg\",\"datePublished\":\"2022-10-19T08:45:06+00:00\",\"dateModified\":\"2024-11-05T06:27:37+00:00\",\"author\":{\"@id\":\"https:\\\/\\\/pcspezialist.de\\\/blog\\\/#\\\/schema\\\/person\\\/e9cb801a8b8ea9138af26a02b8b6d14f\"},\"description\":\"Was ist dran an den Vorw\u00fcrfen gegen\u00fcber \u2714 BSI-Pr\u00e4sident \u2714 Arne Sch\u00f6nbohm? Wir fassen die \u2714 B\u00f6hmermann Sch\u00f6nbohm Problematik zusammen.\",\"breadcrumb\":{\"@id\":\"https:\\\/\\\/pcspezialist.de\\\/blog\\\/2022\\\/10\\\/19\\\/boehmermann-schoenbohm\\\/#breadcrumb\"},\"inLanguage\":\"de\",\"potentialAction\":[{\"@type\":\"ReadAction\",\"target\":[\"https:\\\/\\\/pcspezialist.de\\\/blog\\\/2022\\\/10\\\/19\\\/boehmermann-schoenbohm\\\/\"]}]},{\"@type\":\"ImageObject\",\"inLanguage\":\"de\",\"@id\":\"https:\\\/\\\/pcspezialist.de\\\/blog\\\/2022\\\/10\\\/19\\\/boehmermann-schoenbohm\\\/#primaryimage\",\"url\":\"https:\\\/\\\/pcspezialist.de\\\/blog\\\/wp-content\\\/uploads\\\/2022\\\/10\\\/Boehmermann-Schoenbohm_pexels-pixabay-60504-3.jpg\",\"contentUrl\":\"https:\\\/\\\/pcspezialist.de\\\/blog\\\/wp-content\\\/uploads\\\/2022\\\/10\\\/Boehmermann-Schoenbohm_pexels-pixabay-60504-3.jpg\",\"width\":1500,\"height\":702,\"caption\":\"Sicherheitslogo, Schriftzug Security mit Mauszeiger. Bild: Pexels\\\/Pixabay\"},{\"@type\":\"BreadcrumbList\",\"@id\":\"https:\\\/\\\/pcspezialist.de\\\/blog\\\/2022\\\/10\\\/19\\\/boehmermann-schoenbohm\\\/#breadcrumb\",\"itemListElement\":[{\"@type\":\"ListItem\",\"position\":1,\"name\":\"Startseite\",\"item\":\"https:\\\/\\\/pcspezialist.de\\\/blog\\\/\"},{\"@type\":\"ListItem\",\"position\":2,\"name\":\"B\u00f6hmermann Sch\u00f6nbohm ## Hintergr\u00fcnde zu Russland-Verwicklungen \u2013 UPDATE: Sch\u00f6nbohm entlassen\"}]},{\"@type\":\"WebSite\",\"@id\":\"https:\\\/\\\/pcspezialist.de\\\/blog\\\/#website\",\"url\":\"https:\\\/\\\/pcspezialist.de\\\/blog\\\/\",\"name\":\"PC-SPEZIALIST Blog\",\"description\":\"IT-Service, Trends &amp; Technik\",\"potentialAction\":[{\"@type\":\"SearchAction\",\"target\":{\"@type\":\"EntryPoint\",\"urlTemplate\":\"https:\\\/\\\/pcspezialist.de\\\/blog\\\/?s={search_term_string}\"},\"query-input\":{\"@type\":\"PropertyValueSpecification\",\"valueRequired\":true,\"valueName\":\"search_term_string\"}}],\"inLanguage\":\"de\"},{\"@type\":\"Person\",\"@id\":\"https:\\\/\\\/pcspezialist.de\\\/blog\\\/#\\\/schema\\\/person\\\/e9cb801a8b8ea9138af26a02b8b6d14f\",\"name\":\"Maren Keller\",\"description\":\"PC-SPEZIALIST ist eine Marke der in Schlo\u00df Holte ans\u00e4ssigen SYNAXON. Seit 2016 arbeitet Maren Keller f\u00fcr den PC-SPEZIALIST-Blog. Gestartet als Online-Redakteurin ist sie mittlerweile Content Marketing Managerin und tr\u00e4gt unter anderem die Verantwortung f\u00fcr die Inhalte des Blogs. In den Jahren 2017 und 2020 hat sie parallel f\u00fcr den Blog des IT-SERVICE.NETWORK geschrieben. Die studierte Germanistin und Politologin hat einen Sp\u00fcrsinn f\u00fcr aktuelle Bedrohungen im IT-Bereich entwickelt und versteht es, das Fachwissen von PC-SPEZIALIST dem Leser verst\u00e4ndlich darzubieten. Nicht zu verleugnen ist allerdings ihre Ungeduld, die sich in flinken Fingern auf der Tastatur zeigt und gleichzeitig f\u00fcr einen hohen Output sorgt. Ihre journalistische Karriere begann Maren Keller Mitte der 1990er Jahre mit dem Verfassen von Sportberichten f\u00fcr die Regionalseiten ihrer Heimatzeitung in Bremerhaven. Nach dem Studium in Hannover, das von zahlreichen Praktika bei Funk, Fernsehen und Zeitung begleitet wurde, kehrte sie f\u00fcr ein journalistisches Volontariat in ihre Heimat zur\u00fcck, um bei der NORDSEE-ZEITUNG den Beruf des Redakteurs von der Pike auf zu lernen und anschlie\u00dfend in der Sportredaktion zu arbeiten. W\u00e4hrend ihrer Elternzeiten und beruflich bedingten Umz\u00fcgen arbeitete sie als freie Journalistin f\u00fcr verschiedene Tageszeitungen und fand 2016 den Weg zur SYNAXON, wo sie heute als Content Marketing Managerin in Lohn und Brot steht. In ihrer Freizeit zeigt sie ihr Talent f\u00fcr\u2019s Schreiben nicht. Stattdessen liegen ihre Schwerpunkt dort im Bereich Haus, Familie, Garten und Hund. Au\u00dferdem ist sie musikalisch unterwegs, bl\u00e4st das Jagdhorn in einem Bl\u00e4serkorps, spielt Klavier und singt im Chor. Sie haben Fragen an Maren Keller? Sie erreichen sie per E-Mail an redaktion@pcspezialist.de\",\"url\":\"https:\\\/\\\/pcspezialist.de\\\/blog\\\/author\\\/maren\\\/\"}]}<\/script>\n<!-- \/ Yoast SEO plugin. -->","yoast_head_json":{"title":"B\u00f6hmermann Sch\u00f6nbohm: Hintergr\u00fcnde, Infos zu Verwicklungen","description":"Was ist dran an den Vorw\u00fcrfen gegen\u00fcber \u2714 BSI-Pr\u00e4sident \u2714 Arne Sch\u00f6nbohm? Wir fassen die \u2714 B\u00f6hmermann Sch\u00f6nbohm Problematik zusammen.","robots":{"index":"index","follow":"follow","max-snippet":"max-snippet:-1","max-image-preview":"max-image-preview:large","max-video-preview":"max-video-preview:-1"},"canonical":"https:\/\/pcspezialist.de\/blog\/2022\/10\/19\/boehmermann-schoenbohm\/","og_locale":"de_DE","og_type":"article","og_title":"B\u00f6hmermann Sch\u00f6nbohm: Hintergr\u00fcnde, Infos zu Verwicklungen","og_description":"Was ist dran an den Vorw\u00fcrfen gegen\u00fcber \u2714 BSI-Pr\u00e4sident \u2714 Arne Sch\u00f6nbohm? Wir fassen die \u2714 B\u00f6hmermann Sch\u00f6nbohm Problematik zusammen.","og_url":"https:\/\/pcspezialist.de\/blog\/2022\/10\/19\/boehmermann-schoenbohm\/","og_site_name":"PC-SPEZIALIST Blog","article_published_time":"2022-10-19T08:45:06+00:00","article_modified_time":"2024-11-05T06:27:37+00:00","og_image":[{"width":1500,"height":702,"url":"https:\/\/pcspezialist.de\/blog\/wp-content\/uploads\/2022\/10\/Boehmermann-Schoenbohm_pexels-pixabay-60504-3.jpg","type":"image\/jpeg"}],"author":"Maren Keller","twitter_card":"summary_large_image","twitter_misc":{"Verfasst von":"Maren Keller","Gesch\u00e4tzte Lesezeit":"7\u00a0Minuten"},"schema":{"@context":"https:\/\/schema.org","@graph":[{"@type":"Article","@id":"https:\/\/pcspezialist.de\/blog\/2022\/10\/19\/boehmermann-schoenbohm\/#article","isPartOf":{"@id":"https:\/\/pcspezialist.de\/blog\/2022\/10\/19\/boehmermann-schoenbohm\/"},"author":{"name":"Maren Keller","@id":"https:\/\/pcspezialist.de\/blog\/#\/schema\/person\/e9cb801a8b8ea9138af26a02b8b6d14f"},"headline":"B\u00f6hmermann Sch\u00f6nbohm ## Hintergr\u00fcnde zu Russland-Verwicklungen \u2013 UPDATE: Sch\u00f6nbohm entlassen","datePublished":"2022-10-19T08:45:06+00:00","dateModified":"2024-11-05T06:27:37+00:00","mainEntityOfPage":{"@id":"https:\/\/pcspezialist.de\/blog\/2022\/10\/19\/boehmermann-schoenbohm\/"},"wordCount":1312,"commentCount":0,"image":{"@id":"https:\/\/pcspezialist.de\/blog\/2022\/10\/19\/boehmermann-schoenbohm\/#primaryimage"},"thumbnailUrl":"https:\/\/pcspezialist.de\/blog\/wp-content\/uploads\/2022\/10\/Boehmermann-Schoenbohm_pexels-pixabay-60504-3.jpg","keywords":["BSI"],"articleSection":["Verschiedenes"],"inLanguage":"de","potentialAction":[{"@type":"CommentAction","name":"Comment","target":["https:\/\/pcspezialist.de\/blog\/2022\/10\/19\/boehmermann-schoenbohm\/#respond"]}]},{"@type":"WebPage","@id":"https:\/\/pcspezialist.de\/blog\/2022\/10\/19\/boehmermann-schoenbohm\/","url":"https:\/\/pcspezialist.de\/blog\/2022\/10\/19\/boehmermann-schoenbohm\/","name":"B\u00f6hmermann Sch\u00f6nbohm: Hintergr\u00fcnde, Infos zu Verwicklungen","isPartOf":{"@id":"https:\/\/pcspezialist.de\/blog\/#website"},"primaryImageOfPage":{"@id":"https:\/\/pcspezialist.de\/blog\/2022\/10\/19\/boehmermann-schoenbohm\/#primaryimage"},"image":{"@id":"https:\/\/pcspezialist.de\/blog\/2022\/10\/19\/boehmermann-schoenbohm\/#primaryimage"},"thumbnailUrl":"https:\/\/pcspezialist.de\/blog\/wp-content\/uploads\/2022\/10\/Boehmermann-Schoenbohm_pexels-pixabay-60504-3.jpg","datePublished":"2022-10-19T08:45:06+00:00","dateModified":"2024-11-05T06:27:37+00:00","author":{"@id":"https:\/\/pcspezialist.de\/blog\/#\/schema\/person\/e9cb801a8b8ea9138af26a02b8b6d14f"},"description":"Was ist dran an den Vorw\u00fcrfen gegen\u00fcber \u2714 BSI-Pr\u00e4sident \u2714 Arne Sch\u00f6nbohm? Wir fassen die \u2714 B\u00f6hmermann Sch\u00f6nbohm Problematik zusammen.","breadcrumb":{"@id":"https:\/\/pcspezialist.de\/blog\/2022\/10\/19\/boehmermann-schoenbohm\/#breadcrumb"},"inLanguage":"de","potentialAction":[{"@type":"ReadAction","target":["https:\/\/pcspezialist.de\/blog\/2022\/10\/19\/boehmermann-schoenbohm\/"]}]},{"@type":"ImageObject","inLanguage":"de","@id":"https:\/\/pcspezialist.de\/blog\/2022\/10\/19\/boehmermann-schoenbohm\/#primaryimage","url":"https:\/\/pcspezialist.de\/blog\/wp-content\/uploads\/2022\/10\/Boehmermann-Schoenbohm_pexels-pixabay-60504-3.jpg","contentUrl":"https:\/\/pcspezialist.de\/blog\/wp-content\/uploads\/2022\/10\/Boehmermann-Schoenbohm_pexels-pixabay-60504-3.jpg","width":1500,"height":702,"caption":"Sicherheitslogo, Schriftzug Security mit Mauszeiger. Bild: Pexels\/Pixabay"},{"@type":"BreadcrumbList","@id":"https:\/\/pcspezialist.de\/blog\/2022\/10\/19\/boehmermann-schoenbohm\/#breadcrumb","itemListElement":[{"@type":"ListItem","position":1,"name":"Startseite","item":"https:\/\/pcspezialist.de\/blog\/"},{"@type":"ListItem","position":2,"name":"B\u00f6hmermann Sch\u00f6nbohm ## Hintergr\u00fcnde zu Russland-Verwicklungen \u2013 UPDATE: Sch\u00f6nbohm entlassen"}]},{"@type":"WebSite","@id":"https:\/\/pcspezialist.de\/blog\/#website","url":"https:\/\/pcspezialist.de\/blog\/","name":"PC-SPEZIALIST Blog","description":"IT-Service, Trends &amp; Technik","potentialAction":[{"@type":"SearchAction","target":{"@type":"EntryPoint","urlTemplate":"https:\/\/pcspezialist.de\/blog\/?s={search_term_string}"},"query-input":{"@type":"PropertyValueSpecification","valueRequired":true,"valueName":"search_term_string"}}],"inLanguage":"de"},{"@type":"Person","@id":"https:\/\/pcspezialist.de\/blog\/#\/schema\/person\/e9cb801a8b8ea9138af26a02b8b6d14f","name":"Maren Keller","description":"PC-SPEZIALIST ist eine Marke der in Schlo\u00df Holte ans\u00e4ssigen SYNAXON. Seit 2016 arbeitet Maren Keller f\u00fcr den PC-SPEZIALIST-Blog. Gestartet als Online-Redakteurin ist sie mittlerweile Content Marketing Managerin und tr\u00e4gt unter anderem die Verantwortung f\u00fcr die Inhalte des Blogs. In den Jahren 2017 und 2020 hat sie parallel f\u00fcr den Blog des IT-SERVICE.NETWORK geschrieben. Die studierte Germanistin und Politologin hat einen Sp\u00fcrsinn f\u00fcr aktuelle Bedrohungen im IT-Bereich entwickelt und versteht es, das Fachwissen von PC-SPEZIALIST dem Leser verst\u00e4ndlich darzubieten. Nicht zu verleugnen ist allerdings ihre Ungeduld, die sich in flinken Fingern auf der Tastatur zeigt und gleichzeitig f\u00fcr einen hohen Output sorgt. Ihre journalistische Karriere begann Maren Keller Mitte der 1990er Jahre mit dem Verfassen von Sportberichten f\u00fcr die Regionalseiten ihrer Heimatzeitung in Bremerhaven. Nach dem Studium in Hannover, das von zahlreichen Praktika bei Funk, Fernsehen und Zeitung begleitet wurde, kehrte sie f\u00fcr ein journalistisches Volontariat in ihre Heimat zur\u00fcck, um bei der NORDSEE-ZEITUNG den Beruf des Redakteurs von der Pike auf zu lernen und anschlie\u00dfend in der Sportredaktion zu arbeiten. W\u00e4hrend ihrer Elternzeiten und beruflich bedingten Umz\u00fcgen arbeitete sie als freie Journalistin f\u00fcr verschiedene Tageszeitungen und fand 2016 den Weg zur SYNAXON, wo sie heute als Content Marketing Managerin in Lohn und Brot steht. In ihrer Freizeit zeigt sie ihr Talent f\u00fcr\u2019s Schreiben nicht. Stattdessen liegen ihre Schwerpunkt dort im Bereich Haus, Familie, Garten und Hund. Au\u00dferdem ist sie musikalisch unterwegs, bl\u00e4st das Jagdhorn in einem Bl\u00e4serkorps, spielt Klavier und singt im Chor. Sie haben Fragen an Maren Keller? Sie erreichen sie per E-Mail an redaktion@pcspezialist.de","url":"https:\/\/pcspezialist.de\/blog\/author\/maren\/"}]}},"_links":{"self":[{"href":"https:\/\/pcspezialist.de\/blog\/wp-json\/wp\/v2\/posts\/63148","targetHints":{"allow":["GET"]}}],"collection":[{"href":"https:\/\/pcspezialist.de\/blog\/wp-json\/wp\/v2\/posts"}],"about":[{"href":"https:\/\/pcspezialist.de\/blog\/wp-json\/wp\/v2\/types\/post"}],"author":[{"embeddable":true,"href":"https:\/\/pcspezialist.de\/blog\/wp-json\/wp\/v2\/users\/98"}],"replies":[{"embeddable":true,"href":"https:\/\/pcspezialist.de\/blog\/wp-json\/wp\/v2\/comments?post=63148"}],"version-history":[{"count":21,"href":"https:\/\/pcspezialist.de\/blog\/wp-json\/wp\/v2\/posts\/63148\/revisions"}],"predecessor-version":[{"id":63432,"href":"https:\/\/pcspezialist.de\/blog\/wp-json\/wp\/v2\/posts\/63148\/revisions\/63432"}],"wp:featuredmedia":[{"embeddable":true,"href":"https:\/\/pcspezialist.de\/blog\/wp-json\/wp\/v2\/media\/63382"}],"wp:attachment":[{"href":"https:\/\/pcspezialist.de\/blog\/wp-json\/wp\/v2\/media?parent=63148"}],"wp:term":[{"taxonomy":"category","embeddable":true,"href":"https:\/\/pcspezialist.de\/blog\/wp-json\/wp\/v2\/categories?post=63148"},{"taxonomy":"post_tag","embeddable":true,"href":"https:\/\/pcspezialist.de\/blog\/wp-json\/wp\/v2\/tags?post=63148"}],"curies":[{"name":"wp","href":"https:\/\/api.w.org\/{rel}","templated":true}]}}