{"id":62864,"date":"2022-09-28T10:45:14","date_gmt":"2022-09-28T08:45:14","guid":{"rendered":"https:\/\/www.pcspezialist.de\/blog\/?p=62864"},"modified":"2024-11-05T07:28:15","modified_gmt":"2024-11-05T06:28:15","slug":"vorratsdatenspeicherung-eugh-urteil","status":"publish","type":"post","link":"https:\/\/pcspezialist.de\/blog\/2022\/09\/28\/vorratsdatenspeicherung-eugh-urteil\/","title":{"rendered":"Vorratsdatenspeicherung ## EuGH urteilt zu deutscher Praxis: nicht vereinbar mit europ\u00e4ischem Recht"},"content":{"rendered":"<p><strong>Die Vorratsdatenspeicherung ist in Deutschland ein politisches Dauerthema. W\u00e4hrend die Politik daf\u00fcr ist, sind Journalisten, \u00c4rzte und B\u00fcrgerrechtler dagegen. Dennoch ist sie seit Langem im Gesetz verankert.\u00a0<\/strong><\/p>\n<p>Jetzt hat der EuGH ein richtungsweisendes Urteil gesprochen. Der deutsche Gesetzgeber muss handeln! Alle Infos bei uns.<\/p>\n<p><!--more--><\/p>\n<div style=\"background: #f2f2f2; padding: 15px 15px 5px; margin: 30px 0;\">\n<p><strong>Unser Beitrag \u00fcber Vorratsdatenspeicherung im \u00dcberblick:\u00a0<\/strong><\/p>\n<ol style=\"line-height: 1.7;\">\n<li><a href=\"#eins\">Vorratsdatenspeicherung \u2013 Historie<\/a>\n<ul style=\"line-height: 1.7;\">\n<li><a href=\"#zwei\">Datenspeicherung geht weiter<\/a><\/li>\n<li><a href=\"#drei\">Vorratsdatenspeicherung trotz aller Kritik<\/a><\/li>\n<\/ul>\n<\/li>\n<li><a href=\"#vier\">Datenspeicherung \u2013 der aktuelle Stand<\/a>\n<ul style=\"line-height: 1.7;\">\n<li><a href=\"#f\u00fcnf\">Wie sinnvoll ist die Vorratsdatenspeicherung?<\/a><\/li>\n<\/ul>\n<\/li>\n<li><a href=\"#sechs\">EuGH und Vorratsdatenspeicherung<\/a><\/li>\n<li><a href=\"#sieben\">Alternativen zur Vorratsdatenspeicherung<\/a><\/li>\n<li><a href=\"#acht\">Datenspeicherung \u2013 wie geht&#8217;s weiter?<\/a><\/li>\n<li><a href=\"#neun\">Hintergrund zum aktuellen EuGH-Urteil<\/a><\/li>\n<\/ol>\n<\/div>\n<h2 id=\"eins\">Vorratsdatenspeicherung \u2013 Historie<\/h2>\n<p>Als Reaktion auf die Terroranschl\u00e4ge von Madrid, New York und London erlie\u00df die Europ\u00e4ische Union im Jahre <strong>2006<\/strong> die <a href=\"https:\/\/eur-lex.europa.eu\/LexUriServ\/LexUriServ.do?uri=OJ:L:2006:105:0054:0063:DE:PDF\" target=\"_blank\" rel=\"noopener\">Richtlinie 2006\/24\/EG<\/a>. Diese <strong>Richtlinie<\/strong> verpflichtete die <strong>EU-Mitgliedstaaten zur Speicherung von Telekommunikationsverkehrsdaten auf Vorrat<\/strong>. Der Deutsche Bundestag setzte die Richtlinie in nationales Recht durch das \u201eGesetz zur Neuregelung der Telekommunikations\u00fcberwachung und anderer verdeckter Ermittlungsma\u00dfnahmen sowie zur Umsetzung der Richtlinie 2006\/24\/EG\u201c im <a href=\"http:\/\/www.bgbl.de\/xaver\/bgbl\/start.xav?startbk=Bundesanzeiger_BGBl&amp;start=\/\/*%5b@attr_id=%2527bgbl107s3198.pdf%2527%5d#__bgbl__%2F%2F*[%40attr_id%3D%27bgbl107s3198.pdf%27]__1447436727341\" target=\"_blank\" rel=\"noopener\">Bundesgesetzblatt<\/a> um.<\/p>\n<p>Der Bundesbeauftragte f\u00fcr den Datenschutz und die Informationsfreiheit (BfDI) hat die anlasslose Vorratsdatenspeicherung von Anfang an kritisiert. Er nannte sie einen unverh\u00e4ltnism\u00e4\u00dfigen und damit <strong>verfassungswidrigen Eingriff in das Fernmeldegeheimnis<\/strong> sowie in das Recht auf informationelle Selbstbestimmung.<\/p>\n<p>Nach zahlreichen Beschwerden, Antr\u00e4gen und nationalen Gerichtsentscheidungen erkl\u00e4rte der europ\u00e4ische Gerichtshof (EuGH) <strong>2014<\/strong>, dass die <strong>Richtlinie<\/strong> der EU seit Inkrafttreten <strong>ung\u00fcltig<\/strong> ist. Die Gr\u00fcnde: Die Richtlinie stelle einen Eingriff von besonders gro\u00dfem Ausma\u00df und besonderer Schwere in die Grundrechte auf Achtung des Privatlebens und auf Schutz personenbezogener Daten dar, ohne gleichzeitig zu gew\u00e4hrleisten, dass dieser Eingriff verh\u00e4ltnism\u00e4\u00dfig sei und auf das tats\u00e4chlich absolut Notwendigste beschr\u00e4nkt w\u00fcrde.<\/p>\n<div id=\"attachment_62927\" style=\"width: 369px\" class=\"wp-caption alignright\"><img loading=\"lazy\" decoding=\"async\" aria-describedby=\"caption-attachment-62927\" class=\"size-medium wp-image-62927\" src=\"https:\/\/pcspezialist.de\/blog\/wp-content\/uploads\/2022\/09\/Vorratsdatenspeicherung_pexels-eberhard-grossgasteiger-1743364-359x500.jpg\" alt=\"Vorratsdatenspeicherung: Blaue EU-Fahne mit Sternen vor d\u00e4mmerigem Himmel. Bild: Pexels\/eberhard grossgasteiger\" width=\"359\" height=\"500\" srcset=\"https:\/\/pcspezialist.de\/blog\/wp-content\/uploads\/2022\/09\/Vorratsdatenspeicherung_pexels-eberhard-grossgasteiger-1743364-359x500.jpg 359w, https:\/\/pcspezialist.de\/blog\/wp-content\/uploads\/2022\/09\/Vorratsdatenspeicherung_pexels-eberhard-grossgasteiger-1743364.jpg 467w\" sizes=\"auto, (max-width: 359px) 100vw, 359px\" \/><p id=\"caption-attachment-62927\" class=\"wp-caption-text\">Die Geschichte zur Vorrastdatenspeicherung in der EU beginnt mit den Terroranschl\u00e4gen um die Jahrhundertwende. Bild: Pexels\/eberhard grossgasteiger<\/p><\/div>\n<h3 id=\"zwei\">Datenspeicherung geht weiter<\/h3>\n<p>Trotz des Urteils und der Aussage der EU, keine Initiative zur Verabschiedung einer neuen Vorratsdatenspeicherung-Richtlinie ergreifen zu wollen, ging die <strong>anlasslose Speicherung von Telekommunikationsdaten in Deutschland<\/strong> munter weiter. Denn: Die Bundesregierung hatte im Fr\u00fchjahr 2015 einen Katalog mit Leitlinien und schlie\u00dflich einen Gesetzentwurf zur Wiedereinf\u00fchrung einer Vorratsdatenspeicherung vorgelegt. Im Dezember 2015 wurde das neue \u201eGesetz zur Einf\u00fchrung einer Speicherpflicht und einer H\u00f6chstspeicherfrist f\u00fcr Verkehrsdaten\u201c verabschiedet und im <a href=\"https:\/\/www.bgbl.de\/xaver\/bgbl\/start.xav?startbk=Bundesanzeiger_BGBl&amp;start=\/\/*%5b@attr_id=%27bgbl121s0448.pdf%27%5d#__bgbl__%2F%2F*%5B%40attr_id%3D%27bgbl121s0448.pdf%27%5D__1620209829971\" target=\"_blank\" rel=\"noopener\">Bundesgesetzblatt<\/a> niedergeschrieben.<\/p>\n<p>Ziel des Ganzen war, die <strong>Sicherheit<\/strong> im eigenen Land zu <strong>erh\u00f6hen<\/strong>. Geschehen sollte das durch eine schnelle und effektive Auswertung der Daten. Kritik gab es aber auch, denn das Gesetz sei weitestgehend <span id=\"more-24087\"><\/span>ohne den Dialog mit den zust\u00e4ndigen und entsprechenden Verb\u00e4nden entwickelt worden. Der Hauptgesch\u00e4ftsf\u00fchrer des Digitalverbandes bitkom, Bernhard Rohleder, sprach\u00a0 2015 von einem Eingriff in die Grundrechte und einer schwierigen Umsetzung des Gesetzes.<\/p>\n<h3 id=\"drei\">Vorratsdatenspeicherung trotz aller Kritik<\/h3>\n<p>Den <strong>Datenschutz <\/strong>wollte die Regierung durch die<strong> geringe Speicherzeit der Verbindungsdaten<\/strong> gew\u00e4hrleisten. Konkret bedeutete das, dass Rufnummern eines Telefonats, Datum, Uhrzeit und Dauer gespeichert werden. Wird von einem Mobiltelefon angerufen, wird auch der Standort ermittelt und gespeichert. IP-Adressen werden ebenfalls gesichert, E-Mails sollen von der Speicherung ausgeschlossen sein. Die Ablauffrist f\u00fcr die Speicherung betr\u00e4gt zehn Wochen, danach werden die gespeicherten Daten bei den Telekommunikationsanbietern wieder gel\u00f6scht.<\/p>\n<p>Das Vertrauen in die Bundesregierung beim Thema <a href=\"https:\/\/pcspezialist.de\/blog\/tag\/datenschutz\/\">Datenschutz<\/a> war zu dem Zeitpunkt, im Jahre 2015, durch die NSA-Aff\u00e4re und dem damit zusammenh\u00e4ngenden Missbrauch von Verbindungsdaten weitgehend ersch\u00fcttert. Edward Snowden hatte damals bekannt gemacht, dass die NSA und weitere Geheimdienste die weltweite Kommunikation massiv und anlasslos \u00fcberwachen.<\/p>\n<p>Es fiel schwer zu glauben, dass selbst die mitunter tats\u00e4chlich zur\u00fcckhaltenden Ma\u00dfnahmen zur Speicherung \u00fcberhaupt eingehalten werden. Denn die <strong>Technologie<\/strong> f\u00fcr eine <strong>umfassende und langfristige Speicherung von Verbindungsdaten<\/strong> inklusive der Inhalte war l\u00e4ngst <strong>vorhanden<\/strong>. Aber: Der Gesetzesgeber wollte die Grundrechte mit der Vorratsdatenspeicherung sch\u00fctzen, die Kritiker beklagten eine Beschneidung der Grundrechte durch das neue Gesetz. Seit 1. Juli 2017 findet die \u201eneue\u201c Vorratsdatenspeicherung statt.<\/p>\n<div id=\"attachment_62930\" style=\"width: 660px\" class=\"wp-caption alignright\"><img loading=\"lazy\" decoding=\"async\" aria-describedby=\"caption-attachment-62930\" class=\"size-full wp-image-62930\" src=\"https:\/\/pcspezialist.de\/blog\/wp-content\/uploads\/2022\/09\/Vorratsdatenspeicherung_pexels-andrea-piacquadio-920382-1.jpg\" alt=\"Vorratsdatenspeicherung: Frau mit Handy in der Hand und Laptop auf dem Scho\u00df sitzt auf dem Sofa. Bild: Pexels\/Andrea Piacquadio\" width=\"650\" height=\"433\" \/><p id=\"caption-attachment-62930\" class=\"wp-caption-text\">Wer wann mit wem telefoniert, wer wann wo ist, welche Internetseiten besucht werden \u2013 all das und noch mehr erfasst die Vorrastdatenspeicherung. Bild: Pexels\/Andrea Piacquadio<\/p><\/div>\n<h2 id=\"vier\">Datenspeicherung \u2013 der aktuelle Stand<\/h2>\n<p>Fest steht, dass das <strong>Gesetz zur Einf\u00fchrung einer Speicherpflicht und einer H\u00f6chstspeicherfrist f\u00fcr Verkehrsdaten<\/strong> daf\u00fcr sorgte, dass in Deutschland<strong> anlasslos Nutzerdaten gespeichert<\/strong> werden. Wenn auch nur f\u00fcr h\u00f6chstens zehn Wochen. Ausf\u00fchrende waren die Telekommunikationsanbieter. Telekom, Vodafone &amp; Co. m\u00fcssen protokollieren und speichern, wer wann mit wem \u00fcber welche Ger\u00e4te kommuniziert. Dieses Praxis beendet nun der EuGH mit einem aktuellen Urteil.<\/p>\n<p>Ausgenommen waren von der Speicherwut lediglich Telefonseelsorger und E-Mails. Internetseiten sollten ebenfalls nicht gespeichert werden. Da aber viele Anbieter von Internetseiten die <a href=\"https:\/\/pcspezialist.de\/blog\/2020\/08\/04\/ip-adresse-verbergen\/\">IP-Adressen<\/a> speichern und somit die Computer eindeutig zuordnen k\u00f6nnen, l\u00e4sst sich zehn Wochen lang feststellen, wem der Rechner geh\u00f6rte, \u00fcber den auf eine bestimmte Webseite zugegriffen wurde. Kritisiert wird vor allem, dass auch vertrauliche Informationen an Journalisten sowie Gespr\u00e4che mit \u00c4rzten gespeichert werden.<\/p>\n<h3 id=\"f\u00fcenf\">Wie sinnvoll ist die Vorratsdatenspeicherung?<\/h3>\n<p>Der Gesetzgeber hat mit dem Gesetz zur <strong>Vorratsdatenspeicherung<\/strong> in erster Linie die <strong>Sicherheit der B\u00fcrger im Blick<\/strong>. Bef\u00fcrworter betonen immer wieder, dass die Vorratsdatenspeicherung Verbrechen verhindern oder aufkl\u00e4ren kann. Deshalb haben vor allem die Dienststellen Zugriff auf die Daten, die sich um die Sicherheit in Deutschland k\u00fcmmern: Polizeidienststellen, Staatsanwaltschaften, Verfassungsschutz\u00e4mter, Bundesnachrichtendienst und Milit\u00e4rischer Abschirmdienst.<\/p>\n<p>Kritiker behaupten dagegen, dass die <strong>anlasslose Datenspeicherung<\/strong> keinen Vorteil bringt. Sie verweisen in ihrer Argumentation auf Zahlen:\u00a0Wissenschaftler des Max-Planck-Institut f\u00fcr ausl\u00e4ndisches und internationales Strafrecht hatten 2012 festgestellt, dass der Wegfall der ersten Vorratsdatenspeicherung in Deutschland nicht als Ursache f\u00fcr Ver\u00e4nderungen bei der Aufkl\u00e4rungsquote gelten kann. Sie widerlegten auch Behauptung, dass die anlasslose Speicherung von Telefon- und Internetdaten f\u00fcr Ermittlungsbeh\u00f6rden besonders wichtig sei. Das sei allenfalls in Einzelf\u00e4llen so, aber nicht bei der breiten Masse von Ermittlungsverfahren.<\/p>\n<p>Sogar die Wissenschaftlichen Dienste des Bundestags kamen unter Berufung auf die Zahlen des Bundeskriminalamts zu einem <a href=\"http:\/\/www.vorratsdatenspeicherung.de\/images\/rechtsgutachten_grundrechtecharta.pdf\" target=\"_blank\" rel=\"noopener\">ern\u00fcchternden Ergebnis<\/a>. Demnach f\u00fchrt die Vorratsdatenspeicherung nur zu einer um\u00a0<strong>0,006 Prozent verbesserten Aufkl\u00e4rungsquote<\/strong>.<\/p>\n<div id=\"attachment_62932\" style=\"width: 419px\" class=\"wp-caption alignright\"><img loading=\"lazy\" decoding=\"async\" aria-describedby=\"caption-attachment-62932\" class=\"size-medium wp-image-62932\" src=\"https:\/\/pcspezialist.de\/blog\/wp-content\/uploads\/2022\/09\/Vorratsdatenspeicherung_pexels-ketut-subiyanto-4353619-409x500.jpg\" alt=\"Vorratsdatenspeicherung: Drei junge Frauen fr\u00f6hlich mit einem Handy. Bild: Pexels\/Ketut Subiyanto \" width=\"409\" height=\"500\" srcset=\"https:\/\/pcspezialist.de\/blog\/wp-content\/uploads\/2022\/09\/Vorratsdatenspeicherung_pexels-ketut-subiyanto-4353619-409x500.jpg 409w, https:\/\/pcspezialist.de\/blog\/wp-content\/uploads\/2022\/09\/Vorratsdatenspeicherung_pexels-ketut-subiyanto-4353619.jpg 533w\" sizes=\"auto, (max-width: 409px) 100vw, 409px\" \/><p id=\"caption-attachment-62932\" class=\"wp-caption-text\">F\u00fcr die EU geht die deutsche Praxis zu weit, s\u00e4mtliche Daten ohne Anlass und vorr\u00e4tig zu speichern. Bild: Pexels\/Ketut Subiyanto<\/p><\/div>\n<h2 id=\"sechs\">EuGH und Vorratsdatenspeicherung<\/h2>\n<p>Mehr als 20 Jahre nach den Terroranschl\u00e4gen, die die Welt ersch\u00fctterten und den Streit um die Vorratsdatenspeicherung entfachten, hat nun der <strong>europ\u00e4ische Gerichtshof in Luxembourg<\/strong> entschieden, dass die <strong>deutsche Praxis, immer alle Daten aller B\u00fcrger auf Vorrat zu speichern<\/strong>, sich nicht mit EU-Recht vereinbaren l\u00e4sst. Die deutsche Praxis ist somit <strong>rechtswidrig<\/strong>.<\/p>\n<p>Denn: Die anlasslose Speicherung von pers\u00f6nlichen Daten stelle <strong>alle Menschen generell unter den Verdacht<\/strong>, in kriminelle oder staatsgef\u00e4hrdende Handlungen involviert zu sein. Die Entscheidung des EuGH, werde \u201eden Menschen ein St\u00fcck Sicherheit und Privatsph\u00e4re zur\u00fcckgegeben\u201c, so Daniel Markuson, Experte f\u00fcr Cybersicherheit bei NordVPN. Denn es sei \u00fcberhaupt nicht einleuchtend, warum eine staatliche Institution\u00a0ohne einen gerichtlichen Beschluss in Erfahrung bringen kann, wo sich jemand befindet, wenn, wann und wie oft er eine E-Mail an bestimmte IP-Adressen versendet.<\/p>\n<h2 id=\"sieben\">Alternativen zur Vorratsdatenspeicherung<\/h2>\n<p>Der Bundesbeauftragte f\u00fcr den Datenschutz und die Informationsfreiheit (BfDI), Prof. Ulrich Kelber, begr\u00fc\u00dft die Entscheidungen EuGH zur deutschen Vorratsdatenspeicherung ebenfalls. F\u00fcr ihn ist v\u00f6llig klar: \u201eAb heute muss endg\u00fcltig Schluss sein mit den Debatten \u00fcber anlasslose Vorratsdatenspeicherungen. Wie oft sollen denn die ma\u00dfgeblichen Gerichte noch ein Stopp-Signal setzen?\u201c<\/p>\n<p>Eine <strong>anlasslose und umfassende Datenspeicherun<\/strong>g sei aus Sicht des BfDI sowieso <strong>nicht erforderlich<\/strong>. Zwar braucht Freiheit Sicherheit, aber eine effektive Strafverfolgung im Internet ist auch ohne die Vorratsdatenspeicherung m\u00f6glich: Etwa durch die Alternativen \u201e<a href=\"https:\/\/d-64.org\/login-falle\/\" target=\"_blank\" rel=\"noopener\">Login-Falle<\/a>\u201c und \u201e<a href=\"https:\/\/www.bfdi.bund.de\/SharedDocs\/Pressemitteilungen\/DE\/2010\/22_QuickFreezeStattVorratsdatenspeicherung.html\" target=\"_blank\" rel=\"noopener\">Quick Freeze-Verfahren<\/a>\u201c. Bei beiden geht es darum, erst bei einem konkreten Verdacht relevante Informationen zu erfassen.\u00a0Denn ein <strong>\u00fcber alle B\u00fcrger verh\u00e4ngter Generalverdacht<\/strong> hilft nicht, Kriminalit\u00e4t effektiv zu bek\u00e4mpfen, wie die Zahlen (siehe oben) zeigen.<\/p>\n<p>Nun ist also der Gesetzgeber am Zug. Doch w\u00e4hrend sich die Einen noch \u00fcber die europ\u00e4ische Absage zur Vorratsdatenspeicherung freuen, entbrennt bereits der politische Streit.<\/p>\n<div id=\"attachment_62933\" style=\"width: 660px\" class=\"wp-caption alignright\"><img loading=\"lazy\" decoding=\"async\" aria-describedby=\"caption-attachment-62933\" class=\"size-full wp-image-62933\" src=\"https:\/\/pcspezialist.de\/blog\/wp-content\/uploads\/2022\/09\/Vorratsdatenspeicherung_pexels-thisisengineering-3861969.jpg\" alt=\"Vorratsdatenspeicherung: Code \u00fcber eine Frau projiziert als Symbol f\u00fcr gespeicherte Daten. Bild: Pexels\/ThisIsEngineering\" width=\"650\" height=\"434\" \/><p id=\"caption-attachment-62933\" class=\"wp-caption-text\">Die anlasslose Datenspeicherung ist ein massiver EInfgriff in die Freiheits- und Pers\u00f6nlichkeitsrechte. Sie ist k\u00fcnftig untersagt. Bild: Pexels\/ThisIsEngineering<\/p><\/div>\n<h2 id=\"acht\">Datenspeicherung \u2013 wie geht&#8217;s weiter?<\/h2>\n<p>Und zwar nicht nur grunds\u00e4tzlich, sondern zwischen allen Parteien, innerhalb der Regierung und sogar innerhalb einzelner Parteien. Justizminister Marco Buschmann (FDP) verk\u00fcndete, man werde die <strong>Vorratsdatenspeicherung<\/strong> \u201ez\u00fcgig und endg\u00fcltig aus dem Gesetz streichen\u201c und stattdessen \u201ein K\u00fcrze\u201c das Quick-Freeze-Verfahren einf\u00fchren.<\/p>\n<p>Die Gr\u00fcnen forderten, das bisherige Gesetz \u201eauf die M\u00fcllhalde der Geschichte\u201c zu verschicken. Fraktionsvize Konstantin von Notz und Rechtsexperte Helge Limburg sehen \u201ef\u00fcr eine wie auch immer geartete Neuauflage [\u2026] weder rechtlichen noch politischen Spielraum.\u201c<\/p>\n<p>Bundesinnenministerin Nancy Faeser (SPD) dagegen betonte, sie wolle die Vorratsdatenspeicherung in engem Rahmen wiedereinf\u00fchren, insbesondere um sexualisierte Gewalt gegen Kinder zu bek\u00e4mpfen. Parteikollegin und SPD-Chefin Saskia Esken ist dagegen \u201efroh\u201c \u00fcber das EuGH-Urteil und bekr\u00e4ftigt, dass eine \u201epr\u00e4ventive, allgemeine und anlasslose Vorratsdatenspeicherung von Verkehrs- und Standortdaten [\u2026] mit dem Europarecht unvereinbar [ist].\u201c<\/p>\n<p>Wie es weitergeht mit der Massenspeicherung pers\u00f6nlicher Daten, wird die Zeit zeigen. Eins ist aber sicher: Die <strong>Debatte ist wiederer\u00f6ffnet<\/strong> und da die Meinungen sehr weit auseinandergehen, wird es reichlich Stoff f\u00fcr Diskussionen geben!<\/p>\n<h2 id=\"neun\">Hintergrund zum aktuellen EuGH-Urteil<\/h2>\n<p>Wie kam es \u00fcberhaupt dazu, dass der EuGH \u00fcber ein Gesetz urteilt, dass in Deutschland Anwendung findet? <strong>Hintergrund<\/strong> ist ein Rechtsstreit der Bundesnetzagentur\u00a0mit dem Internetprovider SpaceNet und der Telekom. Beide Unternehmen wehrten sich gegen die Speicherpflicht im Telekommunikationsgesetz.<\/p>\n<p>Die <strong>Bundesnetzagentur<\/strong> hatte die Pflicht bereits 2017 ausgesetzt, wenige Tage bevor die neue Regel in Kraft treten sollte. Das Oberverwaltungsgericht M\u00fcnster hatte kurz zuvor entschieden, dass SpaceNet die Daten nicht verpflichtend speichern muss.<\/p>\n<p>Was ist Ihre <strong>Meinung zur Vorratsdatenspeicherung<\/strong>? Halten Sie sie f\u00fcr sinnvoll, um kriminelle Machenschaften aufzudecken oder sehen Sie die Gefahr der Orwell&#8217;schen \u00dcberwachung? Hinterlassen Sie Ihre Meinung gern in unseren Kommentaren.<br \/>\n_______________________________________________<\/p>\n<p><small>Andere Stimmen zum Thema: <a href=\"https:\/\/www.bfdi.bund.de\/DE\/Fachthemen\/Inhalte\/Telefon-Internet\/Positionen\/Historie_zur_Vorratsdatenspeicherung.html\" target=\"_blank\" rel=\"noopener\">BfDI<\/a>, <a href=\"https:\/\/www.datensicherheit.de\/eugh-absage-vorratsdatenspeicherung-deutschland-historisch\" target=\"_blank\" rel=\"noopener\">Datensicherheit<\/a>, <a href=\"https:\/\/www.datensicherheit.de\/vorratsdatenspeicherung-bfdi-begruessung-eugh-urteil\" target=\"_blank\" rel=\"noopener\">Datensicherheit<\/a>, <a href=\"https:\/\/www.computerbetrug.de\/anonym-surfen\/vorratsdatenspeicherung\" target=\"_blank\" rel=\"noopener\">Computerbetrug<\/a>, <a href=\"https:\/\/www.spiegel.de\/politik\/deutschland\/nsa-affaere-worum-geht-es-a-1134779.html\" target=\"_blank\" rel=\"noopener\">Der Spiegel<\/a>, <a href=\"https:\/\/taz.de\/Nach-dem-EuGH-Urteil\/!5882948\/\" target=\"_blank\" rel=\"noopener\">Taz<\/a><\/small><\/p>\n","protected":false},"excerpt":{"rendered":"<p>Die Vorratsdatenspeicherung ist in Deutschland ein politisches Dauerthema. W\u00e4hrend die Politik daf\u00fcr ist, sind Journalisten, \u00c4rzte und B\u00fcrgerrechtler dagegen. Dennoch ist sie seit Langem im Gesetz verankert.\u00a0 Jetzt hat der EuGH ein richtungsweisendes Urteil gesprochen. Der deutsche Gesetzgeber muss handeln! Alle Infos bei uns.<\/p>\n","protected":false},"author":98,"featured_media":62926,"comment_status":"open","ping_status":"closed","sticky":false,"template":"","format":"standard","meta":{"footnotes":""},"categories":[6913],"tags":[10448],"class_list":["post-62864","post","type-post","status-publish","format-standard","has-post-thumbnail","hentry","category-verschiedenes","tag-gesetz"],"yoast_head":"<!-- This site is optimized with the Yoast SEO plugin v27.4 - https:\/\/yoast.com\/product\/yoast-seo-wordpress\/ -->\n<title>Vorratsdatenspeicherung: EuGH urteilt zu deutscher Praxis<\/title>\n<meta name=\"description\" content=\"Seit Jahren ist die \u2714 Vorratsdatenspeicherung in Deutschland \u00fcblich. Trotz aller Kritik. Jetzt hat der \u2714 EuGh geurteilt. Infos hier.\" \/>\n<meta name=\"robots\" content=\"index, follow, max-snippet:-1, max-image-preview:large, max-video-preview:-1\" \/>\n<link rel=\"canonical\" href=\"https:\/\/pcspezialist.de\/blog\/2022\/09\/28\/vorratsdatenspeicherung-eugh-urteil\/\" \/>\n<meta property=\"og:locale\" content=\"de_DE\" \/>\n<meta property=\"og:type\" content=\"article\" \/>\n<meta property=\"og:title\" content=\"Vorratsdatenspeicherung: EuGH urteilt zu deutscher Praxis\" \/>\n<meta property=\"og:description\" content=\"Seit Jahren ist die \u2714 Vorratsdatenspeicherung in Deutschland \u00fcblich. Trotz aller Kritik. Jetzt hat der \u2714 EuGh geurteilt. Infos hier.\" \/>\n<meta property=\"og:url\" content=\"https:\/\/pcspezialist.de\/blog\/2022\/09\/28\/vorratsdatenspeicherung-eugh-urteil\/\" \/>\n<meta property=\"og:site_name\" content=\"PC-SPEZIALIST Blog\" \/>\n<meta property=\"article:published_time\" content=\"2022-09-28T08:45:14+00:00\" \/>\n<meta property=\"article:modified_time\" content=\"2024-11-05T06:28:15+00:00\" \/>\n<meta property=\"og:image\" content=\"https:\/\/pcspezialist.de\/blog\/wp-content\/uploads\/2022\/09\/vorratsdatenspeicherung_pexels-towfiqu-barbhuiya-8693379.jpg\" \/>\n\t<meta property=\"og:image:width\" content=\"1500\" \/>\n\t<meta property=\"og:image:height\" content=\"706\" \/>\n\t<meta property=\"og:image:type\" content=\"image\/jpeg\" \/>\n<meta name=\"author\" content=\"Maren Keller\" \/>\n<meta name=\"twitter:card\" content=\"summary_large_image\" \/>\n<meta name=\"twitter:label1\" content=\"Verfasst von\" \/>\n\t<meta name=\"twitter:data1\" content=\"Maren Keller\" \/>\n\t<meta name=\"twitter:label2\" content=\"Gesch\u00e4tzte Lesezeit\" \/>\n\t<meta name=\"twitter:data2\" content=\"10\u00a0Minuten\" \/>\n<script type=\"application\/ld+json\" class=\"yoast-schema-graph\">{\"@context\":\"https:\\\/\\\/schema.org\",\"@graph\":[{\"@type\":\"Article\",\"@id\":\"https:\\\/\\\/pcspezialist.de\\\/blog\\\/2022\\\/09\\\/28\\\/vorratsdatenspeicherung-eugh-urteil\\\/#article\",\"isPartOf\":{\"@id\":\"https:\\\/\\\/pcspezialist.de\\\/blog\\\/2022\\\/09\\\/28\\\/vorratsdatenspeicherung-eugh-urteil\\\/\"},\"author\":{\"name\":\"Maren Keller\",\"@id\":\"https:\\\/\\\/pcspezialist.de\\\/blog\\\/#\\\/schema\\\/person\\\/e9cb801a8b8ea9138af26a02b8b6d14f\"},\"headline\":\"Vorratsdatenspeicherung ## EuGH urteilt zu deutscher Praxis: nicht vereinbar mit europ\u00e4ischem Recht\",\"datePublished\":\"2022-09-28T08:45:14+00:00\",\"dateModified\":\"2024-11-05T06:28:15+00:00\",\"mainEntityOfPage\":{\"@id\":\"https:\\\/\\\/pcspezialist.de\\\/blog\\\/2022\\\/09\\\/28\\\/vorratsdatenspeicherung-eugh-urteil\\\/\"},\"wordCount\":1654,\"commentCount\":0,\"image\":{\"@id\":\"https:\\\/\\\/pcspezialist.de\\\/blog\\\/2022\\\/09\\\/28\\\/vorratsdatenspeicherung-eugh-urteil\\\/#primaryimage\"},\"thumbnailUrl\":\"https:\\\/\\\/pcspezialist.de\\\/blog\\\/wp-content\\\/uploads\\\/2022\\\/09\\\/vorratsdatenspeicherung_pexels-towfiqu-barbhuiya-8693379.jpg\",\"keywords\":[\"Gesetzliches\"],\"articleSection\":[\"Verschiedenes\"],\"inLanguage\":\"de\",\"potentialAction\":[{\"@type\":\"CommentAction\",\"name\":\"Comment\",\"target\":[\"https:\\\/\\\/pcspezialist.de\\\/blog\\\/2022\\\/09\\\/28\\\/vorratsdatenspeicherung-eugh-urteil\\\/#respond\"]}]},{\"@type\":\"WebPage\",\"@id\":\"https:\\\/\\\/pcspezialist.de\\\/blog\\\/2022\\\/09\\\/28\\\/vorratsdatenspeicherung-eugh-urteil\\\/\",\"url\":\"https:\\\/\\\/pcspezialist.de\\\/blog\\\/2022\\\/09\\\/28\\\/vorratsdatenspeicherung-eugh-urteil\\\/\",\"name\":\"Vorratsdatenspeicherung: EuGH urteilt zu deutscher Praxis\",\"isPartOf\":{\"@id\":\"https:\\\/\\\/pcspezialist.de\\\/blog\\\/#website\"},\"primaryImageOfPage\":{\"@id\":\"https:\\\/\\\/pcspezialist.de\\\/blog\\\/2022\\\/09\\\/28\\\/vorratsdatenspeicherung-eugh-urteil\\\/#primaryimage\"},\"image\":{\"@id\":\"https:\\\/\\\/pcspezialist.de\\\/blog\\\/2022\\\/09\\\/28\\\/vorratsdatenspeicherung-eugh-urteil\\\/#primaryimage\"},\"thumbnailUrl\":\"https:\\\/\\\/pcspezialist.de\\\/blog\\\/wp-content\\\/uploads\\\/2022\\\/09\\\/vorratsdatenspeicherung_pexels-towfiqu-barbhuiya-8693379.jpg\",\"datePublished\":\"2022-09-28T08:45:14+00:00\",\"dateModified\":\"2024-11-05T06:28:15+00:00\",\"author\":{\"@id\":\"https:\\\/\\\/pcspezialist.de\\\/blog\\\/#\\\/schema\\\/person\\\/e9cb801a8b8ea9138af26a02b8b6d14f\"},\"description\":\"Seit Jahren ist die \u2714 Vorratsdatenspeicherung in Deutschland \u00fcblich. Trotz aller Kritik. Jetzt hat der \u2714 EuGh geurteilt. Infos hier.\",\"breadcrumb\":{\"@id\":\"https:\\\/\\\/pcspezialist.de\\\/blog\\\/2022\\\/09\\\/28\\\/vorratsdatenspeicherung-eugh-urteil\\\/#breadcrumb\"},\"inLanguage\":\"de\",\"potentialAction\":[{\"@type\":\"ReadAction\",\"target\":[\"https:\\\/\\\/pcspezialist.de\\\/blog\\\/2022\\\/09\\\/28\\\/vorratsdatenspeicherung-eugh-urteil\\\/\"]}]},{\"@type\":\"ImageObject\",\"inLanguage\":\"de\",\"@id\":\"https:\\\/\\\/pcspezialist.de\\\/blog\\\/2022\\\/09\\\/28\\\/vorratsdatenspeicherung-eugh-urteil\\\/#primaryimage\",\"url\":\"https:\\\/\\\/pcspezialist.de\\\/blog\\\/wp-content\\\/uploads\\\/2022\\\/09\\\/vorratsdatenspeicherung_pexels-towfiqu-barbhuiya-8693379.jpg\",\"contentUrl\":\"https:\\\/\\\/pcspezialist.de\\\/blog\\\/wp-content\\\/uploads\\\/2022\\\/09\\\/vorratsdatenspeicherung_pexels-towfiqu-barbhuiya-8693379.jpg\",\"width\":1500,\"height\":706,\"caption\":\"Der EuGH hat zur Vorrastdatenspeicherung geurteilt. Bild: Pexels\\\/Towfiqu barbhuiya\"},{\"@type\":\"BreadcrumbList\",\"@id\":\"https:\\\/\\\/pcspezialist.de\\\/blog\\\/2022\\\/09\\\/28\\\/vorratsdatenspeicherung-eugh-urteil\\\/#breadcrumb\",\"itemListElement\":[{\"@type\":\"ListItem\",\"position\":1,\"name\":\"Startseite\",\"item\":\"https:\\\/\\\/pcspezialist.de\\\/blog\\\/\"},{\"@type\":\"ListItem\",\"position\":2,\"name\":\"Vorratsdatenspeicherung ## EuGH urteilt zu deutscher Praxis: nicht vereinbar mit europ\u00e4ischem Recht\"}]},{\"@type\":\"WebSite\",\"@id\":\"https:\\\/\\\/pcspezialist.de\\\/blog\\\/#website\",\"url\":\"https:\\\/\\\/pcspezialist.de\\\/blog\\\/\",\"name\":\"PC-SPEZIALIST Blog\",\"description\":\"IT-Service, Trends &amp; Technik\",\"potentialAction\":[{\"@type\":\"SearchAction\",\"target\":{\"@type\":\"EntryPoint\",\"urlTemplate\":\"https:\\\/\\\/pcspezialist.de\\\/blog\\\/?s={search_term_string}\"},\"query-input\":{\"@type\":\"PropertyValueSpecification\",\"valueRequired\":true,\"valueName\":\"search_term_string\"}}],\"inLanguage\":\"de\"},{\"@type\":\"Person\",\"@id\":\"https:\\\/\\\/pcspezialist.de\\\/blog\\\/#\\\/schema\\\/person\\\/e9cb801a8b8ea9138af26a02b8b6d14f\",\"name\":\"Maren Keller\",\"description\":\"PC-SPEZIALIST ist eine Marke der in Schlo\u00df Holte ans\u00e4ssigen SYNAXON. Seit 2016 arbeitet Maren Keller f\u00fcr den PC-SPEZIALIST-Blog. Gestartet als Online-Redakteurin ist sie mittlerweile Content Marketing Managerin und tr\u00e4gt unter anderem die Verantwortung f\u00fcr die Inhalte des Blogs. In den Jahren 2017 und 2020 hat sie parallel f\u00fcr den Blog des IT-SERVICE.NETWORK geschrieben. Die studierte Germanistin und Politologin hat einen Sp\u00fcrsinn f\u00fcr aktuelle Bedrohungen im IT-Bereich entwickelt und versteht es, das Fachwissen von PC-SPEZIALIST dem Leser verst\u00e4ndlich darzubieten. Nicht zu verleugnen ist allerdings ihre Ungeduld, die sich in flinken Fingern auf der Tastatur zeigt und gleichzeitig f\u00fcr einen hohen Output sorgt. Ihre journalistische Karriere begann Maren Keller Mitte der 1990er Jahre mit dem Verfassen von Sportberichten f\u00fcr die Regionalseiten ihrer Heimatzeitung in Bremerhaven. Nach dem Studium in Hannover, das von zahlreichen Praktika bei Funk, Fernsehen und Zeitung begleitet wurde, kehrte sie f\u00fcr ein journalistisches Volontariat in ihre Heimat zur\u00fcck, um bei der NORDSEE-ZEITUNG den Beruf des Redakteurs von der Pike auf zu lernen und anschlie\u00dfend in der Sportredaktion zu arbeiten. W\u00e4hrend ihrer Elternzeiten und beruflich bedingten Umz\u00fcgen arbeitete sie als freie Journalistin f\u00fcr verschiedene Tageszeitungen und fand 2016 den Weg zur SYNAXON, wo sie heute als Content Marketing Managerin in Lohn und Brot steht. In ihrer Freizeit zeigt sie ihr Talent f\u00fcr\u2019s Schreiben nicht. Stattdessen liegen ihre Schwerpunkt dort im Bereich Haus, Familie, Garten und Hund. Au\u00dferdem ist sie musikalisch unterwegs, bl\u00e4st das Jagdhorn in einem Bl\u00e4serkorps, spielt Klavier und singt im Chor. Sie haben Fragen an Maren Keller? Sie erreichen sie per E-Mail an redaktion@pcspezialist.de\",\"url\":\"https:\\\/\\\/pcspezialist.de\\\/blog\\\/author\\\/maren\\\/\"}]}<\/script>\n<!-- \/ Yoast SEO plugin. -->","yoast_head_json":{"title":"Vorratsdatenspeicherung: EuGH urteilt zu deutscher Praxis","description":"Seit Jahren ist die \u2714 Vorratsdatenspeicherung in Deutschland \u00fcblich. Trotz aller Kritik. Jetzt hat der \u2714 EuGh geurteilt. Infos hier.","robots":{"index":"index","follow":"follow","max-snippet":"max-snippet:-1","max-image-preview":"max-image-preview:large","max-video-preview":"max-video-preview:-1"},"canonical":"https:\/\/pcspezialist.de\/blog\/2022\/09\/28\/vorratsdatenspeicherung-eugh-urteil\/","og_locale":"de_DE","og_type":"article","og_title":"Vorratsdatenspeicherung: EuGH urteilt zu deutscher Praxis","og_description":"Seit Jahren ist die \u2714 Vorratsdatenspeicherung in Deutschland \u00fcblich. Trotz aller Kritik. Jetzt hat der \u2714 EuGh geurteilt. Infos hier.","og_url":"https:\/\/pcspezialist.de\/blog\/2022\/09\/28\/vorratsdatenspeicherung-eugh-urteil\/","og_site_name":"PC-SPEZIALIST Blog","article_published_time":"2022-09-28T08:45:14+00:00","article_modified_time":"2024-11-05T06:28:15+00:00","og_image":[{"width":1500,"height":706,"url":"https:\/\/pcspezialist.de\/blog\/wp-content\/uploads\/2022\/09\/vorratsdatenspeicherung_pexels-towfiqu-barbhuiya-8693379.jpg","type":"image\/jpeg"}],"author":"Maren Keller","twitter_card":"summary_large_image","twitter_misc":{"Verfasst von":"Maren Keller","Gesch\u00e4tzte Lesezeit":"10\u00a0Minuten"},"schema":{"@context":"https:\/\/schema.org","@graph":[{"@type":"Article","@id":"https:\/\/pcspezialist.de\/blog\/2022\/09\/28\/vorratsdatenspeicherung-eugh-urteil\/#article","isPartOf":{"@id":"https:\/\/pcspezialist.de\/blog\/2022\/09\/28\/vorratsdatenspeicherung-eugh-urteil\/"},"author":{"name":"Maren Keller","@id":"https:\/\/pcspezialist.de\/blog\/#\/schema\/person\/e9cb801a8b8ea9138af26a02b8b6d14f"},"headline":"Vorratsdatenspeicherung ## EuGH urteilt zu deutscher Praxis: nicht vereinbar mit europ\u00e4ischem Recht","datePublished":"2022-09-28T08:45:14+00:00","dateModified":"2024-11-05T06:28:15+00:00","mainEntityOfPage":{"@id":"https:\/\/pcspezialist.de\/blog\/2022\/09\/28\/vorratsdatenspeicherung-eugh-urteil\/"},"wordCount":1654,"commentCount":0,"image":{"@id":"https:\/\/pcspezialist.de\/blog\/2022\/09\/28\/vorratsdatenspeicherung-eugh-urteil\/#primaryimage"},"thumbnailUrl":"https:\/\/pcspezialist.de\/blog\/wp-content\/uploads\/2022\/09\/vorratsdatenspeicherung_pexels-towfiqu-barbhuiya-8693379.jpg","keywords":["Gesetzliches"],"articleSection":["Verschiedenes"],"inLanguage":"de","potentialAction":[{"@type":"CommentAction","name":"Comment","target":["https:\/\/pcspezialist.de\/blog\/2022\/09\/28\/vorratsdatenspeicherung-eugh-urteil\/#respond"]}]},{"@type":"WebPage","@id":"https:\/\/pcspezialist.de\/blog\/2022\/09\/28\/vorratsdatenspeicherung-eugh-urteil\/","url":"https:\/\/pcspezialist.de\/blog\/2022\/09\/28\/vorratsdatenspeicherung-eugh-urteil\/","name":"Vorratsdatenspeicherung: EuGH urteilt zu deutscher Praxis","isPartOf":{"@id":"https:\/\/pcspezialist.de\/blog\/#website"},"primaryImageOfPage":{"@id":"https:\/\/pcspezialist.de\/blog\/2022\/09\/28\/vorratsdatenspeicherung-eugh-urteil\/#primaryimage"},"image":{"@id":"https:\/\/pcspezialist.de\/blog\/2022\/09\/28\/vorratsdatenspeicherung-eugh-urteil\/#primaryimage"},"thumbnailUrl":"https:\/\/pcspezialist.de\/blog\/wp-content\/uploads\/2022\/09\/vorratsdatenspeicherung_pexels-towfiqu-barbhuiya-8693379.jpg","datePublished":"2022-09-28T08:45:14+00:00","dateModified":"2024-11-05T06:28:15+00:00","author":{"@id":"https:\/\/pcspezialist.de\/blog\/#\/schema\/person\/e9cb801a8b8ea9138af26a02b8b6d14f"},"description":"Seit Jahren ist die \u2714 Vorratsdatenspeicherung in Deutschland \u00fcblich. Trotz aller Kritik. Jetzt hat der \u2714 EuGh geurteilt. Infos hier.","breadcrumb":{"@id":"https:\/\/pcspezialist.de\/blog\/2022\/09\/28\/vorratsdatenspeicherung-eugh-urteil\/#breadcrumb"},"inLanguage":"de","potentialAction":[{"@type":"ReadAction","target":["https:\/\/pcspezialist.de\/blog\/2022\/09\/28\/vorratsdatenspeicherung-eugh-urteil\/"]}]},{"@type":"ImageObject","inLanguage":"de","@id":"https:\/\/pcspezialist.de\/blog\/2022\/09\/28\/vorratsdatenspeicherung-eugh-urteil\/#primaryimage","url":"https:\/\/pcspezialist.de\/blog\/wp-content\/uploads\/2022\/09\/vorratsdatenspeicherung_pexels-towfiqu-barbhuiya-8693379.jpg","contentUrl":"https:\/\/pcspezialist.de\/blog\/wp-content\/uploads\/2022\/09\/vorratsdatenspeicherung_pexels-towfiqu-barbhuiya-8693379.jpg","width":1500,"height":706,"caption":"Der EuGH hat zur Vorrastdatenspeicherung geurteilt. Bild: Pexels\/Towfiqu barbhuiya"},{"@type":"BreadcrumbList","@id":"https:\/\/pcspezialist.de\/blog\/2022\/09\/28\/vorratsdatenspeicherung-eugh-urteil\/#breadcrumb","itemListElement":[{"@type":"ListItem","position":1,"name":"Startseite","item":"https:\/\/pcspezialist.de\/blog\/"},{"@type":"ListItem","position":2,"name":"Vorratsdatenspeicherung ## EuGH urteilt zu deutscher Praxis: nicht vereinbar mit europ\u00e4ischem Recht"}]},{"@type":"WebSite","@id":"https:\/\/pcspezialist.de\/blog\/#website","url":"https:\/\/pcspezialist.de\/blog\/","name":"PC-SPEZIALIST Blog","description":"IT-Service, Trends &amp; Technik","potentialAction":[{"@type":"SearchAction","target":{"@type":"EntryPoint","urlTemplate":"https:\/\/pcspezialist.de\/blog\/?s={search_term_string}"},"query-input":{"@type":"PropertyValueSpecification","valueRequired":true,"valueName":"search_term_string"}}],"inLanguage":"de"},{"@type":"Person","@id":"https:\/\/pcspezialist.de\/blog\/#\/schema\/person\/e9cb801a8b8ea9138af26a02b8b6d14f","name":"Maren Keller","description":"PC-SPEZIALIST ist eine Marke der in Schlo\u00df Holte ans\u00e4ssigen SYNAXON. Seit 2016 arbeitet Maren Keller f\u00fcr den PC-SPEZIALIST-Blog. Gestartet als Online-Redakteurin ist sie mittlerweile Content Marketing Managerin und tr\u00e4gt unter anderem die Verantwortung f\u00fcr die Inhalte des Blogs. In den Jahren 2017 und 2020 hat sie parallel f\u00fcr den Blog des IT-SERVICE.NETWORK geschrieben. Die studierte Germanistin und Politologin hat einen Sp\u00fcrsinn f\u00fcr aktuelle Bedrohungen im IT-Bereich entwickelt und versteht es, das Fachwissen von PC-SPEZIALIST dem Leser verst\u00e4ndlich darzubieten. Nicht zu verleugnen ist allerdings ihre Ungeduld, die sich in flinken Fingern auf der Tastatur zeigt und gleichzeitig f\u00fcr einen hohen Output sorgt. Ihre journalistische Karriere begann Maren Keller Mitte der 1990er Jahre mit dem Verfassen von Sportberichten f\u00fcr die Regionalseiten ihrer Heimatzeitung in Bremerhaven. Nach dem Studium in Hannover, das von zahlreichen Praktika bei Funk, Fernsehen und Zeitung begleitet wurde, kehrte sie f\u00fcr ein journalistisches Volontariat in ihre Heimat zur\u00fcck, um bei der NORDSEE-ZEITUNG den Beruf des Redakteurs von der Pike auf zu lernen und anschlie\u00dfend in der Sportredaktion zu arbeiten. W\u00e4hrend ihrer Elternzeiten und beruflich bedingten Umz\u00fcgen arbeitete sie als freie Journalistin f\u00fcr verschiedene Tageszeitungen und fand 2016 den Weg zur SYNAXON, wo sie heute als Content Marketing Managerin in Lohn und Brot steht. In ihrer Freizeit zeigt sie ihr Talent f\u00fcr\u2019s Schreiben nicht. Stattdessen liegen ihre Schwerpunkt dort im Bereich Haus, Familie, Garten und Hund. Au\u00dferdem ist sie musikalisch unterwegs, bl\u00e4st das Jagdhorn in einem Bl\u00e4serkorps, spielt Klavier und singt im Chor. Sie haben Fragen an Maren Keller? Sie erreichen sie per E-Mail an redaktion@pcspezialist.de","url":"https:\/\/pcspezialist.de\/blog\/author\/maren\/"}]}},"_links":{"self":[{"href":"https:\/\/pcspezialist.de\/blog\/wp-json\/wp\/v2\/posts\/62864","targetHints":{"allow":["GET"]}}],"collection":[{"href":"https:\/\/pcspezialist.de\/blog\/wp-json\/wp\/v2\/posts"}],"about":[{"href":"https:\/\/pcspezialist.de\/blog\/wp-json\/wp\/v2\/types\/post"}],"author":[{"embeddable":true,"href":"https:\/\/pcspezialist.de\/blog\/wp-json\/wp\/v2\/users\/98"}],"replies":[{"embeddable":true,"href":"https:\/\/pcspezialist.de\/blog\/wp-json\/wp\/v2\/comments?post=62864"}],"version-history":[{"count":19,"href":"https:\/\/pcspezialist.de\/blog\/wp-json\/wp\/v2\/posts\/62864\/revisions"}],"predecessor-version":[{"id":71752,"href":"https:\/\/pcspezialist.de\/blog\/wp-json\/wp\/v2\/posts\/62864\/revisions\/71752"}],"wp:featuredmedia":[{"embeddable":true,"href":"https:\/\/pcspezialist.de\/blog\/wp-json\/wp\/v2\/media\/62926"}],"wp:attachment":[{"href":"https:\/\/pcspezialist.de\/blog\/wp-json\/wp\/v2\/media?parent=62864"}],"wp:term":[{"taxonomy":"category","embeddable":true,"href":"https:\/\/pcspezialist.de\/blog\/wp-json\/wp\/v2\/categories?post=62864"},{"taxonomy":"post_tag","embeddable":true,"href":"https:\/\/pcspezialist.de\/blog\/wp-json\/wp\/v2\/tags?post=62864"}],"curies":[{"name":"wp","href":"https:\/\/api.w.org\/{rel}","templated":true}]}}