{"id":62065,"date":"2022-08-05T10:45:24","date_gmt":"2022-08-05T08:45:24","guid":{"rendered":"https:\/\/www.pcspezialist.de\/blog\/?p=62065"},"modified":"2025-06-25T12:05:48","modified_gmt":"2025-06-25T10:05:48","slug":"gigabitstrategie","status":"publish","type":"post","link":"https:\/\/pcspezialist.de\/blog\/2022\/08\/05\/gigabitstrategie\/","title":{"rendered":"Gigabitstrategie ## Pl\u00e4ne der Bundesregierung zum Glasfaserausbau"},"content":{"rendered":"<p><strong>Schnelles Internet f\u00fcr alle \u2013 so lautet die Devise der Bundesregierung. Mit der gerade ver\u00f6ffentlichten Gigabitstrategie soll Deutschland den \u201edigitalen Aufbruch\u201c schaffen. Das Ziel: Bald soll es \u00fcberall in Deutschland schnelles Glasfaserinternet und 5G geben.<\/strong><\/p>\n<p>Wie das erreicht werden soll und wann jedes Haus und jede Wohnung schnelles Internet haben soll, erfahren Sie hier.<\/p>\n<p><!--more--><\/p>\n<div style=\"background: #f2f2f2; padding: 15px 15px 5px; margin: 30px 0;\">\n<p><strong>Unser Beitrag \u00fcber die Gigabitstrategie im \u00dcberblick:\u00a0<\/strong><\/p>\n<ol style=\"line-height: 1.7;\">\n<li><a href=\"#eins\">Strategie f\u00fcr digitalen Ausbau<\/a><\/li>\n<li><a href=\"#zwei\">Gigabitstrategie<\/a>\n<ul style=\"line-height: 1.7;\">\n<li><a href=\"#drei\">Empfindliche Glasfaserkabel<\/a><\/li>\n<\/ul>\n<\/li>\n<li><a href=\"#vier\">Aufruf an Wirtschaft und L\u00e4nder<\/a>\n<ul style=\"line-height: 1.7;\">\n<li><a href=\"#fuenf\">Was ist Trenching?<\/a><\/li>\n<\/ul>\n<\/li>\n<li><a href=\"#sechs\">Ziel der Gigabitstrategie<\/a><\/li>\n<li><a href=\"#sieben\">Kritik der Wirtschaft<\/a><\/li>\n<li><a href=\"#acht\">Internet ruckelt? PC-SPEZIALIST hilft!<\/a><\/li>\n<\/ol>\n<\/div>\n<h2 id=\"eins\">Strategie f\u00fcr digitalen Ausbau<\/h2>\n<p>Die <a href=\"https:\/\/pcspezialist.de\/blog\/tag\/coronavirus\/\">Corona-Pandemie<\/a> hat es gezeigt: Die <strong>Digitalisierung<\/strong> ist in Deutschland noch l\u00e4ngst nicht vollbracht. Im Gegenteil: Wenn Eltern in Online-Videokonferenzen sitzen und die Kinder parallel im Homeschooling unterrichtet werden, dann ist das f\u00fcr alle Beteiligten eine Herausforderung: ruckelndes Internet, abbrechende Verbindungen, <a href=\"https:\/\/pcspezialist.de\/blog\/2020\/03\/17\/internetausfall\/\">Stillstand statt Arbeit und Lernen<\/a>. Zuletzt hatte der Ansturm auf <a href=\"https:\/\/pcspezialist.de\/blog\/2022\/07\/15\/elster-alternative\/\">Elster wegen der Grundsteuerreform<\/a> gezeigt, dass Deutschland vom digitalen Fortschritt noch weit entfernt ist.<\/p>\n<p>Doch all das soll jetzt besser werden. Schon 2020 haben wir berichtet, dass der <a href=\"https:\/\/pcspezialist.de\/blog\/2020\/05\/20\/netzausbau\/\">Netzausbau<\/a> vorangeht. Nun hat die Bundesregierung mit einer <strong>Gigabitstrategie<\/strong> nachgelegt. Demnach sollen deutsche Haushalte in den kommenden Jahren fl\u00e4chendeckend mit <a href=\"https:\/\/pcspezialist.de\/blog\/2019\/08\/14\/was-ist-glasfaser\/\">Glasfaseranschl\u00fcssen<\/a> versorgt und der Mobilfunk im schnellen <a href=\"https:\/\/pcspezialist.de\/blog\/2019\/07\/08\/5g-ausbau\/\">5G-Standard<\/a> ausgebaut werden. Denn bislang ist vor allem im l\u00e4ndlichen Bereich die <a href=\"https:\/\/pcspezialist.de\/blog\/2018\/04\/10\/netzabdeckung-mobiles-internet\/\">Netzabdeckung<\/a> eher mau. Das zeigt auch die <a href=\"https:\/\/pcspezialist.de\/blog\/2019\/11\/19\/funkloch-app\/\">Funkloch-App<\/a> ziemlich deutlich.<\/p>\n<div id=\"attachment_62088\" style=\"width: 676px\" class=\"wp-caption alignright\"><img loading=\"lazy\" decoding=\"async\" aria-describedby=\"caption-attachment-62088\" class=\"size-full wp-image-62088\" src=\"https:\/\/pcspezialist.de\/blog\/wp-content\/uploads\/2022\/07\/Gigabitstrategie_embeki_AdobeStock_460665985.jpg\" alt=\"Gigabitstrategie: Verteilerkasten und Milchkanne als Symbol f\u00fcr schnelles Internet \u00fcberall in Deutschland. Bild: embeki\/stock.adobe.com\" width=\"666\" height=\"339\" \/><p id=\"caption-attachment-62088\" class=\"wp-caption-text\">Noch ist das schnelle Internet vor allem auf dem Land ein Traum. Mit der Gigabitstrategie soll das anders werden. Dank ihr soll es bis in den hintersten Winkel des Landes schnelles Internet geben. Bild: embeki\/stock.adobe.com<\/p><\/div>\n<h2 id=\"zwei\">Gigabitstrategie<\/h2>\n<p>Mit der <strong>Gigabitstrategie<\/strong> soll nun alles besser werden. Volker Wissing, Bundesminister f\u00fcr Digitales und Verkehr, \u00e4u\u00dfert sich folgenderma\u00dfen: \u201eMit unserer Gigabitstrategie wollen wir den <strong>digitalen Aufbruch f\u00fcr Deutschland<\/strong> erreichen. Homeoffice, Streaming im ICE und Empfang auf der Bergh\u00fctte m\u00fcssen endlich problemlos m\u00f6glich sein. Daf\u00fcr brauchen wir \u00fcberall leistungsf\u00e4hige digitale Infrastrukturen, das hei\u00dft Glasfaser bis ins Haus und den neusten Mobilfunkstandard. [&#8230;] F\u00fcr mich ist ganz klar: Digital ist besser, denn damit schaffen wir mehr Teilhabe, mehr Chancen, mehr Fortschritt f\u00fcr alle. Wir packen es jetzt an.\u201c<\/p>\n<p>Insgesamt umfasst die Gigabitstrategie f\u00fcr den Glasfaserausbau <strong>100 Ma\u00dfnahmen<\/strong>, angefangen von B\u00fcrokratieabbau bis hin zur Optimierung der Zusammenarbeit mit der Mobilfunkinfrastrukturgesellschaft (MIG). Um gute Rahmenbedingungen zu schaffen, will die Regierung Genehmigungsverfahren beschleunigen, alternative Verlegeverfahren st\u00e4rken und mehr Transparenz schaffen.<\/p>\n<h3 id=\"drei\">Empfindliche Glasfaserkabel<\/h3>\n<p>Wenn das <strong>Zwischenziel<\/strong>, die H\u00e4lfte aller deutschen Haushalte bis 2025 mit Glasfaser zu versorgen, erreicht werden soll, muss es vor allem schnell gehen. Und da setzt die Bundesregierung im Gigabitstrategiepapier auf <strong>alternative Verlegetechniken<\/strong>. Das bedeutet, dass die Nutzung vorhandener Infrastruktur nicht ausgeschlossen sein soll.<\/p>\n<p>So sehr zu begr\u00fc\u00dfen ist, dass vorhandene Infrastruktur genutzt werden soll, so muss vor allem die geplante oberirdische Verlegung \u00fcberdacht werden. Denn: <strong>Glasfaserkabel<\/strong> sind gegen\u00fcber mechanischen Belastungen deutlich <strong>empfindlicher<\/strong> als Kabel aus Kupfer. Es ist zwar prima, dass durch das Aufh\u00e4ngen der Kabel an vorhandenen Holz- und Strommasten Zeit gespart wird, wenn dadurch aber Sch\u00e4den an den Kabeln schneller auftreten, ist damit auch niemandem geholfen.<\/p>\n<div id=\"attachment_62086\" style=\"width: 660px\" class=\"wp-caption alignright\"><img loading=\"lazy\" decoding=\"async\" aria-describedby=\"caption-attachment-62086\" class=\"size-full wp-image-62086\" src=\"https:\/\/pcspezialist.de\/blog\/wp-content\/uploads\/2022\/07\/Gigabitstrategie_JoHans_AdobeStock_289367646.jpg\" alt=\"Gigabitstrategie: Kabelrollen mit orangen Leerrohren.Bild: JoHans\/stock.adobe.com\" width=\"650\" height=\"450\" \/><p id=\"caption-attachment-62086\" class=\"wp-caption-text\">Vielerorts sieht man Kabelrollen mit den orangen Leerrohren, in denen Glasfaserkabel verlegt werden. Bild: JoHans\/stock.adobe.com<\/p><\/div>\n<h2 id=\"vier\">Aufruf an Wirtschaft und L\u00e4nder<\/h2>\n<p>Um die Gigabitstrategie zu verwirklichen, erwartet die Bundesregierung in den kommenden Jahren gro\u00dfe <strong>Investitionen<\/strong> von der <strong>Telekommunikationsbranche<\/strong>. 50 Milliarden Euro will die Branche investieren. Staatliche Gelder sollen nur da flie\u00dfen, wo ein privater Ausbau in absehbarerer Zeit nicht stattfinden wird.<\/p>\n<p>Zudem soll es ein <strong>Gigabit-Grundbuch<\/strong> geben, das Infrastrukturen, wie vorhandene Leerrohre oder oberirdische Leitungen auflistet, die genutzt werden k\u00f6nnten. Allerdings braucht es daf\u00fcr ein starkes Engagement der L\u00e4nder, da das entsprechende <strong>Baurecht L\u00e4ndersache<\/strong> ist.<\/p>\n<p>Und genau hier liegt das Problem: Die <strong>Gigabitstrategie<\/strong> von Verkehrsminister Wissing ist <strong>nicht mehr als<\/strong> eine <strong>Empfehlung<\/strong>, da die Zust\u00e4ndigkeit bei den L\u00e4ndern und Kommunen liegt. Auch m\u00f6gliche Haftungen wie auftretende Sch\u00e4den durch das Trenching sind ungekl\u00e4rt.<\/p>\n<h3 id=\"fuenf\">Was ist Trenching?<\/h3>\n<p>Sie fragen sich gerade, was <strong>Trenching<\/strong> ist? Dabei handelt es sich um den <strong>offenen Tiefbau<\/strong>. Dabei wird mithilfe einer Fr\u00e4se ein schmaler Graben in den Untergrund gezogen. In diesen Graben werden dann wiederum kleine Rohre f\u00fcr die Glasfaserkabel verlegt. Dabei sind nur alle 600 bis 800 Meter Sch\u00e4chte f\u00fcr das Einblasen der Glasfaserkabel notwendig. Dieser Vorgang erfolgt per Druckluft: Das Glasfaserb\u00fcndel wird mehr oder minder in das leere R\u00f6hrchen eingeschossen. Anschlie\u00dfend wird der offene Bauabschnitt wieder verschlossen. Durch die abschlie\u00dfende Asphaltdecke sind Rohre und Kabel vor der Witterung gesch\u00fctzt.<\/p>\n<p><strong>Vorteile<\/strong> des <strong>Trenching<\/strong> sind: k\u00fcrzere Bauzeiten, geringere Kosten, reduzierte Beeintr\u00e4chtigung von Anliegern durch L\u00e4rm, Schmutz oder Verkehrssperrungen. F\u00fcr das Trenching ist nur ein schmaler Graben von bis zu 30 Zentimetern notwendig, um Leerrohre und Glasfaser zu verlegen. Es eignet sich vorrangig f\u00fcr Geh- und Radwege, aber auch f\u00fcr Stra\u00dfendecken und nicht befestigte Fl\u00e4chen.<\/p>\n<div id=\"attachment_62084\" style=\"width: 710px\" class=\"wp-caption alignright\"><img loading=\"lazy\" decoding=\"async\" aria-describedby=\"caption-attachment-62084\" class=\"size-medium wp-image-62084\" src=\"https:\/\/pcspezialist.de\/blog\/wp-content\/uploads\/2022\/07\/enger-700x252.jpg\" alt=\"Gigabitstrategie: Anteil der Bev\u00f6lkerung in Enger, der einen Glasfaseranschluss haben m\u00f6chte. Bild: Screenshot Deutsche Glasfaser\" width=\"700\" height=\"252\" srcset=\"https:\/\/pcspezialist.de\/blog\/wp-content\/uploads\/2022\/07\/enger-700x252.jpg 700w, https:\/\/pcspezialist.de\/blog\/wp-content\/uploads\/2022\/07\/enger.jpg 738w\" sizes=\"auto, (max-width: 700px) 100vw, 700px\" \/><p id=\"caption-attachment-62084\" class=\"wp-caption-text\">Das Beispiel der Stadt Enger im ostwestf\u00e4lischen Kreis Herford mit gut 20.000 Einwohnern zeigt, dass das Interesse der Einwohner an Glasfaser gering ist. Bild: Screenshot Deutsche Glasfaser<\/p><\/div>\n<h2 id=\"sechs\">Ziel der Gigabitstrategie<\/h2>\n<p>Das Ziel der Strategie steht fest:<strong> Bis 2025<\/strong> soll etwa die H\u00e4lfte aller Haushalte Glasfaseranschl\u00fcsse buchen k\u00f6nnen. <strong>Bis 2030<\/strong> soll dies dann fl\u00e4chendeckend m\u00f6glich sein. \u201eWir wollen die R\u00fcckst\u00e4nde der vergangenen Jahre aufholen und wollen bis zum Jahr 2030 fl\u00e4chendeckend eine Versorgung mit Glasfaser \u00fcberall dort erm\u00f6glichen, wo Menschen leben, arbeiten oder unterwegs sind\u201c, erkl\u00e4rte Bundesdigitalminister Volker Wissing. Auch der Mobilfunk-Ausbau im 5G-Standard soll \u201e\u00fcberall auf h\u00f6chstem Niveau\u201c erfolgen.<\/p>\n<p>Was ist aber, wenn die Einwohner eines Ortes gar kein Interesse am Glasfaserausbau haben? Schlie\u00dflich bleibt der vorhandene Anschluss \u00fcber das Kupferkabel erhalten und funktioniert auch weiterhin. F\u00fcr dieses Problem gibt es aktuell keine L\u00f6sung!<\/p>\n<p>Aber: Zurzeit d\u00fcrfen mit staatliche <strong>F\u00f6rdergeldern<\/strong> Glasfaserleitungen nur in Gegenden mit \u00dcbertragungsgeschwindigkeiten von unter 100 Mbit\/s verlegt werden. Das soll sich laut Gigabitstrategie \u00e4ndern. Dann k\u00f6nnte der Ausbau mit schnellem Glasfaser in gr\u00f6\u00dferen Gebieten gef\u00f6rdert werden.<\/p>\n<h2 id=\"sieben\">Kritik der Wirtschaft<\/h2>\n<p>Die Wirtschaft kritisiert die <strong>\u00c4nderung der F\u00f6rderung<\/strong> und f\u00fcrchtet, dass v\u00f6llig <strong>unreguliert<\/strong> gef\u00f6rdert wird, beispielsweise in Gegenden, wo nur wenige Menschen leben. Hierf\u00fcr soll eine <strong>Potenzialanalyse<\/strong> als Wegweiser dienen. Allerdings ist auch sie wieder nur eine <strong>Empfehlung<\/strong> \u2013 die L\u00e4nder k\u00f6nnen selbst entscheiden, wo der Ausbau gef\u00f6rdert wird. Und wenn dann ein Bundesland entscheidet, den Glasfaserausbau bei Oma Meier, der einzigen Einwohnerin von Unterpusemuckelsdorf zu f\u00f6rdern, den Ausbau in Oberpusemuckelsdorf mit seinen 3.000 Einwohnern aber nicht, dann ist das so!<\/p>\n<p>Die <strong>Sorgen der Telekommunikationswirtschaft<\/strong> sind deshalb gro\u00df: Zu viele F\u00f6rdervorhaben f\u00fchren letztlich dazu, dass der Ausbau am Ende langsamer und teurer wird. Etwa, weil Tiefbaufirmen \u00fcberlastet sind. \u201eGef\u00f6rderter Ausbau dauert etwa zwei bis drei Mal so lange wie eigenwirtschaftlicher Ausbau\u201c, warnt Stephan Albers vom Glasfaser-Verband Breko. Und David Zimmer vom Telekommunikationsverband VATM warf der Bundesregierung bei der Glasfaser-F\u00f6rderung ein unstrukturiertes Vorgehen vor.<\/p>\n<p>Allerdings: Dass <strong>Baugenehmigungen<\/strong> k\u00fcnftig <strong>schneller<\/strong> und <strong>unb\u00fcrokratischer<\/strong> erteilt werden, begr\u00fc\u00dfen Internetbranche und Industrie. Ob und wie der Ausbau vorangetrieben wird, wollen Vertreter von Bund und L\u00e4ndern mehrmals j\u00e4hrlich \u00fcberpr\u00fcfen.<\/p>\n<div id=\"attachment_62085\" style=\"width: 660px\" class=\"wp-caption alignright\"><img loading=\"lazy\" decoding=\"async\" aria-describedby=\"caption-attachment-62085\" class=\"size-full wp-image-62085\" src=\"https:\/\/pcspezialist.de\/blog\/wp-content\/uploads\/2022\/07\/Gigabitstrategie_alphaspirit_AdobeStock_168638391.jpg\" alt=\"Gigabitstrategie: Mann im Anzug auf einer Rakete als Konzept f\u00fcr schnelles Internet. Bild: alphaspirit\/stock.adobe.com\" width=\"650\" height=\"450\" \/><p id=\"caption-attachment-62085\" class=\"wp-caption-text\">Damit auch Sie das schnellstm\u00f6gliche und vor allem ruckelfreie Internet haben, dass es zurzeit bei Ihnen gibt, wenden Sie sich an PC-SPEZIALIST. Bild: alphaspirit\/stock.adobe.com<\/p><\/div>\n<h2 id=\"acht\">Internet ruckelt? PC-SPEZIALIST hilft!<\/h2>\n<p>Wenn Sie unter <a href=\"https:\/\/pcspezialist.de\/blog\/2018\/01\/23\/langsames-internet-breitbandmessung\/\">langsamem Internet<\/a> leiden, der <strong>Glasfaserausbau<\/strong> bei Ihnen aber noch nicht geplant ist, dann checken Sie doch mal mit einem <a href=\"https:\/\/pcspezialist.de\/blog\/2021\/12\/07\/internet-geschwindigkeit\/\">Speedtest<\/a>, welche Upload- und Download-Zeiten bei Ihnen zuhause oder in der Firma vorliegen. Aber Achtung: Der <strong>Speedtest<\/strong> gibt nur eine Momentaufnahme wieder und kann von der Realit\u00e4t abweichen. Vielleicht nutzen Sie aber auch schon <a href=\"https:\/\/pcspezialist.de\/blog\/2018\/08\/28\/super-vectoring\/\">Super-Vectoring<\/a> und haben trotzdem eine schlechte <a href=\"https:\/\/pcspezialist.de\/blog\/2019\/07\/02\/wlan-geschwindigkeit-wifi-6\/\">WLAN-Geschwindigkeit<\/a>?<\/p>\n<p>In jedem Fall ist <a href=\"https:\/\/pcspezialist.de\/?utm_source=blog&amp;utm_medium=gigabitstrategie&amp;utm_campaign=startseite\">PC-SPEZIALIST<\/a> genau der richtige Ansprechpartner f\u00fcr Sie. Egal, ob in Ihrer Firma oder Zuhause \u2013 Ihre <strong>Netzwerkprobleme<\/strong> l\u00f6sen wir mit einer optimalen <a href=\"https:\/\/pcspezialist.de\/privat\/geraete-und-software-installation\/router-und-wlan-einrichtung\/?utm_source=blog&amp;utm_medium=gigabitstrategie&amp;utm_campaign=router-und-wlan-einrichtung\/\">Router- und WLAN-Einrichtung f\u00fcr private Kunden<\/a> oder mit der <a href=\"https:\/\/pcspezialist.de\/firmen\/it-ausstattung\/firmennetzwerk-einrichten\/?utm_source=blog&amp;utm_medium=gigabitstrategie&amp;utm_campaign=firmennetzwerk-einrichten\">Netzwerk-Installation<\/a> bzw. <a href=\"https:\/\/pcspezialist.de\/firmen\/it-ausstattung\/wlan-einrichten\/?utm_source=blog&amp;utm_medium=gigabitstrategie&amp;utm_campaign=wlan-einrichten\">WLAN-Einrichtung f\u00fcr Betriebe<\/a>.\u00a0Nehmen Sie Kontakt zu einem <a href=\"https:\/\/pcspezialist.de\/standorte\/?utm_source=blog&amp;utm_medium=gigabitstrategie&amp;utm_campaign=standorte\">PC-SPEZIALIST in Ihrer N\u00e4he<\/a> auf und lassen Sie sich zu den M\u00f6glichkeiten rund um <strong>schnelleres Internet<\/strong> beraten.<\/p>\n<p>Gro\u00dfes Interesse haben wir nat\u00fcrlich auch an Ihrer <strong>Meinung<\/strong>! Was halten Sie von der <strong>Gigabitstrategie<\/strong>? Meinen Sie, der fl\u00e4chendeckende Ausbau ist bis 2030 zu stemmen? Wir freuen uns \u00fcber Ihre Kommentare!<\/p>\n<p>_______________________________________________<\/p>\n<p><small>Andere Stimmen zum Thema: <a href=\"https:\/\/www.it-business.de\/regierung-legt-gigabitstrategie-vor-a-66e615bc88f19a1d9edf1f48ccaf2b26\/\" target=\"_blank\" rel=\"noopener\">IT-Business<\/a>, <a href=\"https:\/\/www.heise.de\/news\/Glasfaser-fuer-alle-Bundesregierung-beschliesst-Gigabitstrategie-7178814.html\" target=\"_blank\" rel=\"noopener\">Heise<\/a>, <a href=\"https:\/\/www.bmvi.de\/SharedDocs\/DE\/Pressemitteilungen\/2022\/050-wissing-gigabitstrategie-der-bundesregierung-verabschiedet.html\" target=\"_blank\" rel=\"noopener\">BMVI<\/a>, <a href=\"https:\/\/www.tagesschau.de\/inland\/internet-gigabitstrategie-bundesregierung-101.html\" target=\"_blank\" rel=\"noopener\">Tagesschau<\/a>, <a href=\"https:\/\/atenekom.eu\/das-trenching-durch-schmale-graeben-schneller-und-effizienter-zum-flaechendeckenden-glasfaserausbau\/\" target=\"_blank\" rel=\"noopener\">atenekom<\/a>, <a href=\"https:\/\/de.wikipedia.org\/wiki\/Glasfasernetz\" target=\"_blank\" rel=\"noopener\">Wikipedia<\/a><\/small><\/p>\n","protected":false},"excerpt":{"rendered":"<p>Schnelles Internet f\u00fcr alle \u2013 so lautet die Devise der Bundesregierung. Mit der gerade ver\u00f6ffentlichten Gigabitstrategie soll Deutschland den \u201edigitalen Aufbruch\u201c schaffen. Das Ziel: Bald soll es \u00fcberall in Deutschland schnelles Glasfaserinternet und 5G geben. Wie das erreicht werden soll und wann jedes Haus und jede Wohnung schnelles Internet haben soll, erfahren Sie hier.<\/p>\n","protected":false},"author":98,"featured_media":62725,"comment_status":"open","ping_status":"closed","sticky":false,"template":"","format":"standard","meta":{"footnotes":""},"categories":[10503],"tags":[2154,7099,9596],"class_list":["post-62065","post","type-post","status-publish","format-standard","has-post-thumbnail","hentry","category-digitalisierung","tag-breitband","tag-internetgeschwindigkeit","tag-mobilfunknetz"],"yoast_head":"<!-- This site is optimized with the Yoast SEO plugin v27.5 - https:\/\/yoast.com\/product\/yoast-seo-wordpress\/ -->\n<title>Gigabitstrategie: Pl\u00e4ne der Bundesregierung zum Glasfaserausbau<\/title>\n<meta name=\"description\" content=\"Schnelles \u2714 Internet \u2013 seit Jahren ein Thema. Jetzt hat die \u2714 Bunderegierung ihre \u2714 Gigabitstrategie vorgestellt. Infos hier.\" \/>\n<meta name=\"robots\" content=\"index, follow, max-snippet:-1, max-image-preview:large, max-video-preview:-1\" \/>\n<link rel=\"canonical\" href=\"https:\/\/pcspezialist.de\/blog\/2022\/08\/05\/gigabitstrategie\/\" \/>\n<meta property=\"og:locale\" content=\"de_DE\" \/>\n<meta property=\"og:type\" content=\"article\" \/>\n<meta property=\"og:title\" content=\"Gigabitstrategie: Pl\u00e4ne der Bundesregierung zum Glasfaserausbau\" \/>\n<meta property=\"og:description\" content=\"Schnelles \u2714 Internet \u2013 seit Jahren ein Thema. Jetzt hat die \u2714 Bunderegierung ihre \u2714 Gigabitstrategie vorgestellt. Infos hier.\" \/>\n<meta property=\"og:url\" content=\"https:\/\/pcspezialist.de\/blog\/2022\/08\/05\/gigabitstrategie\/\" \/>\n<meta property=\"og:site_name\" content=\"PC-SPEZIALIST Blog\" \/>\n<meta property=\"article:published_time\" content=\"2022-08-05T08:45:24+00:00\" \/>\n<meta property=\"article:modified_time\" content=\"2025-06-25T10:05:48+00:00\" \/>\n<meta property=\"og:image\" content=\"https:\/\/pcspezialist.de\/blog\/wp-content\/uploads\/2022\/08\/Gigabitstrategie_xiaoliangge_AdobeStock_364392665-1.jpg\" \/>\n\t<meta property=\"og:image:width\" content=\"1504\" \/>\n\t<meta property=\"og:image:height\" content=\"700\" \/>\n\t<meta property=\"og:image:type\" content=\"image\/jpeg\" \/>\n<meta name=\"author\" content=\"Maren Keller\" \/>\n<meta name=\"twitter:card\" content=\"summary_large_image\" \/>\n<meta name=\"twitter:label1\" content=\"Verfasst von\" \/>\n\t<meta name=\"twitter:data1\" content=\"Maren Keller\" \/>\n\t<meta name=\"twitter:label2\" content=\"Gesch\u00e4tzte Lesezeit\" \/>\n\t<meta name=\"twitter:data2\" content=\"9\u00a0Minuten\" \/>\n<script type=\"application\/ld+json\" class=\"yoast-schema-graph\">{\"@context\":\"https:\\\/\\\/schema.org\",\"@graph\":[{\"@type\":\"Article\",\"@id\":\"https:\\\/\\\/pcspezialist.de\\\/blog\\\/2022\\\/08\\\/05\\\/gigabitstrategie\\\/#article\",\"isPartOf\":{\"@id\":\"https:\\\/\\\/pcspezialist.de\\\/blog\\\/2022\\\/08\\\/05\\\/gigabitstrategie\\\/\"},\"author\":{\"name\":\"Maren Keller\",\"@id\":\"https:\\\/\\\/pcspezialist.de\\\/blog\\\/#\\\/schema\\\/person\\\/e9cb801a8b8ea9138af26a02b8b6d14f\"},\"headline\":\"Gigabitstrategie ## Pl\u00e4ne der Bundesregierung zum Glasfaserausbau\",\"datePublished\":\"2022-08-05T08:45:24+00:00\",\"dateModified\":\"2025-06-25T10:05:48+00:00\",\"mainEntityOfPage\":{\"@id\":\"https:\\\/\\\/pcspezialist.de\\\/blog\\\/2022\\\/08\\\/05\\\/gigabitstrategie\\\/\"},\"wordCount\":1441,\"commentCount\":0,\"image\":{\"@id\":\"https:\\\/\\\/pcspezialist.de\\\/blog\\\/2022\\\/08\\\/05\\\/gigabitstrategie\\\/#primaryimage\"},\"thumbnailUrl\":\"https:\\\/\\\/pcspezialist.de\\\/blog\\\/wp-content\\\/uploads\\\/2022\\\/08\\\/Gigabitstrategie_xiaoliangge_AdobeStock_364392665-1.jpg\",\"keywords\":[\"Breitband\",\"Internetgeschwindigkeit\",\"Mobilfunknetz\"],\"articleSection\":[\"Digitalisierung\"],\"inLanguage\":\"de\",\"potentialAction\":[{\"@type\":\"CommentAction\",\"name\":\"Comment\",\"target\":[\"https:\\\/\\\/pcspezialist.de\\\/blog\\\/2022\\\/08\\\/05\\\/gigabitstrategie\\\/#respond\"]}]},{\"@type\":\"WebPage\",\"@id\":\"https:\\\/\\\/pcspezialist.de\\\/blog\\\/2022\\\/08\\\/05\\\/gigabitstrategie\\\/\",\"url\":\"https:\\\/\\\/pcspezialist.de\\\/blog\\\/2022\\\/08\\\/05\\\/gigabitstrategie\\\/\",\"name\":\"Gigabitstrategie: Pl\u00e4ne der Bundesregierung zum Glasfaserausbau\",\"isPartOf\":{\"@id\":\"https:\\\/\\\/pcspezialist.de\\\/blog\\\/#website\"},\"primaryImageOfPage\":{\"@id\":\"https:\\\/\\\/pcspezialist.de\\\/blog\\\/2022\\\/08\\\/05\\\/gigabitstrategie\\\/#primaryimage\"},\"image\":{\"@id\":\"https:\\\/\\\/pcspezialist.de\\\/blog\\\/2022\\\/08\\\/05\\\/gigabitstrategie\\\/#primaryimage\"},\"thumbnailUrl\":\"https:\\\/\\\/pcspezialist.de\\\/blog\\\/wp-content\\\/uploads\\\/2022\\\/08\\\/Gigabitstrategie_xiaoliangge_AdobeStock_364392665-1.jpg\",\"datePublished\":\"2022-08-05T08:45:24+00:00\",\"dateModified\":\"2025-06-25T10:05:48+00:00\",\"author\":{\"@id\":\"https:\\\/\\\/pcspezialist.de\\\/blog\\\/#\\\/schema\\\/person\\\/e9cb801a8b8ea9138af26a02b8b6d14f\"},\"description\":\"Schnelles \u2714 Internet \u2013 seit Jahren ein Thema. Jetzt hat die \u2714 Bunderegierung ihre \u2714 Gigabitstrategie vorgestellt. Infos hier.\",\"breadcrumb\":{\"@id\":\"https:\\\/\\\/pcspezialist.de\\\/blog\\\/2022\\\/08\\\/05\\\/gigabitstrategie\\\/#breadcrumb\"},\"inLanguage\":\"de\",\"potentialAction\":[{\"@type\":\"ReadAction\",\"target\":[\"https:\\\/\\\/pcspezialist.de\\\/blog\\\/2022\\\/08\\\/05\\\/gigabitstrategie\\\/\"]}]},{\"@type\":\"ImageObject\",\"inLanguage\":\"de\",\"@id\":\"https:\\\/\\\/pcspezialist.de\\\/blog\\\/2022\\\/08\\\/05\\\/gigabitstrategie\\\/#primaryimage\",\"url\":\"https:\\\/\\\/pcspezialist.de\\\/blog\\\/wp-content\\\/uploads\\\/2022\\\/08\\\/Gigabitstrategie_xiaoliangge_AdobeStock_364392665-1.jpg\",\"contentUrl\":\"https:\\\/\\\/pcspezialist.de\\\/blog\\\/wp-content\\\/uploads\\\/2022\\\/08\\\/Gigabitstrategie_xiaoliangge_AdobeStock_364392665-1.jpg\",\"width\":1504,\"height\":700,\"caption\":\"Die Gigabitstrategie soll Glasfaser bis in den letzten Winkel Deutschlands bringen. Bild: xiaoliangge\\\/stock.adobe.com\"},{\"@type\":\"BreadcrumbList\",\"@id\":\"https:\\\/\\\/pcspezialist.de\\\/blog\\\/2022\\\/08\\\/05\\\/gigabitstrategie\\\/#breadcrumb\",\"itemListElement\":[{\"@type\":\"ListItem\",\"position\":1,\"name\":\"Startseite\",\"item\":\"https:\\\/\\\/pcspezialist.de\\\/blog\\\/\"},{\"@type\":\"ListItem\",\"position\":2,\"name\":\"Gigabitstrategie ## Pl\u00e4ne der Bundesregierung zum Glasfaserausbau\"}]},{\"@type\":\"WebSite\",\"@id\":\"https:\\\/\\\/pcspezialist.de\\\/blog\\\/#website\",\"url\":\"https:\\\/\\\/pcspezialist.de\\\/blog\\\/\",\"name\":\"PC-SPEZIALIST Blog\",\"description\":\"IT-Service, Trends &amp; Technik\",\"potentialAction\":[{\"@type\":\"SearchAction\",\"target\":{\"@type\":\"EntryPoint\",\"urlTemplate\":\"https:\\\/\\\/pcspezialist.de\\\/blog\\\/?s={search_term_string}\"},\"query-input\":{\"@type\":\"PropertyValueSpecification\",\"valueRequired\":true,\"valueName\":\"search_term_string\"}}],\"inLanguage\":\"de\"},{\"@type\":\"Person\",\"@id\":\"https:\\\/\\\/pcspezialist.de\\\/blog\\\/#\\\/schema\\\/person\\\/e9cb801a8b8ea9138af26a02b8b6d14f\",\"name\":\"Maren Keller\",\"description\":\"PC-SPEZIALIST ist eine Marke der in Schlo\u00df Holte ans\u00e4ssigen SYNAXON. Seit 2016 arbeitet Maren Keller f\u00fcr den PC-SPEZIALIST-Blog. Gestartet als Online-Redakteurin ist sie mittlerweile Content Marketing Managerin und tr\u00e4gt unter anderem die Verantwortung f\u00fcr die Inhalte des Blogs. In den Jahren 2017 und 2020 hat sie parallel f\u00fcr den Blog des IT-SERVICE.NETWORK geschrieben. Die studierte Germanistin und Politologin hat einen Sp\u00fcrsinn f\u00fcr aktuelle Bedrohungen im IT-Bereich entwickelt und versteht es, das Fachwissen von PC-SPEZIALIST dem Leser verst\u00e4ndlich darzubieten. Nicht zu verleugnen ist allerdings ihre Ungeduld, die sich in flinken Fingern auf der Tastatur zeigt und gleichzeitig f\u00fcr einen hohen Output sorgt. Ihre journalistische Karriere begann Maren Keller Mitte der 1990er Jahre mit dem Verfassen von Sportberichten f\u00fcr die Regionalseiten ihrer Heimatzeitung in Bremerhaven. Nach dem Studium in Hannover, das von zahlreichen Praktika bei Funk, Fernsehen und Zeitung begleitet wurde, kehrte sie f\u00fcr ein journalistisches Volontariat in ihre Heimat zur\u00fcck, um bei der NORDSEE-ZEITUNG den Beruf des Redakteurs von der Pike auf zu lernen und anschlie\u00dfend in der Sportredaktion zu arbeiten. W\u00e4hrend ihrer Elternzeiten und beruflich bedingten Umz\u00fcgen arbeitete sie als freie Journalistin f\u00fcr verschiedene Tageszeitungen und fand 2016 den Weg zur SYNAXON, wo sie heute als Content Marketing Managerin in Lohn und Brot steht. In ihrer Freizeit zeigt sie ihr Talent f\u00fcr\u2019s Schreiben nicht. Stattdessen liegen ihre Schwerpunkt dort im Bereich Haus, Familie, Garten und Hund. Au\u00dferdem ist sie musikalisch unterwegs, bl\u00e4st das Jagdhorn in einem Bl\u00e4serkorps, spielt Klavier und singt im Chor. Sie haben Fragen an Maren Keller? Sie erreichen sie per E-Mail an redaktion@pcspezialist.de\",\"url\":\"https:\\\/\\\/pcspezialist.de\\\/blog\\\/author\\\/maren\\\/\"}]}<\/script>\n<!-- \/ Yoast SEO plugin. -->","yoast_head_json":{"title":"Gigabitstrategie: Pl\u00e4ne der Bundesregierung zum Glasfaserausbau","description":"Schnelles \u2714 Internet \u2013 seit Jahren ein Thema. Jetzt hat die \u2714 Bunderegierung ihre \u2714 Gigabitstrategie vorgestellt. Infos hier.","robots":{"index":"index","follow":"follow","max-snippet":"max-snippet:-1","max-image-preview":"max-image-preview:large","max-video-preview":"max-video-preview:-1"},"canonical":"https:\/\/pcspezialist.de\/blog\/2022\/08\/05\/gigabitstrategie\/","og_locale":"de_DE","og_type":"article","og_title":"Gigabitstrategie: Pl\u00e4ne der Bundesregierung zum Glasfaserausbau","og_description":"Schnelles \u2714 Internet \u2013 seit Jahren ein Thema. Jetzt hat die \u2714 Bunderegierung ihre \u2714 Gigabitstrategie vorgestellt. Infos hier.","og_url":"https:\/\/pcspezialist.de\/blog\/2022\/08\/05\/gigabitstrategie\/","og_site_name":"PC-SPEZIALIST Blog","article_published_time":"2022-08-05T08:45:24+00:00","article_modified_time":"2025-06-25T10:05:48+00:00","og_image":[{"width":1504,"height":700,"url":"https:\/\/pcspezialist.de\/blog\/wp-content\/uploads\/2022\/08\/Gigabitstrategie_xiaoliangge_AdobeStock_364392665-1.jpg","type":"image\/jpeg"}],"author":"Maren Keller","twitter_card":"summary_large_image","twitter_misc":{"Verfasst von":"Maren Keller","Gesch\u00e4tzte Lesezeit":"9\u00a0Minuten"},"schema":{"@context":"https:\/\/schema.org","@graph":[{"@type":"Article","@id":"https:\/\/pcspezialist.de\/blog\/2022\/08\/05\/gigabitstrategie\/#article","isPartOf":{"@id":"https:\/\/pcspezialist.de\/blog\/2022\/08\/05\/gigabitstrategie\/"},"author":{"name":"Maren Keller","@id":"https:\/\/pcspezialist.de\/blog\/#\/schema\/person\/e9cb801a8b8ea9138af26a02b8b6d14f"},"headline":"Gigabitstrategie ## Pl\u00e4ne der Bundesregierung zum Glasfaserausbau","datePublished":"2022-08-05T08:45:24+00:00","dateModified":"2025-06-25T10:05:48+00:00","mainEntityOfPage":{"@id":"https:\/\/pcspezialist.de\/blog\/2022\/08\/05\/gigabitstrategie\/"},"wordCount":1441,"commentCount":0,"image":{"@id":"https:\/\/pcspezialist.de\/blog\/2022\/08\/05\/gigabitstrategie\/#primaryimage"},"thumbnailUrl":"https:\/\/pcspezialist.de\/blog\/wp-content\/uploads\/2022\/08\/Gigabitstrategie_xiaoliangge_AdobeStock_364392665-1.jpg","keywords":["Breitband","Internetgeschwindigkeit","Mobilfunknetz"],"articleSection":["Digitalisierung"],"inLanguage":"de","potentialAction":[{"@type":"CommentAction","name":"Comment","target":["https:\/\/pcspezialist.de\/blog\/2022\/08\/05\/gigabitstrategie\/#respond"]}]},{"@type":"WebPage","@id":"https:\/\/pcspezialist.de\/blog\/2022\/08\/05\/gigabitstrategie\/","url":"https:\/\/pcspezialist.de\/blog\/2022\/08\/05\/gigabitstrategie\/","name":"Gigabitstrategie: Pl\u00e4ne der Bundesregierung zum Glasfaserausbau","isPartOf":{"@id":"https:\/\/pcspezialist.de\/blog\/#website"},"primaryImageOfPage":{"@id":"https:\/\/pcspezialist.de\/blog\/2022\/08\/05\/gigabitstrategie\/#primaryimage"},"image":{"@id":"https:\/\/pcspezialist.de\/blog\/2022\/08\/05\/gigabitstrategie\/#primaryimage"},"thumbnailUrl":"https:\/\/pcspezialist.de\/blog\/wp-content\/uploads\/2022\/08\/Gigabitstrategie_xiaoliangge_AdobeStock_364392665-1.jpg","datePublished":"2022-08-05T08:45:24+00:00","dateModified":"2025-06-25T10:05:48+00:00","author":{"@id":"https:\/\/pcspezialist.de\/blog\/#\/schema\/person\/e9cb801a8b8ea9138af26a02b8b6d14f"},"description":"Schnelles \u2714 Internet \u2013 seit Jahren ein Thema. Jetzt hat die \u2714 Bunderegierung ihre \u2714 Gigabitstrategie vorgestellt. Infos hier.","breadcrumb":{"@id":"https:\/\/pcspezialist.de\/blog\/2022\/08\/05\/gigabitstrategie\/#breadcrumb"},"inLanguage":"de","potentialAction":[{"@type":"ReadAction","target":["https:\/\/pcspezialist.de\/blog\/2022\/08\/05\/gigabitstrategie\/"]}]},{"@type":"ImageObject","inLanguage":"de","@id":"https:\/\/pcspezialist.de\/blog\/2022\/08\/05\/gigabitstrategie\/#primaryimage","url":"https:\/\/pcspezialist.de\/blog\/wp-content\/uploads\/2022\/08\/Gigabitstrategie_xiaoliangge_AdobeStock_364392665-1.jpg","contentUrl":"https:\/\/pcspezialist.de\/blog\/wp-content\/uploads\/2022\/08\/Gigabitstrategie_xiaoliangge_AdobeStock_364392665-1.jpg","width":1504,"height":700,"caption":"Die Gigabitstrategie soll Glasfaser bis in den letzten Winkel Deutschlands bringen. Bild: xiaoliangge\/stock.adobe.com"},{"@type":"BreadcrumbList","@id":"https:\/\/pcspezialist.de\/blog\/2022\/08\/05\/gigabitstrategie\/#breadcrumb","itemListElement":[{"@type":"ListItem","position":1,"name":"Startseite","item":"https:\/\/pcspezialist.de\/blog\/"},{"@type":"ListItem","position":2,"name":"Gigabitstrategie ## Pl\u00e4ne der Bundesregierung zum Glasfaserausbau"}]},{"@type":"WebSite","@id":"https:\/\/pcspezialist.de\/blog\/#website","url":"https:\/\/pcspezialist.de\/blog\/","name":"PC-SPEZIALIST Blog","description":"IT-Service, Trends &amp; Technik","potentialAction":[{"@type":"SearchAction","target":{"@type":"EntryPoint","urlTemplate":"https:\/\/pcspezialist.de\/blog\/?s={search_term_string}"},"query-input":{"@type":"PropertyValueSpecification","valueRequired":true,"valueName":"search_term_string"}}],"inLanguage":"de"},{"@type":"Person","@id":"https:\/\/pcspezialist.de\/blog\/#\/schema\/person\/e9cb801a8b8ea9138af26a02b8b6d14f","name":"Maren Keller","description":"PC-SPEZIALIST ist eine Marke der in Schlo\u00df Holte ans\u00e4ssigen SYNAXON. Seit 2016 arbeitet Maren Keller f\u00fcr den PC-SPEZIALIST-Blog. Gestartet als Online-Redakteurin ist sie mittlerweile Content Marketing Managerin und tr\u00e4gt unter anderem die Verantwortung f\u00fcr die Inhalte des Blogs. In den Jahren 2017 und 2020 hat sie parallel f\u00fcr den Blog des IT-SERVICE.NETWORK geschrieben. Die studierte Germanistin und Politologin hat einen Sp\u00fcrsinn f\u00fcr aktuelle Bedrohungen im IT-Bereich entwickelt und versteht es, das Fachwissen von PC-SPEZIALIST dem Leser verst\u00e4ndlich darzubieten. Nicht zu verleugnen ist allerdings ihre Ungeduld, die sich in flinken Fingern auf der Tastatur zeigt und gleichzeitig f\u00fcr einen hohen Output sorgt. Ihre journalistische Karriere begann Maren Keller Mitte der 1990er Jahre mit dem Verfassen von Sportberichten f\u00fcr die Regionalseiten ihrer Heimatzeitung in Bremerhaven. Nach dem Studium in Hannover, das von zahlreichen Praktika bei Funk, Fernsehen und Zeitung begleitet wurde, kehrte sie f\u00fcr ein journalistisches Volontariat in ihre Heimat zur\u00fcck, um bei der NORDSEE-ZEITUNG den Beruf des Redakteurs von der Pike auf zu lernen und anschlie\u00dfend in der Sportredaktion zu arbeiten. W\u00e4hrend ihrer Elternzeiten und beruflich bedingten Umz\u00fcgen arbeitete sie als freie Journalistin f\u00fcr verschiedene Tageszeitungen und fand 2016 den Weg zur SYNAXON, wo sie heute als Content Marketing Managerin in Lohn und Brot steht. In ihrer Freizeit zeigt sie ihr Talent f\u00fcr\u2019s Schreiben nicht. Stattdessen liegen ihre Schwerpunkt dort im Bereich Haus, Familie, Garten und Hund. Au\u00dferdem ist sie musikalisch unterwegs, bl\u00e4st das Jagdhorn in einem Bl\u00e4serkorps, spielt Klavier und singt im Chor. Sie haben Fragen an Maren Keller? Sie erreichen sie per E-Mail an redaktion@pcspezialist.de","url":"https:\/\/pcspezialist.de\/blog\/author\/maren\/"}]}},"_links":{"self":[{"href":"https:\/\/pcspezialist.de\/blog\/wp-json\/wp\/v2\/posts\/62065","targetHints":{"allow":["GET"]}}],"collection":[{"href":"https:\/\/pcspezialist.de\/blog\/wp-json\/wp\/v2\/posts"}],"about":[{"href":"https:\/\/pcspezialist.de\/blog\/wp-json\/wp\/v2\/types\/post"}],"author":[{"embeddable":true,"href":"https:\/\/pcspezialist.de\/blog\/wp-json\/wp\/v2\/users\/98"}],"replies":[{"embeddable":true,"href":"https:\/\/pcspezialist.de\/blog\/wp-json\/wp\/v2\/comments?post=62065"}],"version-history":[{"count":19,"href":"https:\/\/pcspezialist.de\/blog\/wp-json\/wp\/v2\/posts\/62065\/revisions"}],"predecessor-version":[{"id":75160,"href":"https:\/\/pcspezialist.de\/blog\/wp-json\/wp\/v2\/posts\/62065\/revisions\/75160"}],"wp:featuredmedia":[{"embeddable":true,"href":"https:\/\/pcspezialist.de\/blog\/wp-json\/wp\/v2\/media\/62725"}],"wp:attachment":[{"href":"https:\/\/pcspezialist.de\/blog\/wp-json\/wp\/v2\/media?parent=62065"}],"wp:term":[{"taxonomy":"category","embeddable":true,"href":"https:\/\/pcspezialist.de\/blog\/wp-json\/wp\/v2\/categories?post=62065"},{"taxonomy":"post_tag","embeddable":true,"href":"https:\/\/pcspezialist.de\/blog\/wp-json\/wp\/v2\/tags?post=62065"}],"curies":[{"name":"wp","href":"https:\/\/api.w.org\/{rel}","templated":true}]}}