{"id":60535,"date":"2022-04-11T10:45:26","date_gmt":"2022-04-11T08:45:26","guid":{"rendered":"https:\/\/www.pcspezialist.de\/blog\/?p=60535"},"modified":"2024-11-05T07:56:35","modified_gmt":"2024-11-05T06:56:35","slug":"apple-abo","status":"publish","type":"post","link":"https:\/\/pcspezialist.de\/blog\/2022\/04\/11\/apple-abo\/","title":{"rendered":"Preiserh\u00f6hung beim Apple-Abo ## Zustimmung bei Preiserh\u00f6hung von Apple-Apps k\u00fcnftig nicht mehr n\u00f6tig"},"content":{"rendered":"<p><strong>Wann immer Sie ein Abo f\u00fcr eine App abschlie\u00dfen, bekommen Sie j\u00e4hrliche Zahlungsinformationen und m\u00fcssen Preiserh\u00f6hungen zustimmen. Bei einem Apple-Abo ist das nicht mehr der Fall. Dort m\u00fcssen Sie nicht zustimmen, sondern werden lediglich informiert.<\/strong><\/p>\n<p>Mit welcher App Apple dieses Preismodell startet und was der Zweck davon ist, erfahren Sie bei uns.<\/p>\n<p><!--more--><\/p>\n<div style=\"background: #f2f2f2; padding: 15px 15px 5px; margin: 30px 0;\">\n<p><strong>Unser Beitrag \u00fcber Apple-Abo im \u00dcberblick:\u00a0<\/strong><\/p>\n<ol style=\"line-height: 1.7;\">\n<li><a href=\"#eins\">\u00c4nderung beim Apple-Abo<\/a><\/li>\n<li><a href=\"#zwei\">Apple-Abo k\u00fcndigen<\/a><\/li>\n<li><a href=\"#drei\">Grund f\u00fcr Apples Vorgehen<\/a><\/li>\n<li><a href=\"#vier\">Handy kaputt? PC-SPEZIALIST hilft!<\/a><\/li>\n<\/ol>\n<\/div>\n<h2 id=\"eins\">\u00c4nderung beim Apple-Abo<\/h2>\n<p>Wer ein Apple-Ger\u00e4t besitzt und <strong>kostenpflichtige Abos<\/strong> bezieht, muss sich auf eine <strong>grundlegende \u00c4nderung<\/strong> mit dem Apple-Abo auseinandersetzen: Das Unternehmen plant, die <strong>automatische Abo-Preiserh\u00f6hung<\/strong> umzusetzen. Das wurde von <a href=\"https:\/\/twitter.com\/macguru17\/status\/1507123300031467538\" target=\"_blank\" rel=\"noopener\">Nutzern auf Twitter<\/a> bemerkt. Aktuell geschieht das bereit mit <a href=\"https:\/\/pcspezialist.de\/blog\/?s=disney+plus\">Disney Plus<\/a> \u2013 und zwar entgegen der aktuellen Apple-Store-Richtlinien. Die besagen n\u00e4mlich, dass User zustimmen m\u00fcssen, wenn ein Apple-Abo teurer wird. Das sei aber nicht geschehen, berichten Nutzer.<\/p>\n<p>Gegen\u00fcber TechCrunch hatte Apple derweil best\u00e4tigt, dass eine neue Handelsfunktion in einem <strong>Pilotprojekt<\/strong> getestet wird. An dem Projekt nehmen Entwickler unterschiedlichster App-Kategorien teil. Laut Apple besteht das Ziel der neuen Funktion darin, sowohl f\u00fcr die App-Entwickler als auch f\u00fcr die Nutzer Verbesserungen zu erzeugen. Weitere Details zu der neuen Funktion will Apple in den kommenden Wochen bekannt geben.<\/p>\n<div id=\"attachment_60551\" style=\"width: 660px\" class=\"wp-caption alignright\"><img loading=\"lazy\" decoding=\"async\" aria-describedby=\"caption-attachment-60551\" class=\"size-full wp-image-60551\" src=\"https:\/\/pcspezialist.de\/blog\/wp-content\/uploads\/2022\/04\/Apple-Abo_james-yarema-G3q7mxXkP-M-unsplash.jpg\" alt=\"Apple-Abo: Teilansicht eines iPhones mit Icon vom App Store. Bild: Unsplash\/James Yarema\" width=\"650\" height=\"450\" \/><p id=\"caption-attachment-60551\" class=\"wp-caption-text\">Zustimmen m\u00fcssen Sie nicht mehr, wenn Apple den Preis eines Abos erh\u00f6ht. Bild: Unsplash\/James Yarema<\/p><\/div>\n<h2 id=\"zwei\">Apple-Abo k\u00fcndigen<\/h2>\n<p>Laut Apple-Store-Richtlinie m\u00fcssen Nutzer nicht nur dar\u00fcber informiert werden, dass ein <strong>Apple-Abo<\/strong> teurer wird, sie m\u00fcssen auch zustimmen und die M\u00f6glichkeit erhalten, das Abo direkt zu k\u00fcndigen. Mit dem neuen <strong>Preismodell<\/strong> erhalten User aber nur noch eine E-Mail mit der Information, dass das Apple-Abo teurer wird. Einen sofortigen K\u00fcndigungsbutton gibt es nicht mehr.<\/p>\n<p>Das war bislang anders: Gab es eine Preiserh\u00f6hung, erhielten Nutzer eine Nachfrage; entweder per E-Mail oder in der App. Enthalten war ebenfalls ein Button, \u00fcber den Nutzer der Preiserh\u00f6hung zustimmen konnten. Erst, wenn die Zustimmung erfolgt war, galt der neue Preis. Wurde dem neuen Preis nicht zugestimmt, wurde das Abo automatisch gek\u00fcndigt.<\/p>\n<p>Im aktuellen Test erhalten die Nutzer <strong>lediglich eine Information<\/strong> dar\u00fcber, dass eine <strong>Preiserh\u00f6hung<\/strong> zum genannten Datum geplant ist. Wollen User die Preissteigerung nicht hinnehmen und stattdessen k\u00fcndigen, m\u00fcssen sie das manuell tun, denn den entsprechenden Button gibt es in der E-Mail nicht.<\/p>\n<h2 id=\"drei\">Grund f\u00fcr Apples Vorgehen<\/h2>\n<p>Auch, wenn der direkte <strong>K\u00fcndigungs-Button fehlt<\/strong>, so ist immerhin der <strong>Link zur Aboverwaltung<\/strong> in der E-Mail an den User enthalten. Dort kann er die Preis\u00e4nderung durch eine K\u00fcndigung umgehen. Dennoch bleibt die Tatsache bestehen, dass dieses neue Modell der Preisgestaltung vom Apple-Abo wenig nutzerfreundlich ist.<\/p>\n<p>Warum geht Apple diesen Schritt beim Apple-Abo? Der Grund d\u00fcrfte klar sein: Wenn der Button zur sofortigen K\u00fcndigung fehlt, werden mehr User auch teurer gewordene Abos behalten. Denn: Eine E-Mail ist schnell \u00fcberlesen. Und die Info, dass man einem Link folgen muss, um <strong>zun\u00e4chst die Aboverwaltung aufzurufen<\/strong> und dort das Apple-Abo zu k\u00fcndigen, ist in der schnelllebigen Zeit oftmals zu umst\u00e4ndlich. <strong>F\u00fcr Apple geht es<\/strong>\u00a0also schlicht und einfach <strong>ums Geld<\/strong>.<\/p>\n<p>Wer nicht in die Falle tappen m\u00f6chte, sollte sich den Link zum <a href=\"https:\/\/support.apple.com\/de-de\/HT202039\" target=\"_blank\" rel=\"noopener\">Abo-Support<\/a> bookmarken. \u00dcber diesen Link erreichen Sie nicht nur die Aboverwaltung auf Ihrem Mac oder mobilen iOS-Ger\u00e4t. Hier k\u00f6nnen Sie auch einstellen, dass Sie Quittungen f\u00fcr Aboerneuerungen erhalten.<\/p>\n<div id=\"attachment_60557\" style=\"width: 660px\" class=\"wp-caption alignright\"><img loading=\"lazy\" decoding=\"async\" aria-describedby=\"caption-attachment-60557\" class=\"size-full wp-image-60557\" src=\"https:\/\/pcspezialist.de\/blog\/wp-content\/uploads\/2022\/04\/Apple-Abo_pexels-jessica-lewis-creative-4200824.jpg\" alt=\"Apple-Abos: Drei Kinder auf einem Sofa, jedes mit einem iOS-Ger\u00e4t. Bild: Pexels\/Jessica Lewis Creative\" width=\"650\" height=\"450\" \/><p id=\"caption-attachment-60557\" class=\"wp-caption-text\">Ihre Kinder nutzen Ihre Ger\u00e4te zum Spielen? Neben versteckten Kosten droht auch die Gefahr, dass mal ein Ger\u00e4t kaputt geht. PC-SPEZIALIST hilft. Bild: Pexels\/Jessica Lewis Creative<\/p><\/div>\n<h2 id=\"vier\">Handy kaputt? PC-SPEZIALIST hilft!<\/h2>\n<p>\u00dcbrigens: Bei uns im Blog erfahren, Sie warum die <a href=\"https:\/\/pcspezialist.de\/blog\/2021\/10\/19\/app-stores\/\">alternative App-Stores<\/a> unbedingt meiden sollten. Zudem haben wir <strong>zahlreiche weitere Infos<\/strong> rund um das <a href=\"https:\/\/pcspezialist.de\/blog\/tag\/apple\/\">Unternehmen mit Sitz in Cupertino<\/a> f\u00fcr Sie im Blog zusammengefasst.<\/p>\n<p>Wenn Sie Ihre iOS-Ger\u00e4te viel und intensiv nutzen oder Sie sogar Ihre Kinder damit spielen lassen, kann es schnell passieren, dass mal ein Ger\u00e4t herunterf\u00e4llt und das <strong>Display kaputt<\/strong> geht. Auch andere Bauteile k\u00f6nnen gegebenenfalls den Geist aufgeben. Ob Kn\u00f6pfe oder Buchsen \u2013 wenn es um die <a href=\"https:\/\/pcspezialist.de\/privat\/handy-tablet-und-ipad-reparatur\/?utm_source=blog&amp;utm_medium=apple-abo&amp;utm_campaign=handy-tablet-und-ipad-reparatur\">Smartphone oder Tablet\/iPad-Reparatur<\/a> geht, sind Sie bei PC-SPEZIALIST genau richtig.<\/p>\n<p>Kontaktieren Sie Ihren <a href=\"https:\/\/pcspezialist.de\/standorte\/\">PC-SPEZIALIST in Ihrer N\u00e4he<\/a>, wenn Sie Hilfe mit Ihrer IT ben\u00f6tigen. Dabei ist es egal, ob Sie <a href=\"https:\/\/pcspezialist.de\/privat\/?utm_source=blog&amp;utm_medium=apple-abo&amp;utm_campaign=privat\">privater Endkunde<\/a> oder <a href=\"https:\/\/pcspezialist.de\/firmen\/?utm_source=blog&amp;utm_medium=apple-abo&amp;utm_campaign=firmen\">Gesch\u00e4ftskunde<\/a> sind. Wir sind stets Ihr zuverl\u00e4ssiger IT-Dienstleister.<\/p>\n<p>_______________________________________________<\/p>\n<p><small>Verwendete Quellen: <a href=\"https:\/\/www.heise.de\/news\/App-Store-Apple-fuehrt-automatische-Preiserhoehungen-fuer-Abonnements-ein-6664208.html\" target=\"_blank\" rel=\"noopener\">heise<\/a>, <a href=\"https:\/\/www.itopnews.de\/2022\/04\/app-store-apple-testet-automatische-abo-preiserhoehungen\/\" target=\"_blank\" rel=\"noopener\">itopnews<\/a>, <a href=\"https:\/\/techcrunch.com\/2022\/04\/05\/apple-pilot-tests-feature-that-allows-developers-to-automatically-charge-users-for-subscription-price-increases\/\" target=\"_blank\" rel=\"noopener\">techcrunch<\/a><\/small><\/p>\n","protected":false},"excerpt":{"rendered":"<p>Wann immer Sie ein Abo f\u00fcr eine App abschlie\u00dfen, bekommen Sie j\u00e4hrliche Zahlungsinformationen und m\u00fcssen Preiserh\u00f6hungen zustimmen. Bei einem Apple-Abo ist das nicht mehr der Fall. Dort m\u00fcssen Sie nicht zustimmen, sondern werden lediglich informiert. Mit welcher App Apple dieses Preismodell startet und was der Zweck davon ist, erfahren Sie bei uns.<\/p>\n","protected":false},"author":98,"featured_media":60552,"comment_status":"open","ping_status":"closed","sticky":false,"template":"","format":"standard","meta":{"footnotes":""},"categories":[6913],"tags":[1094,7861,6351],"class_list":["post-60535","post","type-post","status-publish","format-standard","has-post-thumbnail","hentry","category-verschiedenes","tag-apple","tag-apps","tag-app-store"],"yoast_head":"<!-- This site is optimized with the Yoast SEO plugin v27.5 - https:\/\/yoast.com\/product\/yoast-seo-wordpress\/ -->\n<title>Apple-Abo: Preiserh\u00f6hung von Apple-Apps k\u00fcnftig ohne Zustimmung<\/title>\n<meta name=\"description\" content=\"Ob \u2714 Google oder \u2714 Apple: Haben Sie ein \u2714 App-Abo, m\u00fcssen Sie einer \u2714 Preiserh\u00f6hung zustimmen. Nicht so beim \u2714 Apple-Abo. Infos hier.\" \/>\n<meta name=\"robots\" content=\"index, follow, max-snippet:-1, max-image-preview:large, max-video-preview:-1\" \/>\n<link rel=\"canonical\" href=\"https:\/\/pcspezialist.de\/blog\/2022\/04\/11\/apple-abo\/\" \/>\n<meta property=\"og:locale\" content=\"de_DE\" \/>\n<meta property=\"og:type\" content=\"article\" \/>\n<meta property=\"og:title\" content=\"Apple-Abo: Preiserh\u00f6hung von Apple-Apps k\u00fcnftig ohne Zustimmung\" \/>\n<meta property=\"og:description\" content=\"Ob \u2714 Google oder \u2714 Apple: Haben Sie ein \u2714 App-Abo, m\u00fcssen Sie einer \u2714 Preiserh\u00f6hung zustimmen. Nicht so beim \u2714 Apple-Abo. Infos hier.\" \/>\n<meta property=\"og:url\" content=\"https:\/\/pcspezialist.de\/blog\/2022\/04\/11\/apple-abo\/\" \/>\n<meta property=\"og:site_name\" content=\"PC-SPEZIALIST Blog\" \/>\n<meta property=\"article:published_time\" content=\"2022-04-11T08:45:26+00:00\" \/>\n<meta property=\"article:modified_time\" content=\"2024-11-05T06:56:35+00:00\" \/>\n<meta property=\"og:image\" content=\"https:\/\/pcspezialist.de\/blog\/wp-content\/uploads\/2022\/04\/Apple-Abo_zhiyue-xu-7DOU5NlNIcE-unsplash.jpg\" \/>\n\t<meta property=\"og:image:width\" content=\"1500\" \/>\n\t<meta property=\"og:image:height\" content=\"700\" \/>\n\t<meta property=\"og:image:type\" content=\"image\/jpeg\" \/>\n<meta name=\"author\" content=\"Maren Keller\" \/>\n<meta name=\"twitter:card\" content=\"summary_large_image\" \/>\n<meta name=\"twitter:label1\" content=\"Verfasst von\" \/>\n\t<meta name=\"twitter:data1\" content=\"Maren Keller\" \/>\n\t<meta name=\"twitter:label2\" content=\"Gesch\u00e4tzte Lesezeit\" \/>\n\t<meta name=\"twitter:data2\" content=\"5\u00a0Minuten\" \/>\n<script type=\"application\/ld+json\" class=\"yoast-schema-graph\">{\"@context\":\"https:\\\/\\\/schema.org\",\"@graph\":[{\"@type\":\"Article\",\"@id\":\"https:\\\/\\\/pcspezialist.de\\\/blog\\\/2022\\\/04\\\/11\\\/apple-abo\\\/#article\",\"isPartOf\":{\"@id\":\"https:\\\/\\\/pcspezialist.de\\\/blog\\\/2022\\\/04\\\/11\\\/apple-abo\\\/\"},\"author\":{\"name\":\"Maren Keller\",\"@id\":\"https:\\\/\\\/pcspezialist.de\\\/blog\\\/#\\\/schema\\\/person\\\/e9cb801a8b8ea9138af26a02b8b6d14f\"},\"headline\":\"Preiserh\u00f6hung beim Apple-Abo ## Zustimmung bei Preiserh\u00f6hung von Apple-Apps k\u00fcnftig nicht mehr n\u00f6tig\",\"datePublished\":\"2022-04-11T08:45:26+00:00\",\"dateModified\":\"2024-11-05T06:56:35+00:00\",\"mainEntityOfPage\":{\"@id\":\"https:\\\/\\\/pcspezialist.de\\\/blog\\\/2022\\\/04\\\/11\\\/apple-abo\\\/\"},\"wordCount\":766,\"commentCount\":0,\"image\":{\"@id\":\"https:\\\/\\\/pcspezialist.de\\\/blog\\\/2022\\\/04\\\/11\\\/apple-abo\\\/#primaryimage\"},\"thumbnailUrl\":\"https:\\\/\\\/pcspezialist.de\\\/blog\\\/wp-content\\\/uploads\\\/2022\\\/04\\\/Apple-Abo_zhiyue-xu-7DOU5NlNIcE-unsplash.jpg\",\"keywords\":[\"Apple\",\"Apps\",\"App-Store\"],\"articleSection\":[\"Verschiedenes\"],\"inLanguage\":\"de\",\"potentialAction\":[{\"@type\":\"CommentAction\",\"name\":\"Comment\",\"target\":[\"https:\\\/\\\/pcspezialist.de\\\/blog\\\/2022\\\/04\\\/11\\\/apple-abo\\\/#respond\"]}]},{\"@type\":\"WebPage\",\"@id\":\"https:\\\/\\\/pcspezialist.de\\\/blog\\\/2022\\\/04\\\/11\\\/apple-abo\\\/\",\"url\":\"https:\\\/\\\/pcspezialist.de\\\/blog\\\/2022\\\/04\\\/11\\\/apple-abo\\\/\",\"name\":\"Apple-Abo: Preiserh\u00f6hung von Apple-Apps k\u00fcnftig ohne Zustimmung\",\"isPartOf\":{\"@id\":\"https:\\\/\\\/pcspezialist.de\\\/blog\\\/#website\"},\"primaryImageOfPage\":{\"@id\":\"https:\\\/\\\/pcspezialist.de\\\/blog\\\/2022\\\/04\\\/11\\\/apple-abo\\\/#primaryimage\"},\"image\":{\"@id\":\"https:\\\/\\\/pcspezialist.de\\\/blog\\\/2022\\\/04\\\/11\\\/apple-abo\\\/#primaryimage\"},\"thumbnailUrl\":\"https:\\\/\\\/pcspezialist.de\\\/blog\\\/wp-content\\\/uploads\\\/2022\\\/04\\\/Apple-Abo_zhiyue-xu-7DOU5NlNIcE-unsplash.jpg\",\"datePublished\":\"2022-04-11T08:45:26+00:00\",\"dateModified\":\"2024-11-05T06:56:35+00:00\",\"author\":{\"@id\":\"https:\\\/\\\/pcspezialist.de\\\/blog\\\/#\\\/schema\\\/person\\\/e9cb801a8b8ea9138af26a02b8b6d14f\"},\"description\":\"Ob \u2714 Google oder \u2714 Apple: Haben Sie ein \u2714 App-Abo, m\u00fcssen Sie einer \u2714 Preiserh\u00f6hung zustimmen. Nicht so beim \u2714 Apple-Abo. Infos hier.\",\"breadcrumb\":{\"@id\":\"https:\\\/\\\/pcspezialist.de\\\/blog\\\/2022\\\/04\\\/11\\\/apple-abo\\\/#breadcrumb\"},\"inLanguage\":\"de\",\"potentialAction\":[{\"@type\":\"ReadAction\",\"target\":[\"https:\\\/\\\/pcspezialist.de\\\/blog\\\/2022\\\/04\\\/11\\\/apple-abo\\\/\"]}]},{\"@type\":\"ImageObject\",\"inLanguage\":\"de\",\"@id\":\"https:\\\/\\\/pcspezialist.de\\\/blog\\\/2022\\\/04\\\/11\\\/apple-abo\\\/#primaryimage\",\"url\":\"https:\\\/\\\/pcspezialist.de\\\/blog\\\/wp-content\\\/uploads\\\/2022\\\/04\\\/Apple-Abo_zhiyue-xu-7DOU5NlNIcE-unsplash.jpg\",\"contentUrl\":\"https:\\\/\\\/pcspezialist.de\\\/blog\\\/wp-content\\\/uploads\\\/2022\\\/04\\\/Apple-Abo_zhiyue-xu-7DOU5NlNIcE-unsplash.jpg\",\"width\":1500,\"height\":700,\"caption\":\"F\u00fcr Apple-User \u00e4ndert sich die Preisgestaltung der Abos. Bild: Unsplash\\\/Zhiyue Xu\"},{\"@type\":\"BreadcrumbList\",\"@id\":\"https:\\\/\\\/pcspezialist.de\\\/blog\\\/2022\\\/04\\\/11\\\/apple-abo\\\/#breadcrumb\",\"itemListElement\":[{\"@type\":\"ListItem\",\"position\":1,\"name\":\"Startseite\",\"item\":\"https:\\\/\\\/pcspezialist.de\\\/blog\\\/\"},{\"@type\":\"ListItem\",\"position\":2,\"name\":\"Preiserh\u00f6hung beim Apple-Abo ## Zustimmung bei Preiserh\u00f6hung von Apple-Apps k\u00fcnftig nicht mehr n\u00f6tig\"}]},{\"@type\":\"WebSite\",\"@id\":\"https:\\\/\\\/pcspezialist.de\\\/blog\\\/#website\",\"url\":\"https:\\\/\\\/pcspezialist.de\\\/blog\\\/\",\"name\":\"PC-SPEZIALIST Blog\",\"description\":\"IT-Service, Trends &amp; Technik\",\"potentialAction\":[{\"@type\":\"SearchAction\",\"target\":{\"@type\":\"EntryPoint\",\"urlTemplate\":\"https:\\\/\\\/pcspezialist.de\\\/blog\\\/?s={search_term_string}\"},\"query-input\":{\"@type\":\"PropertyValueSpecification\",\"valueRequired\":true,\"valueName\":\"search_term_string\"}}],\"inLanguage\":\"de\"},{\"@type\":\"Person\",\"@id\":\"https:\\\/\\\/pcspezialist.de\\\/blog\\\/#\\\/schema\\\/person\\\/e9cb801a8b8ea9138af26a02b8b6d14f\",\"name\":\"Maren Keller\",\"description\":\"PC-SPEZIALIST ist eine Marke der in Schlo\u00df Holte ans\u00e4ssigen SYNAXON. Seit 2016 arbeitet Maren Keller f\u00fcr den PC-SPEZIALIST-Blog. Gestartet als Online-Redakteurin ist sie mittlerweile Content Marketing Managerin und tr\u00e4gt unter anderem die Verantwortung f\u00fcr die Inhalte des Blogs. In den Jahren 2017 und 2020 hat sie parallel f\u00fcr den Blog des IT-SERVICE.NETWORK geschrieben. Die studierte Germanistin und Politologin hat einen Sp\u00fcrsinn f\u00fcr aktuelle Bedrohungen im IT-Bereich entwickelt und versteht es, das Fachwissen von PC-SPEZIALIST dem Leser verst\u00e4ndlich darzubieten. Nicht zu verleugnen ist allerdings ihre Ungeduld, die sich in flinken Fingern auf der Tastatur zeigt und gleichzeitig f\u00fcr einen hohen Output sorgt. Ihre journalistische Karriere begann Maren Keller Mitte der 1990er Jahre mit dem Verfassen von Sportberichten f\u00fcr die Regionalseiten ihrer Heimatzeitung in Bremerhaven. Nach dem Studium in Hannover, das von zahlreichen Praktika bei Funk, Fernsehen und Zeitung begleitet wurde, kehrte sie f\u00fcr ein journalistisches Volontariat in ihre Heimat zur\u00fcck, um bei der NORDSEE-ZEITUNG den Beruf des Redakteurs von der Pike auf zu lernen und anschlie\u00dfend in der Sportredaktion zu arbeiten. W\u00e4hrend ihrer Elternzeiten und beruflich bedingten Umz\u00fcgen arbeitete sie als freie Journalistin f\u00fcr verschiedene Tageszeitungen und fand 2016 den Weg zur SYNAXON, wo sie heute als Content Marketing Managerin in Lohn und Brot steht. In ihrer Freizeit zeigt sie ihr Talent f\u00fcr\u2019s Schreiben nicht. Stattdessen liegen ihre Schwerpunkt dort im Bereich Haus, Familie, Garten und Hund. Au\u00dferdem ist sie musikalisch unterwegs, bl\u00e4st das Jagdhorn in einem Bl\u00e4serkorps, spielt Klavier und singt im Chor. Sie haben Fragen an Maren Keller? Sie erreichen sie per E-Mail an redaktion@pcspezialist.de\",\"url\":\"https:\\\/\\\/pcspezialist.de\\\/blog\\\/author\\\/maren\\\/\"}]}<\/script>\n<!-- \/ Yoast SEO plugin. -->","yoast_head_json":{"title":"Apple-Abo: Preiserh\u00f6hung von Apple-Apps k\u00fcnftig ohne Zustimmung","description":"Ob \u2714 Google oder \u2714 Apple: Haben Sie ein \u2714 App-Abo, m\u00fcssen Sie einer \u2714 Preiserh\u00f6hung zustimmen. Nicht so beim \u2714 Apple-Abo. Infos hier.","robots":{"index":"index","follow":"follow","max-snippet":"max-snippet:-1","max-image-preview":"max-image-preview:large","max-video-preview":"max-video-preview:-1"},"canonical":"https:\/\/pcspezialist.de\/blog\/2022\/04\/11\/apple-abo\/","og_locale":"de_DE","og_type":"article","og_title":"Apple-Abo: Preiserh\u00f6hung von Apple-Apps k\u00fcnftig ohne Zustimmung","og_description":"Ob \u2714 Google oder \u2714 Apple: Haben Sie ein \u2714 App-Abo, m\u00fcssen Sie einer \u2714 Preiserh\u00f6hung zustimmen. Nicht so beim \u2714 Apple-Abo. Infos hier.","og_url":"https:\/\/pcspezialist.de\/blog\/2022\/04\/11\/apple-abo\/","og_site_name":"PC-SPEZIALIST Blog","article_published_time":"2022-04-11T08:45:26+00:00","article_modified_time":"2024-11-05T06:56:35+00:00","og_image":[{"width":1500,"height":700,"url":"https:\/\/pcspezialist.de\/blog\/wp-content\/uploads\/2022\/04\/Apple-Abo_zhiyue-xu-7DOU5NlNIcE-unsplash.jpg","type":"image\/jpeg"}],"author":"Maren Keller","twitter_card":"summary_large_image","twitter_misc":{"Verfasst von":"Maren Keller","Gesch\u00e4tzte Lesezeit":"5\u00a0Minuten"},"schema":{"@context":"https:\/\/schema.org","@graph":[{"@type":"Article","@id":"https:\/\/pcspezialist.de\/blog\/2022\/04\/11\/apple-abo\/#article","isPartOf":{"@id":"https:\/\/pcspezialist.de\/blog\/2022\/04\/11\/apple-abo\/"},"author":{"name":"Maren Keller","@id":"https:\/\/pcspezialist.de\/blog\/#\/schema\/person\/e9cb801a8b8ea9138af26a02b8b6d14f"},"headline":"Preiserh\u00f6hung beim Apple-Abo ## Zustimmung bei Preiserh\u00f6hung von Apple-Apps k\u00fcnftig nicht mehr n\u00f6tig","datePublished":"2022-04-11T08:45:26+00:00","dateModified":"2024-11-05T06:56:35+00:00","mainEntityOfPage":{"@id":"https:\/\/pcspezialist.de\/blog\/2022\/04\/11\/apple-abo\/"},"wordCount":766,"commentCount":0,"image":{"@id":"https:\/\/pcspezialist.de\/blog\/2022\/04\/11\/apple-abo\/#primaryimage"},"thumbnailUrl":"https:\/\/pcspezialist.de\/blog\/wp-content\/uploads\/2022\/04\/Apple-Abo_zhiyue-xu-7DOU5NlNIcE-unsplash.jpg","keywords":["Apple","Apps","App-Store"],"articleSection":["Verschiedenes"],"inLanguage":"de","potentialAction":[{"@type":"CommentAction","name":"Comment","target":["https:\/\/pcspezialist.de\/blog\/2022\/04\/11\/apple-abo\/#respond"]}]},{"@type":"WebPage","@id":"https:\/\/pcspezialist.de\/blog\/2022\/04\/11\/apple-abo\/","url":"https:\/\/pcspezialist.de\/blog\/2022\/04\/11\/apple-abo\/","name":"Apple-Abo: Preiserh\u00f6hung von Apple-Apps k\u00fcnftig ohne Zustimmung","isPartOf":{"@id":"https:\/\/pcspezialist.de\/blog\/#website"},"primaryImageOfPage":{"@id":"https:\/\/pcspezialist.de\/blog\/2022\/04\/11\/apple-abo\/#primaryimage"},"image":{"@id":"https:\/\/pcspezialist.de\/blog\/2022\/04\/11\/apple-abo\/#primaryimage"},"thumbnailUrl":"https:\/\/pcspezialist.de\/blog\/wp-content\/uploads\/2022\/04\/Apple-Abo_zhiyue-xu-7DOU5NlNIcE-unsplash.jpg","datePublished":"2022-04-11T08:45:26+00:00","dateModified":"2024-11-05T06:56:35+00:00","author":{"@id":"https:\/\/pcspezialist.de\/blog\/#\/schema\/person\/e9cb801a8b8ea9138af26a02b8b6d14f"},"description":"Ob \u2714 Google oder \u2714 Apple: Haben Sie ein \u2714 App-Abo, m\u00fcssen Sie einer \u2714 Preiserh\u00f6hung zustimmen. Nicht so beim \u2714 Apple-Abo. Infos hier.","breadcrumb":{"@id":"https:\/\/pcspezialist.de\/blog\/2022\/04\/11\/apple-abo\/#breadcrumb"},"inLanguage":"de","potentialAction":[{"@type":"ReadAction","target":["https:\/\/pcspezialist.de\/blog\/2022\/04\/11\/apple-abo\/"]}]},{"@type":"ImageObject","inLanguage":"de","@id":"https:\/\/pcspezialist.de\/blog\/2022\/04\/11\/apple-abo\/#primaryimage","url":"https:\/\/pcspezialist.de\/blog\/wp-content\/uploads\/2022\/04\/Apple-Abo_zhiyue-xu-7DOU5NlNIcE-unsplash.jpg","contentUrl":"https:\/\/pcspezialist.de\/blog\/wp-content\/uploads\/2022\/04\/Apple-Abo_zhiyue-xu-7DOU5NlNIcE-unsplash.jpg","width":1500,"height":700,"caption":"F\u00fcr Apple-User \u00e4ndert sich die Preisgestaltung der Abos. Bild: Unsplash\/Zhiyue Xu"},{"@type":"BreadcrumbList","@id":"https:\/\/pcspezialist.de\/blog\/2022\/04\/11\/apple-abo\/#breadcrumb","itemListElement":[{"@type":"ListItem","position":1,"name":"Startseite","item":"https:\/\/pcspezialist.de\/blog\/"},{"@type":"ListItem","position":2,"name":"Preiserh\u00f6hung beim Apple-Abo ## Zustimmung bei Preiserh\u00f6hung von Apple-Apps k\u00fcnftig nicht mehr n\u00f6tig"}]},{"@type":"WebSite","@id":"https:\/\/pcspezialist.de\/blog\/#website","url":"https:\/\/pcspezialist.de\/blog\/","name":"PC-SPEZIALIST Blog","description":"IT-Service, Trends &amp; Technik","potentialAction":[{"@type":"SearchAction","target":{"@type":"EntryPoint","urlTemplate":"https:\/\/pcspezialist.de\/blog\/?s={search_term_string}"},"query-input":{"@type":"PropertyValueSpecification","valueRequired":true,"valueName":"search_term_string"}}],"inLanguage":"de"},{"@type":"Person","@id":"https:\/\/pcspezialist.de\/blog\/#\/schema\/person\/e9cb801a8b8ea9138af26a02b8b6d14f","name":"Maren Keller","description":"PC-SPEZIALIST ist eine Marke der in Schlo\u00df Holte ans\u00e4ssigen SYNAXON. Seit 2016 arbeitet Maren Keller f\u00fcr den PC-SPEZIALIST-Blog. Gestartet als Online-Redakteurin ist sie mittlerweile Content Marketing Managerin und tr\u00e4gt unter anderem die Verantwortung f\u00fcr die Inhalte des Blogs. In den Jahren 2017 und 2020 hat sie parallel f\u00fcr den Blog des IT-SERVICE.NETWORK geschrieben. Die studierte Germanistin und Politologin hat einen Sp\u00fcrsinn f\u00fcr aktuelle Bedrohungen im IT-Bereich entwickelt und versteht es, das Fachwissen von PC-SPEZIALIST dem Leser verst\u00e4ndlich darzubieten. Nicht zu verleugnen ist allerdings ihre Ungeduld, die sich in flinken Fingern auf der Tastatur zeigt und gleichzeitig f\u00fcr einen hohen Output sorgt. Ihre journalistische Karriere begann Maren Keller Mitte der 1990er Jahre mit dem Verfassen von Sportberichten f\u00fcr die Regionalseiten ihrer Heimatzeitung in Bremerhaven. Nach dem Studium in Hannover, das von zahlreichen Praktika bei Funk, Fernsehen und Zeitung begleitet wurde, kehrte sie f\u00fcr ein journalistisches Volontariat in ihre Heimat zur\u00fcck, um bei der NORDSEE-ZEITUNG den Beruf des Redakteurs von der Pike auf zu lernen und anschlie\u00dfend in der Sportredaktion zu arbeiten. W\u00e4hrend ihrer Elternzeiten und beruflich bedingten Umz\u00fcgen arbeitete sie als freie Journalistin f\u00fcr verschiedene Tageszeitungen und fand 2016 den Weg zur SYNAXON, wo sie heute als Content Marketing Managerin in Lohn und Brot steht. In ihrer Freizeit zeigt sie ihr Talent f\u00fcr\u2019s Schreiben nicht. Stattdessen liegen ihre Schwerpunkt dort im Bereich Haus, Familie, Garten und Hund. Au\u00dferdem ist sie musikalisch unterwegs, bl\u00e4st das Jagdhorn in einem Bl\u00e4serkorps, spielt Klavier und singt im Chor. Sie haben Fragen an Maren Keller? Sie erreichen sie per E-Mail an redaktion@pcspezialist.de","url":"https:\/\/pcspezialist.de\/blog\/author\/maren\/"}]}},"_links":{"self":[{"href":"https:\/\/pcspezialist.de\/blog\/wp-json\/wp\/v2\/posts\/60535","targetHints":{"allow":["GET"]}}],"collection":[{"href":"https:\/\/pcspezialist.de\/blog\/wp-json\/wp\/v2\/posts"}],"about":[{"href":"https:\/\/pcspezialist.de\/blog\/wp-json\/wp\/v2\/types\/post"}],"author":[{"embeddable":true,"href":"https:\/\/pcspezialist.de\/blog\/wp-json\/wp\/v2\/users\/98"}],"replies":[{"embeddable":true,"href":"https:\/\/pcspezialist.de\/blog\/wp-json\/wp\/v2\/comments?post=60535"}],"version-history":[{"count":16,"href":"https:\/\/pcspezialist.de\/blog\/wp-json\/wp\/v2\/posts\/60535\/revisions"}],"predecessor-version":[{"id":71840,"href":"https:\/\/pcspezialist.de\/blog\/wp-json\/wp\/v2\/posts\/60535\/revisions\/71840"}],"wp:featuredmedia":[{"embeddable":true,"href":"https:\/\/pcspezialist.de\/blog\/wp-json\/wp\/v2\/media\/60552"}],"wp:attachment":[{"href":"https:\/\/pcspezialist.de\/blog\/wp-json\/wp\/v2\/media?parent=60535"}],"wp:term":[{"taxonomy":"category","embeddable":true,"href":"https:\/\/pcspezialist.de\/blog\/wp-json\/wp\/v2\/categories?post=60535"},{"taxonomy":"post_tag","embeddable":true,"href":"https:\/\/pcspezialist.de\/blog\/wp-json\/wp\/v2\/tags?post=60535"}],"curies":[{"name":"wp","href":"https:\/\/api.w.org\/{rel}","templated":true}]}}