{"id":59450,"date":"2022-02-18T10:45:33","date_gmt":"2022-02-18T09:45:33","guid":{"rendered":"https:\/\/www.pcspezialist.de\/blog\/?p=59450"},"modified":"2024-03-26T12:50:21","modified_gmt":"2024-03-26T11:50:21","slug":"privacy-shield","status":"publish","type":"post","link":"https:\/\/pcspezialist.de\/blog\/2022\/02\/18\/privacy-shield\/","title":{"rendered":"Privacy Shield ## Was ist das? Was hat Facebook damit zu tun?"},"content":{"rendered":"<p><strong>Ein Raunen geht durch Europa. Es geht um die Frage, ob Facebook und Instagram in der EU abgeschaltet werden. Grund ist der Privacy Shield, den der Europ\u00e4ische Gerichtshof f\u00fcr ung\u00fcltig erkl\u00e4rt hat.<\/strong><\/p>\n<p>Was ist der Privacy Shield? Wieso droht Facebook-Mutterkonzern Meta damit, seine Dienste in der EU nicht mehr anzubieten? Hier erfahren Sie es.<\/p>\n<p><!--more--><\/p>\n<div style=\"background: #f2f2f2; padding: 15px 15px 5px; margin: 30px 0;\">\n<p><strong>Unser Beitrag \u00fcber Privacy Shield im \u00dcberblick:\u00a0<\/strong><\/p>\n<ol style=\"line-height: 1.7;\">\n<li><a href=\"#eins\">Was besagt der Privacy Shield?<\/a>\n<ul style=\"line-height: 1.7;\">\n<li><a href=\"#zwei\">Privacy Shield gekippt<\/a><\/li>\n<\/ul>\n<\/li>\n<li><a href=\"#drei\">EU ohne Facebook und Instagram?<\/a><\/li>\n<li><a href=\"#vier\">Privacy Shield und die Folgen<\/a><\/li>\n<\/ol>\n<\/div>\n<h2 id=\"eins\">Was besagt der Privacy Shield?<\/h2>\n<p>Der EU-US Privacy Shield wird auch <b>EU-US-Datenschutzschild<\/b> genannt. Dabei handelt es sich um eine informelle Absprache rund um das Datenschutzrecht. Sie wurde in den Jahren 2015 und 2016 zwischen der Europ\u00e4ischen Union und den Vereinigten Staaten von Amerika ausgehandelt. Sie besteht aus zahlreichen Zusicherungen der US-amerikanischen Bundesregierung und dem sogenannten Angemessenheitsbeschluss der EU-Kommission.<\/p>\n<p>Am 12. Juli 2016 hatte die Kommission beschlossen, dass die <strong>Vorgaben des Privacy Shield<\/strong> dem Datenschutzniveau der Europ\u00e4ischen Union entsprechen. Seitdem wurde das \u00dcbereinkommen angewendet und private Daten munter in die USA gesendet. Letztlich geht es darum, wie Institutionen, die in den USA sitzen, mit pers\u00f6nlichen Informationen europ\u00e4ischer Nutzer umgehen. Betroffen sind rund 5000 Firmen.<\/p>\n<p>Um den Privacy Shield war ein <strong>Rechtsstreit<\/strong> entbrannt. Grund war der <strong>Umgang von Meta (ehemalig Facebook) mit personenbezogenen Daten<\/strong>, die an den Mutterkonzern in den USA weitergeleitet wurden. Und das, obwohl sie nicht angemessen gegen US-\u00dcberwachungsprogramme gesichert sind. Weiterer Kritikpunkt: Die betroffenen EU-B\u00fcrger k\u00f6nnen sich nicht dagegen wehren, dass NSA und FBI Zugang zu ihren Daten erhalten.<\/p>\n<div id=\"attachment_59542\" style=\"width: 392px\" class=\"wp-caption alignright\"><img loading=\"lazy\" decoding=\"async\" aria-describedby=\"caption-attachment-59542\" class=\"size-full wp-image-59542\" src=\"https:\/\/pcspezialist.de\/blog\/wp-content\/uploads\/2022\/02\/privacy-shield_pexels-sora-shimazaki-5669602.jpg\" alt=\"Privacy Shield: Waagschale und Richterhammer symbolisieren das Urteil des EuGH. Bild: Pexels\/Sora Shimazaki\" width=\"382\" height=\"450\" \/><p id=\"caption-attachment-59542\" class=\"wp-caption-text\">Die Richter haben entschieden. der Privacy Shield ist gekippt. Bild: Pexels\/Sora Shimazaki<\/p><\/div>\n<h3 id=\"zwei\">Privacy Shield gekippt<\/h3>\n<p>Vor knapp zwei Jahren, im Juli 2020, haben die <a href=\"https:\/\/curia.europa.eu\/jcms\/upload\/docs\/application\/pdf\/2020-07\/cp200091de.pdf\" target=\"_blank\" rel=\"noopener\">Luxemburger Richter<\/a> den <strong>Privacy Shield gekippt<\/strong>. Begr\u00fcndung: \u201ePersonenbezogene Daten [d\u00fcrfen] grunds\u00e4tzlich nur dann in ein Drittland \u00fcbermittelt werden [&#8230;], wenn das betreffende Land f\u00fcr die Daten ein angemessenes Schutzniveau gew\u00e4hrleistet.\u201c So bestimmt es die <a href=\"https:\/\/pcspezialist.de\/blog\/2018\/05\/15\/eu-datenschutz-dsgvo\/\">DSGVO<\/a>. Und den Richtlinien der DSGVO folgten 2020 auch die Richter.<\/p>\n<p>Dennoch ist damit <strong>nicht<\/strong> das <strong>grunds\u00e4tzliche Ende des Datentransfers in die USA<\/strong> eingel\u00e4utet. Unternehmen k\u00f6nnen weiterhin Nutzerdaten von EU-B\u00fcrgern in die USA und andere Staaten \u00fcbertragen. Basis daf\u00fcr sind die Standardvertragsklauseln, so die Luxemburger Richter. Gleichzeitig betonen die Richter, dass Datenschutzbeh\u00f6rden verpflichtet sind, \u00dcbermittlungen von Daten auszusetzen oder sogar zu verbieten. Und zwar immer dann, wenn sie der Auffassung sind, dass die Standardvertragsklauseln im Empf\u00e4ngerland praktisch nicht eingehalten werden oder nicht eingehalten werden k\u00f6nnen.<\/p>\n<p><strong>Nicht betroffen<\/strong> von diesem Urteil sind <strong>freiwillige Daten\u00fcbertragungen<\/strong>. Dazu geh\u00f6rt beispielsweise eine Hotelbuchung durch EU-B\u00fcrger auf einer US-Website oder auch wenn man eine E-Mail ins Ausland schickt.<\/p>\n<h2 id=\"drei\">EU ohne Facebook und Instagram?<\/h2>\n<p>Obwohl bereits seit fast zwei Jahren die<strong> uneingeschr\u00e4nkte Daten\u00fcbertragung in die USA<\/strong> nicht mehr rechtens ist, hat Meta-Chef Zuckerberg jetzt angedroht, <strong>Facebook und Instagram in Europa abzuschalten<\/strong>. Allerdings nicht zum ersten Mal. Direkt nach dem Urteil warnte er bereits, dass Facebook, Instagram und Co. ohne die Weitergabe der Nutzerdaten in die USA vor dem Aus st\u00fcnden. Passiert ist nichts, allerdings finden neue Verhandlungen \u00fcber den Datentransfer statt, nachdem der Privacy Shield gekippt worden war.<\/p>\n<p>Im j\u00fcngsten <strong>Jahresbericht<\/strong> warnt Zuckerberg erneut vor <strong>Konsequenzen<\/strong>, sollten die Verhandlungen \u00fcber den Datentransfer keine Ergebnisse bringen. Sein Ziel: Er will Zugest\u00e4ndnisse in Sachen Datenschutz, denn Instagram und Facebook erheben viele pers\u00f6nliche Daten ihrer Nutzer \u2013 die ein lukratives Gesch\u00e4ft darstellen. Aber nicht nur durch das <strong>Ende des Privacy Shield<\/strong> gibt es f\u00fcr den Meta-Konzern Probleme, auch der <a href=\"https:\/\/pcspezialist.de\/blog\/2024\/03\/26\/digital-markets-act\/\">Digital Markets Act<\/a> schr\u00e4nkt soziale Netzwerke, die pers\u00f6nliche Daten erheben, ein.<\/p>\n<p>Zwar ist der Messenger-Dienst <a href=\"https:\/\/pcspezialist.de\/blog\/tag\/whatsapp\/\">WhatsApp<\/a> ebenfalls Teil von Meta, wird im Zuge der m\u00f6glichen Abschaltung aber nicht genannt. Der Grund ist wohl, dass es sich bei ihm anders als bei Facebook und Instagram nicht um ein soziales Netzwerk handelt.<\/p>\n<div id=\"attachment_59543\" style=\"width: 660px\" class=\"wp-caption alignright\"><img loading=\"lazy\" decoding=\"async\" aria-describedby=\"caption-attachment-59543\" class=\"size-full wp-image-59543\" src=\"https:\/\/pcspezialist.de\/blog\/wp-content\/uploads\/2022\/02\/Privacy-shield_pexels-mikhail-nilov-6963944.jpg\" alt=\"Privacy Shield: Mann sitzt vor einem Computer mit kryptischen Symbolen. Bild: Pexels\/Mikhail Nilov\" width=\"650\" height=\"450\" \/><p id=\"caption-attachment-59543\" class=\"wp-caption-text\">Sind private Nutzerdaten in den gut USA gesch\u00fctzt? Nein, sagt der EuGH und kippt den Privacy Shield. Bild: Pexels\/Mikhail Nilov<\/p><\/div>\n<h2 id=\"vier\">Privacy Shield und die Folgen<\/h2>\n<p>Kann es wirklich sein, dass Zuckerberg die beliebten Apps <strong>Facebook und Instagram <\/strong>in Europa <strong>abschaltet<\/strong>? Die Dienste des US-Megakonzerns, der unter dem Namen <a href=\"https:\/\/pcspezialist.de\/blog\/2021\/08\/17\/metaversum\/\">Meta<\/a> firmiert, hatte im vierten Quartal 2021 in Europa immerhin <strong>427 Millionen aktive Nutzer pro Monat<\/strong>. Und das bei insgesamt 447 Millionen Einwohnern. Hei\u00dft, fast jeder Europ\u00e4er vom Baby bis zum Senior nutzt diese Apps.<\/p>\n<p>Es ist kaum vorstellbar, dass der US-Konzern auf diese Zahl an Nutzern und die durch sie generierten Werbeeinnahmen verzichten m\u00f6chte. Dennoch schreibt Zuckerberg im aktuellen Jahresbericht, dass der Meta \u201ewahrscheinlich seine wichtigsten Produkte und Dienste wie Facebook und Instagram nicht mehr in Europa anbieten\u201c k\u00f6nne. <strong>Grund<\/strong> sei der <strong>strenge Datenschutz<\/strong> in Europa und die fehlende M\u00f6glichkeit, Nutzerdaten in die USA zu transferieren.<\/p>\n<p>Aber: Zu einer Abschaltung wird es vermutlich nicht kommen. Eine Meta-Sprecherin betonte, \u201edass das Unternehmen keine Pl\u00e4ne und Absichten hat, sich aus Europa zur\u00fcckzuziehen.\u201c Es kann dennoch nicht schaden, sich nach <strong>Alternativen der Meta-Apps<\/strong> umzusehen. In unseren Ratgebern erfahren Sie, welche <a href=\"https:\/\/pcspezialist.de\/blog\/2024\/04\/08\/facebook-alternative\/\">Facebook-Alternativen<\/a> es gibt und welche <a href=\"https:\/\/pcspezialist.de\/blog\/2021\/01\/15\/whatsapp-alternative\/\">WhatsApp-Alternativen<\/a> es gibt. Und auch f\u00fcr Instagram gibt es bereits eine Alternative ohne Datensammelwut: Sie hei\u00dft \u201e<a href=\"https:\/\/pixelfed.social\/\" target=\"_blank\" rel=\"noopener\">Pixelfed<\/a>\u201c<\/p>\n<p>_______________________________________________<\/p>\n<p><small>Weiterf\u00fchrende Links: <a href=\"https:\/\/curia.europa.eu\/jcms\/upload\/docs\/application\/pdf\/2020-07\/cp200091de.pdf\" target=\"_blank\" rel=\"noopener\">curia.europa<\/a>, <a href=\"https:\/\/de.wikipedia.org\/wiki\/EU-US_Privacy_Shield\" target=\"_blank\" rel=\"noopener\">Wikipedia<\/a>, <a href=\"https:\/\/www.spiegel.de\/netzwelt\/netzpolitik\/europaeischer-gerichtshof-kippt-umstrittene-datenschutzvereinbarung-privacy-shield-a-6344510a-cbe2-482d-b354-6561af8c4ac7\" target=\"_blank\" rel=\"noopener\">Spiegel<\/a>, <a href=\"https:\/\/www.zdf.de\/nachrichten\/digitales\/facebook-meta-zuckerberg-europa-abschaltung-100.html\" target=\"_blank\" rel=\"noopener\">ZDF<\/a>, <a href=\"https:\/\/www.heise.de\/news\/Meta-Ohne-Datentransfer-muessten-wir-Facebook-und-Instagram-in-der-EU-abschalten-6351818.html\" target=\"_blank\" rel=\"noopener\">heise<\/a>, <a href=\"https:\/\/www.thomashutter.com\/meta-aktuelle-zahlen-zu-meta-q4-2021\/\" target=\"_blank\" rel=\"noopener\">thomashutter<\/a>, <a href=\"https:\/\/www.manager-magazin.de\/politik\/wegen-eugh-datenschutz-meta-bringt-rueckzug-von-facebook-und-instagram-aus-europa-ins-spiel-a-811577f8-db67-4778-b204-ca8fb650240e\" target=\"_blank\" rel=\"noopener\">Manager Magazin<\/a>, <a href=\"https:\/\/de.statista.com\/statistik\/daten\/studie\/14035\/umfrage\/europaeische-union-bevoelkerung-einwohner\/#:~:text=Die%20Gesamtbev%C3%B6lkerung%20der%20Europ%C3%A4ischen%20Union,insgesamt%20rund%20447%20Millionen%20Einwohner.\" target=\"_blank\" rel=\"noopener\">Statista<\/a><\/small><\/p>\n","protected":false},"excerpt":{"rendered":"<p>Ein Raunen geht durch Europa. Es geht um die Frage, ob Facebook und Instagram in der EU abgeschaltet werden. Grund ist der Privacy Shield, den der Europ\u00e4ische Gerichtshof f\u00fcr ung\u00fcltig erkl\u00e4rt hat. Was ist der Privacy Shield? Wieso droht Facebook-Mutterkonzern Meta damit, seine Dienste in der EU nicht mehr anzubieten? Hier erfahren Sie es.<\/p>\n","protected":false},"author":98,"featured_media":59544,"comment_status":"open","ping_status":"closed","sticky":false,"template":"","format":"standard","meta":{"footnotes":""},"categories":[6913],"tags":[1088,1250,1658],"class_list":["post-59450","post","type-post","status-publish","format-standard","has-post-thumbnail","hentry","category-verschiedenes","tag-facebook","tag-social-media","tag-datenschutz"],"yoast_head":"<!-- This site is optimized with the Yoast SEO plugin v27.4 - https:\/\/yoast.com\/product\/yoast-seo-wordpress\/ -->\n<title>Privacy Shield: Was ist das? Was hat Facebook damit zu tun?<\/title>\n<meta name=\"description\" content=\"\u2714 Meta droht, \u2714 Facebook und Co. in Europa abzuschalten, Grund sei der \u2714 Privacy Shield. Was es damit auf sich hat, erfahren Sie hier.\" \/>\n<meta name=\"robots\" content=\"index, follow, max-snippet:-1, max-image-preview:large, max-video-preview:-1\" \/>\n<link rel=\"canonical\" href=\"https:\/\/pcspezialist.de\/blog\/2022\/02\/18\/privacy-shield\/\" \/>\n<meta property=\"og:locale\" content=\"de_DE\" \/>\n<meta property=\"og:type\" content=\"article\" \/>\n<meta property=\"og:title\" content=\"Privacy Shield: Was ist das? Was hat Facebook damit zu tun?\" \/>\n<meta property=\"og:description\" content=\"\u2714 Meta droht, \u2714 Facebook und Co. in Europa abzuschalten, Grund sei der \u2714 Privacy Shield. Was es damit auf sich hat, erfahren Sie hier.\" \/>\n<meta property=\"og:url\" content=\"https:\/\/pcspezialist.de\/blog\/2022\/02\/18\/privacy-shield\/\" \/>\n<meta property=\"og:site_name\" content=\"PC-SPEZIALIST Blog\" \/>\n<meta property=\"article:published_time\" content=\"2022-02-18T09:45:33+00:00\" \/>\n<meta property=\"article:modified_time\" content=\"2024-03-26T11:50:21+00:00\" \/>\n<meta property=\"og:image\" content=\"https:\/\/pcspezialist.de\/blog\/wp-content\/uploads\/2022\/02\/privacy-shield_pexels-brett-jordan-5426402.jpg\" \/>\n\t<meta property=\"og:image:width\" content=\"1500\" \/>\n\t<meta property=\"og:image:height\" content=\"700\" \/>\n\t<meta property=\"og:image:type\" content=\"image\/jpeg\" \/>\n<meta name=\"author\" content=\"Maren Keller\" \/>\n<meta name=\"twitter:card\" content=\"summary_large_image\" \/>\n<meta name=\"twitter:label1\" content=\"Verfasst von\" \/>\n\t<meta name=\"twitter:data1\" content=\"Maren Keller\" \/>\n\t<meta name=\"twitter:label2\" content=\"Gesch\u00e4tzte Lesezeit\" \/>\n\t<meta name=\"twitter:data2\" content=\"6\u00a0Minuten\" \/>\n<script type=\"application\/ld+json\" class=\"yoast-schema-graph\">{\"@context\":\"https:\\\/\\\/schema.org\",\"@graph\":[{\"@type\":\"Article\",\"@id\":\"https:\\\/\\\/pcspezialist.de\\\/blog\\\/2022\\\/02\\\/18\\\/privacy-shield\\\/#article\",\"isPartOf\":{\"@id\":\"https:\\\/\\\/pcspezialist.de\\\/blog\\\/2022\\\/02\\\/18\\\/privacy-shield\\\/\"},\"author\":{\"name\":\"Maren Keller\",\"@id\":\"https:\\\/\\\/pcspezialist.de\\\/blog\\\/#\\\/schema\\\/person\\\/e9cb801a8b8ea9138af26a02b8b6d14f\"},\"headline\":\"Privacy Shield ## Was ist das? Was hat Facebook damit zu tun?\",\"datePublished\":\"2022-02-18T09:45:33+00:00\",\"dateModified\":\"2024-03-26T11:50:21+00:00\",\"mainEntityOfPage\":{\"@id\":\"https:\\\/\\\/pcspezialist.de\\\/blog\\\/2022\\\/02\\\/18\\\/privacy-shield\\\/\"},\"wordCount\":890,\"commentCount\":0,\"image\":{\"@id\":\"https:\\\/\\\/pcspezialist.de\\\/blog\\\/2022\\\/02\\\/18\\\/privacy-shield\\\/#primaryimage\"},\"thumbnailUrl\":\"https:\\\/\\\/pcspezialist.de\\\/blog\\\/wp-content\\\/uploads\\\/2022\\\/02\\\/privacy-shield_pexels-brett-jordan-5426402.jpg\",\"keywords\":[\"Facebook\",\"Social Media\",\"Datenschutz\"],\"articleSection\":[\"Verschiedenes\"],\"inLanguage\":\"de\",\"potentialAction\":[{\"@type\":\"CommentAction\",\"name\":\"Comment\",\"target\":[\"https:\\\/\\\/pcspezialist.de\\\/blog\\\/2022\\\/02\\\/18\\\/privacy-shield\\\/#respond\"]}]},{\"@type\":\"WebPage\",\"@id\":\"https:\\\/\\\/pcspezialist.de\\\/blog\\\/2022\\\/02\\\/18\\\/privacy-shield\\\/\",\"url\":\"https:\\\/\\\/pcspezialist.de\\\/blog\\\/2022\\\/02\\\/18\\\/privacy-shield\\\/\",\"name\":\"Privacy Shield: Was ist das? Was hat Facebook damit zu tun?\",\"isPartOf\":{\"@id\":\"https:\\\/\\\/pcspezialist.de\\\/blog\\\/#website\"},\"primaryImageOfPage\":{\"@id\":\"https:\\\/\\\/pcspezialist.de\\\/blog\\\/2022\\\/02\\\/18\\\/privacy-shield\\\/#primaryimage\"},\"image\":{\"@id\":\"https:\\\/\\\/pcspezialist.de\\\/blog\\\/2022\\\/02\\\/18\\\/privacy-shield\\\/#primaryimage\"},\"thumbnailUrl\":\"https:\\\/\\\/pcspezialist.de\\\/blog\\\/wp-content\\\/uploads\\\/2022\\\/02\\\/privacy-shield_pexels-brett-jordan-5426402.jpg\",\"datePublished\":\"2022-02-18T09:45:33+00:00\",\"dateModified\":\"2024-03-26T11:50:21+00:00\",\"author\":{\"@id\":\"https:\\\/\\\/pcspezialist.de\\\/blog\\\/#\\\/schema\\\/person\\\/e9cb801a8b8ea9138af26a02b8b6d14f\"},\"description\":\"\u2714 Meta droht, \u2714 Facebook und Co. in Europa abzuschalten, Grund sei der \u2714 Privacy Shield. Was es damit auf sich hat, erfahren Sie hier.\",\"breadcrumb\":{\"@id\":\"https:\\\/\\\/pcspezialist.de\\\/blog\\\/2022\\\/02\\\/18\\\/privacy-shield\\\/#breadcrumb\"},\"inLanguage\":\"de\",\"potentialAction\":[{\"@type\":\"ReadAction\",\"target\":[\"https:\\\/\\\/pcspezialist.de\\\/blog\\\/2022\\\/02\\\/18\\\/privacy-shield\\\/\"]}]},{\"@type\":\"ImageObject\",\"inLanguage\":\"de\",\"@id\":\"https:\\\/\\\/pcspezialist.de\\\/blog\\\/2022\\\/02\\\/18\\\/privacy-shield\\\/#primaryimage\",\"url\":\"https:\\\/\\\/pcspezialist.de\\\/blog\\\/wp-content\\\/uploads\\\/2022\\\/02\\\/privacy-shield_pexels-brett-jordan-5426402.jpg\",\"contentUrl\":\"https:\\\/\\\/pcspezialist.de\\\/blog\\\/wp-content\\\/uploads\\\/2022\\\/02\\\/privacy-shield_pexels-brett-jordan-5426402.jpg\",\"width\":1500,\"height\":700,\"caption\":\"Was passiert mit Facebook, Instagram und Co. in Europa? Bild: Pexels\\\/Brett Jordan\"},{\"@type\":\"BreadcrumbList\",\"@id\":\"https:\\\/\\\/pcspezialist.de\\\/blog\\\/2022\\\/02\\\/18\\\/privacy-shield\\\/#breadcrumb\",\"itemListElement\":[{\"@type\":\"ListItem\",\"position\":1,\"name\":\"Startseite\",\"item\":\"https:\\\/\\\/pcspezialist.de\\\/blog\\\/\"},{\"@type\":\"ListItem\",\"position\":2,\"name\":\"Privacy Shield ## Was ist das? Was hat Facebook damit zu tun?\"}]},{\"@type\":\"WebSite\",\"@id\":\"https:\\\/\\\/pcspezialist.de\\\/blog\\\/#website\",\"url\":\"https:\\\/\\\/pcspezialist.de\\\/blog\\\/\",\"name\":\"PC-SPEZIALIST Blog\",\"description\":\"IT-Service, Trends &amp; Technik\",\"potentialAction\":[{\"@type\":\"SearchAction\",\"target\":{\"@type\":\"EntryPoint\",\"urlTemplate\":\"https:\\\/\\\/pcspezialist.de\\\/blog\\\/?s={search_term_string}\"},\"query-input\":{\"@type\":\"PropertyValueSpecification\",\"valueRequired\":true,\"valueName\":\"search_term_string\"}}],\"inLanguage\":\"de\"},{\"@type\":\"Person\",\"@id\":\"https:\\\/\\\/pcspezialist.de\\\/blog\\\/#\\\/schema\\\/person\\\/e9cb801a8b8ea9138af26a02b8b6d14f\",\"name\":\"Maren Keller\",\"description\":\"PC-SPEZIALIST ist eine Marke der in Schlo\u00df Holte ans\u00e4ssigen SYNAXON. Seit 2016 arbeitet Maren Keller f\u00fcr den PC-SPEZIALIST-Blog. Gestartet als Online-Redakteurin ist sie mittlerweile Content Marketing Managerin und tr\u00e4gt unter anderem die Verantwortung f\u00fcr die Inhalte des Blogs. In den Jahren 2017 und 2020 hat sie parallel f\u00fcr den Blog des IT-SERVICE.NETWORK geschrieben. Die studierte Germanistin und Politologin hat einen Sp\u00fcrsinn f\u00fcr aktuelle Bedrohungen im IT-Bereich entwickelt und versteht es, das Fachwissen von PC-SPEZIALIST dem Leser verst\u00e4ndlich darzubieten. Nicht zu verleugnen ist allerdings ihre Ungeduld, die sich in flinken Fingern auf der Tastatur zeigt und gleichzeitig f\u00fcr einen hohen Output sorgt. Ihre journalistische Karriere begann Maren Keller Mitte der 1990er Jahre mit dem Verfassen von Sportberichten f\u00fcr die Regionalseiten ihrer Heimatzeitung in Bremerhaven. Nach dem Studium in Hannover, das von zahlreichen Praktika bei Funk, Fernsehen und Zeitung begleitet wurde, kehrte sie f\u00fcr ein journalistisches Volontariat in ihre Heimat zur\u00fcck, um bei der NORDSEE-ZEITUNG den Beruf des Redakteurs von der Pike auf zu lernen und anschlie\u00dfend in der Sportredaktion zu arbeiten. W\u00e4hrend ihrer Elternzeiten und beruflich bedingten Umz\u00fcgen arbeitete sie als freie Journalistin f\u00fcr verschiedene Tageszeitungen und fand 2016 den Weg zur SYNAXON, wo sie heute als Content Marketing Managerin in Lohn und Brot steht. In ihrer Freizeit zeigt sie ihr Talent f\u00fcr\u2019s Schreiben nicht. Stattdessen liegen ihre Schwerpunkt dort im Bereich Haus, Familie, Garten und Hund. Au\u00dferdem ist sie musikalisch unterwegs, bl\u00e4st das Jagdhorn in einem Bl\u00e4serkorps, spielt Klavier und singt im Chor. Sie haben Fragen an Maren Keller? Sie erreichen sie per E-Mail an redaktion@pcspezialist.de\",\"url\":\"https:\\\/\\\/pcspezialist.de\\\/blog\\\/author\\\/maren\\\/\"}]}<\/script>\n<!-- \/ Yoast SEO plugin. -->","yoast_head_json":{"title":"Privacy Shield: Was ist das? Was hat Facebook damit zu tun?","description":"\u2714 Meta droht, \u2714 Facebook und Co. in Europa abzuschalten, Grund sei der \u2714 Privacy Shield. Was es damit auf sich hat, erfahren Sie hier.","robots":{"index":"index","follow":"follow","max-snippet":"max-snippet:-1","max-image-preview":"max-image-preview:large","max-video-preview":"max-video-preview:-1"},"canonical":"https:\/\/pcspezialist.de\/blog\/2022\/02\/18\/privacy-shield\/","og_locale":"de_DE","og_type":"article","og_title":"Privacy Shield: Was ist das? Was hat Facebook damit zu tun?","og_description":"\u2714 Meta droht, \u2714 Facebook und Co. in Europa abzuschalten, Grund sei der \u2714 Privacy Shield. Was es damit auf sich hat, erfahren Sie hier.","og_url":"https:\/\/pcspezialist.de\/blog\/2022\/02\/18\/privacy-shield\/","og_site_name":"PC-SPEZIALIST Blog","article_published_time":"2022-02-18T09:45:33+00:00","article_modified_time":"2024-03-26T11:50:21+00:00","og_image":[{"width":1500,"height":700,"url":"https:\/\/pcspezialist.de\/blog\/wp-content\/uploads\/2022\/02\/privacy-shield_pexels-brett-jordan-5426402.jpg","type":"image\/jpeg"}],"author":"Maren Keller","twitter_card":"summary_large_image","twitter_misc":{"Verfasst von":"Maren Keller","Gesch\u00e4tzte Lesezeit":"6\u00a0Minuten"},"schema":{"@context":"https:\/\/schema.org","@graph":[{"@type":"Article","@id":"https:\/\/pcspezialist.de\/blog\/2022\/02\/18\/privacy-shield\/#article","isPartOf":{"@id":"https:\/\/pcspezialist.de\/blog\/2022\/02\/18\/privacy-shield\/"},"author":{"name":"Maren Keller","@id":"https:\/\/pcspezialist.de\/blog\/#\/schema\/person\/e9cb801a8b8ea9138af26a02b8b6d14f"},"headline":"Privacy Shield ## Was ist das? Was hat Facebook damit zu tun?","datePublished":"2022-02-18T09:45:33+00:00","dateModified":"2024-03-26T11:50:21+00:00","mainEntityOfPage":{"@id":"https:\/\/pcspezialist.de\/blog\/2022\/02\/18\/privacy-shield\/"},"wordCount":890,"commentCount":0,"image":{"@id":"https:\/\/pcspezialist.de\/blog\/2022\/02\/18\/privacy-shield\/#primaryimage"},"thumbnailUrl":"https:\/\/pcspezialist.de\/blog\/wp-content\/uploads\/2022\/02\/privacy-shield_pexels-brett-jordan-5426402.jpg","keywords":["Facebook","Social Media","Datenschutz"],"articleSection":["Verschiedenes"],"inLanguage":"de","potentialAction":[{"@type":"CommentAction","name":"Comment","target":["https:\/\/pcspezialist.de\/blog\/2022\/02\/18\/privacy-shield\/#respond"]}]},{"@type":"WebPage","@id":"https:\/\/pcspezialist.de\/blog\/2022\/02\/18\/privacy-shield\/","url":"https:\/\/pcspezialist.de\/blog\/2022\/02\/18\/privacy-shield\/","name":"Privacy Shield: Was ist das? Was hat Facebook damit zu tun?","isPartOf":{"@id":"https:\/\/pcspezialist.de\/blog\/#website"},"primaryImageOfPage":{"@id":"https:\/\/pcspezialist.de\/blog\/2022\/02\/18\/privacy-shield\/#primaryimage"},"image":{"@id":"https:\/\/pcspezialist.de\/blog\/2022\/02\/18\/privacy-shield\/#primaryimage"},"thumbnailUrl":"https:\/\/pcspezialist.de\/blog\/wp-content\/uploads\/2022\/02\/privacy-shield_pexels-brett-jordan-5426402.jpg","datePublished":"2022-02-18T09:45:33+00:00","dateModified":"2024-03-26T11:50:21+00:00","author":{"@id":"https:\/\/pcspezialist.de\/blog\/#\/schema\/person\/e9cb801a8b8ea9138af26a02b8b6d14f"},"description":"\u2714 Meta droht, \u2714 Facebook und Co. in Europa abzuschalten, Grund sei der \u2714 Privacy Shield. Was es damit auf sich hat, erfahren Sie hier.","breadcrumb":{"@id":"https:\/\/pcspezialist.de\/blog\/2022\/02\/18\/privacy-shield\/#breadcrumb"},"inLanguage":"de","potentialAction":[{"@type":"ReadAction","target":["https:\/\/pcspezialist.de\/blog\/2022\/02\/18\/privacy-shield\/"]}]},{"@type":"ImageObject","inLanguage":"de","@id":"https:\/\/pcspezialist.de\/blog\/2022\/02\/18\/privacy-shield\/#primaryimage","url":"https:\/\/pcspezialist.de\/blog\/wp-content\/uploads\/2022\/02\/privacy-shield_pexels-brett-jordan-5426402.jpg","contentUrl":"https:\/\/pcspezialist.de\/blog\/wp-content\/uploads\/2022\/02\/privacy-shield_pexels-brett-jordan-5426402.jpg","width":1500,"height":700,"caption":"Was passiert mit Facebook, Instagram und Co. in Europa? Bild: Pexels\/Brett Jordan"},{"@type":"BreadcrumbList","@id":"https:\/\/pcspezialist.de\/blog\/2022\/02\/18\/privacy-shield\/#breadcrumb","itemListElement":[{"@type":"ListItem","position":1,"name":"Startseite","item":"https:\/\/pcspezialist.de\/blog\/"},{"@type":"ListItem","position":2,"name":"Privacy Shield ## Was ist das? Was hat Facebook damit zu tun?"}]},{"@type":"WebSite","@id":"https:\/\/pcspezialist.de\/blog\/#website","url":"https:\/\/pcspezialist.de\/blog\/","name":"PC-SPEZIALIST Blog","description":"IT-Service, Trends &amp; Technik","potentialAction":[{"@type":"SearchAction","target":{"@type":"EntryPoint","urlTemplate":"https:\/\/pcspezialist.de\/blog\/?s={search_term_string}"},"query-input":{"@type":"PropertyValueSpecification","valueRequired":true,"valueName":"search_term_string"}}],"inLanguage":"de"},{"@type":"Person","@id":"https:\/\/pcspezialist.de\/blog\/#\/schema\/person\/e9cb801a8b8ea9138af26a02b8b6d14f","name":"Maren Keller","description":"PC-SPEZIALIST ist eine Marke der in Schlo\u00df Holte ans\u00e4ssigen SYNAXON. Seit 2016 arbeitet Maren Keller f\u00fcr den PC-SPEZIALIST-Blog. Gestartet als Online-Redakteurin ist sie mittlerweile Content Marketing Managerin und tr\u00e4gt unter anderem die Verantwortung f\u00fcr die Inhalte des Blogs. In den Jahren 2017 und 2020 hat sie parallel f\u00fcr den Blog des IT-SERVICE.NETWORK geschrieben. Die studierte Germanistin und Politologin hat einen Sp\u00fcrsinn f\u00fcr aktuelle Bedrohungen im IT-Bereich entwickelt und versteht es, das Fachwissen von PC-SPEZIALIST dem Leser verst\u00e4ndlich darzubieten. Nicht zu verleugnen ist allerdings ihre Ungeduld, die sich in flinken Fingern auf der Tastatur zeigt und gleichzeitig f\u00fcr einen hohen Output sorgt. Ihre journalistische Karriere begann Maren Keller Mitte der 1990er Jahre mit dem Verfassen von Sportberichten f\u00fcr die Regionalseiten ihrer Heimatzeitung in Bremerhaven. Nach dem Studium in Hannover, das von zahlreichen Praktika bei Funk, Fernsehen und Zeitung begleitet wurde, kehrte sie f\u00fcr ein journalistisches Volontariat in ihre Heimat zur\u00fcck, um bei der NORDSEE-ZEITUNG den Beruf des Redakteurs von der Pike auf zu lernen und anschlie\u00dfend in der Sportredaktion zu arbeiten. W\u00e4hrend ihrer Elternzeiten und beruflich bedingten Umz\u00fcgen arbeitete sie als freie Journalistin f\u00fcr verschiedene Tageszeitungen und fand 2016 den Weg zur SYNAXON, wo sie heute als Content Marketing Managerin in Lohn und Brot steht. In ihrer Freizeit zeigt sie ihr Talent f\u00fcr\u2019s Schreiben nicht. Stattdessen liegen ihre Schwerpunkt dort im Bereich Haus, Familie, Garten und Hund. Au\u00dferdem ist sie musikalisch unterwegs, bl\u00e4st das Jagdhorn in einem Bl\u00e4serkorps, spielt Klavier und singt im Chor. Sie haben Fragen an Maren Keller? Sie erreichen sie per E-Mail an redaktion@pcspezialist.de","url":"https:\/\/pcspezialist.de\/blog\/author\/maren\/"}]}},"_links":{"self":[{"href":"https:\/\/pcspezialist.de\/blog\/wp-json\/wp\/v2\/posts\/59450","targetHints":{"allow":["GET"]}}],"collection":[{"href":"https:\/\/pcspezialist.de\/blog\/wp-json\/wp\/v2\/posts"}],"about":[{"href":"https:\/\/pcspezialist.de\/blog\/wp-json\/wp\/v2\/types\/post"}],"author":[{"embeddable":true,"href":"https:\/\/pcspezialist.de\/blog\/wp-json\/wp\/v2\/users\/98"}],"replies":[{"embeddable":true,"href":"https:\/\/pcspezialist.de\/blog\/wp-json\/wp\/v2\/comments?post=59450"}],"version-history":[{"count":22,"href":"https:\/\/pcspezialist.de\/blog\/wp-json\/wp\/v2\/posts\/59450\/revisions"}],"predecessor-version":[{"id":70879,"href":"https:\/\/pcspezialist.de\/blog\/wp-json\/wp\/v2\/posts\/59450\/revisions\/70879"}],"wp:featuredmedia":[{"embeddable":true,"href":"https:\/\/pcspezialist.de\/blog\/wp-json\/wp\/v2\/media\/59544"}],"wp:attachment":[{"href":"https:\/\/pcspezialist.de\/blog\/wp-json\/wp\/v2\/media?parent=59450"}],"wp:term":[{"taxonomy":"category","embeddable":true,"href":"https:\/\/pcspezialist.de\/blog\/wp-json\/wp\/v2\/categories?post=59450"},{"taxonomy":"post_tag","embeddable":true,"href":"https:\/\/pcspezialist.de\/blog\/wp-json\/wp\/v2\/tags?post=59450"}],"curies":[{"name":"wp","href":"https:\/\/api.w.org\/{rel}","templated":true}]}}