{"id":59006,"date":"2022-01-17T10:45:19","date_gmt":"2022-01-17T09:45:19","guid":{"rendered":"https:\/\/www.pcspezialist.de\/blog\/?p=59006"},"modified":"2024-11-05T08:04:55","modified_gmt":"2024-11-05T07:04:55","slug":"medienkompetenz","status":"publish","type":"post","link":"https:\/\/pcspezialist.de\/blog\/2022\/01\/17\/medienkompetenz\/","title":{"rendered":"Medienkompetenz f\u00fcr Kinder ## Digitale Kompetenz von Kindern durch App st\u00e4rken"},"content":{"rendered":"<p><strong>Wie wichtig die Medienkompetenz ihrer Kinder ist, sehen Eltern sp\u00e4testens dann, wenn der Nachwuchs in eine Abofalle tappt oder Opfer von Cybermobbing wird. Damit es dazu gar nicht erst kommt, gibt es eine neue App. <\/strong><\/p>\n<p>Diese App will die Medienkompetenz von Kindern st\u00e4rken. Auf spielerische Art und Weise. Wir stellen die Anwendung vor.<\/p>\n<p><!--more--><\/p>\n<div style=\"background: #f2f2f2; padding: 15px 15px 5px; margin: 30px 0;\">\n<p><strong>Unser Beitrag \u00fcber Medienkompetenz f\u00fcr Kinder im \u00dcberblick:\u00a0<\/strong><\/p>\n<ol style=\"line-height: 1.7;\">\n<li><a href=\"#eins\">Idealwelt versus Realit\u00e4t<\/a><\/li>\n<li><a href=\"#zwei\">Medienkompetenz sch\u00fctzt vor Internetgefahren<\/a><\/li>\n<li><a href=\"#drei\">Was ist Medienkompetenz?<\/a><\/li>\n<li><a href=\"#sechs\">Tipps f\u00fcr Eltern<\/a><\/li>\n<li><a href=\"#vier\">Medienkompetenz-App f\u00fcr Schulkinder<\/a><\/li>\n<li><a href=\"#fuenf\">Worum geht es in der App?<\/a><\/li>\n<\/ol>\n<\/div>\n<h2 id=\"eins\">Idealwelt versus Realit\u00e4t<\/h2>\n<p>Die <strong>Idealwelt<\/strong>, in der <strong>Kinder<\/strong> m\u00f6glichst <strong>aufwachsen<\/strong> sollen, sieht wohl in etwa so aus: gemeinsame Mahlzeiten, Holzspielzeug, Eltern mit viel Zeit und vor allem: drau\u00dfen toben, auf B\u00e4ume klettern, aufgeschlagene Knie haben&#8230; Fernsehen, Handy und Tablet verw\u00fcnschen viele Eltern.<\/p>\n<p>Allerdings \u2013 und das vergessen Erziehungsberechtigte gern \u2013 <strong>spiegeln Kinder<\/strong> das <strong>Verhalten ihrer Eltern<\/strong>. Und daddeln die viel am Handy oder sitzen stundenlang vorm Computer, dann ahmen Kinder dieses Verhalten zwangsl\u00e4ufig einfach nach. Sie kennen es ja nicht anders.<\/p>\n<p>Ohne Zweifel \u2013 Medien nehmen einen immer gr\u00f6\u00dferen Raum in unserem Leben ein. Fast nichts geht mehr ohne Handy oder Tablet. Viele Arbeitspl\u00e4tze setzen Computerkenntnisse voraus und so ist es kein Wunder, dass auch die <strong>Kleinsten<\/strong> schon <strong>fr\u00fch mit der digitalen Welt in Kontakt<\/strong> kommen. Sie wachsen selbstverst\u00e4ndlich mit digitalen Medien auf. Und in Ma\u00dfen ist das auch alles andere als schlecht. Das gilt vor allem, wenn die notwendige <strong>Medienkompetenz<\/strong> erlernt wurde.<\/p>\n<div id=\"attachment_59011\" style=\"width: 660px\" class=\"wp-caption alignright\"><img loading=\"lazy\" decoding=\"async\" aria-describedby=\"caption-attachment-59011\" class=\"size-full wp-image-59011\" src=\"https:\/\/pcspezialist.de\/blog\/wp-content\/uploads\/2022\/01\/Medienkompetenz_kelly-sikkema-iu3MkDoQXDM-unsplash.jpg\" alt=\"Medienkompetenz: Kleines M\u00e4dchen mit Smartphone kniet vor Blumenbeet, um zu fotografieren. Bild: Unsplash\/Kelly Sikkema\" width=\"650\" height=\"450\" \/><p id=\"caption-attachment-59011\" class=\"wp-caption-text\">Schon fr\u00fch kommen Kinder mit digitalen Medien in Ber\u00fchrung. Gut, wenn Sie die n\u00f6tige Medienkompetenz haben. Bild: Unsplash\/Kelly Sikkema<\/p><\/div>\n<h2 id=\"zwei\">Medienkompetenz sch\u00fctzt vor Internetgefahren<\/h2>\n<p>Allerdings sollten Eltern darauf achten, dass die <strong>Dauer der Mediennutzung<\/strong> nicht \u00fcberhand nimmt, da sonst die <a href=\"https:\/\/pcspezialist.de\/blog\/2019\/05\/02\/kindergesundheit\/\">Kindergesundheit<\/a> Schaden nehmen kann. Ebenso wichtig ist, dass Eltern wissen, was ihre Kinder an PC und Handy tun und die <a href=\"https:\/\/pcspezialist.de\/blog\/2018\/06\/25\/kinder-gefahren-im-internet\/\">Gefahren des Internets<\/a> nicht verkennen.<\/p>\n<p>Zum Gl\u00fcck gibt es gute <a href=\"https:\/\/pcspezialist.de\/blog\/2017\/12\/04\/kinderschutzsoftware\/\">Kinderschutzsoftware<\/a>, die den <strong>Nachwuchs vor <\/strong>den <strong>Gefahren bewahrt<\/strong>. Und das <a href=\"https:\/\/pcspezialist.de\/privat\/servicepakete\/eins-fuer-alles-paket\/\">Eins-f\u00fcr-Alles-Paket von PC-SPEZIALIST<\/a> enth\u00e4lt auf Wunsch einen <strong>Webfilter<\/strong>, der unerw\u00fcnschte und jugendgef\u00e4hrdende Inhalte sperrt.<\/p>\n<p>Aktive <strong>Unterst\u00fctzung<\/strong> finden Eltern zudem bei den Initiativen \u201e<a href=\"https:\/\/www.schau-hin.info\/\" target=\"_blank\" rel=\"noopener\">Schau hin<\/a>\u201c und \u201e<a href=\"https:\/\/www.gutes-aufwachsen-mit-medien.de\/\" target=\"_blank\" rel=\"noopener\">Gutes Aufwachsen mit Medien<\/a>\u201c.\u00a0 Dort finden sich <strong>hilfreiche Informationen<\/strong> zur Medienerziehung und -nutzung rund um Computer, Tablet und Co. Auch beim zust\u00e4ndigen <a href=\"https:\/\/www.bmfsfj.de\/bmfsfj\/themen\/kinder-und-jugend\/medienkompetenz\/medienkompetenz-staerken-75350\" target=\"_blank\" rel=\"noopener\">Bundesministerium<\/a> finden sich Angebote.<\/p>\n<p>Eines sollte n\u00e4mlich klar sein: Sp\u00e4testens in der <strong>weiterf\u00fchrenden Schule<\/strong>, wenn nicht <strong>sogar schon fr\u00fcher<\/strong>, ist die Zeit gekommen, in der <strong>Kinder<\/strong> ein <strong>Handy oder andere internetf\u00e4hige Ger\u00e4te<\/strong> bei sich <strong>haben<\/strong>. Und es ist gut und wichtig, wenn die Kinder dann schon ein wenig Medienkompetenz besitzen.<\/p>\n<h2 id=\"drei\">Was ist Medienkompetenz?<\/h2>\n<p>Was genau versteht man unter Medienkompetenz? Laut <strong>Gablers Wirtschaftslexikon<\/strong> handelt es sich dabei um \u201edie F\u00e4higkeit, sowohl die verschiedenen Medienkan\u00e4le als auch deren Inhalte kompetent und vor allem kritisch zu nutzen sowie mit und in diesen Kan\u00e4len zu agieren.\u201c Dabei wird die Medienkompetenz von<strong> vier Dimensionen<\/strong> beschrieben:<\/p>\n<ul>\n<li><strong>Sachkompetenz <\/strong>stellt das <strong>Wissen \u00fcber<\/strong> die <strong>Medien und ihre Vielfalt<\/strong> dar. Es gibt Zeitungen, Zeitschriften, Fernsehen, Radio und Online-Angebote. Zum Sachwissen geh\u00f6rt auch, dass man die Medien einordnen kann, ihre Seriosit\u00e4t und Vertrauensw\u00fcrdigkeit, aber auch das Manipulationsrisiko einsch\u00e4tzen kann.<\/li>\n<li><strong>Rezeptionskompetenz <\/strong>ist die F\u00e4higkeit, <strong>Medien kritisch<\/strong> zu <strong>nutzen<\/strong> und die <strong>Informationen<\/strong> aus verschiedenen Quellen zu <strong>bewerten<\/strong>. Ziel muss es sein, zu erkennen, ob Nachrichten neutral sind. Ein kritischer Nutzer versucht beispielsweise zu erkennen, wenn Nachrichten nur dazu dienen, das eigene Unternehmen positiv darzustellen.<\/li>\n<li><strong>Partizipationskompetenz<\/strong>\u00a0beschreibt die F\u00e4higkeit, <strong>Inhalte<\/strong> f\u00fcr Medien <strong>eigenst\u00e4ndig<\/strong> zu <strong>gestalten<\/strong> und geht nat\u00fcrlich weit dar\u00fcber hinaus, einen Beitrag auf Facebook, YouTube und Co. zu liken. Hier geht es zum einen darum, dass man Beitr\u00e4ge mit eigene Meinung kommentiert, Leserbriefe an die Zeitung schickt oder eigene Inhalte, online etwa f\u00fcr <a href=\"https:\/\/pcspezialist.de\/blog\/2019\/04\/24\/was-ist-tiktok\/\">TikTok<\/a> oder offline f\u00fcr die Sch\u00fclerzeitung selbst erstellt.<\/li>\n<li><strong>Selbstreflexionskompetenz<\/strong>\u00a0ist die F\u00e4higkeit, das eigene <strong>Nutzungsverhalten<\/strong> zu <strong>analysieren<\/strong>. Hier gilt es, folgende Fragen zu stellen: Wie viel Zeit verbringe ich mit Medien, wie nutze ich sie und welche Auswirkungen hat der Medienkonsum auf mein Leben. Dabei sollte man nicht vergessen, dass das Internet nichts vergisst! Googelt ein potenzieller Arbeitgeber den Bewerbernamen oder findet ein Vermieter wilde Partys von einem Wohnungsbewerber, k\u00f6nnen solche Inhalte Karrieren verhindern und zu Absagen f\u00fchren.<\/li>\n<\/ul>\n<p>Alle <strong>vier Kompetenzen<\/strong> <strong>zusammen<\/strong> bilden laut Wirtschaftslexikon die <strong>Medienkompetenz<\/strong>. Klar, dass <strong>Kinder<\/strong> nicht \u00fcber alle Kompetenzen verf\u00fcgen k\u00f6nnen, aber sie <strong>m\u00fcssen sie erlernen<\/strong>.<\/p>\n<div id=\"attachment_71904\" style=\"width: 660px\" class=\"wp-caption alignright\"><img loading=\"lazy\" decoding=\"async\" aria-describedby=\"caption-attachment-71904\" class=\"size-full wp-image-71904\" src=\"https:\/\/pcspezialist.de\/blog\/wp-content\/uploads\/2022\/01\/medienkompetenz_surface-OaD5um45Cik-unsplash.jpg\" alt=\"Medienkompetenz: Vater mit zwei kleinen Kindern auf dem Scho\u00df vor einem Surface. Bild: Unsplash\/Surface\" width=\"650\" height=\"434\" \/><p id=\"caption-attachment-71904\" class=\"wp-caption-text\">Begleiten Sie Ihr Kind, wenn es die Welt der Medien entdeckt. Bild: Unsplash\/<a href=\"https:\/\/unsplash.com\/de\/fotos\/a-man-and-two-children-looking-at-a-laptop-OaD5um45Cik\" target=\"_blank\" rel=\"noopener\">Surface<\/a><\/p><\/div>\n<h2 id=\"sechs\">Tipps f\u00fcr Eltern<\/h2>\n<p>Auch f\u00fcr Eltern die die Welt der Medien nicht immer leicht zu durchschauen. Oftmals f\u00fchlen sich <strong>Eltern \u00fcberfordert<\/strong>, da die lieben Kleinen anscheinend immer einen Schritt voraus sind, die n\u00e4chste App installiert haben, in sozialen Medien unterwegs sind und und und. Damit die <strong>Medienkompetenz<\/strong> denn nicht zu kurz kommt, haben wir Tipps f\u00fcr Sie:<\/p>\n<ol>\n<li><strong>Erkl\u00e4ren Sie Begriffe und Inhalte aus der Medienwelt<\/strong>, damit Ihr Kind digitale Medien versteht. Kennt es die Bedeutung von Chat-Rooms, Foren, Social Media oder Fake-News, kann es sich leichter im digitalen Raum zurechtfinden.<\/li>\n<li><strong>Begrenzen Sie die Bildschirmzeit und den Medienkonsum<\/strong>, um eine Reiz\u00fcberflutung zu vermeiden. Kinder sollten lernen, dass es wichtig ist, Zeit f\u00fcr Aktivit\u00e4ten wie Spielen im Freien, Lesen oder Hausaufgaben einzuplanen. Klare Regeln f\u00fcr die Bildschirmzeit helfen, ein gesundes Gleichgewicht zwischen Online- und Offline-Aktivit\u00e4ten zu finden.<\/li>\n<li><strong>Sprechen Sie Gefahren an<\/strong>. Dazu geh\u00f6ren beispielsweise Cybermobbing, ungeeignete Inhalte, Fake-News oder Datenschutzrisiken. Nur wenn Ihr Kind die Gefahren kennt, kann Ihr Kind digitale Medien reflektiert nutzen.<\/li>\n<li><strong>Seien Sie Ihrem Kind ein Vorbild<\/strong> und gehen Sie selbst verantwortungsvoll mit Medien um. Begrenzen Sie Ihre eigene Bildschirmzeit und halten Sie sich selbst auch an Regeln,\u00a0 wie \u201ekeine elektronischen Ger\u00e4te am Esstisch\u201c.<\/li>\n<li><strong>Treffen Sie Sicherheitsvorkehrungen<\/strong>, indem Sie\u00a0Kinder- und Jugendschutzfilter aktivieren oder kindgerechte Suchmaschinen wie <a href=\"https:\/\/www.fragfinn.de\/\" target=\"_blank\" rel=\"noopener\">fragfinn.de<\/a> etablieren.<\/li>\n<li><strong>Vertrauen Sie Ihrem Kind<\/strong> und ziehen Sie es in Entscheidungen \u00fcber neue Regeln, mehr Bildschirmzeit oder ein eigenes Ger\u00e4t ein. Damit st\u00e4rken Sie das Selbstbewusstsein Ihres Kindes und f\u00f6rdern sein Vertrauen in Sie.<\/li>\n<li><strong>Bleiben Sie Ansprechpartner Nr. 1<\/strong>\u00a0und schaffen Sie ein offenes Gespr\u00e4chsklima, damit es bei Fragen oder Probleme im Zusammenhang mit digitalen Medien zu Ihnen kommt.<\/li>\n<\/ol>\n<p>Wichtig: Jedes Kind ist anders und es gibt nicht den einen Tipp, der f\u00fcr alle gilt. Wichtig ist, dass Sie Interesse an Ihrem Kind zeigen und auch mal gemeinsam etwas im Internet anschauen. <strong>Vertrauen aufbauen, Selbstbewusstsein st\u00e4rken<\/strong> \u2013 darum geht es und zwar von Beginn an.<\/p>\n<h2 id=\"vier\">Medienkompetenz-App f\u00fcr Schulkinder<\/h2>\n<p>Damit Kinder und vor allem <strong>Sch\u00fcler<\/strong>, die dank der Corona-Pandemie noch fr\u00fcher <a href=\"https:\/\/pcspezialist.de\/blog\/2020\/03\/27\/homeschooling\/\">digital lernen<\/a> m\u00fcssen und auch mehr <a href=\"https:\/\/pcspezialist.de\/blog\/2020\/08\/10\/digitale-spiele\/\">digital spielen<\/a>, ein <strong>gewisses Ma\u00df an Medienkompetenz erlernen<\/strong>, gibt es eine <strong>neue App<\/strong>, die dabei helfen soll. Altbekannt und vielgenutzt d\u00fcrfte die <a href=\"https:\/\/pcspezialist.de\/blog\/2020\/03\/31\/anton-lern-app\/\">Anton-Lern-App<\/a> sein, die f\u00fcr Sch\u00fcler der Klassen 1 bis 10 konzipiert wurde.<\/p>\n<p>Die neue App tr\u00e4gt den Namen \u201e<strong>Wo ist Goldi?<\/strong>\u201c und ist f\u00fcr Kinder zwischen acht und zehn Jahre gedacht. Mit der <strong>Spiele-App<\/strong> sollen Kinder spielerisch den sicheren Umgang mit digitalen Medien erlernen. Herausgegeben hat sie die bayrische Staatsregierung, erh\u00e4ltlich ist sie sowohl f\u00fcr <a href=\"https:\/\/play.google.com\/store\/apps\/details?id=de.bayern.stmd.woistgoldi\" target=\"_blank\" rel=\"noopener\">Android-Ger\u00e4te<\/a> als auch f\u00fcr <a href=\"https:\/\/apps.apple.com\/app\/id1590168234\" target=\"_blank\" rel=\"noopener\">Apples iPads<\/a>.<\/p>\n<p>Die App enth\u00e4lt neben dem <strong>spannenden Spiel f\u00fcr Kinder<\/strong> einen <strong>Elternbereich<\/strong>. Dort erhalten Eltern einen kurzen \u00dcberblick \u00fcber die Handlung und die Lernziele der Kapitel. Au\u00dferdem sind <strong>erg\u00e4nzende Hinweise<\/strong> angegeben. Sie beinhalten weiterf\u00fchrende Angeboten zum Thema digitale Medienkompetenz.<\/p>\n<div id=\"attachment_59016\" style=\"width: 660px\" class=\"wp-caption alignright\"><img loading=\"lazy\" decoding=\"async\" aria-describedby=\"caption-attachment-59016\" class=\"size-full wp-image-59016\" src=\"https:\/\/pcspezialist.de\/blog\/wp-content\/uploads\/2022\/01\/Medienkompetenz_compare-fibre-JiOFFI3W7IA-unsplash.jpg\" alt=\"Medienkompetenz: Junge im roten Pulli mit Kopfh\u00f6rern vorm Laptop. Bild: Unsplash\/Compare Fibre\" width=\"650\" height=\"450\" \/><p id=\"caption-attachment-59016\" class=\"wp-caption-text\">Die Corona-Pandemie hat auch die J\u00fcngsten von jetzt auf gleich digitalisiert. Gut, wenn Medienkompetenz aufgebaut wird. Bild: Unsplash\/Ccompare Fibre<\/p><\/div>\n<h2 id=\"fuenf\">Worum geht es in der App?<\/h2>\n<p>Die App \u201e<strong>Wo ist Goldi?<\/strong>\u201c will Medienkompetenz vermitteln. Sie <strong>spielt in einer Schule<\/strong>, in der Gefahren aus der digitalen Welt Unruhe stiften und f\u00fcr Chaos sorgen. Mit diesen Gefahren m\u00fcssen die App-Nutzer umgehen. Dabei lernen Sie, wie sie <strong>mit Cybermobbing umgehen<\/strong> sollen oder <strong>Fake News<\/strong> <strong>erkennen<\/strong>. Die Lerninhalte sind dabei in eine spannende Spielhandlung integriert.<\/p>\n<p>Dabei schl\u00fcpfen die App-Nutzer in eine von f\u00fcnf verschiedenen Figuren und erlebt mit dieser Figur spannende und lehrreiche Abenteuer \u2013 immer auf der Suche nach dem verschwundenen Goldfisch Goldi. Mini-Games m\u00fcssen dabei genauso gel\u00f6st werden wie\u00a0 spannende R\u00e4tsel, Konflikte und Probleme \u2013 und das gemeinsam mit anderen. So werden auch <strong>soziale Kompetenzen geschult<\/strong> und fast nebenbei lernen die Kinder die <strong>Grundlagen f\u00fcr den richtigen Umgang mit dem Internet<\/strong> \u2013 vom sicheren Passwort bis zum fairen Verhalten in sozialen Medien.<\/p>\n<p>Die\u00a0App\u00a0kann ohne Internetverbindung gespielt werden und <strong>Spielst\u00e4nde<\/strong> werden ausschlie\u00dflich <strong>lokal auf dem Ger\u00e4t<\/strong> gespeichert. Die Entwicklung der App fand in Zusammenarbeit mit dem JFF-Institut f\u00fcr Medienp\u00e4dagogik statt und wurde mit Kindern getestet und weiterentwickelt.<\/p>\n<p>_______________________________________________<\/p>\n<p><small>Weiterf\u00fchrende Links: <a href=\"https:\/\/www.stmd.bayern.de\/themen\/wo-ist-goldi\" target=\"_blank\" rel=\"noopener\">stmd.bayern<\/a>, <a href=\"https:\/\/wirtschaftslexikon.gabler.de\/definition\/medienkompetenz-122191\" target=\"_blank\" rel=\"noopener\">Wirtschaftslexikon<\/a>, <a href=\"https:\/\/play.google.com\/store\/apps\/details?id=de.bayern.stmd.woistgoldi\" target=\"_blank\" rel=\"noopener\">Google Play Store<\/a>, <a href=\"https:\/\/apps.apple.com\/app\/id1590168234\" target=\"_blank\" rel=\"noopener\">Apple App Store<\/a>, <a href=\"https:\/\/starkekids.com\/medienkompetenz-kinder\/\" target=\"_blank\" rel=\"noopener\">starekids<\/a>, Unsplash\/Alexander Dummer (Headerbild)<\/small><\/p>\n","protected":false},"excerpt":{"rendered":"<p>Wie wichtig die Medienkompetenz ihrer Kinder ist, sehen Eltern sp\u00e4testens dann, wenn der Nachwuchs in eine Abofalle tappt oder Opfer von Cybermobbing wird. Damit es dazu gar nicht erst kommt, gibt es eine neue App. Diese App will die Medienkompetenz von Kindern st\u00e4rken. Auf spielerische Art und Weise. Wir stellen die Anwendung vor.<\/p>\n","protected":false},"author":98,"featured_media":59009,"comment_status":"open","ping_status":"closed","sticky":false,"template":"","format":"standard","meta":{"footnotes":""},"categories":[6913],"tags":[620,1250,7861,10199],"class_list":["post-59006","post","type-post","status-publish","format-standard","has-post-thumbnail","hentry","category-verschiedenes","tag-kinder","tag-social-media","tag-apps","tag-mediennutzung"],"yoast_head":"<!-- This site is optimized with the Yoast SEO plugin v27.5 - https:\/\/yoast.com\/product\/yoast-seo-wordpress\/ -->\n<title>Medienkompetenz f\u00fcr Kinder: App st\u00e4rkt digitale Kompetenz<\/title>\n<meta name=\"description\" content=\"Damit Kinder in der \u2714 digitalen Welt gut aufwachsen, muss ihre \u2714 Medienkompetenz gef\u00f6rdert werden \u2714 Medienkompetenz-App.\" \/>\n<meta name=\"robots\" content=\"index, follow, max-snippet:-1, max-image-preview:large, max-video-preview:-1\" \/>\n<link rel=\"canonical\" href=\"https:\/\/pcspezialist.de\/blog\/2022\/01\/17\/medienkompetenz\/\" \/>\n<meta property=\"og:locale\" content=\"de_DE\" \/>\n<meta property=\"og:type\" content=\"article\" \/>\n<meta property=\"og:title\" content=\"Medienkompetenz f\u00fcr Kinder: App st\u00e4rkt digitale Kompetenz\" \/>\n<meta property=\"og:description\" content=\"Damit Kinder in der \u2714 digitalen Welt gut aufwachsen, muss ihre \u2714 Medienkompetenz gef\u00f6rdert werden \u2714 Medienkompetenz-App.\" \/>\n<meta property=\"og:url\" content=\"https:\/\/pcspezialist.de\/blog\/2022\/01\/17\/medienkompetenz\/\" \/>\n<meta property=\"og:site_name\" content=\"PC-SPEZIALIST Blog\" \/>\n<meta property=\"article:published_time\" content=\"2022-01-17T09:45:19+00:00\" \/>\n<meta property=\"article:modified_time\" content=\"2024-11-05T07:04:55+00:00\" \/>\n<meta property=\"og:image\" content=\"https:\/\/pcspezialist.de\/blog\/wp-content\/uploads\/2022\/01\/Medienkompetenz_alexander-dummer-UH-xs-FizTk-unsplash.jpg\" \/>\n\t<meta property=\"og:image:width\" content=\"1500\" \/>\n\t<meta property=\"og:image:height\" content=\"700\" \/>\n\t<meta property=\"og:image:type\" content=\"image\/jpeg\" \/>\n<meta name=\"author\" content=\"Maren Keller\" \/>\n<meta name=\"twitter:card\" content=\"summary_large_image\" \/>\n<meta name=\"twitter:label1\" content=\"Verfasst von\" \/>\n\t<meta name=\"twitter:data1\" content=\"Maren Keller\" \/>\n\t<meta name=\"twitter:label2\" content=\"Gesch\u00e4tzte Lesezeit\" \/>\n\t<meta name=\"twitter:data2\" content=\"9\u00a0Minuten\" \/>\n<script type=\"application\/ld+json\" class=\"yoast-schema-graph\">{\"@context\":\"https:\\\/\\\/schema.org\",\"@graph\":[{\"@type\":\"Article\",\"@id\":\"https:\\\/\\\/pcspezialist.de\\\/blog\\\/2022\\\/01\\\/17\\\/medienkompetenz\\\/#article\",\"isPartOf\":{\"@id\":\"https:\\\/\\\/pcspezialist.de\\\/blog\\\/2022\\\/01\\\/17\\\/medienkompetenz\\\/\"},\"author\":{\"name\":\"Maren Keller\",\"@id\":\"https:\\\/\\\/pcspezialist.de\\\/blog\\\/#\\\/schema\\\/person\\\/e9cb801a8b8ea9138af26a02b8b6d14f\"},\"headline\":\"Medienkompetenz f\u00fcr Kinder ## Digitale Kompetenz von Kindern durch App st\u00e4rken\",\"datePublished\":\"2022-01-17T09:45:19+00:00\",\"dateModified\":\"2024-11-05T07:04:55+00:00\",\"mainEntityOfPage\":{\"@id\":\"https:\\\/\\\/pcspezialist.de\\\/blog\\\/2022\\\/01\\\/17\\\/medienkompetenz\\\/\"},\"wordCount\":1511,\"commentCount\":1,\"image\":{\"@id\":\"https:\\\/\\\/pcspezialist.de\\\/blog\\\/2022\\\/01\\\/17\\\/medienkompetenz\\\/#primaryimage\"},\"thumbnailUrl\":\"https:\\\/\\\/pcspezialist.de\\\/blog\\\/wp-content\\\/uploads\\\/2022\\\/01\\\/Medienkompetenz_alexander-dummer-UH-xs-FizTk-unsplash.jpg\",\"keywords\":[\"Kinder\",\"Social Media\",\"Apps\",\"Mediennutzung\"],\"articleSection\":[\"Verschiedenes\"],\"inLanguage\":\"de\",\"potentialAction\":[{\"@type\":\"CommentAction\",\"name\":\"Comment\",\"target\":[\"https:\\\/\\\/pcspezialist.de\\\/blog\\\/2022\\\/01\\\/17\\\/medienkompetenz\\\/#respond\"]}]},{\"@type\":\"WebPage\",\"@id\":\"https:\\\/\\\/pcspezialist.de\\\/blog\\\/2022\\\/01\\\/17\\\/medienkompetenz\\\/\",\"url\":\"https:\\\/\\\/pcspezialist.de\\\/blog\\\/2022\\\/01\\\/17\\\/medienkompetenz\\\/\",\"name\":\"Medienkompetenz f\u00fcr Kinder: App st\u00e4rkt digitale Kompetenz\",\"isPartOf\":{\"@id\":\"https:\\\/\\\/pcspezialist.de\\\/blog\\\/#website\"},\"primaryImageOfPage\":{\"@id\":\"https:\\\/\\\/pcspezialist.de\\\/blog\\\/2022\\\/01\\\/17\\\/medienkompetenz\\\/#primaryimage\"},\"image\":{\"@id\":\"https:\\\/\\\/pcspezialist.de\\\/blog\\\/2022\\\/01\\\/17\\\/medienkompetenz\\\/#primaryimage\"},\"thumbnailUrl\":\"https:\\\/\\\/pcspezialist.de\\\/blog\\\/wp-content\\\/uploads\\\/2022\\\/01\\\/Medienkompetenz_alexander-dummer-UH-xs-FizTk-unsplash.jpg\",\"datePublished\":\"2022-01-17T09:45:19+00:00\",\"dateModified\":\"2024-11-05T07:04:55+00:00\",\"author\":{\"@id\":\"https:\\\/\\\/pcspezialist.de\\\/blog\\\/#\\\/schema\\\/person\\\/e9cb801a8b8ea9138af26a02b8b6d14f\"},\"description\":\"Damit Kinder in der \u2714 digitalen Welt gut aufwachsen, muss ihre \u2714 Medienkompetenz gef\u00f6rdert werden \u2714 Medienkompetenz-App.\",\"breadcrumb\":{\"@id\":\"https:\\\/\\\/pcspezialist.de\\\/blog\\\/2022\\\/01\\\/17\\\/medienkompetenz\\\/#breadcrumb\"},\"inLanguage\":\"de\",\"potentialAction\":[{\"@type\":\"ReadAction\",\"target\":[\"https:\\\/\\\/pcspezialist.de\\\/blog\\\/2022\\\/01\\\/17\\\/medienkompetenz\\\/\"]}]},{\"@type\":\"ImageObject\",\"inLanguage\":\"de\",\"@id\":\"https:\\\/\\\/pcspezialist.de\\\/blog\\\/2022\\\/01\\\/17\\\/medienkompetenz\\\/#primaryimage\",\"url\":\"https:\\\/\\\/pcspezialist.de\\\/blog\\\/wp-content\\\/uploads\\\/2022\\\/01\\\/Medienkompetenz_alexander-dummer-UH-xs-FizTk-unsplash.jpg\",\"contentUrl\":\"https:\\\/\\\/pcspezialist.de\\\/blog\\\/wp-content\\\/uploads\\\/2022\\\/01\\\/Medienkompetenz_alexander-dummer-UH-xs-FizTk-unsplash.jpg\",\"width\":1500,\"height\":700,\"caption\":\"Medienkompetenz m\u00fcssen Kinder von klein auf lernen. Bild: Unsplash\\\/Alexander Dummer\"},{\"@type\":\"BreadcrumbList\",\"@id\":\"https:\\\/\\\/pcspezialist.de\\\/blog\\\/2022\\\/01\\\/17\\\/medienkompetenz\\\/#breadcrumb\",\"itemListElement\":[{\"@type\":\"ListItem\",\"position\":1,\"name\":\"Startseite\",\"item\":\"https:\\\/\\\/pcspezialist.de\\\/blog\\\/\"},{\"@type\":\"ListItem\",\"position\":2,\"name\":\"Medienkompetenz f\u00fcr Kinder ## Digitale Kompetenz von Kindern durch App st\u00e4rken\"}]},{\"@type\":\"WebSite\",\"@id\":\"https:\\\/\\\/pcspezialist.de\\\/blog\\\/#website\",\"url\":\"https:\\\/\\\/pcspezialist.de\\\/blog\\\/\",\"name\":\"PC-SPEZIALIST Blog\",\"description\":\"IT-Service, Trends &amp; Technik\",\"potentialAction\":[{\"@type\":\"SearchAction\",\"target\":{\"@type\":\"EntryPoint\",\"urlTemplate\":\"https:\\\/\\\/pcspezialist.de\\\/blog\\\/?s={search_term_string}\"},\"query-input\":{\"@type\":\"PropertyValueSpecification\",\"valueRequired\":true,\"valueName\":\"search_term_string\"}}],\"inLanguage\":\"de\"},{\"@type\":\"Person\",\"@id\":\"https:\\\/\\\/pcspezialist.de\\\/blog\\\/#\\\/schema\\\/person\\\/e9cb801a8b8ea9138af26a02b8b6d14f\",\"name\":\"Maren Keller\",\"description\":\"PC-SPEZIALIST ist eine Marke der in Schlo\u00df Holte ans\u00e4ssigen SYNAXON. Seit 2016 arbeitet Maren Keller f\u00fcr den PC-SPEZIALIST-Blog. Gestartet als Online-Redakteurin ist sie mittlerweile Content Marketing Managerin und tr\u00e4gt unter anderem die Verantwortung f\u00fcr die Inhalte des Blogs. In den Jahren 2017 und 2020 hat sie parallel f\u00fcr den Blog des IT-SERVICE.NETWORK geschrieben. Die studierte Germanistin und Politologin hat einen Sp\u00fcrsinn f\u00fcr aktuelle Bedrohungen im IT-Bereich entwickelt und versteht es, das Fachwissen von PC-SPEZIALIST dem Leser verst\u00e4ndlich darzubieten. Nicht zu verleugnen ist allerdings ihre Ungeduld, die sich in flinken Fingern auf der Tastatur zeigt und gleichzeitig f\u00fcr einen hohen Output sorgt. Ihre journalistische Karriere begann Maren Keller Mitte der 1990er Jahre mit dem Verfassen von Sportberichten f\u00fcr die Regionalseiten ihrer Heimatzeitung in Bremerhaven. Nach dem Studium in Hannover, das von zahlreichen Praktika bei Funk, Fernsehen und Zeitung begleitet wurde, kehrte sie f\u00fcr ein journalistisches Volontariat in ihre Heimat zur\u00fcck, um bei der NORDSEE-ZEITUNG den Beruf des Redakteurs von der Pike auf zu lernen und anschlie\u00dfend in der Sportredaktion zu arbeiten. W\u00e4hrend ihrer Elternzeiten und beruflich bedingten Umz\u00fcgen arbeitete sie als freie Journalistin f\u00fcr verschiedene Tageszeitungen und fand 2016 den Weg zur SYNAXON, wo sie heute als Content Marketing Managerin in Lohn und Brot steht. In ihrer Freizeit zeigt sie ihr Talent f\u00fcr\u2019s Schreiben nicht. Stattdessen liegen ihre Schwerpunkt dort im Bereich Haus, Familie, Garten und Hund. Au\u00dferdem ist sie musikalisch unterwegs, bl\u00e4st das Jagdhorn in einem Bl\u00e4serkorps, spielt Klavier und singt im Chor. Sie haben Fragen an Maren Keller? Sie erreichen sie per E-Mail an redaktion@pcspezialist.de\",\"url\":\"https:\\\/\\\/pcspezialist.de\\\/blog\\\/author\\\/maren\\\/\"}]}<\/script>\n<!-- \/ Yoast SEO plugin. -->","yoast_head_json":{"title":"Medienkompetenz f\u00fcr Kinder: App st\u00e4rkt digitale Kompetenz","description":"Damit Kinder in der \u2714 digitalen Welt gut aufwachsen, muss ihre \u2714 Medienkompetenz gef\u00f6rdert werden \u2714 Medienkompetenz-App.","robots":{"index":"index","follow":"follow","max-snippet":"max-snippet:-1","max-image-preview":"max-image-preview:large","max-video-preview":"max-video-preview:-1"},"canonical":"https:\/\/pcspezialist.de\/blog\/2022\/01\/17\/medienkompetenz\/","og_locale":"de_DE","og_type":"article","og_title":"Medienkompetenz f\u00fcr Kinder: App st\u00e4rkt digitale Kompetenz","og_description":"Damit Kinder in der \u2714 digitalen Welt gut aufwachsen, muss ihre \u2714 Medienkompetenz gef\u00f6rdert werden \u2714 Medienkompetenz-App.","og_url":"https:\/\/pcspezialist.de\/blog\/2022\/01\/17\/medienkompetenz\/","og_site_name":"PC-SPEZIALIST Blog","article_published_time":"2022-01-17T09:45:19+00:00","article_modified_time":"2024-11-05T07:04:55+00:00","og_image":[{"width":1500,"height":700,"url":"https:\/\/pcspezialist.de\/blog\/wp-content\/uploads\/2022\/01\/Medienkompetenz_alexander-dummer-UH-xs-FizTk-unsplash.jpg","type":"image\/jpeg"}],"author":"Maren Keller","twitter_card":"summary_large_image","twitter_misc":{"Verfasst von":"Maren Keller","Gesch\u00e4tzte Lesezeit":"9\u00a0Minuten"},"schema":{"@context":"https:\/\/schema.org","@graph":[{"@type":"Article","@id":"https:\/\/pcspezialist.de\/blog\/2022\/01\/17\/medienkompetenz\/#article","isPartOf":{"@id":"https:\/\/pcspezialist.de\/blog\/2022\/01\/17\/medienkompetenz\/"},"author":{"name":"Maren Keller","@id":"https:\/\/pcspezialist.de\/blog\/#\/schema\/person\/e9cb801a8b8ea9138af26a02b8b6d14f"},"headline":"Medienkompetenz f\u00fcr Kinder ## Digitale Kompetenz von Kindern durch App st\u00e4rken","datePublished":"2022-01-17T09:45:19+00:00","dateModified":"2024-11-05T07:04:55+00:00","mainEntityOfPage":{"@id":"https:\/\/pcspezialist.de\/blog\/2022\/01\/17\/medienkompetenz\/"},"wordCount":1511,"commentCount":1,"image":{"@id":"https:\/\/pcspezialist.de\/blog\/2022\/01\/17\/medienkompetenz\/#primaryimage"},"thumbnailUrl":"https:\/\/pcspezialist.de\/blog\/wp-content\/uploads\/2022\/01\/Medienkompetenz_alexander-dummer-UH-xs-FizTk-unsplash.jpg","keywords":["Kinder","Social Media","Apps","Mediennutzung"],"articleSection":["Verschiedenes"],"inLanguage":"de","potentialAction":[{"@type":"CommentAction","name":"Comment","target":["https:\/\/pcspezialist.de\/blog\/2022\/01\/17\/medienkompetenz\/#respond"]}]},{"@type":"WebPage","@id":"https:\/\/pcspezialist.de\/blog\/2022\/01\/17\/medienkompetenz\/","url":"https:\/\/pcspezialist.de\/blog\/2022\/01\/17\/medienkompetenz\/","name":"Medienkompetenz f\u00fcr Kinder: App st\u00e4rkt digitale Kompetenz","isPartOf":{"@id":"https:\/\/pcspezialist.de\/blog\/#website"},"primaryImageOfPage":{"@id":"https:\/\/pcspezialist.de\/blog\/2022\/01\/17\/medienkompetenz\/#primaryimage"},"image":{"@id":"https:\/\/pcspezialist.de\/blog\/2022\/01\/17\/medienkompetenz\/#primaryimage"},"thumbnailUrl":"https:\/\/pcspezialist.de\/blog\/wp-content\/uploads\/2022\/01\/Medienkompetenz_alexander-dummer-UH-xs-FizTk-unsplash.jpg","datePublished":"2022-01-17T09:45:19+00:00","dateModified":"2024-11-05T07:04:55+00:00","author":{"@id":"https:\/\/pcspezialist.de\/blog\/#\/schema\/person\/e9cb801a8b8ea9138af26a02b8b6d14f"},"description":"Damit Kinder in der \u2714 digitalen Welt gut aufwachsen, muss ihre \u2714 Medienkompetenz gef\u00f6rdert werden \u2714 Medienkompetenz-App.","breadcrumb":{"@id":"https:\/\/pcspezialist.de\/blog\/2022\/01\/17\/medienkompetenz\/#breadcrumb"},"inLanguage":"de","potentialAction":[{"@type":"ReadAction","target":["https:\/\/pcspezialist.de\/blog\/2022\/01\/17\/medienkompetenz\/"]}]},{"@type":"ImageObject","inLanguage":"de","@id":"https:\/\/pcspezialist.de\/blog\/2022\/01\/17\/medienkompetenz\/#primaryimage","url":"https:\/\/pcspezialist.de\/blog\/wp-content\/uploads\/2022\/01\/Medienkompetenz_alexander-dummer-UH-xs-FizTk-unsplash.jpg","contentUrl":"https:\/\/pcspezialist.de\/blog\/wp-content\/uploads\/2022\/01\/Medienkompetenz_alexander-dummer-UH-xs-FizTk-unsplash.jpg","width":1500,"height":700,"caption":"Medienkompetenz m\u00fcssen Kinder von klein auf lernen. Bild: Unsplash\/Alexander Dummer"},{"@type":"BreadcrumbList","@id":"https:\/\/pcspezialist.de\/blog\/2022\/01\/17\/medienkompetenz\/#breadcrumb","itemListElement":[{"@type":"ListItem","position":1,"name":"Startseite","item":"https:\/\/pcspezialist.de\/blog\/"},{"@type":"ListItem","position":2,"name":"Medienkompetenz f\u00fcr Kinder ## Digitale Kompetenz von Kindern durch App st\u00e4rken"}]},{"@type":"WebSite","@id":"https:\/\/pcspezialist.de\/blog\/#website","url":"https:\/\/pcspezialist.de\/blog\/","name":"PC-SPEZIALIST Blog","description":"IT-Service, Trends &amp; Technik","potentialAction":[{"@type":"SearchAction","target":{"@type":"EntryPoint","urlTemplate":"https:\/\/pcspezialist.de\/blog\/?s={search_term_string}"},"query-input":{"@type":"PropertyValueSpecification","valueRequired":true,"valueName":"search_term_string"}}],"inLanguage":"de"},{"@type":"Person","@id":"https:\/\/pcspezialist.de\/blog\/#\/schema\/person\/e9cb801a8b8ea9138af26a02b8b6d14f","name":"Maren Keller","description":"PC-SPEZIALIST ist eine Marke der in Schlo\u00df Holte ans\u00e4ssigen SYNAXON. Seit 2016 arbeitet Maren Keller f\u00fcr den PC-SPEZIALIST-Blog. Gestartet als Online-Redakteurin ist sie mittlerweile Content Marketing Managerin und tr\u00e4gt unter anderem die Verantwortung f\u00fcr die Inhalte des Blogs. In den Jahren 2017 und 2020 hat sie parallel f\u00fcr den Blog des IT-SERVICE.NETWORK geschrieben. Die studierte Germanistin und Politologin hat einen Sp\u00fcrsinn f\u00fcr aktuelle Bedrohungen im IT-Bereich entwickelt und versteht es, das Fachwissen von PC-SPEZIALIST dem Leser verst\u00e4ndlich darzubieten. Nicht zu verleugnen ist allerdings ihre Ungeduld, die sich in flinken Fingern auf der Tastatur zeigt und gleichzeitig f\u00fcr einen hohen Output sorgt. Ihre journalistische Karriere begann Maren Keller Mitte der 1990er Jahre mit dem Verfassen von Sportberichten f\u00fcr die Regionalseiten ihrer Heimatzeitung in Bremerhaven. Nach dem Studium in Hannover, das von zahlreichen Praktika bei Funk, Fernsehen und Zeitung begleitet wurde, kehrte sie f\u00fcr ein journalistisches Volontariat in ihre Heimat zur\u00fcck, um bei der NORDSEE-ZEITUNG den Beruf des Redakteurs von der Pike auf zu lernen und anschlie\u00dfend in der Sportredaktion zu arbeiten. W\u00e4hrend ihrer Elternzeiten und beruflich bedingten Umz\u00fcgen arbeitete sie als freie Journalistin f\u00fcr verschiedene Tageszeitungen und fand 2016 den Weg zur SYNAXON, wo sie heute als Content Marketing Managerin in Lohn und Brot steht. In ihrer Freizeit zeigt sie ihr Talent f\u00fcr\u2019s Schreiben nicht. Stattdessen liegen ihre Schwerpunkt dort im Bereich Haus, Familie, Garten und Hund. Au\u00dferdem ist sie musikalisch unterwegs, bl\u00e4st das Jagdhorn in einem Bl\u00e4serkorps, spielt Klavier und singt im Chor. Sie haben Fragen an Maren Keller? Sie erreichen sie per E-Mail an redaktion@pcspezialist.de","url":"https:\/\/pcspezialist.de\/blog\/author\/maren\/"}]}},"_links":{"self":[{"href":"https:\/\/pcspezialist.de\/blog\/wp-json\/wp\/v2\/posts\/59006","targetHints":{"allow":["GET"]}}],"collection":[{"href":"https:\/\/pcspezialist.de\/blog\/wp-json\/wp\/v2\/posts"}],"about":[{"href":"https:\/\/pcspezialist.de\/blog\/wp-json\/wp\/v2\/types\/post"}],"author":[{"embeddable":true,"href":"https:\/\/pcspezialist.de\/blog\/wp-json\/wp\/v2\/users\/98"}],"replies":[{"embeddable":true,"href":"https:\/\/pcspezialist.de\/blog\/wp-json\/wp\/v2\/comments?post=59006"}],"version-history":[{"count":18,"href":"https:\/\/pcspezialist.de\/blog\/wp-json\/wp\/v2\/posts\/59006\/revisions"}],"predecessor-version":[{"id":71905,"href":"https:\/\/pcspezialist.de\/blog\/wp-json\/wp\/v2\/posts\/59006\/revisions\/71905"}],"wp:featuredmedia":[{"embeddable":true,"href":"https:\/\/pcspezialist.de\/blog\/wp-json\/wp\/v2\/media\/59009"}],"wp:attachment":[{"href":"https:\/\/pcspezialist.de\/blog\/wp-json\/wp\/v2\/media?parent=59006"}],"wp:term":[{"taxonomy":"category","embeddable":true,"href":"https:\/\/pcspezialist.de\/blog\/wp-json\/wp\/v2\/categories?post=59006"},{"taxonomy":"post_tag","embeddable":true,"href":"https:\/\/pcspezialist.de\/blog\/wp-json\/wp\/v2\/tags?post=59006"}],"curies":[{"name":"wp","href":"https:\/\/api.w.org\/{rel}","templated":true}]}}