{"id":58263,"date":"2021-11-23T10:45:01","date_gmt":"2021-11-23T09:45:01","guid":{"rendered":"https:\/\/www.pcspezialist.de\/blog\/?p=58263"},"modified":"2025-06-25T12:30:20","modified_gmt":"2025-06-25T10:30:20","slug":"nachhaltige-digitalisierung","status":"publish","type":"post","link":"https:\/\/pcspezialist.de\/blog\/2021\/11\/23\/nachhaltige-digitalisierung\/","title":{"rendered":"Nachhaltige Digitalisierung ## Wie Sie durch Digitalisierung nachhaltig agieren"},"content":{"rendered":"<p><strong>Nachhaltige Digitalisierung ist ein wichtiger Schritt in Richtung Klimaschutz. Anfang November 2021 fand die UN-Klimakonferenz in Glasgow statt und es wurde viel \u00fcber Themen wie Kohleausstieg und Verbrennerausstieg gesprochen. Aber wo blieb das Thema der nachhaltigen Digitalisierung?<\/strong><\/p>\n<p>Was nachhaltige Digitalisierung ausmacht und wie Sie sie umsetzen, erfahren Sie hier.<\/p>\n<p><!--more--><\/p>\n<div style=\"background: #f2f2f2; padding: 15px 15px 5px; margin: 30px 0;\">\n<p><strong>Unser Beitrag \u00fcber nachhaltige Digitalisierung im \u00dcberblick: <\/strong><\/p>\n<ol style=\"line-height: 1.7;\">\n<li><a href=\"#eins\">Nachhaltige Digitalisierung: UN-Klimakonferenz?<\/a><\/li>\n<li><a href=\"#zwei\">Was ist nachhaltige Digitalisierung?<\/a>\n<ul style=\"line-height: 1.7;\">\n<li><a href=\"#drei\">Exkurs: Kritik am Metaversum, NFTs &amp; Kryptow\u00e4hrungen<\/a><\/li>\n<\/ul>\n<\/li>\n<li><a href=\"#vier\">Was Sie tun k\u00f6nnen, um digital nachhaltig zu agieren<\/a><\/li>\n<li><a href=\"#fuenf\">Kontrollierte Betreuung Ihrer Ger\u00e4te<\/a><\/li>\n<\/ol>\n<\/div>\n<h2 id=\"eins\">Nachhaltige Digitalisierung: UN-Klimakonferenz?<\/h2>\n<p>Zwischen dem <strong>31. Oktober und dem 13. November 2021<\/strong> fand die <strong>UN-Klimakonferenz 2021<\/strong> statt. Bei ihr handelt es sich um die 26. UN-Klimakonferenz, weswegen sie international auch als <strong>COP 26<\/strong> (<span lang=\"en-Latn\">26th Conference of the Parties<\/span>) bezeichnet wird. Ziel der Konferenz ist es, einen globalen effektiven Klimaschutz nach <strong>Pariser Klimaabkommen von 2015<\/strong> in die Wege zu leiten, wobei sich die circa 200 teilnehmenden Staaten dazu verpflichten, bestimmte Unterziele messbar umzusetzen.<\/p>\n<p>Zu den Resultaten geh\u00f6ren unter anderem Ma\u00dfnahmen aus dem Bereich der <strong>Klimaneutralit\u00e4t<\/strong> und -anpassung, gegen die zunehmende Entwaldung, zur Regulation der Methanemissionen sowie hin zum Kohleausstieg und Verbrennerausstieg. Vor allem das Thema Kohleausstieg ist zentraler Bestandteil der medialen Diskussion. Klimasch\u00fctzer kritisieren dabei vor allem, dass auf Bestreben Chinas und Indiens die Zielsetzung f\u00fcr den Kohleausstieg abgemildert wurde.<\/p>\n<p>Dem Thema <strong>der nachhaltigen Digitalisierung<\/strong> wurde jedoch keine hohe Relevanz zugesprochen. Das war angesichts der Themenvielfalt kein Wunder, aber vor allem angesichts der heutigen <strong>Relevanz von IT<\/strong> und dem damit einhergehenden Ressourcenverbrauch f\u00fcr manch einen doch verwunderlich.<\/p>\n<div id=\"attachment_58281\" style=\"width: 710px\" class=\"wp-caption alignright\"><img loading=\"lazy\" decoding=\"async\" aria-describedby=\"caption-attachment-58281\" class=\"size-medium wp-image-58281\" src=\"https:\/\/pcspezialist.de\/blog\/wp-content\/uploads\/2021\/11\/pexels-pixabay-221012-700x466.jpg\" alt=\"COP26\" width=\"700\" height=\"466\" srcset=\"https:\/\/pcspezialist.de\/blog\/wp-content\/uploads\/2021\/11\/pexels-pixabay-221012-700x466.jpg 700w, https:\/\/pcspezialist.de\/blog\/wp-content\/uploads\/2021\/11\/pexels-pixabay-221012-1050x700.jpg 1050w, https:\/\/pcspezialist.de\/blog\/wp-content\/uploads\/2021\/11\/pexels-pixabay-221012-768x512.jpg 768w, https:\/\/pcspezialist.de\/blog\/wp-content\/uploads\/2021\/11\/pexels-pixabay-221012.jpg 1280w\" sizes=\"auto, (max-width: 700px) 100vw, 700px\" \/><p id=\"caption-attachment-58281\" class=\"wp-caption-text\">Auf der UN-Klimakonferenz (COP 26) wurden viele Themen besprochen. Kaum geredet wurde \u00fcber digitale Nachhaltigkeit. Bild: Pexels\/Pixabay<\/p><\/div>\n<h2 id=\"zwei\">Wie k\u00f6nnen Sie nachhaltig Prozesse digitialiseren<\/h2>\n<p>So ziemlich alle <a href=\"https:\/\/pcspezialist.de\/privat\/\">Privatpersonen<\/a> nutzen digitale Ger\u00e4te wie Computer, Laptops und Smartphones, um erfolgreich durch den Alltag zu navigieren, und die <strong>Digitalisierung<\/strong> macht auch schon l\u00e4ngst nicht mehr vor den T\u00fcren von <a href=\"https:\/\/pcspezialist.de\/firmen\/\">Kleinunternehmen<\/a> nicht halt. Dennoch sind sowohl Privatpersonen als auch Unternehmen aller Gr\u00f6\u00dfen daran interessiert, dass ihre IT effizient und benutzerfreundlich eingesetzt ist. Optimal sollte sie ohne eigenes Zutun m\u00f6glichst lange halten und damit m\u00f6glichst <strong>ressourcenschonend<\/strong> sein.<\/p>\n<p>Ohne Frage sind viele Bereiche der Digitalisierung sinnvoll, bedeinen eine gegebene <strong>Notwendigkeit<\/strong> und f\u00f6rdern die Nachhaltigkeit sogar obendrein. Zum Beispiel sparen Sie mit dem <a href=\"https:\/\/pcspezialist.de\/firmen\/it-ausstattung\/papierloses-buero-einrichten\/\">papierlosen B\u00fcro<\/a> oder der <a href=\"https:\/\/pcspezialist.de\/firmen\/it-sicherheit\/e-mail-nach-gobd-archivieren\/\">digitalen E-Mail-Archivierung<\/a> ein unn\u00f6tiges Ausdrucken und damit eine ganze Menge an Papier und Toner. Durch die zunehmend etablierte <a href=\"https:\/\/pcspezialist.de\/firmen\/it-ausstattung\/home-office-ausstattung\/\">Arbeit aus dem Homeoffice<\/a> sparen Sie nicht nur den Fahrtweg ins Unternehmen, sondern Sie k\u00f6nnen bei der Arbeit im Homeoffice auch Ma\u00dfnahmen umsetzen, mit denen Sie wieder erheblich <a href=\"https:\/\/pcspezialist.de\/blog\/2021\/03\/16\/energie-sparen\/\">Energie sparen<\/a>.<\/p>\n<h3 id=\"drei\">Exkurs: Kritik am Metaversum, NFTs &amp; Kryptow\u00e4hrungen<\/h3>\n<p>Andere Bereiche der digitalen Welt sollten aufgrund der Ressourcen, die sie ben\u00f6tigen, geradezu hinterfragt werden. Vor allem aber h\u00e4lt auch die <a href=\"https:\/\/pcspezialist.de\/blog\/2020\/12\/23\/digitale-arbeitswelt-von-morgen\/\">digitale Zukunft<\/a> immer mehr bereit, was jetzt bereits sichtbar wird und nicht nur eine Sonnen-, sondern auch eine Schattenseite hat. Unter anderem ist das von <a href=\"https:\/\/pcspezialist.de\/blog\/2021\/08\/17\/metaversum\/\">Meta (vormals Facebook) geplante Metaversum<\/a> bereits in der Kritik, da es laut einen enormen Stromverbrauch ben\u00f6tigen und damit einen erheblichen <strong>CO2-Fu\u00dfabdruck<\/strong> hinterlassen wird. Immerhin m\u00fcssen f\u00fcr virtuelle Kunst (<strong>NFTs<\/strong>), virtuelles Geld (<strong>Kryptow\u00e4hrung<\/strong>) und f\u00fcr die Generierung von virtuellen Welten Server und Blockchains zur Verf\u00fcgung gestellt werden. J\u00f6rg Schieb (WDR) kritisiert dabei, dass der n\u00f6tige Energieaufwand gar nicht in der \u00d6ffentlichkeit stehe. Dabei appeliert er gleichzeitig, die seiner Meinung nach wichtige Digitalisierung sinnvoll einzusetzen.<\/p>\n<p>Und auch ohne Metaversum ist vor allem die <a href=\"https:\/\/pcspezialist.de\/blog\/2021\/02\/15\/kryptowaehrung\/\">Kryptow\u00e4hrung<\/a> bereits in der Kritik. Denn immerhin ben\u00f6tigen alleine die Rechner zum <a href=\"https:\/\/pcspezialist.de\/blog\/2021\/03\/10\/crypto-mining\/\">Cryptomining<\/a> von <a href=\"https:\/\/pcspezialist.de\/blog\/2020\/06\/24\/bitcoin-betrug\/\">Bitcoins<\/a> nach Angaben des Cambridge Centre for Alternative Finance auf ein Jahr hochgerechnet rund 140 Terawattstunden Strom. Das entspricht etwa einem Viertel des gesamten deutschen Stromverbrauchs.<\/p>\n<div id=\"attachment_58283\" style=\"width: 710px\" class=\"wp-caption alignright\"><img loading=\"lazy\" decoding=\"async\" aria-describedby=\"caption-attachment-58283\" class=\"size-medium wp-image-58283\" src=\"https:\/\/pcspezialist.de\/blog\/wp-content\/uploads\/2021\/11\/pexels-marcus-aurelius-6787904-700x466.jpg\" alt=\"digitale Konzepte nachhaltig umsetzen\" width=\"700\" height=\"466\" srcset=\"https:\/\/pcspezialist.de\/blog\/wp-content\/uploads\/2021\/11\/pexels-marcus-aurelius-6787904-700x466.jpg 700w, https:\/\/pcspezialist.de\/blog\/wp-content\/uploads\/2021\/11\/pexels-marcus-aurelius-6787904-1050x700.jpg 1050w, https:\/\/pcspezialist.de\/blog\/wp-content\/uploads\/2021\/11\/pexels-marcus-aurelius-6787904-768x512.jpg 768w, https:\/\/pcspezialist.de\/blog\/wp-content\/uploads\/2021\/11\/pexels-marcus-aurelius-6787904.jpg 1280w\" sizes=\"auto, (max-width: 700px) 100vw, 700px\" \/><p id=\"caption-attachment-58283\" class=\"wp-caption-text\">Sie fragen sich, wie Sie nachhaltig digitale Konzepte umsetzen? Bild: Pexels\/MarcusAurelius<\/p><\/div>\n<h2 id=\"vier\">Was Sie tun k\u00f6nnen, um digital nachhaltig zu agieren<\/h2>\n<p>Nachhaltig zu handeln umfasst unter anderem, kaputte Ger\u00e4te nicht auszutauschen, sondern sie <a href=\"https:\/\/pcspezialist.de\/blog\/2019\/05\/17\/nachhaltig\/\">noch reparieren zu lassen<\/a>. Ben\u00f6tigen Sie Hilfe bei der Reparatur <a href=\"https:\/\/pcspezialist.de\/privat\/laptop-computer-und-macbook-reparatur\/computer-reparatur\/\">von privat genutzten Computern<\/a>, <a href=\"https:\/\/pcspezialist.de\/privat\/laptop-computer-und-macbook-reparatur\/macbook-reparatur\/\">MacBooks<\/a>, <a href=\"https:\/\/pcspezialist.de\/privat\/handy-tablet-und-ipad-reparatur\/tablet-und-ipad-reparatur\/\">Tablets &amp; iPads<\/a>, <a href=\"https:\/\/pcspezialist.de\/privat\/handy-tablet-und-ipad-reparatur\/handy-reparatur\/\">Handys<\/a> oder von <a href=\"https:\/\/pcspezialist.de\/privat\/handy-tablet-und-ipad-reparatur\/tablet-und-ipad-display-reparatur\/\">Tablet- &amp; iPad-Displays<\/a> bzw. <a href=\"https:\/\/pcspezialist.de\/privat\/handy-tablet-und-ipad-reparatur\/handy-display-reparatur\/\">Handy-Displays<\/a>? Dann ist <a href=\"https:\/\/pcspezialist.de\/standorte\/\">PC-SPEZIALIST in Ihrer N\u00e4he<\/a> der geeignete Ansprechparter f\u00fcr Sie. Auch dann, wenn Sie Hilfe bei der Reparatur von Ger\u00e4ten Ihrer Firmen-IT ben\u00f6tigen, sind Sie dort genau richtig.<\/p>\n<p>Auch dann, wenn Sie glauben, dass Ihr Ger\u00e4t unweigerlich kaputt ist, sollten Sie es checken lassen. Denn meistens lassen sich Computer, Handys &amp; Co. wirklich noch reparieren. Sollten Sie sich sicher sein, dass das bei Ihnen nicht der Fall ist, sollten Sie Ihren <a href=\"https:\/\/pcspezialist.de\/blog\/2016\/11\/24\/elektroschrott\/\">Elektroschrott richtig entsorgen<\/a>, um immernoch m\u00f6glichst nachhaltig zu agieren.<\/p>\n<h2 id=\"fuenf\">Betreuung bei nachhaltiger Digitalisierung<\/h2>\n<p>Lassen Sie es aber erst gar nicht zur Besch\u00e4digung Ihrer Ger\u00e4te kommen, weder im Inneren noch im \u00c4u\u00dferen. PC-SPEZIALIST unterst\u00fctzt Sie bei der Einrichtung Ihrer privaten und gesch\u00e4ftlichen Ger\u00e4te sowie bei der optimalen Einrichtung einer IT-Infrastruktur. Denn dann, wenn Ger\u00e4te nicht passend eingerichtet oder nicht gewartet werden, werden sie schnell zu Stromfressern. In der digitalen Welt agieren Sie dank PC-SPEZIALIST ressourcenschonend und nachhaltig.<\/p>\n<p>Auf Wunsch betreut das kompetente Expertenteam dabei sogar Ihre IT ganzheitlich und greift sofort ein, sobald es zu Fehlern oder Problemen wie \u00dcberhitzung kommt, um Schlimmeres zu verhindern. Wir empfehlen f\u00fcr <strong>Privatpersonen<\/strong> das <a href=\"https:\/\/pcspezialist.de\/privat\/servicepakete\/eins-fuer-alles-paket\/\">Eins-f\u00fcr-Alles-Paket von PC-SPEZIALIST<\/a>. Mit dem individuell erstellbaren Paket findet das <a href=\"https:\/\/pcspezialist.de\/blog\/2021\/02\/22\/patch-management\/\">Patch-Management<\/a>, also die Installation von <a href=\"https:\/\/pcspezialist.de\/blog\/2021\/01\/15\/softwareaktualisierung\/\">Softwareaktualisierungen<\/a> immer vollautomatisiert statt. Nutzen Sie es\u00a0 f\u00fcr Ihr privates Endger\u00e4t wie Ihren Rechner und bleiben Sie ohne viel Zutun immer gut gesch\u00fctzt; dass Ihr Ger\u00e4t m\u00f6glichst lange lebt. F\u00fcr <strong>Kleine Firmen<\/strong> empfehlen wir den <a href=\"https:\/\/pcspezialist.de\/firmen\/it-betreuung\/it-basisschutz\/\">IT-Basisschutz<\/a>. Neben dem kontinuierlichen Monitoring Ihrer Ger\u00e4te sind der <a href=\"https:\/\/pcspezialist.de\/firmen\/it-sicherheit\/antivirenprogramm-installieren\/\">Managed Antivirus<\/a> als auch Hardware-Firewall sind standardisierte Bestandteile des Sicherheitspakets.<\/p>\n<p>_______________________________________________<\/p>\n<p><small>Weiterf\u00fchrende Links: <a href=\"https:\/\/www.presseportal.de\/pm\/22537\/5061647\" target=\"_blank\" rel=\"noopener\">Presseportal<\/a>, <a href=\"https:\/\/www.bundesregierung.de\/breg-de\/themen\/klimaschutz\/globaler-klimaschutz-1974042\" target=\"_blank\" rel=\"noopener\">Bundesregierung<\/a>, <a href=\"https:\/\/blog.wdr.de\/digitalistan\/ab-ins-metaverse-ist-der-co2-fussabdruck-egal\/\">WDR Blog<\/a>, <a href=\"https:\/\/www.businessinsider.de\/wirtschaft\/finanzen\/darum-wird-der-bitcoin-den-stromverbrauch-nicht-reduzieren-b\/\" target=\"_blank\" rel=\"noopener\">Business Insider<\/a><br \/>\n<\/small><\/p>\n","protected":false},"excerpt":{"rendered":"<p>Nachhaltige Digitalisierung ist ein wichtiger Schritt in Richtung Klimaschutz. Anfang November 2021 fand die UN-Klimakonferenz in Glasgow statt und es wurde viel \u00fcber Themen wie Kohleausstieg und Verbrennerausstieg gesprochen. Aber wo blieb das Thema der nachhaltigen Digitalisierung? Was nachhaltige Digitalisierung ausmacht und wie Sie sie umsetzen, erfahren Sie hier.<\/p>\n","protected":false},"author":117,"featured_media":58279,"comment_status":"open","ping_status":"closed","sticky":false,"template":"","format":"standard","meta":{"footnotes":""},"categories":[10503],"tags":[326,600,10484],"class_list":["post-58263","post","type-post","status-publish","format-standard","has-post-thumbnail","hentry","category-digitalisierung","tag-reparatur","tag-arbeitswelt","tag-nachhaltigkeit"],"yoast_head":"<!-- This site is optimized with the Yoast SEO plugin v27.5 - https:\/\/yoast.com\/product\/yoast-seo-wordpress\/ -->\n<title>Nachhaltige Digitalisierung: mit Ihrer IT nachhaltig agieren<\/title>\n<meta name=\"description\" content=\"Nachhaltige Digitalisierung: \u2714 Wie k\u00f6nnen Sie Prozesse nachhaltig digialisieren? \u2714 Wie agieren Sie mit Ihren Ger\u00e4ten nachhaltig?\" \/>\n<meta name=\"robots\" content=\"index, follow, max-snippet:-1, max-image-preview:large, max-video-preview:-1\" \/>\n<link rel=\"canonical\" href=\"https:\/\/pcspezialist.de\/blog\/2021\/11\/23\/nachhaltige-digitalisierung\/\" \/>\n<meta property=\"og:locale\" content=\"de_DE\" \/>\n<meta property=\"og:type\" content=\"article\" \/>\n<meta property=\"og:title\" content=\"Nachhaltige Digitalisierung: mit Ihrer IT nachhaltig agieren\" \/>\n<meta property=\"og:description\" content=\"Nachhaltige Digitalisierung: \u2714 Wie k\u00f6nnen Sie Prozesse nachhaltig digialisieren? \u2714 Wie agieren Sie mit Ihren Ger\u00e4ten nachhaltig?\" \/>\n<meta property=\"og:url\" content=\"https:\/\/pcspezialist.de\/blog\/2021\/11\/23\/nachhaltige-digitalisierung\/\" \/>\n<meta property=\"og:site_name\" content=\"PC-SPEZIALIST Blog\" \/>\n<meta property=\"article:published_time\" content=\"2021-11-23T09:45:01+00:00\" \/>\n<meta property=\"article:modified_time\" content=\"2025-06-25T10:30:20+00:00\" \/>\n<meta property=\"og:image\" content=\"https:\/\/pcspezialist.de\/blog\/wp-content\/uploads\/2021\/11\/pexels-delcho-dichev-3659194-e1637586010112.jpg\" \/>\n\t<meta property=\"og:image:width\" content=\"1272\" \/>\n\t<meta property=\"og:image:height\" content=\"1152\" \/>\n\t<meta property=\"og:image:type\" content=\"image\/jpeg\" \/>\n<meta name=\"author\" content=\"Robin Laufenburg\" \/>\n<meta name=\"twitter:card\" content=\"summary_large_image\" \/>\n<meta name=\"twitter:label1\" content=\"Verfasst von\" \/>\n\t<meta name=\"twitter:data1\" content=\"Robin Laufenburg\" \/>\n\t<meta name=\"twitter:label2\" content=\"Gesch\u00e4tzte Lesezeit\" \/>\n\t<meta name=\"twitter:data2\" content=\"6\u00a0Minuten\" \/>\n<script type=\"application\/ld+json\" class=\"yoast-schema-graph\">{\"@context\":\"https:\\\/\\\/schema.org\",\"@graph\":[{\"@type\":\"Article\",\"@id\":\"https:\\\/\\\/pcspezialist.de\\\/blog\\\/2021\\\/11\\\/23\\\/nachhaltige-digitalisierung\\\/#article\",\"isPartOf\":{\"@id\":\"https:\\\/\\\/pcspezialist.de\\\/blog\\\/2021\\\/11\\\/23\\\/nachhaltige-digitalisierung\\\/\"},\"author\":{\"name\":\"Robin Laufenburg\",\"@id\":\"https:\\\/\\\/pcspezialist.de\\\/blog\\\/#\\\/schema\\\/person\\\/e40f454e2671c2d60d36a76a1f431873\"},\"headline\":\"Nachhaltige Digitalisierung ## Wie Sie durch Digitalisierung nachhaltig agieren\",\"datePublished\":\"2021-11-23T09:45:01+00:00\",\"dateModified\":\"2025-06-25T10:30:20+00:00\",\"mainEntityOfPage\":{\"@id\":\"https:\\\/\\\/pcspezialist.de\\\/blog\\\/2021\\\/11\\\/23\\\/nachhaltige-digitalisierung\\\/\"},\"wordCount\":981,\"commentCount\":0,\"image\":{\"@id\":\"https:\\\/\\\/pcspezialist.de\\\/blog\\\/2021\\\/11\\\/23\\\/nachhaltige-digitalisierung\\\/#primaryimage\"},\"thumbnailUrl\":\"https:\\\/\\\/pcspezialist.de\\\/blog\\\/wp-content\\\/uploads\\\/2021\\\/11\\\/pexels-delcho-dichev-3659194-e1637586010112.jpg\",\"keywords\":[\"Reparatur\",\"Arbeitswelt\",\"Nachhaltigkeit\"],\"articleSection\":[\"Digitalisierung\"],\"inLanguage\":\"de\",\"potentialAction\":[{\"@type\":\"CommentAction\",\"name\":\"Comment\",\"target\":[\"https:\\\/\\\/pcspezialist.de\\\/blog\\\/2021\\\/11\\\/23\\\/nachhaltige-digitalisierung\\\/#respond\"]}]},{\"@type\":\"WebPage\",\"@id\":\"https:\\\/\\\/pcspezialist.de\\\/blog\\\/2021\\\/11\\\/23\\\/nachhaltige-digitalisierung\\\/\",\"url\":\"https:\\\/\\\/pcspezialist.de\\\/blog\\\/2021\\\/11\\\/23\\\/nachhaltige-digitalisierung\\\/\",\"name\":\"Nachhaltige Digitalisierung: mit Ihrer IT nachhaltig agieren\",\"isPartOf\":{\"@id\":\"https:\\\/\\\/pcspezialist.de\\\/blog\\\/#website\"},\"primaryImageOfPage\":{\"@id\":\"https:\\\/\\\/pcspezialist.de\\\/blog\\\/2021\\\/11\\\/23\\\/nachhaltige-digitalisierung\\\/#primaryimage\"},\"image\":{\"@id\":\"https:\\\/\\\/pcspezialist.de\\\/blog\\\/2021\\\/11\\\/23\\\/nachhaltige-digitalisierung\\\/#primaryimage\"},\"thumbnailUrl\":\"https:\\\/\\\/pcspezialist.de\\\/blog\\\/wp-content\\\/uploads\\\/2021\\\/11\\\/pexels-delcho-dichev-3659194-e1637586010112.jpg\",\"datePublished\":\"2021-11-23T09:45:01+00:00\",\"dateModified\":\"2025-06-25T10:30:20+00:00\",\"author\":{\"@id\":\"https:\\\/\\\/pcspezialist.de\\\/blog\\\/#\\\/schema\\\/person\\\/e40f454e2671c2d60d36a76a1f431873\"},\"description\":\"Nachhaltige Digitalisierung: \u2714 Wie k\u00f6nnen Sie Prozesse nachhaltig digialisieren? \u2714 Wie agieren Sie mit Ihren Ger\u00e4ten nachhaltig?\",\"breadcrumb\":{\"@id\":\"https:\\\/\\\/pcspezialist.de\\\/blog\\\/2021\\\/11\\\/23\\\/nachhaltige-digitalisierung\\\/#breadcrumb\"},\"inLanguage\":\"de\",\"potentialAction\":[{\"@type\":\"ReadAction\",\"target\":[\"https:\\\/\\\/pcspezialist.de\\\/blog\\\/2021\\\/11\\\/23\\\/nachhaltige-digitalisierung\\\/\"]}]},{\"@type\":\"ImageObject\",\"inLanguage\":\"de\",\"@id\":\"https:\\\/\\\/pcspezialist.de\\\/blog\\\/2021\\\/11\\\/23\\\/nachhaltige-digitalisierung\\\/#primaryimage\",\"url\":\"https:\\\/\\\/pcspezialist.de\\\/blog\\\/wp-content\\\/uploads\\\/2021\\\/11\\\/pexels-delcho-dichev-3659194-e1637586010112.jpg\",\"contentUrl\":\"https:\\\/\\\/pcspezialist.de\\\/blog\\\/wp-content\\\/uploads\\\/2021\\\/11\\\/pexels-delcho-dichev-3659194-e1637586010112.jpg\",\"width\":1272,\"height\":1152,\"caption\":\"Setzen Sie Digitalisierungsprozesse nachhaltig um! Bild: Pexels\\\/DelchoDichev\"},{\"@type\":\"BreadcrumbList\",\"@id\":\"https:\\\/\\\/pcspezialist.de\\\/blog\\\/2021\\\/11\\\/23\\\/nachhaltige-digitalisierung\\\/#breadcrumb\",\"itemListElement\":[{\"@type\":\"ListItem\",\"position\":1,\"name\":\"Startseite\",\"item\":\"https:\\\/\\\/pcspezialist.de\\\/blog\\\/\"},{\"@type\":\"ListItem\",\"position\":2,\"name\":\"Nachhaltige Digitalisierung ## Wie Sie durch Digitalisierung nachhaltig agieren\"}]},{\"@type\":\"WebSite\",\"@id\":\"https:\\\/\\\/pcspezialist.de\\\/blog\\\/#website\",\"url\":\"https:\\\/\\\/pcspezialist.de\\\/blog\\\/\",\"name\":\"PC-SPEZIALIST Blog\",\"description\":\"IT-Service, Trends &amp; Technik\",\"potentialAction\":[{\"@type\":\"SearchAction\",\"target\":{\"@type\":\"EntryPoint\",\"urlTemplate\":\"https:\\\/\\\/pcspezialist.de\\\/blog\\\/?s={search_term_string}\"},\"query-input\":{\"@type\":\"PropertyValueSpecification\",\"valueRequired\":true,\"valueName\":\"search_term_string\"}}],\"inLanguage\":\"de\"},{\"@type\":\"Person\",\"@id\":\"https:\\\/\\\/pcspezialist.de\\\/blog\\\/#\\\/schema\\\/person\\\/e40f454e2671c2d60d36a76a1f431873\",\"name\":\"Robin Laufenburg\",\"description\":\"Robin Laufenburg arbeitet seit April 2018 f\u00fcr die SYNAXON AG, dem Dachunternehmen der Marke PC-SPEZIALIST. Urspr\u00fcnglich war er studienbegleitend als SEO-Texter t\u00e4tig, unter anderem f\u00fcr die Marke IT-SERVICE.NETWORK. Seit Anfang 2020 ist der mittlerweile fertig studierte Germanist (Abschluss im Zwei-Fach-Master-Studiengang Kultur und Gesellschaft mit den Schwerpunkten Germanistische Sprachwissenschaft und Deutschsprachige Literaturen) als Autor f\u00fcr den PC-SPEZIALIST-Blog t\u00e4tig. Seit 2022 unterst\u00fctzt er als Content Marketing Manager mit dem Arbeitsschwerpunkt SEO-Strategie die Marke st\u00e4rker bei strategischen Entscheidungen und Reportings und hat einen zentralen Bestandteil seiner T\u00e4tigkeit damit ins Backend verlagert. Das bedeutet aber nicht, dass Robin Laufenburg nicht weiterhin auch Inhalte im Blog teilt. Er versteht es n\u00e4mlich nach wie vor, spannende Themen rund um die IT, f\u00fcr die er sich auch privat interessiert, f\u00fcr PC-SPEZIALIST leserfreundlich aufzuarbeiten und anschaulich darzulegen. Robin Laufenburg geht der T\u00e4tigkeit des Schreibens \u00fcbrigens nicht nur beruflich nach, also f\u00fcr den PC-SPEZIALIST-Blog. Seit mittlerweile mehr als zehn Jahren tritt er mit kurzen Prosatexten und Lyrik auf freien Leseb\u00fchnen auf und hat k\u00fcrzlich einen Sammelband \u201aZwischen Zwanzig und Drei\u00dfig\u2018 im Zwiebelzwerg Verlag herausgebracht. W\u00e4hrend Robin Laufenburg bei der Texterstellung f\u00fcr PC-SPEZIALIST stets auf Ordnung, Pr\u00e4zision, Genauigkeit und Korrektheit achtet, bricht er in und mit seiner Kunst genau damit auf und versucht, auch (dem Ausdruck von) Chaos Raum zu geben. Neben der T\u00e4tigkeit des kreativen Schreibens geht Robin Laufenburg auch der Malerei und Zeichenkunst, der experimentellen Fotografie und Filmografie sowie der Konzeption von weiteren multimedialen Kleinkunstprojekten nach. Nat\u00fcrlich interessiert sich Robin Laufenburg neben der Kunstschaffung und -rezeption aber auch zentral f\u00fcr das Themenfeld IT sowie f\u00fcr aktuelle IT-Entwicklungen, was ihn auch zur SYNAXON AG und PC-SPEZIALIST gebracht hat. Sie haben Fragen an ihn oder zu seinen Blogbeitr\u00e4gen? Dann nehmen Sie \u00fcber die E-Mail-Adresse redaktion@pcspezialist.de Kontakt zu ihm auf!\",\"url\":\"https:\\\/\\\/pcspezialist.de\\\/blog\\\/author\\\/robin-laufenburg\\\/\"}]}<\/script>\n<!-- \/ Yoast SEO plugin. -->","yoast_head_json":{"title":"Nachhaltige Digitalisierung: mit Ihrer IT nachhaltig agieren","description":"Nachhaltige Digitalisierung: \u2714 Wie k\u00f6nnen Sie Prozesse nachhaltig digialisieren? \u2714 Wie agieren Sie mit Ihren Ger\u00e4ten nachhaltig?","robots":{"index":"index","follow":"follow","max-snippet":"max-snippet:-1","max-image-preview":"max-image-preview:large","max-video-preview":"max-video-preview:-1"},"canonical":"https:\/\/pcspezialist.de\/blog\/2021\/11\/23\/nachhaltige-digitalisierung\/","og_locale":"de_DE","og_type":"article","og_title":"Nachhaltige Digitalisierung: mit Ihrer IT nachhaltig agieren","og_description":"Nachhaltige Digitalisierung: \u2714 Wie k\u00f6nnen Sie Prozesse nachhaltig digialisieren? \u2714 Wie agieren Sie mit Ihren Ger\u00e4ten nachhaltig?","og_url":"https:\/\/pcspezialist.de\/blog\/2021\/11\/23\/nachhaltige-digitalisierung\/","og_site_name":"PC-SPEZIALIST Blog","article_published_time":"2021-11-23T09:45:01+00:00","article_modified_time":"2025-06-25T10:30:20+00:00","og_image":[{"width":1272,"height":1152,"url":"https:\/\/pcspezialist.de\/blog\/wp-content\/uploads\/2021\/11\/pexels-delcho-dichev-3659194-e1637586010112.jpg","type":"image\/jpeg"}],"author":"Robin Laufenburg","twitter_card":"summary_large_image","twitter_misc":{"Verfasst von":"Robin Laufenburg","Gesch\u00e4tzte Lesezeit":"6\u00a0Minuten"},"schema":{"@context":"https:\/\/schema.org","@graph":[{"@type":"Article","@id":"https:\/\/pcspezialist.de\/blog\/2021\/11\/23\/nachhaltige-digitalisierung\/#article","isPartOf":{"@id":"https:\/\/pcspezialist.de\/blog\/2021\/11\/23\/nachhaltige-digitalisierung\/"},"author":{"name":"Robin Laufenburg","@id":"https:\/\/pcspezialist.de\/blog\/#\/schema\/person\/e40f454e2671c2d60d36a76a1f431873"},"headline":"Nachhaltige Digitalisierung ## Wie Sie durch Digitalisierung nachhaltig agieren","datePublished":"2021-11-23T09:45:01+00:00","dateModified":"2025-06-25T10:30:20+00:00","mainEntityOfPage":{"@id":"https:\/\/pcspezialist.de\/blog\/2021\/11\/23\/nachhaltige-digitalisierung\/"},"wordCount":981,"commentCount":0,"image":{"@id":"https:\/\/pcspezialist.de\/blog\/2021\/11\/23\/nachhaltige-digitalisierung\/#primaryimage"},"thumbnailUrl":"https:\/\/pcspezialist.de\/blog\/wp-content\/uploads\/2021\/11\/pexels-delcho-dichev-3659194-e1637586010112.jpg","keywords":["Reparatur","Arbeitswelt","Nachhaltigkeit"],"articleSection":["Digitalisierung"],"inLanguage":"de","potentialAction":[{"@type":"CommentAction","name":"Comment","target":["https:\/\/pcspezialist.de\/blog\/2021\/11\/23\/nachhaltige-digitalisierung\/#respond"]}]},{"@type":"WebPage","@id":"https:\/\/pcspezialist.de\/blog\/2021\/11\/23\/nachhaltige-digitalisierung\/","url":"https:\/\/pcspezialist.de\/blog\/2021\/11\/23\/nachhaltige-digitalisierung\/","name":"Nachhaltige Digitalisierung: mit Ihrer IT nachhaltig agieren","isPartOf":{"@id":"https:\/\/pcspezialist.de\/blog\/#website"},"primaryImageOfPage":{"@id":"https:\/\/pcspezialist.de\/blog\/2021\/11\/23\/nachhaltige-digitalisierung\/#primaryimage"},"image":{"@id":"https:\/\/pcspezialist.de\/blog\/2021\/11\/23\/nachhaltige-digitalisierung\/#primaryimage"},"thumbnailUrl":"https:\/\/pcspezialist.de\/blog\/wp-content\/uploads\/2021\/11\/pexels-delcho-dichev-3659194-e1637586010112.jpg","datePublished":"2021-11-23T09:45:01+00:00","dateModified":"2025-06-25T10:30:20+00:00","author":{"@id":"https:\/\/pcspezialist.de\/blog\/#\/schema\/person\/e40f454e2671c2d60d36a76a1f431873"},"description":"Nachhaltige Digitalisierung: \u2714 Wie k\u00f6nnen Sie Prozesse nachhaltig digialisieren? \u2714 Wie agieren Sie mit Ihren Ger\u00e4ten nachhaltig?","breadcrumb":{"@id":"https:\/\/pcspezialist.de\/blog\/2021\/11\/23\/nachhaltige-digitalisierung\/#breadcrumb"},"inLanguage":"de","potentialAction":[{"@type":"ReadAction","target":["https:\/\/pcspezialist.de\/blog\/2021\/11\/23\/nachhaltige-digitalisierung\/"]}]},{"@type":"ImageObject","inLanguage":"de","@id":"https:\/\/pcspezialist.de\/blog\/2021\/11\/23\/nachhaltige-digitalisierung\/#primaryimage","url":"https:\/\/pcspezialist.de\/blog\/wp-content\/uploads\/2021\/11\/pexels-delcho-dichev-3659194-e1637586010112.jpg","contentUrl":"https:\/\/pcspezialist.de\/blog\/wp-content\/uploads\/2021\/11\/pexels-delcho-dichev-3659194-e1637586010112.jpg","width":1272,"height":1152,"caption":"Setzen Sie Digitalisierungsprozesse nachhaltig um! Bild: Pexels\/DelchoDichev"},{"@type":"BreadcrumbList","@id":"https:\/\/pcspezialist.de\/blog\/2021\/11\/23\/nachhaltige-digitalisierung\/#breadcrumb","itemListElement":[{"@type":"ListItem","position":1,"name":"Startseite","item":"https:\/\/pcspezialist.de\/blog\/"},{"@type":"ListItem","position":2,"name":"Nachhaltige Digitalisierung ## Wie Sie durch Digitalisierung nachhaltig agieren"}]},{"@type":"WebSite","@id":"https:\/\/pcspezialist.de\/blog\/#website","url":"https:\/\/pcspezialist.de\/blog\/","name":"PC-SPEZIALIST Blog","description":"IT-Service, Trends &amp; Technik","potentialAction":[{"@type":"SearchAction","target":{"@type":"EntryPoint","urlTemplate":"https:\/\/pcspezialist.de\/blog\/?s={search_term_string}"},"query-input":{"@type":"PropertyValueSpecification","valueRequired":true,"valueName":"search_term_string"}}],"inLanguage":"de"},{"@type":"Person","@id":"https:\/\/pcspezialist.de\/blog\/#\/schema\/person\/e40f454e2671c2d60d36a76a1f431873","name":"Robin Laufenburg","description":"Robin Laufenburg arbeitet seit April 2018 f\u00fcr die SYNAXON AG, dem Dachunternehmen der Marke PC-SPEZIALIST. Urspr\u00fcnglich war er studienbegleitend als SEO-Texter t\u00e4tig, unter anderem f\u00fcr die Marke IT-SERVICE.NETWORK. Seit Anfang 2020 ist der mittlerweile fertig studierte Germanist (Abschluss im Zwei-Fach-Master-Studiengang Kultur und Gesellschaft mit den Schwerpunkten Germanistische Sprachwissenschaft und Deutschsprachige Literaturen) als Autor f\u00fcr den PC-SPEZIALIST-Blog t\u00e4tig. Seit 2022 unterst\u00fctzt er als Content Marketing Manager mit dem Arbeitsschwerpunkt SEO-Strategie die Marke st\u00e4rker bei strategischen Entscheidungen und Reportings und hat einen zentralen Bestandteil seiner T\u00e4tigkeit damit ins Backend verlagert. Das bedeutet aber nicht, dass Robin Laufenburg nicht weiterhin auch Inhalte im Blog teilt. Er versteht es n\u00e4mlich nach wie vor, spannende Themen rund um die IT, f\u00fcr die er sich auch privat interessiert, f\u00fcr PC-SPEZIALIST leserfreundlich aufzuarbeiten und anschaulich darzulegen. Robin Laufenburg geht der T\u00e4tigkeit des Schreibens \u00fcbrigens nicht nur beruflich nach, also f\u00fcr den PC-SPEZIALIST-Blog. Seit mittlerweile mehr als zehn Jahren tritt er mit kurzen Prosatexten und Lyrik auf freien Leseb\u00fchnen auf und hat k\u00fcrzlich einen Sammelband \u201aZwischen Zwanzig und Drei\u00dfig\u2018 im Zwiebelzwerg Verlag herausgebracht. W\u00e4hrend Robin Laufenburg bei der Texterstellung f\u00fcr PC-SPEZIALIST stets auf Ordnung, Pr\u00e4zision, Genauigkeit und Korrektheit achtet, bricht er in und mit seiner Kunst genau damit auf und versucht, auch (dem Ausdruck von) Chaos Raum zu geben. Neben der T\u00e4tigkeit des kreativen Schreibens geht Robin Laufenburg auch der Malerei und Zeichenkunst, der experimentellen Fotografie und Filmografie sowie der Konzeption von weiteren multimedialen Kleinkunstprojekten nach. Nat\u00fcrlich interessiert sich Robin Laufenburg neben der Kunstschaffung und -rezeption aber auch zentral f\u00fcr das Themenfeld IT sowie f\u00fcr aktuelle IT-Entwicklungen, was ihn auch zur SYNAXON AG und PC-SPEZIALIST gebracht hat. Sie haben Fragen an ihn oder zu seinen Blogbeitr\u00e4gen? Dann nehmen Sie \u00fcber die E-Mail-Adresse redaktion@pcspezialist.de Kontakt zu ihm auf!","url":"https:\/\/pcspezialist.de\/blog\/author\/robin-laufenburg\/"}]}},"_links":{"self":[{"href":"https:\/\/pcspezialist.de\/blog\/wp-json\/wp\/v2\/posts\/58263","targetHints":{"allow":["GET"]}}],"collection":[{"href":"https:\/\/pcspezialist.de\/blog\/wp-json\/wp\/v2\/posts"}],"about":[{"href":"https:\/\/pcspezialist.de\/blog\/wp-json\/wp\/v2\/types\/post"}],"author":[{"embeddable":true,"href":"https:\/\/pcspezialist.de\/blog\/wp-json\/wp\/v2\/users\/117"}],"replies":[{"embeddable":true,"href":"https:\/\/pcspezialist.de\/blog\/wp-json\/wp\/v2\/comments?post=58263"}],"version-history":[{"count":25,"href":"https:\/\/pcspezialist.de\/blog\/wp-json\/wp\/v2\/posts\/58263\/revisions"}],"predecessor-version":[{"id":75190,"href":"https:\/\/pcspezialist.de\/blog\/wp-json\/wp\/v2\/posts\/58263\/revisions\/75190"}],"wp:featuredmedia":[{"embeddable":true,"href":"https:\/\/pcspezialist.de\/blog\/wp-json\/wp\/v2\/media\/58279"}],"wp:attachment":[{"href":"https:\/\/pcspezialist.de\/blog\/wp-json\/wp\/v2\/media?parent=58263"}],"wp:term":[{"taxonomy":"category","embeddable":true,"href":"https:\/\/pcspezialist.de\/blog\/wp-json\/wp\/v2\/categories?post=58263"},{"taxonomy":"post_tag","embeddable":true,"href":"https:\/\/pcspezialist.de\/blog\/wp-json\/wp\/v2\/tags?post=58263"}],"curies":[{"name":"wp","href":"https:\/\/api.w.org\/{rel}","templated":true}]}}