{"id":57133,"date":"2021-09-14T10:45:56","date_gmt":"2021-09-14T08:45:56","guid":{"rendered":"https:\/\/www.pcspezialist.de\/blog\/?p=57133"},"modified":"2024-03-22T08:23:36","modified_gmt":"2024-03-22T07:23:36","slug":"instagram-alter","status":"publish","type":"post","link":"https:\/\/pcspezialist.de\/blog\/2021\/09\/14\/instagram-alter\/","title":{"rendered":"Instagram Alter ## Plattform versucht sich in mehr Jugendschutz"},"content":{"rendered":"<p><strong>Wer kennt sie nicht, die Social-Media-Plattform Instagram. Aber ab welchen Alter ist Instagram? Gibt es ein Mindestalter? K\u00fcnftig wird auf jeden Fall bei Instagram Alter abgefragt.\u00a0<\/strong><\/p>\n<p>Und wer das aufpoppende Fenster nicht wahrheitsgem\u00e4\u00df ausf\u00fcllt, dem droht der Rauswurf aus Instagram. Alle Infos zu den Instagram-Pl\u00e4nen bei uns.<\/p>\n<p><!--more--><\/p>\n<div style=\"background: #f2f2f2; padding: 15px 15px 5px; margin: 30px 0;\">\n<p><strong>Unser Beitrag \u00fcber Instagram Alter im \u00dcberblick:\u00a0<\/strong><\/p>\n<ol style=\"line-height: 1.7;\">\n<li><a href=\"#eins\">Instagram Alter \u2013 warum ist das wichtig?<\/a><\/li>\n<li><a href=\"#zwei\">Instagram: Alter angeben oder Account-Sperrung<\/a><\/li>\n<li><a href=\"#drei\">Jugendschutz f\u00fcr alle unter 18 Jahre<\/a><\/li>\n<\/ol>\n<\/div>\n<h2 id=\"eins\">Instagram Alter \u2013 warum ist das wichtig?<\/h2>\n<p>Bereits seit Dezember 2019 fragt Instagram bei der <strong>Erstellung<\/strong> eines I<strong>nstagram-Kontos<\/strong> nach dem <strong>Alter<\/strong>. Ab welchem Alter ist Instagram? Ab einem Alter von 13 Jahre. Dass Instagram Alter erfragt begr\u00fcndet die Social-Media-Plattform in seinen Nutzungsbedingungen. Grund f\u00fcr das Mindestalter ist, dass Instagram \u201ejunge Menschen sch\u00fctzen und insgesamt ein altersgerechteres Nutzungserlebnis bieten [m\u00f6chte]\u201c. Wichtig f\u00fcr alle User: Das Geburtsdatum ist f\u00fcr andere auf Instagram nicht sichtbar. Nur der Nutzer selbst kann es jederzeit in seinen privaten Kontoinformationen einsehen.<\/p>\n<p>Ziel der Instagram-Altersabfrage war es, ein \u201eindividuelleres Nutzungserlebnis zu bieten. Dazu z\u00e4hlen beispielsweise Informationen \u00fcber Kontrollfunktionen f\u00fcr den Account und empfohlene Privatsph\u00e4re-Einstellungen f\u00fcr junge Menschen\u201c.\u00a0Dar\u00fcber hinaus ergreift Instagram Ma\u00dfnahmen, um Nutzern bei der Einstellung zu helfen, wer Direkt-Nachrichten senden darf. Der User kann festlegen, dass nur Personen, denen er selbst folgt, auch Nachrichten senden und ihn zu Gruppen-Chats hinzuf\u00fcgen d\u00fcrfen.<\/p>\n<p>Die oberster Pr\u00e4misse ist also immer der Jugendschutz. Es konnte allerdings beim Alter gemogelt werden oder die Frage ignoriert werden. Und Kontrollen zu gemachten Angaben gab es auch nicht. Das \u00e4ndert sich nun.<\/p>\n<div id=\"attachment_57135\" style=\"width: 710px\" class=\"wp-caption alignright\"><img loading=\"lazy\" decoding=\"async\" aria-describedby=\"caption-attachment-57135\" class=\"size-medium wp-image-57135\" src=\"https:\/\/pcspezialist.de\/blog\/wp-content\/uploads\/2021\/09\/Instagram-Alter_\u00a9Instagram-700x432.jpg\" alt=\"Instagram Alter: Screenshot der Popup-Fenster, die das Alter abfragen. Bild: \u00a9 Instagram\" width=\"700\" height=\"432\" srcset=\"https:\/\/pcspezialist.de\/blog\/wp-content\/uploads\/2021\/09\/Instagram-Alter_\u00a9Instagram-700x432.jpg 700w, https:\/\/pcspezialist.de\/blog\/wp-content\/uploads\/2021\/09\/Instagram-Alter_\u00a9Instagram-768x474.jpg 768w, https:\/\/pcspezialist.de\/blog\/wp-content\/uploads\/2021\/09\/Instagram-Alter_\u00a9Instagram.jpg 862w\" sizes=\"auto, (max-width: 700px) 100vw, 700px\" \/><p id=\"caption-attachment-57135\" class=\"wp-caption-text\">So oder so \u00e4hnlich wird die Altersabfrage bei Instagram aussehen. Bild: \u00a9Instagram<\/p><\/div>\n<h2 id=\"zwei\">Instagram: Alter angeben oder Account-Sperrung<\/h2>\n<p>K\u00fcnftig wird bei der Nutzung von Instagram ein Popup-Fenster auftauchen., und zwar bei all denjenigen, die ihr Alter bislang nicht angegeben haben. Ihnen wird dann mehrmals eine Benachrichtigung beim \u00d6ffnen der App angezeigt, die auf das Instagram Alter, bzw. die Abfrage danach hinweist.<\/p>\n<p>Als Grund wird erneut der Jugendschutz angegeben. Denn: Facebook, als Mutterkonzern von Instagram, m\u00f6chte sicherstellen, dass Kinder keine unangemessenen Inhalte zu sehen bekommen. Wer die Altersabfrage nicht beantwortet, kann die App k\u00fcnftig nicht mehr normal nutzen. So hei\u00dft es: \u201eYou\u2019ll need to share it to continue using Instagram\u201c. Zu deutsch: \u201eSie m\u00fcssen Ihr Alter mitteilen, um Instagram weiterhin nutzen zu k\u00f6nnen.\u201c\u00a0In einem zweiten Schritt erscheinen die Benachrichtigung, sobald Sie ein Post anschauen m\u00f6chten.<\/p>\n<p>Wer beim Instagram-Alter schummelt, dem soll eine k\u00fcnstliche Intelligenz auf die Schliche kommen. Wer sich weigert, sein Alter anzugeben, kann in einem ersten Schritt die App nicht mehr wie gewohnt nutzen. Mittelfristig denkt Instagram aber sogar dar\u00fcber nach, diesen Nutzern den Zugang zur App zu verweigern. Auch eine Account-Sperrung sei denkbar.<\/p>\n<h2 id=\"drei\">Jugendschutz f\u00fcr alle unter 18 Jahre<\/h2>\n<p>Auch f\u00fcr die 13 bis 18-J\u00e4hrigen Instagram-User gibt es neue automatisierte Schutzfunktionen. So hat Instagram damit begonnen, alle Profile von Unter-18-J\u00e4hrigen automatisch auf den Status \u201ePrivat\u201c einzustellen.<\/p>\n<p>Sie sind so nicht f\u00fcr die \u00d6ffentlichkeit sichtbar, Inhalte werden nur f\u00fcr Freunde angezeigt. Hintergrund ist hierbei, dass Erwachsene es schwerer haben sollen, Jugendliche \u00fcber Direktnachrichten zu kontaktieren, die ihnen nicht folgen. Ebenfalls sollen s unangemessene Inhalte verhindert werden.<\/p>\n<p>In den USA starten die genannten Funktionen, wie das Instagram-Alter und die automatisierten Kontoeinstellungen sofort, in Europa werden die Features in K\u00fcrze erwartet. Was halten Sie von der verpflichtenden Altersangabe? Lassen Sie es uns in den Kommentare wissen. \u00dcbrigens, weitere interessante Infos zu Instagram erfahren Sie bei uns im <a href=\"https:\/\/pcspezialist.de\/blog\/tag\/instagram\/\">Blog<\/a>.<\/p>\n<p>_______________________________________________<\/p>\n<p><small>Weiterf\u00fchrende Links: <a href=\"https:\/\/about.instagram.com\/de-de\/blog\/announcements\/making-instagram-safer-for-the-youngest-members-of-our-community\" target=\"_blank\" rel=\"noopener\">about.instagram<\/a>, <a href=\"https:\/\/about.fb.com\/news\/2021\/08\/asking-people-for-their-birthday-on-instagram\/\" target=\"_blank\" rel=\"noopener\">about.fb<\/a>,\u00a0<\/small><\/p>\n","protected":false},"excerpt":{"rendered":"<p>Wer kennt sie nicht, die Social-Media-Plattform Instagram. Aber ab welchen Alter ist Instagram? Gibt es ein Mindestalter? K\u00fcnftig wird auf jeden Fall bei Instagram Alter abgefragt.\u00a0 Und wer das aufpoppende Fenster nicht wahrheitsgem\u00e4\u00df ausf\u00fcllt, dem droht der Rauswurf aus Instagram. Alle Infos zu den Instagram-Pl\u00e4nen bei uns.<\/p>\n","protected":false},"author":98,"featured_media":57137,"comment_status":"open","ping_status":"closed","sticky":false,"template":"","format":"standard","meta":{"footnotes":""},"categories":[6913],"tags":[620,1250,3367],"class_list":["post-57133","post","type-post","status-publish","format-standard","has-post-thumbnail","hentry","category-verschiedenes","tag-kinder","tag-social-media","tag-instagram"],"yoast_head":"<!-- This site is optimized with the Yoast SEO plugin v27.5 - https:\/\/yoast.com\/product\/yoast-seo-wordpress\/ -->\n<title>Instagram Alter \u2013 Plattform versucht sich in mehr Jugendschutz<\/title>\n<meta name=\"description\" content=\"Auf \u2714 Instagram Alter angeben, wird bald Pflicht. Was ist das Ziel der \u2714 Altersabfrage und \u2714 ab welchem Alter ist Instagram? Infos bei uns.\" \/>\n<meta name=\"robots\" content=\"index, follow, max-snippet:-1, max-image-preview:large, max-video-preview:-1\" \/>\n<link rel=\"canonical\" href=\"https:\/\/pcspezialist.de\/blog\/2021\/09\/14\/instagram-alter\/\" \/>\n<meta property=\"og:locale\" content=\"de_DE\" \/>\n<meta property=\"og:type\" content=\"article\" \/>\n<meta property=\"og:title\" content=\"Instagram Alter \u2013 Plattform versucht sich in mehr Jugendschutz\" \/>\n<meta property=\"og:description\" content=\"Auf \u2714 Instagram Alter angeben, wird bald Pflicht. Was ist das Ziel der \u2714 Altersabfrage und \u2714 ab welchem Alter ist Instagram? Infos bei uns.\" \/>\n<meta property=\"og:url\" content=\"https:\/\/pcspezialist.de\/blog\/2021\/09\/14\/instagram-alter\/\" \/>\n<meta property=\"og:site_name\" content=\"PC-SPEZIALIST Blog\" \/>\n<meta property=\"article:published_time\" content=\"2021-09-14T08:45:56+00:00\" \/>\n<meta property=\"article:modified_time\" content=\"2024-03-22T07:23:36+00:00\" \/>\n<meta property=\"og:image\" content=\"https:\/\/pcspezialist.de\/blog\/wp-content\/uploads\/2021\/09\/Instagram-Alter_pexels-cottonbro-5053738.jpg\" \/>\n\t<meta property=\"og:image:width\" content=\"1500\" \/>\n\t<meta property=\"og:image:height\" content=\"700\" \/>\n\t<meta property=\"og:image:type\" content=\"image\/jpeg\" \/>\n<meta name=\"author\" content=\"Maren Keller\" \/>\n<meta name=\"twitter:card\" content=\"summary_large_image\" \/>\n<meta name=\"twitter:label1\" content=\"Verfasst von\" \/>\n\t<meta name=\"twitter:data1\" content=\"Maren Keller\" \/>\n\t<meta name=\"twitter:label2\" content=\"Gesch\u00e4tzte Lesezeit\" \/>\n\t<meta name=\"twitter:data2\" content=\"3\u00a0Minuten\" \/>\n<script type=\"application\/ld+json\" class=\"yoast-schema-graph\">{\"@context\":\"https:\\\/\\\/schema.org\",\"@graph\":[{\"@type\":\"Article\",\"@id\":\"https:\\\/\\\/pcspezialist.de\\\/blog\\\/2021\\\/09\\\/14\\\/instagram-alter\\\/#article\",\"isPartOf\":{\"@id\":\"https:\\\/\\\/pcspezialist.de\\\/blog\\\/2021\\\/09\\\/14\\\/instagram-alter\\\/\"},\"author\":{\"name\":\"Maren Keller\",\"@id\":\"https:\\\/\\\/pcspezialist.de\\\/blog\\\/#\\\/schema\\\/person\\\/e9cb801a8b8ea9138af26a02b8b6d14f\"},\"headline\":\"Instagram Alter ## Plattform versucht sich in mehr Jugendschutz\",\"datePublished\":\"2021-09-14T08:45:56+00:00\",\"dateModified\":\"2024-03-22T07:23:36+00:00\",\"mainEntityOfPage\":{\"@id\":\"https:\\\/\\\/pcspezialist.de\\\/blog\\\/2021\\\/09\\\/14\\\/instagram-alter\\\/\"},\"wordCount\":609,\"commentCount\":0,\"image\":{\"@id\":\"https:\\\/\\\/pcspezialist.de\\\/blog\\\/2021\\\/09\\\/14\\\/instagram-alter\\\/#primaryimage\"},\"thumbnailUrl\":\"https:\\\/\\\/pcspezialist.de\\\/blog\\\/wp-content\\\/uploads\\\/2021\\\/09\\\/Instagram-Alter_pexels-cottonbro-5053738.jpg\",\"keywords\":[\"Kinder\",\"Social Media\",\"Instagram\"],\"articleSection\":[\"Verschiedenes\"],\"inLanguage\":\"de\",\"potentialAction\":[{\"@type\":\"CommentAction\",\"name\":\"Comment\",\"target\":[\"https:\\\/\\\/pcspezialist.de\\\/blog\\\/2021\\\/09\\\/14\\\/instagram-alter\\\/#respond\"]}]},{\"@type\":\"WebPage\",\"@id\":\"https:\\\/\\\/pcspezialist.de\\\/blog\\\/2021\\\/09\\\/14\\\/instagram-alter\\\/\",\"url\":\"https:\\\/\\\/pcspezialist.de\\\/blog\\\/2021\\\/09\\\/14\\\/instagram-alter\\\/\",\"name\":\"Instagram Alter \u2013 Plattform versucht sich in mehr Jugendschutz\",\"isPartOf\":{\"@id\":\"https:\\\/\\\/pcspezialist.de\\\/blog\\\/#website\"},\"primaryImageOfPage\":{\"@id\":\"https:\\\/\\\/pcspezialist.de\\\/blog\\\/2021\\\/09\\\/14\\\/instagram-alter\\\/#primaryimage\"},\"image\":{\"@id\":\"https:\\\/\\\/pcspezialist.de\\\/blog\\\/2021\\\/09\\\/14\\\/instagram-alter\\\/#primaryimage\"},\"thumbnailUrl\":\"https:\\\/\\\/pcspezialist.de\\\/blog\\\/wp-content\\\/uploads\\\/2021\\\/09\\\/Instagram-Alter_pexels-cottonbro-5053738.jpg\",\"datePublished\":\"2021-09-14T08:45:56+00:00\",\"dateModified\":\"2024-03-22T07:23:36+00:00\",\"author\":{\"@id\":\"https:\\\/\\\/pcspezialist.de\\\/blog\\\/#\\\/schema\\\/person\\\/e9cb801a8b8ea9138af26a02b8b6d14f\"},\"description\":\"Auf \u2714 Instagram Alter angeben, wird bald Pflicht. Was ist das Ziel der \u2714 Altersabfrage und \u2714 ab welchem Alter ist Instagram? Infos bei uns.\",\"breadcrumb\":{\"@id\":\"https:\\\/\\\/pcspezialist.de\\\/blog\\\/2021\\\/09\\\/14\\\/instagram-alter\\\/#breadcrumb\"},\"inLanguage\":\"de\",\"potentialAction\":[{\"@type\":\"ReadAction\",\"target\":[\"https:\\\/\\\/pcspezialist.de\\\/blog\\\/2021\\\/09\\\/14\\\/instagram-alter\\\/\"]}]},{\"@type\":\"ImageObject\",\"inLanguage\":\"de\",\"@id\":\"https:\\\/\\\/pcspezialist.de\\\/blog\\\/2021\\\/09\\\/14\\\/instagram-alter\\\/#primaryimage\",\"url\":\"https:\\\/\\\/pcspezialist.de\\\/blog\\\/wp-content\\\/uploads\\\/2021\\\/09\\\/Instagram-Alter_pexels-cottonbro-5053738.jpg\",\"contentUrl\":\"https:\\\/\\\/pcspezialist.de\\\/blog\\\/wp-content\\\/uploads\\\/2021\\\/09\\\/Instagram-Alter_pexels-cottonbro-5053738.jpg\",\"width\":1500,\"height\":700,\"caption\":\"Wer j\u00fcnger als 18 Jahre ist, soll bei Instagram besser gesch\u00fctzt werden. Bild: Pexels\\\/cottonbro\"},{\"@type\":\"BreadcrumbList\",\"@id\":\"https:\\\/\\\/pcspezialist.de\\\/blog\\\/2021\\\/09\\\/14\\\/instagram-alter\\\/#breadcrumb\",\"itemListElement\":[{\"@type\":\"ListItem\",\"position\":1,\"name\":\"Startseite\",\"item\":\"https:\\\/\\\/pcspezialist.de\\\/blog\\\/\"},{\"@type\":\"ListItem\",\"position\":2,\"name\":\"Instagram Alter ## Plattform versucht sich in mehr Jugendschutz\"}]},{\"@type\":\"WebSite\",\"@id\":\"https:\\\/\\\/pcspezialist.de\\\/blog\\\/#website\",\"url\":\"https:\\\/\\\/pcspezialist.de\\\/blog\\\/\",\"name\":\"PC-SPEZIALIST Blog\",\"description\":\"IT-Service, Trends &amp; Technik\",\"potentialAction\":[{\"@type\":\"SearchAction\",\"target\":{\"@type\":\"EntryPoint\",\"urlTemplate\":\"https:\\\/\\\/pcspezialist.de\\\/blog\\\/?s={search_term_string}\"},\"query-input\":{\"@type\":\"PropertyValueSpecification\",\"valueRequired\":true,\"valueName\":\"search_term_string\"}}],\"inLanguage\":\"de\"},{\"@type\":\"Person\",\"@id\":\"https:\\\/\\\/pcspezialist.de\\\/blog\\\/#\\\/schema\\\/person\\\/e9cb801a8b8ea9138af26a02b8b6d14f\",\"name\":\"Maren Keller\",\"description\":\"PC-SPEZIALIST ist eine Marke der in Schlo\u00df Holte ans\u00e4ssigen SYNAXON. Seit 2016 arbeitet Maren Keller f\u00fcr den PC-SPEZIALIST-Blog. Gestartet als Online-Redakteurin ist sie mittlerweile Content Marketing Managerin und tr\u00e4gt unter anderem die Verantwortung f\u00fcr die Inhalte des Blogs. In den Jahren 2017 und 2020 hat sie parallel f\u00fcr den Blog des IT-SERVICE.NETWORK geschrieben. Die studierte Germanistin und Politologin hat einen Sp\u00fcrsinn f\u00fcr aktuelle Bedrohungen im IT-Bereich entwickelt und versteht es, das Fachwissen von PC-SPEZIALIST dem Leser verst\u00e4ndlich darzubieten. Nicht zu verleugnen ist allerdings ihre Ungeduld, die sich in flinken Fingern auf der Tastatur zeigt und gleichzeitig f\u00fcr einen hohen Output sorgt. Ihre journalistische Karriere begann Maren Keller Mitte der 1990er Jahre mit dem Verfassen von Sportberichten f\u00fcr die Regionalseiten ihrer Heimatzeitung in Bremerhaven. Nach dem Studium in Hannover, das von zahlreichen Praktika bei Funk, Fernsehen und Zeitung begleitet wurde, kehrte sie f\u00fcr ein journalistisches Volontariat in ihre Heimat zur\u00fcck, um bei der NORDSEE-ZEITUNG den Beruf des Redakteurs von der Pike auf zu lernen und anschlie\u00dfend in der Sportredaktion zu arbeiten. W\u00e4hrend ihrer Elternzeiten und beruflich bedingten Umz\u00fcgen arbeitete sie als freie Journalistin f\u00fcr verschiedene Tageszeitungen und fand 2016 den Weg zur SYNAXON, wo sie heute als Content Marketing Managerin in Lohn und Brot steht. In ihrer Freizeit zeigt sie ihr Talent f\u00fcr\u2019s Schreiben nicht. Stattdessen liegen ihre Schwerpunkt dort im Bereich Haus, Familie, Garten und Hund. Au\u00dferdem ist sie musikalisch unterwegs, bl\u00e4st das Jagdhorn in einem Bl\u00e4serkorps, spielt Klavier und singt im Chor. Sie haben Fragen an Maren Keller? Sie erreichen sie per E-Mail an redaktion@pcspezialist.de\",\"url\":\"https:\\\/\\\/pcspezialist.de\\\/blog\\\/author\\\/maren\\\/\"}]}<\/script>\n<!-- \/ Yoast SEO plugin. -->","yoast_head_json":{"title":"Instagram Alter \u2013 Plattform versucht sich in mehr Jugendschutz","description":"Auf \u2714 Instagram Alter angeben, wird bald Pflicht. Was ist das Ziel der \u2714 Altersabfrage und \u2714 ab welchem Alter ist Instagram? Infos bei uns.","robots":{"index":"index","follow":"follow","max-snippet":"max-snippet:-1","max-image-preview":"max-image-preview:large","max-video-preview":"max-video-preview:-1"},"canonical":"https:\/\/pcspezialist.de\/blog\/2021\/09\/14\/instagram-alter\/","og_locale":"de_DE","og_type":"article","og_title":"Instagram Alter \u2013 Plattform versucht sich in mehr Jugendschutz","og_description":"Auf \u2714 Instagram Alter angeben, wird bald Pflicht. Was ist das Ziel der \u2714 Altersabfrage und \u2714 ab welchem Alter ist Instagram? Infos bei uns.","og_url":"https:\/\/pcspezialist.de\/blog\/2021\/09\/14\/instagram-alter\/","og_site_name":"PC-SPEZIALIST Blog","article_published_time":"2021-09-14T08:45:56+00:00","article_modified_time":"2024-03-22T07:23:36+00:00","og_image":[{"width":1500,"height":700,"url":"https:\/\/pcspezialist.de\/blog\/wp-content\/uploads\/2021\/09\/Instagram-Alter_pexels-cottonbro-5053738.jpg","type":"image\/jpeg"}],"author":"Maren Keller","twitter_card":"summary_large_image","twitter_misc":{"Verfasst von":"Maren Keller","Gesch\u00e4tzte Lesezeit":"3\u00a0Minuten"},"schema":{"@context":"https:\/\/schema.org","@graph":[{"@type":"Article","@id":"https:\/\/pcspezialist.de\/blog\/2021\/09\/14\/instagram-alter\/#article","isPartOf":{"@id":"https:\/\/pcspezialist.de\/blog\/2021\/09\/14\/instagram-alter\/"},"author":{"name":"Maren Keller","@id":"https:\/\/pcspezialist.de\/blog\/#\/schema\/person\/e9cb801a8b8ea9138af26a02b8b6d14f"},"headline":"Instagram Alter ## Plattform versucht sich in mehr Jugendschutz","datePublished":"2021-09-14T08:45:56+00:00","dateModified":"2024-03-22T07:23:36+00:00","mainEntityOfPage":{"@id":"https:\/\/pcspezialist.de\/blog\/2021\/09\/14\/instagram-alter\/"},"wordCount":609,"commentCount":0,"image":{"@id":"https:\/\/pcspezialist.de\/blog\/2021\/09\/14\/instagram-alter\/#primaryimage"},"thumbnailUrl":"https:\/\/pcspezialist.de\/blog\/wp-content\/uploads\/2021\/09\/Instagram-Alter_pexels-cottonbro-5053738.jpg","keywords":["Kinder","Social Media","Instagram"],"articleSection":["Verschiedenes"],"inLanguage":"de","potentialAction":[{"@type":"CommentAction","name":"Comment","target":["https:\/\/pcspezialist.de\/blog\/2021\/09\/14\/instagram-alter\/#respond"]}]},{"@type":"WebPage","@id":"https:\/\/pcspezialist.de\/blog\/2021\/09\/14\/instagram-alter\/","url":"https:\/\/pcspezialist.de\/blog\/2021\/09\/14\/instagram-alter\/","name":"Instagram Alter \u2013 Plattform versucht sich in mehr Jugendschutz","isPartOf":{"@id":"https:\/\/pcspezialist.de\/blog\/#website"},"primaryImageOfPage":{"@id":"https:\/\/pcspezialist.de\/blog\/2021\/09\/14\/instagram-alter\/#primaryimage"},"image":{"@id":"https:\/\/pcspezialist.de\/blog\/2021\/09\/14\/instagram-alter\/#primaryimage"},"thumbnailUrl":"https:\/\/pcspezialist.de\/blog\/wp-content\/uploads\/2021\/09\/Instagram-Alter_pexels-cottonbro-5053738.jpg","datePublished":"2021-09-14T08:45:56+00:00","dateModified":"2024-03-22T07:23:36+00:00","author":{"@id":"https:\/\/pcspezialist.de\/blog\/#\/schema\/person\/e9cb801a8b8ea9138af26a02b8b6d14f"},"description":"Auf \u2714 Instagram Alter angeben, wird bald Pflicht. Was ist das Ziel der \u2714 Altersabfrage und \u2714 ab welchem Alter ist Instagram? Infos bei uns.","breadcrumb":{"@id":"https:\/\/pcspezialist.de\/blog\/2021\/09\/14\/instagram-alter\/#breadcrumb"},"inLanguage":"de","potentialAction":[{"@type":"ReadAction","target":["https:\/\/pcspezialist.de\/blog\/2021\/09\/14\/instagram-alter\/"]}]},{"@type":"ImageObject","inLanguage":"de","@id":"https:\/\/pcspezialist.de\/blog\/2021\/09\/14\/instagram-alter\/#primaryimage","url":"https:\/\/pcspezialist.de\/blog\/wp-content\/uploads\/2021\/09\/Instagram-Alter_pexels-cottonbro-5053738.jpg","contentUrl":"https:\/\/pcspezialist.de\/blog\/wp-content\/uploads\/2021\/09\/Instagram-Alter_pexels-cottonbro-5053738.jpg","width":1500,"height":700,"caption":"Wer j\u00fcnger als 18 Jahre ist, soll bei Instagram besser gesch\u00fctzt werden. Bild: Pexels\/cottonbro"},{"@type":"BreadcrumbList","@id":"https:\/\/pcspezialist.de\/blog\/2021\/09\/14\/instagram-alter\/#breadcrumb","itemListElement":[{"@type":"ListItem","position":1,"name":"Startseite","item":"https:\/\/pcspezialist.de\/blog\/"},{"@type":"ListItem","position":2,"name":"Instagram Alter ## Plattform versucht sich in mehr Jugendschutz"}]},{"@type":"WebSite","@id":"https:\/\/pcspezialist.de\/blog\/#website","url":"https:\/\/pcspezialist.de\/blog\/","name":"PC-SPEZIALIST Blog","description":"IT-Service, Trends &amp; Technik","potentialAction":[{"@type":"SearchAction","target":{"@type":"EntryPoint","urlTemplate":"https:\/\/pcspezialist.de\/blog\/?s={search_term_string}"},"query-input":{"@type":"PropertyValueSpecification","valueRequired":true,"valueName":"search_term_string"}}],"inLanguage":"de"},{"@type":"Person","@id":"https:\/\/pcspezialist.de\/blog\/#\/schema\/person\/e9cb801a8b8ea9138af26a02b8b6d14f","name":"Maren Keller","description":"PC-SPEZIALIST ist eine Marke der in Schlo\u00df Holte ans\u00e4ssigen SYNAXON. Seit 2016 arbeitet Maren Keller f\u00fcr den PC-SPEZIALIST-Blog. Gestartet als Online-Redakteurin ist sie mittlerweile Content Marketing Managerin und tr\u00e4gt unter anderem die Verantwortung f\u00fcr die Inhalte des Blogs. In den Jahren 2017 und 2020 hat sie parallel f\u00fcr den Blog des IT-SERVICE.NETWORK geschrieben. Die studierte Germanistin und Politologin hat einen Sp\u00fcrsinn f\u00fcr aktuelle Bedrohungen im IT-Bereich entwickelt und versteht es, das Fachwissen von PC-SPEZIALIST dem Leser verst\u00e4ndlich darzubieten. Nicht zu verleugnen ist allerdings ihre Ungeduld, die sich in flinken Fingern auf der Tastatur zeigt und gleichzeitig f\u00fcr einen hohen Output sorgt. Ihre journalistische Karriere begann Maren Keller Mitte der 1990er Jahre mit dem Verfassen von Sportberichten f\u00fcr die Regionalseiten ihrer Heimatzeitung in Bremerhaven. Nach dem Studium in Hannover, das von zahlreichen Praktika bei Funk, Fernsehen und Zeitung begleitet wurde, kehrte sie f\u00fcr ein journalistisches Volontariat in ihre Heimat zur\u00fcck, um bei der NORDSEE-ZEITUNG den Beruf des Redakteurs von der Pike auf zu lernen und anschlie\u00dfend in der Sportredaktion zu arbeiten. W\u00e4hrend ihrer Elternzeiten und beruflich bedingten Umz\u00fcgen arbeitete sie als freie Journalistin f\u00fcr verschiedene Tageszeitungen und fand 2016 den Weg zur SYNAXON, wo sie heute als Content Marketing Managerin in Lohn und Brot steht. In ihrer Freizeit zeigt sie ihr Talent f\u00fcr\u2019s Schreiben nicht. Stattdessen liegen ihre Schwerpunkt dort im Bereich Haus, Familie, Garten und Hund. Au\u00dferdem ist sie musikalisch unterwegs, bl\u00e4st das Jagdhorn in einem Bl\u00e4serkorps, spielt Klavier und singt im Chor. Sie haben Fragen an Maren Keller? Sie erreichen sie per E-Mail an redaktion@pcspezialist.de","url":"https:\/\/pcspezialist.de\/blog\/author\/maren\/"}]}},"_links":{"self":[{"href":"https:\/\/pcspezialist.de\/blog\/wp-json\/wp\/v2\/posts\/57133","targetHints":{"allow":["GET"]}}],"collection":[{"href":"https:\/\/pcspezialist.de\/blog\/wp-json\/wp\/v2\/posts"}],"about":[{"href":"https:\/\/pcspezialist.de\/blog\/wp-json\/wp\/v2\/types\/post"}],"author":[{"embeddable":true,"href":"https:\/\/pcspezialist.de\/blog\/wp-json\/wp\/v2\/users\/98"}],"replies":[{"embeddable":true,"href":"https:\/\/pcspezialist.de\/blog\/wp-json\/wp\/v2\/comments?post=57133"}],"version-history":[{"count":4,"href":"https:\/\/pcspezialist.de\/blog\/wp-json\/wp\/v2\/posts\/57133\/revisions"}],"predecessor-version":[{"id":57139,"href":"https:\/\/pcspezialist.de\/blog\/wp-json\/wp\/v2\/posts\/57133\/revisions\/57139"}],"wp:featuredmedia":[{"embeddable":true,"href":"https:\/\/pcspezialist.de\/blog\/wp-json\/wp\/v2\/media\/57137"}],"wp:attachment":[{"href":"https:\/\/pcspezialist.de\/blog\/wp-json\/wp\/v2\/media?parent=57133"}],"wp:term":[{"taxonomy":"category","embeddable":true,"href":"https:\/\/pcspezialist.de\/blog\/wp-json\/wp\/v2\/categories?post=57133"},{"taxonomy":"post_tag","embeddable":true,"href":"https:\/\/pcspezialist.de\/blog\/wp-json\/wp\/v2\/tags?post=57133"}],"curies":[{"name":"wp","href":"https:\/\/api.w.org\/{rel}","templated":true}]}}