{"id":56306,"date":"2021-07-23T10:45:07","date_gmt":"2021-07-23T08:45:07","guid":{"rendered":"https:\/\/www.pcspezialist.de\/blog\/?p=56306"},"modified":"2024-11-05T08:22:53","modified_gmt":"2024-11-05T07:22:53","slug":"karl-klammer","status":"publish","type":"post","link":"https:\/\/pcspezialist.de\/blog\/2021\/07\/23\/karl-klammer\/","title":{"rendered":"Karl Klammer ist zur\u00fcck ## Microsoft belebt Windows-Assistenten nach 20 Jahren wieder"},"content":{"rendered":"<p><strong>K\u00f6nnen Sie sich noch an Karl Klammer erinnern? Die etwas nervige B\u00fcroklammer, die stets mit einem penetranten Geklopfe ihre Hilfe anbot? 20 Jahre war sie im Ruhestand, nun kommt sie zur\u00fcck.\u00a0<\/strong><\/p>\n<p>F\u00fcr alle, die sich nicht an Karl Klammer erinnern k\u00f6nnen, beschreiben wir ihn und zeigen Ihnen, was er als Windows-Assistent gemacht hat.<\/p>\n<p><!--more--><\/p>\n<div style=\"background: #f2f2f2; padding: 15px 15px 5px; margin: 30px 0;\">\n<p><strong>Unser Beitrag \u00fcber Karl Klammer im \u00dcberblick:\u00a0<\/strong><\/p>\n<ol style=\"line-height: 1.7;\">\n<li><a href=\"#eins\">Karl Klammer \u2013 der nervige Besserwisser<\/a><\/li>\n<li><a href=\"#zwei\">Clippy traumatisierte die Windows-User<\/a><\/li>\n<li><a href=\"#drei\">Kehrt Karl Klammer wirklich zur\u00fcck?<\/a><\/li>\n<\/ol>\n<\/div>\n<h2 id=\"eins\">Karl Klammer \u2013 der nervige Besserwisser<\/h2>\n<p>Karl Klammer hatte keinen guten Ruf \u2013 trotz gro\u00dfer Kulleraugen und hochgezogener Augenbrauen. Warum? Die <strong>B\u00fcroklammer<\/strong> war ein <strong>nerviger Besserwisser<\/strong>. Und Besserwisser sind nunmal nicht sonderlich beliebt. Doch wer Ende der 1990er und Anfang der 2000er mit Word oder Excel arbeitete, kam um Karl Klammer nicht herum. Im Original lautete sein Name \u00fcbrigens <strong>Clippy<\/strong>.<\/p>\n<p>Denn kaum begann man in Word einen Text zu schreiben, schon tauchte Clippy <strong>am oberen Bildschirmrand<\/strong> auf. \u201eAnscheinend m\u00f6chten Sie einen Brief schreiben. Brauchen Sie Hilfe?&#8220;, fragte die Klammer. Und was man zu Beginn vielleicht noch niedlich fand, begann ziemlich schnell zu nerven. Denn: Man konnte die Klammer nicht dauerhaft entfernen. Eben gerade hatte man sie weggeklickt, schon tauchte sie wieder auf.<\/p>\n<p>Und wer sie ignorierte, wurde mit noch mehr Nerverei bestraft. Dann n\u00e4mlich begann die Klammer auf und ab zu h\u00fcpfen oder Klopfger\u00e4usche von sich zu geben. Zeitweise sa\u00df sie auch auf einem Fahrrad. Warum? Das wurde nicht klar.<\/p>\n<div id=\"attachment_56314\" style=\"width: 575px\" class=\"wp-caption alignright\"><img loading=\"lazy\" decoding=\"async\" aria-describedby=\"caption-attachment-56314\" class=\"size-medium wp-image-56314\" src=\"https:\/\/pcspezialist.de\/blog\/wp-content\/uploads\/2021\/07\/Karl-Klammer-565x500.jpg\" alt=\"Bild von Karl Klammer und seiner Hilfe. Bild: \u00a9Microsoft\" width=\"565\" height=\"500\" srcset=\"https:\/\/pcspezialist.de\/blog\/wp-content\/uploads\/2021\/07\/Karl-Klammer-565x500.jpg 565w, https:\/\/pcspezialist.de\/blog\/wp-content\/uploads\/2021\/07\/Karl-Klammer-790x700.jpg 790w, https:\/\/pcspezialist.de\/blog\/wp-content\/uploads\/2021\/07\/Karl-Klammer-768x680.jpg 768w, https:\/\/pcspezialist.de\/blog\/wp-content\/uploads\/2021\/07\/Karl-Klammer.jpg 822w\" sizes=\"auto, (max-width: 565px) 100vw, 565px\" \/><p id=\"caption-attachment-56314\" class=\"wp-caption-text\">K\u00f6nnen Sie sich noch an die hilflosen Hilfeversuche von Karl Klammer erinnern? Bild: \u00a9 Microsoft<\/p><\/div>\n<h2 id=\"zwei\">Clippy traumatisierte die Windows-User<\/h2>\n<p><strong>Karl Klammer<\/strong> wollte eigentlich was Gutes, er <strong>wollte helfen<\/strong>. Allerdings f\u00fchrte er mehr zur Ablenkung, als das er Hilfe brachte. Die Windows-User waren genervt, denn geholfen hat der Assistent &#8211; nach allem, was bisher bekannt ist &#8211; kaum jemanden.<\/p>\n<p>Wer wirklich ein <strong>Problem mit Word<\/strong> hatte, beispielsweise beim Einrichten von Fu\u00dfnoten oder bei der durchg\u00e4ngigen Seitennummerierung, der <strong>fragte<\/strong> am besten jemanden, der sich mit Word auskannte. <strong>Auf keinen Fall<\/strong> aber die nervige B\u00fcroklammer <strong>Clippy<\/strong>. Die Belohnung f\u00fcr viel Nerverei folgte im Jahr 2010: Vom\u00a0 Time Magazin wurde Karl Klammer als schlechteste Erfindung aller Zeiten gek\u00fcrt.<\/p>\n<p>Das Gef\u00fchl, das mit <strong>Karl Klammer<\/strong> einherging und sich mit dem Anlegen jedes neuen Dokumentes steigerte, f\u00fchrte zur nachhaltigen <strong>Traumatisierung der Windows-User<\/strong>. Und da half es auch wenig, dass man die B\u00fcroklammer gegen andere Figuren austauschen konnte. Egal ob Erdkugel oder Smiley, Zauberer, Roboter oder Albert Einstein, Hund oder Katze \u2013 viele Jahre waren User genervt, denn der Windows-Assistent zappelte und klopfte penetrant ab 1997 \u00fcber die Windows-Bildschirme.<\/p>\n<p>2001 hatte er eigentlich bereits ausgedient, aber erst 2007 schaffte Microsoft die animierte Nervens\u00e4ge endg\u00fcltig ab. Doch jetzt kommt sie wahrscheinlich zur\u00fcck:<\/p>\n<blockquote class=\"twitter-tweet\">\n<p dir=\"ltr\" lang=\"en\">If this gets 20k likes, we\u2019ll replace the paperclip emoji in Microsoft 365 with Clippy. <a href=\"https:\/\/t.co\/6T8ziboguC\">pic.twitter.com\/6T8ziboguC<\/a><\/p>\n<p>\u2014 Microsoft (@Microsoft) <a href=\"https:\/\/twitter.com\/Microsoft\/status\/1415370520888061955?ref_src=twsrc%5Etfw\">July 14, 2021<\/a><\/p><\/blockquote>\n<p><script async src=\"https:\/\/platform.twitter.com\/widgets.js\" charset=\"utf-8\"><\/script><\/p>\n<h2 id=\"drei\">Kehrt Karl Klammer wirklich zur\u00fcck?<\/h2>\n<p>Zwar hat Microsoft am 14 Juli 2021 die <strong>R\u00fcckkehr von Karl Klammer<\/strong> auf Twitter <strong>angek\u00fcndigt<\/strong>, sie aber auch an eine <strong>Bedingung<\/strong> gekn\u00fcpft: Erst wenn der Tweet 20.000 <a href=\"https:\/\/pcspezialist.de\/ratgeber\/facebook-likes-verbergen\/\">Gef\u00e4llt-mir-Angaben<\/a> erhalten hat, denkt Microsoft \u00fcber die Wiederbelebung des Windows-Assistenten nach. Innerhalb k\u00fcrzester Zeit schnellten die Likes in die H\u00f6he. Aktuell hat der Tweet bereits \u00fcber 175.000 Likes bekommen.<\/p>\n<p>Sie fragen sich, wo Sie k\u00fcnftig auf Karl Klammer sto\u00dfen werden? Der Windows-Assistent wird <strong>in allen Produkten der <a href=\"https:\/\/pcspezialist.de\/blog\/2018\/03\/09\/lohnt-sich-office-365\/\">365-Reihe<\/a><\/strong> von Microsoft erscheinen. Nat\u00fcrlich musste er sich daf\u00fcr von seinem verstaubten \u00c4u\u00dferen trennen: Ein <strong>Re-Design<\/strong> l\u00e4sst ihn <strong>jung und frisch<\/strong> erscheinen. Karl Klammer sieht nun fast so aus, als w\u00e4re er dem neuesten Pixar-Streifen entsprungen. In welchem Umfang Clippy auf den Bildschirmen erscheinen wird, l\u00e4sst Microsoft noch offen. Auch die Frage, wann er zur\u00fcck auf die Windows-Bildschirme kommt, ist nicht bekannt.<\/p>\n<p>Kennen Sie noch Karl Klammer und freuen Sie sich auf seine R\u00fcckkehr? Oder sind Sie gespannt, wie Karl Klammer heute aussehen wird? Oder f\u00fcrchten Sie gar endlose Nerverei wie vor 20 Jahren? Teilen Sie uns Ihre Hoffnungen und Bef\u00fcrchtungen rund um Clippy gern in unseren Kommentaren mit. Und wer Fragen zu <a href=\"https:\/\/pcspezialist.de\/firmen\/it-ausstattung\/microsoft-365-einrichten\/\">Microsoft 365<\/a>, zur <a href=\"https:\/\/pcspezialist.de\/privat\/geraete-und-software-installation\/windows-installation\/\">Windows-Installation<\/a> allgemein oder zu <a href=\"https:\/\/pcspezialist.de\/blog\/2021\/06\/18\/windows-11-release\/\">Windows 11<\/a> hat, wendet sich an <a href=\"https:\/\/pcspezialist.de\/standorte\/\">PC-SPEZIALIST in der N\u00e4he<\/a>. Dort beraten unsere IT-Experten Sie kompetent und zuverl\u00e4ssig.<\/p>\n<p>_______________________________________________<\/p>\n<p><small>Weiterf\u00fchrende Links: <a href=\"https:\/\/t3n.de\/news\/karl-klammer-microsoft-1391967\/\" target=\"_blank\" rel=\"noopener\">T3N<\/a>, <a href=\"https:\/\/www.spiegel.de\/netzwelt\/web\/microsoft-office-was-wurde-eigentlich-aus-karl-klammer-a-1033286.html\" target=\"_blank\" rel=\"noopener\">Spiegel<\/a>, <a href=\"https:\/\/www.heise.de\/select\/ct\/2020\/27\/2015710274574094325\" target=\"_blank\" rel=\"noopener\">Heise<\/a>, <a href=\"http:\/\/content.time.com\/time\/specials\/packages\/article\/0,28804,1991915_1991909_1991755,00.html\" target=\"_blank\" rel=\"noopener\">Time<\/a><\/small><\/p>\n","protected":false},"excerpt":{"rendered":"<p>K\u00f6nnen Sie sich noch an Karl Klammer erinnern? Die etwas nervige B\u00fcroklammer, die stets mit einem penetranten Geklopfe ihre Hilfe anbot? 20 Jahre war sie im Ruhestand, nun kommt sie zur\u00fcck.\u00a0 F\u00fcr alle, die sich nicht an Karl Klammer erinnern k\u00f6nnen, beschreiben wir ihn und zeigen Ihnen, was er als Windows-Assistent gemacht hat.<\/p>\n","protected":false},"author":98,"featured_media":56315,"comment_status":"open","ping_status":"closed","sticky":false,"template":"","format":"standard","meta":{"footnotes":""},"categories":[6913],"tags":[62,401],"class_list":["post-56306","post","type-post","status-publish","format-standard","has-post-thumbnail","hentry","category-verschiedenes","tag-microsoft","tag-windows"],"yoast_head":"<!-- This site is optimized with the Yoast SEO plugin v27.4 - https:\/\/yoast.com\/product\/yoast-seo-wordpress\/ -->\n<title>Karl Klammer ist zur\u00fcck: Microsoft belebt Windows-Assistenten wieder<\/title>\n<meta name=\"description\" content=\"K\u00f6nnen Sie sich noch an Karl Klammer erinnern? Der Windows -Assistent kommt nach 20 Jahren im Ruhestand zur\u00fcck. Infos hier.\" \/>\n<meta name=\"robots\" content=\"index, follow, max-snippet:-1, max-image-preview:large, max-video-preview:-1\" \/>\n<link rel=\"canonical\" href=\"https:\/\/pcspezialist.de\/blog\/2021\/07\/23\/karl-klammer\/\" \/>\n<meta property=\"og:locale\" content=\"de_DE\" \/>\n<meta property=\"og:type\" content=\"article\" \/>\n<meta property=\"og:title\" content=\"Karl Klammer ist zur\u00fcck: Microsoft belebt Windows-Assistenten wieder\" \/>\n<meta property=\"og:description\" content=\"K\u00f6nnen Sie sich noch an Karl Klammer erinnern? Der Windows -Assistent kommt nach 20 Jahren im Ruhestand zur\u00fcck. Infos hier.\" \/>\n<meta property=\"og:url\" content=\"https:\/\/pcspezialist.de\/blog\/2021\/07\/23\/karl-klammer\/\" \/>\n<meta property=\"og:site_name\" content=\"PC-SPEZIALIST Blog\" \/>\n<meta property=\"article:published_time\" content=\"2021-07-23T08:45:07+00:00\" \/>\n<meta property=\"article:modified_time\" content=\"2024-11-05T07:22:53+00:00\" \/>\n<meta property=\"og:image\" content=\"https:\/\/pcspezialist.de\/blog\/wp-content\/uploads\/2021\/07\/Karl-Klammer_pexels-yan-krukov-7793650.jpg\" \/>\n\t<meta property=\"og:image:width\" content=\"1500\" \/>\n\t<meta property=\"og:image:height\" content=\"700\" \/>\n\t<meta property=\"og:image:type\" content=\"image\/jpeg\" \/>\n<meta name=\"author\" content=\"Maren Keller\" \/>\n<meta name=\"twitter:card\" content=\"summary_large_image\" \/>\n<meta name=\"twitter:label1\" content=\"Verfasst von\" \/>\n\t<meta name=\"twitter:data1\" content=\"Maren Keller\" \/>\n\t<meta name=\"twitter:label2\" content=\"Gesch\u00e4tzte Lesezeit\" \/>\n\t<meta name=\"twitter:data2\" content=\"4\u00a0Minuten\" \/>\n<script type=\"application\/ld+json\" class=\"yoast-schema-graph\">{\"@context\":\"https:\\\/\\\/schema.org\",\"@graph\":[{\"@type\":\"Article\",\"@id\":\"https:\\\/\\\/pcspezialist.de\\\/blog\\\/2021\\\/07\\\/23\\\/karl-klammer\\\/#article\",\"isPartOf\":{\"@id\":\"https:\\\/\\\/pcspezialist.de\\\/blog\\\/2021\\\/07\\\/23\\\/karl-klammer\\\/\"},\"author\":{\"name\":\"Maren Keller\",\"@id\":\"https:\\\/\\\/pcspezialist.de\\\/blog\\\/#\\\/schema\\\/person\\\/e9cb801a8b8ea9138af26a02b8b6d14f\"},\"headline\":\"Karl Klammer ist zur\u00fcck ## Microsoft belebt Windows-Assistenten nach 20 Jahren wieder\",\"datePublished\":\"2021-07-23T08:45:07+00:00\",\"dateModified\":\"2024-11-05T07:22:53+00:00\",\"mainEntityOfPage\":{\"@id\":\"https:\\\/\\\/pcspezialist.de\\\/blog\\\/2021\\\/07\\\/23\\\/karl-klammer\\\/\"},\"wordCount\":734,\"commentCount\":1,\"image\":{\"@id\":\"https:\\\/\\\/pcspezialist.de\\\/blog\\\/2021\\\/07\\\/23\\\/karl-klammer\\\/#primaryimage\"},\"thumbnailUrl\":\"https:\\\/\\\/pcspezialist.de\\\/blog\\\/wp-content\\\/uploads\\\/2021\\\/07\\\/Karl-Klammer_pexels-yan-krukov-7793650.jpg\",\"keywords\":[\"Microsoft\",\"Windows\"],\"articleSection\":[\"Verschiedenes\"],\"inLanguage\":\"de\",\"potentialAction\":[{\"@type\":\"CommentAction\",\"name\":\"Comment\",\"target\":[\"https:\\\/\\\/pcspezialist.de\\\/blog\\\/2021\\\/07\\\/23\\\/karl-klammer\\\/#respond\"]}]},{\"@type\":\"WebPage\",\"@id\":\"https:\\\/\\\/pcspezialist.de\\\/blog\\\/2021\\\/07\\\/23\\\/karl-klammer\\\/\",\"url\":\"https:\\\/\\\/pcspezialist.de\\\/blog\\\/2021\\\/07\\\/23\\\/karl-klammer\\\/\",\"name\":\"Karl Klammer ist zur\u00fcck: Microsoft belebt Windows-Assistenten wieder\",\"isPartOf\":{\"@id\":\"https:\\\/\\\/pcspezialist.de\\\/blog\\\/#website\"},\"primaryImageOfPage\":{\"@id\":\"https:\\\/\\\/pcspezialist.de\\\/blog\\\/2021\\\/07\\\/23\\\/karl-klammer\\\/#primaryimage\"},\"image\":{\"@id\":\"https:\\\/\\\/pcspezialist.de\\\/blog\\\/2021\\\/07\\\/23\\\/karl-klammer\\\/#primaryimage\"},\"thumbnailUrl\":\"https:\\\/\\\/pcspezialist.de\\\/blog\\\/wp-content\\\/uploads\\\/2021\\\/07\\\/Karl-Klammer_pexels-yan-krukov-7793650.jpg\",\"datePublished\":\"2021-07-23T08:45:07+00:00\",\"dateModified\":\"2024-11-05T07:22:53+00:00\",\"author\":{\"@id\":\"https:\\\/\\\/pcspezialist.de\\\/blog\\\/#\\\/schema\\\/person\\\/e9cb801a8b8ea9138af26a02b8b6d14f\"},\"description\":\"K\u00f6nnen Sie sich noch an Karl Klammer erinnern? Der Windows -Assistent kommt nach 20 Jahren im Ruhestand zur\u00fcck. Infos hier.\",\"breadcrumb\":{\"@id\":\"https:\\\/\\\/pcspezialist.de\\\/blog\\\/2021\\\/07\\\/23\\\/karl-klammer\\\/#breadcrumb\"},\"inLanguage\":\"de\",\"potentialAction\":[{\"@type\":\"ReadAction\",\"target\":[\"https:\\\/\\\/pcspezialist.de\\\/blog\\\/2021\\\/07\\\/23\\\/karl-klammer\\\/\"]}]},{\"@type\":\"ImageObject\",\"inLanguage\":\"de\",\"@id\":\"https:\\\/\\\/pcspezialist.de\\\/blog\\\/2021\\\/07\\\/23\\\/karl-klammer\\\/#primaryimage\",\"url\":\"https:\\\/\\\/pcspezialist.de\\\/blog\\\/wp-content\\\/uploads\\\/2021\\\/07\\\/Karl-Klammer_pexels-yan-krukov-7793650.jpg\",\"contentUrl\":\"https:\\\/\\\/pcspezialist.de\\\/blog\\\/wp-content\\\/uploads\\\/2021\\\/07\\\/Karl-Klammer_pexels-yan-krukov-7793650.jpg\",\"width\":1500,\"height\":700,\"caption\":\"Sorgt Karl Klammer k\u00fcnftig wieder f\u00fcr Verzweiflung vor Windows-Rechnern? Bild: Pexels\\\/Yan Krukov\"},{\"@type\":\"BreadcrumbList\",\"@id\":\"https:\\\/\\\/pcspezialist.de\\\/blog\\\/2021\\\/07\\\/23\\\/karl-klammer\\\/#breadcrumb\",\"itemListElement\":[{\"@type\":\"ListItem\",\"position\":1,\"name\":\"Startseite\",\"item\":\"https:\\\/\\\/pcspezialist.de\\\/blog\\\/\"},{\"@type\":\"ListItem\",\"position\":2,\"name\":\"Karl Klammer ist zur\u00fcck ## Microsoft belebt Windows-Assistenten nach 20 Jahren wieder\"}]},{\"@type\":\"WebSite\",\"@id\":\"https:\\\/\\\/pcspezialist.de\\\/blog\\\/#website\",\"url\":\"https:\\\/\\\/pcspezialist.de\\\/blog\\\/\",\"name\":\"PC-SPEZIALIST Blog\",\"description\":\"IT-Service, Trends &amp; Technik\",\"potentialAction\":[{\"@type\":\"SearchAction\",\"target\":{\"@type\":\"EntryPoint\",\"urlTemplate\":\"https:\\\/\\\/pcspezialist.de\\\/blog\\\/?s={search_term_string}\"},\"query-input\":{\"@type\":\"PropertyValueSpecification\",\"valueRequired\":true,\"valueName\":\"search_term_string\"}}],\"inLanguage\":\"de\"},{\"@type\":\"Person\",\"@id\":\"https:\\\/\\\/pcspezialist.de\\\/blog\\\/#\\\/schema\\\/person\\\/e9cb801a8b8ea9138af26a02b8b6d14f\",\"name\":\"Maren Keller\",\"description\":\"PC-SPEZIALIST ist eine Marke der in Schlo\u00df Holte ans\u00e4ssigen SYNAXON. Seit 2016 arbeitet Maren Keller f\u00fcr den PC-SPEZIALIST-Blog. Gestartet als Online-Redakteurin ist sie mittlerweile Content Marketing Managerin und tr\u00e4gt unter anderem die Verantwortung f\u00fcr die Inhalte des Blogs. In den Jahren 2017 und 2020 hat sie parallel f\u00fcr den Blog des IT-SERVICE.NETWORK geschrieben. Die studierte Germanistin und Politologin hat einen Sp\u00fcrsinn f\u00fcr aktuelle Bedrohungen im IT-Bereich entwickelt und versteht es, das Fachwissen von PC-SPEZIALIST dem Leser verst\u00e4ndlich darzubieten. Nicht zu verleugnen ist allerdings ihre Ungeduld, die sich in flinken Fingern auf der Tastatur zeigt und gleichzeitig f\u00fcr einen hohen Output sorgt. Ihre journalistische Karriere begann Maren Keller Mitte der 1990er Jahre mit dem Verfassen von Sportberichten f\u00fcr die Regionalseiten ihrer Heimatzeitung in Bremerhaven. Nach dem Studium in Hannover, das von zahlreichen Praktika bei Funk, Fernsehen und Zeitung begleitet wurde, kehrte sie f\u00fcr ein journalistisches Volontariat in ihre Heimat zur\u00fcck, um bei der NORDSEE-ZEITUNG den Beruf des Redakteurs von der Pike auf zu lernen und anschlie\u00dfend in der Sportredaktion zu arbeiten. W\u00e4hrend ihrer Elternzeiten und beruflich bedingten Umz\u00fcgen arbeitete sie als freie Journalistin f\u00fcr verschiedene Tageszeitungen und fand 2016 den Weg zur SYNAXON, wo sie heute als Content Marketing Managerin in Lohn und Brot steht. In ihrer Freizeit zeigt sie ihr Talent f\u00fcr\u2019s Schreiben nicht. Stattdessen liegen ihre Schwerpunkt dort im Bereich Haus, Familie, Garten und Hund. Au\u00dferdem ist sie musikalisch unterwegs, bl\u00e4st das Jagdhorn in einem Bl\u00e4serkorps, spielt Klavier und singt im Chor. Sie haben Fragen an Maren Keller? Sie erreichen sie per E-Mail an redaktion@pcspezialist.de\",\"url\":\"https:\\\/\\\/pcspezialist.de\\\/blog\\\/author\\\/maren\\\/\"}]}<\/script>\n<!-- \/ Yoast SEO plugin. -->","yoast_head_json":{"title":"Karl Klammer ist zur\u00fcck: Microsoft belebt Windows-Assistenten wieder","description":"K\u00f6nnen Sie sich noch an Karl Klammer erinnern? Der Windows -Assistent kommt nach 20 Jahren im Ruhestand zur\u00fcck. Infos hier.","robots":{"index":"index","follow":"follow","max-snippet":"max-snippet:-1","max-image-preview":"max-image-preview:large","max-video-preview":"max-video-preview:-1"},"canonical":"https:\/\/pcspezialist.de\/blog\/2021\/07\/23\/karl-klammer\/","og_locale":"de_DE","og_type":"article","og_title":"Karl Klammer ist zur\u00fcck: Microsoft belebt Windows-Assistenten wieder","og_description":"K\u00f6nnen Sie sich noch an Karl Klammer erinnern? Der Windows -Assistent kommt nach 20 Jahren im Ruhestand zur\u00fcck. Infos hier.","og_url":"https:\/\/pcspezialist.de\/blog\/2021\/07\/23\/karl-klammer\/","og_site_name":"PC-SPEZIALIST Blog","article_published_time":"2021-07-23T08:45:07+00:00","article_modified_time":"2024-11-05T07:22:53+00:00","og_image":[{"width":1500,"height":700,"url":"https:\/\/pcspezialist.de\/blog\/wp-content\/uploads\/2021\/07\/Karl-Klammer_pexels-yan-krukov-7793650.jpg","type":"image\/jpeg"}],"author":"Maren Keller","twitter_card":"summary_large_image","twitter_misc":{"Verfasst von":"Maren Keller","Gesch\u00e4tzte Lesezeit":"4\u00a0Minuten"},"schema":{"@context":"https:\/\/schema.org","@graph":[{"@type":"Article","@id":"https:\/\/pcspezialist.de\/blog\/2021\/07\/23\/karl-klammer\/#article","isPartOf":{"@id":"https:\/\/pcspezialist.de\/blog\/2021\/07\/23\/karl-klammer\/"},"author":{"name":"Maren Keller","@id":"https:\/\/pcspezialist.de\/blog\/#\/schema\/person\/e9cb801a8b8ea9138af26a02b8b6d14f"},"headline":"Karl Klammer ist zur\u00fcck ## Microsoft belebt Windows-Assistenten nach 20 Jahren wieder","datePublished":"2021-07-23T08:45:07+00:00","dateModified":"2024-11-05T07:22:53+00:00","mainEntityOfPage":{"@id":"https:\/\/pcspezialist.de\/blog\/2021\/07\/23\/karl-klammer\/"},"wordCount":734,"commentCount":1,"image":{"@id":"https:\/\/pcspezialist.de\/blog\/2021\/07\/23\/karl-klammer\/#primaryimage"},"thumbnailUrl":"https:\/\/pcspezialist.de\/blog\/wp-content\/uploads\/2021\/07\/Karl-Klammer_pexels-yan-krukov-7793650.jpg","keywords":["Microsoft","Windows"],"articleSection":["Verschiedenes"],"inLanguage":"de","potentialAction":[{"@type":"CommentAction","name":"Comment","target":["https:\/\/pcspezialist.de\/blog\/2021\/07\/23\/karl-klammer\/#respond"]}]},{"@type":"WebPage","@id":"https:\/\/pcspezialist.de\/blog\/2021\/07\/23\/karl-klammer\/","url":"https:\/\/pcspezialist.de\/blog\/2021\/07\/23\/karl-klammer\/","name":"Karl Klammer ist zur\u00fcck: Microsoft belebt Windows-Assistenten wieder","isPartOf":{"@id":"https:\/\/pcspezialist.de\/blog\/#website"},"primaryImageOfPage":{"@id":"https:\/\/pcspezialist.de\/blog\/2021\/07\/23\/karl-klammer\/#primaryimage"},"image":{"@id":"https:\/\/pcspezialist.de\/blog\/2021\/07\/23\/karl-klammer\/#primaryimage"},"thumbnailUrl":"https:\/\/pcspezialist.de\/blog\/wp-content\/uploads\/2021\/07\/Karl-Klammer_pexels-yan-krukov-7793650.jpg","datePublished":"2021-07-23T08:45:07+00:00","dateModified":"2024-11-05T07:22:53+00:00","author":{"@id":"https:\/\/pcspezialist.de\/blog\/#\/schema\/person\/e9cb801a8b8ea9138af26a02b8b6d14f"},"description":"K\u00f6nnen Sie sich noch an Karl Klammer erinnern? Der Windows -Assistent kommt nach 20 Jahren im Ruhestand zur\u00fcck. Infos hier.","breadcrumb":{"@id":"https:\/\/pcspezialist.de\/blog\/2021\/07\/23\/karl-klammer\/#breadcrumb"},"inLanguage":"de","potentialAction":[{"@type":"ReadAction","target":["https:\/\/pcspezialist.de\/blog\/2021\/07\/23\/karl-klammer\/"]}]},{"@type":"ImageObject","inLanguage":"de","@id":"https:\/\/pcspezialist.de\/blog\/2021\/07\/23\/karl-klammer\/#primaryimage","url":"https:\/\/pcspezialist.de\/blog\/wp-content\/uploads\/2021\/07\/Karl-Klammer_pexels-yan-krukov-7793650.jpg","contentUrl":"https:\/\/pcspezialist.de\/blog\/wp-content\/uploads\/2021\/07\/Karl-Klammer_pexels-yan-krukov-7793650.jpg","width":1500,"height":700,"caption":"Sorgt Karl Klammer k\u00fcnftig wieder f\u00fcr Verzweiflung vor Windows-Rechnern? Bild: Pexels\/Yan Krukov"},{"@type":"BreadcrumbList","@id":"https:\/\/pcspezialist.de\/blog\/2021\/07\/23\/karl-klammer\/#breadcrumb","itemListElement":[{"@type":"ListItem","position":1,"name":"Startseite","item":"https:\/\/pcspezialist.de\/blog\/"},{"@type":"ListItem","position":2,"name":"Karl Klammer ist zur\u00fcck ## Microsoft belebt Windows-Assistenten nach 20 Jahren wieder"}]},{"@type":"WebSite","@id":"https:\/\/pcspezialist.de\/blog\/#website","url":"https:\/\/pcspezialist.de\/blog\/","name":"PC-SPEZIALIST Blog","description":"IT-Service, Trends &amp; Technik","potentialAction":[{"@type":"SearchAction","target":{"@type":"EntryPoint","urlTemplate":"https:\/\/pcspezialist.de\/blog\/?s={search_term_string}"},"query-input":{"@type":"PropertyValueSpecification","valueRequired":true,"valueName":"search_term_string"}}],"inLanguage":"de"},{"@type":"Person","@id":"https:\/\/pcspezialist.de\/blog\/#\/schema\/person\/e9cb801a8b8ea9138af26a02b8b6d14f","name":"Maren Keller","description":"PC-SPEZIALIST ist eine Marke der in Schlo\u00df Holte ans\u00e4ssigen SYNAXON. Seit 2016 arbeitet Maren Keller f\u00fcr den PC-SPEZIALIST-Blog. Gestartet als Online-Redakteurin ist sie mittlerweile Content Marketing Managerin und tr\u00e4gt unter anderem die Verantwortung f\u00fcr die Inhalte des Blogs. In den Jahren 2017 und 2020 hat sie parallel f\u00fcr den Blog des IT-SERVICE.NETWORK geschrieben. Die studierte Germanistin und Politologin hat einen Sp\u00fcrsinn f\u00fcr aktuelle Bedrohungen im IT-Bereich entwickelt und versteht es, das Fachwissen von PC-SPEZIALIST dem Leser verst\u00e4ndlich darzubieten. Nicht zu verleugnen ist allerdings ihre Ungeduld, die sich in flinken Fingern auf der Tastatur zeigt und gleichzeitig f\u00fcr einen hohen Output sorgt. Ihre journalistische Karriere begann Maren Keller Mitte der 1990er Jahre mit dem Verfassen von Sportberichten f\u00fcr die Regionalseiten ihrer Heimatzeitung in Bremerhaven. Nach dem Studium in Hannover, das von zahlreichen Praktika bei Funk, Fernsehen und Zeitung begleitet wurde, kehrte sie f\u00fcr ein journalistisches Volontariat in ihre Heimat zur\u00fcck, um bei der NORDSEE-ZEITUNG den Beruf des Redakteurs von der Pike auf zu lernen und anschlie\u00dfend in der Sportredaktion zu arbeiten. W\u00e4hrend ihrer Elternzeiten und beruflich bedingten Umz\u00fcgen arbeitete sie als freie Journalistin f\u00fcr verschiedene Tageszeitungen und fand 2016 den Weg zur SYNAXON, wo sie heute als Content Marketing Managerin in Lohn und Brot steht. In ihrer Freizeit zeigt sie ihr Talent f\u00fcr\u2019s Schreiben nicht. Stattdessen liegen ihre Schwerpunkt dort im Bereich Haus, Familie, Garten und Hund. Au\u00dferdem ist sie musikalisch unterwegs, bl\u00e4st das Jagdhorn in einem Bl\u00e4serkorps, spielt Klavier und singt im Chor. Sie haben Fragen an Maren Keller? Sie erreichen sie per E-Mail an redaktion@pcspezialist.de","url":"https:\/\/pcspezialist.de\/blog\/author\/maren\/"}]}},"_links":{"self":[{"href":"https:\/\/pcspezialist.de\/blog\/wp-json\/wp\/v2\/posts\/56306","targetHints":{"allow":["GET"]}}],"collection":[{"href":"https:\/\/pcspezialist.de\/blog\/wp-json\/wp\/v2\/posts"}],"about":[{"href":"https:\/\/pcspezialist.de\/blog\/wp-json\/wp\/v2\/types\/post"}],"author":[{"embeddable":true,"href":"https:\/\/pcspezialist.de\/blog\/wp-json\/wp\/v2\/users\/98"}],"replies":[{"embeddable":true,"href":"https:\/\/pcspezialist.de\/blog\/wp-json\/wp\/v2\/comments?post=56306"}],"version-history":[{"count":14,"href":"https:\/\/pcspezialist.de\/blog\/wp-json\/wp\/v2\/posts\/56306\/revisions"}],"predecessor-version":[{"id":56377,"href":"https:\/\/pcspezialist.de\/blog\/wp-json\/wp\/v2\/posts\/56306\/revisions\/56377"}],"wp:featuredmedia":[{"embeddable":true,"href":"https:\/\/pcspezialist.de\/blog\/wp-json\/wp\/v2\/media\/56315"}],"wp:attachment":[{"href":"https:\/\/pcspezialist.de\/blog\/wp-json\/wp\/v2\/media?parent=56306"}],"wp:term":[{"taxonomy":"category","embeddable":true,"href":"https:\/\/pcspezialist.de\/blog\/wp-json\/wp\/v2\/categories?post=56306"},{"taxonomy":"post_tag","embeddable":true,"href":"https:\/\/pcspezialist.de\/blog\/wp-json\/wp\/v2\/tags?post=56306"}],"curies":[{"name":"wp","href":"https:\/\/api.w.org\/{rel}","templated":true}]}}