{"id":55043,"date":"2021-04-26T10:45:11","date_gmt":"2021-04-26T08:45:11","guid":{"rendered":"https:\/\/www.pcspezialist.de\/blog\/?p=55043"},"modified":"2025-06-26T09:38:38","modified_gmt":"2025-06-26T07:38:38","slug":"6g","status":"publish","type":"post","link":"https:\/\/pcspezialist.de\/blog\/2021\/04\/26\/6g\/","title":{"rendered":"Mobilfunkstandard 6G ## Auf 3G, 4G und 5G folgt nun die Entwicklung von 6G"},"content":{"rendered":"<p><strong>6G ist der Mobilfunkstandard von \u00fcbermorgen. Die zuk\u00fcnftige mobile Datentechnologie soll ab 2030 unsere Kommunikation revolutionieren. Noch schnellere Daten\u00fcbertragungsgeschwindigkeiten und Einbettung von k\u00fcnstlicher Intelligenz sind gesteckte Ziele. <\/strong><\/p>\n<p>Die Entwicklung l\u00e4uft parallel zum weiteren Ausbau von 5G bereits auf Hochtouren.\u00a0Wie der aktuelle Stand ist und was die Vernetzungstechnologie alles kann soll, erfahren Sie bei uns.<br \/>\n<!--more--><\/p>\n<div style=\"background: #f2f2f2; padding: 15px 15px 5px; margin: 30px 0;\">\n<p><strong>Unser Beitrag \u00fcber 6G im \u00dcberblick:\u00a0<\/strong><\/p>\n<ol style=\"line-height: 1.7;\">\n<li><a href=\"#eins\">Was ist 6G und wie ist der Entwicklungsstand?<\/a>\n<ul style=\"line-height: 1.7;\">\n<li><a href=\"#zwei\">Europa investiert in 6G-Entwicklung<\/a><\/li>\n<\/ul>\n<\/li>\n<li><a href=\"#drei\">Die Zukunft mit 6G<\/a><\/li>\n<li><a href=\"#vier\">Was ist alles mit 6G m\u00f6glich?<\/a><\/li>\n<li><a href=\"#f\u00fcnf\">Problemlos im Internet surfen \u2013 dank PC-SPEZIALIST<\/a><\/li>\n<\/ol>\n<\/div>\n<h3 id=\"eins\">Was ist 6G und wie ist der Entwicklungsstand?<\/h3>\n<p>Zun\u00e4chst einmal: 6G steht f\u00fcr die sechste Generation des Mobilfunkstandards, der ab <strong>2030<\/strong> den Standard 5G abl\u00f6sen und dessen Nachfolger werden soll. Allerdings kommt der fl\u00e4chendeckende Ausbau des <a href=\"https:\/\/pcspezialist.de\/blog\/2019\/07\/08\/5g-ausbau\/\">Mobilfunkstandards 5G<\/a> derzeit hierzulande nur m\u00fchselig voran. Zudem gibt es zahlreiche Vorurteile, ob <a href=\"https:\/\/pcspezialist.de\/blog\/2021\/04\/23\/5g-schaedlich\/\">5G gesundheitssch\u00e4dlich<\/a> ist oder nicht.<\/p>\n<p>Damit die Entwicklung k\u00fcnftig bei 6G besser l\u00e4uft, startete das Bundesministerium f\u00fcr Bildung und Entwicklung im April 2021 die erste <strong>deutsche Forschungsinitiative zur 6G-Technologie<\/strong>. Hierzu erkl\u00e4rte Bundesforschungsministerin Anja Karliczek, dass das Ziel der ersten F\u00f6rderma\u00dfnahme eine Basis f\u00fcr ein Innovations\u00f6kosystem der k\u00fcnftigen Vernetzungstechnologien zu formen ist. Weiterhin sagt sie: \u201eWir m\u00fcssen jetzt schon an das \u00dcbermorgen denken und neue Schl\u00fcsseltechnologien und Standards in den Kommunikationstechnologien von Beginn an mitgestalten. Die digitale Transformation hat sich beschleunigt und die Notwendigkeit einer starken Netzinfrastruktur unterstrichen.\u201c<\/p>\n<div id=\"attachment_55049\" style=\"width: 410px\" class=\"wp-caption alignright\"><img loading=\"lazy\" decoding=\"async\" aria-describedby=\"caption-attachment-55049\" class=\"size-medium wp-image-55049\" src=\"https:\/\/pcspezialist.de\/blog\/wp-content\/uploads\/2021\/04\/pexels-ali-pazani-2777898-400x500.jpg\" alt=\"6G. Frau mit einem Hologram vor sich. Bild: Pexels\" width=\"400\" height=\"500\" srcset=\"https:\/\/pcspezialist.de\/blog\/wp-content\/uploads\/2021\/04\/pexels-ali-pazani-2777898-400x500.jpg 400w, https:\/\/pcspezialist.de\/blog\/wp-content\/uploads\/2021\/04\/pexels-ali-pazani-2777898-560x700.jpg 560w, https:\/\/pcspezialist.de\/blog\/wp-content\/uploads\/2021\/04\/pexels-ali-pazani-2777898-768x960.jpg 768w, https:\/\/pcspezialist.de\/blog\/wp-content\/uploads\/2021\/04\/pexels-ali-pazani-2777898-1229x1536.jpg 1229w, https:\/\/pcspezialist.de\/blog\/wp-content\/uploads\/2021\/04\/pexels-ali-pazani-2777898-1638x2048.jpg 1638w, https:\/\/pcspezialist.de\/blog\/wp-content\/uploads\/2021\/04\/pexels-ali-pazani-2777898-scaled.jpg 2048w\" sizes=\"auto, (max-width: 400px) 100vw, 400px\" \/><p id=\"caption-attachment-55049\" class=\"wp-caption-text\">6G: Hologramme sind ein zuk\u00fcnftiges Ziel. Bild: Pexels<\/p><\/div>\n<h4 id=\"zwei\">Europa investiert in 6G-Entwicklung<\/h4>\n<p>Damit Deutschland eine F\u00fchrungsrolle bei der Forschung und Entwicklung einnehmen kann, investiert der Bund bis 2025 insgesamt <strong>700 Millionen Euro<\/strong>. \u00dcbrigens: Nicht nur Deutschland, sondern auch Europa, also die europ\u00e4ische Union, investiert in den zuk\u00fcnftigen Mobilfunkstandard. Der Grund: Die technologische Souver\u00e4nit\u00e4t auf nationaler und europ\u00e4ischer Ebene soll gest\u00e4rkt werden. Zudem will Europa seine Unabh\u00e4ngigkeit st\u00e4rken.<\/p>\n<p>Um das zu erreichen, rief die europ\u00e4ische Union im Januar daher die 6G-Initiative <strong>Hexa-X<\/strong> ins Leben und stellte insgesamt <strong>900 Millionen Euro<\/strong> f\u00fcr Forschungszwecke zur Verf\u00fcgung. An der Forschungsinitiative beteiligen sich unter anderem Gr\u00f6\u00dfen wie Nokia, Ericsson, Siemens, Intel und verschiedenen Universit\u00e4ten.<\/p>\n<h3 id=\"drei\">Die Zukunft mit 6G<\/h3>\n<p>Was bringt 6G? Mehr Geschwindigkeit. Denn im Vergleich zu 5G soll die <strong>Daten\u00fcbertragungsgeschwindigkeit<\/strong> von 6G nochmal um das <strong>100-fache schneller<\/strong> sein. Und die h\u00f6here Geschwindigkeit bietet nicht nur Vorteile f\u00fcr die mobile Kommunikation, auch Industrie und Landwirtschaft k\u00f6nnen gro\u00dfes Potenzial sch\u00f6pfen.<\/p>\n<p>Ein weiterer <strong>Unterschied<\/strong> liegt in der geplanten <strong>Anwendung<\/strong>: 5G schafft eine neue Dimension der Kommunikation von Maschinen untereinander. Somit stellt es einen zentralen Faktor f\u00fcr die Industrie 4.0 dar. Im Gegensatz dazu liegt der Fokus von 6G beim Menschen und seiner Umgebung. Das hei\u00dft, dass damit konkret die Einbindung von komplexen Technologien in unsere Lebenswelt gemeint ist.<\/p>\n<p>Denn: Durch <a href=\"https:\/\/pcspezialist.de\/blog\/2021\/03\/17\/maschinelles-lernen\/\">k\u00fcnstliche Intelligenz<\/a> werden die reale und virtuelle Welt enger miteinander verkn\u00fcpft. In der <strong>Extended-Reality<\/strong> (<a href=\"https:\/\/pcspezialist.de\/blog\/2020\/12\/23\/digitale-arbeitswelt-von-morgen\/\">erweiterte Realit\u00e4t<\/a>) soll noch viel mehr m\u00f6glich sein.<\/p>\n<div id=\"attachment_55068\" style=\"width: 343px\" class=\"wp-caption alignright\"><img loading=\"lazy\" decoding=\"async\" aria-describedby=\"caption-attachment-55068\" class=\"size-medium wp-image-55068\" src=\"https:\/\/pcspezialist.de\/blog\/wp-content\/uploads\/2021\/04\/pexels-fotografierende-1194775-333x500.jpg\" alt=\"6G. Lupe in der Hand vor einem verschwommenen Hintergrund. Bild: Pexels\" width=\"333\" height=\"500\" srcset=\"https:\/\/pcspezialist.de\/blog\/wp-content\/uploads\/2021\/04\/pexels-fotografierende-1194775-333x500.jpg 333w, https:\/\/pcspezialist.de\/blog\/wp-content\/uploads\/2021\/04\/pexels-fotografierende-1194775-467x700.jpg 467w, https:\/\/pcspezialist.de\/blog\/wp-content\/uploads\/2021\/04\/pexels-fotografierende-1194775-768x1152.jpg 768w, https:\/\/pcspezialist.de\/blog\/wp-content\/uploads\/2021\/04\/pexels-fotografierende-1194775-1024x1536.jpg 1024w, https:\/\/pcspezialist.de\/blog\/wp-content\/uploads\/2021\/04\/pexels-fotografierende-1194775-1365x2048.jpg 1365w, https:\/\/pcspezialist.de\/blog\/wp-content\/uploads\/2021\/04\/pexels-fotografierende-1194775-scaled.jpg 1707w\" sizes=\"auto, (max-width: 333px) 100vw, 333px\" \/><p id=\"caption-attachment-55068\" class=\"wp-caption-text\">Die Zukunft mit 6G. Bild: Pexels<\/p><\/div>\n<h3 id=\"vier\">Was ist alles mit 6G m\u00f6glich?<\/h3>\n<p>Wir zeigen Ihnen, welche Ziele die Entwickler des neuen Mobilfunkstandards verfolgen und was alles m\u00f6glich werden soll:<\/p>\n<ul>\n<li><strong>3D<\/strong>-Karten f\u00fcr autonome Fahrzeuge<\/li>\n<li><strong>Menschen in 3D<\/strong>, die in Echtzeit sowie hoher Aufl\u00f6sung auf mobile Endger\u00e4te oder R\u00e4ume projiziert werden. Reale zwischenmenschliche Interaktionen k\u00f6nnen dann unabh\u00e4ngig von der Anwesenheit der Person simuliert werden. Das w\u00fcrde eine ganz neue Art der Zusammenarbeit \u00fcber die r\u00e4umliche Trennung hinweg bedeuten.<\/li>\n<li><strong>Hologramme<\/strong><\/li>\n<li>Die <strong>Steuerung eines Operationsger\u00e4ts<\/strong> oder Behandlung aus der <strong>Ferne<\/strong> sind gro\u00dfe Ziele, die in der Medizin verfolgt werden. Der Mobilfunkstandard 6G soll millimetergenaue Positionierungen aus der Ferne erm\u00f6glichen.<\/li>\n<\/ul>\n<p>Unabh\u00e4ngig vom Anwendungsgebiet er\u00f6ffnen die geplanten Ziele mit dem Mobilfunkstandard 6G revolution\u00e4re M\u00f6glichkeiten. Daf\u00fcr sind intensive Forschung und massive Investitionen in die zuk\u00fcnftigen Technologien eine zwingende Voraussetzung.<\/p>\n<h3 id=\"fuenf\">Problemlos im Internet surfen \u2013 dank PC-SPEZIALIST<\/h3>\n<p>Eine schnelle und stabile Internetverbindung ist gegenw\u00e4rtig gefragter denn je. Grund daf\u00fcr ist nat\u00fcrlich die immer noch w\u00e4hrende Corona-Pandemie, die zahlreiche Arbeitsnehmer ins Homeoffice zwingt. Schlecht, wenn man dann nicht \u00fcber ein gutes Internet verf\u00fcgt.<\/p>\n<p>Haben Sie sich einen neuen <a href=\"https:\/\/pcspezialist.de\/privat\/geraete-und-software-installation\/router-und-wlan-einrichtung\/\">Router<\/a> zugelegt, aber haben Schwierigkeiten bei dessen Konfiguration oder bei der Einrichtung des WLANs? Oder haben Sie dieselben Probleme nur bei der <a href=\"https:\/\/pcspezialist.de\/privat\/geraete-und-software-installation\/fritzbox-einrichtung\/\">Fritzbox<\/a>? Dann kontaktieren Sie das kompetente Team von <a href=\"https:\/\/pcspezialist.de\/standorte\/\">PC-SPEZIALIST ganz in Ihrer N\u00e4he<\/a>. Unsere <strong>IT-Experten<\/strong> beraten Sie<strong> vor Ort<\/strong> umfangreich zu <strong>L\u00f6sungsm\u00f6glichkeiten<\/strong> und stehen Ihnen bei Fragen zur Verf\u00fcgung.<\/p>\n<p>Wie finden Sie die M\u00f6glichkeiten, die mit 6G zuk\u00fcnftig m\u00f6glich sein sollen? Finden Sie, die Ziele nehmen ein zu gro\u00dfes Ausma\u00df an und be\u00e4ngstigen sie Sie viel mehr, als das Sie sich darauf freuen? Teilen Sie uns Ihre Meinung gern in den Kommentaren mit.<\/p>\n<p>_______________________________________________<\/p>\n<p><small>Weiterf\u00fchrende Links: <a href=\"https:\/\/www.bmbf.de\/de\/karliczek-6g-wird-unsere-kommunikation-revolutionieren-rund-700-millionen-euro-fuer-die-14195.html\" target=\"_blank\" rel=\"noopener noreferrer\">Bundesministerium f\u00fcr Bildung und Forschung<\/a>,<a href=\"https:\/\/www.it-daily.net\/it-management\/digitalisierung\/27917-6g-mobilfunk-neues-grossprojekt-legt-die-grundlagen\" target=\"_blank\" rel=\"noopener noreferrer\"> it-daily-net<\/a>, <a href=\"https:\/\/hexa-x.eu\/\" target=\"_blank\" rel=\"noopener noreferrer\">Hexa-X<\/a>, <a href=\"https:\/\/www.heise.de\/newsticker\/meldung\/KI-fuer-Mobilfunknetze-5G-Nachfolger-soll-richtig-smart-werden-4404281.html\" target=\"_blank\" rel=\"noopener noreferrer\">Heise<\/a><\/small><\/p>\n","protected":false},"excerpt":{"rendered":"<p>6G ist der Mobilfunkstandard von \u00fcbermorgen. Die zuk\u00fcnftige mobile Datentechnologie soll ab 2030 unsere Kommunikation revolutionieren. Noch schnellere Daten\u00fcbertragungsgeschwindigkeiten und Einbettung von k\u00fcnstlicher Intelligenz sind gesteckte Ziele. Die Entwicklung l\u00e4uft parallel zum weiteren Ausbau von 5G bereits auf Hochtouren.\u00a0Wie der aktuelle Stand ist und was die Vernetzungstechnologie alles kann soll, erfahren Sie bei uns.<\/p>\n","protected":false},"author":119,"featured_media":55048,"comment_status":"open","ping_status":"closed","sticky":false,"template":"","format":"standard","meta":{"footnotes":""},"categories":[6913],"tags":[2154,7099,9596],"class_list":["post-55043","post","type-post","status-publish","format-standard","has-post-thumbnail","hentry","category-verschiedenes","tag-breitband","tag-internetgeschwindigkeit","tag-mobilfunknetz"],"yoast_head":"<!-- This site is optimized with the Yoast SEO plugin v27.5 - https:\/\/yoast.com\/product\/yoast-seo-wordpress\/ -->\n<title>6G: Zuk\u00fcnftiger Mobilfunkstandard in der Entwicklung<\/title>\n<meta name=\"description\" content=\"6G ist der Mobilfunkstandard von \u00fcbermorgen. Wie der aktuelle Stand ist und was alles machbar sein soll, erfahren Sie bei uns.\" \/>\n<meta name=\"robots\" content=\"index, follow, max-snippet:-1, max-image-preview:large, max-video-preview:-1\" \/>\n<link rel=\"canonical\" href=\"https:\/\/pcspezialist.de\/blog\/2021\/04\/26\/6g\/\" \/>\n<meta property=\"og:locale\" content=\"de_DE\" \/>\n<meta property=\"og:type\" content=\"article\" \/>\n<meta property=\"og:title\" content=\"6G: Zuk\u00fcnftiger Mobilfunkstandard in der Entwicklung\" \/>\n<meta property=\"og:description\" content=\"6G ist der Mobilfunkstandard von \u00fcbermorgen. Wie der aktuelle Stand ist und was alles machbar sein soll, erfahren Sie bei uns.\" \/>\n<meta property=\"og:url\" content=\"https:\/\/pcspezialist.de\/blog\/2021\/04\/26\/6g\/\" \/>\n<meta property=\"og:site_name\" content=\"PC-SPEZIALIST Blog\" \/>\n<meta property=\"article:published_time\" content=\"2021-04-26T08:45:11+00:00\" \/>\n<meta property=\"article:modified_time\" content=\"2025-06-26T07:38:38+00:00\" \/>\n<meta property=\"og:image\" content=\"https:\/\/pcspezialist.de\/blog\/wp-content\/uploads\/2021\/04\/human-head-4399935_1920_pixabay.jpg\" \/>\n\t<meta property=\"og:image:width\" content=\"1920\" \/>\n\t<meta property=\"og:image:height\" content=\"1064\" \/>\n\t<meta property=\"og:image:type\" content=\"image\/jpeg\" \/>\n<meta name=\"author\" content=\"Theresa Twillemeier\" \/>\n<meta name=\"twitter:card\" content=\"summary_large_image\" \/>\n<meta name=\"twitter:label1\" content=\"Verfasst von\" \/>\n\t<meta name=\"twitter:data1\" content=\"Theresa Twillemeier\" \/>\n\t<meta name=\"twitter:label2\" content=\"Gesch\u00e4tzte Lesezeit\" \/>\n\t<meta name=\"twitter:data2\" content=\"5\u00a0Minuten\" \/>\n<script type=\"application\/ld+json\" class=\"yoast-schema-graph\">{\"@context\":\"https:\\\/\\\/schema.org\",\"@graph\":[{\"@type\":\"Article\",\"@id\":\"https:\\\/\\\/pcspezialist.de\\\/blog\\\/2021\\\/04\\\/26\\\/6g\\\/#article\",\"isPartOf\":{\"@id\":\"https:\\\/\\\/pcspezialist.de\\\/blog\\\/2021\\\/04\\\/26\\\/6g\\\/\"},\"author\":{\"name\":\"Theresa Twillemeier\",\"@id\":\"https:\\\/\\\/pcspezialist.de\\\/blog\\\/#\\\/schema\\\/person\\\/926d0da7bec75df4a271e53433714f11\"},\"headline\":\"Mobilfunkstandard 6G ## Auf 3G, 4G und 5G folgt nun die Entwicklung von 6G\",\"datePublished\":\"2021-04-26T08:45:11+00:00\",\"dateModified\":\"2025-06-26T07:38:38+00:00\",\"mainEntityOfPage\":{\"@id\":\"https:\\\/\\\/pcspezialist.de\\\/blog\\\/2021\\\/04\\\/26\\\/6g\\\/\"},\"wordCount\":847,\"commentCount\":0,\"image\":{\"@id\":\"https:\\\/\\\/pcspezialist.de\\\/blog\\\/2021\\\/04\\\/26\\\/6g\\\/#primaryimage\"},\"thumbnailUrl\":\"https:\\\/\\\/pcspezialist.de\\\/blog\\\/wp-content\\\/uploads\\\/2021\\\/04\\\/human-head-4399935_1920_pixabay.jpg\",\"keywords\":[\"Breitband\",\"Internetgeschwindigkeit\",\"Mobilfunknetz\"],\"articleSection\":[\"Verschiedenes\"],\"inLanguage\":\"de\",\"potentialAction\":[{\"@type\":\"CommentAction\",\"name\":\"Comment\",\"target\":[\"https:\\\/\\\/pcspezialist.de\\\/blog\\\/2021\\\/04\\\/26\\\/6g\\\/#respond\"]}]},{\"@type\":\"WebPage\",\"@id\":\"https:\\\/\\\/pcspezialist.de\\\/blog\\\/2021\\\/04\\\/26\\\/6g\\\/\",\"url\":\"https:\\\/\\\/pcspezialist.de\\\/blog\\\/2021\\\/04\\\/26\\\/6g\\\/\",\"name\":\"6G: Zuk\u00fcnftiger Mobilfunkstandard in der Entwicklung\",\"isPartOf\":{\"@id\":\"https:\\\/\\\/pcspezialist.de\\\/blog\\\/#website\"},\"primaryImageOfPage\":{\"@id\":\"https:\\\/\\\/pcspezialist.de\\\/blog\\\/2021\\\/04\\\/26\\\/6g\\\/#primaryimage\"},\"image\":{\"@id\":\"https:\\\/\\\/pcspezialist.de\\\/blog\\\/2021\\\/04\\\/26\\\/6g\\\/#primaryimage\"},\"thumbnailUrl\":\"https:\\\/\\\/pcspezialist.de\\\/blog\\\/wp-content\\\/uploads\\\/2021\\\/04\\\/human-head-4399935_1920_pixabay.jpg\",\"datePublished\":\"2021-04-26T08:45:11+00:00\",\"dateModified\":\"2025-06-26T07:38:38+00:00\",\"author\":{\"@id\":\"https:\\\/\\\/pcspezialist.de\\\/blog\\\/#\\\/schema\\\/person\\\/926d0da7bec75df4a271e53433714f11\"},\"description\":\"6G ist der Mobilfunkstandard von \u00fcbermorgen. Wie der aktuelle Stand ist und was alles machbar sein soll, erfahren Sie bei uns.\",\"breadcrumb\":{\"@id\":\"https:\\\/\\\/pcspezialist.de\\\/blog\\\/2021\\\/04\\\/26\\\/6g\\\/#breadcrumb\"},\"inLanguage\":\"de\",\"potentialAction\":[{\"@type\":\"ReadAction\",\"target\":[\"https:\\\/\\\/pcspezialist.de\\\/blog\\\/2021\\\/04\\\/26\\\/6g\\\/\"]}]},{\"@type\":\"ImageObject\",\"inLanguage\":\"de\",\"@id\":\"https:\\\/\\\/pcspezialist.de\\\/blog\\\/2021\\\/04\\\/26\\\/6g\\\/#primaryimage\",\"url\":\"https:\\\/\\\/pcspezialist.de\\\/blog\\\/wp-content\\\/uploads\\\/2021\\\/04\\\/human-head-4399935_1920_pixabay.jpg\",\"contentUrl\":\"https:\\\/\\\/pcspezialist.de\\\/blog\\\/wp-content\\\/uploads\\\/2021\\\/04\\\/human-head-4399935_1920_pixabay.jpg\",\"width\":1920,\"height\":1064,\"caption\":\"3D-Bilder mit 6G. Bild: Pixabay\"},{\"@type\":\"BreadcrumbList\",\"@id\":\"https:\\\/\\\/pcspezialist.de\\\/blog\\\/2021\\\/04\\\/26\\\/6g\\\/#breadcrumb\",\"itemListElement\":[{\"@type\":\"ListItem\",\"position\":1,\"name\":\"Startseite\",\"item\":\"https:\\\/\\\/pcspezialist.de\\\/blog\\\/\"},{\"@type\":\"ListItem\",\"position\":2,\"name\":\"Mobilfunkstandard 6G ## Auf 3G, 4G und 5G folgt nun die Entwicklung von 6G\"}]},{\"@type\":\"WebSite\",\"@id\":\"https:\\\/\\\/pcspezialist.de\\\/blog\\\/#website\",\"url\":\"https:\\\/\\\/pcspezialist.de\\\/blog\\\/\",\"name\":\"PC-SPEZIALIST Blog\",\"description\":\"IT-Service, Trends &amp; Technik\",\"potentialAction\":[{\"@type\":\"SearchAction\",\"target\":{\"@type\":\"EntryPoint\",\"urlTemplate\":\"https:\\\/\\\/pcspezialist.de\\\/blog\\\/?s={search_term_string}\"},\"query-input\":{\"@type\":\"PropertyValueSpecification\",\"valueRequired\":true,\"valueName\":\"search_term_string\"}}],\"inLanguage\":\"de\"},{\"@type\":\"Person\",\"@id\":\"https:\\\/\\\/pcspezialist.de\\\/blog\\\/#\\\/schema\\\/person\\\/926d0da7bec75df4a271e53433714f11\",\"name\":\"Theresa Twillemeier\",\"description\":\"PC-SPEZIALIST ist eine Marke der in Schlo\u00df Holte ans\u00e4ssigen SYNAXON. Seit 2021 verst\u00e4rkt Theresa Twillemeier als Marketing Managerin mit dem Schwerpunkt Content das Content-Team. In dieser Rolle verfasst sie Inhalte f\u00fcr den PC-SPEZIALIST-Blog und verantwortet weitere Kommunikationskan\u00e4le. Sie sorgt daf\u00fcr, dass komplexe Themen verst\u00e4ndlich und ansprechend aufbereitet werden. Theresa hat Volkswirtschaftslehre und Kulturanthropologie studiert. Diese eher ungew\u00f6hnliche Kombination pr\u00e4gt ihre Arbeit: Sie verbindet analytisches Denken mit einem feinen Gesp\u00fcr f\u00fcr Menschen, Trends und Geschichten. Mit viel Leidenschaft schafft sie es, technisches Wissen klar zu vermitteln und f\u00fcr unterschiedliche Zielgruppen greifbar zu machen. Bevor sie zur SYNAXON kam, sammelte Theresa in unterschiedlichen Stationen Erfahrungen im kommunikativen Bereich. Heute setzt sie dieses Wissen gezielt im Content Marketing ein und gestaltet die inhaltliche Ausrichtung von PC-SPEZIALIST aktiv mit. In ihrer Freizeit widmet sich Theresa weniger dem Schreiben als vielmehr ihren Hunden und ihrem Pferd. Mit ihnen verbringt sie gern Zeit in der Natur und findet dort den idealen Ausgleich zum Arbeitsalltag. Sie haben Fragen an Theresa? Sie erreichen sie per E-Mail an redaktion@pcspezialist.de.\",\"url\":\"https:\\\/\\\/pcspezialist.de\\\/blog\\\/author\\\/theresa-twillemeier\\\/\"}]}<\/script>\n<!-- \/ Yoast SEO plugin. -->","yoast_head_json":{"title":"6G: Zuk\u00fcnftiger Mobilfunkstandard in der Entwicklung","description":"6G ist der Mobilfunkstandard von \u00fcbermorgen. Wie der aktuelle Stand ist und was alles machbar sein soll, erfahren Sie bei uns.","robots":{"index":"index","follow":"follow","max-snippet":"max-snippet:-1","max-image-preview":"max-image-preview:large","max-video-preview":"max-video-preview:-1"},"canonical":"https:\/\/pcspezialist.de\/blog\/2021\/04\/26\/6g\/","og_locale":"de_DE","og_type":"article","og_title":"6G: Zuk\u00fcnftiger Mobilfunkstandard in der Entwicklung","og_description":"6G ist der Mobilfunkstandard von \u00fcbermorgen. Wie der aktuelle Stand ist und was alles machbar sein soll, erfahren Sie bei uns.","og_url":"https:\/\/pcspezialist.de\/blog\/2021\/04\/26\/6g\/","og_site_name":"PC-SPEZIALIST Blog","article_published_time":"2021-04-26T08:45:11+00:00","article_modified_time":"2025-06-26T07:38:38+00:00","og_image":[{"width":1920,"height":1064,"url":"https:\/\/pcspezialist.de\/blog\/wp-content\/uploads\/2021\/04\/human-head-4399935_1920_pixabay.jpg","type":"image\/jpeg"}],"author":"Theresa Twillemeier","twitter_card":"summary_large_image","twitter_misc":{"Verfasst von":"Theresa Twillemeier","Gesch\u00e4tzte Lesezeit":"5\u00a0Minuten"},"schema":{"@context":"https:\/\/schema.org","@graph":[{"@type":"Article","@id":"https:\/\/pcspezialist.de\/blog\/2021\/04\/26\/6g\/#article","isPartOf":{"@id":"https:\/\/pcspezialist.de\/blog\/2021\/04\/26\/6g\/"},"author":{"name":"Theresa Twillemeier","@id":"https:\/\/pcspezialist.de\/blog\/#\/schema\/person\/926d0da7bec75df4a271e53433714f11"},"headline":"Mobilfunkstandard 6G ## Auf 3G, 4G und 5G folgt nun die Entwicklung von 6G","datePublished":"2021-04-26T08:45:11+00:00","dateModified":"2025-06-26T07:38:38+00:00","mainEntityOfPage":{"@id":"https:\/\/pcspezialist.de\/blog\/2021\/04\/26\/6g\/"},"wordCount":847,"commentCount":0,"image":{"@id":"https:\/\/pcspezialist.de\/blog\/2021\/04\/26\/6g\/#primaryimage"},"thumbnailUrl":"https:\/\/pcspezialist.de\/blog\/wp-content\/uploads\/2021\/04\/human-head-4399935_1920_pixabay.jpg","keywords":["Breitband","Internetgeschwindigkeit","Mobilfunknetz"],"articleSection":["Verschiedenes"],"inLanguage":"de","potentialAction":[{"@type":"CommentAction","name":"Comment","target":["https:\/\/pcspezialist.de\/blog\/2021\/04\/26\/6g\/#respond"]}]},{"@type":"WebPage","@id":"https:\/\/pcspezialist.de\/blog\/2021\/04\/26\/6g\/","url":"https:\/\/pcspezialist.de\/blog\/2021\/04\/26\/6g\/","name":"6G: Zuk\u00fcnftiger Mobilfunkstandard in der Entwicklung","isPartOf":{"@id":"https:\/\/pcspezialist.de\/blog\/#website"},"primaryImageOfPage":{"@id":"https:\/\/pcspezialist.de\/blog\/2021\/04\/26\/6g\/#primaryimage"},"image":{"@id":"https:\/\/pcspezialist.de\/blog\/2021\/04\/26\/6g\/#primaryimage"},"thumbnailUrl":"https:\/\/pcspezialist.de\/blog\/wp-content\/uploads\/2021\/04\/human-head-4399935_1920_pixabay.jpg","datePublished":"2021-04-26T08:45:11+00:00","dateModified":"2025-06-26T07:38:38+00:00","author":{"@id":"https:\/\/pcspezialist.de\/blog\/#\/schema\/person\/926d0da7bec75df4a271e53433714f11"},"description":"6G ist der Mobilfunkstandard von \u00fcbermorgen. Wie der aktuelle Stand ist und was alles machbar sein soll, erfahren Sie bei uns.","breadcrumb":{"@id":"https:\/\/pcspezialist.de\/blog\/2021\/04\/26\/6g\/#breadcrumb"},"inLanguage":"de","potentialAction":[{"@type":"ReadAction","target":["https:\/\/pcspezialist.de\/blog\/2021\/04\/26\/6g\/"]}]},{"@type":"ImageObject","inLanguage":"de","@id":"https:\/\/pcspezialist.de\/blog\/2021\/04\/26\/6g\/#primaryimage","url":"https:\/\/pcspezialist.de\/blog\/wp-content\/uploads\/2021\/04\/human-head-4399935_1920_pixabay.jpg","contentUrl":"https:\/\/pcspezialist.de\/blog\/wp-content\/uploads\/2021\/04\/human-head-4399935_1920_pixabay.jpg","width":1920,"height":1064,"caption":"3D-Bilder mit 6G. Bild: Pixabay"},{"@type":"BreadcrumbList","@id":"https:\/\/pcspezialist.de\/blog\/2021\/04\/26\/6g\/#breadcrumb","itemListElement":[{"@type":"ListItem","position":1,"name":"Startseite","item":"https:\/\/pcspezialist.de\/blog\/"},{"@type":"ListItem","position":2,"name":"Mobilfunkstandard 6G ## Auf 3G, 4G und 5G folgt nun die Entwicklung von 6G"}]},{"@type":"WebSite","@id":"https:\/\/pcspezialist.de\/blog\/#website","url":"https:\/\/pcspezialist.de\/blog\/","name":"PC-SPEZIALIST Blog","description":"IT-Service, Trends &amp; Technik","potentialAction":[{"@type":"SearchAction","target":{"@type":"EntryPoint","urlTemplate":"https:\/\/pcspezialist.de\/blog\/?s={search_term_string}"},"query-input":{"@type":"PropertyValueSpecification","valueRequired":true,"valueName":"search_term_string"}}],"inLanguage":"de"},{"@type":"Person","@id":"https:\/\/pcspezialist.de\/blog\/#\/schema\/person\/926d0da7bec75df4a271e53433714f11","name":"Theresa Twillemeier","description":"PC-SPEZIALIST ist eine Marke der in Schlo\u00df Holte ans\u00e4ssigen SYNAXON. Seit 2021 verst\u00e4rkt Theresa Twillemeier als Marketing Managerin mit dem Schwerpunkt Content das Content-Team. In dieser Rolle verfasst sie Inhalte f\u00fcr den PC-SPEZIALIST-Blog und verantwortet weitere Kommunikationskan\u00e4le. Sie sorgt daf\u00fcr, dass komplexe Themen verst\u00e4ndlich und ansprechend aufbereitet werden. Theresa hat Volkswirtschaftslehre und Kulturanthropologie studiert. Diese eher ungew\u00f6hnliche Kombination pr\u00e4gt ihre Arbeit: Sie verbindet analytisches Denken mit einem feinen Gesp\u00fcr f\u00fcr Menschen, Trends und Geschichten. Mit viel Leidenschaft schafft sie es, technisches Wissen klar zu vermitteln und f\u00fcr unterschiedliche Zielgruppen greifbar zu machen. Bevor sie zur SYNAXON kam, sammelte Theresa in unterschiedlichen Stationen Erfahrungen im kommunikativen Bereich. Heute setzt sie dieses Wissen gezielt im Content Marketing ein und gestaltet die inhaltliche Ausrichtung von PC-SPEZIALIST aktiv mit. In ihrer Freizeit widmet sich Theresa weniger dem Schreiben als vielmehr ihren Hunden und ihrem Pferd. Mit ihnen verbringt sie gern Zeit in der Natur und findet dort den idealen Ausgleich zum Arbeitsalltag. Sie haben Fragen an Theresa? Sie erreichen sie per E-Mail an redaktion@pcspezialist.de.","url":"https:\/\/pcspezialist.de\/blog\/author\/theresa-twillemeier\/"}]}},"_links":{"self":[{"href":"https:\/\/pcspezialist.de\/blog\/wp-json\/wp\/v2\/posts\/55043","targetHints":{"allow":["GET"]}}],"collection":[{"href":"https:\/\/pcspezialist.de\/blog\/wp-json\/wp\/v2\/posts"}],"about":[{"href":"https:\/\/pcspezialist.de\/blog\/wp-json\/wp\/v2\/types\/post"}],"author":[{"embeddable":true,"href":"https:\/\/pcspezialist.de\/blog\/wp-json\/wp\/v2\/users\/119"}],"replies":[{"embeddable":true,"href":"https:\/\/pcspezialist.de\/blog\/wp-json\/wp\/v2\/comments?post=55043"}],"version-history":[{"count":21,"href":"https:\/\/pcspezialist.de\/blog\/wp-json\/wp\/v2\/posts\/55043\/revisions"}],"predecessor-version":[{"id":75233,"href":"https:\/\/pcspezialist.de\/blog\/wp-json\/wp\/v2\/posts\/55043\/revisions\/75233"}],"wp:featuredmedia":[{"embeddable":true,"href":"https:\/\/pcspezialist.de\/blog\/wp-json\/wp\/v2\/media\/55048"}],"wp:attachment":[{"href":"https:\/\/pcspezialist.de\/blog\/wp-json\/wp\/v2\/media?parent=55043"}],"wp:term":[{"taxonomy":"category","embeddable":true,"href":"https:\/\/pcspezialist.de\/blog\/wp-json\/wp\/v2\/categories?post=55043"},{"taxonomy":"post_tag","embeddable":true,"href":"https:\/\/pcspezialist.de\/blog\/wp-json\/wp\/v2\/tags?post=55043"}],"curies":[{"name":"wp","href":"https:\/\/api.w.org\/{rel}","templated":true}]}}