{"id":54973,"date":"2021-04-23T10:45:36","date_gmt":"2021-04-23T08:45:36","guid":{"rendered":"https:\/\/www.pcspezialist.de\/blog\/?p=54973"},"modified":"2024-03-15T07:51:01","modified_gmt":"2024-03-15T06:51:01","slug":"5g-schaedlich","status":"publish","type":"post","link":"https:\/\/pcspezialist.de\/blog\/2021\/04\/23\/5g-schaedlich\/","title":{"rendered":"Ist 5G sch\u00e4dlich? ## Fakten und Irrt\u00fcmer \u00fcber den Mobilfunkstandard"},"content":{"rendered":"<p><strong>Wird diversen Internetseiten Glauben geschenkt, so ist die Mobilfunktechnik 5G sch\u00e4dlich f\u00fcr die globale Bev\u00f6lkerung. Doch was ist wirklich dran an dem Heraufbeschw\u00f6ren dieser Panik? Ist es pure Abzocke dank der Angst der Menschen oder ist doch ein F\u00fcnkchen Wahrheit dran?<\/strong><\/p>\n<p>Was die Fakten und Irrt\u00fcmer \u00fcber den Mobilfunkstandard 5G sind, erfahren Sie bei uns.<\/p>\n<p><!--more--><\/p>\n<div style=\"background: #f2f2f2; padding: 15px 15px 5px; margin: 30px 0;\">\n<p><strong>Ist 5G sch\u00e4dlich? Unser Beitrag im \u00dcberblick:\u00a0<\/strong><\/p>\n<ol style=\"line-height: 1.7;\">\n<li><a href=\"#eins\">Was sind elektromagnetische Felder?<\/a><\/li>\n<li><a href=\"#zwei\">5G sch\u00e4dlich? Fakten!<\/a><\/li>\n<li><a href=\"#drei\">Ist 5G sch\u00e4dlich? Die gr\u00f6\u00dften Irrt\u00fcmer<\/a><\/li>\n<li><a href=\"#vier\">PC-SPEZIALIST \u2013 Ihr ehrlicher Begleiter<\/a><\/li>\n<\/ol>\n<\/div>\n<h3 id=\"eins\">Was sind elektromagnetische Felder?<\/h3>\n<p>Elektromagnetische Felder bilden einen Teil des elektromagnetischen Spektrums ab. Genauer gesagt, sind sie der Teil zwischen den statischen, elektrischen und magnetischen Feldern sowie der Infrarotstrahlung. Der Begriff Feld beschreibt dabei die <strong>r\u00e4umliche Verteilung einer Kraftwirkung<\/strong>, die auf elektrische Ladung und Str\u00f6me vollzogen werden kann. Die Bezeichnung elektromagnetische Welle und Strahlung werden dabei oft synonym verwendet. Sie beschreiben aber genau genommen andere physikalische Eigenschaften.<\/p>\n<p>Elektromagnetische Felder geh\u00f6ren der nichtionisierenden Strahlung an und k\u00f6nnen sowohl k\u00fcnstlich erzeugt oder nat\u00fcrlich vorhanden sein. Wird von elektromagnetischen Feldern gesprochen, ist von <strong>hochfrequenten<\/strong> <strong>Feldern<\/strong> die Rede. Denn dort sind die elektrische und magnetische Komponente stark aneinander gebunden. Bei niederfrequenten Feldern werden die beiden Komponenten getrennt voneinander begutachtet.<\/p>\n<p>Hochfrequente elektromagnetische Felder besitzen eine Frequenz von <strong>100 Kilohertz bis 300 Gigahertz<\/strong>. Durch das Smartphone oder den WLAN-Router begegnen wir den hochfrequenten elektromagnetischen Felder st\u00e4ndig in unserem t\u00e4glichen Leben.<\/p>\n<div id=\"attachment_55027\" style=\"width: 710px\" class=\"wp-caption alignright\"><img loading=\"lazy\" decoding=\"async\" aria-describedby=\"caption-attachment-55027\" class=\"size-medium wp-image-55027\" src=\"https:\/\/pcspezialist.de\/blog\/wp-content\/uploads\/2021\/04\/network-5753179_1280_pixabay-700x433.png\" alt=\"Ist 5G sch\u00e4dlich? Mann mit Mobilfunkantenne und im Hintergrund ein 5G Zeichen. Bild: Pixabay\" width=\"700\" height=\"433\" srcset=\"https:\/\/pcspezialist.de\/blog\/wp-content\/uploads\/2021\/04\/network-5753179_1280_pixabay-700x433.png 700w, https:\/\/pcspezialist.de\/blog\/wp-content\/uploads\/2021\/04\/network-5753179_1280_pixabay-1131x700.png 1131w, https:\/\/pcspezialist.de\/blog\/wp-content\/uploads\/2021\/04\/network-5753179_1280_pixabay-768x475.png 768w, https:\/\/pcspezialist.de\/blog\/wp-content\/uploads\/2021\/04\/network-5753179_1280_pixabay.png 1280w\" sizes=\"auto, (max-width: 700px) 100vw, 700px\" \/><p id=\"caption-attachment-55027\" class=\"wp-caption-text\">Ist 5G sch\u00e4dlich? Bild: Pixabay<\/p><\/div>\n<h3 id=\"zwei\">5G sch\u00e4dlich? Fakten!<\/h3>\n<p><a href=\"https:\/\/pcspezialist.de\/blog\/2019\/07\/08\/5g-ausbau\/\">5G<\/a>, die f\u00fcnfte Generation des <a href=\"https:\/\/pcspezialist.de\/blog\/2019\/03\/20\/5g-auktion\/\">Mobilfunkstandards<\/a>, ist eine Weiterentwicklung der <a href=\"https:\/\/pcspezialist.de\/blog\/2018\/04\/10\/netzabdeckung-mobiles-internet\/\">bisherigen Standards<\/a> 2G (GSM), 3G (UMTS) und 4G (LTE). Um einen \u00dcberblick diesbez\u00fcglich zu bekommen, werden im Folgenden die wichtigsten Fakten dargestellt:<\/p>\n<ul>\n<li>Die <strong>Daten\u00fcbertragungsrate<\/strong> von 4G zu 5G ist um das 100-fache angestiegen. Geplant ist, die erh\u00f6hte Daten\u00fcbertragungszeit zuk\u00fcnftig f\u00fcr autonomes Fahren oder intelligente K\u00fchlschr\u00e4nke zu verwenden.<\/li>\n<li>5G erreicht <strong>Daten\u00fcbertragungs-Geschwindigkeiten<\/strong> von bis zu 10.000 Megabit pro Sekunde.<\/li>\n<li>Die <strong>Latenzzeit<\/strong> ist erheblich reduziert. Diese beschreibt die Verz\u00f6gerung w\u00e4hrend der Daten\u00fcbertragung.<\/li>\n<li>Auch wenn 5G wie die vorherigen Mobilfunkstandards elektromagnetische Felder zur drahtlosen \u00dcbertragung von Daten und Sprache in vergleichbaren Frequenzbereichen nutzt, so sind f\u00fcr bestimmte Einsatzbereiche h\u00f6here Frequenzen als zuvor erforderlich.<\/li>\n<li>Die 5G-Mobilfunktechnik ben\u00f6tigt eine gr\u00f6\u00dfere Anzahl an Antennenanlagen, da h\u00f6here Frequenzen eine k\u00fcrzere Reichweite haben. Daf\u00fcr werden neben zus\u00e4tzlichen Funkt\u00fcrmen auch Minisender in St\u00e4dten eingebaut. Diese haben aber eine deutlich geringere Leistung.<\/li>\n<li>5G-Technologien nutzen das <strong>Beamforming<\/strong>, das auch moderne WLAN-Router verwenden. Dort wird die Ausstrahlung mehrerer Antennen geb\u00fcndelt auf den Empf\u00e4nger ausgerichtet. Die Strahlennutzung wird dort aber vergleichsweise gemindert, da sie die Signalnutzung effektiver macht.<\/li>\n<\/ul>\n<p>Um 5G nutzen zu k\u00f6nnen, ben\u00f6tigen Sie zum einen ein entsprechendes Ger\u00e4t sowie Empfang und zum anderen auch einen geeigneten Tarif. 5G sch\u00e4dlich? Das zeigt sich jetzt.<\/p>\n<h3 id=\"drei\">Ist 5G sch\u00e4dlich? Die gr\u00f6\u00dften Irrt\u00fcmer<\/h3>\n<p>Im Netz geistern die verr\u00fccktesten Ideen zum neuen Mobilfunkstandard 5G herum. Die gr\u00f6\u00dften Irrt\u00fcmer sind dabei folgende:<\/p>\n<ol>\n<li><strong>5G-Mobilfunk ist sch\u00e4dlich f\u00fcr die Gesundheit<\/strong>: Nach derzeitigem wissenschaftlichen Kenntnisstand geht von der 5G-<a href=\"https:\/\/pcspezialist.de\/blog\/2019\/12\/03\/handystrahlung\/\">Strahlung<\/a> keine gesundheitssch\u00e4digenden Auswirkungen aus. Im Rahmen der g\u00fcltigen Grenzwerte f\u00fcr Mobilfunksendeanlagen sowie innerhalb der gestellten Anforderungen an Smartphones gibt es keine Best\u00e4tigung f\u00fcr eine gesundheitssch\u00e4digende Wirkung. 5G sch\u00e4dlich? Nein! Aber: Hochfrequente elektromagnetische Felder k\u00f6nnen biologisches Gewebe erw\u00e4rmen. Doch die der Sendeanlagen sind nicht stark genug, um eine gravierende Erw\u00e4rmung im K\u00f6rper herbeizuf\u00fchren. 5G-Stahlung nutzt zudem auch h\u00f6here Frequenzen und sie dringt weniger tief in den K\u00f6rper ein als Strahlung aus dem vorherigen 2G- oder <a href=\"https:\/\/pcspezialist.de\/blog\/2020\/05\/12\/3g-abschaltung\/\">3G-Netz<\/a>. Denn: Je niedriger die Frequenz, desto tiefer dringen die Strahlen ein.<\/li>\n<li><strong>5G stopft alle Funkl\u00f6cher in Deutschland<\/strong>: Auch wenn der Ausbau des 5G-Netzes auf Hochtouren l\u00e4uft, existiert derzeit noch kein fl\u00e4chendeckendes Netz in Deutschland. Des Weiteren sind 5G-Funkzellen zwar leistungsf\u00e4higer, besitzen aber auch eine geringere Reichweite. Daher sind sie bislang weniger f\u00fcr eine fl\u00e4chenweite Versorgung geeignet. Damit die <a href=\"https:\/\/pcspezialist.de\/blog\/2019\/11\/19\/funkloch-app\/\">Funkl\u00f6cher<\/a> verschwinden, ist zun\u00e4chst der Ausbau des 4G-Netzes bedeutsam.<\/li>\n<li><strong>5G verbessert die Sprachqualit\u00e4t bei Telefonaten<\/strong>: Zun\u00e4chst wird der neue Mobilfunkstandard ein reiner Datendienst sein und den Datenverkehr um das 10-fache beschleunigen. LTE hatte zu Beginn auch noch keinen genormten Sprachdienst. Vor\u00fcbergehend wird das <a href=\"https:\/\/pcspezialist.de\/blog\/2020\/04\/27\/gratis-telefonieren-uebers-internet\/\">Telefonieren<\/a> \u00fcber 5G mithilfe spezieller Apps oder Clients m\u00f6glich sein.<\/li>\n<li><strong>Das 5G-Netz leert den Datentarif schneller<\/strong>: Nur weil die Person im 5G-Netz unterwegs ist, bedeutet dies nicht, dass sich die existierenden Inhalte vergr\u00f6\u00dfern. Beim intensiven Video-Streaming ist das Limit mit 5G genauso schnell erreicht wie mit 4G.<\/li>\n<\/ol>\n<p>Insbesondere die Aussage \u201e5G-Mobilfunk ist gesundheitssch\u00e4digend\u201c ist ein gefundenes Fressen f\u00fcr Anbieter von beispielsweise Handyaufklebern, welche vor 5G sch\u00fctzen sollen. Dieser Markt entsteht lediglich durch die verbreitete Panik und nicht aus wissenschaftlich fundierten Aussagen.<\/p>\n<div id=\"attachment_55028\" style=\"width: 710px\" class=\"wp-caption alignright\"><img loading=\"lazy\" decoding=\"async\" aria-describedby=\"caption-attachment-55028\" class=\"size-medium wp-image-55028\" src=\"https:\/\/pcspezialist.de\/blog\/wp-content\/uploads\/2021\/04\/mobile-6186513_1920_pixabay-700x495.jpg\" alt=\"Ist 5g sch\u00e4dlich? Netz aus 5G auf pinkem Hintergrund. Bild: Pixabay\" width=\"700\" height=\"495\" srcset=\"https:\/\/pcspezialist.de\/blog\/wp-content\/uploads\/2021\/04\/mobile-6186513_1920_pixabay-700x495.jpg 700w, https:\/\/pcspezialist.de\/blog\/wp-content\/uploads\/2021\/04\/mobile-6186513_1920_pixabay-990x700.jpg 990w, https:\/\/pcspezialist.de\/blog\/wp-content\/uploads\/2021\/04\/mobile-6186513_1920_pixabay-768x543.jpg 768w, https:\/\/pcspezialist.de\/blog\/wp-content\/uploads\/2021\/04\/mobile-6186513_1920_pixabay-1536x1086.jpg 1536w, https:\/\/pcspezialist.de\/blog\/wp-content\/uploads\/2021\/04\/mobile-6186513_1920_pixabay.jpg 1920w\" sizes=\"auto, (max-width: 700px) 100vw, 700px\" \/><p id=\"caption-attachment-55028\" class=\"wp-caption-text\">Ein Irrtum ist, dass 5G sch\u00e4dlich sei. Bild: Pixabay<\/p><\/div>\n<h3 id=\"vier\">PC-SPEZIALIST \u2013 Ihr ehrlicher Begleiter<\/h3>\n<p>Dem Team von PC-SPEZIALIST k\u00f6nnen Sie hingegen blind vertrauen. Wir w\u00fcrden potenzielle Angst niemals ausnutzen, um Profit zu erwirtschaften.<\/p>\n<p>Sie als Kunde und Ihre IT liegen uns am Herzen. Kontaktieren Sie deshalb bei Problemen das kompetente Team von <a href=\"https:\/\/pcspezialist.de\/standorte\/\">PC-SPEZIALIST ganz in Ihrer N\u00e4he<\/a>. Unsere <strong>IT-Experten<\/strong> beraten Sie<strong> vor Ort<\/strong> umfangreich zu <strong>L\u00f6sungsm\u00f6glichkeiten<\/strong> und stehen Ihnen bei Fragen zur Verf\u00fcgung. Egal ob Sie als Arbeitgeber Ihren Mitarbeitern ein Home Office einrichten wollen und die entsprechende <a href=\"https:\/\/pcspezialist.de\/firmen\/it-ausstattung\/\">IT-Ausstattung<\/a> ben\u00f6tigen oder ob Sie als Privatperson Ihren <a href=\"https:\/\/pcspezialist.de\/privat\/pc-und-laptop-aufruestung\/\">PC oder Laptop aufr\u00fcsten<\/a> wollen.<\/p>\n<p>Was ist Ihre Meinung zu dem neuen Mobilfunkstandard 5G? Haben Sie Angst, dass 5G sch\u00e4dlich ist oder vertrauen Sie auf die Erfahrungen der Wissenschaft? Teilen Sie uns Ihren Standpunkt gern in den Kommentaren mit.<\/p>\n<p>_______________________________________________<\/p>\n<p><small>Weiterf\u00fchrende Links: <a href=\"https:\/\/www.tagesschau.de\/inland\/5g-gefahren-115.html\" target=\"_blank\" rel=\"noopener noreferrer\">Tagesschau<\/a>, <a href=\"https:\/\/www.bfs.de\/DE\/themen\/emf\/emf_node.html\" target=\"_blank\" rel=\"noopener noreferrer\">Bundesamt f\u00fcr Strahlenschutz<\/a>, <a href=\"https:\/\/www.umweltbundesamt.de\/sites\/default\/files\/medien\/4031\/publikationen\/umid-02-20-5g.pdf\" target=\"_blank\" rel=\"noopener noreferrer\">Umweltbundesamt<\/a>, <a href=\"https:\/\/www.verivox.de\/ratgeber\/5g-smartphones-fuenf-irrtuemer-zur-5g-funktion-121684\/\" target=\"_blank\" rel=\"noopener noreferrer\">verivox<\/a>, <a href=\"https:\/\/www.bild.de\/digital\/multimedia\/multimedia\/5g-die-abzocke-mit-der-angst-73292264.bild.html\" target=\"_blank\" rel=\"noopener noreferrer\">Bild<\/a><\/small><\/p>\n","protected":false},"excerpt":{"rendered":"<p>Wird diversen Internetseiten Glauben geschenkt, so ist die Mobilfunktechnik 5G sch\u00e4dlich f\u00fcr die globale Bev\u00f6lkerung. Doch was ist wirklich dran an dem Heraufbeschw\u00f6ren dieser Panik? Ist es pure Abzocke dank der Angst der Menschen oder ist doch ein F\u00fcnkchen Wahrheit dran? Was die Fakten und Irrt\u00fcmer \u00fcber den Mobilfunkstandard 5G sind, erfahren Sie bei uns.<\/p>\n","protected":false},"author":119,"featured_media":55026,"comment_status":"open","ping_status":"closed","sticky":false,"template":"","format":"standard","meta":{"footnotes":""},"categories":[6913],"tags":[2154,7099,9596],"class_list":["post-54973","post","type-post","status-publish","format-standard","has-post-thumbnail","hentry","category-verschiedenes","tag-breitband","tag-internetgeschwindigkeit","tag-mobilfunknetz"],"yoast_head":"<!-- This site is optimized with the Yoast SEO plugin v27.5 - https:\/\/yoast.com\/product\/yoast-seo-wordpress\/ -->\n<title>Ist 5G sch\u00e4dlich? Fakten und Irrt\u00fcmer \u00fcber den Mobilfunkstandard<\/title>\n<meta name=\"description\" content=\"Ist die Mobilfunktechnik 5G sch\u00e4dlich? Was die Fakten und Irrt\u00fcmer \u00fcber den neuen Mobilfunkstandard sind, erfahren Sie bei uns.\" \/>\n<meta name=\"robots\" content=\"index, follow, max-snippet:-1, max-image-preview:large, max-video-preview:-1\" \/>\n<link rel=\"canonical\" href=\"https:\/\/pcspezialist.de\/blog\/2021\/04\/23\/5g-schaedlich\/\" \/>\n<meta property=\"og:locale\" content=\"de_DE\" \/>\n<meta property=\"og:type\" content=\"article\" \/>\n<meta property=\"og:title\" content=\"Ist 5G sch\u00e4dlich? Fakten und Irrt\u00fcmer \u00fcber den Mobilfunkstandard\" \/>\n<meta property=\"og:description\" content=\"Ist die Mobilfunktechnik 5G sch\u00e4dlich? Was die Fakten und Irrt\u00fcmer \u00fcber den neuen Mobilfunkstandard sind, erfahren Sie bei uns.\" \/>\n<meta property=\"og:url\" content=\"https:\/\/pcspezialist.de\/blog\/2021\/04\/23\/5g-schaedlich\/\" \/>\n<meta property=\"og:site_name\" content=\"PC-SPEZIALIST Blog\" \/>\n<meta property=\"article:published_time\" content=\"2021-04-23T08:45:36+00:00\" \/>\n<meta property=\"article:modified_time\" content=\"2024-03-15T06:51:01+00:00\" \/>\n<meta property=\"og:image\" content=\"https:\/\/pcspezialist.de\/blog\/wp-content\/uploads\/2021\/04\/the-internet-4899254_1920_pixabay.jpg\" \/>\n\t<meta property=\"og:image:width\" content=\"1920\" \/>\n\t<meta property=\"og:image:height\" content=\"1440\" \/>\n\t<meta property=\"og:image:type\" content=\"image\/jpeg\" \/>\n<meta name=\"author\" content=\"Theresa Twillemeier\" \/>\n<meta name=\"twitter:card\" content=\"summary_large_image\" \/>\n<meta name=\"twitter:label1\" content=\"Verfasst von\" \/>\n\t<meta name=\"twitter:data1\" content=\"Theresa Twillemeier\" \/>\n\t<meta name=\"twitter:label2\" content=\"Gesch\u00e4tzte Lesezeit\" \/>\n\t<meta name=\"twitter:data2\" content=\"5\u00a0Minuten\" \/>\n<script type=\"application\/ld+json\" class=\"yoast-schema-graph\">{\"@context\":\"https:\\\/\\\/schema.org\",\"@graph\":[{\"@type\":\"Article\",\"@id\":\"https:\\\/\\\/pcspezialist.de\\\/blog\\\/2021\\\/04\\\/23\\\/5g-schaedlich\\\/#article\",\"isPartOf\":{\"@id\":\"https:\\\/\\\/pcspezialist.de\\\/blog\\\/2021\\\/04\\\/23\\\/5g-schaedlich\\\/\"},\"author\":{\"name\":\"Theresa Twillemeier\",\"@id\":\"https:\\\/\\\/pcspezialist.de\\\/blog\\\/#\\\/schema\\\/person\\\/926d0da7bec75df4a271e53433714f11\"},\"headline\":\"Ist 5G sch\u00e4dlich? ## Fakten und Irrt\u00fcmer \u00fcber den Mobilfunkstandard\",\"datePublished\":\"2021-04-23T08:45:36+00:00\",\"dateModified\":\"2024-03-15T06:51:01+00:00\",\"mainEntityOfPage\":{\"@id\":\"https:\\\/\\\/pcspezialist.de\\\/blog\\\/2021\\\/04\\\/23\\\/5g-schaedlich\\\/\"},\"wordCount\":991,\"commentCount\":0,\"image\":{\"@id\":\"https:\\\/\\\/pcspezialist.de\\\/blog\\\/2021\\\/04\\\/23\\\/5g-schaedlich\\\/#primaryimage\"},\"thumbnailUrl\":\"https:\\\/\\\/pcspezialist.de\\\/blog\\\/wp-content\\\/uploads\\\/2021\\\/04\\\/the-internet-4899254_1920_pixabay.jpg\",\"keywords\":[\"Breitband\",\"Internetgeschwindigkeit\",\"Mobilfunknetz\"],\"articleSection\":[\"Verschiedenes\"],\"inLanguage\":\"de\",\"potentialAction\":[{\"@type\":\"CommentAction\",\"name\":\"Comment\",\"target\":[\"https:\\\/\\\/pcspezialist.de\\\/blog\\\/2021\\\/04\\\/23\\\/5g-schaedlich\\\/#respond\"]}]},{\"@type\":\"WebPage\",\"@id\":\"https:\\\/\\\/pcspezialist.de\\\/blog\\\/2021\\\/04\\\/23\\\/5g-schaedlich\\\/\",\"url\":\"https:\\\/\\\/pcspezialist.de\\\/blog\\\/2021\\\/04\\\/23\\\/5g-schaedlich\\\/\",\"name\":\"Ist 5G sch\u00e4dlich? Fakten und Irrt\u00fcmer \u00fcber den Mobilfunkstandard\",\"isPartOf\":{\"@id\":\"https:\\\/\\\/pcspezialist.de\\\/blog\\\/#website\"},\"primaryImageOfPage\":{\"@id\":\"https:\\\/\\\/pcspezialist.de\\\/blog\\\/2021\\\/04\\\/23\\\/5g-schaedlich\\\/#primaryimage\"},\"image\":{\"@id\":\"https:\\\/\\\/pcspezialist.de\\\/blog\\\/2021\\\/04\\\/23\\\/5g-schaedlich\\\/#primaryimage\"},\"thumbnailUrl\":\"https:\\\/\\\/pcspezialist.de\\\/blog\\\/wp-content\\\/uploads\\\/2021\\\/04\\\/the-internet-4899254_1920_pixabay.jpg\",\"datePublished\":\"2021-04-23T08:45:36+00:00\",\"dateModified\":\"2024-03-15T06:51:01+00:00\",\"author\":{\"@id\":\"https:\\\/\\\/pcspezialist.de\\\/blog\\\/#\\\/schema\\\/person\\\/926d0da7bec75df4a271e53433714f11\"},\"description\":\"Ist die Mobilfunktechnik 5G sch\u00e4dlich? Was die Fakten und Irrt\u00fcmer \u00fcber den neuen Mobilfunkstandard sind, erfahren Sie bei uns.\",\"breadcrumb\":{\"@id\":\"https:\\\/\\\/pcspezialist.de\\\/blog\\\/2021\\\/04\\\/23\\\/5g-schaedlich\\\/#breadcrumb\"},\"inLanguage\":\"de\",\"potentialAction\":[{\"@type\":\"ReadAction\",\"target\":[\"https:\\\/\\\/pcspezialist.de\\\/blog\\\/2021\\\/04\\\/23\\\/5g-schaedlich\\\/\"]}]},{\"@type\":\"ImageObject\",\"inLanguage\":\"de\",\"@id\":\"https:\\\/\\\/pcspezialist.de\\\/blog\\\/2021\\\/04\\\/23\\\/5g-schaedlich\\\/#primaryimage\",\"url\":\"https:\\\/\\\/pcspezialist.de\\\/blog\\\/wp-content\\\/uploads\\\/2021\\\/04\\\/the-internet-4899254_1920_pixabay.jpg\",\"contentUrl\":\"https:\\\/\\\/pcspezialist.de\\\/blog\\\/wp-content\\\/uploads\\\/2021\\\/04\\\/the-internet-4899254_1920_pixabay.jpg\",\"width\":1920,\"height\":1440,\"caption\":\"Ist 5G sch\u00e4dlich? Bild: Pixabay\"},{\"@type\":\"BreadcrumbList\",\"@id\":\"https:\\\/\\\/pcspezialist.de\\\/blog\\\/2021\\\/04\\\/23\\\/5g-schaedlich\\\/#breadcrumb\",\"itemListElement\":[{\"@type\":\"ListItem\",\"position\":1,\"name\":\"Startseite\",\"item\":\"https:\\\/\\\/pcspezialist.de\\\/blog\\\/\"},{\"@type\":\"ListItem\",\"position\":2,\"name\":\"Ist 5G sch\u00e4dlich? ## Fakten und Irrt\u00fcmer \u00fcber den Mobilfunkstandard\"}]},{\"@type\":\"WebSite\",\"@id\":\"https:\\\/\\\/pcspezialist.de\\\/blog\\\/#website\",\"url\":\"https:\\\/\\\/pcspezialist.de\\\/blog\\\/\",\"name\":\"PC-SPEZIALIST Blog\",\"description\":\"IT-Service, Trends &amp; Technik\",\"potentialAction\":[{\"@type\":\"SearchAction\",\"target\":{\"@type\":\"EntryPoint\",\"urlTemplate\":\"https:\\\/\\\/pcspezialist.de\\\/blog\\\/?s={search_term_string}\"},\"query-input\":{\"@type\":\"PropertyValueSpecification\",\"valueRequired\":true,\"valueName\":\"search_term_string\"}}],\"inLanguage\":\"de\"},{\"@type\":\"Person\",\"@id\":\"https:\\\/\\\/pcspezialist.de\\\/blog\\\/#\\\/schema\\\/person\\\/926d0da7bec75df4a271e53433714f11\",\"name\":\"Theresa Twillemeier\",\"description\":\"PC-SPEZIALIST ist eine Marke der in Schlo\u00df Holte ans\u00e4ssigen SYNAXON. Seit 2021 verst\u00e4rkt Theresa Twillemeier als Marketing Managerin mit dem Schwerpunkt Content das Content-Team. In dieser Rolle verfasst sie Inhalte f\u00fcr den PC-SPEZIALIST-Blog und verantwortet weitere Kommunikationskan\u00e4le. Sie sorgt daf\u00fcr, dass komplexe Themen verst\u00e4ndlich und ansprechend aufbereitet werden. Theresa hat Volkswirtschaftslehre und Kulturanthropologie studiert. Diese eher ungew\u00f6hnliche Kombination pr\u00e4gt ihre Arbeit: Sie verbindet analytisches Denken mit einem feinen Gesp\u00fcr f\u00fcr Menschen, Trends und Geschichten. Mit viel Leidenschaft schafft sie es, technisches Wissen klar zu vermitteln und f\u00fcr unterschiedliche Zielgruppen greifbar zu machen. Bevor sie zur SYNAXON kam, sammelte Theresa in unterschiedlichen Stationen Erfahrungen im kommunikativen Bereich. Heute setzt sie dieses Wissen gezielt im Content Marketing ein und gestaltet die inhaltliche Ausrichtung von PC-SPEZIALIST aktiv mit. In ihrer Freizeit widmet sich Theresa weniger dem Schreiben als vielmehr ihren Hunden und ihrem Pferd. Mit ihnen verbringt sie gern Zeit in der Natur und findet dort den idealen Ausgleich zum Arbeitsalltag. Sie haben Fragen an Theresa? Sie erreichen sie per E-Mail an redaktion@pcspezialist.de.\",\"url\":\"https:\\\/\\\/pcspezialist.de\\\/blog\\\/author\\\/theresa-twillemeier\\\/\"}]}<\/script>\n<!-- \/ Yoast SEO plugin. -->","yoast_head_json":{"title":"Ist 5G sch\u00e4dlich? Fakten und Irrt\u00fcmer \u00fcber den Mobilfunkstandard","description":"Ist die Mobilfunktechnik 5G sch\u00e4dlich? Was die Fakten und Irrt\u00fcmer \u00fcber den neuen Mobilfunkstandard sind, erfahren Sie bei uns.","robots":{"index":"index","follow":"follow","max-snippet":"max-snippet:-1","max-image-preview":"max-image-preview:large","max-video-preview":"max-video-preview:-1"},"canonical":"https:\/\/pcspezialist.de\/blog\/2021\/04\/23\/5g-schaedlich\/","og_locale":"de_DE","og_type":"article","og_title":"Ist 5G sch\u00e4dlich? Fakten und Irrt\u00fcmer \u00fcber den Mobilfunkstandard","og_description":"Ist die Mobilfunktechnik 5G sch\u00e4dlich? Was die Fakten und Irrt\u00fcmer \u00fcber den neuen Mobilfunkstandard sind, erfahren Sie bei uns.","og_url":"https:\/\/pcspezialist.de\/blog\/2021\/04\/23\/5g-schaedlich\/","og_site_name":"PC-SPEZIALIST Blog","article_published_time":"2021-04-23T08:45:36+00:00","article_modified_time":"2024-03-15T06:51:01+00:00","og_image":[{"width":1920,"height":1440,"url":"https:\/\/pcspezialist.de\/blog\/wp-content\/uploads\/2021\/04\/the-internet-4899254_1920_pixabay.jpg","type":"image\/jpeg"}],"author":"Theresa Twillemeier","twitter_card":"summary_large_image","twitter_misc":{"Verfasst von":"Theresa Twillemeier","Gesch\u00e4tzte Lesezeit":"5\u00a0Minuten"},"schema":{"@context":"https:\/\/schema.org","@graph":[{"@type":"Article","@id":"https:\/\/pcspezialist.de\/blog\/2021\/04\/23\/5g-schaedlich\/#article","isPartOf":{"@id":"https:\/\/pcspezialist.de\/blog\/2021\/04\/23\/5g-schaedlich\/"},"author":{"name":"Theresa Twillemeier","@id":"https:\/\/pcspezialist.de\/blog\/#\/schema\/person\/926d0da7bec75df4a271e53433714f11"},"headline":"Ist 5G sch\u00e4dlich? ## Fakten und Irrt\u00fcmer \u00fcber den Mobilfunkstandard","datePublished":"2021-04-23T08:45:36+00:00","dateModified":"2024-03-15T06:51:01+00:00","mainEntityOfPage":{"@id":"https:\/\/pcspezialist.de\/blog\/2021\/04\/23\/5g-schaedlich\/"},"wordCount":991,"commentCount":0,"image":{"@id":"https:\/\/pcspezialist.de\/blog\/2021\/04\/23\/5g-schaedlich\/#primaryimage"},"thumbnailUrl":"https:\/\/pcspezialist.de\/blog\/wp-content\/uploads\/2021\/04\/the-internet-4899254_1920_pixabay.jpg","keywords":["Breitband","Internetgeschwindigkeit","Mobilfunknetz"],"articleSection":["Verschiedenes"],"inLanguage":"de","potentialAction":[{"@type":"CommentAction","name":"Comment","target":["https:\/\/pcspezialist.de\/blog\/2021\/04\/23\/5g-schaedlich\/#respond"]}]},{"@type":"WebPage","@id":"https:\/\/pcspezialist.de\/blog\/2021\/04\/23\/5g-schaedlich\/","url":"https:\/\/pcspezialist.de\/blog\/2021\/04\/23\/5g-schaedlich\/","name":"Ist 5G sch\u00e4dlich? Fakten und Irrt\u00fcmer \u00fcber den Mobilfunkstandard","isPartOf":{"@id":"https:\/\/pcspezialist.de\/blog\/#website"},"primaryImageOfPage":{"@id":"https:\/\/pcspezialist.de\/blog\/2021\/04\/23\/5g-schaedlich\/#primaryimage"},"image":{"@id":"https:\/\/pcspezialist.de\/blog\/2021\/04\/23\/5g-schaedlich\/#primaryimage"},"thumbnailUrl":"https:\/\/pcspezialist.de\/blog\/wp-content\/uploads\/2021\/04\/the-internet-4899254_1920_pixabay.jpg","datePublished":"2021-04-23T08:45:36+00:00","dateModified":"2024-03-15T06:51:01+00:00","author":{"@id":"https:\/\/pcspezialist.de\/blog\/#\/schema\/person\/926d0da7bec75df4a271e53433714f11"},"description":"Ist die Mobilfunktechnik 5G sch\u00e4dlich? Was die Fakten und Irrt\u00fcmer \u00fcber den neuen Mobilfunkstandard sind, erfahren Sie bei uns.","breadcrumb":{"@id":"https:\/\/pcspezialist.de\/blog\/2021\/04\/23\/5g-schaedlich\/#breadcrumb"},"inLanguage":"de","potentialAction":[{"@type":"ReadAction","target":["https:\/\/pcspezialist.de\/blog\/2021\/04\/23\/5g-schaedlich\/"]}]},{"@type":"ImageObject","inLanguage":"de","@id":"https:\/\/pcspezialist.de\/blog\/2021\/04\/23\/5g-schaedlich\/#primaryimage","url":"https:\/\/pcspezialist.de\/blog\/wp-content\/uploads\/2021\/04\/the-internet-4899254_1920_pixabay.jpg","contentUrl":"https:\/\/pcspezialist.de\/blog\/wp-content\/uploads\/2021\/04\/the-internet-4899254_1920_pixabay.jpg","width":1920,"height":1440,"caption":"Ist 5G sch\u00e4dlich? Bild: Pixabay"},{"@type":"BreadcrumbList","@id":"https:\/\/pcspezialist.de\/blog\/2021\/04\/23\/5g-schaedlich\/#breadcrumb","itemListElement":[{"@type":"ListItem","position":1,"name":"Startseite","item":"https:\/\/pcspezialist.de\/blog\/"},{"@type":"ListItem","position":2,"name":"Ist 5G sch\u00e4dlich? ## Fakten und Irrt\u00fcmer \u00fcber den Mobilfunkstandard"}]},{"@type":"WebSite","@id":"https:\/\/pcspezialist.de\/blog\/#website","url":"https:\/\/pcspezialist.de\/blog\/","name":"PC-SPEZIALIST Blog","description":"IT-Service, Trends &amp; Technik","potentialAction":[{"@type":"SearchAction","target":{"@type":"EntryPoint","urlTemplate":"https:\/\/pcspezialist.de\/blog\/?s={search_term_string}"},"query-input":{"@type":"PropertyValueSpecification","valueRequired":true,"valueName":"search_term_string"}}],"inLanguage":"de"},{"@type":"Person","@id":"https:\/\/pcspezialist.de\/blog\/#\/schema\/person\/926d0da7bec75df4a271e53433714f11","name":"Theresa Twillemeier","description":"PC-SPEZIALIST ist eine Marke der in Schlo\u00df Holte ans\u00e4ssigen SYNAXON. Seit 2021 verst\u00e4rkt Theresa Twillemeier als Marketing Managerin mit dem Schwerpunkt Content das Content-Team. In dieser Rolle verfasst sie Inhalte f\u00fcr den PC-SPEZIALIST-Blog und verantwortet weitere Kommunikationskan\u00e4le. Sie sorgt daf\u00fcr, dass komplexe Themen verst\u00e4ndlich und ansprechend aufbereitet werden. Theresa hat Volkswirtschaftslehre und Kulturanthropologie studiert. Diese eher ungew\u00f6hnliche Kombination pr\u00e4gt ihre Arbeit: Sie verbindet analytisches Denken mit einem feinen Gesp\u00fcr f\u00fcr Menschen, Trends und Geschichten. Mit viel Leidenschaft schafft sie es, technisches Wissen klar zu vermitteln und f\u00fcr unterschiedliche Zielgruppen greifbar zu machen. Bevor sie zur SYNAXON kam, sammelte Theresa in unterschiedlichen Stationen Erfahrungen im kommunikativen Bereich. Heute setzt sie dieses Wissen gezielt im Content Marketing ein und gestaltet die inhaltliche Ausrichtung von PC-SPEZIALIST aktiv mit. In ihrer Freizeit widmet sich Theresa weniger dem Schreiben als vielmehr ihren Hunden und ihrem Pferd. Mit ihnen verbringt sie gern Zeit in der Natur und findet dort den idealen Ausgleich zum Arbeitsalltag. Sie haben Fragen an Theresa? Sie erreichen sie per E-Mail an redaktion@pcspezialist.de.","url":"https:\/\/pcspezialist.de\/blog\/author\/theresa-twillemeier\/"}]}},"_links":{"self":[{"href":"https:\/\/pcspezialist.de\/blog\/wp-json\/wp\/v2\/posts\/54973","targetHints":{"allow":["GET"]}}],"collection":[{"href":"https:\/\/pcspezialist.de\/blog\/wp-json\/wp\/v2\/posts"}],"about":[{"href":"https:\/\/pcspezialist.de\/blog\/wp-json\/wp\/v2\/types\/post"}],"author":[{"embeddable":true,"href":"https:\/\/pcspezialist.de\/blog\/wp-json\/wp\/v2\/users\/119"}],"replies":[{"embeddable":true,"href":"https:\/\/pcspezialist.de\/blog\/wp-json\/wp\/v2\/comments?post=54973"}],"version-history":[{"count":20,"href":"https:\/\/pcspezialist.de\/blog\/wp-json\/wp\/v2\/posts\/54973\/revisions"}],"predecessor-version":[{"id":75234,"href":"https:\/\/pcspezialist.de\/blog\/wp-json\/wp\/v2\/posts\/54973\/revisions\/75234"}],"wp:featuredmedia":[{"embeddable":true,"href":"https:\/\/pcspezialist.de\/blog\/wp-json\/wp\/v2\/media\/55026"}],"wp:attachment":[{"href":"https:\/\/pcspezialist.de\/blog\/wp-json\/wp\/v2\/media?parent=54973"}],"wp:term":[{"taxonomy":"category","embeddable":true,"href":"https:\/\/pcspezialist.de\/blog\/wp-json\/wp\/v2\/categories?post=54973"},{"taxonomy":"post_tag","embeddable":true,"href":"https:\/\/pcspezialist.de\/blog\/wp-json\/wp\/v2\/tags?post=54973"}],"curies":[{"name":"wp","href":"https:\/\/api.w.org\/{rel}","templated":true}]}}