{"id":54778,"date":"2021-04-08T10:45:14","date_gmt":"2021-04-08T08:45:14","guid":{"rendered":"https:\/\/www.pcspezialist.de\/blog\/?p=54778"},"modified":"2024-11-05T08:47:43","modified_gmt":"2024-11-05T07:47:43","slug":"facebook-datenleck","status":"publish","type":"post","link":"https:\/\/pcspezialist.de\/blog\/2021\/04\/08\/facebook-datenleck\/","title":{"rendered":"Gigantisches Facebook-Datenleck ## \u00dcber 500 Millionen Facebook-Daten gestohlen!"},"content":{"rendered":"<p><strong>Am Osterwochenende kam es zu einem gigantischen Facebook-Datenleck. Hacker haben dabei die pers\u00f6nlichen Daten von \u00fcber 533 Millionen Benutzern gestohlen. Jetzt sind sie im Internet \u00f6ffentlich einzusehen.\u00a0<\/strong><\/p>\n<p>Zu den zusammengetragenen Daten geh\u00f6ren Klarnamen, Geburtsdaten, Wohnorte, E-Mail-Adressen und Telefonnummern. Erfahren Sie bei uns, wie Sie pr\u00fcfen, ob Sie vom Facebook-Datenleck betroffen sind.<\/p>\n<p><!--more--><\/p>\n<div style=\"background: #f2f2f2; padding: 15px 15px 5px; margin: 30px 0;\">\n<p><strong>Unser Beitrag \u00fcber den j\u00fcngsten Facebook-Datenleck im \u00dcberblick: <\/strong><\/p>\n<ol style=\"line-height: 1.7;\">\n<li><a href=\"#eins\">Was hat es mit dem Facebook-Datenleck auf sich?<\/a>\n<ul style=\"line-height: 1.7;\">\n<li><a href=\"#zwei\">Woher kommen die Daten?<\/a><\/li>\n<\/ul>\n<\/li>\n<li><a href=\"#drei\">Sind Sie vom Facebook-Datenleck betroffen?<\/a><\/li>\n<li><a href=\"#vier\">Gro\u00dfe Gefahr: Social Hacking mit Facebook-Daten<\/a><\/li>\n<li><a href=\"#fuenf\">So sch\u00fctzen Sie Ihre Daten<\/a><\/li>\n<li><a href=\"#sechs\">Update, 20.04.2021: Facebook auf Entsch\u00e4digung verklagen<\/a><\/li>\n<\/ol>\n<\/div>\n<h3 id=\"eins\">Was hat es mit dem Facebook-Datenleck auf sich?<\/h3>\n<p>Am Osterwochenende 2021 sind \u00fcber <strong>533 Millionen Datens\u00e4tze<\/strong> ver\u00f6ffentlicht worden, zu denen auch private, vertrauliche und deswegen nicht \u00f6ffentlich gemachte Daten geh\u00f6ren. Vor allem wurden <strong>Klarnamen, Geburtsdaten, Anschriften sowie E-Mail-Adressen und Telefonnummern<\/strong> geleakt, die Benutzer aus insgesamt 106 L\u00e4ndern in Facebook eingegeben oder einspeicherten hatten. Insider-Berichten zufolge verkauften Kriminelle Datenbest\u00e4nde des Leaks bereits im Januar 2021. Der Datensatz zu einer Person soll dabei circa 20 US-Dollar (das entspricht ungef\u00e4hr 17 Euro) gekostet haben.<\/p>\n<p>Alle Datens\u00e4tze sind jetzt, im April 2021, frei zug\u00e4nglich ver\u00f6ffentlicht worden. In einer systematischen Listung lassen sich die Daten von der halbe Halbe Milliarden betroffener Benutzer einsehen. Auf den Facebook-Datenleck machte Alon Gal, Technologie-Chef des Unternehmens Hudson Rock, im Onlinedienst Twitter aufmerksam:<\/p>\n<blockquote class=\"twitter-tweet\">\n<p dir=\"ltr\" lang=\"en\">All 533,000,000 Facebook records were just leaked for free.<\/p>\n<p>This means that if you have a Facebook account, it is extremely likely the phone number used for the account was leaked.<\/p>\n<p>I have yet to see Facebook acknowledging this absolute negligence of your data. <a href=\"https:\/\/t.co\/ysGCPZm5U3\">https:\/\/t.co\/ysGCPZm5U3<\/a> <a href=\"https:\/\/t.co\/nM0Fu4GDY8\">pic.twitter.com\/nM0Fu4GDY8<\/a><\/p>\n<p>\u2014 Alon Gal (Under the Breach) (@UnderTheBreach) <a href=\"https:\/\/twitter.com\/UnderTheBreach\/status\/1378314424239460352?ref_src=twsrc%5Etfw\">April 3, 2021<\/a><\/p><\/blockquote>\n<p><script async src=\"https:\/\/platform.twitter.com\/widgets.js\" charset=\"utf-8\"><\/script><\/p>\n<h4 id=\"zwei\">Woher kommen die Daten?<\/h4>\n<p>Laut Aussage von Facebook wurden die Daten <strong>wahrscheinlich bereits vor 2019<\/strong> \u00fcber das sogenannte <a href=\"https:\/\/pcspezialist.de\/blog\/2023\/01\/18\/scraping\/\">Scraping<\/a>, das Ausnutzen einer damaligen <a href=\"https:\/\/pcspezialist.de\/blog\/2021\/02\/05\/schwachstellen\/\">Sicherheitsl\u00fccke<\/a>, abgegriffen. Beim Scraping suchen Bots automatisiert nach Daten und erstellen mit diesen dann Profile. Suchte man in Facebook auch nach einer als privat eingespeicherten Telefonnummer, so bekam man das entsprechende Profil angezeigt. Im Jahr 2019 kam es auf diese Weise schon einmal zu einem <a href=\"https:\/\/pcspezialist.de\/blog\/2019\/09\/05\/datenskandal-bei-facebook\/\">Datenskandal, bei dem Telefonnummern von rund 420 Millionen Nutzern<\/a> an die \u00d6ffentlichkeit gelangten. Wahrscheinlich sind die Datens\u00e4tze bereits 2018 in Form von systematischen Datensammelaktionen gestohlen worden.<\/p>\n<p>Wann und wie Cyberkriminelle an die Daten gekommen sind, bleibt jedoch Spekulation. Aber weil doch recht viele Personen noch die gleichen Wohnanschriften, Telefonnummern oder E-Mail-Adressen haben d\u00fcrften und sich auch, was Geburtsdaten angeht, nichts ver\u00e4ndert haben kann, <strong>bleibt die Ver\u00f6ffentlichung der Daten relevant<\/strong>. Das war auch der Grund, warum Facebooks defensiv rationalisierende Statement als offizielle Reaktion zum Teil stark kritisiert wurde. Get\u00e4tigt wurde es von Liz Bourgeois (Director of Strategic Response Communications bei Facebook) ebenfalls in Twitter:<\/p>\n<blockquote class=\"twitter-tweet\">\n<p dir=\"ltr\" lang=\"en\">This is old data that was previously reported on in 2019. We found and fixed this issue in August 2019. <a href=\"https:\/\/t.co\/mPCttLkjzE\">https:\/\/t.co\/mPCttLkjzE<\/a><\/p>\n<p>\u2014 Liz Bourgeois (@Liz_Shepherd) <a href=\"https:\/\/twitter.com\/Liz_Shepherd\/status\/1378398417450377222?ref_src=twsrc%5Etfw\">April 3, 2021<\/a><\/p><\/blockquote>\n<p><script async src=\"https:\/\/platform.twitter.com\/widgets.js\" charset=\"utf-8\"><\/script><\/p>\n<h3 id=\"drei\">Sind Sie vom Facebook-Datenleck betroffen?<\/h3>\n<p>Sie sollten unbedingt \u00fcberpr\u00fcfen, <strong>ob Sie selbst vom Facebook-Datenleck betroffen sind<\/strong>! Besuchen Sie hierf\u00fcr die Website <a href=\"https:\/\/haveibeenpwned.com\/\" target=\"_blank\" rel=\"noopener noreferrer\">https:\/\/haveibeenpwned.com<\/a>. Bei dem Webdienst <strong><span class=\"css-901oao css-16my406 r-poiln3 r-bcqeeo r-qvutc0\">Have I Been Pwned<\/span><\/strong> handelt es sich um eine transparente Datenbank. Sie pr\u00fcft nach Eingabe Ihrer E-Mail-Adresse, ob Daten, die zur eingegeben E-Mail-Adresse geh\u00f6ren, \u00f6ffentlich zug\u00e4nglich sind. Sie k\u00f6nnen entweder Ihre <a href=\"https:\/\/pcspezialist.de\/blog\/2016\/05\/09\/e-mail-gehackt-have-i-been-pwned\/\">E-Mail-Adresse<\/a> oder die internationalen Variante Ihrer Telefonnummer (in Deutschland mit +49) eingeben. Have I Been Pwned zeigt an, ob und von welchen Datenleaks Sie betroffen waren.<\/p>\n<p>Laut Aussage von Troy Hunt, dem Betreiber von <span class=\"css-901oao css-16my406 r-poiln3 r-bcqeeo r-qvutc0\">Have I Been Pwned, waren in der Datenbank bereits circa 65 Prozent der jetzt ver\u00f6ffentlichten Daten als geleakt eingespeichert. Pr\u00fcfen Sie auch unabh\u00e4ngig von gr\u00f6\u00dferen Leaks regelm\u00e4\u00dfig, ob Ihre Daten ohne Ihres Wissens im Internet herumgeistern und in die H\u00e4nde von Cyberkriminellen geraten k\u00f6nnen. Auch Hunt teilte im Namen von Have I Been Pwned seine Informationen \u00fcber Twitter mit:<br \/>\n<\/span><\/p>\n<blockquote class=\"twitter-tweet\">\n<p dir=\"ltr\" lang=\"en\">New breach: Facebook had 2.5M addresses exposed in an incident that impacted 533M subscribers&#8216; phone numbers. Most records contained name and gender, many also included DoB, location, relationship status and employer. 65% were already in <a href=\"https:\/\/twitter.com\/haveibeenpwned?ref_src=twsrc%5Etfw\">@haveibeenpwned<\/a> <a href=\"https:\/\/t.co\/ltMkbZi9sK\">https:\/\/t.co\/ltMkbZi9sK<\/a><\/p>\n<p>\u2014 Have I Been Pwned (@haveibeenpwned) <a href=\"https:\/\/twitter.com\/haveibeenpwned\/status\/1378554902100635659?ref_src=twsrc%5Etfw\">April 4, 2021<\/a><\/p><\/blockquote>\n<p><script async src=\"https:\/\/platform.twitter.com\/widgets.js\" charset=\"utf-8\"><\/script><\/p>\n<h3 id=\"vier\">Gro\u00dfe Gefahr: Social Hacking mit Facebook-Daten<\/h3>\n<p>Die Hauptgefahr der geleakten Daten besteht laut Cybercrime-Experten darin, dass Kriminelle mit den Daten jetzt wesentlich effizienteres <a href=\"https:\/\/pcspezialist.de\/blog\/2022\/10\/20\/social-engineering\/\">Social Engineering<\/a> bzw. <a href=\"https:\/\/pcspezialist.de\/blog\/2022\/10\/27\/social-hacking\/\">Social Hacking<\/a> betreiben k\u00f6nnen. Beim Social Hacking geben sich Angreifer als fremde Personen oder Firmen aus, um an sensible Daten wie Kontoverbindungen oder Zugangsdaten zu gelangen. Zu den beliebtesten Social-Hacking-Methoden geh\u00f6ren unter anderem das <a href=\"https:\/\/pcspezialist.de\/blog\/2022\/09\/29\/smishing\/\">Smishing<\/a><strong>,<\/strong> <a href=\"https:\/\/pcspezialist.de\/blog\/2022\/12\/08\/was-ist-phishing\/\">Phishing <\/a>und das <a href=\"https:\/\/pcspezialist.de\/blog\/2022\/12\/22\/spear-phishing\/\">Spear-Phishing<\/a>. In den vergangenen Tagen (Anfang April 2021) kam es vermehrt zu solchen <strong>Spam-Angriffen<\/strong>.<\/p>\n<p>W\u00e4hrend Angreifer beim <strong>Phishing<\/strong> automatisierte Messenger- oder E-Mail-Nachrichten an potenzielle Opfer schicken, gehen beim <strong>Smishing<\/strong> <a href=\"https:\/\/pcspezialist.de\/blog\/2019\/05\/27\/sms-nachricht-post\/\">SMS-Nachrichten<\/a> raus. In diesen automatisierten Nachrichten geben Angreifer vor allem vor, Unternehmen wie Facebook selbst oder Amazon zu sein. Kriminelle geben vor allem aber j\u00fcngeren <strong>Spam-SMS <\/strong>oft als <a href=\"https:\/\/pcspezialist.de\/blog\/2021\/02\/01\/paketankuendigung-sms\/\">Paketank\u00fcndigungen<\/a> aus. Meistens befinden in den Nachrichten Links, \u00fcber die gef\u00e4hrliche Schadsoftware heruntergeladen wird. Cybercrime-Experten bringen gr\u00f6\u00dfere, momentan kursierende <strong>SMS-Spamwellen<\/strong> mit dem Facebook-Datenleck in Zusammenhang.<\/p>\n<p>Beim Spear-Phishing geben Cyberkriminelle vor, alte Bekannte oder Freunde, Gesch\u00e4ftspartner oder <a href=\"https:\/\/pcspezialist.de\/blog\/2020\/12\/16\/ceo-betrug\/\">Vorgesetzte<\/a> zu sein. Durch die geleakten Datens\u00e4tze und Informationen aus dem Internet, k\u00f6nnen sie hochgradig individuelle und zum Teil erschreckend authentische Angriffsstrategien erarbeiten.<\/p>\n<h3 id=\"fuenf\">So sch\u00fctzen Sie Ihre Daten<\/h3>\n<p>Es ist nicht das erste Mal, dass Facebook durch eine Datenpanne auff\u00e4llt. F\u00fcr gro\u00dfes international Aufsehen sorgte bereits der <a href=\"https:\/\/pcspezialist.de\/blog\/2018\/03\/27\/datendiebstahl-bei-facebook\/\">Skandal um Cambridge Analytica<\/a> im Jahr 2018. Im gleichen Jahr wurde au\u00dferdem bekannt, dass Facebook <a href=\"https:\/\/pcspezialist.de\/blog\/2018\/06\/07\/smartphone-hersteller-facebook\/\">Daten an Smartphone-Hersteller<\/a> weitergegen hat. Im Jahr 2019 war der <a href=\"https:\/\/pcspezialist.de\/blog\/2019\/04\/05\/facebook-datenschutz\/\">Facebook-Datenschutz in der Kritik<\/a>, als bekannt wurde, dass \u00fcber 500 Millionen Datens\u00e4tze geleakt worden waren.<\/p>\n<p>Leider k\u00f6nnen Sie nicht viel machen, um Datenlecks zu verhindern. Sie k\u00f6nnen sich jedoch sch\u00fctzen, indem Sie genau \u00fcberlegen, welche Daten Sie auf welchen Plattformen hochladen. Zudem m\u00fcssen Sie auch bei Daten, die Sie als privat eingestellt haben, damit rechnen, dass diese gehackt oder geleakt werden k\u00f6nnten. <strong>Sollten Ihre Daten bereits \u00f6ffentlich sein<\/strong>, \u00e4ndern Sie unbedingt Ihr <strong>Facebook-Passwort<\/strong>. Es muss m\u00f6glichst kryptisch und vor allem sehr lang sein, damit Hacker es nicht herauszufinden k\u00f6nnen. In unseren Beitr\u00e4gen <a href=\"https:\/\/pcspezialist.de\/blog\/2022\/11\/10\/passwoerter-verwalten\/\">Passw\u00f6rter verwalten<\/a> und <a href=\"https:\/\/pcspezialist.de\/blog\/2024\/01\/15\/passwortsicherheit\/\">Passwortsicherheit<\/a> geben wir Ihnen Tipps, worauf bei der Erstellung von Passw\u00f6rtern zu achten ist. Sollten Sie bei der Auswahl oder Einrichtung Probleme haben, ber\u00e4t Sie Ihr <a href=\"?utm_source=blog&amp;utm_medium=facebook-datenleck&amp;utm_campaign=standorte1\">PC-SPEZIALIST vor Ort<\/a> gern.<\/p>\n<p>Auch <a title=\"IT-Services f\u00fcr Firmenkunden\" href=\"https:\/\/pcspezialist.de\/firmen\/?utm_source=blog&amp;utm_medium=facebook-datenleck&amp;utm_campaign=firmen\">kleine Unternehmen<\/a> sollten sich sch\u00fctzen und Passwortrichtlinien als Teil eines <a href=\"https:\/\/pcspezialist.de\/blog\/2020\/09\/23\/das-it-sicherheitskonzept\/\">umfassenden IT-Sicherheitskonzepts<\/a> umsetzen. Gerade, wenn sie keine eigene IT-Abteilungen haben, die sich um die digitale Sicherheit k\u00fcmmern, sind Unternehmen ein beliebtes Ziel f\u00fcr Angreifer. Sie sollten selbst darauf achten, dass Sie nicht fahrl\u00e4ssig im Internet unterwegs sind und Ihre Mitarbeiter sensibilisieren, mit pers\u00f6nlichen und gesch\u00e4ftlichen Daten ebenfalls sensibel umzugehen. Sollten Sie kompetente <strong>Hilfe bei der Realisierung von Schutzma\u00dfnahmen<\/strong> ben\u00f6tigen, ist <a title=\"PC-SPEZIALIST-Anbieter in Ihrer N\u00e4he finden\" href=\"?utm_source=blog&amp;utm_medium=facebook-datenleck&amp;utm_campaign=standorte2\">PC-SPEZIALIST<\/a> auch f\u00fcr Firmen der geeignete Ansprechpartner.<\/p>\n<h3>Update, 20.04.2021: Facebook auf Entsch\u00e4digung verklagen<\/h3>\n<p>Auch wenn Facebook den Vorfall weiterhin herunterspielt, es l\u00e4sst sich nicht verleugnen, dass das Mega-Datenleck den Opfern viel \u00c4rger bringt. Neben Smishing-Attacken k\u00f6nnen auch nervige Werbeanrufe die Folge sein.<\/p>\n<p>Der Hauptsitz von Facebook in Europa ist in Irland. Die dort ans\u00e4ssige B\u00fcrgerrechtsgruppe Digital Rights Ireland (kurz: DRI) setzt sich f\u00fcr die Verteidigung der B\u00fcrger- und Menschenrechte im Internet ein und will Facebook im Rahmen einer Massenklage zur Verantwortung ziehen. Wer vom Mega-Leak bei Facebook betroffen ist, soll sich der Massenklage \u00fcber die Website <a title=\"www.digitalrights.ie\/facebook\/\" href=\"https:\/\/www.digitalrights.ie\/facebook\/\" target=\"_blank\" rel=\"noopener noreferrer\" data-processed=\"1\">www.digitalrights.ie\/facebook\/<\/a>anschlie\u00dfen. Um das zu tun, pr\u00fcfen Sie auf\u00a0 haveibeenpwned.com, ob Ihre E-Mail-Adresse und Handynummer \u00f6ffentlich bekannt sind.<\/p>\n<p class=\"linkdb-marker\">Die DRI ist der Meinung, dass Facebook gem\u00e4\u00df der in Europa geltenden Regeln gesetzlich dazu verpflichtet ist, die Daten seiner Nutzer zu sch\u00fctzen. Deshalb k\u00f6nne, wer innerhalb der Europ\u00e4ischen Union oder im Europ\u00e4ischen Wirtschaftsraum lebe, von Facebook Schadensersatz verlangen. In der <a href=\"https:\/\/pcspezialist.de\/blog\/2018\/05\/15\/eu-datenschutz-dsgvo\/\">DSVGO<\/a>, so DRI, sei in Artikel 82 geregelt, dass den Nutzern eine solche Geldentsch\u00e4digung zust\u00fcnde, wenn ihre Datenschutzrechte verletzt wurden.<\/p>\n<p class=\"linkdb-marker\">Um diesen Anspruch durchzusetzen, will die DRI in einer Massenklage gegen Facebook vorgehen. Dazu ben\u00f6tigt die Organisation die Unterst\u00fctzung der Nutzer, deren Facebook-Daten geleakt wurden.<\/p>\n<p>_______________________________________________<\/p>\n<p><small>Weiterf\u00fchrende Links: <a href=\"https:\/\/www.pressebox.de\/inaktiv\/proofpoint-inc\/Datendiebstahl-bei-Facebook-Vorsicht-vor-Smishing\/boxid\/1052777\" target=\"_blank\" rel=\"noopener noreferrer\">Pressebox<\/a>, <a href=\"https:\/\/www.dw.com\/de\/gigantischer-datenklau-bei-facebook-halbe-milliarde-nutzer-betroffen\/a-57095441\" target=\"_blank\" rel=\"noopener noreferrer\">Deutsche Welle<\/a>, <a href=\"https:\/\/www.br.de\/nachrichten\/meldung\/grossangelegter-datendiebstahl-bei-facebook,300394ec7\" target=\"_blank\" rel=\"noopener noreferrer\">Bayrischer Rundfunk<\/a>, <a href=\"https:\/\/onlinemarketing.de\/digitalpolitik\/facebook-hunderte-millionen-user-daten-veroeffentlicht\" target=\"_blank\" rel=\"noopener noreferrer\">onlinemarketing.de<\/a>, <a href=\"https:\/\/www.focus.de\/digital\/monstroeser-daten-leak-bei-facebook-handynummern-oeffentlich-gemacht-das-muessen-sie-jetzt-tun_id_13168156.html\" target=\"_blank\" rel=\"noopener noreferrer\">Focus Online<\/a>, <a href=\"https:\/\/www.derstandard.de\/story\/2000125588856\/riesiger-datendiebstahl-bei-facebook-telefonnummern-von-533-millionen-nutzern-veroeffentlicht\" target=\"_blank\" rel=\"noopener noreferrer\">DerStandard.de<\/a>, <a href=\"https:\/\/www.pcwelt.de\/news\/Facebook-Daten-gestohlen-Hier-sehen-Sie-ob-Sie-betroffen-sind-11006487.html\" target=\"_blank\" rel=\"noopener noreferrer\">PC Welt<\/a>, <a href=\"https:\/\/www.mimikama.at\/aktuelles\/facebook-leak-daten-check\/\" target=\"_blank\" rel=\"noopener noreferrer\">mimikama.at<\/a>, <a href=\"https:\/\/www.finanzen.net\/nachricht\/aktien\/daten-diebstahl-facebook-aktie-in-rot-irische-datenschuetzer-untersuchen-facebook-leak-9988185\" target=\"_blank\" rel=\"noopener noreferrer\">Finanzen.net<\/a>, <a href=\"https:\/\/onlinemarketing.de\/digitalpolitik\/facebook-bot-gibt-hackern-zugriff-auf-telefonnummern\" target=\"_blank\" rel=\"noopener noreferrer\">onlinemarketing.de<\/a>, <a href=\"https:\/\/www.digitalrights.ie\/\" target=\"_blank\" rel=\"noopener noreferrer\">Digital Rights Ireland<\/a><\/small><\/p>\n","protected":false},"excerpt":{"rendered":"<p>Am Osterwochenende kam es zu einem gigantischen Facebook-Datenleck. Hacker haben dabei die pers\u00f6nlichen Daten von \u00fcber 533 Millionen Benutzern gestohlen. Jetzt sind sie im Internet \u00f6ffentlich einzusehen.\u00a0 Zu den zusammengetragenen Daten geh\u00f6ren Klarnamen, Geburtsdaten, Wohnorte, E-Mail-Adressen und Telefonnummern. Erfahren Sie bei uns, wie Sie pr\u00fcfen, ob Sie vom Facebook-Datenleck betroffen sind.<\/p>\n","protected":false},"author":117,"featured_media":54810,"comment_status":"open","ping_status":"closed","sticky":false,"template":"","format":"standard","meta":{"footnotes":""},"categories":[10500],"tags":[9956,1088,1250,9814],"class_list":["post-54778","post","type-post","status-publish","format-standard","has-post-thumbnail","hentry","category-cybersecurity","tag-nutzerdaten","tag-facebook","tag-social-media","tag-datenleck"],"yoast_head":"<!-- This site is optimized with the Yoast SEO plugin v27.5 - https:\/\/yoast.com\/product\/yoast-seo-wordpress\/ -->\n<title>Bei Facebook-Datenleck \u00fcber 500 Millionen Facebook-Daten gestohlen!<\/title>\n<meta name=\"description\" content=\"Bei einem Facebook-Datenleck haben Hacker die Daten von \u00fcber 533 Millionen Benutzern gestohlen. Erfahren Sie hier, was Sie tun k\u00f6nnen!\" \/>\n<meta name=\"robots\" content=\"index, follow, max-snippet:-1, max-image-preview:large, max-video-preview:-1\" \/>\n<link rel=\"canonical\" href=\"https:\/\/pcspezialist.de\/blog\/2021\/04\/08\/facebook-datenleck\/\" \/>\n<meta property=\"og:locale\" content=\"de_DE\" \/>\n<meta property=\"og:type\" content=\"article\" \/>\n<meta property=\"og:title\" content=\"Bei Facebook-Datenleck \u00fcber 500 Millionen Facebook-Daten gestohlen!\" \/>\n<meta property=\"og:description\" content=\"Bei einem Facebook-Datenleck haben Hacker die Daten von \u00fcber 533 Millionen Benutzern gestohlen. Erfahren Sie hier, was Sie tun k\u00f6nnen!\" \/>\n<meta property=\"og:url\" content=\"https:\/\/pcspezialist.de\/blog\/2021\/04\/08\/facebook-datenleck\/\" \/>\n<meta property=\"og:site_name\" content=\"PC-SPEZIALIST Blog\" \/>\n<meta property=\"article:published_time\" content=\"2021-04-08T08:45:14+00:00\" \/>\n<meta property=\"article:modified_time\" content=\"2024-11-05T07:47:43+00:00\" \/>\n<meta property=\"og:image\" content=\"https:\/\/pcspezialist.de\/blog\/wp-content\/uploads\/2021\/04\/pexels-pixabay-267399-scaled-e1617797073328.jpg\" \/>\n\t<meta property=\"og:image:width\" content=\"2368\" \/>\n\t<meta property=\"og:image:height\" content=\"960\" \/>\n\t<meta property=\"og:image:type\" content=\"image\/jpeg\" \/>\n<meta name=\"author\" content=\"Robin Laufenburg\" \/>\n<meta name=\"twitter:card\" content=\"summary_large_image\" \/>\n<meta name=\"twitter:label1\" content=\"Verfasst von\" \/>\n\t<meta name=\"twitter:data1\" content=\"Robin Laufenburg\" \/>\n\t<meta name=\"twitter:label2\" content=\"Gesch\u00e4tzte Lesezeit\" \/>\n\t<meta name=\"twitter:data2\" content=\"8\u00a0Minuten\" \/>\n<script type=\"application\/ld+json\" class=\"yoast-schema-graph\">{\"@context\":\"https:\\\/\\\/schema.org\",\"@graph\":[{\"@type\":\"Article\",\"@id\":\"https:\\\/\\\/pcspezialist.de\\\/blog\\\/2021\\\/04\\\/08\\\/facebook-datenleck\\\/#article\",\"isPartOf\":{\"@id\":\"https:\\\/\\\/pcspezialist.de\\\/blog\\\/2021\\\/04\\\/08\\\/facebook-datenleck\\\/\"},\"author\":{\"name\":\"Robin Laufenburg\",\"@id\":\"https:\\\/\\\/pcspezialist.de\\\/blog\\\/#\\\/schema\\\/person\\\/e40f454e2671c2d60d36a76a1f431873\"},\"headline\":\"Gigantisches Facebook-Datenleck ## \u00dcber 500 Millionen Facebook-Daten gestohlen!\",\"datePublished\":\"2021-04-08T08:45:14+00:00\",\"dateModified\":\"2024-11-05T07:47:43+00:00\",\"mainEntityOfPage\":{\"@id\":\"https:\\\/\\\/pcspezialist.de\\\/blog\\\/2021\\\/04\\\/08\\\/facebook-datenleck\\\/\"},\"wordCount\":1400,\"commentCount\":0,\"image\":{\"@id\":\"https:\\\/\\\/pcspezialist.de\\\/blog\\\/2021\\\/04\\\/08\\\/facebook-datenleck\\\/#primaryimage\"},\"thumbnailUrl\":\"https:\\\/\\\/pcspezialist.de\\\/blog\\\/wp-content\\\/uploads\\\/2021\\\/04\\\/pexels-pixabay-267399-scaled-e1617797073328.jpg\",\"keywords\":[\"Nutzerdaten\",\"Facebook\",\"Social Media\",\"Datenleck\"],\"articleSection\":[\"Cybersecurity\"],\"inLanguage\":\"de\",\"potentialAction\":[{\"@type\":\"CommentAction\",\"name\":\"Comment\",\"target\":[\"https:\\\/\\\/pcspezialist.de\\\/blog\\\/2021\\\/04\\\/08\\\/facebook-datenleck\\\/#respond\"]}]},{\"@type\":\"WebPage\",\"@id\":\"https:\\\/\\\/pcspezialist.de\\\/blog\\\/2021\\\/04\\\/08\\\/facebook-datenleck\\\/\",\"url\":\"https:\\\/\\\/pcspezialist.de\\\/blog\\\/2021\\\/04\\\/08\\\/facebook-datenleck\\\/\",\"name\":\"Bei Facebook-Datenleck \u00fcber 500 Millionen Facebook-Daten gestohlen!\",\"isPartOf\":{\"@id\":\"https:\\\/\\\/pcspezialist.de\\\/blog\\\/#website\"},\"primaryImageOfPage\":{\"@id\":\"https:\\\/\\\/pcspezialist.de\\\/blog\\\/2021\\\/04\\\/08\\\/facebook-datenleck\\\/#primaryimage\"},\"image\":{\"@id\":\"https:\\\/\\\/pcspezialist.de\\\/blog\\\/2021\\\/04\\\/08\\\/facebook-datenleck\\\/#primaryimage\"},\"thumbnailUrl\":\"https:\\\/\\\/pcspezialist.de\\\/blog\\\/wp-content\\\/uploads\\\/2021\\\/04\\\/pexels-pixabay-267399-scaled-e1617797073328.jpg\",\"datePublished\":\"2021-04-08T08:45:14+00:00\",\"dateModified\":\"2024-11-05T07:47:43+00:00\",\"author\":{\"@id\":\"https:\\\/\\\/pcspezialist.de\\\/blog\\\/#\\\/schema\\\/person\\\/e40f454e2671c2d60d36a76a1f431873\"},\"description\":\"Bei einem Facebook-Datenleck haben Hacker die Daten von \u00fcber 533 Millionen Benutzern gestohlen. Erfahren Sie hier, was Sie tun k\u00f6nnen!\",\"breadcrumb\":{\"@id\":\"https:\\\/\\\/pcspezialist.de\\\/blog\\\/2021\\\/04\\\/08\\\/facebook-datenleck\\\/#breadcrumb\"},\"inLanguage\":\"de\",\"potentialAction\":[{\"@type\":\"ReadAction\",\"target\":[\"https:\\\/\\\/pcspezialist.de\\\/blog\\\/2021\\\/04\\\/08\\\/facebook-datenleck\\\/\"]}]},{\"@type\":\"ImageObject\",\"inLanguage\":\"de\",\"@id\":\"https:\\\/\\\/pcspezialist.de\\\/blog\\\/2021\\\/04\\\/08\\\/facebook-datenleck\\\/#primaryimage\",\"url\":\"https:\\\/\\\/pcspezialist.de\\\/blog\\\/wp-content\\\/uploads\\\/2021\\\/04\\\/pexels-pixabay-267399-scaled-e1617797073328.jpg\",\"contentUrl\":\"https:\\\/\\\/pcspezialist.de\\\/blog\\\/wp-content\\\/uploads\\\/2021\\\/04\\\/pexels-pixabay-267399-scaled-e1617797073328.jpg\",\"width\":2368,\"height\":960,\"caption\":\"Apple-Update: Facebook \u00fcbt Druck aus. Bild Pexels\"},{\"@type\":\"BreadcrumbList\",\"@id\":\"https:\\\/\\\/pcspezialist.de\\\/blog\\\/2021\\\/04\\\/08\\\/facebook-datenleck\\\/#breadcrumb\",\"itemListElement\":[{\"@type\":\"ListItem\",\"position\":1,\"name\":\"Startseite\",\"item\":\"https:\\\/\\\/pcspezialist.de\\\/blog\\\/\"},{\"@type\":\"ListItem\",\"position\":2,\"name\":\"Gigantisches Facebook-Datenleck ## \u00dcber 500 Millionen Facebook-Daten gestohlen!\"}]},{\"@type\":\"WebSite\",\"@id\":\"https:\\\/\\\/pcspezialist.de\\\/blog\\\/#website\",\"url\":\"https:\\\/\\\/pcspezialist.de\\\/blog\\\/\",\"name\":\"PC-SPEZIALIST Blog\",\"description\":\"IT-Service, Trends &amp; Technik\",\"potentialAction\":[{\"@type\":\"SearchAction\",\"target\":{\"@type\":\"EntryPoint\",\"urlTemplate\":\"https:\\\/\\\/pcspezialist.de\\\/blog\\\/?s={search_term_string}\"},\"query-input\":{\"@type\":\"PropertyValueSpecification\",\"valueRequired\":true,\"valueName\":\"search_term_string\"}}],\"inLanguage\":\"de\"},{\"@type\":\"Person\",\"@id\":\"https:\\\/\\\/pcspezialist.de\\\/blog\\\/#\\\/schema\\\/person\\\/e40f454e2671c2d60d36a76a1f431873\",\"name\":\"Robin Laufenburg\",\"description\":\"Robin Laufenburg arbeitet seit April 2018 f\u00fcr die SYNAXON AG, dem Dachunternehmen der Marke PC-SPEZIALIST. Urspr\u00fcnglich war er studienbegleitend als SEO-Texter t\u00e4tig, unter anderem f\u00fcr die Marke IT-SERVICE.NETWORK. Seit Anfang 2020 ist der mittlerweile fertig studierte Germanist (Abschluss im Zwei-Fach-Master-Studiengang Kultur und Gesellschaft mit den Schwerpunkten Germanistische Sprachwissenschaft und Deutschsprachige Literaturen) als Autor f\u00fcr den PC-SPEZIALIST-Blog t\u00e4tig. Seit 2022 unterst\u00fctzt er als Content Marketing Manager mit dem Arbeitsschwerpunkt SEO-Strategie die Marke st\u00e4rker bei strategischen Entscheidungen und Reportings und hat einen zentralen Bestandteil seiner T\u00e4tigkeit damit ins Backend verlagert. Das bedeutet aber nicht, dass Robin Laufenburg nicht weiterhin auch Inhalte im Blog teilt. Er versteht es n\u00e4mlich nach wie vor, spannende Themen rund um die IT, f\u00fcr die er sich auch privat interessiert, f\u00fcr PC-SPEZIALIST leserfreundlich aufzuarbeiten und anschaulich darzulegen. Robin Laufenburg geht der T\u00e4tigkeit des Schreibens \u00fcbrigens nicht nur beruflich nach, also f\u00fcr den PC-SPEZIALIST-Blog. Seit mittlerweile mehr als zehn Jahren tritt er mit kurzen Prosatexten und Lyrik auf freien Leseb\u00fchnen auf und hat k\u00fcrzlich einen Sammelband \u201aZwischen Zwanzig und Drei\u00dfig\u2018 im Zwiebelzwerg Verlag herausgebracht. W\u00e4hrend Robin Laufenburg bei der Texterstellung f\u00fcr PC-SPEZIALIST stets auf Ordnung, Pr\u00e4zision, Genauigkeit und Korrektheit achtet, bricht er in und mit seiner Kunst genau damit auf und versucht, auch (dem Ausdruck von) Chaos Raum zu geben. Neben der T\u00e4tigkeit des kreativen Schreibens geht Robin Laufenburg auch der Malerei und Zeichenkunst, der experimentellen Fotografie und Filmografie sowie der Konzeption von weiteren multimedialen Kleinkunstprojekten nach. Nat\u00fcrlich interessiert sich Robin Laufenburg neben der Kunstschaffung und -rezeption aber auch zentral f\u00fcr das Themenfeld IT sowie f\u00fcr aktuelle IT-Entwicklungen, was ihn auch zur SYNAXON AG und PC-SPEZIALIST gebracht hat. Sie haben Fragen an ihn oder zu seinen Blogbeitr\u00e4gen? Dann nehmen Sie \u00fcber die E-Mail-Adresse redaktion@pcspezialist.de Kontakt zu ihm auf!\",\"url\":\"https:\\\/\\\/pcspezialist.de\\\/blog\\\/author\\\/robin-laufenburg\\\/\"}]}<\/script>\n<!-- \/ Yoast SEO plugin. -->","yoast_head_json":{"title":"Bei Facebook-Datenleck \u00fcber 500 Millionen Facebook-Daten gestohlen!","description":"Bei einem Facebook-Datenleck haben Hacker die Daten von \u00fcber 533 Millionen Benutzern gestohlen. Erfahren Sie hier, was Sie tun k\u00f6nnen!","robots":{"index":"index","follow":"follow","max-snippet":"max-snippet:-1","max-image-preview":"max-image-preview:large","max-video-preview":"max-video-preview:-1"},"canonical":"https:\/\/pcspezialist.de\/blog\/2021\/04\/08\/facebook-datenleck\/","og_locale":"de_DE","og_type":"article","og_title":"Bei Facebook-Datenleck \u00fcber 500 Millionen Facebook-Daten gestohlen!","og_description":"Bei einem Facebook-Datenleck haben Hacker die Daten von \u00fcber 533 Millionen Benutzern gestohlen. Erfahren Sie hier, was Sie tun k\u00f6nnen!","og_url":"https:\/\/pcspezialist.de\/blog\/2021\/04\/08\/facebook-datenleck\/","og_site_name":"PC-SPEZIALIST Blog","article_published_time":"2021-04-08T08:45:14+00:00","article_modified_time":"2024-11-05T07:47:43+00:00","og_image":[{"width":2368,"height":960,"url":"https:\/\/pcspezialist.de\/blog\/wp-content\/uploads\/2021\/04\/pexels-pixabay-267399-scaled-e1617797073328.jpg","type":"image\/jpeg"}],"author":"Robin Laufenburg","twitter_card":"summary_large_image","twitter_misc":{"Verfasst von":"Robin Laufenburg","Gesch\u00e4tzte Lesezeit":"8\u00a0Minuten"},"schema":{"@context":"https:\/\/schema.org","@graph":[{"@type":"Article","@id":"https:\/\/pcspezialist.de\/blog\/2021\/04\/08\/facebook-datenleck\/#article","isPartOf":{"@id":"https:\/\/pcspezialist.de\/blog\/2021\/04\/08\/facebook-datenleck\/"},"author":{"name":"Robin Laufenburg","@id":"https:\/\/pcspezialist.de\/blog\/#\/schema\/person\/e40f454e2671c2d60d36a76a1f431873"},"headline":"Gigantisches Facebook-Datenleck ## \u00dcber 500 Millionen Facebook-Daten gestohlen!","datePublished":"2021-04-08T08:45:14+00:00","dateModified":"2024-11-05T07:47:43+00:00","mainEntityOfPage":{"@id":"https:\/\/pcspezialist.de\/blog\/2021\/04\/08\/facebook-datenleck\/"},"wordCount":1400,"commentCount":0,"image":{"@id":"https:\/\/pcspezialist.de\/blog\/2021\/04\/08\/facebook-datenleck\/#primaryimage"},"thumbnailUrl":"https:\/\/pcspezialist.de\/blog\/wp-content\/uploads\/2021\/04\/pexels-pixabay-267399-scaled-e1617797073328.jpg","keywords":["Nutzerdaten","Facebook","Social Media","Datenleck"],"articleSection":["Cybersecurity"],"inLanguage":"de","potentialAction":[{"@type":"CommentAction","name":"Comment","target":["https:\/\/pcspezialist.de\/blog\/2021\/04\/08\/facebook-datenleck\/#respond"]}]},{"@type":"WebPage","@id":"https:\/\/pcspezialist.de\/blog\/2021\/04\/08\/facebook-datenleck\/","url":"https:\/\/pcspezialist.de\/blog\/2021\/04\/08\/facebook-datenleck\/","name":"Bei Facebook-Datenleck \u00fcber 500 Millionen Facebook-Daten gestohlen!","isPartOf":{"@id":"https:\/\/pcspezialist.de\/blog\/#website"},"primaryImageOfPage":{"@id":"https:\/\/pcspezialist.de\/blog\/2021\/04\/08\/facebook-datenleck\/#primaryimage"},"image":{"@id":"https:\/\/pcspezialist.de\/blog\/2021\/04\/08\/facebook-datenleck\/#primaryimage"},"thumbnailUrl":"https:\/\/pcspezialist.de\/blog\/wp-content\/uploads\/2021\/04\/pexels-pixabay-267399-scaled-e1617797073328.jpg","datePublished":"2021-04-08T08:45:14+00:00","dateModified":"2024-11-05T07:47:43+00:00","author":{"@id":"https:\/\/pcspezialist.de\/blog\/#\/schema\/person\/e40f454e2671c2d60d36a76a1f431873"},"description":"Bei einem Facebook-Datenleck haben Hacker die Daten von \u00fcber 533 Millionen Benutzern gestohlen. Erfahren Sie hier, was Sie tun k\u00f6nnen!","breadcrumb":{"@id":"https:\/\/pcspezialist.de\/blog\/2021\/04\/08\/facebook-datenleck\/#breadcrumb"},"inLanguage":"de","potentialAction":[{"@type":"ReadAction","target":["https:\/\/pcspezialist.de\/blog\/2021\/04\/08\/facebook-datenleck\/"]}]},{"@type":"ImageObject","inLanguage":"de","@id":"https:\/\/pcspezialist.de\/blog\/2021\/04\/08\/facebook-datenleck\/#primaryimage","url":"https:\/\/pcspezialist.de\/blog\/wp-content\/uploads\/2021\/04\/pexels-pixabay-267399-scaled-e1617797073328.jpg","contentUrl":"https:\/\/pcspezialist.de\/blog\/wp-content\/uploads\/2021\/04\/pexels-pixabay-267399-scaled-e1617797073328.jpg","width":2368,"height":960,"caption":"Apple-Update: Facebook \u00fcbt Druck aus. Bild Pexels"},{"@type":"BreadcrumbList","@id":"https:\/\/pcspezialist.de\/blog\/2021\/04\/08\/facebook-datenleck\/#breadcrumb","itemListElement":[{"@type":"ListItem","position":1,"name":"Startseite","item":"https:\/\/pcspezialist.de\/blog\/"},{"@type":"ListItem","position":2,"name":"Gigantisches Facebook-Datenleck ## \u00dcber 500 Millionen Facebook-Daten gestohlen!"}]},{"@type":"WebSite","@id":"https:\/\/pcspezialist.de\/blog\/#website","url":"https:\/\/pcspezialist.de\/blog\/","name":"PC-SPEZIALIST Blog","description":"IT-Service, Trends &amp; Technik","potentialAction":[{"@type":"SearchAction","target":{"@type":"EntryPoint","urlTemplate":"https:\/\/pcspezialist.de\/blog\/?s={search_term_string}"},"query-input":{"@type":"PropertyValueSpecification","valueRequired":true,"valueName":"search_term_string"}}],"inLanguage":"de"},{"@type":"Person","@id":"https:\/\/pcspezialist.de\/blog\/#\/schema\/person\/e40f454e2671c2d60d36a76a1f431873","name":"Robin Laufenburg","description":"Robin Laufenburg arbeitet seit April 2018 f\u00fcr die SYNAXON AG, dem Dachunternehmen der Marke PC-SPEZIALIST. Urspr\u00fcnglich war er studienbegleitend als SEO-Texter t\u00e4tig, unter anderem f\u00fcr die Marke IT-SERVICE.NETWORK. Seit Anfang 2020 ist der mittlerweile fertig studierte Germanist (Abschluss im Zwei-Fach-Master-Studiengang Kultur und Gesellschaft mit den Schwerpunkten Germanistische Sprachwissenschaft und Deutschsprachige Literaturen) als Autor f\u00fcr den PC-SPEZIALIST-Blog t\u00e4tig. Seit 2022 unterst\u00fctzt er als Content Marketing Manager mit dem Arbeitsschwerpunkt SEO-Strategie die Marke st\u00e4rker bei strategischen Entscheidungen und Reportings und hat einen zentralen Bestandteil seiner T\u00e4tigkeit damit ins Backend verlagert. Das bedeutet aber nicht, dass Robin Laufenburg nicht weiterhin auch Inhalte im Blog teilt. Er versteht es n\u00e4mlich nach wie vor, spannende Themen rund um die IT, f\u00fcr die er sich auch privat interessiert, f\u00fcr PC-SPEZIALIST leserfreundlich aufzuarbeiten und anschaulich darzulegen. Robin Laufenburg geht der T\u00e4tigkeit des Schreibens \u00fcbrigens nicht nur beruflich nach, also f\u00fcr den PC-SPEZIALIST-Blog. Seit mittlerweile mehr als zehn Jahren tritt er mit kurzen Prosatexten und Lyrik auf freien Leseb\u00fchnen auf und hat k\u00fcrzlich einen Sammelband \u201aZwischen Zwanzig und Drei\u00dfig\u2018 im Zwiebelzwerg Verlag herausgebracht. W\u00e4hrend Robin Laufenburg bei der Texterstellung f\u00fcr PC-SPEZIALIST stets auf Ordnung, Pr\u00e4zision, Genauigkeit und Korrektheit achtet, bricht er in und mit seiner Kunst genau damit auf und versucht, auch (dem Ausdruck von) Chaos Raum zu geben. Neben der T\u00e4tigkeit des kreativen Schreibens geht Robin Laufenburg auch der Malerei und Zeichenkunst, der experimentellen Fotografie und Filmografie sowie der Konzeption von weiteren multimedialen Kleinkunstprojekten nach. Nat\u00fcrlich interessiert sich Robin Laufenburg neben der Kunstschaffung und -rezeption aber auch zentral f\u00fcr das Themenfeld IT sowie f\u00fcr aktuelle IT-Entwicklungen, was ihn auch zur SYNAXON AG und PC-SPEZIALIST gebracht hat. Sie haben Fragen an ihn oder zu seinen Blogbeitr\u00e4gen? Dann nehmen Sie \u00fcber die E-Mail-Adresse redaktion@pcspezialist.de Kontakt zu ihm auf!","url":"https:\/\/pcspezialist.de\/blog\/author\/robin-laufenburg\/"}]}},"_links":{"self":[{"href":"https:\/\/pcspezialist.de\/blog\/wp-json\/wp\/v2\/posts\/54778","targetHints":{"allow":["GET"]}}],"collection":[{"href":"https:\/\/pcspezialist.de\/blog\/wp-json\/wp\/v2\/posts"}],"about":[{"href":"https:\/\/pcspezialist.de\/blog\/wp-json\/wp\/v2\/types\/post"}],"author":[{"embeddable":true,"href":"https:\/\/pcspezialist.de\/blog\/wp-json\/wp\/v2\/users\/117"}],"replies":[{"embeddable":true,"href":"https:\/\/pcspezialist.de\/blog\/wp-json\/wp\/v2\/comments?post=54778"}],"version-history":[{"count":29,"href":"https:\/\/pcspezialist.de\/blog\/wp-json\/wp\/v2\/posts\/54778\/revisions"}],"predecessor-version":[{"id":69321,"href":"https:\/\/pcspezialist.de\/blog\/wp-json\/wp\/v2\/posts\/54778\/revisions\/69321"}],"wp:featuredmedia":[{"embeddable":true,"href":"https:\/\/pcspezialist.de\/blog\/wp-json\/wp\/v2\/media\/54810"}],"wp:attachment":[{"href":"https:\/\/pcspezialist.de\/blog\/wp-json\/wp\/v2\/media?parent=54778"}],"wp:term":[{"taxonomy":"category","embeddable":true,"href":"https:\/\/pcspezialist.de\/blog\/wp-json\/wp\/v2\/categories?post=54778"},{"taxonomy":"post_tag","embeddable":true,"href":"https:\/\/pcspezialist.de\/blog\/wp-json\/wp\/v2\/tags?post=54778"}],"curies":[{"name":"wp","href":"https:\/\/api.w.org\/{rel}","templated":true}]}}