{"id":52009,"date":"2020-08-27T12:20:46","date_gmt":"2020-08-27T10:20:46","guid":{"rendered":"https:\/\/www.pcspezialist.de\/blog\/?p=52009"},"modified":"2024-10-31T08:50:34","modified_gmt":"2024-10-31T07:50:34","slug":"informationssicherheit","status":"publish","type":"post","link":"https:\/\/pcspezialist.de\/blog\/2020\/08\/27\/informationssicherheit\/","title":{"rendered":"Informationssicherheit ist ein Muss ## Warum der IT-Basisschutz f\u00fcr Kleinbetriebe wichtig ist"},"content":{"rendered":"<p><strong>IT-Sicherheit ist in kleinen Unternehmen oft ein Themengebiet, das gern in den Hintergrund r\u00fcckt. Warum? Weil <\/strong><strong>Zeit, Geld und Know-how fehlen. Genau deshalb si<\/strong><strong>nd Kleinbetriebe allerdings ein besonders beliebtes Angriffsziel von Cyberkriminellen. <\/strong><\/p>\n<p>Investieren Sie unbedingt in Ihre Informationssicherheit.\u00a0Wir erkl\u00e4ren, was der IT-Grundschutz des BSI damit zu tun hat und wie unser IT-Basisschutz helfen kann.<\/p>\n<p><!--more--><\/p>\n<h3>Was ist Informationssicherheit?<\/h3>\n<p>M\u00f6glicherweise k\u00f6nnen Sie sich unter dem Begriff Informationssicherheit gar nichts vorstellen. Vereinfacht gesagt, geht es dabei um den<strong> Schutz von Daten<\/strong>. Daten werden inzwischen als das Gold eines Unternehmens gehandelt. Ihr Wettbewerber h\u00e4tte zum Beispiel bestimmt nichts dagegen einzuwenden, wenn er pl\u00f6tzlich Zugriff auf Ihren Kundenstamm und Ihre Angebote h\u00e4tte und Sie mithilfe dieser Informationen ausbooten k\u00f6nnte.<\/p>\n<p>Besser also, es k\u00f6nnen nur diejenigen auf Ihre Daten zugreifen, die es auch d\u00fcrfen, w\u00e4hrend Unbefugten der Riegel vorgeschoben wird. Dabei helfen die sogenannten <strong><a href=\"https:\/\/www.haufe.de\/compliance\/management-praxis\/informationssicherheit\/was-ist-informationssicherheit-eine-defintion_230130_483132.html\" target=\"_blank\" rel=\"noopener noreferrer\">Schutzziele<\/a> der Informationssicherheit<\/strong>. Das sind: Vertraulichkeit, Verf\u00fcgbarkeit und Integrit\u00e4t.<\/p>\n<p>Unter <strong>Vertraulichkeit<\/strong> versteht man, dass Daten nur von autorisierten Personen eingesehen und verwaltet werden d\u00fcrfen. <strong>Integrit\u00e4t<\/strong> meint, dass Daten nicht unbemerkt ver\u00e4ndert oder manipuliert werden d\u00fcrfen. Und mit <strong>Verf\u00fcgbarkeit<\/strong> ist gemeint, dass es nicht zu einem Systemausfall kommen darf. Unterm Strich geht es also darum, Datenverlust, Datenmissbrauch und Datendiebstahl zu verhindern \u2013 und damit m\u00f6glicherweise massive wirtschaftliche Sch\u00e4den abzuwenden.<\/p>\n<div id=\"attachment_52016\" style=\"width: 677px\" class=\"wp-caption alignright\"><img loading=\"lazy\" decoding=\"async\" aria-describedby=\"caption-attachment-52016\" class=\"size-medium wp-image-52016\" src=\"https:\/\/pcspezialist.de\/blog\/wp-content\/uploads\/2020\/08\/mimi-thian-ZKBzlifgkgw-unsplash-667x500.jpg\" alt=\"\" width=\"667\" height=\"500\" srcset=\"https:\/\/pcspezialist.de\/blog\/wp-content\/uploads\/2020\/08\/mimi-thian-ZKBzlifgkgw-unsplash-667x500.jpg 667w, https:\/\/pcspezialist.de\/blog\/wp-content\/uploads\/2020\/08\/mimi-thian-ZKBzlifgkgw-unsplash-933x700.jpg 933w, https:\/\/pcspezialist.de\/blog\/wp-content\/uploads\/2020\/08\/mimi-thian-ZKBzlifgkgw-unsplash-768x576.jpg 768w, https:\/\/pcspezialist.de\/blog\/wp-content\/uploads\/2020\/08\/mimi-thian-ZKBzlifgkgw-unsplash-1536x1152.jpg 1536w, https:\/\/pcspezialist.de\/blog\/wp-content\/uploads\/2020\/08\/mimi-thian-ZKBzlifgkgw-unsplash-2048x1536.jpg 2048w\" sizes=\"auto, (max-width: 667px) 100vw, 667px\" \/><p id=\"caption-attachment-52016\" class=\"wp-caption-text\">Kleine Firma, gr\u00f6\u00dfter Schutz: Unser IT-Basisschutz sorgt f\u00fcr die Informationssicherheit in Kleinstbetrieben. Bild: Unsplash\/Mimi Thian<\/p><\/div>\n<h3>Informationssicherheit &amp; IT-Grundschutz<\/h3>\n<p>Vorweg: Wenn von Informationen die Rede ist, geht es dabei nicht ausschlie\u00dflich um <a href=\"https:\/\/www.security-insider.de\/was-ist-informationssicherheit-a-677316\/\" target=\"_blank\" rel=\"noopener noreferrer\">digitale Daten<\/a>. Aber in Zeiten der Digitalisierung stehen <strong>digitale Daten, Computer, Netzwerke<\/strong> und Datentr\u00e4ger immer mehr im Mittelpunkt.<\/p>\n<p>Sie kennen es vielleicht aus Ihrem Kleinbetrieb: Inzwischen laufen die meisten Prozesse \u00fcber E-Mail und Computer; es kommt kaum noch vor, dass Dokumente ausgedruckt und abgeheftet werden. Das <a href=\"https:\/\/pcspezialist.de\/firmen\/it-ausstattung\/papierloses-buero-einrichten\/\">papierlose B\u00fcro<\/a> nimmt immer mehr Gestalt an. Sie sind davon noch weit entfernt? Dann hilft Ihnen der <a href=\"https:\/\/pcspezialist.de\/standorte\/\">PC-SPEZIALIST in Ihrer N\u00e4he<\/a> gern bei der Umsetzung.<\/p>\n<p>Das <a href=\"https:\/\/www.bsi.bund.de\/\" target=\"_blank\" rel=\"noopener noreferrer\">BSI<\/a> (Bundesamt f\u00fcr Sicherheit in der Informationstechnik) hat mit dem<strong> IT-Grundschutz<\/strong> eine Methodik aufgestellt, mit der kleine Unternehmen genauso wie gro\u00dfe Konzerne das Niveau der Informationssicherheit verbessern k\u00f6nnen. Festgeschrieben sind Methoden und Vorgehensweisen in den <strong>BSI-Standards<\/strong>. In diesen Standards gibt es seit 2017 auch vermehrt Publikationen, die sich speziell an kleine und mittelst\u00e4ndische Unternehmen richten. Doch es bleibt dabei: Irgendjemand in Ihrem Betrieb muss sich damit auseinanderzusetzen und entsprechende Ma\u00dfnahmen einleiten.<\/p>\n<h3>IT-Basisschutz macht Theorie zur Praxis<\/h3>\n<p>Es gibt aber auch noch eine andere Option. PC-SPEZIALIST hat mit dem <a href=\"https:\/\/pcspezialist.de\/firmen\/it-betreuung\/it-basisschutz\/\">IT-Basisschutz<\/a> n\u00e4mlich ein <strong>Paket f\u00fcr Firmenkunden<\/strong> geschn\u00fcrt, das sich am BSI-Grundschutz und dem BSI-Grundschutzkatalog orientiert und die Theorie sozusagen in die Praxis umsetzt. Unsere Experten bieten Ihnen damit eine <strong>proaktive IT-Betreuung<\/strong> und sorgen f\u00fcr die Grundlage einer <strong>datenschutzkonformen IT<\/strong>.<\/p>\n<p>Im Standardpaket sind unter anderem Desktop-Management, Antivirus-Management und Hardware-Firewall enthalten. Erweiterbar ist das noch durch einen Remote-Service oder sogar eine Flatrate f\u00fcr den Vor-Ort-Service. Und schlie\u00dflich k\u00f6nnen Sie mit dem IT-Basisschutz All-inclusive auch noch Hardware und Software integrieren und dadurch PC-Arbeitspl\u00e4tze mieten statt kaufen.<\/p>\n<p>Ausf\u00fchrliche Informationen dazu, was der IT-Basisschutz in den verschiedenen Paketen beinhaltet, k\u00f6nnen Sie in unserem Ratgeber <a href=\"https:\/\/pcspezialist.de\/ratgeber\/it-grundschutz-dank-it-basisschutz\/\">IT-Grundschutz dank IT-Basisschutz<\/a> nachlesen. Oder Sie nehmen direkt zu unserem <a href=\"https:\/\/pcspezialist.de\/standorte\/\">PC-SPEZIALST in Ihrer N\u00e4he<\/a> auf und lassen sich das Ganze im Gespr\u00e4ch genau erkl\u00e4ren.<\/p>\n<h3>PC-SPEZIALIST unterst\u00fctzt Kleinunternehmen<\/h3>\n<p>Schon seit einiger Zeit unterst\u00fctzt PC-SPEZIALIST nicht nur <a href=\"https:\/\/pcspezialist.de\/privat\/\">Privatkunden<\/a>, sondern verst\u00e4rkt auch <a href=\"https:\/\/pcspezialist.de\/firmen\/\">Firmenkunden<\/a>. Dazu wurde ein <strong>umfassendes Leistungsportfolio<\/strong> erarbeitet, das vor allem Solo-Selbstst\u00e4ndige, Anwaltskanzleien, Arztpraxen, Handwerksbetriebe und kleine Unternehmen in den Blick nimmt. Das sind n\u00e4mlich genau die, die am h\u00e4ufigsten unter <a href=\"https:\/\/pcspezialist.de\/blog\/2020\/08\/20\/ransomware-kmu\/\">Ransomware-Angriffen<\/a> leiden.<\/p>\n<p>Ob <a href=\"https:\/\/pcspezialist.de\/firmen\/it-ausstattung\/\">IT-Ausstattung<\/a>, <a href=\"https:\/\/pcspezialist.de\/firmen\/it-betreuung\/\">IT-Betreuung<\/a> oder <a href=\"https:\/\/pcspezialist.de\/firmen\/it-sicherheit\/\">IT-Sicherheit<\/a> \u2013 der <a href=\"https:\/\/pcspezialist.de\/standorte\/\">PC-SPEZIALIST in Ihrer N\u00e4he<\/a> ist bei s\u00e4mtlichen IT-Problemen ein kompetenter Ansprechpartner.\u00a0Nehmen Sie gern Kontakt zu uns auf und lassen sich erst einmal unverbindlich \u00fcber unsere Dienstleistungen informieren. Home-Office-Einf\u00fchrung, Server-Monitoring, Drucker einrichten oder Laptop mieten \u2013 unser Fachmann steht Ihnen mit Rat und Tat zur Seite und leistet auch im Notfall <strong>schnelle PC-Hilfe bei Computerproblemen<\/strong> jeglicher Art.<\/p>\n","protected":false},"excerpt":{"rendered":"<p>IT-Sicherheit ist in kleinen Unternehmen oft ein Themengebiet, das gern in den Hintergrund r\u00fcckt. Warum? Weil Zeit, Geld und Know-how fehlen. Genau deshalb sind Kleinbetriebe allerdings ein besonders beliebtes Angriffsziel von Cyberkriminellen. Investieren Sie unbedingt in Ihre Informationssicherheit.\u00a0Wir erkl\u00e4ren, was der IT-Grundschutz des BSI damit zu tun hat und wie unser IT-Basisschutz helfen kann.<\/p>\n","protected":false},"author":113,"featured_media":52015,"comment_status":"open","ping_status":"closed","sticky":false,"template":"","format":"standard","meta":{"footnotes":""},"categories":[10500],"tags":[1538,8029],"class_list":["post-52009","post","type-post","status-publish","format-standard","has-post-thumbnail","hentry","category-cybersecurity","tag-bsi","tag-datensicherheit"],"yoast_head":"<!-- This site is optimized with the Yoast SEO plugin v27.5 - https:\/\/yoast.com\/product\/yoast-seo-wordpress\/ -->\n<title>Informationssicherheit: IT-Basisschutz sichert Kleinbetriebe ab<\/title>\n<meta name=\"description\" content=\"Der IT-Grundschutz des BSI legt fest: Kleinbetriebe m\u00fcssen f\u00fcr Informationssicherheit sorgen. Keine Ahnung davon? Unser IT-Basisschutz hilft.\" \/>\n<meta name=\"robots\" content=\"index, follow, max-snippet:-1, max-image-preview:large, max-video-preview:-1\" \/>\n<link rel=\"canonical\" href=\"https:\/\/pcspezialist.de\/blog\/2020\/08\/27\/informationssicherheit\/\" \/>\n<meta property=\"og:locale\" content=\"de_DE\" \/>\n<meta property=\"og:type\" content=\"article\" \/>\n<meta property=\"og:title\" content=\"Informationssicherheit: IT-Basisschutz sichert Kleinbetriebe ab\" \/>\n<meta property=\"og:description\" content=\"Der IT-Grundschutz des BSI legt fest: Kleinbetriebe m\u00fcssen f\u00fcr Informationssicherheit sorgen. Keine Ahnung davon? Unser IT-Basisschutz hilft.\" \/>\n<meta property=\"og:url\" content=\"https:\/\/pcspezialist.de\/blog\/2020\/08\/27\/informationssicherheit\/\" \/>\n<meta property=\"og:site_name\" content=\"PC-SPEZIALIST Blog\" \/>\n<meta property=\"article:published_time\" content=\"2020-08-27T10:20:46+00:00\" \/>\n<meta property=\"article:modified_time\" content=\"2024-10-31T07:50:34+00:00\" \/>\n<meta property=\"og:image\" content=\"https:\/\/pcspezialist.de\/blog\/wp-content\/uploads\/2020\/08\/tim-van-der-kuip-CPs2X8JYmS8-unsplash-scaled.jpg\" \/>\n\t<meta property=\"og:image:width\" content=\"2560\" \/>\n\t<meta property=\"og:image:height\" content=\"1707\" \/>\n\t<meta property=\"og:image:type\" content=\"image\/jpeg\" \/>\n<meta name=\"author\" content=\"Janina Kr\u00f6ger\" \/>\n<meta name=\"twitter:card\" content=\"summary_large_image\" \/>\n<meta name=\"twitter:label1\" content=\"Verfasst von\" \/>\n\t<meta name=\"twitter:data1\" content=\"Janina Kr\u00f6ger\" \/>\n\t<meta name=\"twitter:label2\" content=\"Gesch\u00e4tzte Lesezeit\" \/>\n\t<meta name=\"twitter:data2\" content=\"3\u00a0Minuten\" \/>\n<script type=\"application\/ld+json\" class=\"yoast-schema-graph\">{\"@context\":\"https:\\\/\\\/schema.org\",\"@graph\":[{\"@type\":\"Article\",\"@id\":\"https:\\\/\\\/pcspezialist.de\\\/blog\\\/2020\\\/08\\\/27\\\/informationssicherheit\\\/#article\",\"isPartOf\":{\"@id\":\"https:\\\/\\\/pcspezialist.de\\\/blog\\\/2020\\\/08\\\/27\\\/informationssicherheit\\\/\"},\"author\":{\"name\":\"Janina Kr\u00f6ger\",\"@id\":\"https:\\\/\\\/pcspezialist.de\\\/blog\\\/#\\\/schema\\\/person\\\/6cdcc7f81aad53aaccd2c8b8534867c3\"},\"headline\":\"Informationssicherheit ist ein Muss ## Warum der IT-Basisschutz f\u00fcr Kleinbetriebe wichtig ist\",\"datePublished\":\"2020-08-27T10:20:46+00:00\",\"dateModified\":\"2024-10-31T07:50:34+00:00\",\"mainEntityOfPage\":{\"@id\":\"https:\\\/\\\/pcspezialist.de\\\/blog\\\/2020\\\/08\\\/27\\\/informationssicherheit\\\/\"},\"wordCount\":702,\"commentCount\":0,\"image\":{\"@id\":\"https:\\\/\\\/pcspezialist.de\\\/blog\\\/2020\\\/08\\\/27\\\/informationssicherheit\\\/#primaryimage\"},\"thumbnailUrl\":\"https:\\\/\\\/pcspezialist.de\\\/blog\\\/wp-content\\\/uploads\\\/2020\\\/08\\\/tim-van-der-kuip-CPs2X8JYmS8-unsplash-scaled.jpg\",\"keywords\":[\"BSI\",\"Datensicherheit\"],\"articleSection\":[\"Cybersecurity\"],\"inLanguage\":\"de\",\"potentialAction\":[{\"@type\":\"CommentAction\",\"name\":\"Comment\",\"target\":[\"https:\\\/\\\/pcspezialist.de\\\/blog\\\/2020\\\/08\\\/27\\\/informationssicherheit\\\/#respond\"]}]},{\"@type\":\"WebPage\",\"@id\":\"https:\\\/\\\/pcspezialist.de\\\/blog\\\/2020\\\/08\\\/27\\\/informationssicherheit\\\/\",\"url\":\"https:\\\/\\\/pcspezialist.de\\\/blog\\\/2020\\\/08\\\/27\\\/informationssicherheit\\\/\",\"name\":\"Informationssicherheit: IT-Basisschutz sichert Kleinbetriebe ab\",\"isPartOf\":{\"@id\":\"https:\\\/\\\/pcspezialist.de\\\/blog\\\/#website\"},\"primaryImageOfPage\":{\"@id\":\"https:\\\/\\\/pcspezialist.de\\\/blog\\\/2020\\\/08\\\/27\\\/informationssicherheit\\\/#primaryimage\"},\"image\":{\"@id\":\"https:\\\/\\\/pcspezialist.de\\\/blog\\\/2020\\\/08\\\/27\\\/informationssicherheit\\\/#primaryimage\"},\"thumbnailUrl\":\"https:\\\/\\\/pcspezialist.de\\\/blog\\\/wp-content\\\/uploads\\\/2020\\\/08\\\/tim-van-der-kuip-CPs2X8JYmS8-unsplash-scaled.jpg\",\"datePublished\":\"2020-08-27T10:20:46+00:00\",\"dateModified\":\"2024-10-31T07:50:34+00:00\",\"author\":{\"@id\":\"https:\\\/\\\/pcspezialist.de\\\/blog\\\/#\\\/schema\\\/person\\\/6cdcc7f81aad53aaccd2c8b8534867c3\"},\"description\":\"Der IT-Grundschutz des BSI legt fest: Kleinbetriebe m\u00fcssen f\u00fcr Informationssicherheit sorgen. Keine Ahnung davon? Unser IT-Basisschutz hilft.\",\"breadcrumb\":{\"@id\":\"https:\\\/\\\/pcspezialist.de\\\/blog\\\/2020\\\/08\\\/27\\\/informationssicherheit\\\/#breadcrumb\"},\"inLanguage\":\"de\",\"potentialAction\":[{\"@type\":\"ReadAction\",\"target\":[\"https:\\\/\\\/pcspezialist.de\\\/blog\\\/2020\\\/08\\\/27\\\/informationssicherheit\\\/\"]}]},{\"@type\":\"ImageObject\",\"inLanguage\":\"de\",\"@id\":\"https:\\\/\\\/pcspezialist.de\\\/blog\\\/2020\\\/08\\\/27\\\/informationssicherheit\\\/#primaryimage\",\"url\":\"https:\\\/\\\/pcspezialist.de\\\/blog\\\/wp-content\\\/uploads\\\/2020\\\/08\\\/tim-van-der-kuip-CPs2X8JYmS8-unsplash-scaled.jpg\",\"contentUrl\":\"https:\\\/\\\/pcspezialist.de\\\/blog\\\/wp-content\\\/uploads\\\/2020\\\/08\\\/tim-van-der-kuip-CPs2X8JYmS8-unsplash-scaled.jpg\",\"width\":2560,\"height\":1707,\"caption\":\"Kleinstbetriebe m\u00fcssen f\u00fcr Informationssicherheit sorgen \u2013 das fordert der BSI mit dem IT-Grundschutz. Der PC-SPEZIALIST IT-Basisschutz macht aus der anspruchsvollen Theorie die g\u00e4ngigste Praxis. Bild: Unsplash\\\/Tim van der Kuip\"},{\"@type\":\"BreadcrumbList\",\"@id\":\"https:\\\/\\\/pcspezialist.de\\\/blog\\\/2020\\\/08\\\/27\\\/informationssicherheit\\\/#breadcrumb\",\"itemListElement\":[{\"@type\":\"ListItem\",\"position\":1,\"name\":\"Startseite\",\"item\":\"https:\\\/\\\/pcspezialist.de\\\/blog\\\/\"},{\"@type\":\"ListItem\",\"position\":2,\"name\":\"Informationssicherheit ist ein Muss ## Warum der IT-Basisschutz f\u00fcr Kleinbetriebe wichtig ist\"}]},{\"@type\":\"WebSite\",\"@id\":\"https:\\\/\\\/pcspezialist.de\\\/blog\\\/#website\",\"url\":\"https:\\\/\\\/pcspezialist.de\\\/blog\\\/\",\"name\":\"PC-SPEZIALIST Blog\",\"description\":\"IT-Service, Trends &amp; Technik\",\"potentialAction\":[{\"@type\":\"SearchAction\",\"target\":{\"@type\":\"EntryPoint\",\"urlTemplate\":\"https:\\\/\\\/pcspezialist.de\\\/blog\\\/?s={search_term_string}\"},\"query-input\":{\"@type\":\"PropertyValueSpecification\",\"valueRequired\":true,\"valueName\":\"search_term_string\"}}],\"inLanguage\":\"de\"},{\"@type\":\"Person\",\"@id\":\"https:\\\/\\\/pcspezialist.de\\\/blog\\\/#\\\/schema\\\/person\\\/6cdcc7f81aad53aaccd2c8b8534867c3\",\"name\":\"Janina Kr\u00f6ger\",\"description\":\"Seit Anfang 2019 unterst\u00fctzt Janina Kr\u00f6ger den PC-SPEZIALIST-Blog \u2013 anfangs in der Position der Online-Redakteurin und inzwischen als Content Marketing Managerin. Die studierte Germanistin\\\/Anglistin und ausgebildete Redakteurin beh\u00e4lt das Geschehen auf dem IT-Markt im Blick, verfolgt gespannt neue Trends und Technologien und beobachtet aktuelle Bedrohungen im Bereich des Cybercrime. Die relevantesten Infos werden dann in interessante Blog-Beitr\u00e4ge verpackt, um vor allem Unternehmen mit n\u00fctzlichem Wissen zu versorgen, das sie gewinnbringend f\u00fcr sich nutzen k\u00f6nnen. Der schreibenden Zunft geh\u00f6rt Janina Kr\u00f6ger bereits seit 2006 an, als sie ein Praktikum beim WESTF\u00c4LISCHEN VOLKSBLATT absolvierte und der Regionalzeitung anschlie\u00dfend als Freie Mitarbeiterin erhalten blieb. Nach ihrem Studium an der Universit\u00e4t Paderborn ging es mit Hospitanz, Volontariat und Redakteurs-Posten beim WESTFALEN-BLATT vollends in den Journalismus. Mit dem Wechsel zum Publicpress Verlag lernte Janina Kr\u00f6ger als Text-Redakteurin ein f\u00fcr sie neues Themengebiet kennen: Die Produktion von Reisef\u00fchrern, Wanderf\u00fchrern und Radtourenf\u00fchrern sowie die Erstellung von Freizeitkarten und Stadtpl\u00e4nen waren die neuen Aufgaben \u2013 allerdings sollten Google Maps und Co. dem Erfolg des Verlags bald ein Ende setzen. F\u00fcr Janina Kr\u00f6ger bedeutete das: Als n\u00e4chstes muss ein Job in einem Themengebiet mit besseren Zukunftsaussichten her \u2013 die IT-Branche schien da genau richtig! Seit 2019 f\u00fchlt sich die gelernte Redakteurin nun bei der SYNAXON AG als Mutterunternehmen von PC-SPEZIALIST bestens aufgehoben und ist nach einer kurzen Elternzeit inzwischen wieder voll im Tagesgesch\u00e4ft angekommen. In ihrer Freizeit tauscht Janina Kr\u00f6ger den Laptop gern gegen ihre Back- und Kochutensilien aus. Zeit mit ihrer Familie hat h\u00f6chste Priorit\u00e4t. Andere Hobbies wie das Lesen, Hulahoop-Schwingen und Trampolin-H\u00fcpfen sind daher zuletzt etwas in den Hintergrund getreten.\",\"url\":\"https:\\\/\\\/pcspezialist.de\\\/blog\\\/author\\\/janina-kroegersynaxon-de\\\/\"}]}<\/script>\n<!-- \/ Yoast SEO plugin. -->","yoast_head_json":{"title":"Informationssicherheit: IT-Basisschutz sichert Kleinbetriebe ab","description":"Der IT-Grundschutz des BSI legt fest: Kleinbetriebe m\u00fcssen f\u00fcr Informationssicherheit sorgen. Keine Ahnung davon? Unser IT-Basisschutz hilft.","robots":{"index":"index","follow":"follow","max-snippet":"max-snippet:-1","max-image-preview":"max-image-preview:large","max-video-preview":"max-video-preview:-1"},"canonical":"https:\/\/pcspezialist.de\/blog\/2020\/08\/27\/informationssicherheit\/","og_locale":"de_DE","og_type":"article","og_title":"Informationssicherheit: IT-Basisschutz sichert Kleinbetriebe ab","og_description":"Der IT-Grundschutz des BSI legt fest: Kleinbetriebe m\u00fcssen f\u00fcr Informationssicherheit sorgen. Keine Ahnung davon? Unser IT-Basisschutz hilft.","og_url":"https:\/\/pcspezialist.de\/blog\/2020\/08\/27\/informationssicherheit\/","og_site_name":"PC-SPEZIALIST Blog","article_published_time":"2020-08-27T10:20:46+00:00","article_modified_time":"2024-10-31T07:50:34+00:00","og_image":[{"width":2560,"height":1707,"url":"https:\/\/pcspezialist.de\/blog\/wp-content\/uploads\/2020\/08\/tim-van-der-kuip-CPs2X8JYmS8-unsplash-scaled.jpg","type":"image\/jpeg"}],"author":"Janina Kr\u00f6ger","twitter_card":"summary_large_image","twitter_misc":{"Verfasst von":"Janina Kr\u00f6ger","Gesch\u00e4tzte Lesezeit":"3\u00a0Minuten"},"schema":{"@context":"https:\/\/schema.org","@graph":[{"@type":"Article","@id":"https:\/\/pcspezialist.de\/blog\/2020\/08\/27\/informationssicherheit\/#article","isPartOf":{"@id":"https:\/\/pcspezialist.de\/blog\/2020\/08\/27\/informationssicherheit\/"},"author":{"name":"Janina Kr\u00f6ger","@id":"https:\/\/pcspezialist.de\/blog\/#\/schema\/person\/6cdcc7f81aad53aaccd2c8b8534867c3"},"headline":"Informationssicherheit ist ein Muss ## Warum der IT-Basisschutz f\u00fcr Kleinbetriebe wichtig ist","datePublished":"2020-08-27T10:20:46+00:00","dateModified":"2024-10-31T07:50:34+00:00","mainEntityOfPage":{"@id":"https:\/\/pcspezialist.de\/blog\/2020\/08\/27\/informationssicherheit\/"},"wordCount":702,"commentCount":0,"image":{"@id":"https:\/\/pcspezialist.de\/blog\/2020\/08\/27\/informationssicherheit\/#primaryimage"},"thumbnailUrl":"https:\/\/pcspezialist.de\/blog\/wp-content\/uploads\/2020\/08\/tim-van-der-kuip-CPs2X8JYmS8-unsplash-scaled.jpg","keywords":["BSI","Datensicherheit"],"articleSection":["Cybersecurity"],"inLanguage":"de","potentialAction":[{"@type":"CommentAction","name":"Comment","target":["https:\/\/pcspezialist.de\/blog\/2020\/08\/27\/informationssicherheit\/#respond"]}]},{"@type":"WebPage","@id":"https:\/\/pcspezialist.de\/blog\/2020\/08\/27\/informationssicherheit\/","url":"https:\/\/pcspezialist.de\/blog\/2020\/08\/27\/informationssicherheit\/","name":"Informationssicherheit: IT-Basisschutz sichert Kleinbetriebe ab","isPartOf":{"@id":"https:\/\/pcspezialist.de\/blog\/#website"},"primaryImageOfPage":{"@id":"https:\/\/pcspezialist.de\/blog\/2020\/08\/27\/informationssicherheit\/#primaryimage"},"image":{"@id":"https:\/\/pcspezialist.de\/blog\/2020\/08\/27\/informationssicherheit\/#primaryimage"},"thumbnailUrl":"https:\/\/pcspezialist.de\/blog\/wp-content\/uploads\/2020\/08\/tim-van-der-kuip-CPs2X8JYmS8-unsplash-scaled.jpg","datePublished":"2020-08-27T10:20:46+00:00","dateModified":"2024-10-31T07:50:34+00:00","author":{"@id":"https:\/\/pcspezialist.de\/blog\/#\/schema\/person\/6cdcc7f81aad53aaccd2c8b8534867c3"},"description":"Der IT-Grundschutz des BSI legt fest: Kleinbetriebe m\u00fcssen f\u00fcr Informationssicherheit sorgen. Keine Ahnung davon? Unser IT-Basisschutz hilft.","breadcrumb":{"@id":"https:\/\/pcspezialist.de\/blog\/2020\/08\/27\/informationssicherheit\/#breadcrumb"},"inLanguage":"de","potentialAction":[{"@type":"ReadAction","target":["https:\/\/pcspezialist.de\/blog\/2020\/08\/27\/informationssicherheit\/"]}]},{"@type":"ImageObject","inLanguage":"de","@id":"https:\/\/pcspezialist.de\/blog\/2020\/08\/27\/informationssicherheit\/#primaryimage","url":"https:\/\/pcspezialist.de\/blog\/wp-content\/uploads\/2020\/08\/tim-van-der-kuip-CPs2X8JYmS8-unsplash-scaled.jpg","contentUrl":"https:\/\/pcspezialist.de\/blog\/wp-content\/uploads\/2020\/08\/tim-van-der-kuip-CPs2X8JYmS8-unsplash-scaled.jpg","width":2560,"height":1707,"caption":"Kleinstbetriebe m\u00fcssen f\u00fcr Informationssicherheit sorgen \u2013 das fordert der BSI mit dem IT-Grundschutz. Der PC-SPEZIALIST IT-Basisschutz macht aus der anspruchsvollen Theorie die g\u00e4ngigste Praxis. Bild: Unsplash\/Tim van der Kuip"},{"@type":"BreadcrumbList","@id":"https:\/\/pcspezialist.de\/blog\/2020\/08\/27\/informationssicherheit\/#breadcrumb","itemListElement":[{"@type":"ListItem","position":1,"name":"Startseite","item":"https:\/\/pcspezialist.de\/blog\/"},{"@type":"ListItem","position":2,"name":"Informationssicherheit ist ein Muss ## Warum der IT-Basisschutz f\u00fcr Kleinbetriebe wichtig ist"}]},{"@type":"WebSite","@id":"https:\/\/pcspezialist.de\/blog\/#website","url":"https:\/\/pcspezialist.de\/blog\/","name":"PC-SPEZIALIST Blog","description":"IT-Service, Trends &amp; Technik","potentialAction":[{"@type":"SearchAction","target":{"@type":"EntryPoint","urlTemplate":"https:\/\/pcspezialist.de\/blog\/?s={search_term_string}"},"query-input":{"@type":"PropertyValueSpecification","valueRequired":true,"valueName":"search_term_string"}}],"inLanguage":"de"},{"@type":"Person","@id":"https:\/\/pcspezialist.de\/blog\/#\/schema\/person\/6cdcc7f81aad53aaccd2c8b8534867c3","name":"Janina Kr\u00f6ger","description":"Seit Anfang 2019 unterst\u00fctzt Janina Kr\u00f6ger den PC-SPEZIALIST-Blog \u2013 anfangs in der Position der Online-Redakteurin und inzwischen als Content Marketing Managerin. Die studierte Germanistin\/Anglistin und ausgebildete Redakteurin beh\u00e4lt das Geschehen auf dem IT-Markt im Blick, verfolgt gespannt neue Trends und Technologien und beobachtet aktuelle Bedrohungen im Bereich des Cybercrime. Die relevantesten Infos werden dann in interessante Blog-Beitr\u00e4ge verpackt, um vor allem Unternehmen mit n\u00fctzlichem Wissen zu versorgen, das sie gewinnbringend f\u00fcr sich nutzen k\u00f6nnen. Der schreibenden Zunft geh\u00f6rt Janina Kr\u00f6ger bereits seit 2006 an, als sie ein Praktikum beim WESTF\u00c4LISCHEN VOLKSBLATT absolvierte und der Regionalzeitung anschlie\u00dfend als Freie Mitarbeiterin erhalten blieb. Nach ihrem Studium an der Universit\u00e4t Paderborn ging es mit Hospitanz, Volontariat und Redakteurs-Posten beim WESTFALEN-BLATT vollends in den Journalismus. Mit dem Wechsel zum Publicpress Verlag lernte Janina Kr\u00f6ger als Text-Redakteurin ein f\u00fcr sie neues Themengebiet kennen: Die Produktion von Reisef\u00fchrern, Wanderf\u00fchrern und Radtourenf\u00fchrern sowie die Erstellung von Freizeitkarten und Stadtpl\u00e4nen waren die neuen Aufgaben \u2013 allerdings sollten Google Maps und Co. dem Erfolg des Verlags bald ein Ende setzen. F\u00fcr Janina Kr\u00f6ger bedeutete das: Als n\u00e4chstes muss ein Job in einem Themengebiet mit besseren Zukunftsaussichten her \u2013 die IT-Branche schien da genau richtig! Seit 2019 f\u00fchlt sich die gelernte Redakteurin nun bei der SYNAXON AG als Mutterunternehmen von PC-SPEZIALIST bestens aufgehoben und ist nach einer kurzen Elternzeit inzwischen wieder voll im Tagesgesch\u00e4ft angekommen. In ihrer Freizeit tauscht Janina Kr\u00f6ger den Laptop gern gegen ihre Back- und Kochutensilien aus. Zeit mit ihrer Familie hat h\u00f6chste Priorit\u00e4t. Andere Hobbies wie das Lesen, Hulahoop-Schwingen und Trampolin-H\u00fcpfen sind daher zuletzt etwas in den Hintergrund getreten.","url":"https:\/\/pcspezialist.de\/blog\/author\/janina-kroegersynaxon-de\/"}]}},"_links":{"self":[{"href":"https:\/\/pcspezialist.de\/blog\/wp-json\/wp\/v2\/posts\/52009","targetHints":{"allow":["GET"]}}],"collection":[{"href":"https:\/\/pcspezialist.de\/blog\/wp-json\/wp\/v2\/posts"}],"about":[{"href":"https:\/\/pcspezialist.de\/blog\/wp-json\/wp\/v2\/types\/post"}],"author":[{"embeddable":true,"href":"https:\/\/pcspezialist.de\/blog\/wp-json\/wp\/v2\/users\/113"}],"replies":[{"embeddable":true,"href":"https:\/\/pcspezialist.de\/blog\/wp-json\/wp\/v2\/comments?post=52009"}],"version-history":[{"count":21,"href":"https:\/\/pcspezialist.de\/blog\/wp-json\/wp\/v2\/posts\/52009\/revisions"}],"predecessor-version":[{"id":52074,"href":"https:\/\/pcspezialist.de\/blog\/wp-json\/wp\/v2\/posts\/52009\/revisions\/52074"}],"wp:featuredmedia":[{"embeddable":true,"href":"https:\/\/pcspezialist.de\/blog\/wp-json\/wp\/v2\/media\/52015"}],"wp:attachment":[{"href":"https:\/\/pcspezialist.de\/blog\/wp-json\/wp\/v2\/media?parent=52009"}],"wp:term":[{"taxonomy":"category","embeddable":true,"href":"https:\/\/pcspezialist.de\/blog\/wp-json\/wp\/v2\/categories?post=52009"},{"taxonomy":"post_tag","embeddable":true,"href":"https:\/\/pcspezialist.de\/blog\/wp-json\/wp\/v2\/tags?post=52009"}],"curies":[{"name":"wp","href":"https:\/\/api.w.org\/{rel}","templated":true}]}}