{"id":51741,"date":"2020-08-04T11:46:46","date_gmt":"2020-08-04T09:46:46","guid":{"rendered":"https:\/\/www.pcspezialist.de\/blog\/?p=51741"},"modified":"2024-11-04T13:51:57","modified_gmt":"2024-11-04T12:51:57","slug":"neues-office-design","status":"publish","type":"post","link":"https:\/\/pcspezialist.de\/blog\/2020\/08\/04\/neues-office-design\/","title":{"rendered":"Neues Office-Design ## Microsoft gibt Bedienoberfl\u00e4che neuen Anstrich"},"content":{"rendered":"<p><strong>Microsofts Office-Produkte sind auf fast jedem Arbeitsrechner zu finden. Und auch im privaten Umfeld finden die beliebten Software-Tools im t\u00e4glichen Gebrauch Anklang. Jetzt arbeitet Microsoft an einem neuen Office-Design. Auf was k\u00f6nnen Sie sich freuen?<\/strong><\/p>\n<p>Wir werfen einen Blick auf aktuelle Bilder zum Redesign und erkl\u00e4ren, worauf es Microsoft beim neuen Office-Design ankommt.<\/p>\n<p><!--more--><\/p>\n<h3>Office-Design seit Jahren klar strukturiert<\/h3>\n<p>Vielleicht schreiben Sie gerade eine E-Mail mit Outlook an Ihre Kollegen? M\u00f6glicherweise verfassen Sie auch einen Serienbrief bei Word oder erstellen eine Vertriebspr\u00e4sentation bei PowerPoint? Und sicher sehen Sie sich auch nur allzu h\u00e4ufig mit Excel-Tabellen konfrontiert.<\/p>\n<p><strong>Office-Anwendungen<\/strong> haben dabei mindestens eine Gemeinsamkeit: das <strong>Ribbon-Men\u00fc<\/strong> am oberen Bildschirmrand. Hier tummeln sich vermutlich tausende Funktionen, mit denen Sie die umfangreichen Microsoft-Produkte bedienen k\u00f6nnen. Wahrscheinlich geht es Ihnen dabei aber auch wie vielen anderen Office-Nutzern und Sie fragen sich manches Mal: \u201eWo war diese Funktion denn jetzt noch einmal?\u201c So zumindest d\u00fcrfte es vielen Office-Nutzern gehen, die die umfangreichen Funktionen nicht tagt\u00e4glich nutzen.<\/p>\n<p>Das soll durch das neue Office-Design jetzt anders werden. Das Ziel: den <strong><a href=\"https:\/\/t3n.de\/news\/office-neuen-look-microsoft-1302187\/\" target=\"_blank\" rel=\"noopener noreferrer\">Office-Nutzer weniger ablenken<\/a>.<\/strong> Und dazu geh\u00f6rt eben auch, dass die Funktionen, die ben\u00f6tigt werden, schnell zu finden sind.<\/p>\n<div id=\"attachment_51761\" style=\"width: 684px\" class=\"wp-caption alignright\"><img loading=\"lazy\" decoding=\"async\" aria-describedby=\"caption-attachment-51761\" class=\"size-full wp-image-51761\" src=\"https:\/\/pcspezialist.de\/blog\/wp-content\/uploads\/2020\/07\/Ribbon-Menue.png\" alt=\"Das Bild zeigt das alte Ribbon-Men\u00fc, das wohl bald ausgedient hat. Bild: Addintools\" width=\"674\" height=\"146\" \/><p id=\"caption-attachment-51761\" class=\"wp-caption-text\">Das alte Ribbon-Men\u00fc hat wohl bald ausgedient. Bild: Addintools<\/p><\/div>\n<h3>Redesign Microsoft Office: Das steht an!<\/h3>\n<p>Beim <strong>neuen Office-Design<\/strong> soll es also vorrangig dem altbekannten Ribbon-Men\u00fc an den Kragen gehen, das mit Office 2007 eingef\u00fchrt wurde. Damit ist es auch schon ganz sch\u00f6n alt \u2013 Office 2007 wurde zeitgleich mit Windows Vista am 30. Januar 2007 eingef\u00fchrt. Zeit f\u00fcr frischen Wind oder \u2013 wie man im Fachjargon so sch\u00f6n sagt \u2013 ein <strong>Redesign<\/strong>!<\/p>\n<p>Damals dachte man nat\u00fcrlich auch noch nicht daran, dass Office <strong>\u201ecross-platform\u201c<\/strong>, also auf verschiedenen Ger\u00e4ten, genutzt werden w\u00fcrde. Aber genau das ist Normalit\u00e4t geworden: Office-Produkte werden sowohl auf PC, Tablet und Laptop zum mobilen Arbeiten genutzt. Das alte Ribbon-Men\u00fc ist daf\u00fcr zu umfangreich.<\/p>\n<p>Office-Designer Jon Friedman setzt darum auf ein <strong>angepasstes Nutzerinterface<\/strong> beim <strong>Office-Redesign<\/strong>. Laut <a href=\"https:\/\/www.theverge.com\/2020\/7\/21\/21332483\/microsoft-office-future-ui-design-ribbon-command-bar-interface\" target=\"_blank\" rel=\"noopener noreferrer\">The Verge<\/a> geht es um Einfachheit und Inhalt. \u201eDas neue Office-Design beinhaltet eine vereinfachte Werkzeugleiste, die beliebig positioniert werden kann.\u201c Laut Friedman soll sie schrittweise und inhaltsbasiert offengelegt werden, damit der Nutzer nur einige Funktionen angezeigt bekommt.\u00a0Neugierig? Im Video k\u00f6nnen Sie sich einen ersten Eindruck verschaffen:<\/p>\n<p><iframe loading=\"lazy\" title=\"The Future Vision of Microsoft 365 (2020)\" src=\"https:\/\/player.vimeo.com\/video\/436301932?dnt=1&amp;app_id=122963\" width=\"500\" height=\"281\" frameborder=\"0\" allow=\"autoplay; fullscreen; picture-in-picture; clipboard-write; encrypted-media; web-share\" referrerpolicy=\"strict-origin-when-cross-origin\"><\/iframe><\/p>\n<h3>Neues Office-Design: Wann geht&#8217;s los?<\/h3>\n<p>Laut Friedman d\u00fcrften Sie die ersten Ver\u00e4nderungen in ein bis zwei Jahren erwarten. Doch der Prozess ist dann noch lange nicht beendet. Denn der Lerneffekt findet kontinuierlich statt, und es werden weltweite Studien zur Office-Nutzung einflie\u00dfen, die das Ergebnis weiter beeinflussen d\u00fcrften.<\/p>\n<p>Fest steht auf jeden Fall, dass der <strong>Fokus auf dem Komplettpaket Microsoft 365<\/strong> liegt. Es kommt also verst\u00e4rkt darauf an, dass die Funktionen zusammen greifen \u2013 und zwar ger\u00e4teunabh\u00e4ngig. Microsoft setzt sich dabei als oberstes Gebot, dass alle Produkte gemeinsam verwaltet und genutzt werden k\u00f6nnen.<\/p>\n<p>Merken Sie sich: Wenn Sie sich f\u00fcr Microsoft 365 entscheiden, erhalten Sie die Entwicklungen des Office-Redesigns direkt bei Ver\u00f6ffentlichung. Das wollen Sie nicht verpassen? Dann wenden Sie sich an Ihren <a href=\"https:\/\/pcspezialist.de\/standorte\/\">PC-SPEZIALIST vor Ort<\/a>. Er unterst\u00fctzt Sie unter anderem beim Upgrade auf Microsoft 365 \u2013 sowohl bei <a href=\"https:\/\/pcspezialist.de\/privat\/geraete-und-software-installation\/software-installation\/\">Privatkunden<\/a> als auch <a href=\"https:\/\/pcspezialist.de\/firmen\/it-ausstattung\/microsoft-365-einrichten\/\">Firmenkunden<\/a>. Nehmen Sie Kontakt auf!<\/p>\n","protected":false},"excerpt":{"rendered":"<p>Microsofts Office-Produkte sind auf fast jedem Arbeitsrechner zu finden. Und auch im privaten Umfeld finden die beliebten Software-Tools im t\u00e4glichen Gebrauch Anklang. Jetzt arbeitet Microsoft an einem neuen Office-Design. Auf was k\u00f6nnen Sie sich freuen? Wir werfen einen Blick auf aktuelle Bilder zum Redesign und erkl\u00e4ren, worauf es Microsoft beim neuen Office-Design ankommt.<\/p>\n","protected":false},"author":115,"featured_media":51760,"comment_status":"open","ping_status":"closed","sticky":false,"template":"","format":"standard","meta":{"footnotes":""},"categories":[10501],"tags":[62,10382],"class_list":["post-51741","post","type-post","status-publish","format-standard","has-post-thumbnail","hentry","category-netzwerk-arbeitsplatz","tag-microsoft","tag-office-suite"],"yoast_head":"<!-- This site is optimized with the Yoast SEO plugin v27.5 - https:\/\/yoast.com\/product\/yoast-seo-wordpress\/ -->\n<title>Neues Office-Design \u2013 Microsoft gibt Bedienoberfl\u00e4che neuen Anstrich<\/title>\n<meta name=\"description\" content=\"Mit einem komplett neuen Office-Design will Microsoft seine beliebte Produktpalette aufh\u00fcbschen. Was erwartet Sie? Wann kommen die \u00c4nderungen? Infos hier.\" \/>\n<meta name=\"robots\" content=\"index, follow, max-snippet:-1, max-image-preview:large, max-video-preview:-1\" \/>\n<link rel=\"canonical\" href=\"https:\/\/pcspezialist.de\/blog\/2020\/08\/04\/neues-office-design\/\" \/>\n<meta property=\"og:locale\" content=\"de_DE\" \/>\n<meta property=\"og:type\" content=\"article\" \/>\n<meta property=\"og:title\" content=\"Neues Office-Design \u2013 Microsoft gibt Bedienoberfl\u00e4che neuen Anstrich\" \/>\n<meta property=\"og:description\" content=\"Mit einem komplett neuen Office-Design will Microsoft seine beliebte Produktpalette aufh\u00fcbschen. Was erwartet Sie? Wann kommen die \u00c4nderungen? Infos hier.\" \/>\n<meta property=\"og:url\" content=\"https:\/\/pcspezialist.de\/blog\/2020\/08\/04\/neues-office-design\/\" \/>\n<meta property=\"og:site_name\" content=\"PC-SPEZIALIST Blog\" \/>\n<meta property=\"article:published_time\" content=\"2020-08-04T09:46:46+00:00\" \/>\n<meta property=\"article:modified_time\" content=\"2024-11-04T12:51:57+00:00\" \/>\n<meta property=\"og:image\" content=\"https:\/\/pcspezialist.de\/blog\/wp-content\/uploads\/2020\/07\/Office-Design.jpg\" \/>\n\t<meta property=\"og:image:width\" content=\"1600\" \/>\n\t<meta property=\"og:image:height\" content=\"907\" \/>\n\t<meta property=\"og:image:type\" content=\"image\/jpeg\" \/>\n<meta name=\"author\" content=\"Susanna Hinrichsen-Deicke\" \/>\n<meta name=\"twitter:card\" content=\"summary_large_image\" \/>\n<meta name=\"twitter:label1\" content=\"Verfasst von\" \/>\n\t<meta name=\"twitter:data1\" content=\"Susanna Hinrichsen-Deicke\" \/>\n\t<meta name=\"twitter:label2\" content=\"Gesch\u00e4tzte Lesezeit\" \/>\n\t<meta name=\"twitter:data2\" content=\"3\u00a0Minuten\" \/>\n<script type=\"application\/ld+json\" class=\"yoast-schema-graph\">{\"@context\":\"https:\\\/\\\/schema.org\",\"@graph\":[{\"@type\":\"Article\",\"@id\":\"https:\\\/\\\/pcspezialist.de\\\/blog\\\/2020\\\/08\\\/04\\\/neues-office-design\\\/#article\",\"isPartOf\":{\"@id\":\"https:\\\/\\\/pcspezialist.de\\\/blog\\\/2020\\\/08\\\/04\\\/neues-office-design\\\/\"},\"author\":{\"name\":\"Susanna Hinrichsen-Deicke\",\"@id\":\"https:\\\/\\\/pcspezialist.de\\\/blog\\\/#\\\/schema\\\/person\\\/080f8e206bd1ed1cdcc8eae71c081269\"},\"headline\":\"Neues Office-Design ## Microsoft gibt Bedienoberfl\u00e4che neuen Anstrich\",\"datePublished\":\"2020-08-04T09:46:46+00:00\",\"dateModified\":\"2024-11-04T12:51:57+00:00\",\"mainEntityOfPage\":{\"@id\":\"https:\\\/\\\/pcspezialist.de\\\/blog\\\/2020\\\/08\\\/04\\\/neues-office-design\\\/\"},\"wordCount\":551,\"commentCount\":0,\"image\":{\"@id\":\"https:\\\/\\\/pcspezialist.de\\\/blog\\\/2020\\\/08\\\/04\\\/neues-office-design\\\/#primaryimage\"},\"thumbnailUrl\":\"https:\\\/\\\/pcspezialist.de\\\/blog\\\/wp-content\\\/uploads\\\/2020\\\/07\\\/Office-Design.jpg\",\"keywords\":[\"Microsoft\",\"Office-Suite\"],\"articleSection\":[\"Netzwerk\\\/Arbeitsplatz\"],\"inLanguage\":\"de\",\"potentialAction\":[{\"@type\":\"CommentAction\",\"name\":\"Comment\",\"target\":[\"https:\\\/\\\/pcspezialist.de\\\/blog\\\/2020\\\/08\\\/04\\\/neues-office-design\\\/#respond\"]}]},{\"@type\":\"WebPage\",\"@id\":\"https:\\\/\\\/pcspezialist.de\\\/blog\\\/2020\\\/08\\\/04\\\/neues-office-design\\\/\",\"url\":\"https:\\\/\\\/pcspezialist.de\\\/blog\\\/2020\\\/08\\\/04\\\/neues-office-design\\\/\",\"name\":\"Neues Office-Design \u2013 Microsoft gibt Bedienoberfl\u00e4che neuen Anstrich\",\"isPartOf\":{\"@id\":\"https:\\\/\\\/pcspezialist.de\\\/blog\\\/#website\"},\"primaryImageOfPage\":{\"@id\":\"https:\\\/\\\/pcspezialist.de\\\/blog\\\/2020\\\/08\\\/04\\\/neues-office-design\\\/#primaryimage\"},\"image\":{\"@id\":\"https:\\\/\\\/pcspezialist.de\\\/blog\\\/2020\\\/08\\\/04\\\/neues-office-design\\\/#primaryimage\"},\"thumbnailUrl\":\"https:\\\/\\\/pcspezialist.de\\\/blog\\\/wp-content\\\/uploads\\\/2020\\\/07\\\/Office-Design.jpg\",\"datePublished\":\"2020-08-04T09:46:46+00:00\",\"dateModified\":\"2024-11-04T12:51:57+00:00\",\"author\":{\"@id\":\"https:\\\/\\\/pcspezialist.de\\\/blog\\\/#\\\/schema\\\/person\\\/080f8e206bd1ed1cdcc8eae71c081269\"},\"description\":\"Mit einem komplett neuen Office-Design will Microsoft seine beliebte Produktpalette aufh\u00fcbschen. Was erwartet Sie? Wann kommen die \u00c4nderungen? Infos hier.\",\"breadcrumb\":{\"@id\":\"https:\\\/\\\/pcspezialist.de\\\/blog\\\/2020\\\/08\\\/04\\\/neues-office-design\\\/#breadcrumb\"},\"inLanguage\":\"de\",\"potentialAction\":[{\"@type\":\"ReadAction\",\"target\":[\"https:\\\/\\\/pcspezialist.de\\\/blog\\\/2020\\\/08\\\/04\\\/neues-office-design\\\/\"]}]},{\"@type\":\"ImageObject\",\"inLanguage\":\"de\",\"@id\":\"https:\\\/\\\/pcspezialist.de\\\/blog\\\/2020\\\/08\\\/04\\\/neues-office-design\\\/#primaryimage\",\"url\":\"https:\\\/\\\/pcspezialist.de\\\/blog\\\/wp-content\\\/uploads\\\/2020\\\/07\\\/Office-Design.jpg\",\"contentUrl\":\"https:\\\/\\\/pcspezialist.de\\\/blog\\\/wp-content\\\/uploads\\\/2020\\\/07\\\/Office-Design.jpg\",\"width\":1600,\"height\":907,\"caption\":\"Das neue Office-Design. Bild: Der Standard\"},{\"@type\":\"BreadcrumbList\",\"@id\":\"https:\\\/\\\/pcspezialist.de\\\/blog\\\/2020\\\/08\\\/04\\\/neues-office-design\\\/#breadcrumb\",\"itemListElement\":[{\"@type\":\"ListItem\",\"position\":1,\"name\":\"Startseite\",\"item\":\"https:\\\/\\\/pcspezialist.de\\\/blog\\\/\"},{\"@type\":\"ListItem\",\"position\":2,\"name\":\"Neues Office-Design ## Microsoft gibt Bedienoberfl\u00e4che neuen Anstrich\"}]},{\"@type\":\"WebSite\",\"@id\":\"https:\\\/\\\/pcspezialist.de\\\/blog\\\/#website\",\"url\":\"https:\\\/\\\/pcspezialist.de\\\/blog\\\/\",\"name\":\"PC-SPEZIALIST Blog\",\"description\":\"IT-Service, Trends &amp; Technik\",\"potentialAction\":[{\"@type\":\"SearchAction\",\"target\":{\"@type\":\"EntryPoint\",\"urlTemplate\":\"https:\\\/\\\/pcspezialist.de\\\/blog\\\/?s={search_term_string}\"},\"query-input\":{\"@type\":\"PropertyValueSpecification\",\"valueRequired\":true,\"valueName\":\"search_term_string\"}}],\"inLanguage\":\"de\"},{\"@type\":\"Person\",\"@id\":\"https:\\\/\\\/pcspezialist.de\\\/blog\\\/#\\\/schema\\\/person\\\/080f8e206bd1ed1cdcc8eae71c081269\",\"name\":\"Susanna Hinrichsen-Deicke\",\"description\":\"Susanna Hinrichsen-Deicke arbeitet seit August 2019 als Content-Marketing-Writer f\u00fcr den PC-SPEZIALIST-Blog. Die passionierte Autorin hat ein Gef\u00fchl f\u00fcr aktuelle IT-Themen und IT-Bedrohungen und ist in der Lage, das geballte Expertenwissen von PC-SPEZIALIST leserfreundlich darzustellen.\",\"url\":\"https:\\\/\\\/pcspezialist.de\\\/blog\\\/author\\\/susanna-hinrichsen-deicke\\\/\"}]}<\/script>\n<!-- \/ Yoast SEO plugin. -->","yoast_head_json":{"title":"Neues Office-Design \u2013 Microsoft gibt Bedienoberfl\u00e4che neuen Anstrich","description":"Mit einem komplett neuen Office-Design will Microsoft seine beliebte Produktpalette aufh\u00fcbschen. Was erwartet Sie? Wann kommen die \u00c4nderungen? Infos hier.","robots":{"index":"index","follow":"follow","max-snippet":"max-snippet:-1","max-image-preview":"max-image-preview:large","max-video-preview":"max-video-preview:-1"},"canonical":"https:\/\/pcspezialist.de\/blog\/2020\/08\/04\/neues-office-design\/","og_locale":"de_DE","og_type":"article","og_title":"Neues Office-Design \u2013 Microsoft gibt Bedienoberfl\u00e4che neuen Anstrich","og_description":"Mit einem komplett neuen Office-Design will Microsoft seine beliebte Produktpalette aufh\u00fcbschen. Was erwartet Sie? Wann kommen die \u00c4nderungen? Infos hier.","og_url":"https:\/\/pcspezialist.de\/blog\/2020\/08\/04\/neues-office-design\/","og_site_name":"PC-SPEZIALIST Blog","article_published_time":"2020-08-04T09:46:46+00:00","article_modified_time":"2024-11-04T12:51:57+00:00","og_image":[{"width":1600,"height":907,"url":"https:\/\/pcspezialist.de\/blog\/wp-content\/uploads\/2020\/07\/Office-Design.jpg","type":"image\/jpeg"}],"author":"Susanna Hinrichsen-Deicke","twitter_card":"summary_large_image","twitter_misc":{"Verfasst von":"Susanna Hinrichsen-Deicke","Gesch\u00e4tzte Lesezeit":"3\u00a0Minuten"},"schema":{"@context":"https:\/\/schema.org","@graph":[{"@type":"Article","@id":"https:\/\/pcspezialist.de\/blog\/2020\/08\/04\/neues-office-design\/#article","isPartOf":{"@id":"https:\/\/pcspezialist.de\/blog\/2020\/08\/04\/neues-office-design\/"},"author":{"name":"Susanna Hinrichsen-Deicke","@id":"https:\/\/pcspezialist.de\/blog\/#\/schema\/person\/080f8e206bd1ed1cdcc8eae71c081269"},"headline":"Neues Office-Design ## Microsoft gibt Bedienoberfl\u00e4che neuen Anstrich","datePublished":"2020-08-04T09:46:46+00:00","dateModified":"2024-11-04T12:51:57+00:00","mainEntityOfPage":{"@id":"https:\/\/pcspezialist.de\/blog\/2020\/08\/04\/neues-office-design\/"},"wordCount":551,"commentCount":0,"image":{"@id":"https:\/\/pcspezialist.de\/blog\/2020\/08\/04\/neues-office-design\/#primaryimage"},"thumbnailUrl":"https:\/\/pcspezialist.de\/blog\/wp-content\/uploads\/2020\/07\/Office-Design.jpg","keywords":["Microsoft","Office-Suite"],"articleSection":["Netzwerk\/Arbeitsplatz"],"inLanguage":"de","potentialAction":[{"@type":"CommentAction","name":"Comment","target":["https:\/\/pcspezialist.de\/blog\/2020\/08\/04\/neues-office-design\/#respond"]}]},{"@type":"WebPage","@id":"https:\/\/pcspezialist.de\/blog\/2020\/08\/04\/neues-office-design\/","url":"https:\/\/pcspezialist.de\/blog\/2020\/08\/04\/neues-office-design\/","name":"Neues Office-Design \u2013 Microsoft gibt Bedienoberfl\u00e4che neuen Anstrich","isPartOf":{"@id":"https:\/\/pcspezialist.de\/blog\/#website"},"primaryImageOfPage":{"@id":"https:\/\/pcspezialist.de\/blog\/2020\/08\/04\/neues-office-design\/#primaryimage"},"image":{"@id":"https:\/\/pcspezialist.de\/blog\/2020\/08\/04\/neues-office-design\/#primaryimage"},"thumbnailUrl":"https:\/\/pcspezialist.de\/blog\/wp-content\/uploads\/2020\/07\/Office-Design.jpg","datePublished":"2020-08-04T09:46:46+00:00","dateModified":"2024-11-04T12:51:57+00:00","author":{"@id":"https:\/\/pcspezialist.de\/blog\/#\/schema\/person\/080f8e206bd1ed1cdcc8eae71c081269"},"description":"Mit einem komplett neuen Office-Design will Microsoft seine beliebte Produktpalette aufh\u00fcbschen. Was erwartet Sie? Wann kommen die \u00c4nderungen? Infos hier.","breadcrumb":{"@id":"https:\/\/pcspezialist.de\/blog\/2020\/08\/04\/neues-office-design\/#breadcrumb"},"inLanguage":"de","potentialAction":[{"@type":"ReadAction","target":["https:\/\/pcspezialist.de\/blog\/2020\/08\/04\/neues-office-design\/"]}]},{"@type":"ImageObject","inLanguage":"de","@id":"https:\/\/pcspezialist.de\/blog\/2020\/08\/04\/neues-office-design\/#primaryimage","url":"https:\/\/pcspezialist.de\/blog\/wp-content\/uploads\/2020\/07\/Office-Design.jpg","contentUrl":"https:\/\/pcspezialist.de\/blog\/wp-content\/uploads\/2020\/07\/Office-Design.jpg","width":1600,"height":907,"caption":"Das neue Office-Design. Bild: Der Standard"},{"@type":"BreadcrumbList","@id":"https:\/\/pcspezialist.de\/blog\/2020\/08\/04\/neues-office-design\/#breadcrumb","itemListElement":[{"@type":"ListItem","position":1,"name":"Startseite","item":"https:\/\/pcspezialist.de\/blog\/"},{"@type":"ListItem","position":2,"name":"Neues Office-Design ## Microsoft gibt Bedienoberfl\u00e4che neuen Anstrich"}]},{"@type":"WebSite","@id":"https:\/\/pcspezialist.de\/blog\/#website","url":"https:\/\/pcspezialist.de\/blog\/","name":"PC-SPEZIALIST Blog","description":"IT-Service, Trends &amp; Technik","potentialAction":[{"@type":"SearchAction","target":{"@type":"EntryPoint","urlTemplate":"https:\/\/pcspezialist.de\/blog\/?s={search_term_string}"},"query-input":{"@type":"PropertyValueSpecification","valueRequired":true,"valueName":"search_term_string"}}],"inLanguage":"de"},{"@type":"Person","@id":"https:\/\/pcspezialist.de\/blog\/#\/schema\/person\/080f8e206bd1ed1cdcc8eae71c081269","name":"Susanna Hinrichsen-Deicke","description":"Susanna Hinrichsen-Deicke arbeitet seit August 2019 als Content-Marketing-Writer f\u00fcr den PC-SPEZIALIST-Blog. Die passionierte Autorin hat ein Gef\u00fchl f\u00fcr aktuelle IT-Themen und IT-Bedrohungen und ist in der Lage, das geballte Expertenwissen von PC-SPEZIALIST leserfreundlich darzustellen.","url":"https:\/\/pcspezialist.de\/blog\/author\/susanna-hinrichsen-deicke\/"}]}},"_links":{"self":[{"href":"https:\/\/pcspezialist.de\/blog\/wp-json\/wp\/v2\/posts\/51741","targetHints":{"allow":["GET"]}}],"collection":[{"href":"https:\/\/pcspezialist.de\/blog\/wp-json\/wp\/v2\/posts"}],"about":[{"href":"https:\/\/pcspezialist.de\/blog\/wp-json\/wp\/v2\/types\/post"}],"author":[{"embeddable":true,"href":"https:\/\/pcspezialist.de\/blog\/wp-json\/wp\/v2\/users\/115"}],"replies":[{"embeddable":true,"href":"https:\/\/pcspezialist.de\/blog\/wp-json\/wp\/v2\/comments?post=51741"}],"version-history":[{"count":6,"href":"https:\/\/pcspezialist.de\/blog\/wp-json\/wp\/v2\/posts\/51741\/revisions"}],"predecessor-version":[{"id":51781,"href":"https:\/\/pcspezialist.de\/blog\/wp-json\/wp\/v2\/posts\/51741\/revisions\/51781"}],"wp:featuredmedia":[{"embeddable":true,"href":"https:\/\/pcspezialist.de\/blog\/wp-json\/wp\/v2\/media\/51760"}],"wp:attachment":[{"href":"https:\/\/pcspezialist.de\/blog\/wp-json\/wp\/v2\/media?parent=51741"}],"wp:term":[{"taxonomy":"category","embeddable":true,"href":"https:\/\/pcspezialist.de\/blog\/wp-json\/wp\/v2\/categories?post=51741"},{"taxonomy":"post_tag","embeddable":true,"href":"https:\/\/pcspezialist.de\/blog\/wp-json\/wp\/v2\/tags?post=51741"}],"curies":[{"name":"wp","href":"https:\/\/api.w.org\/{rel}","templated":true}]}}