{"id":51160,"date":"2020-06-10T12:20:06","date_gmt":"2020-06-10T10:20:06","guid":{"rendered":"https:\/\/www.pcspezialist.de\/blog\/?p=51160"},"modified":"2024-11-05T12:49:53","modified_gmt":"2024-11-05T11:49:53","slug":"facebook-aktivitaetenprotokoll","status":"publish","type":"post","link":"https:\/\/pcspezialist.de\/blog\/2020\/06\/10\/facebook-aktivitaetenprotokoll\/","title":{"rendered":"Facebook-Aktivit\u00e4tenprotokoll ## Facebook f\u00fchrt Funktion zum Archivieren von Beitr\u00e4gen ein"},"content":{"rendered":"<p><strong>Ihr m\u00f6chtet nicht, dass bestimmte Beitr\u00e4ge in den Tiefen eurer Facebook-Chronik nicht mehr zu sehen sind? Ihr m\u00f6chtet sie aber auch nicht l\u00f6schen, weil sie irgendwie Teil eures Lebens waren und sind? Dann haben wir eine gute Nachricht f\u00fcr euch: Das Facebook-Aktivit\u00e4tenprotokoll erh\u00e4lt eine Archiv-Funktion. <\/strong><\/p>\n<p>Wir erkl\u00e4ren, was es mit dem Facebook-Archiv auf sich hat.<\/p>\n<p><!--more--><\/p>\n<h3>Chronik verwalten mit Facebook-Akitivit\u00e4tenprotokoll<\/h3>\n<p>Wenn Ihr schon seit Jahren bei Facebook seid, kennt ihr das Problem: Die Facebook-Chronik f\u00fchrt beim Scrollen bis ins Unendliche. Und sie gibt sehr viel \u00fcber euch preis. Facebook m\u00f6chte euch jetzt mehr M\u00f6glichkeiten bieten, wie ihr \u00fcber euren digitalen Fu\u00dfabdruck auf der Plattform bestimmen k\u00f6nnt. Dazu wird im Facebook-Aktivit\u00e4tenprotokoll eine Archiv-Funktion eingef\u00fchrt.<\/p>\n<p>Facebook hat diese Funktion bereits offiziell <a href=\"https:\/\/about.fb.com\/news\/2020\/06\/introducing-manage-activity\/\" target=\"_blank\" rel=\"noopener noreferrer\">angek\u00fcndigt<\/a>. In der englischen Version hei\u00dft sie Manage Activity. Ob sie diesen Namen auch in der deutschen Version bekommt, wissen wir aktuell noch nicht. Facebook Light und die Facebook-App kommen als erstes in den Genuss der neuen Funktion. Sie soll sp\u00e4ter aber auch am Desktop eingef\u00fchrt werden.<\/p>\n<p>Und auch in der App l\u00e4sst das Feature aktuell noch auf sich warten. Wir konnten es auf jeden Fall noch nicht entdecken und hangeln uns in der folgenden Beschreibung am <a href=\"https:\/\/www.facebook.com\/facebookapp\/videos\/707969696627907\/\" target=\"_blank\" rel=\"noopener noreferrer\">englischen Vorschauvideo<\/a> entlang.<\/p>\n<div id=\"attachment_51179\" style=\"width: 710px\" class=\"wp-caption alignright\"><img loading=\"lazy\" decoding=\"async\" aria-describedby=\"caption-attachment-51179\" class=\"size-medium wp-image-51179\" src=\"https:\/\/pcspezialist.de\/blog\/wp-content\/uploads\/2020\/06\/Facebook-Aktivit\u00e4tenprotokoll-1-700x472.jpg\" alt=\"Zu sehen sind drei Screenshots aus dem Facebook-Aktivit\u00e4tenprotokoll. Bild: Screenshots Facebook\" width=\"700\" height=\"472\" srcset=\"https:\/\/pcspezialist.de\/blog\/wp-content\/uploads\/2020\/06\/Facebook-Aktivit\u00e4tenprotokoll-1-700x472.jpg 700w, https:\/\/pcspezialist.de\/blog\/wp-content\/uploads\/2020\/06\/Facebook-Aktivit\u00e4tenprotokoll-1.jpg 768w\" sizes=\"auto, (max-width: 700px) 100vw, 700px\" \/><p id=\"caption-attachment-51179\" class=\"wp-caption-text\">Ein Hinweis k\u00fcndigt die neue Archiv-Funktion im Facebook-Aktivit\u00e4tenprotokoll an. Bild: Screenshots Facebook<\/p><\/div>\n<h3>Was ist das Facebook-Aktivit\u00e4tenprotokoll?<\/h3>\n<p>Ihr findet das Facebook-Aktivit\u00e4tenprotokoll \u00fcber euer Profil. Ihr klickt auf die drei Punkte rechts unter eurem Namen und dann auf \u201eAktivit\u00e4tenprotokoll\u201c. Hier werden euch nun all eure Aktivit\u00e4ten angezeigt.<\/p>\n<p>Mit wem habt ihr euch befreundet? Was habt ihr geliked? Welche Beitr\u00e4ge habt ihr kommentiert? Was habt ihr selbst in eurer Chronik oder bei Freunden gepostet? Das alles k\u00f6nnt ihr, beginnend beim heutigen Tag bis zum ersten Tag eurer Mitgliedschaft chronologisch zur\u00fcckverfolgen. Es gibt aber auch verschiedene Filter. Damit k\u00f6nnt ihr nach bestimmten Jahren, Monaten und Kategorien (zum Beispiel Beitr\u00e4ge, Fotos und Videos, \u201eGef\u00e4llt mir\u201c-Angaben etc.) suchen.<\/p>\n<p>Bei jeder Aktivit\u00e4t k\u00f6nnt ihr \u00fcber die drei Punkte verschiedene Aktionen ausf\u00fchren. Ihr k\u00f6nnt beispielsweise einen Beitrag ansehen, in der Chronik verbergen oder eine Markierung entfernen. So habt ihr schon einige Einflussm\u00f6glichkeiten. Eine M\u00f6glichkeit, Beitr\u00e4ge zu archivieren, gibt es bislang aber noch nicht.<\/p>\n<h3>So soll das neue Facebook-Archiv funktionieren<\/h3>\n<p>Vielleicht kennt ihr auch das: Bestimmte Beitr\u00e4ge aus vergangenen Tagen geh\u00f6ren zu eurer Lebensgeschichte, aber sehen soll sie niemand. Ihr k\u00f6nntet diese Facebook-Beitr\u00e4ge l\u00f6schen. Aber dann w\u00e4ren sie f\u00fcr immer weg. Und das m\u00f6chtet ihr vielleicht nicht. Genau deshalb wird es bald das Facebook-Archiv geben.<\/p>\n<p>Glauben wir dem Vorschau-Video, soll bald auf eurem Profil ein Hinweis darauf erscheinen. Ihr k\u00f6nnt dann einem Button zum Aktivit\u00e4tenprotokoll folgen. Dort findet ihr verschiedene Wahlm\u00f6glichkeiten, wie oben im Bild (Mitte) zu sehen. Darunter sind auch die neuen Buttons \u201eManage Activity\u201c (deutsch: Verwalte Aktivit\u00e4ten) und \u201eArchive\u201c (deutsch: Archiv). Klickt ihr auf \u201eManage Activity\u201c, \u00f6ffnet sich unten ein Bereich, \u00fcber den ihr zu \u201eYour Posts\u201c (deutsch: Deine Beitr\u00e4ge) kommt.<\/p>\n<h4>Facebook-Beitr\u00e4ge l\u00f6schen oder archivieren<\/h4>\n<p>Wenn ihr \u201eYour Posts\u201c folgt, erhaltet ihr im neuen Fenster erneut die verschiedenen Filter-M\u00f6glichkeiten. Sie sind besonders hilfreich, wenn ihr bestimmte Zeitr\u00e4ume sucht. W\u00e4hlt ihr einen Beitrag aus, erscheinen unten die Optionen \u201eArchive\u201c und \u201eTrash\u201c. Wie genau das aussieht, k\u00f6nnt ihr im Bild unten anschauen. Weitere Optionen findet ihr bei den drei Punkten am Beitrag.<\/p>\n<p>Habt ihr euch f\u00fcr das Archivieren entschieden, k\u00f6nnt ihr oben auf \u201eArchive\u201c klicken. Damit ruft ihr euer pers\u00f6nliches Facebook-Archiv auf. Alle archivierten Beitr\u00e4ge sind dann an dieser Stelle aufgef\u00fchrt.<\/p>\n<p>Solltet ihr einen Beitrag doch l\u00f6schen wollen, geht ihr auf den Button \u201eTrash\u201c. Auch den Papierkorb findet ihr oben in den Wahlm\u00f6glichkeiten wieder. Die Beitr\u00e4ge im Papierkorb k\u00f6nnt ihr ausw\u00e4hlen, um sie manuell f\u00fcr immer zu l\u00f6schen. Lasst ihr sie im Papierkorb, l\u00f6scht Facebook sie nach 30 Tagen automatisch endg\u00fcltig.<\/p>\n<div id=\"attachment_51196\" style=\"width: 710px\" class=\"wp-caption alignright\"><img loading=\"lazy\" decoding=\"async\" aria-describedby=\"caption-attachment-51196\" class=\"size-medium wp-image-51196\" src=\"https:\/\/pcspezialist.de\/blog\/wp-content\/uploads\/2020\/06\/Facebook-Aktivit\u00e4tenprotokoll-3-700x474.jpg\" alt=\"Zu sehen sind drei Screenshots aus dem Facebook-Aktivit\u00e4tenprotokoll. Bild: Screenshots Facebook\" width=\"700\" height=\"474\" srcset=\"https:\/\/pcspezialist.de\/blog\/wp-content\/uploads\/2020\/06\/Facebook-Aktivit\u00e4tenprotokoll-3-700x474.jpg 700w, https:\/\/pcspezialist.de\/blog\/wp-content\/uploads\/2020\/06\/Facebook-Aktivit\u00e4tenprotokoll-3.jpg 768w\" sizes=\"auto, (max-width: 700px) 100vw, 700px\" \/><p id=\"caption-attachment-51196\" class=\"wp-caption-text\">So verschiebt ihr im Facebook-Aktivit\u00e4tenprotokoll einen Beitrag in das Facebook-Archiv. Bild: Screenshots Facebook<\/p><\/div>\n<h3>Daten archivieren mit dem PC-SPEZIALIST-Backup<\/h3>\n<p>Nicht nur auf Facebook sammeln sich viele alte Informationen an. Auch auf eurem PC oder Laptop gibt es bestimmt so manche Dateien, die ihr eigentlich nicht mehr braucht, aber auch nicht l\u00f6schen m\u00f6chtet. Zum Beispiel gelungene Pr\u00e4sentationen aus der Schulzeit oder Seminararbeiten aus der Uni. Damit solche Dateien das Ger\u00e4t nicht verstopfen und verlangsamen, k\u00f6nnt ihr sie \u00fcber ein Backup archivieren.<\/p>\n<p>Der <a href=\"https:\/\/pcspezialist.de\/it-service-anbieter-finden.html\">PC-SPEZIALIST in eurer N\u00e4he<\/a> unterst\u00fctzt euch dabei gern. Er legt in eurem Auftrag ein <a href=\"https:\/\/pcspezialist.de\/backup-auf-externen-datentraeger.html\">Backup auf einem externen Datentr\u00e4ger<\/a> an und archiviert damit eure Dateien und Dokumente. Nehmt doch einfach Kontakt auf und lasst euch zu den M\u00f6glichkeiten beraten.<\/p>\n","protected":false},"excerpt":{"rendered":"<p>Ihr m\u00f6chtet nicht, dass bestimmte Beitr\u00e4ge in den Tiefen eurer Facebook-Chronik nicht mehr zu sehen sind? Ihr m\u00f6chtet sie aber auch nicht l\u00f6schen, weil sie irgendwie Teil eures Lebens waren und sind? Dann haben wir eine gute Nachricht f\u00fcr euch: Das Facebook-Aktivit\u00e4tenprotokoll erh\u00e4lt eine Archiv-Funktion. Wir erkl\u00e4ren, was es mit dem Facebook-Archiv auf sich hat.<\/p>\n","protected":false},"author":113,"featured_media":51162,"comment_status":"open","ping_status":"closed","sticky":false,"template":"","format":"standard","meta":{"footnotes":""},"categories":[6913],"tags":[1088,1250],"class_list":["post-51160","post","type-post","status-publish","format-standard","has-post-thumbnail","hentry","category-verschiedenes","tag-facebook","tag-social-media"],"yoast_head":"<!-- This site is optimized with the Yoast SEO plugin v27.4 - https:\/\/yoast.com\/product\/yoast-seo-wordpress\/ -->\n<title>Facebook-Aktivit\u00e4tenprotokoll \u2013 Facebook f\u00fchrt Archiv-Funktion ein<\/title>\n<meta name=\"description\" content=\"Wer alte Facebook-Beitr\u00e4ge nicht direkt l\u00f6schen m\u00f6chte, kann sich freuen: Das Facebook-Aktivit\u00e4tenprotokoll bekommt eine Archiv-Funktion. Mehr bei uns.\" \/>\n<meta name=\"robots\" content=\"index, follow, max-snippet:-1, max-image-preview:large, max-video-preview:-1\" \/>\n<link rel=\"canonical\" href=\"https:\/\/pcspezialist.de\/blog\/2020\/06\/10\/facebook-aktivitaetenprotokoll\/\" \/>\n<meta property=\"og:locale\" content=\"de_DE\" \/>\n<meta property=\"og:type\" content=\"article\" \/>\n<meta property=\"og:title\" content=\"Facebook-Aktivit\u00e4tenprotokoll \u2013 Facebook f\u00fchrt Archiv-Funktion ein\" \/>\n<meta property=\"og:description\" content=\"Wer alte Facebook-Beitr\u00e4ge nicht direkt l\u00f6schen m\u00f6chte, kann sich freuen: Das Facebook-Aktivit\u00e4tenprotokoll bekommt eine Archiv-Funktion. Mehr bei uns.\" \/>\n<meta property=\"og:url\" content=\"https:\/\/pcspezialist.de\/blog\/2020\/06\/10\/facebook-aktivitaetenprotokoll\/\" \/>\n<meta property=\"og:site_name\" content=\"PC-SPEZIALIST Blog\" \/>\n<meta property=\"article:published_time\" content=\"2020-06-10T10:20:06+00:00\" \/>\n<meta property=\"article:modified_time\" content=\"2024-11-05T11:49:53+00:00\" \/>\n<meta property=\"og:image\" content=\"https:\/\/pcspezialist.de\/blog\/wp-content\/uploads\/2020\/06\/tim-mossholder-clN4DePMfm4-unsplash-scaled.jpg\" \/>\n\t<meta property=\"og:image:width\" content=\"2560\" \/>\n\t<meta property=\"og:image:height\" content=\"1707\" \/>\n\t<meta property=\"og:image:type\" content=\"image\/jpeg\" \/>\n<meta name=\"author\" content=\"Janina Kr\u00f6ger\" \/>\n<meta name=\"twitter:card\" content=\"summary_large_image\" \/>\n<meta name=\"twitter:label1\" content=\"Verfasst von\" \/>\n\t<meta name=\"twitter:data1\" content=\"Janina Kr\u00f6ger\" \/>\n\t<meta name=\"twitter:label2\" content=\"Gesch\u00e4tzte Lesezeit\" \/>\n\t<meta name=\"twitter:data2\" content=\"4\u00a0Minuten\" \/>\n<script type=\"application\/ld+json\" class=\"yoast-schema-graph\">{\"@context\":\"https:\\\/\\\/schema.org\",\"@graph\":[{\"@type\":\"Article\",\"@id\":\"https:\\\/\\\/pcspezialist.de\\\/blog\\\/2020\\\/06\\\/10\\\/facebook-aktivitaetenprotokoll\\\/#article\",\"isPartOf\":{\"@id\":\"https:\\\/\\\/pcspezialist.de\\\/blog\\\/2020\\\/06\\\/10\\\/facebook-aktivitaetenprotokoll\\\/\"},\"author\":{\"name\":\"Janina Kr\u00f6ger\",\"@id\":\"https:\\\/\\\/pcspezialist.de\\\/blog\\\/#\\\/schema\\\/person\\\/6cdcc7f81aad53aaccd2c8b8534867c3\"},\"headline\":\"Facebook-Aktivit\u00e4tenprotokoll ## Facebook f\u00fchrt Funktion zum Archivieren von Beitr\u00e4gen ein\",\"datePublished\":\"2020-06-10T10:20:06+00:00\",\"dateModified\":\"2024-11-05T11:49:53+00:00\",\"mainEntityOfPage\":{\"@id\":\"https:\\\/\\\/pcspezialist.de\\\/blog\\\/2020\\\/06\\\/10\\\/facebook-aktivitaetenprotokoll\\\/\"},\"wordCount\":838,\"commentCount\":1,\"image\":{\"@id\":\"https:\\\/\\\/pcspezialist.de\\\/blog\\\/2020\\\/06\\\/10\\\/facebook-aktivitaetenprotokoll\\\/#primaryimage\"},\"thumbnailUrl\":\"https:\\\/\\\/pcspezialist.de\\\/blog\\\/wp-content\\\/uploads\\\/2020\\\/06\\\/tim-mossholder-clN4DePMfm4-unsplash-scaled.jpg\",\"keywords\":[\"Facebook\",\"Social Media\"],\"articleSection\":[\"Verschiedenes\"],\"inLanguage\":\"de\",\"potentialAction\":[{\"@type\":\"CommentAction\",\"name\":\"Comment\",\"target\":[\"https:\\\/\\\/pcspezialist.de\\\/blog\\\/2020\\\/06\\\/10\\\/facebook-aktivitaetenprotokoll\\\/#respond\"]}]},{\"@type\":\"WebPage\",\"@id\":\"https:\\\/\\\/pcspezialist.de\\\/blog\\\/2020\\\/06\\\/10\\\/facebook-aktivitaetenprotokoll\\\/\",\"url\":\"https:\\\/\\\/pcspezialist.de\\\/blog\\\/2020\\\/06\\\/10\\\/facebook-aktivitaetenprotokoll\\\/\",\"name\":\"Facebook-Aktivit\u00e4tenprotokoll \u2013 Facebook f\u00fchrt Archiv-Funktion ein\",\"isPartOf\":{\"@id\":\"https:\\\/\\\/pcspezialist.de\\\/blog\\\/#website\"},\"primaryImageOfPage\":{\"@id\":\"https:\\\/\\\/pcspezialist.de\\\/blog\\\/2020\\\/06\\\/10\\\/facebook-aktivitaetenprotokoll\\\/#primaryimage\"},\"image\":{\"@id\":\"https:\\\/\\\/pcspezialist.de\\\/blog\\\/2020\\\/06\\\/10\\\/facebook-aktivitaetenprotokoll\\\/#primaryimage\"},\"thumbnailUrl\":\"https:\\\/\\\/pcspezialist.de\\\/blog\\\/wp-content\\\/uploads\\\/2020\\\/06\\\/tim-mossholder-clN4DePMfm4-unsplash-scaled.jpg\",\"datePublished\":\"2020-06-10T10:20:06+00:00\",\"dateModified\":\"2024-11-05T11:49:53+00:00\",\"author\":{\"@id\":\"https:\\\/\\\/pcspezialist.de\\\/blog\\\/#\\\/schema\\\/person\\\/6cdcc7f81aad53aaccd2c8b8534867c3\"},\"description\":\"Wer alte Facebook-Beitr\u00e4ge nicht direkt l\u00f6schen m\u00f6chte, kann sich freuen: Das Facebook-Aktivit\u00e4tenprotokoll bekommt eine Archiv-Funktion. Mehr bei uns.\",\"breadcrumb\":{\"@id\":\"https:\\\/\\\/pcspezialist.de\\\/blog\\\/2020\\\/06\\\/10\\\/facebook-aktivitaetenprotokoll\\\/#breadcrumb\"},\"inLanguage\":\"de\",\"potentialAction\":[{\"@type\":\"ReadAction\",\"target\":[\"https:\\\/\\\/pcspezialist.de\\\/blog\\\/2020\\\/06\\\/10\\\/facebook-aktivitaetenprotokoll\\\/\"]}]},{\"@type\":\"ImageObject\",\"inLanguage\":\"de\",\"@id\":\"https:\\\/\\\/pcspezialist.de\\\/blog\\\/2020\\\/06\\\/10\\\/facebook-aktivitaetenprotokoll\\\/#primaryimage\",\"url\":\"https:\\\/\\\/pcspezialist.de\\\/blog\\\/wp-content\\\/uploads\\\/2020\\\/06\\\/tim-mossholder-clN4DePMfm4-unsplash-scaled.jpg\",\"contentUrl\":\"https:\\\/\\\/pcspezialist.de\\\/blog\\\/wp-content\\\/uploads\\\/2020\\\/06\\\/tim-mossholder-clN4DePMfm4-unsplash-scaled.jpg\",\"width\":2560,\"height\":1707,\"caption\":\"Das Facebook-Aktivit\u00e4tenprotokoll bekommt eine Archiv-Funktion. Bild: Unsplash\\\/Tim Mossholder\"},{\"@type\":\"BreadcrumbList\",\"@id\":\"https:\\\/\\\/pcspezialist.de\\\/blog\\\/2020\\\/06\\\/10\\\/facebook-aktivitaetenprotokoll\\\/#breadcrumb\",\"itemListElement\":[{\"@type\":\"ListItem\",\"position\":1,\"name\":\"Startseite\",\"item\":\"https:\\\/\\\/pcspezialist.de\\\/blog\\\/\"},{\"@type\":\"ListItem\",\"position\":2,\"name\":\"Facebook-Aktivit\u00e4tenprotokoll ## Facebook f\u00fchrt Funktion zum Archivieren von Beitr\u00e4gen ein\"}]},{\"@type\":\"WebSite\",\"@id\":\"https:\\\/\\\/pcspezialist.de\\\/blog\\\/#website\",\"url\":\"https:\\\/\\\/pcspezialist.de\\\/blog\\\/\",\"name\":\"PC-SPEZIALIST Blog\",\"description\":\"IT-Service, Trends &amp; Technik\",\"potentialAction\":[{\"@type\":\"SearchAction\",\"target\":{\"@type\":\"EntryPoint\",\"urlTemplate\":\"https:\\\/\\\/pcspezialist.de\\\/blog\\\/?s={search_term_string}\"},\"query-input\":{\"@type\":\"PropertyValueSpecification\",\"valueRequired\":true,\"valueName\":\"search_term_string\"}}],\"inLanguage\":\"de\"},{\"@type\":\"Person\",\"@id\":\"https:\\\/\\\/pcspezialist.de\\\/blog\\\/#\\\/schema\\\/person\\\/6cdcc7f81aad53aaccd2c8b8534867c3\",\"name\":\"Janina Kr\u00f6ger\",\"description\":\"Seit Anfang 2019 unterst\u00fctzt Janina Kr\u00f6ger den PC-SPEZIALIST-Blog \u2013 anfangs in der Position der Online-Redakteurin und inzwischen als Content Marketing Managerin. Die studierte Germanistin\\\/Anglistin und ausgebildete Redakteurin beh\u00e4lt das Geschehen auf dem IT-Markt im Blick, verfolgt gespannt neue Trends und Technologien und beobachtet aktuelle Bedrohungen im Bereich des Cybercrime. Die relevantesten Infos werden dann in interessante Blog-Beitr\u00e4ge verpackt, um vor allem Unternehmen mit n\u00fctzlichem Wissen zu versorgen, das sie gewinnbringend f\u00fcr sich nutzen k\u00f6nnen. Der schreibenden Zunft geh\u00f6rt Janina Kr\u00f6ger bereits seit 2006 an, als sie ein Praktikum beim WESTF\u00c4LISCHEN VOLKSBLATT absolvierte und der Regionalzeitung anschlie\u00dfend als Freie Mitarbeiterin erhalten blieb. Nach ihrem Studium an der Universit\u00e4t Paderborn ging es mit Hospitanz, Volontariat und Redakteurs-Posten beim WESTFALEN-BLATT vollends in den Journalismus. Mit dem Wechsel zum Publicpress Verlag lernte Janina Kr\u00f6ger als Text-Redakteurin ein f\u00fcr sie neues Themengebiet kennen: Die Produktion von Reisef\u00fchrern, Wanderf\u00fchrern und Radtourenf\u00fchrern sowie die Erstellung von Freizeitkarten und Stadtpl\u00e4nen waren die neuen Aufgaben \u2013 allerdings sollten Google Maps und Co. dem Erfolg des Verlags bald ein Ende setzen. F\u00fcr Janina Kr\u00f6ger bedeutete das: Als n\u00e4chstes muss ein Job in einem Themengebiet mit besseren Zukunftsaussichten her \u2013 die IT-Branche schien da genau richtig! Seit 2019 f\u00fchlt sich die gelernte Redakteurin nun bei der SYNAXON AG als Mutterunternehmen von PC-SPEZIALIST bestens aufgehoben und ist nach einer kurzen Elternzeit inzwischen wieder voll im Tagesgesch\u00e4ft angekommen. In ihrer Freizeit tauscht Janina Kr\u00f6ger den Laptop gern gegen ihre Back- und Kochutensilien aus. Zeit mit ihrer Familie hat h\u00f6chste Priorit\u00e4t. Andere Hobbies wie das Lesen, Hulahoop-Schwingen und Trampolin-H\u00fcpfen sind daher zuletzt etwas in den Hintergrund getreten.\",\"url\":\"https:\\\/\\\/pcspezialist.de\\\/blog\\\/author\\\/janina-kroegersynaxon-de\\\/\"}]}<\/script>\n<!-- \/ Yoast SEO plugin. -->","yoast_head_json":{"title":"Facebook-Aktivit\u00e4tenprotokoll \u2013 Facebook f\u00fchrt Archiv-Funktion ein","description":"Wer alte Facebook-Beitr\u00e4ge nicht direkt l\u00f6schen m\u00f6chte, kann sich freuen: Das Facebook-Aktivit\u00e4tenprotokoll bekommt eine Archiv-Funktion. Mehr bei uns.","robots":{"index":"index","follow":"follow","max-snippet":"max-snippet:-1","max-image-preview":"max-image-preview:large","max-video-preview":"max-video-preview:-1"},"canonical":"https:\/\/pcspezialist.de\/blog\/2020\/06\/10\/facebook-aktivitaetenprotokoll\/","og_locale":"de_DE","og_type":"article","og_title":"Facebook-Aktivit\u00e4tenprotokoll \u2013 Facebook f\u00fchrt Archiv-Funktion ein","og_description":"Wer alte Facebook-Beitr\u00e4ge nicht direkt l\u00f6schen m\u00f6chte, kann sich freuen: Das Facebook-Aktivit\u00e4tenprotokoll bekommt eine Archiv-Funktion. Mehr bei uns.","og_url":"https:\/\/pcspezialist.de\/blog\/2020\/06\/10\/facebook-aktivitaetenprotokoll\/","og_site_name":"PC-SPEZIALIST Blog","article_published_time":"2020-06-10T10:20:06+00:00","article_modified_time":"2024-11-05T11:49:53+00:00","og_image":[{"width":2560,"height":1707,"url":"https:\/\/pcspezialist.de\/blog\/wp-content\/uploads\/2020\/06\/tim-mossholder-clN4DePMfm4-unsplash-scaled.jpg","type":"image\/jpeg"}],"author":"Janina Kr\u00f6ger","twitter_card":"summary_large_image","twitter_misc":{"Verfasst von":"Janina Kr\u00f6ger","Gesch\u00e4tzte Lesezeit":"4\u00a0Minuten"},"schema":{"@context":"https:\/\/schema.org","@graph":[{"@type":"Article","@id":"https:\/\/pcspezialist.de\/blog\/2020\/06\/10\/facebook-aktivitaetenprotokoll\/#article","isPartOf":{"@id":"https:\/\/pcspezialist.de\/blog\/2020\/06\/10\/facebook-aktivitaetenprotokoll\/"},"author":{"name":"Janina Kr\u00f6ger","@id":"https:\/\/pcspezialist.de\/blog\/#\/schema\/person\/6cdcc7f81aad53aaccd2c8b8534867c3"},"headline":"Facebook-Aktivit\u00e4tenprotokoll ## Facebook f\u00fchrt Funktion zum Archivieren von Beitr\u00e4gen ein","datePublished":"2020-06-10T10:20:06+00:00","dateModified":"2024-11-05T11:49:53+00:00","mainEntityOfPage":{"@id":"https:\/\/pcspezialist.de\/blog\/2020\/06\/10\/facebook-aktivitaetenprotokoll\/"},"wordCount":838,"commentCount":1,"image":{"@id":"https:\/\/pcspezialist.de\/blog\/2020\/06\/10\/facebook-aktivitaetenprotokoll\/#primaryimage"},"thumbnailUrl":"https:\/\/pcspezialist.de\/blog\/wp-content\/uploads\/2020\/06\/tim-mossholder-clN4DePMfm4-unsplash-scaled.jpg","keywords":["Facebook","Social Media"],"articleSection":["Verschiedenes"],"inLanguage":"de","potentialAction":[{"@type":"CommentAction","name":"Comment","target":["https:\/\/pcspezialist.de\/blog\/2020\/06\/10\/facebook-aktivitaetenprotokoll\/#respond"]}]},{"@type":"WebPage","@id":"https:\/\/pcspezialist.de\/blog\/2020\/06\/10\/facebook-aktivitaetenprotokoll\/","url":"https:\/\/pcspezialist.de\/blog\/2020\/06\/10\/facebook-aktivitaetenprotokoll\/","name":"Facebook-Aktivit\u00e4tenprotokoll \u2013 Facebook f\u00fchrt Archiv-Funktion ein","isPartOf":{"@id":"https:\/\/pcspezialist.de\/blog\/#website"},"primaryImageOfPage":{"@id":"https:\/\/pcspezialist.de\/blog\/2020\/06\/10\/facebook-aktivitaetenprotokoll\/#primaryimage"},"image":{"@id":"https:\/\/pcspezialist.de\/blog\/2020\/06\/10\/facebook-aktivitaetenprotokoll\/#primaryimage"},"thumbnailUrl":"https:\/\/pcspezialist.de\/blog\/wp-content\/uploads\/2020\/06\/tim-mossholder-clN4DePMfm4-unsplash-scaled.jpg","datePublished":"2020-06-10T10:20:06+00:00","dateModified":"2024-11-05T11:49:53+00:00","author":{"@id":"https:\/\/pcspezialist.de\/blog\/#\/schema\/person\/6cdcc7f81aad53aaccd2c8b8534867c3"},"description":"Wer alte Facebook-Beitr\u00e4ge nicht direkt l\u00f6schen m\u00f6chte, kann sich freuen: Das Facebook-Aktivit\u00e4tenprotokoll bekommt eine Archiv-Funktion. Mehr bei uns.","breadcrumb":{"@id":"https:\/\/pcspezialist.de\/blog\/2020\/06\/10\/facebook-aktivitaetenprotokoll\/#breadcrumb"},"inLanguage":"de","potentialAction":[{"@type":"ReadAction","target":["https:\/\/pcspezialist.de\/blog\/2020\/06\/10\/facebook-aktivitaetenprotokoll\/"]}]},{"@type":"ImageObject","inLanguage":"de","@id":"https:\/\/pcspezialist.de\/blog\/2020\/06\/10\/facebook-aktivitaetenprotokoll\/#primaryimage","url":"https:\/\/pcspezialist.de\/blog\/wp-content\/uploads\/2020\/06\/tim-mossholder-clN4DePMfm4-unsplash-scaled.jpg","contentUrl":"https:\/\/pcspezialist.de\/blog\/wp-content\/uploads\/2020\/06\/tim-mossholder-clN4DePMfm4-unsplash-scaled.jpg","width":2560,"height":1707,"caption":"Das Facebook-Aktivit\u00e4tenprotokoll bekommt eine Archiv-Funktion. Bild: Unsplash\/Tim Mossholder"},{"@type":"BreadcrumbList","@id":"https:\/\/pcspezialist.de\/blog\/2020\/06\/10\/facebook-aktivitaetenprotokoll\/#breadcrumb","itemListElement":[{"@type":"ListItem","position":1,"name":"Startseite","item":"https:\/\/pcspezialist.de\/blog\/"},{"@type":"ListItem","position":2,"name":"Facebook-Aktivit\u00e4tenprotokoll ## Facebook f\u00fchrt Funktion zum Archivieren von Beitr\u00e4gen ein"}]},{"@type":"WebSite","@id":"https:\/\/pcspezialist.de\/blog\/#website","url":"https:\/\/pcspezialist.de\/blog\/","name":"PC-SPEZIALIST Blog","description":"IT-Service, Trends &amp; Technik","potentialAction":[{"@type":"SearchAction","target":{"@type":"EntryPoint","urlTemplate":"https:\/\/pcspezialist.de\/blog\/?s={search_term_string}"},"query-input":{"@type":"PropertyValueSpecification","valueRequired":true,"valueName":"search_term_string"}}],"inLanguage":"de"},{"@type":"Person","@id":"https:\/\/pcspezialist.de\/blog\/#\/schema\/person\/6cdcc7f81aad53aaccd2c8b8534867c3","name":"Janina Kr\u00f6ger","description":"Seit Anfang 2019 unterst\u00fctzt Janina Kr\u00f6ger den PC-SPEZIALIST-Blog \u2013 anfangs in der Position der Online-Redakteurin und inzwischen als Content Marketing Managerin. Die studierte Germanistin\/Anglistin und ausgebildete Redakteurin beh\u00e4lt das Geschehen auf dem IT-Markt im Blick, verfolgt gespannt neue Trends und Technologien und beobachtet aktuelle Bedrohungen im Bereich des Cybercrime. Die relevantesten Infos werden dann in interessante Blog-Beitr\u00e4ge verpackt, um vor allem Unternehmen mit n\u00fctzlichem Wissen zu versorgen, das sie gewinnbringend f\u00fcr sich nutzen k\u00f6nnen. Der schreibenden Zunft geh\u00f6rt Janina Kr\u00f6ger bereits seit 2006 an, als sie ein Praktikum beim WESTF\u00c4LISCHEN VOLKSBLATT absolvierte und der Regionalzeitung anschlie\u00dfend als Freie Mitarbeiterin erhalten blieb. Nach ihrem Studium an der Universit\u00e4t Paderborn ging es mit Hospitanz, Volontariat und Redakteurs-Posten beim WESTFALEN-BLATT vollends in den Journalismus. Mit dem Wechsel zum Publicpress Verlag lernte Janina Kr\u00f6ger als Text-Redakteurin ein f\u00fcr sie neues Themengebiet kennen: Die Produktion von Reisef\u00fchrern, Wanderf\u00fchrern und Radtourenf\u00fchrern sowie die Erstellung von Freizeitkarten und Stadtpl\u00e4nen waren die neuen Aufgaben \u2013 allerdings sollten Google Maps und Co. dem Erfolg des Verlags bald ein Ende setzen. F\u00fcr Janina Kr\u00f6ger bedeutete das: Als n\u00e4chstes muss ein Job in einem Themengebiet mit besseren Zukunftsaussichten her \u2013 die IT-Branche schien da genau richtig! Seit 2019 f\u00fchlt sich die gelernte Redakteurin nun bei der SYNAXON AG als Mutterunternehmen von PC-SPEZIALIST bestens aufgehoben und ist nach einer kurzen Elternzeit inzwischen wieder voll im Tagesgesch\u00e4ft angekommen. In ihrer Freizeit tauscht Janina Kr\u00f6ger den Laptop gern gegen ihre Back- und Kochutensilien aus. Zeit mit ihrer Familie hat h\u00f6chste Priorit\u00e4t. Andere Hobbies wie das Lesen, Hulahoop-Schwingen und Trampolin-H\u00fcpfen sind daher zuletzt etwas in den Hintergrund getreten.","url":"https:\/\/pcspezialist.de\/blog\/author\/janina-kroegersynaxon-de\/"}]}},"_links":{"self":[{"href":"https:\/\/pcspezialist.de\/blog\/wp-json\/wp\/v2\/posts\/51160","targetHints":{"allow":["GET"]}}],"collection":[{"href":"https:\/\/pcspezialist.de\/blog\/wp-json\/wp\/v2\/posts"}],"about":[{"href":"https:\/\/pcspezialist.de\/blog\/wp-json\/wp\/v2\/types\/post"}],"author":[{"embeddable":true,"href":"https:\/\/pcspezialist.de\/blog\/wp-json\/wp\/v2\/users\/113"}],"replies":[{"embeddable":true,"href":"https:\/\/pcspezialist.de\/blog\/wp-json\/wp\/v2\/comments?post=51160"}],"version-history":[{"count":13,"href":"https:\/\/pcspezialist.de\/blog\/wp-json\/wp\/v2\/posts\/51160\/revisions"}],"predecessor-version":[{"id":51206,"href":"https:\/\/pcspezialist.de\/blog\/wp-json\/wp\/v2\/posts\/51160\/revisions\/51206"}],"wp:featuredmedia":[{"embeddable":true,"href":"https:\/\/pcspezialist.de\/blog\/wp-json\/wp\/v2\/media\/51162"}],"wp:attachment":[{"href":"https:\/\/pcspezialist.de\/blog\/wp-json\/wp\/v2\/media?parent=51160"}],"wp:term":[{"taxonomy":"category","embeddable":true,"href":"https:\/\/pcspezialist.de\/blog\/wp-json\/wp\/v2\/categories?post=51160"},{"taxonomy":"post_tag","embeddable":true,"href":"https:\/\/pcspezialist.de\/blog\/wp-json\/wp\/v2\/tags?post=51160"}],"curies":[{"name":"wp","href":"https:\/\/api.w.org\/{rel}","templated":true}]}}