{"id":50987,"date":"2020-05-18T13:14:04","date_gmt":"2020-05-18T11:14:04","guid":{"rendered":"https:\/\/www.pcspezialist.de\/blog\/?p=50987"},"modified":"2024-11-05T12:52:56","modified_gmt":"2024-11-05T11:52:56","slug":"facebook-avatar","status":"publish","type":"post","link":"https:\/\/pcspezialist.de\/blog\/2020\/05\/18\/facebook-avatar\/","title":{"rendered":"Facebook-Avatar ## So k\u00f6nnt ihr euren eigenen Facebook-Avatar erstellen"},"content":{"rendered":"<p><strong>Vielleicht habt ihr es bei Facebook schon gesehen: Ihr k\u00f6nnt dort jetzt personalisierte Emojis erstellen. Sie werden aber nicht Emoji, sondern Facebook-Avatar genannt. Ob Facebook damit wohl Apples Memojis Konkurrenz machen m\u00f6chte?<\/strong><\/p>\n<p>Wir haben die Facebook-Avatar-Funktion f\u00fcr euch ausprobiert und erkl\u00e4ren euch, wie es geht.<\/p>\n<p><!--more--><\/p>\n<h3>Was ist ein Facebook-Avatar?<\/h3>\n<p>Ihr habt noch gar nicht von den Facebook-Avataren geh\u00f6rt? Sie sind sozusagen die Facebook-Version von Apples Memojis. Die haben im Herbst 2019 f\u00fcr Furore gesorgt. Jeder wollte pl\u00f6tzlich eigene personalisierte Emojis haben. Vor allem Android-Nutzer waren ziemlich neidisch auf die neue Apple-Funktion, die mit <a href=\"https:\/\/pcspezialist.de\/blog\/2019\/09\/20\/ios-13-update\/\">iOS 13<\/a> eingef\u00fchrt wurde. Zum Gl\u00fcck haben wir f\u00fcr euch einen kleinen Trick gefunden, wie auch <a href=\"https:\/\/pcspezialist.de\/blog\/2019\/09\/25\/android-memoji\/\">Android-Memojis<\/a> m\u00f6glich sind.<\/p>\n<p>Jetzt tauchen immer mehr Posts in euren Facebook-Timelines auf, in denen eure Kontakte ihren selbst kreierten Avatar teilen. Diese Avatare k\u00f6nnen so ziemlich alle Gef\u00fchlsregungen abbilden, die ihr euch vorstellen k\u00f6nnt. Die Skala reicht von tief traurig bis h\u00f6chst erfreut. Das gesamte Facebook-Avatar-Set seht ihr oben im Beitragsbild.<\/p>\n<div id=\"attachment_50991\" style=\"width: 660px\" class=\"wp-caption alignright\"><img loading=\"lazy\" decoding=\"async\" aria-describedby=\"caption-attachment-50991\" class=\"size-full wp-image-50991\" src=\"https:\/\/pcspezialist.de\/blog\/wp-content\/uploads\/2020\/05\/Facebook-Avatar1.jpg\" alt=\"Zu sehen ist ein Facebook-Avatar in der Timeline eines Facebook-Accounts. Ein weitere Screenshot zeigt den Start des Facebook-Avatar-Konfigurators. Bild: PC-SPEZIALIST\" width=\"650\" height=\"450\" \/><p id=\"caption-attachment-50991\" class=\"wp-caption-text\">Wenn ihr Gl\u00fcck habt, sto\u00dft ihr in eurer Timeline auf den Facebook-Avatar eines Freundes und k\u00f6nnt direkt eure eigene Version erstellen. Bild: PC-SPEZIALIST<\/p><\/div>\n<h4>Facebook-Avatar: Freut euch nicht zu fr\u00fch<\/h4>\n<p>Die schlechte Nachricht: Es scheint so, dass die Avatar-Funktion aktuell (Stand: 19.05.2020) wohl noch nicht f\u00fcr alle Facebook-Nutzer in Deutschland verf\u00fcgbar. Viele von euch haben sich bei uns gemeldet und berichtet: Facebook-Avatar geht nicht bei mir. Wir vermuten, dass Facebook die Avatar-Funktion noch nicht f\u00fcr alle Nutzer in Deutschland freigeschaltet hat. Wir gehen aber davon aus, dass sie nach und nach f\u00fcr euch alle ausgerollt wird.<\/p>\n<p>Erstellen lassen sich die Avatare \u00fcbrigens nur \u00fcber die Facebook-App auf dem Handy. Habt ihr das einmal gemacht, sind sie aber auch in der Desktop-Version verf\u00fcgbar.<\/p>\n<p>Ihr fragt euch: Wie kann ich einen Facebook-Avatar erstellen? Oder: Wo kann ich die Avatare finden \u2013 sofern die Funktion f\u00fcr mich schon verf\u00fcgbar ist? Wir erkl\u00e4ren euch, wie ihr einen Facebook-Avatar erstellen k\u00f6nnt und wo ihr euren Facebook-Avatar wiederfinden k\u00f6nnt.<\/p>\n<h3>Facebook-Avatar erstellen<\/h3>\n<p>Mit unserer Schritt-f\u00fcr-Schritt-Anleitung k\u00f6nnt ihr ganz einfach per Facebook-App auf dem Handy euren eigenen Facebook-Avatar erstellen:<\/p>\n<ol>\n<li>Wenn ihr in eurer Timeline einen Avatar-Post von einem Kontakt entdeckt, habt ihr es einfach. Ihr m\u00fcsst nur auf den Button \u201eProbiere es aus\u201c klicken und schon \u00f6ffnet sich ein Fenster mit dem Konfigurator. Falls euch kein Avatar begegnet, \u00f6ffnet ihr \u00fcber die drei Striche oben rechts das Men\u00fc. Dort scrollt ihr nach unten, tippt auf \u201eMehr anzeigen\u201c und geht zu dem Punkt \u201eAvatare\u201c. Sp\u00e4ter war der Punkt bei uns \u00fcbrigens schon direkt oben im Men\u00fc zu finden.<\/li>\n<li>Der Facebook-Avatar-Konfiguratur ist ziemlich einfach gestrickt. Ihr k\u00f6nnt nacheinander Hautton, Haarschnitt, Haarfarbe, Gesichtsform, Augenform, Augenfarbe, Nase, Lippen und mehr bestimmen. Das Vorschaubild passt sich mit jedem Schritt an. Oben rechts gibt es auch ein Spiegel-Symbol. Dar\u00fcber k\u00f6nnt ihr eure Kamera starten und habt es dann noch einfacher, die passenden Einstellungen zu finden. \u00dcbrigens: Ob ihr m\u00e4nnlich oder weiblich seid, definiert ihr \u00fcber die verschiedenen Merkmale eures Aussehens. Einen speziellen Button gibt es daf\u00fcr nicht.<\/li>\n<li>Habt ihr alles festgelegt, klickt ihr auf den blauen \u201eFertig\u201c-Button. Nun erhaltet ihr in einem neuen Fenster die Nachricht \u201eDas ist dein Avatar\u201c. Klickt jetzt auf \u201eWeiter\u201c. In einem neuen Fenster k\u00f6nnt ihr eine Pose ausw\u00e4hlen und den Avatar in eurer Timeline teilen oder diesen Punkt \u00fcberspringen.<\/li>\n<\/ol>\n<p>Und schon seid ihr stolze Besitzer eines eigenen Facebook-Avatars. Probiert es doch einfach mal aus! Spa\u00df macht dieses neue Feature auf jeden Fall.<\/p>\n<div id=\"attachment_50993\" style=\"width: 660px\" class=\"wp-caption alignright\"><img loading=\"lazy\" decoding=\"async\" aria-describedby=\"caption-attachment-50993\" class=\"size-full wp-image-50993\" src=\"https:\/\/pcspezialist.de\/blog\/wp-content\/uploads\/2020\/05\/Facebook-Avatar3.jpg\" alt=\"Zu sehen sind drei Screenshots aus dem Facebook-Avatar-Konfigurator. Bild: PC-SPEZIALIST\" width=\"650\" height=\"450\" \/><p id=\"caption-attachment-50993\" class=\"wp-caption-text\">So erstellt ihr euren Facebook-Avatar Schritt f\u00fcr Schritt. Bild: PC-SPEZIALIST<\/p><\/div>\n<h4>Wo finde ich meinen Facebook-Avatar?<\/h4>\n<p>Ihr fragt euch, wo ihr nach der Erstellung euren Facebook-Avatar finden und wie ihr den Avatar verwenden k\u00f6nnt? Wir haben daf\u00fcr derzeit nur einen Weg gefunden: Er taucht in den Beitr\u00e4gen eurer Kontakte in der Kommentarfunktion auf. Zum Ausprobieren k\u00f6nnt ihr in eurer Timeline einfach mal auf das Kommentarfeld eines Beitrags tippen. Je nachdem, ob ihr das Handy oder den Desktop nutzt, findet ihr eurer Avatar-Set jetzt an einer anderen Stelle.<\/p>\n<p>Nutzt ihr ein Handy, m\u00fcsst ihr auf das Smiley-Symbol tippen. Es \u00f6ffnet sich das Smiley-Men\u00fc, wo ihr oben euer kleines Avatar-Bild seht. Tippt ihr darauf, \u00f6ffnet sich das Facebook-Avatar-Set. Hier k\u00f6nnt ihr die Avatar-Version ausw\u00e4hlen, die eure Stimmung oder eure Reaktion am besten ausdr\u00fcckt.<\/p>\n<p>In der Desktop-Version findet ihr das Avatar-Set dagegen nicht unter Emojis, sondern unter Sticker. Wenn ihr auf das Sticker-Symbol klickt, \u00f6ffnet sich ein kleines Fenster, wo ihr oben das Vorschaubild f\u00fcr euren Avatar finden k\u00f6nnt. Darauf tippen und schon \u00f6ffnet sich das Facebook-Avatar-Set.<\/p>\n<h4>Wie kann ich meinen Facebook-Avatar ver\u00e4ndern?<\/h4>\n<p>Wenn ihr euren Facebook-Avatar sp\u00e4ter noch einmal ver\u00e4ndern m\u00f6chtet, haben wir daf\u00fcr zwei Wege gefunden:<\/p>\n<ol>\n<li>Ihr geht \u00fcber das Men\u00fc. Das sind die drei Striche oben rechts. Vielleicht wird euch dort schon direkt der Punkt \u201eAvatare\u201c angezeigt. Vielleicht m\u00fcsst ihr aber auch nach unten scrollen, auf \u201eMehr anzeigen\u201c tippen und findet den Punkt dann dort. Tippt ihr darauf, wird euch euer aktueller Avatar angezeigt. Oben rechts findet ihr drei Symbole. Eines davon ist der Stift \u2013 er steht symbolisch f\u00fcr \u201eBearbeiten\u201c. Darauf tippt ihr und \u00f6ffnest damit den Konfigurator.<\/li>\n<li>Ihr geht zu einem Beitrag in eurer Timeline, tippt auf das \u201eKommentieren\u201c-Feld, tippt auf den Emoji, dann in dem kleinen Fenster auf euer Avatar-Vorschaubild und schon \u00f6ffnet sich euer Avatar-Set. In blauer Schrift gibt es dort den Punkt \u201eAvatar bearbeiten\u201c. Tippt ihr darauf, wird euch euer aktueller Avatar angezeigt. Oben rechts findet ihr drei Symbole. Eines davon ist der Stift \u2013 er steht symbolisch f\u00fcr \u201eBearbeiten\u201c. Darauf tippt ihr und \u00f6ffnest damit den Konfigurator.<\/li>\n<\/ol>\n<p>Auf diese Weise k\u00f6nnt ihr euren Avatar immer mal wieder ver\u00e4ndern, wenn ihr zum Beispiel eine neue Frisur, eine neue Haarfarbe, eine neue Brille oder den Bart abrasiert habt. Oder immer dasselbe Outfit wird ja auch irgendwann langweilig.<\/p>\n<div id=\"attachment_51011\" style=\"width: 660px\" class=\"wp-caption alignright\"><img loading=\"lazy\" decoding=\"async\" aria-describedby=\"caption-attachment-51011\" class=\"size-full wp-image-51011\" src=\"https:\/\/pcspezialist.de\/blog\/wp-content\/uploads\/2020\/05\/Facebook-Avatar-bearbeiten.jpg\" alt=\"Zu sehen sind Screenshots aus Facebook, die zeigen, wie man den Facebook-Avatar ver\u00e4ndern kann. Bild: PC-SPEZIALIST\" width=\"650\" height=\"450\" \/><p id=\"caption-attachment-51011\" class=\"wp-caption-text\">\u00dcber diese Wege k\u00f6nnt ihr euren Facebook-Avatar sp\u00e4ter ver\u00e4ndern. Bild: PC-SPEZIALIST<\/p><\/div>\n<h3>Facebook-Avatare gehen viral<\/h3>\n<p>Wie findet ihr die Facebook-Avatare? Werdet ihr sie nutzen? Oder gehen euch die Avatare in eurer Facebook-Timeline schon auf die Nerven? Vielleicht findet ihr die Facebook-Alternative im Vergleich zu den Memojis nicht so gelungen. Oder ihr geh\u00f6rt zu denjenigen, die sagen: Facebook-Avatar geht nicht. Schreibt uns in den Kommentaren von euren Erfahrungen! Auch eure Fragen zu den Facebook-Avataren beantworten wir gern.<\/p>\n<p>Ihr k\u00f6nnt euch keine Facebook-Avatar konfigurieren, weil ihr die Facebook-App nicht auf dem Handy installiert bekommt? Dann ist der <a href=\"https:\/\/pcspezialist.de\/it-service-anbieter-finden.html\">PC-SPEZIALIST in eurer N\u00e4he<\/a> genau der richtige Ansprechpartner. Er unterst\u00fctzt euch, wenn ihr euch ein neues Handy angeschafft habt und die Einrichtung einem Profi \u00fcberlassen m\u00f6chtet. Drei Apps installiert unser Fachmann bei <a href=\"https:\/\/pcspezialist.de\/smartphone-startklar-service-android.html\">diesem Service<\/a> direkt mit.<\/p>\n<p>Ihr seid nicht gut auf Facebook zu sprechen, weil ihr euch dar\u00fcber einen Virus eingefangen habt? Auch dann kommt ihr am besten zu PC-SPEZIALIST. Er \u00fcbernimmt die <a href=\"https:\/\/pcspezialist.de\/virenentfernung.html\">Virenentfernung<\/a> und stattet euer Ger\u00e4t mit einem wirksamen <a href=\"https:\/\/pcspezialist.de\/virenschutz.html\">Virenschutz<\/a> aus.<\/p>\n","protected":false},"excerpt":{"rendered":"<p>Vielleicht habt ihr es bei Facebook schon gesehen: Ihr k\u00f6nnt dort jetzt personalisierte Emojis erstellen. Sie werden aber nicht Emoji, sondern Facebook-Avatar genannt. Ob Facebook damit wohl Apples Memojis Konkurrenz machen m\u00f6chte? Wir haben die Facebook-Avatar-Funktion f\u00fcr euch ausprobiert und erkl\u00e4ren euch, wie es geht.<\/p>\n","protected":false},"author":113,"featured_media":50989,"comment_status":"open","ping_status":"closed","sticky":false,"template":"","format":"standard","meta":{"footnotes":""},"categories":[6913],"tags":[1088,1250,9956],"class_list":["post-50987","post","type-post","status-publish","format-standard","has-post-thumbnail","hentry","category-verschiedenes","tag-facebook","tag-social-media","tag-nutzerdaten"],"yoast_head":"<!-- This site is optimized with the Yoast SEO plugin v27.4 - https:\/\/yoast.com\/product\/yoast-seo-wordpress\/ -->\n<title>Facebook-Avatar: So k\u00f6nnt ihr euren Facebook-Avatar erstellen<\/title>\n<meta name=\"description\" content=\"Ihr k\u00f6nnt euch jetzt einen personalisierten Facebook-Avatar erstellen. Ob Facebook damit Apples Memojis Konkurrenz machen will? Mehr dazu bei uns.\" \/>\n<meta name=\"robots\" content=\"index, follow, max-snippet:-1, max-image-preview:large, max-video-preview:-1\" \/>\n<link rel=\"canonical\" href=\"https:\/\/pcspezialist.de\/blog\/2020\/05\/18\/facebook-avatar\/\" \/>\n<meta property=\"og:locale\" content=\"de_DE\" \/>\n<meta property=\"og:type\" content=\"article\" \/>\n<meta property=\"og:title\" content=\"Facebook-Avatar: So k\u00f6nnt ihr euren Facebook-Avatar erstellen\" \/>\n<meta property=\"og:description\" content=\"Ihr k\u00f6nnt euch jetzt einen personalisierten Facebook-Avatar erstellen. Ob Facebook damit Apples Memojis Konkurrenz machen will? Mehr dazu bei uns.\" \/>\n<meta property=\"og:url\" content=\"https:\/\/pcspezialist.de\/blog\/2020\/05\/18\/facebook-avatar\/\" \/>\n<meta property=\"og:site_name\" content=\"PC-SPEZIALIST Blog\" \/>\n<meta property=\"article:published_time\" content=\"2020-05-18T11:14:04+00:00\" \/>\n<meta property=\"article:modified_time\" content=\"2024-11-05T11:52:56+00:00\" \/>\n<meta property=\"og:image\" content=\"https:\/\/pcspezialist.de\/blog\/wp-content\/uploads\/2020\/05\/Facebook-Avatar.jpg\" \/>\n\t<meta property=\"og:image:width\" content=\"1280\" \/>\n\t<meta property=\"og:image:height\" content=\"700\" \/>\n\t<meta property=\"og:image:type\" content=\"image\/jpeg\" \/>\n<meta name=\"author\" content=\"Janina Kr\u00f6ger\" \/>\n<meta name=\"twitter:card\" content=\"summary_large_image\" \/>\n<meta name=\"twitter:label1\" content=\"Verfasst von\" \/>\n\t<meta name=\"twitter:data1\" content=\"Janina Kr\u00f6ger\" \/>\n\t<meta name=\"twitter:label2\" content=\"Gesch\u00e4tzte Lesezeit\" \/>\n\t<meta name=\"twitter:data2\" content=\"6\u00a0Minuten\" \/>\n<script type=\"application\/ld+json\" class=\"yoast-schema-graph\">{\"@context\":\"https:\\\/\\\/schema.org\",\"@graph\":[{\"@type\":\"Article\",\"@id\":\"https:\\\/\\\/pcspezialist.de\\\/blog\\\/2020\\\/05\\\/18\\\/facebook-avatar\\\/#article\",\"isPartOf\":{\"@id\":\"https:\\\/\\\/pcspezialist.de\\\/blog\\\/2020\\\/05\\\/18\\\/facebook-avatar\\\/\"},\"author\":{\"name\":\"Janina Kr\u00f6ger\",\"@id\":\"https:\\\/\\\/pcspezialist.de\\\/blog\\\/#\\\/schema\\\/person\\\/6cdcc7f81aad53aaccd2c8b8534867c3\"},\"headline\":\"Facebook-Avatar ## So k\u00f6nnt ihr euren eigenen Facebook-Avatar erstellen\",\"datePublished\":\"2020-05-18T11:14:04+00:00\",\"dateModified\":\"2024-11-05T11:52:56+00:00\",\"mainEntityOfPage\":{\"@id\":\"https:\\\/\\\/pcspezialist.de\\\/blog\\\/2020\\\/05\\\/18\\\/facebook-avatar\\\/\"},\"wordCount\":1206,\"commentCount\":80,\"image\":{\"@id\":\"https:\\\/\\\/pcspezialist.de\\\/blog\\\/2020\\\/05\\\/18\\\/facebook-avatar\\\/#primaryimage\"},\"thumbnailUrl\":\"https:\\\/\\\/pcspezialist.de\\\/blog\\\/wp-content\\\/uploads\\\/2020\\\/05\\\/Facebook-Avatar.jpg\",\"keywords\":[\"Facebook\",\"Social Media\",\"Nutzerdaten\"],\"articleSection\":[\"Verschiedenes\"],\"inLanguage\":\"de\",\"potentialAction\":[{\"@type\":\"CommentAction\",\"name\":\"Comment\",\"target\":[\"https:\\\/\\\/pcspezialist.de\\\/blog\\\/2020\\\/05\\\/18\\\/facebook-avatar\\\/#respond\"]}]},{\"@type\":\"WebPage\",\"@id\":\"https:\\\/\\\/pcspezialist.de\\\/blog\\\/2020\\\/05\\\/18\\\/facebook-avatar\\\/\",\"url\":\"https:\\\/\\\/pcspezialist.de\\\/blog\\\/2020\\\/05\\\/18\\\/facebook-avatar\\\/\",\"name\":\"Facebook-Avatar: So k\u00f6nnt ihr euren Facebook-Avatar erstellen\",\"isPartOf\":{\"@id\":\"https:\\\/\\\/pcspezialist.de\\\/blog\\\/#website\"},\"primaryImageOfPage\":{\"@id\":\"https:\\\/\\\/pcspezialist.de\\\/blog\\\/2020\\\/05\\\/18\\\/facebook-avatar\\\/#primaryimage\"},\"image\":{\"@id\":\"https:\\\/\\\/pcspezialist.de\\\/blog\\\/2020\\\/05\\\/18\\\/facebook-avatar\\\/#primaryimage\"},\"thumbnailUrl\":\"https:\\\/\\\/pcspezialist.de\\\/blog\\\/wp-content\\\/uploads\\\/2020\\\/05\\\/Facebook-Avatar.jpg\",\"datePublished\":\"2020-05-18T11:14:04+00:00\",\"dateModified\":\"2024-11-05T11:52:56+00:00\",\"author\":{\"@id\":\"https:\\\/\\\/pcspezialist.de\\\/blog\\\/#\\\/schema\\\/person\\\/6cdcc7f81aad53aaccd2c8b8534867c3\"},\"description\":\"Ihr k\u00f6nnt euch jetzt einen personalisierten Facebook-Avatar erstellen. Ob Facebook damit Apples Memojis Konkurrenz machen will? Mehr dazu bei uns.\",\"breadcrumb\":{\"@id\":\"https:\\\/\\\/pcspezialist.de\\\/blog\\\/2020\\\/05\\\/18\\\/facebook-avatar\\\/#breadcrumb\"},\"inLanguage\":\"de\",\"potentialAction\":[{\"@type\":\"ReadAction\",\"target\":[\"https:\\\/\\\/pcspezialist.de\\\/blog\\\/2020\\\/05\\\/18\\\/facebook-avatar\\\/\"]}]},{\"@type\":\"ImageObject\",\"inLanguage\":\"de\",\"@id\":\"https:\\\/\\\/pcspezialist.de\\\/blog\\\/2020\\\/05\\\/18\\\/facebook-avatar\\\/#primaryimage\",\"url\":\"https:\\\/\\\/pcspezialist.de\\\/blog\\\/wp-content\\\/uploads\\\/2020\\\/05\\\/Facebook-Avatar.jpg\",\"contentUrl\":\"https:\\\/\\\/pcspezialist.de\\\/blog\\\/wp-content\\\/uploads\\\/2020\\\/05\\\/Facebook-Avatar.jpg\",\"width\":1280,\"height\":700,\"caption\":\"Habt ihr euch einen Facebook Avatar erstellt, erhaltet ihr ein ganzes Set an individualisierten Emojis. Bild: PC-SPEZIALIST\"},{\"@type\":\"BreadcrumbList\",\"@id\":\"https:\\\/\\\/pcspezialist.de\\\/blog\\\/2020\\\/05\\\/18\\\/facebook-avatar\\\/#breadcrumb\",\"itemListElement\":[{\"@type\":\"ListItem\",\"position\":1,\"name\":\"Startseite\",\"item\":\"https:\\\/\\\/pcspezialist.de\\\/blog\\\/\"},{\"@type\":\"ListItem\",\"position\":2,\"name\":\"Facebook-Avatar ## So k\u00f6nnt ihr euren eigenen Facebook-Avatar erstellen\"}]},{\"@type\":\"WebSite\",\"@id\":\"https:\\\/\\\/pcspezialist.de\\\/blog\\\/#website\",\"url\":\"https:\\\/\\\/pcspezialist.de\\\/blog\\\/\",\"name\":\"PC-SPEZIALIST Blog\",\"description\":\"IT-Service, Trends &amp; Technik\",\"potentialAction\":[{\"@type\":\"SearchAction\",\"target\":{\"@type\":\"EntryPoint\",\"urlTemplate\":\"https:\\\/\\\/pcspezialist.de\\\/blog\\\/?s={search_term_string}\"},\"query-input\":{\"@type\":\"PropertyValueSpecification\",\"valueRequired\":true,\"valueName\":\"search_term_string\"}}],\"inLanguage\":\"de\"},{\"@type\":\"Person\",\"@id\":\"https:\\\/\\\/pcspezialist.de\\\/blog\\\/#\\\/schema\\\/person\\\/6cdcc7f81aad53aaccd2c8b8534867c3\",\"name\":\"Janina Kr\u00f6ger\",\"description\":\"Seit Anfang 2019 unterst\u00fctzt Janina Kr\u00f6ger den PC-SPEZIALIST-Blog \u2013 anfangs in der Position der Online-Redakteurin und inzwischen als Content Marketing Managerin. Die studierte Germanistin\\\/Anglistin und ausgebildete Redakteurin beh\u00e4lt das Geschehen auf dem IT-Markt im Blick, verfolgt gespannt neue Trends und Technologien und beobachtet aktuelle Bedrohungen im Bereich des Cybercrime. Die relevantesten Infos werden dann in interessante Blog-Beitr\u00e4ge verpackt, um vor allem Unternehmen mit n\u00fctzlichem Wissen zu versorgen, das sie gewinnbringend f\u00fcr sich nutzen k\u00f6nnen. Der schreibenden Zunft geh\u00f6rt Janina Kr\u00f6ger bereits seit 2006 an, als sie ein Praktikum beim WESTF\u00c4LISCHEN VOLKSBLATT absolvierte und der Regionalzeitung anschlie\u00dfend als Freie Mitarbeiterin erhalten blieb. Nach ihrem Studium an der Universit\u00e4t Paderborn ging es mit Hospitanz, Volontariat und Redakteurs-Posten beim WESTFALEN-BLATT vollends in den Journalismus. Mit dem Wechsel zum Publicpress Verlag lernte Janina Kr\u00f6ger als Text-Redakteurin ein f\u00fcr sie neues Themengebiet kennen: Die Produktion von Reisef\u00fchrern, Wanderf\u00fchrern und Radtourenf\u00fchrern sowie die Erstellung von Freizeitkarten und Stadtpl\u00e4nen waren die neuen Aufgaben \u2013 allerdings sollten Google Maps und Co. dem Erfolg des Verlags bald ein Ende setzen. F\u00fcr Janina Kr\u00f6ger bedeutete das: Als n\u00e4chstes muss ein Job in einem Themengebiet mit besseren Zukunftsaussichten her \u2013 die IT-Branche schien da genau richtig! Seit 2019 f\u00fchlt sich die gelernte Redakteurin nun bei der SYNAXON AG als Mutterunternehmen von PC-SPEZIALIST bestens aufgehoben und ist nach einer kurzen Elternzeit inzwischen wieder voll im Tagesgesch\u00e4ft angekommen. In ihrer Freizeit tauscht Janina Kr\u00f6ger den Laptop gern gegen ihre Back- und Kochutensilien aus. Zeit mit ihrer Familie hat h\u00f6chste Priorit\u00e4t. Andere Hobbies wie das Lesen, Hulahoop-Schwingen und Trampolin-H\u00fcpfen sind daher zuletzt etwas in den Hintergrund getreten.\",\"url\":\"https:\\\/\\\/pcspezialist.de\\\/blog\\\/author\\\/janina-kroegersynaxon-de\\\/\"}]}<\/script>\n<!-- \/ Yoast SEO plugin. -->","yoast_head_json":{"title":"Facebook-Avatar: So k\u00f6nnt ihr euren Facebook-Avatar erstellen","description":"Ihr k\u00f6nnt euch jetzt einen personalisierten Facebook-Avatar erstellen. Ob Facebook damit Apples Memojis Konkurrenz machen will? Mehr dazu bei uns.","robots":{"index":"index","follow":"follow","max-snippet":"max-snippet:-1","max-image-preview":"max-image-preview:large","max-video-preview":"max-video-preview:-1"},"canonical":"https:\/\/pcspezialist.de\/blog\/2020\/05\/18\/facebook-avatar\/","og_locale":"de_DE","og_type":"article","og_title":"Facebook-Avatar: So k\u00f6nnt ihr euren Facebook-Avatar erstellen","og_description":"Ihr k\u00f6nnt euch jetzt einen personalisierten Facebook-Avatar erstellen. Ob Facebook damit Apples Memojis Konkurrenz machen will? Mehr dazu bei uns.","og_url":"https:\/\/pcspezialist.de\/blog\/2020\/05\/18\/facebook-avatar\/","og_site_name":"PC-SPEZIALIST Blog","article_published_time":"2020-05-18T11:14:04+00:00","article_modified_time":"2024-11-05T11:52:56+00:00","og_image":[{"width":1280,"height":700,"url":"https:\/\/pcspezialist.de\/blog\/wp-content\/uploads\/2020\/05\/Facebook-Avatar.jpg","type":"image\/jpeg"}],"author":"Janina Kr\u00f6ger","twitter_card":"summary_large_image","twitter_misc":{"Verfasst von":"Janina Kr\u00f6ger","Gesch\u00e4tzte Lesezeit":"6\u00a0Minuten"},"schema":{"@context":"https:\/\/schema.org","@graph":[{"@type":"Article","@id":"https:\/\/pcspezialist.de\/blog\/2020\/05\/18\/facebook-avatar\/#article","isPartOf":{"@id":"https:\/\/pcspezialist.de\/blog\/2020\/05\/18\/facebook-avatar\/"},"author":{"name":"Janina Kr\u00f6ger","@id":"https:\/\/pcspezialist.de\/blog\/#\/schema\/person\/6cdcc7f81aad53aaccd2c8b8534867c3"},"headline":"Facebook-Avatar ## So k\u00f6nnt ihr euren eigenen Facebook-Avatar erstellen","datePublished":"2020-05-18T11:14:04+00:00","dateModified":"2024-11-05T11:52:56+00:00","mainEntityOfPage":{"@id":"https:\/\/pcspezialist.de\/blog\/2020\/05\/18\/facebook-avatar\/"},"wordCount":1206,"commentCount":80,"image":{"@id":"https:\/\/pcspezialist.de\/blog\/2020\/05\/18\/facebook-avatar\/#primaryimage"},"thumbnailUrl":"https:\/\/pcspezialist.de\/blog\/wp-content\/uploads\/2020\/05\/Facebook-Avatar.jpg","keywords":["Facebook","Social Media","Nutzerdaten"],"articleSection":["Verschiedenes"],"inLanguage":"de","potentialAction":[{"@type":"CommentAction","name":"Comment","target":["https:\/\/pcspezialist.de\/blog\/2020\/05\/18\/facebook-avatar\/#respond"]}]},{"@type":"WebPage","@id":"https:\/\/pcspezialist.de\/blog\/2020\/05\/18\/facebook-avatar\/","url":"https:\/\/pcspezialist.de\/blog\/2020\/05\/18\/facebook-avatar\/","name":"Facebook-Avatar: So k\u00f6nnt ihr euren Facebook-Avatar erstellen","isPartOf":{"@id":"https:\/\/pcspezialist.de\/blog\/#website"},"primaryImageOfPage":{"@id":"https:\/\/pcspezialist.de\/blog\/2020\/05\/18\/facebook-avatar\/#primaryimage"},"image":{"@id":"https:\/\/pcspezialist.de\/blog\/2020\/05\/18\/facebook-avatar\/#primaryimage"},"thumbnailUrl":"https:\/\/pcspezialist.de\/blog\/wp-content\/uploads\/2020\/05\/Facebook-Avatar.jpg","datePublished":"2020-05-18T11:14:04+00:00","dateModified":"2024-11-05T11:52:56+00:00","author":{"@id":"https:\/\/pcspezialist.de\/blog\/#\/schema\/person\/6cdcc7f81aad53aaccd2c8b8534867c3"},"description":"Ihr k\u00f6nnt euch jetzt einen personalisierten Facebook-Avatar erstellen. Ob Facebook damit Apples Memojis Konkurrenz machen will? Mehr dazu bei uns.","breadcrumb":{"@id":"https:\/\/pcspezialist.de\/blog\/2020\/05\/18\/facebook-avatar\/#breadcrumb"},"inLanguage":"de","potentialAction":[{"@type":"ReadAction","target":["https:\/\/pcspezialist.de\/blog\/2020\/05\/18\/facebook-avatar\/"]}]},{"@type":"ImageObject","inLanguage":"de","@id":"https:\/\/pcspezialist.de\/blog\/2020\/05\/18\/facebook-avatar\/#primaryimage","url":"https:\/\/pcspezialist.de\/blog\/wp-content\/uploads\/2020\/05\/Facebook-Avatar.jpg","contentUrl":"https:\/\/pcspezialist.de\/blog\/wp-content\/uploads\/2020\/05\/Facebook-Avatar.jpg","width":1280,"height":700,"caption":"Habt ihr euch einen Facebook Avatar erstellt, erhaltet ihr ein ganzes Set an individualisierten Emojis. Bild: PC-SPEZIALIST"},{"@type":"BreadcrumbList","@id":"https:\/\/pcspezialist.de\/blog\/2020\/05\/18\/facebook-avatar\/#breadcrumb","itemListElement":[{"@type":"ListItem","position":1,"name":"Startseite","item":"https:\/\/pcspezialist.de\/blog\/"},{"@type":"ListItem","position":2,"name":"Facebook-Avatar ## So k\u00f6nnt ihr euren eigenen Facebook-Avatar erstellen"}]},{"@type":"WebSite","@id":"https:\/\/pcspezialist.de\/blog\/#website","url":"https:\/\/pcspezialist.de\/blog\/","name":"PC-SPEZIALIST Blog","description":"IT-Service, Trends &amp; Technik","potentialAction":[{"@type":"SearchAction","target":{"@type":"EntryPoint","urlTemplate":"https:\/\/pcspezialist.de\/blog\/?s={search_term_string}"},"query-input":{"@type":"PropertyValueSpecification","valueRequired":true,"valueName":"search_term_string"}}],"inLanguage":"de"},{"@type":"Person","@id":"https:\/\/pcspezialist.de\/blog\/#\/schema\/person\/6cdcc7f81aad53aaccd2c8b8534867c3","name":"Janina Kr\u00f6ger","description":"Seit Anfang 2019 unterst\u00fctzt Janina Kr\u00f6ger den PC-SPEZIALIST-Blog \u2013 anfangs in der Position der Online-Redakteurin und inzwischen als Content Marketing Managerin. Die studierte Germanistin\/Anglistin und ausgebildete Redakteurin beh\u00e4lt das Geschehen auf dem IT-Markt im Blick, verfolgt gespannt neue Trends und Technologien und beobachtet aktuelle Bedrohungen im Bereich des Cybercrime. Die relevantesten Infos werden dann in interessante Blog-Beitr\u00e4ge verpackt, um vor allem Unternehmen mit n\u00fctzlichem Wissen zu versorgen, das sie gewinnbringend f\u00fcr sich nutzen k\u00f6nnen. Der schreibenden Zunft geh\u00f6rt Janina Kr\u00f6ger bereits seit 2006 an, als sie ein Praktikum beim WESTF\u00c4LISCHEN VOLKSBLATT absolvierte und der Regionalzeitung anschlie\u00dfend als Freie Mitarbeiterin erhalten blieb. Nach ihrem Studium an der Universit\u00e4t Paderborn ging es mit Hospitanz, Volontariat und Redakteurs-Posten beim WESTFALEN-BLATT vollends in den Journalismus. Mit dem Wechsel zum Publicpress Verlag lernte Janina Kr\u00f6ger als Text-Redakteurin ein f\u00fcr sie neues Themengebiet kennen: Die Produktion von Reisef\u00fchrern, Wanderf\u00fchrern und Radtourenf\u00fchrern sowie die Erstellung von Freizeitkarten und Stadtpl\u00e4nen waren die neuen Aufgaben \u2013 allerdings sollten Google Maps und Co. dem Erfolg des Verlags bald ein Ende setzen. F\u00fcr Janina Kr\u00f6ger bedeutete das: Als n\u00e4chstes muss ein Job in einem Themengebiet mit besseren Zukunftsaussichten her \u2013 die IT-Branche schien da genau richtig! Seit 2019 f\u00fchlt sich die gelernte Redakteurin nun bei der SYNAXON AG als Mutterunternehmen von PC-SPEZIALIST bestens aufgehoben und ist nach einer kurzen Elternzeit inzwischen wieder voll im Tagesgesch\u00e4ft angekommen. In ihrer Freizeit tauscht Janina Kr\u00f6ger den Laptop gern gegen ihre Back- und Kochutensilien aus. Zeit mit ihrer Familie hat h\u00f6chste Priorit\u00e4t. Andere Hobbies wie das Lesen, Hulahoop-Schwingen und Trampolin-H\u00fcpfen sind daher zuletzt etwas in den Hintergrund getreten.","url":"https:\/\/pcspezialist.de\/blog\/author\/janina-kroegersynaxon-de\/"}]}},"_links":{"self":[{"href":"https:\/\/pcspezialist.de\/blog\/wp-json\/wp\/v2\/posts\/50987","targetHints":{"allow":["GET"]}}],"collection":[{"href":"https:\/\/pcspezialist.de\/blog\/wp-json\/wp\/v2\/posts"}],"about":[{"href":"https:\/\/pcspezialist.de\/blog\/wp-json\/wp\/v2\/types\/post"}],"author":[{"embeddable":true,"href":"https:\/\/pcspezialist.de\/blog\/wp-json\/wp\/v2\/users\/113"}],"replies":[{"embeddable":true,"href":"https:\/\/pcspezialist.de\/blog\/wp-json\/wp\/v2\/comments?post=50987"}],"version-history":[{"count":20,"href":"https:\/\/pcspezialist.de\/blog\/wp-json\/wp\/v2\/posts\/50987\/revisions"}],"predecessor-version":[{"id":50999,"href":"https:\/\/pcspezialist.de\/blog\/wp-json\/wp\/v2\/posts\/50987\/revisions\/50999"}],"wp:featuredmedia":[{"embeddable":true,"href":"https:\/\/pcspezialist.de\/blog\/wp-json\/wp\/v2\/media\/50989"}],"wp:attachment":[{"href":"https:\/\/pcspezialist.de\/blog\/wp-json\/wp\/v2\/media?parent=50987"}],"wp:term":[{"taxonomy":"category","embeddable":true,"href":"https:\/\/pcspezialist.de\/blog\/wp-json\/wp\/v2\/categories?post=50987"},{"taxonomy":"post_tag","embeddable":true,"href":"https:\/\/pcspezialist.de\/blog\/wp-json\/wp\/v2\/tags?post=50987"}],"curies":[{"name":"wp","href":"https:\/\/api.w.org\/{rel}","templated":true}]}}