{"id":50914,"date":"2020-05-12T12:15:49","date_gmt":"2020-05-12T10:15:49","guid":{"rendered":"https:\/\/www.pcspezialist.de\/blog\/?p=50914"},"modified":"2024-11-05T12:53:20","modified_gmt":"2024-11-05T11:53:20","slug":"3g-abschaltung","status":"publish","type":"post","link":"https:\/\/pcspezialist.de\/blog\/2020\/05\/12\/3g-abschaltung\/","title":{"rendered":"3G-Abschaltung kommt ## Surft ihr bald nur noch im Schneckentempo?"},"content":{"rendered":"<p><strong>Nutzt ihr noch eine 3G-SIM-Karte in eurem Handy? Dann solltet ihr euch langsam aber sicher nach Alternativen umschauen, denn: Die 3G-Abschaltung steht bevor. Vodafone macht im Sommer 2021 den Anfang.<\/strong><\/p>\n<p>Was die 3G-Abschaltung genau bedeutet und wie der Fahrplan der Mobilfunkanbieter aussieht, lest ihr bei uns.<\/p>\n<p><!--more--><\/p>\n<h3>3G-Abschaltung kommt ab Juni 2021<\/h3>\n<p>Habt ihr schon davon geh\u00f6rt, dass die 3G-Abschaltung bevorsteht? Zur Erinnerung: 3G bezeichnet einen Standard der Netzabdeckung, der bereits im Jahr 2000 entwickelt worden ist. Und daraus ergibt sich auch schon der Grund, der hinter der Abschaltung von 3G steckt: Die gro\u00dfen Mobilfunkanbieter m\u00f6chten Geld und Netzkapazit\u00e4ten lieber in neue Technologien investieren \u2013 also in LTE und 5G.<\/p>\n<p>Falls euch von diesen ganzen Begriffe der Kopf schwirrt, legen wir euch unseren Blogbeitrag zur <a href=\"https:\/\/pcspezialist.de\/blog\/2018\/04\/10\/netzabdeckung-mobiles-internet\/\">Netzabdeckung<\/a> ans Herz. Darin erkl\u00e4ren wir ausf\u00fchrlich, was 3G (UTMS), 4G (LTE) und 5G eigentlich sind und worin genau die Unterschiede liegen. <a href=\"https:\/\/pcspezialist.de\/blog\/2019\/06\/18\/4g-netz\/\">4G<\/a> gibt es zum Beispiel seit 2010, das Netz ist aber immer noch nicht fl\u00e4chendeckend verf\u00fcgbar. Die Mobilfunkanbieter haben hier also noch immer Aufholbedarf.<\/p>\n<p>5G ist noch einmal eine ganz andere Geschichte. Im Jahr 2019 haben sich Telekom, Vodafone, Telef\u00f3nica (O2) und Drillisch bei einer <a href=\"https:\/\/pcspezialist.de\/blog\/2019\/03\/20\/5g-auktion\/\">Auktion<\/a> der Bundesnetzagentur die 5G-Frequenzen gesichert. Seitdem treiben sie mit Hochdruck den <a href=\"https:\/\/pcspezialist.de\/blog\/2019\/07\/08\/5g-ausbau\/\">5G-Ausbau<\/a> voran. Angesichts dessen bleibt keine Zeit f\u00fcr das veraltete 3G.<\/p>\n<div id=\"attachment_50931\" style=\"width: 677px\" class=\"wp-caption alignright\"><img loading=\"lazy\" decoding=\"async\" aria-describedby=\"caption-attachment-50931\" class=\"size-medium wp-image-50931\" src=\"https:\/\/pcspezialist.de\/blog\/wp-content\/uploads\/2020\/05\/radio-tower-1270871_1920-667x500.jpg\" alt=\"Zu sehen ist ein Sendemast. Mit der 3G-Abschaltung sollen Kapazit\u00e4ten f\u00fcr LTE geschaffen werden. Bild: Pixabay\/Ich bin dann mal raus hier\" width=\"667\" height=\"500\" srcset=\"https:\/\/pcspezialist.de\/blog\/wp-content\/uploads\/2020\/05\/radio-tower-1270871_1920-667x500.jpg 667w, https:\/\/pcspezialist.de\/blog\/wp-content\/uploads\/2020\/05\/radio-tower-1270871_1920-933x700.jpg 933w, https:\/\/pcspezialist.de\/blog\/wp-content\/uploads\/2020\/05\/radio-tower-1270871_1920-768x576.jpg 768w, https:\/\/pcspezialist.de\/blog\/wp-content\/uploads\/2020\/05\/radio-tower-1270871_1920-1536x1152.jpg 1536w, https:\/\/pcspezialist.de\/blog\/wp-content\/uploads\/2020\/05\/radio-tower-1270871_1920.jpg 1920w\" sizes=\"auto, (max-width: 667px) 100vw, 667px\" \/><p id=\"caption-attachment-50931\" class=\"wp-caption-text\">Damit mehr Kapazit\u00e4ten f\u00fcr LTE frei werden, steht die 3G-Abschaltung bevor. Bild: Pixabay\/Ich bin dann mal raus hier<\/p><\/div>\n<h3>Warum 3G-Netz-Abschaltung?<\/h3>\n<p>S\u00e4mtliche Netzanbieter planen daher die Abschaltung von 3G. Allm\u00e4hlich stellen sie daf\u00fcr auch ihre Fahrpl\u00e4ne auf. Sowohl Vodafone als auch O2 wollen ihre 3G-Netze schon Ende Juni 2021 abschalten. Die Telekom will 3G noch bis zum Ende des Jahres 2021 bereithalten.<\/p>\n<p>Damit sollen Frequenzen, die bislang f\u00fcr 3G reserviert waren, f\u00fcr leistungsf\u00e4higere Technologien zur Verf\u00fcgung stehen. LTE liefert euch wesentlich schnellere Datenraten \u2013 in der Spitze ist 4G etwa zehn bis zwanzig Mal schneller als 3G und spart dabei f\u00fcr die \u00dcbertragung einer vergleichbaren Datenmenge ungef\u00e4hr das Siebenfache an Energie ein.<\/p>\n<p>Aus Sicht der Telekommunikationsanbieter sind das nat\u00fcrlich gute Gr\u00fcnde, auf LTE und 5G zu setzen. Allerdings k\u00f6nnte das Ganze f\u00fcr euch problematisch werden.<\/p>\n<h3>3G wird abgeschaltet \u2013 das m\u00fcsst ihr wissen<\/h3>\n<p>Laut <a href=\"https:\/\/www.bundesnetzagentur.de\/SharedDocs\/Mediathek\/Jahresberichte\/JB2019.pdf;jsessionid=28BC1D4F050161A4EFD7C9E1A5DB4F6D?__blob=publicationFile&amp;v=6\" target=\"_blank\" rel=\"noopener noreferrer\">Bundesnetzagentur<\/a> waren in Deutschland Ende 2019 aber noch fast 48 Millionen Handys im Umlauf, die den 3G-Standard verwenden. Das sind 45 Prozent aller aktiv genutzten Ger\u00e4te. Als \u201eaktiv genutzt\u201c gelten dabei Ger\u00e4te, mit denen in den drei Monaten vor der Auswertung per Rechnung nachweisbar kommuniziert worden ist. Vodafone <a href=\"https:\/\/www.chip.de\/news\/Bye-bye-3G-Vodafone-gibt-Termin-fuer-UMTS-Abschaltung-bekannt_182691983.html\" target=\"_blank\" rel=\"noopener noreferrer\">wiegelt das ab<\/a>: Weniger als drei Prozent der Kunden w\u00fcrden noch 3G f\u00fcr mobiles Internet nutzen.<\/p>\n<p>In der Konsequenz k\u00f6nnte <a href=\"https:\/\/t3n.de\/news\/48-millionen-handys-surfen-nur-1277435\/\" target=\"_blank\" rel=\"noopener noreferrer\">Millionen von Handys<\/a> eine Internetverbindung im Schneckentempo drohen. Anstatt mit bis zu 42,2 Mbit\/s im 3G-Netz w\u00fcrdet ihr mit maximal 220 kbit\/s surfen k\u00f6nnen. Vielleicht seid ihr dann schneller zu Fu\u00df bei jemandem, als dass eure WhatsApp bei ihm ankommt&#8230;<\/p>\n<p>Es gibt aber auch eine gute Nachricht: Die meisten Handys, die j\u00fcnger als das iPhone 5 oder das Samsung Galaxy S4 sind, sind auch LTE-f\u00e4hig. Ihr m\u00fcsst dann nur eure bisherige SIM-Karte gegen eine neue SIM-Karte tauschen und k\u00f6nnt dann ins 4G-Netz, sprich LTE, wechseln. Eine Geb\u00fchr k\u00f6nnte daf\u00fcr allerdings anfallen.<\/p>\n<h3>Neues Handy, mehr Tempo<\/h3>\n<p>Falls euer Handy zu alt f\u00fcr die LTE-Technologie ist, solltet ihr euch bis sp\u00e4testens Juni 2021 ein neues Handy mit einer LTE-f\u00e4higen SIM-Karte anschaffen. Ihr habt darauf eigentlich keine Lust, weil euch das \u00dcbertragen eurer Daten vom alten aufs neue Handy l\u00e4stig ist? Dann nehmt doch einfach die Dienste von <a href=\"https:\/\/pcspezialist.de\/it-service-anbieter-finden.html\">PC-SPEZIALIST in eurer N\u00e4he<\/a> in Anspruch!<\/p>\n<p>Unser Profi kann euch mit der <a href=\"https:\/\/pcspezialist.de\/datenuebertragung-iphone-auf-iphone.html\">Daten\u00fcbertragung iPhone auf iPhone<\/a> weiterhelfen, bringt mit der <a href=\"https:\/\/pcspezialist.de\/smartphone-komfort-einrichtung-android.html\">Komfort-Einrichtung<\/a> oder dem <a href=\"https:\/\/pcspezialist.de\/smartphone-startklar-service-android.html\">Startklar-Service<\/a> aber auch euer neues Android-Smartphone schnell und unkompliziert zum Laufen. F\u00fcr weitere Informationen kontaktiert ihn am besten per E-Mail oder telefonisch. Mit dem neuen Handy steht dann auch einer schnellen LTE- oder 5G-Verbindung nichts mehr im Wege.<\/p>\n<h3>Update vom 22.09.2020: 3G-Ende der Telekom naht<\/h3>\n<p>Auch die Telekom hat mittlerweile ein Datum f\u00fcr das 3G-Ende genannt. Laut <a href=\"https:\/\/www.telekom.com\/de\/medien\/medieninformationen\/detail\/und-tschuess-3g-jetzt-kommt-lte-fuer-alle-607652\" target=\"_blank\" rel=\"noopener noreferrer\">Pressemitteilung<\/a> \u201eschickt sie im Sommer 2021 die veraltete 3G-Technik in den wohlverdienten Ruhestand\u201c. Ab dem 30. Juni 2021 ist Schluss. Doch was das genau hei\u00dft, ist unklar. Beginnt dann der Abschaltprozess St\u00fcck f\u00fcr St\u00fcck oder ist von einem Tag auf den anderen Feierabend mit 3G? Fest steht: Nach dem 30.06. garantiert die Telekom die Nutzung von 3G nicht mehr.<\/p>\n<p>Was passiert mit den durch die 3G-Abschaltung frei werdenden Frequenzen? Die wird die Deutsche Telekom f\u00fcr den Ausbau von 4G und den Aufbau von 5G verwenden. Denn damit l\u00e4sst sich wesentlich schneller surfen. Wie schnell genau erfahren Sie in unserem Blogbeitrag \u00fcber die <a href=\"https:\/\/pcspezialist.de\/blog\/2018\/04\/10\/netzabdeckung-mobiles-internet\/\">Netzabdeckung<\/a>.<\/p>\n","protected":false},"excerpt":{"rendered":"<p>Nutzt ihr noch eine 3G-SIM-Karte in eurem Handy? Dann solltet ihr euch langsam aber sicher nach Alternativen umschauen, denn: Die 3G-Abschaltung steht bevor. Vodafone macht im Sommer 2021 den Anfang. Was die 3G-Abschaltung genau bedeutet und wie der Fahrplan der Mobilfunkanbieter aussieht, lest ihr bei uns.<\/p>\n","protected":false},"author":113,"featured_media":50922,"comment_status":"open","ping_status":"closed","sticky":false,"template":"","format":"standard","meta":{"footnotes":""},"categories":[10503],"tags":[2154,9596],"class_list":["post-50914","post","type-post","status-publish","format-standard","has-post-thumbnail","hentry","category-digitalisierung","tag-breitband","tag-mobilfunknetz"],"yoast_head":"<!-- This site is optimized with the Yoast SEO plugin v27.5 - https:\/\/yoast.com\/product\/yoast-seo-wordpress\/ -->\n<title>3G-Abschaltung \u2013 Surft ihr bald nur noch im Schneckentempo?<\/title>\n<meta name=\"description\" content=\"Um mehr Kapazit\u00e4ten f\u00fcr LTE zu schaffen, planen die Mobilfunkanbieter die 3G-Abschaltung. Das Problem: Aktuell nutzen noch 48 Millionen Handys das 3G-Netz.\" \/>\n<meta name=\"robots\" content=\"index, follow, max-snippet:-1, max-image-preview:large, max-video-preview:-1\" \/>\n<link rel=\"canonical\" href=\"https:\/\/pcspezialist.de\/blog\/2020\/05\/12\/3g-abschaltung\/\" \/>\n<meta property=\"og:locale\" content=\"de_DE\" \/>\n<meta property=\"og:type\" content=\"article\" \/>\n<meta property=\"og:title\" content=\"3G-Abschaltung \u2013 Surft ihr bald nur noch im Schneckentempo?\" \/>\n<meta property=\"og:description\" content=\"Um mehr Kapazit\u00e4ten f\u00fcr LTE zu schaffen, planen die Mobilfunkanbieter die 3G-Abschaltung. Das Problem: Aktuell nutzen noch 48 Millionen Handys das 3G-Netz.\" \/>\n<meta property=\"og:url\" content=\"https:\/\/pcspezialist.de\/blog\/2020\/05\/12\/3g-abschaltung\/\" \/>\n<meta property=\"og:site_name\" content=\"PC-SPEZIALIST Blog\" \/>\n<meta property=\"article:published_time\" content=\"2020-05-12T10:15:49+00:00\" \/>\n<meta property=\"article:modified_time\" content=\"2024-11-05T11:53:20+00:00\" \/>\n<meta property=\"og:image\" content=\"https:\/\/pcspezialist.de\/blog\/wp-content\/uploads\/2020\/05\/chad-madden-bTfza0M0hCE-unsplash-scaled.jpg\" \/>\n\t<meta property=\"og:image:width\" content=\"2560\" \/>\n\t<meta property=\"og:image:height\" content=\"1709\" \/>\n\t<meta property=\"og:image:type\" content=\"image\/jpeg\" \/>\n<meta name=\"author\" content=\"Janina Kr\u00f6ger\" \/>\n<meta name=\"twitter:card\" content=\"summary_large_image\" \/>\n<meta name=\"twitter:label1\" content=\"Verfasst von\" \/>\n\t<meta name=\"twitter:data1\" content=\"Janina Kr\u00f6ger\" \/>\n\t<meta name=\"twitter:label2\" content=\"Gesch\u00e4tzte Lesezeit\" \/>\n\t<meta name=\"twitter:data2\" content=\"4\u00a0Minuten\" \/>\n<script type=\"application\/ld+json\" class=\"yoast-schema-graph\">{\"@context\":\"https:\\\/\\\/schema.org\",\"@graph\":[{\"@type\":\"Article\",\"@id\":\"https:\\\/\\\/pcspezialist.de\\\/blog\\\/2020\\\/05\\\/12\\\/3g-abschaltung\\\/#article\",\"isPartOf\":{\"@id\":\"https:\\\/\\\/pcspezialist.de\\\/blog\\\/2020\\\/05\\\/12\\\/3g-abschaltung\\\/\"},\"author\":{\"name\":\"Janina Kr\u00f6ger\",\"@id\":\"https:\\\/\\\/pcspezialist.de\\\/blog\\\/#\\\/schema\\\/person\\\/6cdcc7f81aad53aaccd2c8b8534867c3\"},\"headline\":\"3G-Abschaltung kommt ## Surft ihr bald nur noch im Schneckentempo?\",\"datePublished\":\"2020-05-12T10:15:49+00:00\",\"dateModified\":\"2024-11-05T11:53:20+00:00\",\"mainEntityOfPage\":{\"@id\":\"https:\\\/\\\/pcspezialist.de\\\/blog\\\/2020\\\/05\\\/12\\\/3g-abschaltung\\\/\"},\"wordCount\":805,\"commentCount\":0,\"image\":{\"@id\":\"https:\\\/\\\/pcspezialist.de\\\/blog\\\/2020\\\/05\\\/12\\\/3g-abschaltung\\\/#primaryimage\"},\"thumbnailUrl\":\"https:\\\/\\\/pcspezialist.de\\\/blog\\\/wp-content\\\/uploads\\\/2020\\\/05\\\/chad-madden-bTfza0M0hCE-unsplash-scaled.jpg\",\"keywords\":[\"Breitband\",\"Mobilfunknetz\"],\"articleSection\":[\"Digitalisierung\"],\"inLanguage\":\"de\",\"potentialAction\":[{\"@type\":\"CommentAction\",\"name\":\"Comment\",\"target\":[\"https:\\\/\\\/pcspezialist.de\\\/blog\\\/2020\\\/05\\\/12\\\/3g-abschaltung\\\/#respond\"]}]},{\"@type\":\"WebPage\",\"@id\":\"https:\\\/\\\/pcspezialist.de\\\/blog\\\/2020\\\/05\\\/12\\\/3g-abschaltung\\\/\",\"url\":\"https:\\\/\\\/pcspezialist.de\\\/blog\\\/2020\\\/05\\\/12\\\/3g-abschaltung\\\/\",\"name\":\"3G-Abschaltung \u2013 Surft ihr bald nur noch im Schneckentempo?\",\"isPartOf\":{\"@id\":\"https:\\\/\\\/pcspezialist.de\\\/blog\\\/#website\"},\"primaryImageOfPage\":{\"@id\":\"https:\\\/\\\/pcspezialist.de\\\/blog\\\/2020\\\/05\\\/12\\\/3g-abschaltung\\\/#primaryimage\"},\"image\":{\"@id\":\"https:\\\/\\\/pcspezialist.de\\\/blog\\\/2020\\\/05\\\/12\\\/3g-abschaltung\\\/#primaryimage\"},\"thumbnailUrl\":\"https:\\\/\\\/pcspezialist.de\\\/blog\\\/wp-content\\\/uploads\\\/2020\\\/05\\\/chad-madden-bTfza0M0hCE-unsplash-scaled.jpg\",\"datePublished\":\"2020-05-12T10:15:49+00:00\",\"dateModified\":\"2024-11-05T11:53:20+00:00\",\"author\":{\"@id\":\"https:\\\/\\\/pcspezialist.de\\\/blog\\\/#\\\/schema\\\/person\\\/6cdcc7f81aad53aaccd2c8b8534867c3\"},\"description\":\"Um mehr Kapazit\u00e4ten f\u00fcr LTE zu schaffen, planen die Mobilfunkanbieter die 3G-Abschaltung. Das Problem: Aktuell nutzen noch 48 Millionen Handys das 3G-Netz.\",\"breadcrumb\":{\"@id\":\"https:\\\/\\\/pcspezialist.de\\\/blog\\\/2020\\\/05\\\/12\\\/3g-abschaltung\\\/#breadcrumb\"},\"inLanguage\":\"de\",\"potentialAction\":[{\"@type\":\"ReadAction\",\"target\":[\"https:\\\/\\\/pcspezialist.de\\\/blog\\\/2020\\\/05\\\/12\\\/3g-abschaltung\\\/\"]}]},{\"@type\":\"ImageObject\",\"inLanguage\":\"de\",\"@id\":\"https:\\\/\\\/pcspezialist.de\\\/blog\\\/2020\\\/05\\\/12\\\/3g-abschaltung\\\/#primaryimage\",\"url\":\"https:\\\/\\\/pcspezialist.de\\\/blog\\\/wp-content\\\/uploads\\\/2020\\\/05\\\/chad-madden-bTfza0M0hCE-unsplash-scaled.jpg\",\"contentUrl\":\"https:\\\/\\\/pcspezialist.de\\\/blog\\\/wp-content\\\/uploads\\\/2020\\\/05\\\/chad-madden-bTfza0M0hCE-unsplash-scaled.jpg\",\"width\":2560,\"height\":1709,\"caption\":\"Internet l\u00e4uft nur im Schneckentempo? Das k\u00f6nnte euch nach der 3G-Abschaltung bevorstehen? Bild: Unsplash\\\/Chad Madden\"},{\"@type\":\"BreadcrumbList\",\"@id\":\"https:\\\/\\\/pcspezialist.de\\\/blog\\\/2020\\\/05\\\/12\\\/3g-abschaltung\\\/#breadcrumb\",\"itemListElement\":[{\"@type\":\"ListItem\",\"position\":1,\"name\":\"Startseite\",\"item\":\"https:\\\/\\\/pcspezialist.de\\\/blog\\\/\"},{\"@type\":\"ListItem\",\"position\":2,\"name\":\"3G-Abschaltung kommt ## Surft ihr bald nur noch im Schneckentempo?\"}]},{\"@type\":\"WebSite\",\"@id\":\"https:\\\/\\\/pcspezialist.de\\\/blog\\\/#website\",\"url\":\"https:\\\/\\\/pcspezialist.de\\\/blog\\\/\",\"name\":\"PC-SPEZIALIST Blog\",\"description\":\"IT-Service, Trends &amp; Technik\",\"potentialAction\":[{\"@type\":\"SearchAction\",\"target\":{\"@type\":\"EntryPoint\",\"urlTemplate\":\"https:\\\/\\\/pcspezialist.de\\\/blog\\\/?s={search_term_string}\"},\"query-input\":{\"@type\":\"PropertyValueSpecification\",\"valueRequired\":true,\"valueName\":\"search_term_string\"}}],\"inLanguage\":\"de\"},{\"@type\":\"Person\",\"@id\":\"https:\\\/\\\/pcspezialist.de\\\/blog\\\/#\\\/schema\\\/person\\\/6cdcc7f81aad53aaccd2c8b8534867c3\",\"name\":\"Janina Kr\u00f6ger\",\"description\":\"Seit Anfang 2019 unterst\u00fctzt Janina Kr\u00f6ger den PC-SPEZIALIST-Blog \u2013 anfangs in der Position der Online-Redakteurin und inzwischen als Content Marketing Managerin. Die studierte Germanistin\\\/Anglistin und ausgebildete Redakteurin beh\u00e4lt das Geschehen auf dem IT-Markt im Blick, verfolgt gespannt neue Trends und Technologien und beobachtet aktuelle Bedrohungen im Bereich des Cybercrime. Die relevantesten Infos werden dann in interessante Blog-Beitr\u00e4ge verpackt, um vor allem Unternehmen mit n\u00fctzlichem Wissen zu versorgen, das sie gewinnbringend f\u00fcr sich nutzen k\u00f6nnen. Der schreibenden Zunft geh\u00f6rt Janina Kr\u00f6ger bereits seit 2006 an, als sie ein Praktikum beim WESTF\u00c4LISCHEN VOLKSBLATT absolvierte und der Regionalzeitung anschlie\u00dfend als Freie Mitarbeiterin erhalten blieb. Nach ihrem Studium an der Universit\u00e4t Paderborn ging es mit Hospitanz, Volontariat und Redakteurs-Posten beim WESTFALEN-BLATT vollends in den Journalismus. Mit dem Wechsel zum Publicpress Verlag lernte Janina Kr\u00f6ger als Text-Redakteurin ein f\u00fcr sie neues Themengebiet kennen: Die Produktion von Reisef\u00fchrern, Wanderf\u00fchrern und Radtourenf\u00fchrern sowie die Erstellung von Freizeitkarten und Stadtpl\u00e4nen waren die neuen Aufgaben \u2013 allerdings sollten Google Maps und Co. dem Erfolg des Verlags bald ein Ende setzen. F\u00fcr Janina Kr\u00f6ger bedeutete das: Als n\u00e4chstes muss ein Job in einem Themengebiet mit besseren Zukunftsaussichten her \u2013 die IT-Branche schien da genau richtig! Seit 2019 f\u00fchlt sich die gelernte Redakteurin nun bei der SYNAXON AG als Mutterunternehmen von PC-SPEZIALIST bestens aufgehoben und ist nach einer kurzen Elternzeit inzwischen wieder voll im Tagesgesch\u00e4ft angekommen. In ihrer Freizeit tauscht Janina Kr\u00f6ger den Laptop gern gegen ihre Back- und Kochutensilien aus. Zeit mit ihrer Familie hat h\u00f6chste Priorit\u00e4t. Andere Hobbies wie das Lesen, Hulahoop-Schwingen und Trampolin-H\u00fcpfen sind daher zuletzt etwas in den Hintergrund getreten.\",\"url\":\"https:\\\/\\\/pcspezialist.de\\\/blog\\\/author\\\/janina-kroegersynaxon-de\\\/\"}]}<\/script>\n<!-- \/ Yoast SEO plugin. -->","yoast_head_json":{"title":"3G-Abschaltung \u2013 Surft ihr bald nur noch im Schneckentempo?","description":"Um mehr Kapazit\u00e4ten f\u00fcr LTE zu schaffen, planen die Mobilfunkanbieter die 3G-Abschaltung. Das Problem: Aktuell nutzen noch 48 Millionen Handys das 3G-Netz.","robots":{"index":"index","follow":"follow","max-snippet":"max-snippet:-1","max-image-preview":"max-image-preview:large","max-video-preview":"max-video-preview:-1"},"canonical":"https:\/\/pcspezialist.de\/blog\/2020\/05\/12\/3g-abschaltung\/","og_locale":"de_DE","og_type":"article","og_title":"3G-Abschaltung \u2013 Surft ihr bald nur noch im Schneckentempo?","og_description":"Um mehr Kapazit\u00e4ten f\u00fcr LTE zu schaffen, planen die Mobilfunkanbieter die 3G-Abschaltung. Das Problem: Aktuell nutzen noch 48 Millionen Handys das 3G-Netz.","og_url":"https:\/\/pcspezialist.de\/blog\/2020\/05\/12\/3g-abschaltung\/","og_site_name":"PC-SPEZIALIST Blog","article_published_time":"2020-05-12T10:15:49+00:00","article_modified_time":"2024-11-05T11:53:20+00:00","og_image":[{"width":2560,"height":1709,"url":"https:\/\/pcspezialist.de\/blog\/wp-content\/uploads\/2020\/05\/chad-madden-bTfza0M0hCE-unsplash-scaled.jpg","type":"image\/jpeg"}],"author":"Janina Kr\u00f6ger","twitter_card":"summary_large_image","twitter_misc":{"Verfasst von":"Janina Kr\u00f6ger","Gesch\u00e4tzte Lesezeit":"4\u00a0Minuten"},"schema":{"@context":"https:\/\/schema.org","@graph":[{"@type":"Article","@id":"https:\/\/pcspezialist.de\/blog\/2020\/05\/12\/3g-abschaltung\/#article","isPartOf":{"@id":"https:\/\/pcspezialist.de\/blog\/2020\/05\/12\/3g-abschaltung\/"},"author":{"name":"Janina Kr\u00f6ger","@id":"https:\/\/pcspezialist.de\/blog\/#\/schema\/person\/6cdcc7f81aad53aaccd2c8b8534867c3"},"headline":"3G-Abschaltung kommt ## Surft ihr bald nur noch im Schneckentempo?","datePublished":"2020-05-12T10:15:49+00:00","dateModified":"2024-11-05T11:53:20+00:00","mainEntityOfPage":{"@id":"https:\/\/pcspezialist.de\/blog\/2020\/05\/12\/3g-abschaltung\/"},"wordCount":805,"commentCount":0,"image":{"@id":"https:\/\/pcspezialist.de\/blog\/2020\/05\/12\/3g-abschaltung\/#primaryimage"},"thumbnailUrl":"https:\/\/pcspezialist.de\/blog\/wp-content\/uploads\/2020\/05\/chad-madden-bTfza0M0hCE-unsplash-scaled.jpg","keywords":["Breitband","Mobilfunknetz"],"articleSection":["Digitalisierung"],"inLanguage":"de","potentialAction":[{"@type":"CommentAction","name":"Comment","target":["https:\/\/pcspezialist.de\/blog\/2020\/05\/12\/3g-abschaltung\/#respond"]}]},{"@type":"WebPage","@id":"https:\/\/pcspezialist.de\/blog\/2020\/05\/12\/3g-abschaltung\/","url":"https:\/\/pcspezialist.de\/blog\/2020\/05\/12\/3g-abschaltung\/","name":"3G-Abschaltung \u2013 Surft ihr bald nur noch im Schneckentempo?","isPartOf":{"@id":"https:\/\/pcspezialist.de\/blog\/#website"},"primaryImageOfPage":{"@id":"https:\/\/pcspezialist.de\/blog\/2020\/05\/12\/3g-abschaltung\/#primaryimage"},"image":{"@id":"https:\/\/pcspezialist.de\/blog\/2020\/05\/12\/3g-abschaltung\/#primaryimage"},"thumbnailUrl":"https:\/\/pcspezialist.de\/blog\/wp-content\/uploads\/2020\/05\/chad-madden-bTfza0M0hCE-unsplash-scaled.jpg","datePublished":"2020-05-12T10:15:49+00:00","dateModified":"2024-11-05T11:53:20+00:00","author":{"@id":"https:\/\/pcspezialist.de\/blog\/#\/schema\/person\/6cdcc7f81aad53aaccd2c8b8534867c3"},"description":"Um mehr Kapazit\u00e4ten f\u00fcr LTE zu schaffen, planen die Mobilfunkanbieter die 3G-Abschaltung. Das Problem: Aktuell nutzen noch 48 Millionen Handys das 3G-Netz.","breadcrumb":{"@id":"https:\/\/pcspezialist.de\/blog\/2020\/05\/12\/3g-abschaltung\/#breadcrumb"},"inLanguage":"de","potentialAction":[{"@type":"ReadAction","target":["https:\/\/pcspezialist.de\/blog\/2020\/05\/12\/3g-abschaltung\/"]}]},{"@type":"ImageObject","inLanguage":"de","@id":"https:\/\/pcspezialist.de\/blog\/2020\/05\/12\/3g-abschaltung\/#primaryimage","url":"https:\/\/pcspezialist.de\/blog\/wp-content\/uploads\/2020\/05\/chad-madden-bTfza0M0hCE-unsplash-scaled.jpg","contentUrl":"https:\/\/pcspezialist.de\/blog\/wp-content\/uploads\/2020\/05\/chad-madden-bTfza0M0hCE-unsplash-scaled.jpg","width":2560,"height":1709,"caption":"Internet l\u00e4uft nur im Schneckentempo? Das k\u00f6nnte euch nach der 3G-Abschaltung bevorstehen? Bild: Unsplash\/Chad Madden"},{"@type":"BreadcrumbList","@id":"https:\/\/pcspezialist.de\/blog\/2020\/05\/12\/3g-abschaltung\/#breadcrumb","itemListElement":[{"@type":"ListItem","position":1,"name":"Startseite","item":"https:\/\/pcspezialist.de\/blog\/"},{"@type":"ListItem","position":2,"name":"3G-Abschaltung kommt ## Surft ihr bald nur noch im Schneckentempo?"}]},{"@type":"WebSite","@id":"https:\/\/pcspezialist.de\/blog\/#website","url":"https:\/\/pcspezialist.de\/blog\/","name":"PC-SPEZIALIST Blog","description":"IT-Service, Trends &amp; Technik","potentialAction":[{"@type":"SearchAction","target":{"@type":"EntryPoint","urlTemplate":"https:\/\/pcspezialist.de\/blog\/?s={search_term_string}"},"query-input":{"@type":"PropertyValueSpecification","valueRequired":true,"valueName":"search_term_string"}}],"inLanguage":"de"},{"@type":"Person","@id":"https:\/\/pcspezialist.de\/blog\/#\/schema\/person\/6cdcc7f81aad53aaccd2c8b8534867c3","name":"Janina Kr\u00f6ger","description":"Seit Anfang 2019 unterst\u00fctzt Janina Kr\u00f6ger den PC-SPEZIALIST-Blog \u2013 anfangs in der Position der Online-Redakteurin und inzwischen als Content Marketing Managerin. Die studierte Germanistin\/Anglistin und ausgebildete Redakteurin beh\u00e4lt das Geschehen auf dem IT-Markt im Blick, verfolgt gespannt neue Trends und Technologien und beobachtet aktuelle Bedrohungen im Bereich des Cybercrime. Die relevantesten Infos werden dann in interessante Blog-Beitr\u00e4ge verpackt, um vor allem Unternehmen mit n\u00fctzlichem Wissen zu versorgen, das sie gewinnbringend f\u00fcr sich nutzen k\u00f6nnen. Der schreibenden Zunft geh\u00f6rt Janina Kr\u00f6ger bereits seit 2006 an, als sie ein Praktikum beim WESTF\u00c4LISCHEN VOLKSBLATT absolvierte und der Regionalzeitung anschlie\u00dfend als Freie Mitarbeiterin erhalten blieb. Nach ihrem Studium an der Universit\u00e4t Paderborn ging es mit Hospitanz, Volontariat und Redakteurs-Posten beim WESTFALEN-BLATT vollends in den Journalismus. Mit dem Wechsel zum Publicpress Verlag lernte Janina Kr\u00f6ger als Text-Redakteurin ein f\u00fcr sie neues Themengebiet kennen: Die Produktion von Reisef\u00fchrern, Wanderf\u00fchrern und Radtourenf\u00fchrern sowie die Erstellung von Freizeitkarten und Stadtpl\u00e4nen waren die neuen Aufgaben \u2013 allerdings sollten Google Maps und Co. dem Erfolg des Verlags bald ein Ende setzen. F\u00fcr Janina Kr\u00f6ger bedeutete das: Als n\u00e4chstes muss ein Job in einem Themengebiet mit besseren Zukunftsaussichten her \u2013 die IT-Branche schien da genau richtig! Seit 2019 f\u00fchlt sich die gelernte Redakteurin nun bei der SYNAXON AG als Mutterunternehmen von PC-SPEZIALIST bestens aufgehoben und ist nach einer kurzen Elternzeit inzwischen wieder voll im Tagesgesch\u00e4ft angekommen. In ihrer Freizeit tauscht Janina Kr\u00f6ger den Laptop gern gegen ihre Back- und Kochutensilien aus. Zeit mit ihrer Familie hat h\u00f6chste Priorit\u00e4t. Andere Hobbies wie das Lesen, Hulahoop-Schwingen und Trampolin-H\u00fcpfen sind daher zuletzt etwas in den Hintergrund getreten.","url":"https:\/\/pcspezialist.de\/blog\/author\/janina-kroegersynaxon-de\/"}]}},"_links":{"self":[{"href":"https:\/\/pcspezialist.de\/blog\/wp-json\/wp\/v2\/posts\/50914","targetHints":{"allow":["GET"]}}],"collection":[{"href":"https:\/\/pcspezialist.de\/blog\/wp-json\/wp\/v2\/posts"}],"about":[{"href":"https:\/\/pcspezialist.de\/blog\/wp-json\/wp\/v2\/types\/post"}],"author":[{"embeddable":true,"href":"https:\/\/pcspezialist.de\/blog\/wp-json\/wp\/v2\/users\/113"}],"replies":[{"embeddable":true,"href":"https:\/\/pcspezialist.de\/blog\/wp-json\/wp\/v2\/comments?post=50914"}],"version-history":[{"count":10,"href":"https:\/\/pcspezialist.de\/blog\/wp-json\/wp\/v2\/posts\/50914\/revisions"}],"predecessor-version":[{"id":52423,"href":"https:\/\/pcspezialist.de\/blog\/wp-json\/wp\/v2\/posts\/50914\/revisions\/52423"}],"wp:featuredmedia":[{"embeddable":true,"href":"https:\/\/pcspezialist.de\/blog\/wp-json\/wp\/v2\/media\/50922"}],"wp:attachment":[{"href":"https:\/\/pcspezialist.de\/blog\/wp-json\/wp\/v2\/media?parent=50914"}],"wp:term":[{"taxonomy":"category","embeddable":true,"href":"https:\/\/pcspezialist.de\/blog\/wp-json\/wp\/v2\/categories?post=50914"},{"taxonomy":"post_tag","embeddable":true,"href":"https:\/\/pcspezialist.de\/blog\/wp-json\/wp\/v2\/tags?post=50914"}],"curies":[{"name":"wp","href":"https:\/\/api.w.org\/{rel}","templated":true}]}}