{"id":49998,"date":"2020-04-06T12:20:30","date_gmt":"2020-04-06T10:20:30","guid":{"rendered":"https:\/\/www.pcspezialist.de\/blog\/?p=49998"},"modified":"2024-11-05T12:55:57","modified_gmt":"2024-11-05T11:55:57","slug":"teams-app","status":"publish","type":"post","link":"https:\/\/pcspezialist.de\/blog\/2020\/04\/06\/teams-app\/","title":{"rendered":"Teams-App mit neuen Funktionen ## Aus Office 365 wird Microsoft 365"},"content":{"rendered":"<p><strong>Wer als Privatperson Office 365 nutzt, kann sich ab 21. April auf zus\u00e4tzliche Inhalte freuen. Einer davon ist die Teams-App, die dann auch privat genutzt werden kann, um beispielsweise mit Freunden und Familie zu chatten.<\/strong><\/p>\n<p>Gleichzeitig wird die Cloud-Software Office 365 umbenannt. K\u00fcnftig hei\u00dft sie \u201eMicrosoft 365 Single und Family\u201c. Alle Infos hier.<\/p>\n<p><!--more--><\/p>\n<h3>Office 365 wird zu Microsoft 365 Single und Family<\/h3>\n<p>Microsoft benennt seine Cloud-Software Office 365 zu \u201eMicrosoft 365 Single und Family\u201c um. Der Konzern begr\u00fcndet diesen Schritt mit einer Weiterentwicklung von Office 365\u00a0 f\u00fcr Privatanwender. Neu ist, dass auch private Nutzer Cloud- und KI-basierte Funktionen erhalten. Au\u00dferdem ist die Teams-App integriert.<\/p>\n<p>Die neuen Features werden an private Nutzer ab sofort ausgerollt, wenn bereits ein Office-Abo besteht. Bei Neu-Vertr\u00e4gen ist das Produkt \u201eMicrosoft 365 Single und Family\u201c ab 21. April erh\u00e4ltlich.<\/p>\n<p>Im Paket sind zahlreiche neue Funktionen enthalten: Neben dem Microsoft Editor, der das Schreiben durch Stil- und Grammatikvorschl\u00e4ge erleichtert, gibt es neue Excel-Funktionen, mit denen ihr eure Finanzen im \u00dcberblick behaltet. Nutzer bekommen au\u00dferdem einen Terabyte OneDrive-Speicher und weitere Premium-Vorteile in Outlook, PowerPoint, Word und Excel.<\/p>\n<div id=\"attachment_50012\" style=\"width: 710px\" class=\"wp-caption alignright\"><img loading=\"lazy\" decoding=\"async\" aria-describedby=\"caption-attachment-50012\" class=\"size-medium wp-image-50012\" src=\"https:\/\/pcspezialist.de\/blog\/wp-content\/uploads\/2020\/04\/kobu-agency-7okkFhxrxNw-unsplash-700x467.jpg\" alt=\"Microsoft Teams-App: Zwei Frauen sitzen gemeinsam an einem Laptop. Bild: Unsplash \/ KOBU Agency\" width=\"700\" height=\"467\" srcset=\"https:\/\/pcspezialist.de\/blog\/wp-content\/uploads\/2020\/04\/kobu-agency-7okkFhxrxNw-unsplash-700x467.jpg 700w, https:\/\/pcspezialist.de\/blog\/wp-content\/uploads\/2020\/04\/kobu-agency-7okkFhxrxNw-unsplash-1050x700.jpg 1050w, https:\/\/pcspezialist.de\/blog\/wp-content\/uploads\/2020\/04\/kobu-agency-7okkFhxrxNw-unsplash-768x512.jpg 768w, https:\/\/pcspezialist.de\/blog\/wp-content\/uploads\/2020\/04\/kobu-agency-7okkFhxrxNw-unsplash-1536x1024.jpg 1536w, https:\/\/pcspezialist.de\/blog\/wp-content\/uploads\/2020\/04\/kobu-agency-7okkFhxrxNw-unsplash-2048x1365.jpg 2048w\" sizes=\"auto, (max-width: 700px) 100vw, 700px\" \/><p id=\"caption-attachment-50012\" class=\"wp-caption-text\">Schon bald k\u00f6nnen auch private Nutzer die Microsoft-Teams-App nutzen. Bild: Unsplash \/ KOBU Agency<\/p><\/div>\n<h3>Teams-App nun auch f\u00fcr Privatnutzer<\/h3>\n<p>Wichtigste Neuerung aber d\u00fcrfte die Einf\u00fchrung von Teams in das <a href=\"https:\/\/www.microsoft.com\/de-de\/microsoft-365\/what-is-microsoft-365\" target=\"_blank\" rel=\"noopener noreferrer\">neue Microsoft-Produkt<\/a> sein. Microsoft Teams ist eine Plattform, mit der viele Unternehmen arbeiten. Sie nutzen Teams zum Chatten, aber auch f\u00fcr Besprechungen, Notizen anlegen und zum Bearbeiten von Anh\u00e4ngen. Die Teams-App ist in die Office-365-Office-Suite mit Microsoft Office und Skype integriert und laut <a href=\"https:\/\/de.wikipedia.org\/wiki\/Microsoft_Teams\" target=\"_blank\" rel=\"noopener noreferrer\">Wikipedia<\/a> in 26 Sprachen verf\u00fcgbar.<\/p>\n<p>Zuk\u00fcnftig gibt es die Teams-App auch f\u00fcr euch als Endkunden. Etwas abgewandelt zwar, aber in den Grundfunktionen identisch. Nat\u00fcrlich ist die Chat-Funktion dabei, aber auch sogenannte Produktivit\u00e4tsdienste. Microsoft verspricht unter anderem einen Abschnitt mit Dateien, in dem ihr alles finden k\u00f6nnt, was ihr mit eurer Familie geteilt habt.<\/p>\n<p>Neu ist auch die Family Safety App. Dabei handelt es sich um eine App, die die Ger\u00e4tenutzung eurer Kinder in Verbindung mit dem Microsoft-Account \u00fcberwacht und einschr\u00e4nkt. Dabei k\u00f6nnt ihr aber nicht nur euren Windows-Rechner einbinden, sondern habt auch die M\u00f6glichkeit, die Family Safety App unter Android mit dem Microsoft Launcher zu verwenden.<\/p>\n<h3>Was kostet Microsoft 365 inklusive Teams-App?<\/h3>\n<p>Bestehende Office-365-Abonnements wandelt Microsoft automatisch um, sodass euch automatisch alle neuen Features zur Verf\u00fcgung stehen. F\u00fcr alle, die zuk\u00fcnftig Office 365 beziehungsweise Microsoft 365 kaufen, gibt es die Erweiterungen mit Family Safety App und Teams-App ab 21. April 2020.<\/p>\n<p>Die Preise entsprechen denen von Office 365 Personal und Home und \u00e4ndern sich nicht. Auf der <a href=\"https:\/\/products.office.com\/de-de\/compare-all-microsoft-office-products?tab=1&amp;market=de\" target=\"_blank\" rel=\"noopener noreferrer\">Microsoft-Homepage<\/a> werden sie mit 69 Euro\/Jahr f\u00fcr Microsoft 365 Single und 99 Euro\/Jahr f\u00fcr Microsoft 365 Family angegeben. Der Preis erscheint euch zu hoch? Dann bedenkt, dass <a href=\"https:\/\/pcspezialist.de\/blog\/2019\/01\/31\/product-key-office\/\">billige Office-Product-Keys oftmals illegal<\/a> sind. Ob sich Office beziehungsweise Microsoft 365 f\u00fcr euch lohnt, erfahrt ihr in unserem Blogbeitrag <a href=\"https:\/\/pcspezialist.de\/blog\/2018\/03\/09\/lohnt-sich-office-365\/\">Office 365 f\u00fcr Privatanwender<\/a>. Und \u00fcber die <a href=\"https:\/\/pcspezialist.de\/ratgeber\/2018\/02\/02\/office-versionen-im-vergleich.html\">Unterschiede der Office-Versionen<\/a> kl\u00e4ren wir im Ratgeber auf.<\/p>\n<p>Ihr habt Fragen zum Produkt? Dann wendet euch an euren <a href=\"https:\/\/pcspezialist.de\/it-service-anbieter-finden.html?q=\">PC-SPEZIALIST-Experten in der N\u00e4he<\/a>. Er steht euch aktuell telefonisch und per E-Mail zur Verf\u00fcgung und hilft euch bei allen Fragen rund um eure Technik aus der Ferne.<\/p>\n<h3>Update vom 24.06.2020: Neue Funktionen in Teams-App<\/h3>\n<p>Im Laufe des Jahres f\u00fchrt Microsoft Neuerungen f\u00fcr die Teams-App ein, die vor allem f\u00fcr euch als Privatpersonen n\u00fctzlich sein k\u00f6nnen. Folgende Neuerungen k\u00f6nnt ihr nach und nach ausprobieren:<\/p>\n<ul>\n<li>\n<p class=\"linkdb-marker\">Ihr k\u00f6nnt <strong>Gruppenfunktion<\/strong> f\u00fcr private Gruppen wie Freunde oder Familienangeh\u00f6rige anlegen. Innerhalb dieser Gruppen k\u00f6nnt ihr chatten, per Video konferieren, Termine vereinbaren und Dateien, Fotos und Videos austauschen. Und auch in einer Gruppe k\u00f6nnt ihr mit einzelnen Mitgliedern ein 1:1-Sprachanruf oder Video-Anruf t\u00e4tigen.<\/p>\n<\/li>\n<li>\n<p class=\"linkdb-marker\">Im <strong>Dashboard <\/strong>k\u00f6nnt ihr Gruppenaktivit\u00e4ten koordinieren, indem ihr Listen, Dokumente oder Kalender freigebt und gemeinsam nutzt. Die Infos sind in der Cloud gespeichert und synchronisieren sich \u00fcebr alle Ger\u00e4te und Plattformen hinweg.<\/p>\n<\/li>\n<li>\n<p class=\"linkdb-marker\"><strong>Sicheres Teilen von Dokumenten<\/strong> funktioniert, weil Microsoft Teams Bestandteil der Microsoft-365-Anwendungen ist. Alle angelegten Dokumente sind in der Cloud gespeichert, sind \u00fcberall verf\u00fcgbar und k\u00f6nnt ihr \u00fcber Teams f\u00fcr anderer Nutzer freigeben.<\/p>\n<\/li>\n<li>\n<p class=\"linkdb-marker\">Als Teams-Nutzer k\u00f6nnt ihr die <strong>Standortfreigabe <\/strong>aktivieren, damit eure Gruppenmitglieder wissen, ihr euch aufhaltet.<\/p>\n<\/li>\n<li>\n<p class=\"linkdb-marker\">Neu ist au\u00dferdem ein <strong>integrierter Safe<\/strong>, in den ihr Zugangsadten und Passw\u00f6rter ablegen k\u00f6nnt. Alle im Safe befindlichen Daten sind \u00fcber eine Zwei-Faktor-Authentifizierung und einer Ende-zu-Ende-Verschl\u00fcsselung gesichert.<\/p>\n<\/li>\n<\/ul>\n<p>Was haltet ihr von den Neuerungen? Nutz ihr schon Teams? Findet ihr die Neuerungen gut? Lasst es uns in unseren Kommentaren wissen.<\/p>\n","protected":false},"excerpt":{"rendered":"<p>Wer als Privatperson Office 365 nutzt, kann sich ab 21. April auf zus\u00e4tzliche Inhalte freuen. Einer davon ist die Teams-App, die dann auch privat genutzt werden kann, um beispielsweise mit Freunden und Familie zu chatten. Gleichzeitig wird die Cloud-Software Office 365 umbenannt. K\u00fcnftig hei\u00dft sie \u201eMicrosoft 365 Single und Family\u201c. Alle Infos hier.<\/p>\n","protected":false},"author":98,"featured_media":50011,"comment_status":"open","ping_status":"closed","sticky":false,"template":"","format":"standard","meta":{"footnotes":""},"categories":[10501],"tags":[62,10382],"class_list":["post-49998","post","type-post","status-publish","format-standard","has-post-thumbnail","hentry","category-netzwerk-arbeitsplatz","tag-microsoft","tag-office-suite"],"yoast_head":"<!-- This site is optimized with the Yoast SEO plugin v27.4 - https:\/\/yoast.com\/product\/yoast-seo-wordpress\/ -->\n<title>Teams-App mit neuen Funktionen \u2013 Aus Office 365 wird Microsoft 365<\/title>\n<meta name=\"description\" content=\"Aus Office 365 wird Microsoft 365. Damit geht einher, dass die Teams-App f\u00fcr Familien erweitert wird. Alle Infos bei uns.\" \/>\n<meta name=\"robots\" content=\"index, follow, max-snippet:-1, max-image-preview:large, max-video-preview:-1\" \/>\n<link rel=\"canonical\" href=\"https:\/\/pcspezialist.de\/blog\/2020\/04\/06\/teams-app\/\" \/>\n<meta property=\"og:locale\" content=\"de_DE\" \/>\n<meta property=\"og:type\" content=\"article\" \/>\n<meta property=\"og:title\" content=\"Teams-App mit neuen Funktionen \u2013 Aus Office 365 wird Microsoft 365\" \/>\n<meta property=\"og:description\" content=\"Aus Office 365 wird Microsoft 365. Damit geht einher, dass die Teams-App f\u00fcr Familien erweitert wird. Alle Infos bei uns.\" \/>\n<meta property=\"og:url\" content=\"https:\/\/pcspezialist.de\/blog\/2020\/04\/06\/teams-app\/\" \/>\n<meta property=\"og:site_name\" content=\"PC-SPEZIALIST Blog\" \/>\n<meta property=\"article:published_time\" content=\"2020-04-06T10:20:30+00:00\" \/>\n<meta property=\"article:modified_time\" content=\"2024-11-05T11:55:57+00:00\" \/>\n<meta property=\"og:image\" content=\"https:\/\/pcspezialist.de\/blog\/wp-content\/uploads\/2020\/04\/kids-4937854_1920.jpg\" \/>\n\t<meta property=\"og:image:width\" content=\"1920\" \/>\n\t<meta property=\"og:image:height\" content=\"1280\" \/>\n\t<meta property=\"og:image:type\" content=\"image\/jpeg\" \/>\n<meta name=\"author\" content=\"Maren Keller\" \/>\n<meta name=\"twitter:card\" content=\"summary_large_image\" \/>\n<meta name=\"twitter:label1\" content=\"Verfasst von\" \/>\n\t<meta name=\"twitter:data1\" content=\"Maren Keller\" \/>\n\t<meta name=\"twitter:label2\" content=\"Gesch\u00e4tzte Lesezeit\" \/>\n\t<meta name=\"twitter:data2\" content=\"4\u00a0Minuten\" \/>\n<script type=\"application\/ld+json\" class=\"yoast-schema-graph\">{\"@context\":\"https:\\\/\\\/schema.org\",\"@graph\":[{\"@type\":\"Article\",\"@id\":\"https:\\\/\\\/pcspezialist.de\\\/blog\\\/2020\\\/04\\\/06\\\/teams-app\\\/#article\",\"isPartOf\":{\"@id\":\"https:\\\/\\\/pcspezialist.de\\\/blog\\\/2020\\\/04\\\/06\\\/teams-app\\\/\"},\"author\":{\"name\":\"Maren Keller\",\"@id\":\"https:\\\/\\\/pcspezialist.de\\\/blog\\\/#\\\/schema\\\/person\\\/e9cb801a8b8ea9138af26a02b8b6d14f\"},\"headline\":\"Teams-App mit neuen Funktionen ## Aus Office 365 wird Microsoft 365\",\"datePublished\":\"2020-04-06T10:20:30+00:00\",\"dateModified\":\"2024-11-05T11:55:57+00:00\",\"mainEntityOfPage\":{\"@id\":\"https:\\\/\\\/pcspezialist.de\\\/blog\\\/2020\\\/04\\\/06\\\/teams-app\\\/\"},\"wordCount\":775,\"commentCount\":4,\"image\":{\"@id\":\"https:\\\/\\\/pcspezialist.de\\\/blog\\\/2020\\\/04\\\/06\\\/teams-app\\\/#primaryimage\"},\"thumbnailUrl\":\"https:\\\/\\\/pcspezialist.de\\\/blog\\\/wp-content\\\/uploads\\\/2020\\\/04\\\/kids-4937854_1920.jpg\",\"keywords\":[\"Microsoft\",\"Office-Suite\"],\"articleSection\":[\"Netzwerk\\\/Arbeitsplatz\"],\"inLanguage\":\"de\",\"potentialAction\":[{\"@type\":\"CommentAction\",\"name\":\"Comment\",\"target\":[\"https:\\\/\\\/pcspezialist.de\\\/blog\\\/2020\\\/04\\\/06\\\/teams-app\\\/#respond\"]}]},{\"@type\":\"WebPage\",\"@id\":\"https:\\\/\\\/pcspezialist.de\\\/blog\\\/2020\\\/04\\\/06\\\/teams-app\\\/\",\"url\":\"https:\\\/\\\/pcspezialist.de\\\/blog\\\/2020\\\/04\\\/06\\\/teams-app\\\/\",\"name\":\"Teams-App mit neuen Funktionen \u2013 Aus Office 365 wird Microsoft 365\",\"isPartOf\":{\"@id\":\"https:\\\/\\\/pcspezialist.de\\\/blog\\\/#website\"},\"primaryImageOfPage\":{\"@id\":\"https:\\\/\\\/pcspezialist.de\\\/blog\\\/2020\\\/04\\\/06\\\/teams-app\\\/#primaryimage\"},\"image\":{\"@id\":\"https:\\\/\\\/pcspezialist.de\\\/blog\\\/2020\\\/04\\\/06\\\/teams-app\\\/#primaryimage\"},\"thumbnailUrl\":\"https:\\\/\\\/pcspezialist.de\\\/blog\\\/wp-content\\\/uploads\\\/2020\\\/04\\\/kids-4937854_1920.jpg\",\"datePublished\":\"2020-04-06T10:20:30+00:00\",\"dateModified\":\"2024-11-05T11:55:57+00:00\",\"author\":{\"@id\":\"https:\\\/\\\/pcspezialist.de\\\/blog\\\/#\\\/schema\\\/person\\\/e9cb801a8b8ea9138af26a02b8b6d14f\"},\"description\":\"Aus Office 365 wird Microsoft 365. Damit geht einher, dass die Teams-App f\u00fcr Familien erweitert wird. Alle Infos bei uns.\",\"breadcrumb\":{\"@id\":\"https:\\\/\\\/pcspezialist.de\\\/blog\\\/2020\\\/04\\\/06\\\/teams-app\\\/#breadcrumb\"},\"inLanguage\":\"de\",\"potentialAction\":[{\"@type\":\"ReadAction\",\"target\":[\"https:\\\/\\\/pcspezialist.de\\\/blog\\\/2020\\\/04\\\/06\\\/teams-app\\\/\"]}]},{\"@type\":\"ImageObject\",\"inLanguage\":\"de\",\"@id\":\"https:\\\/\\\/pcspezialist.de\\\/blog\\\/2020\\\/04\\\/06\\\/teams-app\\\/#primaryimage\",\"url\":\"https:\\\/\\\/pcspezialist.de\\\/blog\\\/wp-content\\\/uploads\\\/2020\\\/04\\\/kids-4937854_1920.jpg\",\"contentUrl\":\"https:\\\/\\\/pcspezialist.de\\\/blog\\\/wp-content\\\/uploads\\\/2020\\\/04\\\/kids-4937854_1920.jpg\",\"width\":1920,\"height\":1280,\"caption\":\"Teams-App jetzt bald auch f\u00fcr Privatanwender nutzbar. Bild: Pixabay\"},{\"@type\":\"BreadcrumbList\",\"@id\":\"https:\\\/\\\/pcspezialist.de\\\/blog\\\/2020\\\/04\\\/06\\\/teams-app\\\/#breadcrumb\",\"itemListElement\":[{\"@type\":\"ListItem\",\"position\":1,\"name\":\"Startseite\",\"item\":\"https:\\\/\\\/pcspezialist.de\\\/blog\\\/\"},{\"@type\":\"ListItem\",\"position\":2,\"name\":\"Teams-App mit neuen Funktionen ## Aus Office 365 wird Microsoft 365\"}]},{\"@type\":\"WebSite\",\"@id\":\"https:\\\/\\\/pcspezialist.de\\\/blog\\\/#website\",\"url\":\"https:\\\/\\\/pcspezialist.de\\\/blog\\\/\",\"name\":\"PC-SPEZIALIST Blog\",\"description\":\"IT-Service, Trends &amp; Technik\",\"potentialAction\":[{\"@type\":\"SearchAction\",\"target\":{\"@type\":\"EntryPoint\",\"urlTemplate\":\"https:\\\/\\\/pcspezialist.de\\\/blog\\\/?s={search_term_string}\"},\"query-input\":{\"@type\":\"PropertyValueSpecification\",\"valueRequired\":true,\"valueName\":\"search_term_string\"}}],\"inLanguage\":\"de\"},{\"@type\":\"Person\",\"@id\":\"https:\\\/\\\/pcspezialist.de\\\/blog\\\/#\\\/schema\\\/person\\\/e9cb801a8b8ea9138af26a02b8b6d14f\",\"name\":\"Maren Keller\",\"description\":\"PC-SPEZIALIST ist eine Marke der in Schlo\u00df Holte ans\u00e4ssigen SYNAXON. Seit 2016 arbeitet Maren Keller f\u00fcr den PC-SPEZIALIST-Blog. Gestartet als Online-Redakteurin ist sie mittlerweile Content Marketing Managerin und tr\u00e4gt unter anderem die Verantwortung f\u00fcr die Inhalte des Blogs. In den Jahren 2017 und 2020 hat sie parallel f\u00fcr den Blog des IT-SERVICE.NETWORK geschrieben. Die studierte Germanistin und Politologin hat einen Sp\u00fcrsinn f\u00fcr aktuelle Bedrohungen im IT-Bereich entwickelt und versteht es, das Fachwissen von PC-SPEZIALIST dem Leser verst\u00e4ndlich darzubieten. Nicht zu verleugnen ist allerdings ihre Ungeduld, die sich in flinken Fingern auf der Tastatur zeigt und gleichzeitig f\u00fcr einen hohen Output sorgt. Ihre journalistische Karriere begann Maren Keller Mitte der 1990er Jahre mit dem Verfassen von Sportberichten f\u00fcr die Regionalseiten ihrer Heimatzeitung in Bremerhaven. Nach dem Studium in Hannover, das von zahlreichen Praktika bei Funk, Fernsehen und Zeitung begleitet wurde, kehrte sie f\u00fcr ein journalistisches Volontariat in ihre Heimat zur\u00fcck, um bei der NORDSEE-ZEITUNG den Beruf des Redakteurs von der Pike auf zu lernen und anschlie\u00dfend in der Sportredaktion zu arbeiten. W\u00e4hrend ihrer Elternzeiten und beruflich bedingten Umz\u00fcgen arbeitete sie als freie Journalistin f\u00fcr verschiedene Tageszeitungen und fand 2016 den Weg zur SYNAXON, wo sie heute als Content Marketing Managerin in Lohn und Brot steht. In ihrer Freizeit zeigt sie ihr Talent f\u00fcr\u2019s Schreiben nicht. Stattdessen liegen ihre Schwerpunkt dort im Bereich Haus, Familie, Garten und Hund. Au\u00dferdem ist sie musikalisch unterwegs, bl\u00e4st das Jagdhorn in einem Bl\u00e4serkorps, spielt Klavier und singt im Chor. Sie haben Fragen an Maren Keller? Sie erreichen sie per E-Mail an redaktion@pcspezialist.de\",\"url\":\"https:\\\/\\\/pcspezialist.de\\\/blog\\\/author\\\/maren\\\/\"}]}<\/script>\n<!-- \/ Yoast SEO plugin. -->","yoast_head_json":{"title":"Teams-App mit neuen Funktionen \u2013 Aus Office 365 wird Microsoft 365","description":"Aus Office 365 wird Microsoft 365. Damit geht einher, dass die Teams-App f\u00fcr Familien erweitert wird. Alle Infos bei uns.","robots":{"index":"index","follow":"follow","max-snippet":"max-snippet:-1","max-image-preview":"max-image-preview:large","max-video-preview":"max-video-preview:-1"},"canonical":"https:\/\/pcspezialist.de\/blog\/2020\/04\/06\/teams-app\/","og_locale":"de_DE","og_type":"article","og_title":"Teams-App mit neuen Funktionen \u2013 Aus Office 365 wird Microsoft 365","og_description":"Aus Office 365 wird Microsoft 365. Damit geht einher, dass die Teams-App f\u00fcr Familien erweitert wird. Alle Infos bei uns.","og_url":"https:\/\/pcspezialist.de\/blog\/2020\/04\/06\/teams-app\/","og_site_name":"PC-SPEZIALIST Blog","article_published_time":"2020-04-06T10:20:30+00:00","article_modified_time":"2024-11-05T11:55:57+00:00","og_image":[{"width":1920,"height":1280,"url":"https:\/\/pcspezialist.de\/blog\/wp-content\/uploads\/2020\/04\/kids-4937854_1920.jpg","type":"image\/jpeg"}],"author":"Maren Keller","twitter_card":"summary_large_image","twitter_misc":{"Verfasst von":"Maren Keller","Gesch\u00e4tzte Lesezeit":"4\u00a0Minuten"},"schema":{"@context":"https:\/\/schema.org","@graph":[{"@type":"Article","@id":"https:\/\/pcspezialist.de\/blog\/2020\/04\/06\/teams-app\/#article","isPartOf":{"@id":"https:\/\/pcspezialist.de\/blog\/2020\/04\/06\/teams-app\/"},"author":{"name":"Maren Keller","@id":"https:\/\/pcspezialist.de\/blog\/#\/schema\/person\/e9cb801a8b8ea9138af26a02b8b6d14f"},"headline":"Teams-App mit neuen Funktionen ## Aus Office 365 wird Microsoft 365","datePublished":"2020-04-06T10:20:30+00:00","dateModified":"2024-11-05T11:55:57+00:00","mainEntityOfPage":{"@id":"https:\/\/pcspezialist.de\/blog\/2020\/04\/06\/teams-app\/"},"wordCount":775,"commentCount":4,"image":{"@id":"https:\/\/pcspezialist.de\/blog\/2020\/04\/06\/teams-app\/#primaryimage"},"thumbnailUrl":"https:\/\/pcspezialist.de\/blog\/wp-content\/uploads\/2020\/04\/kids-4937854_1920.jpg","keywords":["Microsoft","Office-Suite"],"articleSection":["Netzwerk\/Arbeitsplatz"],"inLanguage":"de","potentialAction":[{"@type":"CommentAction","name":"Comment","target":["https:\/\/pcspezialist.de\/blog\/2020\/04\/06\/teams-app\/#respond"]}]},{"@type":"WebPage","@id":"https:\/\/pcspezialist.de\/blog\/2020\/04\/06\/teams-app\/","url":"https:\/\/pcspezialist.de\/blog\/2020\/04\/06\/teams-app\/","name":"Teams-App mit neuen Funktionen \u2013 Aus Office 365 wird Microsoft 365","isPartOf":{"@id":"https:\/\/pcspezialist.de\/blog\/#website"},"primaryImageOfPage":{"@id":"https:\/\/pcspezialist.de\/blog\/2020\/04\/06\/teams-app\/#primaryimage"},"image":{"@id":"https:\/\/pcspezialist.de\/blog\/2020\/04\/06\/teams-app\/#primaryimage"},"thumbnailUrl":"https:\/\/pcspezialist.de\/blog\/wp-content\/uploads\/2020\/04\/kids-4937854_1920.jpg","datePublished":"2020-04-06T10:20:30+00:00","dateModified":"2024-11-05T11:55:57+00:00","author":{"@id":"https:\/\/pcspezialist.de\/blog\/#\/schema\/person\/e9cb801a8b8ea9138af26a02b8b6d14f"},"description":"Aus Office 365 wird Microsoft 365. Damit geht einher, dass die Teams-App f\u00fcr Familien erweitert wird. Alle Infos bei uns.","breadcrumb":{"@id":"https:\/\/pcspezialist.de\/blog\/2020\/04\/06\/teams-app\/#breadcrumb"},"inLanguage":"de","potentialAction":[{"@type":"ReadAction","target":["https:\/\/pcspezialist.de\/blog\/2020\/04\/06\/teams-app\/"]}]},{"@type":"ImageObject","inLanguage":"de","@id":"https:\/\/pcspezialist.de\/blog\/2020\/04\/06\/teams-app\/#primaryimage","url":"https:\/\/pcspezialist.de\/blog\/wp-content\/uploads\/2020\/04\/kids-4937854_1920.jpg","contentUrl":"https:\/\/pcspezialist.de\/blog\/wp-content\/uploads\/2020\/04\/kids-4937854_1920.jpg","width":1920,"height":1280,"caption":"Teams-App jetzt bald auch f\u00fcr Privatanwender nutzbar. Bild: Pixabay"},{"@type":"BreadcrumbList","@id":"https:\/\/pcspezialist.de\/blog\/2020\/04\/06\/teams-app\/#breadcrumb","itemListElement":[{"@type":"ListItem","position":1,"name":"Startseite","item":"https:\/\/pcspezialist.de\/blog\/"},{"@type":"ListItem","position":2,"name":"Teams-App mit neuen Funktionen ## Aus Office 365 wird Microsoft 365"}]},{"@type":"WebSite","@id":"https:\/\/pcspezialist.de\/blog\/#website","url":"https:\/\/pcspezialist.de\/blog\/","name":"PC-SPEZIALIST Blog","description":"IT-Service, Trends &amp; Technik","potentialAction":[{"@type":"SearchAction","target":{"@type":"EntryPoint","urlTemplate":"https:\/\/pcspezialist.de\/blog\/?s={search_term_string}"},"query-input":{"@type":"PropertyValueSpecification","valueRequired":true,"valueName":"search_term_string"}}],"inLanguage":"de"},{"@type":"Person","@id":"https:\/\/pcspezialist.de\/blog\/#\/schema\/person\/e9cb801a8b8ea9138af26a02b8b6d14f","name":"Maren Keller","description":"PC-SPEZIALIST ist eine Marke der in Schlo\u00df Holte ans\u00e4ssigen SYNAXON. Seit 2016 arbeitet Maren Keller f\u00fcr den PC-SPEZIALIST-Blog. Gestartet als Online-Redakteurin ist sie mittlerweile Content Marketing Managerin und tr\u00e4gt unter anderem die Verantwortung f\u00fcr die Inhalte des Blogs. In den Jahren 2017 und 2020 hat sie parallel f\u00fcr den Blog des IT-SERVICE.NETWORK geschrieben. Die studierte Germanistin und Politologin hat einen Sp\u00fcrsinn f\u00fcr aktuelle Bedrohungen im IT-Bereich entwickelt und versteht es, das Fachwissen von PC-SPEZIALIST dem Leser verst\u00e4ndlich darzubieten. Nicht zu verleugnen ist allerdings ihre Ungeduld, die sich in flinken Fingern auf der Tastatur zeigt und gleichzeitig f\u00fcr einen hohen Output sorgt. Ihre journalistische Karriere begann Maren Keller Mitte der 1990er Jahre mit dem Verfassen von Sportberichten f\u00fcr die Regionalseiten ihrer Heimatzeitung in Bremerhaven. Nach dem Studium in Hannover, das von zahlreichen Praktika bei Funk, Fernsehen und Zeitung begleitet wurde, kehrte sie f\u00fcr ein journalistisches Volontariat in ihre Heimat zur\u00fcck, um bei der NORDSEE-ZEITUNG den Beruf des Redakteurs von der Pike auf zu lernen und anschlie\u00dfend in der Sportredaktion zu arbeiten. W\u00e4hrend ihrer Elternzeiten und beruflich bedingten Umz\u00fcgen arbeitete sie als freie Journalistin f\u00fcr verschiedene Tageszeitungen und fand 2016 den Weg zur SYNAXON, wo sie heute als Content Marketing Managerin in Lohn und Brot steht. In ihrer Freizeit zeigt sie ihr Talent f\u00fcr\u2019s Schreiben nicht. Stattdessen liegen ihre Schwerpunkt dort im Bereich Haus, Familie, Garten und Hund. Au\u00dferdem ist sie musikalisch unterwegs, bl\u00e4st das Jagdhorn in einem Bl\u00e4serkorps, spielt Klavier und singt im Chor. Sie haben Fragen an Maren Keller? Sie erreichen sie per E-Mail an redaktion@pcspezialist.de","url":"https:\/\/pcspezialist.de\/blog\/author\/maren\/"}]}},"_links":{"self":[{"href":"https:\/\/pcspezialist.de\/blog\/wp-json\/wp\/v2\/posts\/49998","targetHints":{"allow":["GET"]}}],"collection":[{"href":"https:\/\/pcspezialist.de\/blog\/wp-json\/wp\/v2\/posts"}],"about":[{"href":"https:\/\/pcspezialist.de\/blog\/wp-json\/wp\/v2\/types\/post"}],"author":[{"embeddable":true,"href":"https:\/\/pcspezialist.de\/blog\/wp-json\/wp\/v2\/users\/98"}],"replies":[{"embeddable":true,"href":"https:\/\/pcspezialist.de\/blog\/wp-json\/wp\/v2\/comments?post=49998"}],"version-history":[{"count":10,"href":"https:\/\/pcspezialist.de\/blog\/wp-json\/wp\/v2\/posts\/49998\/revisions"}],"predecessor-version":[{"id":51367,"href":"https:\/\/pcspezialist.de\/blog\/wp-json\/wp\/v2\/posts\/49998\/revisions\/51367"}],"wp:featuredmedia":[{"embeddable":true,"href":"https:\/\/pcspezialist.de\/blog\/wp-json\/wp\/v2\/media\/50011"}],"wp:attachment":[{"href":"https:\/\/pcspezialist.de\/blog\/wp-json\/wp\/v2\/media?parent=49998"}],"wp:term":[{"taxonomy":"category","embeddable":true,"href":"https:\/\/pcspezialist.de\/blog\/wp-json\/wp\/v2\/categories?post=49998"},{"taxonomy":"post_tag","embeddable":true,"href":"https:\/\/pcspezialist.de\/blog\/wp-json\/wp\/v2\/tags?post=49998"}],"curies":[{"name":"wp","href":"https:\/\/api.w.org\/{rel}","templated":true}]}}