{"id":49782,"date":"2020-03-19T07:28:02","date_gmt":"2020-03-19T06:28:02","guid":{"rendered":"https:\/\/www.pcspezialist.de\/blog\/?p=49782"},"modified":"2025-06-26T09:59:20","modified_gmt":"2025-06-26T07:59:20","slug":"bewegungsdaten","status":"publish","type":"post","link":"https:\/\/pcspezialist.de\/blog\/2020\/03\/19\/bewegungsdaten\/","title":{"rendered":"Bewegungsdaten wegen Corona herausgegeben ## Telekom \u00fcbermittelt Handydaten ans Robert Koch-Institut"},"content":{"rendered":"<p><strong>Jedes Handy produziert Bewegungsdaten. Die Mobilfunkprovider k\u00f6nnten damit eure Wege theoretisch ziemlich genau rekonstruieren. Offenbar hat die Telekom jetzt einige dieser Daten an das Robert Koch-Institut \u00fcbermittelt. Sie sollen helfen, die Ausbreitung des Coronavirus besser nachvollziehen und Prognosen daraus ableiten zu k\u00f6nnen.<\/strong><\/p>\n<p>Was hei\u00dft das f\u00fcr Telekom-Nutzer? Werdet ihr jetzt \u00fcberwacht? Wir kl\u00e4ren auf!<\/p>\n<p><!--more--><\/p>\n<h3>Was sind Bewegungsdaten?<\/h3>\n<p>Bewegt ihr euch von A nach B, habt ihr meistens eurer Handy dabei. In der Regel k\u00f6nnt ihr dabei anhand der Balken sehen, ob und wie gut eure Verbindung an dem Ort ist, an dem ihr euch gerade befindet. Ganz automatisch bucht sich euer Handy immer beim n\u00e4chstgelegenen Funkmasten ein und nutzt das bestm\u00f6gliche Signal. Das klappt \u2013 mehr oder weniger gut \u2013 sogar, wenn ihr zum Beispiel mit dem Auto unterwegs seid und \u00fcber die Freisprechanlage telefoniert.<\/p>\n<p>Was euch dabei vielleicht nicht ganz so bewusst ist: Euer Mobilfunkanbieter bekommt eure Wege dadurch ziemlich genau mit und k\u00f6nnte damit sogar ein richtiges Bewegungsprofil \u00fcber euch anlegen. Wenn man es ganz hart formulieren m\u00f6chte: Strenggenommen werdet ihr unentwegt \u00fcber euer Handy \u00fcberwacht.<\/p>\n<p>In Deutschland werden diese Bewegungsdaten oder auch Standortdaten sogar immer f\u00fcr eine gewisse Zeit gespeichert. Aber: Die Mobilfunkprovider d\u00fcrfen diese sensiblen Netzdaten zum Gl\u00fcck nicht an Dritte weitergeben, denn hier geht es um den Schutz eurer Privatsph\u00e4re. Eigentlich.<\/p>\n<div id=\"attachment_49789\" style=\"width: 710px\" class=\"wp-caption alignright\"><img loading=\"lazy\" decoding=\"async\" aria-describedby=\"caption-attachment-49789\" class=\"size-medium wp-image-49789\" src=\"https:\/\/pcspezialist.de\/blog\/wp-content\/uploads\/2020\/03\/shttefan-ggZuL3BTSJU-unsplash-700x394.jpg\" alt=\"Zu sehen ist ein Teil einer jungen Frau, die ihr Handy nutzt. Ihre Bewegungsdaten werden dabei aufgezeichnet. Bild: Unsplash\/by SHTTEFAN\" width=\"700\" height=\"394\" srcset=\"https:\/\/pcspezialist.de\/blog\/wp-content\/uploads\/2020\/03\/shttefan-ggZuL3BTSJU-unsplash-700x394.jpg 700w, https:\/\/pcspezialist.de\/blog\/wp-content\/uploads\/2020\/03\/shttefan-ggZuL3BTSJU-unsplash-1244x700.jpg 1244w, https:\/\/pcspezialist.de\/blog\/wp-content\/uploads\/2020\/03\/shttefan-ggZuL3BTSJU-unsplash-768x432.jpg 768w, https:\/\/pcspezialist.de\/blog\/wp-content\/uploads\/2020\/03\/shttefan-ggZuL3BTSJU-unsplash-1536x864.jpg 1536w, https:\/\/pcspezialist.de\/blog\/wp-content\/uploads\/2020\/03\/shttefan-ggZuL3BTSJU-unsplash-2048x1152.jpg 2048w\" sizes=\"auto, (max-width: 700px) 100vw, 700px\" \/><p id=\"caption-attachment-49789\" class=\"wp-caption-text\">Dadurch, dass sich euer Handy st\u00e4ndig mit einem anderen Sendemast verbindet, kennen die Mobilfunkanbieter eure Bewegungsdaten ziemlich genau. Bild: Unsplash\/by SHTTEFAN<\/p><\/div>\n<h3>Telekom gibt Bewegungsdaten weiter<\/h3>\n<p>Jetzt berichtet das <a href=\"https:\/\/www.handelsblatt.com\/technik\/it-internet\/coronavirus-telekom-gibt-bewegungsdaten-an-das-robert-koch-institut-weiter\/25655516.html?ticket=ST-288558-FsTfHGvQEDdoZIeXMeu0-ap5\" target=\"_blank\" rel=\"noopener noreferrer\">Handelsblatt<\/a> allerdings, dass die Telekom diese Bewegungsdaten weitergegeben hat \u2013 ohne die Zustimmung der Nutzer. Dahinter steckt eine durchaus gute Absicht. Denn: Die Daten wurden an das Robert Koch-Institut \u00fcbermittelt, damit sie beim Kampf gegen das Coronavirus helfen. Aber wie genau k\u00f6nnen Sie das tun?<\/p>\n<p>Auf zweierlei Weise. Zum einen gilt es, die Bewegungsstr\u00f6me der Handynutzer analysieren und dadurch die Verbreitung des Coronavirus nachvollziehen zu k\u00f6nnen. Zum anderen sollen die Daten bei der Bewertung helfen, ob die Bev\u00f6lkerung die zunehmend strengen Einschr\u00e4nkungen des \u00f6ffentlichen Lebens hinnehmen und sich tats\u00e4chlich an die Regelungen halten. Das \u00fcbergeordnete Ziel ist es, die Ausbreitung von Covid-19 zu verlangsamen.<\/p>\n<p>Prinzipiell ist dieses Vorgehen aus der Sicht des Datenschutzes nat\u00fcrlich fragw\u00fcrdig. Die Daten werden aber angeblich vor der \u00dcbermittlung anonymisiert und lassen keinen R\u00fcckschluss auf einzelne Nutzer zu. In Anbetracht der aktuellen Lage seid ihr aber vermutlich auch der Meinung: Der Zweck heiligt in diesem Fall die Mittel.<\/p>\n<h3>Bewegungsdaten helfen bei Lagebewertung<\/h3>\n<p>Das Robert Koch-Institut sieht sich zu diesem drastischen Schritt gezwungen. Dazu sagt <a href=\"https:\/\/www.sueddeutsche.de\/digital\/coronavirus-telekom-smartphone-tracking-datenschutz-1.4850094\" target=\"_blank\" rel=\"noopener noreferrer\">RKI-Chef Lothar Wieler<\/a>: \u201eWenn die Menschen sich weiterhin so mobil verhalten, dann wird es schwer, das Virus einzud\u00e4mmen.\u201c Analyse und Kontrolle der Bewegungsdaten bilden in der Schlussfolgerung also die Grundlage f\u00fcr die weiteren Prognosen.<\/p>\n<p>Und letztlich werden sie auch als Entscheidungsgrundlage f\u00fcr die weiteren Ma\u00dfnahmen der Bundesregierung dienen. Die Formel ist denkbar einfach: Halten sich die Menschen nicht an die zunehmend eindringlicheren Mahnungen, dann wird ein drastischeres Vorgehen folgen. Denn genau das bedeutet es doch, wenn Bundeskanzlerin Angela Merkel davon spricht, dass die Experten die Lage stets dynamisch beobachten und bewerten werden.<\/p>\n<p>Unterm Strich: Die Bewegungsdaten werden mit dar\u00fcber entscheiden, ob die Bundesregierung \u2013 wie in anderen L\u00e4ndern bereits geschehen \u2013 am Ende eine Ausgangssperre verh\u00e4ngen muss oder nicht.<\/p>\n<h3>Vor Viren sch\u00fctzen \u2013 in der realen und virtuellen Welt<\/h3>\n<p>Die Corona-Krise hat das ganze Land jetzt fest in seinem Griff und dringt auf vielf\u00e4ltige Weise in euer Leben ein. Ihr seid vielleicht davon betroffen, dass die <a href=\"https:\/\/pcspezialist.de\/blog\/2020\/03\/16\/schule-zu-wegen-corona\/\">Schulen geschlossen<\/a> worden sind oder dass ihr jetzt aus dem <a href=\"https:\/\/pcspezialist.de\/blog\/2020\/03\/13\/coronavirus-im-home-office\/\">Homeoffice<\/a> arbeitet. Vielleicht seid ihr auch schon auf die ein oder anderen <a href=\"https:\/\/pcspezialist.de\/blog\/2020\/01\/28\/coronavirus-soziale-medien\/\">Fake News<\/a> im Zusammenhang mit dem Coronavirus hereingefallen und wisst gar nicht mehr, welchen <a href=\"https:\/\/pcspezialist.de\/blog\/2020\/03\/18\/coronavirus-nachrichten\/\">Informationsquellen<\/a> ihr \u00fcberhaupt noch Glauben schenken d\u00fcrft.<\/p>\n<p>Ihr solltet auf jeden Fall Vorsicht walten lassen: Egal, ob in der realen Welt oder in der virtuellen. Haltet in der realen Welt Abstand voneinander und sch\u00fctzt damit eure Mitmenschen. Seid in der virtuellen Welt aufmerksam und h\u00fctet euch vor Malware, die sich hinter <a href=\"https:\/\/pcspezialist.de\/blog\/2020\/03\/12\/coronavirus-karte\/\">Coronavirus-Karten<\/a> versteckt oder sich \u00fcber <a href=\"https:\/\/pcspezialist.de\/blog\/2020\/02\/05\/emotet-virus\/\">Phishing-Mails<\/a> verbreitet.<\/p>\n<p>Zumindest in der virtuellen Welt kann euch der <a href=\"https:\/\/pcspezialist.de\/it-service-anbieter-finden.html\">PC-SPEZIALIST in eurer N\u00e4he<\/a> einen wirksamen Schutz bieten \u2013 zum Beispiel, indem er einen <a href=\"https:\/\/pcspezialist.de\/virenschutz.html\">Virenschutz<\/a> auf eurem Computer oder Laptop installiert. Auch wenn ihr euch bereits einen Computervirus eingefangen habt, unterst\u00fctzt euch unser Profi bei der <a href=\"https:\/\/pcspezialist.de\/virenentfernung.html\">Entfernung<\/a>.<\/p>\n","protected":false},"excerpt":{"rendered":"<p>Jedes Handy produziert Bewegungsdaten. Die Mobilfunkprovider k\u00f6nnten damit eure Wege theoretisch ziemlich genau rekonstruieren. Offenbar hat die Telekom jetzt einige dieser Daten an das Robert Koch-Institut \u00fcbermittelt. Sie sollen helfen, die Ausbreitung des Coronavirus besser nachvollziehen und Prognosen daraus ableiten zu k\u00f6nnen. Was hei\u00dft das f\u00fcr Telekom-Nutzer? Werdet ihr jetzt \u00fcberwacht? Wir kl\u00e4ren auf!<\/p>\n","protected":false},"author":113,"featured_media":49788,"comment_status":"open","ping_status":"closed","sticky":false,"template":"","format":"standard","meta":{"footnotes":""},"categories":[6913],"tags":[1658,10352],"class_list":["post-49782","post","type-post","status-publish","format-standard","has-post-thumbnail","hentry","category-verschiedenes","tag-datenschutz","tag-coronavirus"],"yoast_head":"<!-- This site is optimized with the Yoast SEO plugin v27.4 - https:\/\/yoast.com\/product\/yoast-seo-wordpress\/ -->\n<title>Bewegungsdaten von Telekom weitergegeben \u2013 zum Kampf gegen Corona<\/title>\n<meta name=\"description\" content=\"Die Telekom gibt eure Bewegungsdaten heraus! Aber aus gutem Grund: Sie sollen dem Robert Koch-Institut im Kampf gegen Corona helfen. Mehr bei uns.\" \/>\n<meta name=\"robots\" content=\"index, follow, max-snippet:-1, max-image-preview:large, max-video-preview:-1\" \/>\n<link rel=\"canonical\" href=\"https:\/\/pcspezialist.de\/blog\/2020\/03\/19\/bewegungsdaten\/\" \/>\n<meta property=\"og:locale\" content=\"de_DE\" \/>\n<meta property=\"og:type\" content=\"article\" \/>\n<meta property=\"og:title\" content=\"Bewegungsdaten von Telekom weitergegeben \u2013 zum Kampf gegen Corona\" \/>\n<meta property=\"og:description\" content=\"Die Telekom gibt eure Bewegungsdaten heraus! Aber aus gutem Grund: Sie sollen dem Robert Koch-Institut im Kampf gegen Corona helfen. Mehr bei uns.\" \/>\n<meta property=\"og:url\" content=\"https:\/\/pcspezialist.de\/blog\/2020\/03\/19\/bewegungsdaten\/\" \/>\n<meta property=\"og:site_name\" content=\"PC-SPEZIALIST Blog\" \/>\n<meta property=\"article:published_time\" content=\"2020-03-19T06:28:02+00:00\" \/>\n<meta property=\"article:modified_time\" content=\"2025-06-26T07:59:20+00:00\" \/>\n<meta property=\"og:image\" content=\"https:\/\/pcspezialist.de\/blog\/wp-content\/uploads\/2020\/03\/robin-worrall-FPt10LXK0cg-unsplash-scaled.jpg\" \/>\n\t<meta property=\"og:image:width\" content=\"2560\" \/>\n\t<meta property=\"og:image:height\" content=\"1707\" \/>\n\t<meta property=\"og:image:type\" content=\"image\/jpeg\" \/>\n<meta name=\"author\" content=\"Janina Kr\u00f6ger\" \/>\n<meta name=\"twitter:card\" content=\"summary_large_image\" \/>\n<meta name=\"twitter:label1\" content=\"Verfasst von\" \/>\n\t<meta name=\"twitter:data1\" content=\"Janina Kr\u00f6ger\" \/>\n\t<meta name=\"twitter:label2\" content=\"Gesch\u00e4tzte Lesezeit\" \/>\n\t<meta name=\"twitter:data2\" content=\"5\u00a0Minuten\" \/>\n<script type=\"application\/ld+json\" class=\"yoast-schema-graph\">{\"@context\":\"https:\\\/\\\/schema.org\",\"@graph\":[{\"@type\":\"Article\",\"@id\":\"https:\\\/\\\/pcspezialist.de\\\/blog\\\/2020\\\/03\\\/19\\\/bewegungsdaten\\\/#article\",\"isPartOf\":{\"@id\":\"https:\\\/\\\/pcspezialist.de\\\/blog\\\/2020\\\/03\\\/19\\\/bewegungsdaten\\\/\"},\"author\":{\"name\":\"Janina Kr\u00f6ger\",\"@id\":\"https:\\\/\\\/pcspezialist.de\\\/blog\\\/#\\\/schema\\\/person\\\/6cdcc7f81aad53aaccd2c8b8534867c3\"},\"headline\":\"Bewegungsdaten wegen Corona herausgegeben ## Telekom \u00fcbermittelt Handydaten ans Robert Koch-Institut\",\"datePublished\":\"2020-03-19T06:28:02+00:00\",\"dateModified\":\"2025-06-26T07:59:20+00:00\",\"mainEntityOfPage\":{\"@id\":\"https:\\\/\\\/pcspezialist.de\\\/blog\\\/2020\\\/03\\\/19\\\/bewegungsdaten\\\/\"},\"wordCount\":756,\"commentCount\":1,\"image\":{\"@id\":\"https:\\\/\\\/pcspezialist.de\\\/blog\\\/2020\\\/03\\\/19\\\/bewegungsdaten\\\/#primaryimage\"},\"thumbnailUrl\":\"https:\\\/\\\/pcspezialist.de\\\/blog\\\/wp-content\\\/uploads\\\/2020\\\/03\\\/robin-worrall-FPt10LXK0cg-unsplash-scaled.jpg\",\"keywords\":[\"Datenschutz\",\"Coronavirus\"],\"articleSection\":[\"Verschiedenes\"],\"inLanguage\":\"de\",\"potentialAction\":[{\"@type\":\"CommentAction\",\"name\":\"Comment\",\"target\":[\"https:\\\/\\\/pcspezialist.de\\\/blog\\\/2020\\\/03\\\/19\\\/bewegungsdaten\\\/#respond\"]}]},{\"@type\":\"WebPage\",\"@id\":\"https:\\\/\\\/pcspezialist.de\\\/blog\\\/2020\\\/03\\\/19\\\/bewegungsdaten\\\/\",\"url\":\"https:\\\/\\\/pcspezialist.de\\\/blog\\\/2020\\\/03\\\/19\\\/bewegungsdaten\\\/\",\"name\":\"Bewegungsdaten von Telekom weitergegeben \u2013 zum Kampf gegen Corona\",\"isPartOf\":{\"@id\":\"https:\\\/\\\/pcspezialist.de\\\/blog\\\/#website\"},\"primaryImageOfPage\":{\"@id\":\"https:\\\/\\\/pcspezialist.de\\\/blog\\\/2020\\\/03\\\/19\\\/bewegungsdaten\\\/#primaryimage\"},\"image\":{\"@id\":\"https:\\\/\\\/pcspezialist.de\\\/blog\\\/2020\\\/03\\\/19\\\/bewegungsdaten\\\/#primaryimage\"},\"thumbnailUrl\":\"https:\\\/\\\/pcspezialist.de\\\/blog\\\/wp-content\\\/uploads\\\/2020\\\/03\\\/robin-worrall-FPt10LXK0cg-unsplash-scaled.jpg\",\"datePublished\":\"2020-03-19T06:28:02+00:00\",\"dateModified\":\"2025-06-26T07:59:20+00:00\",\"author\":{\"@id\":\"https:\\\/\\\/pcspezialist.de\\\/blog\\\/#\\\/schema\\\/person\\\/6cdcc7f81aad53aaccd2c8b8534867c3\"},\"description\":\"Die Telekom gibt eure Bewegungsdaten heraus! Aber aus gutem Grund: Sie sollen dem Robert Koch-Institut im Kampf gegen Corona helfen. Mehr bei uns.\",\"breadcrumb\":{\"@id\":\"https:\\\/\\\/pcspezialist.de\\\/blog\\\/2020\\\/03\\\/19\\\/bewegungsdaten\\\/#breadcrumb\"},\"inLanguage\":\"de\",\"potentialAction\":[{\"@type\":\"ReadAction\",\"target\":[\"https:\\\/\\\/pcspezialist.de\\\/blog\\\/2020\\\/03\\\/19\\\/bewegungsdaten\\\/\"]}]},{\"@type\":\"ImageObject\",\"inLanguage\":\"de\",\"@id\":\"https:\\\/\\\/pcspezialist.de\\\/blog\\\/2020\\\/03\\\/19\\\/bewegungsdaten\\\/#primaryimage\",\"url\":\"https:\\\/\\\/pcspezialist.de\\\/blog\\\/wp-content\\\/uploads\\\/2020\\\/03\\\/robin-worrall-FPt10LXK0cg-unsplash-scaled.jpg\",\"contentUrl\":\"https:\\\/\\\/pcspezialist.de\\\/blog\\\/wp-content\\\/uploads\\\/2020\\\/03\\\/robin-worrall-FPt10LXK0cg-unsplash-scaled.jpg\",\"width\":2560,\"height\":1707,\"caption\":\"Die Mobilfunkanbieter kennen eure Bewegungsdaten ziemlich genau. Bild: Unsplash\\\/ROBIN WORRALL\"},{\"@type\":\"BreadcrumbList\",\"@id\":\"https:\\\/\\\/pcspezialist.de\\\/blog\\\/2020\\\/03\\\/19\\\/bewegungsdaten\\\/#breadcrumb\",\"itemListElement\":[{\"@type\":\"ListItem\",\"position\":1,\"name\":\"Startseite\",\"item\":\"https:\\\/\\\/pcspezialist.de\\\/blog\\\/\"},{\"@type\":\"ListItem\",\"position\":2,\"name\":\"Bewegungsdaten wegen Corona herausgegeben ## Telekom \u00fcbermittelt Handydaten ans Robert Koch-Institut\"}]},{\"@type\":\"WebSite\",\"@id\":\"https:\\\/\\\/pcspezialist.de\\\/blog\\\/#website\",\"url\":\"https:\\\/\\\/pcspezialist.de\\\/blog\\\/\",\"name\":\"PC-SPEZIALIST Blog\",\"description\":\"IT-Service, Trends &amp; Technik\",\"potentialAction\":[{\"@type\":\"SearchAction\",\"target\":{\"@type\":\"EntryPoint\",\"urlTemplate\":\"https:\\\/\\\/pcspezialist.de\\\/blog\\\/?s={search_term_string}\"},\"query-input\":{\"@type\":\"PropertyValueSpecification\",\"valueRequired\":true,\"valueName\":\"search_term_string\"}}],\"inLanguage\":\"de\"},{\"@type\":\"Person\",\"@id\":\"https:\\\/\\\/pcspezialist.de\\\/blog\\\/#\\\/schema\\\/person\\\/6cdcc7f81aad53aaccd2c8b8534867c3\",\"name\":\"Janina Kr\u00f6ger\",\"description\":\"Seit Anfang 2019 unterst\u00fctzt Janina Kr\u00f6ger den PC-SPEZIALIST-Blog \u2013 anfangs in der Position der Online-Redakteurin und inzwischen als Content Marketing Managerin. Die studierte Germanistin\\\/Anglistin und ausgebildete Redakteurin beh\u00e4lt das Geschehen auf dem IT-Markt im Blick, verfolgt gespannt neue Trends und Technologien und beobachtet aktuelle Bedrohungen im Bereich des Cybercrime. Die relevantesten Infos werden dann in interessante Blog-Beitr\u00e4ge verpackt, um vor allem Unternehmen mit n\u00fctzlichem Wissen zu versorgen, das sie gewinnbringend f\u00fcr sich nutzen k\u00f6nnen. Der schreibenden Zunft geh\u00f6rt Janina Kr\u00f6ger bereits seit 2006 an, als sie ein Praktikum beim WESTF\u00c4LISCHEN VOLKSBLATT absolvierte und der Regionalzeitung anschlie\u00dfend als Freie Mitarbeiterin erhalten blieb. Nach ihrem Studium an der Universit\u00e4t Paderborn ging es mit Hospitanz, Volontariat und Redakteurs-Posten beim WESTFALEN-BLATT vollends in den Journalismus. Mit dem Wechsel zum Publicpress Verlag lernte Janina Kr\u00f6ger als Text-Redakteurin ein f\u00fcr sie neues Themengebiet kennen: Die Produktion von Reisef\u00fchrern, Wanderf\u00fchrern und Radtourenf\u00fchrern sowie die Erstellung von Freizeitkarten und Stadtpl\u00e4nen waren die neuen Aufgaben \u2013 allerdings sollten Google Maps und Co. dem Erfolg des Verlags bald ein Ende setzen. F\u00fcr Janina Kr\u00f6ger bedeutete das: Als n\u00e4chstes muss ein Job in einem Themengebiet mit besseren Zukunftsaussichten her \u2013 die IT-Branche schien da genau richtig! Seit 2019 f\u00fchlt sich die gelernte Redakteurin nun bei der SYNAXON AG als Mutterunternehmen von PC-SPEZIALIST bestens aufgehoben und ist nach einer kurzen Elternzeit inzwischen wieder voll im Tagesgesch\u00e4ft angekommen. In ihrer Freizeit tauscht Janina Kr\u00f6ger den Laptop gern gegen ihre Back- und Kochutensilien aus. Zeit mit ihrer Familie hat h\u00f6chste Priorit\u00e4t. Andere Hobbies wie das Lesen, Hulahoop-Schwingen und Trampolin-H\u00fcpfen sind daher zuletzt etwas in den Hintergrund getreten.\",\"url\":\"https:\\\/\\\/pcspezialist.de\\\/blog\\\/author\\\/janina-kroegersynaxon-de\\\/\"}]}<\/script>\n<!-- \/ Yoast SEO plugin. -->","yoast_head_json":{"title":"Bewegungsdaten von Telekom weitergegeben \u2013 zum Kampf gegen Corona","description":"Die Telekom gibt eure Bewegungsdaten heraus! Aber aus gutem Grund: Sie sollen dem Robert Koch-Institut im Kampf gegen Corona helfen. Mehr bei uns.","robots":{"index":"index","follow":"follow","max-snippet":"max-snippet:-1","max-image-preview":"max-image-preview:large","max-video-preview":"max-video-preview:-1"},"canonical":"https:\/\/pcspezialist.de\/blog\/2020\/03\/19\/bewegungsdaten\/","og_locale":"de_DE","og_type":"article","og_title":"Bewegungsdaten von Telekom weitergegeben \u2013 zum Kampf gegen Corona","og_description":"Die Telekom gibt eure Bewegungsdaten heraus! Aber aus gutem Grund: Sie sollen dem Robert Koch-Institut im Kampf gegen Corona helfen. Mehr bei uns.","og_url":"https:\/\/pcspezialist.de\/blog\/2020\/03\/19\/bewegungsdaten\/","og_site_name":"PC-SPEZIALIST Blog","article_published_time":"2020-03-19T06:28:02+00:00","article_modified_time":"2025-06-26T07:59:20+00:00","og_image":[{"width":2560,"height":1707,"url":"https:\/\/pcspezialist.de\/blog\/wp-content\/uploads\/2020\/03\/robin-worrall-FPt10LXK0cg-unsplash-scaled.jpg","type":"image\/jpeg"}],"author":"Janina Kr\u00f6ger","twitter_card":"summary_large_image","twitter_misc":{"Verfasst von":"Janina Kr\u00f6ger","Gesch\u00e4tzte Lesezeit":"5\u00a0Minuten"},"schema":{"@context":"https:\/\/schema.org","@graph":[{"@type":"Article","@id":"https:\/\/pcspezialist.de\/blog\/2020\/03\/19\/bewegungsdaten\/#article","isPartOf":{"@id":"https:\/\/pcspezialist.de\/blog\/2020\/03\/19\/bewegungsdaten\/"},"author":{"name":"Janina Kr\u00f6ger","@id":"https:\/\/pcspezialist.de\/blog\/#\/schema\/person\/6cdcc7f81aad53aaccd2c8b8534867c3"},"headline":"Bewegungsdaten wegen Corona herausgegeben ## Telekom \u00fcbermittelt Handydaten ans Robert Koch-Institut","datePublished":"2020-03-19T06:28:02+00:00","dateModified":"2025-06-26T07:59:20+00:00","mainEntityOfPage":{"@id":"https:\/\/pcspezialist.de\/blog\/2020\/03\/19\/bewegungsdaten\/"},"wordCount":756,"commentCount":1,"image":{"@id":"https:\/\/pcspezialist.de\/blog\/2020\/03\/19\/bewegungsdaten\/#primaryimage"},"thumbnailUrl":"https:\/\/pcspezialist.de\/blog\/wp-content\/uploads\/2020\/03\/robin-worrall-FPt10LXK0cg-unsplash-scaled.jpg","keywords":["Datenschutz","Coronavirus"],"articleSection":["Verschiedenes"],"inLanguage":"de","potentialAction":[{"@type":"CommentAction","name":"Comment","target":["https:\/\/pcspezialist.de\/blog\/2020\/03\/19\/bewegungsdaten\/#respond"]}]},{"@type":"WebPage","@id":"https:\/\/pcspezialist.de\/blog\/2020\/03\/19\/bewegungsdaten\/","url":"https:\/\/pcspezialist.de\/blog\/2020\/03\/19\/bewegungsdaten\/","name":"Bewegungsdaten von Telekom weitergegeben \u2013 zum Kampf gegen Corona","isPartOf":{"@id":"https:\/\/pcspezialist.de\/blog\/#website"},"primaryImageOfPage":{"@id":"https:\/\/pcspezialist.de\/blog\/2020\/03\/19\/bewegungsdaten\/#primaryimage"},"image":{"@id":"https:\/\/pcspezialist.de\/blog\/2020\/03\/19\/bewegungsdaten\/#primaryimage"},"thumbnailUrl":"https:\/\/pcspezialist.de\/blog\/wp-content\/uploads\/2020\/03\/robin-worrall-FPt10LXK0cg-unsplash-scaled.jpg","datePublished":"2020-03-19T06:28:02+00:00","dateModified":"2025-06-26T07:59:20+00:00","author":{"@id":"https:\/\/pcspezialist.de\/blog\/#\/schema\/person\/6cdcc7f81aad53aaccd2c8b8534867c3"},"description":"Die Telekom gibt eure Bewegungsdaten heraus! Aber aus gutem Grund: Sie sollen dem Robert Koch-Institut im Kampf gegen Corona helfen. Mehr bei uns.","breadcrumb":{"@id":"https:\/\/pcspezialist.de\/blog\/2020\/03\/19\/bewegungsdaten\/#breadcrumb"},"inLanguage":"de","potentialAction":[{"@type":"ReadAction","target":["https:\/\/pcspezialist.de\/blog\/2020\/03\/19\/bewegungsdaten\/"]}]},{"@type":"ImageObject","inLanguage":"de","@id":"https:\/\/pcspezialist.de\/blog\/2020\/03\/19\/bewegungsdaten\/#primaryimage","url":"https:\/\/pcspezialist.de\/blog\/wp-content\/uploads\/2020\/03\/robin-worrall-FPt10LXK0cg-unsplash-scaled.jpg","contentUrl":"https:\/\/pcspezialist.de\/blog\/wp-content\/uploads\/2020\/03\/robin-worrall-FPt10LXK0cg-unsplash-scaled.jpg","width":2560,"height":1707,"caption":"Die Mobilfunkanbieter kennen eure Bewegungsdaten ziemlich genau. Bild: Unsplash\/ROBIN WORRALL"},{"@type":"BreadcrumbList","@id":"https:\/\/pcspezialist.de\/blog\/2020\/03\/19\/bewegungsdaten\/#breadcrumb","itemListElement":[{"@type":"ListItem","position":1,"name":"Startseite","item":"https:\/\/pcspezialist.de\/blog\/"},{"@type":"ListItem","position":2,"name":"Bewegungsdaten wegen Corona herausgegeben ## Telekom \u00fcbermittelt Handydaten ans Robert Koch-Institut"}]},{"@type":"WebSite","@id":"https:\/\/pcspezialist.de\/blog\/#website","url":"https:\/\/pcspezialist.de\/blog\/","name":"PC-SPEZIALIST Blog","description":"IT-Service, Trends &amp; Technik","potentialAction":[{"@type":"SearchAction","target":{"@type":"EntryPoint","urlTemplate":"https:\/\/pcspezialist.de\/blog\/?s={search_term_string}"},"query-input":{"@type":"PropertyValueSpecification","valueRequired":true,"valueName":"search_term_string"}}],"inLanguage":"de"},{"@type":"Person","@id":"https:\/\/pcspezialist.de\/blog\/#\/schema\/person\/6cdcc7f81aad53aaccd2c8b8534867c3","name":"Janina Kr\u00f6ger","description":"Seit Anfang 2019 unterst\u00fctzt Janina Kr\u00f6ger den PC-SPEZIALIST-Blog \u2013 anfangs in der Position der Online-Redakteurin und inzwischen als Content Marketing Managerin. Die studierte Germanistin\/Anglistin und ausgebildete Redakteurin beh\u00e4lt das Geschehen auf dem IT-Markt im Blick, verfolgt gespannt neue Trends und Technologien und beobachtet aktuelle Bedrohungen im Bereich des Cybercrime. Die relevantesten Infos werden dann in interessante Blog-Beitr\u00e4ge verpackt, um vor allem Unternehmen mit n\u00fctzlichem Wissen zu versorgen, das sie gewinnbringend f\u00fcr sich nutzen k\u00f6nnen. Der schreibenden Zunft geh\u00f6rt Janina Kr\u00f6ger bereits seit 2006 an, als sie ein Praktikum beim WESTF\u00c4LISCHEN VOLKSBLATT absolvierte und der Regionalzeitung anschlie\u00dfend als Freie Mitarbeiterin erhalten blieb. Nach ihrem Studium an der Universit\u00e4t Paderborn ging es mit Hospitanz, Volontariat und Redakteurs-Posten beim WESTFALEN-BLATT vollends in den Journalismus. Mit dem Wechsel zum Publicpress Verlag lernte Janina Kr\u00f6ger als Text-Redakteurin ein f\u00fcr sie neues Themengebiet kennen: Die Produktion von Reisef\u00fchrern, Wanderf\u00fchrern und Radtourenf\u00fchrern sowie die Erstellung von Freizeitkarten und Stadtpl\u00e4nen waren die neuen Aufgaben \u2013 allerdings sollten Google Maps und Co. dem Erfolg des Verlags bald ein Ende setzen. F\u00fcr Janina Kr\u00f6ger bedeutete das: Als n\u00e4chstes muss ein Job in einem Themengebiet mit besseren Zukunftsaussichten her \u2013 die IT-Branche schien da genau richtig! Seit 2019 f\u00fchlt sich die gelernte Redakteurin nun bei der SYNAXON AG als Mutterunternehmen von PC-SPEZIALIST bestens aufgehoben und ist nach einer kurzen Elternzeit inzwischen wieder voll im Tagesgesch\u00e4ft angekommen. In ihrer Freizeit tauscht Janina Kr\u00f6ger den Laptop gern gegen ihre Back- und Kochutensilien aus. Zeit mit ihrer Familie hat h\u00f6chste Priorit\u00e4t. Andere Hobbies wie das Lesen, Hulahoop-Schwingen und Trampolin-H\u00fcpfen sind daher zuletzt etwas in den Hintergrund getreten.","url":"https:\/\/pcspezialist.de\/blog\/author\/janina-kroegersynaxon-de\/"}]}},"_links":{"self":[{"href":"https:\/\/pcspezialist.de\/blog\/wp-json\/wp\/v2\/posts\/49782","targetHints":{"allow":["GET"]}}],"collection":[{"href":"https:\/\/pcspezialist.de\/blog\/wp-json\/wp\/v2\/posts"}],"about":[{"href":"https:\/\/pcspezialist.de\/blog\/wp-json\/wp\/v2\/types\/post"}],"author":[{"embeddable":true,"href":"https:\/\/pcspezialist.de\/blog\/wp-json\/wp\/v2\/users\/113"}],"replies":[{"embeddable":true,"href":"https:\/\/pcspezialist.de\/blog\/wp-json\/wp\/v2\/comments?post=49782"}],"version-history":[{"count":10,"href":"https:\/\/pcspezialist.de\/blog\/wp-json\/wp\/v2\/posts\/49782\/revisions"}],"predecessor-version":[{"id":75270,"href":"https:\/\/pcspezialist.de\/blog\/wp-json\/wp\/v2\/posts\/49782\/revisions\/75270"}],"wp:featuredmedia":[{"embeddable":true,"href":"https:\/\/pcspezialist.de\/blog\/wp-json\/wp\/v2\/media\/49788"}],"wp:attachment":[{"href":"https:\/\/pcspezialist.de\/blog\/wp-json\/wp\/v2\/media?parent=49782"}],"wp:term":[{"taxonomy":"category","embeddable":true,"href":"https:\/\/pcspezialist.de\/blog\/wp-json\/wp\/v2\/categories?post=49782"},{"taxonomy":"post_tag","embeddable":true,"href":"https:\/\/pcspezialist.de\/blog\/wp-json\/wp\/v2\/tags?post=49782"}],"curies":[{"name":"wp","href":"https:\/\/api.w.org\/{rel}","templated":true}]}}