{"id":48264,"date":"2019-12-10T07:49:32","date_gmt":"2019-12-10T06:49:32","guid":{"rendered":"https:\/\/www.pcspezialist.de\/blog\/?p=48264"},"modified":"2024-11-05T13:10:33","modified_gmt":"2024-11-05T12:10:33","slug":"whatsapp-aus","status":"publish","type":"post","link":"https:\/\/pcspezialist.de\/blog\/2019\/12\/10\/whatsapp-aus\/","title":{"rendered":"Droht das WhatsApp-Aus? ## Instagram und Facebook ebenso betroffen"},"content":{"rendered":"<p><strong>Das Urteil des Landgerichts M\u00fcnchen ist so skurril, dass es auf den ersten Blick wohl nur wenige glauben, aber es stimmt: Das WhatsApp-Aus droht. Und nicht nur das: Auch andere Facebook-Apps wie Instagram, Facebook und der Facebook-Messenger stehen vor dem Aus in Deutschland.\u00a0<\/strong><\/p>\n<p>Was ist passiert? Wie sicher ist das WhatsApp-Aus? Wir kl\u00e4ren auf.<\/p>\n<p><!--more--><\/p>\n<h3>WhatsApp-Aus wegen Patentklage<\/h3>\n<p>Fast jeder Mensch mit einem Smartphone nutzt heutzutage WhatsApp. Ist ja auch klar, denn der Messenger-Dienst ist nicht nur super praktisch. Er ist noch dazu kostenlos und bietet wahnsinnig viele M\u00f6glichkeiten, um mit anderen Nutzern auf vielf\u00e4ltige Art und Weise zu kommunizieren.<\/p>\n<p>Das WhatsApp-Aus k\u00f6nnte daher zum Horrorszenario f\u00fcr Millionen Deutsche werden. Doch warum m\u00fcssen WhatsApp, Facebook und Instagram jetzt eigentlich in Deutschland das Aus bef\u00fcrchten? Grund ist ein <a href=\"https:\/\/www.sueddeutsche.de\/digital\/urteil-facebook-whatsapp-instagram-verbot-1.4713341\" target=\"_blank\" rel=\"noopener noreferrer\">Urteil des Landgerichts M\u00fcnchen I<\/a>. Das Gericht, welches sich auf Patentklagen spezialisiert hat, hat jetzt mehrere Patentklagen von Blackberry untersucht. Das Urteil: Facebook verst\u00f6\u00dft mit einigen Funktionen innerhalb seiner Apps gegen Patente, die Blackberry h\u00e4lt.<\/p>\n<p>Die <a href=\"https:\/\/www.sueddeutsche.de\/digital\/urteil-facebook-whatsapp-instagram-verbot-1.4713341\" target=\"_blank\" rel=\"noopener noreferrer\">Urteile<\/a> besagen, dass Facebook seine Produkte in Deutschland nicht zur Benutzung anbieten und zur Verf\u00fcgung stellen darf, soweit die Anwendungen Patente nutzen, die Blackberry h\u00e4lt. Damit w\u00e4ren also alle Facebook-Apps auf einen Schlag in Deutschland verboten.<\/p>\n<div id=\"attachment_48273\" style=\"width: 710px\" class=\"wp-caption alignright\"><img loading=\"lazy\" decoding=\"async\" aria-describedby=\"caption-attachment-48273\" class=\"size-medium wp-image-48273\" src=\"https:\/\/pcspezialist.de\/blog\/wp-content\/uploads\/2019\/12\/mnm-all-HK9b5x32pso-unsplash-700x394.jpg\" alt=\"Das Bild zeigt ein Blackberry-Smartphone. Der Smartphone-Hersteller Blackberry verklagt Facebook, Software-Patente gestohlen zu haben. Jetzt droht nicht nur das WhatsApp-Aus. Bild: Unsplash\/mnm.all\" width=\"700\" height=\"394\" srcset=\"https:\/\/pcspezialist.de\/blog\/wp-content\/uploads\/2019\/12\/mnm-all-HK9b5x32pso-unsplash-700x394.jpg 700w, https:\/\/pcspezialist.de\/blog\/wp-content\/uploads\/2019\/12\/mnm-all-HK9b5x32pso-unsplash-768x432.jpg 768w, https:\/\/pcspezialist.de\/blog\/wp-content\/uploads\/2019\/12\/mnm-all-HK9b5x32pso-unsplash-1244x700.jpg 1244w\" sizes=\"auto, (max-width: 700px) 100vw, 700px\" \/><p id=\"caption-attachment-48273\" class=\"wp-caption-text\">Der Smartphone-Hersteller Blackberry verklagt Facebook, Software-Patente gestohlen zu haben. Jetzt droht nicht nur das WhatsApp-Aus. Bild: Unsplash\/mnm.all<\/p><\/div>\n<h3>WhatsApp-Aus, Instagram-Aus \u2013 was jetzt?<\/h3>\n<p>Erstmal keine Panik, denn das Urteil ist aktuell noch nicht rechtskr\u00e4ftig. Der Facebook-Sprecher k\u00fcndigte n\u00e4mlich an, gegen das Urteil Berufung einzulegen. Allerdings k\u00f6nnte der Konzern dennoch gezwungen sein, das WhatsApp-Aus vorschnell einzul\u00e4uten, da das Urteil \u201evorl\u00e4ufig vollstreckbar\u201c ist.<\/p>\n<p>In dem Fall k\u00f6nnte Blackberry das direkte Facebook-Verbot fordern, m\u00fcsste jedoch f\u00fcr den Schaden, der Facebook w\u00e4hrend diese Verbots entsteht, aufkommen, falls das Oberlandesgericht Facebooks Berufung stattgibt. Doch auch daf\u00fcr muss Blackberry im Vorfeld Sicherheiten hinterlegen \u2013 Betr\u00e4ge in Millionenh\u00f6he. Erst wenn diese Betr\u00e4ge als Sicherheiten existieren, r\u00fcckt das WhatsApp-Verbot in greifbare N\u00e4he. Und noch hat Blackberry hierzu keine Stellungnahme gegeben.<\/p>\n<p>An dieser Stelle k\u00f6nnt ihr aber schon einmal aufatmen. Erstens m\u00fcsste Blackberry sehr viel Geld hinterlegen. Zweitens hat Facebook bereits verk\u00fcndet, dass es kein WhatsApp-Aus, Instagram-Aus oder Facebook-Aus geben wird. Stattdessen sollen die spezifischen Funktionen, um die es in der Patentklage geht, einfach mit einem <a href=\"https:\/\/www.computerbild.de\/artikel\/cb-News-Handy-Blackberry-Facebook-Klage-WhatsApp-Instagram-19928335.html\" target=\"_blank\" rel=\"noopener noreferrer\">n\u00e4chsten Software-Update<\/a> entfernt werden. So entspreche man den Anforderungen des Unterlassungsgebots.<\/p>\n<div id=\"attachment_48274\" style=\"width: 710px\" class=\"wp-caption alignright\"><img loading=\"lazy\" decoding=\"async\" aria-describedby=\"caption-attachment-48274\" class=\"size-medium wp-image-48274\" src=\"https:\/\/pcspezialist.de\/blog\/wp-content\/uploads\/2019\/12\/luke-porter-UGX2qdjdKkw-unsplash-700x467.jpg\" alt=\"Das Bild zeigt ein M\u00e4dchen, welches ein Handy bedient. Muss es Angst vom WhatsApp-Aus haben? Die gute Antwort hei\u00dft: nein. Aber eventuell m\u00fcssen wir uns mit ein paar \u00c4nderungen anfreunden. Bild: Unsplash\/Luke Porter\" width=\"700\" height=\"467\" srcset=\"https:\/\/pcspezialist.de\/blog\/wp-content\/uploads\/2019\/12\/luke-porter-UGX2qdjdKkw-unsplash-700x467.jpg 700w, https:\/\/pcspezialist.de\/blog\/wp-content\/uploads\/2019\/12\/luke-porter-UGX2qdjdKkw-unsplash-768x512.jpg 768w, https:\/\/pcspezialist.de\/blog\/wp-content\/uploads\/2019\/12\/luke-porter-UGX2qdjdKkw-unsplash-1050x700.jpg 1050w\" sizes=\"auto, (max-width: 700px) 100vw, 700px\" \/><p id=\"caption-attachment-48274\" class=\"wp-caption-text\">WhatsApp-Aus: M\u00fcssen wir bald auf WhatsApp und Co. verzichten? Die gute Antwort hei\u00dft: nein. Aber eventuell m\u00fcssen wir uns mit ein paar \u00c4nderungen anfreunden. Bild: Unsplash\/Luke Porter<\/p><\/div>\n<h3>\u201ePatent-Troll\u201c Blackberry verklagt Facebook<\/h3>\n<p>Wenn man sich das vorl\u00e4ufige Gerichtsurteil ansieht, k\u00f6nnte man schnell auf den Gedanken kommen, dass Blackberry mit Facebook noch ein H\u00fchnchen zu rupfen hat. Doch ganz so stimmt das nicht. Vielmehr hat sich das Unternehmen mittlerweile den <a href=\"https:\/\/www.sueddeutsche.de\/digital\/urteil-facebook-whatsapp-instagram-verbot-1.4713341\" target=\"_blank\" rel=\"noopener noreferrer\">Ruf eines \u201ePatent-Trolls\u201c<\/a> angeeignet \u2013 ein Unternehmen, welches anstatt mit seri\u00f6sen Gesch\u00e4ften lieber Geld auf dubiose Weise einnimmt.<\/p>\n<p>Was erhofft sich Blackberry davon? Einige vermuten, dass Blackberry damit andere Unternehmen zwingen m\u00f6chte, teure Lizenzdeals mit ihnen abzuschlie\u00dfen, um nicht in dieselbe Lage zu gelangen, in der Facebook nun steckt. Denn ein WhatsApp-Aus k\u00f6nnte das Unternehmen sehr teuer zu stehen kommen. Werden die n\u00f6tigen Lizenzdeals abgeschlossen, kann die Software wie bisher weiterverwendet werden.<\/p>\n<p>Und ganz so abwegig scheint dieser Vorwurf nicht zu sein. Denn obgleich Blackberry in den 2000er-Jahren mit zu den Pionieren im Smartphone-Gesch\u00e4ft geh\u00f6rten, sind sie mittlerweile doch von Apple, Samsung, Huawei und Co. abgeh\u00e4ngt.<\/p>\n<h3>Was tun wenn das WhatsApp-Aus droht?<\/h3>\n<p>Erstmal solltet ihr bei der Meldung \u00fcber ein WhatsApp-Aus nicht in Panik verfallen. Ok, diese Klage ist kein Scherz. Doch ihr m\u00fcsst dennoch wohl eher nicht bef\u00fcrchten, dass euer geliebter WhatsApp-Messenger morgen einfach nicht mehr funktionieren wird. Gleiches gilt \u00fcbrigens f\u00fcr Facebook, den Facebook Messenger und Instagram.<\/p>\n<p>Sehr viel wahrscheinlicher ist, dass Facebook seine Apps umbauen wird, um zu verhindern, dass sie in Deutschland abgeschaltet werden. Welche <a href=\"https:\/\/pcspezialist.de\/blog\/?s=whatsapp+funktion\">Funktionen<\/a> das sind, k\u00f6nnt ihr dann in bekannter Manier bei uns lesen. Und nat\u00fcrlich halten wir euch hier auch \u00fcber den weiteren Verlauf des Rechtsstreits auf dem Laufenden. Also bleibt am Ball und genie\u00dft alle Funktionen von WhatsApp und Co., denn die \u2013 auch das sollte euch klar sein \u2013 k\u00f6nnten bald wohl etwas anders aussehen.<\/p>\n","protected":false},"excerpt":{"rendered":"<p>Das Urteil des Landgerichts M\u00fcnchen ist so skurril, dass es auf den ersten Blick wohl nur wenige glauben, aber es stimmt: Das WhatsApp-Aus droht. Und nicht nur das: Auch andere Facebook-Apps wie Instagram, Facebook und der Facebook-Messenger stehen vor dem Aus in Deutschland.\u00a0 Was ist passiert? Wie sicher ist das WhatsApp-Aus? Wir kl\u00e4ren auf.<\/p>\n","protected":false},"author":115,"featured_media":48272,"comment_status":"open","ping_status":"closed","sticky":false,"template":"","format":"standard","meta":{"footnotes":""},"categories":[6913],"tags":[1088,1250,2192,3367,3764],"class_list":["post-48264","post","type-post","status-publish","format-standard","has-post-thumbnail","hentry","category-verschiedenes","tag-facebook","tag-social-media","tag-messenger","tag-instagram","tag-whatsapp"],"yoast_head":"<!-- This site is optimized with the Yoast SEO plugin v27.5 - https:\/\/yoast.com\/product\/yoast-seo-wordpress\/ -->\n<title>Droht das WhatsApp-Aus? \u2013 Instagram und Facebook ebenso betroffen<\/title>\n<meta name=\"description\" content=\"Das Landgericht M\u00fcnchen hat einer Klage statt gegeben, die das WhatsApp-Aus bedeutet. Auch andere Facebook-Apps sind betroffen. Was ist passiert?\" \/>\n<meta name=\"robots\" content=\"index, follow, max-snippet:-1, max-image-preview:large, max-video-preview:-1\" \/>\n<link rel=\"canonical\" href=\"https:\/\/pcspezialist.de\/blog\/2019\/12\/10\/whatsapp-aus\/\" \/>\n<meta property=\"og:locale\" content=\"de_DE\" \/>\n<meta property=\"og:type\" content=\"article\" \/>\n<meta property=\"og:title\" content=\"Droht das WhatsApp-Aus? \u2013 Instagram und Facebook ebenso betroffen\" \/>\n<meta property=\"og:description\" content=\"Das Landgericht M\u00fcnchen hat einer Klage statt gegeben, die das WhatsApp-Aus bedeutet. Auch andere Facebook-Apps sind betroffen. Was ist passiert?\" \/>\n<meta property=\"og:url\" content=\"https:\/\/pcspezialist.de\/blog\/2019\/12\/10\/whatsapp-aus\/\" \/>\n<meta property=\"og:site_name\" content=\"PC-SPEZIALIST Blog\" \/>\n<meta property=\"article:published_time\" content=\"2019-12-10T06:49:32+00:00\" \/>\n<meta property=\"article:modified_time\" content=\"2024-11-05T12:10:33+00:00\" \/>\n<meta property=\"og:image\" content=\"https:\/\/pcspezialist.de\/blog\/wp-content\/uploads\/2019\/12\/rachit-tank-lZBs-lD9LPQ-unsplash.jpg\" \/>\n\t<meta property=\"og:image:width\" content=\"5184\" \/>\n\t<meta property=\"og:image:height\" content=\"3456\" \/>\n\t<meta property=\"og:image:type\" content=\"image\/jpeg\" \/>\n<meta name=\"author\" content=\"Susanna Hinrichsen-Deicke\" \/>\n<meta name=\"twitter:card\" content=\"summary_large_image\" \/>\n<meta name=\"twitter:label1\" content=\"Verfasst von\" \/>\n\t<meta name=\"twitter:data1\" content=\"Susanna Hinrichsen-Deicke\" \/>\n\t<meta name=\"twitter:label2\" content=\"Gesch\u00e4tzte Lesezeit\" \/>\n\t<meta name=\"twitter:data2\" content=\"4\u00a0Minuten\" \/>\n<script type=\"application\/ld+json\" class=\"yoast-schema-graph\">{\"@context\":\"https:\\\/\\\/schema.org\",\"@graph\":[{\"@type\":\"Article\",\"@id\":\"https:\\\/\\\/pcspezialist.de\\\/blog\\\/2019\\\/12\\\/10\\\/whatsapp-aus\\\/#article\",\"isPartOf\":{\"@id\":\"https:\\\/\\\/pcspezialist.de\\\/blog\\\/2019\\\/12\\\/10\\\/whatsapp-aus\\\/\"},\"author\":{\"name\":\"Susanna Hinrichsen-Deicke\",\"@id\":\"https:\\\/\\\/pcspezialist.de\\\/blog\\\/#\\\/schema\\\/person\\\/080f8e206bd1ed1cdcc8eae71c081269\"},\"headline\":\"Droht das WhatsApp-Aus? ## Instagram und Facebook ebenso betroffen\",\"datePublished\":\"2019-12-10T06:49:32+00:00\",\"dateModified\":\"2024-11-05T12:10:33+00:00\",\"mainEntityOfPage\":{\"@id\":\"https:\\\/\\\/pcspezialist.de\\\/blog\\\/2019\\\/12\\\/10\\\/whatsapp-aus\\\/\"},\"wordCount\":754,\"commentCount\":0,\"image\":{\"@id\":\"https:\\\/\\\/pcspezialist.de\\\/blog\\\/2019\\\/12\\\/10\\\/whatsapp-aus\\\/#primaryimage\"},\"thumbnailUrl\":\"https:\\\/\\\/pcspezialist.de\\\/blog\\\/wp-content\\\/uploads\\\/2019\\\/12\\\/rachit-tank-lZBs-lD9LPQ-unsplash.jpg\",\"keywords\":[\"Facebook\",\"Social Media\",\"Messenger\",\"Instagram\",\"WhatsApp\"],\"articleSection\":[\"Verschiedenes\"],\"inLanguage\":\"de\",\"potentialAction\":[{\"@type\":\"CommentAction\",\"name\":\"Comment\",\"target\":[\"https:\\\/\\\/pcspezialist.de\\\/blog\\\/2019\\\/12\\\/10\\\/whatsapp-aus\\\/#respond\"]}]},{\"@type\":\"WebPage\",\"@id\":\"https:\\\/\\\/pcspezialist.de\\\/blog\\\/2019\\\/12\\\/10\\\/whatsapp-aus\\\/\",\"url\":\"https:\\\/\\\/pcspezialist.de\\\/blog\\\/2019\\\/12\\\/10\\\/whatsapp-aus\\\/\",\"name\":\"Droht das WhatsApp-Aus? \u2013 Instagram und Facebook ebenso betroffen\",\"isPartOf\":{\"@id\":\"https:\\\/\\\/pcspezialist.de\\\/blog\\\/#website\"},\"primaryImageOfPage\":{\"@id\":\"https:\\\/\\\/pcspezialist.de\\\/blog\\\/2019\\\/12\\\/10\\\/whatsapp-aus\\\/#primaryimage\"},\"image\":{\"@id\":\"https:\\\/\\\/pcspezialist.de\\\/blog\\\/2019\\\/12\\\/10\\\/whatsapp-aus\\\/#primaryimage\"},\"thumbnailUrl\":\"https:\\\/\\\/pcspezialist.de\\\/blog\\\/wp-content\\\/uploads\\\/2019\\\/12\\\/rachit-tank-lZBs-lD9LPQ-unsplash.jpg\",\"datePublished\":\"2019-12-10T06:49:32+00:00\",\"dateModified\":\"2024-11-05T12:10:33+00:00\",\"author\":{\"@id\":\"https:\\\/\\\/pcspezialist.de\\\/blog\\\/#\\\/schema\\\/person\\\/080f8e206bd1ed1cdcc8eae71c081269\"},\"description\":\"Das Landgericht M\u00fcnchen hat einer Klage statt gegeben, die das WhatsApp-Aus bedeutet. Auch andere Facebook-Apps sind betroffen. Was ist passiert?\",\"breadcrumb\":{\"@id\":\"https:\\\/\\\/pcspezialist.de\\\/blog\\\/2019\\\/12\\\/10\\\/whatsapp-aus\\\/#breadcrumb\"},\"inLanguage\":\"de\",\"potentialAction\":[{\"@type\":\"ReadAction\",\"target\":[\"https:\\\/\\\/pcspezialist.de\\\/blog\\\/2019\\\/12\\\/10\\\/whatsapp-aus\\\/\"]}]},{\"@type\":\"ImageObject\",\"inLanguage\":\"de\",\"@id\":\"https:\\\/\\\/pcspezialist.de\\\/blog\\\/2019\\\/12\\\/10\\\/whatsapp-aus\\\/#primaryimage\",\"url\":\"https:\\\/\\\/pcspezialist.de\\\/blog\\\/wp-content\\\/uploads\\\/2019\\\/12\\\/rachit-tank-lZBs-lD9LPQ-unsplash.jpg\",\"contentUrl\":\"https:\\\/\\\/pcspezialist.de\\\/blog\\\/wp-content\\\/uploads\\\/2019\\\/12\\\/rachit-tank-lZBs-lD9LPQ-unsplash.jpg\",\"width\":5184,\"height\":3456,\"caption\":\"Droht das WhatsApp-Aus? Facebook muss sich aktuell mit einer Patentklage vom Smartphone-Hersteller Blackberry herumschlagen. Bild: Unsplash\\\/Rachit Tank\"},{\"@type\":\"BreadcrumbList\",\"@id\":\"https:\\\/\\\/pcspezialist.de\\\/blog\\\/2019\\\/12\\\/10\\\/whatsapp-aus\\\/#breadcrumb\",\"itemListElement\":[{\"@type\":\"ListItem\",\"position\":1,\"name\":\"Startseite\",\"item\":\"https:\\\/\\\/pcspezialist.de\\\/blog\\\/\"},{\"@type\":\"ListItem\",\"position\":2,\"name\":\"Droht das WhatsApp-Aus? ## Instagram und Facebook ebenso betroffen\"}]},{\"@type\":\"WebSite\",\"@id\":\"https:\\\/\\\/pcspezialist.de\\\/blog\\\/#website\",\"url\":\"https:\\\/\\\/pcspezialist.de\\\/blog\\\/\",\"name\":\"PC-SPEZIALIST Blog\",\"description\":\"IT-Service, Trends &amp; Technik\",\"potentialAction\":[{\"@type\":\"SearchAction\",\"target\":{\"@type\":\"EntryPoint\",\"urlTemplate\":\"https:\\\/\\\/pcspezialist.de\\\/blog\\\/?s={search_term_string}\"},\"query-input\":{\"@type\":\"PropertyValueSpecification\",\"valueRequired\":true,\"valueName\":\"search_term_string\"}}],\"inLanguage\":\"de\"},{\"@type\":\"Person\",\"@id\":\"https:\\\/\\\/pcspezialist.de\\\/blog\\\/#\\\/schema\\\/person\\\/080f8e206bd1ed1cdcc8eae71c081269\",\"name\":\"Susanna Hinrichsen-Deicke\",\"description\":\"Susanna Hinrichsen-Deicke arbeitet seit August 2019 als Content-Marketing-Writer f\u00fcr den PC-SPEZIALIST-Blog. Die passionierte Autorin hat ein Gef\u00fchl f\u00fcr aktuelle IT-Themen und IT-Bedrohungen und ist in der Lage, das geballte Expertenwissen von PC-SPEZIALIST leserfreundlich darzustellen.\",\"url\":\"https:\\\/\\\/pcspezialist.de\\\/blog\\\/author\\\/susanna-hinrichsen-deicke\\\/\"}]}<\/script>\n<!-- \/ Yoast SEO plugin. -->","yoast_head_json":{"title":"Droht das WhatsApp-Aus? \u2013 Instagram und Facebook ebenso betroffen","description":"Das Landgericht M\u00fcnchen hat einer Klage statt gegeben, die das WhatsApp-Aus bedeutet. Auch andere Facebook-Apps sind betroffen. Was ist passiert?","robots":{"index":"index","follow":"follow","max-snippet":"max-snippet:-1","max-image-preview":"max-image-preview:large","max-video-preview":"max-video-preview:-1"},"canonical":"https:\/\/pcspezialist.de\/blog\/2019\/12\/10\/whatsapp-aus\/","og_locale":"de_DE","og_type":"article","og_title":"Droht das WhatsApp-Aus? \u2013 Instagram und Facebook ebenso betroffen","og_description":"Das Landgericht M\u00fcnchen hat einer Klage statt gegeben, die das WhatsApp-Aus bedeutet. Auch andere Facebook-Apps sind betroffen. Was ist passiert?","og_url":"https:\/\/pcspezialist.de\/blog\/2019\/12\/10\/whatsapp-aus\/","og_site_name":"PC-SPEZIALIST Blog","article_published_time":"2019-12-10T06:49:32+00:00","article_modified_time":"2024-11-05T12:10:33+00:00","og_image":[{"width":5184,"height":3456,"url":"https:\/\/pcspezialist.de\/blog\/wp-content\/uploads\/2019\/12\/rachit-tank-lZBs-lD9LPQ-unsplash.jpg","type":"image\/jpeg"}],"author":"Susanna Hinrichsen-Deicke","twitter_card":"summary_large_image","twitter_misc":{"Verfasst von":"Susanna Hinrichsen-Deicke","Gesch\u00e4tzte Lesezeit":"4\u00a0Minuten"},"schema":{"@context":"https:\/\/schema.org","@graph":[{"@type":"Article","@id":"https:\/\/pcspezialist.de\/blog\/2019\/12\/10\/whatsapp-aus\/#article","isPartOf":{"@id":"https:\/\/pcspezialist.de\/blog\/2019\/12\/10\/whatsapp-aus\/"},"author":{"name":"Susanna Hinrichsen-Deicke","@id":"https:\/\/pcspezialist.de\/blog\/#\/schema\/person\/080f8e206bd1ed1cdcc8eae71c081269"},"headline":"Droht das WhatsApp-Aus? ## Instagram und Facebook ebenso betroffen","datePublished":"2019-12-10T06:49:32+00:00","dateModified":"2024-11-05T12:10:33+00:00","mainEntityOfPage":{"@id":"https:\/\/pcspezialist.de\/blog\/2019\/12\/10\/whatsapp-aus\/"},"wordCount":754,"commentCount":0,"image":{"@id":"https:\/\/pcspezialist.de\/blog\/2019\/12\/10\/whatsapp-aus\/#primaryimage"},"thumbnailUrl":"https:\/\/pcspezialist.de\/blog\/wp-content\/uploads\/2019\/12\/rachit-tank-lZBs-lD9LPQ-unsplash.jpg","keywords":["Facebook","Social Media","Messenger","Instagram","WhatsApp"],"articleSection":["Verschiedenes"],"inLanguage":"de","potentialAction":[{"@type":"CommentAction","name":"Comment","target":["https:\/\/pcspezialist.de\/blog\/2019\/12\/10\/whatsapp-aus\/#respond"]}]},{"@type":"WebPage","@id":"https:\/\/pcspezialist.de\/blog\/2019\/12\/10\/whatsapp-aus\/","url":"https:\/\/pcspezialist.de\/blog\/2019\/12\/10\/whatsapp-aus\/","name":"Droht das WhatsApp-Aus? \u2013 Instagram und Facebook ebenso betroffen","isPartOf":{"@id":"https:\/\/pcspezialist.de\/blog\/#website"},"primaryImageOfPage":{"@id":"https:\/\/pcspezialist.de\/blog\/2019\/12\/10\/whatsapp-aus\/#primaryimage"},"image":{"@id":"https:\/\/pcspezialist.de\/blog\/2019\/12\/10\/whatsapp-aus\/#primaryimage"},"thumbnailUrl":"https:\/\/pcspezialist.de\/blog\/wp-content\/uploads\/2019\/12\/rachit-tank-lZBs-lD9LPQ-unsplash.jpg","datePublished":"2019-12-10T06:49:32+00:00","dateModified":"2024-11-05T12:10:33+00:00","author":{"@id":"https:\/\/pcspezialist.de\/blog\/#\/schema\/person\/080f8e206bd1ed1cdcc8eae71c081269"},"description":"Das Landgericht M\u00fcnchen hat einer Klage statt gegeben, die das WhatsApp-Aus bedeutet. Auch andere Facebook-Apps sind betroffen. Was ist passiert?","breadcrumb":{"@id":"https:\/\/pcspezialist.de\/blog\/2019\/12\/10\/whatsapp-aus\/#breadcrumb"},"inLanguage":"de","potentialAction":[{"@type":"ReadAction","target":["https:\/\/pcspezialist.de\/blog\/2019\/12\/10\/whatsapp-aus\/"]}]},{"@type":"ImageObject","inLanguage":"de","@id":"https:\/\/pcspezialist.de\/blog\/2019\/12\/10\/whatsapp-aus\/#primaryimage","url":"https:\/\/pcspezialist.de\/blog\/wp-content\/uploads\/2019\/12\/rachit-tank-lZBs-lD9LPQ-unsplash.jpg","contentUrl":"https:\/\/pcspezialist.de\/blog\/wp-content\/uploads\/2019\/12\/rachit-tank-lZBs-lD9LPQ-unsplash.jpg","width":5184,"height":3456,"caption":"Droht das WhatsApp-Aus? Facebook muss sich aktuell mit einer Patentklage vom Smartphone-Hersteller Blackberry herumschlagen. Bild: Unsplash\/Rachit Tank"},{"@type":"BreadcrumbList","@id":"https:\/\/pcspezialist.de\/blog\/2019\/12\/10\/whatsapp-aus\/#breadcrumb","itemListElement":[{"@type":"ListItem","position":1,"name":"Startseite","item":"https:\/\/pcspezialist.de\/blog\/"},{"@type":"ListItem","position":2,"name":"Droht das WhatsApp-Aus? ## Instagram und Facebook ebenso betroffen"}]},{"@type":"WebSite","@id":"https:\/\/pcspezialist.de\/blog\/#website","url":"https:\/\/pcspezialist.de\/blog\/","name":"PC-SPEZIALIST Blog","description":"IT-Service, Trends &amp; Technik","potentialAction":[{"@type":"SearchAction","target":{"@type":"EntryPoint","urlTemplate":"https:\/\/pcspezialist.de\/blog\/?s={search_term_string}"},"query-input":{"@type":"PropertyValueSpecification","valueRequired":true,"valueName":"search_term_string"}}],"inLanguage":"de"},{"@type":"Person","@id":"https:\/\/pcspezialist.de\/blog\/#\/schema\/person\/080f8e206bd1ed1cdcc8eae71c081269","name":"Susanna Hinrichsen-Deicke","description":"Susanna Hinrichsen-Deicke arbeitet seit August 2019 als Content-Marketing-Writer f\u00fcr den PC-SPEZIALIST-Blog. Die passionierte Autorin hat ein Gef\u00fchl f\u00fcr aktuelle IT-Themen und IT-Bedrohungen und ist in der Lage, das geballte Expertenwissen von PC-SPEZIALIST leserfreundlich darzustellen.","url":"https:\/\/pcspezialist.de\/blog\/author\/susanna-hinrichsen-deicke\/"}]}},"_links":{"self":[{"href":"https:\/\/pcspezialist.de\/blog\/wp-json\/wp\/v2\/posts\/48264","targetHints":{"allow":["GET"]}}],"collection":[{"href":"https:\/\/pcspezialist.de\/blog\/wp-json\/wp\/v2\/posts"}],"about":[{"href":"https:\/\/pcspezialist.de\/blog\/wp-json\/wp\/v2\/types\/post"}],"author":[{"embeddable":true,"href":"https:\/\/pcspezialist.de\/blog\/wp-json\/wp\/v2\/users\/115"}],"replies":[{"embeddable":true,"href":"https:\/\/pcspezialist.de\/blog\/wp-json\/wp\/v2\/comments?post=48264"}],"version-history":[{"count":11,"href":"https:\/\/pcspezialist.de\/blog\/wp-json\/wp\/v2\/posts\/48264\/revisions"}],"predecessor-version":[{"id":48279,"href":"https:\/\/pcspezialist.de\/blog\/wp-json\/wp\/v2\/posts\/48264\/revisions\/48279"}],"wp:featuredmedia":[{"embeddable":true,"href":"https:\/\/pcspezialist.de\/blog\/wp-json\/wp\/v2\/media\/48272"}],"wp:attachment":[{"href":"https:\/\/pcspezialist.de\/blog\/wp-json\/wp\/v2\/media?parent=48264"}],"wp:term":[{"taxonomy":"category","embeddable":true,"href":"https:\/\/pcspezialist.de\/blog\/wp-json\/wp\/v2\/categories?post=48264"},{"taxonomy":"post_tag","embeddable":true,"href":"https:\/\/pcspezialist.de\/blog\/wp-json\/wp\/v2\/tags?post=48264"}],"curies":[{"name":"wp","href":"https:\/\/api.w.org\/{rel}","templated":true}]}}