{"id":48126,"date":"2019-12-03T12:20:58","date_gmt":"2019-12-03T11:20:58","guid":{"rendered":"https:\/\/www.pcspezialist.de\/blog\/?p=48126"},"modified":"2024-11-05T13:11:01","modified_gmt":"2024-11-05T12:11:01","slug":"handystrahlung","status":"publish","type":"post","link":"https:\/\/pcspezialist.de\/blog\/2019\/12\/03\/handystrahlung\/","title":{"rendered":"Einsch\u00e4tzung der Handystrahlung ## Umfrage zu Risiken durch Strahlenbelastung"},"content":{"rendered":"<p><strong>Machen Sie sich Gedanken \u00fcber die Handystrahlung? Denken Sie, dass die Strahlung, die ein Handy oder der Mobilfunkmast aussenden, gef\u00e4hrlich sein k\u00f6nnte? Geschichten \u00fcber Gefahren durch m\u00f6gliche Risiken gibt es ja zuhauf.<\/strong><\/p>\n<p>Jetzt hat eine Umfrage Erstaunliches hervor gebracht. Was das ist, erfahren Sie bei uns.<br \/>\n<!--more--><\/p>\n<div style=\"background: #f2f2f2; padding: 15px 15px 5px; margin: 30px 0;\">\n<p><strong>Unser Beitrag \u00fcber Handystrahlung im \u00dcberblick:\u00a0<\/strong><\/p>\n<ol style=\"line-height: 1.7;\">\n<li><a href=\"#eins\">Sind Handystrahlen gef\u00e4hrlich?<\/a><\/li>\n<li><a href=\"#zwei\">Handystrahlung \u2013 was genau ist gemeint?<\/a><\/li>\n<li><a href=\"#drei\">Umfrage zur Strahlung <span class=\"s1\">\u2013<\/span> das Ergebnis<\/a><\/li>\n<li><a href=\"#vier\">Handystrahlung verringern \u2013 Tipps<\/a><\/li>\n<\/ol>\n<\/div>\n<h2 id=\"eins\">Sind Handystrahlen gef\u00e4hrlich?<\/h2>\n<p><strong>Handystrahlung<\/strong> ist immer mal wieder in aller Munde. Gerade jetzt, wo <a href=\"https:\/\/pcspezialist.de\/blog\/2019\/07\/08\/5g-ausbau\/\">5G ausgebaut<\/a> werden soll, melden sich die <strong>Kritiker<\/strong> vielfach zu Wort. Ihre Argumente: Handystrahlen erh\u00f6hen das Risiko, an Krebs zu erkranken. Steckt das Handy zu oft in der Hosentasche w\u00fcrden Jungen zudem unfruchtbar werden. Und wer st\u00e4ndig mit dem Handy am Ohr telefoniert, dem drohe \u00fcber kurz oder lang ein Gehirntumor <span class=\"s1\">\u2013 ausgel\u00f6st von der Handystrahlung.<\/span><\/p>\n<p>Aber stimmt das wirklich? Was ist dran an den <strong>Vorw\u00fcrfen<\/strong>? Was ist Handystrahlung genau? Und welche <strong>Sorgen<\/strong> haben die B\u00fcrger bei der Nutzung von Mobilfunk und Co.? Eine Umfrage zu diesem Thema zeigt erstaunliche <strong>Ergebnisse<\/strong>.<\/p>\n<div id=\"attachment_56938\" style=\"width: 660px\" class=\"wp-caption alignright\"><img loading=\"lazy\" decoding=\"async\" aria-describedby=\"caption-attachment-56938\" class=\"size-full wp-image-56938\" src=\"https:\/\/pcspezialist.de\/blog\/wp-content\/uploads\/2019\/12\/handystrahlung_pexels-jens-mahnke-776130.jpg\" alt=\"Handystrahlung: Funkturm in der Nacht mit blauen Lichtstrahlen. Bild: Pexels\/Jens Mahnke\" width=\"650\" height=\"450\" \/><p id=\"caption-attachment-56938\" class=\"wp-caption-text\">Handystrahlung ist nicht sichtbar. Aber ist sie gef\u00e4hrlich? Bild: Pexels\/Jens Mahnke<\/p><\/div>\n<h2 id=\"zwei\">Handystrahlung \u2013 was genau ist gemeint?<\/h2>\n<p>Handystrahlung setzt sich aus <strong>zwei Einheiten<\/strong> zusammen: Zum einen ist da der <strong>Funkmast<\/strong> zum anderen das <strong>Mobiltelefon<\/strong>. Beide Einheiten sind notwendig und <strong>beide Einheiten<\/strong> haben sowohl <strong>Sender<\/strong> als auch <strong>Empf\u00e4nger<\/strong>. Wenn Sie mit Ihrem Handy telefonieren wollen, muss es sich bei der n\u00e4chsten Antenne anmelden und auf einem freien Kanal einloggen.<\/p>\n<p>Ist Ihr Handy eingeschaltet, tauscht es sich immer wieder mit der jeweils n\u00e4chsten Antenne aus und teilt ihr mit, wo es gerade ist. So wird \u2013 auch wenn das <strong>Handy<\/strong> nur<strong> in Bereitschaft<\/strong> ist \u2013 eine gewisse Menge <strong>Elektrosmog<\/strong> produziert.<br \/>\nDiese Sendeantenne ist im Handy installiert und befindet sich beim Telefonieren am oberen Teil des Ohres.<\/p>\n<p>Die <strong>Strahlung<\/strong> wird in etwa <strong>kugelf\u00f6rmig<\/strong> ausgesandt und das bedeutet auch immer Richtung Gehirn. Zwar geben gute Ger\u00e4te einen Hauptteil der Strahlung weg vom Kopf ab, dennoch dringt ein immer noch recht gro\u00dfer Teil der Strahlung in den Kopf ein. Je weiter Sie das Handy beim Telefonieren vom Ohr weghalten, desto geringer ist die Intensit\u00e4t der Strahlung.<\/p>\n<h2 id=\"drei\">Umfrage zu Strahlung \u2013 das Ergebnis<\/h2>\n<p>Die Umfrage zum Thema Strahlung im Alltag des Bundesamtes f\u00fcr Strahlenschutz (BfS) hat gezeigt, dass viele Deutsche \u00fcberhaupt nicht wissen, welche <strong>Strahlungsquellen<\/strong> es<strong> im Alltag<\/strong> gibt und welche gef\u00e4hrlich sind. Die Studie <a href=\"https:\/\/www.bfs.de\/SharedDocs\/Downloads\/BfS\/DE\/berichte\/handreichung-strahlenbewusstseinsstudie.pdf?__blob=publicationFile&amp;v=4\" target=\"_blank\" rel=\"noopener noreferrer\">Was denkt Deutschland \u00fcber Strahlung<\/a> zeigt, dass vor allem eines <strong>wichtig ist: Aufkl\u00e4rung<\/strong>. Denn f\u00fcr eine Vielzahl der befragten B\u00fcrger hat Strahlung vor allem mit Radioaktivit\u00e4t und Mobilfunk zu tun.<\/p>\n<p>Insgesamt gaben mehr als 35 Prozent der Befragten an, dass es ihnen Sorgen mache, dass sie \u201e\u00fcberall von Strahlung umgeben\u201c seien. Fast jeder Dritte glaubt zudem, dass die Strahlenbelastung zu hoch sei. Knapp 70 Prozent sind der Ansicht, die Strahlenbelastung in Deutschland sei in den vergangenen Jahren stark oder mindestens etwas angestiegen.<\/p>\n<p>Andererseits wissen laut Umfrage nur etwas mehr als 50 Prozent der Befragten, dass die Strahlung von Handys st\u00e4rker ist als die, die von den Sendemasten ausgeht. Gleichzeitig glauben aber 49,2 Prozent, dass Handystrahlung das Erbgut sch\u00e4digt. Bislang gibt es daf\u00fcr aber keine Beweise, betont das Bundesamt.<\/p>\n<div id=\"attachment_48144\" style=\"width: 475px\" class=\"wp-caption alignright\"><img loading=\"lazy\" decoding=\"async\" aria-describedby=\"caption-attachment-48144\" class=\"size-full wp-image-48144\" src=\"https:\/\/pcspezialist.de\/blog\/wp-content\/uploads\/2019\/12\/strahlung.jpg\" alt=\"Screenshot der Studie \u00fcber Wissen zu Strahlung und Handystrahlung. Bild: Screenshot BfS\" width=\"465\" height=\"234\" \/><p id=\"caption-attachment-48144\" class=\"wp-caption-text\">Nur etwas mehr als jeder zweite Befragte wei\u00df, dass von Handys die meiste Strahlung ausgeht. Bild: Screenshot BfS<\/p><\/div>\n<h2 id=\"vier\">Handystrahlung verringern \u2013 Tipps<\/h2>\n<p>Der <a href=\"https:\/\/pcspezialist.de\/blog\/2021\/04\/23\/5g-schaedlich\/\">Ausbau von 5G<\/a> heizt die <strong>Debatte um sch\u00e4dliche Handystrahlung<\/strong> wieder an. Die Stiftung Warentest ist den Bedenken nachgegangen und kommt als unabh\u00e4ngige Verbraucherorganisation zu dem Ergebnis, dass es <strong>kaum einen Grund zur Sorge<\/strong> gebe. Dennoch k\u00f6nnen Sie sich nat\u00fcrlich auch selbst ein wenig vor der Strahlung sch\u00fctzen. Die Stiftung Warentest r\u00e4t:<\/p>\n<ol>\n<li>Behalten Sie den <strong>Empfang Ihres Ger\u00e4tes<\/strong> im Auge. Je schw\u00e4cher das <a href=\"https:\/\/pcspezialist.de\/blog\/2018\/04\/10\/netzabdeckung-mobiles-internet\/\">Mobilfunknetz<\/a> ist, desto mehr m\u00fcssen die Ger\u00e4te funken. Wenn Sie sich wirklich sch\u00fctzen wollen, meiden Sie Telefonate bei schlechtem Empfang, etwa im Zug, in Autos oder in schlecht versorgten Gebieten. Auskunft gibt die <a href=\"https:\/\/pcspezialist.de\/blog\/2019\/11\/19\/funkloch-app\/\">Funkloch-App<\/a>.<\/li>\n<li>Halten Sie Ihr <strong>Handy nicht zu dicht ans Ohr<\/strong>, denn die Intensit\u00e4t der elektromagnetischen Felder sinkt mit der Entfernung schnell. Bereits wenige Zentimeter machen bereits einen riesigen Unterschied aus. Wer kann, sollte mit Headset telefonieren oder die Freisprechfunktion nutzen.<\/li>\n<li>Pr\u00fcfen Sie vor einem <strong>Handykauf<\/strong> den <strong>SAR-Wert<\/strong>. SAR steht f\u00fcr Spezifische Absorptionsrate und bezeichnet die Menge an Energie, die durch das sendende Handy vom nahe liegenden K\u00f6rpergewebe aufgenommen wird. Der aktuell g\u00fcltige SAR-H\u00f6chstwert liegt bei zwei Watt pro Kilogramm. Eine <a href=\"https:\/\/www.bfs.de\/SiteGlobals\/Forms\/Suche\/BfS\/DE\/SARsuche_Formular.html\" target=\"_blank\" rel=\"noopener noreferrer\">Liste mit aktuellen Testwerten<\/a> finden Sie beim Bundesamt f\u00fcr Strahlenschutz.<\/li>\n<li>Die st\u00e4rkste Sendung von Strahlung passiert beim <strong>Verbindungsaufbau<\/strong>. Halten Sie das Handy also erst ans Ohr, wenn es beim anderen schon klingelt.<\/li>\n<li>Legen Sie das Handy nachts nicht direkt neben Ihrem Kopf ab. Am besten ist, Sie schalten es nachts ganz ab oder nutzen den Flugmodus, damit es nicht strahlt.<\/li>\n<\/ol>\n<p>Insgesamt kann man zwar sagen, dass die <strong>Handystrahlung<\/strong> im Allgemeinen <strong>weniger sch\u00e4dlich ist als angenommen<\/strong>, dennoch k\u00f6nnen Sie mit unseren Tipps die Handystrahlen zus\u00e4tzlich verringern. Auch wenn es aktuell keine Hinweise auf eine Gef\u00e4hrdung durch Strahlung gibt, kann es nicht schaden, sie zu verringern. Beispielsweise indem Sie sich ein <a href=\"https:\/\/pcspezialist.de\/blog\/2021\/08\/30\/strahlungsarme-handys\/\">strahlungsarmes Handy<\/a> kaufen. \u00dcbrigens: Hilfe zur <a href=\"https:\/\/pcspezialist.de\/privat\/geraete-und-software-installation\/neugeraeteeinrichtung\/\">Ersteinrichtung<\/a> eines neuen Handys bekommen Sie bei Ihrem <a href=\"https:\/\/pcspezialist.de\/standorte\/\">PC-SPEZIALIST vor Ort<\/a>.<\/p>\n<p>_______________________________________________<\/p>\n<p><small>Weiterf\u00fchrende Links: <a href=\"https:\/\/www.bfs.de\/\" target=\"_blank\" rel=\"noopener\">Bundesamt f\u00fcr Strahlenschutz<\/a>, <a href=\"https:\/\/www.test.de\/Mobilfunk-Wie-riskant-ist-Handystrahlung-Ein-Faktencheck-5509718-0\/\" target=\"_blank\" rel=\"noopener\">Stiftung Warentest<\/a><\/small><\/p>\n","protected":false},"excerpt":{"rendered":"<p>Machen Sie sich Gedanken \u00fcber die Handystrahlung? Denken Sie, dass die Strahlung, die ein Handy oder der Mobilfunkmast aussenden, gef\u00e4hrlich sein k\u00f6nnte? Geschichten \u00fcber Gefahren durch m\u00f6gliche Risiken gibt es ja zuhauf. Jetzt hat eine Umfrage Erstaunliches hervor gebracht. Was das ist, erfahren Sie bei uns.<\/p>\n","protected":false},"author":98,"featured_media":48143,"comment_status":"open","ping_status":"closed","sticky":false,"template":"","format":"standard","meta":{"footnotes":""},"categories":[6913],"tags":[2154,9596],"class_list":["post-48126","post","type-post","status-publish","format-standard","has-post-thumbnail","hentry","category-verschiedenes","tag-breitband","tag-mobilfunknetz"],"yoast_head":"<!-- This site is optimized with the Yoast SEO plugin v27.5 - https:\/\/yoast.com\/product\/yoast-seo-wordpress\/ -->\n<title>Handystrahlung - Umfrage zu Risiken durch Strahlenbelastung<\/title>\n<meta name=\"description\" content=\"Wisst ihr, wie gef\u00e4hrlich Handystrahlung ist? Eine Umfrage hat jetzt Erstaunliches zu Tage gef\u00f6rdert. Was das ist, erfahrt ihr bei uns.\" \/>\n<meta name=\"robots\" content=\"index, follow, max-snippet:-1, max-image-preview:large, max-video-preview:-1\" \/>\n<link rel=\"canonical\" href=\"https:\/\/pcspezialist.de\/blog\/2019\/12\/03\/handystrahlung\/\" \/>\n<meta property=\"og:locale\" content=\"de_DE\" \/>\n<meta property=\"og:type\" content=\"article\" \/>\n<meta property=\"og:title\" content=\"Handystrahlung - Umfrage zu Risiken durch Strahlenbelastung\" \/>\n<meta property=\"og:description\" content=\"Wisst ihr, wie gef\u00e4hrlich Handystrahlung ist? Eine Umfrage hat jetzt Erstaunliches zu Tage gef\u00f6rdert. Was das ist, erfahrt ihr bei uns.\" \/>\n<meta property=\"og:url\" content=\"https:\/\/pcspezialist.de\/blog\/2019\/12\/03\/handystrahlung\/\" \/>\n<meta property=\"og:site_name\" content=\"PC-SPEZIALIST Blog\" \/>\n<meta property=\"article:published_time\" content=\"2019-12-03T11:20:58+00:00\" \/>\n<meta property=\"article:modified_time\" content=\"2024-11-05T12:11:01+00:00\" \/>\n<meta property=\"og:image\" content=\"https:\/\/pcspezialist.de\/blog\/wp-content\/uploads\/2019\/12\/telefonieren.jpg\" \/>\n\t<meta property=\"og:image:width\" content=\"960\" \/>\n\t<meta property=\"og:image:height\" content=\"640\" \/>\n\t<meta property=\"og:image:type\" content=\"image\/jpeg\" \/>\n<meta name=\"author\" content=\"Maren Keller\" \/>\n<meta name=\"twitter:card\" content=\"summary_large_image\" \/>\n<meta name=\"twitter:label1\" content=\"Verfasst von\" \/>\n\t<meta name=\"twitter:data1\" content=\"Maren Keller\" \/>\n\t<meta name=\"twitter:label2\" content=\"Gesch\u00e4tzte Lesezeit\" \/>\n\t<meta name=\"twitter:data2\" content=\"5\u00a0Minuten\" \/>\n<script type=\"application\/ld+json\" class=\"yoast-schema-graph\">{\"@context\":\"https:\\\/\\\/schema.org\",\"@graph\":[{\"@type\":\"Article\",\"@id\":\"https:\\\/\\\/pcspezialist.de\\\/blog\\\/2019\\\/12\\\/03\\\/handystrahlung\\\/#article\",\"isPartOf\":{\"@id\":\"https:\\\/\\\/pcspezialist.de\\\/blog\\\/2019\\\/12\\\/03\\\/handystrahlung\\\/\"},\"author\":{\"name\":\"Maren Keller\",\"@id\":\"https:\\\/\\\/pcspezialist.de\\\/blog\\\/#\\\/schema\\\/person\\\/e9cb801a8b8ea9138af26a02b8b6d14f\"},\"headline\":\"Einsch\u00e4tzung der Handystrahlung ## Umfrage zu Risiken durch Strahlenbelastung\",\"datePublished\":\"2019-12-03T11:20:58+00:00\",\"dateModified\":\"2024-11-05T12:11:01+00:00\",\"mainEntityOfPage\":{\"@id\":\"https:\\\/\\\/pcspezialist.de\\\/blog\\\/2019\\\/12\\\/03\\\/handystrahlung\\\/\"},\"wordCount\":918,\"commentCount\":0,\"image\":{\"@id\":\"https:\\\/\\\/pcspezialist.de\\\/blog\\\/2019\\\/12\\\/03\\\/handystrahlung\\\/#primaryimage\"},\"thumbnailUrl\":\"https:\\\/\\\/pcspezialist.de\\\/blog\\\/wp-content\\\/uploads\\\/2019\\\/12\\\/telefonieren.jpg\",\"keywords\":[\"Breitband\",\"Mobilfunknetz\"],\"articleSection\":[\"Verschiedenes\"],\"inLanguage\":\"de\",\"potentialAction\":[{\"@type\":\"CommentAction\",\"name\":\"Comment\",\"target\":[\"https:\\\/\\\/pcspezialist.de\\\/blog\\\/2019\\\/12\\\/03\\\/handystrahlung\\\/#respond\"]}]},{\"@type\":\"WebPage\",\"@id\":\"https:\\\/\\\/pcspezialist.de\\\/blog\\\/2019\\\/12\\\/03\\\/handystrahlung\\\/\",\"url\":\"https:\\\/\\\/pcspezialist.de\\\/blog\\\/2019\\\/12\\\/03\\\/handystrahlung\\\/\",\"name\":\"Handystrahlung - Umfrage zu Risiken durch Strahlenbelastung\",\"isPartOf\":{\"@id\":\"https:\\\/\\\/pcspezialist.de\\\/blog\\\/#website\"},\"primaryImageOfPage\":{\"@id\":\"https:\\\/\\\/pcspezialist.de\\\/blog\\\/2019\\\/12\\\/03\\\/handystrahlung\\\/#primaryimage\"},\"image\":{\"@id\":\"https:\\\/\\\/pcspezialist.de\\\/blog\\\/2019\\\/12\\\/03\\\/handystrahlung\\\/#primaryimage\"},\"thumbnailUrl\":\"https:\\\/\\\/pcspezialist.de\\\/blog\\\/wp-content\\\/uploads\\\/2019\\\/12\\\/telefonieren.jpg\",\"datePublished\":\"2019-12-03T11:20:58+00:00\",\"dateModified\":\"2024-11-05T12:11:01+00:00\",\"author\":{\"@id\":\"https:\\\/\\\/pcspezialist.de\\\/blog\\\/#\\\/schema\\\/person\\\/e9cb801a8b8ea9138af26a02b8b6d14f\"},\"description\":\"Wisst ihr, wie gef\u00e4hrlich Handystrahlung ist? Eine Umfrage hat jetzt Erstaunliches zu Tage gef\u00f6rdert. Was das ist, erfahrt ihr bei uns.\",\"breadcrumb\":{\"@id\":\"https:\\\/\\\/pcspezialist.de\\\/blog\\\/2019\\\/12\\\/03\\\/handystrahlung\\\/#breadcrumb\"},\"inLanguage\":\"de\",\"potentialAction\":[{\"@type\":\"ReadAction\",\"target\":[\"https:\\\/\\\/pcspezialist.de\\\/blog\\\/2019\\\/12\\\/03\\\/handystrahlung\\\/\"]}]},{\"@type\":\"ImageObject\",\"inLanguage\":\"de\",\"@id\":\"https:\\\/\\\/pcspezialist.de\\\/blog\\\/2019\\\/12\\\/03\\\/handystrahlung\\\/#primaryimage\",\"url\":\"https:\\\/\\\/pcspezialist.de\\\/blog\\\/wp-content\\\/uploads\\\/2019\\\/12\\\/telefonieren.jpg\",\"contentUrl\":\"https:\\\/\\\/pcspezialist.de\\\/blog\\\/wp-content\\\/uploads\\\/2019\\\/12\\\/telefonieren.jpg\",\"width\":960,\"height\":640,\"caption\":\"Person mit Handy am Ohr. Ob sie sich Gedanken \u00fcber die Handystrahlung macht? Bild: Pixabay\"},{\"@type\":\"BreadcrumbList\",\"@id\":\"https:\\\/\\\/pcspezialist.de\\\/blog\\\/2019\\\/12\\\/03\\\/handystrahlung\\\/#breadcrumb\",\"itemListElement\":[{\"@type\":\"ListItem\",\"position\":1,\"name\":\"Startseite\",\"item\":\"https:\\\/\\\/pcspezialist.de\\\/blog\\\/\"},{\"@type\":\"ListItem\",\"position\":2,\"name\":\"Einsch\u00e4tzung der Handystrahlung ## Umfrage zu Risiken durch Strahlenbelastung\"}]},{\"@type\":\"WebSite\",\"@id\":\"https:\\\/\\\/pcspezialist.de\\\/blog\\\/#website\",\"url\":\"https:\\\/\\\/pcspezialist.de\\\/blog\\\/\",\"name\":\"PC-SPEZIALIST Blog\",\"description\":\"IT-Service, Trends &amp; Technik\",\"potentialAction\":[{\"@type\":\"SearchAction\",\"target\":{\"@type\":\"EntryPoint\",\"urlTemplate\":\"https:\\\/\\\/pcspezialist.de\\\/blog\\\/?s={search_term_string}\"},\"query-input\":{\"@type\":\"PropertyValueSpecification\",\"valueRequired\":true,\"valueName\":\"search_term_string\"}}],\"inLanguage\":\"de\"},{\"@type\":\"Person\",\"@id\":\"https:\\\/\\\/pcspezialist.de\\\/blog\\\/#\\\/schema\\\/person\\\/e9cb801a8b8ea9138af26a02b8b6d14f\",\"name\":\"Maren Keller\",\"description\":\"PC-SPEZIALIST ist eine Marke der in Schlo\u00df Holte ans\u00e4ssigen SYNAXON. Seit 2016 arbeitet Maren Keller f\u00fcr den PC-SPEZIALIST-Blog. Gestartet als Online-Redakteurin ist sie mittlerweile Content Marketing Managerin und tr\u00e4gt unter anderem die Verantwortung f\u00fcr die Inhalte des Blogs. In den Jahren 2017 und 2020 hat sie parallel f\u00fcr den Blog des IT-SERVICE.NETWORK geschrieben. Die studierte Germanistin und Politologin hat einen Sp\u00fcrsinn f\u00fcr aktuelle Bedrohungen im IT-Bereich entwickelt und versteht es, das Fachwissen von PC-SPEZIALIST dem Leser verst\u00e4ndlich darzubieten. Nicht zu verleugnen ist allerdings ihre Ungeduld, die sich in flinken Fingern auf der Tastatur zeigt und gleichzeitig f\u00fcr einen hohen Output sorgt. Ihre journalistische Karriere begann Maren Keller Mitte der 1990er Jahre mit dem Verfassen von Sportberichten f\u00fcr die Regionalseiten ihrer Heimatzeitung in Bremerhaven. Nach dem Studium in Hannover, das von zahlreichen Praktika bei Funk, Fernsehen und Zeitung begleitet wurde, kehrte sie f\u00fcr ein journalistisches Volontariat in ihre Heimat zur\u00fcck, um bei der NORDSEE-ZEITUNG den Beruf des Redakteurs von der Pike auf zu lernen und anschlie\u00dfend in der Sportredaktion zu arbeiten. W\u00e4hrend ihrer Elternzeiten und beruflich bedingten Umz\u00fcgen arbeitete sie als freie Journalistin f\u00fcr verschiedene Tageszeitungen und fand 2016 den Weg zur SYNAXON, wo sie heute als Content Marketing Managerin in Lohn und Brot steht. In ihrer Freizeit zeigt sie ihr Talent f\u00fcr\u2019s Schreiben nicht. Stattdessen liegen ihre Schwerpunkt dort im Bereich Haus, Familie, Garten und Hund. Au\u00dferdem ist sie musikalisch unterwegs, bl\u00e4st das Jagdhorn in einem Bl\u00e4serkorps, spielt Klavier und singt im Chor. Sie haben Fragen an Maren Keller? Sie erreichen sie per E-Mail an redaktion@pcspezialist.de\",\"url\":\"https:\\\/\\\/pcspezialist.de\\\/blog\\\/author\\\/maren\\\/\"}]}<\/script>\n<!-- \/ Yoast SEO plugin. -->","yoast_head_json":{"title":"Handystrahlung - Umfrage zu Risiken durch Strahlenbelastung","description":"Wisst ihr, wie gef\u00e4hrlich Handystrahlung ist? Eine Umfrage hat jetzt Erstaunliches zu Tage gef\u00f6rdert. Was das ist, erfahrt ihr bei uns.","robots":{"index":"index","follow":"follow","max-snippet":"max-snippet:-1","max-image-preview":"max-image-preview:large","max-video-preview":"max-video-preview:-1"},"canonical":"https:\/\/pcspezialist.de\/blog\/2019\/12\/03\/handystrahlung\/","og_locale":"de_DE","og_type":"article","og_title":"Handystrahlung - Umfrage zu Risiken durch Strahlenbelastung","og_description":"Wisst ihr, wie gef\u00e4hrlich Handystrahlung ist? Eine Umfrage hat jetzt Erstaunliches zu Tage gef\u00f6rdert. Was das ist, erfahrt ihr bei uns.","og_url":"https:\/\/pcspezialist.de\/blog\/2019\/12\/03\/handystrahlung\/","og_site_name":"PC-SPEZIALIST Blog","article_published_time":"2019-12-03T11:20:58+00:00","article_modified_time":"2024-11-05T12:11:01+00:00","og_image":[{"width":960,"height":640,"url":"https:\/\/pcspezialist.de\/blog\/wp-content\/uploads\/2019\/12\/telefonieren.jpg","type":"image\/jpeg"}],"author":"Maren Keller","twitter_card":"summary_large_image","twitter_misc":{"Verfasst von":"Maren Keller","Gesch\u00e4tzte Lesezeit":"5\u00a0Minuten"},"schema":{"@context":"https:\/\/schema.org","@graph":[{"@type":"Article","@id":"https:\/\/pcspezialist.de\/blog\/2019\/12\/03\/handystrahlung\/#article","isPartOf":{"@id":"https:\/\/pcspezialist.de\/blog\/2019\/12\/03\/handystrahlung\/"},"author":{"name":"Maren Keller","@id":"https:\/\/pcspezialist.de\/blog\/#\/schema\/person\/e9cb801a8b8ea9138af26a02b8b6d14f"},"headline":"Einsch\u00e4tzung der Handystrahlung ## Umfrage zu Risiken durch Strahlenbelastung","datePublished":"2019-12-03T11:20:58+00:00","dateModified":"2024-11-05T12:11:01+00:00","mainEntityOfPage":{"@id":"https:\/\/pcspezialist.de\/blog\/2019\/12\/03\/handystrahlung\/"},"wordCount":918,"commentCount":0,"image":{"@id":"https:\/\/pcspezialist.de\/blog\/2019\/12\/03\/handystrahlung\/#primaryimage"},"thumbnailUrl":"https:\/\/pcspezialist.de\/blog\/wp-content\/uploads\/2019\/12\/telefonieren.jpg","keywords":["Breitband","Mobilfunknetz"],"articleSection":["Verschiedenes"],"inLanguage":"de","potentialAction":[{"@type":"CommentAction","name":"Comment","target":["https:\/\/pcspezialist.de\/blog\/2019\/12\/03\/handystrahlung\/#respond"]}]},{"@type":"WebPage","@id":"https:\/\/pcspezialist.de\/blog\/2019\/12\/03\/handystrahlung\/","url":"https:\/\/pcspezialist.de\/blog\/2019\/12\/03\/handystrahlung\/","name":"Handystrahlung - Umfrage zu Risiken durch Strahlenbelastung","isPartOf":{"@id":"https:\/\/pcspezialist.de\/blog\/#website"},"primaryImageOfPage":{"@id":"https:\/\/pcspezialist.de\/blog\/2019\/12\/03\/handystrahlung\/#primaryimage"},"image":{"@id":"https:\/\/pcspezialist.de\/blog\/2019\/12\/03\/handystrahlung\/#primaryimage"},"thumbnailUrl":"https:\/\/pcspezialist.de\/blog\/wp-content\/uploads\/2019\/12\/telefonieren.jpg","datePublished":"2019-12-03T11:20:58+00:00","dateModified":"2024-11-05T12:11:01+00:00","author":{"@id":"https:\/\/pcspezialist.de\/blog\/#\/schema\/person\/e9cb801a8b8ea9138af26a02b8b6d14f"},"description":"Wisst ihr, wie gef\u00e4hrlich Handystrahlung ist? Eine Umfrage hat jetzt Erstaunliches zu Tage gef\u00f6rdert. Was das ist, erfahrt ihr bei uns.","breadcrumb":{"@id":"https:\/\/pcspezialist.de\/blog\/2019\/12\/03\/handystrahlung\/#breadcrumb"},"inLanguage":"de","potentialAction":[{"@type":"ReadAction","target":["https:\/\/pcspezialist.de\/blog\/2019\/12\/03\/handystrahlung\/"]}]},{"@type":"ImageObject","inLanguage":"de","@id":"https:\/\/pcspezialist.de\/blog\/2019\/12\/03\/handystrahlung\/#primaryimage","url":"https:\/\/pcspezialist.de\/blog\/wp-content\/uploads\/2019\/12\/telefonieren.jpg","contentUrl":"https:\/\/pcspezialist.de\/blog\/wp-content\/uploads\/2019\/12\/telefonieren.jpg","width":960,"height":640,"caption":"Person mit Handy am Ohr. Ob sie sich Gedanken \u00fcber die Handystrahlung macht? Bild: Pixabay"},{"@type":"BreadcrumbList","@id":"https:\/\/pcspezialist.de\/blog\/2019\/12\/03\/handystrahlung\/#breadcrumb","itemListElement":[{"@type":"ListItem","position":1,"name":"Startseite","item":"https:\/\/pcspezialist.de\/blog\/"},{"@type":"ListItem","position":2,"name":"Einsch\u00e4tzung der Handystrahlung ## Umfrage zu Risiken durch Strahlenbelastung"}]},{"@type":"WebSite","@id":"https:\/\/pcspezialist.de\/blog\/#website","url":"https:\/\/pcspezialist.de\/blog\/","name":"PC-SPEZIALIST Blog","description":"IT-Service, Trends &amp; Technik","potentialAction":[{"@type":"SearchAction","target":{"@type":"EntryPoint","urlTemplate":"https:\/\/pcspezialist.de\/blog\/?s={search_term_string}"},"query-input":{"@type":"PropertyValueSpecification","valueRequired":true,"valueName":"search_term_string"}}],"inLanguage":"de"},{"@type":"Person","@id":"https:\/\/pcspezialist.de\/blog\/#\/schema\/person\/e9cb801a8b8ea9138af26a02b8b6d14f","name":"Maren Keller","description":"PC-SPEZIALIST ist eine Marke der in Schlo\u00df Holte ans\u00e4ssigen SYNAXON. Seit 2016 arbeitet Maren Keller f\u00fcr den PC-SPEZIALIST-Blog. Gestartet als Online-Redakteurin ist sie mittlerweile Content Marketing Managerin und tr\u00e4gt unter anderem die Verantwortung f\u00fcr die Inhalte des Blogs. In den Jahren 2017 und 2020 hat sie parallel f\u00fcr den Blog des IT-SERVICE.NETWORK geschrieben. Die studierte Germanistin und Politologin hat einen Sp\u00fcrsinn f\u00fcr aktuelle Bedrohungen im IT-Bereich entwickelt und versteht es, das Fachwissen von PC-SPEZIALIST dem Leser verst\u00e4ndlich darzubieten. Nicht zu verleugnen ist allerdings ihre Ungeduld, die sich in flinken Fingern auf der Tastatur zeigt und gleichzeitig f\u00fcr einen hohen Output sorgt. Ihre journalistische Karriere begann Maren Keller Mitte der 1990er Jahre mit dem Verfassen von Sportberichten f\u00fcr die Regionalseiten ihrer Heimatzeitung in Bremerhaven. Nach dem Studium in Hannover, das von zahlreichen Praktika bei Funk, Fernsehen und Zeitung begleitet wurde, kehrte sie f\u00fcr ein journalistisches Volontariat in ihre Heimat zur\u00fcck, um bei der NORDSEE-ZEITUNG den Beruf des Redakteurs von der Pike auf zu lernen und anschlie\u00dfend in der Sportredaktion zu arbeiten. W\u00e4hrend ihrer Elternzeiten und beruflich bedingten Umz\u00fcgen arbeitete sie als freie Journalistin f\u00fcr verschiedene Tageszeitungen und fand 2016 den Weg zur SYNAXON, wo sie heute als Content Marketing Managerin in Lohn und Brot steht. In ihrer Freizeit zeigt sie ihr Talent f\u00fcr\u2019s Schreiben nicht. Stattdessen liegen ihre Schwerpunkt dort im Bereich Haus, Familie, Garten und Hund. Au\u00dferdem ist sie musikalisch unterwegs, bl\u00e4st das Jagdhorn in einem Bl\u00e4serkorps, spielt Klavier und singt im Chor. Sie haben Fragen an Maren Keller? Sie erreichen sie per E-Mail an redaktion@pcspezialist.de","url":"https:\/\/pcspezialist.de\/blog\/author\/maren\/"}]}},"_links":{"self":[{"href":"https:\/\/pcspezialist.de\/blog\/wp-json\/wp\/v2\/posts\/48126","targetHints":{"allow":["GET"]}}],"collection":[{"href":"https:\/\/pcspezialist.de\/blog\/wp-json\/wp\/v2\/posts"}],"about":[{"href":"https:\/\/pcspezialist.de\/blog\/wp-json\/wp\/v2\/types\/post"}],"author":[{"embeddable":true,"href":"https:\/\/pcspezialist.de\/blog\/wp-json\/wp\/v2\/users\/98"}],"replies":[{"embeddable":true,"href":"https:\/\/pcspezialist.de\/blog\/wp-json\/wp\/v2\/comments?post=48126"}],"version-history":[{"count":14,"href":"https:\/\/pcspezialist.de\/blog\/wp-json\/wp\/v2\/posts\/48126\/revisions"}],"predecessor-version":[{"id":56945,"href":"https:\/\/pcspezialist.de\/blog\/wp-json\/wp\/v2\/posts\/48126\/revisions\/56945"}],"wp:featuredmedia":[{"embeddable":true,"href":"https:\/\/pcspezialist.de\/blog\/wp-json\/wp\/v2\/media\/48143"}],"wp:attachment":[{"href":"https:\/\/pcspezialist.de\/blog\/wp-json\/wp\/v2\/media?parent=48126"}],"wp:term":[{"taxonomy":"category","embeddable":true,"href":"https:\/\/pcspezialist.de\/blog\/wp-json\/wp\/v2\/categories?post=48126"},{"taxonomy":"post_tag","embeddable":true,"href":"https:\/\/pcspezialist.de\/blog\/wp-json\/wp\/v2\/tags?post=48126"}],"curies":[{"name":"wp","href":"https:\/\/api.w.org\/{rel}","templated":true}]}}