{"id":47835,"date":"2019-11-12T12:20:00","date_gmt":"2019-11-12T11:20:00","guid":{"rendered":"https:\/\/www.pcspezialist.de\/blog\/?p=47835"},"modified":"2024-03-22T08:23:38","modified_gmt":"2024-03-22T07:23:38","slug":"neues-logo-facebook","status":"publish","type":"post","link":"https:\/\/pcspezialist.de\/blog\/2019\/11\/12\/neues-logo-facebook\/","title":{"rendered":"Neues Logo f\u00fcr Facebook ## Neuer Schriftzug \u00fcberraschend enth\u00fcllt"},"content":{"rendered":"<p><strong>Ob das Daumen-hoch-Icon oder das kleine f im blauen Feld \u2013 Facebook war stets eindeutig erkennbar. Doch jetzt gibt es ein neues Logo f\u00fcr das Unternehmen, das sich vom Online-Netzwerk unterscheiden will.<\/strong><\/p>\n<p>Ein farbiger Schriftzug soll es werden. Warum das neue Logo her muss, erfahrt ihr bei uns.<\/p>\n<p><!--more--><\/p>\n<h3>Neues Logo f\u00fcr Facebook \u2013 warum?<\/h3>\n<p>\u00dcberraschend hat Facebook vor wenigen Tagen ein neues Logo pr\u00e4sentiert. Das neue Logo enth\u00e4lt weder das Daumen-hoch-Icon noch das kleine f, denn beide sind Symbole f\u00fcr das Online-Netzwerk. Davon gilt es sich abzuheben, denn Facebook ist l\u00e4ngst mehr als nur die Social-Media-Plattform. Das neue Logo ist ein Schriftzug in Druckbuchstaben, die in der Farbe variieren k\u00f6nnen.<\/p>\n<p>Der Grund, warum ein neues Logo her musste, ist ganz einfach: Das Unternehmen k\u00e4mpft nach unz\u00e4hligen Datenskandalen um einen besseren Ruf. Auch wir haben \u00fcber <a href=\"https:\/\/pcspezialist.de\/blog\/tag\/facebook\">die Datenskandale<\/a> ausf\u00fchrlich berichtet. Facebook hatte zuletzt sogar \u00fcberlegt, sich einen neuen Namen zuzulegen. Doch man wolle nicht den Eindruck erwecken, dass man vor den Probleme davonlaufe, sagt Marketingchef Antonio Lucio dem <a href=\"https:\/\/www.bloomberg.com\/news\/articles\/2019-11-04\/facebook-adds-more-corporate-branding-to-instagram-whatsapp\" target=\"_blank\" rel=\"noopener noreferrer\">Finanzdienst Bloomberg<\/a>.<\/p>\n<p>Eine Namens\u00e4nderung gibt es also nicht, daf\u00fcr aber ein neues Logo, das k\u00fcnftig h\u00e4ufiger neben den anderen Marken des Konzerns wie Instagram und WhatsApp stehen soll, wie <a href=\"https:\/\/newsroom.fb.com\/news\/2019\/11\/introducing-our-new-company-brand\/\" target=\"_blank\" rel=\"noopener noreferrer\">Facebook in seinem Newsroom schreibt<\/a>.<\/p>\n<div id=\"attachment_47904\" style=\"width: 460px\" class=\"wp-caption alignright\"><img loading=\"lazy\" decoding=\"async\" aria-describedby=\"caption-attachment-47904\" class=\"size-full wp-image-47904\" src=\"https:\/\/pcspezialist.de\/blog\/wp-content\/uploads\/2019\/11\/Facebook.jpg\" alt=\"Screenshots von Instagram und WhatsApp, auf denen ein neues Logo f\u00fcr Facebook zu sehen ist. Bilder: Facebook\/Montage: PC-SPEZIALIST\" width=\"450\" height=\"496\" \/><p id=\"caption-attachment-47904\" class=\"wp-caption-text\">K\u00fcnftig soll der neue Facebook-Schriftzug auch bei Instagram und WhatsApp zu finden sein. Bilder: Facebook\/Montage: PC-SPEZIALIST<\/p><\/div>\n<h3>Neues Logo soll Klarheit schaffen<\/h3>\n<p>Facebook hat also ein neues Logo und das soll vor allem eins: Klarheit schaffen. Laut Lucio w\u00fcssten nach wie vor viele Nutzer nicht, dass sowohl Instagram als auch WhatsApp zu Facebook geh\u00f6ren. Damit diese Tatsache f\u00fcr die Nutzer klarer wird, soll k\u00fcnftig das neue Logo vermehrt neben den Marken zu finden sein.<\/p>\n<p>Facebook selbst erhofft sich davon nat\u00fcrlich, dass das Ansehen des Unternehmens steigt. Allerdings gibt Lucio zu, dass sich die Offenlegung der Verbindung von Instagram und WhatsApp zu Facebook zun\u00e4chst negativ auswirken k\u00f6nne.<\/p>\n<p>Aber nicht nur Instagram und WhatsApp sind Teil der Facebook-Familie. Habt ihr gewusst, dass auch Oculus, Hersteller von Brillen f\u00fcr virtuelle Realit\u00e4t, und Workplace, eine B\u00fcrokommunikations-Plattform zum Facebook-Konzern geh\u00f6ren? Au\u00dferdem will Facebook \u00fcber seine Tochtergesellschaft <a href=\"https:\/\/pcspezialist.de\/blog\/2019\/07\/24\/facebook-waehrung-libra\/\">Calibra<\/a> im Bereich Digitalw\u00e4hrungen mitmischen und unter der Marke Portal entwickelt der Konzern smarte Displays. Sie alle sollen k\u00fcnftig das neue Facebook-Logo enthalten.<\/p>\n<h3>Schlicht und einfach: das neue Facebook-Logo<\/h3>\n<p>Warum ist das neue Logo f\u00fcr Facebook so schlicht und einfach? Warum nutzt Facebook eine Druckschrift ohne jegliche Schn\u00f6rkel? Die Antwort ist: Weil der Trend in diese Richtung geht. Statt Schreibschrift und Bildchen \u00e4ndern immer mehr gro\u00dfe Marken das Aussehen ihres Logos.<\/p>\n<p>Bestes Beispiel daf\u00fcr: die Parf\u00fcmerie Douglas. Statt gr\u00fcner Schreibschrift besteht das Logo mittlerweile aus schwarzen Druckbuchstaben. Aber auch andere Marken wie Google oder die Modemarke Celine verzichten auf unn\u00f6tigen Firlefanz im Logo und passen sich stattdessen der digitalen Welt an: serifenlos, unkompliziert und sachlich.<\/p>\n<p>Jetzt geht auch Facebook diesen Weg und will damit zum einen den Nutzern gegen\u00fcber mehr Transparenz zeigen, andererseits die Wahrnehmung von Facebook als Unternehmen stark verbessern. Das hofft zumindest Lucio: \u201eWenn sie [unsere Nutzer, Anm. d. Red.] es wissen, w\u00e4chst die allgemeine Wertsch\u00e4tzung f\u00fcr die Facebook-Familie\u201c, erwartet Lucio.<\/p>\n<h3>Neues Logo \u2013 eure Meinung ist gefragt!<\/h3>\n<p>Was haltet ihr vom neuen Facebook-Logo? Denkt ihr, dass es den zuletzt angeknacksten Ruf des Unternehmens verbessern wird? Und wie gef\u00e4llt euch das Aussehen des Logos? Oder geh\u00f6rt ihr zu denjenigen, die nichts mit Facebook und Co. zu tun haben wollen, weil euch die vielen Datenskandale abschrecken?<\/p>\n<p>Oder habt ihr vielleicht nach all den Datenskandalen gar keine Lust mehr auf Facebook und sucht nach Alternativen, zum Beispiel f\u00fcr WhatsApp? Dann k\u00f6nnte unser Ratgeber <a href=\"https:\/\/pcspezialist.de\/ratgeber\/2018\/05\/16\/whatsapp-alternative.html\">WhatsApp-Alternativen<\/a> n\u00fctzlich sein. Wie ihr euch von Facebook zuverl\u00e4ssig abmeldet, erfahrt ihr in unserem Ratgeber <a href=\"https:\/\/pcspezialist.de\/ratgeber\/2017\/09\/21\/wie-loesche-ich-mein-facebook-konto.html\">Wie l\u00f6sche ich mein Facebook-Konto?<\/a>.<\/p>\n<p>\u00dcbrigens: Sicherheit im Internet f\u00e4ngt mit einem guten <a href=\"https:\/\/pcspezialist.de\/virenschutz.html\">Virenschutz<\/a> und <a href=\"https:\/\/pcspezialist.de\/ratgeber\/passwortsicherheit.html\">sicheren Passw\u00f6rtern<\/a> an. Gern hilft euch euer <a href=\"https:\/\/pcspezialist.de\/it-service-anbieter-finden.html\">PC-SPEZIALIST vor Ort<\/a> bei der Auswahl und Installation. Wer auf Nummer sicher gehen will und zudem Updates und Datensicherung gern vergisst, f\u00fcr den ist unser <a href=\"https:\/\/pcspezialist.de\/eins-fuer-alles-paket\">Eins-f\u00fcr-Alles-Paket<\/a> genau das richtige.<\/p>\n","protected":false},"excerpt":{"rendered":"<p>Ob das Daumen-hoch-Icon oder das kleine f im blauen Feld \u2013 Facebook war stets eindeutig erkennbar. Doch jetzt gibt es ein neues Logo f\u00fcr das Unternehmen, das sich vom Online-Netzwerk unterscheiden will. Ein farbiger Schriftzug soll es werden. Warum das neue Logo her muss, erfahrt ihr bei uns.<\/p>\n","protected":false},"author":98,"featured_media":47902,"comment_status":"open","ping_status":"closed","sticky":false,"template":"","format":"standard","meta":{"footnotes":""},"categories":[6913],"tags":[1088,1250,3367,3764],"class_list":["post-47835","post","type-post","status-publish","format-standard","has-post-thumbnail","hentry","category-verschiedenes","tag-facebook","tag-social-media","tag-instagram","tag-whatsapp"],"yoast_head":"<!-- This site is optimized with the Yoast SEO plugin v27.4 - https:\/\/yoast.com\/product\/yoast-seo-wordpress\/ -->\n<title>Neues Logo f\u00fcr Facebook \u2013 Neuer Schriftzug \u00fcberraschend enth\u00fcllt<\/title>\n<meta name=\"description\" content=\"Facebook hat \u00fcberraschend ein neues Logo enth\u00fcllt. Warum es ein neues Facebook-Logo gibt und und wie es aussieht, erfahrt ihr bei uns.\" \/>\n<meta name=\"robots\" content=\"index, follow, max-snippet:-1, max-image-preview:large, max-video-preview:-1\" \/>\n<link rel=\"canonical\" href=\"https:\/\/pcspezialist.de\/blog\/2019\/11\/12\/neues-logo-facebook\/\" \/>\n<meta property=\"og:locale\" content=\"de_DE\" \/>\n<meta property=\"og:type\" content=\"article\" \/>\n<meta property=\"og:title\" content=\"Neues Logo f\u00fcr Facebook \u2013 Neuer Schriftzug \u00fcberraschend enth\u00fcllt\" \/>\n<meta property=\"og:description\" content=\"Facebook hat \u00fcberraschend ein neues Logo enth\u00fcllt. Warum es ein neues Facebook-Logo gibt und und wie es aussieht, erfahrt ihr bei uns.\" \/>\n<meta property=\"og:url\" content=\"https:\/\/pcspezialist.de\/blog\/2019\/11\/12\/neues-logo-facebook\/\" \/>\n<meta property=\"og:site_name\" content=\"PC-SPEZIALIST Blog\" \/>\n<meta property=\"article:published_time\" content=\"2019-11-12T11:20:00+00:00\" \/>\n<meta property=\"article:modified_time\" content=\"2024-03-22T07:23:38+00:00\" \/>\n<meta property=\"og:image\" content=\"https:\/\/pcspezialist.de\/blog\/wp-content\/uploads\/2019\/11\/Facebook_Wordmark_Cycling.gif\" \/>\n\t<meta property=\"og:image:width\" content=\"1920\" \/>\n\t<meta property=\"og:image:height\" content=\"1080\" \/>\n\t<meta property=\"og:image:type\" content=\"image\/gif\" \/>\n<meta name=\"author\" content=\"Maren Keller\" \/>\n<meta name=\"twitter:card\" content=\"summary_large_image\" \/>\n<meta name=\"twitter:label1\" content=\"Verfasst von\" \/>\n\t<meta name=\"twitter:data1\" content=\"Maren Keller\" \/>\n\t<meta name=\"twitter:label2\" content=\"Gesch\u00e4tzte Lesezeit\" \/>\n\t<meta name=\"twitter:data2\" content=\"4\u00a0Minuten\" \/>\n<script type=\"application\/ld+json\" class=\"yoast-schema-graph\">{\"@context\":\"https:\\\/\\\/schema.org\",\"@graph\":[{\"@type\":\"Article\",\"@id\":\"https:\\\/\\\/pcspezialist.de\\\/blog\\\/2019\\\/11\\\/12\\\/neues-logo-facebook\\\/#article\",\"isPartOf\":{\"@id\":\"https:\\\/\\\/pcspezialist.de\\\/blog\\\/2019\\\/11\\\/12\\\/neues-logo-facebook\\\/\"},\"author\":{\"name\":\"Maren Keller\",\"@id\":\"https:\\\/\\\/pcspezialist.de\\\/blog\\\/#\\\/schema\\\/person\\\/e9cb801a8b8ea9138af26a02b8b6d14f\"},\"headline\":\"Neues Logo f\u00fcr Facebook ## Neuer Schriftzug \u00fcberraschend enth\u00fcllt\",\"datePublished\":\"2019-11-12T11:20:00+00:00\",\"dateModified\":\"2024-03-22T07:23:38+00:00\",\"mainEntityOfPage\":{\"@id\":\"https:\\\/\\\/pcspezialist.de\\\/blog\\\/2019\\\/11\\\/12\\\/neues-logo-facebook\\\/\"},\"wordCount\":716,\"commentCount\":0,\"image\":{\"@id\":\"https:\\\/\\\/pcspezialist.de\\\/blog\\\/2019\\\/11\\\/12\\\/neues-logo-facebook\\\/#primaryimage\"},\"thumbnailUrl\":\"https:\\\/\\\/pcspezialist.de\\\/blog\\\/wp-content\\\/uploads\\\/2019\\\/11\\\/Facebook_Wordmark_Cycling.gif\",\"keywords\":[\"Facebook\",\"Social Media\",\"Instagram\",\"WhatsApp\"],\"articleSection\":[\"Verschiedenes\"],\"inLanguage\":\"de\",\"potentialAction\":[{\"@type\":\"CommentAction\",\"name\":\"Comment\",\"target\":[\"https:\\\/\\\/pcspezialist.de\\\/blog\\\/2019\\\/11\\\/12\\\/neues-logo-facebook\\\/#respond\"]}]},{\"@type\":\"WebPage\",\"@id\":\"https:\\\/\\\/pcspezialist.de\\\/blog\\\/2019\\\/11\\\/12\\\/neues-logo-facebook\\\/\",\"url\":\"https:\\\/\\\/pcspezialist.de\\\/blog\\\/2019\\\/11\\\/12\\\/neues-logo-facebook\\\/\",\"name\":\"Neues Logo f\u00fcr Facebook \u2013 Neuer Schriftzug \u00fcberraschend enth\u00fcllt\",\"isPartOf\":{\"@id\":\"https:\\\/\\\/pcspezialist.de\\\/blog\\\/#website\"},\"primaryImageOfPage\":{\"@id\":\"https:\\\/\\\/pcspezialist.de\\\/blog\\\/2019\\\/11\\\/12\\\/neues-logo-facebook\\\/#primaryimage\"},\"image\":{\"@id\":\"https:\\\/\\\/pcspezialist.de\\\/blog\\\/2019\\\/11\\\/12\\\/neues-logo-facebook\\\/#primaryimage\"},\"thumbnailUrl\":\"https:\\\/\\\/pcspezialist.de\\\/blog\\\/wp-content\\\/uploads\\\/2019\\\/11\\\/Facebook_Wordmark_Cycling.gif\",\"datePublished\":\"2019-11-12T11:20:00+00:00\",\"dateModified\":\"2024-03-22T07:23:38+00:00\",\"author\":{\"@id\":\"https:\\\/\\\/pcspezialist.de\\\/blog\\\/#\\\/schema\\\/person\\\/e9cb801a8b8ea9138af26a02b8b6d14f\"},\"description\":\"Facebook hat \u00fcberraschend ein neues Logo enth\u00fcllt. Warum es ein neues Facebook-Logo gibt und und wie es aussieht, erfahrt ihr bei uns.\",\"breadcrumb\":{\"@id\":\"https:\\\/\\\/pcspezialist.de\\\/blog\\\/2019\\\/11\\\/12\\\/neues-logo-facebook\\\/#breadcrumb\"},\"inLanguage\":\"de\",\"potentialAction\":[{\"@type\":\"ReadAction\",\"target\":[\"https:\\\/\\\/pcspezialist.de\\\/blog\\\/2019\\\/11\\\/12\\\/neues-logo-facebook\\\/\"]}]},{\"@type\":\"ImageObject\",\"inLanguage\":\"de\",\"@id\":\"https:\\\/\\\/pcspezialist.de\\\/blog\\\/2019\\\/11\\\/12\\\/neues-logo-facebook\\\/#primaryimage\",\"url\":\"https:\\\/\\\/pcspezialist.de\\\/blog\\\/wp-content\\\/uploads\\\/2019\\\/11\\\/Facebook_Wordmark_Cycling.gif\",\"contentUrl\":\"https:\\\/\\\/pcspezialist.de\\\/blog\\\/wp-content\\\/uploads\\\/2019\\\/11\\\/Facebook_Wordmark_Cycling.gif\",\"width\":1920,\"height\":1080,\"caption\":\"Neues Logo f\u00fcr Facebook. Quelle: Facebook\"},{\"@type\":\"BreadcrumbList\",\"@id\":\"https:\\\/\\\/pcspezialist.de\\\/blog\\\/2019\\\/11\\\/12\\\/neues-logo-facebook\\\/#breadcrumb\",\"itemListElement\":[{\"@type\":\"ListItem\",\"position\":1,\"name\":\"Startseite\",\"item\":\"https:\\\/\\\/pcspezialist.de\\\/blog\\\/\"},{\"@type\":\"ListItem\",\"position\":2,\"name\":\"Neues Logo f\u00fcr Facebook ## Neuer Schriftzug \u00fcberraschend enth\u00fcllt\"}]},{\"@type\":\"WebSite\",\"@id\":\"https:\\\/\\\/pcspezialist.de\\\/blog\\\/#website\",\"url\":\"https:\\\/\\\/pcspezialist.de\\\/blog\\\/\",\"name\":\"PC-SPEZIALIST Blog\",\"description\":\"IT-Service, Trends &amp; Technik\",\"potentialAction\":[{\"@type\":\"SearchAction\",\"target\":{\"@type\":\"EntryPoint\",\"urlTemplate\":\"https:\\\/\\\/pcspezialist.de\\\/blog\\\/?s={search_term_string}\"},\"query-input\":{\"@type\":\"PropertyValueSpecification\",\"valueRequired\":true,\"valueName\":\"search_term_string\"}}],\"inLanguage\":\"de\"},{\"@type\":\"Person\",\"@id\":\"https:\\\/\\\/pcspezialist.de\\\/blog\\\/#\\\/schema\\\/person\\\/e9cb801a8b8ea9138af26a02b8b6d14f\",\"name\":\"Maren Keller\",\"description\":\"PC-SPEZIALIST ist eine Marke der in Schlo\u00df Holte ans\u00e4ssigen SYNAXON. Seit 2016 arbeitet Maren Keller f\u00fcr den PC-SPEZIALIST-Blog. Gestartet als Online-Redakteurin ist sie mittlerweile Content Marketing Managerin und tr\u00e4gt unter anderem die Verantwortung f\u00fcr die Inhalte des Blogs. In den Jahren 2017 und 2020 hat sie parallel f\u00fcr den Blog des IT-SERVICE.NETWORK geschrieben. Die studierte Germanistin und Politologin hat einen Sp\u00fcrsinn f\u00fcr aktuelle Bedrohungen im IT-Bereich entwickelt und versteht es, das Fachwissen von PC-SPEZIALIST dem Leser verst\u00e4ndlich darzubieten. Nicht zu verleugnen ist allerdings ihre Ungeduld, die sich in flinken Fingern auf der Tastatur zeigt und gleichzeitig f\u00fcr einen hohen Output sorgt. Ihre journalistische Karriere begann Maren Keller Mitte der 1990er Jahre mit dem Verfassen von Sportberichten f\u00fcr die Regionalseiten ihrer Heimatzeitung in Bremerhaven. Nach dem Studium in Hannover, das von zahlreichen Praktika bei Funk, Fernsehen und Zeitung begleitet wurde, kehrte sie f\u00fcr ein journalistisches Volontariat in ihre Heimat zur\u00fcck, um bei der NORDSEE-ZEITUNG den Beruf des Redakteurs von der Pike auf zu lernen und anschlie\u00dfend in der Sportredaktion zu arbeiten. W\u00e4hrend ihrer Elternzeiten und beruflich bedingten Umz\u00fcgen arbeitete sie als freie Journalistin f\u00fcr verschiedene Tageszeitungen und fand 2016 den Weg zur SYNAXON, wo sie heute als Content Marketing Managerin in Lohn und Brot steht. In ihrer Freizeit zeigt sie ihr Talent f\u00fcr\u2019s Schreiben nicht. Stattdessen liegen ihre Schwerpunkt dort im Bereich Haus, Familie, Garten und Hund. Au\u00dferdem ist sie musikalisch unterwegs, bl\u00e4st das Jagdhorn in einem Bl\u00e4serkorps, spielt Klavier und singt im Chor. Sie haben Fragen an Maren Keller? Sie erreichen sie per E-Mail an redaktion@pcspezialist.de\",\"url\":\"https:\\\/\\\/pcspezialist.de\\\/blog\\\/author\\\/maren\\\/\"}]}<\/script>\n<!-- \/ Yoast SEO plugin. -->","yoast_head_json":{"title":"Neues Logo f\u00fcr Facebook \u2013 Neuer Schriftzug \u00fcberraschend enth\u00fcllt","description":"Facebook hat \u00fcberraschend ein neues Logo enth\u00fcllt. Warum es ein neues Facebook-Logo gibt und und wie es aussieht, erfahrt ihr bei uns.","robots":{"index":"index","follow":"follow","max-snippet":"max-snippet:-1","max-image-preview":"max-image-preview:large","max-video-preview":"max-video-preview:-1"},"canonical":"https:\/\/pcspezialist.de\/blog\/2019\/11\/12\/neues-logo-facebook\/","og_locale":"de_DE","og_type":"article","og_title":"Neues Logo f\u00fcr Facebook \u2013 Neuer Schriftzug \u00fcberraschend enth\u00fcllt","og_description":"Facebook hat \u00fcberraschend ein neues Logo enth\u00fcllt. Warum es ein neues Facebook-Logo gibt und und wie es aussieht, erfahrt ihr bei uns.","og_url":"https:\/\/pcspezialist.de\/blog\/2019\/11\/12\/neues-logo-facebook\/","og_site_name":"PC-SPEZIALIST Blog","article_published_time":"2019-11-12T11:20:00+00:00","article_modified_time":"2024-03-22T07:23:38+00:00","og_image":[{"width":1920,"height":1080,"url":"https:\/\/pcspezialist.de\/blog\/wp-content\/uploads\/2019\/11\/Facebook_Wordmark_Cycling.gif","type":"image\/gif"}],"author":"Maren Keller","twitter_card":"summary_large_image","twitter_misc":{"Verfasst von":"Maren Keller","Gesch\u00e4tzte Lesezeit":"4\u00a0Minuten"},"schema":{"@context":"https:\/\/schema.org","@graph":[{"@type":"Article","@id":"https:\/\/pcspezialist.de\/blog\/2019\/11\/12\/neues-logo-facebook\/#article","isPartOf":{"@id":"https:\/\/pcspezialist.de\/blog\/2019\/11\/12\/neues-logo-facebook\/"},"author":{"name":"Maren Keller","@id":"https:\/\/pcspezialist.de\/blog\/#\/schema\/person\/e9cb801a8b8ea9138af26a02b8b6d14f"},"headline":"Neues Logo f\u00fcr Facebook ## Neuer Schriftzug \u00fcberraschend enth\u00fcllt","datePublished":"2019-11-12T11:20:00+00:00","dateModified":"2024-03-22T07:23:38+00:00","mainEntityOfPage":{"@id":"https:\/\/pcspezialist.de\/blog\/2019\/11\/12\/neues-logo-facebook\/"},"wordCount":716,"commentCount":0,"image":{"@id":"https:\/\/pcspezialist.de\/blog\/2019\/11\/12\/neues-logo-facebook\/#primaryimage"},"thumbnailUrl":"https:\/\/pcspezialist.de\/blog\/wp-content\/uploads\/2019\/11\/Facebook_Wordmark_Cycling.gif","keywords":["Facebook","Social Media","Instagram","WhatsApp"],"articleSection":["Verschiedenes"],"inLanguage":"de","potentialAction":[{"@type":"CommentAction","name":"Comment","target":["https:\/\/pcspezialist.de\/blog\/2019\/11\/12\/neues-logo-facebook\/#respond"]}]},{"@type":"WebPage","@id":"https:\/\/pcspezialist.de\/blog\/2019\/11\/12\/neues-logo-facebook\/","url":"https:\/\/pcspezialist.de\/blog\/2019\/11\/12\/neues-logo-facebook\/","name":"Neues Logo f\u00fcr Facebook \u2013 Neuer Schriftzug \u00fcberraschend enth\u00fcllt","isPartOf":{"@id":"https:\/\/pcspezialist.de\/blog\/#website"},"primaryImageOfPage":{"@id":"https:\/\/pcspezialist.de\/blog\/2019\/11\/12\/neues-logo-facebook\/#primaryimage"},"image":{"@id":"https:\/\/pcspezialist.de\/blog\/2019\/11\/12\/neues-logo-facebook\/#primaryimage"},"thumbnailUrl":"https:\/\/pcspezialist.de\/blog\/wp-content\/uploads\/2019\/11\/Facebook_Wordmark_Cycling.gif","datePublished":"2019-11-12T11:20:00+00:00","dateModified":"2024-03-22T07:23:38+00:00","author":{"@id":"https:\/\/pcspezialist.de\/blog\/#\/schema\/person\/e9cb801a8b8ea9138af26a02b8b6d14f"},"description":"Facebook hat \u00fcberraschend ein neues Logo enth\u00fcllt. Warum es ein neues Facebook-Logo gibt und und wie es aussieht, erfahrt ihr bei uns.","breadcrumb":{"@id":"https:\/\/pcspezialist.de\/blog\/2019\/11\/12\/neues-logo-facebook\/#breadcrumb"},"inLanguage":"de","potentialAction":[{"@type":"ReadAction","target":["https:\/\/pcspezialist.de\/blog\/2019\/11\/12\/neues-logo-facebook\/"]}]},{"@type":"ImageObject","inLanguage":"de","@id":"https:\/\/pcspezialist.de\/blog\/2019\/11\/12\/neues-logo-facebook\/#primaryimage","url":"https:\/\/pcspezialist.de\/blog\/wp-content\/uploads\/2019\/11\/Facebook_Wordmark_Cycling.gif","contentUrl":"https:\/\/pcspezialist.de\/blog\/wp-content\/uploads\/2019\/11\/Facebook_Wordmark_Cycling.gif","width":1920,"height":1080,"caption":"Neues Logo f\u00fcr Facebook. Quelle: Facebook"},{"@type":"BreadcrumbList","@id":"https:\/\/pcspezialist.de\/blog\/2019\/11\/12\/neues-logo-facebook\/#breadcrumb","itemListElement":[{"@type":"ListItem","position":1,"name":"Startseite","item":"https:\/\/pcspezialist.de\/blog\/"},{"@type":"ListItem","position":2,"name":"Neues Logo f\u00fcr Facebook ## Neuer Schriftzug \u00fcberraschend enth\u00fcllt"}]},{"@type":"WebSite","@id":"https:\/\/pcspezialist.de\/blog\/#website","url":"https:\/\/pcspezialist.de\/blog\/","name":"PC-SPEZIALIST Blog","description":"IT-Service, Trends &amp; Technik","potentialAction":[{"@type":"SearchAction","target":{"@type":"EntryPoint","urlTemplate":"https:\/\/pcspezialist.de\/blog\/?s={search_term_string}"},"query-input":{"@type":"PropertyValueSpecification","valueRequired":true,"valueName":"search_term_string"}}],"inLanguage":"de"},{"@type":"Person","@id":"https:\/\/pcspezialist.de\/blog\/#\/schema\/person\/e9cb801a8b8ea9138af26a02b8b6d14f","name":"Maren Keller","description":"PC-SPEZIALIST ist eine Marke der in Schlo\u00df Holte ans\u00e4ssigen SYNAXON. Seit 2016 arbeitet Maren Keller f\u00fcr den PC-SPEZIALIST-Blog. Gestartet als Online-Redakteurin ist sie mittlerweile Content Marketing Managerin und tr\u00e4gt unter anderem die Verantwortung f\u00fcr die Inhalte des Blogs. In den Jahren 2017 und 2020 hat sie parallel f\u00fcr den Blog des IT-SERVICE.NETWORK geschrieben. Die studierte Germanistin und Politologin hat einen Sp\u00fcrsinn f\u00fcr aktuelle Bedrohungen im IT-Bereich entwickelt und versteht es, das Fachwissen von PC-SPEZIALIST dem Leser verst\u00e4ndlich darzubieten. Nicht zu verleugnen ist allerdings ihre Ungeduld, die sich in flinken Fingern auf der Tastatur zeigt und gleichzeitig f\u00fcr einen hohen Output sorgt. Ihre journalistische Karriere begann Maren Keller Mitte der 1990er Jahre mit dem Verfassen von Sportberichten f\u00fcr die Regionalseiten ihrer Heimatzeitung in Bremerhaven. Nach dem Studium in Hannover, das von zahlreichen Praktika bei Funk, Fernsehen und Zeitung begleitet wurde, kehrte sie f\u00fcr ein journalistisches Volontariat in ihre Heimat zur\u00fcck, um bei der NORDSEE-ZEITUNG den Beruf des Redakteurs von der Pike auf zu lernen und anschlie\u00dfend in der Sportredaktion zu arbeiten. W\u00e4hrend ihrer Elternzeiten und beruflich bedingten Umz\u00fcgen arbeitete sie als freie Journalistin f\u00fcr verschiedene Tageszeitungen und fand 2016 den Weg zur SYNAXON, wo sie heute als Content Marketing Managerin in Lohn und Brot steht. In ihrer Freizeit zeigt sie ihr Talent f\u00fcr\u2019s Schreiben nicht. Stattdessen liegen ihre Schwerpunkt dort im Bereich Haus, Familie, Garten und Hund. Au\u00dferdem ist sie musikalisch unterwegs, bl\u00e4st das Jagdhorn in einem Bl\u00e4serkorps, spielt Klavier und singt im Chor. Sie haben Fragen an Maren Keller? Sie erreichen sie per E-Mail an redaktion@pcspezialist.de","url":"https:\/\/pcspezialist.de\/blog\/author\/maren\/"}]}},"_links":{"self":[{"href":"https:\/\/pcspezialist.de\/blog\/wp-json\/wp\/v2\/posts\/47835","targetHints":{"allow":["GET"]}}],"collection":[{"href":"https:\/\/pcspezialist.de\/blog\/wp-json\/wp\/v2\/posts"}],"about":[{"href":"https:\/\/pcspezialist.de\/blog\/wp-json\/wp\/v2\/types\/post"}],"author":[{"embeddable":true,"href":"https:\/\/pcspezialist.de\/blog\/wp-json\/wp\/v2\/users\/98"}],"replies":[{"embeddable":true,"href":"https:\/\/pcspezialist.de\/blog\/wp-json\/wp\/v2\/comments?post=47835"}],"version-history":[{"count":12,"href":"https:\/\/pcspezialist.de\/blog\/wp-json\/wp\/v2\/posts\/47835\/revisions"}],"predecessor-version":[{"id":47920,"href":"https:\/\/pcspezialist.de\/blog\/wp-json\/wp\/v2\/posts\/47835\/revisions\/47920"}],"wp:featuredmedia":[{"embeddable":true,"href":"https:\/\/pcspezialist.de\/blog\/wp-json\/wp\/v2\/media\/47902"}],"wp:attachment":[{"href":"https:\/\/pcspezialist.de\/blog\/wp-json\/wp\/v2\/media?parent=47835"}],"wp:term":[{"taxonomy":"category","embeddable":true,"href":"https:\/\/pcspezialist.de\/blog\/wp-json\/wp\/v2\/categories?post=47835"},{"taxonomy":"post_tag","embeddable":true,"href":"https:\/\/pcspezialist.de\/blog\/wp-json\/wp\/v2\/tags?post=47835"}],"curies":[{"name":"wp","href":"https:\/\/api.w.org\/{rel}","templated":true}]}}