{"id":46980,"date":"2019-09-05T12:37:51","date_gmt":"2019-09-05T10:37:51","guid":{"rendered":"https:\/\/www.pcspezialist.de\/blog\/?p=46980"},"modified":"2024-11-06T11:08:38","modified_gmt":"2024-11-06T10:08:38","slug":"datenskandal-bei-facebook","status":"publish","type":"post","link":"https:\/\/pcspezialist.de\/blog\/2019\/09\/05\/datenskandal-bei-facebook\/","title":{"rendered":"Datenskandal bei Facebook ## Nutzerdaten erneut im Netz"},"content":{"rendered":"<p><strong>Ein neuer Datenskandal bei Facebook ist bekannt geworden. Jetzt sind von \u00fcber 420 Millionen Nutzern die Telefonnummern im Netz zu finden. Und das ist nicht die einzige beunruhigende Nachricht des US-Konzerns aus den vergangenen Tagen.<\/strong><\/p>\n<p>Was passiert ist, welche Gr\u00fcnde dahinter stecken k\u00f6nnten und was ihr tun solltet, lest ihr bei uns.<\/p>\n<p><!--more--><\/p>\n<h3>Datenskandal bei Facebook \u2013 was steckt dahinter?<\/h3>\n<p>Wie der Technologie-Blog <a href=\"https:\/\/techcrunch.com\/2019\/09\/04\/facebook-phone-numbers-exposed\/\" target=\"_blank\" rel=\"noopener noreferrer\">TechCrunch<\/a> mitteilte, gibt es einen neuen Datenskandal bei Facebook. Diesmal sind Telefonnummern von 420 Millionen Facebook-Nutzern weltweit unverschl\u00fcsselt \u00f6ffentlich zug\u00e4nglich gewesen. Die Datenbank ist inzwischen entfernt worden.<\/p>\n<p>Doch wie kommen diese pers\u00f6nlichen Daten \u00fcberhaupt ins Netz? Bis vor einigen Monaten bestand bei Facebook noch die M\u00f6glichkeit, Bekannte mit Hilfe ihrer Telefonnummer zu finden. Diese M\u00f6glichkeit hat das Unternehmen jetzt abgeschafft. Die Daten existieren jedoch immer noch. Wer die Datei mit dem Telefonnummern erstellt hat, um sie dann hochzuladen, ist noch nicht gekl\u00e4rt. Facebook hat auch noch keinen Hinweis erhalten, dass Accounts gehackt wurden.<\/p>\n<h3>Wie gef\u00e4hrlich ist der Datenskandal bei Facebook?<\/h3>\n<p>Die ver\u00f6ffentlichten Telefonnummern k\u00f6nnen von Online-Kriminellen zum Beispiel daf\u00fcr genutzt werden, Passw\u00f6rter zur\u00fcckzusetzen und somit Nutzer-Profile zu kapern. Sie k\u00f6nnen dann in eurem Namen schalten und walten \u2013 und das in vollem Umfang. Doch nicht nur euer Facebook-Account ist in Gefahr: Auch euer Computer oder andere Ger\u00e4te k\u00f6nnen betroffen sein, indem zum Beispiel ein Trojaner auf euer Ger\u00e4t geschleust wird.<\/p>\n<p>Und die Ver\u00f6ffentlichung der Millionen von Telefonnummern ist nicht der einzige Datenskandal bei Facebook. Welche es noch gab, k\u00f6nnt ihr <a href=\"https:\/\/pcspezialist.de\/blog\/tag\/facebook\">bei uns im Blog<\/a> nachlesen, beispielsweise in den Artikeln <a href=\"https:\/\/pcspezialist.de\/blog\/2019\/04\/05\/facebook-datenschutz\/\">Neue Panne bei Faceboook-Datenschutz<\/a> oder <a href=\"https:\/\/pcspezialist.de\/blog\/2019\/03\/25\/facebook-passwoerter\/\">Facebook-Passw\u00f6rter unverschl\u00fcsselt<\/a>. K\u00fcrzlich musste Facebook sogar eine <a href=\"https:\/\/www.sueddeutsche.de\/wirtschaft\/facebook-cambridge-analytica-strafe-1.4537410\" target=\"_blank\" rel=\"noopener noreferrer\">F\u00fcnf-Milliarden-Dollar-Strafe zahlen<\/a>, weil es Nutzerdaten an die Analysefirma Cambridge Analytica weitergab.<\/p>\n<div id=\"attachment_46997\" style=\"width: 710px\" class=\"wp-caption alignright\"><img loading=\"lazy\" decoding=\"async\" aria-describedby=\"caption-attachment-46997\" class=\"size-medium wp-image-46997\" src=\"https:\/\/pcspezialist.de\/blog\/wp-content\/uploads\/2019\/09\/Socialmedia-unternehmen-700x466.jpg\" alt=\"Das Bild zeigt die Logos sechs etablierter Social Media-Unternehmen. Bild: Pixabay\" width=\"700\" height=\"466\" srcset=\"https:\/\/pcspezialist.de\/blog\/wp-content\/uploads\/2019\/09\/Socialmedia-unternehmen-700x466.jpg 700w, https:\/\/pcspezialist.de\/blog\/wp-content\/uploads\/2019\/09\/Socialmedia-unternehmen-768x512.jpg 768w, https:\/\/pcspezialist.de\/blog\/wp-content\/uploads\/2019\/09\/Socialmedia-unternehmen-1050x700.jpg 1050w, https:\/\/pcspezialist.de\/blog\/wp-content\/uploads\/2019\/09\/Socialmedia-unternehmen.jpg 1280w\" sizes=\"auto, (max-width: 700px) 100vw, 700px\" \/><p id=\"caption-attachment-46997\" class=\"wp-caption-text\">Nicht nur Facebook steht im Verruf, Nutzerdaten nicht ideal zu sch\u00fctzen. Auch andere Social Media-Unternehmen stehen immer wieder in der Diskussion.<\/p><\/div>\n<h3>Datenskandal bei Facebook \u2013 nicht das einzige Problem<\/h3>\n<p>Auch die Facebook-App f\u00fcr Android r\u00fcckt das Unternehmen zurzeit in negatives Licht. IT-Expertin Jane Manchun Wong hat <a href=\"https:\/\/twitter.com\/wongmjane\/status\/1167463054709334017\" target=\"_blank\" rel=\"noopener noreferrer\">auf ihrem Twitter-Account<\/a> herausgefunden, dass die App detaillierte Informationen \u00fcber das installierte Betriebssystem an die Facebook-Server hochl\u00e4dt. Dabei greift Facebook detaillierte Informationen \u00fcber das Betriebssystem ab. Anschlie\u00dfend\u00a0 werden diese Informationen auf die Facebook-Server hochgeladen.<\/p>\n<p>Die Funktion, die den Namen Global Library Collector (GLC) tr\u00e4gt, erstellt eine Liste der Dateinamen und Hashes der Bibliotheken. Anschlie\u00dfend werden die Informationen an einen Service von Facebook weitergegeben. Welche Gr\u00fcnde Facebook daf\u00fcr hat, die Daten des Betriebssystems der Android-User abzufangen, ist zur Zeit noch unklar. Um private Daten sollte es sich allerdings nicht handeln. Der GLC stellt dem Betriebssystem lediglich Bin\u00e4rcode bereit. Facebook hat sich dazu noch nicht ge\u00e4u\u00dfert.<\/p>\n<h3>Wisst ihr, ob ihr vom Datenskandal betroffen seid?<\/h3>\n<p>Facebook selbst hat <a href=\"https:\/\/www.facebook.com\/help\/131719720300233\" target=\"_blank\" rel=\"noopener noreferrer\">eine Liste<\/a> bereit gestellt, mit der ihr pr\u00fcfen k\u00f6nnt, ob euer Facebook-Account vom aktuellen Datenskandal betroffen ist. Ihr solltest misstrauisch werden, wenn ihr Folgendes in eurem Account feststellen k\u00f6nnt:<\/p>\n<ul>\n<li>Eine ge\u00e4nderte E-Mail-Adresse oder ein ge\u00e4ndertes Passwort<\/li>\n<li>Ein ge\u00e4nderter Name oder ein ge\u00e4ndertes Geburtsdatum<\/li>\n<li>Versand von Freundschaftsanfragen an Personen, die ihr nicht kennt<\/li>\n<li>Versand von Nachrichten, die nicht von euch stammen<\/li>\n<li>Ver\u00f6ffentlichung von Beitr\u00e4gen, die nicht von euch stammen.<\/li>\n<\/ul>\n<p>Die Liste l\u00e4sst bei euch die Alarmglocken l\u00e4uten? Facebook hat f\u00fcr diesen Fall <a href=\"https:\/\/www.facebook.com\/hacked\" target=\"_blank\" rel=\"noopener noreferrer\">einen Service<\/a> eingerichtet, der euch hilft, mit dem Problem umzugehen. Trotzdem solltet ihr nach einem Hacker-Angriff auf Nummer sicher gehen und euren Computer von einem <a href=\"https:\/\/pcspezialist.de\/it-service-anbieter-finden.html\">PC-SPEZIALISTEN vor Ort<\/a>\u00a0pr\u00fcfen lassen. So k\u00f6nnt ihr euch sicher sein, dass die Hacker keinen fortbestehenden Zugang auf euer System haben.<\/p>\n<h3>Datenskandal bei Facebook \u2013 eine neue Hiobsbotschaft?<\/h3>\n<p>Das US-Unternehmen bekleckert sich nicht mit Ruhm, wenn es um den Schutz seiner Nutzerdaten geht. Das sollte euch nicht erst mit diesem Blog-Beitrag klar geworden sein. Ihr solltet immer bedenken, dass ihr Facebook (und jeder anderen Plattform, die eure Nutzerdaten anfordert) ein St\u00fcck eurer Identit\u00e4t preisgebt. Da soziale Medien aber kaum noch aus unserem Leben wegzudenken sind, kommt es auf zweierlei Dinge an:<\/p>\n<p>Zum einen ist der bestm\u00f6gliche Schutz eurer Daten von riesiger Bedeutung. Den erreicht ihr unter anderem durch einen sicheren PC, regelm\u00e4\u00dfige Updates und einen aktuellen Virenschutz. Kennt ihr unser <a href=\"https:\/\/pcspezialist.de\/eins-fuer-alles-paket\">Eins-f\u00fcr-Alles-Paket<\/a>? Schaut euch unseren <a href=\"https:\/\/pcspezialist.de\/blog\/2017\/11\/21\/rundum-sorglos-paket\/\">Rundum-sorglos-Service<\/a> unbedingt an, wenn ihr auch zuk\u00fcnftig sorgenfrei im Internet surfen m\u00f6chtet.<\/p>\n<p>Und wenn ihr doch einmal auf Hacker oder Schadsoftware hereinfallt, solltet ihr wissen, wo ihr Infos findet. Hilfe bietet nat\u00fcrlich euer <a href=\"https:\/\/pcspezialist.de\/it-service-anbieter-finden.html\">PC-SPEZIALIST vor Ort<\/a>, aber auch bei uns im <a href=\"https:\/\/pcspezialist.de\/blog\/\">PC-SPEZIALIST-Blog<\/a> halten wir euch \u00fcber aktuelle Gefahren auf dem Laufenden. Schaut regelm\u00e4\u00dfig vorbei, um optimal vorbereitet zu sein.<\/p>\n","protected":false},"excerpt":{"rendered":"<p>Ein neuer Datenskandal bei Facebook ist bekannt geworden. Jetzt sind von \u00fcber 420 Millionen Nutzern die Telefonnummern im Netz zu finden. Und das ist nicht die einzige beunruhigende Nachricht des US-Konzerns aus den vergangenen Tagen. Was passiert ist, welche Gr\u00fcnde dahinter stecken k\u00f6nnten und was ihr tun solltet, lest ihr bei uns.<\/p>\n","protected":false},"author":115,"featured_media":46995,"comment_status":"open","ping_status":"closed","sticky":false,"template":"","format":"standard","meta":{"footnotes":""},"categories":[10500],"tags":[1088,1250,9814,9956],"class_list":["post-46980","post","type-post","status-publish","format-standard","has-post-thumbnail","hentry","category-cybersecurity","tag-facebook","tag-social-media","tag-datenleck","tag-nutzerdaten"],"yoast_head":"<!-- This site is optimized with the Yoast SEO plugin v27.5 - https:\/\/yoast.com\/product\/yoast-seo-wordpress\/ -->\n<title>Neuer Datenskandal bei Facebook \u2013 Millionen Nutzerdaten im Netz<\/title>\n<meta name=\"description\" content=\"Neuer Datenskandal bei Facebook: \u00dcber 420 Millionen Telefonnummern sind im Netz aufgetaucht und ein weiterer Datenmissbrauch ist nicht ausgeschlossen.\" \/>\n<meta name=\"robots\" content=\"index, follow, max-snippet:-1, max-image-preview:large, max-video-preview:-1\" \/>\n<link rel=\"canonical\" href=\"https:\/\/pcspezialist.de\/blog\/2019\/09\/05\/datenskandal-bei-facebook\/\" \/>\n<meta property=\"og:locale\" content=\"de_DE\" \/>\n<meta property=\"og:type\" content=\"article\" \/>\n<meta property=\"og:title\" content=\"Neuer Datenskandal bei Facebook \u2013 Millionen Nutzerdaten im Netz\" \/>\n<meta property=\"og:description\" content=\"Neuer Datenskandal bei Facebook: \u00dcber 420 Millionen Telefonnummern sind im Netz aufgetaucht und ein weiterer Datenmissbrauch ist nicht ausgeschlossen.\" \/>\n<meta property=\"og:url\" content=\"https:\/\/pcspezialist.de\/blog\/2019\/09\/05\/datenskandal-bei-facebook\/\" \/>\n<meta property=\"og:site_name\" content=\"PC-SPEZIALIST Blog\" \/>\n<meta property=\"article:published_time\" content=\"2019-09-05T10:37:51+00:00\" \/>\n<meta property=\"article:modified_time\" content=\"2024-11-06T10:08:38+00:00\" \/>\n<meta property=\"og:image\" content=\"https:\/\/pcspezialist.de\/blog\/wp-content\/uploads\/2019\/09\/facebook-datenskandal.jpg\" \/>\n\t<meta property=\"og:image:width\" content=\"1280\" \/>\n\t<meta property=\"og:image:height\" content=\"768\" \/>\n\t<meta property=\"og:image:type\" content=\"image\/jpeg\" \/>\n<meta name=\"author\" content=\"Susanna Hinrichsen-Deicke\" \/>\n<meta name=\"twitter:card\" content=\"summary_large_image\" \/>\n<meta name=\"twitter:label1\" content=\"Verfasst von\" \/>\n\t<meta name=\"twitter:data1\" content=\"Susanna Hinrichsen-Deicke\" \/>\n\t<meta name=\"twitter:label2\" content=\"Gesch\u00e4tzte Lesezeit\" \/>\n\t<meta name=\"twitter:data2\" content=\"4\u00a0Minuten\" \/>\n<script type=\"application\/ld+json\" class=\"yoast-schema-graph\">{\"@context\":\"https:\\\/\\\/schema.org\",\"@graph\":[{\"@type\":\"Article\",\"@id\":\"https:\\\/\\\/pcspezialist.de\\\/blog\\\/2019\\\/09\\\/05\\\/datenskandal-bei-facebook\\\/#article\",\"isPartOf\":{\"@id\":\"https:\\\/\\\/pcspezialist.de\\\/blog\\\/2019\\\/09\\\/05\\\/datenskandal-bei-facebook\\\/\"},\"author\":{\"name\":\"Susanna Hinrichsen-Deicke\",\"@id\":\"https:\\\/\\\/pcspezialist.de\\\/blog\\\/#\\\/schema\\\/person\\\/080f8e206bd1ed1cdcc8eae71c081269\"},\"headline\":\"Datenskandal bei Facebook ## Nutzerdaten erneut im Netz\",\"datePublished\":\"2019-09-05T10:37:51+00:00\",\"dateModified\":\"2024-11-06T10:08:38+00:00\",\"mainEntityOfPage\":{\"@id\":\"https:\\\/\\\/pcspezialist.de\\\/blog\\\/2019\\\/09\\\/05\\\/datenskandal-bei-facebook\\\/\"},\"wordCount\":791,\"commentCount\":0,\"image\":{\"@id\":\"https:\\\/\\\/pcspezialist.de\\\/blog\\\/2019\\\/09\\\/05\\\/datenskandal-bei-facebook\\\/#primaryimage\"},\"thumbnailUrl\":\"https:\\\/\\\/pcspezialist.de\\\/blog\\\/wp-content\\\/uploads\\\/2019\\\/09\\\/facebook-datenskandal.jpg\",\"keywords\":[\"Facebook\",\"Social Media\",\"Datenleck\",\"Nutzerdaten\"],\"articleSection\":[\"Cybersecurity\"],\"inLanguage\":\"de\",\"potentialAction\":[{\"@type\":\"CommentAction\",\"name\":\"Comment\",\"target\":[\"https:\\\/\\\/pcspezialist.de\\\/blog\\\/2019\\\/09\\\/05\\\/datenskandal-bei-facebook\\\/#respond\"]}]},{\"@type\":\"WebPage\",\"@id\":\"https:\\\/\\\/pcspezialist.de\\\/blog\\\/2019\\\/09\\\/05\\\/datenskandal-bei-facebook\\\/\",\"url\":\"https:\\\/\\\/pcspezialist.de\\\/blog\\\/2019\\\/09\\\/05\\\/datenskandal-bei-facebook\\\/\",\"name\":\"Neuer Datenskandal bei Facebook \u2013 Millionen Nutzerdaten im Netz\",\"isPartOf\":{\"@id\":\"https:\\\/\\\/pcspezialist.de\\\/blog\\\/#website\"},\"primaryImageOfPage\":{\"@id\":\"https:\\\/\\\/pcspezialist.de\\\/blog\\\/2019\\\/09\\\/05\\\/datenskandal-bei-facebook\\\/#primaryimage\"},\"image\":{\"@id\":\"https:\\\/\\\/pcspezialist.de\\\/blog\\\/2019\\\/09\\\/05\\\/datenskandal-bei-facebook\\\/#primaryimage\"},\"thumbnailUrl\":\"https:\\\/\\\/pcspezialist.de\\\/blog\\\/wp-content\\\/uploads\\\/2019\\\/09\\\/facebook-datenskandal.jpg\",\"datePublished\":\"2019-09-05T10:37:51+00:00\",\"dateModified\":\"2024-11-06T10:08:38+00:00\",\"author\":{\"@id\":\"https:\\\/\\\/pcspezialist.de\\\/blog\\\/#\\\/schema\\\/person\\\/080f8e206bd1ed1cdcc8eae71c081269\"},\"description\":\"Neuer Datenskandal bei Facebook: \u00dcber 420 Millionen Telefonnummern sind im Netz aufgetaucht und ein weiterer Datenmissbrauch ist nicht ausgeschlossen.\",\"breadcrumb\":{\"@id\":\"https:\\\/\\\/pcspezialist.de\\\/blog\\\/2019\\\/09\\\/05\\\/datenskandal-bei-facebook\\\/#breadcrumb\"},\"inLanguage\":\"de\",\"potentialAction\":[{\"@type\":\"ReadAction\",\"target\":[\"https:\\\/\\\/pcspezialist.de\\\/blog\\\/2019\\\/09\\\/05\\\/datenskandal-bei-facebook\\\/\"]}]},{\"@type\":\"ImageObject\",\"inLanguage\":\"de\",\"@id\":\"https:\\\/\\\/pcspezialist.de\\\/blog\\\/2019\\\/09\\\/05\\\/datenskandal-bei-facebook\\\/#primaryimage\",\"url\":\"https:\\\/\\\/pcspezialist.de\\\/blog\\\/wp-content\\\/uploads\\\/2019\\\/09\\\/facebook-datenskandal.jpg\",\"contentUrl\":\"https:\\\/\\\/pcspezialist.de\\\/blog\\\/wp-content\\\/uploads\\\/2019\\\/09\\\/facebook-datenskandal.jpg\",\"width\":1280,\"height\":768,\"caption\":\"Datenskandal bei Facebook: Erneut sind 420 Millionen Nutzerdaten ver\u00f6ffentlicht worden. Bild: Pixabay\"},{\"@type\":\"BreadcrumbList\",\"@id\":\"https:\\\/\\\/pcspezialist.de\\\/blog\\\/2019\\\/09\\\/05\\\/datenskandal-bei-facebook\\\/#breadcrumb\",\"itemListElement\":[{\"@type\":\"ListItem\",\"position\":1,\"name\":\"Startseite\",\"item\":\"https:\\\/\\\/pcspezialist.de\\\/blog\\\/\"},{\"@type\":\"ListItem\",\"position\":2,\"name\":\"Datenskandal bei Facebook ## Nutzerdaten erneut im Netz\"}]},{\"@type\":\"WebSite\",\"@id\":\"https:\\\/\\\/pcspezialist.de\\\/blog\\\/#website\",\"url\":\"https:\\\/\\\/pcspezialist.de\\\/blog\\\/\",\"name\":\"PC-SPEZIALIST Blog\",\"description\":\"IT-Service, Trends &amp; Technik\",\"potentialAction\":[{\"@type\":\"SearchAction\",\"target\":{\"@type\":\"EntryPoint\",\"urlTemplate\":\"https:\\\/\\\/pcspezialist.de\\\/blog\\\/?s={search_term_string}\"},\"query-input\":{\"@type\":\"PropertyValueSpecification\",\"valueRequired\":true,\"valueName\":\"search_term_string\"}}],\"inLanguage\":\"de\"},{\"@type\":\"Person\",\"@id\":\"https:\\\/\\\/pcspezialist.de\\\/blog\\\/#\\\/schema\\\/person\\\/080f8e206bd1ed1cdcc8eae71c081269\",\"name\":\"Susanna Hinrichsen-Deicke\",\"description\":\"Susanna Hinrichsen-Deicke arbeitet seit August 2019 als Content-Marketing-Writer f\u00fcr den PC-SPEZIALIST-Blog. Die passionierte Autorin hat ein Gef\u00fchl f\u00fcr aktuelle IT-Themen und IT-Bedrohungen und ist in der Lage, das geballte Expertenwissen von PC-SPEZIALIST leserfreundlich darzustellen.\",\"url\":\"https:\\\/\\\/pcspezialist.de\\\/blog\\\/author\\\/susanna-hinrichsen-deicke\\\/\"}]}<\/script>\n<!-- \/ Yoast SEO plugin. -->","yoast_head_json":{"title":"Neuer Datenskandal bei Facebook \u2013 Millionen Nutzerdaten im Netz","description":"Neuer Datenskandal bei Facebook: \u00dcber 420 Millionen Telefonnummern sind im Netz aufgetaucht und ein weiterer Datenmissbrauch ist nicht ausgeschlossen.","robots":{"index":"index","follow":"follow","max-snippet":"max-snippet:-1","max-image-preview":"max-image-preview:large","max-video-preview":"max-video-preview:-1"},"canonical":"https:\/\/pcspezialist.de\/blog\/2019\/09\/05\/datenskandal-bei-facebook\/","og_locale":"de_DE","og_type":"article","og_title":"Neuer Datenskandal bei Facebook \u2013 Millionen Nutzerdaten im Netz","og_description":"Neuer Datenskandal bei Facebook: \u00dcber 420 Millionen Telefonnummern sind im Netz aufgetaucht und ein weiterer Datenmissbrauch ist nicht ausgeschlossen.","og_url":"https:\/\/pcspezialist.de\/blog\/2019\/09\/05\/datenskandal-bei-facebook\/","og_site_name":"PC-SPEZIALIST Blog","article_published_time":"2019-09-05T10:37:51+00:00","article_modified_time":"2024-11-06T10:08:38+00:00","og_image":[{"width":1280,"height":768,"url":"https:\/\/pcspezialist.de\/blog\/wp-content\/uploads\/2019\/09\/facebook-datenskandal.jpg","type":"image\/jpeg"}],"author":"Susanna Hinrichsen-Deicke","twitter_card":"summary_large_image","twitter_misc":{"Verfasst von":"Susanna Hinrichsen-Deicke","Gesch\u00e4tzte Lesezeit":"4\u00a0Minuten"},"schema":{"@context":"https:\/\/schema.org","@graph":[{"@type":"Article","@id":"https:\/\/pcspezialist.de\/blog\/2019\/09\/05\/datenskandal-bei-facebook\/#article","isPartOf":{"@id":"https:\/\/pcspezialist.de\/blog\/2019\/09\/05\/datenskandal-bei-facebook\/"},"author":{"name":"Susanna Hinrichsen-Deicke","@id":"https:\/\/pcspezialist.de\/blog\/#\/schema\/person\/080f8e206bd1ed1cdcc8eae71c081269"},"headline":"Datenskandal bei Facebook ## Nutzerdaten erneut im Netz","datePublished":"2019-09-05T10:37:51+00:00","dateModified":"2024-11-06T10:08:38+00:00","mainEntityOfPage":{"@id":"https:\/\/pcspezialist.de\/blog\/2019\/09\/05\/datenskandal-bei-facebook\/"},"wordCount":791,"commentCount":0,"image":{"@id":"https:\/\/pcspezialist.de\/blog\/2019\/09\/05\/datenskandal-bei-facebook\/#primaryimage"},"thumbnailUrl":"https:\/\/pcspezialist.de\/blog\/wp-content\/uploads\/2019\/09\/facebook-datenskandal.jpg","keywords":["Facebook","Social Media","Datenleck","Nutzerdaten"],"articleSection":["Cybersecurity"],"inLanguage":"de","potentialAction":[{"@type":"CommentAction","name":"Comment","target":["https:\/\/pcspezialist.de\/blog\/2019\/09\/05\/datenskandal-bei-facebook\/#respond"]}]},{"@type":"WebPage","@id":"https:\/\/pcspezialist.de\/blog\/2019\/09\/05\/datenskandal-bei-facebook\/","url":"https:\/\/pcspezialist.de\/blog\/2019\/09\/05\/datenskandal-bei-facebook\/","name":"Neuer Datenskandal bei Facebook \u2013 Millionen Nutzerdaten im Netz","isPartOf":{"@id":"https:\/\/pcspezialist.de\/blog\/#website"},"primaryImageOfPage":{"@id":"https:\/\/pcspezialist.de\/blog\/2019\/09\/05\/datenskandal-bei-facebook\/#primaryimage"},"image":{"@id":"https:\/\/pcspezialist.de\/blog\/2019\/09\/05\/datenskandal-bei-facebook\/#primaryimage"},"thumbnailUrl":"https:\/\/pcspezialist.de\/blog\/wp-content\/uploads\/2019\/09\/facebook-datenskandal.jpg","datePublished":"2019-09-05T10:37:51+00:00","dateModified":"2024-11-06T10:08:38+00:00","author":{"@id":"https:\/\/pcspezialist.de\/blog\/#\/schema\/person\/080f8e206bd1ed1cdcc8eae71c081269"},"description":"Neuer Datenskandal bei Facebook: \u00dcber 420 Millionen Telefonnummern sind im Netz aufgetaucht und ein weiterer Datenmissbrauch ist nicht ausgeschlossen.","breadcrumb":{"@id":"https:\/\/pcspezialist.de\/blog\/2019\/09\/05\/datenskandal-bei-facebook\/#breadcrumb"},"inLanguage":"de","potentialAction":[{"@type":"ReadAction","target":["https:\/\/pcspezialist.de\/blog\/2019\/09\/05\/datenskandal-bei-facebook\/"]}]},{"@type":"ImageObject","inLanguage":"de","@id":"https:\/\/pcspezialist.de\/blog\/2019\/09\/05\/datenskandal-bei-facebook\/#primaryimage","url":"https:\/\/pcspezialist.de\/blog\/wp-content\/uploads\/2019\/09\/facebook-datenskandal.jpg","contentUrl":"https:\/\/pcspezialist.de\/blog\/wp-content\/uploads\/2019\/09\/facebook-datenskandal.jpg","width":1280,"height":768,"caption":"Datenskandal bei Facebook: Erneut sind 420 Millionen Nutzerdaten ver\u00f6ffentlicht worden. Bild: Pixabay"},{"@type":"BreadcrumbList","@id":"https:\/\/pcspezialist.de\/blog\/2019\/09\/05\/datenskandal-bei-facebook\/#breadcrumb","itemListElement":[{"@type":"ListItem","position":1,"name":"Startseite","item":"https:\/\/pcspezialist.de\/blog\/"},{"@type":"ListItem","position":2,"name":"Datenskandal bei Facebook ## Nutzerdaten erneut im Netz"}]},{"@type":"WebSite","@id":"https:\/\/pcspezialist.de\/blog\/#website","url":"https:\/\/pcspezialist.de\/blog\/","name":"PC-SPEZIALIST Blog","description":"IT-Service, Trends &amp; Technik","potentialAction":[{"@type":"SearchAction","target":{"@type":"EntryPoint","urlTemplate":"https:\/\/pcspezialist.de\/blog\/?s={search_term_string}"},"query-input":{"@type":"PropertyValueSpecification","valueRequired":true,"valueName":"search_term_string"}}],"inLanguage":"de"},{"@type":"Person","@id":"https:\/\/pcspezialist.de\/blog\/#\/schema\/person\/080f8e206bd1ed1cdcc8eae71c081269","name":"Susanna Hinrichsen-Deicke","description":"Susanna Hinrichsen-Deicke arbeitet seit August 2019 als Content-Marketing-Writer f\u00fcr den PC-SPEZIALIST-Blog. Die passionierte Autorin hat ein Gef\u00fchl f\u00fcr aktuelle IT-Themen und IT-Bedrohungen und ist in der Lage, das geballte Expertenwissen von PC-SPEZIALIST leserfreundlich darzustellen.","url":"https:\/\/pcspezialist.de\/blog\/author\/susanna-hinrichsen-deicke\/"}]}},"_links":{"self":[{"href":"https:\/\/pcspezialist.de\/blog\/wp-json\/wp\/v2\/posts\/46980","targetHints":{"allow":["GET"]}}],"collection":[{"href":"https:\/\/pcspezialist.de\/blog\/wp-json\/wp\/v2\/posts"}],"about":[{"href":"https:\/\/pcspezialist.de\/blog\/wp-json\/wp\/v2\/types\/post"}],"author":[{"embeddable":true,"href":"https:\/\/pcspezialist.de\/blog\/wp-json\/wp\/v2\/users\/115"}],"replies":[{"embeddable":true,"href":"https:\/\/pcspezialist.de\/blog\/wp-json\/wp\/v2\/comments?post=46980"}],"version-history":[{"count":15,"href":"https:\/\/pcspezialist.de\/blog\/wp-json\/wp\/v2\/posts\/46980\/revisions"}],"predecessor-version":[{"id":47005,"href":"https:\/\/pcspezialist.de\/blog\/wp-json\/wp\/v2\/posts\/46980\/revisions\/47005"}],"wp:featuredmedia":[{"embeddable":true,"href":"https:\/\/pcspezialist.de\/blog\/wp-json\/wp\/v2\/media\/46995"}],"wp:attachment":[{"href":"https:\/\/pcspezialist.de\/blog\/wp-json\/wp\/v2\/media?parent=46980"}],"wp:term":[{"taxonomy":"category","embeddable":true,"href":"https:\/\/pcspezialist.de\/blog\/wp-json\/wp\/v2\/categories?post=46980"},{"taxonomy":"post_tag","embeddable":true,"href":"https:\/\/pcspezialist.de\/blog\/wp-json\/wp\/v2\/tags?post=46980"}],"curies":[{"name":"wp","href":"https:\/\/api.w.org\/{rel}","templated":true}]}}