{"id":46746,"date":"2019-08-27T12:19:43","date_gmt":"2019-08-27T10:19:43","guid":{"rendered":"https:\/\/www.pcspezialist.de\/blog\/?p=46746"},"modified":"2024-11-06T11:09:31","modified_gmt":"2024-11-06T10:09:31","slug":"vertragslaufzeit","status":"publish","type":"post","link":"https:\/\/pcspezialist.de\/blog\/2019\/08\/27\/vertragslaufzeit\/","title":{"rendered":"Vertragslaufzeit nur noch ein Jahr ## Bundesregierung will Laufzeit f\u00fcr Handyvertr\u00e4ge verringern"},"content":{"rendered":"<p><strong>Es nervt euch, dass ihr Vertr\u00e4ge f\u00fcr Handy, Internet, Strom und Co. immer direkt f\u00fcr zwei Jahre abschlie\u00dfen m\u00fcsst? Dann freut euch vielleicht diese Nachricht: Die Bundesregierung denkt dar\u00fcber nach, die Vertragslaufzeit auf ein Jahr zu begrenzen.<\/strong><\/p>\n<p>Wie die Pl\u00e4ne aussehen und was die Herabsetzung der Laufzeit genau bedeutet, lest ihr bei uns.<\/p>\n<p><!--more--><\/p>\n<h3>Handys kommen oft mit Vertragslaufzeit<\/h3>\n<p>Mehr als 74 Prozent von euch nutzen laut Statistik einen Festvertrag f\u00fcr das Handy. Das hei\u00dft, ihr m\u00fcsst euch in Sachen Handyvertrag meistens f\u00fcr zwei Jahre festlegen, wahlweise gibt es ein neues Handy dazu. Und dann gilt es, die K\u00fcndigungsfrist zu beachten. Denn: Habt ihr den Vertrag bis drei Monate vor Vertragsende noch nicht gek\u00fcndigt, verl\u00e4ngert er sich automatisch um ein weiteres Jahr.<\/p>\n<p>An dieses System habt ihr euch vermutlich schon l\u00e4ngst gew\u00f6hnt. Vielleicht \u00e4rgert es euch trotzdem gelegentlich, dass ihr vor einem Jahr euren Vertrag mit 4-GB-Datenvolumen f\u00fcr Summe X abgeschlossen habt und ihr heute f\u00fcr denselben Preis 10-GB-Datenvolumen bekommen k\u00f6nntet.<\/p>\n<p>Wenn das der Fall ist, d\u00e4mmert m\u00f6glicherweise Licht am Horizont: Die Bundesregierung denkt offenbar dar\u00fcber nach, die Mindestvertragslaufzeit generell auf ein Jahr zu begrenzen.<\/p>\n<div id=\"attachment_46754\" style=\"width: 710px\" class=\"wp-caption alignright\"><img loading=\"lazy\" decoding=\"async\" aria-describedby=\"caption-attachment-46754\" class=\"size-medium wp-image-46754\" src=\"https:\/\/pcspezialist.de\/blog\/wp-content\/uploads\/2019\/08\/Bild-von-Andreas-Breitling-auf-Pixabay-700x467.jpg\" alt=\"Zu sehen ist ein Hand, die mit einem Kugelschreiber einen Vertrag unterschreibt. Bild: www.pixabay.com \/ Andreas Breitling\" width=\"700\" height=\"467\" srcset=\"https:\/\/pcspezialist.de\/blog\/wp-content\/uploads\/2019\/08\/Bild-von-Andreas-Breitling-auf-Pixabay-700x467.jpg 700w, https:\/\/pcspezialist.de\/blog\/wp-content\/uploads\/2019\/08\/Bild-von-Andreas-Breitling-auf-Pixabay-768x512.jpg 768w, https:\/\/pcspezialist.de\/blog\/wp-content\/uploads\/2019\/08\/Bild-von-Andreas-Breitling-auf-Pixabay-1050x700.jpg 1050w, https:\/\/pcspezialist.de\/blog\/wp-content\/uploads\/2019\/08\/Bild-von-Andreas-Breitling-auf-Pixabay.jpg 1920w\" sizes=\"auto, (max-width: 700px) 100vw, 700px\" \/><p id=\"caption-attachment-46754\" class=\"wp-caption-text\">Mit vielen Vertr\u00e4gen legt ihr euch f\u00fcr eine zweij\u00e4hrige Vertragslaufzeit fest. Bild: www.pixabay.com \/ Andreas Breitling<\/p><\/div>\n<h3>Vertragslaufzeit nicht nur bei Handyvertr\u00e4gen<\/h3>\n<p>Das Prozedere ist aber nicht nur bei Handys so \u00fcblich. Auch der Vertrag f\u00fcrs Fitnessstudio, den Stromanbieter, das Festnetz und so weiter gelten meistens zwei Jahre. Umso wichtiger ist es, genau abzuw\u00e4gen, welches Angebot f\u00fcr eure spezifischen Anforderungen am besten geeignet ist.<\/p>\n<p>Aber trotz sorgf\u00e4ltiger \u00dcberlegung entpuppen sich viele Vertragsabschl\u00fcsse schon nach kurzer Zeit doch noch als Fehlentscheidung. Strom und Internet brauchen zwar grunds\u00e4tzlich alle. Beim Fitnessstudio ist das allerdings eine ganz andere Sache. Oft ist es doch so: Ihr nehmt euch f\u00fcr das neue Jahr fest vor, mehr Sport zu treiben, schlie\u00dft einen Fitnessstudio-Vertrag ab, haltet die ersten Wochen auch tats\u00e4chlich an dem Vorhaben fest \u2013 und dann gewinnt der innere Schweinehund wieder die Oberhand.<\/p>\n<p>Das Fitnessstudio bleibt dagegen hart: Ist der Vertrag einmal abgeschlossen, kommt ihr da so schnell nicht wieder raus und m\u00fcsst bis zum Ablauf der Zwei-Jahres-Frist die monatliche Geb\u00fchr f\u00fcr nichts und wieder nichts zahlen.<\/p>\n<h3>Neues Gesetz soll Vertragslaufzeit begrenzen<\/h3>\n<p>Wie die <a href=\"https:\/\/www.tagesschau.de\/inland\/lambrecht-vertragslaufzeit-101.html\" target=\"_blank\" rel=\"noopener noreferrer\">Tagesschau berichtet<\/a>, hat das Justizministerium deshalb ein neues Gesetz im Sinn. Es tr\u00e4gt den Namen \u201eGesetz f\u00fcr faire Verbrauchervertr\u00e4ge\u201c und sieht vor, dass die Laufzeit f\u00fcr Mobilfunkvertr\u00e4ge, Fitnessstudio-Mitgliedschaften, Zeitungsabos und Co. k\u00fcnftig nur f\u00fcr ein Jahr festgelegt wird.<\/p>\n<p>Der Grund daf\u00fcr: Betr\u00fcgerische Gesch\u00e4ftsmodelle, undurchsichtige Vertragsstrukturen und kalkulierte Kostenfallen seien immer noch an der Tagesordnung. In der Tat machen es euch Zwei-Jahres-Vertr\u00e4ge schwer, zum richtigen Zeitpunkt zu einem g\u00fcnstigeren und attraktiveren Angebot zu wechseln. Dazu sagt Justizministerin Christine Lambrecht (SPD): \u201eWir werden die zul\u00e4ssigen Vertragslaufzeiten verk\u00fcrzen und st\u00e4rken so die Wahlfreiheit der Kunden.\u201c<\/p>\n<p>Parallel dazu soll auch die Vertragsverl\u00e4ngerung von zw\u00f6lf auf drei Monate reduziert werden, wenn ihr die K\u00fcndigung eures Vertrags verschwitzt haben solltet. Bislang gibt es zu alldem aber nur einen Gesetzesentwurf und es wird noch einige Zeit dauern, bis so ein Gesetz verabschiedet werden k\u00f6nnte.<\/p>\n<div id=\"attachment_46783\" style=\"width: 710px\" class=\"wp-caption alignright\"><img loading=\"lazy\" decoding=\"async\" aria-describedby=\"caption-attachment-46783\" class=\"size-medium wp-image-46783\" src=\"https:\/\/pcspezialist.de\/blog\/wp-content\/uploads\/2019\/08\/Photo-by-Oleg-Magni-on-Unsplash-700x467.jpg\" alt=\"Zu sehen ist eine Frau, die im Schneidersitz auf dem Bett sitzt und ihr Handy bedient. Ob Sie daf\u00fcr eine Vertragslaufzeit abgeschlossen hat? Photo by Oleg Magni on Unsplash\" width=\"700\" height=\"467\" srcset=\"https:\/\/pcspezialist.de\/blog\/wp-content\/uploads\/2019\/08\/Photo-by-Oleg-Magni-on-Unsplash-700x467.jpg 700w, https:\/\/pcspezialist.de\/blog\/wp-content\/uploads\/2019\/08\/Photo-by-Oleg-Magni-on-Unsplash-768x512.jpg 768w, https:\/\/pcspezialist.de\/blog\/wp-content\/uploads\/2019\/08\/Photo-by-Oleg-Magni-on-Unsplash-1050x700.jpg 1050w\" sizes=\"auto, (max-width: 700px) 100vw, 700px\" \/><p id=\"caption-attachment-46783\" class=\"wp-caption-text\">Handyvertr\u00e4ge mit neuem Handy k\u00f6nnten durch die k\u00fcrzere Vertragslaufzeit k\u00fcnftig teurer werden. Bild: www.unsplash.com \/ Bild: Oleg Magni<\/p><\/div>\n<h3>Handyanbieter sind nicht begeistert<\/h3>\n<p>Ihr k\u00f6nnt es euch denken: Telekom, Vodafone und O2 zeigen nur wenig Begeisterung f\u00fcr dieses Pl\u00e4ne. Die Telekom wiegelt laut <a href=\"https:\/\/www.teltarif.de\/vertragslaufzeit-flexibilitaet-telekom-congstar\/news\/77678.html\" target=\"_blank\" rel=\"noopener noreferrer\">teltarif<\/a> damit ab, dass sie sowieso schon Vertr\u00e4ge mit einer Laufzeit von nur 12 Monaten und weniger anbietet. Allerdings ist die Anschlussgeb\u00fchr f\u00fcr solche Tarife deutlich h\u00f6her als bei Vertr\u00e4gen mit zwei Jahren Laufzeit.<\/p>\n<p>Bei Vodafone hat <a href=\"https:\/\/www.telecom-handel.de\/consumer-communications\/mobilfunk\/gesetz-kommt-24-monatsvertraege-1746255.html?page=1_neues-gesetz-das-sagen-die-netzbetreiber\" target=\"_blank\" rel=\"noopener noreferrer\">telecom-handel<\/a> nachgefragt. Dort hei\u00dft es, Vodafone habe die Pl\u00e4ne zur Kenntnis genommen, sehe darin aber die Gefahr von h\u00f6heren Kosten f\u00fcr die Verbraucher, weil die monatlichen Abschlagszahlung f\u00fcr mitfinanzierte Handys auf 12 anstatt zuvor 24 Monate verteilt werden m\u00fcsste.<\/p>\n<p>Und auch O2 argumentiert laut<a href=\"https:\/\/www.telecom-handel.de\/consumer-communications\/mobilfunk\/gesetz-kommt-24-monatsvertraege-1746255.html?page=1_neues-gesetz-das-sagen-die-netzbetreiber\" target=\"_blank\" rel=\"noopener noreferrer\"> telecom-handel<\/a> damit, dass es f\u00fcr diejenigen unter euch, die sich nicht f\u00fcr zwei Jahre festlegen m\u00f6chten, gen\u00fcgend Alternativen wie zum Beispiel Prepaid-Optionen g\u00e4be. O2 sieht in der m\u00f6glichen rechtlichen Einschr\u00e4nkung ebenfalls Nachteile f\u00fcr die Kunden.<\/p>\n<h3>Neues Handy? PC-SPEZIALIST hilft!<\/h3>\n<p>Findet ihr die Idee f\u00fcr das neue Gesetz gut? Oder geht ihr davon aus, dass euch so eine verk\u00fcrzte Vertragslaufzeit eher Nachteile bringen wird? Lasst es uns in den Kommentaren wissen!<\/p>\n<p>Ihr habt gerade erst einen neuen Handyvertrag abgeschlossen und euch direkt ein neues Smartphone dazu ausgesucht? Dann wartet die durchaus zeitintensive Ersteinrichtung auf euch, bevor ihr das neue Smartphone uneingeschr\u00e4nkt nutzen k\u00f6nnt. Es sei denn, ihr \u00fcberlasst das Ganze einem Profi \u2013 beispielsweise einem <a href=\"https:\/\/pcspezialist.de\/it-service-anbieter-finden.html\">PC-SPEZIALIST in eurer N\u00e4he<\/a>.<\/p>\n<p>Mit den Service-Angeboten <a href=\"https:\/\/pcspezialist.de\/smartphone-komfort-einrichtung-android.html\">Smartphone-Komfort-Einrichtung<\/a> und <a href=\"https:\/\/pcspezialist.de\/smartphone-startklar-service-android.html\">Smartphone-Startklar-Service<\/a> hat unser Experte euer neues Android-Handy im Handumdrehen eingerichtet. Auf Wunsch verpasst er dem neuen Ger\u00e4t mit <a href=\"https:\/\/pcspezialist.de\/virenschutz-smartphone-android.html\">Virenschutz<\/a> und <a href=\"https:\/\/pcspezialist.de\/displayschutz-fuer-smartphone-und-tablet.html\">Displayschutz<\/a> auch direkt einen Rundum-Schutz. Informiert euch bei Fragen am besten direkt bei eurem PC-SPEZIALISTEN \u2013 telefonisch, per E-Mail oder direkt vor Ort.<\/p>\n<h3>Update vom 07.10.2019<\/h3>\n<p>O2 ist der erste Mobilfunkanbieter, der auf die Pl\u00e4ne der Bundesregierung reagiert. Mit O2 You kommt schon am 8. Oktober 2019 ein neuer<a href=\"https:\/\/hilfe.o2online.de\/neues-und-aktuelles-zu-o2-digitalem-leben-3\/o2-you-du-bestimmst-deine-vertragslaufzeit-511019\" target=\"_blank\" rel=\"noopener noreferrer\"> flexibler Tarif<\/a> auf den Markt. Mit Hilfe eines Konfigurators k\u00f6nnt ihr eine individuelle Kombination aus Mobilfunkvertrag und O2-My-Handy-Kaufvertrag erstellen.<\/p>\n<p>Dabei k\u00f6nnt ihr zwischen zwei Handy-Anzahlungsh\u00f6hen w\u00e4hlen, die Dauer der Handy-Ratenzahlung bestimmen und das Datenvolumen festlegen. Der Handytarif ist monatlich k\u00fcndbar, das Handy zahlt ihr unabh\u00e4ngig davon einfach weiter ab. Aktuell gibt es auf den schon existierenden Flex-Mobilfunktarif inklusive 10-GB-Datenvolumen einen O2-You-Rabatt.<\/p>\n<p>Was haltet ihr von diesen neuen Konditionen? K\u00f6nnt ihr euch so einen flexiblen Tarif f\u00fcr euch vorstellen? Lasst es uns in den Kommentaren wissen.<\/p>\n","protected":false},"excerpt":{"rendered":"<p>Es nervt euch, dass ihr Vertr\u00e4ge f\u00fcr Handy, Internet, Strom und Co. immer direkt f\u00fcr zwei Jahre abschlie\u00dfen m\u00fcsst? Dann freut euch vielleicht diese Nachricht: Die Bundesregierung denkt dar\u00fcber nach, die Vertragslaufzeit auf ein Jahr zu begrenzen. Wie die Pl\u00e4ne aussehen und was die Herabsetzung der Laufzeit genau bedeutet, lest ihr bei uns.<\/p>\n","protected":false},"author":113,"featured_media":46756,"comment_status":"open","ping_status":"closed","sticky":false,"template":"","format":"standard","meta":{"footnotes":""},"categories":[6913],"tags":[451,9704,10448],"class_list":["post-46746","post","type-post","status-publish","format-standard","has-post-thumbnail","hentry","category-verschiedenes","tag-smartphone","tag-internetprovider","tag-gesetz"],"yoast_head":"<!-- This site is optimized with the Yoast SEO plugin v27.5 - https:\/\/yoast.com\/product\/yoast-seo-wordpress\/ -->\n<title>Vertragslaufzeit f\u00fcr Handys und Co. k\u00fcnftig nur noch ein Jahr?<\/title>\n<meta name=\"description\" content=\"Die Bundesregierung m\u00f6chte die Laufzeit von Handyvertr\u00e4gen und Co. auf nur ein Jahr verringern. Die Telekommunikationsanbieter sind davon wenig begeistert.\" \/>\n<meta name=\"robots\" content=\"index, follow, max-snippet:-1, max-image-preview:large, max-video-preview:-1\" \/>\n<link rel=\"canonical\" href=\"https:\/\/pcspezialist.de\/blog\/2019\/08\/27\/vertragslaufzeit\/\" \/>\n<meta property=\"og:locale\" content=\"de_DE\" \/>\n<meta property=\"og:type\" content=\"article\" \/>\n<meta property=\"og:title\" content=\"Vertragslaufzeit f\u00fcr Handys und Co. k\u00fcnftig nur noch ein Jahr?\" \/>\n<meta property=\"og:description\" content=\"Die Bundesregierung m\u00f6chte die Laufzeit von Handyvertr\u00e4gen und Co. auf nur ein Jahr verringern. Die Telekommunikationsanbieter sind davon wenig begeistert.\" \/>\n<meta property=\"og:url\" content=\"https:\/\/pcspezialist.de\/blog\/2019\/08\/27\/vertragslaufzeit\/\" \/>\n<meta property=\"og:site_name\" content=\"PC-SPEZIALIST Blog\" \/>\n<meta property=\"article:published_time\" content=\"2019-08-27T10:19:43+00:00\" \/>\n<meta property=\"article:modified_time\" content=\"2024-11-06T10:09:31+00:00\" \/>\n<meta property=\"og:image\" content=\"https:\/\/pcspezialist.de\/blog\/wp-content\/uploads\/2019\/08\/Photo-by-Paul-Hanaoka-on-Unsplash_Beitrag.jpg\" \/>\n\t<meta property=\"og:image:width\" content=\"1280\" \/>\n\t<meta property=\"og:image:height\" content=\"700\" \/>\n\t<meta property=\"og:image:type\" content=\"image\/jpeg\" \/>\n<meta name=\"author\" content=\"Janina Kr\u00f6ger\" \/>\n<meta name=\"twitter:card\" content=\"summary_large_image\" \/>\n<meta name=\"twitter:label1\" content=\"Verfasst von\" \/>\n\t<meta name=\"twitter:data1\" content=\"Janina Kr\u00f6ger\" \/>\n\t<meta name=\"twitter:label2\" content=\"Gesch\u00e4tzte Lesezeit\" \/>\n\t<meta name=\"twitter:data2\" content=\"5\u00a0Minuten\" \/>\n<script type=\"application\/ld+json\" class=\"yoast-schema-graph\">{\"@context\":\"https:\\\/\\\/schema.org\",\"@graph\":[{\"@type\":\"Article\",\"@id\":\"https:\\\/\\\/pcspezialist.de\\\/blog\\\/2019\\\/08\\\/27\\\/vertragslaufzeit\\\/#article\",\"isPartOf\":{\"@id\":\"https:\\\/\\\/pcspezialist.de\\\/blog\\\/2019\\\/08\\\/27\\\/vertragslaufzeit\\\/\"},\"author\":{\"name\":\"Janina Kr\u00f6ger\",\"@id\":\"https:\\\/\\\/pcspezialist.de\\\/blog\\\/#\\\/schema\\\/person\\\/6cdcc7f81aad53aaccd2c8b8534867c3\"},\"headline\":\"Vertragslaufzeit nur noch ein Jahr ## Bundesregierung will Laufzeit f\u00fcr Handyvertr\u00e4ge verringern\",\"datePublished\":\"2019-08-27T10:19:43+00:00\",\"dateModified\":\"2024-11-06T10:09:31+00:00\",\"mainEntityOfPage\":{\"@id\":\"https:\\\/\\\/pcspezialist.de\\\/blog\\\/2019\\\/08\\\/27\\\/vertragslaufzeit\\\/\"},\"wordCount\":1018,\"commentCount\":4,\"image\":{\"@id\":\"https:\\\/\\\/pcspezialist.de\\\/blog\\\/2019\\\/08\\\/27\\\/vertragslaufzeit\\\/#primaryimage\"},\"thumbnailUrl\":\"https:\\\/\\\/pcspezialist.de\\\/blog\\\/wp-content\\\/uploads\\\/2019\\\/08\\\/Photo-by-Paul-Hanaoka-on-Unsplash_Beitrag.jpg\",\"keywords\":[\"Smartphone\",\"Internetprovider\",\"Gesetzliches\"],\"articleSection\":[\"Verschiedenes\"],\"inLanguage\":\"de\",\"potentialAction\":[{\"@type\":\"CommentAction\",\"name\":\"Comment\",\"target\":[\"https:\\\/\\\/pcspezialist.de\\\/blog\\\/2019\\\/08\\\/27\\\/vertragslaufzeit\\\/#respond\"]}]},{\"@type\":\"WebPage\",\"@id\":\"https:\\\/\\\/pcspezialist.de\\\/blog\\\/2019\\\/08\\\/27\\\/vertragslaufzeit\\\/\",\"url\":\"https:\\\/\\\/pcspezialist.de\\\/blog\\\/2019\\\/08\\\/27\\\/vertragslaufzeit\\\/\",\"name\":\"Vertragslaufzeit f\u00fcr Handys und Co. k\u00fcnftig nur noch ein Jahr?\",\"isPartOf\":{\"@id\":\"https:\\\/\\\/pcspezialist.de\\\/blog\\\/#website\"},\"primaryImageOfPage\":{\"@id\":\"https:\\\/\\\/pcspezialist.de\\\/blog\\\/2019\\\/08\\\/27\\\/vertragslaufzeit\\\/#primaryimage\"},\"image\":{\"@id\":\"https:\\\/\\\/pcspezialist.de\\\/blog\\\/2019\\\/08\\\/27\\\/vertragslaufzeit\\\/#primaryimage\"},\"thumbnailUrl\":\"https:\\\/\\\/pcspezialist.de\\\/blog\\\/wp-content\\\/uploads\\\/2019\\\/08\\\/Photo-by-Paul-Hanaoka-on-Unsplash_Beitrag.jpg\",\"datePublished\":\"2019-08-27T10:19:43+00:00\",\"dateModified\":\"2024-11-06T10:09:31+00:00\",\"author\":{\"@id\":\"https:\\\/\\\/pcspezialist.de\\\/blog\\\/#\\\/schema\\\/person\\\/6cdcc7f81aad53aaccd2c8b8534867c3\"},\"description\":\"Die Bundesregierung m\u00f6chte die Laufzeit von Handyvertr\u00e4gen und Co. auf nur ein Jahr verringern. Die Telekommunikationsanbieter sind davon wenig begeistert.\",\"breadcrumb\":{\"@id\":\"https:\\\/\\\/pcspezialist.de\\\/blog\\\/2019\\\/08\\\/27\\\/vertragslaufzeit\\\/#breadcrumb\"},\"inLanguage\":\"de\",\"potentialAction\":[{\"@type\":\"ReadAction\",\"target\":[\"https:\\\/\\\/pcspezialist.de\\\/blog\\\/2019\\\/08\\\/27\\\/vertragslaufzeit\\\/\"]}]},{\"@type\":\"ImageObject\",\"inLanguage\":\"de\",\"@id\":\"https:\\\/\\\/pcspezialist.de\\\/blog\\\/2019\\\/08\\\/27\\\/vertragslaufzeit\\\/#primaryimage\",\"url\":\"https:\\\/\\\/pcspezialist.de\\\/blog\\\/wp-content\\\/uploads\\\/2019\\\/08\\\/Photo-by-Paul-Hanaoka-on-Unsplash_Beitrag.jpg\",\"contentUrl\":\"https:\\\/\\\/pcspezialist.de\\\/blog\\\/wp-content\\\/uploads\\\/2019\\\/08\\\/Photo-by-Paul-Hanaoka-on-Unsplash_Beitrag.jpg\",\"width\":1280,\"height\":700,\"caption\":\"Handyvertr\u00e4ge k\u00fcnftig mit nur einem Jahr Laufzeit? Das plant die Bundesregierung. Bild: www.unsplash.com \\\/ Paul Hanaoka\"},{\"@type\":\"BreadcrumbList\",\"@id\":\"https:\\\/\\\/pcspezialist.de\\\/blog\\\/2019\\\/08\\\/27\\\/vertragslaufzeit\\\/#breadcrumb\",\"itemListElement\":[{\"@type\":\"ListItem\",\"position\":1,\"name\":\"Startseite\",\"item\":\"https:\\\/\\\/pcspezialist.de\\\/blog\\\/\"},{\"@type\":\"ListItem\",\"position\":2,\"name\":\"Vertragslaufzeit nur noch ein Jahr ## Bundesregierung will Laufzeit f\u00fcr Handyvertr\u00e4ge verringern\"}]},{\"@type\":\"WebSite\",\"@id\":\"https:\\\/\\\/pcspezialist.de\\\/blog\\\/#website\",\"url\":\"https:\\\/\\\/pcspezialist.de\\\/blog\\\/\",\"name\":\"PC-SPEZIALIST Blog\",\"description\":\"IT-Service, Trends &amp; Technik\",\"potentialAction\":[{\"@type\":\"SearchAction\",\"target\":{\"@type\":\"EntryPoint\",\"urlTemplate\":\"https:\\\/\\\/pcspezialist.de\\\/blog\\\/?s={search_term_string}\"},\"query-input\":{\"@type\":\"PropertyValueSpecification\",\"valueRequired\":true,\"valueName\":\"search_term_string\"}}],\"inLanguage\":\"de\"},{\"@type\":\"Person\",\"@id\":\"https:\\\/\\\/pcspezialist.de\\\/blog\\\/#\\\/schema\\\/person\\\/6cdcc7f81aad53aaccd2c8b8534867c3\",\"name\":\"Janina Kr\u00f6ger\",\"description\":\"Seit Anfang 2019 unterst\u00fctzt Janina Kr\u00f6ger den PC-SPEZIALIST-Blog \u2013 anfangs in der Position der Online-Redakteurin und inzwischen als Content Marketing Managerin. Die studierte Germanistin\\\/Anglistin und ausgebildete Redakteurin beh\u00e4lt das Geschehen auf dem IT-Markt im Blick, verfolgt gespannt neue Trends und Technologien und beobachtet aktuelle Bedrohungen im Bereich des Cybercrime. Die relevantesten Infos werden dann in interessante Blog-Beitr\u00e4ge verpackt, um vor allem Unternehmen mit n\u00fctzlichem Wissen zu versorgen, das sie gewinnbringend f\u00fcr sich nutzen k\u00f6nnen. Der schreibenden Zunft geh\u00f6rt Janina Kr\u00f6ger bereits seit 2006 an, als sie ein Praktikum beim WESTF\u00c4LISCHEN VOLKSBLATT absolvierte und der Regionalzeitung anschlie\u00dfend als Freie Mitarbeiterin erhalten blieb. Nach ihrem Studium an der Universit\u00e4t Paderborn ging es mit Hospitanz, Volontariat und Redakteurs-Posten beim WESTFALEN-BLATT vollends in den Journalismus. Mit dem Wechsel zum Publicpress Verlag lernte Janina Kr\u00f6ger als Text-Redakteurin ein f\u00fcr sie neues Themengebiet kennen: Die Produktion von Reisef\u00fchrern, Wanderf\u00fchrern und Radtourenf\u00fchrern sowie die Erstellung von Freizeitkarten und Stadtpl\u00e4nen waren die neuen Aufgaben \u2013 allerdings sollten Google Maps und Co. dem Erfolg des Verlags bald ein Ende setzen. F\u00fcr Janina Kr\u00f6ger bedeutete das: Als n\u00e4chstes muss ein Job in einem Themengebiet mit besseren Zukunftsaussichten her \u2013 die IT-Branche schien da genau richtig! Seit 2019 f\u00fchlt sich die gelernte Redakteurin nun bei der SYNAXON AG als Mutterunternehmen von PC-SPEZIALIST bestens aufgehoben und ist nach einer kurzen Elternzeit inzwischen wieder voll im Tagesgesch\u00e4ft angekommen. In ihrer Freizeit tauscht Janina Kr\u00f6ger den Laptop gern gegen ihre Back- und Kochutensilien aus. Zeit mit ihrer Familie hat h\u00f6chste Priorit\u00e4t. Andere Hobbies wie das Lesen, Hulahoop-Schwingen und Trampolin-H\u00fcpfen sind daher zuletzt etwas in den Hintergrund getreten.\",\"url\":\"https:\\\/\\\/pcspezialist.de\\\/blog\\\/author\\\/janina-kroegersynaxon-de\\\/\"}]}<\/script>\n<!-- \/ Yoast SEO plugin. -->","yoast_head_json":{"title":"Vertragslaufzeit f\u00fcr Handys und Co. k\u00fcnftig nur noch ein Jahr?","description":"Die Bundesregierung m\u00f6chte die Laufzeit von Handyvertr\u00e4gen und Co. auf nur ein Jahr verringern. Die Telekommunikationsanbieter sind davon wenig begeistert.","robots":{"index":"index","follow":"follow","max-snippet":"max-snippet:-1","max-image-preview":"max-image-preview:large","max-video-preview":"max-video-preview:-1"},"canonical":"https:\/\/pcspezialist.de\/blog\/2019\/08\/27\/vertragslaufzeit\/","og_locale":"de_DE","og_type":"article","og_title":"Vertragslaufzeit f\u00fcr Handys und Co. k\u00fcnftig nur noch ein Jahr?","og_description":"Die Bundesregierung m\u00f6chte die Laufzeit von Handyvertr\u00e4gen und Co. auf nur ein Jahr verringern. Die Telekommunikationsanbieter sind davon wenig begeistert.","og_url":"https:\/\/pcspezialist.de\/blog\/2019\/08\/27\/vertragslaufzeit\/","og_site_name":"PC-SPEZIALIST Blog","article_published_time":"2019-08-27T10:19:43+00:00","article_modified_time":"2024-11-06T10:09:31+00:00","og_image":[{"width":1280,"height":700,"url":"https:\/\/pcspezialist.de\/blog\/wp-content\/uploads\/2019\/08\/Photo-by-Paul-Hanaoka-on-Unsplash_Beitrag.jpg","type":"image\/jpeg"}],"author":"Janina Kr\u00f6ger","twitter_card":"summary_large_image","twitter_misc":{"Verfasst von":"Janina Kr\u00f6ger","Gesch\u00e4tzte Lesezeit":"5\u00a0Minuten"},"schema":{"@context":"https:\/\/schema.org","@graph":[{"@type":"Article","@id":"https:\/\/pcspezialist.de\/blog\/2019\/08\/27\/vertragslaufzeit\/#article","isPartOf":{"@id":"https:\/\/pcspezialist.de\/blog\/2019\/08\/27\/vertragslaufzeit\/"},"author":{"name":"Janina Kr\u00f6ger","@id":"https:\/\/pcspezialist.de\/blog\/#\/schema\/person\/6cdcc7f81aad53aaccd2c8b8534867c3"},"headline":"Vertragslaufzeit nur noch ein Jahr ## Bundesregierung will Laufzeit f\u00fcr Handyvertr\u00e4ge verringern","datePublished":"2019-08-27T10:19:43+00:00","dateModified":"2024-11-06T10:09:31+00:00","mainEntityOfPage":{"@id":"https:\/\/pcspezialist.de\/blog\/2019\/08\/27\/vertragslaufzeit\/"},"wordCount":1018,"commentCount":4,"image":{"@id":"https:\/\/pcspezialist.de\/blog\/2019\/08\/27\/vertragslaufzeit\/#primaryimage"},"thumbnailUrl":"https:\/\/pcspezialist.de\/blog\/wp-content\/uploads\/2019\/08\/Photo-by-Paul-Hanaoka-on-Unsplash_Beitrag.jpg","keywords":["Smartphone","Internetprovider","Gesetzliches"],"articleSection":["Verschiedenes"],"inLanguage":"de","potentialAction":[{"@type":"CommentAction","name":"Comment","target":["https:\/\/pcspezialist.de\/blog\/2019\/08\/27\/vertragslaufzeit\/#respond"]}]},{"@type":"WebPage","@id":"https:\/\/pcspezialist.de\/blog\/2019\/08\/27\/vertragslaufzeit\/","url":"https:\/\/pcspezialist.de\/blog\/2019\/08\/27\/vertragslaufzeit\/","name":"Vertragslaufzeit f\u00fcr Handys und Co. k\u00fcnftig nur noch ein Jahr?","isPartOf":{"@id":"https:\/\/pcspezialist.de\/blog\/#website"},"primaryImageOfPage":{"@id":"https:\/\/pcspezialist.de\/blog\/2019\/08\/27\/vertragslaufzeit\/#primaryimage"},"image":{"@id":"https:\/\/pcspezialist.de\/blog\/2019\/08\/27\/vertragslaufzeit\/#primaryimage"},"thumbnailUrl":"https:\/\/pcspezialist.de\/blog\/wp-content\/uploads\/2019\/08\/Photo-by-Paul-Hanaoka-on-Unsplash_Beitrag.jpg","datePublished":"2019-08-27T10:19:43+00:00","dateModified":"2024-11-06T10:09:31+00:00","author":{"@id":"https:\/\/pcspezialist.de\/blog\/#\/schema\/person\/6cdcc7f81aad53aaccd2c8b8534867c3"},"description":"Die Bundesregierung m\u00f6chte die Laufzeit von Handyvertr\u00e4gen und Co. auf nur ein Jahr verringern. Die Telekommunikationsanbieter sind davon wenig begeistert.","breadcrumb":{"@id":"https:\/\/pcspezialist.de\/blog\/2019\/08\/27\/vertragslaufzeit\/#breadcrumb"},"inLanguage":"de","potentialAction":[{"@type":"ReadAction","target":["https:\/\/pcspezialist.de\/blog\/2019\/08\/27\/vertragslaufzeit\/"]}]},{"@type":"ImageObject","inLanguage":"de","@id":"https:\/\/pcspezialist.de\/blog\/2019\/08\/27\/vertragslaufzeit\/#primaryimage","url":"https:\/\/pcspezialist.de\/blog\/wp-content\/uploads\/2019\/08\/Photo-by-Paul-Hanaoka-on-Unsplash_Beitrag.jpg","contentUrl":"https:\/\/pcspezialist.de\/blog\/wp-content\/uploads\/2019\/08\/Photo-by-Paul-Hanaoka-on-Unsplash_Beitrag.jpg","width":1280,"height":700,"caption":"Handyvertr\u00e4ge k\u00fcnftig mit nur einem Jahr Laufzeit? Das plant die Bundesregierung. Bild: www.unsplash.com \/ Paul Hanaoka"},{"@type":"BreadcrumbList","@id":"https:\/\/pcspezialist.de\/blog\/2019\/08\/27\/vertragslaufzeit\/#breadcrumb","itemListElement":[{"@type":"ListItem","position":1,"name":"Startseite","item":"https:\/\/pcspezialist.de\/blog\/"},{"@type":"ListItem","position":2,"name":"Vertragslaufzeit nur noch ein Jahr ## Bundesregierung will Laufzeit f\u00fcr Handyvertr\u00e4ge verringern"}]},{"@type":"WebSite","@id":"https:\/\/pcspezialist.de\/blog\/#website","url":"https:\/\/pcspezialist.de\/blog\/","name":"PC-SPEZIALIST Blog","description":"IT-Service, Trends &amp; Technik","potentialAction":[{"@type":"SearchAction","target":{"@type":"EntryPoint","urlTemplate":"https:\/\/pcspezialist.de\/blog\/?s={search_term_string}"},"query-input":{"@type":"PropertyValueSpecification","valueRequired":true,"valueName":"search_term_string"}}],"inLanguage":"de"},{"@type":"Person","@id":"https:\/\/pcspezialist.de\/blog\/#\/schema\/person\/6cdcc7f81aad53aaccd2c8b8534867c3","name":"Janina Kr\u00f6ger","description":"Seit Anfang 2019 unterst\u00fctzt Janina Kr\u00f6ger den PC-SPEZIALIST-Blog \u2013 anfangs in der Position der Online-Redakteurin und inzwischen als Content Marketing Managerin. Die studierte Germanistin\/Anglistin und ausgebildete Redakteurin beh\u00e4lt das Geschehen auf dem IT-Markt im Blick, verfolgt gespannt neue Trends und Technologien und beobachtet aktuelle Bedrohungen im Bereich des Cybercrime. Die relevantesten Infos werden dann in interessante Blog-Beitr\u00e4ge verpackt, um vor allem Unternehmen mit n\u00fctzlichem Wissen zu versorgen, das sie gewinnbringend f\u00fcr sich nutzen k\u00f6nnen. Der schreibenden Zunft geh\u00f6rt Janina Kr\u00f6ger bereits seit 2006 an, als sie ein Praktikum beim WESTF\u00c4LISCHEN VOLKSBLATT absolvierte und der Regionalzeitung anschlie\u00dfend als Freie Mitarbeiterin erhalten blieb. Nach ihrem Studium an der Universit\u00e4t Paderborn ging es mit Hospitanz, Volontariat und Redakteurs-Posten beim WESTFALEN-BLATT vollends in den Journalismus. Mit dem Wechsel zum Publicpress Verlag lernte Janina Kr\u00f6ger als Text-Redakteurin ein f\u00fcr sie neues Themengebiet kennen: Die Produktion von Reisef\u00fchrern, Wanderf\u00fchrern und Radtourenf\u00fchrern sowie die Erstellung von Freizeitkarten und Stadtpl\u00e4nen waren die neuen Aufgaben \u2013 allerdings sollten Google Maps und Co. dem Erfolg des Verlags bald ein Ende setzen. F\u00fcr Janina Kr\u00f6ger bedeutete das: Als n\u00e4chstes muss ein Job in einem Themengebiet mit besseren Zukunftsaussichten her \u2013 die IT-Branche schien da genau richtig! Seit 2019 f\u00fchlt sich die gelernte Redakteurin nun bei der SYNAXON AG als Mutterunternehmen von PC-SPEZIALIST bestens aufgehoben und ist nach einer kurzen Elternzeit inzwischen wieder voll im Tagesgesch\u00e4ft angekommen. In ihrer Freizeit tauscht Janina Kr\u00f6ger den Laptop gern gegen ihre Back- und Kochutensilien aus. Zeit mit ihrer Familie hat h\u00f6chste Priorit\u00e4t. Andere Hobbies wie das Lesen, Hulahoop-Schwingen und Trampolin-H\u00fcpfen sind daher zuletzt etwas in den Hintergrund getreten.","url":"https:\/\/pcspezialist.de\/blog\/author\/janina-kroegersynaxon-de\/"}]}},"_links":{"self":[{"href":"https:\/\/pcspezialist.de\/blog\/wp-json\/wp\/v2\/posts\/46746","targetHints":{"allow":["GET"]}}],"collection":[{"href":"https:\/\/pcspezialist.de\/blog\/wp-json\/wp\/v2\/posts"}],"about":[{"href":"https:\/\/pcspezialist.de\/blog\/wp-json\/wp\/v2\/types\/post"}],"author":[{"embeddable":true,"href":"https:\/\/pcspezialist.de\/blog\/wp-json\/wp\/v2\/users\/113"}],"replies":[{"embeddable":true,"href":"https:\/\/pcspezialist.de\/blog\/wp-json\/wp\/v2\/comments?post=46746"}],"version-history":[{"count":27,"href":"https:\/\/pcspezialist.de\/blog\/wp-json\/wp\/v2\/posts\/46746\/revisions"}],"predecessor-version":[{"id":47441,"href":"https:\/\/pcspezialist.de\/blog\/wp-json\/wp\/v2\/posts\/46746\/revisions\/47441"}],"wp:featuredmedia":[{"embeddable":true,"href":"https:\/\/pcspezialist.de\/blog\/wp-json\/wp\/v2\/media\/46756"}],"wp:attachment":[{"href":"https:\/\/pcspezialist.de\/blog\/wp-json\/wp\/v2\/media?parent=46746"}],"wp:term":[{"taxonomy":"category","embeddable":true,"href":"https:\/\/pcspezialist.de\/blog\/wp-json\/wp\/v2\/categories?post=46746"},{"taxonomy":"post_tag","embeddable":true,"href":"https:\/\/pcspezialist.de\/blog\/wp-json\/wp\/v2\/tags?post=46746"}],"curies":[{"name":"wp","href":"https:\/\/api.w.org\/{rel}","templated":true}]}}