{"id":45877,"date":"2019-07-23T12:20:47","date_gmt":"2019-07-23T10:20:47","guid":{"rendered":"https:\/\/www.pcspezialist.de\/blog\/?p=45877"},"modified":"2024-11-06T11:12:19","modified_gmt":"2024-11-06T10:12:19","slug":"hasskommentare-instagram","status":"publish","type":"post","link":"https:\/\/pcspezialist.de\/blog\/2019\/07\/23\/hasskommentare-instagram\/","title":{"rendered":"Hasskommentare auf Instagram ## Kampf gegen Cyber-Mobbing wird verst\u00e4rkt"},"content":{"rendered":"<p><strong>Hasskommentare \u2013 jeder kennt sie, keiner mag sie. Sie verletzen den Empf\u00e4nger und k\u00f6nnen tiefe Narben hinterlassen. Gerade Jugendliche leiden unter Hate Speech im Netz.<\/strong><\/p>\n<p>Aber auch Erwachsene sind dem immer wieder ausgesetzt. Instagram sagt dem Cyber-Mobbing jetzt den Kampf an und geht verst\u00e4rkt dagegen vor. Wir zeigen euch, welche Features das soziale Netzwerk plant.<\/p>\n<h3><!--more--><\/h3>\n<h3>Hasskommentare \u2013 worum geht es?<\/h3>\n<p>Was genau sind Hasskommentare? Der Name sagt es schon, es geht bei den sogenannten Hass-Postings um Aussagen, die andere kr\u00e4nken und verletzen. Hasskommentare sind menschenverachtend und finden sich meist in sozialen Netzwerken, in Foren oder auf anderen Webseiten mit \u00f6ffentlicher Kommentarfunktion. Die Verfasser \u00e4u\u00dfern sich abwertend, beleidigen die Adressaten oder richten ihre Aussagen gegen allgemein anerkannte gesellschaftliche Werte und diffamieren bestimmte Weltanschauungen.<\/p>\n<p>Zu Hate Speech geh\u00f6ren Aussagen wie \u201eDie sollte man alle abknallen\u201c, \u201eSchlampe\u201c, \u201eDu bist so dumm und h\u00e4sslich\u201c, \u201eVerpiss Dich, Du Looser\u201c usw. Hate Speech umfasst also Aussagen, die klar unter die G\u00fcrtellinie gehen. \u00dcber <a href=\"https:\/\/pcspezialist.de\/blog\/2019\/02\/05\/hate-speech-safer-internet-day-2019\/\">Hate Speech<\/a> haben wir bereits zum Safer Internet Day 2019 bei uns im Blog berichtet.<\/p>\n<p>Da die Anonymit\u00e4t im Netz gro\u00df ist, ist es f\u00fcr die Verfasser leicht, unerkannt zu bleiben. Dennoch sollten Verfasser solch fieser, beleidigender Kommentare bedenken, dass das Schreiben von Hate Speech ein Tatbestand des deutschen Strafrechts ist. Viele Bundesl\u00e4nder haben mittlerweile eine Onlinewache eingerichtet und Opfer k\u00f6nnen die Strafanzeige online erstatten.<\/p>\n<div id=\"attachment_45882\" style=\"width: 697px\" class=\"wp-caption alignright\"><img loading=\"lazy\" decoding=\"async\" aria-describedby=\"caption-attachment-45882\" class=\"size-medium wp-image-45882\" src=\"https:\/\/pcspezialist.de\/blog\/wp-content\/uploads\/2019\/07\/insta-687x500.jpg\" alt=\"Ein Instagram-Post von Model Stefanie Giesinger am Strand, daneben tw. heftige Hasskommentare. Foto. Screenshot\" width=\"687\" height=\"500\" srcset=\"https:\/\/pcspezialist.de\/blog\/wp-content\/uploads\/2019\/07\/insta-687x500.jpg 687w, https:\/\/pcspezialist.de\/blog\/wp-content\/uploads\/2019\/07\/insta-768x559.jpg 768w, https:\/\/pcspezialist.de\/blog\/wp-content\/uploads\/2019\/07\/insta.jpg 804w\" sizes=\"auto, (max-width: 687px) 100vw, 687px\" \/><p id=\"caption-attachment-45882\" class=\"wp-caption-text\">Eine nicht immer freundliche Diskussion \u00fcber ihre Oberweite musste Model Stefanie Giesinger bei Instagram ertragen. Foto: Screenshot<\/p><\/div>\n<h3>Hasskommentare auf Instagram<\/h3>\n<p>Klar, auch auf Instagram gibt es massenhaft Hass-Posts. Aus Sicht von <a href=\"https:\/\/www.deutschlandfunk.de\/psychologie-hinter-hasskommentaren-ignorieren-hilft-nicht.1148.de.html?dram:article_id=389897\" target=\"_blank\" rel=\"noopener noreferrer\">Psychologen<\/a> leiden die Verfasser unter Angst- und Defizitgef\u00fchlen. Doch das hilft den Opfern wenig, denn Cybermobbing f\u00fchrt h\u00e4ufig zu psychischen Belastungen. Und gerade in sozialen Netzwerken ist das Posten von fiesen Kommentaren ein Kinderspiel. H\u00e4ufig kennen die Verfasser der gemeinen Kommentare die Opfer nicht pers\u00f6nlich, dennoch meinen sie, beleidigen zu d\u00fcrfen.<\/p>\n<p>Auf Instagram soll das Verfassen von Hasskommentaren jetzt erschwert werden \u2013 mithilfe einer k\u00fcnstlichen Intelligenz, erkl\u00e4rt Instagram in <a href=\"https:\/\/instagram-press.com\/blog\/2019\/07\/08\/our-commitment-to-lead-the-fight-against-online-bullying\/\" target=\"_blank\" rel=\"noopener noreferrer\">seinem Presseblog<\/a>. Sie pr\u00fcft jedes geschriebene Wort und macht den Verfasser darauf aufmerksam, wenn sein Kommentar anst\u00f6\u00dfig ist. \u201eAre you sure you want to post this?\u201c oder zu Deutsch: \u201eBist Du sicher, dass Du diese Nachricht ver\u00f6ffentlichen m\u00f6chtest?\u201c werden potenzielle St\u00f6renfriede gefragt, ob sie ihre Worte posten m\u00f6chten.<\/p>\n<p>Doch ob das reicht, um die Hater abzuschrecken? Immerhin, ein Versuch ist es wert, sodass diese Funktion mit dem n\u00e4chsten Update der App verf\u00fcgbar sein wird.<\/p>\n<h3>Was k\u00f6nnen User jetzt schon tun?<\/h3>\n<p>Wenn ihr nicht l\u00e4nger Opfer von Hasskommentaren sein wollt, dann k\u00f6nnt ihr bereits jetzt Nachrichten oder Accounts blockieren. Allerdings scheuen sich viele vor diesem Schritt, denn die Blockierten bekommen das mit. Allerdings sollte es den Opfern egal sein, schlie\u00dflich sch\u00fctzen sie sich selbst damit, wenn sie Hatern auf ihrem Account keine Chance mehr geben.<\/p>\n<p>Damit es Nutzern leichter f\u00e4llt, Cyber-Mobber von ihrem Account zu verbannen, will Instagram ein weiteres Feature hinzuf\u00fcgen. Es nennt sich \u201eRestrict\u201c (\u201eEinschr\u00e4nken\u201c), und mit dieser Funktion k\u00f6nnt ihr St\u00f6renfriede au\u00dfer Gefecht setzen, ohne dass sie es bemerken. Der Trick: Die Hater k\u00f6nnen zwar weiterhin kommentieren, aber die Nachrichten erscheinen nicht \u00f6ffentlich auf eurem Account, sondern nur die Verfasser selbst sehen ihre Nachrichten. Dar\u00fcber hinaus sehen die \u201eeingeschr\u00e4nkten Personen\u201c nicht mehr, ob ihr aktiv seid oder Direkt-Nachrichten gelesen habt. Zurzeit befindet sich die Funktion noch in der Testphase, wann sie ausgerollt wird, steht noch nicht fest.<\/p>\n<h3>Ihr habt Probleme mit eurem Handy? PC-SPEZIALIST hilft<\/h3>\n<p>Wenn ihr ein neues Handy und Schwierigkeiten mit der Einrichtung habt, dann sucht einen <a href=\"https:\/\/pcspezialist.de\/it-service-anbieter-finden.html\">PC-SPEZIALIST in eurer N\u00e4he<\/a> auf. Wir \u00fcbernehmen die nervige <a href=\"https:\/\/pcspezialist.de\/smartphone-startklar-service-android.html\">Android-Ersteinrichtung<\/a> oder <a href=\"https:\/\/pcspezialist.de\/ipad-startklar-service.html\">iPad-Startklar-Einrichtung<\/a> f\u00fcr euch, k\u00f6nnen auf Wunsch auch die <a href=\"https:\/\/pcspezialist.de\/email-einrichten-und-kalender-synchronisieren.html\">E-Mail- und Kalender-Synchronisation<\/a> einrichten, sodass ihr jederzeit Zugriff auf eure E-Mails habt. Ebenso zeigen wir euch, wie ihr Apps downloaden k\u00f6nnt.<\/p>\n<p>Kennt ihr euch mit Instagram und Co. aus? Seid ihr schon einmal Opfer von Cyber-Mobbing geworden? Oder habt ihr euch einfach \u00fcber einen fiesen Kommentar ge\u00e4rgert? Und sind eure Kinder zu Opfern geworden? Werden sie in sozialen Netzwerken geh\u00e4nselt und gemobbt, sodass sie sie sich schon gar nicht mehr trauen, Neues zu posten? Lasst uns in unseren Kommentaren wissen, wie ihr damit umgeht.<\/p>\n","protected":false},"excerpt":{"rendered":"<p>Hasskommentare \u2013 jeder kennt sie, keiner mag sie. Sie verletzen den Empf\u00e4nger und k\u00f6nnen tiefe Narben hinterlassen. Gerade Jugendliche leiden unter Hate Speech im Netz. Aber auch Erwachsene sind dem immer wieder ausgesetzt. Instagram sagt dem Cyber-Mobbing jetzt den Kampf an und geht verst\u00e4rkt dagegen vor. Wir zeigen euch, welche Features das soziale Netzwerk plant.<\/p>\n","protected":false},"author":98,"featured_media":45884,"comment_status":"open","ping_status":"closed","sticky":false,"template":"","format":"standard","meta":{"footnotes":""},"categories":[6913],"tags":[1250,3367],"class_list":["post-45877","post","type-post","status-publish","format-standard","has-post-thumbnail","hentry","category-verschiedenes","tag-social-media","tag-instagram"],"yoast_head":"<!-- This site is optimized with the Yoast SEO plugin v27.4 - https:\/\/yoast.com\/product\/yoast-seo-wordpress\/ -->\n<title>Hasskommentare auf Instagram \u2013 Kampf gegen Cyber-Mobbing verst\u00e4rkt<\/title>\n<meta name=\"description\" content=\"Im Internet sind Hasskommentare schnell hinterlassen - anonym und ohne Folgen. Instagram geht jetzt gegen Cyber-Mobbing verst\u00e4rkt vor. Infos dazu hier.\" \/>\n<meta name=\"robots\" content=\"index, follow, max-snippet:-1, max-image-preview:large, max-video-preview:-1\" \/>\n<link rel=\"canonical\" href=\"https:\/\/pcspezialist.de\/blog\/2019\/07\/23\/hasskommentare-instagram\/\" \/>\n<meta property=\"og:locale\" content=\"de_DE\" \/>\n<meta property=\"og:type\" content=\"article\" \/>\n<meta property=\"og:title\" content=\"Hasskommentare auf Instagram \u2013 Kampf gegen Cyber-Mobbing verst\u00e4rkt\" \/>\n<meta property=\"og:description\" content=\"Im Internet sind Hasskommentare schnell hinterlassen - anonym und ohne Folgen. Instagram geht jetzt gegen Cyber-Mobbing verst\u00e4rkt vor. Infos dazu hier.\" \/>\n<meta property=\"og:url\" content=\"https:\/\/pcspezialist.de\/blog\/2019\/07\/23\/hasskommentare-instagram\/\" \/>\n<meta property=\"og:site_name\" content=\"PC-SPEZIALIST Blog\" \/>\n<meta property=\"article:published_time\" content=\"2019-07-23T10:20:47+00:00\" \/>\n<meta property=\"article:modified_time\" content=\"2024-11-06T10:12:19+00:00\" \/>\n<meta property=\"og:image\" content=\"https:\/\/pcspezialist.de\/blog\/wp-content\/uploads\/2019\/07\/instafoto.jpg\" \/>\n\t<meta property=\"og:image:width\" content=\"750\" \/>\n\t<meta property=\"og:image:height\" content=\"500\" \/>\n\t<meta property=\"og:image:type\" content=\"image\/jpeg\" \/>\n<meta name=\"author\" content=\"Maren Keller\" \/>\n<meta name=\"twitter:card\" content=\"summary_large_image\" \/>\n<meta name=\"twitter:label1\" content=\"Verfasst von\" \/>\n\t<meta name=\"twitter:data1\" content=\"Maren Keller\" \/>\n\t<meta name=\"twitter:label2\" content=\"Gesch\u00e4tzte Lesezeit\" \/>\n\t<meta name=\"twitter:data2\" content=\"4\u00a0Minuten\" \/>\n<script type=\"application\/ld+json\" class=\"yoast-schema-graph\">{\"@context\":\"https:\\\/\\\/schema.org\",\"@graph\":[{\"@type\":\"Article\",\"@id\":\"https:\\\/\\\/pcspezialist.de\\\/blog\\\/2019\\\/07\\\/23\\\/hasskommentare-instagram\\\/#article\",\"isPartOf\":{\"@id\":\"https:\\\/\\\/pcspezialist.de\\\/blog\\\/2019\\\/07\\\/23\\\/hasskommentare-instagram\\\/\"},\"author\":{\"name\":\"Maren Keller\",\"@id\":\"https:\\\/\\\/pcspezialist.de\\\/blog\\\/#\\\/schema\\\/person\\\/e9cb801a8b8ea9138af26a02b8b6d14f\"},\"headline\":\"Hasskommentare auf Instagram ## Kampf gegen Cyber-Mobbing wird verst\u00e4rkt\",\"datePublished\":\"2019-07-23T10:20:47+00:00\",\"dateModified\":\"2024-11-06T10:12:19+00:00\",\"mainEntityOfPage\":{\"@id\":\"https:\\\/\\\/pcspezialist.de\\\/blog\\\/2019\\\/07\\\/23\\\/hasskommentare-instagram\\\/\"},\"wordCount\":736,\"commentCount\":1,\"image\":{\"@id\":\"https:\\\/\\\/pcspezialist.de\\\/blog\\\/2019\\\/07\\\/23\\\/hasskommentare-instagram\\\/#primaryimage\"},\"thumbnailUrl\":\"https:\\\/\\\/pcspezialist.de\\\/blog\\\/wp-content\\\/uploads\\\/2019\\\/07\\\/instafoto.jpg\",\"keywords\":[\"Social Media\",\"Instagram\"],\"articleSection\":[\"Verschiedenes\"],\"inLanguage\":\"de\",\"potentialAction\":[{\"@type\":\"CommentAction\",\"name\":\"Comment\",\"target\":[\"https:\\\/\\\/pcspezialist.de\\\/blog\\\/2019\\\/07\\\/23\\\/hasskommentare-instagram\\\/#respond\"]}]},{\"@type\":\"WebPage\",\"@id\":\"https:\\\/\\\/pcspezialist.de\\\/blog\\\/2019\\\/07\\\/23\\\/hasskommentare-instagram\\\/\",\"url\":\"https:\\\/\\\/pcspezialist.de\\\/blog\\\/2019\\\/07\\\/23\\\/hasskommentare-instagram\\\/\",\"name\":\"Hasskommentare auf Instagram \u2013 Kampf gegen Cyber-Mobbing verst\u00e4rkt\",\"isPartOf\":{\"@id\":\"https:\\\/\\\/pcspezialist.de\\\/blog\\\/#website\"},\"primaryImageOfPage\":{\"@id\":\"https:\\\/\\\/pcspezialist.de\\\/blog\\\/2019\\\/07\\\/23\\\/hasskommentare-instagram\\\/#primaryimage\"},\"image\":{\"@id\":\"https:\\\/\\\/pcspezialist.de\\\/blog\\\/2019\\\/07\\\/23\\\/hasskommentare-instagram\\\/#primaryimage\"},\"thumbnailUrl\":\"https:\\\/\\\/pcspezialist.de\\\/blog\\\/wp-content\\\/uploads\\\/2019\\\/07\\\/instafoto.jpg\",\"datePublished\":\"2019-07-23T10:20:47+00:00\",\"dateModified\":\"2024-11-06T10:12:19+00:00\",\"author\":{\"@id\":\"https:\\\/\\\/pcspezialist.de\\\/blog\\\/#\\\/schema\\\/person\\\/e9cb801a8b8ea9138af26a02b8b6d14f\"},\"description\":\"Im Internet sind Hasskommentare schnell hinterlassen - anonym und ohne Folgen. Instagram geht jetzt gegen Cyber-Mobbing verst\u00e4rkt vor. Infos dazu hier.\",\"breadcrumb\":{\"@id\":\"https:\\\/\\\/pcspezialist.de\\\/blog\\\/2019\\\/07\\\/23\\\/hasskommentare-instagram\\\/#breadcrumb\"},\"inLanguage\":\"de\",\"potentialAction\":[{\"@type\":\"ReadAction\",\"target\":[\"https:\\\/\\\/pcspezialist.de\\\/blog\\\/2019\\\/07\\\/23\\\/hasskommentare-instagram\\\/\"]}]},{\"@type\":\"ImageObject\",\"inLanguage\":\"de\",\"@id\":\"https:\\\/\\\/pcspezialist.de\\\/blog\\\/2019\\\/07\\\/23\\\/hasskommentare-instagram\\\/#primaryimage\",\"url\":\"https:\\\/\\\/pcspezialist.de\\\/blog\\\/wp-content\\\/uploads\\\/2019\\\/07\\\/instafoto.jpg\",\"contentUrl\":\"https:\\\/\\\/pcspezialist.de\\\/blog\\\/wp-content\\\/uploads\\\/2019\\\/07\\\/instafoto.jpg\",\"width\":750,\"height\":500,\"caption\":\"Hasskommentare k\u00f6nnen zur psychischen Belastung werden. Foto: unsplash.com \\\/ ian dooley\"},{\"@type\":\"BreadcrumbList\",\"@id\":\"https:\\\/\\\/pcspezialist.de\\\/blog\\\/2019\\\/07\\\/23\\\/hasskommentare-instagram\\\/#breadcrumb\",\"itemListElement\":[{\"@type\":\"ListItem\",\"position\":1,\"name\":\"Startseite\",\"item\":\"https:\\\/\\\/pcspezialist.de\\\/blog\\\/\"},{\"@type\":\"ListItem\",\"position\":2,\"name\":\"Hasskommentare auf Instagram ## Kampf gegen Cyber-Mobbing wird verst\u00e4rkt\"}]},{\"@type\":\"WebSite\",\"@id\":\"https:\\\/\\\/pcspezialist.de\\\/blog\\\/#website\",\"url\":\"https:\\\/\\\/pcspezialist.de\\\/blog\\\/\",\"name\":\"PC-SPEZIALIST Blog\",\"description\":\"IT-Service, Trends &amp; Technik\",\"potentialAction\":[{\"@type\":\"SearchAction\",\"target\":{\"@type\":\"EntryPoint\",\"urlTemplate\":\"https:\\\/\\\/pcspezialist.de\\\/blog\\\/?s={search_term_string}\"},\"query-input\":{\"@type\":\"PropertyValueSpecification\",\"valueRequired\":true,\"valueName\":\"search_term_string\"}}],\"inLanguage\":\"de\"},{\"@type\":\"Person\",\"@id\":\"https:\\\/\\\/pcspezialist.de\\\/blog\\\/#\\\/schema\\\/person\\\/e9cb801a8b8ea9138af26a02b8b6d14f\",\"name\":\"Maren Keller\",\"description\":\"PC-SPEZIALIST ist eine Marke der in Schlo\u00df Holte ans\u00e4ssigen SYNAXON. Seit 2016 arbeitet Maren Keller f\u00fcr den PC-SPEZIALIST-Blog. Gestartet als Online-Redakteurin ist sie mittlerweile Content Marketing Managerin und tr\u00e4gt unter anderem die Verantwortung f\u00fcr die Inhalte des Blogs. In den Jahren 2017 und 2020 hat sie parallel f\u00fcr den Blog des IT-SERVICE.NETWORK geschrieben. Die studierte Germanistin und Politologin hat einen Sp\u00fcrsinn f\u00fcr aktuelle Bedrohungen im IT-Bereich entwickelt und versteht es, das Fachwissen von PC-SPEZIALIST dem Leser verst\u00e4ndlich darzubieten. Nicht zu verleugnen ist allerdings ihre Ungeduld, die sich in flinken Fingern auf der Tastatur zeigt und gleichzeitig f\u00fcr einen hohen Output sorgt. Ihre journalistische Karriere begann Maren Keller Mitte der 1990er Jahre mit dem Verfassen von Sportberichten f\u00fcr die Regionalseiten ihrer Heimatzeitung in Bremerhaven. Nach dem Studium in Hannover, das von zahlreichen Praktika bei Funk, Fernsehen und Zeitung begleitet wurde, kehrte sie f\u00fcr ein journalistisches Volontariat in ihre Heimat zur\u00fcck, um bei der NORDSEE-ZEITUNG den Beruf des Redakteurs von der Pike auf zu lernen und anschlie\u00dfend in der Sportredaktion zu arbeiten. W\u00e4hrend ihrer Elternzeiten und beruflich bedingten Umz\u00fcgen arbeitete sie als freie Journalistin f\u00fcr verschiedene Tageszeitungen und fand 2016 den Weg zur SYNAXON, wo sie heute als Content Marketing Managerin in Lohn und Brot steht. In ihrer Freizeit zeigt sie ihr Talent f\u00fcr\u2019s Schreiben nicht. Stattdessen liegen ihre Schwerpunkt dort im Bereich Haus, Familie, Garten und Hund. Au\u00dferdem ist sie musikalisch unterwegs, bl\u00e4st das Jagdhorn in einem Bl\u00e4serkorps, spielt Klavier und singt im Chor. Sie haben Fragen an Maren Keller? Sie erreichen sie per E-Mail an redaktion@pcspezialist.de\",\"url\":\"https:\\\/\\\/pcspezialist.de\\\/blog\\\/author\\\/maren\\\/\"}]}<\/script>\n<!-- \/ Yoast SEO plugin. -->","yoast_head_json":{"title":"Hasskommentare auf Instagram \u2013 Kampf gegen Cyber-Mobbing verst\u00e4rkt","description":"Im Internet sind Hasskommentare schnell hinterlassen - anonym und ohne Folgen. Instagram geht jetzt gegen Cyber-Mobbing verst\u00e4rkt vor. Infos dazu hier.","robots":{"index":"index","follow":"follow","max-snippet":"max-snippet:-1","max-image-preview":"max-image-preview:large","max-video-preview":"max-video-preview:-1"},"canonical":"https:\/\/pcspezialist.de\/blog\/2019\/07\/23\/hasskommentare-instagram\/","og_locale":"de_DE","og_type":"article","og_title":"Hasskommentare auf Instagram \u2013 Kampf gegen Cyber-Mobbing verst\u00e4rkt","og_description":"Im Internet sind Hasskommentare schnell hinterlassen - anonym und ohne Folgen. Instagram geht jetzt gegen Cyber-Mobbing verst\u00e4rkt vor. Infos dazu hier.","og_url":"https:\/\/pcspezialist.de\/blog\/2019\/07\/23\/hasskommentare-instagram\/","og_site_name":"PC-SPEZIALIST Blog","article_published_time":"2019-07-23T10:20:47+00:00","article_modified_time":"2024-11-06T10:12:19+00:00","og_image":[{"width":750,"height":500,"url":"https:\/\/pcspezialist.de\/blog\/wp-content\/uploads\/2019\/07\/instafoto.jpg","type":"image\/jpeg"}],"author":"Maren Keller","twitter_card":"summary_large_image","twitter_misc":{"Verfasst von":"Maren Keller","Gesch\u00e4tzte Lesezeit":"4\u00a0Minuten"},"schema":{"@context":"https:\/\/schema.org","@graph":[{"@type":"Article","@id":"https:\/\/pcspezialist.de\/blog\/2019\/07\/23\/hasskommentare-instagram\/#article","isPartOf":{"@id":"https:\/\/pcspezialist.de\/blog\/2019\/07\/23\/hasskommentare-instagram\/"},"author":{"name":"Maren Keller","@id":"https:\/\/pcspezialist.de\/blog\/#\/schema\/person\/e9cb801a8b8ea9138af26a02b8b6d14f"},"headline":"Hasskommentare auf Instagram ## Kampf gegen Cyber-Mobbing wird verst\u00e4rkt","datePublished":"2019-07-23T10:20:47+00:00","dateModified":"2024-11-06T10:12:19+00:00","mainEntityOfPage":{"@id":"https:\/\/pcspezialist.de\/blog\/2019\/07\/23\/hasskommentare-instagram\/"},"wordCount":736,"commentCount":1,"image":{"@id":"https:\/\/pcspezialist.de\/blog\/2019\/07\/23\/hasskommentare-instagram\/#primaryimage"},"thumbnailUrl":"https:\/\/pcspezialist.de\/blog\/wp-content\/uploads\/2019\/07\/instafoto.jpg","keywords":["Social Media","Instagram"],"articleSection":["Verschiedenes"],"inLanguage":"de","potentialAction":[{"@type":"CommentAction","name":"Comment","target":["https:\/\/pcspezialist.de\/blog\/2019\/07\/23\/hasskommentare-instagram\/#respond"]}]},{"@type":"WebPage","@id":"https:\/\/pcspezialist.de\/blog\/2019\/07\/23\/hasskommentare-instagram\/","url":"https:\/\/pcspezialist.de\/blog\/2019\/07\/23\/hasskommentare-instagram\/","name":"Hasskommentare auf Instagram \u2013 Kampf gegen Cyber-Mobbing verst\u00e4rkt","isPartOf":{"@id":"https:\/\/pcspezialist.de\/blog\/#website"},"primaryImageOfPage":{"@id":"https:\/\/pcspezialist.de\/blog\/2019\/07\/23\/hasskommentare-instagram\/#primaryimage"},"image":{"@id":"https:\/\/pcspezialist.de\/blog\/2019\/07\/23\/hasskommentare-instagram\/#primaryimage"},"thumbnailUrl":"https:\/\/pcspezialist.de\/blog\/wp-content\/uploads\/2019\/07\/instafoto.jpg","datePublished":"2019-07-23T10:20:47+00:00","dateModified":"2024-11-06T10:12:19+00:00","author":{"@id":"https:\/\/pcspezialist.de\/blog\/#\/schema\/person\/e9cb801a8b8ea9138af26a02b8b6d14f"},"description":"Im Internet sind Hasskommentare schnell hinterlassen - anonym und ohne Folgen. Instagram geht jetzt gegen Cyber-Mobbing verst\u00e4rkt vor. Infos dazu hier.","breadcrumb":{"@id":"https:\/\/pcspezialist.de\/blog\/2019\/07\/23\/hasskommentare-instagram\/#breadcrumb"},"inLanguage":"de","potentialAction":[{"@type":"ReadAction","target":["https:\/\/pcspezialist.de\/blog\/2019\/07\/23\/hasskommentare-instagram\/"]}]},{"@type":"ImageObject","inLanguage":"de","@id":"https:\/\/pcspezialist.de\/blog\/2019\/07\/23\/hasskommentare-instagram\/#primaryimage","url":"https:\/\/pcspezialist.de\/blog\/wp-content\/uploads\/2019\/07\/instafoto.jpg","contentUrl":"https:\/\/pcspezialist.de\/blog\/wp-content\/uploads\/2019\/07\/instafoto.jpg","width":750,"height":500,"caption":"Hasskommentare k\u00f6nnen zur psychischen Belastung werden. Foto: unsplash.com \/ ian dooley"},{"@type":"BreadcrumbList","@id":"https:\/\/pcspezialist.de\/blog\/2019\/07\/23\/hasskommentare-instagram\/#breadcrumb","itemListElement":[{"@type":"ListItem","position":1,"name":"Startseite","item":"https:\/\/pcspezialist.de\/blog\/"},{"@type":"ListItem","position":2,"name":"Hasskommentare auf Instagram ## Kampf gegen Cyber-Mobbing wird verst\u00e4rkt"}]},{"@type":"WebSite","@id":"https:\/\/pcspezialist.de\/blog\/#website","url":"https:\/\/pcspezialist.de\/blog\/","name":"PC-SPEZIALIST Blog","description":"IT-Service, Trends &amp; Technik","potentialAction":[{"@type":"SearchAction","target":{"@type":"EntryPoint","urlTemplate":"https:\/\/pcspezialist.de\/blog\/?s={search_term_string}"},"query-input":{"@type":"PropertyValueSpecification","valueRequired":true,"valueName":"search_term_string"}}],"inLanguage":"de"},{"@type":"Person","@id":"https:\/\/pcspezialist.de\/blog\/#\/schema\/person\/e9cb801a8b8ea9138af26a02b8b6d14f","name":"Maren Keller","description":"PC-SPEZIALIST ist eine Marke der in Schlo\u00df Holte ans\u00e4ssigen SYNAXON. Seit 2016 arbeitet Maren Keller f\u00fcr den PC-SPEZIALIST-Blog. Gestartet als Online-Redakteurin ist sie mittlerweile Content Marketing Managerin und tr\u00e4gt unter anderem die Verantwortung f\u00fcr die Inhalte des Blogs. In den Jahren 2017 und 2020 hat sie parallel f\u00fcr den Blog des IT-SERVICE.NETWORK geschrieben. Die studierte Germanistin und Politologin hat einen Sp\u00fcrsinn f\u00fcr aktuelle Bedrohungen im IT-Bereich entwickelt und versteht es, das Fachwissen von PC-SPEZIALIST dem Leser verst\u00e4ndlich darzubieten. Nicht zu verleugnen ist allerdings ihre Ungeduld, die sich in flinken Fingern auf der Tastatur zeigt und gleichzeitig f\u00fcr einen hohen Output sorgt. Ihre journalistische Karriere begann Maren Keller Mitte der 1990er Jahre mit dem Verfassen von Sportberichten f\u00fcr die Regionalseiten ihrer Heimatzeitung in Bremerhaven. Nach dem Studium in Hannover, das von zahlreichen Praktika bei Funk, Fernsehen und Zeitung begleitet wurde, kehrte sie f\u00fcr ein journalistisches Volontariat in ihre Heimat zur\u00fcck, um bei der NORDSEE-ZEITUNG den Beruf des Redakteurs von der Pike auf zu lernen und anschlie\u00dfend in der Sportredaktion zu arbeiten. W\u00e4hrend ihrer Elternzeiten und beruflich bedingten Umz\u00fcgen arbeitete sie als freie Journalistin f\u00fcr verschiedene Tageszeitungen und fand 2016 den Weg zur SYNAXON, wo sie heute als Content Marketing Managerin in Lohn und Brot steht. In ihrer Freizeit zeigt sie ihr Talent f\u00fcr\u2019s Schreiben nicht. Stattdessen liegen ihre Schwerpunkt dort im Bereich Haus, Familie, Garten und Hund. Au\u00dferdem ist sie musikalisch unterwegs, bl\u00e4st das Jagdhorn in einem Bl\u00e4serkorps, spielt Klavier und singt im Chor. Sie haben Fragen an Maren Keller? Sie erreichen sie per E-Mail an redaktion@pcspezialist.de","url":"https:\/\/pcspezialist.de\/blog\/author\/maren\/"}]}},"_links":{"self":[{"href":"https:\/\/pcspezialist.de\/blog\/wp-json\/wp\/v2\/posts\/45877","targetHints":{"allow":["GET"]}}],"collection":[{"href":"https:\/\/pcspezialist.de\/blog\/wp-json\/wp\/v2\/posts"}],"about":[{"href":"https:\/\/pcspezialist.de\/blog\/wp-json\/wp\/v2\/types\/post"}],"author":[{"embeddable":true,"href":"https:\/\/pcspezialist.de\/blog\/wp-json\/wp\/v2\/users\/98"}],"replies":[{"embeddable":true,"href":"https:\/\/pcspezialist.de\/blog\/wp-json\/wp\/v2\/comments?post=45877"}],"version-history":[{"count":18,"href":"https:\/\/pcspezialist.de\/blog\/wp-json\/wp\/v2\/posts\/45877\/revisions"}],"predecessor-version":[{"id":45904,"href":"https:\/\/pcspezialist.de\/blog\/wp-json\/wp\/v2\/posts\/45877\/revisions\/45904"}],"wp:featuredmedia":[{"embeddable":true,"href":"https:\/\/pcspezialist.de\/blog\/wp-json\/wp\/v2\/media\/45884"}],"wp:attachment":[{"href":"https:\/\/pcspezialist.de\/blog\/wp-json\/wp\/v2\/media?parent=45877"}],"wp:term":[{"taxonomy":"category","embeddable":true,"href":"https:\/\/pcspezialist.de\/blog\/wp-json\/wp\/v2\/categories?post=45877"},{"taxonomy":"post_tag","embeddable":true,"href":"https:\/\/pcspezialist.de\/blog\/wp-json\/wp\/v2\/tags?post=45877"}],"curies":[{"name":"wp","href":"https:\/\/api.w.org\/{rel}","templated":true}]}}