{"id":45262,"date":"2019-06-11T12:15:30","date_gmt":"2019-06-11T10:15:30","guid":{"rendered":"https:\/\/www.pcspezialist.de\/blog\/?p=45262"},"modified":"2024-03-22T08:23:40","modified_gmt":"2024-03-22T07:23:40","slug":"chronik-loeschen","status":"publish","type":"post","link":"https:\/\/pcspezialist.de\/blog\/2019\/06\/11\/chronik-loeschen\/","title":{"rendered":"Chronik l\u00f6schen und mehr ## Wie ihr eure Facebook-Chronik aufr\u00e4umen k\u00f6nnt"},"content":{"rendered":"<p><strong>Nutzt ihr Facebook, um Beitr\u00e4ge zu teilen oder private Infos \u00fcber euch mit euren Freunden zu teilen? Wer viel auf Facebook aktiv ist, wei\u00df, dass seine Chronik oftmals \u00fcberquillt. Da sich niemand f\u00fcr die alten Beitr\u00e4ge interessiert, k\u00f6nnt ihr eure Facebook-Chronik l\u00f6schen.\u00a0<\/strong><\/p>\n<p>Das L\u00f6schen der Daten f\u00fchrt n\u00e4mlich dazu, dass Facebook weniger Infos \u00fcber euch sammeln kann. Welche M\u00f6glichkeiten es noch gibt, Facebook aufzur\u00e4umen, erfahrt ihr bei uns.<\/p>\n<p><!--more--><\/p>\n<h3>Facebook-Chronik l\u00f6schen \u2013 warum?<\/h3>\n<p>Ihr fragt euch, warum ihr eure Facebook-Chronik l\u00f6schen sollt? Wozu den Aufwand betreiben? Nun ja, Facebook ist vor allem im vergangenen Jahr durch immer neue Datenskandale in den Medien gewesen, wie ihr bei uns in den Blogbeitr\u00e4gen <a href=\"https:\/\/pcspezialist.de\/blog\/2018\/12\/21\/datenweitergabe-facebook-partner\/\">Datenweitergabe<\/a> und <a href=\"https:\/\/pcspezialist.de\/blog\/2018\/11\/06\/persoenliche-daten-facebook\/\">Pers\u00f6nliche Daten geklaut<\/a> lesen k\u00f6nnt. Und auch in diesem Jahr stand Facebook wegen <a href=\"https:\/\/pcspezialist.de\/blog\/2019\/03\/25\/facebook-passwoerter\/\">unverschl\u00fcsselter Passw\u00f6rter<\/a> und einer <a href=\"https:\/\/pcspezialist.de\/blog\/2019\/04\/05\/facebook-datenschutz\/\">Panne im Facebook-Datenschutz<\/a> in der Kritik.<\/p>\n<p>Umso wichtiger ist es also, dass ihr eure <a href=\"https:\/\/pcspezialist.de\/blog\/2019\/02\/07\/facebook-daten\/\">Facebook-Aktivit\u00e4ten<\/a> im Blick behaltet. Dazu geh\u00f6ren auch das regelm\u00e4\u00dfige Chronik l\u00f6schen und weitere M\u00f6glichkeiten, um auf dem Facebook-Account etwas weniger seiner Privatsph\u00e4re dauerhaft preis zugeben. Oder wollt ihr f\u00fcr Facebook-Chef Zuckerberg der gl\u00e4serne Facebook-Mensch sein? Wir zeigen euch, welche f\u00fcnf Schritte ihr gehen k\u00f6nnt, um euren Account bei Facebook aufzur\u00e4umen und Daten zu l\u00f6schen, die nicht mehr von Bedeutung sind.<\/p>\n<h3>Facebook: out und ungesund?<\/h3>\n<p>Die einen lieben Facebook, andere finden die Plattform einfach unn\u00f6tig, und vor allem die junge Generation hat sich komplett anderen sozialen Medien zugewendet. Instagram und WhatsApp sind nur zwei Apps, die bei den 12- bis 19-J\u00e4hrigen weitaus beliebter als Facebook sind, wie die <a href=\"https:\/\/www.mpfs.de\/studien\/jim-studie\/2018\/\" target=\"_blank\" rel=\"noopener noreferrer\">JIM-Studie 2018<\/a> gezeigt hat. In unserem Blogbeitrag \u00fcber die <a href=\"https:\/\/pcspezialist.de\/blog\/2018\/12\/27\/mediennutzung\/\">Mediennutzung<\/a> haben wir ausf\u00fchrlich \u00fcber die Studie berichtet.<\/p>\n<p>Zudem soll Facebook auch noch ungesund sein, wie eine <a href=\"https:\/\/web.stanford.edu\/~gentzkow\/research\/facebook.pdf\" target=\"_blank\" rel=\"noopener noreferrer\">Studie der New York University<\/a> zeigt. Demnach sollen Nutzer, die eine Zeit lang auf\u00a0 Facebook verzichtet haben, ges\u00fcnder, gl\u00fccklicher und sozialer leben. Grund also, auf die Social-Media-Plattform zu verzichten? Wer das nicht m\u00f6chte, weil Facebook beispielsweise die einzige M\u00f6glichkeit ist, zu ehemaligen Schulkameraden oder weit entfernt lebenden Freunden Kontakt zu halten, der sollte seinen Account regelm\u00e4\u00dfig aufr\u00e4umen und dabei private und sensible Daten l\u00f6schen.<\/p>\n<div id=\"attachment_45269\" style=\"width: 253px\" class=\"wp-caption alignright\"><img loading=\"lazy\" decoding=\"async\" aria-describedby=\"caption-attachment-45269\" class=\"size-medium wp-image-45269\" src=\"https:\/\/pcspezialist.de\/blog\/wp-content\/uploads\/2019\/06\/Screenshot_20190605-110806_Chrome-243x500.jpg\" alt=\"Der Screenshot zeigt die Privatssph\u00e4re-Einstellungen bei Facebook, wo ihr Teile aus der Chronik l\u00f6schen k\u00f6nnt. Bild: PC-SPEZIALIST\" width=\"243\" height=\"500\" srcset=\"https:\/\/pcspezialist.de\/blog\/wp-content\/uploads\/2019\/06\/Screenshot_20190605-110806_Chrome-243x500.jpg 243w, https:\/\/pcspezialist.de\/blog\/wp-content\/uploads\/2019\/06\/Screenshot_20190605-110806_Chrome-768x1579.jpg 768w, https:\/\/pcspezialist.de\/blog\/wp-content\/uploads\/2019\/06\/Screenshot_20190605-110806_Chrome-341x700.jpg 341w, https:\/\/pcspezialist.de\/blog\/wp-content\/uploads\/2019\/06\/Screenshot_20190605-110806_Chrome.jpg 1080w\" sizes=\"auto, (max-width: 243px) 100vw, 243px\" \/><p id=\"caption-attachment-45269\" class=\"wp-caption-text\">Wenn ihr eure Chronik l\u00f6schen m\u00f6chtet, k\u00f6nnt ihr zun\u00e4chst in den Einstellungen zur Privatsph\u00e4re schauen, was Facebook \u00fcber euch wei\u00df. Foto: Screenshot PC-SPEZIALIST<\/p><\/div>\n<h3>Facebook-Chronik-l\u00f6schen \u2013 Ein-Klick-L\u00f6sung gibt es nicht<\/h3>\n<p>Leider bietet Facebook bis heute keine M\u00f6glichkeit an, die Chronik per Ein-Klick-L\u00f6sung zu l\u00f6schen. Ihr m\u00fcsst also umst\u00e4ndlich durch eure eigene Chronik scrollen und Beitrag f\u00fcr Beitrag l\u00f6schen, wenn ihr eure pers\u00f6nlichen Daten von eurem Facebook-Account l\u00f6schen m\u00f6chtet. Bevor ihr damit anfangt, k\u00f6nnt ihr euch dank <a href=\"https:\/\/pcspezialist.de\/blog\/2018\/05\/15\/eu-datenschutz-dsgvo\/\">DSGVO<\/a> dar\u00fcber informieren, welche Daten Facebook \u00fcberhaupt von euch gepeichert hat. Einen \u00dcberblick \u00fcber die gespeicherten Informationen k\u00f6nnt ihr folgenderma\u00dfen downloaden:<\/p>\n<ol>\n<li>Geht bei Facebook in die Einstellungen.<\/li>\n<li>W\u00e4hlt \u201eDeine Facebook-Informationen\u201c aus.<\/li>\n<li>Klickt auf den Unterpunkt \u201eDeine Informationen herunterladen\u201c.<\/li>\n<li>W\u00e4hlt entweder einen gew\u00fcnschten Dateibereich oder alle Dateien.<\/li>\n<li>Klickt auf \u201eDatei erstellen\u201c und folgt den Download-Anweisungen.<\/li>\n<\/ol>\n<p>Ihr bekommt die \u00dcbersicht als html-Datei und erfahrt so, welche Daten Facebook von euch gespeichert hat.<\/p>\n<h3>Facobook-Account aufr\u00e4umen \u2013 Add-ons helfen<\/h3>\n<p>Wenn ihr nun eure Chronik l\u00f6schen wollt, k\u00f6nnt ihr das entweder Post f\u00fcr Post machen oder euch dazu Add-ons herunterladen. F\u00fcr Chrome gibt es den <a href=\"https:\/\/chrome.google.com\/webstore\/detail\/social-book-post-manager\/ljfidlkcmdmmibngdfikhffffdmphjae\" target=\"_blank\" rel=\"noopener noreferrer\">Social Book Post Manager<\/a>, Firefox hat den <a href=\"https:\/\/addons.mozilla.org\/de\/firefox\/addon\/facebook-history-cleaner\/\" target=\"_blank\" rel=\"noopener noreferrer\">Facebook History Cleaner<\/a> im Programm.<\/p>\n<p>In den Einstellungen findet ihr unter \u201ePrivatssph\u00e4re\/Deine Facebook-Informationen\/Zugriff auf deine Informationen\/beliebige Kategorie\u201c eine Auflistung aller Elemente, die auf Facebook erstellt und nicht wieder gel\u00f6scht worden sind. Dabei sind Nachrichten, Likes und Kommentare, aber auch besuchte Ort und wichtige Lebensereignisse. \u00dcbrigens: Wie ihr <a href=\"https:\/\/pcspezialist.de\/ratgeber\/2017\/11\/08\/facebook-likes-verbergen.html\">Facebook-Likes verbergen<\/a> k\u00f6nnt, erfahrt ihr bei uns im Ratgeber. Alle Eintr\u00e4ge manuell zu entfernen, ist selbst bei denjenigen, die nur wenig auf Facebook posten, eine Flei\u00dfarbeit.<\/p>\n<p>Wir empfehlen daher, unbedingt die Add-ons als kleine Helferlein einzusetzen. M\u00f6glicherweise ben\u00f6tigen die Add-ons zwei Anl\u00e4ufe, um s\u00e4mtliche Informationen zu l\u00f6schen, dennoch sind sie immer noch schneller, als wenn ihr alles per Hand l\u00f6scht.<\/p>\n<h3>App-Berechtigungen kontrollieren und anpassen<\/h3>\n<p>Viele Spiele und andere Apps k\u00f6nnt ihr auch mittels Facebook-Login benutzen. \u00dcber die Zeit kann es durchaus sein, dass ihr vergesst, welche Apps Zugriff haben. Daher solltet ihr die App-Berechtigungen \u00fcberpr\u00fcfen und die Zugriffsrechte gegebenenfalls anpassen.<\/p>\n<p>In den Einstellungen \u00f6ffnet ihr den Punkt \u201eApps und Webseiten\u201c und findet hier die entsprechenden Infos dar\u00fcber, wem ihr den Zugriff erlaubt habt. Wer keine Zugriffsrechte mehr haben soll, k\u00f6nnt ihr per Klick ausw\u00e4hlen. Anschlie\u00dfend das H\u00e4kchen entfernen und die \u00c4nderungen speichern. Aber denkt daran: \u00c4ndert oder schr\u00e4nkt ihr die Zugriffsrechte ein, dann kann es sein, dass die Apps nur noch eingeschr\u00e4nkt nutzbar sind, weil sie nicht mehr auf alle Daten zugreifen k\u00f6nnen.<\/p>\n<p>Wichtig: Ihr solltet zuk\u00fcnftig darauf achten, keine ungewollten Zugriffsrechte mehr zu \u00fcbertragen. Das passiert oftmals ziemlich leichtfertig, beispielsweise durch die Schnell-Login-Funktion, die viele Seiten wie etwa <a href=\"https:\/\/pcspezialist.de\/blog\/2018\/08\/23\/spotify-werbung-ueberspringen\/\">Spotify<\/a> anbieten.<\/p>\n<div id=\"attachment_45280\" style=\"width: 710px\" class=\"wp-caption alignright\"><img loading=\"lazy\" decoding=\"async\" aria-describedby=\"caption-attachment-45280\" class=\"size-medium wp-image-45280\" src=\"https:\/\/pcspezialist.de\/blog\/wp-content\/uploads\/2019\/06\/profilfoto-700x391.png\" alt=\"Screenshot des Facebook-Accounts mit der Info, wo ihr Profilfotos l\u00f6schen k\u00f6nnt. Foto: Screenshot PC-SPEZIALIST.\" width=\"700\" height=\"391\" srcset=\"https:\/\/pcspezialist.de\/blog\/wp-content\/uploads\/2019\/06\/profilfoto-700x391.png 700w, https:\/\/pcspezialist.de\/blog\/wp-content\/uploads\/2019\/06\/profilfoto-768x429.png 768w, https:\/\/pcspezialist.de\/blog\/wp-content\/uploads\/2019\/06\/profilfoto.png 790w\" sizes=\"auto, (max-width: 700px) 100vw, 700px\" \/><p id=\"caption-attachment-45280\" class=\"wp-caption-text\">Zum Chronik l\u00f6schen geh\u00f6rt auch, dass ihr Infos wie Profilbilder l\u00f6scht. Foto: Screenshot PC-SPEZIALIST<\/p><\/div>\n<h3>Chronik l\u00f6schen und Profilfoto entfernen<\/h3>\n<p>Wenn ihr jetzt schon einen Gro\u00dfteil eurer Infos entfernt habt und auch schon flei\u00dfig beim Chronik l\u00f6schen wart, dann fehlen jetzt nur noch die pers\u00f6nlichen Angaben und die Profilfotos. Wer Facebook nicht dazu nutzt, um mit Freunden zu kommunizieren, kann sich \u00fcberlegen, ob er wirklich ein pers\u00f6nliches Foto als Profilbild ben\u00f6tigt oder ob es auch ein unpers\u00f6nliches Bild sein kann.<\/p>\n<p>Schlie\u00dflich missbrauchen Kriminelle gern \u00f6ffentliche Fotos, um Fake-Profile zu erstellen. Lest dazu auch unsere Blogbeitr\u00e4ge <a href=\"https:\/\/pcspezialist.de\/blog\/2019\/03\/06\/konzerttickets-facebook\/\">Konzerttickets \u00fcber Facebook kaufen?<\/a>, <a href=\"https:\/\/pcspezialist.de\/blog\/2018\/07\/23\/facebook-kontosperrung\/\">Facebook Kontosperrung droht<\/a> oder <a href=\"https:\/\/pcspezialist.de\/blog\/2016\/08\/24\/identitaetsdiebstahl-bei-facebook\/\">Identit\u00e4tsdiebstahl bei Facebook<\/a>, um einen \u00dcberblick zu erhalten.<\/p>\n<p>Um das Profilfoto zu \u00e4ndern, k\u00f6nnt ihr per Klick auf euer Profilfoto die Einstellungen anpassen oder ein unpers\u00f6nliches Bild hochladen. M\u00f6glich ist aber auch, dass ihr eure Profilfotos komplett l\u00f6scht. \u00d6ffnet daf\u00fcr in eurem Profil den Reiter \u201eFotos\u201c und klickt auf \u201eAlben\u201c. Im Album \u201eProfilbilder&#8220; k\u00f6nnt ihr die darin enthaltenen Bilder l\u00f6schen, wenn ihr mit dem Mauszeiger \u00fcber das Foto geht und das erscheinende Stift-Symbol anklickt. Ganz unten findet ihr dann die Auswahl \u201eDieses Foto l\u00f6schen\u201c. Sind alle Fotos gel\u00f6scht, bekommt euer Profil den grauen Standard-Avatar.<\/p>\n<h3>Pers\u00f6nliche Infos \u00e4ndern und \u00c4nderungen speichern<\/h3>\n<p>Um pers\u00f6nliche Daten zu \u00e4ndern oder zu entfernen, \u00f6ffnet ihr in eurem Profil den Reiter \u201eInfo\u201c. \u00d6ffnet die einzelnen, darin enthaltenen Reiter und bewegt die Maus \u00fcber die angezeigten Angaben. Klickt nun auf den Button \u201eOptionen\u201c und w\u00e4hlt \u201eL\u00f6schen\u201c aus, und schon wird diese Angabe anderen Nutzern nicht mehr angezeigt. Wichtig, vergesst das Speichern nicht.<\/p>\n<p>Auch euren Nutzernamen k\u00f6nnt ihr auf diesem Weg \u00e4ndern. \u00d6ffnet die Einstellungen und klickt auf \u201eAllgemein\u201c, \u201eName\u201c, \u201eBearbeiten\u201c. W\u00e4hlt euren gew\u00fcnschten Namen aus, beachtet dabei aber die <a href=\"https:\/\/de-de.facebook.com\/help\/112146705538576?helpref=faq_content\" target=\"_blank\" rel=\"noopener noreferrer\">Facebook-Richtlinien<\/a>. Ein Urteil aus 2018, wonach <a href=\"https:\/\/pcspezialist.de\/blog\/2018\/02\/14\/fake-name-facebook\/\">Fake-Namen bei Facebook<\/a> erlaubt sein m\u00fcssen, ist leider immer noch nicht rechtskr\u00e4ftig. Eines solltet ihr au\u00dferdem beachten: Gebt ihr nicht euren echten Namen an, k\u00f6nnt ihr Probleme bekommen, wenn ihr euren Account wiederherstellen m\u00fcsst, weil ihr eure Login-Daten vergessen habt.<\/p>\n<h3>Chronik l\u00f6schen \u2013 sinnvoll oder nicht?<\/h3>\n<p>Ihr seht, um ein wenig mehr Privatsph\u00e4re zu schaffen, m\u00fcsst ihr unbedingt die gesamte Chronik l\u00f6schen. Sinnvoll ist es dennoch, immer mal wieder zu kontrollieren, welche pers\u00f6nlichen Daten \u00f6ffentlich zug\u00e4nglich sind und was ihr davon l\u00f6schen oder anderweitig \u00e4ndern k\u00f6nnt. Wie haltet ihr es mit eurer Facebook-Chronik? Entfernt ihr regelm\u00e4\u00dfig alte Daten oder ist euch das v\u00f6llig egal? Lasst es uns in unseren Kommentaren wissen.<\/p>\n<p>\u00dcbrigens, falls ihr vor lauter unterschiedlicher Online-Accounts nicht mehr wisst, wohin mit all den Passw\u00f6rtern, empfehlen wir die <a href=\"https:\/\/pcspezialist.de\/installation-and-einrichtung-eines-passwortmanagers.html\">Installation eines Passwortmanagers<\/a>. Kommt daf\u00fcr unverbindlich zu eurem <a href=\"https:\/\/pcspezialist.de\/it-service-anbieter-finden.html?q=\">PC-SPEZIALIST vor Ort<\/a> und lasst euch beraten.<\/p>\n","protected":false},"excerpt":{"rendered":"<p>Nutzt ihr Facebook, um Beitr\u00e4ge zu teilen oder private Infos \u00fcber euch mit euren Freunden zu teilen? Wer viel auf Facebook aktiv ist, wei\u00df, dass seine Chronik oftmals \u00fcberquillt. Da sich niemand f\u00fcr die alten Beitr\u00e4ge interessiert, k\u00f6nnt ihr eure Facebook-Chronik l\u00f6schen.\u00a0 Das L\u00f6schen der Daten f\u00fchrt n\u00e4mlich dazu, dass Facebook weniger Infos \u00fcber euch [&hellip;]<\/p>\n","protected":false},"author":98,"featured_media":45277,"comment_status":"open","ping_status":"closed","sticky":false,"template":"","format":"standard","meta":{"footnotes":""},"categories":[6913],"tags":[1088,1250,1658],"class_list":["post-45262","post","type-post","status-publish","format-standard","has-post-thumbnail","hentry","category-verschiedenes","tag-facebook","tag-social-media","tag-datenschutz"],"yoast_head":"<!-- This site is optimized with the Yoast SEO plugin v27.5 - https:\/\/yoast.com\/product\/yoast-seo-wordpress\/ -->\n<title>Chronik l\u00f6schen und mehr \u2013 Wie ihr eure Facebook-Chronik aufr\u00e4umt<\/title>\n<meta name=\"description\" content=\"In der Facebook-Chronik sammeln sich viele Infos \u00fcber euch. Ihr solltet regelm\u00e4\u00dfig die Chronik l\u00f6schen, um private Deteails zu enfernen. Infos hier.\" \/>\n<meta name=\"robots\" content=\"index, follow, max-snippet:-1, max-image-preview:large, max-video-preview:-1\" \/>\n<link rel=\"canonical\" href=\"https:\/\/pcspezialist.de\/blog\/2019\/06\/11\/chronik-loeschen\/\" \/>\n<meta property=\"og:locale\" content=\"de_DE\" \/>\n<meta property=\"og:type\" content=\"article\" \/>\n<meta property=\"og:title\" content=\"Chronik l\u00f6schen und mehr \u2013 Wie ihr eure Facebook-Chronik aufr\u00e4umt\" \/>\n<meta property=\"og:description\" content=\"In der Facebook-Chronik sammeln sich viele Infos \u00fcber euch. Ihr solltet regelm\u00e4\u00dfig die Chronik l\u00f6schen, um private Deteails zu enfernen. Infos hier.\" \/>\n<meta property=\"og:url\" content=\"https:\/\/pcspezialist.de\/blog\/2019\/06\/11\/chronik-loeschen\/\" \/>\n<meta property=\"og:site_name\" content=\"PC-SPEZIALIST Blog\" \/>\n<meta property=\"article:published_time\" content=\"2019-06-11T10:15:30+00:00\" \/>\n<meta property=\"article:modified_time\" content=\"2024-03-22T07:23:40+00:00\" \/>\n<meta property=\"og:image\" content=\"https:\/\/pcspezialist.de\/blog\/wp-content\/uploads\/2019\/06\/facebook-6.jpg\" \/>\n\t<meta property=\"og:image:width\" content=\"1280\" \/>\n\t<meta property=\"og:image:height\" content=\"766\" \/>\n\t<meta property=\"og:image:type\" content=\"image\/jpeg\" \/>\n<meta name=\"author\" content=\"Maren Keller\" \/>\n<meta name=\"twitter:card\" content=\"summary_large_image\" \/>\n<meta name=\"twitter:label1\" content=\"Verfasst von\" \/>\n\t<meta name=\"twitter:data1\" content=\"Maren Keller\" \/>\n\t<meta name=\"twitter:label2\" content=\"Gesch\u00e4tzte Lesezeit\" \/>\n\t<meta name=\"twitter:data2\" content=\"7\u00a0Minuten\" \/>\n<script type=\"application\/ld+json\" class=\"yoast-schema-graph\">{\"@context\":\"https:\\\/\\\/schema.org\",\"@graph\":[{\"@type\":\"Article\",\"@id\":\"https:\\\/\\\/pcspezialist.de\\\/blog\\\/2019\\\/06\\\/11\\\/chronik-loeschen\\\/#article\",\"isPartOf\":{\"@id\":\"https:\\\/\\\/pcspezialist.de\\\/blog\\\/2019\\\/06\\\/11\\\/chronik-loeschen\\\/\"},\"author\":{\"name\":\"Maren Keller\",\"@id\":\"https:\\\/\\\/pcspezialist.de\\\/blog\\\/#\\\/schema\\\/person\\\/e9cb801a8b8ea9138af26a02b8b6d14f\"},\"headline\":\"Chronik l\u00f6schen und mehr ## Wie ihr eure Facebook-Chronik aufr\u00e4umen k\u00f6nnt\",\"datePublished\":\"2019-06-11T10:15:30+00:00\",\"dateModified\":\"2024-03-22T07:23:40+00:00\",\"mainEntityOfPage\":{\"@id\":\"https:\\\/\\\/pcspezialist.de\\\/blog\\\/2019\\\/06\\\/11\\\/chronik-loeschen\\\/\"},\"wordCount\":1364,\"commentCount\":7,\"image\":{\"@id\":\"https:\\\/\\\/pcspezialist.de\\\/blog\\\/2019\\\/06\\\/11\\\/chronik-loeschen\\\/#primaryimage\"},\"thumbnailUrl\":\"https:\\\/\\\/pcspezialist.de\\\/blog\\\/wp-content\\\/uploads\\\/2019\\\/06\\\/facebook-6.jpg\",\"keywords\":[\"Facebook\",\"Social Media\",\"Datenschutz\"],\"articleSection\":[\"Verschiedenes\"],\"inLanguage\":\"de\",\"potentialAction\":[{\"@type\":\"CommentAction\",\"name\":\"Comment\",\"target\":[\"https:\\\/\\\/pcspezialist.de\\\/blog\\\/2019\\\/06\\\/11\\\/chronik-loeschen\\\/#respond\"]}]},{\"@type\":\"WebPage\",\"@id\":\"https:\\\/\\\/pcspezialist.de\\\/blog\\\/2019\\\/06\\\/11\\\/chronik-loeschen\\\/\",\"url\":\"https:\\\/\\\/pcspezialist.de\\\/blog\\\/2019\\\/06\\\/11\\\/chronik-loeschen\\\/\",\"name\":\"Chronik l\u00f6schen und mehr \u2013 Wie ihr eure Facebook-Chronik aufr\u00e4umt\",\"isPartOf\":{\"@id\":\"https:\\\/\\\/pcspezialist.de\\\/blog\\\/#website\"},\"primaryImageOfPage\":{\"@id\":\"https:\\\/\\\/pcspezialist.de\\\/blog\\\/2019\\\/06\\\/11\\\/chronik-loeschen\\\/#primaryimage\"},\"image\":{\"@id\":\"https:\\\/\\\/pcspezialist.de\\\/blog\\\/2019\\\/06\\\/11\\\/chronik-loeschen\\\/#primaryimage\"},\"thumbnailUrl\":\"https:\\\/\\\/pcspezialist.de\\\/blog\\\/wp-content\\\/uploads\\\/2019\\\/06\\\/facebook-6.jpg\",\"datePublished\":\"2019-06-11T10:15:30+00:00\",\"dateModified\":\"2024-03-22T07:23:40+00:00\",\"author\":{\"@id\":\"https:\\\/\\\/pcspezialist.de\\\/blog\\\/#\\\/schema\\\/person\\\/e9cb801a8b8ea9138af26a02b8b6d14f\"},\"description\":\"In der Facebook-Chronik sammeln sich viele Infos \u00fcber euch. Ihr solltet regelm\u00e4\u00dfig die Chronik l\u00f6schen, um private Deteails zu enfernen. Infos hier.\",\"breadcrumb\":{\"@id\":\"https:\\\/\\\/pcspezialist.de\\\/blog\\\/2019\\\/06\\\/11\\\/chronik-loeschen\\\/#breadcrumb\"},\"inLanguage\":\"de\",\"potentialAction\":[{\"@type\":\"ReadAction\",\"target\":[\"https:\\\/\\\/pcspezialist.de\\\/blog\\\/2019\\\/06\\\/11\\\/chronik-loeschen\\\/\"]}]},{\"@type\":\"ImageObject\",\"inLanguage\":\"de\",\"@id\":\"https:\\\/\\\/pcspezialist.de\\\/blog\\\/2019\\\/06\\\/11\\\/chronik-loeschen\\\/#primaryimage\",\"url\":\"https:\\\/\\\/pcspezialist.de\\\/blog\\\/wp-content\\\/uploads\\\/2019\\\/06\\\/facebook-6.jpg\",\"contentUrl\":\"https:\\\/\\\/pcspezialist.de\\\/blog\\\/wp-content\\\/uploads\\\/2019\\\/06\\\/facebook-6.jpg\",\"width\":1280,\"height\":766,\"caption\":\"Chronik l\u00f6schen kann sinnvoll sein, damit Facebook nicht immer neue Infos von euch bekommt und speichert. Foto: Pixabay\"},{\"@type\":\"BreadcrumbList\",\"@id\":\"https:\\\/\\\/pcspezialist.de\\\/blog\\\/2019\\\/06\\\/11\\\/chronik-loeschen\\\/#breadcrumb\",\"itemListElement\":[{\"@type\":\"ListItem\",\"position\":1,\"name\":\"Startseite\",\"item\":\"https:\\\/\\\/pcspezialist.de\\\/blog\\\/\"},{\"@type\":\"ListItem\",\"position\":2,\"name\":\"Chronik l\u00f6schen und mehr ## Wie ihr eure Facebook-Chronik aufr\u00e4umen k\u00f6nnt\"}]},{\"@type\":\"WebSite\",\"@id\":\"https:\\\/\\\/pcspezialist.de\\\/blog\\\/#website\",\"url\":\"https:\\\/\\\/pcspezialist.de\\\/blog\\\/\",\"name\":\"PC-SPEZIALIST Blog\",\"description\":\"IT-Service, Trends &amp; Technik\",\"potentialAction\":[{\"@type\":\"SearchAction\",\"target\":{\"@type\":\"EntryPoint\",\"urlTemplate\":\"https:\\\/\\\/pcspezialist.de\\\/blog\\\/?s={search_term_string}\"},\"query-input\":{\"@type\":\"PropertyValueSpecification\",\"valueRequired\":true,\"valueName\":\"search_term_string\"}}],\"inLanguage\":\"de\"},{\"@type\":\"Person\",\"@id\":\"https:\\\/\\\/pcspezialist.de\\\/blog\\\/#\\\/schema\\\/person\\\/e9cb801a8b8ea9138af26a02b8b6d14f\",\"name\":\"Maren Keller\",\"description\":\"PC-SPEZIALIST ist eine Marke der in Schlo\u00df Holte ans\u00e4ssigen SYNAXON. Seit 2016 arbeitet Maren Keller f\u00fcr den PC-SPEZIALIST-Blog. Gestartet als Online-Redakteurin ist sie mittlerweile Content Marketing Managerin und tr\u00e4gt unter anderem die Verantwortung f\u00fcr die Inhalte des Blogs. In den Jahren 2017 und 2020 hat sie parallel f\u00fcr den Blog des IT-SERVICE.NETWORK geschrieben. Die studierte Germanistin und Politologin hat einen Sp\u00fcrsinn f\u00fcr aktuelle Bedrohungen im IT-Bereich entwickelt und versteht es, das Fachwissen von PC-SPEZIALIST dem Leser verst\u00e4ndlich darzubieten. Nicht zu verleugnen ist allerdings ihre Ungeduld, die sich in flinken Fingern auf der Tastatur zeigt und gleichzeitig f\u00fcr einen hohen Output sorgt. Ihre journalistische Karriere begann Maren Keller Mitte der 1990er Jahre mit dem Verfassen von Sportberichten f\u00fcr die Regionalseiten ihrer Heimatzeitung in Bremerhaven. Nach dem Studium in Hannover, das von zahlreichen Praktika bei Funk, Fernsehen und Zeitung begleitet wurde, kehrte sie f\u00fcr ein journalistisches Volontariat in ihre Heimat zur\u00fcck, um bei der NORDSEE-ZEITUNG den Beruf des Redakteurs von der Pike auf zu lernen und anschlie\u00dfend in der Sportredaktion zu arbeiten. W\u00e4hrend ihrer Elternzeiten und beruflich bedingten Umz\u00fcgen arbeitete sie als freie Journalistin f\u00fcr verschiedene Tageszeitungen und fand 2016 den Weg zur SYNAXON, wo sie heute als Content Marketing Managerin in Lohn und Brot steht. In ihrer Freizeit zeigt sie ihr Talent f\u00fcr\u2019s Schreiben nicht. Stattdessen liegen ihre Schwerpunkt dort im Bereich Haus, Familie, Garten und Hund. Au\u00dferdem ist sie musikalisch unterwegs, bl\u00e4st das Jagdhorn in einem Bl\u00e4serkorps, spielt Klavier und singt im Chor. Sie haben Fragen an Maren Keller? Sie erreichen sie per E-Mail an redaktion@pcspezialist.de\",\"url\":\"https:\\\/\\\/pcspezialist.de\\\/blog\\\/author\\\/maren\\\/\"}]}<\/script>\n<!-- \/ Yoast SEO plugin. -->","yoast_head_json":{"title":"Chronik l\u00f6schen und mehr \u2013 Wie ihr eure Facebook-Chronik aufr\u00e4umt","description":"In der Facebook-Chronik sammeln sich viele Infos \u00fcber euch. Ihr solltet regelm\u00e4\u00dfig die Chronik l\u00f6schen, um private Deteails zu enfernen. Infos hier.","robots":{"index":"index","follow":"follow","max-snippet":"max-snippet:-1","max-image-preview":"max-image-preview:large","max-video-preview":"max-video-preview:-1"},"canonical":"https:\/\/pcspezialist.de\/blog\/2019\/06\/11\/chronik-loeschen\/","og_locale":"de_DE","og_type":"article","og_title":"Chronik l\u00f6schen und mehr \u2013 Wie ihr eure Facebook-Chronik aufr\u00e4umt","og_description":"In der Facebook-Chronik sammeln sich viele Infos \u00fcber euch. Ihr solltet regelm\u00e4\u00dfig die Chronik l\u00f6schen, um private Deteails zu enfernen. Infos hier.","og_url":"https:\/\/pcspezialist.de\/blog\/2019\/06\/11\/chronik-loeschen\/","og_site_name":"PC-SPEZIALIST Blog","article_published_time":"2019-06-11T10:15:30+00:00","article_modified_time":"2024-03-22T07:23:40+00:00","og_image":[{"width":1280,"height":766,"url":"https:\/\/pcspezialist.de\/blog\/wp-content\/uploads\/2019\/06\/facebook-6.jpg","type":"image\/jpeg"}],"author":"Maren Keller","twitter_card":"summary_large_image","twitter_misc":{"Verfasst von":"Maren Keller","Gesch\u00e4tzte Lesezeit":"7\u00a0Minuten"},"schema":{"@context":"https:\/\/schema.org","@graph":[{"@type":"Article","@id":"https:\/\/pcspezialist.de\/blog\/2019\/06\/11\/chronik-loeschen\/#article","isPartOf":{"@id":"https:\/\/pcspezialist.de\/blog\/2019\/06\/11\/chronik-loeschen\/"},"author":{"name":"Maren Keller","@id":"https:\/\/pcspezialist.de\/blog\/#\/schema\/person\/e9cb801a8b8ea9138af26a02b8b6d14f"},"headline":"Chronik l\u00f6schen und mehr ## Wie ihr eure Facebook-Chronik aufr\u00e4umen k\u00f6nnt","datePublished":"2019-06-11T10:15:30+00:00","dateModified":"2024-03-22T07:23:40+00:00","mainEntityOfPage":{"@id":"https:\/\/pcspezialist.de\/blog\/2019\/06\/11\/chronik-loeschen\/"},"wordCount":1364,"commentCount":7,"image":{"@id":"https:\/\/pcspezialist.de\/blog\/2019\/06\/11\/chronik-loeschen\/#primaryimage"},"thumbnailUrl":"https:\/\/pcspezialist.de\/blog\/wp-content\/uploads\/2019\/06\/facebook-6.jpg","keywords":["Facebook","Social Media","Datenschutz"],"articleSection":["Verschiedenes"],"inLanguage":"de","potentialAction":[{"@type":"CommentAction","name":"Comment","target":["https:\/\/pcspezialist.de\/blog\/2019\/06\/11\/chronik-loeschen\/#respond"]}]},{"@type":"WebPage","@id":"https:\/\/pcspezialist.de\/blog\/2019\/06\/11\/chronik-loeschen\/","url":"https:\/\/pcspezialist.de\/blog\/2019\/06\/11\/chronik-loeschen\/","name":"Chronik l\u00f6schen und mehr \u2013 Wie ihr eure Facebook-Chronik aufr\u00e4umt","isPartOf":{"@id":"https:\/\/pcspezialist.de\/blog\/#website"},"primaryImageOfPage":{"@id":"https:\/\/pcspezialist.de\/blog\/2019\/06\/11\/chronik-loeschen\/#primaryimage"},"image":{"@id":"https:\/\/pcspezialist.de\/blog\/2019\/06\/11\/chronik-loeschen\/#primaryimage"},"thumbnailUrl":"https:\/\/pcspezialist.de\/blog\/wp-content\/uploads\/2019\/06\/facebook-6.jpg","datePublished":"2019-06-11T10:15:30+00:00","dateModified":"2024-03-22T07:23:40+00:00","author":{"@id":"https:\/\/pcspezialist.de\/blog\/#\/schema\/person\/e9cb801a8b8ea9138af26a02b8b6d14f"},"description":"In der Facebook-Chronik sammeln sich viele Infos \u00fcber euch. Ihr solltet regelm\u00e4\u00dfig die Chronik l\u00f6schen, um private Deteails zu enfernen. Infos hier.","breadcrumb":{"@id":"https:\/\/pcspezialist.de\/blog\/2019\/06\/11\/chronik-loeschen\/#breadcrumb"},"inLanguage":"de","potentialAction":[{"@type":"ReadAction","target":["https:\/\/pcspezialist.de\/blog\/2019\/06\/11\/chronik-loeschen\/"]}]},{"@type":"ImageObject","inLanguage":"de","@id":"https:\/\/pcspezialist.de\/blog\/2019\/06\/11\/chronik-loeschen\/#primaryimage","url":"https:\/\/pcspezialist.de\/blog\/wp-content\/uploads\/2019\/06\/facebook-6.jpg","contentUrl":"https:\/\/pcspezialist.de\/blog\/wp-content\/uploads\/2019\/06\/facebook-6.jpg","width":1280,"height":766,"caption":"Chronik l\u00f6schen kann sinnvoll sein, damit Facebook nicht immer neue Infos von euch bekommt und speichert. Foto: Pixabay"},{"@type":"BreadcrumbList","@id":"https:\/\/pcspezialist.de\/blog\/2019\/06\/11\/chronik-loeschen\/#breadcrumb","itemListElement":[{"@type":"ListItem","position":1,"name":"Startseite","item":"https:\/\/pcspezialist.de\/blog\/"},{"@type":"ListItem","position":2,"name":"Chronik l\u00f6schen und mehr ## Wie ihr eure Facebook-Chronik aufr\u00e4umen k\u00f6nnt"}]},{"@type":"WebSite","@id":"https:\/\/pcspezialist.de\/blog\/#website","url":"https:\/\/pcspezialist.de\/blog\/","name":"PC-SPEZIALIST Blog","description":"IT-Service, Trends &amp; Technik","potentialAction":[{"@type":"SearchAction","target":{"@type":"EntryPoint","urlTemplate":"https:\/\/pcspezialist.de\/blog\/?s={search_term_string}"},"query-input":{"@type":"PropertyValueSpecification","valueRequired":true,"valueName":"search_term_string"}}],"inLanguage":"de"},{"@type":"Person","@id":"https:\/\/pcspezialist.de\/blog\/#\/schema\/person\/e9cb801a8b8ea9138af26a02b8b6d14f","name":"Maren Keller","description":"PC-SPEZIALIST ist eine Marke der in Schlo\u00df Holte ans\u00e4ssigen SYNAXON. Seit 2016 arbeitet Maren Keller f\u00fcr den PC-SPEZIALIST-Blog. Gestartet als Online-Redakteurin ist sie mittlerweile Content Marketing Managerin und tr\u00e4gt unter anderem die Verantwortung f\u00fcr die Inhalte des Blogs. In den Jahren 2017 und 2020 hat sie parallel f\u00fcr den Blog des IT-SERVICE.NETWORK geschrieben. Die studierte Germanistin und Politologin hat einen Sp\u00fcrsinn f\u00fcr aktuelle Bedrohungen im IT-Bereich entwickelt und versteht es, das Fachwissen von PC-SPEZIALIST dem Leser verst\u00e4ndlich darzubieten. Nicht zu verleugnen ist allerdings ihre Ungeduld, die sich in flinken Fingern auf der Tastatur zeigt und gleichzeitig f\u00fcr einen hohen Output sorgt. Ihre journalistische Karriere begann Maren Keller Mitte der 1990er Jahre mit dem Verfassen von Sportberichten f\u00fcr die Regionalseiten ihrer Heimatzeitung in Bremerhaven. Nach dem Studium in Hannover, das von zahlreichen Praktika bei Funk, Fernsehen und Zeitung begleitet wurde, kehrte sie f\u00fcr ein journalistisches Volontariat in ihre Heimat zur\u00fcck, um bei der NORDSEE-ZEITUNG den Beruf des Redakteurs von der Pike auf zu lernen und anschlie\u00dfend in der Sportredaktion zu arbeiten. W\u00e4hrend ihrer Elternzeiten und beruflich bedingten Umz\u00fcgen arbeitete sie als freie Journalistin f\u00fcr verschiedene Tageszeitungen und fand 2016 den Weg zur SYNAXON, wo sie heute als Content Marketing Managerin in Lohn und Brot steht. In ihrer Freizeit zeigt sie ihr Talent f\u00fcr\u2019s Schreiben nicht. Stattdessen liegen ihre Schwerpunkt dort im Bereich Haus, Familie, Garten und Hund. Au\u00dferdem ist sie musikalisch unterwegs, bl\u00e4st das Jagdhorn in einem Bl\u00e4serkorps, spielt Klavier und singt im Chor. Sie haben Fragen an Maren Keller? Sie erreichen sie per E-Mail an redaktion@pcspezialist.de","url":"https:\/\/pcspezialist.de\/blog\/author\/maren\/"}]}},"_links":{"self":[{"href":"https:\/\/pcspezialist.de\/blog\/wp-json\/wp\/v2\/posts\/45262","targetHints":{"allow":["GET"]}}],"collection":[{"href":"https:\/\/pcspezialist.de\/blog\/wp-json\/wp\/v2\/posts"}],"about":[{"href":"https:\/\/pcspezialist.de\/blog\/wp-json\/wp\/v2\/types\/post"}],"author":[{"embeddable":true,"href":"https:\/\/pcspezialist.de\/blog\/wp-json\/wp\/v2\/users\/98"}],"replies":[{"embeddable":true,"href":"https:\/\/pcspezialist.de\/blog\/wp-json\/wp\/v2\/comments?post=45262"}],"version-history":[{"count":14,"href":"https:\/\/pcspezialist.de\/blog\/wp-json\/wp\/v2\/posts\/45262\/revisions"}],"predecessor-version":[{"id":45301,"href":"https:\/\/pcspezialist.de\/blog\/wp-json\/wp\/v2\/posts\/45262\/revisions\/45301"}],"wp:featuredmedia":[{"embeddable":true,"href":"https:\/\/pcspezialist.de\/blog\/wp-json\/wp\/v2\/media\/45277"}],"wp:attachment":[{"href":"https:\/\/pcspezialist.de\/blog\/wp-json\/wp\/v2\/media?parent=45262"}],"wp:term":[{"taxonomy":"category","embeddable":true,"href":"https:\/\/pcspezialist.de\/blog\/wp-json\/wp\/v2\/categories?post=45262"},{"taxonomy":"post_tag","embeddable":true,"href":"https:\/\/pcspezialist.de\/blog\/wp-json\/wp\/v2\/tags?post=45262"}],"curies":[{"name":"wp","href":"https:\/\/api.w.org\/{rel}","templated":true}]}}