{"id":45162,"date":"2019-06-05T12:15:00","date_gmt":"2019-06-05T10:15:00","guid":{"rendered":"https:\/\/www.pcspezialist.de\/blog\/?p=45162"},"modified":"2024-11-06T11:15:14","modified_gmt":"2024-11-06T10:15:14","slug":"modern-workplace-microsoft","status":"publish","type":"post","link":"https:\/\/pcspezialist.de\/blog\/2019\/06\/05\/modern-workplace-microsoft\/","title":{"rendered":"Modern Workplace ## Microsoft bietet Arbeitsplatz zur Miete"},"content":{"rendered":"<p><strong>Habt ihr schon von Miet-Mich-Produkten geh\u00f6rt? Der Modern Workplace von Microsoft geh\u00f6rt dazu. Dabei handelt es sich um einen modernen Arbeitsplatz \u2013 aber eben zur Miete.<\/strong><\/p>\n<p>Wie ein Miet-Mich-Arbeitsplatz aussieht und welche Vorteile er hat, erfahrt ihr bei uns.<\/p>\n<p><!--more--><\/p>\n<h3>Modern Workplace \u2013 einfach wie nie<\/h3>\n<p>Ein Miet-Mich-Arbeitsplatz ist nicht nur hochmodern, sondern auch digital. Das bedeutet, dass zeitgem\u00e4\u00dfe, moderne Arbeitsweisen und Technologien zusammengebracht werden. Und zwar angepasst an die Bed\u00fcrfnisse der Nutzer dieser Rechner.<\/p>\n<p>Ziel ist es, die eigene Produktivit\u00e4t zu steigern. Und das geht am besten, wenn ihr moderne Computer mit moderner Software benutzt. Der Microsoft Modern Workplace bietet genau das: Hard- und Software zum Mieten. Denn wer m\u00f6chte sich schon alle 12 oder 24 Monate einen neuen Rechner kaufen m\u00fcssen, weil die Hardware bereits veraltet ist?<\/p>\n<p>Wie ein moderner Arbeitsplatz aussehen soll und welche Anforderungen es gibt, dazu hat Microsoft Nutzer befragt. Die Antworten bekommt ihr in diesem YouTube-Video:<\/p>\n<p><iframe loading=\"lazy\" title=\"Arbeitsplatz der Zukunft | Microsoft\" width=\"500\" height=\"281\" src=\"https:\/\/www.youtube.com\/embed\/Y6pGXWypEuM?feature=oembed\" frameborder=\"0\" allow=\"accelerometer; autoplay; clipboard-write; encrypted-media; gyroscope; picture-in-picture; web-share\" referrerpolicy=\"strict-origin-when-cross-origin\" allowfullscreen><\/iframe><\/p>\n<h3>Vorteil der Miet-Mich-Rechner<\/h3>\n<p>Ein Modern Workplace von Microsoft hat viele Vorteile. \u00c4hnlich wie beim Leasen eines Autos profitiert ihr davon, dass ihr euren Miet-Mich-Rechner nach Ende der Mietdauer einfach zur\u00fcckgeben k\u00f6nnt und ein neues Ger\u00e4t mit modernster Hard- und Software bekommt.<\/p>\n<p>Aber so ein Miet-Mich-Rechner hat nat\u00fcrlich noch mehr Vorteile:<\/p>\n<ul>\n<li>Ihr erspart euch gro\u00dfe Investitionen, denn ihr m\u00fcsst euren Arbeitsplatz nicht mehr kaufen, sondern k\u00f6nnt ihn stattdessen bequem und flexibel mieten. Neben einem modernen und leistungsf\u00e4higen Notebook geh\u00f6rt au\u00dferdem eine Microsoft-365-Lizenz sowie das <a href=\"https:\/\/pcspezialist.de\/privat\/servicepakete\/eins-fuer-alles-paket\/\">Eins-f\u00fcr-Alles-Paket von PC-SPEZIALIST<\/a> zur Ausstattung. Damit wird die reibungslose Funktionsf\u00e4higkeit \u00fcberwacht und beispielsweise wichtige Updates werden automatisch einspielt.<\/li>\n<li>Mit dem <a href=\"https:\/\/pcspezialist.de\/firmen\/it-ausstattung\/pc-und-laptop-mieten\/\">Miet-Angebot von PC-SPEZIALIST<\/a> ist die Hardware eurer Rechner immer auf dem neuesten Stand. Je nach Laufzeit benutzt ihr das Ger\u00e4t sechs Monate, ein, zwei oder drei Jahre. Danach tauscht ihr es gegen ein Neues um.<\/li>\n<li>Das Modern-Workplace-Bundle sorgt au\u00dferdem daf\u00fcr, dass ihr Zeit spart und euer Rechner sicher bleibt. Das integrierte Servicepaket \u00fcberwacht und sch\u00fctzt den Rechner, spielt Updates ein und warnt vor Bedrohungen. Und sollte mal etwas an dem Notebook kaputt sein, erhaltet ihr schnellstm\u00f6glich Ersatz.<\/li>\n<\/ul>\n<h3>Mobiles Arbeiten dank Modern Workplace<\/h3>\n<div class=\"py-1 bd-bottom bd-grey bd-bottom-1\">\n<p>Die Zeiten, in denen Notebook-Akkus nach recht kurzer Zeit den Geist aufgaben und dann doch wieder an den Strom mussten, sind l\u00e4ngst vorbei. Mit den neuen, leistungsf\u00e4higen Windows-Notebooks macht mobiles Arbeiten einfach Spa\u00df. Und dank Microsoft 365 k\u00f6nnt ihr von \u00fcberall aus arbeiten, Daten aus der Cloud abrufen oder dort ablegen.<\/p>\n<p>Neue Microsoft-Tools machen die Arbeit noch mehr zum Vergn\u00fcgen: Dank Microsoft Teams k\u00f6nnt ihr beispielsweise problemlos mit Teamkollegen zusammenarbeiten, Pr\u00e4sentationen gemeinsam vorbereiten oder auf Dokumente zugreifen. Ihr bleibt dabei immer absolut flexibel. Weitere Informationen gibt es\u00a0bei <a href=\"https:\/\/news.microsoft.com\/de-de\/features\/modern-workplace\/\" target=\"_blank\" rel=\"noopener noreferrer\">Microsoft<\/a>.<\/p>\n<\/div>\n","protected":false},"excerpt":{"rendered":"<p>Habt ihr schon von Miet-Mich-Produkten geh\u00f6rt? Der Modern Workplace von Microsoft geh\u00f6rt dazu. Dabei handelt es sich um einen modernen Arbeitsplatz \u2013 aber eben zur Miete. Wie ein Miet-Mich-Arbeitsplatz aussieht und welche Vorteile er hat, erfahrt ihr bei uns.<\/p>\n","protected":false},"author":98,"featured_media":45166,"comment_status":"open","ping_status":"closed","sticky":false,"template":"","format":"standard","meta":{"footnotes":""},"categories":[10501],"tags":[62,66,600,7858,2058],"class_list":["post-45162","post","type-post","status-publish","format-standard","has-post-thumbnail","hentry","category-netzwerk-arbeitsplatz","tag-microsoft","tag-software-produkte","tag-arbeitswelt","tag-hardware-produkte","tag-arbeitsplatz"],"yoast_head":"<!-- This site is optimized with the Yoast SEO plugin v27.5 - https:\/\/yoast.com\/product\/yoast-seo-wordpress\/ -->\n<title>Modern Workplace \u2013 Microsoft bietet Arbeitsplatz zur Miete<\/title>\n<meta name=\"description\" content=\"Ein neuer Trend geht um: Comuter als Miet-Mich-Produkte. Moderne Hardware gepaart mit stets aktueller Software. Alle Infos zum Modern Workplace bei uns.\" \/>\n<meta name=\"robots\" content=\"index, follow, max-snippet:-1, max-image-preview:large, max-video-preview:-1\" \/>\n<link rel=\"canonical\" href=\"https:\/\/pcspezialist.de\/blog\/2019\/06\/05\/modern-workplace-microsoft\/\" \/>\n<meta property=\"og:locale\" content=\"de_DE\" \/>\n<meta property=\"og:type\" content=\"article\" \/>\n<meta property=\"og:title\" content=\"Modern Workplace \u2013 Microsoft bietet Arbeitsplatz zur Miete\" \/>\n<meta property=\"og:description\" content=\"Ein neuer Trend geht um: Comuter als Miet-Mich-Produkte. Moderne Hardware gepaart mit stets aktueller Software. Alle Infos zum Modern Workplace bei uns.\" \/>\n<meta property=\"og:url\" content=\"https:\/\/pcspezialist.de\/blog\/2019\/06\/05\/modern-workplace-microsoft\/\" \/>\n<meta property=\"og:site_name\" content=\"PC-SPEZIALIST Blog\" \/>\n<meta property=\"article:published_time\" content=\"2019-06-05T10:15:00+00:00\" \/>\n<meta property=\"article:modified_time\" content=\"2024-11-06T10:15:14+00:00\" \/>\n<meta property=\"og:image\" content=\"https:\/\/pcspezialist.de\/blog\/wp-content\/uploads\/2019\/05\/Mod-2a.jpg\" \/>\n\t<meta property=\"og:image:width\" content=\"1464\" \/>\n\t<meta property=\"og:image:height\" content=\"600\" \/>\n\t<meta property=\"og:image:type\" content=\"image\/jpeg\" \/>\n<meta name=\"author\" content=\"Maren Keller\" \/>\n<meta name=\"twitter:card\" content=\"summary_large_image\" \/>\n<meta name=\"twitter:label1\" content=\"Verfasst von\" \/>\n\t<meta name=\"twitter:data1\" content=\"Maren Keller\" \/>\n\t<meta name=\"twitter:label2\" content=\"Gesch\u00e4tzte Lesezeit\" \/>\n\t<meta name=\"twitter:data2\" content=\"3\u00a0Minuten\" \/>\n<script type=\"application\/ld+json\" class=\"yoast-schema-graph\">{\"@context\":\"https:\\\/\\\/schema.org\",\"@graph\":[{\"@type\":\"Article\",\"@id\":\"https:\\\/\\\/pcspezialist.de\\\/blog\\\/2019\\\/06\\\/05\\\/modern-workplace-microsoft\\\/#article\",\"isPartOf\":{\"@id\":\"https:\\\/\\\/pcspezialist.de\\\/blog\\\/2019\\\/06\\\/05\\\/modern-workplace-microsoft\\\/\"},\"author\":{\"name\":\"Maren Keller\",\"@id\":\"https:\\\/\\\/pcspezialist.de\\\/blog\\\/#\\\/schema\\\/person\\\/e9cb801a8b8ea9138af26a02b8b6d14f\"},\"headline\":\"Modern Workplace ## Microsoft bietet Arbeitsplatz zur Miete\",\"datePublished\":\"2019-06-05T10:15:00+00:00\",\"dateModified\":\"2024-11-06T10:15:14+00:00\",\"mainEntityOfPage\":{\"@id\":\"https:\\\/\\\/pcspezialist.de\\\/blog\\\/2019\\\/06\\\/05\\\/modern-workplace-microsoft\\\/\"},\"wordCount\":463,\"commentCount\":1,\"image\":{\"@id\":\"https:\\\/\\\/pcspezialist.de\\\/blog\\\/2019\\\/06\\\/05\\\/modern-workplace-microsoft\\\/#primaryimage\"},\"thumbnailUrl\":\"https:\\\/\\\/pcspezialist.de\\\/blog\\\/wp-content\\\/uploads\\\/2019\\\/05\\\/Mod-2a.jpg\",\"keywords\":[\"Microsoft\",\"Software\",\"Arbeitswelt\",\"Hardware\",\"Arbeitsplatz\"],\"articleSection\":[\"Netzwerk\\\/Arbeitsplatz\"],\"inLanguage\":\"de\",\"potentialAction\":[{\"@type\":\"CommentAction\",\"name\":\"Comment\",\"target\":[\"https:\\\/\\\/pcspezialist.de\\\/blog\\\/2019\\\/06\\\/05\\\/modern-workplace-microsoft\\\/#respond\"]}]},{\"@type\":\"WebPage\",\"@id\":\"https:\\\/\\\/pcspezialist.de\\\/blog\\\/2019\\\/06\\\/05\\\/modern-workplace-microsoft\\\/\",\"url\":\"https:\\\/\\\/pcspezialist.de\\\/blog\\\/2019\\\/06\\\/05\\\/modern-workplace-microsoft\\\/\",\"name\":\"Modern Workplace \u2013 Microsoft bietet Arbeitsplatz zur Miete\",\"isPartOf\":{\"@id\":\"https:\\\/\\\/pcspezialist.de\\\/blog\\\/#website\"},\"primaryImageOfPage\":{\"@id\":\"https:\\\/\\\/pcspezialist.de\\\/blog\\\/2019\\\/06\\\/05\\\/modern-workplace-microsoft\\\/#primaryimage\"},\"image\":{\"@id\":\"https:\\\/\\\/pcspezialist.de\\\/blog\\\/2019\\\/06\\\/05\\\/modern-workplace-microsoft\\\/#primaryimage\"},\"thumbnailUrl\":\"https:\\\/\\\/pcspezialist.de\\\/blog\\\/wp-content\\\/uploads\\\/2019\\\/05\\\/Mod-2a.jpg\",\"datePublished\":\"2019-06-05T10:15:00+00:00\",\"dateModified\":\"2024-11-06T10:15:14+00:00\",\"author\":{\"@id\":\"https:\\\/\\\/pcspezialist.de\\\/blog\\\/#\\\/schema\\\/person\\\/e9cb801a8b8ea9138af26a02b8b6d14f\"},\"description\":\"Ein neuer Trend geht um: Comuter als Miet-Mich-Produkte. Moderne Hardware gepaart mit stets aktueller Software. Alle Infos zum Modern Workplace bei uns.\",\"breadcrumb\":{\"@id\":\"https:\\\/\\\/pcspezialist.de\\\/blog\\\/2019\\\/06\\\/05\\\/modern-workplace-microsoft\\\/#breadcrumb\"},\"inLanguage\":\"de\",\"potentialAction\":[{\"@type\":\"ReadAction\",\"target\":[\"https:\\\/\\\/pcspezialist.de\\\/blog\\\/2019\\\/06\\\/05\\\/modern-workplace-microsoft\\\/\"]}]},{\"@type\":\"ImageObject\",\"inLanguage\":\"de\",\"@id\":\"https:\\\/\\\/pcspezialist.de\\\/blog\\\/2019\\\/06\\\/05\\\/modern-workplace-microsoft\\\/#primaryimage\",\"url\":\"https:\\\/\\\/pcspezialist.de\\\/blog\\\/wp-content\\\/uploads\\\/2019\\\/05\\\/Mod-2a.jpg\",\"contentUrl\":\"https:\\\/\\\/pcspezialist.de\\\/blog\\\/wp-content\\\/uploads\\\/2019\\\/05\\\/Mod-2a.jpg\",\"width\":1464,\"height\":600,\"caption\":\"Junge Frau am Modern Workplace von Microsoft. Foto: Microsoft\"},{\"@type\":\"BreadcrumbList\",\"@id\":\"https:\\\/\\\/pcspezialist.de\\\/blog\\\/2019\\\/06\\\/05\\\/modern-workplace-microsoft\\\/#breadcrumb\",\"itemListElement\":[{\"@type\":\"ListItem\",\"position\":1,\"name\":\"Startseite\",\"item\":\"https:\\\/\\\/pcspezialist.de\\\/blog\\\/\"},{\"@type\":\"ListItem\",\"position\":2,\"name\":\"Modern Workplace ## Microsoft bietet Arbeitsplatz zur Miete\"}]},{\"@type\":\"WebSite\",\"@id\":\"https:\\\/\\\/pcspezialist.de\\\/blog\\\/#website\",\"url\":\"https:\\\/\\\/pcspezialist.de\\\/blog\\\/\",\"name\":\"PC-SPEZIALIST Blog\",\"description\":\"IT-Service, Trends &amp; Technik\",\"potentialAction\":[{\"@type\":\"SearchAction\",\"target\":{\"@type\":\"EntryPoint\",\"urlTemplate\":\"https:\\\/\\\/pcspezialist.de\\\/blog\\\/?s={search_term_string}\"},\"query-input\":{\"@type\":\"PropertyValueSpecification\",\"valueRequired\":true,\"valueName\":\"search_term_string\"}}],\"inLanguage\":\"de\"},{\"@type\":\"Person\",\"@id\":\"https:\\\/\\\/pcspezialist.de\\\/blog\\\/#\\\/schema\\\/person\\\/e9cb801a8b8ea9138af26a02b8b6d14f\",\"name\":\"Maren Keller\",\"description\":\"PC-SPEZIALIST ist eine Marke der in Schlo\u00df Holte ans\u00e4ssigen SYNAXON. Seit 2016 arbeitet Maren Keller f\u00fcr den PC-SPEZIALIST-Blog. Gestartet als Online-Redakteurin ist sie mittlerweile Content Marketing Managerin und tr\u00e4gt unter anderem die Verantwortung f\u00fcr die Inhalte des Blogs. In den Jahren 2017 und 2020 hat sie parallel f\u00fcr den Blog des IT-SERVICE.NETWORK geschrieben. Die studierte Germanistin und Politologin hat einen Sp\u00fcrsinn f\u00fcr aktuelle Bedrohungen im IT-Bereich entwickelt und versteht es, das Fachwissen von PC-SPEZIALIST dem Leser verst\u00e4ndlich darzubieten. Nicht zu verleugnen ist allerdings ihre Ungeduld, die sich in flinken Fingern auf der Tastatur zeigt und gleichzeitig f\u00fcr einen hohen Output sorgt. Ihre journalistische Karriere begann Maren Keller Mitte der 1990er Jahre mit dem Verfassen von Sportberichten f\u00fcr die Regionalseiten ihrer Heimatzeitung in Bremerhaven. Nach dem Studium in Hannover, das von zahlreichen Praktika bei Funk, Fernsehen und Zeitung begleitet wurde, kehrte sie f\u00fcr ein journalistisches Volontariat in ihre Heimat zur\u00fcck, um bei der NORDSEE-ZEITUNG den Beruf des Redakteurs von der Pike auf zu lernen und anschlie\u00dfend in der Sportredaktion zu arbeiten. W\u00e4hrend ihrer Elternzeiten und beruflich bedingten Umz\u00fcgen arbeitete sie als freie Journalistin f\u00fcr verschiedene Tageszeitungen und fand 2016 den Weg zur SYNAXON, wo sie heute als Content Marketing Managerin in Lohn und Brot steht. In ihrer Freizeit zeigt sie ihr Talent f\u00fcr\u2019s Schreiben nicht. Stattdessen liegen ihre Schwerpunkt dort im Bereich Haus, Familie, Garten und Hund. Au\u00dferdem ist sie musikalisch unterwegs, bl\u00e4st das Jagdhorn in einem Bl\u00e4serkorps, spielt Klavier und singt im Chor. Sie haben Fragen an Maren Keller? Sie erreichen sie per E-Mail an redaktion@pcspezialist.de\",\"url\":\"https:\\\/\\\/pcspezialist.de\\\/blog\\\/author\\\/maren\\\/\"}]}<\/script>\n<!-- \/ Yoast SEO plugin. -->","yoast_head_json":{"title":"Modern Workplace \u2013 Microsoft bietet Arbeitsplatz zur Miete","description":"Ein neuer Trend geht um: Comuter als Miet-Mich-Produkte. Moderne Hardware gepaart mit stets aktueller Software. Alle Infos zum Modern Workplace bei uns.","robots":{"index":"index","follow":"follow","max-snippet":"max-snippet:-1","max-image-preview":"max-image-preview:large","max-video-preview":"max-video-preview:-1"},"canonical":"https:\/\/pcspezialist.de\/blog\/2019\/06\/05\/modern-workplace-microsoft\/","og_locale":"de_DE","og_type":"article","og_title":"Modern Workplace \u2013 Microsoft bietet Arbeitsplatz zur Miete","og_description":"Ein neuer Trend geht um: Comuter als Miet-Mich-Produkte. Moderne Hardware gepaart mit stets aktueller Software. Alle Infos zum Modern Workplace bei uns.","og_url":"https:\/\/pcspezialist.de\/blog\/2019\/06\/05\/modern-workplace-microsoft\/","og_site_name":"PC-SPEZIALIST Blog","article_published_time":"2019-06-05T10:15:00+00:00","article_modified_time":"2024-11-06T10:15:14+00:00","og_image":[{"width":1464,"height":600,"url":"https:\/\/pcspezialist.de\/blog\/wp-content\/uploads\/2019\/05\/Mod-2a.jpg","type":"image\/jpeg"}],"author":"Maren Keller","twitter_card":"summary_large_image","twitter_misc":{"Verfasst von":"Maren Keller","Gesch\u00e4tzte Lesezeit":"3\u00a0Minuten"},"schema":{"@context":"https:\/\/schema.org","@graph":[{"@type":"Article","@id":"https:\/\/pcspezialist.de\/blog\/2019\/06\/05\/modern-workplace-microsoft\/#article","isPartOf":{"@id":"https:\/\/pcspezialist.de\/blog\/2019\/06\/05\/modern-workplace-microsoft\/"},"author":{"name":"Maren Keller","@id":"https:\/\/pcspezialist.de\/blog\/#\/schema\/person\/e9cb801a8b8ea9138af26a02b8b6d14f"},"headline":"Modern Workplace ## Microsoft bietet Arbeitsplatz zur Miete","datePublished":"2019-06-05T10:15:00+00:00","dateModified":"2024-11-06T10:15:14+00:00","mainEntityOfPage":{"@id":"https:\/\/pcspezialist.de\/blog\/2019\/06\/05\/modern-workplace-microsoft\/"},"wordCount":463,"commentCount":1,"image":{"@id":"https:\/\/pcspezialist.de\/blog\/2019\/06\/05\/modern-workplace-microsoft\/#primaryimage"},"thumbnailUrl":"https:\/\/pcspezialist.de\/blog\/wp-content\/uploads\/2019\/05\/Mod-2a.jpg","keywords":["Microsoft","Software","Arbeitswelt","Hardware","Arbeitsplatz"],"articleSection":["Netzwerk\/Arbeitsplatz"],"inLanguage":"de","potentialAction":[{"@type":"CommentAction","name":"Comment","target":["https:\/\/pcspezialist.de\/blog\/2019\/06\/05\/modern-workplace-microsoft\/#respond"]}]},{"@type":"WebPage","@id":"https:\/\/pcspezialist.de\/blog\/2019\/06\/05\/modern-workplace-microsoft\/","url":"https:\/\/pcspezialist.de\/blog\/2019\/06\/05\/modern-workplace-microsoft\/","name":"Modern Workplace \u2013 Microsoft bietet Arbeitsplatz zur Miete","isPartOf":{"@id":"https:\/\/pcspezialist.de\/blog\/#website"},"primaryImageOfPage":{"@id":"https:\/\/pcspezialist.de\/blog\/2019\/06\/05\/modern-workplace-microsoft\/#primaryimage"},"image":{"@id":"https:\/\/pcspezialist.de\/blog\/2019\/06\/05\/modern-workplace-microsoft\/#primaryimage"},"thumbnailUrl":"https:\/\/pcspezialist.de\/blog\/wp-content\/uploads\/2019\/05\/Mod-2a.jpg","datePublished":"2019-06-05T10:15:00+00:00","dateModified":"2024-11-06T10:15:14+00:00","author":{"@id":"https:\/\/pcspezialist.de\/blog\/#\/schema\/person\/e9cb801a8b8ea9138af26a02b8b6d14f"},"description":"Ein neuer Trend geht um: Comuter als Miet-Mich-Produkte. Moderne Hardware gepaart mit stets aktueller Software. Alle Infos zum Modern Workplace bei uns.","breadcrumb":{"@id":"https:\/\/pcspezialist.de\/blog\/2019\/06\/05\/modern-workplace-microsoft\/#breadcrumb"},"inLanguage":"de","potentialAction":[{"@type":"ReadAction","target":["https:\/\/pcspezialist.de\/blog\/2019\/06\/05\/modern-workplace-microsoft\/"]}]},{"@type":"ImageObject","inLanguage":"de","@id":"https:\/\/pcspezialist.de\/blog\/2019\/06\/05\/modern-workplace-microsoft\/#primaryimage","url":"https:\/\/pcspezialist.de\/blog\/wp-content\/uploads\/2019\/05\/Mod-2a.jpg","contentUrl":"https:\/\/pcspezialist.de\/blog\/wp-content\/uploads\/2019\/05\/Mod-2a.jpg","width":1464,"height":600,"caption":"Junge Frau am Modern Workplace von Microsoft. Foto: Microsoft"},{"@type":"BreadcrumbList","@id":"https:\/\/pcspezialist.de\/blog\/2019\/06\/05\/modern-workplace-microsoft\/#breadcrumb","itemListElement":[{"@type":"ListItem","position":1,"name":"Startseite","item":"https:\/\/pcspezialist.de\/blog\/"},{"@type":"ListItem","position":2,"name":"Modern Workplace ## Microsoft bietet Arbeitsplatz zur Miete"}]},{"@type":"WebSite","@id":"https:\/\/pcspezialist.de\/blog\/#website","url":"https:\/\/pcspezialist.de\/blog\/","name":"PC-SPEZIALIST Blog","description":"IT-Service, Trends &amp; Technik","potentialAction":[{"@type":"SearchAction","target":{"@type":"EntryPoint","urlTemplate":"https:\/\/pcspezialist.de\/blog\/?s={search_term_string}"},"query-input":{"@type":"PropertyValueSpecification","valueRequired":true,"valueName":"search_term_string"}}],"inLanguage":"de"},{"@type":"Person","@id":"https:\/\/pcspezialist.de\/blog\/#\/schema\/person\/e9cb801a8b8ea9138af26a02b8b6d14f","name":"Maren Keller","description":"PC-SPEZIALIST ist eine Marke der in Schlo\u00df Holte ans\u00e4ssigen SYNAXON. Seit 2016 arbeitet Maren Keller f\u00fcr den PC-SPEZIALIST-Blog. Gestartet als Online-Redakteurin ist sie mittlerweile Content Marketing Managerin und tr\u00e4gt unter anderem die Verantwortung f\u00fcr die Inhalte des Blogs. In den Jahren 2017 und 2020 hat sie parallel f\u00fcr den Blog des IT-SERVICE.NETWORK geschrieben. Die studierte Germanistin und Politologin hat einen Sp\u00fcrsinn f\u00fcr aktuelle Bedrohungen im IT-Bereich entwickelt und versteht es, das Fachwissen von PC-SPEZIALIST dem Leser verst\u00e4ndlich darzubieten. Nicht zu verleugnen ist allerdings ihre Ungeduld, die sich in flinken Fingern auf der Tastatur zeigt und gleichzeitig f\u00fcr einen hohen Output sorgt. Ihre journalistische Karriere begann Maren Keller Mitte der 1990er Jahre mit dem Verfassen von Sportberichten f\u00fcr die Regionalseiten ihrer Heimatzeitung in Bremerhaven. Nach dem Studium in Hannover, das von zahlreichen Praktika bei Funk, Fernsehen und Zeitung begleitet wurde, kehrte sie f\u00fcr ein journalistisches Volontariat in ihre Heimat zur\u00fcck, um bei der NORDSEE-ZEITUNG den Beruf des Redakteurs von der Pike auf zu lernen und anschlie\u00dfend in der Sportredaktion zu arbeiten. W\u00e4hrend ihrer Elternzeiten und beruflich bedingten Umz\u00fcgen arbeitete sie als freie Journalistin f\u00fcr verschiedene Tageszeitungen und fand 2016 den Weg zur SYNAXON, wo sie heute als Content Marketing Managerin in Lohn und Brot steht. In ihrer Freizeit zeigt sie ihr Talent f\u00fcr\u2019s Schreiben nicht. Stattdessen liegen ihre Schwerpunkt dort im Bereich Haus, Familie, Garten und Hund. Au\u00dferdem ist sie musikalisch unterwegs, bl\u00e4st das Jagdhorn in einem Bl\u00e4serkorps, spielt Klavier und singt im Chor. Sie haben Fragen an Maren Keller? Sie erreichen sie per E-Mail an redaktion@pcspezialist.de","url":"https:\/\/pcspezialist.de\/blog\/author\/maren\/"}]}},"_links":{"self":[{"href":"https:\/\/pcspezialist.de\/blog\/wp-json\/wp\/v2\/posts\/45162","targetHints":{"allow":["GET"]}}],"collection":[{"href":"https:\/\/pcspezialist.de\/blog\/wp-json\/wp\/v2\/posts"}],"about":[{"href":"https:\/\/pcspezialist.de\/blog\/wp-json\/wp\/v2\/types\/post"}],"author":[{"embeddable":true,"href":"https:\/\/pcspezialist.de\/blog\/wp-json\/wp\/v2\/users\/98"}],"replies":[{"embeddable":true,"href":"https:\/\/pcspezialist.de\/blog\/wp-json\/wp\/v2\/comments?post=45162"}],"version-history":[{"count":9,"href":"https:\/\/pcspezialist.de\/blog\/wp-json\/wp\/v2\/posts\/45162\/revisions"}],"predecessor-version":[{"id":72906,"href":"https:\/\/pcspezialist.de\/blog\/wp-json\/wp\/v2\/posts\/45162\/revisions\/72906"}],"wp:featuredmedia":[{"embeddable":true,"href":"https:\/\/pcspezialist.de\/blog\/wp-json\/wp\/v2\/media\/45166"}],"wp:attachment":[{"href":"https:\/\/pcspezialist.de\/blog\/wp-json\/wp\/v2\/media?parent=45162"}],"wp:term":[{"taxonomy":"category","embeddable":true,"href":"https:\/\/pcspezialist.de\/blog\/wp-json\/wp\/v2\/categories?post=45162"},{"taxonomy":"post_tag","embeddable":true,"href":"https:\/\/pcspezialist.de\/blog\/wp-json\/wp\/v2\/tags?post=45162"}],"curies":[{"name":"wp","href":"https:\/\/api.w.org\/{rel}","templated":true}]}}