{"id":45083,"date":"2019-05-21T12:29:31","date_gmt":"2019-05-21T10:29:31","guid":{"rendered":"https:\/\/www.pcspezialist.de\/blog\/?p=45083"},"modified":"2024-11-06T11:16:04","modified_gmt":"2024-11-06T10:16:04","slug":"diskutier-mit-mir","status":"publish","type":"post","link":"https:\/\/pcspezialist.de\/blog\/2019\/05\/21\/diskutier-mit-mir\/","title":{"rendered":"Diskutier Mit Mir ## Neue App Talking Europe bittet zur Diskussion"},"content":{"rendered":"<p><strong>Im Endspurt zur Europawahl 2019 am 26. Mai wollen die Macher der App Talking Europe Andersdenkende aus ganz Europa sozusagen mit einem politischen Speed-Dating zusammenbringen. Das Motto dahinter lautet: Diskutier Mit Mir!<\/strong><\/p>\n<p>1:1-Chats sollen den politischen Austausch f\u00f6rdern. Wir erkl\u00e4ren euch, wie das genau funktioniert.<\/p>\n<p><!--more--><\/p>\n<h3>Diskutier Mit Mir \u2013 ein deutscher Verein steckt dahinter<\/h3>\n<p>Die <a href=\"https:\/\/www.talkingeurope.eu\/\" target=\"_blank\" rel=\"noopener noreferrer\">App Talking Europe<\/a> bringt Europ\u00e4er mit gegens\u00e4tzlichen politischen Ansichten sozusagen in einem gesch\u00fctzten digitalen Raum zusammen. Das Ziel ist es, die Diskutierenden aus ihrer eigenen kleinen Welt mit festgefahrenen Perspektiven zu rei\u00dfen und mit anderen Sichtweisen zu konfrontieren.<\/p>\n<p>Hintergrund dabei ist die Annahme, dass jeder von euch in einer kleinen Blase lebt. Unbewusst umgebt ihr euch mit Menschen, die \u00e4hnlich denken wie ihr. Das hat eine <a href=\"https:\/\/journals.sagepub.com\/doi\/abs\/10.1177\/1368430211410751?journalCode=gpia\" target=\"_blank\" rel=\"noopener noreferrer\">Studie<\/a> herausgefunden. Und auch die sozialen Medien pr\u00e4sentieren euch im Newsfeed vor allem solche Themen, f\u00fcr die ihr in der Vergangenheit Interesse gezeigt habt. Sprich: Habt ihr euch einmal als Anh\u00e4nger der Gr\u00fcnen gezeigt, werden euch in der Regel keine AfD-Beitr\u00e4ge ausgespielt.<\/p>\n<p>Der in Berlin ans\u00e4ssige, gemeinn\u00fctzige Verein Diskutier Mit Mir e.V. will diese Filterblase platzen lassen. Er hat die App mit der finanziellen Unterst\u00fctzung der Bundeszentrale f\u00fcr politische Bildung und der Sch\u00f6pflin Stiftung entwickelt. Die innovative App soll den Dialog f\u00f6rdern und die Demokratie st\u00e4rken. Das verspricht spannende politische Diskussionen.<\/p>\n<div id=\"attachment_45089\" style=\"width: 596px\" class=\"wp-caption alignright\"><img loading=\"lazy\" decoding=\"async\" aria-describedby=\"caption-attachment-45089\" class=\"size-medium wp-image-45089\" src=\"https:\/\/pcspezialist.de\/blog\/wp-content\/uploads\/2019\/05\/www.pixabay.com-mohamed_hassan-586x500.jpg\" alt=\"Zu sehen ist eine Zeichnung von einer Wahlurne. Ein Arm ragt von rechts in das Bild hinein und scheint einen Brief in die Wahlurne werfen zu wollen. Vielleicht hat die Person vorher die App Talking Europe unter dem Motto \u201eDiskutier mit mir\u201c verwendet. Bild: www.pixabay.com\/mohamed_hassan\" width=\"586\" height=\"500\" srcset=\"https:\/\/pcspezialist.de\/blog\/wp-content\/uploads\/2019\/05\/www.pixabay.com-mohamed_hassan-586x500.jpg 586w, https:\/\/pcspezialist.de\/blog\/wp-content\/uploads\/2019\/05\/www.pixabay.com-mohamed_hassan-768x655.jpg 768w, https:\/\/pcspezialist.de\/blog\/wp-content\/uploads\/2019\/05\/www.pixabay.com-mohamed_hassan-821x700.jpg 821w, https:\/\/pcspezialist.de\/blog\/wp-content\/uploads\/2019\/05\/www.pixabay.com-mohamed_hassan.jpg 844w\" sizes=\"auto, (max-width: 586px) 100vw, 586px\" \/><p id=\"caption-attachment-45089\" class=\"wp-caption-text\">Am 26. Mai werden die Europ\u00e4er zur Wahlurne gebeten. Bis dahin soill unter dem Motto \u201eDiskutier mit mir\u201c noch ein reger Austausch stattfinden. Bild: www.pixabay.com\/mohamed_hassan<\/p><\/div>\n<h3>Wie k\u00f6nnt ihr mitdiskutieren?<\/h3>\n<p>Das Prinzip ist relativ einfach. Die gesamteurop\u00e4ische Plattform k\u00f6nnt ihr sowohl \u00fcber die eigens entwickelte App als auch \u00fcber einen Browser erreichen. Die App k\u00f6nnt ihr im <a href=\"https:\/\/play.google.com\/store\/apps\/details?id=com.talkingeurope.droid\" target=\"_blank\" rel=\"noopener noreferrer\">Google Play Store<\/a> oder in <a href=\"https:\/\/itunes.apple.com\/us\/app\/talking-europe\/id1453458525?mt=8\" target=\"_blank\" rel=\"noopener noreferrer\">Apples App Store<\/a> herunterladen. Zu Beginn beantwortet ihr f\u00fcnf Fragen, die der Einordnung eurer politischen Haltung dienen.<\/p>\n<p>Die App sucht euch ein Match, also einen Diskussionspartner mit einer gegens\u00e4tzlichen politischen Einstellung. In einem anonymen 1:1-Chat kann die Diskussion dann starten. Dabei greift ihr entweder das vorgegebene Startthema auf oder schlagt eurem Gegenpart ein neues Thema vor. Ihr k\u00f6nnt auch mehrere Chats gleichzeitig f\u00fchren.<\/p>\n<p>Nun k\u00f6nnte man meinen, dass die Sprachbarriere eine qualitative Diskussion erschwert. Oder f\u00fchlt ihr euch etwa in Englisch, Franz\u00f6sisch oder Spanisch f\u00fcr ein Streitgespr\u00e4ch \u00fcber politische Entscheidungen gewappnet? In der Regel wohl eher nicht. Die App hat daf\u00fcr aber nat\u00fcrlich eine L\u00f6sung: Moderne \u00dcbersetzungstools erm\u00f6glichen die \u00dcbersetzung in Echtzeit, sodass jeder Diskutierende in seiner jeweiligen Muttersprache argumentieren kann.<\/p>\n<h3>Diskutier Mit Mir gibt es seit 2017<\/h3>\n<p>Die App baut \u00fcbrigens auf einer Vorg\u00e4ngerversion auf, die bereits zur Bundestagswahl 2017 entwickelt wurde. Mit Hilfe dieses digitalen Diskussions-Tools wollte der Verein Diskutier Mit Mir damals nach demselben Prinzip den demokratischen Diskurs in Deutschland f\u00f6rdern.<\/p>\n<p>Dazu <a href=\"https:\/\/www.tagesspiegel.de\/gesellschaft\/medien\/diskussionsplattform-im-internet-wir-muessen-reden\/20276608.html\" target=\"_blank\" rel=\"noopener noreferrer\">sagt Louis Klamroth<\/a>, der das Ganze mitinitiiert hat: \u201eDebatten und Auseinandersetzungen mit Menschen, die politisch anders ticken als man selber, werden immer seltener. Das versuchen wir zu \u00e4ndern.\u201c Und Diskussionsstoff gebe es reichlich. Aktuell denke man da nur an Aufreger-Themen wie den Diesel-Skandal, den Klimaschutz oder den Handelsstreit zwischen den USA und China, der aktuell f\u00fcr <a href=\"https:\/\/pcspezialist.de\/blog\/2019\/05\/20\/huawei-support\/\">Besitzer von Huawei-Smartphones<\/a> direkte Konsequenzen hat.<\/p>\n<p>Die Macher der App verbuchten f\u00fcr sich einen Erfolg. <a href=\"https:\/\/www.das-nettz.de\/diskutier-mit-mir-im-portrait-politisch-streiten-im-netz\" target=\"_blank\" rel=\"noopener noreferrer\">Klamroth<\/a>: \u201eZur Bundestagswahl 2017 konnten wir knapp 20.000 Gespr\u00e4che zwischen Menschen mit kontr\u00e4ren politischen Einstellungen erm\u00f6glichen. Dabei wurden fast 500.000 Nachrichten verschickt und u\u0308ber 30.000 politische Thesen diskutiert. Im Schnitt dauerten die Gespr\u00e4che acht Minuten.\u201c<\/p>\n<h3>Endspurt zur Europawahl<\/h3>\n<p>Ob das im Endspurt zur Europawahl wohl auch so gut funktioniert? H\u00e4ttet ihr auch Lust, euch mit anderen Europ\u00e4ern zu europapolitischen Themen auszutauschen und neue Sichtweisen kennen zu lernen? Vielleicht ergeben sich daraus ja v\u00f6llig neue Blickwinkel? Und habt ihr die App sogar schon genutzt? Lasst uns in unseren Kommentaren an euren Erfahrungen teilhaben.<\/p>\n<p>Wer sich lieber mit nationalen Themen besch\u00e4ftigen m\u00f6chte, hat auch dazu Gelegenheit: Die Plattform Diskutier Mit Mir bittet auch zu den Landtagswahlen 2019 in Bremen, Brandenburg, Sachsen und Th\u00fcringen zum Chatroulette ein.<\/p>\n","protected":false},"excerpt":{"rendered":"<p>Im Endspurt zur Europawahl 2019 am 26. Mai wollen die Macher der App Talking Europe Andersdenkende aus ganz Europa sozusagen mit einem politischen Speed-Dating zusammenbringen. Das Motto dahinter lautet: Diskutier Mit Mir! 1:1-Chats sollen den politischen Austausch f\u00f6rdern. Wir erkl\u00e4ren euch, wie das genau funktioniert.<\/p>\n","protected":false},"author":113,"featured_media":45088,"comment_status":"open","ping_status":"closed","sticky":false,"template":"","format":"standard","meta":{"footnotes":""},"categories":[6913],"tags":[7861],"class_list":["post-45083","post","type-post","status-publish","format-standard","has-post-thumbnail","hentry","category-verschiedenes","tag-apps"],"yoast_head":"<!-- This site is optimized with the Yoast SEO plugin v27.5 - https:\/\/yoast.com\/product\/yoast-seo-wordpress\/ -->\n<title>Diskutier Mit Mir \u2013 Neue App Talking Europe bittet zur Diskussion<\/title>\n<meta name=\"description\" content=\"In einem gesch\u00fctzten digitalen Raum bringt die App Talking Europe poltisch Andersdenkende aus ganz Europa zusammen. Klingt spannend!\" \/>\n<meta name=\"robots\" content=\"index, follow, max-snippet:-1, max-image-preview:large, max-video-preview:-1\" \/>\n<link rel=\"canonical\" href=\"https:\/\/pcspezialist.de\/blog\/2019\/05\/21\/diskutier-mit-mir\/\" \/>\n<meta property=\"og:locale\" content=\"de_DE\" \/>\n<meta property=\"og:type\" content=\"article\" \/>\n<meta property=\"og:title\" content=\"Diskutier Mit Mir \u2013 Neue App Talking Europe bittet zur Diskussion\" \/>\n<meta property=\"og:description\" content=\"In einem gesch\u00fctzten digitalen Raum bringt die App Talking Europe poltisch Andersdenkende aus ganz Europa zusammen. Klingt spannend!\" \/>\n<meta property=\"og:url\" content=\"https:\/\/pcspezialist.de\/blog\/2019\/05\/21\/diskutier-mit-mir\/\" \/>\n<meta property=\"og:site_name\" content=\"PC-SPEZIALIST Blog\" \/>\n<meta property=\"article:published_time\" content=\"2019-05-21T10:29:31+00:00\" \/>\n<meta property=\"article:modified_time\" content=\"2024-11-06T10:16:04+00:00\" \/>\n<meta property=\"og:image\" content=\"https:\/\/pcspezialist.de\/blog\/wp-content\/uploads\/2019\/05\/www.pixabay.com-rawpixel.jpg\" \/>\n\t<meta property=\"og:image:width\" content=\"960\" \/>\n\t<meta property=\"og:image:height\" content=\"568\" \/>\n\t<meta property=\"og:image:type\" content=\"image\/jpeg\" \/>\n<meta name=\"author\" content=\"Janina Kr\u00f6ger\" \/>\n<meta name=\"twitter:card\" content=\"summary_large_image\" \/>\n<meta name=\"twitter:label1\" content=\"Verfasst von\" \/>\n\t<meta name=\"twitter:data1\" content=\"Janina Kr\u00f6ger\" \/>\n\t<meta name=\"twitter:label2\" content=\"Gesch\u00e4tzte Lesezeit\" \/>\n\t<meta name=\"twitter:data2\" content=\"3\u00a0Minuten\" \/>\n<script type=\"application\/ld+json\" class=\"yoast-schema-graph\">{\"@context\":\"https:\\\/\\\/schema.org\",\"@graph\":[{\"@type\":\"Article\",\"@id\":\"https:\\\/\\\/pcspezialist.de\\\/blog\\\/2019\\\/05\\\/21\\\/diskutier-mit-mir\\\/#article\",\"isPartOf\":{\"@id\":\"https:\\\/\\\/pcspezialist.de\\\/blog\\\/2019\\\/05\\\/21\\\/diskutier-mit-mir\\\/\"},\"author\":{\"name\":\"Janina Kr\u00f6ger\",\"@id\":\"https:\\\/\\\/pcspezialist.de\\\/blog\\\/#\\\/schema\\\/person\\\/6cdcc7f81aad53aaccd2c8b8534867c3\"},\"headline\":\"Diskutier Mit Mir ## Neue App Talking Europe bittet zur Diskussion\",\"datePublished\":\"2019-05-21T10:29:31+00:00\",\"dateModified\":\"2024-11-06T10:16:04+00:00\",\"mainEntityOfPage\":{\"@id\":\"https:\\\/\\\/pcspezialist.de\\\/blog\\\/2019\\\/05\\\/21\\\/diskutier-mit-mir\\\/\"},\"wordCount\":695,\"commentCount\":1,\"image\":{\"@id\":\"https:\\\/\\\/pcspezialist.de\\\/blog\\\/2019\\\/05\\\/21\\\/diskutier-mit-mir\\\/#primaryimage\"},\"thumbnailUrl\":\"https:\\\/\\\/pcspezialist.de\\\/blog\\\/wp-content\\\/uploads\\\/2019\\\/05\\\/www.pixabay.com-rawpixel.jpg\",\"keywords\":[\"Apps\"],\"articleSection\":[\"Verschiedenes\"],\"inLanguage\":\"de\",\"potentialAction\":[{\"@type\":\"CommentAction\",\"name\":\"Comment\",\"target\":[\"https:\\\/\\\/pcspezialist.de\\\/blog\\\/2019\\\/05\\\/21\\\/diskutier-mit-mir\\\/#respond\"]}]},{\"@type\":\"WebPage\",\"@id\":\"https:\\\/\\\/pcspezialist.de\\\/blog\\\/2019\\\/05\\\/21\\\/diskutier-mit-mir\\\/\",\"url\":\"https:\\\/\\\/pcspezialist.de\\\/blog\\\/2019\\\/05\\\/21\\\/diskutier-mit-mir\\\/\",\"name\":\"Diskutier Mit Mir \u2013 Neue App Talking Europe bittet zur Diskussion\",\"isPartOf\":{\"@id\":\"https:\\\/\\\/pcspezialist.de\\\/blog\\\/#website\"},\"primaryImageOfPage\":{\"@id\":\"https:\\\/\\\/pcspezialist.de\\\/blog\\\/2019\\\/05\\\/21\\\/diskutier-mit-mir\\\/#primaryimage\"},\"image\":{\"@id\":\"https:\\\/\\\/pcspezialist.de\\\/blog\\\/2019\\\/05\\\/21\\\/diskutier-mit-mir\\\/#primaryimage\"},\"thumbnailUrl\":\"https:\\\/\\\/pcspezialist.de\\\/blog\\\/wp-content\\\/uploads\\\/2019\\\/05\\\/www.pixabay.com-rawpixel.jpg\",\"datePublished\":\"2019-05-21T10:29:31+00:00\",\"dateModified\":\"2024-11-06T10:16:04+00:00\",\"author\":{\"@id\":\"https:\\\/\\\/pcspezialist.de\\\/blog\\\/#\\\/schema\\\/person\\\/6cdcc7f81aad53aaccd2c8b8534867c3\"},\"description\":\"In einem gesch\u00fctzten digitalen Raum bringt die App Talking Europe poltisch Andersdenkende aus ganz Europa zusammen. Klingt spannend!\",\"breadcrumb\":{\"@id\":\"https:\\\/\\\/pcspezialist.de\\\/blog\\\/2019\\\/05\\\/21\\\/diskutier-mit-mir\\\/#breadcrumb\"},\"inLanguage\":\"de\",\"potentialAction\":[{\"@type\":\"ReadAction\",\"target\":[\"https:\\\/\\\/pcspezialist.de\\\/blog\\\/2019\\\/05\\\/21\\\/diskutier-mit-mir\\\/\"]}]},{\"@type\":\"ImageObject\",\"inLanguage\":\"de\",\"@id\":\"https:\\\/\\\/pcspezialist.de\\\/blog\\\/2019\\\/05\\\/21\\\/diskutier-mit-mir\\\/#primaryimage\",\"url\":\"https:\\\/\\\/pcspezialist.de\\\/blog\\\/wp-content\\\/uploads\\\/2019\\\/05\\\/www.pixabay.com-rawpixel.jpg\",\"contentUrl\":\"https:\\\/\\\/pcspezialist.de\\\/blog\\\/wp-content\\\/uploads\\\/2019\\\/05\\\/www.pixabay.com-rawpixel.jpg\",\"width\":960,\"height\":568,\"caption\":\"Menschen aus ganu Europa in einer Diskussion zusammen bringen \u2013 das will die App \u201eTalking Europa \u2013 Diskutier mit mir\u201c erreichen. Bild: www.pixabay.com\\\/rawpixel\"},{\"@type\":\"BreadcrumbList\",\"@id\":\"https:\\\/\\\/pcspezialist.de\\\/blog\\\/2019\\\/05\\\/21\\\/diskutier-mit-mir\\\/#breadcrumb\",\"itemListElement\":[{\"@type\":\"ListItem\",\"position\":1,\"name\":\"Startseite\",\"item\":\"https:\\\/\\\/pcspezialist.de\\\/blog\\\/\"},{\"@type\":\"ListItem\",\"position\":2,\"name\":\"Diskutier Mit Mir ## Neue App Talking Europe bittet zur Diskussion\"}]},{\"@type\":\"WebSite\",\"@id\":\"https:\\\/\\\/pcspezialist.de\\\/blog\\\/#website\",\"url\":\"https:\\\/\\\/pcspezialist.de\\\/blog\\\/\",\"name\":\"PC-SPEZIALIST Blog\",\"description\":\"IT-Service, Trends &amp; Technik\",\"potentialAction\":[{\"@type\":\"SearchAction\",\"target\":{\"@type\":\"EntryPoint\",\"urlTemplate\":\"https:\\\/\\\/pcspezialist.de\\\/blog\\\/?s={search_term_string}\"},\"query-input\":{\"@type\":\"PropertyValueSpecification\",\"valueRequired\":true,\"valueName\":\"search_term_string\"}}],\"inLanguage\":\"de\"},{\"@type\":\"Person\",\"@id\":\"https:\\\/\\\/pcspezialist.de\\\/blog\\\/#\\\/schema\\\/person\\\/6cdcc7f81aad53aaccd2c8b8534867c3\",\"name\":\"Janina Kr\u00f6ger\",\"description\":\"Seit Anfang 2019 unterst\u00fctzt Janina Kr\u00f6ger den PC-SPEZIALIST-Blog \u2013 anfangs in der Position der Online-Redakteurin und inzwischen als Content Marketing Managerin. Die studierte Germanistin\\\/Anglistin und ausgebildete Redakteurin beh\u00e4lt das Geschehen auf dem IT-Markt im Blick, verfolgt gespannt neue Trends und Technologien und beobachtet aktuelle Bedrohungen im Bereich des Cybercrime. Die relevantesten Infos werden dann in interessante Blog-Beitr\u00e4ge verpackt, um vor allem Unternehmen mit n\u00fctzlichem Wissen zu versorgen, das sie gewinnbringend f\u00fcr sich nutzen k\u00f6nnen. Der schreibenden Zunft geh\u00f6rt Janina Kr\u00f6ger bereits seit 2006 an, als sie ein Praktikum beim WESTF\u00c4LISCHEN VOLKSBLATT absolvierte und der Regionalzeitung anschlie\u00dfend als Freie Mitarbeiterin erhalten blieb. Nach ihrem Studium an der Universit\u00e4t Paderborn ging es mit Hospitanz, Volontariat und Redakteurs-Posten beim WESTFALEN-BLATT vollends in den Journalismus. Mit dem Wechsel zum Publicpress Verlag lernte Janina Kr\u00f6ger als Text-Redakteurin ein f\u00fcr sie neues Themengebiet kennen: Die Produktion von Reisef\u00fchrern, Wanderf\u00fchrern und Radtourenf\u00fchrern sowie die Erstellung von Freizeitkarten und Stadtpl\u00e4nen waren die neuen Aufgaben \u2013 allerdings sollten Google Maps und Co. dem Erfolg des Verlags bald ein Ende setzen. F\u00fcr Janina Kr\u00f6ger bedeutete das: Als n\u00e4chstes muss ein Job in einem Themengebiet mit besseren Zukunftsaussichten her \u2013 die IT-Branche schien da genau richtig! Seit 2019 f\u00fchlt sich die gelernte Redakteurin nun bei der SYNAXON AG als Mutterunternehmen von PC-SPEZIALIST bestens aufgehoben und ist nach einer kurzen Elternzeit inzwischen wieder voll im Tagesgesch\u00e4ft angekommen. In ihrer Freizeit tauscht Janina Kr\u00f6ger den Laptop gern gegen ihre Back- und Kochutensilien aus. Zeit mit ihrer Familie hat h\u00f6chste Priorit\u00e4t. Andere Hobbies wie das Lesen, Hulahoop-Schwingen und Trampolin-H\u00fcpfen sind daher zuletzt etwas in den Hintergrund getreten.\",\"url\":\"https:\\\/\\\/pcspezialist.de\\\/blog\\\/author\\\/janina-kroegersynaxon-de\\\/\"}]}<\/script>\n<!-- \/ Yoast SEO plugin. -->","yoast_head_json":{"title":"Diskutier Mit Mir \u2013 Neue App Talking Europe bittet zur Diskussion","description":"In einem gesch\u00fctzten digitalen Raum bringt die App Talking Europe poltisch Andersdenkende aus ganz Europa zusammen. Klingt spannend!","robots":{"index":"index","follow":"follow","max-snippet":"max-snippet:-1","max-image-preview":"max-image-preview:large","max-video-preview":"max-video-preview:-1"},"canonical":"https:\/\/pcspezialist.de\/blog\/2019\/05\/21\/diskutier-mit-mir\/","og_locale":"de_DE","og_type":"article","og_title":"Diskutier Mit Mir \u2013 Neue App Talking Europe bittet zur Diskussion","og_description":"In einem gesch\u00fctzten digitalen Raum bringt die App Talking Europe poltisch Andersdenkende aus ganz Europa zusammen. Klingt spannend!","og_url":"https:\/\/pcspezialist.de\/blog\/2019\/05\/21\/diskutier-mit-mir\/","og_site_name":"PC-SPEZIALIST Blog","article_published_time":"2019-05-21T10:29:31+00:00","article_modified_time":"2024-11-06T10:16:04+00:00","og_image":[{"width":960,"height":568,"url":"https:\/\/pcspezialist.de\/blog\/wp-content\/uploads\/2019\/05\/www.pixabay.com-rawpixel.jpg","type":"image\/jpeg"}],"author":"Janina Kr\u00f6ger","twitter_card":"summary_large_image","twitter_misc":{"Verfasst von":"Janina Kr\u00f6ger","Gesch\u00e4tzte Lesezeit":"3\u00a0Minuten"},"schema":{"@context":"https:\/\/schema.org","@graph":[{"@type":"Article","@id":"https:\/\/pcspezialist.de\/blog\/2019\/05\/21\/diskutier-mit-mir\/#article","isPartOf":{"@id":"https:\/\/pcspezialist.de\/blog\/2019\/05\/21\/diskutier-mit-mir\/"},"author":{"name":"Janina Kr\u00f6ger","@id":"https:\/\/pcspezialist.de\/blog\/#\/schema\/person\/6cdcc7f81aad53aaccd2c8b8534867c3"},"headline":"Diskutier Mit Mir ## Neue App Talking Europe bittet zur Diskussion","datePublished":"2019-05-21T10:29:31+00:00","dateModified":"2024-11-06T10:16:04+00:00","mainEntityOfPage":{"@id":"https:\/\/pcspezialist.de\/blog\/2019\/05\/21\/diskutier-mit-mir\/"},"wordCount":695,"commentCount":1,"image":{"@id":"https:\/\/pcspezialist.de\/blog\/2019\/05\/21\/diskutier-mit-mir\/#primaryimage"},"thumbnailUrl":"https:\/\/pcspezialist.de\/blog\/wp-content\/uploads\/2019\/05\/www.pixabay.com-rawpixel.jpg","keywords":["Apps"],"articleSection":["Verschiedenes"],"inLanguage":"de","potentialAction":[{"@type":"CommentAction","name":"Comment","target":["https:\/\/pcspezialist.de\/blog\/2019\/05\/21\/diskutier-mit-mir\/#respond"]}]},{"@type":"WebPage","@id":"https:\/\/pcspezialist.de\/blog\/2019\/05\/21\/diskutier-mit-mir\/","url":"https:\/\/pcspezialist.de\/blog\/2019\/05\/21\/diskutier-mit-mir\/","name":"Diskutier Mit Mir \u2013 Neue App Talking Europe bittet zur Diskussion","isPartOf":{"@id":"https:\/\/pcspezialist.de\/blog\/#website"},"primaryImageOfPage":{"@id":"https:\/\/pcspezialist.de\/blog\/2019\/05\/21\/diskutier-mit-mir\/#primaryimage"},"image":{"@id":"https:\/\/pcspezialist.de\/blog\/2019\/05\/21\/diskutier-mit-mir\/#primaryimage"},"thumbnailUrl":"https:\/\/pcspezialist.de\/blog\/wp-content\/uploads\/2019\/05\/www.pixabay.com-rawpixel.jpg","datePublished":"2019-05-21T10:29:31+00:00","dateModified":"2024-11-06T10:16:04+00:00","author":{"@id":"https:\/\/pcspezialist.de\/blog\/#\/schema\/person\/6cdcc7f81aad53aaccd2c8b8534867c3"},"description":"In einem gesch\u00fctzten digitalen Raum bringt die App Talking Europe poltisch Andersdenkende aus ganz Europa zusammen. Klingt spannend!","breadcrumb":{"@id":"https:\/\/pcspezialist.de\/blog\/2019\/05\/21\/diskutier-mit-mir\/#breadcrumb"},"inLanguage":"de","potentialAction":[{"@type":"ReadAction","target":["https:\/\/pcspezialist.de\/blog\/2019\/05\/21\/diskutier-mit-mir\/"]}]},{"@type":"ImageObject","inLanguage":"de","@id":"https:\/\/pcspezialist.de\/blog\/2019\/05\/21\/diskutier-mit-mir\/#primaryimage","url":"https:\/\/pcspezialist.de\/blog\/wp-content\/uploads\/2019\/05\/www.pixabay.com-rawpixel.jpg","contentUrl":"https:\/\/pcspezialist.de\/blog\/wp-content\/uploads\/2019\/05\/www.pixabay.com-rawpixel.jpg","width":960,"height":568,"caption":"Menschen aus ganu Europa in einer Diskussion zusammen bringen \u2013 das will die App \u201eTalking Europa \u2013 Diskutier mit mir\u201c erreichen. Bild: www.pixabay.com\/rawpixel"},{"@type":"BreadcrumbList","@id":"https:\/\/pcspezialist.de\/blog\/2019\/05\/21\/diskutier-mit-mir\/#breadcrumb","itemListElement":[{"@type":"ListItem","position":1,"name":"Startseite","item":"https:\/\/pcspezialist.de\/blog\/"},{"@type":"ListItem","position":2,"name":"Diskutier Mit Mir ## Neue App Talking Europe bittet zur Diskussion"}]},{"@type":"WebSite","@id":"https:\/\/pcspezialist.de\/blog\/#website","url":"https:\/\/pcspezialist.de\/blog\/","name":"PC-SPEZIALIST Blog","description":"IT-Service, Trends &amp; Technik","potentialAction":[{"@type":"SearchAction","target":{"@type":"EntryPoint","urlTemplate":"https:\/\/pcspezialist.de\/blog\/?s={search_term_string}"},"query-input":{"@type":"PropertyValueSpecification","valueRequired":true,"valueName":"search_term_string"}}],"inLanguage":"de"},{"@type":"Person","@id":"https:\/\/pcspezialist.de\/blog\/#\/schema\/person\/6cdcc7f81aad53aaccd2c8b8534867c3","name":"Janina Kr\u00f6ger","description":"Seit Anfang 2019 unterst\u00fctzt Janina Kr\u00f6ger den PC-SPEZIALIST-Blog \u2013 anfangs in der Position der Online-Redakteurin und inzwischen als Content Marketing Managerin. Die studierte Germanistin\/Anglistin und ausgebildete Redakteurin beh\u00e4lt das Geschehen auf dem IT-Markt im Blick, verfolgt gespannt neue Trends und Technologien und beobachtet aktuelle Bedrohungen im Bereich des Cybercrime. Die relevantesten Infos werden dann in interessante Blog-Beitr\u00e4ge verpackt, um vor allem Unternehmen mit n\u00fctzlichem Wissen zu versorgen, das sie gewinnbringend f\u00fcr sich nutzen k\u00f6nnen. Der schreibenden Zunft geh\u00f6rt Janina Kr\u00f6ger bereits seit 2006 an, als sie ein Praktikum beim WESTF\u00c4LISCHEN VOLKSBLATT absolvierte und der Regionalzeitung anschlie\u00dfend als Freie Mitarbeiterin erhalten blieb. Nach ihrem Studium an der Universit\u00e4t Paderborn ging es mit Hospitanz, Volontariat und Redakteurs-Posten beim WESTFALEN-BLATT vollends in den Journalismus. Mit dem Wechsel zum Publicpress Verlag lernte Janina Kr\u00f6ger als Text-Redakteurin ein f\u00fcr sie neues Themengebiet kennen: Die Produktion von Reisef\u00fchrern, Wanderf\u00fchrern und Radtourenf\u00fchrern sowie die Erstellung von Freizeitkarten und Stadtpl\u00e4nen waren die neuen Aufgaben \u2013 allerdings sollten Google Maps und Co. dem Erfolg des Verlags bald ein Ende setzen. F\u00fcr Janina Kr\u00f6ger bedeutete das: Als n\u00e4chstes muss ein Job in einem Themengebiet mit besseren Zukunftsaussichten her \u2013 die IT-Branche schien da genau richtig! Seit 2019 f\u00fchlt sich die gelernte Redakteurin nun bei der SYNAXON AG als Mutterunternehmen von PC-SPEZIALIST bestens aufgehoben und ist nach einer kurzen Elternzeit inzwischen wieder voll im Tagesgesch\u00e4ft angekommen. In ihrer Freizeit tauscht Janina Kr\u00f6ger den Laptop gern gegen ihre Back- und Kochutensilien aus. Zeit mit ihrer Familie hat h\u00f6chste Priorit\u00e4t. Andere Hobbies wie das Lesen, Hulahoop-Schwingen und Trampolin-H\u00fcpfen sind daher zuletzt etwas in den Hintergrund getreten.","url":"https:\/\/pcspezialist.de\/blog\/author\/janina-kroegersynaxon-de\/"}]}},"_links":{"self":[{"href":"https:\/\/pcspezialist.de\/blog\/wp-json\/wp\/v2\/posts\/45083","targetHints":{"allow":["GET"]}}],"collection":[{"href":"https:\/\/pcspezialist.de\/blog\/wp-json\/wp\/v2\/posts"}],"about":[{"href":"https:\/\/pcspezialist.de\/blog\/wp-json\/wp\/v2\/types\/post"}],"author":[{"embeddable":true,"href":"https:\/\/pcspezialist.de\/blog\/wp-json\/wp\/v2\/users\/113"}],"replies":[{"embeddable":true,"href":"https:\/\/pcspezialist.de\/blog\/wp-json\/wp\/v2\/comments?post=45083"}],"version-history":[{"count":17,"href":"https:\/\/pcspezialist.de\/blog\/wp-json\/wp\/v2\/posts\/45083\/revisions"}],"predecessor-version":[{"id":45115,"href":"https:\/\/pcspezialist.de\/blog\/wp-json\/wp\/v2\/posts\/45083\/revisions\/45115"}],"wp:featuredmedia":[{"embeddable":true,"href":"https:\/\/pcspezialist.de\/blog\/wp-json\/wp\/v2\/media\/45088"}],"wp:attachment":[{"href":"https:\/\/pcspezialist.de\/blog\/wp-json\/wp\/v2\/media?parent=45083"}],"wp:term":[{"taxonomy":"category","embeddable":true,"href":"https:\/\/pcspezialist.de\/blog\/wp-json\/wp\/v2\/categories?post=45083"},{"taxonomy":"post_tag","embeddable":true,"href":"https:\/\/pcspezialist.de\/blog\/wp-json\/wp\/v2\/tags?post=45083"}],"curies":[{"name":"wp","href":"https:\/\/api.w.org\/{rel}","templated":true}]}}