{"id":44233,"date":"2019-04-05T12:24:28","date_gmt":"2019-04-05T10:24:28","guid":{"rendered":"https:\/\/www.pcspezialist.de\/blog\/?p=44233"},"modified":"2024-03-22T08:23:41","modified_gmt":"2024-03-22T07:23:41","slug":"facebook-datenschutz","status":"publish","type":"post","link":"https:\/\/pcspezialist.de\/blog\/2019\/04\/05\/facebook-datenschutz\/","title":{"rendered":"Neue Panne bei Facebook-Datenschutz ## Nutzerdaten lagen ungesch\u00fctzt in der Amazon Cloud"},"content":{"rendered":"<p><strong>Ein neuer Datenskandal ersch\u00fcttert das Facebook-Imperium. Eine IT-Sicherheitsfirma hat Daten von Facebook-Nutzern \u00f6ffentlich einsehbar auf einem Amazon-Server entdeckt. Sogar Passw\u00f6rter waren auf dem Amazon Cloud Server unverschl\u00fcsselt zu sehen. Das weckt erneut Zweifel am Facebook-Datenschutz.<\/strong><\/p>\n<p>540 Millionen Datens\u00e4tze standen frei einsehbar im Netz. Wir kl\u00e4ren \u00fcber die Hintergr\u00fcnde auf.<\/p>\n<p><!--more--><\/p>\n<h3>Facebook-Datenschutz in der Kritik<\/h3>\n<p>Die Nachrichten zu Datenpannen im Zusammenhang mit der gr\u00f6\u00dften Social-Media-Plattform rei\u00dfen nicht ab. Dieses Mal geht es um zwei Firmen, die Daten von Facebook-Nutzern auf einem Amazon-Server ungesch\u00fctzt gespeichert haben. Wie konnte das passieren?<\/p>\n<p>Drittanbieter von Apps erhalten jede Menge Informationen, wenn Facebook-Mitglieder die App herunterladen \u2013 nicht nur \u00fcber den Nutzer selbst, sondern auch \u00fcber seine Freunde.\u00a0Sind die Daten einmal beim Entwickler, kann dieser mit ihnen machen, was er will. Das hat f\u00fcr einige Aufregung gesorgt.<\/p>\n<h4><span style=\"color: #000000;\">540 Millionen Datens\u00e4tze zu sehen<\/span><\/h4>\n<p>Der aktuelle Datenskandal geht auf Recherch<span style=\"color: #000000;\">en der IT-Sicherheitsfirma <a style=\"color: #000000;\" href=\"https:\/\/www.upguard.com\/\" target=\"_blank\" rel=\"noopener noreferrer\">UpGuard<\/a> zur\u00fcck. Im<\/span> Auftrag der Cybersecurity durchforsten die Mitarbeiter des Unternehmens das Netz, um Internetnutzer zu sch\u00fctzen. Sie stie\u00dfen dabei auf die digitale<a href=\"https:\/\/culturacolectiva.com\/\" target=\"_blank\" rel=\"noopener noreferrer\"><span style=\"color: #000000;\"> Plattform Cultura Colectiva<\/span><\/a>\u00a0sowie auf di<span style=\"color: #000000;\">e App At the Pool, die es mittlerweile aber nicht mehr gibt. <\/span><\/p>\n<p>Beide hatten die Kundendaten auf dem Amazon Cloud Server abgelegt. Insgesamt handelt es sich um 540 Millionen \u00f6ffentlich einsehbare Datens\u00e4tze, erz\u00e4hlte UpGuard-Mitarbeiter <span style=\"font-weight: 400;\">Chris Vickery jetzt in einem\u00a0<a href=\"https:\/\/www.bloomberg.com\/news\/videos\/2019-04-03\/finding-facebook-data-on-amazon-cloud-servers-wasn-t-hard-upguard-s-vickery-says-video\" target=\"_blank\" rel=\"noopener noreferrer\">Interview mit Bloomberg TV<\/a><\/span>. Das Vertrauen in den Facebook-Datenschutz ger\u00e4t dadurch wieder einmal ins Wanken.<\/p>\n<div id=\"attachment_44249\" style=\"width: 710px\" class=\"wp-caption alignright\"><a href=\"https:\/\/pcspezialist.de\/blog\/wp-content\/uploads\/2019\/04\/social-network-76532_960_720.png\" data-rel=\"lightbox-image-0\" data-rl_title=\"\" data-rl_caption=\"\" title=\"\"><img loading=\"lazy\" decoding=\"async\" aria-describedby=\"caption-attachment-44249\" class=\"wp-image-44249 size-medium\" src=\"https:\/\/pcspezialist.de\/blog\/wp-content\/uploads\/2019\/04\/social-network-76532_960_720-700x464.png\" alt=\"Zu sehen ist die Facebook-Startseite; wieder steht der Facebook-Datenschutz in der Kritik. Foto: pixabay.com\/Simon\" width=\"700\" height=\"464\" srcset=\"https:\/\/pcspezialist.de\/blog\/wp-content\/uploads\/2019\/04\/social-network-76532_960_720-700x464.png 700w, https:\/\/pcspezialist.de\/blog\/wp-content\/uploads\/2019\/04\/social-network-76532_960_720-768x510.png 768w, https:\/\/pcspezialist.de\/blog\/wp-content\/uploads\/2019\/04\/social-network-76532_960_720.png 960w\" sizes=\"auto, (max-width: 700px) 100vw, 700px\" \/><\/a><p id=\"caption-attachment-44249\" class=\"wp-caption-text\">Ein neuer Skandal stellt den Facebook-Datenschutz infrage. Foto: pixabay.com\/Simon<\/p><\/div>\n<h3>Datens\u00e4tze waren ungesch\u00fctzt<\/h3>\n<p>Informationen wie Likes, Reaktionen, Kommentare und Freunde der betroffenen Nutzer hatte Cultura Colectiva so gespeichert, dass sie f\u00fcr jeden, der per Zufall auf den Amazon Cloud Server geriet, \u00f6ffentlich zu sehen waren. Offenbar konnte man sie von dort sogar herunterladen. Die Plattform ist in Mexiko-Stadt ans\u00e4ssig und berichtet \u00fcber Stars und Sternchen. Verteilt auf Facebook, Instagram, Twitter, YouTube und Pinterest kommt Cultura Colectiva insgesamt auf mehr als 45 Millionen Follower.<\/p>\n<p>Die gute Nachricht f\u00fcr euch: Die Website richtet sich vor allem an eine lateinamerikanische Zielgruppe. Daten von deutschen Nutzern d\u00fcrften deshalb nicht von der Datenpanne betroffen sein.<\/p>\n<p>Noch schlimmer war es nach Aussage von UpGuard im Fall der App At the Pool. Namen, E-Mail-Adressen und sogar unverschl\u00fcsselte Passw\u00f6rter von 22.000 Facebook-Nutzern waren hier einsehbar. Wie lange die Daten dort \u00f6ffentlich herumlagen, ist nicht bekannt.<\/p>\n<h3>Umgang mit der Datensicherheit<\/h3>\n<p>Deutsche Facebook-Nutzer blieben von dieser Datenpanne wohl verschont, aber es k\u00f6nnte \u00e4hnliche F\u00e4lle geben. UpGuard soll etwa 100.000 offene Datenbanken mit verschiedenen Arten von Daten gefunden haben, von denen einige nicht \u00f6ffentlich zu sehen sein sollten. \u201eDie \u00d6ffentlichkeit realisiert nicht, dass die Drittanbieter von Apps entweder risikofreudig oder einfach faul sind\u201c, sagte Chris Vickery, <span style=\"font-weight: 400;\">Director of Cyber Risk Research,<\/span> in dem Interview weiter.<\/p>\n<p><span style=\"font-weight: 400;\">Er kritisiert zudem den Umgang mit dem aktuellen Fall. Angeblich versuchte UpGuard \u00fcber Monate hinweg sowohl Cultura Colectiva als auch Amazon per E-Mail auf das Datenleck aufmerksam zu machen. <\/span><span style=\"font-weight: 400;\">Cultura Colectiva reagierte \u00fcberhaupt nicht. Und Amazon lie\u00df sich erst drei Wochen, nachdem am 21. Februar erneut eine E-Mail gesendet worden war, zu einer Antwort herab. Dennoch wurde das Datenleck nicht geschlossen.<\/span><\/p>\n<h4>Amazon sieht Schuld beim Nutzer<\/h4>\n<p><span style=\"font-weight: 400;\">Mittlerweile ist das Datenleck allerdings geschlossen. Das geschah aber erst, nachdem der Skandal vor wenigen Tagen \u00f6ffentlich geworden war und sich Facebook selbst an Amazon gerichtet hatte. <\/span><\/p>\n<p><span style=\"font-weight: 400;\">Die Schuld f\u00fcr das Leck sieht Amazon laut Chris Vickery nicht bei sich. Vielmehr sei prinzipiell der Nutzer \u2013 in diesem Fall Cultura Colectiva und At the Pool \u2013 f\u00fcr die Inhalte verantwortlich, die er \u00fcber Amazon Web Services speichert. Vickery h\u00e4lt euch \u00fcber sein <a href=\"https:\/\/twitter.com\/vickerysec?lang=de\" target=\"_blank\" rel=\"noopener noreferrer\">Twitter-Profil<\/a> auf dem Laufenden.<\/span><\/p>\n<h3>Immer wieder Datenpannen<\/h3>\n<p>Das negative Bild in Bezug auf den Facebook-Datenschutz verfestigt sich durch den aktuellen Fall noch mehr, nachdem schon 2018 eine ganze Reihe von Datenpannen bekannt geworden sind. Auf den ersten gro\u00dfen Skandal um <a href=\"https:\/\/pcspezialist.de\/blog\/2018\/03\/27\/datendiebstahl-bei-facebook\/\">Cambridge Analytica<\/a> folgten ein Facebook-Hack, <span style=\"font-weight: 400;\">die <\/span><a href=\"https:\/\/pcspezialist.de\/blog\/2018\/06\/07\/smartphone-hersteller-facebook\/\"><span style=\"font-weight: 400;\">Weitergabe der Nutzerdaten an Smartphone-Hersteller<\/span><\/a><span style=\"font-weight: 400;\"> und die <\/span><a href=\"https:\/\/pcspezialist.de\/blog\/2018\/12\/21\/datenweitergabe-facebook-partner\/\"><span style=\"font-weight: 400;\">Datenweitergabe an Facebook-Partner<\/span><\/a><span style=\"font-weight: 400;\">. Facebook-Nutzer k\u00f6nnen all dem nur entgehen, wenn sie der Plattform endg\u00fcltig den R\u00fccken kehren, indem sie ihr Konto l\u00f6schen. Aber w\u00e4re das eine Option f\u00fcr euch?\u00a0<\/span><\/p>\n<p>Die einzige M\u00f6glichkeit, sich trotz des mangelnden Facebook-Datenschutzes einigerma\u00dfen sicher zu f\u00fchlen, bleibt wohl nur die regelm\u00e4\u00dfige \u00c4nderung des Passworts. Das Passwort sollte dabei m\u00f6glichst kompliziert sein, damit es f\u00fcr Hacker nicht zu erraten ist. Unsere Ratgeber <a href=\"https:\/\/pcspezialist.de\/ratgeber\/2018\/12\/18\/passwoerter-verwalten.html\">Passw\u00f6rter verwalten<\/a> und <a href=\"https:\/\/pcspezialist.de\/ratgeber\/passwortsicherheit.html\">Passwortsicherheit im Fokus<\/a> informieren dar\u00fcber. Ein <a href=\"https:\/\/pcspezialist.de\/installation-and-einrichtung-eines-passwortmanagers.html\">Passwortmanager<\/a> hilft euch dabei, den \u00dcberblick zu behalten. Solltet ihr bei der Auswahl oder Einrichtung Probleme haben, ber\u00e4t euch euer <a href=\"https:\/\/pcspezialist.de\/it-service-anbieter-finden.html\">PC-SPEZIALIST vor Ort<\/a> gern.<\/p>\n","protected":false},"excerpt":{"rendered":"<p>Ein neuer Datenskandal ersch\u00fcttert das Facebook-Imperium. Eine IT-Sicherheitsfirma hat Daten von Facebook-Nutzern \u00f6ffentlich einsehbar auf einem Amazon-Server entdeckt. Sogar Passw\u00f6rter waren auf dem Amazon Cloud Server unverschl\u00fcsselt zu sehen. Das weckt erneut Zweifel am Facebook-Datenschutz. 540 Millionen Datens\u00e4tze standen frei einsehbar im Netz. Wir kl\u00e4ren \u00fcber die Hintergr\u00fcnde auf.<\/p>\n","protected":false},"author":113,"featured_media":44243,"comment_status":"open","ping_status":"closed","sticky":false,"template":"","format":"standard","meta":{"footnotes":""},"categories":[6913],"tags":[1088,1250,9814,9956],"class_list":["post-44233","post","type-post","status-publish","format-standard","has-post-thumbnail","hentry","category-verschiedenes","tag-facebook","tag-social-media","tag-datenleck","tag-nutzerdaten"],"yoast_head":"<!-- This site is optimized with the Yoast SEO plugin v27.5 - https:\/\/yoast.com\/product\/yoast-seo-wordpress\/ -->\n<title>Facebook-Datenschutz: Neue Panne legt 540 Millionen Daten \u00f6ffentlich<\/title>\n<meta name=\"description\" content=\"Wieder gibt es Probleme mit dem Facebook-Datenschutz. Millionen Nutzerdaten waren auf \u00f6ffentlichen Servern zu sehen. Was passiert ist, erf\u00e4hrst du bei uns!\" \/>\n<meta name=\"robots\" content=\"index, follow, max-snippet:-1, max-image-preview:large, max-video-preview:-1\" \/>\n<link rel=\"canonical\" href=\"https:\/\/pcspezialist.de\/blog\/2019\/04\/05\/facebook-datenschutz\/\" \/>\n<meta property=\"og:locale\" content=\"de_DE\" \/>\n<meta property=\"og:type\" content=\"article\" \/>\n<meta property=\"og:title\" content=\"Facebook-Datenschutz: Neue Panne legt 540 Millionen Daten \u00f6ffentlich\" \/>\n<meta property=\"og:description\" content=\"Wieder gibt es Probleme mit dem Facebook-Datenschutz. Millionen Nutzerdaten waren auf \u00f6ffentlichen Servern zu sehen. Was passiert ist, erf\u00e4hrst du bei uns!\" \/>\n<meta property=\"og:url\" content=\"https:\/\/pcspezialist.de\/blog\/2019\/04\/05\/facebook-datenschutz\/\" \/>\n<meta property=\"og:site_name\" content=\"PC-SPEZIALIST Blog\" \/>\n<meta property=\"article:published_time\" content=\"2019-04-05T10:24:28+00:00\" \/>\n<meta property=\"article:modified_time\" content=\"2024-03-22T07:23:41+00:00\" \/>\n<meta property=\"og:image\" content=\"https:\/\/pcspezialist.de\/blog\/wp-content\/uploads\/2019\/04\/facebook-1084449_960_720.jpg\" \/>\n\t<meta property=\"og:image:width\" content=\"960\" \/>\n\t<meta property=\"og:image:height\" content=\"720\" \/>\n\t<meta property=\"og:image:type\" content=\"image\/jpeg\" \/>\n<meta name=\"author\" content=\"Janina Kr\u00f6ger\" \/>\n<meta name=\"twitter:card\" content=\"summary_large_image\" \/>\n<meta name=\"twitter:label1\" content=\"Verfasst von\" \/>\n\t<meta name=\"twitter:data1\" content=\"Janina Kr\u00f6ger\" \/>\n\t<meta name=\"twitter:label2\" content=\"Gesch\u00e4tzte Lesezeit\" \/>\n\t<meta name=\"twitter:data2\" content=\"4\u00a0Minuten\" \/>\n<script type=\"application\/ld+json\" class=\"yoast-schema-graph\">{\"@context\":\"https:\\\/\\\/schema.org\",\"@graph\":[{\"@type\":\"Article\",\"@id\":\"https:\\\/\\\/pcspezialist.de\\\/blog\\\/2019\\\/04\\\/05\\\/facebook-datenschutz\\\/#article\",\"isPartOf\":{\"@id\":\"https:\\\/\\\/pcspezialist.de\\\/blog\\\/2019\\\/04\\\/05\\\/facebook-datenschutz\\\/\"},\"author\":{\"name\":\"Janina Kr\u00f6ger\",\"@id\":\"https:\\\/\\\/pcspezialist.de\\\/blog\\\/#\\\/schema\\\/person\\\/6cdcc7f81aad53aaccd2c8b8534867c3\"},\"headline\":\"Neue Panne bei Facebook-Datenschutz ## Nutzerdaten lagen ungesch\u00fctzt in der Amazon Cloud\",\"datePublished\":\"2019-04-05T10:24:28+00:00\",\"dateModified\":\"2024-03-22T07:23:41+00:00\",\"mainEntityOfPage\":{\"@id\":\"https:\\\/\\\/pcspezialist.de\\\/blog\\\/2019\\\/04\\\/05\\\/facebook-datenschutz\\\/\"},\"wordCount\":785,\"commentCount\":0,\"image\":{\"@id\":\"https:\\\/\\\/pcspezialist.de\\\/blog\\\/2019\\\/04\\\/05\\\/facebook-datenschutz\\\/#primaryimage\"},\"thumbnailUrl\":\"https:\\\/\\\/pcspezialist.de\\\/blog\\\/wp-content\\\/uploads\\\/2019\\\/04\\\/facebook-1084449_960_720.jpg\",\"keywords\":[\"Facebook\",\"Social Media\",\"Datenleck\",\"Nutzerdaten\"],\"articleSection\":[\"Verschiedenes\"],\"inLanguage\":\"de\",\"potentialAction\":[{\"@type\":\"CommentAction\",\"name\":\"Comment\",\"target\":[\"https:\\\/\\\/pcspezialist.de\\\/blog\\\/2019\\\/04\\\/05\\\/facebook-datenschutz\\\/#respond\"]}]},{\"@type\":\"WebPage\",\"@id\":\"https:\\\/\\\/pcspezialist.de\\\/blog\\\/2019\\\/04\\\/05\\\/facebook-datenschutz\\\/\",\"url\":\"https:\\\/\\\/pcspezialist.de\\\/blog\\\/2019\\\/04\\\/05\\\/facebook-datenschutz\\\/\",\"name\":\"Facebook-Datenschutz: Neue Panne legt 540 Millionen Daten \u00f6ffentlich\",\"isPartOf\":{\"@id\":\"https:\\\/\\\/pcspezialist.de\\\/blog\\\/#website\"},\"primaryImageOfPage\":{\"@id\":\"https:\\\/\\\/pcspezialist.de\\\/blog\\\/2019\\\/04\\\/05\\\/facebook-datenschutz\\\/#primaryimage\"},\"image\":{\"@id\":\"https:\\\/\\\/pcspezialist.de\\\/blog\\\/2019\\\/04\\\/05\\\/facebook-datenschutz\\\/#primaryimage\"},\"thumbnailUrl\":\"https:\\\/\\\/pcspezialist.de\\\/blog\\\/wp-content\\\/uploads\\\/2019\\\/04\\\/facebook-1084449_960_720.jpg\",\"datePublished\":\"2019-04-05T10:24:28+00:00\",\"dateModified\":\"2024-03-22T07:23:41+00:00\",\"author\":{\"@id\":\"https:\\\/\\\/pcspezialist.de\\\/blog\\\/#\\\/schema\\\/person\\\/6cdcc7f81aad53aaccd2c8b8534867c3\"},\"description\":\"Wieder gibt es Probleme mit dem Facebook-Datenschutz. Millionen Nutzerdaten waren auf \u00f6ffentlichen Servern zu sehen. Was passiert ist, erf\u00e4hrst du bei uns!\",\"breadcrumb\":{\"@id\":\"https:\\\/\\\/pcspezialist.de\\\/blog\\\/2019\\\/04\\\/05\\\/facebook-datenschutz\\\/#breadcrumb\"},\"inLanguage\":\"de\",\"potentialAction\":[{\"@type\":\"ReadAction\",\"target\":[\"https:\\\/\\\/pcspezialist.de\\\/blog\\\/2019\\\/04\\\/05\\\/facebook-datenschutz\\\/\"]}]},{\"@type\":\"ImageObject\",\"inLanguage\":\"de\",\"@id\":\"https:\\\/\\\/pcspezialist.de\\\/blog\\\/2019\\\/04\\\/05\\\/facebook-datenschutz\\\/#primaryimage\",\"url\":\"https:\\\/\\\/pcspezialist.de\\\/blog\\\/wp-content\\\/uploads\\\/2019\\\/04\\\/facebook-1084449_960_720.jpg\",\"contentUrl\":\"https:\\\/\\\/pcspezialist.de\\\/blog\\\/wp-content\\\/uploads\\\/2019\\\/04\\\/facebook-1084449_960_720.jpg\",\"width\":960,\"height\":720,\"caption\":\"Facebook-Datenschutz, Datenpanne, Facebook-Daten, Facebook-Nutzer, Datensicherheit. Bild: pixabay.com\\\/TheDigitalArtist\"},{\"@type\":\"BreadcrumbList\",\"@id\":\"https:\\\/\\\/pcspezialist.de\\\/blog\\\/2019\\\/04\\\/05\\\/facebook-datenschutz\\\/#breadcrumb\",\"itemListElement\":[{\"@type\":\"ListItem\",\"position\":1,\"name\":\"Startseite\",\"item\":\"https:\\\/\\\/pcspezialist.de\\\/blog\\\/\"},{\"@type\":\"ListItem\",\"position\":2,\"name\":\"Neue Panne bei Facebook-Datenschutz ## Nutzerdaten lagen ungesch\u00fctzt in der Amazon Cloud\"}]},{\"@type\":\"WebSite\",\"@id\":\"https:\\\/\\\/pcspezialist.de\\\/blog\\\/#website\",\"url\":\"https:\\\/\\\/pcspezialist.de\\\/blog\\\/\",\"name\":\"PC-SPEZIALIST Blog\",\"description\":\"IT-Service, Trends &amp; Technik\",\"potentialAction\":[{\"@type\":\"SearchAction\",\"target\":{\"@type\":\"EntryPoint\",\"urlTemplate\":\"https:\\\/\\\/pcspezialist.de\\\/blog\\\/?s={search_term_string}\"},\"query-input\":{\"@type\":\"PropertyValueSpecification\",\"valueRequired\":true,\"valueName\":\"search_term_string\"}}],\"inLanguage\":\"de\"},{\"@type\":\"Person\",\"@id\":\"https:\\\/\\\/pcspezialist.de\\\/blog\\\/#\\\/schema\\\/person\\\/6cdcc7f81aad53aaccd2c8b8534867c3\",\"name\":\"Janina Kr\u00f6ger\",\"description\":\"Seit Anfang 2019 unterst\u00fctzt Janina Kr\u00f6ger den PC-SPEZIALIST-Blog \u2013 anfangs in der Position der Online-Redakteurin und inzwischen als Content Marketing Managerin. Die studierte Germanistin\\\/Anglistin und ausgebildete Redakteurin beh\u00e4lt das Geschehen auf dem IT-Markt im Blick, verfolgt gespannt neue Trends und Technologien und beobachtet aktuelle Bedrohungen im Bereich des Cybercrime. Die relevantesten Infos werden dann in interessante Blog-Beitr\u00e4ge verpackt, um vor allem Unternehmen mit n\u00fctzlichem Wissen zu versorgen, das sie gewinnbringend f\u00fcr sich nutzen k\u00f6nnen. Der schreibenden Zunft geh\u00f6rt Janina Kr\u00f6ger bereits seit 2006 an, als sie ein Praktikum beim WESTF\u00c4LISCHEN VOLKSBLATT absolvierte und der Regionalzeitung anschlie\u00dfend als Freie Mitarbeiterin erhalten blieb. Nach ihrem Studium an der Universit\u00e4t Paderborn ging es mit Hospitanz, Volontariat und Redakteurs-Posten beim WESTFALEN-BLATT vollends in den Journalismus. Mit dem Wechsel zum Publicpress Verlag lernte Janina Kr\u00f6ger als Text-Redakteurin ein f\u00fcr sie neues Themengebiet kennen: Die Produktion von Reisef\u00fchrern, Wanderf\u00fchrern und Radtourenf\u00fchrern sowie die Erstellung von Freizeitkarten und Stadtpl\u00e4nen waren die neuen Aufgaben \u2013 allerdings sollten Google Maps und Co. dem Erfolg des Verlags bald ein Ende setzen. F\u00fcr Janina Kr\u00f6ger bedeutete das: Als n\u00e4chstes muss ein Job in einem Themengebiet mit besseren Zukunftsaussichten her \u2013 die IT-Branche schien da genau richtig! Seit 2019 f\u00fchlt sich die gelernte Redakteurin nun bei der SYNAXON AG als Mutterunternehmen von PC-SPEZIALIST bestens aufgehoben und ist nach einer kurzen Elternzeit inzwischen wieder voll im Tagesgesch\u00e4ft angekommen. In ihrer Freizeit tauscht Janina Kr\u00f6ger den Laptop gern gegen ihre Back- und Kochutensilien aus. Zeit mit ihrer Familie hat h\u00f6chste Priorit\u00e4t. Andere Hobbies wie das Lesen, Hulahoop-Schwingen und Trampolin-H\u00fcpfen sind daher zuletzt etwas in den Hintergrund getreten.\",\"url\":\"https:\\\/\\\/pcspezialist.de\\\/blog\\\/author\\\/janina-kroegersynaxon-de\\\/\"}]}<\/script>\n<!-- \/ Yoast SEO plugin. -->","yoast_head_json":{"title":"Facebook-Datenschutz: Neue Panne legt 540 Millionen Daten \u00f6ffentlich","description":"Wieder gibt es Probleme mit dem Facebook-Datenschutz. Millionen Nutzerdaten waren auf \u00f6ffentlichen Servern zu sehen. Was passiert ist, erf\u00e4hrst du bei uns!","robots":{"index":"index","follow":"follow","max-snippet":"max-snippet:-1","max-image-preview":"max-image-preview:large","max-video-preview":"max-video-preview:-1"},"canonical":"https:\/\/pcspezialist.de\/blog\/2019\/04\/05\/facebook-datenschutz\/","og_locale":"de_DE","og_type":"article","og_title":"Facebook-Datenschutz: Neue Panne legt 540 Millionen Daten \u00f6ffentlich","og_description":"Wieder gibt es Probleme mit dem Facebook-Datenschutz. Millionen Nutzerdaten waren auf \u00f6ffentlichen Servern zu sehen. Was passiert ist, erf\u00e4hrst du bei uns!","og_url":"https:\/\/pcspezialist.de\/blog\/2019\/04\/05\/facebook-datenschutz\/","og_site_name":"PC-SPEZIALIST Blog","article_published_time":"2019-04-05T10:24:28+00:00","article_modified_time":"2024-03-22T07:23:41+00:00","og_image":[{"width":960,"height":720,"url":"https:\/\/pcspezialist.de\/blog\/wp-content\/uploads\/2019\/04\/facebook-1084449_960_720.jpg","type":"image\/jpeg"}],"author":"Janina Kr\u00f6ger","twitter_card":"summary_large_image","twitter_misc":{"Verfasst von":"Janina Kr\u00f6ger","Gesch\u00e4tzte Lesezeit":"4\u00a0Minuten"},"schema":{"@context":"https:\/\/schema.org","@graph":[{"@type":"Article","@id":"https:\/\/pcspezialist.de\/blog\/2019\/04\/05\/facebook-datenschutz\/#article","isPartOf":{"@id":"https:\/\/pcspezialist.de\/blog\/2019\/04\/05\/facebook-datenschutz\/"},"author":{"name":"Janina Kr\u00f6ger","@id":"https:\/\/pcspezialist.de\/blog\/#\/schema\/person\/6cdcc7f81aad53aaccd2c8b8534867c3"},"headline":"Neue Panne bei Facebook-Datenschutz ## Nutzerdaten lagen ungesch\u00fctzt in der Amazon Cloud","datePublished":"2019-04-05T10:24:28+00:00","dateModified":"2024-03-22T07:23:41+00:00","mainEntityOfPage":{"@id":"https:\/\/pcspezialist.de\/blog\/2019\/04\/05\/facebook-datenschutz\/"},"wordCount":785,"commentCount":0,"image":{"@id":"https:\/\/pcspezialist.de\/blog\/2019\/04\/05\/facebook-datenschutz\/#primaryimage"},"thumbnailUrl":"https:\/\/pcspezialist.de\/blog\/wp-content\/uploads\/2019\/04\/facebook-1084449_960_720.jpg","keywords":["Facebook","Social Media","Datenleck","Nutzerdaten"],"articleSection":["Verschiedenes"],"inLanguage":"de","potentialAction":[{"@type":"CommentAction","name":"Comment","target":["https:\/\/pcspezialist.de\/blog\/2019\/04\/05\/facebook-datenschutz\/#respond"]}]},{"@type":"WebPage","@id":"https:\/\/pcspezialist.de\/blog\/2019\/04\/05\/facebook-datenschutz\/","url":"https:\/\/pcspezialist.de\/blog\/2019\/04\/05\/facebook-datenschutz\/","name":"Facebook-Datenschutz: Neue Panne legt 540 Millionen Daten \u00f6ffentlich","isPartOf":{"@id":"https:\/\/pcspezialist.de\/blog\/#website"},"primaryImageOfPage":{"@id":"https:\/\/pcspezialist.de\/blog\/2019\/04\/05\/facebook-datenschutz\/#primaryimage"},"image":{"@id":"https:\/\/pcspezialist.de\/blog\/2019\/04\/05\/facebook-datenschutz\/#primaryimage"},"thumbnailUrl":"https:\/\/pcspezialist.de\/blog\/wp-content\/uploads\/2019\/04\/facebook-1084449_960_720.jpg","datePublished":"2019-04-05T10:24:28+00:00","dateModified":"2024-03-22T07:23:41+00:00","author":{"@id":"https:\/\/pcspezialist.de\/blog\/#\/schema\/person\/6cdcc7f81aad53aaccd2c8b8534867c3"},"description":"Wieder gibt es Probleme mit dem Facebook-Datenschutz. Millionen Nutzerdaten waren auf \u00f6ffentlichen Servern zu sehen. Was passiert ist, erf\u00e4hrst du bei uns!","breadcrumb":{"@id":"https:\/\/pcspezialist.de\/blog\/2019\/04\/05\/facebook-datenschutz\/#breadcrumb"},"inLanguage":"de","potentialAction":[{"@type":"ReadAction","target":["https:\/\/pcspezialist.de\/blog\/2019\/04\/05\/facebook-datenschutz\/"]}]},{"@type":"ImageObject","inLanguage":"de","@id":"https:\/\/pcspezialist.de\/blog\/2019\/04\/05\/facebook-datenschutz\/#primaryimage","url":"https:\/\/pcspezialist.de\/blog\/wp-content\/uploads\/2019\/04\/facebook-1084449_960_720.jpg","contentUrl":"https:\/\/pcspezialist.de\/blog\/wp-content\/uploads\/2019\/04\/facebook-1084449_960_720.jpg","width":960,"height":720,"caption":"Facebook-Datenschutz, Datenpanne, Facebook-Daten, Facebook-Nutzer, Datensicherheit. Bild: pixabay.com\/TheDigitalArtist"},{"@type":"BreadcrumbList","@id":"https:\/\/pcspezialist.de\/blog\/2019\/04\/05\/facebook-datenschutz\/#breadcrumb","itemListElement":[{"@type":"ListItem","position":1,"name":"Startseite","item":"https:\/\/pcspezialist.de\/blog\/"},{"@type":"ListItem","position":2,"name":"Neue Panne bei Facebook-Datenschutz ## Nutzerdaten lagen ungesch\u00fctzt in der Amazon Cloud"}]},{"@type":"WebSite","@id":"https:\/\/pcspezialist.de\/blog\/#website","url":"https:\/\/pcspezialist.de\/blog\/","name":"PC-SPEZIALIST Blog","description":"IT-Service, Trends &amp; Technik","potentialAction":[{"@type":"SearchAction","target":{"@type":"EntryPoint","urlTemplate":"https:\/\/pcspezialist.de\/blog\/?s={search_term_string}"},"query-input":{"@type":"PropertyValueSpecification","valueRequired":true,"valueName":"search_term_string"}}],"inLanguage":"de"},{"@type":"Person","@id":"https:\/\/pcspezialist.de\/blog\/#\/schema\/person\/6cdcc7f81aad53aaccd2c8b8534867c3","name":"Janina Kr\u00f6ger","description":"Seit Anfang 2019 unterst\u00fctzt Janina Kr\u00f6ger den PC-SPEZIALIST-Blog \u2013 anfangs in der Position der Online-Redakteurin und inzwischen als Content Marketing Managerin. Die studierte Germanistin\/Anglistin und ausgebildete Redakteurin beh\u00e4lt das Geschehen auf dem IT-Markt im Blick, verfolgt gespannt neue Trends und Technologien und beobachtet aktuelle Bedrohungen im Bereich des Cybercrime. Die relevantesten Infos werden dann in interessante Blog-Beitr\u00e4ge verpackt, um vor allem Unternehmen mit n\u00fctzlichem Wissen zu versorgen, das sie gewinnbringend f\u00fcr sich nutzen k\u00f6nnen. Der schreibenden Zunft geh\u00f6rt Janina Kr\u00f6ger bereits seit 2006 an, als sie ein Praktikum beim WESTF\u00c4LISCHEN VOLKSBLATT absolvierte und der Regionalzeitung anschlie\u00dfend als Freie Mitarbeiterin erhalten blieb. Nach ihrem Studium an der Universit\u00e4t Paderborn ging es mit Hospitanz, Volontariat und Redakteurs-Posten beim WESTFALEN-BLATT vollends in den Journalismus. Mit dem Wechsel zum Publicpress Verlag lernte Janina Kr\u00f6ger als Text-Redakteurin ein f\u00fcr sie neues Themengebiet kennen: Die Produktion von Reisef\u00fchrern, Wanderf\u00fchrern und Radtourenf\u00fchrern sowie die Erstellung von Freizeitkarten und Stadtpl\u00e4nen waren die neuen Aufgaben \u2013 allerdings sollten Google Maps und Co. dem Erfolg des Verlags bald ein Ende setzen. F\u00fcr Janina Kr\u00f6ger bedeutete das: Als n\u00e4chstes muss ein Job in einem Themengebiet mit besseren Zukunftsaussichten her \u2013 die IT-Branche schien da genau richtig! Seit 2019 f\u00fchlt sich die gelernte Redakteurin nun bei der SYNAXON AG als Mutterunternehmen von PC-SPEZIALIST bestens aufgehoben und ist nach einer kurzen Elternzeit inzwischen wieder voll im Tagesgesch\u00e4ft angekommen. In ihrer Freizeit tauscht Janina Kr\u00f6ger den Laptop gern gegen ihre Back- und Kochutensilien aus. Zeit mit ihrer Familie hat h\u00f6chste Priorit\u00e4t. Andere Hobbies wie das Lesen, Hulahoop-Schwingen und Trampolin-H\u00fcpfen sind daher zuletzt etwas in den Hintergrund getreten.","url":"https:\/\/pcspezialist.de\/blog\/author\/janina-kroegersynaxon-de\/"}]}},"_links":{"self":[{"href":"https:\/\/pcspezialist.de\/blog\/wp-json\/wp\/v2\/posts\/44233","targetHints":{"allow":["GET"]}}],"collection":[{"href":"https:\/\/pcspezialist.de\/blog\/wp-json\/wp\/v2\/posts"}],"about":[{"href":"https:\/\/pcspezialist.de\/blog\/wp-json\/wp\/v2\/types\/post"}],"author":[{"embeddable":true,"href":"https:\/\/pcspezialist.de\/blog\/wp-json\/wp\/v2\/users\/113"}],"replies":[{"embeddable":true,"href":"https:\/\/pcspezialist.de\/blog\/wp-json\/wp\/v2\/comments?post=44233"}],"version-history":[{"count":36,"href":"https:\/\/pcspezialist.de\/blog\/wp-json\/wp\/v2\/posts\/44233\/revisions"}],"predecessor-version":[{"id":44326,"href":"https:\/\/pcspezialist.de\/blog\/wp-json\/wp\/v2\/posts\/44233\/revisions\/44326"}],"wp:featuredmedia":[{"embeddable":true,"href":"https:\/\/pcspezialist.de\/blog\/wp-json\/wp\/v2\/media\/44243"}],"wp:attachment":[{"href":"https:\/\/pcspezialist.de\/blog\/wp-json\/wp\/v2\/media?parent=44233"}],"wp:term":[{"taxonomy":"category","embeddable":true,"href":"https:\/\/pcspezialist.de\/blog\/wp-json\/wp\/v2\/categories?post=44233"},{"taxonomy":"post_tag","embeddable":true,"href":"https:\/\/pcspezialist.de\/blog\/wp-json\/wp\/v2\/tags?post=44233"}],"curies":[{"name":"wp","href":"https:\/\/api.w.org\/{rel}","templated":true}]}}