{"id":44183,"date":"2019-04-02T12:20:24","date_gmt":"2019-04-02T10:20:24","guid":{"rendered":"https:\/\/www.pcspezialist.de\/blog\/?p=44183"},"modified":"2024-11-06T11:19:25","modified_gmt":"2024-11-06T10:19:25","slug":"apple-airpower-entwicklung-eingestellt","status":"publish","type":"post","link":"https:\/\/pcspezialist.de\/blog\/2019\/04\/02\/apple-airpower-entwicklung-eingestellt\/","title":{"rendered":"Apple AirPower: Entwicklung eingestellt ## Apple zieht kabellose Ladematte offiziell zur\u00fcck"},"content":{"rendered":"<p><strong>Schon im Jahr 2017 hatte Apple seine Ladematte AirPower angek\u00fcndigt. Nun folgt der R\u00fcckzug aus der Entwicklung des kabellosen Ladeger\u00e4ts. Das gab Apple auch offiziell bekannt.<\/strong><\/p>\n<p>Was eigentlich hinter AirPower steckt und warum Apple die Entwicklung eingestellt hat, lest ihr bei uns.<\/p>\n<p><!--more--><\/p>\n<h3>Ladematte AirPower: Entwicklung offiziell eingestellt<\/h3>\n<p>Neben der <a href=\"https:\/\/pcspezialist.de\/blog\/2017\/09\/14\/jubilaeums-iphone\/\">Ank\u00fcndigung des iPhone X<\/a> hatte auch die Ladematte AirPower auf dem Apple Event 2017 einige Aufmerksamkeit auf sich gezogen. Doch dann folgte die Ern\u00fcchterung. Bis heute ist die kabellose Ladematte, die bis zu drei Apple-Ger\u00e4te gleichzeitig laden sollte, n\u00e4mlich nicht erschienen. Und seit kurzem steht fest: AirPower wird auch nie in der urspr\u00fcnglich geplanten Form erscheinen. Das gab Apple nun offiziell in einem <a href=\"https:\/\/techcrunch.com\/2019\/03\/29\/apple-cancels-airpower-product-citing-inability-to-meet-its-high-standards-for-hardware\/?guccounter=1&amp;guce_referrer_us=aHR0cHM6Ly93d3cuY2hpcC5kZS9uZXdzL0FwcGxlLWdpYnQtRW50d2lja2x1bmctZW5kZ3VlbHRpZy1hdWYtaVBob25lLVJpZXNlLWlzdC1rbGFlZ2xpY2gtYW4tUHJvZHVrdC1nZXNjaGVpdGVydF8xNjUzNTU1MDkuaHRtbA&amp;guce_referrer_cs=S1XIki5aN_B3DZKfVaPsog\" target=\"_blank\" rel=\"noopener noreferrer\">Statement gegen\u00fcber dem Technik-Newsportal Techcrunch<\/a> bekannt.<\/p>\n<p>Zwar glaubt Apples Chef-Entwickler Dan Riccio nach wie vor, dass die Zukunft kabellos sein wird. Allerdings wird AirPower keinen Anteil daran haben. Im Statement erkl\u00e4rt Riccio, dass Apples kabelloses Ladeger\u00e4t nicht den hohen Anspr\u00fcchen des Konzerns gen\u00fcgen w\u00fcrde. Darum hat Apple die Weiterentwicklung der Ladematte nun endg\u00fcltig eingestellt. Gleichzeitig betont Riccio jedoch, dass Apple auch in Zukunft daran arbeiten werde, die kabellose Nutzererfahrung weiter voranzutreiben.<\/p>\n<div id=\"attachment_44193\" style=\"width: 677px\" class=\"wp-caption alignright\"><a href=\"https:\/\/pcspezialist.de\/blog\/wp-content\/uploads\/2019\/04\/airpower-ladematte-zurueckgezogen.jpg\" data-rel=\"lightbox-image-0\" data-rl_title=\"\" data-rl_caption=\"\" title=\"\"><img loading=\"lazy\" decoding=\"async\" aria-describedby=\"caption-attachment-44193\" class=\"size-medium wp-image-44193\" src=\"https:\/\/pcspezialist.de\/blog\/wp-content\/uploads\/2019\/04\/airpower-ladematte-zurueckgezogen-667x500.jpg\" alt=\"iPhone-Ladeger\u00e4t auf Holztisch liegend ((Bild: pixabay.com\/kropekk_pl)\" width=\"667\" height=\"500\" srcset=\"https:\/\/pcspezialist.de\/blog\/wp-content\/uploads\/2019\/04\/airpower-ladematte-zurueckgezogen-667x500.jpg 667w, https:\/\/pcspezialist.de\/blog\/wp-content\/uploads\/2019\/04\/airpower-ladematte-zurueckgezogen-768x576.jpg 768w, https:\/\/pcspezialist.de\/blog\/wp-content\/uploads\/2019\/04\/airpower-ladematte-zurueckgezogen-933x700.jpg 933w, https:\/\/pcspezialist.de\/blog\/wp-content\/uploads\/2019\/04\/airpower-ladematte-zurueckgezogen.jpg 960w\" sizes=\"auto, (max-width: 667px) 100vw, 667px\" \/><\/a><p id=\"caption-attachment-44193\" class=\"wp-caption-text\">Mit AirPower sollte kabelloses Laden bei Apple zum Standard werden. Nun wurde die Entwicklung daran eingestellt. (Bild: pixabay.com\/kropekk_pl)<\/p><\/div>\n<h3>Woran scheiterte Apples kabellose Ladematte?<\/h3>\n<p>Woran Apples kabelloses Ladeger\u00e4t letztendlich scheiterte, gab Riccio in seinem Statement nicht bekannt. Allerdings liegt die Vermutung nahe, dass die Ladematte an den Grenzen der Physik scheiterte.<\/p>\n<p>Das urspr\u00fcngliche Patent der Ladematte zeigt, dass Apple darin bis zu 32 Spulen verbauen wollte, mit deren Hilfe bis zu drei Ger\u00e4te wie iPhones, AirPods und Apple Watch geladen werden sollten. Zudem sollte die Ladematte aufrollbar sein, sodass Nutzer sie einfach mitnehmen und unterwegs nutzen k\u00f6nnen, um ihre Ger\u00e4te zu laden.<\/p>\n<h4>\u00dcberhitzung der Ladematte macht Probleme<\/h4>\n<p>Das Problem an der Sache: Je mehr Spulen auf engstem Raum in der Ladematte verbaut sind, desto schwieriger ist es, eine \u00dcberhitzung zu vermeiden. Genau das d\u00fcrfte nun das Todesurteil f\u00fcr die AirPower-Matte gewesen sein, denn wie es scheint, lie\u00df sich dieses Problem nicht in den Griff bekommen.<\/p>\n<p>Auch die hohen Produktionskosten und Unzuverl\u00e4ssigkeiten beim Ladevorgang werden als m\u00f6gliche Gr\u00fcnde f\u00fcr die Einstellung der Entwicklung gehandelt. Dennoch darf man dabei nicht vergessen, dass Apple die Anforderungslatte bei AirPower sehr hoch gelegt hat. Zu hoch, wie sich in diesem Fall herausstellte.<\/p>\n<h3>Langsamer Abschied von Apples Hardware-Sparte?<\/h3>\n<p>AirPower wurde lange Zeit als Apples Prestige-Projekt bezeichnet. Doch zuletzt konnte Apple nur noch selten mit neuer Hardware \u00fcberzeugen. Die aktuellsten iPhones XR, XS und XS Max verkaufen sich unter den Erwartungen, es gibt immer wieder Sicherheitsl\u00fccken <a href=\"https:\/\/pcspezialist.de\/blog\/2019\/01\/29\/facetime-konferenz-sicherheitsluecke\/\">in iOS<\/a> und <a href=\"https:\/\/pcspezialist.de\/blog\/2019\/02\/06\/macos-passwortverwaltung-angreifbar\/\">macOS<\/a> und auch die teuren MacBook Pros haben wiederkehrende Hardwareprobleme. Dass die Entwicklung der kabellosen Ladematte nun eingestellt wurde, bevor sie \u00fcberhaupt erschienen ist, passt also in das aktuelle Problemschema.<\/p>\n<p>So ist es wenig verwunderlich, dass an manchen Ecken des Internets schon die Abkehr Apples vom Hardware-Gesch\u00e4ft prophezeit wird. Tats\u00e4chlich hat Apple erst vergangene Woche auf seinem Special Event eine ganze <a href=\"https:\/\/pcspezialist.de\/blog\/2019\/03\/26\/apple-arcade-vorgestellt\/\">Reihe an Dienstleistungen<\/a>, darunter das Streaming-Portal Apple TV+ und das Spiele-Abo Apple Arcade, vorgestellt.<\/p>\n<p>Dass sich der Konzern allerdings komplett aus dem Hardware-Gesch\u00e4ft zur\u00fcckzieht, ist mehr als unwahrscheinlich. Dennoch scheint sich bei der Marktausrichtung Apples gerade einiges zu tun. Man darf also gespannt sein, welche Neuheiten Apple in Zukunft aus dem Hut zaubern wird, um den Anschluss an die Konkurrenz nicht zu verlieren.<\/p>\n<p>Ihr habt ein defektes Apple-Ger\u00e4t und ben\u00f6tigt Hilfe bei der Reparatur? Dann kommt zu eurem <a href=\"https:\/\/pcspezialist.de\/it-service-anbieter-finden.html\">PC-SPEZIALIST vor Ort<\/a> und lasst euch zu den Reparaturm\u00f6glichkeiten f\u00fcr <a href=\"https:\/\/pcspezialist.de\/displayreparatur-apple-iphone.html\">iPhone<\/a> und <a href=\"https:\/\/pcspezialist.de\/macbook-reparatur.html\">MacBook<\/a> beraten.<\/p>\n","protected":false},"excerpt":{"rendered":"<p>Schon im Jahr 2017 hatte Apple seine Ladematte AirPower angek\u00fcndigt. Nun folgt der R\u00fcckzug aus der Entwicklung des kabellosen Ladeger\u00e4ts. Das gab Apple auch offiziell bekannt. Was eigentlich hinter AirPower steckt und warum Apple die Entwicklung eingestellt hat, lest ihr bei uns.<\/p>\n","protected":false},"author":105,"featured_media":44191,"comment_status":"open","ping_status":"closed","sticky":false,"template":"","format":"standard","meta":{"footnotes":""},"categories":[6913],"tags":[1094],"class_list":["post-44183","post","type-post","status-publish","format-standard","has-post-thumbnail","hentry","category-verschiedenes","tag-apple"],"yoast_head":"<!-- This site is optimized with the Yoast SEO plugin v27.4 - https:\/\/yoast.com\/product\/yoast-seo-wordpress\/ -->\n<title>Apple AirPower abgesagt \u2013 Apple zieht Ladematte offiziell zur\u00fcck<\/title>\n<meta name=\"description\" content=\"Schon 2017 angek\u00fcndigt, ist Apples Ladematte AirPower noch nicht immer nicht erschienen. Nun stellt Apple die Entwicklung offiziell ein. Infos hier.\" \/>\n<meta name=\"robots\" content=\"index, follow, max-snippet:-1, max-image-preview:large, max-video-preview:-1\" \/>\n<link rel=\"canonical\" href=\"https:\/\/pcspezialist.de\/blog\/2019\/04\/02\/apple-airpower-entwicklung-eingestellt\/\" \/>\n<meta property=\"og:locale\" content=\"de_DE\" \/>\n<meta property=\"og:type\" content=\"article\" \/>\n<meta property=\"og:title\" content=\"Apple AirPower abgesagt \u2013 Apple zieht Ladematte offiziell zur\u00fcck\" \/>\n<meta property=\"og:description\" content=\"Schon 2017 angek\u00fcndigt, ist Apples Ladematte AirPower noch nicht immer nicht erschienen. Nun stellt Apple die Entwicklung offiziell ein. Infos hier.\" \/>\n<meta property=\"og:url\" content=\"https:\/\/pcspezialist.de\/blog\/2019\/04\/02\/apple-airpower-entwicklung-eingestellt\/\" \/>\n<meta property=\"og:site_name\" content=\"PC-SPEZIALIST Blog\" \/>\n<meta property=\"article:published_time\" content=\"2019-04-02T10:20:24+00:00\" \/>\n<meta property=\"article:modified_time\" content=\"2024-11-06T10:19:25+00:00\" \/>\n<meta property=\"og:image\" content=\"https:\/\/pcspezialist.de\/blog\/wp-content\/uploads\/2019\/04\/airpower-ladematte-eingestellt.jpg\" \/>\n\t<meta property=\"og:image:width\" content=\"960\" \/>\n\t<meta property=\"og:image:height\" content=\"676\" \/>\n\t<meta property=\"og:image:type\" content=\"image\/jpeg\" \/>\n<meta name=\"author\" content=\"Stefanie Sch\u00e4fers\" \/>\n<meta name=\"twitter:card\" content=\"summary_large_image\" \/>\n<meta name=\"twitter:label1\" content=\"Verfasst von\" \/>\n\t<meta name=\"twitter:data1\" content=\"Stefanie Sch\u00e4fers\" \/>\n\t<meta name=\"twitter:label2\" content=\"Gesch\u00e4tzte Lesezeit\" \/>\n\t<meta name=\"twitter:data2\" content=\"3\u00a0Minuten\" \/>\n<script type=\"application\/ld+json\" class=\"yoast-schema-graph\">{\"@context\":\"https:\\\/\\\/schema.org\",\"@graph\":[{\"@type\":\"Article\",\"@id\":\"https:\\\/\\\/pcspezialist.de\\\/blog\\\/2019\\\/04\\\/02\\\/apple-airpower-entwicklung-eingestellt\\\/#article\",\"isPartOf\":{\"@id\":\"https:\\\/\\\/pcspezialist.de\\\/blog\\\/2019\\\/04\\\/02\\\/apple-airpower-entwicklung-eingestellt\\\/\"},\"author\":{\"name\":\"Stefanie Sch\u00e4fers\",\"@id\":\"https:\\\/\\\/pcspezialist.de\\\/blog\\\/#\\\/schema\\\/person\\\/bda551421759889a572d1f0490aab0bf\"},\"headline\":\"Apple AirPower: Entwicklung eingestellt ## Apple zieht kabellose Ladematte offiziell zur\u00fcck\",\"datePublished\":\"2019-04-02T10:20:24+00:00\",\"dateModified\":\"2024-11-06T10:19:25+00:00\",\"mainEntityOfPage\":{\"@id\":\"https:\\\/\\\/pcspezialist.de\\\/blog\\\/2019\\\/04\\\/02\\\/apple-airpower-entwicklung-eingestellt\\\/\"},\"wordCount\":630,\"commentCount\":0,\"image\":{\"@id\":\"https:\\\/\\\/pcspezialist.de\\\/blog\\\/2019\\\/04\\\/02\\\/apple-airpower-entwicklung-eingestellt\\\/#primaryimage\"},\"thumbnailUrl\":\"https:\\\/\\\/pcspezialist.de\\\/blog\\\/wp-content\\\/uploads\\\/2019\\\/04\\\/airpower-ladematte-eingestellt.jpg\",\"keywords\":[\"Apple\"],\"articleSection\":[\"Verschiedenes\"],\"inLanguage\":\"de\",\"potentialAction\":[{\"@type\":\"CommentAction\",\"name\":\"Comment\",\"target\":[\"https:\\\/\\\/pcspezialist.de\\\/blog\\\/2019\\\/04\\\/02\\\/apple-airpower-entwicklung-eingestellt\\\/#respond\"]}]},{\"@type\":\"WebPage\",\"@id\":\"https:\\\/\\\/pcspezialist.de\\\/blog\\\/2019\\\/04\\\/02\\\/apple-airpower-entwicklung-eingestellt\\\/\",\"url\":\"https:\\\/\\\/pcspezialist.de\\\/blog\\\/2019\\\/04\\\/02\\\/apple-airpower-entwicklung-eingestellt\\\/\",\"name\":\"Apple AirPower abgesagt \u2013 Apple zieht Ladematte offiziell zur\u00fcck\",\"isPartOf\":{\"@id\":\"https:\\\/\\\/pcspezialist.de\\\/blog\\\/#website\"},\"primaryImageOfPage\":{\"@id\":\"https:\\\/\\\/pcspezialist.de\\\/blog\\\/2019\\\/04\\\/02\\\/apple-airpower-entwicklung-eingestellt\\\/#primaryimage\"},\"image\":{\"@id\":\"https:\\\/\\\/pcspezialist.de\\\/blog\\\/2019\\\/04\\\/02\\\/apple-airpower-entwicklung-eingestellt\\\/#primaryimage\"},\"thumbnailUrl\":\"https:\\\/\\\/pcspezialist.de\\\/blog\\\/wp-content\\\/uploads\\\/2019\\\/04\\\/airpower-ladematte-eingestellt.jpg\",\"datePublished\":\"2019-04-02T10:20:24+00:00\",\"dateModified\":\"2024-11-06T10:19:25+00:00\",\"author\":{\"@id\":\"https:\\\/\\\/pcspezialist.de\\\/blog\\\/#\\\/schema\\\/person\\\/bda551421759889a572d1f0490aab0bf\"},\"description\":\"Schon 2017 angek\u00fcndigt, ist Apples Ladematte AirPower noch nicht immer nicht erschienen. Nun stellt Apple die Entwicklung offiziell ein. Infos hier.\",\"breadcrumb\":{\"@id\":\"https:\\\/\\\/pcspezialist.de\\\/blog\\\/2019\\\/04\\\/02\\\/apple-airpower-entwicklung-eingestellt\\\/#breadcrumb\"},\"inLanguage\":\"de\",\"potentialAction\":[{\"@type\":\"ReadAction\",\"target\":[\"https:\\\/\\\/pcspezialist.de\\\/blog\\\/2019\\\/04\\\/02\\\/apple-airpower-entwicklung-eingestellt\\\/\"]}]},{\"@type\":\"ImageObject\",\"inLanguage\":\"de\",\"@id\":\"https:\\\/\\\/pcspezialist.de\\\/blog\\\/2019\\\/04\\\/02\\\/apple-airpower-entwicklung-eingestellt\\\/#primaryimage\",\"url\":\"https:\\\/\\\/pcspezialist.de\\\/blog\\\/wp-content\\\/uploads\\\/2019\\\/04\\\/airpower-ladematte-eingestellt.jpg\",\"contentUrl\":\"https:\\\/\\\/pcspezialist.de\\\/blog\\\/wp-content\\\/uploads\\\/2019\\\/04\\\/airpower-ladematte-eingestellt.jpg\",\"width\":960,\"height\":676,\"caption\":\"Ladendes Smartphone, das nicht von AirPower profitieren wird. (Bild: pixabay.com\\\/StockSnap)\"},{\"@type\":\"BreadcrumbList\",\"@id\":\"https:\\\/\\\/pcspezialist.de\\\/blog\\\/2019\\\/04\\\/02\\\/apple-airpower-entwicklung-eingestellt\\\/#breadcrumb\",\"itemListElement\":[{\"@type\":\"ListItem\",\"position\":1,\"name\":\"Startseite\",\"item\":\"https:\\\/\\\/pcspezialist.de\\\/blog\\\/\"},{\"@type\":\"ListItem\",\"position\":2,\"name\":\"Apple AirPower: Entwicklung eingestellt ## Apple zieht kabellose Ladematte offiziell zur\u00fcck\"}]},{\"@type\":\"WebSite\",\"@id\":\"https:\\\/\\\/pcspezialist.de\\\/blog\\\/#website\",\"url\":\"https:\\\/\\\/pcspezialist.de\\\/blog\\\/\",\"name\":\"PC-SPEZIALIST Blog\",\"description\":\"IT-Service, Trends &amp; Technik\",\"potentialAction\":[{\"@type\":\"SearchAction\",\"target\":{\"@type\":\"EntryPoint\",\"urlTemplate\":\"https:\\\/\\\/pcspezialist.de\\\/blog\\\/?s={search_term_string}\"},\"query-input\":{\"@type\":\"PropertyValueSpecification\",\"valueRequired\":true,\"valueName\":\"search_term_string\"}}],\"inLanguage\":\"de\"},{\"@type\":\"Person\",\"@id\":\"https:\\\/\\\/pcspezialist.de\\\/blog\\\/#\\\/schema\\\/person\\\/bda551421759889a572d1f0490aab0bf\",\"name\":\"Stefanie Sch\u00e4fers\",\"description\":\"Stefanie Sch\u00e4fers war von Januar 2018 bis April 2019 Content-Redakteurin f\u00fcr den PC-SPEZIALIST-Blog. Zuvor arbeitete die studierte Anglistin als Redakteurin f\u00fcr die IT-Fachmagazine PHP Magazin, Entwickler Magazin und Mobile Technology sowie die Online-Plattform entwickler.de.\",\"url\":\"https:\\\/\\\/pcspezialist.de\\\/blog\\\/author\\\/sschaefers\\\/\"}]}<\/script>\n<!-- \/ Yoast SEO plugin. -->","yoast_head_json":{"title":"Apple AirPower abgesagt \u2013 Apple zieht Ladematte offiziell zur\u00fcck","description":"Schon 2017 angek\u00fcndigt, ist Apples Ladematte AirPower noch nicht immer nicht erschienen. Nun stellt Apple die Entwicklung offiziell ein. Infos hier.","robots":{"index":"index","follow":"follow","max-snippet":"max-snippet:-1","max-image-preview":"max-image-preview:large","max-video-preview":"max-video-preview:-1"},"canonical":"https:\/\/pcspezialist.de\/blog\/2019\/04\/02\/apple-airpower-entwicklung-eingestellt\/","og_locale":"de_DE","og_type":"article","og_title":"Apple AirPower abgesagt \u2013 Apple zieht Ladematte offiziell zur\u00fcck","og_description":"Schon 2017 angek\u00fcndigt, ist Apples Ladematte AirPower noch nicht immer nicht erschienen. Nun stellt Apple die Entwicklung offiziell ein. Infos hier.","og_url":"https:\/\/pcspezialist.de\/blog\/2019\/04\/02\/apple-airpower-entwicklung-eingestellt\/","og_site_name":"PC-SPEZIALIST Blog","article_published_time":"2019-04-02T10:20:24+00:00","article_modified_time":"2024-11-06T10:19:25+00:00","og_image":[{"width":960,"height":676,"url":"https:\/\/pcspezialist.de\/blog\/wp-content\/uploads\/2019\/04\/airpower-ladematte-eingestellt.jpg","type":"image\/jpeg"}],"author":"Stefanie Sch\u00e4fers","twitter_card":"summary_large_image","twitter_misc":{"Verfasst von":"Stefanie Sch\u00e4fers","Gesch\u00e4tzte Lesezeit":"3\u00a0Minuten"},"schema":{"@context":"https:\/\/schema.org","@graph":[{"@type":"Article","@id":"https:\/\/pcspezialist.de\/blog\/2019\/04\/02\/apple-airpower-entwicklung-eingestellt\/#article","isPartOf":{"@id":"https:\/\/pcspezialist.de\/blog\/2019\/04\/02\/apple-airpower-entwicklung-eingestellt\/"},"author":{"name":"Stefanie Sch\u00e4fers","@id":"https:\/\/pcspezialist.de\/blog\/#\/schema\/person\/bda551421759889a572d1f0490aab0bf"},"headline":"Apple AirPower: Entwicklung eingestellt ## Apple zieht kabellose Ladematte offiziell zur\u00fcck","datePublished":"2019-04-02T10:20:24+00:00","dateModified":"2024-11-06T10:19:25+00:00","mainEntityOfPage":{"@id":"https:\/\/pcspezialist.de\/blog\/2019\/04\/02\/apple-airpower-entwicklung-eingestellt\/"},"wordCount":630,"commentCount":0,"image":{"@id":"https:\/\/pcspezialist.de\/blog\/2019\/04\/02\/apple-airpower-entwicklung-eingestellt\/#primaryimage"},"thumbnailUrl":"https:\/\/pcspezialist.de\/blog\/wp-content\/uploads\/2019\/04\/airpower-ladematte-eingestellt.jpg","keywords":["Apple"],"articleSection":["Verschiedenes"],"inLanguage":"de","potentialAction":[{"@type":"CommentAction","name":"Comment","target":["https:\/\/pcspezialist.de\/blog\/2019\/04\/02\/apple-airpower-entwicklung-eingestellt\/#respond"]}]},{"@type":"WebPage","@id":"https:\/\/pcspezialist.de\/blog\/2019\/04\/02\/apple-airpower-entwicklung-eingestellt\/","url":"https:\/\/pcspezialist.de\/blog\/2019\/04\/02\/apple-airpower-entwicklung-eingestellt\/","name":"Apple AirPower abgesagt \u2013 Apple zieht Ladematte offiziell zur\u00fcck","isPartOf":{"@id":"https:\/\/pcspezialist.de\/blog\/#website"},"primaryImageOfPage":{"@id":"https:\/\/pcspezialist.de\/blog\/2019\/04\/02\/apple-airpower-entwicklung-eingestellt\/#primaryimage"},"image":{"@id":"https:\/\/pcspezialist.de\/blog\/2019\/04\/02\/apple-airpower-entwicklung-eingestellt\/#primaryimage"},"thumbnailUrl":"https:\/\/pcspezialist.de\/blog\/wp-content\/uploads\/2019\/04\/airpower-ladematte-eingestellt.jpg","datePublished":"2019-04-02T10:20:24+00:00","dateModified":"2024-11-06T10:19:25+00:00","author":{"@id":"https:\/\/pcspezialist.de\/blog\/#\/schema\/person\/bda551421759889a572d1f0490aab0bf"},"description":"Schon 2017 angek\u00fcndigt, ist Apples Ladematte AirPower noch nicht immer nicht erschienen. Nun stellt Apple die Entwicklung offiziell ein. Infos hier.","breadcrumb":{"@id":"https:\/\/pcspezialist.de\/blog\/2019\/04\/02\/apple-airpower-entwicklung-eingestellt\/#breadcrumb"},"inLanguage":"de","potentialAction":[{"@type":"ReadAction","target":["https:\/\/pcspezialist.de\/blog\/2019\/04\/02\/apple-airpower-entwicklung-eingestellt\/"]}]},{"@type":"ImageObject","inLanguage":"de","@id":"https:\/\/pcspezialist.de\/blog\/2019\/04\/02\/apple-airpower-entwicklung-eingestellt\/#primaryimage","url":"https:\/\/pcspezialist.de\/blog\/wp-content\/uploads\/2019\/04\/airpower-ladematte-eingestellt.jpg","contentUrl":"https:\/\/pcspezialist.de\/blog\/wp-content\/uploads\/2019\/04\/airpower-ladematte-eingestellt.jpg","width":960,"height":676,"caption":"Ladendes Smartphone, das nicht von AirPower profitieren wird. (Bild: pixabay.com\/StockSnap)"},{"@type":"BreadcrumbList","@id":"https:\/\/pcspezialist.de\/blog\/2019\/04\/02\/apple-airpower-entwicklung-eingestellt\/#breadcrumb","itemListElement":[{"@type":"ListItem","position":1,"name":"Startseite","item":"https:\/\/pcspezialist.de\/blog\/"},{"@type":"ListItem","position":2,"name":"Apple AirPower: Entwicklung eingestellt ## Apple zieht kabellose Ladematte offiziell zur\u00fcck"}]},{"@type":"WebSite","@id":"https:\/\/pcspezialist.de\/blog\/#website","url":"https:\/\/pcspezialist.de\/blog\/","name":"PC-SPEZIALIST Blog","description":"IT-Service, Trends &amp; Technik","potentialAction":[{"@type":"SearchAction","target":{"@type":"EntryPoint","urlTemplate":"https:\/\/pcspezialist.de\/blog\/?s={search_term_string}"},"query-input":{"@type":"PropertyValueSpecification","valueRequired":true,"valueName":"search_term_string"}}],"inLanguage":"de"},{"@type":"Person","@id":"https:\/\/pcspezialist.de\/blog\/#\/schema\/person\/bda551421759889a572d1f0490aab0bf","name":"Stefanie Sch\u00e4fers","description":"Stefanie Sch\u00e4fers war von Januar 2018 bis April 2019 Content-Redakteurin f\u00fcr den PC-SPEZIALIST-Blog. Zuvor arbeitete die studierte Anglistin als Redakteurin f\u00fcr die IT-Fachmagazine PHP Magazin, Entwickler Magazin und Mobile Technology sowie die Online-Plattform entwickler.de.","url":"https:\/\/pcspezialist.de\/blog\/author\/sschaefers\/"}]}},"_links":{"self":[{"href":"https:\/\/pcspezialist.de\/blog\/wp-json\/wp\/v2\/posts\/44183","targetHints":{"allow":["GET"]}}],"collection":[{"href":"https:\/\/pcspezialist.de\/blog\/wp-json\/wp\/v2\/posts"}],"about":[{"href":"https:\/\/pcspezialist.de\/blog\/wp-json\/wp\/v2\/types\/post"}],"author":[{"embeddable":true,"href":"https:\/\/pcspezialist.de\/blog\/wp-json\/wp\/v2\/users\/105"}],"replies":[{"embeddable":true,"href":"https:\/\/pcspezialist.de\/blog\/wp-json\/wp\/v2\/comments?post=44183"}],"version-history":[{"count":13,"href":"https:\/\/pcspezialist.de\/blog\/wp-json\/wp\/v2\/posts\/44183\/revisions"}],"predecessor-version":[{"id":44250,"href":"https:\/\/pcspezialist.de\/blog\/wp-json\/wp\/v2\/posts\/44183\/revisions\/44250"}],"wp:featuredmedia":[{"embeddable":true,"href":"https:\/\/pcspezialist.de\/blog\/wp-json\/wp\/v2\/media\/44191"}],"wp:attachment":[{"href":"https:\/\/pcspezialist.de\/blog\/wp-json\/wp\/v2\/media?parent=44183"}],"wp:term":[{"taxonomy":"category","embeddable":true,"href":"https:\/\/pcspezialist.de\/blog\/wp-json\/wp\/v2\/categories?post=44183"},{"taxonomy":"post_tag","embeddable":true,"href":"https:\/\/pcspezialist.de\/blog\/wp-json\/wp\/v2\/tags?post=44183"}],"curies":[{"name":"wp","href":"https:\/\/api.w.org\/{rel}","templated":true}]}}