{"id":44110,"date":"2019-03-27T12:30:51","date_gmt":"2019-03-27T11:30:51","guid":{"rendered":"https:\/\/www.pcspezialist.de\/blog\/?p=44110"},"modified":"2024-03-22T08:23:41","modified_gmt":"2024-03-22T07:23:41","slug":"instagram-influencer","status":"publish","type":"post","link":"https:\/\/pcspezialist.de\/blog\/2019\/03\/27\/instagram-influencer\/","title":{"rendered":"Schlappe f\u00fcr Instagram-Influencer ## Pamela Reif wegen Schleichwerbung verurteilt"},"content":{"rendered":"<p><strong>Beim Sport, am Strand oder im knappen Kleid: Pamela Reif ist eine der erfolgreichsten Instagram-Influencer in Deutschland. Jetzt hat sie eine Schlappe vor Gericht wegen unerlaubter Schleichwerbung erlitten.\u00a0<\/strong><\/p>\n<p>Der Grund: Auch auf Instagram ist nicht alles erlaubt und das hat jetzt Model Pamela Reif zu sp\u00fcren bekommen. Worum es geht und wie sie auf das Urteil reagiert hat, erfahrt ihr bei uns.<\/p>\n<h3><!--more--><\/h3>\n<h3>Wer ist Pamela Reif?<\/h3>\n<p>Ihr kennt Pamela Reif nicht? Wir stellen sie euch vor: Die am 9. Juli 1996 geborene Karlsruherin wird auch Miss Instagram genannt und gilt als deutsche Antwort auf Kendall Jenner, Gigi Hadid und Co. Sie hat ihr Abitur mit 1,0 bestanden und lebt davon, Fotos von sich zu machen oder machen zu lassen. Die Fotos ver\u00f6ffentlicht sie auf Instagram, wo sie mittlerweile vier Millionen Follower hat.<\/p>\n<p>Sie hat das, was sich junge M\u00e4dchen w\u00fcnschen und wovon M\u00e4nner schw\u00e4rmen: den scheinbar perfekten K\u00f6rper, langes blondes Haar, tolle Kleidung und Reisen an die sch\u00f6nsten Str\u00e4nde der Erde. Dabei zeigt sie sich in enger und knapper Kleidung, gern bauchfrei und verdient damit richtig Geld. Sie ist ein erfolgreicher Instagram-Influencer, weil sie durch ihre gro\u00dfe Follower-Zahl f\u00fcr die Hersteller als Werbetr\u00e4gerin geeignet erscheint.<\/p>\n<div id=\"attachment_44114\" style=\"width: 710px\" class=\"wp-caption alignright\"><img loading=\"lazy\" decoding=\"async\" aria-describedby=\"caption-attachment-44114\" class=\"wp-image-44114 size-medium\" src=\"https:\/\/pcspezialist.de\/blog\/wp-content\/uploads\/2019\/03\/infuencerin-700x467.png\" alt=\"Der Screenshot zeigt sechs unterschiedliche Fotos von Instagram-Influencer Pamela Reif. Foto: Screenshot Instagram\/@pamela_rf\" width=\"700\" height=\"467\" srcset=\"https:\/\/pcspezialist.de\/blog\/wp-content\/uploads\/2019\/03\/infuencerin-700x467.png 700w, https:\/\/pcspezialist.de\/blog\/wp-content\/uploads\/2019\/03\/infuencerin-768x513.png 768w, https:\/\/pcspezialist.de\/blog\/wp-content\/uploads\/2019\/03\/infuencerin.png 989w\" sizes=\"auto, (max-width: 700px) 100vw, 700px\" \/><p id=\"caption-attachment-44114\" class=\"wp-caption-text\">Pamela Reif zeigt sich als Instagram-Influencer gern in knapper Kleidung, am Strand oder beim Sport. Foto: Screenshot Instagram @pamela_rf<\/p><\/div>\n<h3>Macht sie als Instagram-Influencer Schleichwerbung?<\/h3>\n<p>Vor Gericht ging es jetzt darum, ob das Model auf Instagram in ihrer Rolle als Instagram-Influencer Schleichwerbung macht oder nicht. Mit ihren Bildern zeigt sie ihr Leben, ihre Klamotten und auch Produkte von Unternehmen. Und nicht immer kennzeichnet sie das, was sie zeigt, als Werbung. Allerdings versieht sie viele ihrer Fotos mit Links, die direkt zum Hersteller f\u00fchren. Macht Pamela Reif\u00a0 also Schleichwerbung? Dar\u00fcber musste jetzt das <a href=\"https:\/\/www.landgericht-karlsruhe.de\/pb\/,Lde\/Startseite\/Aktuelles\/03_19+Soziale+Medien_+Verbot+von+Schleichwerbung+durch+_Taggen_+von+Fotos+ohne+Werbekennzeichnung\/\" target=\"_blank\" rel=\"noopener noreferrer\">Landgericht Karlsruhe entscheiden<\/a>.<\/p>\n<p>Geklagt hatte der Verband Sozialer Wettbewerb (<a href=\"https:\/\/www.vsw.info\/00000098fd0d98b0b\/index.html\" target=\"_blank\" rel=\"noopener noreferrer\">VSW<\/a>) in drei F\u00e4llen. Der Verband verfolgt unter anderem das Ziel, \u201eunlauteren Wettbewerb und Wirtschaftskriminalit\u00e4t [&#8230;] zu bek\u00e4mpfen und Gewerbetreibende durch Aufkl\u00e4rung und Beratung mit dem Wettbewerbsrecht vertraut zu machen und auf dessen Einhaltung hinzuwirken\u201c.<\/p>\n<h3>Gericht urteilt \u00fcber Instagram-Influencer<\/h3>\n<p>F\u00fcr Pamela Reif gibt es einen klaren Unterschied zwischen privaten Posts und bezahlter Werbung. Deshalb kennzeichnet sie manche Posts als Werbung, andere wiederum nicht. Diese Aussage reichte den Richtern nicht. Sie urteilen, dass der kommerzielle Zweck kenntlich gemacht werden muss. Der Grund liegt in der Zielgruppe: Die jungen Follower sind leicht zu beeinflussen und ben\u00f6tigen einen besonderen Schutz. Sie k\u00f6nnten zudem nicht immer erkennen, ob es sich bei dem, was ver\u00f6ffentlicht wird, um Werbung handelt. Aber nur, wenn die Werbung eindeutig als eine solche erkennbar ist, darf auf die Kennzeichnung verzichtet werden.<\/p>\n<p>Au\u00dferdem begr\u00fcnden die Richter ihr Urteil damit, dass zwischen privat und gesch\u00e4ftlich nicht mehr unterschieden werden kann, wenn jemand so viele Follower hat wie Pamela Reif. So sagt der Richter: \u201eWer sich entscheidet, mit Instagram Geld zu verdienen, dem ist die M\u00f6glichkeit genommen, dort privat unterwegs zu sein.\u201c<\/p>\n<div id=\"attachment_44116\" style=\"width: 688px\" class=\"wp-caption alignright\"><img loading=\"lazy\" decoding=\"async\" aria-describedby=\"caption-attachment-44116\" class=\"size-medium wp-image-44116\" src=\"https:\/\/pcspezialist.de\/blog\/wp-content\/uploads\/2019\/03\/pamela-678x500.png\" alt=\"Screenshot mit Foto von Pamela Reif mit der Reaktion zum Karlsruher Urteil \u00fcber Instagram-Influencer. Foto: Screenhot Instagram @pamela_rf\" width=\"678\" height=\"500\" srcset=\"https:\/\/pcspezialist.de\/blog\/wp-content\/uploads\/2019\/03\/pamela-678x500.png 678w, https:\/\/pcspezialist.de\/blog\/wp-content\/uploads\/2019\/03\/pamela-768x566.png 768w, https:\/\/pcspezialist.de\/blog\/wp-content\/uploads\/2019\/03\/pamela.png 818w\" sizes=\"auto, (max-width: 678px) 100vw, 678px\" \/><p id=\"caption-attachment-44116\" class=\"wp-caption-text\">Pamela Reif verarbeitet das Karlsruher Urteil mit einem Instagram Post. Foto: Screenshot Instagram @pamela_rf<\/p><\/div>\n<h3>Wie reagiert Pamela Reif auf das Urteil?<\/h3>\n<p>Pamela Reif ist mit dem Urteil nicht zufrieden. Sie ist jetzt n\u00e4mlich dazu verpflichtet, jede Art von Markennennung als Werbung zu kennzeichnen. Dadurch befindet sie sich in einer echten Zwickm\u00fchle. Sie schreibt dazu auf Instagram: \u201eWenn ich etwas als Werbung kennzeichne, ohne eine Kooperation mit der markierten Firma zu haben, versto\u00dfe ich ebenfalls gegen das Gesetz und k\u00f6nnte von dem Unternehmen abgemahnt werden. Wie man dieses Problem jetzt l\u00f6sen soll? Unklar.\u201c Au\u00dferdem sieht sie sich in ihrem Recht auf freie Meinungs\u00e4u\u00dferung eingeschr\u00e4nkt.<\/p>\n<p>Ihr Anwalt hat bereits angek\u00fcndigt, Berufung einzulegen. Somit ist das Urteil noch nicht rechtskr\u00e4ftig. Was haltet ihr von dem Urteil? Seid ihr der Meinung, dass die Instagram-Influencer ihre Werbung immer eindeutig kennzeichnen m\u00fcssen? Oder ist euch das v\u00f6llig egal und ihr versteht die ganze Aufregung nicht? Schreibt uns eure Meinung in den Kommentaren. \u00dcbrigens: Sollte euer <a href=\"https:\/\/pcspezialist.de\/blog\/2018\/08\/21\/instagram-account-gehackt\/\">Instagram-Account gehackt<\/a> worden sein, findet ihr Hilfe bei uns <a href=\"https:\/\/pcspezialist.de\/blog\/2019\/01\/10\/insta-hack\/\">im Blog<\/a>.<\/p>\n","protected":false},"excerpt":{"rendered":"<p>Beim Sport, am Strand oder im knappen Kleid: Pamela Reif ist eine der erfolgreichsten Instagram-Influencer in Deutschland. Jetzt hat sie eine Schlappe vor Gericht wegen unerlaubter Schleichwerbung erlitten.\u00a0 Der Grund: Auch auf Instagram ist nicht alles erlaubt und das hat jetzt Model Pamela Reif zu sp\u00fcren bekommen. Worum es geht und wie sie auf das [&hellip;]<\/p>\n","protected":false},"author":98,"featured_media":44118,"comment_status":"open","ping_status":"closed","sticky":false,"template":"","format":"standard","meta":{"footnotes":""},"categories":[6913],"tags":[1084,1250,3367],"class_list":["post-44110","post","type-post","status-publish","format-standard","has-post-thumbnail","hentry","category-verschiedenes","tag-werbung","tag-social-media","tag-instagram"],"yoast_head":"<!-- This site is optimized with the Yoast SEO plugin v27.5 - https:\/\/yoast.com\/product\/yoast-seo-wordpress\/ -->\n<title>Instagram-Influencer Pamela Reif wegen Schleichwerbung verurteilt<\/title>\n<meta name=\"description\" content=\"Auf Instagram Fotos posten und damit Geld verdienen: F\u00fcr Instagram-Influencer ein lohnender Job. Jetzt hat ein Gericht wegen Schleichwerbung geurteilt.\" \/>\n<meta name=\"robots\" content=\"index, follow, max-snippet:-1, max-image-preview:large, max-video-preview:-1\" \/>\n<link rel=\"canonical\" href=\"https:\/\/pcspezialist.de\/blog\/2019\/03\/27\/instagram-influencer\/\" \/>\n<meta property=\"og:locale\" content=\"de_DE\" \/>\n<meta property=\"og:type\" content=\"article\" \/>\n<meta property=\"og:title\" content=\"Instagram-Influencer Pamela Reif wegen Schleichwerbung verurteilt\" \/>\n<meta property=\"og:description\" content=\"Auf Instagram Fotos posten und damit Geld verdienen: F\u00fcr Instagram-Influencer ein lohnender Job. Jetzt hat ein Gericht wegen Schleichwerbung geurteilt.\" \/>\n<meta property=\"og:url\" content=\"https:\/\/pcspezialist.de\/blog\/2019\/03\/27\/instagram-influencer\/\" \/>\n<meta property=\"og:site_name\" content=\"PC-SPEZIALIST Blog\" \/>\n<meta property=\"article:published_time\" content=\"2019-03-27T11:30:51+00:00\" \/>\n<meta property=\"article:modified_time\" content=\"2024-03-22T07:23:41+00:00\" \/>\n<meta property=\"og:image\" content=\"https:\/\/pcspezialist.de\/blog\/wp-content\/uploads\/2019\/03\/urteil.jpg\" \/>\n\t<meta property=\"og:image:width\" content=\"1280\" \/>\n\t<meta property=\"og:image:height\" content=\"989\" \/>\n\t<meta property=\"og:image:type\" content=\"image\/jpeg\" \/>\n<meta name=\"author\" content=\"Maren Keller\" \/>\n<meta name=\"twitter:card\" content=\"summary_large_image\" \/>\n<meta name=\"twitter:label1\" content=\"Verfasst von\" \/>\n\t<meta name=\"twitter:data1\" content=\"Maren Keller\" \/>\n\t<meta name=\"twitter:label2\" content=\"Gesch\u00e4tzte Lesezeit\" \/>\n\t<meta name=\"twitter:data2\" content=\"3\u00a0Minuten\" \/>\n<script type=\"application\/ld+json\" class=\"yoast-schema-graph\">{\"@context\":\"https:\\\/\\\/schema.org\",\"@graph\":[{\"@type\":\"Article\",\"@id\":\"https:\\\/\\\/pcspezialist.de\\\/blog\\\/2019\\\/03\\\/27\\\/instagram-influencer\\\/#article\",\"isPartOf\":{\"@id\":\"https:\\\/\\\/pcspezialist.de\\\/blog\\\/2019\\\/03\\\/27\\\/instagram-influencer\\\/\"},\"author\":{\"name\":\"Maren Keller\",\"@id\":\"https:\\\/\\\/pcspezialist.de\\\/blog\\\/#\\\/schema\\\/person\\\/e9cb801a8b8ea9138af26a02b8b6d14f\"},\"headline\":\"Schlappe f\u00fcr Instagram-Influencer ## Pamela Reif wegen Schleichwerbung verurteilt\",\"datePublished\":\"2019-03-27T11:30:51+00:00\",\"dateModified\":\"2024-03-22T07:23:41+00:00\",\"mainEntityOfPage\":{\"@id\":\"https:\\\/\\\/pcspezialist.de\\\/blog\\\/2019\\\/03\\\/27\\\/instagram-influencer\\\/\"},\"wordCount\":704,\"commentCount\":0,\"image\":{\"@id\":\"https:\\\/\\\/pcspezialist.de\\\/blog\\\/2019\\\/03\\\/27\\\/instagram-influencer\\\/#primaryimage\"},\"thumbnailUrl\":\"https:\\\/\\\/pcspezialist.de\\\/blog\\\/wp-content\\\/uploads\\\/2019\\\/03\\\/urteil.jpg\",\"keywords\":[\"Werbung\",\"Social Media\",\"Instagram\"],\"articleSection\":[\"Verschiedenes\"],\"inLanguage\":\"de\",\"potentialAction\":[{\"@type\":\"CommentAction\",\"name\":\"Comment\",\"target\":[\"https:\\\/\\\/pcspezialist.de\\\/blog\\\/2019\\\/03\\\/27\\\/instagram-influencer\\\/#respond\"]}]},{\"@type\":\"WebPage\",\"@id\":\"https:\\\/\\\/pcspezialist.de\\\/blog\\\/2019\\\/03\\\/27\\\/instagram-influencer\\\/\",\"url\":\"https:\\\/\\\/pcspezialist.de\\\/blog\\\/2019\\\/03\\\/27\\\/instagram-influencer\\\/\",\"name\":\"Instagram-Influencer Pamela Reif wegen Schleichwerbung verurteilt\",\"isPartOf\":{\"@id\":\"https:\\\/\\\/pcspezialist.de\\\/blog\\\/#website\"},\"primaryImageOfPage\":{\"@id\":\"https:\\\/\\\/pcspezialist.de\\\/blog\\\/2019\\\/03\\\/27\\\/instagram-influencer\\\/#primaryimage\"},\"image\":{\"@id\":\"https:\\\/\\\/pcspezialist.de\\\/blog\\\/2019\\\/03\\\/27\\\/instagram-influencer\\\/#primaryimage\"},\"thumbnailUrl\":\"https:\\\/\\\/pcspezialist.de\\\/blog\\\/wp-content\\\/uploads\\\/2019\\\/03\\\/urteil.jpg\",\"datePublished\":\"2019-03-27T11:30:51+00:00\",\"dateModified\":\"2024-03-22T07:23:41+00:00\",\"author\":{\"@id\":\"https:\\\/\\\/pcspezialist.de\\\/blog\\\/#\\\/schema\\\/person\\\/e9cb801a8b8ea9138af26a02b8b6d14f\"},\"description\":\"Auf Instagram Fotos posten und damit Geld verdienen: F\u00fcr Instagram-Influencer ein lohnender Job. Jetzt hat ein Gericht wegen Schleichwerbung geurteilt.\",\"breadcrumb\":{\"@id\":\"https:\\\/\\\/pcspezialist.de\\\/blog\\\/2019\\\/03\\\/27\\\/instagram-influencer\\\/#breadcrumb\"},\"inLanguage\":\"de\",\"potentialAction\":[{\"@type\":\"ReadAction\",\"target\":[\"https:\\\/\\\/pcspezialist.de\\\/blog\\\/2019\\\/03\\\/27\\\/instagram-influencer\\\/\"]}]},{\"@type\":\"ImageObject\",\"inLanguage\":\"de\",\"@id\":\"https:\\\/\\\/pcspezialist.de\\\/blog\\\/2019\\\/03\\\/27\\\/instagram-influencer\\\/#primaryimage\",\"url\":\"https:\\\/\\\/pcspezialist.de\\\/blog\\\/wp-content\\\/uploads\\\/2019\\\/03\\\/urteil.jpg\",\"contentUrl\":\"https:\\\/\\\/pcspezialist.de\\\/blog\\\/wp-content\\\/uploads\\\/2019\\\/03\\\/urteil.jpg\",\"width\":1280,\"height\":989,\"caption\":\"Urteil \u00fcber Instagram-Influencer entscheidet \u00fcber richtiges oder falsches Handeln. Foto: Pixabay\"},{\"@type\":\"BreadcrumbList\",\"@id\":\"https:\\\/\\\/pcspezialist.de\\\/blog\\\/2019\\\/03\\\/27\\\/instagram-influencer\\\/#breadcrumb\",\"itemListElement\":[{\"@type\":\"ListItem\",\"position\":1,\"name\":\"Startseite\",\"item\":\"https:\\\/\\\/pcspezialist.de\\\/blog\\\/\"},{\"@type\":\"ListItem\",\"position\":2,\"name\":\"Schlappe f\u00fcr Instagram-Influencer ## Pamela Reif wegen Schleichwerbung verurteilt\"}]},{\"@type\":\"WebSite\",\"@id\":\"https:\\\/\\\/pcspezialist.de\\\/blog\\\/#website\",\"url\":\"https:\\\/\\\/pcspezialist.de\\\/blog\\\/\",\"name\":\"PC-SPEZIALIST Blog\",\"description\":\"IT-Service, Trends &amp; Technik\",\"potentialAction\":[{\"@type\":\"SearchAction\",\"target\":{\"@type\":\"EntryPoint\",\"urlTemplate\":\"https:\\\/\\\/pcspezialist.de\\\/blog\\\/?s={search_term_string}\"},\"query-input\":{\"@type\":\"PropertyValueSpecification\",\"valueRequired\":true,\"valueName\":\"search_term_string\"}}],\"inLanguage\":\"de\"},{\"@type\":\"Person\",\"@id\":\"https:\\\/\\\/pcspezialist.de\\\/blog\\\/#\\\/schema\\\/person\\\/e9cb801a8b8ea9138af26a02b8b6d14f\",\"name\":\"Maren Keller\",\"description\":\"PC-SPEZIALIST ist eine Marke der in Schlo\u00df Holte ans\u00e4ssigen SYNAXON. Seit 2016 arbeitet Maren Keller f\u00fcr den PC-SPEZIALIST-Blog. Gestartet als Online-Redakteurin ist sie mittlerweile Content Marketing Managerin und tr\u00e4gt unter anderem die Verantwortung f\u00fcr die Inhalte des Blogs. In den Jahren 2017 und 2020 hat sie parallel f\u00fcr den Blog des IT-SERVICE.NETWORK geschrieben. Die studierte Germanistin und Politologin hat einen Sp\u00fcrsinn f\u00fcr aktuelle Bedrohungen im IT-Bereich entwickelt und versteht es, das Fachwissen von PC-SPEZIALIST dem Leser verst\u00e4ndlich darzubieten. Nicht zu verleugnen ist allerdings ihre Ungeduld, die sich in flinken Fingern auf der Tastatur zeigt und gleichzeitig f\u00fcr einen hohen Output sorgt. Ihre journalistische Karriere begann Maren Keller Mitte der 1990er Jahre mit dem Verfassen von Sportberichten f\u00fcr die Regionalseiten ihrer Heimatzeitung in Bremerhaven. Nach dem Studium in Hannover, das von zahlreichen Praktika bei Funk, Fernsehen und Zeitung begleitet wurde, kehrte sie f\u00fcr ein journalistisches Volontariat in ihre Heimat zur\u00fcck, um bei der NORDSEE-ZEITUNG den Beruf des Redakteurs von der Pike auf zu lernen und anschlie\u00dfend in der Sportredaktion zu arbeiten. W\u00e4hrend ihrer Elternzeiten und beruflich bedingten Umz\u00fcgen arbeitete sie als freie Journalistin f\u00fcr verschiedene Tageszeitungen und fand 2016 den Weg zur SYNAXON, wo sie heute als Content Marketing Managerin in Lohn und Brot steht. In ihrer Freizeit zeigt sie ihr Talent f\u00fcr\u2019s Schreiben nicht. Stattdessen liegen ihre Schwerpunkt dort im Bereich Haus, Familie, Garten und Hund. Au\u00dferdem ist sie musikalisch unterwegs, bl\u00e4st das Jagdhorn in einem Bl\u00e4serkorps, spielt Klavier und singt im Chor. Sie haben Fragen an Maren Keller? Sie erreichen sie per E-Mail an redaktion@pcspezialist.de\",\"url\":\"https:\\\/\\\/pcspezialist.de\\\/blog\\\/author\\\/maren\\\/\"}]}<\/script>\n<!-- \/ Yoast SEO plugin. -->","yoast_head_json":{"title":"Instagram-Influencer Pamela Reif wegen Schleichwerbung verurteilt","description":"Auf Instagram Fotos posten und damit Geld verdienen: F\u00fcr Instagram-Influencer ein lohnender Job. Jetzt hat ein Gericht wegen Schleichwerbung geurteilt.","robots":{"index":"index","follow":"follow","max-snippet":"max-snippet:-1","max-image-preview":"max-image-preview:large","max-video-preview":"max-video-preview:-1"},"canonical":"https:\/\/pcspezialist.de\/blog\/2019\/03\/27\/instagram-influencer\/","og_locale":"de_DE","og_type":"article","og_title":"Instagram-Influencer Pamela Reif wegen Schleichwerbung verurteilt","og_description":"Auf Instagram Fotos posten und damit Geld verdienen: F\u00fcr Instagram-Influencer ein lohnender Job. Jetzt hat ein Gericht wegen Schleichwerbung geurteilt.","og_url":"https:\/\/pcspezialist.de\/blog\/2019\/03\/27\/instagram-influencer\/","og_site_name":"PC-SPEZIALIST Blog","article_published_time":"2019-03-27T11:30:51+00:00","article_modified_time":"2024-03-22T07:23:41+00:00","og_image":[{"width":1280,"height":989,"url":"https:\/\/pcspezialist.de\/blog\/wp-content\/uploads\/2019\/03\/urteil.jpg","type":"image\/jpeg"}],"author":"Maren Keller","twitter_card":"summary_large_image","twitter_misc":{"Verfasst von":"Maren Keller","Gesch\u00e4tzte Lesezeit":"3\u00a0Minuten"},"schema":{"@context":"https:\/\/schema.org","@graph":[{"@type":"Article","@id":"https:\/\/pcspezialist.de\/blog\/2019\/03\/27\/instagram-influencer\/#article","isPartOf":{"@id":"https:\/\/pcspezialist.de\/blog\/2019\/03\/27\/instagram-influencer\/"},"author":{"name":"Maren Keller","@id":"https:\/\/pcspezialist.de\/blog\/#\/schema\/person\/e9cb801a8b8ea9138af26a02b8b6d14f"},"headline":"Schlappe f\u00fcr Instagram-Influencer ## Pamela Reif wegen Schleichwerbung verurteilt","datePublished":"2019-03-27T11:30:51+00:00","dateModified":"2024-03-22T07:23:41+00:00","mainEntityOfPage":{"@id":"https:\/\/pcspezialist.de\/blog\/2019\/03\/27\/instagram-influencer\/"},"wordCount":704,"commentCount":0,"image":{"@id":"https:\/\/pcspezialist.de\/blog\/2019\/03\/27\/instagram-influencer\/#primaryimage"},"thumbnailUrl":"https:\/\/pcspezialist.de\/blog\/wp-content\/uploads\/2019\/03\/urteil.jpg","keywords":["Werbung","Social Media","Instagram"],"articleSection":["Verschiedenes"],"inLanguage":"de","potentialAction":[{"@type":"CommentAction","name":"Comment","target":["https:\/\/pcspezialist.de\/blog\/2019\/03\/27\/instagram-influencer\/#respond"]}]},{"@type":"WebPage","@id":"https:\/\/pcspezialist.de\/blog\/2019\/03\/27\/instagram-influencer\/","url":"https:\/\/pcspezialist.de\/blog\/2019\/03\/27\/instagram-influencer\/","name":"Instagram-Influencer Pamela Reif wegen Schleichwerbung verurteilt","isPartOf":{"@id":"https:\/\/pcspezialist.de\/blog\/#website"},"primaryImageOfPage":{"@id":"https:\/\/pcspezialist.de\/blog\/2019\/03\/27\/instagram-influencer\/#primaryimage"},"image":{"@id":"https:\/\/pcspezialist.de\/blog\/2019\/03\/27\/instagram-influencer\/#primaryimage"},"thumbnailUrl":"https:\/\/pcspezialist.de\/blog\/wp-content\/uploads\/2019\/03\/urteil.jpg","datePublished":"2019-03-27T11:30:51+00:00","dateModified":"2024-03-22T07:23:41+00:00","author":{"@id":"https:\/\/pcspezialist.de\/blog\/#\/schema\/person\/e9cb801a8b8ea9138af26a02b8b6d14f"},"description":"Auf Instagram Fotos posten und damit Geld verdienen: F\u00fcr Instagram-Influencer ein lohnender Job. Jetzt hat ein Gericht wegen Schleichwerbung geurteilt.","breadcrumb":{"@id":"https:\/\/pcspezialist.de\/blog\/2019\/03\/27\/instagram-influencer\/#breadcrumb"},"inLanguage":"de","potentialAction":[{"@type":"ReadAction","target":["https:\/\/pcspezialist.de\/blog\/2019\/03\/27\/instagram-influencer\/"]}]},{"@type":"ImageObject","inLanguage":"de","@id":"https:\/\/pcspezialist.de\/blog\/2019\/03\/27\/instagram-influencer\/#primaryimage","url":"https:\/\/pcspezialist.de\/blog\/wp-content\/uploads\/2019\/03\/urteil.jpg","contentUrl":"https:\/\/pcspezialist.de\/blog\/wp-content\/uploads\/2019\/03\/urteil.jpg","width":1280,"height":989,"caption":"Urteil \u00fcber Instagram-Influencer entscheidet \u00fcber richtiges oder falsches Handeln. Foto: Pixabay"},{"@type":"BreadcrumbList","@id":"https:\/\/pcspezialist.de\/blog\/2019\/03\/27\/instagram-influencer\/#breadcrumb","itemListElement":[{"@type":"ListItem","position":1,"name":"Startseite","item":"https:\/\/pcspezialist.de\/blog\/"},{"@type":"ListItem","position":2,"name":"Schlappe f\u00fcr Instagram-Influencer ## Pamela Reif wegen Schleichwerbung verurteilt"}]},{"@type":"WebSite","@id":"https:\/\/pcspezialist.de\/blog\/#website","url":"https:\/\/pcspezialist.de\/blog\/","name":"PC-SPEZIALIST Blog","description":"IT-Service, Trends &amp; Technik","potentialAction":[{"@type":"SearchAction","target":{"@type":"EntryPoint","urlTemplate":"https:\/\/pcspezialist.de\/blog\/?s={search_term_string}"},"query-input":{"@type":"PropertyValueSpecification","valueRequired":true,"valueName":"search_term_string"}}],"inLanguage":"de"},{"@type":"Person","@id":"https:\/\/pcspezialist.de\/blog\/#\/schema\/person\/e9cb801a8b8ea9138af26a02b8b6d14f","name":"Maren Keller","description":"PC-SPEZIALIST ist eine Marke der in Schlo\u00df Holte ans\u00e4ssigen SYNAXON. Seit 2016 arbeitet Maren Keller f\u00fcr den PC-SPEZIALIST-Blog. Gestartet als Online-Redakteurin ist sie mittlerweile Content Marketing Managerin und tr\u00e4gt unter anderem die Verantwortung f\u00fcr die Inhalte des Blogs. In den Jahren 2017 und 2020 hat sie parallel f\u00fcr den Blog des IT-SERVICE.NETWORK geschrieben. Die studierte Germanistin und Politologin hat einen Sp\u00fcrsinn f\u00fcr aktuelle Bedrohungen im IT-Bereich entwickelt und versteht es, das Fachwissen von PC-SPEZIALIST dem Leser verst\u00e4ndlich darzubieten. Nicht zu verleugnen ist allerdings ihre Ungeduld, die sich in flinken Fingern auf der Tastatur zeigt und gleichzeitig f\u00fcr einen hohen Output sorgt. Ihre journalistische Karriere begann Maren Keller Mitte der 1990er Jahre mit dem Verfassen von Sportberichten f\u00fcr die Regionalseiten ihrer Heimatzeitung in Bremerhaven. Nach dem Studium in Hannover, das von zahlreichen Praktika bei Funk, Fernsehen und Zeitung begleitet wurde, kehrte sie f\u00fcr ein journalistisches Volontariat in ihre Heimat zur\u00fcck, um bei der NORDSEE-ZEITUNG den Beruf des Redakteurs von der Pike auf zu lernen und anschlie\u00dfend in der Sportredaktion zu arbeiten. W\u00e4hrend ihrer Elternzeiten und beruflich bedingten Umz\u00fcgen arbeitete sie als freie Journalistin f\u00fcr verschiedene Tageszeitungen und fand 2016 den Weg zur SYNAXON, wo sie heute als Content Marketing Managerin in Lohn und Brot steht. In ihrer Freizeit zeigt sie ihr Talent f\u00fcr\u2019s Schreiben nicht. Stattdessen liegen ihre Schwerpunkt dort im Bereich Haus, Familie, Garten und Hund. Au\u00dferdem ist sie musikalisch unterwegs, bl\u00e4st das Jagdhorn in einem Bl\u00e4serkorps, spielt Klavier und singt im Chor. Sie haben Fragen an Maren Keller? Sie erreichen sie per E-Mail an redaktion@pcspezialist.de","url":"https:\/\/pcspezialist.de\/blog\/author\/maren\/"}]}},"_links":{"self":[{"href":"https:\/\/pcspezialist.de\/blog\/wp-json\/wp\/v2\/posts\/44110","targetHints":{"allow":["GET"]}}],"collection":[{"href":"https:\/\/pcspezialist.de\/blog\/wp-json\/wp\/v2\/posts"}],"about":[{"href":"https:\/\/pcspezialist.de\/blog\/wp-json\/wp\/v2\/types\/post"}],"author":[{"embeddable":true,"href":"https:\/\/pcspezialist.de\/blog\/wp-json\/wp\/v2\/users\/98"}],"replies":[{"embeddable":true,"href":"https:\/\/pcspezialist.de\/blog\/wp-json\/wp\/v2\/comments?post=44110"}],"version-history":[{"count":6,"href":"https:\/\/pcspezialist.de\/blog\/wp-json\/wp\/v2\/posts\/44110\/revisions"}],"predecessor-version":[{"id":44140,"href":"https:\/\/pcspezialist.de\/blog\/wp-json\/wp\/v2\/posts\/44110\/revisions\/44140"}],"wp:featuredmedia":[{"embeddable":true,"href":"https:\/\/pcspezialist.de\/blog\/wp-json\/wp\/v2\/media\/44118"}],"wp:attachment":[{"href":"https:\/\/pcspezialist.de\/blog\/wp-json\/wp\/v2\/media?parent=44110"}],"wp:term":[{"taxonomy":"category","embeddable":true,"href":"https:\/\/pcspezialist.de\/blog\/wp-json\/wp\/v2\/categories?post=44110"},{"taxonomy":"post_tag","embeddable":true,"href":"https:\/\/pcspezialist.de\/blog\/wp-json\/wp\/v2\/tags?post=44110"}],"curies":[{"name":"wp","href":"https:\/\/api.w.org\/{rel}","templated":true}]}}