{"id":44083,"date":"2019-03-20T12:28:59","date_gmt":"2019-03-20T11:28:59","guid":{"rendered":"https:\/\/www.pcspezialist.de\/blog\/?p=44083"},"modified":"2024-11-06T11:19:58","modified_gmt":"2024-11-06T10:19:58","slug":"5g-auktion","status":"publish","type":"post","link":"https:\/\/pcspezialist.de\/blog\/2019\/03\/20\/5g-auktion\/","title":{"rendered":"5G-Auktion gestartet ## Was bringt der neue Mobilfunkstandard?"},"content":{"rendered":"<p><strong>Die 5G-Auktion ist in aller Munde. W\u00e4hrend in Deutschland gerade der Ausbau startet, st\u00f6ren sich die USA an einer m\u00f6glichen Beteiligung durch den chinesischen Hersteller Huawei.\u00a0<\/strong><\/p>\n<p>Wie die Auktion abl\u00e4uft, was der neue Mobilfunkstandard bringt und welche Gewinne die Regierung durch die Auktion einstreicht, erfahrt ihr bei uns.<\/p>\n<p><!--more--><\/p>\n<h3>5G-Auktion \u2013 so ist der Ablauf<\/h3>\n<p>Gestern war der erste Tag der 5G-Auktion. Nach acht Runden endetet der Tag mit einem H\u00f6chstgebot von 332,5 Millionen Euro. Die Regeln der Versteigerung von Mobilfunknetzen sind in Deutschland alles andere als einfach. Die Auktion l\u00e4uft folgenderma\u00dfen ab:<\/p>\n<p>Die Vertreter der Unternehmen k\u00f6nnen in jeder Runde auf alle 41 angebotenen Bl\u00f6cke gleichzeitig bieten. Das Mindestgebot liegt dabei je nach Frequenz und Verf\u00fcgbarkeit zwischen 1,7 und 5 Millionen Euro. Sp\u00e4testens nach einer Stunde endet eine Auktionsrunde. Danach gibt der Auktionator die aktuellen H\u00f6chstgebote bekannt. Dieser Vorgang wiederholt sich so lange, bis keine neuen Gebote f\u00fcr die 41 Bl\u00f6cke eingehen oder die Unternehmen keine Bietrechte mehr haben. Um ihre Bietrechte nicht zu verlieren, m\u00fcssen die Unternehmen pro Runde eine bestimmte Mindestanzahl an Geboten abgeben.<\/p>\n<div id=\"attachment_44087\" style=\"width: 360px\" class=\"wp-caption alignright\"><img loading=\"lazy\" decoding=\"async\" aria-describedby=\"caption-attachment-44087\" class=\"wp-image-44087\" src=\"https:\/\/pcspezialist.de\/blog\/wp-content\/uploads\/2019\/03\/5g-500x500.jpg\" alt=\"Ein kleines M\u00e4nnchen mit Bieterhammer symbolisiert die 5G-Auktion. Foto: Pixabay\" width=\"350\" height=\"350\" srcset=\"https:\/\/pcspezialist.de\/blog\/wp-content\/uploads\/2019\/03\/5g-500x500.jpg 500w, https:\/\/pcspezialist.de\/blog\/wp-content\/uploads\/2019\/03\/5g-700x700.jpg 700w, https:\/\/pcspezialist.de\/blog\/wp-content\/uploads\/2019\/03\/5g.jpg 720w\" sizes=\"auto, (max-width: 350px) 100vw, 350px\" \/><p id=\"caption-attachment-44087\" class=\"wp-caption-text\">Die 5G-Auktion ist gestern gestartet. Der Bieterwettbeweb um den neuen Mobilfunkstandard ist in vollem Gange. Foto Pixabay<\/p><\/div>\n<h3>Dauer der 5G-Auktion und erwartete Einnahmen<\/h3>\n<p>Dadurch kann sich die Versteigerung \u00fcber mehrere Wochen hinziehen. So dauerte die Versteigerung der mobilen Breitband-Funkfrequenzen im Jahr 2015 drei Wochen beziehungsweise 181 Bieterrunden. Absprachen zwischen den bietenden Unternehmen sind nat\u00fcrlich nicht erlaubt. Deshalb \u00fcberwachen Anw\u00e4lte und Mitarbeiter der Bundesnetzagentur die Versteigerung.<\/p>\n<p>Wieviel Geld der Staat mit der Versteigerung einnimmt, ist nicht klar. Die Versteigerung der mobilen Breitband-Frequenzen brachten 2015 f\u00fcnf Milliarden Euro. Auch aktuell rechnet die Bundesnetzagentur mit Einnahmen in Milliardenh\u00f6he. Allerdings schr\u00e4nkt Beh\u00f6rdenchef Jochen Homann ein: \u201eWir haben kein eigenes Interesse, m\u00f6glichst viel Geld zu bekommen&#8220;. Immerhin m\u00fcssen die Anbieter hinterher noch genug Geld f\u00fcr den Ausbau des Netzes haben.<\/p>\n<h3>Vier Unternehmen bieten bei der 5G-Auktion mit<\/h3>\n<p>F\u00fcr die 5G-Auktion gibt es vier Unternehmen, die mitbieten. Mit von der Partie sind die Deutsche Telekom, Vodafone (O2), Telef\u00f3nica und United Internet (1&amp;1). Die Telekom hat sogar schon begonnen, 5G-Masten aufzustellen. 50 St\u00fcck, die bereits flei\u00dfig funken, gibt es davon derzeit in Berlin. Handybesitzer k\u00f6nnen damit aber noch nichts anfangen. Allerdings haben die ersten Hersteller ihre 5G-Smartphones auf <a href=\"https:\/\/pcspezialist.de\/blog\/2019\/03\/01\/mwc-2019\/\">Messen wie dem MWC<\/a> bereits angek\u00fcndigt. 5G soll bereits im kommenden Jahr in Deutschland starten.<\/p>\n<p>Seit neun Jahren gibt es bereits LTE, also 4G. Dennoch verzweifeln viele Handynutzer, weil in vielen Regionen nur E oder H zu empfangen ist. Was die einzelnen Abk\u00fcrzungen bedeuten und welches Mobilfunknetz aktuell das beste ist, erfahrt ihr in unseren Blogbeitr\u00e4gen \u00fcber die <a href=\"https:\/\/pcspezialist.de\/blog\/2018\/04\/10\/netzabdeckung-mobiles-internet\/\">Netzabdeckung<\/a> und den <a href=\"https:\/\/pcspezialist.de\/blog\/2017\/11\/30\/mobilfunknetz-beste-handynetze\/\">Mobilfunknetz-Test<\/a>. \u00dcbrigens, weltweit f\u00fchrend bei der Entwicklung des 5G-Standards ist der <a href=\"https:\/\/pcspezialist.de\/blog\/2016\/03\/15\/5g-mobilfunkstandard\/\">chinesische Huawei-Konzern<\/a>.<\/p>\n<div id=\"attachment_44092\" style=\"width: 236px\" class=\"wp-caption alignright\"><img loading=\"lazy\" decoding=\"async\" aria-describedby=\"caption-attachment-44092\" class=\"size-full wp-image-44092\" src=\"https:\/\/pcspezialist.de\/blog\/wp-content\/uploads\/2019\/03\/funkmast-5g.jpg\" alt=\"Das Foto zeigt einen Sendemast. Sie werden nach der 5G-Auktion massenhaft aufgestellt. Foto: Pixabay\" width=\"226\" height=\"340\" \/><p id=\"caption-attachment-44092\" class=\"wp-caption-text\">Die ersten 5G-Sendemasten stehen bereits. Foto: Pixabay<\/p><\/div>\n<h3>Welchen Nutzen bringt 5G?<\/h3>\n<p>Der neue Mobilfunkstandard 5G ist vor allem f\u00fcr Unternehmen und Industrie von Interesse. Dabei geht es in erster Linie um Vernetzung von Maschinen und Gadgets. F\u00fcr euch als Endverbraucher geht um den Performance-Gewinn und um niedrigeren Energieverbrauch. Folgende Vorz\u00fcge werden genannt:<\/p>\n<ul>\n<li>bis 100 h\u00f6here Datenrate als heutige 4G-Netze (also bis zu 10.000 MBit\/s),<\/li>\n<li>rund 1000fach h\u00f6here Kapazit\u00e4t,<\/li>\n<li>weltweit 100 Mrd. Mobilfunkger\u00e4te gleichzeitig ansprechbar,<\/li>\n<li>extrem niedrige Latenzzeiten,<\/li>\n<li>1\/1000 Energieverbrauch pro \u00fcbertragenem Bit,<\/li>\n<li>90% geringerer Stromverbrauch je nach Mobildienst.<\/li>\n<\/ul>\n<p>Um zu verdeutlichen, welche Geschwindigkeit ihr mit 5G erwarten k\u00f6nnt, ein Bespiel: Um einen Netflix-Film in Ultra-HD zu schauen, empfiehlt der Streaming-Dienst eine Datenrate von 25 Megabit pro Sekunde. Mit 5G w\u00e4ren demnach \u00fcber 400 parallele Streams m\u00f6glich. Allerdings reicht auch der LTE-Standard, um das t\u00e4gliche Surfen mit dem Smartphone zu bew\u00e4ltigen. Daher ist die Latenzzeit vom 5G-Netz wesentlich wichtiger: Sie soll so niedrig sein, dass ihr Informationen in Echtzeit hin und herschicken k\u00f6nnt. Beispiel vernetzte Autos: Sie k\u00f6nnen sich blitzschnell gegenseitig vor Gefahren warnen.<\/p>\n<h3>Gef\u00e4hrdet 5G-Strahlung die Gesundheit?<\/h3>\n<p>Doch wie steht es um die Gesundheit? Die Strahlung gilt als gesundheitsgef\u00e4hrdend. Der Grund: Da die Reichweite der 5G-Strahlen geringer ist, m\u00fcssen mehr Sendemasten aufgestellt werden, die enger zusammenstehen. Dadurch erh\u00f6ht sich die Strahlung. Bereits 2017 haben\u00a0180 Wissenschaftler aus 36 L\u00e4ndern in einem\u00a0<a class=\"external-link\" href=\"https:\/\/www.diagnose-funk.org\/publikationen\/artikel\/detail&amp;newsid=1220\" target=\"_blank\" rel=\"noopener noreferrer\">offenen Brief<\/a> einen Ausbaustopp f\u00fcr 5G gefordert, bis die gesundheitlichen Auswirkungen erforscht sind. Auch am Rande der 5G-Auktion protestieren \u00c4rzte gegen den Mobilfunkstandard.\u00a0Das <a href=\"https:\/\/www.bfs.de\/DE\/themen\/emf\/mobilfunk\/basiswissen\/5g\/5g_node.html\" target=\"_blank\" rel=\"noopener noreferrer\">Bundesamt f\u00fcr Strahlenschutz (BfS)<\/a> best\u00e4tigt zwar offenen Fragen zur Gesundheitsgef\u00e4hrdung, negative Auswirkungen erwartet es aber nicht.<\/p>\n<p>Was erwartet ihr vom neuen 5G-Mobilfunkstandard? Kommt ihr bereits in den Genuss von 4G oder d\u00fcmpelt ihr in weniger leistungsstarken Mobilfunknetzen herum? Welche Hoffnungen verbindet ihr mit 5G?\u00a0 Oder f\u00fcrchtet ihr sogar, dass der Endverbrauchen keine Vorteile durch 5G erf\u00e4hrt? Lasst es uns in unseren Kommentaren wissen.<\/p>\n<h3>Update vom 13.06.2019: 5G-Auktion beendet<\/h3>\n<p>Die 5G-Auktion ist gestern beendet worden. Die Politik ist mit dem Ergebnis zufrieden, weil die Auktion 1,5 Milliarden Euro mehr in die Kassen gesp\u00fclt hat, als erwartet. Sechs Milliarden Euro mussten die vier Bieter f\u00fcr die Ersteigerung der 5G-Lizenzen insgesamt bezahlen.<\/p>\n<p>Die Netzbetreiber sind nicht rundum zufrieden, wie ihr bei <a href=\"https:\/\/www.tagesschau.de\/inland\/5g-auktion-103.html\" target=\"_blank\" rel=\"noopener noreferrer\">tagessschau.de<\/a> nachlesen k\u00f6nnt. Sie halten die Auktion der nicht ausreichenden Menge an Frequenzen f\u00fcr kontraproduktiv, weil sie die Kosten in die H\u00f6he getrieben habe. Dieses Geld fehle nun f\u00fcr den Ausbau des Netzes. Derweil freut sich der Bund \u00fcber die Mehreinnahmen, die er in die Digitalisierung der Schulen stecken will.<\/p>\n","protected":false},"excerpt":{"rendered":"<p>Die 5G-Auktion ist in aller Munde. W\u00e4hrend in Deutschland gerade der Ausbau startet, st\u00f6ren sich die USA an einer m\u00f6glichen Beteiligung durch den chinesischen Hersteller Huawei.\u00a0 Wie die Auktion abl\u00e4uft, was der neue Mobilfunkstandard bringt und welche Gewinne die Regierung durch die Auktion einstreicht, erfahrt ihr bei uns.<\/p>\n","protected":false},"author":98,"featured_media":44088,"comment_status":"open","ping_status":"closed","sticky":false,"template":"","format":"standard","meta":{"footnotes":""},"categories":[10503],"tags":[2154,7099,9596],"class_list":["post-44083","post","type-post","status-publish","format-standard","has-post-thumbnail","hentry","category-digitalisierung","tag-breitband","tag-internetgeschwindigkeit","tag-mobilfunknetz"],"yoast_head":"<!-- This site is optimized with the Yoast SEO plugin v27.5 - https:\/\/yoast.com\/product\/yoast-seo-wordpress\/ -->\n<title>5G-Auktion gestartet \u2013 Was bringt der neue Mobilfunkstandard?<\/title>\n<meta name=\"description\" content=\"Die 5G-Auktion ist gestern gestartet. Wie die Auktion abl\u00e4uft und welche Vorteile der neue Mobilfunkstandard bringt, erfahrt ihr bei uns.\" \/>\n<meta name=\"robots\" content=\"index, follow, max-snippet:-1, max-image-preview:large, max-video-preview:-1\" \/>\n<link rel=\"canonical\" href=\"https:\/\/pcspezialist.de\/blog\/2019\/03\/20\/5g-auktion\/\" \/>\n<meta property=\"og:locale\" content=\"de_DE\" \/>\n<meta property=\"og:type\" content=\"article\" \/>\n<meta property=\"og:title\" content=\"5G-Auktion gestartet \u2013 Was bringt der neue Mobilfunkstandard?\" \/>\n<meta property=\"og:description\" content=\"Die 5G-Auktion ist gestern gestartet. Wie die Auktion abl\u00e4uft und welche Vorteile der neue Mobilfunkstandard bringt, erfahrt ihr bei uns.\" \/>\n<meta property=\"og:url\" content=\"https:\/\/pcspezialist.de\/blog\/2019\/03\/20\/5g-auktion\/\" \/>\n<meta property=\"og:site_name\" content=\"PC-SPEZIALIST Blog\" \/>\n<meta property=\"article:published_time\" content=\"2019-03-20T11:28:59+00:00\" \/>\n<meta property=\"article:modified_time\" content=\"2024-11-06T10:19:58+00:00\" \/>\n<meta property=\"og:image\" content=\"https:\/\/pcspezialist.de\/blog\/wp-content\/uploads\/2019\/03\/5G-Auktion.jpg\" \/>\n\t<meta property=\"og:image:width\" content=\"1280\" \/>\n\t<meta property=\"og:image:height\" content=\"797\" \/>\n\t<meta property=\"og:image:type\" content=\"image\/jpeg\" \/>\n<meta name=\"author\" content=\"Maren Keller\" \/>\n<meta name=\"twitter:card\" content=\"summary_large_image\" \/>\n<meta name=\"twitter:label1\" content=\"Verfasst von\" \/>\n\t<meta name=\"twitter:data1\" content=\"Maren Keller\" \/>\n\t<meta name=\"twitter:label2\" content=\"Gesch\u00e4tzte Lesezeit\" \/>\n\t<meta name=\"twitter:data2\" content=\"5\u00a0Minuten\" \/>\n<script type=\"application\/ld+json\" class=\"yoast-schema-graph\">{\"@context\":\"https:\\\/\\\/schema.org\",\"@graph\":[{\"@type\":\"Article\",\"@id\":\"https:\\\/\\\/pcspezialist.de\\\/blog\\\/2019\\\/03\\\/20\\\/5g-auktion\\\/#article\",\"isPartOf\":{\"@id\":\"https:\\\/\\\/pcspezialist.de\\\/blog\\\/2019\\\/03\\\/20\\\/5g-auktion\\\/\"},\"author\":{\"name\":\"Maren Keller\",\"@id\":\"https:\\\/\\\/pcspezialist.de\\\/blog\\\/#\\\/schema\\\/person\\\/e9cb801a8b8ea9138af26a02b8b6d14f\"},\"headline\":\"5G-Auktion gestartet ## Was bringt der neue Mobilfunkstandard?\",\"datePublished\":\"2019-03-20T11:28:59+00:00\",\"dateModified\":\"2024-11-06T10:19:58+00:00\",\"mainEntityOfPage\":{\"@id\":\"https:\\\/\\\/pcspezialist.de\\\/blog\\\/2019\\\/03\\\/20\\\/5g-auktion\\\/\"},\"wordCount\":920,\"commentCount\":0,\"image\":{\"@id\":\"https:\\\/\\\/pcspezialist.de\\\/blog\\\/2019\\\/03\\\/20\\\/5g-auktion\\\/#primaryimage\"},\"thumbnailUrl\":\"https:\\\/\\\/pcspezialist.de\\\/blog\\\/wp-content\\\/uploads\\\/2019\\\/03\\\/5G-Auktion.jpg\",\"keywords\":[\"Breitband\",\"Internetgeschwindigkeit\",\"Mobilfunknetz\"],\"articleSection\":[\"Digitalisierung\"],\"inLanguage\":\"de\",\"potentialAction\":[{\"@type\":\"CommentAction\",\"name\":\"Comment\",\"target\":[\"https:\\\/\\\/pcspezialist.de\\\/blog\\\/2019\\\/03\\\/20\\\/5g-auktion\\\/#respond\"]}]},{\"@type\":\"WebPage\",\"@id\":\"https:\\\/\\\/pcspezialist.de\\\/blog\\\/2019\\\/03\\\/20\\\/5g-auktion\\\/\",\"url\":\"https:\\\/\\\/pcspezialist.de\\\/blog\\\/2019\\\/03\\\/20\\\/5g-auktion\\\/\",\"name\":\"5G-Auktion gestartet \u2013 Was bringt der neue Mobilfunkstandard?\",\"isPartOf\":{\"@id\":\"https:\\\/\\\/pcspezialist.de\\\/blog\\\/#website\"},\"primaryImageOfPage\":{\"@id\":\"https:\\\/\\\/pcspezialist.de\\\/blog\\\/2019\\\/03\\\/20\\\/5g-auktion\\\/#primaryimage\"},\"image\":{\"@id\":\"https:\\\/\\\/pcspezialist.de\\\/blog\\\/2019\\\/03\\\/20\\\/5g-auktion\\\/#primaryimage\"},\"thumbnailUrl\":\"https:\\\/\\\/pcspezialist.de\\\/blog\\\/wp-content\\\/uploads\\\/2019\\\/03\\\/5G-Auktion.jpg\",\"datePublished\":\"2019-03-20T11:28:59+00:00\",\"dateModified\":\"2024-11-06T10:19:58+00:00\",\"author\":{\"@id\":\"https:\\\/\\\/pcspezialist.de\\\/blog\\\/#\\\/schema\\\/person\\\/e9cb801a8b8ea9138af26a02b8b6d14f\"},\"description\":\"Die 5G-Auktion ist gestern gestartet. Wie die Auktion abl\u00e4uft und welche Vorteile der neue Mobilfunkstandard bringt, erfahrt ihr bei uns.\",\"breadcrumb\":{\"@id\":\"https:\\\/\\\/pcspezialist.de\\\/blog\\\/2019\\\/03\\\/20\\\/5g-auktion\\\/#breadcrumb\"},\"inLanguage\":\"de\",\"potentialAction\":[{\"@type\":\"ReadAction\",\"target\":[\"https:\\\/\\\/pcspezialist.de\\\/blog\\\/2019\\\/03\\\/20\\\/5g-auktion\\\/\"]}]},{\"@type\":\"ImageObject\",\"inLanguage\":\"de\",\"@id\":\"https:\\\/\\\/pcspezialist.de\\\/blog\\\/2019\\\/03\\\/20\\\/5g-auktion\\\/#primaryimage\",\"url\":\"https:\\\/\\\/pcspezialist.de\\\/blog\\\/wp-content\\\/uploads\\\/2019\\\/03\\\/5G-Auktion.jpg\",\"contentUrl\":\"https:\\\/\\\/pcspezialist.de\\\/blog\\\/wp-content\\\/uploads\\\/2019\\\/03\\\/5G-Auktion.jpg\",\"width\":1280,\"height\":797,\"caption\":\"5G-Auktion - Mobilfunkstandard - Mobilfunknetz. Foto: Pixabay\"},{\"@type\":\"BreadcrumbList\",\"@id\":\"https:\\\/\\\/pcspezialist.de\\\/blog\\\/2019\\\/03\\\/20\\\/5g-auktion\\\/#breadcrumb\",\"itemListElement\":[{\"@type\":\"ListItem\",\"position\":1,\"name\":\"Startseite\",\"item\":\"https:\\\/\\\/pcspezialist.de\\\/blog\\\/\"},{\"@type\":\"ListItem\",\"position\":2,\"name\":\"5G-Auktion gestartet ## Was bringt der neue Mobilfunkstandard?\"}]},{\"@type\":\"WebSite\",\"@id\":\"https:\\\/\\\/pcspezialist.de\\\/blog\\\/#website\",\"url\":\"https:\\\/\\\/pcspezialist.de\\\/blog\\\/\",\"name\":\"PC-SPEZIALIST Blog\",\"description\":\"IT-Service, Trends &amp; Technik\",\"potentialAction\":[{\"@type\":\"SearchAction\",\"target\":{\"@type\":\"EntryPoint\",\"urlTemplate\":\"https:\\\/\\\/pcspezialist.de\\\/blog\\\/?s={search_term_string}\"},\"query-input\":{\"@type\":\"PropertyValueSpecification\",\"valueRequired\":true,\"valueName\":\"search_term_string\"}}],\"inLanguage\":\"de\"},{\"@type\":\"Person\",\"@id\":\"https:\\\/\\\/pcspezialist.de\\\/blog\\\/#\\\/schema\\\/person\\\/e9cb801a8b8ea9138af26a02b8b6d14f\",\"name\":\"Maren Keller\",\"description\":\"PC-SPEZIALIST ist eine Marke der in Schlo\u00df Holte ans\u00e4ssigen SYNAXON. Seit 2016 arbeitet Maren Keller f\u00fcr den PC-SPEZIALIST-Blog. Gestartet als Online-Redakteurin ist sie mittlerweile Content Marketing Managerin und tr\u00e4gt unter anderem die Verantwortung f\u00fcr die Inhalte des Blogs. In den Jahren 2017 und 2020 hat sie parallel f\u00fcr den Blog des IT-SERVICE.NETWORK geschrieben. Die studierte Germanistin und Politologin hat einen Sp\u00fcrsinn f\u00fcr aktuelle Bedrohungen im IT-Bereich entwickelt und versteht es, das Fachwissen von PC-SPEZIALIST dem Leser verst\u00e4ndlich darzubieten. Nicht zu verleugnen ist allerdings ihre Ungeduld, die sich in flinken Fingern auf der Tastatur zeigt und gleichzeitig f\u00fcr einen hohen Output sorgt. Ihre journalistische Karriere begann Maren Keller Mitte der 1990er Jahre mit dem Verfassen von Sportberichten f\u00fcr die Regionalseiten ihrer Heimatzeitung in Bremerhaven. Nach dem Studium in Hannover, das von zahlreichen Praktika bei Funk, Fernsehen und Zeitung begleitet wurde, kehrte sie f\u00fcr ein journalistisches Volontariat in ihre Heimat zur\u00fcck, um bei der NORDSEE-ZEITUNG den Beruf des Redakteurs von der Pike auf zu lernen und anschlie\u00dfend in der Sportredaktion zu arbeiten. W\u00e4hrend ihrer Elternzeiten und beruflich bedingten Umz\u00fcgen arbeitete sie als freie Journalistin f\u00fcr verschiedene Tageszeitungen und fand 2016 den Weg zur SYNAXON, wo sie heute als Content Marketing Managerin in Lohn und Brot steht. In ihrer Freizeit zeigt sie ihr Talent f\u00fcr\u2019s Schreiben nicht. Stattdessen liegen ihre Schwerpunkt dort im Bereich Haus, Familie, Garten und Hund. Au\u00dferdem ist sie musikalisch unterwegs, bl\u00e4st das Jagdhorn in einem Bl\u00e4serkorps, spielt Klavier und singt im Chor. Sie haben Fragen an Maren Keller? Sie erreichen sie per E-Mail an redaktion@pcspezialist.de\",\"url\":\"https:\\\/\\\/pcspezialist.de\\\/blog\\\/author\\\/maren\\\/\"}]}<\/script>\n<!-- \/ Yoast SEO plugin. -->","yoast_head_json":{"title":"5G-Auktion gestartet \u2013 Was bringt der neue Mobilfunkstandard?","description":"Die 5G-Auktion ist gestern gestartet. Wie die Auktion abl\u00e4uft und welche Vorteile der neue Mobilfunkstandard bringt, erfahrt ihr bei uns.","robots":{"index":"index","follow":"follow","max-snippet":"max-snippet:-1","max-image-preview":"max-image-preview:large","max-video-preview":"max-video-preview:-1"},"canonical":"https:\/\/pcspezialist.de\/blog\/2019\/03\/20\/5g-auktion\/","og_locale":"de_DE","og_type":"article","og_title":"5G-Auktion gestartet \u2013 Was bringt der neue Mobilfunkstandard?","og_description":"Die 5G-Auktion ist gestern gestartet. Wie die Auktion abl\u00e4uft und welche Vorteile der neue Mobilfunkstandard bringt, erfahrt ihr bei uns.","og_url":"https:\/\/pcspezialist.de\/blog\/2019\/03\/20\/5g-auktion\/","og_site_name":"PC-SPEZIALIST Blog","article_published_time":"2019-03-20T11:28:59+00:00","article_modified_time":"2024-11-06T10:19:58+00:00","og_image":[{"width":1280,"height":797,"url":"https:\/\/pcspezialist.de\/blog\/wp-content\/uploads\/2019\/03\/5G-Auktion.jpg","type":"image\/jpeg"}],"author":"Maren Keller","twitter_card":"summary_large_image","twitter_misc":{"Verfasst von":"Maren Keller","Gesch\u00e4tzte Lesezeit":"5\u00a0Minuten"},"schema":{"@context":"https:\/\/schema.org","@graph":[{"@type":"Article","@id":"https:\/\/pcspezialist.de\/blog\/2019\/03\/20\/5g-auktion\/#article","isPartOf":{"@id":"https:\/\/pcspezialist.de\/blog\/2019\/03\/20\/5g-auktion\/"},"author":{"name":"Maren Keller","@id":"https:\/\/pcspezialist.de\/blog\/#\/schema\/person\/e9cb801a8b8ea9138af26a02b8b6d14f"},"headline":"5G-Auktion gestartet ## Was bringt der neue Mobilfunkstandard?","datePublished":"2019-03-20T11:28:59+00:00","dateModified":"2024-11-06T10:19:58+00:00","mainEntityOfPage":{"@id":"https:\/\/pcspezialist.de\/blog\/2019\/03\/20\/5g-auktion\/"},"wordCount":920,"commentCount":0,"image":{"@id":"https:\/\/pcspezialist.de\/blog\/2019\/03\/20\/5g-auktion\/#primaryimage"},"thumbnailUrl":"https:\/\/pcspezialist.de\/blog\/wp-content\/uploads\/2019\/03\/5G-Auktion.jpg","keywords":["Breitband","Internetgeschwindigkeit","Mobilfunknetz"],"articleSection":["Digitalisierung"],"inLanguage":"de","potentialAction":[{"@type":"CommentAction","name":"Comment","target":["https:\/\/pcspezialist.de\/blog\/2019\/03\/20\/5g-auktion\/#respond"]}]},{"@type":"WebPage","@id":"https:\/\/pcspezialist.de\/blog\/2019\/03\/20\/5g-auktion\/","url":"https:\/\/pcspezialist.de\/blog\/2019\/03\/20\/5g-auktion\/","name":"5G-Auktion gestartet \u2013 Was bringt der neue Mobilfunkstandard?","isPartOf":{"@id":"https:\/\/pcspezialist.de\/blog\/#website"},"primaryImageOfPage":{"@id":"https:\/\/pcspezialist.de\/blog\/2019\/03\/20\/5g-auktion\/#primaryimage"},"image":{"@id":"https:\/\/pcspezialist.de\/blog\/2019\/03\/20\/5g-auktion\/#primaryimage"},"thumbnailUrl":"https:\/\/pcspezialist.de\/blog\/wp-content\/uploads\/2019\/03\/5G-Auktion.jpg","datePublished":"2019-03-20T11:28:59+00:00","dateModified":"2024-11-06T10:19:58+00:00","author":{"@id":"https:\/\/pcspezialist.de\/blog\/#\/schema\/person\/e9cb801a8b8ea9138af26a02b8b6d14f"},"description":"Die 5G-Auktion ist gestern gestartet. Wie die Auktion abl\u00e4uft und welche Vorteile der neue Mobilfunkstandard bringt, erfahrt ihr bei uns.","breadcrumb":{"@id":"https:\/\/pcspezialist.de\/blog\/2019\/03\/20\/5g-auktion\/#breadcrumb"},"inLanguage":"de","potentialAction":[{"@type":"ReadAction","target":["https:\/\/pcspezialist.de\/blog\/2019\/03\/20\/5g-auktion\/"]}]},{"@type":"ImageObject","inLanguage":"de","@id":"https:\/\/pcspezialist.de\/blog\/2019\/03\/20\/5g-auktion\/#primaryimage","url":"https:\/\/pcspezialist.de\/blog\/wp-content\/uploads\/2019\/03\/5G-Auktion.jpg","contentUrl":"https:\/\/pcspezialist.de\/blog\/wp-content\/uploads\/2019\/03\/5G-Auktion.jpg","width":1280,"height":797,"caption":"5G-Auktion - Mobilfunkstandard - Mobilfunknetz. Foto: Pixabay"},{"@type":"BreadcrumbList","@id":"https:\/\/pcspezialist.de\/blog\/2019\/03\/20\/5g-auktion\/#breadcrumb","itemListElement":[{"@type":"ListItem","position":1,"name":"Startseite","item":"https:\/\/pcspezialist.de\/blog\/"},{"@type":"ListItem","position":2,"name":"5G-Auktion gestartet ## Was bringt der neue Mobilfunkstandard?"}]},{"@type":"WebSite","@id":"https:\/\/pcspezialist.de\/blog\/#website","url":"https:\/\/pcspezialist.de\/blog\/","name":"PC-SPEZIALIST Blog","description":"IT-Service, Trends &amp; Technik","potentialAction":[{"@type":"SearchAction","target":{"@type":"EntryPoint","urlTemplate":"https:\/\/pcspezialist.de\/blog\/?s={search_term_string}"},"query-input":{"@type":"PropertyValueSpecification","valueRequired":true,"valueName":"search_term_string"}}],"inLanguage":"de"},{"@type":"Person","@id":"https:\/\/pcspezialist.de\/blog\/#\/schema\/person\/e9cb801a8b8ea9138af26a02b8b6d14f","name":"Maren Keller","description":"PC-SPEZIALIST ist eine Marke der in Schlo\u00df Holte ans\u00e4ssigen SYNAXON. Seit 2016 arbeitet Maren Keller f\u00fcr den PC-SPEZIALIST-Blog. Gestartet als Online-Redakteurin ist sie mittlerweile Content Marketing Managerin und tr\u00e4gt unter anderem die Verantwortung f\u00fcr die Inhalte des Blogs. In den Jahren 2017 und 2020 hat sie parallel f\u00fcr den Blog des IT-SERVICE.NETWORK geschrieben. Die studierte Germanistin und Politologin hat einen Sp\u00fcrsinn f\u00fcr aktuelle Bedrohungen im IT-Bereich entwickelt und versteht es, das Fachwissen von PC-SPEZIALIST dem Leser verst\u00e4ndlich darzubieten. Nicht zu verleugnen ist allerdings ihre Ungeduld, die sich in flinken Fingern auf der Tastatur zeigt und gleichzeitig f\u00fcr einen hohen Output sorgt. Ihre journalistische Karriere begann Maren Keller Mitte der 1990er Jahre mit dem Verfassen von Sportberichten f\u00fcr die Regionalseiten ihrer Heimatzeitung in Bremerhaven. Nach dem Studium in Hannover, das von zahlreichen Praktika bei Funk, Fernsehen und Zeitung begleitet wurde, kehrte sie f\u00fcr ein journalistisches Volontariat in ihre Heimat zur\u00fcck, um bei der NORDSEE-ZEITUNG den Beruf des Redakteurs von der Pike auf zu lernen und anschlie\u00dfend in der Sportredaktion zu arbeiten. W\u00e4hrend ihrer Elternzeiten und beruflich bedingten Umz\u00fcgen arbeitete sie als freie Journalistin f\u00fcr verschiedene Tageszeitungen und fand 2016 den Weg zur SYNAXON, wo sie heute als Content Marketing Managerin in Lohn und Brot steht. In ihrer Freizeit zeigt sie ihr Talent f\u00fcr\u2019s Schreiben nicht. Stattdessen liegen ihre Schwerpunkt dort im Bereich Haus, Familie, Garten und Hund. Au\u00dferdem ist sie musikalisch unterwegs, bl\u00e4st das Jagdhorn in einem Bl\u00e4serkorps, spielt Klavier und singt im Chor. Sie haben Fragen an Maren Keller? Sie erreichen sie per E-Mail an redaktion@pcspezialist.de","url":"https:\/\/pcspezialist.de\/blog\/author\/maren\/"}]}},"_links":{"self":[{"href":"https:\/\/pcspezialist.de\/blog\/wp-json\/wp\/v2\/posts\/44083","targetHints":{"allow":["GET"]}}],"collection":[{"href":"https:\/\/pcspezialist.de\/blog\/wp-json\/wp\/v2\/posts"}],"about":[{"href":"https:\/\/pcspezialist.de\/blog\/wp-json\/wp\/v2\/types\/post"}],"author":[{"embeddable":true,"href":"https:\/\/pcspezialist.de\/blog\/wp-json\/wp\/v2\/users\/98"}],"replies":[{"embeddable":true,"href":"https:\/\/pcspezialist.de\/blog\/wp-json\/wp\/v2\/comments?post=44083"}],"version-history":[{"count":15,"href":"https:\/\/pcspezialist.de\/blog\/wp-json\/wp\/v2\/posts\/44083\/revisions"}],"predecessor-version":[{"id":45353,"href":"https:\/\/pcspezialist.de\/blog\/wp-json\/wp\/v2\/posts\/44083\/revisions\/45353"}],"wp:featuredmedia":[{"embeddable":true,"href":"https:\/\/pcspezialist.de\/blog\/wp-json\/wp\/v2\/media\/44088"}],"wp:attachment":[{"href":"https:\/\/pcspezialist.de\/blog\/wp-json\/wp\/v2\/media?parent=44083"}],"wp:term":[{"taxonomy":"category","embeddable":true,"href":"https:\/\/pcspezialist.de\/blog\/wp-json\/wp\/v2\/categories?post=44083"},{"taxonomy":"post_tag","embeddable":true,"href":"https:\/\/pcspezialist.de\/blog\/wp-json\/wp\/v2\/tags?post=44083"}],"curies":[{"name":"wp","href":"https:\/\/api.w.org\/{rel}","templated":true}]}}