{"id":43430,"date":"2019-02-07T12:00:43","date_gmt":"2019-02-07T11:00:43","guid":{"rendered":"https:\/\/www.pcspezialist.de\/blog\/?p=43430"},"modified":"2024-03-22T08:23:42","modified_gmt":"2024-03-22T07:23:42","slug":"facebook-daten","status":"publish","type":"post","link":"https:\/\/pcspezialist.de\/blog\/2019\/02\/07\/facebook-daten\/","title":{"rendered":"Facebook-Daten im Blickpunkt ## Wie ihr das Aktivit\u00e4tenprotokoll regelm\u00e4\u00dfig \u00fcberpr\u00fcft"},"content":{"rendered":"<p><strong>Habt ihr eine Ahnung, welche Facebook-Daten von euch gespeichert werden? Und wisst ihr, an welcher Stelle ihr bei Facebook nachschauen k\u00f6nnt, um das herauszufinden?<\/strong><\/p>\n<p>Wir haben uns ganz genau auf den Facebook-Seiten umgeschaut und zeigen euch, wie ihr wenigstens etwas die Kontrolle \u00fcber eure Daten behaltet.<\/p>\n<p><!--more--><\/p>\n<h3>Keine Ahnung \u00fcber gespeicherte Facebook-Daten?<\/h3>\n<p>Ihr habt keine Ahnung, welche Facebook-Daten das Unternehmen speichert? Grunds\u00e4tzlich m\u00fcsst ihr davon ausgehen, dass Facebook alles speichert, was ihr klickt, liked oder kommentiert. Wirklich alles. Und damit ist Facebook das Pendant zu Google.<\/p>\n<p>Auch bei Google fragt ihr euch sicherlich immer mal wieder, <a href=\"https:\/\/pcspezialist.de\/blog\/2017\/11\/27\/was-weiss-google-ueber-mich\/\">was wei\u00df Google \u00fcber mich<\/a>? Bei uns im Blog k\u00f6nnt ihr die Antwort lesen. Und ihr erfahrt auch, wie ihr einigerma\u00dfen <a href=\"https:\/\/pcspezialist.de\/blog\/2019\/01\/11\/anonym-im-internet\/\">anonym im Internet surfen<\/a> k\u00f6nnt.<\/p>\n<p>Bei Facebook seht ihr alles \u00fcber die gespeicherten Daten im sogenannten \u201eAktivit\u00e4tenprotokoll\u201c. Das findet ihr in der Men\u00fcleiste, wenn ihr auf den nach unten gerichteten Pfeil klickt.<\/p>\n<div id=\"attachment_43449\" style=\"width: 245px\" class=\"wp-caption alignright\"><img loading=\"lazy\" decoding=\"async\" aria-describedby=\"caption-attachment-43449\" class=\"size-medium wp-image-43449\" src=\"https:\/\/pcspezialist.de\/blog\/wp-content\/uploads\/2019\/02\/Aktivit\u00e4tenprotokoll-1-235x500.png\" alt=\"Screenshot eines ausgeklappten Men\u00fcs der Facebook-Seite, wo gespeicherte Facebook-Daten gesehen werden k\u00f6nnen. Foto: Screenshot\" width=\"235\" height=\"500\" srcset=\"https:\/\/pcspezialist.de\/blog\/wp-content\/uploads\/2019\/02\/Aktivit\u00e4tenprotokoll-1-235x500.png 235w, https:\/\/pcspezialist.de\/blog\/wp-content\/uploads\/2019\/02\/Aktivit\u00e4tenprotokoll-1.png 250w\" sizes=\"auto, (max-width: 235px) 100vw, 235px\" \/><p id=\"caption-attachment-43449\" class=\"wp-caption-text\">Das Aktivit\u00e4tenprotokoll zeigt euch, welche Facebook-Daten gespeichert werden. Foto: Screenshot<\/p><\/div>\n<h3>Facebook merkt sich Vorlieben und Werbung<\/h3>\n<p>Egal, was ihr bei Facebook klickt und liked, Facebook merkt sich alles und zeigt euch k\u00fcnftig dazu passende Beitr\u00e4ge und vor allem Werbung an. Facebook hat euch aufgrund eurer Klicks und Likes in Interessenskategorien eingeordnet. Welche das sind, erf\u00e4hrt ihr auf den <a href=\"https:\/\/www.facebook.com\/ads\/preferences\" target=\"_blank\" rel=\"noopener\">Preferences-Seiten<\/a>.<\/p>\n<p>Seid ihr der Meinung, dass die von Facebook vorgenommene Einordnung nicht passt, k\u00f6nnt ihr nicht passende Interessen mit einem Klick entfernen. Allerdings k\u00f6nnt ihr die Werbung nicht komplett abschalten und Facebook wird neue Gruppen je nach Klick anlegen. Deshalb gilt: Unbedingt regelm\u00e4\u00dfig aufr\u00e4umen.<\/p>\n<h3>Muss Facebook den Standortverlauf kennen?<\/h3>\n<p>Neben Klicks und Likes wertet Facebook aber auch eure Bewegungsdaten aus. Wenn ihr nicht wollt, dass Facebook wei\u00df, wann ihr euch wie lange wo aufhaltet, solltet ihr die <a href=\"https:\/\/www.facebook.com\/settings?tab=location\" target=\"_blank\" rel=\"noopener\">Standortabfrage ausschalten<\/a>\u00a0oder zumindest immer mal wieder den Verlauf l\u00f6schen.<\/p>\n<p>Eine einfache Gegenma\u00dfnahme ist \u00fcbrigens, wenn ihr Facebook ausschlie\u00dflich im Browser verwendet und nicht mit der App. Zwar k\u00f6nnt ihr auch in der Facebook-App den Standortverlauf unter\u00a0\u201eEinstellungen und Privatsph\u00e4re\u201c\/\u201ePrivatsph\u00e4re auf einen Blick\u201c\/\u201eDeine Standorte\u201c\/\u201eStandortverlauf Aus\u201c abschalten, aber k\u00f6nnt ihr dann wirklich sicher sein, dass der Verlauf deaktiviert ist? Google zeichnet euren <a href=\"https:\/\/pcspezialist.de\/blog\/2018\/08\/14\/standortverlauf-google\/\">Standort zum Beispiel auch trotz deaktiviertem Verlauf<\/a> auf.<\/p>\n<h3>Facebook-Daten \u00fcber Videos und Suche<\/h3>\n<p>Es gibt noch mehr gesammelte Facebook-Daten. So speichert die Social-Media-Plattform auch, welche Videos ihr euch angesehen oder was was ihr im Suchfeld eingegeben habt.<\/p>\n<p>Nat\u00fcrlich kann es sehr praktisch sein, das Facebook sich angeschaute Videos merkt. Dann k\u00f6nnt ihr entsprechende Videos schneller wiederfinden. Aber gleichzeitig solltet ihr euch auch \u00fcberlegen, ob es wirklich so sinnvoll ist, dass Facebook so viel von euch wei\u00df. Das gleiche gilt f\u00fcr die Suche:\u00a0Muss Facebook wissen, f\u00fcr welche Personen ihr euch interessiert? Geht es Facebook \u00fcberhaupt etwas an?<\/p>\n<p>Wollt ihr Facebook den Datenhahn ein wenig abdrehen, hilft nur eines: regelm\u00e4\u00dfig den <a href=\"https:\/\/www.facebook.com\/profile.php?id=100011128660050&amp;sk=allactivity&amp;privacy_source=activity_log&amp;log_filter=videowatch&amp;category_key=videowatch#_\" target=\"_blank\" rel=\"noopener\">Verlauf \u00fcberpr\u00fcfen<\/a> und die Daten ganz oder teilweise l\u00f6schen.\u00a0Die L\u00f6schfunktion findet ihr oben rechts auf der Seite.<\/p>\n<div id=\"attachment_43455\" style=\"width: 710px\" class=\"wp-caption alignright\"><img loading=\"lazy\" decoding=\"async\" aria-describedby=\"caption-attachment-43455\" class=\"size-medium wp-image-43455\" src=\"https:\/\/pcspezialist.de\/blog\/wp-content\/uploads\/2019\/02\/suche-700x400.png\" alt=\"Screenshot des Suchverlaufs bei Facebook. Foto: Screenshot\" width=\"700\" height=\"400\" srcset=\"https:\/\/pcspezialist.de\/blog\/wp-content\/uploads\/2019\/02\/suche-700x400.png 700w, https:\/\/pcspezialist.de\/blog\/wp-content\/uploads\/2019\/02\/suche-768x439.png 768w, https:\/\/pcspezialist.de\/blog\/wp-content\/uploads\/2019\/02\/suche.png 782w\" sizes=\"auto, (max-width: 700px) 100vw, 700px\" \/><p id=\"caption-attachment-43455\" class=\"wp-caption-text\">Aufgelistet nach Datum k\u00f6nnt ihr sehen, wonach ihr gesucht habt. Foto: Screenshot<\/p><\/div>\n<h3>Facebook-Daten k\u00f6nnt ihr nicht ganz vermeiden<\/h3>\n<p>Viele Einstellungen k\u00f6nnt ihr unter Privatsph\u00e4re ver\u00e4ndern. Dass Facebook eure Suchen oder angesehenen Videos, Klicks und Likes speichert, k\u00f6nnt ihr nicht verhindern, aber regelm\u00e4\u00dfig \u00fcberpr\u00fcfen und l\u00f6schen.<\/p>\n<p>Facebook sammelt aber noch mehr Daten, beispielsweise Informationen zu den Ger\u00e4ten, mit denen ihr auf Facebook unterwegs seid. Ob Akkuladestand, freier Speicherplatz, WLAN-Signalst\u00e4rke oder andere Netzwerke in Reichweite\u00a0\u2013 nichts bleibt Facebook verborgen. Und auch, wer gar keinen Facebook-Account besitzt, landet irgendwann in den F\u00e4ngen der <a href=\"https:\/\/pcspezialist.de\/blog\/2018\/06\/26\/datenkrake-facebook\/\">Datenkrake Facebook<\/a>. Warum? Das wei\u00df Mark Zuckerberg allein. \u00c4ndern k\u00f6nnt ihr es nicht, und entfliehen k\u00f6nnt ihr der Sammelwut auch nur bedingt, wenn sogar nicht Account-Inhaber irgendwie getrackt werden.<\/p>\n<p>Was haltet ihr von der Datensammelwut? Guckt ihr euch regelm\u00e4\u00dfig den Verlauf an und l\u00f6scht die Daten? Oder ist es euch egal, was Facebook alles wei\u00df? Lasst es uns in unseren Kommentaren wissen. \u00dcbrigens: Braucht ihr Hilfe bei der DSL-<a href=\"https:\/\/pcspezialist.de\/dsl-wlan-einrichtung.html\">WLAN-Einrichtung<\/a>, dann wendet euch vertrauensvoll an euren <a href=\"https:\/\/pcspezialist.de\/it-service-anbieter-finden.html\">PC-SPEZIALIST vor Ort<\/a>. Wir sichern euer Netzwerk vor Angriffen von au\u00dfen ab.<\/p>\n","protected":false},"excerpt":{"rendered":"<p>Habt ihr eine Ahnung, welche Facebook-Daten von euch gespeichert werden? Und wisst ihr, an welcher Stelle ihr bei Facebook nachschauen k\u00f6nnt, um das herauszufinden? Wir haben uns ganz genau auf den Facebook-Seiten umgeschaut und zeigen euch, wie ihr wenigstens etwas die Kontrolle \u00fcber eure Daten behaltet.<\/p>\n","protected":false},"author":98,"featured_media":43432,"comment_status":"open","ping_status":"closed","sticky":false,"template":"","format":"standard","meta":{"footnotes":""},"categories":[6913],"tags":[1088,1250],"class_list":["post-43430","post","type-post","status-publish","format-standard","has-post-thumbnail","hentry","category-verschiedenes","tag-facebook","tag-social-media"],"yoast_head":"<!-- This site is optimized with the Yoast SEO plugin v27.5 - https:\/\/yoast.com\/product\/yoast-seo-wordpress\/ -->\n<title>Facebook-Daten im Aktivit\u00e4tenprotokoll \u00fcberpr\u00fcfen<\/title>\n<meta name=\"description\" content=\"Wisst ihr, welche Facebook-Daten gespeichert werden? Und wisst ihr, wo ihr kontrollieren k\u00f6nnt, was Facebook \u00fcber euch wei\u00df? Ihr erfahrt es bei uns.\" \/>\n<meta name=\"robots\" content=\"index, follow, max-snippet:-1, max-image-preview:large, max-video-preview:-1\" \/>\n<link rel=\"canonical\" href=\"https:\/\/pcspezialist.de\/blog\/2019\/02\/07\/facebook-daten\/\" \/>\n<meta property=\"og:locale\" content=\"de_DE\" \/>\n<meta property=\"og:type\" content=\"article\" \/>\n<meta property=\"og:title\" content=\"Facebook-Daten im Aktivit\u00e4tenprotokoll \u00fcberpr\u00fcfen\" \/>\n<meta property=\"og:description\" content=\"Wisst ihr, welche Facebook-Daten gespeichert werden? Und wisst ihr, wo ihr kontrollieren k\u00f6nnt, was Facebook \u00fcber euch wei\u00df? Ihr erfahrt es bei uns.\" \/>\n<meta property=\"og:url\" content=\"https:\/\/pcspezialist.de\/blog\/2019\/02\/07\/facebook-daten\/\" \/>\n<meta property=\"og:site_name\" content=\"PC-SPEZIALIST Blog\" \/>\n<meta property=\"article:published_time\" content=\"2019-02-07T11:00:43+00:00\" \/>\n<meta property=\"article:modified_time\" content=\"2024-03-22T07:23:42+00:00\" \/>\n<meta property=\"og:image\" content=\"https:\/\/pcspezialist.de\/blog\/wp-content\/uploads\/2019\/02\/facebook.jpg\" \/>\n\t<meta property=\"og:image:width\" content=\"1280\" \/>\n\t<meta property=\"og:image:height\" content=\"547\" \/>\n\t<meta property=\"og:image:type\" content=\"image\/jpeg\" \/>\n<meta name=\"author\" content=\"Maren Keller\" \/>\n<meta name=\"twitter:card\" content=\"summary_large_image\" \/>\n<meta name=\"twitter:label1\" content=\"Verfasst von\" \/>\n\t<meta name=\"twitter:data1\" content=\"Maren Keller\" \/>\n\t<meta name=\"twitter:label2\" content=\"Gesch\u00e4tzte Lesezeit\" \/>\n\t<meta name=\"twitter:data2\" content=\"4\u00a0Minuten\" \/>\n<script type=\"application\/ld+json\" class=\"yoast-schema-graph\">{\"@context\":\"https:\\\/\\\/schema.org\",\"@graph\":[{\"@type\":\"Article\",\"@id\":\"https:\\\/\\\/pcspezialist.de\\\/blog\\\/2019\\\/02\\\/07\\\/facebook-daten\\\/#article\",\"isPartOf\":{\"@id\":\"https:\\\/\\\/pcspezialist.de\\\/blog\\\/2019\\\/02\\\/07\\\/facebook-daten\\\/\"},\"author\":{\"name\":\"Maren Keller\",\"@id\":\"https:\\\/\\\/pcspezialist.de\\\/blog\\\/#\\\/schema\\\/person\\\/e9cb801a8b8ea9138af26a02b8b6d14f\"},\"headline\":\"Facebook-Daten im Blickpunkt ## Wie ihr das Aktivit\u00e4tenprotokoll regelm\u00e4\u00dfig \u00fcberpr\u00fcft\",\"datePublished\":\"2019-02-07T11:00:43+00:00\",\"dateModified\":\"2024-03-22T07:23:42+00:00\",\"mainEntityOfPage\":{\"@id\":\"https:\\\/\\\/pcspezialist.de\\\/blog\\\/2019\\\/02\\\/07\\\/facebook-daten\\\/\"},\"wordCount\":726,\"commentCount\":0,\"image\":{\"@id\":\"https:\\\/\\\/pcspezialist.de\\\/blog\\\/2019\\\/02\\\/07\\\/facebook-daten\\\/#primaryimage\"},\"thumbnailUrl\":\"https:\\\/\\\/pcspezialist.de\\\/blog\\\/wp-content\\\/uploads\\\/2019\\\/02\\\/facebook.jpg\",\"keywords\":[\"Facebook\",\"Social Media\"],\"articleSection\":[\"Verschiedenes\"],\"inLanguage\":\"de\",\"potentialAction\":[{\"@type\":\"CommentAction\",\"name\":\"Comment\",\"target\":[\"https:\\\/\\\/pcspezialist.de\\\/blog\\\/2019\\\/02\\\/07\\\/facebook-daten\\\/#respond\"]}]},{\"@type\":\"WebPage\",\"@id\":\"https:\\\/\\\/pcspezialist.de\\\/blog\\\/2019\\\/02\\\/07\\\/facebook-daten\\\/\",\"url\":\"https:\\\/\\\/pcspezialist.de\\\/blog\\\/2019\\\/02\\\/07\\\/facebook-daten\\\/\",\"name\":\"Facebook-Daten im Aktivit\u00e4tenprotokoll \u00fcberpr\u00fcfen\",\"isPartOf\":{\"@id\":\"https:\\\/\\\/pcspezialist.de\\\/blog\\\/#website\"},\"primaryImageOfPage\":{\"@id\":\"https:\\\/\\\/pcspezialist.de\\\/blog\\\/2019\\\/02\\\/07\\\/facebook-daten\\\/#primaryimage\"},\"image\":{\"@id\":\"https:\\\/\\\/pcspezialist.de\\\/blog\\\/2019\\\/02\\\/07\\\/facebook-daten\\\/#primaryimage\"},\"thumbnailUrl\":\"https:\\\/\\\/pcspezialist.de\\\/blog\\\/wp-content\\\/uploads\\\/2019\\\/02\\\/facebook.jpg\",\"datePublished\":\"2019-02-07T11:00:43+00:00\",\"dateModified\":\"2024-03-22T07:23:42+00:00\",\"author\":{\"@id\":\"https:\\\/\\\/pcspezialist.de\\\/blog\\\/#\\\/schema\\\/person\\\/e9cb801a8b8ea9138af26a02b8b6d14f\"},\"description\":\"Wisst ihr, welche Facebook-Daten gespeichert werden? Und wisst ihr, wo ihr kontrollieren k\u00f6nnt, was Facebook \u00fcber euch wei\u00df? Ihr erfahrt es bei uns.\",\"breadcrumb\":{\"@id\":\"https:\\\/\\\/pcspezialist.de\\\/blog\\\/2019\\\/02\\\/07\\\/facebook-daten\\\/#breadcrumb\"},\"inLanguage\":\"de\",\"potentialAction\":[{\"@type\":\"ReadAction\",\"target\":[\"https:\\\/\\\/pcspezialist.de\\\/blog\\\/2019\\\/02\\\/07\\\/facebook-daten\\\/\"]}]},{\"@type\":\"ImageObject\",\"inLanguage\":\"de\",\"@id\":\"https:\\\/\\\/pcspezialist.de\\\/blog\\\/2019\\\/02\\\/07\\\/facebook-daten\\\/#primaryimage\",\"url\":\"https:\\\/\\\/pcspezialist.de\\\/blog\\\/wp-content\\\/uploads\\\/2019\\\/02\\\/facebook.jpg\",\"contentUrl\":\"https:\\\/\\\/pcspezialist.de\\\/blog\\\/wp-content\\\/uploads\\\/2019\\\/02\\\/facebook.jpg\",\"width\":1280,\"height\":547,\"caption\":\"Facebook - Social Media - Datenschutz - Facebook-Daten. Foto: Pixabay\"},{\"@type\":\"BreadcrumbList\",\"@id\":\"https:\\\/\\\/pcspezialist.de\\\/blog\\\/2019\\\/02\\\/07\\\/facebook-daten\\\/#breadcrumb\",\"itemListElement\":[{\"@type\":\"ListItem\",\"position\":1,\"name\":\"Startseite\",\"item\":\"https:\\\/\\\/pcspezialist.de\\\/blog\\\/\"},{\"@type\":\"ListItem\",\"position\":2,\"name\":\"Facebook-Daten im Blickpunkt ## Wie ihr das Aktivit\u00e4tenprotokoll regelm\u00e4\u00dfig \u00fcberpr\u00fcft\"}]},{\"@type\":\"WebSite\",\"@id\":\"https:\\\/\\\/pcspezialist.de\\\/blog\\\/#website\",\"url\":\"https:\\\/\\\/pcspezialist.de\\\/blog\\\/\",\"name\":\"PC-SPEZIALIST Blog\",\"description\":\"IT-Service, Trends &amp; Technik\",\"potentialAction\":[{\"@type\":\"SearchAction\",\"target\":{\"@type\":\"EntryPoint\",\"urlTemplate\":\"https:\\\/\\\/pcspezialist.de\\\/blog\\\/?s={search_term_string}\"},\"query-input\":{\"@type\":\"PropertyValueSpecification\",\"valueRequired\":true,\"valueName\":\"search_term_string\"}}],\"inLanguage\":\"de\"},{\"@type\":\"Person\",\"@id\":\"https:\\\/\\\/pcspezialist.de\\\/blog\\\/#\\\/schema\\\/person\\\/e9cb801a8b8ea9138af26a02b8b6d14f\",\"name\":\"Maren Keller\",\"description\":\"PC-SPEZIALIST ist eine Marke der in Schlo\u00df Holte ans\u00e4ssigen SYNAXON. Seit 2016 arbeitet Maren Keller f\u00fcr den PC-SPEZIALIST-Blog. Gestartet als Online-Redakteurin ist sie mittlerweile Content Marketing Managerin und tr\u00e4gt unter anderem die Verantwortung f\u00fcr die Inhalte des Blogs. In den Jahren 2017 und 2020 hat sie parallel f\u00fcr den Blog des IT-SERVICE.NETWORK geschrieben. Die studierte Germanistin und Politologin hat einen Sp\u00fcrsinn f\u00fcr aktuelle Bedrohungen im IT-Bereich entwickelt und versteht es, das Fachwissen von PC-SPEZIALIST dem Leser verst\u00e4ndlich darzubieten. Nicht zu verleugnen ist allerdings ihre Ungeduld, die sich in flinken Fingern auf der Tastatur zeigt und gleichzeitig f\u00fcr einen hohen Output sorgt. Ihre journalistische Karriere begann Maren Keller Mitte der 1990er Jahre mit dem Verfassen von Sportberichten f\u00fcr die Regionalseiten ihrer Heimatzeitung in Bremerhaven. Nach dem Studium in Hannover, das von zahlreichen Praktika bei Funk, Fernsehen und Zeitung begleitet wurde, kehrte sie f\u00fcr ein journalistisches Volontariat in ihre Heimat zur\u00fcck, um bei der NORDSEE-ZEITUNG den Beruf des Redakteurs von der Pike auf zu lernen und anschlie\u00dfend in der Sportredaktion zu arbeiten. W\u00e4hrend ihrer Elternzeiten und beruflich bedingten Umz\u00fcgen arbeitete sie als freie Journalistin f\u00fcr verschiedene Tageszeitungen und fand 2016 den Weg zur SYNAXON, wo sie heute als Content Marketing Managerin in Lohn und Brot steht. In ihrer Freizeit zeigt sie ihr Talent f\u00fcr\u2019s Schreiben nicht. Stattdessen liegen ihre Schwerpunkt dort im Bereich Haus, Familie, Garten und Hund. Au\u00dferdem ist sie musikalisch unterwegs, bl\u00e4st das Jagdhorn in einem Bl\u00e4serkorps, spielt Klavier und singt im Chor. Sie haben Fragen an Maren Keller? Sie erreichen sie per E-Mail an redaktion@pcspezialist.de\",\"url\":\"https:\\\/\\\/pcspezialist.de\\\/blog\\\/author\\\/maren\\\/\"}]}<\/script>\n<!-- \/ Yoast SEO plugin. -->","yoast_head_json":{"title":"Facebook-Daten im Aktivit\u00e4tenprotokoll \u00fcberpr\u00fcfen","description":"Wisst ihr, welche Facebook-Daten gespeichert werden? Und wisst ihr, wo ihr kontrollieren k\u00f6nnt, was Facebook \u00fcber euch wei\u00df? Ihr erfahrt es bei uns.","robots":{"index":"index","follow":"follow","max-snippet":"max-snippet:-1","max-image-preview":"max-image-preview:large","max-video-preview":"max-video-preview:-1"},"canonical":"https:\/\/pcspezialist.de\/blog\/2019\/02\/07\/facebook-daten\/","og_locale":"de_DE","og_type":"article","og_title":"Facebook-Daten im Aktivit\u00e4tenprotokoll \u00fcberpr\u00fcfen","og_description":"Wisst ihr, welche Facebook-Daten gespeichert werden? Und wisst ihr, wo ihr kontrollieren k\u00f6nnt, was Facebook \u00fcber euch wei\u00df? Ihr erfahrt es bei uns.","og_url":"https:\/\/pcspezialist.de\/blog\/2019\/02\/07\/facebook-daten\/","og_site_name":"PC-SPEZIALIST Blog","article_published_time":"2019-02-07T11:00:43+00:00","article_modified_time":"2024-03-22T07:23:42+00:00","og_image":[{"width":1280,"height":547,"url":"https:\/\/pcspezialist.de\/blog\/wp-content\/uploads\/2019\/02\/facebook.jpg","type":"image\/jpeg"}],"author":"Maren Keller","twitter_card":"summary_large_image","twitter_misc":{"Verfasst von":"Maren Keller","Gesch\u00e4tzte Lesezeit":"4\u00a0Minuten"},"schema":{"@context":"https:\/\/schema.org","@graph":[{"@type":"Article","@id":"https:\/\/pcspezialist.de\/blog\/2019\/02\/07\/facebook-daten\/#article","isPartOf":{"@id":"https:\/\/pcspezialist.de\/blog\/2019\/02\/07\/facebook-daten\/"},"author":{"name":"Maren Keller","@id":"https:\/\/pcspezialist.de\/blog\/#\/schema\/person\/e9cb801a8b8ea9138af26a02b8b6d14f"},"headline":"Facebook-Daten im Blickpunkt ## Wie ihr das Aktivit\u00e4tenprotokoll regelm\u00e4\u00dfig \u00fcberpr\u00fcft","datePublished":"2019-02-07T11:00:43+00:00","dateModified":"2024-03-22T07:23:42+00:00","mainEntityOfPage":{"@id":"https:\/\/pcspezialist.de\/blog\/2019\/02\/07\/facebook-daten\/"},"wordCount":726,"commentCount":0,"image":{"@id":"https:\/\/pcspezialist.de\/blog\/2019\/02\/07\/facebook-daten\/#primaryimage"},"thumbnailUrl":"https:\/\/pcspezialist.de\/blog\/wp-content\/uploads\/2019\/02\/facebook.jpg","keywords":["Facebook","Social Media"],"articleSection":["Verschiedenes"],"inLanguage":"de","potentialAction":[{"@type":"CommentAction","name":"Comment","target":["https:\/\/pcspezialist.de\/blog\/2019\/02\/07\/facebook-daten\/#respond"]}]},{"@type":"WebPage","@id":"https:\/\/pcspezialist.de\/blog\/2019\/02\/07\/facebook-daten\/","url":"https:\/\/pcspezialist.de\/blog\/2019\/02\/07\/facebook-daten\/","name":"Facebook-Daten im Aktivit\u00e4tenprotokoll \u00fcberpr\u00fcfen","isPartOf":{"@id":"https:\/\/pcspezialist.de\/blog\/#website"},"primaryImageOfPage":{"@id":"https:\/\/pcspezialist.de\/blog\/2019\/02\/07\/facebook-daten\/#primaryimage"},"image":{"@id":"https:\/\/pcspezialist.de\/blog\/2019\/02\/07\/facebook-daten\/#primaryimage"},"thumbnailUrl":"https:\/\/pcspezialist.de\/blog\/wp-content\/uploads\/2019\/02\/facebook.jpg","datePublished":"2019-02-07T11:00:43+00:00","dateModified":"2024-03-22T07:23:42+00:00","author":{"@id":"https:\/\/pcspezialist.de\/blog\/#\/schema\/person\/e9cb801a8b8ea9138af26a02b8b6d14f"},"description":"Wisst ihr, welche Facebook-Daten gespeichert werden? Und wisst ihr, wo ihr kontrollieren k\u00f6nnt, was Facebook \u00fcber euch wei\u00df? Ihr erfahrt es bei uns.","breadcrumb":{"@id":"https:\/\/pcspezialist.de\/blog\/2019\/02\/07\/facebook-daten\/#breadcrumb"},"inLanguage":"de","potentialAction":[{"@type":"ReadAction","target":["https:\/\/pcspezialist.de\/blog\/2019\/02\/07\/facebook-daten\/"]}]},{"@type":"ImageObject","inLanguage":"de","@id":"https:\/\/pcspezialist.de\/blog\/2019\/02\/07\/facebook-daten\/#primaryimage","url":"https:\/\/pcspezialist.de\/blog\/wp-content\/uploads\/2019\/02\/facebook.jpg","contentUrl":"https:\/\/pcspezialist.de\/blog\/wp-content\/uploads\/2019\/02\/facebook.jpg","width":1280,"height":547,"caption":"Facebook - Social Media - Datenschutz - Facebook-Daten. Foto: Pixabay"},{"@type":"BreadcrumbList","@id":"https:\/\/pcspezialist.de\/blog\/2019\/02\/07\/facebook-daten\/#breadcrumb","itemListElement":[{"@type":"ListItem","position":1,"name":"Startseite","item":"https:\/\/pcspezialist.de\/blog\/"},{"@type":"ListItem","position":2,"name":"Facebook-Daten im Blickpunkt ## Wie ihr das Aktivit\u00e4tenprotokoll regelm\u00e4\u00dfig \u00fcberpr\u00fcft"}]},{"@type":"WebSite","@id":"https:\/\/pcspezialist.de\/blog\/#website","url":"https:\/\/pcspezialist.de\/blog\/","name":"PC-SPEZIALIST Blog","description":"IT-Service, Trends &amp; Technik","potentialAction":[{"@type":"SearchAction","target":{"@type":"EntryPoint","urlTemplate":"https:\/\/pcspezialist.de\/blog\/?s={search_term_string}"},"query-input":{"@type":"PropertyValueSpecification","valueRequired":true,"valueName":"search_term_string"}}],"inLanguage":"de"},{"@type":"Person","@id":"https:\/\/pcspezialist.de\/blog\/#\/schema\/person\/e9cb801a8b8ea9138af26a02b8b6d14f","name":"Maren Keller","description":"PC-SPEZIALIST ist eine Marke der in Schlo\u00df Holte ans\u00e4ssigen SYNAXON. Seit 2016 arbeitet Maren Keller f\u00fcr den PC-SPEZIALIST-Blog. Gestartet als Online-Redakteurin ist sie mittlerweile Content Marketing Managerin und tr\u00e4gt unter anderem die Verantwortung f\u00fcr die Inhalte des Blogs. In den Jahren 2017 und 2020 hat sie parallel f\u00fcr den Blog des IT-SERVICE.NETWORK geschrieben. Die studierte Germanistin und Politologin hat einen Sp\u00fcrsinn f\u00fcr aktuelle Bedrohungen im IT-Bereich entwickelt und versteht es, das Fachwissen von PC-SPEZIALIST dem Leser verst\u00e4ndlich darzubieten. Nicht zu verleugnen ist allerdings ihre Ungeduld, die sich in flinken Fingern auf der Tastatur zeigt und gleichzeitig f\u00fcr einen hohen Output sorgt. Ihre journalistische Karriere begann Maren Keller Mitte der 1990er Jahre mit dem Verfassen von Sportberichten f\u00fcr die Regionalseiten ihrer Heimatzeitung in Bremerhaven. Nach dem Studium in Hannover, das von zahlreichen Praktika bei Funk, Fernsehen und Zeitung begleitet wurde, kehrte sie f\u00fcr ein journalistisches Volontariat in ihre Heimat zur\u00fcck, um bei der NORDSEE-ZEITUNG den Beruf des Redakteurs von der Pike auf zu lernen und anschlie\u00dfend in der Sportredaktion zu arbeiten. W\u00e4hrend ihrer Elternzeiten und beruflich bedingten Umz\u00fcgen arbeitete sie als freie Journalistin f\u00fcr verschiedene Tageszeitungen und fand 2016 den Weg zur SYNAXON, wo sie heute als Content Marketing Managerin in Lohn und Brot steht. In ihrer Freizeit zeigt sie ihr Talent f\u00fcr\u2019s Schreiben nicht. Stattdessen liegen ihre Schwerpunkt dort im Bereich Haus, Familie, Garten und Hund. Au\u00dferdem ist sie musikalisch unterwegs, bl\u00e4st das Jagdhorn in einem Bl\u00e4serkorps, spielt Klavier und singt im Chor. Sie haben Fragen an Maren Keller? Sie erreichen sie per E-Mail an redaktion@pcspezialist.de","url":"https:\/\/pcspezialist.de\/blog\/author\/maren\/"}]}},"_links":{"self":[{"href":"https:\/\/pcspezialist.de\/blog\/wp-json\/wp\/v2\/posts\/43430","targetHints":{"allow":["GET"]}}],"collection":[{"href":"https:\/\/pcspezialist.de\/blog\/wp-json\/wp\/v2\/posts"}],"about":[{"href":"https:\/\/pcspezialist.de\/blog\/wp-json\/wp\/v2\/types\/post"}],"author":[{"embeddable":true,"href":"https:\/\/pcspezialist.de\/blog\/wp-json\/wp\/v2\/users\/98"}],"replies":[{"embeddable":true,"href":"https:\/\/pcspezialist.de\/blog\/wp-json\/wp\/v2\/comments?post=43430"}],"version-history":[{"count":16,"href":"https:\/\/pcspezialist.de\/blog\/wp-json\/wp\/v2\/posts\/43430\/revisions"}],"predecessor-version":[{"id":43480,"href":"https:\/\/pcspezialist.de\/blog\/wp-json\/wp\/v2\/posts\/43430\/revisions\/43480"}],"wp:featuredmedia":[{"embeddable":true,"href":"https:\/\/pcspezialist.de\/blog\/wp-json\/wp\/v2\/media\/43432"}],"wp:attachment":[{"href":"https:\/\/pcspezialist.de\/blog\/wp-json\/wp\/v2\/media?parent=43430"}],"wp:term":[{"taxonomy":"category","embeddable":true,"href":"https:\/\/pcspezialist.de\/blog\/wp-json\/wp\/v2\/categories?post=43430"},{"taxonomy":"post_tag","embeddable":true,"href":"https:\/\/pcspezialist.de\/blog\/wp-json\/wp\/v2\/tags?post=43430"}],"curies":[{"name":"wp","href":"https:\/\/api.w.org\/{rel}","templated":true}]}}