{"id":43428,"date":"2019-02-05T12:04:24","date_gmt":"2019-02-05T11:04:24","guid":{"rendered":"https:\/\/www.pcspezialist.de\/blog\/?p=43428"},"modified":"2024-11-06T11:22:29","modified_gmt":"2024-11-06T10:22:29","slug":"hate-speech-safer-internet-day-2019","status":"publish","type":"post","link":"https:\/\/pcspezialist.de\/blog\/2019\/02\/05\/hate-speech-safer-internet-day-2019\/","title":{"rendered":"Aktion gegen Hate Speech im Netz ## Safer Internet Day 2019"},"content":{"rendered":"<p><strong>Das Internet und die verschiedenen Social-Media-Plattformen quellen f\u00f6rmlich \u00fcber mit Hasskommentaren und der sogenannten Hate Speech. Mit vielen Aktionen wie dem Hashtag #lauteralshass soll am heutigen Safer Internet Day auf dieses Problem aufmerksam gemacht werden.<\/strong><\/p>\n<p>Was es damit auf sich hat und was der Safer Internet Day \u00fcberhaupt ist, kl\u00e4ren wir.<\/p>\n<p><!--more--><\/p>\n<h3>Hate Speech im Netz ein immer gr\u00f6\u00dferes Problem<\/h3>\n<p>Vor allem im vergangenen Jahr besch\u00e4ftigte das Thema Datenschutz dank zahlreicher Datenleaks \u2013 unter anderem bei <a href=\"https:\/\/pcspezialist.de\/blog\/2018\/10\/02\/facebook-hack\/\">Facebook<\/a> und <a href=\"https:\/\/pcspezialist.de\/blog\/2018\/10\/11\/datenpanne-google-plus\/\">Google+<\/a> \u2013 die Medien. Doch auch im noch jungen Jahr 2019 gab es schon zwei gro\u00dfe Datenskandale. Wir haben \u00fcber diese in den Artikeln <a href=\"https:\/\/pcspezialist.de\/blog\/2019\/01\/21\/datensatz-collection-1\/\">Collection #1<\/a> und <a href=\"https:\/\/pcspezialist.de\/blog\/2019\/01\/23\/personenbezogene-daten\/\">Gefahr durch personenbezogene Daten<\/a> berichtet. Kein Wunder, dass sich derzeit viele die Frage stellen: Wie sicher bin ich eigentlich im Internet?<\/p>\n<p>Die Antwort ist ern\u00fcchternd. Nicht nur durch Schwachstellen, die das Handy zur Wanze machen (wie etwa j\u00fcngst <a href=\"https:\/\/pcspezialist.de\/blog\/2019\/01\/29\/facetime-konferenz-sicherheitsluecke\/\">bei Apples FaceTime<\/a>) oder immer h\u00e4ufigere <a href=\"https:\/\/pcspezialist.de\/blog\/tag\/phishing\/\">Phishing-Angriffe<\/a> per E-Mail sind eure privaten Daten in Gefahr. Ein ebenso gro\u00dfes Problem sind die sogenannten Fake News und Hasskommentare, die die Medien auch als Hate Speech bezeichnen.<\/p>\n<p>Schaut ihr euch typische Unterhaltungen in den sozialen Medien an, f\u00e4llt schnell auf, dass im Internet ein rauer Ton herrscht. Beleidigungen und Beschimpfungen sind quasi an der Tagesordnung und Nachrichten werden gezielt falsch verbreitet, um f\u00fcr Aufmerksamkeit zu sorgen.<\/p>\n<div id=\"attachment_43439\" style=\"width: 710px\" class=\"wp-caption alignright\"><a href=\"https:\/\/pcspezialist.de\/blog\/wp-content\/uploads\/2019\/02\/safer-internet-day-2019.jpg\" data-rel=\"lightbox-image-0\" data-rl_title=\"\" data-rl_caption=\"\" title=\"\"><img loading=\"lazy\" decoding=\"async\" aria-describedby=\"caption-attachment-43439\" class=\"size-medium wp-image-43439\" src=\"https:\/\/pcspezialist.de\/blog\/wp-content\/uploads\/2019\/02\/safer-internet-day-2019-700x467.jpg\" alt=\"Diskussion im Klassenraum zum Thema Hate Speech (Bild: klicksafe.de)\" width=\"700\" height=\"467\" srcset=\"https:\/\/pcspezialist.de\/blog\/wp-content\/uploads\/2019\/02\/safer-internet-day-2019-700x467.jpg 700w, https:\/\/pcspezialist.de\/blog\/wp-content\/uploads\/2019\/02\/safer-internet-day-2019-768x512.jpg 768w, https:\/\/pcspezialist.de\/blog\/wp-content\/uploads\/2019\/02\/safer-internet-day-2019-1050x700.jpg 1050w, https:\/\/pcspezialist.de\/blog\/wp-content\/uploads\/2019\/02\/safer-internet-day-2019.jpg 1400w\" sizes=\"auto, (max-width: 700px) 100vw, 700px\" \/><\/a><p id=\"caption-attachment-43439\" class=\"wp-caption-text\">Im Rahmen des Safer Inter Day 2019 steht das Thema Hasskommentare im Fokus. (Bild: klicksafe.de)<\/p><\/div>\n<h3>Was ist der Safer Internet Day?<\/h3>\n<p>Genau dagegen richtet sich der diesj\u00e4hrige Safer Internet Day mit vielen Aktionen unter dem Motto \u201eTogether for a better Internet\u201c. Der Aktionstag soll mithilfe zahlreicher Veranstaltungen und Aktionen auf die Sicherheit im Internet aufmerksam machen und r\u00fcckt im Jahr 2019 vor allem den steigenden Einfluss von Hate Speech in den Vordergrund, <a href=\"https:\/\/www.heise.de\/newsticker\/meldung\/Safer-Internet-Day-2019-Gemeinsam-gegen-Hate-Speech-im-Netz-4294321.html\" target=\"_blank\" rel=\"noopener\">berichtet Martin Reche<\/a>.<\/p>\n<p>Seit 2004 findet der internationale Safer Internet Day jedes Jahr Anfang Februar statt. In Deutschland ist die <a href=\"https:\/\/www.klicksafe.de\/ueber-klicksafe\/safer-internet-day\/\">EU-Initiative klicksafe.de<\/a> f\u00fcr die Organisation des Aktionstages verantwortlich und koordiniert verschiedene Veranstaltungen, die f\u00fcr ein besseres und sicheres Internet \u2013 vor allem f\u00fcr Kinder und Jugendliche \u2013 sorgen sollen.<\/p>\n<p>Auch in diesem Jahr gibt es sowohl deutschland- als auch weltweit zahlreiche Aktionen, die auf die Problematik der Hassrede im Internet aufmerksam machen wollen. So gibt es in D\u00fcsseldorf eine zentrale Veranstaltung, bei der Sch\u00fcler, Politiker und Prominente \u00fcber das Thema diskutieren. Zus\u00e4tzlich pr\u00e4sentieren die Veranstalter auch die neue <a href=\"https:\/\/www.youtube.com\/results?search_query=%23lauteralshass\" target=\"_blank\" rel=\"noopener\">Videoreihe #lauteralshass<\/a>, in der beispielsweise bekannte YouTuber Tipps zum Umgang mit Hasskommentaren geben.<\/p>\n<h3>#lauteralshass \u2013 Aktionen gegen Hate Speech im Netz<\/h3>\n<p>Unter dem Hashtag #lauteralshass rufen die Organisatoren des Safer Internet Day alle Teilnehmer dazu auf, mit Kommentaren, Bildern und Videos ein Zeichen gegen die Hassrede im Netz zu setzen. Dazu hei\u00dft es auf der <a href=\"https:\/\/www.klicksafe.de\/ueber-klicksafe\/safer-internet-day\/sid-2019\/mitmachaktion\/\" target=\"_blank\" rel=\"noopener\">Infoseite von klicksafe.de<\/a>: \u201eHass im Internet geht uns alle an! Jeder kann etwas dagegen tun. Denn Hasskommentare und Beleidigungen vergiften das Klima im Netz. Meist stecken nur wenige Hater dahinter, doch alle leiden darunter.\u201c<\/p>\n<p>Au\u00dferdem stellt klicksafe <a href=\"https:\/\/www.klicksafe.de\/themen\/problematische-inhalte\/hate-speech\/\" target=\"_blank\" rel=\"noopener\">verschiedene Infomaterialien<\/a> f\u00fcr Eltern und Fachkr\u00e4fte im Bildungsektor bereit, darunter zum Beispiel die Brosch\u00fcre \u201eHate Speech \u2013 Hass im Netz\u201c. Dar\u00fcber hinaus gibt es auch auf der Seite des Medienkompetenzportals NRW <a href=\"https:\/\/www.medienkompetenzportal-nrw.de\/themen-dossiers\/hate-speech.html\" target=\"_blank\" rel=\"noopener\">umfangreiche Informationen<\/a> zum Thema Hassrede im Internet. Die Aktionen zum Safer Internet Day laufen den ganzen Tag \u00fcber, einen \u00dcberblick \u00fcber alle Veranstaltungen bietet die <a href=\"https:\/\/www.saferinternetday.org\/de\/country\" target=\"_blank\" rel=\"noopener\">internationale Website zu Safer Internet Day<\/a>.<\/p>\n<p>Wie sind eure Erfahrungen mit Beleidigungen im Internet? Was haltet ihr von den T\u00e4tern und seid ihr selbst schonmal zum Opfer geworden? Beteiligt ihr euch am #lauteralshass? Lasst es uns in unseren Kommentaren wissen.<\/p>\n","protected":false},"excerpt":{"rendered":"<p>Das Internet und die verschiedenen Social-Media-Plattformen quellen f\u00f6rmlich \u00fcber mit Hasskommentaren und der sogenannten Hate Speech. Mit vielen Aktionen wie dem Hashtag #lauteralshass soll am heutigen Safer Internet Day auf dieses Problem aufmerksam gemacht werden. Was es damit auf sich hat und was der Safer Internet Day \u00fcberhaupt ist, kl\u00e4ren wir.<\/p>\n","protected":false},"author":105,"featured_media":43441,"comment_status":"open","ping_status":"closed","sticky":false,"template":"","format":"standard","meta":{"footnotes":""},"categories":[6913],"tags":[1186,1250],"class_list":["post-43428","post","type-post","status-publish","format-standard","has-post-thumbnail","hentry","category-verschiedenes","tag-trends","tag-social-media"],"yoast_head":"<!-- This site is optimized with the Yoast SEO plugin v27.4 - https:\/\/yoast.com\/product\/yoast-seo-wordpress\/ -->\n<title>Aktion gegen Hate Speech im Netz \u2013 Safer Internet Day 2019<\/title>\n<meta name=\"description\" content=\"Jedes Jahr am 05. Februar findet der Safer Internet Day statt. Dieses Jahr gibt es im Zuge dessen viele Aktionen gegen Hate Speech im Netz. Infos hier.\" \/>\n<meta name=\"robots\" content=\"index, follow, max-snippet:-1, max-image-preview:large, max-video-preview:-1\" \/>\n<link rel=\"canonical\" href=\"https:\/\/pcspezialist.de\/blog\/2019\/02\/05\/hate-speech-safer-internet-day-2019\/\" \/>\n<meta property=\"og:locale\" content=\"de_DE\" \/>\n<meta property=\"og:type\" content=\"article\" \/>\n<meta property=\"og:title\" content=\"Aktion gegen Hate Speech im Netz \u2013 Safer Internet Day 2019\" \/>\n<meta property=\"og:description\" content=\"Jedes Jahr am 05. Februar findet der Safer Internet Day statt. Dieses Jahr gibt es im Zuge dessen viele Aktionen gegen Hate Speech im Netz. Infos hier.\" \/>\n<meta property=\"og:url\" content=\"https:\/\/pcspezialist.de\/blog\/2019\/02\/05\/hate-speech-safer-internet-day-2019\/\" \/>\n<meta property=\"og:site_name\" content=\"PC-SPEZIALIST Blog\" \/>\n<meta property=\"article:published_time\" content=\"2019-02-05T11:04:24+00:00\" \/>\n<meta property=\"article:modified_time\" content=\"2024-11-06T10:22:29+00:00\" \/>\n<meta property=\"og:image\" content=\"https:\/\/pcspezialist.de\/blog\/wp-content\/uploads\/2019\/02\/hate-speech-im-netz.jpg\" \/>\n\t<meta property=\"og:image:width\" content=\"1400\" \/>\n\t<meta property=\"og:image:height\" content=\"933\" \/>\n\t<meta property=\"og:image:type\" content=\"image\/jpeg\" \/>\n<meta name=\"author\" content=\"Stefanie Sch\u00e4fers\" \/>\n<meta name=\"twitter:card\" content=\"summary_large_image\" \/>\n<meta name=\"twitter:label1\" content=\"Verfasst von\" \/>\n\t<meta name=\"twitter:data1\" content=\"Stefanie Sch\u00e4fers\" \/>\n\t<meta name=\"twitter:label2\" content=\"Gesch\u00e4tzte Lesezeit\" \/>\n\t<meta name=\"twitter:data2\" content=\"3\u00a0Minuten\" \/>\n<script type=\"application\/ld+json\" class=\"yoast-schema-graph\">{\"@context\":\"https:\\\/\\\/schema.org\",\"@graph\":[{\"@type\":\"Article\",\"@id\":\"https:\\\/\\\/pcspezialist.de\\\/blog\\\/2019\\\/02\\\/05\\\/hate-speech-safer-internet-day-2019\\\/#article\",\"isPartOf\":{\"@id\":\"https:\\\/\\\/pcspezialist.de\\\/blog\\\/2019\\\/02\\\/05\\\/hate-speech-safer-internet-day-2019\\\/\"},\"author\":{\"name\":\"Stefanie Sch\u00e4fers\",\"@id\":\"https:\\\/\\\/pcspezialist.de\\\/blog\\\/#\\\/schema\\\/person\\\/bda551421759889a572d1f0490aab0bf\"},\"headline\":\"Aktion gegen Hate Speech im Netz ## Safer Internet Day 2019\",\"datePublished\":\"2019-02-05T11:04:24+00:00\",\"dateModified\":\"2024-11-06T10:22:29+00:00\",\"mainEntityOfPage\":{\"@id\":\"https:\\\/\\\/pcspezialist.de\\\/blog\\\/2019\\\/02\\\/05\\\/hate-speech-safer-internet-day-2019\\\/\"},\"wordCount\":608,\"commentCount\":0,\"image\":{\"@id\":\"https:\\\/\\\/pcspezialist.de\\\/blog\\\/2019\\\/02\\\/05\\\/hate-speech-safer-internet-day-2019\\\/#primaryimage\"},\"thumbnailUrl\":\"https:\\\/\\\/pcspezialist.de\\\/blog\\\/wp-content\\\/uploads\\\/2019\\\/02\\\/hate-speech-im-netz.jpg\",\"keywords\":[\"Trends\",\"Social Media\"],\"articleSection\":[\"Verschiedenes\"],\"inLanguage\":\"de\",\"potentialAction\":[{\"@type\":\"CommentAction\",\"name\":\"Comment\",\"target\":[\"https:\\\/\\\/pcspezialist.de\\\/blog\\\/2019\\\/02\\\/05\\\/hate-speech-safer-internet-day-2019\\\/#respond\"]}]},{\"@type\":\"WebPage\",\"@id\":\"https:\\\/\\\/pcspezialist.de\\\/blog\\\/2019\\\/02\\\/05\\\/hate-speech-safer-internet-day-2019\\\/\",\"url\":\"https:\\\/\\\/pcspezialist.de\\\/blog\\\/2019\\\/02\\\/05\\\/hate-speech-safer-internet-day-2019\\\/\",\"name\":\"Aktion gegen Hate Speech im Netz \u2013 Safer Internet Day 2019\",\"isPartOf\":{\"@id\":\"https:\\\/\\\/pcspezialist.de\\\/blog\\\/#website\"},\"primaryImageOfPage\":{\"@id\":\"https:\\\/\\\/pcspezialist.de\\\/blog\\\/2019\\\/02\\\/05\\\/hate-speech-safer-internet-day-2019\\\/#primaryimage\"},\"image\":{\"@id\":\"https:\\\/\\\/pcspezialist.de\\\/blog\\\/2019\\\/02\\\/05\\\/hate-speech-safer-internet-day-2019\\\/#primaryimage\"},\"thumbnailUrl\":\"https:\\\/\\\/pcspezialist.de\\\/blog\\\/wp-content\\\/uploads\\\/2019\\\/02\\\/hate-speech-im-netz.jpg\",\"datePublished\":\"2019-02-05T11:04:24+00:00\",\"dateModified\":\"2024-11-06T10:22:29+00:00\",\"author\":{\"@id\":\"https:\\\/\\\/pcspezialist.de\\\/blog\\\/#\\\/schema\\\/person\\\/bda551421759889a572d1f0490aab0bf\"},\"description\":\"Jedes Jahr am 05. Februar findet der Safer Internet Day statt. Dieses Jahr gibt es im Zuge dessen viele Aktionen gegen Hate Speech im Netz. Infos hier.\",\"breadcrumb\":{\"@id\":\"https:\\\/\\\/pcspezialist.de\\\/blog\\\/2019\\\/02\\\/05\\\/hate-speech-safer-internet-day-2019\\\/#breadcrumb\"},\"inLanguage\":\"de\",\"potentialAction\":[{\"@type\":\"ReadAction\",\"target\":[\"https:\\\/\\\/pcspezialist.de\\\/blog\\\/2019\\\/02\\\/05\\\/hate-speech-safer-internet-day-2019\\\/\"]}]},{\"@type\":\"ImageObject\",\"inLanguage\":\"de\",\"@id\":\"https:\\\/\\\/pcspezialist.de\\\/blog\\\/2019\\\/02\\\/05\\\/hate-speech-safer-internet-day-2019\\\/#primaryimage\",\"url\":\"https:\\\/\\\/pcspezialist.de\\\/blog\\\/wp-content\\\/uploads\\\/2019\\\/02\\\/hate-speech-im-netz.jpg\",\"contentUrl\":\"https:\\\/\\\/pcspezialist.de\\\/blog\\\/wp-content\\\/uploads\\\/2019\\\/02\\\/hate-speech-im-netz.jpg\",\"width\":1400,\"height\":933,\"caption\":\"M\u00e4dchen filmt Mobbing-Szene \u2013 Aktionen gegen Hate Speech (Bild: klicksafe.de)\"},{\"@type\":\"BreadcrumbList\",\"@id\":\"https:\\\/\\\/pcspezialist.de\\\/blog\\\/2019\\\/02\\\/05\\\/hate-speech-safer-internet-day-2019\\\/#breadcrumb\",\"itemListElement\":[{\"@type\":\"ListItem\",\"position\":1,\"name\":\"Startseite\",\"item\":\"https:\\\/\\\/pcspezialist.de\\\/blog\\\/\"},{\"@type\":\"ListItem\",\"position\":2,\"name\":\"Aktion gegen Hate Speech im Netz ## Safer Internet Day 2019\"}]},{\"@type\":\"WebSite\",\"@id\":\"https:\\\/\\\/pcspezialist.de\\\/blog\\\/#website\",\"url\":\"https:\\\/\\\/pcspezialist.de\\\/blog\\\/\",\"name\":\"PC-SPEZIALIST Blog\",\"description\":\"IT-Service, Trends &amp; Technik\",\"potentialAction\":[{\"@type\":\"SearchAction\",\"target\":{\"@type\":\"EntryPoint\",\"urlTemplate\":\"https:\\\/\\\/pcspezialist.de\\\/blog\\\/?s={search_term_string}\"},\"query-input\":{\"@type\":\"PropertyValueSpecification\",\"valueRequired\":true,\"valueName\":\"search_term_string\"}}],\"inLanguage\":\"de\"},{\"@type\":\"Person\",\"@id\":\"https:\\\/\\\/pcspezialist.de\\\/blog\\\/#\\\/schema\\\/person\\\/bda551421759889a572d1f0490aab0bf\",\"name\":\"Stefanie Sch\u00e4fers\",\"description\":\"Stefanie Sch\u00e4fers war von Januar 2018 bis April 2019 Content-Redakteurin f\u00fcr den PC-SPEZIALIST-Blog. Zuvor arbeitete die studierte Anglistin als Redakteurin f\u00fcr die IT-Fachmagazine PHP Magazin, Entwickler Magazin und Mobile Technology sowie die Online-Plattform entwickler.de.\",\"url\":\"https:\\\/\\\/pcspezialist.de\\\/blog\\\/author\\\/sschaefers\\\/\"}]}<\/script>\n<!-- \/ Yoast SEO plugin. -->","yoast_head_json":{"title":"Aktion gegen Hate Speech im Netz \u2013 Safer Internet Day 2019","description":"Jedes Jahr am 05. Februar findet der Safer Internet Day statt. Dieses Jahr gibt es im Zuge dessen viele Aktionen gegen Hate Speech im Netz. Infos hier.","robots":{"index":"index","follow":"follow","max-snippet":"max-snippet:-1","max-image-preview":"max-image-preview:large","max-video-preview":"max-video-preview:-1"},"canonical":"https:\/\/pcspezialist.de\/blog\/2019\/02\/05\/hate-speech-safer-internet-day-2019\/","og_locale":"de_DE","og_type":"article","og_title":"Aktion gegen Hate Speech im Netz \u2013 Safer Internet Day 2019","og_description":"Jedes Jahr am 05. Februar findet der Safer Internet Day statt. Dieses Jahr gibt es im Zuge dessen viele Aktionen gegen Hate Speech im Netz. Infos hier.","og_url":"https:\/\/pcspezialist.de\/blog\/2019\/02\/05\/hate-speech-safer-internet-day-2019\/","og_site_name":"PC-SPEZIALIST Blog","article_published_time":"2019-02-05T11:04:24+00:00","article_modified_time":"2024-11-06T10:22:29+00:00","og_image":[{"width":1400,"height":933,"url":"https:\/\/pcspezialist.de\/blog\/wp-content\/uploads\/2019\/02\/hate-speech-im-netz.jpg","type":"image\/jpeg"}],"author":"Stefanie Sch\u00e4fers","twitter_card":"summary_large_image","twitter_misc":{"Verfasst von":"Stefanie Sch\u00e4fers","Gesch\u00e4tzte Lesezeit":"3\u00a0Minuten"},"schema":{"@context":"https:\/\/schema.org","@graph":[{"@type":"Article","@id":"https:\/\/pcspezialist.de\/blog\/2019\/02\/05\/hate-speech-safer-internet-day-2019\/#article","isPartOf":{"@id":"https:\/\/pcspezialist.de\/blog\/2019\/02\/05\/hate-speech-safer-internet-day-2019\/"},"author":{"name":"Stefanie Sch\u00e4fers","@id":"https:\/\/pcspezialist.de\/blog\/#\/schema\/person\/bda551421759889a572d1f0490aab0bf"},"headline":"Aktion gegen Hate Speech im Netz ## Safer Internet Day 2019","datePublished":"2019-02-05T11:04:24+00:00","dateModified":"2024-11-06T10:22:29+00:00","mainEntityOfPage":{"@id":"https:\/\/pcspezialist.de\/blog\/2019\/02\/05\/hate-speech-safer-internet-day-2019\/"},"wordCount":608,"commentCount":0,"image":{"@id":"https:\/\/pcspezialist.de\/blog\/2019\/02\/05\/hate-speech-safer-internet-day-2019\/#primaryimage"},"thumbnailUrl":"https:\/\/pcspezialist.de\/blog\/wp-content\/uploads\/2019\/02\/hate-speech-im-netz.jpg","keywords":["Trends","Social Media"],"articleSection":["Verschiedenes"],"inLanguage":"de","potentialAction":[{"@type":"CommentAction","name":"Comment","target":["https:\/\/pcspezialist.de\/blog\/2019\/02\/05\/hate-speech-safer-internet-day-2019\/#respond"]}]},{"@type":"WebPage","@id":"https:\/\/pcspezialist.de\/blog\/2019\/02\/05\/hate-speech-safer-internet-day-2019\/","url":"https:\/\/pcspezialist.de\/blog\/2019\/02\/05\/hate-speech-safer-internet-day-2019\/","name":"Aktion gegen Hate Speech im Netz \u2013 Safer Internet Day 2019","isPartOf":{"@id":"https:\/\/pcspezialist.de\/blog\/#website"},"primaryImageOfPage":{"@id":"https:\/\/pcspezialist.de\/blog\/2019\/02\/05\/hate-speech-safer-internet-day-2019\/#primaryimage"},"image":{"@id":"https:\/\/pcspezialist.de\/blog\/2019\/02\/05\/hate-speech-safer-internet-day-2019\/#primaryimage"},"thumbnailUrl":"https:\/\/pcspezialist.de\/blog\/wp-content\/uploads\/2019\/02\/hate-speech-im-netz.jpg","datePublished":"2019-02-05T11:04:24+00:00","dateModified":"2024-11-06T10:22:29+00:00","author":{"@id":"https:\/\/pcspezialist.de\/blog\/#\/schema\/person\/bda551421759889a572d1f0490aab0bf"},"description":"Jedes Jahr am 05. Februar findet der Safer Internet Day statt. Dieses Jahr gibt es im Zuge dessen viele Aktionen gegen Hate Speech im Netz. Infos hier.","breadcrumb":{"@id":"https:\/\/pcspezialist.de\/blog\/2019\/02\/05\/hate-speech-safer-internet-day-2019\/#breadcrumb"},"inLanguage":"de","potentialAction":[{"@type":"ReadAction","target":["https:\/\/pcspezialist.de\/blog\/2019\/02\/05\/hate-speech-safer-internet-day-2019\/"]}]},{"@type":"ImageObject","inLanguage":"de","@id":"https:\/\/pcspezialist.de\/blog\/2019\/02\/05\/hate-speech-safer-internet-day-2019\/#primaryimage","url":"https:\/\/pcspezialist.de\/blog\/wp-content\/uploads\/2019\/02\/hate-speech-im-netz.jpg","contentUrl":"https:\/\/pcspezialist.de\/blog\/wp-content\/uploads\/2019\/02\/hate-speech-im-netz.jpg","width":1400,"height":933,"caption":"M\u00e4dchen filmt Mobbing-Szene \u2013 Aktionen gegen Hate Speech (Bild: klicksafe.de)"},{"@type":"BreadcrumbList","@id":"https:\/\/pcspezialist.de\/blog\/2019\/02\/05\/hate-speech-safer-internet-day-2019\/#breadcrumb","itemListElement":[{"@type":"ListItem","position":1,"name":"Startseite","item":"https:\/\/pcspezialist.de\/blog\/"},{"@type":"ListItem","position":2,"name":"Aktion gegen Hate Speech im Netz ## Safer Internet Day 2019"}]},{"@type":"WebSite","@id":"https:\/\/pcspezialist.de\/blog\/#website","url":"https:\/\/pcspezialist.de\/blog\/","name":"PC-SPEZIALIST Blog","description":"IT-Service, Trends &amp; Technik","potentialAction":[{"@type":"SearchAction","target":{"@type":"EntryPoint","urlTemplate":"https:\/\/pcspezialist.de\/blog\/?s={search_term_string}"},"query-input":{"@type":"PropertyValueSpecification","valueRequired":true,"valueName":"search_term_string"}}],"inLanguage":"de"},{"@type":"Person","@id":"https:\/\/pcspezialist.de\/blog\/#\/schema\/person\/bda551421759889a572d1f0490aab0bf","name":"Stefanie Sch\u00e4fers","description":"Stefanie Sch\u00e4fers war von Januar 2018 bis April 2019 Content-Redakteurin f\u00fcr den PC-SPEZIALIST-Blog. Zuvor arbeitete die studierte Anglistin als Redakteurin f\u00fcr die IT-Fachmagazine PHP Magazin, Entwickler Magazin und Mobile Technology sowie die Online-Plattform entwickler.de.","url":"https:\/\/pcspezialist.de\/blog\/author\/sschaefers\/"}]}},"_links":{"self":[{"href":"https:\/\/pcspezialist.de\/blog\/wp-json\/wp\/v2\/posts\/43428","targetHints":{"allow":["GET"]}}],"collection":[{"href":"https:\/\/pcspezialist.de\/blog\/wp-json\/wp\/v2\/posts"}],"about":[{"href":"https:\/\/pcspezialist.de\/blog\/wp-json\/wp\/v2\/types\/post"}],"author":[{"embeddable":true,"href":"https:\/\/pcspezialist.de\/blog\/wp-json\/wp\/v2\/users\/105"}],"replies":[{"embeddable":true,"href":"https:\/\/pcspezialist.de\/blog\/wp-json\/wp\/v2\/comments?post=43428"}],"version-history":[{"count":15,"href":"https:\/\/pcspezialist.de\/blog\/wp-json\/wp\/v2\/posts\/43428\/revisions"}],"predecessor-version":[{"id":43452,"href":"https:\/\/pcspezialist.de\/blog\/wp-json\/wp\/v2\/posts\/43428\/revisions\/43452"}],"wp:featuredmedia":[{"embeddable":true,"href":"https:\/\/pcspezialist.de\/blog\/wp-json\/wp\/v2\/media\/43441"}],"wp:attachment":[{"href":"https:\/\/pcspezialist.de\/blog\/wp-json\/wp\/v2\/media?parent=43428"}],"wp:term":[{"taxonomy":"category","embeddable":true,"href":"https:\/\/pcspezialist.de\/blog\/wp-json\/wp\/v2\/categories?post=43428"},{"taxonomy":"post_tag","embeddable":true,"href":"https:\/\/pcspezialist.de\/blog\/wp-json\/wp\/v2\/tags?post=43428"}],"curies":[{"name":"wp","href":"https:\/\/api.w.org\/{rel}","templated":true}]}}