{"id":43283,"date":"2019-01-30T12:21:03","date_gmt":"2019-01-30T11:21:03","guid":{"rendered":"https:\/\/www.pcspezialist.de\/blog\/?p=43283"},"modified":"2024-11-06T11:22:51","modified_gmt":"2024-11-06T10:22:51","slug":"messenger-zusammenlegen","status":"publish","type":"post","link":"https:\/\/pcspezialist.de\/blog\/2019\/01\/30\/messenger-zusammenlegen\/","title":{"rendered":"Messenger-Dienste zusammenlegen? ## Werden Facebook, Instagram und WhatsApp eins?"},"content":{"rendered":"<p><strong>Zuckerberg plant den n\u00e4chsten gro\u00dfen Coup in Sachen Datensammlung. Angeblich will er den Facebook Messenger, WhatsApp und Instagram zusammenlegen. Und das nur, damit ihr Dienst-\u00fcbergreifend kommunizieren k\u00f6nnt.\u00a0<\/strong><\/p>\n<p>Was wirklich hinter der Zusammenlegung der Dienste steckt und wann sie kommt, erfahrt ihr bei uns.<\/p>\n<p><!--more--><\/p>\n<h3>Zusammenlegen der Messenger-Dienste<\/h3>\n<p>Facebook plant das Zusammenlegen seiner Messenger-Dienste. Damit will Facebook-CEO Mark Zuckerberg das Versenden verschl\u00fcsselter Nachrichten zwischen den verschiedenen Diensten erm\u00f6glichen. Eine Facebook-Sprecherin best\u00e4tigte gegen\u00fcber der Nachrichtenagentur AFP einen <a href=\"https:\/\/www.nytimes.com\/2019\/01\/25\/technology\/facebook-instagram-whatsapp-messenger.html\" target=\"_blank\" rel=\"noopener\">Bericht der New York Times<\/a> und sagte, das Unternehmen arbeite daran, \u201ees einfacher zu machen, Freunde und Familie Netzwerk-\u00fcbergreifend zu erreichen.\u201c<\/p>\n<p>Daf\u00fcr soll Instagram mit Ende-zu-Ende-Verschl\u00fcsselung ausgestattet werden. Bislang gibt es nur bei WhatsApp diese Art der sicheren \u00dcbertragung von Nachrichten standardm\u00e4\u00dfig. Beim Facebook Messenger k\u00f6nnt ihr die Funktion bereits dazuschalten.<\/p>\n<div id=\"attachment_43304\" style=\"width: 341px\" class=\"wp-caption alignright\"><img loading=\"lazy\" decoding=\"async\" aria-describedby=\"caption-attachment-43304\" class=\"size-medium wp-image-43304\" src=\"https:\/\/pcspezialist.de\/blog\/wp-content\/uploads\/2019\/01\/smartphone-331x500.jpg\" alt=\"Smartphone mit Chat-Apps symbolisiert das Zusammenlegen von Instagram, WhatsApp und Facebook. Foto: Pixabay\/Zuschnitt: Pc-SPEZIALIST\" width=\"331\" height=\"500\" srcset=\"https:\/\/pcspezialist.de\/blog\/wp-content\/uploads\/2019\/01\/smartphone-331x500.jpg 331w, https:\/\/pcspezialist.de\/blog\/wp-content\/uploads\/2019\/01\/smartphone-464x700.jpg 464w, https:\/\/pcspezialist.de\/blog\/wp-content\/uploads\/2019\/01\/smartphone.jpg 497w\" sizes=\"auto, (max-width: 331px) 100vw, 331px\" \/><p id=\"caption-attachment-43304\" class=\"wp-caption-text\">WhatsApp, Instagram, Facebook \u2013 Zuckerberg plant das Zusammenlegen der Dienste. Foto: Pixabay\/Zuschnitt: PC-SPEZIALIST<\/p><\/div>\n<h3>WhatsApp- und Instagram-Gr\u00fcnder sind gegangen<\/h3>\n<p>Nachdem Facebook Instagram und WhatsApp gekauft hatte, waren die Gr\u00fcnder der Dienste bis zum vergangenen Jahr noch Teil des Online-Netzwerkes. Mittlerweile gehen sie alle eigene Wege, weil es Spannungen mit Zuckerberg gegeben haben soll. Er wollte demnach mehr Einfluss auf die F\u00fchrung der Dienste haben und unter anderem Werbung implementieren. Damit will er vor allem auch mit dem kostenlosen Messenger WhatsApp Geld verdienen.<\/p>\n<p>Die technologische Weiterentwicklung von WhatsApp und Instagram liegt nun komplett in den H\u00e4nden des Mutterkonzerns Facebook. Und das ist bemerkenswert, denn Zuckerberg hatte beim milliardenschweren Einkauf der Tochterfirmen die jeweilige Unabh\u00e4ngigkeit garantiert.<\/p>\n<h3>Hintergrund f\u00fcr das Zusammenlegen der Messenger<\/h3>\n<p>Was steckt hinter dem geplanten Zusammenlegen der Messenger-Dienste? Immerhin sind die Pl\u00e4ne bereits so weit fortgeschritten, dass die neue Software Ende dieses oder zu Beginn des kommenden Jahres eingesetzt werden k\u00f6nnte.<\/p>\n<p>F\u00fcr euch als Nutzer \u00e4ndert sich optisch nichts. Jeder der drei Dienste erscheint weiterhin als eigenst\u00e4ndiges Angebot in den App-Stores. Allerdings l\u00e4uft dann bei allen drei Diensten dieselbe Software, so dass ihr untereinander Dienst-\u00fcbergreifend kommunizieren k\u00f6nnt. Das h\u00f6rt sich zun\u00e4chst einmal gut an, doch das wohlbekannte \u201eAber\u201c ist nicht weit weg.<\/p>\n<h3>Zusammenlegen erleichtert Abgleich der Nutzerdaten<\/h3>\n<p>Facebook-Chef Zuckerberg plant das Zusammenlegen der Dienste nat\u00fcrlich nicht, um euch einen Gefallen zu tun. Wobei es nat\u00fcrlich toll w\u00e4re, wenn ihr mit euren Freunden \u00fcber verschiedene Chat-Dienste chatten k\u00f6nntet. Selbst Justizministerin Barley hatte bereits vorgeschlagen, <a href=\"https:\/\/pcspezialist.de\/blog\/2018\/06\/29\/whatsapp-oeffnen\/\">WhatsApp zu \u00f6ffnen<\/a> \u2013 f\u00fcr die Kommunikation zwischen verschiedenen Messengern unterschiedlicher Anbieter.<\/p>\n<p>Soweit geht Zuckerberg allerdings nicht. Er m\u00f6chte lediglich das Zusammenlegen der eigenen Dienste. Und das nicht, um euch einen Gefallen zu tun, auch wenn sich das zun\u00e4chst so anh\u00f6rt. Zuckerberg verfolgt ganz andere Ziele: Das Zusammenf\u00fchren der drei Dienste macht es Facebook einfacher, Nutzerprofile anzulegen, Nutzerdaten abzugleichen und zu kombinieren.<\/p>\n<div id=\"attachment_43307\" style=\"width: 710px\" class=\"wp-caption alignright\"><img loading=\"lazy\" decoding=\"async\" aria-describedby=\"caption-attachment-43307\" class=\"size-medium wp-image-43307\" src=\"https:\/\/pcspezialist.de\/blog\/wp-content\/uploads\/2019\/01\/online-3286012_1280-700x482.jpg\" alt=\"Bin\u00e4re Zeichen mit zwei H\u00e4nden, die scheinbar zugreifen. Foto: Pixabay\" width=\"700\" height=\"482\" srcset=\"https:\/\/pcspezialist.de\/blog\/wp-content\/uploads\/2019\/01\/online-3286012_1280-700x482.jpg 700w, https:\/\/pcspezialist.de\/blog\/wp-content\/uploads\/2019\/01\/online-3286012_1280-768x529.jpg 768w, https:\/\/pcspezialist.de\/blog\/wp-content\/uploads\/2019\/01\/online-3286012_1280-1016x700.jpg 1016w, https:\/\/pcspezialist.de\/blog\/wp-content\/uploads\/2019\/01\/online-3286012_1280.jpg 1280w\" sizes=\"auto, (max-width: 700px) 100vw, 700px\" \/><p id=\"caption-attachment-43307\" class=\"wp-caption-text\">Das Sammeln und Kombinieren der Nutzerdaten wird f\u00fcr Facebook noch einfacher. Foto: Pixabay<\/p><\/div>\n<h3>Auflagen f\u00fcr den Kauf von WhatsApp<\/h3>\n<p>In Europa durfte Facebook WhatsApp nur unter Auflagen \u00fcbernehmen. Diese galten vor allem f\u00fcr den Umgang mit Nutzerdaten. Doch Facebook interessierte das wenig. Die Nutzerdaten hatte das Unternehmen weitergegeben und daf\u00fcr eine Strafe von 110 Millionen Euro aufgebrummt bekommen. Zudem war der Datenaustausch verboten worden.<\/p>\n<p>Nach Inkrafttreten der <a href=\"https:\/\/pcspezialist.de\/blog\/2018\/05\/15\/eu-datenschutz-dsgvo\/\">DSGVO<\/a>\u00a0hatte sich Facebook ganz einfach von seinen Nutzern den Datenaustausch mittels Nutzerbedingungen absegnen lassen. Wer nicht zustimmt, kann die Dienste nicht nutzen. Widerspruch ist zwecklos, wie ihr in den Blogbeitr\u00e4gen <a href=\"https:\/\/pcspezialist.de\/blog\/2016\/07\/05\/facebook-agb-widerspruch-zwecklos\/\">Facebook-AGB<\/a> und <a href=\"https:\/\/pcspezialist.de\/blog\/2019\/01\/16\/facebook-post\/\">Facebook-Post<\/a>\u00a0nachlesen k\u00f6nnt.<\/p>\n<h3>Zusammenlegen der Dienste und die Datenpannen<\/h3>\n<p>Mit der aktuellen Planung, dem Zusammenlegen der Dienste, d\u00fcrfte Facebook erneut Datensch\u00fctzer auf den Plan rufen. Hinter den Pl\u00e4nen steckt eben nicht nur die Absicht, mehr Werbeeinnahmen zu generieren, sondern auch das Sammeln der Nutzerdaten.<\/p>\n<p>Im Zusammenhang mit den vielen Datenpannen bei Facebook im vergangenen Jahr sollte sich also wirklich jeder \u00fcberlegen, wie er mit dieser Neuerung umgeht. Zuletzt hatten wir \u00fcber <a href=\"https:\/\/pcspezialist.de\/blog\/2018\/11\/06\/persoenliche-daten-facebook\/\">Facebook-Hacker<\/a>, <a href=\"https:\/\/pcspezialist.de\/blog\/2018\/12\/03\/datenschutzverstoss-linkedin\/\">Datenschutzverst\u00f6\u00dfe<\/a> und <a href=\"https:\/\/pcspezialist.de\/blog\/2018\/12\/21\/datenweitergabe-facebook-partner\/\">Datenweitergaben<\/a> berichtet.<\/p>\n<p>Was haltet ihr von dem neuesten Plan? Sehr ihr mehr die Vorteile der Messenger-\u00fcbergreifenden Kommunikation oder f\u00fcrchtet ihr euch vor den Nachteilen durch das Datensammeln? Lasst es uns in unseren Kommentaren wissen.\u00a0\u00dcbrigens: Hilfe bei der <a href=\"https:\/\/pcspezialist.de\/smartphone-komfort-einrichtung-android.html\">Einrichtung<\/a> eures Handys bekommt ihr nat\u00fcrlich bei <a href=\"https:\/\/pcspezialist.de\/it-service-anbieter-finden.html\">PC-SPEZIALIST vor Ort<\/a>. Wir sind auch f\u00fcr euch da, wenn ihr eine <a href=\"https:\/\/pcspezialist.de\/smartphone-reparatur.html\">Smartphone-Reparatur<\/a> ben\u00f6tigt.<\/p>\n","protected":false},"excerpt":{"rendered":"<p>Zuckerberg plant den n\u00e4chsten gro\u00dfen Coup in Sachen Datensammlung. Angeblich will er den Facebook Messenger, WhatsApp und Instagram zusammenlegen. Und das nur, damit ihr Dienst-\u00fcbergreifend kommunizieren k\u00f6nnt.\u00a0 Was wirklich hinter der Zusammenlegung der Dienste steckt und wann sie kommt, erfahrt ihr bei uns.<\/p>\n","protected":false},"author":98,"featured_media":43289,"comment_status":"open","ping_status":"closed","sticky":false,"template":"","format":"standard","meta":{"footnotes":""},"categories":[6913],"tags":[1088,2192,3367,3764],"class_list":["post-43283","post","type-post","status-publish","format-standard","has-post-thumbnail","hentry","category-verschiedenes","tag-facebook","tag-messenger","tag-instagram","tag-whatsapp"],"yoast_head":"<!-- This site is optimized with the Yoast SEO plugin v27.5 - https:\/\/yoast.com\/product\/yoast-seo-wordpress\/ -->\n<title>Zusammenlegen der Chat-Dienste? \u2013 Was plant Zuckerberg<\/title>\n<meta name=\"description\" content=\"Plant Zuckerberg das Zusammenlegen seiner Chat-Dienste? Angeblich sollen Facebook, WhatsApp und Instagram miteinander verkn\u00fcpft werden. Alle Infos hier.\" \/>\n<meta name=\"robots\" content=\"index, follow, max-snippet:-1, max-image-preview:large, max-video-preview:-1\" \/>\n<link rel=\"canonical\" href=\"https:\/\/pcspezialist.de\/blog\/2019\/01\/30\/messenger-zusammenlegen\/\" \/>\n<meta property=\"og:locale\" content=\"de_DE\" \/>\n<meta property=\"og:type\" content=\"article\" \/>\n<meta property=\"og:title\" content=\"Zusammenlegen der Chat-Dienste? \u2013 Was plant Zuckerberg\" \/>\n<meta property=\"og:description\" content=\"Plant Zuckerberg das Zusammenlegen seiner Chat-Dienste? Angeblich sollen Facebook, WhatsApp und Instagram miteinander verkn\u00fcpft werden. Alle Infos hier.\" \/>\n<meta property=\"og:url\" content=\"https:\/\/pcspezialist.de\/blog\/2019\/01\/30\/messenger-zusammenlegen\/\" \/>\n<meta property=\"og:site_name\" content=\"PC-SPEZIALIST Blog\" \/>\n<meta property=\"article:published_time\" content=\"2019-01-30T11:21:03+00:00\" \/>\n<meta property=\"article:modified_time\" content=\"2024-11-06T10:22:51+00:00\" \/>\n<meta property=\"og:image\" content=\"https:\/\/pcspezialist.de\/blog\/wp-content\/uploads\/2019\/01\/Handy-Frau.jpg\" \/>\n\t<meta property=\"og:image:width\" content=\"1280\" \/>\n\t<meta property=\"og:image:height\" content=\"853\" \/>\n\t<meta property=\"og:image:type\" content=\"image\/jpeg\" \/>\n<meta name=\"author\" content=\"Maren Keller\" \/>\n<meta name=\"twitter:card\" content=\"summary_large_image\" \/>\n<meta name=\"twitter:label1\" content=\"Verfasst von\" \/>\n\t<meta name=\"twitter:data1\" content=\"Maren Keller\" \/>\n\t<meta name=\"twitter:label2\" content=\"Gesch\u00e4tzte Lesezeit\" \/>\n\t<meta name=\"twitter:data2\" content=\"4\u00a0Minuten\" \/>\n<script type=\"application\/ld+json\" class=\"yoast-schema-graph\">{\"@context\":\"https:\\\/\\\/schema.org\",\"@graph\":[{\"@type\":\"Article\",\"@id\":\"https:\\\/\\\/pcspezialist.de\\\/blog\\\/2019\\\/01\\\/30\\\/messenger-zusammenlegen\\\/#article\",\"isPartOf\":{\"@id\":\"https:\\\/\\\/pcspezialist.de\\\/blog\\\/2019\\\/01\\\/30\\\/messenger-zusammenlegen\\\/\"},\"author\":{\"name\":\"Maren Keller\",\"@id\":\"https:\\\/\\\/pcspezialist.de\\\/blog\\\/#\\\/schema\\\/person\\\/e9cb801a8b8ea9138af26a02b8b6d14f\"},\"headline\":\"Messenger-Dienste zusammenlegen? ## Werden Facebook, Instagram und WhatsApp eins?\",\"datePublished\":\"2019-01-30T11:21:03+00:00\",\"dateModified\":\"2024-11-06T10:22:51+00:00\",\"mainEntityOfPage\":{\"@id\":\"https:\\\/\\\/pcspezialist.de\\\/blog\\\/2019\\\/01\\\/30\\\/messenger-zusammenlegen\\\/\"},\"wordCount\":734,\"commentCount\":0,\"image\":{\"@id\":\"https:\\\/\\\/pcspezialist.de\\\/blog\\\/2019\\\/01\\\/30\\\/messenger-zusammenlegen\\\/#primaryimage\"},\"thumbnailUrl\":\"https:\\\/\\\/pcspezialist.de\\\/blog\\\/wp-content\\\/uploads\\\/2019\\\/01\\\/Handy-Frau.jpg\",\"keywords\":[\"Facebook\",\"Messenger\",\"Instagram\",\"WhatsApp\"],\"articleSection\":[\"Verschiedenes\"],\"inLanguage\":\"de\",\"potentialAction\":[{\"@type\":\"CommentAction\",\"name\":\"Comment\",\"target\":[\"https:\\\/\\\/pcspezialist.de\\\/blog\\\/2019\\\/01\\\/30\\\/messenger-zusammenlegen\\\/#respond\"]}]},{\"@type\":\"WebPage\",\"@id\":\"https:\\\/\\\/pcspezialist.de\\\/blog\\\/2019\\\/01\\\/30\\\/messenger-zusammenlegen\\\/\",\"url\":\"https:\\\/\\\/pcspezialist.de\\\/blog\\\/2019\\\/01\\\/30\\\/messenger-zusammenlegen\\\/\",\"name\":\"Zusammenlegen der Chat-Dienste? \u2013 Was plant Zuckerberg\",\"isPartOf\":{\"@id\":\"https:\\\/\\\/pcspezialist.de\\\/blog\\\/#website\"},\"primaryImageOfPage\":{\"@id\":\"https:\\\/\\\/pcspezialist.de\\\/blog\\\/2019\\\/01\\\/30\\\/messenger-zusammenlegen\\\/#primaryimage\"},\"image\":{\"@id\":\"https:\\\/\\\/pcspezialist.de\\\/blog\\\/2019\\\/01\\\/30\\\/messenger-zusammenlegen\\\/#primaryimage\"},\"thumbnailUrl\":\"https:\\\/\\\/pcspezialist.de\\\/blog\\\/wp-content\\\/uploads\\\/2019\\\/01\\\/Handy-Frau.jpg\",\"datePublished\":\"2019-01-30T11:21:03+00:00\",\"dateModified\":\"2024-11-06T10:22:51+00:00\",\"author\":{\"@id\":\"https:\\\/\\\/pcspezialist.de\\\/blog\\\/#\\\/schema\\\/person\\\/e9cb801a8b8ea9138af26a02b8b6d14f\"},\"description\":\"Plant Zuckerberg das Zusammenlegen seiner Chat-Dienste? Angeblich sollen Facebook, WhatsApp und Instagram miteinander verkn\u00fcpft werden. Alle Infos hier.\",\"breadcrumb\":{\"@id\":\"https:\\\/\\\/pcspezialist.de\\\/blog\\\/2019\\\/01\\\/30\\\/messenger-zusammenlegen\\\/#breadcrumb\"},\"inLanguage\":\"de\",\"potentialAction\":[{\"@type\":\"ReadAction\",\"target\":[\"https:\\\/\\\/pcspezialist.de\\\/blog\\\/2019\\\/01\\\/30\\\/messenger-zusammenlegen\\\/\"]}]},{\"@type\":\"ImageObject\",\"inLanguage\":\"de\",\"@id\":\"https:\\\/\\\/pcspezialist.de\\\/blog\\\/2019\\\/01\\\/30\\\/messenger-zusammenlegen\\\/#primaryimage\",\"url\":\"https:\\\/\\\/pcspezialist.de\\\/blog\\\/wp-content\\\/uploads\\\/2019\\\/01\\\/Handy-Frau.jpg\",\"contentUrl\":\"https:\\\/\\\/pcspezialist.de\\\/blog\\\/wp-content\\\/uploads\\\/2019\\\/01\\\/Handy-Frau.jpg\",\"width\":1280,\"height\":853,\"caption\":\"Plant Zuckerberg das Zusammenlegen der Chat-Dienste WhatsApp, Instagram und Facebook? Foto: Pixabay\"},{\"@type\":\"BreadcrumbList\",\"@id\":\"https:\\\/\\\/pcspezialist.de\\\/blog\\\/2019\\\/01\\\/30\\\/messenger-zusammenlegen\\\/#breadcrumb\",\"itemListElement\":[{\"@type\":\"ListItem\",\"position\":1,\"name\":\"Startseite\",\"item\":\"https:\\\/\\\/pcspezialist.de\\\/blog\\\/\"},{\"@type\":\"ListItem\",\"position\":2,\"name\":\"Messenger-Dienste zusammenlegen? ## Werden Facebook, Instagram und WhatsApp eins?\"}]},{\"@type\":\"WebSite\",\"@id\":\"https:\\\/\\\/pcspezialist.de\\\/blog\\\/#website\",\"url\":\"https:\\\/\\\/pcspezialist.de\\\/blog\\\/\",\"name\":\"PC-SPEZIALIST Blog\",\"description\":\"IT-Service, Trends &amp; Technik\",\"potentialAction\":[{\"@type\":\"SearchAction\",\"target\":{\"@type\":\"EntryPoint\",\"urlTemplate\":\"https:\\\/\\\/pcspezialist.de\\\/blog\\\/?s={search_term_string}\"},\"query-input\":{\"@type\":\"PropertyValueSpecification\",\"valueRequired\":true,\"valueName\":\"search_term_string\"}}],\"inLanguage\":\"de\"},{\"@type\":\"Person\",\"@id\":\"https:\\\/\\\/pcspezialist.de\\\/blog\\\/#\\\/schema\\\/person\\\/e9cb801a8b8ea9138af26a02b8b6d14f\",\"name\":\"Maren Keller\",\"description\":\"PC-SPEZIALIST ist eine Marke der in Schlo\u00df Holte ans\u00e4ssigen SYNAXON. Seit 2016 arbeitet Maren Keller f\u00fcr den PC-SPEZIALIST-Blog. Gestartet als Online-Redakteurin ist sie mittlerweile Content Marketing Managerin und tr\u00e4gt unter anderem die Verantwortung f\u00fcr die Inhalte des Blogs. In den Jahren 2017 und 2020 hat sie parallel f\u00fcr den Blog des IT-SERVICE.NETWORK geschrieben. Die studierte Germanistin und Politologin hat einen Sp\u00fcrsinn f\u00fcr aktuelle Bedrohungen im IT-Bereich entwickelt und versteht es, das Fachwissen von PC-SPEZIALIST dem Leser verst\u00e4ndlich darzubieten. Nicht zu verleugnen ist allerdings ihre Ungeduld, die sich in flinken Fingern auf der Tastatur zeigt und gleichzeitig f\u00fcr einen hohen Output sorgt. Ihre journalistische Karriere begann Maren Keller Mitte der 1990er Jahre mit dem Verfassen von Sportberichten f\u00fcr die Regionalseiten ihrer Heimatzeitung in Bremerhaven. Nach dem Studium in Hannover, das von zahlreichen Praktika bei Funk, Fernsehen und Zeitung begleitet wurde, kehrte sie f\u00fcr ein journalistisches Volontariat in ihre Heimat zur\u00fcck, um bei der NORDSEE-ZEITUNG den Beruf des Redakteurs von der Pike auf zu lernen und anschlie\u00dfend in der Sportredaktion zu arbeiten. W\u00e4hrend ihrer Elternzeiten und beruflich bedingten Umz\u00fcgen arbeitete sie als freie Journalistin f\u00fcr verschiedene Tageszeitungen und fand 2016 den Weg zur SYNAXON, wo sie heute als Content Marketing Managerin in Lohn und Brot steht. In ihrer Freizeit zeigt sie ihr Talent f\u00fcr\u2019s Schreiben nicht. Stattdessen liegen ihre Schwerpunkt dort im Bereich Haus, Familie, Garten und Hund. Au\u00dferdem ist sie musikalisch unterwegs, bl\u00e4st das Jagdhorn in einem Bl\u00e4serkorps, spielt Klavier und singt im Chor. Sie haben Fragen an Maren Keller? Sie erreichen sie per E-Mail an redaktion@pcspezialist.de\",\"url\":\"https:\\\/\\\/pcspezialist.de\\\/blog\\\/author\\\/maren\\\/\"}]}<\/script>\n<!-- \/ Yoast SEO plugin. -->","yoast_head_json":{"title":"Zusammenlegen der Chat-Dienste? \u2013 Was plant Zuckerberg","description":"Plant Zuckerberg das Zusammenlegen seiner Chat-Dienste? Angeblich sollen Facebook, WhatsApp und Instagram miteinander verkn\u00fcpft werden. Alle Infos hier.","robots":{"index":"index","follow":"follow","max-snippet":"max-snippet:-1","max-image-preview":"max-image-preview:large","max-video-preview":"max-video-preview:-1"},"canonical":"https:\/\/pcspezialist.de\/blog\/2019\/01\/30\/messenger-zusammenlegen\/","og_locale":"de_DE","og_type":"article","og_title":"Zusammenlegen der Chat-Dienste? \u2013 Was plant Zuckerberg","og_description":"Plant Zuckerberg das Zusammenlegen seiner Chat-Dienste? Angeblich sollen Facebook, WhatsApp und Instagram miteinander verkn\u00fcpft werden. Alle Infos hier.","og_url":"https:\/\/pcspezialist.de\/blog\/2019\/01\/30\/messenger-zusammenlegen\/","og_site_name":"PC-SPEZIALIST Blog","article_published_time":"2019-01-30T11:21:03+00:00","article_modified_time":"2024-11-06T10:22:51+00:00","og_image":[{"width":1280,"height":853,"url":"https:\/\/pcspezialist.de\/blog\/wp-content\/uploads\/2019\/01\/Handy-Frau.jpg","type":"image\/jpeg"}],"author":"Maren Keller","twitter_card":"summary_large_image","twitter_misc":{"Verfasst von":"Maren Keller","Gesch\u00e4tzte Lesezeit":"4\u00a0Minuten"},"schema":{"@context":"https:\/\/schema.org","@graph":[{"@type":"Article","@id":"https:\/\/pcspezialist.de\/blog\/2019\/01\/30\/messenger-zusammenlegen\/#article","isPartOf":{"@id":"https:\/\/pcspezialist.de\/blog\/2019\/01\/30\/messenger-zusammenlegen\/"},"author":{"name":"Maren Keller","@id":"https:\/\/pcspezialist.de\/blog\/#\/schema\/person\/e9cb801a8b8ea9138af26a02b8b6d14f"},"headline":"Messenger-Dienste zusammenlegen? ## Werden Facebook, Instagram und WhatsApp eins?","datePublished":"2019-01-30T11:21:03+00:00","dateModified":"2024-11-06T10:22:51+00:00","mainEntityOfPage":{"@id":"https:\/\/pcspezialist.de\/blog\/2019\/01\/30\/messenger-zusammenlegen\/"},"wordCount":734,"commentCount":0,"image":{"@id":"https:\/\/pcspezialist.de\/blog\/2019\/01\/30\/messenger-zusammenlegen\/#primaryimage"},"thumbnailUrl":"https:\/\/pcspezialist.de\/blog\/wp-content\/uploads\/2019\/01\/Handy-Frau.jpg","keywords":["Facebook","Messenger","Instagram","WhatsApp"],"articleSection":["Verschiedenes"],"inLanguage":"de","potentialAction":[{"@type":"CommentAction","name":"Comment","target":["https:\/\/pcspezialist.de\/blog\/2019\/01\/30\/messenger-zusammenlegen\/#respond"]}]},{"@type":"WebPage","@id":"https:\/\/pcspezialist.de\/blog\/2019\/01\/30\/messenger-zusammenlegen\/","url":"https:\/\/pcspezialist.de\/blog\/2019\/01\/30\/messenger-zusammenlegen\/","name":"Zusammenlegen der Chat-Dienste? \u2013 Was plant Zuckerberg","isPartOf":{"@id":"https:\/\/pcspezialist.de\/blog\/#website"},"primaryImageOfPage":{"@id":"https:\/\/pcspezialist.de\/blog\/2019\/01\/30\/messenger-zusammenlegen\/#primaryimage"},"image":{"@id":"https:\/\/pcspezialist.de\/blog\/2019\/01\/30\/messenger-zusammenlegen\/#primaryimage"},"thumbnailUrl":"https:\/\/pcspezialist.de\/blog\/wp-content\/uploads\/2019\/01\/Handy-Frau.jpg","datePublished":"2019-01-30T11:21:03+00:00","dateModified":"2024-11-06T10:22:51+00:00","author":{"@id":"https:\/\/pcspezialist.de\/blog\/#\/schema\/person\/e9cb801a8b8ea9138af26a02b8b6d14f"},"description":"Plant Zuckerberg das Zusammenlegen seiner Chat-Dienste? Angeblich sollen Facebook, WhatsApp und Instagram miteinander verkn\u00fcpft werden. Alle Infos hier.","breadcrumb":{"@id":"https:\/\/pcspezialist.de\/blog\/2019\/01\/30\/messenger-zusammenlegen\/#breadcrumb"},"inLanguage":"de","potentialAction":[{"@type":"ReadAction","target":["https:\/\/pcspezialist.de\/blog\/2019\/01\/30\/messenger-zusammenlegen\/"]}]},{"@type":"ImageObject","inLanguage":"de","@id":"https:\/\/pcspezialist.de\/blog\/2019\/01\/30\/messenger-zusammenlegen\/#primaryimage","url":"https:\/\/pcspezialist.de\/blog\/wp-content\/uploads\/2019\/01\/Handy-Frau.jpg","contentUrl":"https:\/\/pcspezialist.de\/blog\/wp-content\/uploads\/2019\/01\/Handy-Frau.jpg","width":1280,"height":853,"caption":"Plant Zuckerberg das Zusammenlegen der Chat-Dienste WhatsApp, Instagram und Facebook? Foto: Pixabay"},{"@type":"BreadcrumbList","@id":"https:\/\/pcspezialist.de\/blog\/2019\/01\/30\/messenger-zusammenlegen\/#breadcrumb","itemListElement":[{"@type":"ListItem","position":1,"name":"Startseite","item":"https:\/\/pcspezialist.de\/blog\/"},{"@type":"ListItem","position":2,"name":"Messenger-Dienste zusammenlegen? ## Werden Facebook, Instagram und WhatsApp eins?"}]},{"@type":"WebSite","@id":"https:\/\/pcspezialist.de\/blog\/#website","url":"https:\/\/pcspezialist.de\/blog\/","name":"PC-SPEZIALIST Blog","description":"IT-Service, Trends &amp; Technik","potentialAction":[{"@type":"SearchAction","target":{"@type":"EntryPoint","urlTemplate":"https:\/\/pcspezialist.de\/blog\/?s={search_term_string}"},"query-input":{"@type":"PropertyValueSpecification","valueRequired":true,"valueName":"search_term_string"}}],"inLanguage":"de"},{"@type":"Person","@id":"https:\/\/pcspezialist.de\/blog\/#\/schema\/person\/e9cb801a8b8ea9138af26a02b8b6d14f","name":"Maren Keller","description":"PC-SPEZIALIST ist eine Marke der in Schlo\u00df Holte ans\u00e4ssigen SYNAXON. Seit 2016 arbeitet Maren Keller f\u00fcr den PC-SPEZIALIST-Blog. Gestartet als Online-Redakteurin ist sie mittlerweile Content Marketing Managerin und tr\u00e4gt unter anderem die Verantwortung f\u00fcr die Inhalte des Blogs. In den Jahren 2017 und 2020 hat sie parallel f\u00fcr den Blog des IT-SERVICE.NETWORK geschrieben. Die studierte Germanistin und Politologin hat einen Sp\u00fcrsinn f\u00fcr aktuelle Bedrohungen im IT-Bereich entwickelt und versteht es, das Fachwissen von PC-SPEZIALIST dem Leser verst\u00e4ndlich darzubieten. Nicht zu verleugnen ist allerdings ihre Ungeduld, die sich in flinken Fingern auf der Tastatur zeigt und gleichzeitig f\u00fcr einen hohen Output sorgt. Ihre journalistische Karriere begann Maren Keller Mitte der 1990er Jahre mit dem Verfassen von Sportberichten f\u00fcr die Regionalseiten ihrer Heimatzeitung in Bremerhaven. Nach dem Studium in Hannover, das von zahlreichen Praktika bei Funk, Fernsehen und Zeitung begleitet wurde, kehrte sie f\u00fcr ein journalistisches Volontariat in ihre Heimat zur\u00fcck, um bei der NORDSEE-ZEITUNG den Beruf des Redakteurs von der Pike auf zu lernen und anschlie\u00dfend in der Sportredaktion zu arbeiten. W\u00e4hrend ihrer Elternzeiten und beruflich bedingten Umz\u00fcgen arbeitete sie als freie Journalistin f\u00fcr verschiedene Tageszeitungen und fand 2016 den Weg zur SYNAXON, wo sie heute als Content Marketing Managerin in Lohn und Brot steht. In ihrer Freizeit zeigt sie ihr Talent f\u00fcr\u2019s Schreiben nicht. Stattdessen liegen ihre Schwerpunkt dort im Bereich Haus, Familie, Garten und Hund. Au\u00dferdem ist sie musikalisch unterwegs, bl\u00e4st das Jagdhorn in einem Bl\u00e4serkorps, spielt Klavier und singt im Chor. Sie haben Fragen an Maren Keller? Sie erreichen sie per E-Mail an redaktion@pcspezialist.de","url":"https:\/\/pcspezialist.de\/blog\/author\/maren\/"}]}},"_links":{"self":[{"href":"https:\/\/pcspezialist.de\/blog\/wp-json\/wp\/v2\/posts\/43283","targetHints":{"allow":["GET"]}}],"collection":[{"href":"https:\/\/pcspezialist.de\/blog\/wp-json\/wp\/v2\/posts"}],"about":[{"href":"https:\/\/pcspezialist.de\/blog\/wp-json\/wp\/v2\/types\/post"}],"author":[{"embeddable":true,"href":"https:\/\/pcspezialist.de\/blog\/wp-json\/wp\/v2\/users\/98"}],"replies":[{"embeddable":true,"href":"https:\/\/pcspezialist.de\/blog\/wp-json\/wp\/v2\/comments?post=43283"}],"version-history":[{"count":17,"href":"https:\/\/pcspezialist.de\/blog\/wp-json\/wp\/v2\/posts\/43283\/revisions"}],"predecessor-version":[{"id":43325,"href":"https:\/\/pcspezialist.de\/blog\/wp-json\/wp\/v2\/posts\/43283\/revisions\/43325"}],"wp:featuredmedia":[{"embeddable":true,"href":"https:\/\/pcspezialist.de\/blog\/wp-json\/wp\/v2\/media\/43289"}],"wp:attachment":[{"href":"https:\/\/pcspezialist.de\/blog\/wp-json\/wp\/v2\/media?parent=43283"}],"wp:term":[{"taxonomy":"category","embeddable":true,"href":"https:\/\/pcspezialist.de\/blog\/wp-json\/wp\/v2\/categories?post=43283"},{"taxonomy":"post_tag","embeddable":true,"href":"https:\/\/pcspezialist.de\/blog\/wp-json\/wp\/v2\/tags?post=43283"}],"curies":[{"name":"wp","href":"https:\/\/api.w.org\/{rel}","templated":true}]}}