{"id":43234,"date":"2019-01-23T12:10:10","date_gmt":"2019-01-23T11:10:10","guid":{"rendered":"https:\/\/www.pcspezialist.de\/blog\/?p=43234"},"modified":"2025-06-27T10:37:06","modified_gmt":"2025-06-27T08:37:06","slug":"personenbezogene-daten","status":"publish","type":"post","link":"https:\/\/pcspezialist.de\/blog\/2019\/01\/23\/personenbezogene-daten\/","title":{"rendered":"Gefahr durch personenbezogene Daten ## Nach Politik-Leak droht Virus-Attacke"},"content":{"rendered":"<p><strong>Wenn personenbezogene Daten an die \u00d6ffentlichkeit gelangen, ist der Aufschrei gro\u00df. Wie einst, als der massive Datenklau von pers\u00f6nlichen Daten von Politikern und anderen Personen des \u00f6ffentlichen Lebens bekannt geworden ist. Nun droht eine neue Gefahr.<\/strong><\/p>\n<p>Was personenbezogene Daten sind und wovor Sie sich nach dem Politik-Hack in Acht nehmen m\u00fcssen, erfahren Sie bei uns.<\/p>\n<p><!--more--><\/p>\n<div style=\"background: #f2f2f2; padding: 15px 15px 5px; margin: 30px 0;\">\n<p><strong>Unser Beitrag \u00fcber personenbezogene Daten im \u00dcberblick: <\/strong><\/p>\n<ol style=\"line-height: 1.7;\">\n<li><a href=\"#eins\">Was sind personenbezogene Daten?<\/a>\n<ul>\n<li><a href=\"#zwei\">Personenbezogene Daten in Kleinunternehmen<\/a><\/li>\n<\/ul>\n<\/li>\n<li><a href=\"#drei\">Personenbezogene Daten in Gefahr<\/a><\/li>\n<li><a href=\"#vier\">Hacker als Trittbrettfahrer<\/a><\/li>\n<li><a href=\"#fuenf\">Neugier auf personenbezogene Daten schadet<\/a><\/li>\n<li><a href=\"#sechs\">Wie Sie Ihre personenbezogenen Daten sch\u00fctzen<\/a><\/li>\n<li><a href=\"#sieben\">Computer verseucht? PC-SPEZIALIST hilft<\/a><\/li>\n<\/ol>\n<\/div>\n<h2 id=\"eins\">Was sind personenbezogene Daten?<\/h2>\n<p>Nach europ\u00e4ischem Recht (DSGVO) und Bundesdatenschutzgesetz (BDSG) sind <strong>personenbezogene Daten<\/strong> all jene Informationen, die sich <strong>auf eine<\/strong> <strong>nat\u00fcrliche Person beziehen<\/strong> oder zumindest beziehbar sind und so Schlussfolgerungen auf deren Pers\u00f6nlichkeit erlauben.<br \/>\nUm einen Eindruck \u00fcber personenbezogene Daten zu erhalten werden im Folgenden einige davon aufgelistet:<\/p>\n<ul>\n<li>allgemeine Personendaten (Name, Geburtsdatum, Wohnadresse, Telefonnummer etc.)<\/li>\n<li>Kennnummern (Sozialversicherungsnummer, Steuernummer, Personalausweisnummer etc.)<\/li>\n<li>Bankdaten (Kontonummer, Kreditinformationen, Kontost\u00e4nde etc.)<\/li>\n<li>Online-Daten (IP-Adresse, Standortdaten etc.)<\/li>\n<li><a href=\"https:\/\/pcspezialist.de\/blog\/tag\/biometrie\/\">biometrische Daten<\/a> (Geschlecht, Haut-, Haar-, Augenfarbe, Statur, Kleidergr\u00f6\u00dfe etc.)<\/li>\n<li>Besitzmerkmale (Fahrzeug- und Immobilieneigentum, Grundbucheintragungen, Kfz-Kennzeichen, Zulassungsdaten etc.)<\/li>\n<li>Kundendaten (Bestellungen, Adressdaten, Kontodaten etc.)<\/li>\n<li>Werturteile (Schul- und Arbeitszeugnisse, Auszeichnungen etc.)<\/li>\n<\/ul>\n<p>Besonders sch\u00fctzenswert sind dabei die sogenannten <strong>\u201ebesonderen personenbezogenen Daten\u201d<\/strong>, welche Informationen \u00fcber die ethnische und kulturelle Herkunft, politische, religi\u00f6se und philosophische \u00dcberzeugungen, Gesundheit, Sexualit\u00e4t und Gewerkschaftszugeh\u00f6rigkeit umfassen. Wichtig zu wissen ist dabei, dass Betroffene das Recht auf informationelle Selbstbestimmung haben. Sprich: Das Verarbeiten und Speichern von personenbezogenen Daten ist nur unter Einwilligung bzw. Zustimmung des Betroffenen gestattet. Was das Ganze mit der DGSVO, der Datenschutzgrundverordnung zu tun hat, erfahren Sie in unserem Blogbeitrag <a href=\"https:\/\/pcspezialist.de\/blog\/2018\/05\/15\/eu-datenschutz-dsgvo\/\">EU-Datenschutz f\u00fcr Privatpersonen<\/a>.<\/p>\n<div id=\"attachment_57461\" style=\"width: 710px\" class=\"wp-caption alignright\"><img loading=\"lazy\" decoding=\"async\" aria-describedby=\"caption-attachment-57461\" class=\"wp-image-57461 size-medium\" src=\"https:\/\/pcspezialist.de\/blog\/wp-content\/uploads\/2019\/01\/Vitaly_Vlasov_Pexels-700x485.png\" alt=\"Personenbezogene Daten. Bild: Vitaly Vlasov\/Pexels\" width=\"700\" height=\"485\" srcset=\"https:\/\/pcspezialist.de\/blog\/wp-content\/uploads\/2019\/01\/Vitaly_Vlasov_Pexels-700x485.png 700w, https:\/\/pcspezialist.de\/blog\/wp-content\/uploads\/2019\/01\/Vitaly_Vlasov_Pexels-768x532.png 768w, https:\/\/pcspezialist.de\/blog\/wp-content\/uploads\/2019\/01\/Vitaly_Vlasov_Pexels.png 780w\" sizes=\"auto, (max-width: 700px) 100vw, 700px\" \/><p id=\"caption-attachment-57461\" class=\"wp-caption-text\">Hacker verseuchen Daten mit Viren, W\u00fcrmern und anderer Schadsoftware und bieten sie zum Download an. Bild: Vitaly Vlasov\/Pexels<\/p><\/div>\n<h3 id=\"zwei\">Personenbezogene Daten in Kleinunternehmen<\/h3>\n<p>Die <strong>DSGVO betrifft<\/strong> nat\u00fcrlich auch alle Unternehmen, Freiberufler, Beh\u00f6rden und andere Institutionen, die personenbezogene Daten erheben. Und ja: Das gilt auch f\u00fcr <strong>Kleinunternehmen<\/strong>. Auch wenn das zus\u00e4tzliche Arbeit bedeutet: Sensible Daten von Kunden, Interessenten. Mitarbeitern, Lieferanten und anderen Gesch\u00e4ftskontakten sind ganz besonders schutzbed\u00fcrftig.<\/p>\n<p>Gemeint sind hier aber nicht nur Namens-, Kontakt- und Adressdaten im engeren Sinne. Vielmehr geht es um s\u00e4mtliche Informationen, die Ausdruck der \u201e<strong>physischen, physiologischen, genetischen, psychischen, wirtschaftlichen, kulturellen oder sozialen Identit\u00e4t<\/strong>\u201c einer nat\u00fcrlichen Person sind. Bereits die IP-Adresse eines Website-Besuchers ist ein pers\u00f6nliches Merkmal.<\/p>\n<p>Werden Daten gespeichert dann nur, wenn der <strong>Gesetzgeber die Datenerhebung vorschreibt<\/strong> oder die betroffene Person zuvor ausdr\u00fccklich die <strong>Erlaubnis erteilt<\/strong> hat. Die DSGVO verlangt zudem von Kleinunternehmen, dass die Datenerhebung auf ein Mindestma\u00df beschr\u00e4nkt wird. Die Datenspeicherung muss zweckgebunden erfolgen und ist zeitlich begrenzt. Sobald der urspr\u00fcngliche Zweck f\u00fcr die Speicherung entfallen ist, m\u00fcssen personenbezogene Daten gel\u00f6scht werden.<\/p>\n<h2 id=\"drei\">Personenbezogene Daten in Gefahr<\/h2>\n<p>Sind Sie auch neugierig und w\u00fcrden gern mehr \u00fcber Personen des \u00f6ffentlichen Lebens wissen? Im sogenannten <strong>Politik-Hack<\/strong> hatte ein 20-j\u00e4hriger Sch\u00fcler <strong>pers\u00f6nliche Daten<\/strong> auf einem Twitter-Account <strong>ver\u00f6ffentlicht<\/strong>. Dabei waren Handynummern und Adressen, Personalausweise, Briefe und Chats sowie Rechnungen und Kreditkarteninformationen auf Twitter zu sehen. Au\u00dferdem wurden familieninterne Chats, parteiinterne Briefe, Mitglieder- oder Adresslisten ins Internet gestellt.<\/p>\n<p>Unter anderem hat <a href=\"https:\/\/www.onlinewarnungen.de\/news\/persoenliche-daten-von-politikern-veroeffentlicht-hackerangriff-in-berlin\/\" target=\"_blank\" rel=\"noopener\">Onlinewarnungen<\/a>\u00a0\u00fcber den Fall berichtet, <a href=\"https:\/\/www.welt.de\/politik\/deutschland\/video186739972\/Datendiebstahl-Hacker-agierte-aus-Wut-ueber-Politiker.html\" target=\"_blank\" rel=\"noopener\">Welt<\/a>\u00a0informiert \u00fcbersichtlich mittels kurzer Videos. Doch das <a href=\"https:\/\/www.bsi.bund.de\/DE\/Presse\/Pressemitteilungen\/Presse2019\/Schadsoftware_in_Politleaks_Datensaetzen_180119.html?fbclid=IwAR02itpYVuZ5IEZt9y52CrLNAkgPvTDKNIDWdMM-y5QlM6Anq3x8BVJKY7Y\" target=\"_blank\" rel=\"noopener\">Bundesamt f\u00fcr Sicherheit in der Informationstechnik (BSI) warnt<\/a> jetzt vor zuviel Neugier.<\/p>\n<p>Es mag zwar so scheinen, als seien nur personenbezogene Daten von Politikern und Personen des \u00f6ffentlichen Lebens betroffen. Doch jetzt kann es auch denjenigen an den Kragen gehen, die sich f\u00fcr die ver\u00f6ffentlichten, pers\u00f6nlichen Daten interessieren.<\/p>\n<h2 id=\"vier\">Hacker als Trittbrettfahrer<\/h2>\n<p>Die <strong>Gefahr durch personenbezogene Daten<\/strong> besteht darin, dass <strong>Hacker<\/strong> Ihre Neugier ausnutzen. Sie sind sozusagen Trittbrettfahrer und bieten Datens\u00e4tze in dubiosen Foren an. Und genau hier lauert die Gefahr. Nat\u00fcrlich handelt es sich nicht um die echten Daten des Politik-Hacks. Vielmehr bieten die <strong>Kriminellen Fake-Daten<\/strong> an, die mit Schadsoftware versehen sind.<\/p>\n<p>Sobald Sie die Daten herunterladen, fangen Sie sich entweder einen <strong>Virus<\/strong>, einen <strong>Trojaner<\/strong> oder auch eine <strong>Verschl\u00fcsselungssoftware<\/strong> ein. Die Folgen sind gro\u00dfe Sch\u00e4den auf Ihrem Rechner. Dazu geh\u00f6ren ausgelesene pers\u00f6nliche Daten, die Ausbreitung von Viren oder die Verschl\u00fcsselung Ihrer Daten.<\/p>\n<h2 id=\"fuenf\">Neugier auf personenbezogene Daten schadet<\/h2>\n<p>Das BSI <strong>warnt eindringlich vor zu viel Neugier<\/strong>:\u00a0\u201eBetroffene sollten keinesfalls versuchen, &#8218;ihre&#8216; Daten \u00fcber Download-Portale herunterzuladen\u201c, hei\u00dft es in der <a href=\"https:\/\/www.bsi.bund.de\/DE\/Presse\/Pressemitteilungen\/Presse2019\/Schadsoftware_in_Politleaks_Datensaetzen_180119.html?fbclid=IwAR02itpYVuZ5IEZt9y52CrLNAkgPvTDKNIDWdMM-y5QlM6Anq3x8BVJKY7Y\" target=\"_blank\" rel=\"noopener\">Pressemitteilung<\/a>. Auch Nicht-Betroffene warnt das BSI vor dem Download. Nicht-Betroffene sind Unbeteiligte, die einfach nur wissen wollen, was es \u00fcber Politiker und Co. zu erfahren gibt. Abgesehen davon, dass Schadsoftware droht,\u00a0\u201em\u00fcssen beim Download auch entsprechende datenschutzrechtliche Regelungen beachtet werden\u201c, so das BSI.<\/p>\n<p>Auch wir warnen immer wieder vor dem <strong>Download aus unbekannter Quelle<\/strong>, wie beispielsweise in unserem Blogbeitrag \u00fcber den <a href=\"https:\/\/pcspezialist.de\/blog\/2017\/11\/15\/microsoft-movie-maker-abzocke\/\">gef\u00e4lschten Movie Maker<\/a>. Letztlich k\u00f6nnen Sie nie wissen, wer der Verantwortliche f\u00fcr den Download ist. Gerade bei unbekannten Quellen ist die Gefahr besonders gro\u00df, auf <strong>Kriminelle<\/strong> hereinzufallen.<\/p>\n<div id=\"attachment_57462\" style=\"width: 710px\" class=\"wp-caption alignright\"><img loading=\"lazy\" decoding=\"async\" aria-describedby=\"caption-attachment-57462\" class=\"wp-image-57462 size-medium\" src=\"https:\/\/pcspezialist.de\/blog\/wp-content\/uploads\/2019\/01\/Tima_Miroshnichenko_Pexels-700x485.png\" alt=\"Personenbezogene Daten vorn Hackern sch\u00fctzen. Bild: Tima Miroshnichenko\/Pexels\" width=\"700\" height=\"485\" srcset=\"https:\/\/pcspezialist.de\/blog\/wp-content\/uploads\/2019\/01\/Tima_Miroshnichenko_Pexels-700x485.png 700w, https:\/\/pcspezialist.de\/blog\/wp-content\/uploads\/2019\/01\/Tima_Miroshnichenko_Pexels-768x532.png 768w, https:\/\/pcspezialist.de\/blog\/wp-content\/uploads\/2019\/01\/Tima_Miroshnichenko_Pexels.png 780w\" sizes=\"auto, (max-width: 700px) 100vw, 700px\" \/><p id=\"caption-attachment-57462\" class=\"wp-caption-text\">Hacker bieten Datens\u00e4tze in dubiosen Foren an. Bild: Tima Miroshnichenko\/Pexels<\/p><\/div>\n<h2 id=\"sechs\">Wie Sie Ihre personenbezogenen Daten sch\u00fctzen<\/h2>\n<p>Vergessen Sie nie, dass das Internet weltweiten Zugriff auf Informationen bietet und dass Sie \u2013 sobald Sie Informationen ver\u00f6ffentlicht haben \u2013 keine Kontrolle mehr \u00fcber deren Weiterverwendung haben. Machen Sie sich bewusst, dass personenbezogene Angaben in ganz anderen, unerw\u00fcnschten Zusammenh\u00e4ngen wieder auftauchen k\u00f6nnen.<br \/>\nWie Sie sich am besten sch\u00fctzen, verraten wir Ihnen hier:<\/p>\n<ul>\n<li><strong>Wichtigste Regel:<\/strong> Falls nicht unbedingt notwendig, geben Sie keine personenbezogenen Daten im Internet bekannt.<\/li>\n<li>Nutzen Sie die <strong>Einstellungsoptionen f\u00fcr mehr Privatsph\u00e4re<\/strong> in den sozialen Netzwerken und verwenden Sie im besten Fall <a href=\"https:\/\/pcspezialist.de\/blog\/2018\/02\/14\/fake-name-facebook\/\">Nicknames<\/a>.<\/li>\n<li>Legen Sie sich bei einem Gratisanbieter eine E-Mail-Adresse zu, die keinen R\u00fcckschluss auf Ihren richtigen Namen zul\u00e4sst. Verwenden Sie diese Adresse, um sich auf Internetseiten zu registrieren, Beitr\u00e4ge in G\u00e4steb\u00fcchern zu verfassen oder in Foren mitzudiskutieren.<\/li>\n<li>Verwenden Sie <a href=\"https:\/\/pcspezialist.de\/blog\/2024\/01\/15\/passwortsicherheit\/\">sichere Passw\u00f6rter<\/a>, die aus mindestens acht Buchstaben, Zahlen und Sonderzeichen bestehen und keinen Bezug zu Ihnen aufweisen. Halten Sie Ihr Passwort geheim und teilen Sie es anderen nicht mit. Es ist auch sinnvoll, <a href=\"https:\/\/pcspezialist.de\/blog\/2022\/11\/10\/passwoerter-verwalten\/\">Passw\u00f6rter zu verwalten<\/a>.<\/li>\n<li><strong>Achtung: Datenklau!<\/strong> Seien Sie wachsam bei <a href=\"https:\/\/pcspezialist.de\/blog\/2022\/12\/08\/was-ist-phishing\/\">Phishing-E-Mails<\/a> und geben Sie keine Bank- oder sonstigen Zugangsdaten via Internet oder E-Mail weiter. Wenn Sie unsicher sind, kontaktieren Sie Ihre Hausbank.<\/li>\n<li><strong>Vorsicht<\/strong> bei der <strong>Nutzung \u00f6ffentlicher Computer<\/strong> und <a href=\"https:\/\/pcspezialist.de\/blog\/2017\/08\/16\/hotspot-kostenlos\/\">freier WLAN-Hotspots<\/a>. Seien Sie besonders vorsichtig bei der Nutzung \u00f6ffentlicher Computer, wie zum Beispiel in der Schule oder im Internet-Caf\u00e9. Allzu sensible Daten (zum Beispiel Bankdaten) sollten Sie hier am besten gar nicht verwenden; wenn Sie sich auf Websites einloggen, melden Sie sich auch stets wieder ab. Nutzen Sie verschl\u00fcsselte Seiten.<\/li>\n<li><strong>Internet-Browser sicherer machen<\/strong>: Optimieren Sie die Sicherheitseinstellungen Ihres Browsers und machen Sie regelm\u00e4\u00dfige Updates.<\/li>\n<\/ul>\n<p>Befolgen Sie all die oben genannten Tipps, sinkt die Wahrscheinlichkeit, dass Sie Opfer eines Datenklaus werden enorm.<\/p>\n<h2 id=\"sieben\">Computer verseucht? PC-SPEZIALIST hilft<\/h2>\n<p>Sollten Sie in die fiese Falle getappt sein, dann brauchen Sie nicht in Panik zu verfallen. Starten Sie Ihre Antivirensoftware. Sie wird die Sch\u00e4dlinge finden, wenn Sie Ihre Software stets aktuell halten. Ist das nicht der Fall, sollten Sie schleunigst Ihren <a href=\"https:\/\/pcspezialist.de\/standorte\/\">PC-SPEZIALIST vor Ort<\/a> aufsuchen.<\/p>\n<p>Unsere <strong>Technik-Experten<\/strong> finden dank eines <a href=\"https:\/\/pcspezialist.de\/privat\/laptop-computer-und-macbook-reparatur\/pc-check-und-fehlerdiagnose\/\">PC-Checks und Fehlerdiagnose<\/a> jeden Virus, Wurm und anderen Sch\u00e4dling. Mit einer professionellen <a href=\"https:\/\/pcspezialist.de\/privat\/datensicherung-und-virenschutz\/virenentfernung\/\">Virenentfernung<\/a> vertreiben sie im Anschluss jeden Eindringling vollst\u00e4ndig. Sie m\u00fcssen anschlie\u00dfend nur noch Ihre Passw\u00f6rter \u00e4ndern, damit die Kriminellen keinen Zugriff auf Ihre Konten haben. Welcher aktuelle <a href=\"https:\/\/pcspezialist.de\/privat\/datensicherung-und-virenschutz\/\">Virenschutz<\/a> zu Ihren Anforderungen passt, erfahren Sie ebenfalls bei <a href=\"https:\/\/pcspezialist.de\/\">PC-SPEZIALIST<\/a>.<\/p>\n<p>Und wer keine Lust hat, sich regelm\u00e4\u00dfig um <a href=\"https:\/\/pcspezialist.de\/privat\/datensicherung-und-virenschutz\/\">Datensicherung<\/a> und Virenschutz zu k\u00fcmmern, f\u00fcr den ist das <a href=\"https:\/\/pcspezialist.de\/privat\/servicepakete\/eins-fuer-alles-paket\/\">Eins-f\u00fcr-Alles-Paket<\/a> genau das richtige. Wir k\u00fcmmern uns um Ihre Sicherheit und Sie k\u00f6nnen stets bedenkenlos und sorgenfrei surfen.<\/p>\n<p>_____________________________________________<\/p>\n<p><small>Weiterf\u00fchrende Links: <a href=\"https:\/\/www.datenschutz.org\/personenbezogene-daten\/\" target=\"_blank\" rel=\"noopener\">Datenschutz.org<\/a>, <a href=\"https:\/\/www.saferinternet.at\/faq\/datenschutz\/wie-kann-ich-meine-persoenlichen-daten-im-internet-schuetzen\/\" target=\"_blank\" rel=\"noopener\">Saferinternet<\/a><\/small><\/p>\n","protected":false},"excerpt":{"rendered":"<p>Wenn personenbezogene Daten an die \u00d6ffentlichkeit gelangen, ist der Aufschrei gro\u00df. Wie einst, als der massive Datenklau von pers\u00f6nlichen Daten von Politikern und anderen Personen des \u00f6ffentlichen Lebens bekannt geworden ist. Nun droht eine neue Gefahr. Was personenbezogene Daten sind und wovor Sie sich nach dem Politik-Hack in Acht nehmen m\u00fcssen, erfahren Sie bei uns.<\/p>\n","protected":false},"author":98,"featured_media":43243,"comment_status":"open","ping_status":"closed","sticky":false,"template":"","format":"standard","meta":{"footnotes":""},"categories":[10500],"tags":[2248,2798,7694,9946,9956],"class_list":["post-43234","post","type-post","status-publish","format-standard","has-post-thumbnail","hentry","category-cybersecurity","tag-malware","tag-virus","tag-datenmissbrauch","tag-cyberkriminalitaet","tag-nutzerdaten"],"yoast_head":"<!-- This site is optimized with the Yoast SEO plugin v27.4 - https:\/\/yoast.com\/product\/yoast-seo-wordpress\/ -->\n<title>Personenbezogene Daten bergen Gefahr \u2013 Nach Politik-Leak droht Virus<\/title>\n<meta name=\"description\" content=\"Hier erfahren Sie alles \u00fcber \u2714 personenbezogene Daten \u2714 Politik-Lead \u2714 personenbezogene Daten in Kleinunternehmen \u2714 und wie Sie sich sch\u00fctzen!\" \/>\n<meta name=\"robots\" content=\"index, follow, max-snippet:-1, max-image-preview:large, max-video-preview:-1\" \/>\n<link rel=\"canonical\" href=\"https:\/\/pcspezialist.de\/blog\/2019\/01\/23\/personenbezogene-daten\/\" \/>\n<meta property=\"og:locale\" content=\"de_DE\" \/>\n<meta property=\"og:type\" content=\"article\" \/>\n<meta property=\"og:title\" content=\"Personenbezogene Daten bergen Gefahr \u2013 Nach Politik-Leak droht Virus\" \/>\n<meta property=\"og:description\" content=\"Hier erfahren Sie alles \u00fcber \u2714 personenbezogene Daten \u2714 Politik-Lead \u2714 personenbezogene Daten in Kleinunternehmen \u2714 und wie Sie sich sch\u00fctzen!\" \/>\n<meta property=\"og:url\" content=\"https:\/\/pcspezialist.de\/blog\/2019\/01\/23\/personenbezogene-daten\/\" \/>\n<meta property=\"og:site_name\" content=\"PC-SPEZIALIST Blog\" \/>\n<meta property=\"article:published_time\" content=\"2019-01-23T11:10:10+00:00\" \/>\n<meta property=\"article:modified_time\" content=\"2025-06-27T08:37:06+00:00\" \/>\n<meta property=\"og:image\" content=\"https:\/\/pcspezialist.de\/blog\/wp-content\/uploads\/2019\/01\/email-datenklau.jpg\" \/>\n\t<meta property=\"og:image:width\" content=\"1280\" \/>\n\t<meta property=\"og:image:height\" content=\"853\" \/>\n\t<meta property=\"og:image:type\" content=\"image\/jpeg\" \/>\n<meta name=\"author\" content=\"Maren Keller\" \/>\n<meta name=\"twitter:card\" content=\"summary_large_image\" \/>\n<meta name=\"twitter:label1\" content=\"Verfasst von\" \/>\n\t<meta name=\"twitter:data1\" content=\"Maren Keller\" \/>\n\t<meta name=\"twitter:label2\" content=\"Gesch\u00e4tzte Lesezeit\" \/>\n\t<meta name=\"twitter:data2\" content=\"8\u00a0Minuten\" \/>\n<script type=\"application\/ld+json\" class=\"yoast-schema-graph\">{\"@context\":\"https:\\\/\\\/schema.org\",\"@graph\":[{\"@type\":\"Article\",\"@id\":\"https:\\\/\\\/pcspezialist.de\\\/blog\\\/2019\\\/01\\\/23\\\/personenbezogene-daten\\\/#article\",\"isPartOf\":{\"@id\":\"https:\\\/\\\/pcspezialist.de\\\/blog\\\/2019\\\/01\\\/23\\\/personenbezogene-daten\\\/\"},\"author\":{\"name\":\"Maren Keller\",\"@id\":\"https:\\\/\\\/pcspezialist.de\\\/blog\\\/#\\\/schema\\\/person\\\/e9cb801a8b8ea9138af26a02b8b6d14f\"},\"headline\":\"Gefahr durch personenbezogene Daten ## Nach Politik-Leak droht Virus-Attacke\",\"datePublished\":\"2019-01-23T11:10:10+00:00\",\"dateModified\":\"2025-06-27T08:37:06+00:00\",\"mainEntityOfPage\":{\"@id\":\"https:\\\/\\\/pcspezialist.de\\\/blog\\\/2019\\\/01\\\/23\\\/personenbezogene-daten\\\/\"},\"wordCount\":1306,\"commentCount\":0,\"image\":{\"@id\":\"https:\\\/\\\/pcspezialist.de\\\/blog\\\/2019\\\/01\\\/23\\\/personenbezogene-daten\\\/#primaryimage\"},\"thumbnailUrl\":\"https:\\\/\\\/pcspezialist.de\\\/blog\\\/wp-content\\\/uploads\\\/2019\\\/01\\\/email-datenklau.jpg\",\"keywords\":[\"Malware (Schadsoftware)\",\"Virus\",\"Datenmissbrauch &amp; Datendiebstahl\",\"Cyberkriminalit\u00e4t\",\"Nutzerdaten\"],\"articleSection\":[\"Cybersecurity\"],\"inLanguage\":\"de\",\"potentialAction\":[{\"@type\":\"CommentAction\",\"name\":\"Comment\",\"target\":[\"https:\\\/\\\/pcspezialist.de\\\/blog\\\/2019\\\/01\\\/23\\\/personenbezogene-daten\\\/#respond\"]}]},{\"@type\":\"WebPage\",\"@id\":\"https:\\\/\\\/pcspezialist.de\\\/blog\\\/2019\\\/01\\\/23\\\/personenbezogene-daten\\\/\",\"url\":\"https:\\\/\\\/pcspezialist.de\\\/blog\\\/2019\\\/01\\\/23\\\/personenbezogene-daten\\\/\",\"name\":\"Personenbezogene Daten bergen Gefahr \u2013 Nach Politik-Leak droht Virus\",\"isPartOf\":{\"@id\":\"https:\\\/\\\/pcspezialist.de\\\/blog\\\/#website\"},\"primaryImageOfPage\":{\"@id\":\"https:\\\/\\\/pcspezialist.de\\\/blog\\\/2019\\\/01\\\/23\\\/personenbezogene-daten\\\/#primaryimage\"},\"image\":{\"@id\":\"https:\\\/\\\/pcspezialist.de\\\/blog\\\/2019\\\/01\\\/23\\\/personenbezogene-daten\\\/#primaryimage\"},\"thumbnailUrl\":\"https:\\\/\\\/pcspezialist.de\\\/blog\\\/wp-content\\\/uploads\\\/2019\\\/01\\\/email-datenklau.jpg\",\"datePublished\":\"2019-01-23T11:10:10+00:00\",\"dateModified\":\"2025-06-27T08:37:06+00:00\",\"author\":{\"@id\":\"https:\\\/\\\/pcspezialist.de\\\/blog\\\/#\\\/schema\\\/person\\\/e9cb801a8b8ea9138af26a02b8b6d14f\"},\"description\":\"Hier erfahren Sie alles \u00fcber \u2714 personenbezogene Daten \u2714 Politik-Lead \u2714 personenbezogene Daten in Kleinunternehmen \u2714 und wie Sie sich sch\u00fctzen!\",\"breadcrumb\":{\"@id\":\"https:\\\/\\\/pcspezialist.de\\\/blog\\\/2019\\\/01\\\/23\\\/personenbezogene-daten\\\/#breadcrumb\"},\"inLanguage\":\"de\",\"potentialAction\":[{\"@type\":\"ReadAction\",\"target\":[\"https:\\\/\\\/pcspezialist.de\\\/blog\\\/2019\\\/01\\\/23\\\/personenbezogene-daten\\\/\"]}]},{\"@type\":\"ImageObject\",\"inLanguage\":\"de\",\"@id\":\"https:\\\/\\\/pcspezialist.de\\\/blog\\\/2019\\\/01\\\/23\\\/personenbezogene-daten\\\/#primaryimage\",\"url\":\"https:\\\/\\\/pcspezialist.de\\\/blog\\\/wp-content\\\/uploads\\\/2019\\\/01\\\/email-datenklau.jpg\",\"contentUrl\":\"https:\\\/\\\/pcspezialist.de\\\/blog\\\/wp-content\\\/uploads\\\/2019\\\/01\\\/email-datenklau.jpg\",\"width\":1280,\"height\":853,\"caption\":\"Datendiebstahl - personenbezogene Daten - Cyberkriminalit\u00e4t. Foto: Pixabay\"},{\"@type\":\"BreadcrumbList\",\"@id\":\"https:\\\/\\\/pcspezialist.de\\\/blog\\\/2019\\\/01\\\/23\\\/personenbezogene-daten\\\/#breadcrumb\",\"itemListElement\":[{\"@type\":\"ListItem\",\"position\":1,\"name\":\"Startseite\",\"item\":\"https:\\\/\\\/pcspezialist.de\\\/blog\\\/\"},{\"@type\":\"ListItem\",\"position\":2,\"name\":\"Gefahr durch personenbezogene Daten ## Nach Politik-Leak droht Virus-Attacke\"}]},{\"@type\":\"WebSite\",\"@id\":\"https:\\\/\\\/pcspezialist.de\\\/blog\\\/#website\",\"url\":\"https:\\\/\\\/pcspezialist.de\\\/blog\\\/\",\"name\":\"PC-SPEZIALIST Blog\",\"description\":\"IT-Service, Trends &amp; Technik\",\"potentialAction\":[{\"@type\":\"SearchAction\",\"target\":{\"@type\":\"EntryPoint\",\"urlTemplate\":\"https:\\\/\\\/pcspezialist.de\\\/blog\\\/?s={search_term_string}\"},\"query-input\":{\"@type\":\"PropertyValueSpecification\",\"valueRequired\":true,\"valueName\":\"search_term_string\"}}],\"inLanguage\":\"de\"},{\"@type\":\"Person\",\"@id\":\"https:\\\/\\\/pcspezialist.de\\\/blog\\\/#\\\/schema\\\/person\\\/e9cb801a8b8ea9138af26a02b8b6d14f\",\"name\":\"Maren Keller\",\"description\":\"PC-SPEZIALIST ist eine Marke der in Schlo\u00df Holte ans\u00e4ssigen SYNAXON. Seit 2016 arbeitet Maren Keller f\u00fcr den PC-SPEZIALIST-Blog. Gestartet als Online-Redakteurin ist sie mittlerweile Content Marketing Managerin und tr\u00e4gt unter anderem die Verantwortung f\u00fcr die Inhalte des Blogs. In den Jahren 2017 und 2020 hat sie parallel f\u00fcr den Blog des IT-SERVICE.NETWORK geschrieben. Die studierte Germanistin und Politologin hat einen Sp\u00fcrsinn f\u00fcr aktuelle Bedrohungen im IT-Bereich entwickelt und versteht es, das Fachwissen von PC-SPEZIALIST dem Leser verst\u00e4ndlich darzubieten. Nicht zu verleugnen ist allerdings ihre Ungeduld, die sich in flinken Fingern auf der Tastatur zeigt und gleichzeitig f\u00fcr einen hohen Output sorgt. Ihre journalistische Karriere begann Maren Keller Mitte der 1990er Jahre mit dem Verfassen von Sportberichten f\u00fcr die Regionalseiten ihrer Heimatzeitung in Bremerhaven. Nach dem Studium in Hannover, das von zahlreichen Praktika bei Funk, Fernsehen und Zeitung begleitet wurde, kehrte sie f\u00fcr ein journalistisches Volontariat in ihre Heimat zur\u00fcck, um bei der NORDSEE-ZEITUNG den Beruf des Redakteurs von der Pike auf zu lernen und anschlie\u00dfend in der Sportredaktion zu arbeiten. W\u00e4hrend ihrer Elternzeiten und beruflich bedingten Umz\u00fcgen arbeitete sie als freie Journalistin f\u00fcr verschiedene Tageszeitungen und fand 2016 den Weg zur SYNAXON, wo sie heute als Content Marketing Managerin in Lohn und Brot steht. In ihrer Freizeit zeigt sie ihr Talent f\u00fcr\u2019s Schreiben nicht. Stattdessen liegen ihre Schwerpunkt dort im Bereich Haus, Familie, Garten und Hund. Au\u00dferdem ist sie musikalisch unterwegs, bl\u00e4st das Jagdhorn in einem Bl\u00e4serkorps, spielt Klavier und singt im Chor. Sie haben Fragen an Maren Keller? Sie erreichen sie per E-Mail an redaktion@pcspezialist.de\",\"url\":\"https:\\\/\\\/pcspezialist.de\\\/blog\\\/author\\\/maren\\\/\"}]}<\/script>\n<!-- \/ Yoast SEO plugin. -->","yoast_head_json":{"title":"Personenbezogene Daten bergen Gefahr \u2013 Nach Politik-Leak droht Virus","description":"Hier erfahren Sie alles \u00fcber \u2714 personenbezogene Daten \u2714 Politik-Lead \u2714 personenbezogene Daten in Kleinunternehmen \u2714 und wie Sie sich sch\u00fctzen!","robots":{"index":"index","follow":"follow","max-snippet":"max-snippet:-1","max-image-preview":"max-image-preview:large","max-video-preview":"max-video-preview:-1"},"canonical":"https:\/\/pcspezialist.de\/blog\/2019\/01\/23\/personenbezogene-daten\/","og_locale":"de_DE","og_type":"article","og_title":"Personenbezogene Daten bergen Gefahr \u2013 Nach Politik-Leak droht Virus","og_description":"Hier erfahren Sie alles \u00fcber \u2714 personenbezogene Daten \u2714 Politik-Lead \u2714 personenbezogene Daten in Kleinunternehmen \u2714 und wie Sie sich sch\u00fctzen!","og_url":"https:\/\/pcspezialist.de\/blog\/2019\/01\/23\/personenbezogene-daten\/","og_site_name":"PC-SPEZIALIST Blog","article_published_time":"2019-01-23T11:10:10+00:00","article_modified_time":"2025-06-27T08:37:06+00:00","og_image":[{"width":1280,"height":853,"url":"https:\/\/pcspezialist.de\/blog\/wp-content\/uploads\/2019\/01\/email-datenklau.jpg","type":"image\/jpeg"}],"author":"Maren Keller","twitter_card":"summary_large_image","twitter_misc":{"Verfasst von":"Maren Keller","Gesch\u00e4tzte Lesezeit":"8\u00a0Minuten"},"schema":{"@context":"https:\/\/schema.org","@graph":[{"@type":"Article","@id":"https:\/\/pcspezialist.de\/blog\/2019\/01\/23\/personenbezogene-daten\/#article","isPartOf":{"@id":"https:\/\/pcspezialist.de\/blog\/2019\/01\/23\/personenbezogene-daten\/"},"author":{"name":"Maren Keller","@id":"https:\/\/pcspezialist.de\/blog\/#\/schema\/person\/e9cb801a8b8ea9138af26a02b8b6d14f"},"headline":"Gefahr durch personenbezogene Daten ## Nach Politik-Leak droht Virus-Attacke","datePublished":"2019-01-23T11:10:10+00:00","dateModified":"2025-06-27T08:37:06+00:00","mainEntityOfPage":{"@id":"https:\/\/pcspezialist.de\/blog\/2019\/01\/23\/personenbezogene-daten\/"},"wordCount":1306,"commentCount":0,"image":{"@id":"https:\/\/pcspezialist.de\/blog\/2019\/01\/23\/personenbezogene-daten\/#primaryimage"},"thumbnailUrl":"https:\/\/pcspezialist.de\/blog\/wp-content\/uploads\/2019\/01\/email-datenklau.jpg","keywords":["Malware (Schadsoftware)","Virus","Datenmissbrauch &amp; Datendiebstahl","Cyberkriminalit\u00e4t","Nutzerdaten"],"articleSection":["Cybersecurity"],"inLanguage":"de","potentialAction":[{"@type":"CommentAction","name":"Comment","target":["https:\/\/pcspezialist.de\/blog\/2019\/01\/23\/personenbezogene-daten\/#respond"]}]},{"@type":"WebPage","@id":"https:\/\/pcspezialist.de\/blog\/2019\/01\/23\/personenbezogene-daten\/","url":"https:\/\/pcspezialist.de\/blog\/2019\/01\/23\/personenbezogene-daten\/","name":"Personenbezogene Daten bergen Gefahr \u2013 Nach Politik-Leak droht Virus","isPartOf":{"@id":"https:\/\/pcspezialist.de\/blog\/#website"},"primaryImageOfPage":{"@id":"https:\/\/pcspezialist.de\/blog\/2019\/01\/23\/personenbezogene-daten\/#primaryimage"},"image":{"@id":"https:\/\/pcspezialist.de\/blog\/2019\/01\/23\/personenbezogene-daten\/#primaryimage"},"thumbnailUrl":"https:\/\/pcspezialist.de\/blog\/wp-content\/uploads\/2019\/01\/email-datenklau.jpg","datePublished":"2019-01-23T11:10:10+00:00","dateModified":"2025-06-27T08:37:06+00:00","author":{"@id":"https:\/\/pcspezialist.de\/blog\/#\/schema\/person\/e9cb801a8b8ea9138af26a02b8b6d14f"},"description":"Hier erfahren Sie alles \u00fcber \u2714 personenbezogene Daten \u2714 Politik-Lead \u2714 personenbezogene Daten in Kleinunternehmen \u2714 und wie Sie sich sch\u00fctzen!","breadcrumb":{"@id":"https:\/\/pcspezialist.de\/blog\/2019\/01\/23\/personenbezogene-daten\/#breadcrumb"},"inLanguage":"de","potentialAction":[{"@type":"ReadAction","target":["https:\/\/pcspezialist.de\/blog\/2019\/01\/23\/personenbezogene-daten\/"]}]},{"@type":"ImageObject","inLanguage":"de","@id":"https:\/\/pcspezialist.de\/blog\/2019\/01\/23\/personenbezogene-daten\/#primaryimage","url":"https:\/\/pcspezialist.de\/blog\/wp-content\/uploads\/2019\/01\/email-datenklau.jpg","contentUrl":"https:\/\/pcspezialist.de\/blog\/wp-content\/uploads\/2019\/01\/email-datenklau.jpg","width":1280,"height":853,"caption":"Datendiebstahl - personenbezogene Daten - Cyberkriminalit\u00e4t. Foto: Pixabay"},{"@type":"BreadcrumbList","@id":"https:\/\/pcspezialist.de\/blog\/2019\/01\/23\/personenbezogene-daten\/#breadcrumb","itemListElement":[{"@type":"ListItem","position":1,"name":"Startseite","item":"https:\/\/pcspezialist.de\/blog\/"},{"@type":"ListItem","position":2,"name":"Gefahr durch personenbezogene Daten ## Nach Politik-Leak droht Virus-Attacke"}]},{"@type":"WebSite","@id":"https:\/\/pcspezialist.de\/blog\/#website","url":"https:\/\/pcspezialist.de\/blog\/","name":"PC-SPEZIALIST Blog","description":"IT-Service, Trends &amp; Technik","potentialAction":[{"@type":"SearchAction","target":{"@type":"EntryPoint","urlTemplate":"https:\/\/pcspezialist.de\/blog\/?s={search_term_string}"},"query-input":{"@type":"PropertyValueSpecification","valueRequired":true,"valueName":"search_term_string"}}],"inLanguage":"de"},{"@type":"Person","@id":"https:\/\/pcspezialist.de\/blog\/#\/schema\/person\/e9cb801a8b8ea9138af26a02b8b6d14f","name":"Maren Keller","description":"PC-SPEZIALIST ist eine Marke der in Schlo\u00df Holte ans\u00e4ssigen SYNAXON. Seit 2016 arbeitet Maren Keller f\u00fcr den PC-SPEZIALIST-Blog. Gestartet als Online-Redakteurin ist sie mittlerweile Content Marketing Managerin und tr\u00e4gt unter anderem die Verantwortung f\u00fcr die Inhalte des Blogs. In den Jahren 2017 und 2020 hat sie parallel f\u00fcr den Blog des IT-SERVICE.NETWORK geschrieben. Die studierte Germanistin und Politologin hat einen Sp\u00fcrsinn f\u00fcr aktuelle Bedrohungen im IT-Bereich entwickelt und versteht es, das Fachwissen von PC-SPEZIALIST dem Leser verst\u00e4ndlich darzubieten. Nicht zu verleugnen ist allerdings ihre Ungeduld, die sich in flinken Fingern auf der Tastatur zeigt und gleichzeitig f\u00fcr einen hohen Output sorgt. Ihre journalistische Karriere begann Maren Keller Mitte der 1990er Jahre mit dem Verfassen von Sportberichten f\u00fcr die Regionalseiten ihrer Heimatzeitung in Bremerhaven. Nach dem Studium in Hannover, das von zahlreichen Praktika bei Funk, Fernsehen und Zeitung begleitet wurde, kehrte sie f\u00fcr ein journalistisches Volontariat in ihre Heimat zur\u00fcck, um bei der NORDSEE-ZEITUNG den Beruf des Redakteurs von der Pike auf zu lernen und anschlie\u00dfend in der Sportredaktion zu arbeiten. W\u00e4hrend ihrer Elternzeiten und beruflich bedingten Umz\u00fcgen arbeitete sie als freie Journalistin f\u00fcr verschiedene Tageszeitungen und fand 2016 den Weg zur SYNAXON, wo sie heute als Content Marketing Managerin in Lohn und Brot steht. In ihrer Freizeit zeigt sie ihr Talent f\u00fcr\u2019s Schreiben nicht. Stattdessen liegen ihre Schwerpunkt dort im Bereich Haus, Familie, Garten und Hund. Au\u00dferdem ist sie musikalisch unterwegs, bl\u00e4st das Jagdhorn in einem Bl\u00e4serkorps, spielt Klavier und singt im Chor. Sie haben Fragen an Maren Keller? Sie erreichen sie per E-Mail an redaktion@pcspezialist.de","url":"https:\/\/pcspezialist.de\/blog\/author\/maren\/"}]}},"_links":{"self":[{"href":"https:\/\/pcspezialist.de\/blog\/wp-json\/wp\/v2\/posts\/43234","targetHints":{"allow":["GET"]}}],"collection":[{"href":"https:\/\/pcspezialist.de\/blog\/wp-json\/wp\/v2\/posts"}],"about":[{"href":"https:\/\/pcspezialist.de\/blog\/wp-json\/wp\/v2\/types\/post"}],"author":[{"embeddable":true,"href":"https:\/\/pcspezialist.de\/blog\/wp-json\/wp\/v2\/users\/98"}],"replies":[{"embeddable":true,"href":"https:\/\/pcspezialist.de\/blog\/wp-json\/wp\/v2\/comments?post=43234"}],"version-history":[{"count":25,"href":"https:\/\/pcspezialist.de\/blog\/wp-json\/wp\/v2\/posts\/43234\/revisions"}],"predecessor-version":[{"id":75337,"href":"https:\/\/pcspezialist.de\/blog\/wp-json\/wp\/v2\/posts\/43234\/revisions\/75337"}],"wp:featuredmedia":[{"embeddable":true,"href":"https:\/\/pcspezialist.de\/blog\/wp-json\/wp\/v2\/media\/43243"}],"wp:attachment":[{"href":"https:\/\/pcspezialist.de\/blog\/wp-json\/wp\/v2\/media?parent=43234"}],"wp:term":[{"taxonomy":"category","embeddable":true,"href":"https:\/\/pcspezialist.de\/blog\/wp-json\/wp\/v2\/categories?post=43234"},{"taxonomy":"post_tag","embeddable":true,"href":"https:\/\/pcspezialist.de\/blog\/wp-json\/wp\/v2\/tags?post=43234"}],"curies":[{"name":"wp","href":"https:\/\/api.w.org\/{rel}","templated":true}]}}