{"id":43102,"date":"2019-01-16T12:00:34","date_gmt":"2019-01-16T11:00:34","guid":{"rendered":"https:\/\/www.pcspezialist.de\/blog\/?p=43102"},"modified":"2024-11-06T11:23:45","modified_gmt":"2024-11-06T10:23:45","slug":"facebook-post","status":"publish","type":"post","link":"https:\/\/pcspezialist.de\/blog\/2019\/01\/16\/facebook-post\/","title":{"rendered":"Neuer Facebook-Post n\u00f6tig? ## Angeblicher Anwalt empfiehlt den Post"},"content":{"rendered":"<p><strong>Zurzeit kursiert auf Facebook ein Schreiben, das angeblich von einem Anwalt stammt. Beziehungsweise soll ein Anwalt den Facebook-Post empfohlen haben. Es geht mal wieder um den Datenschutz.<\/strong><\/p>\n<p>Was es mit dem Post auf sich hat und ob ihr ihn wirklich in eurer Chronik ver\u00f6ffentlichen solltet, erfahrt ihr bei uns.<\/p>\n<p><!--more--><\/p>\n<h3>Facebook-Post spielt mit Datenschutz<\/h3>\n<p>Facebook ger\u00e4t immer wieder wegen schlechten Datenschutzes in die Kritik. Auch wir berichten immer wieder \u00fcber Verfehlungen beim Facebook-Datenschutz. Sei es die <a href=\"https:\/\/pcspezialist.de\/blog\/2018\/12\/21\/datenweitergabe-facebook-partner\/\">Datenweitergabe an Facebook-Partner<\/a>, ein\u00a0<a href=\"https:\/\/pcspezialist.de\/blog\/2018\/10\/02\/facebook-hack\/\">Facebook-Hack<\/a> oder <a href=\"https:\/\/pcspezialist.de\/blog\/2018\/11\/06\/persoenliche-daten-facebook\/\">geklaute pers\u00f6nliche Daten<\/a>\u00a0\u2013 Facebook kommt beim Thema Schutz der Nutzerdaten nicht zur Ruhe. Die Folge:\u00a0 Immer mehr Nutzer wenden sich von Facebook ab, wie unter anderem\u00a0<a href=\"https:\/\/www.heise.de\/newsticker\/meldung\/Facebook-verliert-in-Europa-User-4120628.html\" target=\"_blank\" rel=\"noopener\">heise.de berichtet<\/a>.<\/p>\n<p>Aktuell geht ein neues Schreiben um, das genau in diese Richtung zielt: n\u00e4mlich dem Schutz eurer Daten. Und wenn erst einmal einer damit anf\u00e4ngt, ziehen meistens viele nach. Angeblich hat ein Anwalt empfohlen, die Worte zu posten. Und jeder, der seine Daten sch\u00fctzen m\u00f6chte, sollte das ebenfalls tun.<\/p>\n<div id=\"attachment_43107\" style=\"width: 438px\" class=\"wp-caption alignright\"><img loading=\"lazy\" decoding=\"async\" aria-describedby=\"caption-attachment-43107\" class=\"size-medium wp-image-43107\" src=\"https:\/\/pcspezialist.de\/blog\/wp-content\/uploads\/2019\/01\/Facebook-Post2-428x500.png\" alt=\"Screenshot des Facebook-Post, den alle Nutzer in ihrer Chronik posten sollten. \" width=\"428\" height=\"500\" srcset=\"https:\/\/pcspezialist.de\/blog\/wp-content\/uploads\/2019\/01\/Facebook-Post2-428x500.png 428w, https:\/\/pcspezialist.de\/blog\/wp-content\/uploads\/2019\/01\/Facebook-Post2.png 470w\" sizes=\"auto, (max-width: 428px) 100vw, 428px\" \/><p id=\"caption-attachment-43107\" class=\"wp-caption-text\">Ist der Facebook-Post wirklich ernst gemeint? Foto: Screenshot<\/p><\/div>\n<h3>Worum geht&#8217;s im Facebook-Post?<\/h3>\n<p>Doch worum geht es genau im Facebook-Post? Und m\u00fcsst ihr das Schreiben in eurer Chronik wirklich posten? Angeblich ist Facebook eine \u00f6ffentliche Einrichtung geworden. Wer den Text nicht kopiert, ist angeblich damit einverstanden, dass alles, was er je gepostet hat und zuk\u00fcnftig posten wird, \u00f6ffentlich gemacht wird. Auch Infomationen, die bislang nur f\u00fcr Freunde sichtbar waren, sind dann f\u00fcr alle Facebook-Mitglieder einsehbar.<\/p>\n<p>Von Privatsph\u00e4re keine Spur mehr. Aber es kommt noch schlimmer: Facebook darf demnach eure Fotos und andere Informationen nach Lust und Laune verwenden. Doch all das k\u00f6nnt ihr verhindern, wenn ihr die Notiz in eurer Chronik postet. Angeblich.<\/p>\n<h3>Facebook-Post ist ein Hoax<\/h3>\n<p>Nat\u00fcrlich ist dieser Facebook-Post Quatsch, ein Hoax, eine Falschmeldung. Fast identisch war \u00fcbrigens der Widerspruch zu den angeblich neuen <a href=\"https:\/\/pcspezialist.de\/blog\/2016\/07\/05\/facebook-agb-widerspruch-zwecklos\/\">Facebook-AGB<\/a> aus dem Jahr 2016.<\/p>\n<p>Damals wie heute wurde die Strafverfolgung gem\u00e4\u00df des r\u00f6mischen Statuts UCC 1-308-1 308-103 angedroht. In beiden F\u00e4llen wird mit Seriosit\u00e4t geworben \u2013 im aktuellen Fall durch die Aussage, dass ein Anwalt diesen Facebook-Post empfohlen hat. Damals wie heute geht es um die Nutzung von Daten, Videos und Informationen. Au\u00dferdem geht es um die Wahrung der Privatsph\u00e4re und um den Schutz eurer Daten. Damals wie heute verbietet ihr Facebook die Nutzung eurer Daten durch das Posten dieser Nachricht.<\/p>\n<div id=\"attachment_43129\" style=\"width: 710px\" class=\"wp-caption alignright\"><img loading=\"lazy\" decoding=\"async\" aria-describedby=\"caption-attachment-43129\" class=\"size-medium wp-image-43129\" src=\"https:\/\/pcspezialist.de\/blog\/wp-content\/uploads\/2019\/01\/Hoax-False-700x466.jpg\" alt=\"Eine Hand h\u00e4lt eine Lupe in der Fake News steht. Die Lupe zieht \u00fcber ein Blatt Papier, was f\u00fcr den Facebook-Post steht. Foto. MaxPixel\" width=\"700\" height=\"466\" srcset=\"https:\/\/pcspezialist.de\/blog\/wp-content\/uploads\/2019\/01\/Hoax-False-700x466.jpg 700w, https:\/\/pcspezialist.de\/blog\/wp-content\/uploads\/2019\/01\/Hoax-False-768x512.jpg 768w, https:\/\/pcspezialist.de\/blog\/wp-content\/uploads\/2019\/01\/Hoax-False-1050x700.jpg 1050w, https:\/\/pcspezialist.de\/blog\/wp-content\/uploads\/2019\/01\/Hoax-False.jpg 1280w\" sizes=\"auto, (max-width: 700px) 100vw, 700px\" \/><p id=\"caption-attachment-43129\" class=\"wp-caption-text\">Kettenbriefe geh\u00f6ren in die Kategorie Fake News. Foto: MaxPixel<\/p><\/div>\n<h3>Facebook-Post interessiert nur eure Kontakte<\/h3>\n<p>Bevor ihr helft, diesen Kettenbrief weiter zu verbreiten, solltet ihr euch Gedanken dar\u00fcber machen, wer Interesse an dem hat, was ihr postet. Vermutlich nur eure Freunde, aber ganz bestimmt nicht Facebook. Oder glaubt ihr, dass sich irgendein Mitarbeiter hinsetzt und die Posts s\u00e4mtlicher Mitglieder liest? Immerhin hat alleine Facebook rund zwei Milliarden Nutzer.<\/p>\n<p>Ein weiterer Hinweis darauf, dass dieser Facebook-Post Quatsch ist, ist das genannte Datum, ab wann Facebook angeblich eine \u00f6ffentliche Einrichtung ist. Der Witz daran: Es wird kein Datum genannt, sondern lediglich \u201eTermin morgen\u201c. War\u00a0\u201emorgen\u201c vielleicht schon gestern oder sogar letzte Woche, weil ihr erst jetzt davon erfahrt? Man wei\u00df es nicht.<\/p>\n<h3>Facebook-Post und die Folgen<\/h3>\n<p>Was passiert, wenn ihr die Notiz in eurer Chronik postet? Die gute Nachricht ist:\u00a0Er schadet nicht. Sicher ist aber, dass dieser Facebook-Post absolut unn\u00f6tig ist und nichts, aber auch wirklich gar nichts, bringt.\u00a0Es sei denn, ihr \u00fcberlegt euch aufgrund dieses Kettenbriefs, was ihr postet. Denn es steht die Frage im Raum: Ist es wirklich n\u00f6tig, jeden Schritt, den ihr macht, bei Facebook zu ver\u00f6ffentlichen? Muss jeder wissen, wann ihr wo mit wem seid?<\/p>\n<p>Tatsache ist, ihr k\u00f6nnt der Datenkrake Facebook nur entkommen, indem ihr Facebook und dazugeh\u00f6rige Dienste wie WhatsApp, Instagram und Co. konsequent meidet. Wer nicht will, dass Facebook Daten sammelt, sollte sich nicht anmelden. Wie ihr bei Google die Spionage eind\u00e4mmt, erfahrt ihr in unserem Blogbeitrag <a href=\"https:\/\/pcspezialist.de\/blog\/2019\/01\/11\/anonym-im-internet\/\">Anonym im Internet<\/a>.<\/p>\n<p><iframe loading=\"lazy\" title=\"PC-SPEZIALIST Servicepaket - Ihr Rundum-sorglos-Paket f\u00fcr PC, Laptop und Co.\" width=\"500\" height=\"281\" src=\"https:\/\/www.youtube.com\/embed\/DushvuDV6-I?feature=oembed\" frameborder=\"0\" allow=\"accelerometer; autoplay; clipboard-write; encrypted-media; gyroscope; picture-in-picture; web-share\" referrerpolicy=\"strict-origin-when-cross-origin\" allowfullscreen><\/iframe><\/p>\n<h3>Schutz vor Viren und Co. von PC-SPEZIALIST<\/h3>\n<p>Wichtig ist bei allem, was ihr im Internet tut, dass ihr einen ordentlichen Schutz vor Viren und Co. habt und dass ihr eure Daten regelm\u00e4\u00dfig sichert. Kommt daf\u00fcr zu <a href=\"https:\/\/pcspezialist.de\/it-service-anbieter-finden.html\">PC-SPEZIALIST vor Ort<\/a>.<\/p>\n<p>Wer keine Lust hat, sich um <a href=\"https:\/\/pcspezialist.de\/virenschutz.html\">Virenschutz<\/a>, <a href=\"https:\/\/pcspezialist.de\/virenentfernung.html\">Virenentfernung<\/a> und Co. zu k\u00fcmmern, sollte sich \u00fcber das <a href=\"https:\/\/pcspezialist.de\/servicepaket.html\">Servicepaket<\/a> informieren. Das <a href=\"https:\/\/pcspezialist.de\/servicepaket.html\">Servicepaket von PC-SPEZIALIST<\/a> ist ein Rundum-sorglos-Paket, bei dem wir uns regelm\u00e4\u00dfig und zuverl\u00e4ssig um eure Sicherheit k\u00fcmmern. Einen ersten \u00dcberblick liefert euch das YouTube-Video.<\/p>\n","protected":false},"excerpt":{"rendered":"<p>Zurzeit kursiert auf Facebook ein Schreiben, das angeblich von einem Anwalt stammt. Beziehungsweise soll ein Anwalt den Facebook-Post empfohlen haben. Es geht mal wieder um den Datenschutz. Was es mit dem Post auf sich hat und ob ihr ihn wirklich in eurer Chronik ver\u00f6ffentlichen solltet, erfahrt ihr bei uns.<\/p>\n","protected":false},"author":98,"featured_media":43117,"comment_status":"open","ping_status":"closed","sticky":false,"template":"","format":"standard","meta":{"footnotes":""},"categories":[6913],"tags":[1088,1250,8895],"class_list":["post-43102","post","type-post","status-publish","format-standard","has-post-thumbnail","hentry","category-verschiedenes","tag-facebook","tag-social-media","tag-fake-news"],"yoast_head":"<!-- This site is optimized with the Yoast SEO plugin v27.5 - https:\/\/yoast.com\/product\/yoast-seo-wordpress\/ -->\n<title>Facebook-Post n\u00f6tig? \u2013 Angeblicher Anwalt empfiehlt den Post<\/title>\n<meta name=\"description\" content=\"Ein neuer Facebook-Post macht die Runde. Darin geht es um den Datenschutz. Wenn ihr den Post nicht teilt, werden all eure Beitr\u00e4ge \u00f6ffnetlich. Infos hier.\" \/>\n<meta name=\"robots\" content=\"index, follow, max-snippet:-1, max-image-preview:large, max-video-preview:-1\" \/>\n<link rel=\"canonical\" href=\"https:\/\/pcspezialist.de\/blog\/2019\/01\/16\/facebook-post\/\" \/>\n<meta property=\"og:locale\" content=\"de_DE\" \/>\n<meta property=\"og:type\" content=\"article\" \/>\n<meta property=\"og:title\" content=\"Facebook-Post n\u00f6tig? \u2013 Angeblicher Anwalt empfiehlt den Post\" \/>\n<meta property=\"og:description\" content=\"Ein neuer Facebook-Post macht die Runde. Darin geht es um den Datenschutz. Wenn ihr den Post nicht teilt, werden all eure Beitr\u00e4ge \u00f6ffnetlich. Infos hier.\" \/>\n<meta property=\"og:url\" content=\"https:\/\/pcspezialist.de\/blog\/2019\/01\/16\/facebook-post\/\" \/>\n<meta property=\"og:site_name\" content=\"PC-SPEZIALIST Blog\" \/>\n<meta property=\"article:published_time\" content=\"2019-01-16T11:00:34+00:00\" \/>\n<meta property=\"article:modified_time\" content=\"2024-11-06T10:23:45+00:00\" \/>\n<meta property=\"og:image\" content=\"https:\/\/pcspezialist.de\/blog\/wp-content\/uploads\/2019\/01\/Facebook-Post.jpg\" \/>\n\t<meta property=\"og:image:width\" content=\"1280\" \/>\n\t<meta property=\"og:image:height\" content=\"853\" \/>\n\t<meta property=\"og:image:type\" content=\"image\/jpeg\" \/>\n<meta name=\"author\" content=\"Maren Keller\" \/>\n<meta name=\"twitter:card\" content=\"summary_large_image\" \/>\n<meta name=\"twitter:label1\" content=\"Verfasst von\" \/>\n\t<meta name=\"twitter:data1\" content=\"Maren Keller\" \/>\n\t<meta name=\"twitter:label2\" content=\"Gesch\u00e4tzte Lesezeit\" \/>\n\t<meta name=\"twitter:data2\" content=\"4\u00a0Minuten\" \/>\n<script type=\"application\/ld+json\" class=\"yoast-schema-graph\">{\"@context\":\"https:\\\/\\\/schema.org\",\"@graph\":[{\"@type\":\"Article\",\"@id\":\"https:\\\/\\\/pcspezialist.de\\\/blog\\\/2019\\\/01\\\/16\\\/facebook-post\\\/#article\",\"isPartOf\":{\"@id\":\"https:\\\/\\\/pcspezialist.de\\\/blog\\\/2019\\\/01\\\/16\\\/facebook-post\\\/\"},\"author\":{\"name\":\"Maren Keller\",\"@id\":\"https:\\\/\\\/pcspezialist.de\\\/blog\\\/#\\\/schema\\\/person\\\/e9cb801a8b8ea9138af26a02b8b6d14f\"},\"headline\":\"Neuer Facebook-Post n\u00f6tig? ## Angeblicher Anwalt empfiehlt den Post\",\"datePublished\":\"2019-01-16T11:00:34+00:00\",\"dateModified\":\"2024-11-06T10:23:45+00:00\",\"mainEntityOfPage\":{\"@id\":\"https:\\\/\\\/pcspezialist.de\\\/blog\\\/2019\\\/01\\\/16\\\/facebook-post\\\/\"},\"wordCount\":765,\"commentCount\":0,\"image\":{\"@id\":\"https:\\\/\\\/pcspezialist.de\\\/blog\\\/2019\\\/01\\\/16\\\/facebook-post\\\/#primaryimage\"},\"thumbnailUrl\":\"https:\\\/\\\/pcspezialist.de\\\/blog\\\/wp-content\\\/uploads\\\/2019\\\/01\\\/Facebook-Post.jpg\",\"keywords\":[\"Facebook\",\"Social Media\",\"Fake News\"],\"articleSection\":[\"Verschiedenes\"],\"inLanguage\":\"de\",\"potentialAction\":[{\"@type\":\"CommentAction\",\"name\":\"Comment\",\"target\":[\"https:\\\/\\\/pcspezialist.de\\\/blog\\\/2019\\\/01\\\/16\\\/facebook-post\\\/#respond\"]}]},{\"@type\":\"WebPage\",\"@id\":\"https:\\\/\\\/pcspezialist.de\\\/blog\\\/2019\\\/01\\\/16\\\/facebook-post\\\/\",\"url\":\"https:\\\/\\\/pcspezialist.de\\\/blog\\\/2019\\\/01\\\/16\\\/facebook-post\\\/\",\"name\":\"Facebook-Post n\u00f6tig? \u2013 Angeblicher Anwalt empfiehlt den Post\",\"isPartOf\":{\"@id\":\"https:\\\/\\\/pcspezialist.de\\\/blog\\\/#website\"},\"primaryImageOfPage\":{\"@id\":\"https:\\\/\\\/pcspezialist.de\\\/blog\\\/2019\\\/01\\\/16\\\/facebook-post\\\/#primaryimage\"},\"image\":{\"@id\":\"https:\\\/\\\/pcspezialist.de\\\/blog\\\/2019\\\/01\\\/16\\\/facebook-post\\\/#primaryimage\"},\"thumbnailUrl\":\"https:\\\/\\\/pcspezialist.de\\\/blog\\\/wp-content\\\/uploads\\\/2019\\\/01\\\/Facebook-Post.jpg\",\"datePublished\":\"2019-01-16T11:00:34+00:00\",\"dateModified\":\"2024-11-06T10:23:45+00:00\",\"author\":{\"@id\":\"https:\\\/\\\/pcspezialist.de\\\/blog\\\/#\\\/schema\\\/person\\\/e9cb801a8b8ea9138af26a02b8b6d14f\"},\"description\":\"Ein neuer Facebook-Post macht die Runde. Darin geht es um den Datenschutz. Wenn ihr den Post nicht teilt, werden all eure Beitr\u00e4ge \u00f6ffnetlich. Infos hier.\",\"breadcrumb\":{\"@id\":\"https:\\\/\\\/pcspezialist.de\\\/blog\\\/2019\\\/01\\\/16\\\/facebook-post\\\/#breadcrumb\"},\"inLanguage\":\"de\",\"potentialAction\":[{\"@type\":\"ReadAction\",\"target\":[\"https:\\\/\\\/pcspezialist.de\\\/blog\\\/2019\\\/01\\\/16\\\/facebook-post\\\/\"]}]},{\"@type\":\"ImageObject\",\"inLanguage\":\"de\",\"@id\":\"https:\\\/\\\/pcspezialist.de\\\/blog\\\/2019\\\/01\\\/16\\\/facebook-post\\\/#primaryimage\",\"url\":\"https:\\\/\\\/pcspezialist.de\\\/blog\\\/wp-content\\\/uploads\\\/2019\\\/01\\\/Facebook-Post.jpg\",\"contentUrl\":\"https:\\\/\\\/pcspezialist.de\\\/blog\\\/wp-content\\\/uploads\\\/2019\\\/01\\\/Facebook-Post.jpg\",\"width\":1280,\"height\":853,\"caption\":\"Like oder Dislike? die Datenkrake Facebook k\u00f6nnt ihr nicht mit einem kleinen Post besiegen. Foto: Pixabay\"},{\"@type\":\"BreadcrumbList\",\"@id\":\"https:\\\/\\\/pcspezialist.de\\\/blog\\\/2019\\\/01\\\/16\\\/facebook-post\\\/#breadcrumb\",\"itemListElement\":[{\"@type\":\"ListItem\",\"position\":1,\"name\":\"Startseite\",\"item\":\"https:\\\/\\\/pcspezialist.de\\\/blog\\\/\"},{\"@type\":\"ListItem\",\"position\":2,\"name\":\"Neuer Facebook-Post n\u00f6tig? ## Angeblicher Anwalt empfiehlt den Post\"}]},{\"@type\":\"WebSite\",\"@id\":\"https:\\\/\\\/pcspezialist.de\\\/blog\\\/#website\",\"url\":\"https:\\\/\\\/pcspezialist.de\\\/blog\\\/\",\"name\":\"PC-SPEZIALIST Blog\",\"description\":\"IT-Service, Trends &amp; Technik\",\"potentialAction\":[{\"@type\":\"SearchAction\",\"target\":{\"@type\":\"EntryPoint\",\"urlTemplate\":\"https:\\\/\\\/pcspezialist.de\\\/blog\\\/?s={search_term_string}\"},\"query-input\":{\"@type\":\"PropertyValueSpecification\",\"valueRequired\":true,\"valueName\":\"search_term_string\"}}],\"inLanguage\":\"de\"},{\"@type\":\"Person\",\"@id\":\"https:\\\/\\\/pcspezialist.de\\\/blog\\\/#\\\/schema\\\/person\\\/e9cb801a8b8ea9138af26a02b8b6d14f\",\"name\":\"Maren Keller\",\"description\":\"PC-SPEZIALIST ist eine Marke der in Schlo\u00df Holte ans\u00e4ssigen SYNAXON. Seit 2016 arbeitet Maren Keller f\u00fcr den PC-SPEZIALIST-Blog. Gestartet als Online-Redakteurin ist sie mittlerweile Content Marketing Managerin und tr\u00e4gt unter anderem die Verantwortung f\u00fcr die Inhalte des Blogs. In den Jahren 2017 und 2020 hat sie parallel f\u00fcr den Blog des IT-SERVICE.NETWORK geschrieben. Die studierte Germanistin und Politologin hat einen Sp\u00fcrsinn f\u00fcr aktuelle Bedrohungen im IT-Bereich entwickelt und versteht es, das Fachwissen von PC-SPEZIALIST dem Leser verst\u00e4ndlich darzubieten. Nicht zu verleugnen ist allerdings ihre Ungeduld, die sich in flinken Fingern auf der Tastatur zeigt und gleichzeitig f\u00fcr einen hohen Output sorgt. Ihre journalistische Karriere begann Maren Keller Mitte der 1990er Jahre mit dem Verfassen von Sportberichten f\u00fcr die Regionalseiten ihrer Heimatzeitung in Bremerhaven. Nach dem Studium in Hannover, das von zahlreichen Praktika bei Funk, Fernsehen und Zeitung begleitet wurde, kehrte sie f\u00fcr ein journalistisches Volontariat in ihre Heimat zur\u00fcck, um bei der NORDSEE-ZEITUNG den Beruf des Redakteurs von der Pike auf zu lernen und anschlie\u00dfend in der Sportredaktion zu arbeiten. W\u00e4hrend ihrer Elternzeiten und beruflich bedingten Umz\u00fcgen arbeitete sie als freie Journalistin f\u00fcr verschiedene Tageszeitungen und fand 2016 den Weg zur SYNAXON, wo sie heute als Content Marketing Managerin in Lohn und Brot steht. In ihrer Freizeit zeigt sie ihr Talent f\u00fcr\u2019s Schreiben nicht. Stattdessen liegen ihre Schwerpunkt dort im Bereich Haus, Familie, Garten und Hund. Au\u00dferdem ist sie musikalisch unterwegs, bl\u00e4st das Jagdhorn in einem Bl\u00e4serkorps, spielt Klavier und singt im Chor. Sie haben Fragen an Maren Keller? Sie erreichen sie per E-Mail an redaktion@pcspezialist.de\",\"url\":\"https:\\\/\\\/pcspezialist.de\\\/blog\\\/author\\\/maren\\\/\"}]}<\/script>\n<!-- \/ Yoast SEO plugin. -->","yoast_head_json":{"title":"Facebook-Post n\u00f6tig? \u2013 Angeblicher Anwalt empfiehlt den Post","description":"Ein neuer Facebook-Post macht die Runde. Darin geht es um den Datenschutz. Wenn ihr den Post nicht teilt, werden all eure Beitr\u00e4ge \u00f6ffnetlich. Infos hier.","robots":{"index":"index","follow":"follow","max-snippet":"max-snippet:-1","max-image-preview":"max-image-preview:large","max-video-preview":"max-video-preview:-1"},"canonical":"https:\/\/pcspezialist.de\/blog\/2019\/01\/16\/facebook-post\/","og_locale":"de_DE","og_type":"article","og_title":"Facebook-Post n\u00f6tig? \u2013 Angeblicher Anwalt empfiehlt den Post","og_description":"Ein neuer Facebook-Post macht die Runde. Darin geht es um den Datenschutz. Wenn ihr den Post nicht teilt, werden all eure Beitr\u00e4ge \u00f6ffnetlich. Infos hier.","og_url":"https:\/\/pcspezialist.de\/blog\/2019\/01\/16\/facebook-post\/","og_site_name":"PC-SPEZIALIST Blog","article_published_time":"2019-01-16T11:00:34+00:00","article_modified_time":"2024-11-06T10:23:45+00:00","og_image":[{"width":1280,"height":853,"url":"https:\/\/pcspezialist.de\/blog\/wp-content\/uploads\/2019\/01\/Facebook-Post.jpg","type":"image\/jpeg"}],"author":"Maren Keller","twitter_card":"summary_large_image","twitter_misc":{"Verfasst von":"Maren Keller","Gesch\u00e4tzte Lesezeit":"4\u00a0Minuten"},"schema":{"@context":"https:\/\/schema.org","@graph":[{"@type":"Article","@id":"https:\/\/pcspezialist.de\/blog\/2019\/01\/16\/facebook-post\/#article","isPartOf":{"@id":"https:\/\/pcspezialist.de\/blog\/2019\/01\/16\/facebook-post\/"},"author":{"name":"Maren Keller","@id":"https:\/\/pcspezialist.de\/blog\/#\/schema\/person\/e9cb801a8b8ea9138af26a02b8b6d14f"},"headline":"Neuer Facebook-Post n\u00f6tig? ## Angeblicher Anwalt empfiehlt den Post","datePublished":"2019-01-16T11:00:34+00:00","dateModified":"2024-11-06T10:23:45+00:00","mainEntityOfPage":{"@id":"https:\/\/pcspezialist.de\/blog\/2019\/01\/16\/facebook-post\/"},"wordCount":765,"commentCount":0,"image":{"@id":"https:\/\/pcspezialist.de\/blog\/2019\/01\/16\/facebook-post\/#primaryimage"},"thumbnailUrl":"https:\/\/pcspezialist.de\/blog\/wp-content\/uploads\/2019\/01\/Facebook-Post.jpg","keywords":["Facebook","Social Media","Fake News"],"articleSection":["Verschiedenes"],"inLanguage":"de","potentialAction":[{"@type":"CommentAction","name":"Comment","target":["https:\/\/pcspezialist.de\/blog\/2019\/01\/16\/facebook-post\/#respond"]}]},{"@type":"WebPage","@id":"https:\/\/pcspezialist.de\/blog\/2019\/01\/16\/facebook-post\/","url":"https:\/\/pcspezialist.de\/blog\/2019\/01\/16\/facebook-post\/","name":"Facebook-Post n\u00f6tig? \u2013 Angeblicher Anwalt empfiehlt den Post","isPartOf":{"@id":"https:\/\/pcspezialist.de\/blog\/#website"},"primaryImageOfPage":{"@id":"https:\/\/pcspezialist.de\/blog\/2019\/01\/16\/facebook-post\/#primaryimage"},"image":{"@id":"https:\/\/pcspezialist.de\/blog\/2019\/01\/16\/facebook-post\/#primaryimage"},"thumbnailUrl":"https:\/\/pcspezialist.de\/blog\/wp-content\/uploads\/2019\/01\/Facebook-Post.jpg","datePublished":"2019-01-16T11:00:34+00:00","dateModified":"2024-11-06T10:23:45+00:00","author":{"@id":"https:\/\/pcspezialist.de\/blog\/#\/schema\/person\/e9cb801a8b8ea9138af26a02b8b6d14f"},"description":"Ein neuer Facebook-Post macht die Runde. Darin geht es um den Datenschutz. Wenn ihr den Post nicht teilt, werden all eure Beitr\u00e4ge \u00f6ffnetlich. Infos hier.","breadcrumb":{"@id":"https:\/\/pcspezialist.de\/blog\/2019\/01\/16\/facebook-post\/#breadcrumb"},"inLanguage":"de","potentialAction":[{"@type":"ReadAction","target":["https:\/\/pcspezialist.de\/blog\/2019\/01\/16\/facebook-post\/"]}]},{"@type":"ImageObject","inLanguage":"de","@id":"https:\/\/pcspezialist.de\/blog\/2019\/01\/16\/facebook-post\/#primaryimage","url":"https:\/\/pcspezialist.de\/blog\/wp-content\/uploads\/2019\/01\/Facebook-Post.jpg","contentUrl":"https:\/\/pcspezialist.de\/blog\/wp-content\/uploads\/2019\/01\/Facebook-Post.jpg","width":1280,"height":853,"caption":"Like oder Dislike? die Datenkrake Facebook k\u00f6nnt ihr nicht mit einem kleinen Post besiegen. Foto: Pixabay"},{"@type":"BreadcrumbList","@id":"https:\/\/pcspezialist.de\/blog\/2019\/01\/16\/facebook-post\/#breadcrumb","itemListElement":[{"@type":"ListItem","position":1,"name":"Startseite","item":"https:\/\/pcspezialist.de\/blog\/"},{"@type":"ListItem","position":2,"name":"Neuer Facebook-Post n\u00f6tig? ## Angeblicher Anwalt empfiehlt den Post"}]},{"@type":"WebSite","@id":"https:\/\/pcspezialist.de\/blog\/#website","url":"https:\/\/pcspezialist.de\/blog\/","name":"PC-SPEZIALIST Blog","description":"IT-Service, Trends &amp; Technik","potentialAction":[{"@type":"SearchAction","target":{"@type":"EntryPoint","urlTemplate":"https:\/\/pcspezialist.de\/blog\/?s={search_term_string}"},"query-input":{"@type":"PropertyValueSpecification","valueRequired":true,"valueName":"search_term_string"}}],"inLanguage":"de"},{"@type":"Person","@id":"https:\/\/pcspezialist.de\/blog\/#\/schema\/person\/e9cb801a8b8ea9138af26a02b8b6d14f","name":"Maren Keller","description":"PC-SPEZIALIST ist eine Marke der in Schlo\u00df Holte ans\u00e4ssigen SYNAXON. Seit 2016 arbeitet Maren Keller f\u00fcr den PC-SPEZIALIST-Blog. Gestartet als Online-Redakteurin ist sie mittlerweile Content Marketing Managerin und tr\u00e4gt unter anderem die Verantwortung f\u00fcr die Inhalte des Blogs. In den Jahren 2017 und 2020 hat sie parallel f\u00fcr den Blog des IT-SERVICE.NETWORK geschrieben. Die studierte Germanistin und Politologin hat einen Sp\u00fcrsinn f\u00fcr aktuelle Bedrohungen im IT-Bereich entwickelt und versteht es, das Fachwissen von PC-SPEZIALIST dem Leser verst\u00e4ndlich darzubieten. Nicht zu verleugnen ist allerdings ihre Ungeduld, die sich in flinken Fingern auf der Tastatur zeigt und gleichzeitig f\u00fcr einen hohen Output sorgt. Ihre journalistische Karriere begann Maren Keller Mitte der 1990er Jahre mit dem Verfassen von Sportberichten f\u00fcr die Regionalseiten ihrer Heimatzeitung in Bremerhaven. Nach dem Studium in Hannover, das von zahlreichen Praktika bei Funk, Fernsehen und Zeitung begleitet wurde, kehrte sie f\u00fcr ein journalistisches Volontariat in ihre Heimat zur\u00fcck, um bei der NORDSEE-ZEITUNG den Beruf des Redakteurs von der Pike auf zu lernen und anschlie\u00dfend in der Sportredaktion zu arbeiten. W\u00e4hrend ihrer Elternzeiten und beruflich bedingten Umz\u00fcgen arbeitete sie als freie Journalistin f\u00fcr verschiedene Tageszeitungen und fand 2016 den Weg zur SYNAXON, wo sie heute als Content Marketing Managerin in Lohn und Brot steht. In ihrer Freizeit zeigt sie ihr Talent f\u00fcr\u2019s Schreiben nicht. Stattdessen liegen ihre Schwerpunkt dort im Bereich Haus, Familie, Garten und Hund. Au\u00dferdem ist sie musikalisch unterwegs, bl\u00e4st das Jagdhorn in einem Bl\u00e4serkorps, spielt Klavier und singt im Chor. Sie haben Fragen an Maren Keller? Sie erreichen sie per E-Mail an redaktion@pcspezialist.de","url":"https:\/\/pcspezialist.de\/blog\/author\/maren\/"}]}},"_links":{"self":[{"href":"https:\/\/pcspezialist.de\/blog\/wp-json\/wp\/v2\/posts\/43102","targetHints":{"allow":["GET"]}}],"collection":[{"href":"https:\/\/pcspezialist.de\/blog\/wp-json\/wp\/v2\/posts"}],"about":[{"href":"https:\/\/pcspezialist.de\/blog\/wp-json\/wp\/v2\/types\/post"}],"author":[{"embeddable":true,"href":"https:\/\/pcspezialist.de\/blog\/wp-json\/wp\/v2\/users\/98"}],"replies":[{"embeddable":true,"href":"https:\/\/pcspezialist.de\/blog\/wp-json\/wp\/v2\/comments?post=43102"}],"version-history":[{"count":14,"href":"https:\/\/pcspezialist.de\/blog\/wp-json\/wp\/v2\/posts\/43102\/revisions"}],"predecessor-version":[{"id":43132,"href":"https:\/\/pcspezialist.de\/blog\/wp-json\/wp\/v2\/posts\/43102\/revisions\/43132"}],"wp:featuredmedia":[{"embeddable":true,"href":"https:\/\/pcspezialist.de\/blog\/wp-json\/wp\/v2\/media\/43117"}],"wp:attachment":[{"href":"https:\/\/pcspezialist.de\/blog\/wp-json\/wp\/v2\/media?parent=43102"}],"wp:term":[{"taxonomy":"category","embeddable":true,"href":"https:\/\/pcspezialist.de\/blog\/wp-json\/wp\/v2\/categories?post=43102"},{"taxonomy":"post_tag","embeddable":true,"href":"https:\/\/pcspezialist.de\/blog\/wp-json\/wp\/v2\/tags?post=43102"}],"curies":[{"name":"wp","href":"https:\/\/api.w.org\/{rel}","templated":true}]}}