{"id":42877,"date":"2018-12-18T12:19:14","date_gmt":"2018-12-18T11:19:14","guid":{"rendered":"https:\/\/www.pcspezialist.de\/blog\/?p=42877"},"modified":"2024-03-22T08:23:44","modified_gmt":"2024-03-22T07:23:44","slug":"instagram-highlights","status":"publish","type":"post","link":"https:\/\/pcspezialist.de\/blog\/2018\/12\/18\/instagram-highlights\/","title":{"rendered":"Instagram-Highlights 2018 ## Wer ist in den Top Ten der Instagram-Profile?"},"content":{"rendered":"<p><strong>Habt ihr auch ein Instagram-Profil? Postet ihr flei\u00dfig Bilder und Stories und schaut nach, was andere so posten? Dann seid ihr voll im Trend. Immerhin geh\u00f6rt Instagram zu den beliebtesten Social-Media-Plattformen in Deutschland. Doch was sind die Instagram-Highlights 2018?<\/strong><\/p>\n<p>Welches sind die beliebtesten Instagram-Profile? Wir haben das Jahresranking 2018 f\u00fcr euch.<\/p>\n<p><!--more--><\/p>\n<h3>Welche Instagram-Highlights gibt es?<\/h3>\n<p>Instagram ist nach Facebook das beliebteste soziale Medium der Deutschen, wie <a href=\"https:\/\/de.statista.com\/themen\/1842\/soziale-netzwerke\/\" target=\"_blank\" rel=\"noopener\">Statista<\/a> herausgefunden hat. Demnach gaben bei einer Statista-Umfrage 24 Prozent der Befragten an, bei Instagram registriert zu sein.<\/p>\n<p>Nur auf Facebook hatten mit \u00fcber 70 Prozent deutlich mehr der Befragten einen Account. Kein Wunder also, dass bei der gro\u00dfen Menge an Nutzern auch ein Jahresr\u00fcckblick mit den Instagram-Highlights 2018 entsteht. \u00dcbrigens, was bei YouTube in diesem Jahr im Trend war, lest ihr im Artikel <a href=\"https:\/\/pcspezialist.de\/blog\/2018\/12\/17\/youtube-rewind-2018\/\">YouTube Rewind<\/a>.<\/p>\n<h4>Instagram-Highlights in Zahlen<\/h4>\n<p>Instagram hat unter anderem gez\u00e4hlt und untersucht, welche netten Momente und Trends es auf Instagram gibt. So wurden die Instagram-Highlights berechnet:<\/p>\n<ul>\n<li>Der Heart-Love-Sticker von Arata ist der am h\u00e4ufigsten verwendete Giphy-Sticker in 2018.<\/li>\n<li>Der Herzaugen-Filter wurde am h\u00e4ufigsten als Gesichtsfilter eingesetzt.<\/li>\n<li>Das \u2764\ufe0f-Emoji wurde\u00a014 Milliarden Mal in Kommentaren verwendet.<\/li>\n<li>Gl\u00fccklichster Ort der Welt ist\u00a0Disneyland Tokio \u2013 im Zusammenhang mit diesem Vergn\u00fcgungspark wurden die meisten ?-Emojis in der Bildunterschrift genutzt.<\/li>\n<li>Den h\u00f6chsten Wachstum in 2018 erzielte #fortnite<\/li>\n<li>Die Top-Tanzbewegung findet ihr unter #inmyfeelingschallenge<\/li>\n<li>Der am meisten genutzte Hashtag war #metoo (1,5 Millionen) vor #timesup (597.000) und #marchforourlives (562.000)<\/li>\n<\/ul>\n<div id=\"attachment_42880\" style=\"width: 556px\" class=\"wp-caption alignright\"><img loading=\"lazy\" decoding=\"async\" aria-describedby=\"caption-attachment-42880\" class=\"size-medium wp-image-42880\" src=\"https:\/\/pcspezialist.de\/blog\/wp-content\/uploads\/2018\/12\/lisa-und-lena-546x500.png\" alt=\"Zu den Instagram-Highlights geh\u00f6ren die Influencerinnen Lisa und Lena. Foto: Screenshot\" width=\"546\" height=\"500\" srcset=\"https:\/\/pcspezialist.de\/blog\/wp-content\/uploads\/2018\/12\/lisa-und-lena-546x500.png 546w, https:\/\/pcspezialist.de\/blog\/wp-content\/uploads\/2018\/12\/lisa-und-lena.png 761w\" sizes=\"auto, (max-width: 546px) 100vw, 546px\" \/><p id=\"caption-attachment-42880\" class=\"wp-caption-text\">Die Influencerinnen Lisa und Lena sind die beliebtesten nicht-Fu\u00dfballer auf Instagram. Foto: Screenshot<\/p><\/div>\n<h3>Welche Instagram-Profile haben die meisten Follower?<\/h3>\n<p>Die Fotoshare-App Instagram hat noch mehr Instagram-Highlights auf Lager. So gibt es auch eine Antwort auf die Frage, welche Instagram-Profile in Deutschland die meisten Follower haben. Knapp ein Zehntel der deutschen Bev\u00f6lkerung ist <a href=\"https:\/\/www.dfb.de\/verbandsstruktur\/mitglieder\/aktuelle-statistik\/\" target=\"_blank\" rel=\"noopener\">laut DFB<\/a> in einem Fu\u00dfballverein angemeldet. Diese hohe Zahl spiegelt sich bei den beliebtesten Instagramern 2018 wieder. In den Top Ten der Deutschen finden sich sieben Fu\u00dfballer:<\/p>\n<ul>\n<li>Toni Kroos (@toni.kr8s) \u2013 20 Millionen Follower<\/li>\n<li>Mesut \u00d6zil (@m10_official) \u2013 19 Millionen Follower<\/li>\n<li>Lisa und Lena (@lisaandlena) \u2013 14 Millionen Follower<\/li>\n<li>Manuel Neuer (@manuelneuer) \u2013 10,4 Millionen Follower<\/li>\n<li>Bastian Schweinsteiger (@bastianschweinsteiger) \u2013 9,6 Millionen Follower<\/li>\n<li>Mario G\u00f6tze (@mariogotze) \u2013 8,6 Millionen Follower<\/li>\n<li>Marco Reus (@marcinho11) \u2013 7,2 Millionen Follower<\/li>\n<li>Bianca Cla\u00dfen (@bibisbeautypalace) \u2013 6,3 Millionen Follower<\/li>\n<li>Thomas M\u00fcller (@esmuellert) \u2013 6,3 Millionen Follower<\/li>\n<li>Zedd (@zedd) \u2013 5,3 Millionen Follower<\/li>\n<\/ul>\n<p>Die Influencer-Zwillinge Lisa und Lena sind neben der Styling-Vloggerin Bianca \u201eBibi\u201c Cla\u00dfen und dem Musikproduzenten Zedd die einzigen Nicht-Kicker unter den deutschen Top-Ten-Instagramern.<\/p>\n<h3>Was sind eure Instagram-Highlights?<\/h3>\n<p>Instagram steht aber nicht nur f\u00fcr Sport und Entertainment. Auch Politiker und gemeinn\u00fctzige Organisationen setzen zunehmend auf die Foto-Community. In Deutschland wurde daher neben den Hashtags #metoo und #timesup auch der Hashtag #wirsindmehr besonders oft genutzt. Der Hashtag setzte ein Zeichen gegen rechts und war ebenfalls ein Instagram-Highlight 2018.<\/p>\n<p>Was waren eure Highlights in 2018 auf Instagram? Vielleicht, dass massenhaft<a href=\"https:\/\/pcspezialist.de\/blog\/2018\/08\/21\/instagram-account-gehackt\/\"> Instagram-Accounts gehackt<\/a> wurden? Lasst es uns in unseren Kommentaren wissen.<\/p>\n<div id=\"attachment_42888\" style=\"width: 710px\" class=\"wp-caption alignright\"><img loading=\"lazy\" decoding=\"async\" aria-describedby=\"caption-attachment-42888\" class=\"size-medium wp-image-42888\" src=\"https:\/\/pcspezialist.de\/blog\/wp-content\/uploads\/2018\/12\/instagram2-700x467.jpg\" alt=\"Das Bild zeigt einen aufgeklappten Laptop mit der Login-Seite von Instagram. Foto: Pixabay\" width=\"700\" height=\"467\" srcset=\"https:\/\/pcspezialist.de\/blog\/wp-content\/uploads\/2018\/12\/instagram2-700x467.jpg 700w, https:\/\/pcspezialist.de\/blog\/wp-content\/uploads\/2018\/12\/instagram2-768x512.jpg 768w, https:\/\/pcspezialist.de\/blog\/wp-content\/uploads\/2018\/12\/instagram2.jpg 960w\" sizes=\"auto, (max-width: 700px) 100vw, 700px\" \/><p id=\"caption-attachment-42888\" class=\"wp-caption-text\">Was Instagram anzeigt oder auch nicht, entscheidet allein der Algorithmus. Foto: Pixabay\/<a href=\"https:\/\/pixabay.com\/de\/photos\/instagram-sozialen-medien-www-seiten-1519537\/\" target=\"_blank\" rel=\"noopener\">PhotoMIX-Company<\/a><\/p><\/div>\n<h3>Neben Instagram-Highlights gibt es auch Flops<\/h3>\n<p>Nat\u00fcrlich kann es nicht nur Instagram-Highlights geben. Immer wieder gibt es auch Ranglisten dar\u00fcber, was euch an Instagram besonders nervt. Auf Platz eins ist dabei der Instagram-Algorithmus. Er entscheidet, welche Beitr\u00e4ge ihr seht oder eben auch nicht. So kann es sein, dass euch aktuelle Posts nicht angezeigt werden, sondern ihr stattdessen Tage-alte Beitr\u00e4ge seht.<\/p>\n<p>Ebenso unbeliebt sind die Kurzvideos, die ihr weder \u00fcberspringen noch anhalten k\u00f6nnt. Zudem fehlt die Fortschrittsanzeige. Von Komfort bei der Videoanzeige ist also wenig zu merken.<\/p>\n<p>Au\u00dferdem wird kritisiert, dass Instagram ein Medium f\u00fcr Blender sei und nur der Selbstinszenierung diene. Die Idee, \u00fcber Fotos einen Einblick in das Leben von Freunden, Bekannten oder Promis zu bekommen, solltet ihr skeptisch betrachten. Hier herrscht oft mehr Schein als Sein.<\/p>\n<p>_______________________________________________<\/p>\n<p><small>Quellen: <a href=\"https:\/\/pixabay.com\/de\/illustrations\/instagram-social-media-symbol-3319588\/\" target=\"_blank\" rel=\"noopener\">Pixabay\/Geralt (Headerbild)<\/a><\/small><\/p>\n","protected":false},"excerpt":{"rendered":"<p>Habt ihr auch ein Instagram-Profil? Postet ihr flei\u00dfig Bilder und Stories und schaut nach, was andere so posten? Dann seid ihr voll im Trend. Immerhin geh\u00f6rt Instagram zu den beliebtesten Social-Media-Plattformen in Deutschland. Doch was sind die Instagram-Highlights 2018? Welches sind die beliebtesten Instagram-Profile? Wir haben das Jahresranking 2018 f\u00fcr euch.<\/p>\n","protected":false},"author":98,"featured_media":42885,"comment_status":"open","ping_status":"closed","sticky":false,"template":"","format":"standard","meta":{"footnotes":""},"categories":[6913],"tags":[1186,1250,3367],"class_list":["post-42877","post","type-post","status-publish","format-standard","has-post-thumbnail","hentry","category-verschiedenes","tag-trends","tag-social-media","tag-instagram"],"yoast_head":"<!-- This site is optimized with the Yoast SEO plugin v27.5 - https:\/\/yoast.com\/product\/yoast-seo-wordpress\/ -->\n<title>Instagram-Highlights 2018 \u2013 Wer ist in den Top Ten der Instagram-Profile?<\/title>\n<meta name=\"description\" content=\"Das Jahr neigt sich dem Ende \u2013 Zeit f\u00fcr Jahresr\u00fcckblicke. Bei uns erfahrt ihr deshalb heute alles \u00fcber die Instagram-Highlights 2018.\" \/>\n<meta name=\"robots\" content=\"index, follow, max-snippet:-1, max-image-preview:large, max-video-preview:-1\" \/>\n<link rel=\"canonical\" href=\"https:\/\/pcspezialist.de\/blog\/2018\/12\/18\/instagram-highlights\/\" \/>\n<meta property=\"og:locale\" content=\"de_DE\" \/>\n<meta property=\"og:type\" content=\"article\" \/>\n<meta property=\"og:title\" content=\"Instagram-Highlights 2018 \u2013 Wer ist in den Top Ten der Instagram-Profile?\" \/>\n<meta property=\"og:description\" content=\"Das Jahr neigt sich dem Ende \u2013 Zeit f\u00fcr Jahresr\u00fcckblicke. Bei uns erfahrt ihr deshalb heute alles \u00fcber die Instagram-Highlights 2018.\" \/>\n<meta property=\"og:url\" content=\"https:\/\/pcspezialist.de\/blog\/2018\/12\/18\/instagram-highlights\/\" \/>\n<meta property=\"og:site_name\" content=\"PC-SPEZIALIST Blog\" \/>\n<meta property=\"article:published_time\" content=\"2018-12-18T11:19:14+00:00\" \/>\n<meta property=\"article:modified_time\" content=\"2024-03-22T07:23:44+00:00\" \/>\n<meta property=\"og:image\" content=\"https:\/\/pcspezialist.de\/blog\/wp-content\/uploads\/2018\/12\/instagram.jpg\" \/>\n\t<meta property=\"og:image:width\" content=\"960\" \/>\n\t<meta property=\"og:image:height\" content=\"307\" \/>\n\t<meta property=\"og:image:type\" content=\"image\/jpeg\" \/>\n<meta name=\"author\" content=\"Maren Keller\" \/>\n<meta name=\"twitter:card\" content=\"summary_large_image\" \/>\n<meta name=\"twitter:label1\" content=\"Verfasst von\" \/>\n\t<meta name=\"twitter:data1\" content=\"Maren Keller\" \/>\n\t<meta name=\"twitter:label2\" content=\"Gesch\u00e4tzte Lesezeit\" \/>\n\t<meta name=\"twitter:data2\" content=\"4\u00a0Minuten\" \/>\n<script type=\"application\/ld+json\" class=\"yoast-schema-graph\">{\"@context\":\"https:\\\/\\\/schema.org\",\"@graph\":[{\"@type\":\"Article\",\"@id\":\"https:\\\/\\\/pcspezialist.de\\\/blog\\\/2018\\\/12\\\/18\\\/instagram-highlights\\\/#article\",\"isPartOf\":{\"@id\":\"https:\\\/\\\/pcspezialist.de\\\/blog\\\/2018\\\/12\\\/18\\\/instagram-highlights\\\/\"},\"author\":{\"name\":\"Maren Keller\",\"@id\":\"https:\\\/\\\/pcspezialist.de\\\/blog\\\/#\\\/schema\\\/person\\\/e9cb801a8b8ea9138af26a02b8b6d14f\"},\"headline\":\"Instagram-Highlights 2018 ## Wer ist in den Top Ten der Instagram-Profile?\",\"datePublished\":\"2018-12-18T11:19:14+00:00\",\"dateModified\":\"2024-03-22T07:23:44+00:00\",\"mainEntityOfPage\":{\"@id\":\"https:\\\/\\\/pcspezialist.de\\\/blog\\\/2018\\\/12\\\/18\\\/instagram-highlights\\\/\"},\"wordCount\":644,\"commentCount\":0,\"image\":{\"@id\":\"https:\\\/\\\/pcspezialist.de\\\/blog\\\/2018\\\/12\\\/18\\\/instagram-highlights\\\/#primaryimage\"},\"thumbnailUrl\":\"https:\\\/\\\/pcspezialist.de\\\/blog\\\/wp-content\\\/uploads\\\/2018\\\/12\\\/instagram.jpg\",\"keywords\":[\"Trends\",\"Social Media\",\"Instagram\"],\"articleSection\":[\"Verschiedenes\"],\"inLanguage\":\"de\",\"potentialAction\":[{\"@type\":\"CommentAction\",\"name\":\"Comment\",\"target\":[\"https:\\\/\\\/pcspezialist.de\\\/blog\\\/2018\\\/12\\\/18\\\/instagram-highlights\\\/#respond\"]}]},{\"@type\":\"WebPage\",\"@id\":\"https:\\\/\\\/pcspezialist.de\\\/blog\\\/2018\\\/12\\\/18\\\/instagram-highlights\\\/\",\"url\":\"https:\\\/\\\/pcspezialist.de\\\/blog\\\/2018\\\/12\\\/18\\\/instagram-highlights\\\/\",\"name\":\"Instagram-Highlights 2018 \u2013 Wer ist in den Top Ten der Instagram-Profile?\",\"isPartOf\":{\"@id\":\"https:\\\/\\\/pcspezialist.de\\\/blog\\\/#website\"},\"primaryImageOfPage\":{\"@id\":\"https:\\\/\\\/pcspezialist.de\\\/blog\\\/2018\\\/12\\\/18\\\/instagram-highlights\\\/#primaryimage\"},\"image\":{\"@id\":\"https:\\\/\\\/pcspezialist.de\\\/blog\\\/2018\\\/12\\\/18\\\/instagram-highlights\\\/#primaryimage\"},\"thumbnailUrl\":\"https:\\\/\\\/pcspezialist.de\\\/blog\\\/wp-content\\\/uploads\\\/2018\\\/12\\\/instagram.jpg\",\"datePublished\":\"2018-12-18T11:19:14+00:00\",\"dateModified\":\"2024-03-22T07:23:44+00:00\",\"author\":{\"@id\":\"https:\\\/\\\/pcspezialist.de\\\/blog\\\/#\\\/schema\\\/person\\\/e9cb801a8b8ea9138af26a02b8b6d14f\"},\"description\":\"Das Jahr neigt sich dem Ende \u2013 Zeit f\u00fcr Jahresr\u00fcckblicke. Bei uns erfahrt ihr deshalb heute alles \u00fcber die Instagram-Highlights 2018.\",\"breadcrumb\":{\"@id\":\"https:\\\/\\\/pcspezialist.de\\\/blog\\\/2018\\\/12\\\/18\\\/instagram-highlights\\\/#breadcrumb\"},\"inLanguage\":\"de\",\"potentialAction\":[{\"@type\":\"ReadAction\",\"target\":[\"https:\\\/\\\/pcspezialist.de\\\/blog\\\/2018\\\/12\\\/18\\\/instagram-highlights\\\/\"]}]},{\"@type\":\"ImageObject\",\"inLanguage\":\"de\",\"@id\":\"https:\\\/\\\/pcspezialist.de\\\/blog\\\/2018\\\/12\\\/18\\\/instagram-highlights\\\/#primaryimage\",\"url\":\"https:\\\/\\\/pcspezialist.de\\\/blog\\\/wp-content\\\/uploads\\\/2018\\\/12\\\/instagram.jpg\",\"contentUrl\":\"https:\\\/\\\/pcspezialist.de\\\/blog\\\/wp-content\\\/uploads\\\/2018\\\/12\\\/instagram.jpg\",\"width\":960,\"height\":307,\"caption\":\"Instagram-Highlights 2018\"},{\"@type\":\"BreadcrumbList\",\"@id\":\"https:\\\/\\\/pcspezialist.de\\\/blog\\\/2018\\\/12\\\/18\\\/instagram-highlights\\\/#breadcrumb\",\"itemListElement\":[{\"@type\":\"ListItem\",\"position\":1,\"name\":\"Startseite\",\"item\":\"https:\\\/\\\/pcspezialist.de\\\/blog\\\/\"},{\"@type\":\"ListItem\",\"position\":2,\"name\":\"Instagram-Highlights 2018 ## Wer ist in den Top Ten der Instagram-Profile?\"}]},{\"@type\":\"WebSite\",\"@id\":\"https:\\\/\\\/pcspezialist.de\\\/blog\\\/#website\",\"url\":\"https:\\\/\\\/pcspezialist.de\\\/blog\\\/\",\"name\":\"PC-SPEZIALIST Blog\",\"description\":\"IT-Service, Trends &amp; Technik\",\"potentialAction\":[{\"@type\":\"SearchAction\",\"target\":{\"@type\":\"EntryPoint\",\"urlTemplate\":\"https:\\\/\\\/pcspezialist.de\\\/blog\\\/?s={search_term_string}\"},\"query-input\":{\"@type\":\"PropertyValueSpecification\",\"valueRequired\":true,\"valueName\":\"search_term_string\"}}],\"inLanguage\":\"de\"},{\"@type\":\"Person\",\"@id\":\"https:\\\/\\\/pcspezialist.de\\\/blog\\\/#\\\/schema\\\/person\\\/e9cb801a8b8ea9138af26a02b8b6d14f\",\"name\":\"Maren Keller\",\"description\":\"PC-SPEZIALIST ist eine Marke der in Schlo\u00df Holte ans\u00e4ssigen SYNAXON. Seit 2016 arbeitet Maren Keller f\u00fcr den PC-SPEZIALIST-Blog. Gestartet als Online-Redakteurin ist sie mittlerweile Content Marketing Managerin und tr\u00e4gt unter anderem die Verantwortung f\u00fcr die Inhalte des Blogs. In den Jahren 2017 und 2020 hat sie parallel f\u00fcr den Blog des IT-SERVICE.NETWORK geschrieben. Die studierte Germanistin und Politologin hat einen Sp\u00fcrsinn f\u00fcr aktuelle Bedrohungen im IT-Bereich entwickelt und versteht es, das Fachwissen von PC-SPEZIALIST dem Leser verst\u00e4ndlich darzubieten. Nicht zu verleugnen ist allerdings ihre Ungeduld, die sich in flinken Fingern auf der Tastatur zeigt und gleichzeitig f\u00fcr einen hohen Output sorgt. Ihre journalistische Karriere begann Maren Keller Mitte der 1990er Jahre mit dem Verfassen von Sportberichten f\u00fcr die Regionalseiten ihrer Heimatzeitung in Bremerhaven. Nach dem Studium in Hannover, das von zahlreichen Praktika bei Funk, Fernsehen und Zeitung begleitet wurde, kehrte sie f\u00fcr ein journalistisches Volontariat in ihre Heimat zur\u00fcck, um bei der NORDSEE-ZEITUNG den Beruf des Redakteurs von der Pike auf zu lernen und anschlie\u00dfend in der Sportredaktion zu arbeiten. W\u00e4hrend ihrer Elternzeiten und beruflich bedingten Umz\u00fcgen arbeitete sie als freie Journalistin f\u00fcr verschiedene Tageszeitungen und fand 2016 den Weg zur SYNAXON, wo sie heute als Content Marketing Managerin in Lohn und Brot steht. In ihrer Freizeit zeigt sie ihr Talent f\u00fcr\u2019s Schreiben nicht. Stattdessen liegen ihre Schwerpunkt dort im Bereich Haus, Familie, Garten und Hund. Au\u00dferdem ist sie musikalisch unterwegs, bl\u00e4st das Jagdhorn in einem Bl\u00e4serkorps, spielt Klavier und singt im Chor. Sie haben Fragen an Maren Keller? Sie erreichen sie per E-Mail an redaktion@pcspezialist.de\",\"url\":\"https:\\\/\\\/pcspezialist.de\\\/blog\\\/author\\\/maren\\\/\"}]}<\/script>\n<!-- \/ Yoast SEO plugin. -->","yoast_head_json":{"title":"Instagram-Highlights 2018 \u2013 Wer ist in den Top Ten der Instagram-Profile?","description":"Das Jahr neigt sich dem Ende \u2013 Zeit f\u00fcr Jahresr\u00fcckblicke. Bei uns erfahrt ihr deshalb heute alles \u00fcber die Instagram-Highlights 2018.","robots":{"index":"index","follow":"follow","max-snippet":"max-snippet:-1","max-image-preview":"max-image-preview:large","max-video-preview":"max-video-preview:-1"},"canonical":"https:\/\/pcspezialist.de\/blog\/2018\/12\/18\/instagram-highlights\/","og_locale":"de_DE","og_type":"article","og_title":"Instagram-Highlights 2018 \u2013 Wer ist in den Top Ten der Instagram-Profile?","og_description":"Das Jahr neigt sich dem Ende \u2013 Zeit f\u00fcr Jahresr\u00fcckblicke. Bei uns erfahrt ihr deshalb heute alles \u00fcber die Instagram-Highlights 2018.","og_url":"https:\/\/pcspezialist.de\/blog\/2018\/12\/18\/instagram-highlights\/","og_site_name":"PC-SPEZIALIST Blog","article_published_time":"2018-12-18T11:19:14+00:00","article_modified_time":"2024-03-22T07:23:44+00:00","og_image":[{"width":960,"height":307,"url":"https:\/\/pcspezialist.de\/blog\/wp-content\/uploads\/2018\/12\/instagram.jpg","type":"image\/jpeg"}],"author":"Maren Keller","twitter_card":"summary_large_image","twitter_misc":{"Verfasst von":"Maren Keller","Gesch\u00e4tzte Lesezeit":"4\u00a0Minuten"},"schema":{"@context":"https:\/\/schema.org","@graph":[{"@type":"Article","@id":"https:\/\/pcspezialist.de\/blog\/2018\/12\/18\/instagram-highlights\/#article","isPartOf":{"@id":"https:\/\/pcspezialist.de\/blog\/2018\/12\/18\/instagram-highlights\/"},"author":{"name":"Maren Keller","@id":"https:\/\/pcspezialist.de\/blog\/#\/schema\/person\/e9cb801a8b8ea9138af26a02b8b6d14f"},"headline":"Instagram-Highlights 2018 ## Wer ist in den Top Ten der Instagram-Profile?","datePublished":"2018-12-18T11:19:14+00:00","dateModified":"2024-03-22T07:23:44+00:00","mainEntityOfPage":{"@id":"https:\/\/pcspezialist.de\/blog\/2018\/12\/18\/instagram-highlights\/"},"wordCount":644,"commentCount":0,"image":{"@id":"https:\/\/pcspezialist.de\/blog\/2018\/12\/18\/instagram-highlights\/#primaryimage"},"thumbnailUrl":"https:\/\/pcspezialist.de\/blog\/wp-content\/uploads\/2018\/12\/instagram.jpg","keywords":["Trends","Social Media","Instagram"],"articleSection":["Verschiedenes"],"inLanguage":"de","potentialAction":[{"@type":"CommentAction","name":"Comment","target":["https:\/\/pcspezialist.de\/blog\/2018\/12\/18\/instagram-highlights\/#respond"]}]},{"@type":"WebPage","@id":"https:\/\/pcspezialist.de\/blog\/2018\/12\/18\/instagram-highlights\/","url":"https:\/\/pcspezialist.de\/blog\/2018\/12\/18\/instagram-highlights\/","name":"Instagram-Highlights 2018 \u2013 Wer ist in den Top Ten der Instagram-Profile?","isPartOf":{"@id":"https:\/\/pcspezialist.de\/blog\/#website"},"primaryImageOfPage":{"@id":"https:\/\/pcspezialist.de\/blog\/2018\/12\/18\/instagram-highlights\/#primaryimage"},"image":{"@id":"https:\/\/pcspezialist.de\/blog\/2018\/12\/18\/instagram-highlights\/#primaryimage"},"thumbnailUrl":"https:\/\/pcspezialist.de\/blog\/wp-content\/uploads\/2018\/12\/instagram.jpg","datePublished":"2018-12-18T11:19:14+00:00","dateModified":"2024-03-22T07:23:44+00:00","author":{"@id":"https:\/\/pcspezialist.de\/blog\/#\/schema\/person\/e9cb801a8b8ea9138af26a02b8b6d14f"},"description":"Das Jahr neigt sich dem Ende \u2013 Zeit f\u00fcr Jahresr\u00fcckblicke. Bei uns erfahrt ihr deshalb heute alles \u00fcber die Instagram-Highlights 2018.","breadcrumb":{"@id":"https:\/\/pcspezialist.de\/blog\/2018\/12\/18\/instagram-highlights\/#breadcrumb"},"inLanguage":"de","potentialAction":[{"@type":"ReadAction","target":["https:\/\/pcspezialist.de\/blog\/2018\/12\/18\/instagram-highlights\/"]}]},{"@type":"ImageObject","inLanguage":"de","@id":"https:\/\/pcspezialist.de\/blog\/2018\/12\/18\/instagram-highlights\/#primaryimage","url":"https:\/\/pcspezialist.de\/blog\/wp-content\/uploads\/2018\/12\/instagram.jpg","contentUrl":"https:\/\/pcspezialist.de\/blog\/wp-content\/uploads\/2018\/12\/instagram.jpg","width":960,"height":307,"caption":"Instagram-Highlights 2018"},{"@type":"BreadcrumbList","@id":"https:\/\/pcspezialist.de\/blog\/2018\/12\/18\/instagram-highlights\/#breadcrumb","itemListElement":[{"@type":"ListItem","position":1,"name":"Startseite","item":"https:\/\/pcspezialist.de\/blog\/"},{"@type":"ListItem","position":2,"name":"Instagram-Highlights 2018 ## Wer ist in den Top Ten der Instagram-Profile?"}]},{"@type":"WebSite","@id":"https:\/\/pcspezialist.de\/blog\/#website","url":"https:\/\/pcspezialist.de\/blog\/","name":"PC-SPEZIALIST Blog","description":"IT-Service, Trends &amp; Technik","potentialAction":[{"@type":"SearchAction","target":{"@type":"EntryPoint","urlTemplate":"https:\/\/pcspezialist.de\/blog\/?s={search_term_string}"},"query-input":{"@type":"PropertyValueSpecification","valueRequired":true,"valueName":"search_term_string"}}],"inLanguage":"de"},{"@type":"Person","@id":"https:\/\/pcspezialist.de\/blog\/#\/schema\/person\/e9cb801a8b8ea9138af26a02b8b6d14f","name":"Maren Keller","description":"PC-SPEZIALIST ist eine Marke der in Schlo\u00df Holte ans\u00e4ssigen SYNAXON. Seit 2016 arbeitet Maren Keller f\u00fcr den PC-SPEZIALIST-Blog. Gestartet als Online-Redakteurin ist sie mittlerweile Content Marketing Managerin und tr\u00e4gt unter anderem die Verantwortung f\u00fcr die Inhalte des Blogs. In den Jahren 2017 und 2020 hat sie parallel f\u00fcr den Blog des IT-SERVICE.NETWORK geschrieben. Die studierte Germanistin und Politologin hat einen Sp\u00fcrsinn f\u00fcr aktuelle Bedrohungen im IT-Bereich entwickelt und versteht es, das Fachwissen von PC-SPEZIALIST dem Leser verst\u00e4ndlich darzubieten. Nicht zu verleugnen ist allerdings ihre Ungeduld, die sich in flinken Fingern auf der Tastatur zeigt und gleichzeitig f\u00fcr einen hohen Output sorgt. Ihre journalistische Karriere begann Maren Keller Mitte der 1990er Jahre mit dem Verfassen von Sportberichten f\u00fcr die Regionalseiten ihrer Heimatzeitung in Bremerhaven. Nach dem Studium in Hannover, das von zahlreichen Praktika bei Funk, Fernsehen und Zeitung begleitet wurde, kehrte sie f\u00fcr ein journalistisches Volontariat in ihre Heimat zur\u00fcck, um bei der NORDSEE-ZEITUNG den Beruf des Redakteurs von der Pike auf zu lernen und anschlie\u00dfend in der Sportredaktion zu arbeiten. W\u00e4hrend ihrer Elternzeiten und beruflich bedingten Umz\u00fcgen arbeitete sie als freie Journalistin f\u00fcr verschiedene Tageszeitungen und fand 2016 den Weg zur SYNAXON, wo sie heute als Content Marketing Managerin in Lohn und Brot steht. In ihrer Freizeit zeigt sie ihr Talent f\u00fcr\u2019s Schreiben nicht. Stattdessen liegen ihre Schwerpunkt dort im Bereich Haus, Familie, Garten und Hund. Au\u00dferdem ist sie musikalisch unterwegs, bl\u00e4st das Jagdhorn in einem Bl\u00e4serkorps, spielt Klavier und singt im Chor. Sie haben Fragen an Maren Keller? Sie erreichen sie per E-Mail an redaktion@pcspezialist.de","url":"https:\/\/pcspezialist.de\/blog\/author\/maren\/"}]}},"_links":{"self":[{"href":"https:\/\/pcspezialist.de\/blog\/wp-json\/wp\/v2\/posts\/42877","targetHints":{"allow":["GET"]}}],"collection":[{"href":"https:\/\/pcspezialist.de\/blog\/wp-json\/wp\/v2\/posts"}],"about":[{"href":"https:\/\/pcspezialist.de\/blog\/wp-json\/wp\/v2\/types\/post"}],"author":[{"embeddable":true,"href":"https:\/\/pcspezialist.de\/blog\/wp-json\/wp\/v2\/users\/98"}],"replies":[{"embeddable":true,"href":"https:\/\/pcspezialist.de\/blog\/wp-json\/wp\/v2\/comments?post=42877"}],"version-history":[{"count":16,"href":"https:\/\/pcspezialist.de\/blog\/wp-json\/wp\/v2\/posts\/42877\/revisions"}],"predecessor-version":[{"id":67311,"href":"https:\/\/pcspezialist.de\/blog\/wp-json\/wp\/v2\/posts\/42877\/revisions\/67311"}],"wp:featuredmedia":[{"embeddable":true,"href":"https:\/\/pcspezialist.de\/blog\/wp-json\/wp\/v2\/media\/42885"}],"wp:attachment":[{"href":"https:\/\/pcspezialist.de\/blog\/wp-json\/wp\/v2\/media?parent=42877"}],"wp:term":[{"taxonomy":"category","embeddable":true,"href":"https:\/\/pcspezialist.de\/blog\/wp-json\/wp\/v2\/categories?post=42877"},{"taxonomy":"post_tag","embeddable":true,"href":"https:\/\/pcspezialist.de\/blog\/wp-json\/wp\/v2\/tags?post=42877"}],"curies":[{"name":"wp","href":"https:\/\/api.w.org\/{rel}","templated":true}]}}