{"id":42102,"date":"2018-10-11T12:14:45","date_gmt":"2018-10-11T10:14:45","guid":{"rendered":"https:\/\/www.pcspezialist.de\/blog\/?p=42102"},"modified":"2024-03-22T08:23:45","modified_gmt":"2024-03-22T07:23:45","slug":"datenpanne-google-plus","status":"publish","type":"post","link":"https:\/\/pcspezialist.de\/blog\/2018\/10\/11\/datenpanne-google-plus\/","title":{"rendered":"Google Plus eingestellt ## Ende des Dienstes nach Datenpanne bei Google Plus"},"content":{"rendered":"<p><strong>Google Plus eingestellt: Nach Facebook erlebt nun auch Google eine ernste Datenpanne \u2013 und zieht Konsequenzen. Das Datenleck bedeutete das Aus f\u00fcr Googles Social-Media-Plattform Google Plus.<\/strong><\/p>\n<p>Was das f\u00fcr Sie bedeutet und was hinter dem Datenleck steckt, erfahren Sie bei uns.<\/p>\n<p><!--more--><\/p>\n<div style=\"background: #f2f2f2; padding: 15px 15px 5px; margin: 30px 0;\">\n<p><strong>Unser Beitrag \u00fcber das Ende von Google Plus im \u00dcberblick:\u00a0<\/strong><\/p>\n<ol style=\"line-height: 1.7;\">\n<li><a href=\"#eins\">Google Plus \u2013 ein Blick in die Geschichte<\/a><\/li>\n<li><a href=\"#zwei\">Google Plus eingestellt \u2013 das steckt dahinter<\/a><\/li>\n<li><a href=\"#drei\">Datenpanne zum Abschluss von Google Plus<\/a><\/li>\n<li><a href=\"#fuenf\">Google Plus vorzeitig eingestellt<\/a><\/li>\n<li><a href=\"#vier\">Strafzahlung von Google Plus<\/a><\/li>\n<\/ol>\n<\/div>\n<h2 id=\"eins\">Google Plus \u2013 ein Blick in die Geschichte<\/h2>\n<p>Im Sommer 2011 hatte Google seine <strong>Social-Media-Plattform Google Plus<\/strong> erstmals vorgestellt. Eigentlich sollte sie Facebook Konkurrenz machen, doch nur wenige User wollten Google Plus nutzen.<\/p>\n<p>Um die Nutzerzahlen zu steigern, setzte Google darum fortan auch bei Nutzern von YouTube und Gmail einen Google-Plus-Account voraus \u2013 zum Unmut der User. Zwar zog Google dies einige Jahre sp\u00e4ter zur\u00fcck, doch der Erfolg der Plattform stellte sich dennoch nicht ein. Wie viele Nutzer Google Plus zuletzt in Deutschland hatte, blieb unklar. Brauchbare Zahlen gibt es nicht, Sch\u00e4tzungen zufolge nutzen zwischen 180.000 und 6 Millionen Deutsche den Dienst.<\/p>\n<p>Bevor sich Google Plus jedoch in Deutschland richtig etablieren konnte, gingen beim Social-Dienst die Lichter aus. Offizieller Grund daf\u00fcr: der Datenschutz. Passend dazu machte Google Plus zum Abschluss gerade mit massiven Datenpannen auf sich aufmerksam.<\/p>\n<div id=\"attachment_42109\" style=\"width: 413px\" class=\"wp-caption alignright\"><a href=\"https:\/\/pcspezialist.de\/blog\/wp-content\/uploads\/2018\/10\/google-plus-logo.png\" data-rel=\"lightbox-image-0\" data-rl_title=\"\" data-rl_caption=\"\" title=\"\"><img loading=\"lazy\" decoding=\"async\" aria-describedby=\"caption-attachment-42109\" class=\"wp-image-42109\" src=\"https:\/\/pcspezialist.de\/blog\/wp-content\/uploads\/2018\/10\/google-plus-logo-504x500.png\" alt=\"Datenpanne - Datenmissbrauch - Datenleck - Datensicherheit - Privatsph\u00e4re\" width=\"403\" height=\"400\" srcset=\"https:\/\/pcspezialist.de\/blog\/wp-content\/uploads\/2018\/10\/google-plus-logo-504x500.png 504w, https:\/\/pcspezialist.de\/blog\/wp-content\/uploads\/2018\/10\/google-plus-logo-768x762.png 768w, https:\/\/pcspezialist.de\/blog\/wp-content\/uploads\/2018\/10\/google-plus-logo-706x700.png 706w, https:\/\/pcspezialist.de\/blog\/wp-content\/uploads\/2018\/10\/google-plus-logo.png 1280w\" sizes=\"auto, (max-width: 403px) 100vw, 403px\" \/><\/a><p id=\"caption-attachment-42109\" class=\"wp-caption-text\">Rund sieben Jahre nach seiner Vorstellung gehen bei Google Plus nun die Lichter aus: Der Dienst wird eingestellt. (Bild: pixabay.com\/WikimediaImages)<\/p><\/div>\n<h2 id=\"zwei\">Google Plus eingestellt \u2013 das steckt dahinter<\/h2>\n<p>Sp\u00e4testens seit dem <a href=\"https:\/\/pcspezialist.de\/blog\/2018\/05\/15\/eu-datenschutz-dsgvo\/\">Inkrafttreten der Datenschutzgrundverordnung<\/a> (DSGVO) im Mai 2018 sind die Anforderungen an Datensicherheit und Privatsph\u00e4re im Internet deutlich gestiegen. Im Zuge dessen hatte Google seine Produkte auf ihren Umgang mit Nutzerdaten untersucht.<\/p>\n<p>Die Social-Media-Plattform Google Plus schnitt dabei besonders schlecht ab, erkl\u00e4rt Google-Manager Ben Smith im Google-Blog. Im Rahmen des sogenannten Project Strobe hat Google die Datensicherheit der Google-Produkte und Schnittstellen genau unter die Lupe genommen. Damit wollte Google beispielsweise den \u201eZugriff von unabh\u00e4ngigen App-Entwicklern auf bei Google hinterlegte Nutzerdaten regulieren\u201c, schreibt The-Khoa Nguyen f\u00fcr connect.de.<\/p>\n<p>Bei Google Plus sei das trotz der Arbeit, die Google in die Social-Media-Plattform gesteckt hat, jedoch nicht so einfach. Dazu kommt, dass nur wenige User die Plattform tats\u00e4chlich nutzen. So dauern rund 90 Prozent der Nutzer-Sessions weniger als f\u00fcnf Sekunden, schreibt Smith im Google-Blog. Der Aufwand, die Plattform zu modernisieren, rechnet sich f\u00fcr Google daher nicht. Stattdessen wurde Google Plus eingestellt.<\/p>\n<h2 id=\"drei\">Datenpanne zum Abschluss von Google Plus<\/h2>\n<p>Fast schon beil\u00e4ufig erw\u00e4hnt Smith in seinem Bericht auch, dass es eine <strong>massive Sicherheitsl\u00fccke bei Google Plus<\/strong> gab, die im Fr\u00fchjahr diesen Jahres behoben wurde. Besonders problematisch: Die <a href=\"https:\/\/pcspezialist.de\/blog\/2021\/02\/05\/schwachstellen\/\">Schwachstelle<\/a> im Google-Plus-People-API erlaubte App-Entwicklern seit 2015 unerlaubt Zugriff auf nicht-\u00f6ffentliche Nutzerdaten, darunter Geschlecht, E-Mail-Adresse, Anschrift, Besch\u00e4ftigung oder Alter. Eine massive Datenpanne also, denn laut Google k\u00f6nnten bis zu 500.000 Nutzer betroffen sein.<\/p>\n<p>Ob es auch zu einem Datenmissbrauch kam, ist nicht klar. Google speicherte die daf\u00fcr notwendigen Nutzeraktivit\u00e4ten nicht lange genug, um einen Datenmissbrauch infolge der Datenpanne nachvollziehen zu k\u00f6nnen. Zwar war die Datenpanne nicht der einzige Grund f\u00fcr die Einstellung von Google Plus, spielte dabei aber auf jeden Fall eine Rolle.<\/p>\n<p>Google Plus war \u00fcbrigens nicht das einzige soziale Netzwerk, das mit einer massiven Datenpanne zu k\u00e4mpfen hatte. Im M\u00e4rz 2018 musste auch Facebook ein Datenleck im Rahmen <a href=\"https:\/\/pcspezialist.de\/blog\/2018\/03\/21\/deletefacebook-datenmissbrauch\/\">des Cambridge-Analytica-Skandals<\/a> eingestehen, vor kurzem wurde zudem\u00a0<a href=\"https:\/\/pcspezialist.de\/blog\/2018\/10\/02\/facebook-hack\/\">ein neuer Facebook-Hack<\/a> bekannt. Doch auch Jahre sp\u00e4ter machte Facebook Negativschlagzeilen in Sachen Datenpannen: Im Jahr 2021 wurde beispielsweise<a href=\"https:\/\/pcspezialist.de\/blog\/2021\/04\/08\/facebook-datenleck\/\"> ein gigantischer Datenleak<\/a> bekannt.<\/p>\n<div id=\"attachment_61477\" style=\"width: 710px\" class=\"wp-caption alignright\"><img loading=\"lazy\" decoding=\"async\" aria-describedby=\"caption-attachment-61477\" class=\"size-medium wp-image-61477\" src=\"https:\/\/pcspezialist.de\/blog\/wp-content\/uploads\/2018\/10\/alex-dudar-MpdLxiIg0P0-unsplash-scaled-e1654152854450-700x445.jpg\" alt=\"Google Plus Datenleak\" width=\"700\" height=\"445\" srcset=\"https:\/\/pcspezialist.de\/blog\/wp-content\/uploads\/2018\/10\/alex-dudar-MpdLxiIg0P0-unsplash-scaled-e1654152854450-700x445.jpg 700w, https:\/\/pcspezialist.de\/blog\/wp-content\/uploads\/2018\/10\/alex-dudar-MpdLxiIg0P0-unsplash-scaled-e1654152854450-1102x700.jpg 1102w, https:\/\/pcspezialist.de\/blog\/wp-content\/uploads\/2018\/10\/alex-dudar-MpdLxiIg0P0-unsplash-scaled-e1654152854450-768x488.jpg 768w, https:\/\/pcspezialist.de\/blog\/wp-content\/uploads\/2018\/10\/alex-dudar-MpdLxiIg0P0-unsplash-scaled-e1654152854450-1536x976.jpg 1536w, https:\/\/pcspezialist.de\/blog\/wp-content\/uploads\/2018\/10\/alex-dudar-MpdLxiIg0P0-unsplash-scaled-e1654152854450.jpg 1702w\" sizes=\"auto, (max-width: 700px) 100vw, 700px\" \/><p id=\"caption-attachment-61477\" class=\"wp-caption-text\">Google wurde nach dem Datenleak von Google Plus zu einer Strafzahlung von 7,5 Millionen Dollar verurteilt. Bild: Unsplash\/@alexdudar<\/p><\/div>\n<h2 id=\"fuenf\">Google Plus vorzeitig eingestellt<\/h2>\n<p>Nachdem Google Plus eigentlich im August 2019 endg\u00fcltig geschlossen werden sollte, kam das Ende f\u00fcr die Social-Media-Plattform \u00fcberraschend fr\u00fcher. So wurde der <strong>Dienst<\/strong> bereits im <strong>April 2019<\/strong> <strong>eingestellt<\/strong>. Grund daf\u00fcr war eine <strong>weitere Datenpanne<\/strong>, von der rund <strong>52,5 Millionen Nutzer betroffen<\/strong> waren. Software-Entwickler h\u00e4tten dabei Zugriff auf sensible private Daten wie E-Mail-Adressen, Namen und Besch\u00e4ftigung gehabt. Hinweise, dass die Sicherheitsl\u00fccke ausgenutzt wurde, gibt es aber laut Google nicht.<\/p>\n<p>Um Ihre Daten vor unbefugten Zugriffen zu sch\u00fctzen, sollten Sie Ihre<strong> Datenschutzeinstellungen auf Social-Media-Plattformen<\/strong> regelm\u00e4\u00dfig \u00fcberpr\u00fcfen. Damit sich keine <a href=\"https:\/\/pcspezialist.de\/blog\/tag\/malware\/\">Schadsoftware<\/a> auf euren Ger\u00e4ten breit macht, ist ein <a href=\"https:\/\/pcspezialist.de\/privat\/datensicherung-und-virenschutz\/antivirenprogramm-installation\/?utm_source=blog&amp;utm_medium=datenpanne-google-plus&amp;utm_campaign=antivirenprogramm-installation\">Virenschutz<\/a> f\u00fcr Smartphone und PC\/Notebook unerl\u00e4sslich. <a href=\"https:\/\/pcspezialist.de\/standorte\/?utm_source=blog&amp;utm_medium=datenpanne-google-plus&amp;utm_campaign=standorte\">PC-SPEZIALIST vor Ort<\/a> hilft Ihnen gern bei der Installation und Konfiguration.<\/p>\n<h2 id=\"vier\">Strafzahlung von Google Plus<\/h2>\n<p>Auch wenn das Datenleck bereits im M\u00e4rz 2018 entdeckt und behoben wurde, drohten Google enorme Strafen. Immerhin, so berichtet Nguyen, hat Google sich gegen eine Ver\u00f6ffentlichung der Sicherheitsl\u00fccke entschieden. Die <a href=\"https:\/\/pcspezialist.de\/firmen\/it-sicherheit\/dsgvo-beratung\/?utm_source=blog&amp;utm_medium=datenpanne-google-plus&amp;utm_campaign=dsgvo-beratung\">DSGVO<\/a> sieht bei einer Datenpanne allerdings eine schnelle Information betroffener Nutzer vor.<\/p>\n<p>Kurzerhand haben Nutzer, deren Daten vom Datenleak betroffen waren, in einer Sammelklage wegen der Datenschutzverletzung gegen Google geklagt. Alle ehemaligen Nutzer konnten sich durch ein einfaches Formular an dieser Klage beteiligen; und das machten tats\u00e4chlich auch circa 1,72 Millionen Personen. Die Klage war dabei erfolgreich: Das EU-Gericht verurteilte Google im Jahr 2020 Jahr zu einer <strong>Strafzahlung von 7,5 Millionen Dollar<\/strong>, die direkt an die Gesch\u00e4digten gehen sollten.<\/p>\n<p>Von dem Geld wurden jedoch noch die Gerichtskosten und Steuern abgezogen, sodass nur noch knapp die H\u00e4lfte des Geldes die ehemaligen Google-Plus-Nutzer erreichte. F\u00fcr einen einzelnen Kl\u00e4ger blieben deswegen nur noch circa <strong>2,15 Dollar<\/strong> \u00fcbrig. Die Entsch\u00e4digung wurde erst im Jahr 2021 auf die PayPal-Konten der Nutzer \u00fcberwiesen. Wahrscheinlich hat sich die Klage aus Sicht der Einzelnutzer nicht wirklich gelohnt.<\/p>\n<p>_______________________________________________<\/p>\n<p><small>Verwendete Quellen: <a href=\"https:\/\/www.connect.de\/news\/google-plus-geschlossen-datenleck-project-strobe-update-3198930.html\" target=\"_blank\" rel=\"noopener\">connect.de<\/a>, <a href=\"https:\/\/www.blog.google\/technology\/safety-security\/project-strobe\/\" target=\"_blank\" rel=\"noopener\">Google Blog<\/a>, <a href=\"https:\/\/www.googlewatchblog.de\/2021\/08\/googleplus-ehemalige-nutzer-dollar\/\" target=\"_blank\" rel=\"noopener\">GoogleWatchBlog<\/a><\/small><\/p>\n","protected":false},"excerpt":{"rendered":"<p>Google Plus eingestellt: Nach Facebook erlebt nun auch Google eine ernste Datenpanne \u2013 und zieht Konsequenzen. Das Datenleck bedeutete das Aus f\u00fcr Googles Social-Media-Plattform Google Plus. Was das f\u00fcr Sie bedeutet und was hinter dem Datenleck steckt, erfahren Sie bei uns.<\/p>\n","protected":false},"author":105,"featured_media":42117,"comment_status":"open","ping_status":"closed","sticky":false,"template":"","format":"standard","meta":{"footnotes":""},"categories":[6913],"tags":[9814,9956,172,1250,7694],"class_list":["post-42102","post","type-post","status-publish","format-standard","has-post-thumbnail","hentry","category-verschiedenes","tag-datenleck","tag-nutzerdaten","tag-google","tag-social-media","tag-datenmissbrauch"],"yoast_head":"<!-- This site is optimized with the Yoast SEO plugin v27.4 - https:\/\/yoast.com\/product\/yoast-seo-wordpress\/ -->\n<title>Google Plus eingestellt \u2013 Google Plus nach Datenpanne eingestellt<\/title>\n<meta name=\"description\" content=\"Nach Facebook erlebt nun auch Google eine massive Datenpanne \u2013 und zieht Konsequenzen: Social-Plattform-Dienst Google Plus eingestellt.\" \/>\n<meta name=\"robots\" content=\"index, follow, max-snippet:-1, max-image-preview:large, max-video-preview:-1\" \/>\n<link rel=\"canonical\" href=\"https:\/\/pcspezialist.de\/blog\/2018\/10\/11\/datenpanne-google-plus\/\" \/>\n<meta property=\"og:locale\" content=\"de_DE\" \/>\n<meta property=\"og:type\" content=\"article\" \/>\n<meta property=\"og:title\" content=\"Google Plus eingestellt \u2013 Google Plus nach Datenpanne eingestellt\" \/>\n<meta property=\"og:description\" content=\"Nach Facebook erlebt nun auch Google eine massive Datenpanne \u2013 und zieht Konsequenzen: Social-Plattform-Dienst Google Plus eingestellt.\" \/>\n<meta property=\"og:url\" content=\"https:\/\/pcspezialist.de\/blog\/2018\/10\/11\/datenpanne-google-plus\/\" \/>\n<meta property=\"og:site_name\" content=\"PC-SPEZIALIST Blog\" \/>\n<meta property=\"article:published_time\" content=\"2018-10-11T10:14:45+00:00\" \/>\n<meta property=\"article:modified_time\" content=\"2024-03-22T07:23:45+00:00\" \/>\n<meta property=\"og:image\" content=\"https:\/\/pcspezialist.de\/blog\/wp-content\/uploads\/2018\/10\/datenpanne-google-plus.jpg\" \/>\n\t<meta property=\"og:image:width\" content=\"1280\" \/>\n\t<meta property=\"og:image:height\" content=\"854\" \/>\n\t<meta property=\"og:image:type\" content=\"image\/jpeg\" \/>\n<meta name=\"author\" content=\"Stefanie Sch\u00e4fers\" \/>\n<meta name=\"twitter:card\" content=\"summary_large_image\" \/>\n<meta name=\"twitter:label1\" content=\"Verfasst von\" \/>\n\t<meta name=\"twitter:data1\" content=\"Stefanie Sch\u00e4fers\" \/>\n\t<meta name=\"twitter:label2\" content=\"Gesch\u00e4tzte Lesezeit\" \/>\n\t<meta name=\"twitter:data2\" content=\"6\u00a0Minuten\" \/>\n<script type=\"application\/ld+json\" class=\"yoast-schema-graph\">{\"@context\":\"https:\\\/\\\/schema.org\",\"@graph\":[{\"@type\":\"Article\",\"@id\":\"https:\\\/\\\/pcspezialist.de\\\/blog\\\/2018\\\/10\\\/11\\\/datenpanne-google-plus\\\/#article\",\"isPartOf\":{\"@id\":\"https:\\\/\\\/pcspezialist.de\\\/blog\\\/2018\\\/10\\\/11\\\/datenpanne-google-plus\\\/\"},\"author\":{\"name\":\"Stefanie Sch\u00e4fers\",\"@id\":\"https:\\\/\\\/pcspezialist.de\\\/blog\\\/#\\\/schema\\\/person\\\/bda551421759889a572d1f0490aab0bf\"},\"headline\":\"Google Plus eingestellt ## Ende des Dienstes nach Datenpanne bei Google Plus\",\"datePublished\":\"2018-10-11T10:14:45+00:00\",\"dateModified\":\"2024-03-22T07:23:45+00:00\",\"mainEntityOfPage\":{\"@id\":\"https:\\\/\\\/pcspezialist.de\\\/blog\\\/2018\\\/10\\\/11\\\/datenpanne-google-plus\\\/\"},\"wordCount\":936,\"commentCount\":2,\"image\":{\"@id\":\"https:\\\/\\\/pcspezialist.de\\\/blog\\\/2018\\\/10\\\/11\\\/datenpanne-google-plus\\\/#primaryimage\"},\"thumbnailUrl\":\"https:\\\/\\\/pcspezialist.de\\\/blog\\\/wp-content\\\/uploads\\\/2018\\\/10\\\/datenpanne-google-plus.jpg\",\"keywords\":[\"Datenleck\",\"Nutzerdaten\",\"Google\",\"Social Media\",\"Datenmissbrauch &amp; Datendiebstahl\"],\"articleSection\":[\"Verschiedenes\"],\"inLanguage\":\"de\",\"potentialAction\":[{\"@type\":\"CommentAction\",\"name\":\"Comment\",\"target\":[\"https:\\\/\\\/pcspezialist.de\\\/blog\\\/2018\\\/10\\\/11\\\/datenpanne-google-plus\\\/#respond\"]}]},{\"@type\":\"WebPage\",\"@id\":\"https:\\\/\\\/pcspezialist.de\\\/blog\\\/2018\\\/10\\\/11\\\/datenpanne-google-plus\\\/\",\"url\":\"https:\\\/\\\/pcspezialist.de\\\/blog\\\/2018\\\/10\\\/11\\\/datenpanne-google-plus\\\/\",\"name\":\"Google Plus eingestellt \u2013 Google Plus nach Datenpanne eingestellt\",\"isPartOf\":{\"@id\":\"https:\\\/\\\/pcspezialist.de\\\/blog\\\/#website\"},\"primaryImageOfPage\":{\"@id\":\"https:\\\/\\\/pcspezialist.de\\\/blog\\\/2018\\\/10\\\/11\\\/datenpanne-google-plus\\\/#primaryimage\"},\"image\":{\"@id\":\"https:\\\/\\\/pcspezialist.de\\\/blog\\\/2018\\\/10\\\/11\\\/datenpanne-google-plus\\\/#primaryimage\"},\"thumbnailUrl\":\"https:\\\/\\\/pcspezialist.de\\\/blog\\\/wp-content\\\/uploads\\\/2018\\\/10\\\/datenpanne-google-plus.jpg\",\"datePublished\":\"2018-10-11T10:14:45+00:00\",\"dateModified\":\"2024-03-22T07:23:45+00:00\",\"author\":{\"@id\":\"https:\\\/\\\/pcspezialist.de\\\/blog\\\/#\\\/schema\\\/person\\\/bda551421759889a572d1f0490aab0bf\"},\"description\":\"Nach Facebook erlebt nun auch Google eine massive Datenpanne \u2013 und zieht Konsequenzen: Social-Plattform-Dienst Google Plus eingestellt.\",\"breadcrumb\":{\"@id\":\"https:\\\/\\\/pcspezialist.de\\\/blog\\\/2018\\\/10\\\/11\\\/datenpanne-google-plus\\\/#breadcrumb\"},\"inLanguage\":\"de\",\"potentialAction\":[{\"@type\":\"ReadAction\",\"target\":[\"https:\\\/\\\/pcspezialist.de\\\/blog\\\/2018\\\/10\\\/11\\\/datenpanne-google-plus\\\/\"]}]},{\"@type\":\"ImageObject\",\"inLanguage\":\"de\",\"@id\":\"https:\\\/\\\/pcspezialist.de\\\/blog\\\/2018\\\/10\\\/11\\\/datenpanne-google-plus\\\/#primaryimage\",\"url\":\"https:\\\/\\\/pcspezialist.de\\\/blog\\\/wp-content\\\/uploads\\\/2018\\\/10\\\/datenpanne-google-plus.jpg\",\"contentUrl\":\"https:\\\/\\\/pcspezialist.de\\\/blog\\\/wp-content\\\/uploads\\\/2018\\\/10\\\/datenpanne-google-plus.jpg\",\"width\":1280,\"height\":854,\"caption\":\"Datenpanne - Datenmissbrauch - Datenleck - Datensicherheit - Privatsph\u00e4re (Bild: pixabay.com\\\/rawpixel)\"},{\"@type\":\"BreadcrumbList\",\"@id\":\"https:\\\/\\\/pcspezialist.de\\\/blog\\\/2018\\\/10\\\/11\\\/datenpanne-google-plus\\\/#breadcrumb\",\"itemListElement\":[{\"@type\":\"ListItem\",\"position\":1,\"name\":\"Startseite\",\"item\":\"https:\\\/\\\/pcspezialist.de\\\/blog\\\/\"},{\"@type\":\"ListItem\",\"position\":2,\"name\":\"Google Plus eingestellt ## Ende des Dienstes nach Datenpanne bei Google Plus\"}]},{\"@type\":\"WebSite\",\"@id\":\"https:\\\/\\\/pcspezialist.de\\\/blog\\\/#website\",\"url\":\"https:\\\/\\\/pcspezialist.de\\\/blog\\\/\",\"name\":\"PC-SPEZIALIST Blog\",\"description\":\"IT-Service, Trends &amp; Technik\",\"potentialAction\":[{\"@type\":\"SearchAction\",\"target\":{\"@type\":\"EntryPoint\",\"urlTemplate\":\"https:\\\/\\\/pcspezialist.de\\\/blog\\\/?s={search_term_string}\"},\"query-input\":{\"@type\":\"PropertyValueSpecification\",\"valueRequired\":true,\"valueName\":\"search_term_string\"}}],\"inLanguage\":\"de\"},{\"@type\":\"Person\",\"@id\":\"https:\\\/\\\/pcspezialist.de\\\/blog\\\/#\\\/schema\\\/person\\\/bda551421759889a572d1f0490aab0bf\",\"name\":\"Stefanie Sch\u00e4fers\",\"description\":\"Stefanie Sch\u00e4fers war von Januar 2018 bis April 2019 Content-Redakteurin f\u00fcr den PC-SPEZIALIST-Blog. Zuvor arbeitete die studierte Anglistin als Redakteurin f\u00fcr die IT-Fachmagazine PHP Magazin, Entwickler Magazin und Mobile Technology sowie die Online-Plattform entwickler.de.\",\"url\":\"https:\\\/\\\/pcspezialist.de\\\/blog\\\/author\\\/sschaefers\\\/\"}]}<\/script>\n<!-- \/ Yoast SEO plugin. -->","yoast_head_json":{"title":"Google Plus eingestellt \u2013 Google Plus nach Datenpanne eingestellt","description":"Nach Facebook erlebt nun auch Google eine massive Datenpanne \u2013 und zieht Konsequenzen: Social-Plattform-Dienst Google Plus eingestellt.","robots":{"index":"index","follow":"follow","max-snippet":"max-snippet:-1","max-image-preview":"max-image-preview:large","max-video-preview":"max-video-preview:-1"},"canonical":"https:\/\/pcspezialist.de\/blog\/2018\/10\/11\/datenpanne-google-plus\/","og_locale":"de_DE","og_type":"article","og_title":"Google Plus eingestellt \u2013 Google Plus nach Datenpanne eingestellt","og_description":"Nach Facebook erlebt nun auch Google eine massive Datenpanne \u2013 und zieht Konsequenzen: Social-Plattform-Dienst Google Plus eingestellt.","og_url":"https:\/\/pcspezialist.de\/blog\/2018\/10\/11\/datenpanne-google-plus\/","og_site_name":"PC-SPEZIALIST Blog","article_published_time":"2018-10-11T10:14:45+00:00","article_modified_time":"2024-03-22T07:23:45+00:00","og_image":[{"width":1280,"height":854,"url":"https:\/\/pcspezialist.de\/blog\/wp-content\/uploads\/2018\/10\/datenpanne-google-plus.jpg","type":"image\/jpeg"}],"author":"Stefanie Sch\u00e4fers","twitter_card":"summary_large_image","twitter_misc":{"Verfasst von":"Stefanie Sch\u00e4fers","Gesch\u00e4tzte Lesezeit":"6\u00a0Minuten"},"schema":{"@context":"https:\/\/schema.org","@graph":[{"@type":"Article","@id":"https:\/\/pcspezialist.de\/blog\/2018\/10\/11\/datenpanne-google-plus\/#article","isPartOf":{"@id":"https:\/\/pcspezialist.de\/blog\/2018\/10\/11\/datenpanne-google-plus\/"},"author":{"name":"Stefanie Sch\u00e4fers","@id":"https:\/\/pcspezialist.de\/blog\/#\/schema\/person\/bda551421759889a572d1f0490aab0bf"},"headline":"Google Plus eingestellt ## Ende des Dienstes nach Datenpanne bei Google Plus","datePublished":"2018-10-11T10:14:45+00:00","dateModified":"2024-03-22T07:23:45+00:00","mainEntityOfPage":{"@id":"https:\/\/pcspezialist.de\/blog\/2018\/10\/11\/datenpanne-google-plus\/"},"wordCount":936,"commentCount":2,"image":{"@id":"https:\/\/pcspezialist.de\/blog\/2018\/10\/11\/datenpanne-google-plus\/#primaryimage"},"thumbnailUrl":"https:\/\/pcspezialist.de\/blog\/wp-content\/uploads\/2018\/10\/datenpanne-google-plus.jpg","keywords":["Datenleck","Nutzerdaten","Google","Social Media","Datenmissbrauch &amp; Datendiebstahl"],"articleSection":["Verschiedenes"],"inLanguage":"de","potentialAction":[{"@type":"CommentAction","name":"Comment","target":["https:\/\/pcspezialist.de\/blog\/2018\/10\/11\/datenpanne-google-plus\/#respond"]}]},{"@type":"WebPage","@id":"https:\/\/pcspezialist.de\/blog\/2018\/10\/11\/datenpanne-google-plus\/","url":"https:\/\/pcspezialist.de\/blog\/2018\/10\/11\/datenpanne-google-plus\/","name":"Google Plus eingestellt \u2013 Google Plus nach Datenpanne eingestellt","isPartOf":{"@id":"https:\/\/pcspezialist.de\/blog\/#website"},"primaryImageOfPage":{"@id":"https:\/\/pcspezialist.de\/blog\/2018\/10\/11\/datenpanne-google-plus\/#primaryimage"},"image":{"@id":"https:\/\/pcspezialist.de\/blog\/2018\/10\/11\/datenpanne-google-plus\/#primaryimage"},"thumbnailUrl":"https:\/\/pcspezialist.de\/blog\/wp-content\/uploads\/2018\/10\/datenpanne-google-plus.jpg","datePublished":"2018-10-11T10:14:45+00:00","dateModified":"2024-03-22T07:23:45+00:00","author":{"@id":"https:\/\/pcspezialist.de\/blog\/#\/schema\/person\/bda551421759889a572d1f0490aab0bf"},"description":"Nach Facebook erlebt nun auch Google eine massive Datenpanne \u2013 und zieht Konsequenzen: Social-Plattform-Dienst Google Plus eingestellt.","breadcrumb":{"@id":"https:\/\/pcspezialist.de\/blog\/2018\/10\/11\/datenpanne-google-plus\/#breadcrumb"},"inLanguage":"de","potentialAction":[{"@type":"ReadAction","target":["https:\/\/pcspezialist.de\/blog\/2018\/10\/11\/datenpanne-google-plus\/"]}]},{"@type":"ImageObject","inLanguage":"de","@id":"https:\/\/pcspezialist.de\/blog\/2018\/10\/11\/datenpanne-google-plus\/#primaryimage","url":"https:\/\/pcspezialist.de\/blog\/wp-content\/uploads\/2018\/10\/datenpanne-google-plus.jpg","contentUrl":"https:\/\/pcspezialist.de\/blog\/wp-content\/uploads\/2018\/10\/datenpanne-google-plus.jpg","width":1280,"height":854,"caption":"Datenpanne - Datenmissbrauch - Datenleck - Datensicherheit - Privatsph\u00e4re (Bild: pixabay.com\/rawpixel)"},{"@type":"BreadcrumbList","@id":"https:\/\/pcspezialist.de\/blog\/2018\/10\/11\/datenpanne-google-plus\/#breadcrumb","itemListElement":[{"@type":"ListItem","position":1,"name":"Startseite","item":"https:\/\/pcspezialist.de\/blog\/"},{"@type":"ListItem","position":2,"name":"Google Plus eingestellt ## Ende des Dienstes nach Datenpanne bei Google Plus"}]},{"@type":"WebSite","@id":"https:\/\/pcspezialist.de\/blog\/#website","url":"https:\/\/pcspezialist.de\/blog\/","name":"PC-SPEZIALIST Blog","description":"IT-Service, Trends &amp; Technik","potentialAction":[{"@type":"SearchAction","target":{"@type":"EntryPoint","urlTemplate":"https:\/\/pcspezialist.de\/blog\/?s={search_term_string}"},"query-input":{"@type":"PropertyValueSpecification","valueRequired":true,"valueName":"search_term_string"}}],"inLanguage":"de"},{"@type":"Person","@id":"https:\/\/pcspezialist.de\/blog\/#\/schema\/person\/bda551421759889a572d1f0490aab0bf","name":"Stefanie Sch\u00e4fers","description":"Stefanie Sch\u00e4fers war von Januar 2018 bis April 2019 Content-Redakteurin f\u00fcr den PC-SPEZIALIST-Blog. Zuvor arbeitete die studierte Anglistin als Redakteurin f\u00fcr die IT-Fachmagazine PHP Magazin, Entwickler Magazin und Mobile Technology sowie die Online-Plattform entwickler.de.","url":"https:\/\/pcspezialist.de\/blog\/author\/sschaefers\/"}]}},"_links":{"self":[{"href":"https:\/\/pcspezialist.de\/blog\/wp-json\/wp\/v2\/posts\/42102","targetHints":{"allow":["GET"]}}],"collection":[{"href":"https:\/\/pcspezialist.de\/blog\/wp-json\/wp\/v2\/posts"}],"about":[{"href":"https:\/\/pcspezialist.de\/blog\/wp-json\/wp\/v2\/types\/post"}],"author":[{"embeddable":true,"href":"https:\/\/pcspezialist.de\/blog\/wp-json\/wp\/v2\/users\/105"}],"replies":[{"embeddable":true,"href":"https:\/\/pcspezialist.de\/blog\/wp-json\/wp\/v2\/comments?post=42102"}],"version-history":[{"count":28,"href":"https:\/\/pcspezialist.de\/blog\/wp-json\/wp\/v2\/posts\/42102\/revisions"}],"predecessor-version":[{"id":61488,"href":"https:\/\/pcspezialist.de\/blog\/wp-json\/wp\/v2\/posts\/42102\/revisions\/61488"}],"wp:featuredmedia":[{"embeddable":true,"href":"https:\/\/pcspezialist.de\/blog\/wp-json\/wp\/v2\/media\/42117"}],"wp:attachment":[{"href":"https:\/\/pcspezialist.de\/blog\/wp-json\/wp\/v2\/media?parent=42102"}],"wp:term":[{"taxonomy":"category","embeddable":true,"href":"https:\/\/pcspezialist.de\/blog\/wp-json\/wp\/v2\/categories?post=42102"},{"taxonomy":"post_tag","embeddable":true,"href":"https:\/\/pcspezialist.de\/blog\/wp-json\/wp\/v2\/tags?post=42102"}],"curies":[{"name":"wp","href":"https:\/\/api.w.org\/{rel}","templated":true}]}}