{"id":41764,"date":"2018-09-13T12:27:39","date_gmt":"2018-09-13T10:27:39","guid":{"rendered":"https:\/\/www.pcspezialist.de\/blog\/?p=41764"},"modified":"2024-11-06T11:46:59","modified_gmt":"2024-11-06T10:46:59","slug":"apple-event-2018","status":"publish","type":"post","link":"https:\/\/pcspezialist.de\/blog\/2018\/09\/13\/apple-event-2018\/","title":{"rendered":"Apple-Event 2018 ## Apple stellt iPhones und neue Apple Watch vor"},"content":{"rendered":"<p><strong>Im Steve Jobs Theatre in Cupertino fand das j\u00fcngste Apple-Event 2018 statt. Wie erwartet, pr\u00e4sentierte das Unternehmen neue iPhones und eine neue Apple Watch.\u00a0Mit den iPhones XR, XS und XS Max k\u00f6nnt ihr gleich drei neue iPhones kaufen.<\/strong><\/p>\n<p>Wir stellen euch die Apple-Neuheiten vor, nennen Preise und Erscheinungsdaten.<\/p>\n<p><!--more--><\/p>\n<h3>Bekannte Neuheiten auf dem Apple-Event 2018<\/h3>\n<p>Tim Cook und seine Kollegen stellten beim <strong>Apple-Event 2018<\/strong> gleich drei neue iPhones vor. Und es zeigte sich, dass vieles der\u00a0<strong>Apple-Neuheiten<\/strong> bereits durch die zahlreichen Leaks im Internet bekannt war. Doch das tat der guten Stimmung der <strong>Apple-Keynote<\/strong> keinen Abbruch.<\/p>\n<p>Daneben stellte Apple im kalifornischen Cupertino auch eine <strong>neue Apple Watch<\/strong> mit innovativen Gesundheitsfunktionen vor. Insgesamt pr\u00e4sentierte Apple seine Produktpalette an mobilen Ger\u00e4ten deutlich modernisiert: hauchd\u00fcnne R\u00e4nder sorgen f\u00fcr viel Inhalt auf kleiner Fl\u00e4che, Homebutton und Fingerabdruckscanner verschwinden, dagegen kommen Face-ID und die Wischgesten nun einheitlich und \u00fcberall zum Einsatz.<\/p>\n<div id=\"attachment_41766\" style=\"width: 329px\" class=\"wp-caption alignright\"><img loading=\"lazy\" decoding=\"async\" aria-describedby=\"caption-attachment-41766\" class=\"size-medium wp-image-41766\" src=\"https:\/\/pcspezialist.de\/blog\/wp-content\/uploads\/2018\/09\/apple-watch-319x500.png\" alt=\"Apple-Event 2018 - neue Apple Watch - Apple Keynote - Apple Neuheiten. Foto: Screenshot\" width=\"319\" height=\"500\" srcset=\"https:\/\/pcspezialist.de\/blog\/wp-content\/uploads\/2018\/09\/apple-watch-319x500.png 319w, https:\/\/pcspezialist.de\/blog\/wp-content\/uploads\/2018\/09\/apple-watch.png 447w\" sizes=\"auto, (max-width: 319px) 100vw, 319px\" \/><p id=\"caption-attachment-41766\" class=\"wp-caption-text\">Die neue Apple Watch kann ein EKG aufzeichnen oder Notrufe absetzen. Foto: Screenshot<\/p><\/div>\n<h3>Apple-Event 2018 pr\u00e4sentiert neue Apple Watch<\/h3>\n<p>Auf dem <strong>Apple-Event 2018<\/strong> hat Apple unter anderem eine <strong>neue Apple Watch<\/strong>\u00a0vorgestellt. Sie hat im Vergleich zum Vorg\u00e4ngermodell einen gr\u00f6\u00dferen Bildschirm, ist d\u00fcnner und hat eine h\u00f6here Aufl\u00f6sung der Anzeige. Die dargestellten Informationen werden auf dem Ziffernblatt in Kreisform angezeigt.<\/p>\n<p>Eine echte <strong>Apple-Neuheit<\/strong> ist, dass die Smartwatch ein EKG schreiben kann, also die Aktivit\u00e4ten des Herzmuskels. Daf\u00fcr m\u00fcsst ihr lediglich 30 Sekunden lang euren Finger auf die Krone halten. Kleiner Nachteil: Diese Funktion wird es vorerst nur in den USA geben.<\/p>\n<p>Aber die <strong>neue Apple Watch<\/strong> kann noch mehr: So schl\u00e4gt sie beispielsweise Alarm und setzt Notrufe ab, wenn der Besitzer gest\u00fcrzt ist oder die Herzfrequenz zu niedrig ist.<\/p>\n<p>Die neue Uhr ist in verschiedenen Varianten erh\u00e4ltlich: in einem Geh\u00e4use aus Aluminium oder Edelstahl, mit und ohne eingebauten Mobilfunk. Die Preise liegen je nach Ausstattung zwischen 429 und 750 Euro. Ihr k\u00f6nnt sie ab 21. September kaufen.\u00a0 F\u00fcr Sportler liefert das Betriebssystem Watch OS5 beim Training zudem Hinweise, wenn ihr die zuvor festgelegte Geschwindigkeit unter- oder \u00fcberschreitet.<\/p>\n<h3>Apple-Event 2018: iPhone XS und XS Max<\/h3>\n<p>Wie erwartet bekommt das iPhone X gleich zwei Nachfolger, die auf dem <strong>Apple-Event 2018<\/strong> pr\u00e4sentiert wurden. Dabei handelt es sich um das <strong>iPhone XS<\/strong> und das<strong> iPhone XS Max<\/strong>. Ausgesprochen wird XS \u00fcbrigens \u201eTen Ess\u201c. Beide Ger\u00e4te verf\u00fcgen \u00fcber ein OLED-Display mit 5,8- bzw. 6,5-Zoll Bildschirmdiagonale. Die neuen A12-Prozessoren, die ebenfalls in beiden Ger\u00e4ten verbaut sind, sollen f\u00fcnf Billionen Operationen verarbeiten k\u00f6nnen. Damit sind die A12-Prozessoren ganze 50 Prozent schneller als die im <a href=\"https:\/\/pcspezialist.de\/blog\/2017\/09\/14\/jubilaeums-iphone\/\">Vorg\u00e4nger Model iPhone X<\/a>.<\/p>\n<p>Verbesserungen gibt es auch in der Kameratechnik. Hier gibt es ein Feature namens \u201eSmart HDR\u201c. Mithilfe dieses Features erstellt die Kamera Zwischenbilder f\u00fcr einen h\u00f6heren Detailgrad. Apple gab an, dass die Akkulaufzeit im XS um 30 Minuten l\u00e4nger ist, im XS Max sogar um maximal 90 Minuten.<\/p>\n<p>Weitere Daten der iPhone-X-Nachfolger:<\/p>\n<ul>\n<li>Bildschirm: Super Retina OLED (2688 x 1242 Pixel, 458 ppi), HDR<\/li>\n<li>Prozessor: A12 Bionic (7-Nanometer-Chip, 6-Kern-CPU, 4-Kern-GPU, Neural Engine 8-Kern-Design)<\/li>\n<li>Speicher: wahlweise\u00a064 GB, 256 GB oder 512 GB<\/li>\n<li>Kameras:\u00a0 R\u00fcckseitenkamera: 12-MP-Wide-Camera, 12-MP-Telephoto-Camera, True-Tone-Blitz;\u00a0Frontkamera: 7-MP-True-Depth-Kamera, Dot-Projektor, RGB-Kamera, IR-Kamera<\/li>\n<li>Farben: Space Gray, Silver Gold<\/li>\n<li>Betriebssystem: iOS 12<\/li>\n<li>weitere Features: 3D Touch, Face ID, Stereo-Ton (Aufnahme und Wiedergabe), schmutz- und wassergesch\u00fctzt nach IP68, Siri Shortcuts, Gigabit-Class LTE, Dual-SIM mit Dual Standby, eSIM<\/li>\n<\/ul>\n<p>Der Verkaufsstart ist f\u00fcr beide iPhone-Modelle in Deutschland am 21. September, vorbestellen k\u00f6nnt ihr sie ab Freitag, 14. September. F\u00fcr die ganz neuen iPhones m\u00fcsst ihr allerdings tief in die Tasche greifen.\u00a0Das <strong>iPhone XS<\/strong> kostet je nach Speicher zwischen bei 1149 Euro (64 GB) und 1549 Euro (512 GB). Das <strong>iPhone XS Max<\/strong> beginnt bei 1249 Euro (64 GB) und endet bei 1649 Euro (512 GB).<\/p>\n<h3>Apple-Neuheit iPhone XR<\/h3>\n<p>Eine weitere Apple-Neuheit, die auf dem <strong>Apple-Event 2018<\/strong> vorgestellt wurde, ist das<strong>\u00a0iPhone XR<\/strong>. Es \u00e4hnelt technisch den beiden anderen neuen Modellen XS und XS Max und hat eine Bildschirmdiagonale 6,1 Zoll. Auf ein OLED-Display m\u00fcsst ihr bei diesem Modell allerdings verzichten.<\/p>\n<p>Das <strong>iPhone XR<\/strong> ist aus Aluminium anstatt Edelstahl und verf\u00fcgt \u00fcber einen g\u00fcnstigeren LCD-Bildschirm, was sich nat\u00fcrlich im Preis zeigt. Es beginnt in Deutschland bei 849 Euro mit einem 64 GB Speicher und endet bei 1119 Euro (512 GB). Einen Homebutton gibt es bei diesem Modell ebenfalls nicht, daf\u00fcr bekommt ihr \u00fcber die Funktion \u201eHaptic Touch\u201c schnellen Direktzugriff unter anderem auf die Kamera.<\/p>\n<p>Weitere Details sind:<\/p>\n<ul>\n<li>Bildschirm: 6,1 Zoll Liquid Retina LCD (1792 x 828 Pixel; 1,4 Millionen Pixel)<\/li>\n<li>Prozessor: A12 Bionic<\/li>\n<li>Speicher: wahlweise\u00a064 GB, 128 GB oder 256 GB<\/li>\n<li>Farben: Wei\u00df, Schwarz, Blau, Coral, Gelb, Product RED<\/li>\n<li>Kamera: Hauptkamera: 12-MP-Wide-Angle-Kamera (f\/1.8), Frontkamera:\u00a07-MP-True-Depth-Kamera, Dot-Projektor, RGB-Kamera, IR-Kamera<\/li>\n<li>Betriebssystem: iOS 12<\/li>\n<li>weitere Features: 3D Touch, Face ID, Stereo-Ton, schmutz- und wassergesch\u00fctzt nach IP67, Portrait Mode, Smart HDR<\/li>\n<\/ul>\n<p>Das iPhone XR soll ab 26. Oktober 2018 erh\u00e4ltlich sein. Bestellen k\u00f6nnt ihr es ab 19. Oktober um 9:01 Uhr. Die beiden iPhones 7 und 8 bleiben trotz der drei neuen Modelle im Sortiment. Und der der Roll-Out von iOS 12 startet laut <strong>Apple-Event 2018<\/strong> am 17. September 2019.<\/p>\n<p>Die gesamte <strong>Apple-Keynote<\/strong> k\u00f6nnt ihr euch auf der <a href=\"https:\/\/www.apple.com\/de\/apple-events\/september-2018\/\" target=\"_blank\" rel=\"noopener\">Apple-Homepage<\/a> anschauen. Was haltet ihr von den <strong>Apple-Neuheiten<\/strong>? K\u00f6nnt ihr euch vorstellen, ein neues iPhone f\u00fcr \u00fcber 1600 Euro zu kaufen? Oder \u00fcbertreibt es Apple eurer Meinung nach mit dem Preis? Lasst es uns in unseren Kommentaren wissen.<\/p>\n<p>&nbsp;<\/p>\n","protected":false},"excerpt":{"rendered":"<p>Im Steve Jobs Theatre in Cupertino fand das j\u00fcngste Apple-Event 2018 statt. Wie erwartet, pr\u00e4sentierte das Unternehmen neue iPhones und eine neue Apple Watch.\u00a0Mit den iPhones XR, XS und XS Max k\u00f6nnt ihr gleich drei neue iPhones kaufen. Wir stellen euch die Apple-Neuheiten vor, nennen Preise und Erscheinungsdaten.<\/p>\n","protected":false},"author":98,"featured_media":41765,"comment_status":"open","ping_status":"closed","sticky":false,"template":"","format":"standard","meta":{"footnotes":""},"categories":[6913],"tags":[1094,2731,7893],"class_list":["post-41764","post","type-post","status-publish","format-standard","has-post-thumbnail","hentry","category-verschiedenes","tag-apple","tag-ios","tag-internet-der-dinge"],"yoast_head":"<!-- This site is optimized with the Yoast SEO plugin v27.5 - https:\/\/yoast.com\/product\/yoast-seo-wordpress\/ -->\n<title>Apple-Event 2018 \u2013 Apple stellt iPhones und neue Apple Watch vor<\/title>\n<meta name=\"description\" content=\"Gleich drei neue iPhone-Modelle wurden auf dem Apple-Event 2018 pr\u00e4sentiert. Au\u00dferdem eine neue Apple-Watch. Alle Infos zur Apple Keynote bei uns.\" \/>\n<meta name=\"robots\" content=\"index, follow, max-snippet:-1, max-image-preview:large, max-video-preview:-1\" \/>\n<link rel=\"canonical\" href=\"https:\/\/pcspezialist.de\/blog\/2018\/09\/13\/apple-event-2018\/\" \/>\n<meta property=\"og:locale\" content=\"de_DE\" \/>\n<meta property=\"og:type\" content=\"article\" \/>\n<meta property=\"og:title\" content=\"Apple-Event 2018 \u2013 Apple stellt iPhones und neue Apple Watch vor\" \/>\n<meta property=\"og:description\" content=\"Gleich drei neue iPhone-Modelle wurden auf dem Apple-Event 2018 pr\u00e4sentiert. Au\u00dferdem eine neue Apple-Watch. Alle Infos zur Apple Keynote bei uns.\" \/>\n<meta property=\"og:url\" content=\"https:\/\/pcspezialist.de\/blog\/2018\/09\/13\/apple-event-2018\/\" \/>\n<meta property=\"og:site_name\" content=\"PC-SPEZIALIST Blog\" \/>\n<meta property=\"article:published_time\" content=\"2018-09-13T10:27:39+00:00\" \/>\n<meta property=\"article:modified_time\" content=\"2024-11-06T10:46:59+00:00\" \/>\n<meta property=\"og:image\" content=\"https:\/\/pcspezialist.de\/blog\/wp-content\/uploads\/2018\/09\/Apple-event.png\" \/>\n\t<meta property=\"og:image:width\" content=\"1189\" \/>\n\t<meta property=\"og:image:height\" content=\"568\" \/>\n\t<meta property=\"og:image:type\" content=\"image\/png\" \/>\n<meta name=\"author\" content=\"Maren Keller\" \/>\n<meta name=\"twitter:card\" content=\"summary_large_image\" \/>\n<meta name=\"twitter:label1\" content=\"Verfasst von\" \/>\n\t<meta name=\"twitter:data1\" content=\"Maren Keller\" \/>\n\t<meta name=\"twitter:label2\" content=\"Gesch\u00e4tzte Lesezeit\" \/>\n\t<meta name=\"twitter:data2\" content=\"4\u00a0Minuten\" \/>\n<script type=\"application\/ld+json\" class=\"yoast-schema-graph\">{\"@context\":\"https:\\\/\\\/schema.org\",\"@graph\":[{\"@type\":\"Article\",\"@id\":\"https:\\\/\\\/pcspezialist.de\\\/blog\\\/2018\\\/09\\\/13\\\/apple-event-2018\\\/#article\",\"isPartOf\":{\"@id\":\"https:\\\/\\\/pcspezialist.de\\\/blog\\\/2018\\\/09\\\/13\\\/apple-event-2018\\\/\"},\"author\":{\"name\":\"Maren Keller\",\"@id\":\"https:\\\/\\\/pcspezialist.de\\\/blog\\\/#\\\/schema\\\/person\\\/e9cb801a8b8ea9138af26a02b8b6d14f\"},\"headline\":\"Apple-Event 2018 ## Apple stellt iPhones und neue Apple Watch vor\",\"datePublished\":\"2018-09-13T10:27:39+00:00\",\"dateModified\":\"2024-11-06T10:46:59+00:00\",\"mainEntityOfPage\":{\"@id\":\"https:\\\/\\\/pcspezialist.de\\\/blog\\\/2018\\\/09\\\/13\\\/apple-event-2018\\\/\"},\"wordCount\":887,\"commentCount\":1,\"image\":{\"@id\":\"https:\\\/\\\/pcspezialist.de\\\/blog\\\/2018\\\/09\\\/13\\\/apple-event-2018\\\/#primaryimage\"},\"thumbnailUrl\":\"https:\\\/\\\/pcspezialist.de\\\/blog\\\/wp-content\\\/uploads\\\/2018\\\/09\\\/Apple-event.png\",\"keywords\":[\"Apple\",\"iOS\",\"Internet der Dinge\"],\"articleSection\":[\"Verschiedenes\"],\"inLanguage\":\"de\",\"potentialAction\":[{\"@type\":\"CommentAction\",\"name\":\"Comment\",\"target\":[\"https:\\\/\\\/pcspezialist.de\\\/blog\\\/2018\\\/09\\\/13\\\/apple-event-2018\\\/#respond\"]}]},{\"@type\":\"WebPage\",\"@id\":\"https:\\\/\\\/pcspezialist.de\\\/blog\\\/2018\\\/09\\\/13\\\/apple-event-2018\\\/\",\"url\":\"https:\\\/\\\/pcspezialist.de\\\/blog\\\/2018\\\/09\\\/13\\\/apple-event-2018\\\/\",\"name\":\"Apple-Event 2018 \u2013 Apple stellt iPhones und neue Apple Watch vor\",\"isPartOf\":{\"@id\":\"https:\\\/\\\/pcspezialist.de\\\/blog\\\/#website\"},\"primaryImageOfPage\":{\"@id\":\"https:\\\/\\\/pcspezialist.de\\\/blog\\\/2018\\\/09\\\/13\\\/apple-event-2018\\\/#primaryimage\"},\"image\":{\"@id\":\"https:\\\/\\\/pcspezialist.de\\\/blog\\\/2018\\\/09\\\/13\\\/apple-event-2018\\\/#primaryimage\"},\"thumbnailUrl\":\"https:\\\/\\\/pcspezialist.de\\\/blog\\\/wp-content\\\/uploads\\\/2018\\\/09\\\/Apple-event.png\",\"datePublished\":\"2018-09-13T10:27:39+00:00\",\"dateModified\":\"2024-11-06T10:46:59+00:00\",\"author\":{\"@id\":\"https:\\\/\\\/pcspezialist.de\\\/blog\\\/#\\\/schema\\\/person\\\/e9cb801a8b8ea9138af26a02b8b6d14f\"},\"description\":\"Gleich drei neue iPhone-Modelle wurden auf dem Apple-Event 2018 pr\u00e4sentiert. Au\u00dferdem eine neue Apple-Watch. Alle Infos zur Apple Keynote bei uns.\",\"breadcrumb\":{\"@id\":\"https:\\\/\\\/pcspezialist.de\\\/blog\\\/2018\\\/09\\\/13\\\/apple-event-2018\\\/#breadcrumb\"},\"inLanguage\":\"de\",\"potentialAction\":[{\"@type\":\"ReadAction\",\"target\":[\"https:\\\/\\\/pcspezialist.de\\\/blog\\\/2018\\\/09\\\/13\\\/apple-event-2018\\\/\"]}]},{\"@type\":\"ImageObject\",\"inLanguage\":\"de\",\"@id\":\"https:\\\/\\\/pcspezialist.de\\\/blog\\\/2018\\\/09\\\/13\\\/apple-event-2018\\\/#primaryimage\",\"url\":\"https:\\\/\\\/pcspezialist.de\\\/blog\\\/wp-content\\\/uploads\\\/2018\\\/09\\\/Apple-event.png\",\"contentUrl\":\"https:\\\/\\\/pcspezialist.de\\\/blog\\\/wp-content\\\/uploads\\\/2018\\\/09\\\/Apple-event.png\",\"width\":1189,\"height\":568,\"caption\":\"Apple-Event 2018 - neue Apple Watch - Apple Keynote - Apple Neuheiten. Foto: Screenshot\"},{\"@type\":\"BreadcrumbList\",\"@id\":\"https:\\\/\\\/pcspezialist.de\\\/blog\\\/2018\\\/09\\\/13\\\/apple-event-2018\\\/#breadcrumb\",\"itemListElement\":[{\"@type\":\"ListItem\",\"position\":1,\"name\":\"Startseite\",\"item\":\"https:\\\/\\\/pcspezialist.de\\\/blog\\\/\"},{\"@type\":\"ListItem\",\"position\":2,\"name\":\"Apple-Event 2018 ## Apple stellt iPhones und neue Apple Watch vor\"}]},{\"@type\":\"WebSite\",\"@id\":\"https:\\\/\\\/pcspezialist.de\\\/blog\\\/#website\",\"url\":\"https:\\\/\\\/pcspezialist.de\\\/blog\\\/\",\"name\":\"PC-SPEZIALIST Blog\",\"description\":\"IT-Service, Trends &amp; Technik\",\"potentialAction\":[{\"@type\":\"SearchAction\",\"target\":{\"@type\":\"EntryPoint\",\"urlTemplate\":\"https:\\\/\\\/pcspezialist.de\\\/blog\\\/?s={search_term_string}\"},\"query-input\":{\"@type\":\"PropertyValueSpecification\",\"valueRequired\":true,\"valueName\":\"search_term_string\"}}],\"inLanguage\":\"de\"},{\"@type\":\"Person\",\"@id\":\"https:\\\/\\\/pcspezialist.de\\\/blog\\\/#\\\/schema\\\/person\\\/e9cb801a8b8ea9138af26a02b8b6d14f\",\"name\":\"Maren Keller\",\"description\":\"PC-SPEZIALIST ist eine Marke der in Schlo\u00df Holte ans\u00e4ssigen SYNAXON. Seit 2016 arbeitet Maren Keller f\u00fcr den PC-SPEZIALIST-Blog. Gestartet als Online-Redakteurin ist sie mittlerweile Content Marketing Managerin und tr\u00e4gt unter anderem die Verantwortung f\u00fcr die Inhalte des Blogs. In den Jahren 2017 und 2020 hat sie parallel f\u00fcr den Blog des IT-SERVICE.NETWORK geschrieben. Die studierte Germanistin und Politologin hat einen Sp\u00fcrsinn f\u00fcr aktuelle Bedrohungen im IT-Bereich entwickelt und versteht es, das Fachwissen von PC-SPEZIALIST dem Leser verst\u00e4ndlich darzubieten. Nicht zu verleugnen ist allerdings ihre Ungeduld, die sich in flinken Fingern auf der Tastatur zeigt und gleichzeitig f\u00fcr einen hohen Output sorgt. Ihre journalistische Karriere begann Maren Keller Mitte der 1990er Jahre mit dem Verfassen von Sportberichten f\u00fcr die Regionalseiten ihrer Heimatzeitung in Bremerhaven. Nach dem Studium in Hannover, das von zahlreichen Praktika bei Funk, Fernsehen und Zeitung begleitet wurde, kehrte sie f\u00fcr ein journalistisches Volontariat in ihre Heimat zur\u00fcck, um bei der NORDSEE-ZEITUNG den Beruf des Redakteurs von der Pike auf zu lernen und anschlie\u00dfend in der Sportredaktion zu arbeiten. W\u00e4hrend ihrer Elternzeiten und beruflich bedingten Umz\u00fcgen arbeitete sie als freie Journalistin f\u00fcr verschiedene Tageszeitungen und fand 2016 den Weg zur SYNAXON, wo sie heute als Content Marketing Managerin in Lohn und Brot steht. In ihrer Freizeit zeigt sie ihr Talent f\u00fcr\u2019s Schreiben nicht. Stattdessen liegen ihre Schwerpunkt dort im Bereich Haus, Familie, Garten und Hund. Au\u00dferdem ist sie musikalisch unterwegs, bl\u00e4st das Jagdhorn in einem Bl\u00e4serkorps, spielt Klavier und singt im Chor. Sie haben Fragen an Maren Keller? Sie erreichen sie per E-Mail an redaktion@pcspezialist.de\",\"url\":\"https:\\\/\\\/pcspezialist.de\\\/blog\\\/author\\\/maren\\\/\"}]}<\/script>\n<!-- \/ Yoast SEO plugin. -->","yoast_head_json":{"title":"Apple-Event 2018 \u2013 Apple stellt iPhones und neue Apple Watch vor","description":"Gleich drei neue iPhone-Modelle wurden auf dem Apple-Event 2018 pr\u00e4sentiert. Au\u00dferdem eine neue Apple-Watch. Alle Infos zur Apple Keynote bei uns.","robots":{"index":"index","follow":"follow","max-snippet":"max-snippet:-1","max-image-preview":"max-image-preview:large","max-video-preview":"max-video-preview:-1"},"canonical":"https:\/\/pcspezialist.de\/blog\/2018\/09\/13\/apple-event-2018\/","og_locale":"de_DE","og_type":"article","og_title":"Apple-Event 2018 \u2013 Apple stellt iPhones und neue Apple Watch vor","og_description":"Gleich drei neue iPhone-Modelle wurden auf dem Apple-Event 2018 pr\u00e4sentiert. Au\u00dferdem eine neue Apple-Watch. Alle Infos zur Apple Keynote bei uns.","og_url":"https:\/\/pcspezialist.de\/blog\/2018\/09\/13\/apple-event-2018\/","og_site_name":"PC-SPEZIALIST Blog","article_published_time":"2018-09-13T10:27:39+00:00","article_modified_time":"2024-11-06T10:46:59+00:00","og_image":[{"width":1189,"height":568,"url":"https:\/\/pcspezialist.de\/blog\/wp-content\/uploads\/2018\/09\/Apple-event.png","type":"image\/png"}],"author":"Maren Keller","twitter_card":"summary_large_image","twitter_misc":{"Verfasst von":"Maren Keller","Gesch\u00e4tzte Lesezeit":"4\u00a0Minuten"},"schema":{"@context":"https:\/\/schema.org","@graph":[{"@type":"Article","@id":"https:\/\/pcspezialist.de\/blog\/2018\/09\/13\/apple-event-2018\/#article","isPartOf":{"@id":"https:\/\/pcspezialist.de\/blog\/2018\/09\/13\/apple-event-2018\/"},"author":{"name":"Maren Keller","@id":"https:\/\/pcspezialist.de\/blog\/#\/schema\/person\/e9cb801a8b8ea9138af26a02b8b6d14f"},"headline":"Apple-Event 2018 ## Apple stellt iPhones und neue Apple Watch vor","datePublished":"2018-09-13T10:27:39+00:00","dateModified":"2024-11-06T10:46:59+00:00","mainEntityOfPage":{"@id":"https:\/\/pcspezialist.de\/blog\/2018\/09\/13\/apple-event-2018\/"},"wordCount":887,"commentCount":1,"image":{"@id":"https:\/\/pcspezialist.de\/blog\/2018\/09\/13\/apple-event-2018\/#primaryimage"},"thumbnailUrl":"https:\/\/pcspezialist.de\/blog\/wp-content\/uploads\/2018\/09\/Apple-event.png","keywords":["Apple","iOS","Internet der Dinge"],"articleSection":["Verschiedenes"],"inLanguage":"de","potentialAction":[{"@type":"CommentAction","name":"Comment","target":["https:\/\/pcspezialist.de\/blog\/2018\/09\/13\/apple-event-2018\/#respond"]}]},{"@type":"WebPage","@id":"https:\/\/pcspezialist.de\/blog\/2018\/09\/13\/apple-event-2018\/","url":"https:\/\/pcspezialist.de\/blog\/2018\/09\/13\/apple-event-2018\/","name":"Apple-Event 2018 \u2013 Apple stellt iPhones und neue Apple Watch vor","isPartOf":{"@id":"https:\/\/pcspezialist.de\/blog\/#website"},"primaryImageOfPage":{"@id":"https:\/\/pcspezialist.de\/blog\/2018\/09\/13\/apple-event-2018\/#primaryimage"},"image":{"@id":"https:\/\/pcspezialist.de\/blog\/2018\/09\/13\/apple-event-2018\/#primaryimage"},"thumbnailUrl":"https:\/\/pcspezialist.de\/blog\/wp-content\/uploads\/2018\/09\/Apple-event.png","datePublished":"2018-09-13T10:27:39+00:00","dateModified":"2024-11-06T10:46:59+00:00","author":{"@id":"https:\/\/pcspezialist.de\/blog\/#\/schema\/person\/e9cb801a8b8ea9138af26a02b8b6d14f"},"description":"Gleich drei neue iPhone-Modelle wurden auf dem Apple-Event 2018 pr\u00e4sentiert. Au\u00dferdem eine neue Apple-Watch. Alle Infos zur Apple Keynote bei uns.","breadcrumb":{"@id":"https:\/\/pcspezialist.de\/blog\/2018\/09\/13\/apple-event-2018\/#breadcrumb"},"inLanguage":"de","potentialAction":[{"@type":"ReadAction","target":["https:\/\/pcspezialist.de\/blog\/2018\/09\/13\/apple-event-2018\/"]}]},{"@type":"ImageObject","inLanguage":"de","@id":"https:\/\/pcspezialist.de\/blog\/2018\/09\/13\/apple-event-2018\/#primaryimage","url":"https:\/\/pcspezialist.de\/blog\/wp-content\/uploads\/2018\/09\/Apple-event.png","contentUrl":"https:\/\/pcspezialist.de\/blog\/wp-content\/uploads\/2018\/09\/Apple-event.png","width":1189,"height":568,"caption":"Apple-Event 2018 - neue Apple Watch - Apple Keynote - Apple Neuheiten. Foto: Screenshot"},{"@type":"BreadcrumbList","@id":"https:\/\/pcspezialist.de\/blog\/2018\/09\/13\/apple-event-2018\/#breadcrumb","itemListElement":[{"@type":"ListItem","position":1,"name":"Startseite","item":"https:\/\/pcspezialist.de\/blog\/"},{"@type":"ListItem","position":2,"name":"Apple-Event 2018 ## Apple stellt iPhones und neue Apple Watch vor"}]},{"@type":"WebSite","@id":"https:\/\/pcspezialist.de\/blog\/#website","url":"https:\/\/pcspezialist.de\/blog\/","name":"PC-SPEZIALIST Blog","description":"IT-Service, Trends &amp; Technik","potentialAction":[{"@type":"SearchAction","target":{"@type":"EntryPoint","urlTemplate":"https:\/\/pcspezialist.de\/blog\/?s={search_term_string}"},"query-input":{"@type":"PropertyValueSpecification","valueRequired":true,"valueName":"search_term_string"}}],"inLanguage":"de"},{"@type":"Person","@id":"https:\/\/pcspezialist.de\/blog\/#\/schema\/person\/e9cb801a8b8ea9138af26a02b8b6d14f","name":"Maren Keller","description":"PC-SPEZIALIST ist eine Marke der in Schlo\u00df Holte ans\u00e4ssigen SYNAXON. Seit 2016 arbeitet Maren Keller f\u00fcr den PC-SPEZIALIST-Blog. Gestartet als Online-Redakteurin ist sie mittlerweile Content Marketing Managerin und tr\u00e4gt unter anderem die Verantwortung f\u00fcr die Inhalte des Blogs. In den Jahren 2017 und 2020 hat sie parallel f\u00fcr den Blog des IT-SERVICE.NETWORK geschrieben. Die studierte Germanistin und Politologin hat einen Sp\u00fcrsinn f\u00fcr aktuelle Bedrohungen im IT-Bereich entwickelt und versteht es, das Fachwissen von PC-SPEZIALIST dem Leser verst\u00e4ndlich darzubieten. Nicht zu verleugnen ist allerdings ihre Ungeduld, die sich in flinken Fingern auf der Tastatur zeigt und gleichzeitig f\u00fcr einen hohen Output sorgt. Ihre journalistische Karriere begann Maren Keller Mitte der 1990er Jahre mit dem Verfassen von Sportberichten f\u00fcr die Regionalseiten ihrer Heimatzeitung in Bremerhaven. Nach dem Studium in Hannover, das von zahlreichen Praktika bei Funk, Fernsehen und Zeitung begleitet wurde, kehrte sie f\u00fcr ein journalistisches Volontariat in ihre Heimat zur\u00fcck, um bei der NORDSEE-ZEITUNG den Beruf des Redakteurs von der Pike auf zu lernen und anschlie\u00dfend in der Sportredaktion zu arbeiten. W\u00e4hrend ihrer Elternzeiten und beruflich bedingten Umz\u00fcgen arbeitete sie als freie Journalistin f\u00fcr verschiedene Tageszeitungen und fand 2016 den Weg zur SYNAXON, wo sie heute als Content Marketing Managerin in Lohn und Brot steht. In ihrer Freizeit zeigt sie ihr Talent f\u00fcr\u2019s Schreiben nicht. Stattdessen liegen ihre Schwerpunkt dort im Bereich Haus, Familie, Garten und Hund. Au\u00dferdem ist sie musikalisch unterwegs, bl\u00e4st das Jagdhorn in einem Bl\u00e4serkorps, spielt Klavier und singt im Chor. Sie haben Fragen an Maren Keller? Sie erreichen sie per E-Mail an redaktion@pcspezialist.de","url":"https:\/\/pcspezialist.de\/blog\/author\/maren\/"}]}},"_links":{"self":[{"href":"https:\/\/pcspezialist.de\/blog\/wp-json\/wp\/v2\/posts\/41764","targetHints":{"allow":["GET"]}}],"collection":[{"href":"https:\/\/pcspezialist.de\/blog\/wp-json\/wp\/v2\/posts"}],"about":[{"href":"https:\/\/pcspezialist.de\/blog\/wp-json\/wp\/v2\/types\/post"}],"author":[{"embeddable":true,"href":"https:\/\/pcspezialist.de\/blog\/wp-json\/wp\/v2\/users\/98"}],"replies":[{"embeddable":true,"href":"https:\/\/pcspezialist.de\/blog\/wp-json\/wp\/v2\/comments?post=41764"}],"version-history":[{"count":15,"href":"https:\/\/pcspezialist.de\/blog\/wp-json\/wp\/v2\/posts\/41764\/revisions"}],"predecessor-version":[{"id":41781,"href":"https:\/\/pcspezialist.de\/blog\/wp-json\/wp\/v2\/posts\/41764\/revisions\/41781"}],"wp:featuredmedia":[{"embeddable":true,"href":"https:\/\/pcspezialist.de\/blog\/wp-json\/wp\/v2\/media\/41765"}],"wp:attachment":[{"href":"https:\/\/pcspezialist.de\/blog\/wp-json\/wp\/v2\/media?parent=41764"}],"wp:term":[{"taxonomy":"category","embeddable":true,"href":"https:\/\/pcspezialist.de\/blog\/wp-json\/wp\/v2\/categories?post=41764"},{"taxonomy":"post_tag","embeddable":true,"href":"https:\/\/pcspezialist.de\/blog\/wp-json\/wp\/v2\/tags?post=41764"}],"curies":[{"name":"wp","href":"https:\/\/api.w.org\/{rel}","templated":true}]}}