{"id":40003,"date":"2018-04-24T12:15:45","date_gmt":"2018-04-24T10:15:45","guid":{"rendered":"https:\/\/www.pcspezialist.de\/blog\/?p=40003"},"modified":"2024-03-22T08:23:48","modified_gmt":"2024-03-22T07:23:48","slug":"facebook-scan-suizidpraevention","status":"publish","type":"post","link":"https:\/\/pcspezialist.de\/blog\/2018\/04\/24\/facebook-scan-suizidpraevention\/","title":{"rendered":"Facebook-Scan zur Suizidpr\u00e4vention ## K\u00fcnstliche Intelligenz soll Selbstmord verhindern"},"content":{"rendered":"<p><strong>Wisst ihr schon, dass Facebook unsere Leben retten m\u00f6chte? Und zwar mithilfe einer k\u00fcnstlichen Intelligenz und dem Facebook-Scan. Nach den vielen miesen Nachrichten \u00fcber Facebook kommt endlich mal was Gutes. Oder doch nicht?<\/strong><\/p>\n<p>Wir erkl\u00e4ren euch, was Facebook plant und wie der Konzern damit Selbstmorde verhindern will.<\/p>\n<p><!--more--><\/p>\n<h3>Facebook als Suizidpr\u00e4vention?<\/h3>\n<p>Stellt euch vor, euren besten Freund plagen Selbstmordgedanken. F\u00fcr ihn scheint sein Leben sinnlos zu sein. Er will es beenden. Dar\u00fcber gesprochen hat euer Freund mit euch aber nicht. W\u00e4re es nicht toll, wenn Facebook diesen Part \u00fcbernehmen w\u00fcrde und euch rechtzeitig warnen k\u00f6nnte? Facebook als <strong>Suizidpr\u00e4vention<\/strong>? H\u00f6rt sich doch erst einmal gut an, aber wie immer hat die Medaille zwei Seiten.<\/p>\n<p>Eins ist aber sicher:\u00a0 Nach den j\u00fcngsten Skandalen um <a href=\"https:\/\/pcspezialist.de\/blog\/2018\/03\/21\/deletefacebook-datenmissbrauch\/\">Datenklau<\/a>, <a href=\"https:\/\/pcspezialist.de\/blog\/2018\/03\/27\/datendiebstahl-bei-facebook\/\">Sammeln von Telefoninformationen<\/a>, <a href=\"https:\/\/pcspezialist.de\/blog\/2017\/10\/25\/youtube-link\/\">Links mit Viren<\/a> und immer wiederkehrenden <a href=\"https:\/\/pcspezialist.de\/blog\/2018\/04\/11\/audi-gewinnspiel-auf-facebook\/\" target=\"_blank\" rel=\"noopener\">Schein-Gewinnspielen<\/a>, bei denen nur eure Daten geklaut werden sollen, muss Facebook etwas \u00e4ndern. Denn das Vertrauen der Nutzer, dass Daten bei Facebook sicher und gesch\u00fctzt sind, sinkt.<\/p>\n<p>Begriffe wie\u00a0<strong>Datenschutz und Datensicherheit<\/strong>\u00a0scheinen bei Facebook oftmals nicht mehr als leere Formeln zu sein. Und dass Facebook richtig viel von euch wei\u00df, kann kaum noch \u00fcberraschen. Jeder Like, jeder Kommentar, jedes Teilen\u00a0\u2013 alles\u00a0registriert und speichert Facebook und verwendet es gegebenenfalls weiter.<\/p>\n<div id=\"attachment_40004\" style=\"width: 710px\" class=\"wp-caption aligncenter\"><img loading=\"lazy\" decoding=\"async\" aria-describedby=\"caption-attachment-40004\" class=\"size-medium wp-image-40004\" src=\"https:\/\/pcspezialist.de\/blog\/wp-content\/uploads\/2018\/04\/facebook-scan-2-700x419.jpg\" alt=\"Facebook-Scan - Suizidpr\u00e4vention - k\u00fcnstliche Intelligenz. Foto: Pixabay\" width=\"700\" height=\"419\" srcset=\"https:\/\/pcspezialist.de\/blog\/wp-content\/uploads\/2018\/04\/facebook-scan-2-700x419.jpg 700w, https:\/\/pcspezialist.de\/blog\/wp-content\/uploads\/2018\/04\/facebook-scan-2-768x460.jpg 768w, https:\/\/pcspezialist.de\/blog\/wp-content\/uploads\/2018\/04\/facebook-scan-2-1170x700.jpg 1170w, https:\/\/pcspezialist.de\/blog\/wp-content\/uploads\/2018\/04\/facebook-scan-2.jpg 1280w\" sizes=\"auto, (max-width: 700px) 100vw, 700px\" \/><p id=\"caption-attachment-40004\" class=\"wp-caption-text\">Mit dem Facebook-Scan will der Konzern Selbstmorde verhindern. Foto: Pixabay<\/p><\/div>\n<h3>Facebook-Scan\u00a0\u2013 was ist das?<\/h3>\n<p>Was genau ist der <strong>Facebook-Scan<\/strong> und wie plant der Konzern die Umsetzung der <strong>Suizidpr\u00e4vention<\/strong>? Klingelt die Polizei demn\u00e4chst an eurer T\u00fcr, nur weil ihr in einem Post schreibt, dass ihr traurig seid? Oder will Facebook all eure Kontakte informieren, wenn ihr ungewohnterweise nicht st\u00e4ndig und immer online seid? Dar\u00fcber schweigt sich Facebook aus.<\/p>\n<p>Facebook-Chef Mark Zuckerberg betont nur, dass man auf seine Algorithmen stolz sei. Und anl\u00e4sslich der Einf\u00fchrung des Suizid-Warnsystems sagte er: Bei allen \u00c4ngsten vor den Gefahren k\u00fcnstlicher Intelligenz in der Zukunft sei es gut, sich daran zu erinnern, dass k\u00fcnstliche Intelligenz heute schon dabei hilft, das Leben von Menschen zu retten.<\/p>\n<p>Allerdings ist es noch etwas anderes, wenn ein Roboter eine OP durchf\u00fchrt, weil er exakter arbeiten kann, als wenn Facebook den Gem\u00fctszustand all seiner Nutzer generell \u00fcberwacht.<\/p>\n<h3>Wie funktioniert der Facebook-Scan?<\/h3>\n<p>Aber wie funktioniert der <strong>Facebook-Scan<\/strong> genau?\u00a0Facebook scannt den Gem\u00fctszustand seiner Nutzer automatisch. Erkennt das System auf Basis einer <strong>k\u00fcnstlichen Intelligenz<\/strong>\u00a0Hinweise auf Selbstmordabsichten, schreitet es ein. Daf\u00fcr arbeitet ein weltweit operierendes Facebook-Team rund um die Uhr in enger Zusammenarbeit mit nationalen Organisationen wie Telefonseelsorgen, betont Facebook-Chef Zuckerberg. Bemerkt dieses Team Auff\u00e4lligkeiten, schalten sie die nationalen Organisationen ein und erhalten daraufhin\u00a0Selbsthilfe-Materialien sowie Kontaktadressen.<\/p>\n<p>Das Unternehmen verschweigt allerdings, welche Kriterien dem Algorithmus zugrunde liegen. Reicht ein Post mit den Worten \u201eIch bin todtraurig\u201c aus, um die Hilfswelle ins Rollen zu bringen? Oder m\u00fcsst ihr doch konkrete Post schreiben?<\/p>\n<p>Fest steht, dass Zuckerberg davon \u00fcberzeugt zu sein scheint, dass <strong>k\u00fcnstliche Intelligenz<\/strong> alle Probleme der Menschheit heilen kann \u2013 sogar psychische Ausnahmezust\u00e4nde. Bedenken gibt es bereits, sogar im\u00a0sonst so fortschrittsgl\u00e4ubigen Silicon Valley.\u00a0Doch davon l\u00e4sst sich Zuckerberg nicht beirren: \u201eWenn wir mit Hilfe von <strong>k\u00fcnstlicher Intelligenz<\/strong>\u00a0Menschen helfen k\u00f6nnen, f\u00fcr ihre Familien und Freunde da zu sein, dann ist das ein wichtiger und positiver Schritt nach vorne\u201c, sagt er \u00fcber die Suizid-Pr\u00e4vention.<\/p>\n<h3>Suizidpr\u00e4vention greift in Europa nicht<\/h3>\n<p>In Europa mit seinen strengen Datenschutzvorschriften greift die <strong>Suizidpr\u00e4vention<\/strong>\u00a0nicht. Zwar gibt es den <strong>Facebook-Scan<\/strong>, allerdings l\u00f6sche Facebook die algorithmisch erstellten Einsch\u00e4tzungen angeblich nach 30 Tagen. Daten aus Vorf\u00e4llen, bei denen Beh\u00f6rden eingeschaltet wurden, w\u00fcrden nicht mit den Nutzerdaten verkn\u00fcpft, schreibt das Portal <a href=\"https:\/\/netzpolitik.org\/\" target=\"_blank\" rel=\"noopener\">Netzpolitik<\/a>.<\/p>\n<p>Worum geht es Facebook mit seiner <strong>Suizidpr\u00e4vention<\/strong> wirklich?\u00a0Diplompsychologe Georg Fiedler h\u00e4lt es f\u00fcr ethisch problematisch, Daten ohne Anlass zu sammeln und auf diese Art \u201eein Gesamtkataster der Weltbev\u00f6lkerung im Hinblick auf suizidale Befindlichkeiten zu erstellen\u201c, wie er gegen\u00fcber <a href=\"https:\/\/www.crn.de\/\" target=\"_blank\" rel=\"noopener\">CRN<\/a>\u00a0sagt. Sinnvoller und wesentlich besser w\u00e4re es, wenn Facebook betroffenen Menschen Hinweise im Sinne eines \u201ePr\u00e4ventive Advertising\u201c einblenden w\u00fcrde, an wen sie sich wenden k\u00f6nnen. Ein total \u00fcberwachtes Medium wie es Facebook mit dem <strong>Facebook-Scan<\/strong> sei sowie drohende Vor-Ort-Eins\u00e4tze w\u00fcrden suizidgef\u00e4hrdete Menschen aber eher meiden. \u201eSie wollen mit jemandem sprechen und nicht pl\u00f6tzlich die Polizei vor ihrem Haus stehen haben. Autonomie \u00fcber ihr Leben zu haben, ist diesen Menschen oft wichtig\u201c, betont Fiedler.<\/p>\n<h3>Facebook-Scan und die Gefahren<\/h3>\n<p>Was Facebook-Chef Zuckerberg scheinbar vergisst: Facebook m\u00f6chte gern jedermanns Chronik eines sch\u00f6nen Lebens sein. Dass zunehmende Vereinsamung in sozialen Netzwerken und Mobbing vor allem bei j\u00fcngeren Facebook-Nutzern erhebliche Gefahren sind, die durchaus im Suizid enden k\u00f6nnen, ignoriert Zuckerberg dagegen.<\/p>\n<p>So scheint der massenhafte <strong>Facebook-Scan<\/strong> doch wieder nur eins zu sein: Er rechtfertigt, dass noch mehr Daten von euch gespeichert werden. Eine \u00e4hnlich absurde Idee von Facebook war, dass ihr eure <a href=\"https:\/\/pcspezialist.de\/blog\/2017\/11\/13\/facebook-nacktbilder-racheporno\/\" target=\"_blank\" rel=\"noopener\">Nacktbilder an den Konzern<\/a> schickt, um so Rachepornos zu verhindern. Wir haben dar\u00fcber berichtet. Jetzt will Facebook also Selbstmorde verhindern. Ob&#8217;s klappt oder ob Datensch\u00fctzer gegen den breit gef\u00e4cherten <strong>Facebook-Scan<\/strong> Sturm laufen, wird sich zeigen.<\/p>\n<p>Was haltet ihr vom <strong>Facebook-Scan<\/strong>? Sinnvoll oder nicht? Schreibt eure Meinung gern in unsere Kommentare.<\/p>\n","protected":false},"excerpt":{"rendered":"<p>Wisst ihr schon, dass Facebook unsere Leben retten m\u00f6chte? Und zwar mithilfe einer k\u00fcnstlichen Intelligenz und dem Facebook-Scan. Nach den vielen miesen Nachrichten \u00fcber Facebook kommt endlich mal was Gutes. Oder doch nicht? Wir erkl\u00e4ren euch, was Facebook plant und wie der Konzern damit Selbstmorde verhindern will.<\/p>\n","protected":false},"author":98,"featured_media":40005,"comment_status":"open","ping_status":"closed","sticky":false,"template":"","format":"standard","meta":{"footnotes":""},"categories":[6913],"tags":[1088,1250,9870,9956],"class_list":["post-40003","post","type-post","status-publish","format-standard","has-post-thumbnail","hentry","category-verschiedenes","tag-facebook","tag-social-media","tag-kuenstliche-intelligenz","tag-nutzerdaten"],"yoast_head":"<!-- This site is optimized with the Yoast SEO plugin v27.5 - https:\/\/yoast.com\/product\/yoast-seo-wordpress\/ -->\n<title>Facebook-Scan \u2013 K\u00fcnstliche Intelligenz als Suizidpr\u00e4vention<\/title>\n<meta name=\"description\" content=\"Eine k\u00fcnstliche Intelligenz soll Selbstmmordgedanken auf Facebook erraten. Was es mit dem Facebook-Scan auf sich hat, erfahrt ihr bei uns.\" \/>\n<meta name=\"robots\" content=\"index, follow, max-snippet:-1, max-image-preview:large, max-video-preview:-1\" \/>\n<link rel=\"canonical\" href=\"https:\/\/pcspezialist.de\/blog\/2018\/04\/24\/facebook-scan-suizidpraevention\/\" \/>\n<meta property=\"og:locale\" content=\"de_DE\" \/>\n<meta property=\"og:type\" content=\"article\" \/>\n<meta property=\"og:title\" content=\"Facebook-Scan \u2013 K\u00fcnstliche Intelligenz als Suizidpr\u00e4vention\" \/>\n<meta property=\"og:description\" content=\"Eine k\u00fcnstliche Intelligenz soll Selbstmmordgedanken auf Facebook erraten. Was es mit dem Facebook-Scan auf sich hat, erfahrt ihr bei uns.\" \/>\n<meta property=\"og:url\" content=\"https:\/\/pcspezialist.de\/blog\/2018\/04\/24\/facebook-scan-suizidpraevention\/\" \/>\n<meta property=\"og:site_name\" content=\"PC-SPEZIALIST Blog\" \/>\n<meta property=\"article:published_time\" content=\"2018-04-24T10:15:45+00:00\" \/>\n<meta property=\"article:modified_time\" content=\"2024-03-22T07:23:48+00:00\" \/>\n<meta property=\"og:image\" content=\"https:\/\/pcspezialist.de\/blog\/wp-content\/uploads\/2018\/04\/facebook-scan.jpg\" \/>\n\t<meta property=\"og:image:width\" content=\"1280\" \/>\n\t<meta property=\"og:image:height\" content=\"800\" \/>\n\t<meta property=\"og:image:type\" content=\"image\/jpeg\" \/>\n<meta name=\"author\" content=\"Maren Keller\" \/>\n<meta name=\"twitter:card\" content=\"summary_large_image\" \/>\n<meta name=\"twitter:label1\" content=\"Verfasst von\" \/>\n\t<meta name=\"twitter:data1\" content=\"Maren Keller\" \/>\n\t<meta name=\"twitter:label2\" content=\"Gesch\u00e4tzte Lesezeit\" \/>\n\t<meta name=\"twitter:data2\" content=\"4\u00a0Minuten\" \/>\n<script type=\"application\/ld+json\" class=\"yoast-schema-graph\">{\"@context\":\"https:\\\/\\\/schema.org\",\"@graph\":[{\"@type\":\"Article\",\"@id\":\"https:\\\/\\\/pcspezialist.de\\\/blog\\\/2018\\\/04\\\/24\\\/facebook-scan-suizidpraevention\\\/#article\",\"isPartOf\":{\"@id\":\"https:\\\/\\\/pcspezialist.de\\\/blog\\\/2018\\\/04\\\/24\\\/facebook-scan-suizidpraevention\\\/\"},\"author\":{\"name\":\"Maren Keller\",\"@id\":\"https:\\\/\\\/pcspezialist.de\\\/blog\\\/#\\\/schema\\\/person\\\/e9cb801a8b8ea9138af26a02b8b6d14f\"},\"headline\":\"Facebook-Scan zur Suizidpr\u00e4vention ## K\u00fcnstliche Intelligenz soll Selbstmord verhindern\",\"datePublished\":\"2018-04-24T10:15:45+00:00\",\"dateModified\":\"2024-03-22T07:23:48+00:00\",\"mainEntityOfPage\":{\"@id\":\"https:\\\/\\\/pcspezialist.de\\\/blog\\\/2018\\\/04\\\/24\\\/facebook-scan-suizidpraevention\\\/\"},\"wordCount\":889,\"commentCount\":0,\"image\":{\"@id\":\"https:\\\/\\\/pcspezialist.de\\\/blog\\\/2018\\\/04\\\/24\\\/facebook-scan-suizidpraevention\\\/#primaryimage\"},\"thumbnailUrl\":\"https:\\\/\\\/pcspezialist.de\\\/blog\\\/wp-content\\\/uploads\\\/2018\\\/04\\\/facebook-scan.jpg\",\"keywords\":[\"Facebook\",\"Social Media\",\"K\u00fcnstliche Intelligenz (KI)\",\"Nutzerdaten\"],\"articleSection\":[\"Verschiedenes\"],\"inLanguage\":\"de\",\"potentialAction\":[{\"@type\":\"CommentAction\",\"name\":\"Comment\",\"target\":[\"https:\\\/\\\/pcspezialist.de\\\/blog\\\/2018\\\/04\\\/24\\\/facebook-scan-suizidpraevention\\\/#respond\"]}]},{\"@type\":\"WebPage\",\"@id\":\"https:\\\/\\\/pcspezialist.de\\\/blog\\\/2018\\\/04\\\/24\\\/facebook-scan-suizidpraevention\\\/\",\"url\":\"https:\\\/\\\/pcspezialist.de\\\/blog\\\/2018\\\/04\\\/24\\\/facebook-scan-suizidpraevention\\\/\",\"name\":\"Facebook-Scan \u2013 K\u00fcnstliche Intelligenz als Suizidpr\u00e4vention\",\"isPartOf\":{\"@id\":\"https:\\\/\\\/pcspezialist.de\\\/blog\\\/#website\"},\"primaryImageOfPage\":{\"@id\":\"https:\\\/\\\/pcspezialist.de\\\/blog\\\/2018\\\/04\\\/24\\\/facebook-scan-suizidpraevention\\\/#primaryimage\"},\"image\":{\"@id\":\"https:\\\/\\\/pcspezialist.de\\\/blog\\\/2018\\\/04\\\/24\\\/facebook-scan-suizidpraevention\\\/#primaryimage\"},\"thumbnailUrl\":\"https:\\\/\\\/pcspezialist.de\\\/blog\\\/wp-content\\\/uploads\\\/2018\\\/04\\\/facebook-scan.jpg\",\"datePublished\":\"2018-04-24T10:15:45+00:00\",\"dateModified\":\"2024-03-22T07:23:48+00:00\",\"author\":{\"@id\":\"https:\\\/\\\/pcspezialist.de\\\/blog\\\/#\\\/schema\\\/person\\\/e9cb801a8b8ea9138af26a02b8b6d14f\"},\"description\":\"Eine k\u00fcnstliche Intelligenz soll Selbstmmordgedanken auf Facebook erraten. Was es mit dem Facebook-Scan auf sich hat, erfahrt ihr bei uns.\",\"breadcrumb\":{\"@id\":\"https:\\\/\\\/pcspezialist.de\\\/blog\\\/2018\\\/04\\\/24\\\/facebook-scan-suizidpraevention\\\/#breadcrumb\"},\"inLanguage\":\"de\",\"potentialAction\":[{\"@type\":\"ReadAction\",\"target\":[\"https:\\\/\\\/pcspezialist.de\\\/blog\\\/2018\\\/04\\\/24\\\/facebook-scan-suizidpraevention\\\/\"]}]},{\"@type\":\"ImageObject\",\"inLanguage\":\"de\",\"@id\":\"https:\\\/\\\/pcspezialist.de\\\/blog\\\/2018\\\/04\\\/24\\\/facebook-scan-suizidpraevention\\\/#primaryimage\",\"url\":\"https:\\\/\\\/pcspezialist.de\\\/blog\\\/wp-content\\\/uploads\\\/2018\\\/04\\\/facebook-scan.jpg\",\"contentUrl\":\"https:\\\/\\\/pcspezialist.de\\\/blog\\\/wp-content\\\/uploads\\\/2018\\\/04\\\/facebook-scan.jpg\",\"width\":1280,\"height\":800,\"caption\":\"Facebook-Scan - Suizidpr\u00e4vention - k\u00fcnstliche Intelligenz. Foto: Pixabay\"},{\"@type\":\"BreadcrumbList\",\"@id\":\"https:\\\/\\\/pcspezialist.de\\\/blog\\\/2018\\\/04\\\/24\\\/facebook-scan-suizidpraevention\\\/#breadcrumb\",\"itemListElement\":[{\"@type\":\"ListItem\",\"position\":1,\"name\":\"Startseite\",\"item\":\"https:\\\/\\\/pcspezialist.de\\\/blog\\\/\"},{\"@type\":\"ListItem\",\"position\":2,\"name\":\"Facebook-Scan zur Suizidpr\u00e4vention ## K\u00fcnstliche Intelligenz soll Selbstmord verhindern\"}]},{\"@type\":\"WebSite\",\"@id\":\"https:\\\/\\\/pcspezialist.de\\\/blog\\\/#website\",\"url\":\"https:\\\/\\\/pcspezialist.de\\\/blog\\\/\",\"name\":\"PC-SPEZIALIST Blog\",\"description\":\"IT-Service, Trends &amp; Technik\",\"potentialAction\":[{\"@type\":\"SearchAction\",\"target\":{\"@type\":\"EntryPoint\",\"urlTemplate\":\"https:\\\/\\\/pcspezialist.de\\\/blog\\\/?s={search_term_string}\"},\"query-input\":{\"@type\":\"PropertyValueSpecification\",\"valueRequired\":true,\"valueName\":\"search_term_string\"}}],\"inLanguage\":\"de\"},{\"@type\":\"Person\",\"@id\":\"https:\\\/\\\/pcspezialist.de\\\/blog\\\/#\\\/schema\\\/person\\\/e9cb801a8b8ea9138af26a02b8b6d14f\",\"name\":\"Maren Keller\",\"description\":\"PC-SPEZIALIST ist eine Marke der in Schlo\u00df Holte ans\u00e4ssigen SYNAXON. Seit 2016 arbeitet Maren Keller f\u00fcr den PC-SPEZIALIST-Blog. Gestartet als Online-Redakteurin ist sie mittlerweile Content Marketing Managerin und tr\u00e4gt unter anderem die Verantwortung f\u00fcr die Inhalte des Blogs. In den Jahren 2017 und 2020 hat sie parallel f\u00fcr den Blog des IT-SERVICE.NETWORK geschrieben. Die studierte Germanistin und Politologin hat einen Sp\u00fcrsinn f\u00fcr aktuelle Bedrohungen im IT-Bereich entwickelt und versteht es, das Fachwissen von PC-SPEZIALIST dem Leser verst\u00e4ndlich darzubieten. Nicht zu verleugnen ist allerdings ihre Ungeduld, die sich in flinken Fingern auf der Tastatur zeigt und gleichzeitig f\u00fcr einen hohen Output sorgt. Ihre journalistische Karriere begann Maren Keller Mitte der 1990er Jahre mit dem Verfassen von Sportberichten f\u00fcr die Regionalseiten ihrer Heimatzeitung in Bremerhaven. Nach dem Studium in Hannover, das von zahlreichen Praktika bei Funk, Fernsehen und Zeitung begleitet wurde, kehrte sie f\u00fcr ein journalistisches Volontariat in ihre Heimat zur\u00fcck, um bei der NORDSEE-ZEITUNG den Beruf des Redakteurs von der Pike auf zu lernen und anschlie\u00dfend in der Sportredaktion zu arbeiten. W\u00e4hrend ihrer Elternzeiten und beruflich bedingten Umz\u00fcgen arbeitete sie als freie Journalistin f\u00fcr verschiedene Tageszeitungen und fand 2016 den Weg zur SYNAXON, wo sie heute als Content Marketing Managerin in Lohn und Brot steht. In ihrer Freizeit zeigt sie ihr Talent f\u00fcr\u2019s Schreiben nicht. Stattdessen liegen ihre Schwerpunkt dort im Bereich Haus, Familie, Garten und Hund. Au\u00dferdem ist sie musikalisch unterwegs, bl\u00e4st das Jagdhorn in einem Bl\u00e4serkorps, spielt Klavier und singt im Chor. Sie haben Fragen an Maren Keller? Sie erreichen sie per E-Mail an redaktion@pcspezialist.de\",\"url\":\"https:\\\/\\\/pcspezialist.de\\\/blog\\\/author\\\/maren\\\/\"}]}<\/script>\n<!-- \/ Yoast SEO plugin. -->","yoast_head_json":{"title":"Facebook-Scan \u2013 K\u00fcnstliche Intelligenz als Suizidpr\u00e4vention","description":"Eine k\u00fcnstliche Intelligenz soll Selbstmmordgedanken auf Facebook erraten. Was es mit dem Facebook-Scan auf sich hat, erfahrt ihr bei uns.","robots":{"index":"index","follow":"follow","max-snippet":"max-snippet:-1","max-image-preview":"max-image-preview:large","max-video-preview":"max-video-preview:-1"},"canonical":"https:\/\/pcspezialist.de\/blog\/2018\/04\/24\/facebook-scan-suizidpraevention\/","og_locale":"de_DE","og_type":"article","og_title":"Facebook-Scan \u2013 K\u00fcnstliche Intelligenz als Suizidpr\u00e4vention","og_description":"Eine k\u00fcnstliche Intelligenz soll Selbstmmordgedanken auf Facebook erraten. Was es mit dem Facebook-Scan auf sich hat, erfahrt ihr bei uns.","og_url":"https:\/\/pcspezialist.de\/blog\/2018\/04\/24\/facebook-scan-suizidpraevention\/","og_site_name":"PC-SPEZIALIST Blog","article_published_time":"2018-04-24T10:15:45+00:00","article_modified_time":"2024-03-22T07:23:48+00:00","og_image":[{"width":1280,"height":800,"url":"https:\/\/pcspezialist.de\/blog\/wp-content\/uploads\/2018\/04\/facebook-scan.jpg","type":"image\/jpeg"}],"author":"Maren Keller","twitter_card":"summary_large_image","twitter_misc":{"Verfasst von":"Maren Keller","Gesch\u00e4tzte Lesezeit":"4\u00a0Minuten"},"schema":{"@context":"https:\/\/schema.org","@graph":[{"@type":"Article","@id":"https:\/\/pcspezialist.de\/blog\/2018\/04\/24\/facebook-scan-suizidpraevention\/#article","isPartOf":{"@id":"https:\/\/pcspezialist.de\/blog\/2018\/04\/24\/facebook-scan-suizidpraevention\/"},"author":{"name":"Maren Keller","@id":"https:\/\/pcspezialist.de\/blog\/#\/schema\/person\/e9cb801a8b8ea9138af26a02b8b6d14f"},"headline":"Facebook-Scan zur Suizidpr\u00e4vention ## K\u00fcnstliche Intelligenz soll Selbstmord verhindern","datePublished":"2018-04-24T10:15:45+00:00","dateModified":"2024-03-22T07:23:48+00:00","mainEntityOfPage":{"@id":"https:\/\/pcspezialist.de\/blog\/2018\/04\/24\/facebook-scan-suizidpraevention\/"},"wordCount":889,"commentCount":0,"image":{"@id":"https:\/\/pcspezialist.de\/blog\/2018\/04\/24\/facebook-scan-suizidpraevention\/#primaryimage"},"thumbnailUrl":"https:\/\/pcspezialist.de\/blog\/wp-content\/uploads\/2018\/04\/facebook-scan.jpg","keywords":["Facebook","Social Media","K\u00fcnstliche Intelligenz (KI)","Nutzerdaten"],"articleSection":["Verschiedenes"],"inLanguage":"de","potentialAction":[{"@type":"CommentAction","name":"Comment","target":["https:\/\/pcspezialist.de\/blog\/2018\/04\/24\/facebook-scan-suizidpraevention\/#respond"]}]},{"@type":"WebPage","@id":"https:\/\/pcspezialist.de\/blog\/2018\/04\/24\/facebook-scan-suizidpraevention\/","url":"https:\/\/pcspezialist.de\/blog\/2018\/04\/24\/facebook-scan-suizidpraevention\/","name":"Facebook-Scan \u2013 K\u00fcnstliche Intelligenz als Suizidpr\u00e4vention","isPartOf":{"@id":"https:\/\/pcspezialist.de\/blog\/#website"},"primaryImageOfPage":{"@id":"https:\/\/pcspezialist.de\/blog\/2018\/04\/24\/facebook-scan-suizidpraevention\/#primaryimage"},"image":{"@id":"https:\/\/pcspezialist.de\/blog\/2018\/04\/24\/facebook-scan-suizidpraevention\/#primaryimage"},"thumbnailUrl":"https:\/\/pcspezialist.de\/blog\/wp-content\/uploads\/2018\/04\/facebook-scan.jpg","datePublished":"2018-04-24T10:15:45+00:00","dateModified":"2024-03-22T07:23:48+00:00","author":{"@id":"https:\/\/pcspezialist.de\/blog\/#\/schema\/person\/e9cb801a8b8ea9138af26a02b8b6d14f"},"description":"Eine k\u00fcnstliche Intelligenz soll Selbstmmordgedanken auf Facebook erraten. Was es mit dem Facebook-Scan auf sich hat, erfahrt ihr bei uns.","breadcrumb":{"@id":"https:\/\/pcspezialist.de\/blog\/2018\/04\/24\/facebook-scan-suizidpraevention\/#breadcrumb"},"inLanguage":"de","potentialAction":[{"@type":"ReadAction","target":["https:\/\/pcspezialist.de\/blog\/2018\/04\/24\/facebook-scan-suizidpraevention\/"]}]},{"@type":"ImageObject","inLanguage":"de","@id":"https:\/\/pcspezialist.de\/blog\/2018\/04\/24\/facebook-scan-suizidpraevention\/#primaryimage","url":"https:\/\/pcspezialist.de\/blog\/wp-content\/uploads\/2018\/04\/facebook-scan.jpg","contentUrl":"https:\/\/pcspezialist.de\/blog\/wp-content\/uploads\/2018\/04\/facebook-scan.jpg","width":1280,"height":800,"caption":"Facebook-Scan - Suizidpr\u00e4vention - k\u00fcnstliche Intelligenz. Foto: Pixabay"},{"@type":"BreadcrumbList","@id":"https:\/\/pcspezialist.de\/blog\/2018\/04\/24\/facebook-scan-suizidpraevention\/#breadcrumb","itemListElement":[{"@type":"ListItem","position":1,"name":"Startseite","item":"https:\/\/pcspezialist.de\/blog\/"},{"@type":"ListItem","position":2,"name":"Facebook-Scan zur Suizidpr\u00e4vention ## K\u00fcnstliche Intelligenz soll Selbstmord verhindern"}]},{"@type":"WebSite","@id":"https:\/\/pcspezialist.de\/blog\/#website","url":"https:\/\/pcspezialist.de\/blog\/","name":"PC-SPEZIALIST Blog","description":"IT-Service, Trends &amp; Technik","potentialAction":[{"@type":"SearchAction","target":{"@type":"EntryPoint","urlTemplate":"https:\/\/pcspezialist.de\/blog\/?s={search_term_string}"},"query-input":{"@type":"PropertyValueSpecification","valueRequired":true,"valueName":"search_term_string"}}],"inLanguage":"de"},{"@type":"Person","@id":"https:\/\/pcspezialist.de\/blog\/#\/schema\/person\/e9cb801a8b8ea9138af26a02b8b6d14f","name":"Maren Keller","description":"PC-SPEZIALIST ist eine Marke der in Schlo\u00df Holte ans\u00e4ssigen SYNAXON. Seit 2016 arbeitet Maren Keller f\u00fcr den PC-SPEZIALIST-Blog. Gestartet als Online-Redakteurin ist sie mittlerweile Content Marketing Managerin und tr\u00e4gt unter anderem die Verantwortung f\u00fcr die Inhalte des Blogs. In den Jahren 2017 und 2020 hat sie parallel f\u00fcr den Blog des IT-SERVICE.NETWORK geschrieben. Die studierte Germanistin und Politologin hat einen Sp\u00fcrsinn f\u00fcr aktuelle Bedrohungen im IT-Bereich entwickelt und versteht es, das Fachwissen von PC-SPEZIALIST dem Leser verst\u00e4ndlich darzubieten. Nicht zu verleugnen ist allerdings ihre Ungeduld, die sich in flinken Fingern auf der Tastatur zeigt und gleichzeitig f\u00fcr einen hohen Output sorgt. Ihre journalistische Karriere begann Maren Keller Mitte der 1990er Jahre mit dem Verfassen von Sportberichten f\u00fcr die Regionalseiten ihrer Heimatzeitung in Bremerhaven. Nach dem Studium in Hannover, das von zahlreichen Praktika bei Funk, Fernsehen und Zeitung begleitet wurde, kehrte sie f\u00fcr ein journalistisches Volontariat in ihre Heimat zur\u00fcck, um bei der NORDSEE-ZEITUNG den Beruf des Redakteurs von der Pike auf zu lernen und anschlie\u00dfend in der Sportredaktion zu arbeiten. W\u00e4hrend ihrer Elternzeiten und beruflich bedingten Umz\u00fcgen arbeitete sie als freie Journalistin f\u00fcr verschiedene Tageszeitungen und fand 2016 den Weg zur SYNAXON, wo sie heute als Content Marketing Managerin in Lohn und Brot steht. In ihrer Freizeit zeigt sie ihr Talent f\u00fcr\u2019s Schreiben nicht. Stattdessen liegen ihre Schwerpunkt dort im Bereich Haus, Familie, Garten und Hund. Au\u00dferdem ist sie musikalisch unterwegs, bl\u00e4st das Jagdhorn in einem Bl\u00e4serkorps, spielt Klavier und singt im Chor. Sie haben Fragen an Maren Keller? Sie erreichen sie per E-Mail an redaktion@pcspezialist.de","url":"https:\/\/pcspezialist.de\/blog\/author\/maren\/"}]}},"_links":{"self":[{"href":"https:\/\/pcspezialist.de\/blog\/wp-json\/wp\/v2\/posts\/40003","targetHints":{"allow":["GET"]}}],"collection":[{"href":"https:\/\/pcspezialist.de\/blog\/wp-json\/wp\/v2\/posts"}],"about":[{"href":"https:\/\/pcspezialist.de\/blog\/wp-json\/wp\/v2\/types\/post"}],"author":[{"embeddable":true,"href":"https:\/\/pcspezialist.de\/blog\/wp-json\/wp\/v2\/users\/98"}],"replies":[{"embeddable":true,"href":"https:\/\/pcspezialist.de\/blog\/wp-json\/wp\/v2\/comments?post=40003"}],"version-history":[{"count":8,"href":"https:\/\/pcspezialist.de\/blog\/wp-json\/wp\/v2\/posts\/40003\/revisions"}],"predecessor-version":[{"id":40015,"href":"https:\/\/pcspezialist.de\/blog\/wp-json\/wp\/v2\/posts\/40003\/revisions\/40015"}],"wp:featuredmedia":[{"embeddable":true,"href":"https:\/\/pcspezialist.de\/blog\/wp-json\/wp\/v2\/media\/40005"}],"wp:attachment":[{"href":"https:\/\/pcspezialist.de\/blog\/wp-json\/wp\/v2\/media?parent=40003"}],"wp:term":[{"taxonomy":"category","embeddable":true,"href":"https:\/\/pcspezialist.de\/blog\/wp-json\/wp\/v2\/categories?post=40003"},{"taxonomy":"post_tag","embeddable":true,"href":"https:\/\/pcspezialist.de\/blog\/wp-json\/wp\/v2\/tags?post=40003"}],"curies":[{"name":"wp","href":"https:\/\/api.w.org\/{rel}","templated":true}]}}