{"id":39671,"date":"2018-03-21T11:43:25","date_gmt":"2018-03-21T10:43:25","guid":{"rendered":"https:\/\/www.pcspezialist.de\/blog\/?p=39671"},"modified":"2024-03-22T08:23:51","modified_gmt":"2024-03-22T07:23:51","slug":"deletefacebook-datenmissbrauch","status":"publish","type":"post","link":"https:\/\/pcspezialist.de\/blog\/2018\/03\/21\/deletefacebook-datenmissbrauch\/","title":{"rendered":"#deletefacebook ## Warum viele ihren Facebook-Account l\u00f6schen"},"content":{"rendered":"<p><strong>Facebook hat ein Problem. Mal wieder. Unter dem Hashtag #deletefacebook rufen Nutzer sich gegenseitig dazu auf, ihren Facebook-Account zu l\u00f6schen. Schuld daran ist der j\u00fcngste Datenskandal. Ein riesiges Datenleck ist bekannt geworden.<\/strong><\/p>\n<p>Um was f\u00fcr ein Datenleck es sich handelt und wer betroffen ist, erfahrt ihr bei uns.<!--more--><\/p>\n<div id=\"attachment_39675\" style=\"width: 710px\" class=\"wp-caption alignright\"><img loading=\"lazy\" decoding=\"async\" aria-describedby=\"caption-attachment-39675\" class=\"size-medium wp-image-39675\" src=\"https:\/\/pcspezialist.de\/blog\/wp-content\/uploads\/2018\/03\/deletefacebook-700x464.jpg\" alt=\"Facebook Account - #deletefacebook - Datenleck - Datenmissbrauch. Foto: Pixabay\" width=\"700\" height=\"464\" srcset=\"https:\/\/pcspezialist.de\/blog\/wp-content\/uploads\/2018\/03\/deletefacebook-700x464.jpg 700w, https:\/\/pcspezialist.de\/blog\/wp-content\/uploads\/2018\/03\/deletefacebook-768x510.jpg 768w, https:\/\/pcspezialist.de\/blog\/wp-content\/uploads\/2018\/03\/deletefacebook.jpg 960w\" sizes=\"auto, (max-width: 700px) 100vw, 700px\" \/><p id=\"caption-attachment-39675\" class=\"wp-caption-text\">Unter #deletefacebook rufen Nutzer auf Twitter dazu auf, den Facebook-Account zu l\u00f6schen.<\/p><\/div>\n<h3>Datenmissbrauch mit Facebook-Accounts<\/h3>\n<p>Mit allem, was ihr auf Facebook liked und teilt, gebt ihr ein kleines bisschen von euch preis. Sei es euer Geschlecht, eure sexuelle Orientierung und erst recht eure politische Haltung. Teilt oder liked ihr beispielsweise mehrmals \u00f6kologische Themen, wird klar, wie ihr zum Thema Umweltschutz steht. Teilt und liked ihr immer wieder Beitr\u00e4ge von oder \u00fcber eine bestimmte Partei, wird eure politische Gesinnung deutlich.<\/p>\n<p>Solche Daten hat die Datenanalyse-Firma Cambridge Analytica genutzt. Sie wollte damit die US-Wahl im Jahr 2016 beeinflussen. Daten von etwa 50 Millionen US-amerikanischen Facebook-Nutzern wurden gesammelt, um daraus eine Software zu basteln, die Wahlverhalten vorhersagen und beeinflussen kann. Gezielt wurde dann Werbung gestreut. Dieser <strong>Datenmissbrauch<\/strong> mit <strong>Facebook-Account<\/strong>s geht einigen Nutzern nun geh\u00f6rig auf den Nerv. Und Facebook ger\u00e4t zunehmend unter Druck, da der Verdacht im Raum steht, Facebook k\u00f6nne die Daten seiner Nutzer nicht richtig sch\u00fctzen.<\/p>\n<h3>#deletefacebook nach Datenleck<\/h3>\n<p>Nachdem das Facebook-<strong>Datenleck<\/strong> bekannt\u00a0geworden ist, rufen viele Nutzer auf Twitter dazu auf, den <strong>Facebook-Account<\/strong> zu l\u00f6schen. Ihnen geht es gewaltig auf den Nerv, dass Facebook so sorglos mit den Daten umgeht.\u00a0Unter dem <strong>#deletefacebook<\/strong> gibt es mittlerweile zahlreiche Eintr\u00e4ge, wie diesen hier:<\/p>\n<blockquote class=\"twitter-tweet\" data-lang=\"de\">\n<p dir=\"ltr\" lang=\"en\"><a href=\"https:\/\/twitter.com\/hashtag\/deletefacebook?src=hash&amp;ref_src=twsrc%5Etfw\">#deletefacebook<\/a><\/p>\n<p>DONE!<\/p>\n<p>\u2014 Bobby (@BobbyResister) <a href=\"https:\/\/twitter.com\/BobbyResister\/status\/975897220506574848?ref_src=twsrc%5Etfw\">20. M\u00e4rz 2018<\/a><\/p><\/blockquote>\n<p><script async src=\"https:\/\/platform.twitter.com\/widgets.js\" charset=\"utf-8\"><\/script><\/p>\n<p>Da der Datenklau bereits 2015 stattgefunden hat, ist es nat\u00fcrlich m\u00f6glich, dass noch viel mehr <strong>Datenmissbrauch<\/strong> stattgefunden hat. Denn wer kann schon wissen, wer welches Interesse an welchen Daten hat? Kein Wunder also, wenn immer mehr Nutzer ihren <strong>Facebook-Account<\/strong> l\u00f6schen. Ausgel\u00f6st wurde der Aufruf zum L\u00f6schen des Facebook-Accounts \u00fcbrigens durch einen Bericht der <a href=\"https:\/\/www.nytimes.com\/2018\/03\/17\/us\/politics\/cambridge-analytica-trump-campaign.html\" target=\"_blank\" rel=\"noopener\">New York Times<\/a>. Wenn auch ihr dar\u00fcber nachdenkt, euren Account zu l\u00f6schen, erfahrt ihr in unserem Ratgeber <a href=\"https:\/\/pcspezialist.de\/ratgeber\/2017\/09\/21\/wie-loesche-ich-mein-facebook-konto.html\" target=\"_blank\" rel=\"noopener\">Wie l\u00f6sche ich mein Facebook-Konto<\/a> wie das geht.<\/p>\n<h3>#deletefacebook \u2013 was ist passiert?<\/h3>\n<p>Was ist die Ursache f\u00fcr <strong>#deletefacebook<\/strong>? Die Datenanalyse-Firma Cambridge Analytica hatte die Facebook-Nutzerdaten vom britischen Professor Aleksandr Kogan bekommen. Er hatte bei Facebook eine Umfrage durchgef\u00fchrt, die beim Online-Netzwerk als wissenschaftliche Pers\u00f6nlichkeitsforschung angemeldet worden war. \u00dcber den Download der Facebook-App wurde die Umfrage heruntergeladen. Wer sie ausf\u00fcllte, erkl\u00e4rte sich einverstanden, dass Kogans Firma die Antworten und Daten erh\u00e4lt. Gleichzeitig bekam er \u00fcber Facebooks Schnittstellen au\u00dferdem Zugang zu Profildaten von Freunden, wenn die Datenschutz-Einstellungen dies zulie\u00dfen. Laut der Zeitung\u00a0<a href=\"https:\/\/www.theguardian.com\/news\/2018\/mar\/18\/facebook-cambridge-analytica-joseph-chancellor-gsr\" target=\"_blank\" rel=\"nofollow noopener\" name=\"_art_link_\">Guardian<\/a> erm\u00f6glichte jeder, der die Umfrage ausf\u00fcllte, Zugriff auf Daten von durchschnittlich 160 weiteren\u00a0<strong>Facebook-Accounts<\/strong>.<\/p>\n<p>Jetzt hat Facebook reagiert und Cambridge Analytica den Zugang zu Facebook und Instagram verwehrt \u2013 zwei Jahre nachdem das <strong>Datenleck<\/strong> erstmals bekannt geworden war. Grund: Entgegen fr\u00fcherer Zusagen habe die Firma die unrechtm\u00e4\u00dfig erhaltenen Daten nicht vernichtet. Dieser Schritt k\u00f6nnte f\u00fcr Facebook zu sp\u00e4t kommen, denn die Nutzer wehren sich bereits mit der <strong>#deletefacebook-<\/strong>Kampagne.<\/p>\n<h3>Nach Datenmissbrauch Facebook-Account l\u00f6schen<a href=\"https:\/\/twitter.com\/chrisinsilico\/status\/975335430043389952\/\" target=\"_blank\" rel=\"noopener\" name=\"_art_link_\"><\/a><\/h3>\n<p>Der <strong>Datenmissbrauch<\/strong> bewegt viele Facebook-Nutzer. Denn offensichtlich sind eure Daten bei Facebook nicht sicher. So beschreibt\u00a0\u201eTechcrunch\u201c-Autor John Biggs in seinem <a href=\"https:\/\/techcrunch.com\/2018\/03\/19\/deletefacebook\/\" target=\"_blank\" rel=\"noopener\" name=\"_art_link_\">Artikel<\/a>, warum er alle seine Posts, Fotos und Likes l\u00f6scht: \u201eDenkt dar\u00fcber nach: Eintr\u00e4ge, die \u00e4lter als eine Woche sind, sind Futter f\u00fcr Bots und b\u00f6se Akteure. Posts von 2016? 2017? Warum sollte man sie behalten? Niemand wird sie lesen oder sich darum k\u00fcmmern.\u201c Das einzige, was ihr auf Facebook tut, ist, ein umfassendes Dossier von euch anzulegen \u2013 inklusive Bilder.<\/p>\n<p>Auch wenn ihr nicht gleich der Aufforderung <strong>#deletefacebook<\/strong> nachkommt, k\u00f6nntet ihr dar\u00fcber nachdenken, alte Daten zu l\u00f6schen. Ob ihr euren gesamten <strong>Facebook-Account<\/strong> l\u00f6scht, ist euch \u00fcberlassen, aber \u00fcber den Umgang mit sensiblen Daten solltet ihr stetst nachdenken.\u00a0Auf Twitter zeigen bereits viele Nutzer, wie sie ihren <strong>Facebook-Account<\/strong> l\u00f6schen. Sei es mit dem <strong>#deletefacebook<\/strong> oder sogar mit Screenshots, wie sie ihr Profil l\u00f6schen.<\/p>\n<p>Was haltet ihr von der aktuellen Debatte um <strong>Datenmissbrauch<\/strong> bei\u00a0<strong>Facebook-Accounts<\/strong>? Habt ihr Angst um eure Daten? \u00dcberlegt ihr, euren Account zu l\u00f6schen, \u00e4ndert ihr die <a href=\"https:\/\/pcspezialist.de\/ratgeber\/facebook-freunde-verbergen.html\" target=\"_blank\" rel=\"noopener\">Privatssph\u00e4re-Einstellungen<\/a> oder ist es euch wom\u00f6glich egal, was Facebook mit euren Daten macht? Lasst es uns in unseren Kommentaren wissen.<\/p>\n<h3>Update vom 22.03.2818: Zuckerberg r\u00e4umt Fehler ein<\/h3>\n<p>Jetzt hat sich auch Mark Zuckerberg zum <strong>Datenmissbrauch<\/strong> durch Cambridge Analytica ge\u00e4u\u00dfert und Fehler einger\u00e4umt. So schreibt er in einem <a href=\"https:\/\/www.facebook.com\/zuck\/posts\/10104712037900071\" target=\"_blank\" rel=\"noopener\">Facebook-Post<\/a>: Facebook habe das Vertrauen der Nutzer, die ihre Daten dem Online-Netzwerk anvertraut und f\u00fcr sicher gehalten h\u00e4tten, entt\u00e4uscht. In einem Interview mit dem Sender CNN f\u00fcgte er hinzu:\u00a0\u201eDas war ein grober Vertrauensbruch und es tut mir sehr leid, dass das passiert ist.\u201c Fraglich, ob seine Einsicht n\u00fctzt und ob sich etwas an der <strong>Datensicherheit<\/strong> \u00e4ndert. Die Kampagne <strong>#deletefacebook<\/strong> l\u00e4uft dennoch weiter.<\/p>\n","protected":false},"excerpt":{"rendered":"<p>Facebook hat ein Problem. Mal wieder. Unter dem Hashtag #deletefacebook rufen Nutzer sich gegenseitig dazu auf, ihren Facebook-Account zu l\u00f6schen. Schuld daran ist der j\u00fcngste Datenskandal. Ein riesiges Datenleck ist bekannt geworden. Um was f\u00fcr ein Datenleck es sich handelt und wer betroffen ist, erfahrt ihr bei uns.<\/p>\n","protected":false},"author":98,"featured_media":39676,"comment_status":"open","ping_status":"closed","sticky":false,"template":"","format":"standard","meta":{"footnotes":""},"categories":[6913],"tags":[1088,1250,1658,7694,9814,9956],"class_list":["post-39671","post","type-post","status-publish","format-standard","has-post-thumbnail","hentry","category-verschiedenes","tag-facebook","tag-social-media","tag-datenschutz","tag-datenmissbrauch","tag-datenleck","tag-nutzerdaten"],"yoast_head":"<!-- This site is optimized with the Yoast SEO plugin v27.5 - https:\/\/yoast.com\/product\/yoast-seo-wordpress\/ -->\n<title>#deletefacebook \u2013 Warum viele ihren Facebook-Account l\u00f6schen<\/title>\n<meta name=\"description\" content=\"Nachdem ein neues Datenleck bei Facebook bekannt geworden ist, rufen viele Nutzer dazu auf, den Facebook-Account zu l\u00f6schen: #deletefacebook. Infos hier.\" \/>\n<meta name=\"robots\" content=\"index, follow, max-snippet:-1, max-image-preview:large, max-video-preview:-1\" \/>\n<link rel=\"canonical\" href=\"https:\/\/pcspezialist.de\/blog\/2018\/03\/21\/deletefacebook-datenmissbrauch\/\" \/>\n<meta property=\"og:locale\" content=\"de_DE\" \/>\n<meta property=\"og:type\" content=\"article\" \/>\n<meta property=\"og:title\" content=\"#deletefacebook \u2013 Warum viele ihren Facebook-Account l\u00f6schen\" \/>\n<meta property=\"og:description\" content=\"Nachdem ein neues Datenleck bei Facebook bekannt geworden ist, rufen viele Nutzer dazu auf, den Facebook-Account zu l\u00f6schen: #deletefacebook. Infos hier.\" \/>\n<meta property=\"og:url\" content=\"https:\/\/pcspezialist.de\/blog\/2018\/03\/21\/deletefacebook-datenmissbrauch\/\" \/>\n<meta property=\"og:site_name\" content=\"PC-SPEZIALIST Blog\" \/>\n<meta property=\"article:published_time\" content=\"2018-03-21T10:43:25+00:00\" \/>\n<meta property=\"article:modified_time\" content=\"2024-03-22T07:23:51+00:00\" \/>\n<meta property=\"og:image\" content=\"https:\/\/pcspezialist.de\/blog\/wp-content\/uploads\/2018\/03\/deletefacebook3.jpg\" \/>\n\t<meta property=\"og:image:width\" content=\"960\" \/>\n\t<meta property=\"og:image:height\" content=\"640\" \/>\n\t<meta property=\"og:image:type\" content=\"image\/jpeg\" \/>\n<meta name=\"author\" content=\"Maren Keller\" \/>\n<meta name=\"twitter:card\" content=\"summary_large_image\" \/>\n<meta name=\"twitter:label1\" content=\"Verfasst von\" \/>\n\t<meta name=\"twitter:data1\" content=\"Maren Keller\" \/>\n\t<meta name=\"twitter:label2\" content=\"Gesch\u00e4tzte Lesezeit\" \/>\n\t<meta name=\"twitter:data2\" content=\"4\u00a0Minuten\" \/>\n<script type=\"application\/ld+json\" class=\"yoast-schema-graph\">{\"@context\":\"https:\\\/\\\/schema.org\",\"@graph\":[{\"@type\":\"Article\",\"@id\":\"https:\\\/\\\/pcspezialist.de\\\/blog\\\/2018\\\/03\\\/21\\\/deletefacebook-datenmissbrauch\\\/#article\",\"isPartOf\":{\"@id\":\"https:\\\/\\\/pcspezialist.de\\\/blog\\\/2018\\\/03\\\/21\\\/deletefacebook-datenmissbrauch\\\/\"},\"author\":{\"name\":\"Maren Keller\",\"@id\":\"https:\\\/\\\/pcspezialist.de\\\/blog\\\/#\\\/schema\\\/person\\\/e9cb801a8b8ea9138af26a02b8b6d14f\"},\"headline\":\"#deletefacebook ## Warum viele ihren Facebook-Account l\u00f6schen\",\"datePublished\":\"2018-03-21T10:43:25+00:00\",\"dateModified\":\"2024-03-22T07:23:51+00:00\",\"mainEntityOfPage\":{\"@id\":\"https:\\\/\\\/pcspezialist.de\\\/blog\\\/2018\\\/03\\\/21\\\/deletefacebook-datenmissbrauch\\\/\"},\"wordCount\":834,\"commentCount\":1,\"image\":{\"@id\":\"https:\\\/\\\/pcspezialist.de\\\/blog\\\/2018\\\/03\\\/21\\\/deletefacebook-datenmissbrauch\\\/#primaryimage\"},\"thumbnailUrl\":\"https:\\\/\\\/pcspezialist.de\\\/blog\\\/wp-content\\\/uploads\\\/2018\\\/03\\\/deletefacebook3.jpg\",\"keywords\":[\"Facebook\",\"Social Media\",\"Datenschutz\",\"Datenmissbrauch &amp; Datendiebstahl\",\"Datenleck\",\"Nutzerdaten\"],\"articleSection\":[\"Verschiedenes\"],\"inLanguage\":\"de\",\"potentialAction\":[{\"@type\":\"CommentAction\",\"name\":\"Comment\",\"target\":[\"https:\\\/\\\/pcspezialist.de\\\/blog\\\/2018\\\/03\\\/21\\\/deletefacebook-datenmissbrauch\\\/#respond\"]}]},{\"@type\":\"WebPage\",\"@id\":\"https:\\\/\\\/pcspezialist.de\\\/blog\\\/2018\\\/03\\\/21\\\/deletefacebook-datenmissbrauch\\\/\",\"url\":\"https:\\\/\\\/pcspezialist.de\\\/blog\\\/2018\\\/03\\\/21\\\/deletefacebook-datenmissbrauch\\\/\",\"name\":\"#deletefacebook \u2013 Warum viele ihren Facebook-Account l\u00f6schen\",\"isPartOf\":{\"@id\":\"https:\\\/\\\/pcspezialist.de\\\/blog\\\/#website\"},\"primaryImageOfPage\":{\"@id\":\"https:\\\/\\\/pcspezialist.de\\\/blog\\\/2018\\\/03\\\/21\\\/deletefacebook-datenmissbrauch\\\/#primaryimage\"},\"image\":{\"@id\":\"https:\\\/\\\/pcspezialist.de\\\/blog\\\/2018\\\/03\\\/21\\\/deletefacebook-datenmissbrauch\\\/#primaryimage\"},\"thumbnailUrl\":\"https:\\\/\\\/pcspezialist.de\\\/blog\\\/wp-content\\\/uploads\\\/2018\\\/03\\\/deletefacebook3.jpg\",\"datePublished\":\"2018-03-21T10:43:25+00:00\",\"dateModified\":\"2024-03-22T07:23:51+00:00\",\"author\":{\"@id\":\"https:\\\/\\\/pcspezialist.de\\\/blog\\\/#\\\/schema\\\/person\\\/e9cb801a8b8ea9138af26a02b8b6d14f\"},\"description\":\"Nachdem ein neues Datenleck bei Facebook bekannt geworden ist, rufen viele Nutzer dazu auf, den Facebook-Account zu l\u00f6schen: #deletefacebook. Infos hier.\",\"breadcrumb\":{\"@id\":\"https:\\\/\\\/pcspezialist.de\\\/blog\\\/2018\\\/03\\\/21\\\/deletefacebook-datenmissbrauch\\\/#breadcrumb\"},\"inLanguage\":\"de\",\"potentialAction\":[{\"@type\":\"ReadAction\",\"target\":[\"https:\\\/\\\/pcspezialist.de\\\/blog\\\/2018\\\/03\\\/21\\\/deletefacebook-datenmissbrauch\\\/\"]}]},{\"@type\":\"ImageObject\",\"inLanguage\":\"de\",\"@id\":\"https:\\\/\\\/pcspezialist.de\\\/blog\\\/2018\\\/03\\\/21\\\/deletefacebook-datenmissbrauch\\\/#primaryimage\",\"url\":\"https:\\\/\\\/pcspezialist.de\\\/blog\\\/wp-content\\\/uploads\\\/2018\\\/03\\\/deletefacebook3.jpg\",\"contentUrl\":\"https:\\\/\\\/pcspezialist.de\\\/blog\\\/wp-content\\\/uploads\\\/2018\\\/03\\\/deletefacebook3.jpg\",\"width\":960,\"height\":640,\"caption\":\"Facebook Account - #deletefacebook - Datenleck - Datenmissbrauch. Foto: Pixabay\"},{\"@type\":\"BreadcrumbList\",\"@id\":\"https:\\\/\\\/pcspezialist.de\\\/blog\\\/2018\\\/03\\\/21\\\/deletefacebook-datenmissbrauch\\\/#breadcrumb\",\"itemListElement\":[{\"@type\":\"ListItem\",\"position\":1,\"name\":\"Startseite\",\"item\":\"https:\\\/\\\/pcspezialist.de\\\/blog\\\/\"},{\"@type\":\"ListItem\",\"position\":2,\"name\":\"#deletefacebook ## Warum viele ihren Facebook-Account l\u00f6schen\"}]},{\"@type\":\"WebSite\",\"@id\":\"https:\\\/\\\/pcspezialist.de\\\/blog\\\/#website\",\"url\":\"https:\\\/\\\/pcspezialist.de\\\/blog\\\/\",\"name\":\"PC-SPEZIALIST Blog\",\"description\":\"IT-Service, Trends &amp; Technik\",\"potentialAction\":[{\"@type\":\"SearchAction\",\"target\":{\"@type\":\"EntryPoint\",\"urlTemplate\":\"https:\\\/\\\/pcspezialist.de\\\/blog\\\/?s={search_term_string}\"},\"query-input\":{\"@type\":\"PropertyValueSpecification\",\"valueRequired\":true,\"valueName\":\"search_term_string\"}}],\"inLanguage\":\"de\"},{\"@type\":\"Person\",\"@id\":\"https:\\\/\\\/pcspezialist.de\\\/blog\\\/#\\\/schema\\\/person\\\/e9cb801a8b8ea9138af26a02b8b6d14f\",\"name\":\"Maren Keller\",\"description\":\"PC-SPEZIALIST ist eine Marke der in Schlo\u00df Holte ans\u00e4ssigen SYNAXON. Seit 2016 arbeitet Maren Keller f\u00fcr den PC-SPEZIALIST-Blog. Gestartet als Online-Redakteurin ist sie mittlerweile Content Marketing Managerin und tr\u00e4gt unter anderem die Verantwortung f\u00fcr die Inhalte des Blogs. In den Jahren 2017 und 2020 hat sie parallel f\u00fcr den Blog des IT-SERVICE.NETWORK geschrieben. Die studierte Germanistin und Politologin hat einen Sp\u00fcrsinn f\u00fcr aktuelle Bedrohungen im IT-Bereich entwickelt und versteht es, das Fachwissen von PC-SPEZIALIST dem Leser verst\u00e4ndlich darzubieten. Nicht zu verleugnen ist allerdings ihre Ungeduld, die sich in flinken Fingern auf der Tastatur zeigt und gleichzeitig f\u00fcr einen hohen Output sorgt. Ihre journalistische Karriere begann Maren Keller Mitte der 1990er Jahre mit dem Verfassen von Sportberichten f\u00fcr die Regionalseiten ihrer Heimatzeitung in Bremerhaven. Nach dem Studium in Hannover, das von zahlreichen Praktika bei Funk, Fernsehen und Zeitung begleitet wurde, kehrte sie f\u00fcr ein journalistisches Volontariat in ihre Heimat zur\u00fcck, um bei der NORDSEE-ZEITUNG den Beruf des Redakteurs von der Pike auf zu lernen und anschlie\u00dfend in der Sportredaktion zu arbeiten. W\u00e4hrend ihrer Elternzeiten und beruflich bedingten Umz\u00fcgen arbeitete sie als freie Journalistin f\u00fcr verschiedene Tageszeitungen und fand 2016 den Weg zur SYNAXON, wo sie heute als Content Marketing Managerin in Lohn und Brot steht. In ihrer Freizeit zeigt sie ihr Talent f\u00fcr\u2019s Schreiben nicht. Stattdessen liegen ihre Schwerpunkt dort im Bereich Haus, Familie, Garten und Hund. Au\u00dferdem ist sie musikalisch unterwegs, bl\u00e4st das Jagdhorn in einem Bl\u00e4serkorps, spielt Klavier und singt im Chor. Sie haben Fragen an Maren Keller? Sie erreichen sie per E-Mail an redaktion@pcspezialist.de\",\"url\":\"https:\\\/\\\/pcspezialist.de\\\/blog\\\/author\\\/maren\\\/\"}]}<\/script>\n<!-- \/ Yoast SEO plugin. -->","yoast_head_json":{"title":"#deletefacebook \u2013 Warum viele ihren Facebook-Account l\u00f6schen","description":"Nachdem ein neues Datenleck bei Facebook bekannt geworden ist, rufen viele Nutzer dazu auf, den Facebook-Account zu l\u00f6schen: #deletefacebook. Infos hier.","robots":{"index":"index","follow":"follow","max-snippet":"max-snippet:-1","max-image-preview":"max-image-preview:large","max-video-preview":"max-video-preview:-1"},"canonical":"https:\/\/pcspezialist.de\/blog\/2018\/03\/21\/deletefacebook-datenmissbrauch\/","og_locale":"de_DE","og_type":"article","og_title":"#deletefacebook \u2013 Warum viele ihren Facebook-Account l\u00f6schen","og_description":"Nachdem ein neues Datenleck bei Facebook bekannt geworden ist, rufen viele Nutzer dazu auf, den Facebook-Account zu l\u00f6schen: #deletefacebook. Infos hier.","og_url":"https:\/\/pcspezialist.de\/blog\/2018\/03\/21\/deletefacebook-datenmissbrauch\/","og_site_name":"PC-SPEZIALIST Blog","article_published_time":"2018-03-21T10:43:25+00:00","article_modified_time":"2024-03-22T07:23:51+00:00","og_image":[{"width":960,"height":640,"url":"https:\/\/pcspezialist.de\/blog\/wp-content\/uploads\/2018\/03\/deletefacebook3.jpg","type":"image\/jpeg"}],"author":"Maren Keller","twitter_card":"summary_large_image","twitter_misc":{"Verfasst von":"Maren Keller","Gesch\u00e4tzte Lesezeit":"4\u00a0Minuten"},"schema":{"@context":"https:\/\/schema.org","@graph":[{"@type":"Article","@id":"https:\/\/pcspezialist.de\/blog\/2018\/03\/21\/deletefacebook-datenmissbrauch\/#article","isPartOf":{"@id":"https:\/\/pcspezialist.de\/blog\/2018\/03\/21\/deletefacebook-datenmissbrauch\/"},"author":{"name":"Maren Keller","@id":"https:\/\/pcspezialist.de\/blog\/#\/schema\/person\/e9cb801a8b8ea9138af26a02b8b6d14f"},"headline":"#deletefacebook ## Warum viele ihren Facebook-Account l\u00f6schen","datePublished":"2018-03-21T10:43:25+00:00","dateModified":"2024-03-22T07:23:51+00:00","mainEntityOfPage":{"@id":"https:\/\/pcspezialist.de\/blog\/2018\/03\/21\/deletefacebook-datenmissbrauch\/"},"wordCount":834,"commentCount":1,"image":{"@id":"https:\/\/pcspezialist.de\/blog\/2018\/03\/21\/deletefacebook-datenmissbrauch\/#primaryimage"},"thumbnailUrl":"https:\/\/pcspezialist.de\/blog\/wp-content\/uploads\/2018\/03\/deletefacebook3.jpg","keywords":["Facebook","Social Media","Datenschutz","Datenmissbrauch &amp; Datendiebstahl","Datenleck","Nutzerdaten"],"articleSection":["Verschiedenes"],"inLanguage":"de","potentialAction":[{"@type":"CommentAction","name":"Comment","target":["https:\/\/pcspezialist.de\/blog\/2018\/03\/21\/deletefacebook-datenmissbrauch\/#respond"]}]},{"@type":"WebPage","@id":"https:\/\/pcspezialist.de\/blog\/2018\/03\/21\/deletefacebook-datenmissbrauch\/","url":"https:\/\/pcspezialist.de\/blog\/2018\/03\/21\/deletefacebook-datenmissbrauch\/","name":"#deletefacebook \u2013 Warum viele ihren Facebook-Account l\u00f6schen","isPartOf":{"@id":"https:\/\/pcspezialist.de\/blog\/#website"},"primaryImageOfPage":{"@id":"https:\/\/pcspezialist.de\/blog\/2018\/03\/21\/deletefacebook-datenmissbrauch\/#primaryimage"},"image":{"@id":"https:\/\/pcspezialist.de\/blog\/2018\/03\/21\/deletefacebook-datenmissbrauch\/#primaryimage"},"thumbnailUrl":"https:\/\/pcspezialist.de\/blog\/wp-content\/uploads\/2018\/03\/deletefacebook3.jpg","datePublished":"2018-03-21T10:43:25+00:00","dateModified":"2024-03-22T07:23:51+00:00","author":{"@id":"https:\/\/pcspezialist.de\/blog\/#\/schema\/person\/e9cb801a8b8ea9138af26a02b8b6d14f"},"description":"Nachdem ein neues Datenleck bei Facebook bekannt geworden ist, rufen viele Nutzer dazu auf, den Facebook-Account zu l\u00f6schen: #deletefacebook. Infos hier.","breadcrumb":{"@id":"https:\/\/pcspezialist.de\/blog\/2018\/03\/21\/deletefacebook-datenmissbrauch\/#breadcrumb"},"inLanguage":"de","potentialAction":[{"@type":"ReadAction","target":["https:\/\/pcspezialist.de\/blog\/2018\/03\/21\/deletefacebook-datenmissbrauch\/"]}]},{"@type":"ImageObject","inLanguage":"de","@id":"https:\/\/pcspezialist.de\/blog\/2018\/03\/21\/deletefacebook-datenmissbrauch\/#primaryimage","url":"https:\/\/pcspezialist.de\/blog\/wp-content\/uploads\/2018\/03\/deletefacebook3.jpg","contentUrl":"https:\/\/pcspezialist.de\/blog\/wp-content\/uploads\/2018\/03\/deletefacebook3.jpg","width":960,"height":640,"caption":"Facebook Account - #deletefacebook - Datenleck - Datenmissbrauch. Foto: Pixabay"},{"@type":"BreadcrumbList","@id":"https:\/\/pcspezialist.de\/blog\/2018\/03\/21\/deletefacebook-datenmissbrauch\/#breadcrumb","itemListElement":[{"@type":"ListItem","position":1,"name":"Startseite","item":"https:\/\/pcspezialist.de\/blog\/"},{"@type":"ListItem","position":2,"name":"#deletefacebook ## Warum viele ihren Facebook-Account l\u00f6schen"}]},{"@type":"WebSite","@id":"https:\/\/pcspezialist.de\/blog\/#website","url":"https:\/\/pcspezialist.de\/blog\/","name":"PC-SPEZIALIST Blog","description":"IT-Service, Trends &amp; Technik","potentialAction":[{"@type":"SearchAction","target":{"@type":"EntryPoint","urlTemplate":"https:\/\/pcspezialist.de\/blog\/?s={search_term_string}"},"query-input":{"@type":"PropertyValueSpecification","valueRequired":true,"valueName":"search_term_string"}}],"inLanguage":"de"},{"@type":"Person","@id":"https:\/\/pcspezialist.de\/blog\/#\/schema\/person\/e9cb801a8b8ea9138af26a02b8b6d14f","name":"Maren Keller","description":"PC-SPEZIALIST ist eine Marke der in Schlo\u00df Holte ans\u00e4ssigen SYNAXON. Seit 2016 arbeitet Maren Keller f\u00fcr den PC-SPEZIALIST-Blog. Gestartet als Online-Redakteurin ist sie mittlerweile Content Marketing Managerin und tr\u00e4gt unter anderem die Verantwortung f\u00fcr die Inhalte des Blogs. In den Jahren 2017 und 2020 hat sie parallel f\u00fcr den Blog des IT-SERVICE.NETWORK geschrieben. Die studierte Germanistin und Politologin hat einen Sp\u00fcrsinn f\u00fcr aktuelle Bedrohungen im IT-Bereich entwickelt und versteht es, das Fachwissen von PC-SPEZIALIST dem Leser verst\u00e4ndlich darzubieten. Nicht zu verleugnen ist allerdings ihre Ungeduld, die sich in flinken Fingern auf der Tastatur zeigt und gleichzeitig f\u00fcr einen hohen Output sorgt. Ihre journalistische Karriere begann Maren Keller Mitte der 1990er Jahre mit dem Verfassen von Sportberichten f\u00fcr die Regionalseiten ihrer Heimatzeitung in Bremerhaven. Nach dem Studium in Hannover, das von zahlreichen Praktika bei Funk, Fernsehen und Zeitung begleitet wurde, kehrte sie f\u00fcr ein journalistisches Volontariat in ihre Heimat zur\u00fcck, um bei der NORDSEE-ZEITUNG den Beruf des Redakteurs von der Pike auf zu lernen und anschlie\u00dfend in der Sportredaktion zu arbeiten. W\u00e4hrend ihrer Elternzeiten und beruflich bedingten Umz\u00fcgen arbeitete sie als freie Journalistin f\u00fcr verschiedene Tageszeitungen und fand 2016 den Weg zur SYNAXON, wo sie heute als Content Marketing Managerin in Lohn und Brot steht. In ihrer Freizeit zeigt sie ihr Talent f\u00fcr\u2019s Schreiben nicht. Stattdessen liegen ihre Schwerpunkt dort im Bereich Haus, Familie, Garten und Hund. Au\u00dferdem ist sie musikalisch unterwegs, bl\u00e4st das Jagdhorn in einem Bl\u00e4serkorps, spielt Klavier und singt im Chor. Sie haben Fragen an Maren Keller? Sie erreichen sie per E-Mail an redaktion@pcspezialist.de","url":"https:\/\/pcspezialist.de\/blog\/author\/maren\/"}]}},"_links":{"self":[{"href":"https:\/\/pcspezialist.de\/blog\/wp-json\/wp\/v2\/posts\/39671","targetHints":{"allow":["GET"]}}],"collection":[{"href":"https:\/\/pcspezialist.de\/blog\/wp-json\/wp\/v2\/posts"}],"about":[{"href":"https:\/\/pcspezialist.de\/blog\/wp-json\/wp\/v2\/types\/post"}],"author":[{"embeddable":true,"href":"https:\/\/pcspezialist.de\/blog\/wp-json\/wp\/v2\/users\/98"}],"replies":[{"embeddable":true,"href":"https:\/\/pcspezialist.de\/blog\/wp-json\/wp\/v2\/comments?post=39671"}],"version-history":[{"count":17,"href":"https:\/\/pcspezialist.de\/blog\/wp-json\/wp\/v2\/posts\/39671\/revisions"}],"predecessor-version":[{"id":39691,"href":"https:\/\/pcspezialist.de\/blog\/wp-json\/wp\/v2\/posts\/39671\/revisions\/39691"}],"wp:featuredmedia":[{"embeddable":true,"href":"https:\/\/pcspezialist.de\/blog\/wp-json\/wp\/v2\/media\/39676"}],"wp:attachment":[{"href":"https:\/\/pcspezialist.de\/blog\/wp-json\/wp\/v2\/media?parent=39671"}],"wp:term":[{"taxonomy":"category","embeddable":true,"href":"https:\/\/pcspezialist.de\/blog\/wp-json\/wp\/v2\/categories?post=39671"},{"taxonomy":"post_tag","embeddable":true,"href":"https:\/\/pcspezialist.de\/blog\/wp-json\/wp\/v2\/tags?post=39671"}],"curies":[{"name":"wp","href":"https:\/\/api.w.org\/{rel}","templated":true}]}}