{"id":39388,"date":"2018-03-01T12:02:01","date_gmt":"2018-03-01T11:02:01","guid":{"rendered":"https:\/\/www.pcspezialist.de\/blog\/?p=39388"},"modified":"2024-11-06T12:00:31","modified_gmt":"2024-11-06T11:00:31","slug":"facebook-gesichtserkennung","status":"publish","type":"post","link":"https:\/\/pcspezialist.de\/blog\/2018\/03\/01\/facebook-gesichtserkennung\/","title":{"rendered":"Facebook Gesichtserkennung ## Neue Funktion im sozialen Netzwerk"},"content":{"rendered":"<p><strong>Habt ihr schon von der Facebook Gesichtserkennung geh\u00f6rt? Bislang gab es diese Funktion in Deutschland nicht, doch jetzt k\u00f6nnt ihr selbst entscheiden, ob ihr die Funktion nutzen wollt. Damit k\u00f6nnt ihr Personen, die Facebook auf Fotos und Videos erkennt, schneller markieren.\u00a0<\/strong><\/p>\n<p>Wie ihr die Funktion ein- oder ausschaltet, und was das \u00fcberhaupt soll, erfahrt ihr bei uns.\u00a0<!--more--><\/p>\n<h3>Facebook Gesichtserkennung \u2013 warum?<\/h3>\n<p>Mit der<strong> Facebook Gesichtserkennung<\/strong>\u00a0k\u00f6nnt ihr selbst entscheiden, welche Daten ihr \u00f6ffentlich teilt und welche nicht. Sie steht im Zusammenhang mit der <a href=\"https:\/\/dsgvo-gesetz.de\/\" target=\"_blank\" rel=\"noopener\">Datenschutz-Grundverordnung (DSGVO)<\/a>, die im Mai in Kraft tritt. Facebook betont, dass \u201edie Verwendung der Gesichtserkennung v\u00f6llig freiwillig ist\u201c. Die Aktivierung werde vorgeschlagen und ihr m\u00fcsst sie anschlie\u00dfend aktiv best\u00e4tigen. Wenn ihr als Facebook-Nutzer nichts unternehmt oder den Vorschlag ablehnt, bleibt die von Datensch\u00fctzern kritisierte <strong>Facebook Gesichtserkennung<\/strong> ausgeschaltet. Wenn ihr euch allerdings daf\u00fcr entscheidet, erhaltet ihr k\u00fcnftig Nachricht, wenn ein anderer User euer Foto markiert oder anderweitig nutzt.<\/p>\n<p>Facebook will damit vermeiden, dass sich Menschen als andere auf Facebook ausgeben und will so ein St\u00fcck mehr f\u00fcr den\u00a0<strong>Datenschutz im Internet<\/strong> tun.<\/p>\n<div id=\"attachment_39391\" style=\"width: 613px\" class=\"wp-caption alignright\"><img loading=\"lazy\" decoding=\"async\" aria-describedby=\"caption-attachment-39391\" class=\"size-full wp-image-39391\" src=\"https:\/\/pcspezialist.de\/blog\/wp-content\/uploads\/2018\/03\/Facebook.png\" alt=\"Facebook Gesichtserkennung - Gesichtserkennung - Datensicherheit - Datenschutz im Internet. Foto: Screenshot\" width=\"603\" height=\"381\" \/><p id=\"caption-attachment-39391\" class=\"wp-caption-text\">\u00dcber die Einstellungen zur Privatsph\u00e4re k\u00f6nnt ihr die Facebook Gesichtserkennung an- und abschalten. Foto: Screenshot<\/p><\/div>\n<h3>Facebook Gesichtserkennung ausschalten<\/h3>\n<p>Wenn ihr nicht m\u00f6chtet, dass euer Gesicht von Facebook automatisch analysiert wird, k\u00f6nnt ihr die\u00a0<strong>Facebook Gesichtserkennung<\/strong> ausschalten. Das geht ganz einfach \u00fcber die Privatssph\u00e4re-Einstellungen, die ihr \u00fcber den Pfeil im blauen Feld erreicht. Klickt den Pfeil an, geht auf \u201eEinstellungen\u201c und w\u00e4hlt den Men\u00fcpunkt \u201eChronik und Markierung\u201c. W\u00e4hlt nun bei \u201eWer kann Markierungsvorschl\u00e4ge sehen, wenn Fotos mit Personen hochgeladen werden, die dir \u00e4hneln?\u201c die Option \u201eNiemand\u201c aus.<\/p>\n<p>Damit muss Facebook die zweite \u00c4nderung zugunsten seiner User akzeptieren. Zuletzt musste Facebook vor Gericht eine Schlappe einstecken und die <a href=\"https:\/\/pcspezialist.de\/blog\/2018\/02\/14\/fake-name-facebook\/\" target=\"_blank\" rel=\"noopener\">Klarnamenpflicht<\/a> r\u00fcckg\u00e4ngig machen. Jetzt also ein weiterer Schritt f\u00fcr mehr <strong>Datenschutz im Internet<\/strong>.<\/p>\n<h3>Facebook Gesichtserkennung an oder aus?<\/h3>\n<p>Ob ihr die <strong>Facebook Gesichtserkennung<\/strong> an- oder ausschaltet, m\u00fcsst ihr selbst entscheiden. In der Kritik steht sie allerdings, weil Facebook euch damit noch mehr \u00fcberwachen kann. Um der Kritik entgegen zu wirken, gibt es nun allerdings die M\u00f6glichkeit, die Funktion auszuschalten. Mit der neuen Gesichtserkennung\u00a0k\u00f6nnt ihr<\/p>\n<ul>\n<li>automatisch erkannte Personen auf Fotos und in Videos schnell markieren,<\/li>\n<li>gewarnt werden, falls ein anderer Nutzer missbr\u00e4uchlich euer Foto als Profilbild verwendet und<\/li>\n<li>informiert werden, wenn ihr auf einem Foto oder in einem Video zu sehen seid, ohne dass ihr markiert wurdet.<\/li>\n<\/ul>\n<p>Zurzeit k\u00f6nnen noch nicht alle Facebook User die Funktion sehen. Bei vielen erscheint noch der Hinweis \u201eNicht verf\u00fcgbar\u201c. Das liegt daran, dass Facebook diese Neuerung im Moment noch testet. In K\u00fcrze soll aber jeder User \u00fcber die <strong>Facebook Gesichtserkennung<\/strong> entscheiden k\u00f6nnen. Was haltet ihr von der <strong>Gesichtserkennung<\/strong> bei Facebook? Macht ihr mit oder schaltet ihr die Funktion ab? Lasst es uns in unseren Kommentaren wissen.<\/p>\n","protected":false},"excerpt":{"rendered":"<p>Habt ihr schon von der Facebook Gesichtserkennung geh\u00f6rt? Bislang gab es diese Funktion in Deutschland nicht, doch jetzt k\u00f6nnt ihr selbst entscheiden, ob ihr die Funktion nutzen wollt. Damit k\u00f6nnt ihr Personen, die Facebook auf Fotos und Videos erkennt, schneller markieren.\u00a0 Wie ihr die Funktion ein- oder ausschaltet, und was das \u00fcberhaupt soll, erfahrt ihr [&hellip;]<\/p>\n","protected":false},"author":98,"featured_media":39390,"comment_status":"open","ping_status":"closed","sticky":false,"template":"","format":"standard","meta":{"footnotes":""},"categories":[6913],"tags":[1250,9246,9895,9956],"class_list":["post-39388","post","type-post","status-publish","format-standard","has-post-thumbnail","hentry","category-verschiedenes","tag-social-media","tag-biometrie","tag-passwortsicherheit","tag-nutzerdaten"],"yoast_head":"<!-- This site is optimized with the Yoast SEO plugin v27.5 - https:\/\/yoast.com\/product\/yoast-seo-wordpress\/ -->\n<title>Facebook Gesichtserkennung \u2013 Neue Funktion im sozialen Netzwerk<\/title>\n<meta name=\"description\" content=\"IT-Service, Trends &amp; Technik - Facebook Gesichtserkennung ## Neue Funktion im sozialen Netzwerk\" \/>\n<meta name=\"robots\" content=\"index, follow, max-snippet:-1, max-image-preview:large, max-video-preview:-1\" \/>\n<link rel=\"canonical\" href=\"https:\/\/pcspezialist.de\/blog\/2018\/03\/01\/facebook-gesichtserkennung\/\" \/>\n<meta property=\"og:locale\" content=\"de_DE\" \/>\n<meta property=\"og:type\" content=\"article\" \/>\n<meta property=\"og:title\" content=\"Facebook Gesichtserkennung \u2013 Neue Funktion im sozialen Netzwerk\" \/>\n<meta property=\"og:description\" content=\"IT-Service, Trends &amp; Technik - Facebook Gesichtserkennung ## Neue Funktion im sozialen Netzwerk\" \/>\n<meta property=\"og:url\" content=\"https:\/\/pcspezialist.de\/blog\/2018\/03\/01\/facebook-gesichtserkennung\/\" \/>\n<meta property=\"og:site_name\" content=\"PC-SPEZIALIST Blog\" \/>\n<meta property=\"article:published_time\" content=\"2018-03-01T11:02:01+00:00\" \/>\n<meta property=\"article:modified_time\" content=\"2024-11-06T11:00:31+00:00\" \/>\n<meta property=\"og:image\" content=\"https:\/\/pcspezialist.de\/blog\/wp-content\/uploads\/2018\/03\/gesichtserkennung.jpg\" \/>\n\t<meta property=\"og:image:width\" content=\"960\" \/>\n\t<meta property=\"og:image:height\" content=\"410\" \/>\n\t<meta property=\"og:image:type\" content=\"image\/jpeg\" \/>\n<meta name=\"author\" content=\"Maren Keller\" \/>\n<meta name=\"twitter:card\" content=\"summary_large_image\" \/>\n<meta name=\"twitter:label1\" content=\"Verfasst von\" \/>\n\t<meta name=\"twitter:data1\" content=\"Maren Keller\" \/>\n\t<meta name=\"twitter:label2\" content=\"Gesch\u00e4tzte Lesezeit\" \/>\n\t<meta name=\"twitter:data2\" content=\"2\u00a0Minuten\" \/>\n<script type=\"application\/ld+json\" class=\"yoast-schema-graph\">{\"@context\":\"https:\\\/\\\/schema.org\",\"@graph\":[{\"@type\":\"Article\",\"@id\":\"https:\\\/\\\/pcspezialist.de\\\/blog\\\/2018\\\/03\\\/01\\\/facebook-gesichtserkennung\\\/#article\",\"isPartOf\":{\"@id\":\"https:\\\/\\\/pcspezialist.de\\\/blog\\\/2018\\\/03\\\/01\\\/facebook-gesichtserkennung\\\/\"},\"author\":{\"name\":\"Maren Keller\",\"@id\":\"https:\\\/\\\/pcspezialist.de\\\/blog\\\/#\\\/schema\\\/person\\\/e9cb801a8b8ea9138af26a02b8b6d14f\"},\"headline\":\"Facebook Gesichtserkennung ## Neue Funktion im sozialen Netzwerk\",\"datePublished\":\"2018-03-01T11:02:01+00:00\",\"dateModified\":\"2024-11-06T11:00:31+00:00\",\"mainEntityOfPage\":{\"@id\":\"https:\\\/\\\/pcspezialist.de\\\/blog\\\/2018\\\/03\\\/01\\\/facebook-gesichtserkennung\\\/\"},\"wordCount\":498,\"commentCount\":0,\"image\":{\"@id\":\"https:\\\/\\\/pcspezialist.de\\\/blog\\\/2018\\\/03\\\/01\\\/facebook-gesichtserkennung\\\/#primaryimage\"},\"thumbnailUrl\":\"https:\\\/\\\/pcspezialist.de\\\/blog\\\/wp-content\\\/uploads\\\/2018\\\/03\\\/gesichtserkennung.jpg\",\"keywords\":[\"Social Media\",\"Biometrie\",\"Passwortsicherheit\",\"Nutzerdaten\"],\"articleSection\":[\"Verschiedenes\"],\"inLanguage\":\"de\",\"potentialAction\":[{\"@type\":\"CommentAction\",\"name\":\"Comment\",\"target\":[\"https:\\\/\\\/pcspezialist.de\\\/blog\\\/2018\\\/03\\\/01\\\/facebook-gesichtserkennung\\\/#respond\"]}]},{\"@type\":\"WebPage\",\"@id\":\"https:\\\/\\\/pcspezialist.de\\\/blog\\\/2018\\\/03\\\/01\\\/facebook-gesichtserkennung\\\/\",\"url\":\"https:\\\/\\\/pcspezialist.de\\\/blog\\\/2018\\\/03\\\/01\\\/facebook-gesichtserkennung\\\/\",\"name\":\"Facebook Gesichtserkennung \u2013 Neue Funktion im sozialen Netzwerk\",\"isPartOf\":{\"@id\":\"https:\\\/\\\/pcspezialist.de\\\/blog\\\/#website\"},\"primaryImageOfPage\":{\"@id\":\"https:\\\/\\\/pcspezialist.de\\\/blog\\\/2018\\\/03\\\/01\\\/facebook-gesichtserkennung\\\/#primaryimage\"},\"image\":{\"@id\":\"https:\\\/\\\/pcspezialist.de\\\/blog\\\/2018\\\/03\\\/01\\\/facebook-gesichtserkennung\\\/#primaryimage\"},\"thumbnailUrl\":\"https:\\\/\\\/pcspezialist.de\\\/blog\\\/wp-content\\\/uploads\\\/2018\\\/03\\\/gesichtserkennung.jpg\",\"datePublished\":\"2018-03-01T11:02:01+00:00\",\"dateModified\":\"2024-11-06T11:00:31+00:00\",\"author\":{\"@id\":\"https:\\\/\\\/pcspezialist.de\\\/blog\\\/#\\\/schema\\\/person\\\/e9cb801a8b8ea9138af26a02b8b6d14f\"},\"description\":\"IT-Service, Trends & Technik - Facebook Gesichtserkennung ## Neue Funktion im sozialen Netzwerk\",\"breadcrumb\":{\"@id\":\"https:\\\/\\\/pcspezialist.de\\\/blog\\\/2018\\\/03\\\/01\\\/facebook-gesichtserkennung\\\/#breadcrumb\"},\"inLanguage\":\"de\",\"potentialAction\":[{\"@type\":\"ReadAction\",\"target\":[\"https:\\\/\\\/pcspezialist.de\\\/blog\\\/2018\\\/03\\\/01\\\/facebook-gesichtserkennung\\\/\"]}]},{\"@type\":\"ImageObject\",\"inLanguage\":\"de\",\"@id\":\"https:\\\/\\\/pcspezialist.de\\\/blog\\\/2018\\\/03\\\/01\\\/facebook-gesichtserkennung\\\/#primaryimage\",\"url\":\"https:\\\/\\\/pcspezialist.de\\\/blog\\\/wp-content\\\/uploads\\\/2018\\\/03\\\/gesichtserkennung.jpg\",\"contentUrl\":\"https:\\\/\\\/pcspezialist.de\\\/blog\\\/wp-content\\\/uploads\\\/2018\\\/03\\\/gesichtserkennung.jpg\",\"width\":960,\"height\":410,\"caption\":\"Facebook Gesichtserkennung - Gesichtserkennung - Datensicherheit - Datenschutz im Internet. Foto: Pixabay\"},{\"@type\":\"BreadcrumbList\",\"@id\":\"https:\\\/\\\/pcspezialist.de\\\/blog\\\/2018\\\/03\\\/01\\\/facebook-gesichtserkennung\\\/#breadcrumb\",\"itemListElement\":[{\"@type\":\"ListItem\",\"position\":1,\"name\":\"Startseite\",\"item\":\"https:\\\/\\\/pcspezialist.de\\\/blog\\\/\"},{\"@type\":\"ListItem\",\"position\":2,\"name\":\"Facebook Gesichtserkennung ## Neue Funktion im sozialen Netzwerk\"}]},{\"@type\":\"WebSite\",\"@id\":\"https:\\\/\\\/pcspezialist.de\\\/blog\\\/#website\",\"url\":\"https:\\\/\\\/pcspezialist.de\\\/blog\\\/\",\"name\":\"PC-SPEZIALIST Blog\",\"description\":\"IT-Service, Trends &amp; Technik\",\"potentialAction\":[{\"@type\":\"SearchAction\",\"target\":{\"@type\":\"EntryPoint\",\"urlTemplate\":\"https:\\\/\\\/pcspezialist.de\\\/blog\\\/?s={search_term_string}\"},\"query-input\":{\"@type\":\"PropertyValueSpecification\",\"valueRequired\":true,\"valueName\":\"search_term_string\"}}],\"inLanguage\":\"de\"},{\"@type\":\"Person\",\"@id\":\"https:\\\/\\\/pcspezialist.de\\\/blog\\\/#\\\/schema\\\/person\\\/e9cb801a8b8ea9138af26a02b8b6d14f\",\"name\":\"Maren Keller\",\"description\":\"PC-SPEZIALIST ist eine Marke der in Schlo\u00df Holte ans\u00e4ssigen SYNAXON. Seit 2016 arbeitet Maren Keller f\u00fcr den PC-SPEZIALIST-Blog. Gestartet als Online-Redakteurin ist sie mittlerweile Content Marketing Managerin und tr\u00e4gt unter anderem die Verantwortung f\u00fcr die Inhalte des Blogs. In den Jahren 2017 und 2020 hat sie parallel f\u00fcr den Blog des IT-SERVICE.NETWORK geschrieben. Die studierte Germanistin und Politologin hat einen Sp\u00fcrsinn f\u00fcr aktuelle Bedrohungen im IT-Bereich entwickelt und versteht es, das Fachwissen von PC-SPEZIALIST dem Leser verst\u00e4ndlich darzubieten. Nicht zu verleugnen ist allerdings ihre Ungeduld, die sich in flinken Fingern auf der Tastatur zeigt und gleichzeitig f\u00fcr einen hohen Output sorgt. Ihre journalistische Karriere begann Maren Keller Mitte der 1990er Jahre mit dem Verfassen von Sportberichten f\u00fcr die Regionalseiten ihrer Heimatzeitung in Bremerhaven. Nach dem Studium in Hannover, das von zahlreichen Praktika bei Funk, Fernsehen und Zeitung begleitet wurde, kehrte sie f\u00fcr ein journalistisches Volontariat in ihre Heimat zur\u00fcck, um bei der NORDSEE-ZEITUNG den Beruf des Redakteurs von der Pike auf zu lernen und anschlie\u00dfend in der Sportredaktion zu arbeiten. W\u00e4hrend ihrer Elternzeiten und beruflich bedingten Umz\u00fcgen arbeitete sie als freie Journalistin f\u00fcr verschiedene Tageszeitungen und fand 2016 den Weg zur SYNAXON, wo sie heute als Content Marketing Managerin in Lohn und Brot steht. In ihrer Freizeit zeigt sie ihr Talent f\u00fcr\u2019s Schreiben nicht. Stattdessen liegen ihre Schwerpunkt dort im Bereich Haus, Familie, Garten und Hund. Au\u00dferdem ist sie musikalisch unterwegs, bl\u00e4st das Jagdhorn in einem Bl\u00e4serkorps, spielt Klavier und singt im Chor. Sie haben Fragen an Maren Keller? Sie erreichen sie per E-Mail an redaktion@pcspezialist.de\",\"url\":\"https:\\\/\\\/pcspezialist.de\\\/blog\\\/author\\\/maren\\\/\"}]}<\/script>\n<!-- \/ Yoast SEO plugin. -->","yoast_head_json":{"title":"Facebook Gesichtserkennung \u2013 Neue Funktion im sozialen Netzwerk","description":"IT-Service, Trends & Technik - Facebook Gesichtserkennung ## Neue Funktion im sozialen Netzwerk","robots":{"index":"index","follow":"follow","max-snippet":"max-snippet:-1","max-image-preview":"max-image-preview:large","max-video-preview":"max-video-preview:-1"},"canonical":"https:\/\/pcspezialist.de\/blog\/2018\/03\/01\/facebook-gesichtserkennung\/","og_locale":"de_DE","og_type":"article","og_title":"Facebook Gesichtserkennung \u2013 Neue Funktion im sozialen Netzwerk","og_description":"IT-Service, Trends & Technik - Facebook Gesichtserkennung ## Neue Funktion im sozialen Netzwerk","og_url":"https:\/\/pcspezialist.de\/blog\/2018\/03\/01\/facebook-gesichtserkennung\/","og_site_name":"PC-SPEZIALIST Blog","article_published_time":"2018-03-01T11:02:01+00:00","article_modified_time":"2024-11-06T11:00:31+00:00","og_image":[{"width":960,"height":410,"url":"https:\/\/pcspezialist.de\/blog\/wp-content\/uploads\/2018\/03\/gesichtserkennung.jpg","type":"image\/jpeg"}],"author":"Maren Keller","twitter_card":"summary_large_image","twitter_misc":{"Verfasst von":"Maren Keller","Gesch\u00e4tzte Lesezeit":"2\u00a0Minuten"},"schema":{"@context":"https:\/\/schema.org","@graph":[{"@type":"Article","@id":"https:\/\/pcspezialist.de\/blog\/2018\/03\/01\/facebook-gesichtserkennung\/#article","isPartOf":{"@id":"https:\/\/pcspezialist.de\/blog\/2018\/03\/01\/facebook-gesichtserkennung\/"},"author":{"name":"Maren Keller","@id":"https:\/\/pcspezialist.de\/blog\/#\/schema\/person\/e9cb801a8b8ea9138af26a02b8b6d14f"},"headline":"Facebook Gesichtserkennung ## Neue Funktion im sozialen Netzwerk","datePublished":"2018-03-01T11:02:01+00:00","dateModified":"2024-11-06T11:00:31+00:00","mainEntityOfPage":{"@id":"https:\/\/pcspezialist.de\/blog\/2018\/03\/01\/facebook-gesichtserkennung\/"},"wordCount":498,"commentCount":0,"image":{"@id":"https:\/\/pcspezialist.de\/blog\/2018\/03\/01\/facebook-gesichtserkennung\/#primaryimage"},"thumbnailUrl":"https:\/\/pcspezialist.de\/blog\/wp-content\/uploads\/2018\/03\/gesichtserkennung.jpg","keywords":["Social Media","Biometrie","Passwortsicherheit","Nutzerdaten"],"articleSection":["Verschiedenes"],"inLanguage":"de","potentialAction":[{"@type":"CommentAction","name":"Comment","target":["https:\/\/pcspezialist.de\/blog\/2018\/03\/01\/facebook-gesichtserkennung\/#respond"]}]},{"@type":"WebPage","@id":"https:\/\/pcspezialist.de\/blog\/2018\/03\/01\/facebook-gesichtserkennung\/","url":"https:\/\/pcspezialist.de\/blog\/2018\/03\/01\/facebook-gesichtserkennung\/","name":"Facebook Gesichtserkennung \u2013 Neue Funktion im sozialen Netzwerk","isPartOf":{"@id":"https:\/\/pcspezialist.de\/blog\/#website"},"primaryImageOfPage":{"@id":"https:\/\/pcspezialist.de\/blog\/2018\/03\/01\/facebook-gesichtserkennung\/#primaryimage"},"image":{"@id":"https:\/\/pcspezialist.de\/blog\/2018\/03\/01\/facebook-gesichtserkennung\/#primaryimage"},"thumbnailUrl":"https:\/\/pcspezialist.de\/blog\/wp-content\/uploads\/2018\/03\/gesichtserkennung.jpg","datePublished":"2018-03-01T11:02:01+00:00","dateModified":"2024-11-06T11:00:31+00:00","author":{"@id":"https:\/\/pcspezialist.de\/blog\/#\/schema\/person\/e9cb801a8b8ea9138af26a02b8b6d14f"},"description":"IT-Service, Trends & Technik - Facebook Gesichtserkennung ## Neue Funktion im sozialen Netzwerk","breadcrumb":{"@id":"https:\/\/pcspezialist.de\/blog\/2018\/03\/01\/facebook-gesichtserkennung\/#breadcrumb"},"inLanguage":"de","potentialAction":[{"@type":"ReadAction","target":["https:\/\/pcspezialist.de\/blog\/2018\/03\/01\/facebook-gesichtserkennung\/"]}]},{"@type":"ImageObject","inLanguage":"de","@id":"https:\/\/pcspezialist.de\/blog\/2018\/03\/01\/facebook-gesichtserkennung\/#primaryimage","url":"https:\/\/pcspezialist.de\/blog\/wp-content\/uploads\/2018\/03\/gesichtserkennung.jpg","contentUrl":"https:\/\/pcspezialist.de\/blog\/wp-content\/uploads\/2018\/03\/gesichtserkennung.jpg","width":960,"height":410,"caption":"Facebook Gesichtserkennung - Gesichtserkennung - Datensicherheit - Datenschutz im Internet. Foto: Pixabay"},{"@type":"BreadcrumbList","@id":"https:\/\/pcspezialist.de\/blog\/2018\/03\/01\/facebook-gesichtserkennung\/#breadcrumb","itemListElement":[{"@type":"ListItem","position":1,"name":"Startseite","item":"https:\/\/pcspezialist.de\/blog\/"},{"@type":"ListItem","position":2,"name":"Facebook Gesichtserkennung ## Neue Funktion im sozialen Netzwerk"}]},{"@type":"WebSite","@id":"https:\/\/pcspezialist.de\/blog\/#website","url":"https:\/\/pcspezialist.de\/blog\/","name":"PC-SPEZIALIST Blog","description":"IT-Service, Trends &amp; Technik","potentialAction":[{"@type":"SearchAction","target":{"@type":"EntryPoint","urlTemplate":"https:\/\/pcspezialist.de\/blog\/?s={search_term_string}"},"query-input":{"@type":"PropertyValueSpecification","valueRequired":true,"valueName":"search_term_string"}}],"inLanguage":"de"},{"@type":"Person","@id":"https:\/\/pcspezialist.de\/blog\/#\/schema\/person\/e9cb801a8b8ea9138af26a02b8b6d14f","name":"Maren Keller","description":"PC-SPEZIALIST ist eine Marke der in Schlo\u00df Holte ans\u00e4ssigen SYNAXON. Seit 2016 arbeitet Maren Keller f\u00fcr den PC-SPEZIALIST-Blog. Gestartet als Online-Redakteurin ist sie mittlerweile Content Marketing Managerin und tr\u00e4gt unter anderem die Verantwortung f\u00fcr die Inhalte des Blogs. In den Jahren 2017 und 2020 hat sie parallel f\u00fcr den Blog des IT-SERVICE.NETWORK geschrieben. Die studierte Germanistin und Politologin hat einen Sp\u00fcrsinn f\u00fcr aktuelle Bedrohungen im IT-Bereich entwickelt und versteht es, das Fachwissen von PC-SPEZIALIST dem Leser verst\u00e4ndlich darzubieten. Nicht zu verleugnen ist allerdings ihre Ungeduld, die sich in flinken Fingern auf der Tastatur zeigt und gleichzeitig f\u00fcr einen hohen Output sorgt. Ihre journalistische Karriere begann Maren Keller Mitte der 1990er Jahre mit dem Verfassen von Sportberichten f\u00fcr die Regionalseiten ihrer Heimatzeitung in Bremerhaven. Nach dem Studium in Hannover, das von zahlreichen Praktika bei Funk, Fernsehen und Zeitung begleitet wurde, kehrte sie f\u00fcr ein journalistisches Volontariat in ihre Heimat zur\u00fcck, um bei der NORDSEE-ZEITUNG den Beruf des Redakteurs von der Pike auf zu lernen und anschlie\u00dfend in der Sportredaktion zu arbeiten. W\u00e4hrend ihrer Elternzeiten und beruflich bedingten Umz\u00fcgen arbeitete sie als freie Journalistin f\u00fcr verschiedene Tageszeitungen und fand 2016 den Weg zur SYNAXON, wo sie heute als Content Marketing Managerin in Lohn und Brot steht. In ihrer Freizeit zeigt sie ihr Talent f\u00fcr\u2019s Schreiben nicht. Stattdessen liegen ihre Schwerpunkt dort im Bereich Haus, Familie, Garten und Hund. Au\u00dferdem ist sie musikalisch unterwegs, bl\u00e4st das Jagdhorn in einem Bl\u00e4serkorps, spielt Klavier und singt im Chor. Sie haben Fragen an Maren Keller? Sie erreichen sie per E-Mail an redaktion@pcspezialist.de","url":"https:\/\/pcspezialist.de\/blog\/author\/maren\/"}]}},"_links":{"self":[{"href":"https:\/\/pcspezialist.de\/blog\/wp-json\/wp\/v2\/posts\/39388","targetHints":{"allow":["GET"]}}],"collection":[{"href":"https:\/\/pcspezialist.de\/blog\/wp-json\/wp\/v2\/posts"}],"about":[{"href":"https:\/\/pcspezialist.de\/blog\/wp-json\/wp\/v2\/types\/post"}],"author":[{"embeddable":true,"href":"https:\/\/pcspezialist.de\/blog\/wp-json\/wp\/v2\/users\/98"}],"replies":[{"embeddable":true,"href":"https:\/\/pcspezialist.de\/blog\/wp-json\/wp\/v2\/comments?post=39388"}],"version-history":[{"count":10,"href":"https:\/\/pcspezialist.de\/blog\/wp-json\/wp\/v2\/posts\/39388\/revisions"}],"predecessor-version":[{"id":39400,"href":"https:\/\/pcspezialist.de\/blog\/wp-json\/wp\/v2\/posts\/39388\/revisions\/39400"}],"wp:featuredmedia":[{"embeddable":true,"href":"https:\/\/pcspezialist.de\/blog\/wp-json\/wp\/v2\/media\/39390"}],"wp:attachment":[{"href":"https:\/\/pcspezialist.de\/blog\/wp-json\/wp\/v2\/media?parent=39388"}],"wp:term":[{"taxonomy":"category","embeddable":true,"href":"https:\/\/pcspezialist.de\/blog\/wp-json\/wp\/v2\/categories?post=39388"},{"taxonomy":"post_tag","embeddable":true,"href":"https:\/\/pcspezialist.de\/blog\/wp-json\/wp\/v2\/tags?post=39388"}],"curies":[{"name":"wp","href":"https:\/\/api.w.org\/{rel}","templated":true}]}}