{"id":38933,"date":"2018-01-25T11:59:35","date_gmt":"2018-01-25T10:59:35","guid":{"rendered":"https:\/\/www.pcspezialist.de\/blog\/?p=38933"},"modified":"2024-11-06T12:02:27","modified_gmt":"2024-11-06T11:02:27","slug":"windows-10-startet-nicht","status":"publish","type":"post","link":"https:\/\/pcspezialist.de\/blog\/2018\/01\/25\/windows-10-startet-nicht\/","title":{"rendered":"Windows 10 startet nicht ## Welche Ursachen kann das haben?"},"content":{"rendered":"<p><strong>Verdammt, ihr versucht euren Rechner zu starten und wieder einmal passiert es: Windows 10 startet nicht. Warum ist das so und was k\u00f6nnt ihr tun?<\/strong><\/p>\n<p>Zun\u00e4chst einmal ist es wichtig zu wissen, dass es nicht die eine Ursache daf\u00fcr gibt. Aber wir erkl\u00e4ren euch, woran es liegen kann, wenn es wieder einmal hei\u00dft: <strong>Windows startet nicht<\/strong>.<!--more--><\/p>\n<p>Meistens geschieht folgendes: Euer System hat ein Update geladen und danach passiert es: Der <strong>PC f\u00e4hrt nicht hoch<\/strong>. Das kann viele Ursachen haben, unter anderem zum Beispiel fehlerhafte Treiber oder nicht vollst\u00e4ndig kompatible Software. Oft k\u00f6nnt ihr das Problem selbst beheben. Schafft ihr das nicht oder traut ihr euch den Eingriff in euren Rechner nicht zu, kommt einfach zum n\u00e4chstgelegenen <a href=\"https:\/\/pcspezialist.de\/it-service-anbieter-finden.html\" target=\"_blank\" rel=\"noopener\">PC-SPEZIALIST<\/a>. Unsere Techniker bringen euren Rechner wieder zum Laufen.<\/p>\n<div id=\"attachment_38935\" style=\"width: 710px\" class=\"wp-caption alignright\"><img loading=\"lazy\" decoding=\"async\" aria-describedby=\"caption-attachment-38935\" class=\"size-medium wp-image-38935\" src=\"https:\/\/pcspezialist.de\/blog\/wp-content\/uploads\/2018\/01\/windows-startet-nicht-700x467.jpg\" alt=\"Windows 10 startet nicht - Windows startet nicht - PC f\u00e4hrt nicht hoch - Windows 10 f\u00e4hrt nicht hoch\" width=\"700\" height=\"467\" srcset=\"https:\/\/pcspezialist.de\/blog\/wp-content\/uploads\/2018\/01\/windows-startet-nicht-700x467.jpg 700w, https:\/\/pcspezialist.de\/blog\/wp-content\/uploads\/2018\/01\/windows-startet-nicht-768x512.jpg 768w, https:\/\/pcspezialist.de\/blog\/wp-content\/uploads\/2018\/01\/windows-startet-nicht.jpg 960w\" sizes=\"auto, (max-width: 700px) 100vw, 700px\" \/><p id=\"caption-attachment-38935\" class=\"wp-caption-text\">Windows 10 startet nicht und der Computer bleibt mal wieder schwarz? Dann hei\u00dft es: Ruhe bewahren.<\/p><\/div>\n<h3>Windows 10 startet nicht \u2013 was hilft?<\/h3>\n<p>Kennt ihr das Problem? Da wollt ihr dringend an eurem Rechner wichtige Dinge erledigen und genau dann passiert es: <strong>Windows 10 startet nicht<\/strong>. Das ist echt \u00e4rgerlich, aber kein Grund zur Panik. Ihr k\u00f6nntet zun\u00e4chst versuchen, Windows 10 im abgesicherten Modus zu starten. Wenn das funktioniert, klappt meistens danach ein regul\u00e4rer Start. Das w\u00e4re nat\u00fcrlich die einfachste L\u00f6sung.<\/p>\n<p>Schwierig ist dabei nur, dass ihr in den abgesicherten Modus zu Beginn des Ladevorgangs \u00fcber\u00a0die Tastenkombination Umschalt + F8 gelangt. Daf\u00fcr habt ihr aber nur wenige Sekunden Zeit. Und es dauert manchmal etwas, bis man den richtigen Zeitpunkt erwischt hat. Also probiert es ruhig mehrfach.<\/p>\n<h4>Windows startet nicht? Deinstalliert Treiber und Updates<\/h4>\n<p><strong>Windows startet nicht<\/strong>, aber ihr seid inzwischen im abgesicherten Modus angelangt? Dann k\u00f6nnt ihr hier Treiber oder das letzte Update deinstallieren. Dazu klickt ihr mit rechts auf den Start-Button und w\u00e4hlt \u201eGer\u00e4te-Manager\u201c aus. W\u00e4hlt nun das Ger\u00e4t aus, dessen Treiber ihr l\u00f6schen wollt und klickt auf \u201eDeinstallieren\u201c. Das letzte Windows-Update k\u00f6nnt ihr hier ebenfalls deinstallieren. Schreibt \u201eInstallierte Updates anzeigen\u201c\u00a0ins Suchfeld und klickt den ersten Treffer an. Markiert das Update, das ihr nicht mehr haben wollt und klickt auf die Schaltfl\u00e4che \u201eDeinstallieren\u201c.<\/p>\n<p>Solltet ihr nicht wissen, was ihr deinstallieren k\u00f6nnt und was euer Rechner unbedingt braucht, kommt am besten zu eurem <a href=\"https:\/\/pcspezialist.de\/it-service-anbieter-finden.html\" target=\"_blank\" rel=\"noopener\">PC-SPEZIALIST<\/a> und lasst den Fachmann ran.<\/p>\n<h4>Windows 10 startet nicht? Stick oder DVD helfen<\/h4>\n<p>Das Problem <strong>Windows 10 startet nicht<\/strong> k\u00f6nnt ihr auch mit Stick oder DVD beheben. Daf\u00fcr braucht ihr allerdings eure Windows-10-DVD oder einen Windows-10-Stick. W\u00e4hrend des Startens zeigt euch der Bildschirm, welche Taste ihr dr\u00fccken m\u00fcsst, um ins BIOS zu gelangen. Dr\u00fcckt die genannte Taste und w\u00e4hlt die Registerkarte \u201eBoot\u201c aus. Geht dann folgenderma\u00dfen vor:<\/p>\n<ul class=\"List List-Divider List--Ordered numbers\">\n<li><span data-kx=\"088a5d49-0039-44ab-92ab-645b96123123\">Navigiert zu \u201eBoot Device Priority\u201c.<\/span><\/li>\n<li><span data-kx=\"6413f018-8ec9-4e3a-bcd0-849fddefb479\">Legt jetzt fest, dass die \u201eCD-ROM\u201c vor dem \u201eHard Drive\u201c gestartet wird.<\/span><\/li>\n<li><span data-kx=\"5df272a6-29a8-49c6-a031-94ed9e8639f4\">Verlasst nun das BIOS, indem ihr zweimal auf \u201eEsc\u201c dr\u00fcckt und speichert die Einstellung mit \u201eEnter\u201c<\/span><\/li>\n<li><span data-kx=\"5df272a6-29a8-49c6-a031-94ed9e8639f4\">Nun startet euer Computer neu und liest die Daten von der CD oder DVD.<\/span><\/li>\n<\/ul>\n<h4>Windows startet nicht? Automatische Reparatur kann helfen<\/h4>\n<p>Nat\u00fcrlich kann es auch an nicht kompatibler oder veralteter Software liegen, wenn es zu dem Problem <strong>Windows startet nicht<\/strong> kommt. Wenn sich der Computer anschalten l\u00e4sst, aber nicht hochf\u00e4hrt, k\u00f6nnt ihr auch \u00fcber die Reparatureinstellungen den Startvorgang einleiten. Daf\u00fcr geht ihr wieder ins BIOS und startet \u00fcber CD oder Windows DVD den Rechner. Je nach Windows-Version gibt es verschiedene M\u00f6glichkeiten:<\/p>\n<ul>\n<li>Unter\u00a0Windows 10\u00a0klickt ihr im BIOS auf \u201eProblembehandlung\u201c, \u201eErweiterte Optionen\u201c, \u201eStarthilfe\u201c.\u00a0W\u00e4hlt nun Windows 10\u00a0aus, um eine Diagnose durchzuf\u00fchren.<\/li>\n<li><span data-kx=\"36692971-6df3-4937-8b58-f72fdcfc0767\">Bei Windows 8 k\u00f6nnt ihr die \u201eAutomatische Reparatur&#8220; mithilfe des virtuellen Assistenten Probleme beheben lassen.<\/span><\/li>\n<li>Unter\u00a0<span data-kx=\"5da5e106-dd24-402d-b955-852120e01803\">Windows 7 habt ihr \u00fcber die \u201eF8\u201c-Taste w\u00e4hrend des Boot-Vorgangs die M\u00f6glichkeit f\u00fcr erweiterte Start-Optionen. Hier k\u00f6nnt ihr die Computerreparatureinstellungen \u00f6ffnen.<\/span><\/li>\n<\/ul>\n<h3>PC f\u00e4hrt nicht hoch? Unsere Tipps<\/h3>\n<p>Hilft alles nichts und habt ihr weiterhin das Problem <strong>Windows 10 startet nicht<\/strong>, ist die allerletzte M\u00f6glichkeit, Windows 10 komplett neu zu installieren. Aber: Bevor ihr irgendwelche Einstellungen \u00e4ndert oder Treiber l\u00f6scht oder gar das komplette System deinstalliert, solltet ihr unbedingt eure Daten sichern oder bei <a href=\"https:\/\/pcspezialist.de\/it-service-anbieter-finden.html\" target=\"_blank\" rel=\"noopener\">PC-SPEZIALIST<\/a> eine <a href=\"https:\/\/pcspezialist.de\/datensicherung.html\" target=\"_blank\" rel=\"noopener\">Datensicherung<\/a> durchf\u00fchren lassen. Sonst sind hinterher alle Daten, Fotos, Schriftst\u00fccke und was ihr sonst noch so gespeichert habt, futsch.<\/p>\n<p>Traut ihr euch die eigenst\u00e4ndige Installation eures Betriebssystems nicht zu, helfen euch unsere Techniker ebenfalls mit der <a href=\"https:\/\/pcspezialist.de\/betriebssysteminstallation.html\" target=\"_blank\" rel=\"noopener\">Betriebssysteminstallation<\/a>. Und vielleicht reicht ja bereits eine einfache <a href=\"https:\/\/pcspezialist.de\/fehleranalyse-notebook.html\" target=\"_blank\" rel=\"noopener\">Fehleranalyse<\/a>\u00a0und das Problem <strong>PC f\u00e4hrt nicht hoch<\/strong> ist erkannt und kann ganz einfach durch unsere Techniker gel\u00f6st werden. Noch mehr Hilfen, wie ihr Windows wieder zum Laufen bringt, findet ihr in dem Artikel <a href=\"https:\/\/www.giga.de\/downloads\/microsoft-windows\/tipps\/windows-startet-nicht-ursachen-und-loesungen-anleitung\/\" target=\"_blank\" rel=\"noopener\">Windows startet nicht<\/a>.<\/p>\n","protected":false},"excerpt":{"rendered":"<p>Verdammt, ihr versucht euren Rechner zu starten und wieder einmal passiert es: Windows 10 startet nicht. Warum ist das so und was k\u00f6nnt ihr tun? Zun\u00e4chst einmal ist es wichtig zu wissen, dass es nicht die eine Ursache daf\u00fcr gibt. Aber wir erkl\u00e4ren euch, woran es liegen kann, wenn es wieder einmal hei\u00dft: Windows startet [&hellip;]<\/p>\n","protected":false},"author":98,"featured_media":62640,"comment_status":"open","ping_status":"closed","sticky":false,"template":"","format":"standard","meta":{"footnotes":""},"categories":[10502],"tags":[62,401,6877],"class_list":["post-38933","post","type-post","status-publish","format-standard","has-post-thumbnail","hentry","category-it-wartung-updates","tag-microsoft","tag-windows","tag-windows-10"],"yoast_head":"<!-- This site is optimized with the Yoast SEO plugin v27.4 - https:\/\/yoast.com\/product\/yoast-seo-wordpress\/ -->\n<title>Windows 10 startet nicht \u2013 Wo liegen die Ursachen?<\/title>\n<meta name=\"description\" content=\"Windows 10 startet nicht? Keine Panik. Wir erkl\u00e4ren euch, welche es Ursachen es daf\u00fcr gibt und wie ihr das Problem l\u00f6sen k\u00f6nnt. Alle Infos hier.\" \/>\n<meta name=\"robots\" content=\"index, follow, max-snippet:-1, max-image-preview:large, max-video-preview:-1\" \/>\n<link rel=\"canonical\" href=\"https:\/\/pcspezialist.de\/blog\/2018\/01\/25\/windows-10-startet-nicht\/\" \/>\n<meta property=\"og:locale\" content=\"de_DE\" \/>\n<meta property=\"og:type\" content=\"article\" \/>\n<meta property=\"og:title\" content=\"Windows 10 startet nicht \u2013 Wo liegen die Ursachen?\" \/>\n<meta property=\"og:description\" content=\"Windows 10 startet nicht? Keine Panik. Wir erkl\u00e4ren euch, welche es Ursachen es daf\u00fcr gibt und wie ihr das Problem l\u00f6sen k\u00f6nnt. Alle Infos hier.\" \/>\n<meta property=\"og:url\" content=\"https:\/\/pcspezialist.de\/blog\/2018\/01\/25\/windows-10-startet-nicht\/\" \/>\n<meta property=\"og:site_name\" content=\"PC-SPEZIALIST Blog\" \/>\n<meta property=\"article:published_time\" content=\"2018-01-25T10:59:35+00:00\" \/>\n<meta property=\"article:modified_time\" content=\"2024-11-06T11:02:27+00:00\" \/>\n<meta property=\"og:image\" content=\"https:\/\/pcspezialist.de\/blog\/wp-content\/uploads\/2018\/01\/Windows-10-startet-nicht_Fotolia_11743137_L\u00a9-Klaus-Eppele.jpg\" \/>\n\t<meta property=\"og:image:width\" content=\"1500\" \/>\n\t<meta property=\"og:image:height\" content=\"701\" \/>\n\t<meta property=\"og:image:type\" content=\"image\/jpeg\" \/>\n<meta name=\"author\" content=\"Maren Keller\" \/>\n<meta name=\"twitter:card\" content=\"summary_large_image\" \/>\n<meta name=\"twitter:label1\" content=\"Verfasst von\" \/>\n\t<meta name=\"twitter:data1\" content=\"Maren Keller\" \/>\n\t<meta name=\"twitter:label2\" content=\"Gesch\u00e4tzte Lesezeit\" \/>\n\t<meta name=\"twitter:data2\" content=\"5\u00a0Minuten\" \/>\n<script type=\"application\/ld+json\" class=\"yoast-schema-graph\">{\"@context\":\"https:\\\/\\\/schema.org\",\"@graph\":[{\"@type\":\"Article\",\"@id\":\"https:\\\/\\\/pcspezialist.de\\\/blog\\\/2018\\\/01\\\/25\\\/windows-10-startet-nicht\\\/#article\",\"isPartOf\":{\"@id\":\"https:\\\/\\\/pcspezialist.de\\\/blog\\\/2018\\\/01\\\/25\\\/windows-10-startet-nicht\\\/\"},\"author\":{\"name\":\"Maren Keller\",\"@id\":\"https:\\\/\\\/pcspezialist.de\\\/blog\\\/#\\\/schema\\\/person\\\/e9cb801a8b8ea9138af26a02b8b6d14f\"},\"headline\":\"Windows 10 startet nicht ## Welche Ursachen kann das haben?\",\"datePublished\":\"2018-01-25T10:59:35+00:00\",\"dateModified\":\"2024-11-06T11:02:27+00:00\",\"mainEntityOfPage\":{\"@id\":\"https:\\\/\\\/pcspezialist.de\\\/blog\\\/2018\\\/01\\\/25\\\/windows-10-startet-nicht\\\/\"},\"wordCount\":794,\"commentCount\":22,\"image\":{\"@id\":\"https:\\\/\\\/pcspezialist.de\\\/blog\\\/2018\\\/01\\\/25\\\/windows-10-startet-nicht\\\/#primaryimage\"},\"thumbnailUrl\":\"https:\\\/\\\/pcspezialist.de\\\/blog\\\/wp-content\\\/uploads\\\/2018\\\/01\\\/Windows-10-startet-nicht_Fotolia_11743137_L\u00a9-Klaus-Eppele.jpg\",\"keywords\":[\"Microsoft\",\"Windows\",\"Windows 10\"],\"articleSection\":[\"IT-Wartung\"],\"inLanguage\":\"de\",\"potentialAction\":[{\"@type\":\"CommentAction\",\"name\":\"Comment\",\"target\":[\"https:\\\/\\\/pcspezialist.de\\\/blog\\\/2018\\\/01\\\/25\\\/windows-10-startet-nicht\\\/#respond\"]}]},{\"@type\":\"WebPage\",\"@id\":\"https:\\\/\\\/pcspezialist.de\\\/blog\\\/2018\\\/01\\\/25\\\/windows-10-startet-nicht\\\/\",\"url\":\"https:\\\/\\\/pcspezialist.de\\\/blog\\\/2018\\\/01\\\/25\\\/windows-10-startet-nicht\\\/\",\"name\":\"Windows 10 startet nicht \u2013 Wo liegen die Ursachen?\",\"isPartOf\":{\"@id\":\"https:\\\/\\\/pcspezialist.de\\\/blog\\\/#website\"},\"primaryImageOfPage\":{\"@id\":\"https:\\\/\\\/pcspezialist.de\\\/blog\\\/2018\\\/01\\\/25\\\/windows-10-startet-nicht\\\/#primaryimage\"},\"image\":{\"@id\":\"https:\\\/\\\/pcspezialist.de\\\/blog\\\/2018\\\/01\\\/25\\\/windows-10-startet-nicht\\\/#primaryimage\"},\"thumbnailUrl\":\"https:\\\/\\\/pcspezialist.de\\\/blog\\\/wp-content\\\/uploads\\\/2018\\\/01\\\/Windows-10-startet-nicht_Fotolia_11743137_L\u00a9-Klaus-Eppele.jpg\",\"datePublished\":\"2018-01-25T10:59:35+00:00\",\"dateModified\":\"2024-11-06T11:02:27+00:00\",\"author\":{\"@id\":\"https:\\\/\\\/pcspezialist.de\\\/blog\\\/#\\\/schema\\\/person\\\/e9cb801a8b8ea9138af26a02b8b6d14f\"},\"description\":\"Windows 10 startet nicht? Keine Panik. Wir erkl\u00e4ren euch, welche es Ursachen es daf\u00fcr gibt und wie ihr das Problem l\u00f6sen k\u00f6nnt. Alle Infos hier.\",\"breadcrumb\":{\"@id\":\"https:\\\/\\\/pcspezialist.de\\\/blog\\\/2018\\\/01\\\/25\\\/windows-10-startet-nicht\\\/#breadcrumb\"},\"inLanguage\":\"de\",\"potentialAction\":[{\"@type\":\"ReadAction\",\"target\":[\"https:\\\/\\\/pcspezialist.de\\\/blog\\\/2018\\\/01\\\/25\\\/windows-10-startet-nicht\\\/\"]}]},{\"@type\":\"ImageObject\",\"inLanguage\":\"de\",\"@id\":\"https:\\\/\\\/pcspezialist.de\\\/blog\\\/2018\\\/01\\\/25\\\/windows-10-startet-nicht\\\/#primaryimage\",\"url\":\"https:\\\/\\\/pcspezialist.de\\\/blog\\\/wp-content\\\/uploads\\\/2018\\\/01\\\/Windows-10-startet-nicht_Fotolia_11743137_L\u00a9-Klaus-Eppele.jpg\",\"contentUrl\":\"https:\\\/\\\/pcspezialist.de\\\/blog\\\/wp-content\\\/uploads\\\/2018\\\/01\\\/Windows-10-startet-nicht_Fotolia_11743137_L\u00a9-Klaus-Eppele.jpg\",\"width\":1500,\"height\":701,\"caption\":\"Windows 10 startet nicht - Windows startet nicht - PC f\u00e4hrt nicht hoch - Windows 10 f\u00e4hrt nicht hoch. Foto: Fotolia \u00a9Klaus Eppele\"},{\"@type\":\"BreadcrumbList\",\"@id\":\"https:\\\/\\\/pcspezialist.de\\\/blog\\\/2018\\\/01\\\/25\\\/windows-10-startet-nicht\\\/#breadcrumb\",\"itemListElement\":[{\"@type\":\"ListItem\",\"position\":1,\"name\":\"Startseite\",\"item\":\"https:\\\/\\\/pcspezialist.de\\\/blog\\\/\"},{\"@type\":\"ListItem\",\"position\":2,\"name\":\"Windows 10 startet nicht ## Welche Ursachen kann das haben?\"}]},{\"@type\":\"WebSite\",\"@id\":\"https:\\\/\\\/pcspezialist.de\\\/blog\\\/#website\",\"url\":\"https:\\\/\\\/pcspezialist.de\\\/blog\\\/\",\"name\":\"PC-SPEZIALIST Blog\",\"description\":\"IT-Service, Trends &amp; Technik\",\"potentialAction\":[{\"@type\":\"SearchAction\",\"target\":{\"@type\":\"EntryPoint\",\"urlTemplate\":\"https:\\\/\\\/pcspezialist.de\\\/blog\\\/?s={search_term_string}\"},\"query-input\":{\"@type\":\"PropertyValueSpecification\",\"valueRequired\":true,\"valueName\":\"search_term_string\"}}],\"inLanguage\":\"de\"},{\"@type\":\"Person\",\"@id\":\"https:\\\/\\\/pcspezialist.de\\\/blog\\\/#\\\/schema\\\/person\\\/e9cb801a8b8ea9138af26a02b8b6d14f\",\"name\":\"Maren Keller\",\"description\":\"PC-SPEZIALIST ist eine Marke der in Schlo\u00df Holte ans\u00e4ssigen SYNAXON. Seit 2016 arbeitet Maren Keller f\u00fcr den PC-SPEZIALIST-Blog. Gestartet als Online-Redakteurin ist sie mittlerweile Content Marketing Managerin und tr\u00e4gt unter anderem die Verantwortung f\u00fcr die Inhalte des Blogs. In den Jahren 2017 und 2020 hat sie parallel f\u00fcr den Blog des IT-SERVICE.NETWORK geschrieben. Die studierte Germanistin und Politologin hat einen Sp\u00fcrsinn f\u00fcr aktuelle Bedrohungen im IT-Bereich entwickelt und versteht es, das Fachwissen von PC-SPEZIALIST dem Leser verst\u00e4ndlich darzubieten. Nicht zu verleugnen ist allerdings ihre Ungeduld, die sich in flinken Fingern auf der Tastatur zeigt und gleichzeitig f\u00fcr einen hohen Output sorgt. Ihre journalistische Karriere begann Maren Keller Mitte der 1990er Jahre mit dem Verfassen von Sportberichten f\u00fcr die Regionalseiten ihrer Heimatzeitung in Bremerhaven. Nach dem Studium in Hannover, das von zahlreichen Praktika bei Funk, Fernsehen und Zeitung begleitet wurde, kehrte sie f\u00fcr ein journalistisches Volontariat in ihre Heimat zur\u00fcck, um bei der NORDSEE-ZEITUNG den Beruf des Redakteurs von der Pike auf zu lernen und anschlie\u00dfend in der Sportredaktion zu arbeiten. W\u00e4hrend ihrer Elternzeiten und beruflich bedingten Umz\u00fcgen arbeitete sie als freie Journalistin f\u00fcr verschiedene Tageszeitungen und fand 2016 den Weg zur SYNAXON, wo sie heute als Content Marketing Managerin in Lohn und Brot steht. In ihrer Freizeit zeigt sie ihr Talent f\u00fcr\u2019s Schreiben nicht. Stattdessen liegen ihre Schwerpunkt dort im Bereich Haus, Familie, Garten und Hund. Au\u00dferdem ist sie musikalisch unterwegs, bl\u00e4st das Jagdhorn in einem Bl\u00e4serkorps, spielt Klavier und singt im Chor. Sie haben Fragen an Maren Keller? Sie erreichen sie per E-Mail an redaktion@pcspezialist.de\",\"url\":\"https:\\\/\\\/pcspezialist.de\\\/blog\\\/author\\\/maren\\\/\"}]}<\/script>\n<!-- \/ Yoast SEO plugin. -->","yoast_head_json":{"title":"Windows 10 startet nicht \u2013 Wo liegen die Ursachen?","description":"Windows 10 startet nicht? Keine Panik. Wir erkl\u00e4ren euch, welche es Ursachen es daf\u00fcr gibt und wie ihr das Problem l\u00f6sen k\u00f6nnt. Alle Infos hier.","robots":{"index":"index","follow":"follow","max-snippet":"max-snippet:-1","max-image-preview":"max-image-preview:large","max-video-preview":"max-video-preview:-1"},"canonical":"https:\/\/pcspezialist.de\/blog\/2018\/01\/25\/windows-10-startet-nicht\/","og_locale":"de_DE","og_type":"article","og_title":"Windows 10 startet nicht \u2013 Wo liegen die Ursachen?","og_description":"Windows 10 startet nicht? Keine Panik. Wir erkl\u00e4ren euch, welche es Ursachen es daf\u00fcr gibt und wie ihr das Problem l\u00f6sen k\u00f6nnt. Alle Infos hier.","og_url":"https:\/\/pcspezialist.de\/blog\/2018\/01\/25\/windows-10-startet-nicht\/","og_site_name":"PC-SPEZIALIST Blog","article_published_time":"2018-01-25T10:59:35+00:00","article_modified_time":"2024-11-06T11:02:27+00:00","og_image":[{"width":1500,"height":701,"url":"https:\/\/pcspezialist.de\/blog\/wp-content\/uploads\/2018\/01\/Windows-10-startet-nicht_Fotolia_11743137_L\u00a9-Klaus-Eppele.jpg","type":"image\/jpeg"}],"author":"Maren Keller","twitter_card":"summary_large_image","twitter_misc":{"Verfasst von":"Maren Keller","Gesch\u00e4tzte Lesezeit":"5\u00a0Minuten"},"schema":{"@context":"https:\/\/schema.org","@graph":[{"@type":"Article","@id":"https:\/\/pcspezialist.de\/blog\/2018\/01\/25\/windows-10-startet-nicht\/#article","isPartOf":{"@id":"https:\/\/pcspezialist.de\/blog\/2018\/01\/25\/windows-10-startet-nicht\/"},"author":{"name":"Maren Keller","@id":"https:\/\/pcspezialist.de\/blog\/#\/schema\/person\/e9cb801a8b8ea9138af26a02b8b6d14f"},"headline":"Windows 10 startet nicht ## Welche Ursachen kann das haben?","datePublished":"2018-01-25T10:59:35+00:00","dateModified":"2024-11-06T11:02:27+00:00","mainEntityOfPage":{"@id":"https:\/\/pcspezialist.de\/blog\/2018\/01\/25\/windows-10-startet-nicht\/"},"wordCount":794,"commentCount":22,"image":{"@id":"https:\/\/pcspezialist.de\/blog\/2018\/01\/25\/windows-10-startet-nicht\/#primaryimage"},"thumbnailUrl":"https:\/\/pcspezialist.de\/blog\/wp-content\/uploads\/2018\/01\/Windows-10-startet-nicht_Fotolia_11743137_L\u00a9-Klaus-Eppele.jpg","keywords":["Microsoft","Windows","Windows 10"],"articleSection":["IT-Wartung"],"inLanguage":"de","potentialAction":[{"@type":"CommentAction","name":"Comment","target":["https:\/\/pcspezialist.de\/blog\/2018\/01\/25\/windows-10-startet-nicht\/#respond"]}]},{"@type":"WebPage","@id":"https:\/\/pcspezialist.de\/blog\/2018\/01\/25\/windows-10-startet-nicht\/","url":"https:\/\/pcspezialist.de\/blog\/2018\/01\/25\/windows-10-startet-nicht\/","name":"Windows 10 startet nicht \u2013 Wo liegen die Ursachen?","isPartOf":{"@id":"https:\/\/pcspezialist.de\/blog\/#website"},"primaryImageOfPage":{"@id":"https:\/\/pcspezialist.de\/blog\/2018\/01\/25\/windows-10-startet-nicht\/#primaryimage"},"image":{"@id":"https:\/\/pcspezialist.de\/blog\/2018\/01\/25\/windows-10-startet-nicht\/#primaryimage"},"thumbnailUrl":"https:\/\/pcspezialist.de\/blog\/wp-content\/uploads\/2018\/01\/Windows-10-startet-nicht_Fotolia_11743137_L\u00a9-Klaus-Eppele.jpg","datePublished":"2018-01-25T10:59:35+00:00","dateModified":"2024-11-06T11:02:27+00:00","author":{"@id":"https:\/\/pcspezialist.de\/blog\/#\/schema\/person\/e9cb801a8b8ea9138af26a02b8b6d14f"},"description":"Windows 10 startet nicht? Keine Panik. Wir erkl\u00e4ren euch, welche es Ursachen es daf\u00fcr gibt und wie ihr das Problem l\u00f6sen k\u00f6nnt. Alle Infos hier.","breadcrumb":{"@id":"https:\/\/pcspezialist.de\/blog\/2018\/01\/25\/windows-10-startet-nicht\/#breadcrumb"},"inLanguage":"de","potentialAction":[{"@type":"ReadAction","target":["https:\/\/pcspezialist.de\/blog\/2018\/01\/25\/windows-10-startet-nicht\/"]}]},{"@type":"ImageObject","inLanguage":"de","@id":"https:\/\/pcspezialist.de\/blog\/2018\/01\/25\/windows-10-startet-nicht\/#primaryimage","url":"https:\/\/pcspezialist.de\/blog\/wp-content\/uploads\/2018\/01\/Windows-10-startet-nicht_Fotolia_11743137_L\u00a9-Klaus-Eppele.jpg","contentUrl":"https:\/\/pcspezialist.de\/blog\/wp-content\/uploads\/2018\/01\/Windows-10-startet-nicht_Fotolia_11743137_L\u00a9-Klaus-Eppele.jpg","width":1500,"height":701,"caption":"Windows 10 startet nicht - Windows startet nicht - PC f\u00e4hrt nicht hoch - Windows 10 f\u00e4hrt nicht hoch. Foto: Fotolia \u00a9Klaus Eppele"},{"@type":"BreadcrumbList","@id":"https:\/\/pcspezialist.de\/blog\/2018\/01\/25\/windows-10-startet-nicht\/#breadcrumb","itemListElement":[{"@type":"ListItem","position":1,"name":"Startseite","item":"https:\/\/pcspezialist.de\/blog\/"},{"@type":"ListItem","position":2,"name":"Windows 10 startet nicht ## Welche Ursachen kann das haben?"}]},{"@type":"WebSite","@id":"https:\/\/pcspezialist.de\/blog\/#website","url":"https:\/\/pcspezialist.de\/blog\/","name":"PC-SPEZIALIST Blog","description":"IT-Service, Trends &amp; Technik","potentialAction":[{"@type":"SearchAction","target":{"@type":"EntryPoint","urlTemplate":"https:\/\/pcspezialist.de\/blog\/?s={search_term_string}"},"query-input":{"@type":"PropertyValueSpecification","valueRequired":true,"valueName":"search_term_string"}}],"inLanguage":"de"},{"@type":"Person","@id":"https:\/\/pcspezialist.de\/blog\/#\/schema\/person\/e9cb801a8b8ea9138af26a02b8b6d14f","name":"Maren Keller","description":"PC-SPEZIALIST ist eine Marke der in Schlo\u00df Holte ans\u00e4ssigen SYNAXON. Seit 2016 arbeitet Maren Keller f\u00fcr den PC-SPEZIALIST-Blog. Gestartet als Online-Redakteurin ist sie mittlerweile Content Marketing Managerin und tr\u00e4gt unter anderem die Verantwortung f\u00fcr die Inhalte des Blogs. In den Jahren 2017 und 2020 hat sie parallel f\u00fcr den Blog des IT-SERVICE.NETWORK geschrieben. Die studierte Germanistin und Politologin hat einen Sp\u00fcrsinn f\u00fcr aktuelle Bedrohungen im IT-Bereich entwickelt und versteht es, das Fachwissen von PC-SPEZIALIST dem Leser verst\u00e4ndlich darzubieten. Nicht zu verleugnen ist allerdings ihre Ungeduld, die sich in flinken Fingern auf der Tastatur zeigt und gleichzeitig f\u00fcr einen hohen Output sorgt. Ihre journalistische Karriere begann Maren Keller Mitte der 1990er Jahre mit dem Verfassen von Sportberichten f\u00fcr die Regionalseiten ihrer Heimatzeitung in Bremerhaven. Nach dem Studium in Hannover, das von zahlreichen Praktika bei Funk, Fernsehen und Zeitung begleitet wurde, kehrte sie f\u00fcr ein journalistisches Volontariat in ihre Heimat zur\u00fcck, um bei der NORDSEE-ZEITUNG den Beruf des Redakteurs von der Pike auf zu lernen und anschlie\u00dfend in der Sportredaktion zu arbeiten. W\u00e4hrend ihrer Elternzeiten und beruflich bedingten Umz\u00fcgen arbeitete sie als freie Journalistin f\u00fcr verschiedene Tageszeitungen und fand 2016 den Weg zur SYNAXON, wo sie heute als Content Marketing Managerin in Lohn und Brot steht. In ihrer Freizeit zeigt sie ihr Talent f\u00fcr\u2019s Schreiben nicht. Stattdessen liegen ihre Schwerpunkt dort im Bereich Haus, Familie, Garten und Hund. Au\u00dferdem ist sie musikalisch unterwegs, bl\u00e4st das Jagdhorn in einem Bl\u00e4serkorps, spielt Klavier und singt im Chor. Sie haben Fragen an Maren Keller? Sie erreichen sie per E-Mail an redaktion@pcspezialist.de","url":"https:\/\/pcspezialist.de\/blog\/author\/maren\/"}]}},"_links":{"self":[{"href":"https:\/\/pcspezialist.de\/blog\/wp-json\/wp\/v2\/posts\/38933","targetHints":{"allow":["GET"]}}],"collection":[{"href":"https:\/\/pcspezialist.de\/blog\/wp-json\/wp\/v2\/posts"}],"about":[{"href":"https:\/\/pcspezialist.de\/blog\/wp-json\/wp\/v2\/types\/post"}],"author":[{"embeddable":true,"href":"https:\/\/pcspezialist.de\/blog\/wp-json\/wp\/v2\/users\/98"}],"replies":[{"embeddable":true,"href":"https:\/\/pcspezialist.de\/blog\/wp-json\/wp\/v2\/comments?post=38933"}],"version-history":[{"count":8,"href":"https:\/\/pcspezialist.de\/blog\/wp-json\/wp\/v2\/posts\/38933\/revisions"}],"predecessor-version":[{"id":38947,"href":"https:\/\/pcspezialist.de\/blog\/wp-json\/wp\/v2\/posts\/38933\/revisions\/38947"}],"wp:featuredmedia":[{"embeddable":true,"href":"https:\/\/pcspezialist.de\/blog\/wp-json\/wp\/v2\/media\/62640"}],"wp:attachment":[{"href":"https:\/\/pcspezialist.de\/blog\/wp-json\/wp\/v2\/media?parent=38933"}],"wp:term":[{"taxonomy":"category","embeddable":true,"href":"https:\/\/pcspezialist.de\/blog\/wp-json\/wp\/v2\/categories?post=38933"},{"taxonomy":"post_tag","embeddable":true,"href":"https:\/\/pcspezialist.de\/blog\/wp-json\/wp\/v2\/tags?post=38933"}],"curies":[{"name":"wp","href":"https:\/\/api.w.org\/{rel}","templated":true}]}}